{"id":114430,"date":"2025-06-12T16:42:09","date_gmt":"2025-06-12T13:42:09","guid":{"rendered":"https:\/\/denizcankizil.tr\/uncategorized-tr\/izmir-guzelbahcede-ferdi-zeyrek-adina-lokma-dokuldu\/"},"modified":"2025-06-12T16:42:09","modified_gmt":"2025-06-12T13:42:09","slug":"izmir-guzelbahcede-ferdi-zeyrek-adina-lokma-dokuldu","status":"publish","type":"post","link":"https:\/\/denizcankizil.tr\/uk\/haberler\/gundem\/izmir-guzelbahcede-ferdi-zeyrek-adina-lokma-dokuldu\/","title":{"rendered":"\u0130zmir G\u00fczelbah\u00e7e\u2019de Ferdi Zeyrek ad\u0131na lokma d\u00f6k\u00fcld\u00fc"},"content":{"rendered":"<p>\u0130zmir G\u00fczelbah\u00e7e Belediyesi, ge\u00e7ti\u011fimiz g\u00fcnlerde hayat\u0131n\u0131 kaybeden Manisa B\u00fcy\u00fck\u015fehir Belediye Ba\u015fkan\u0131 Ferdi Zeyrek&#8217;in vefat\u0131n\u0131n \u00fc\u00e7\u00fcnc\u00fc g\u00fcn\u00fc vesilesiyle lokma da\u011f\u0131tt\u0131.\u0130ZM\u0130R (\u0130GFA) &#8211; \u0130zmir G\u00fczelbah\u00e7e Belediyesi taraf\u0131ndan, evinde ya\u015fad\u0131\u011f\u0131 talihsiz kaza sonucu hayat\u0131n\u0131 kaybeden Manisa B\u00fcy\u00fck\u015fehir Belediye Ba\u015fkan\u0131 Ferdi Zeyrek i\u00e7in Atat\u00fcrk, Yal\u0131 ve Yelki Mahalleleri\u2019nde kurulan lokma tezg\u00e2hlar\u0131nda, vatanda\u015flara merhum ba\u015fkan an\u0131s\u0131na lokma da\u011f\u0131t\u0131ld\u0131. Lokma da\u011f\u0131t\u0131m\u0131na G\u00fczelbah\u00e7e Belediye Ba\u015fkan\u0131 Mustafa G\u00fcnay\u2019la birlikte CHP Genel Ba\u015fkan Yard\u0131mc\u0131s\u0131 Sivas Milletvekili Ula\u015f Karasu da kat\u0131ld\u0131.<\/p>\n<p>Ferdi Zeyrek\u2019in halk\u00e7\u0131 belediyecilik anlay\u0131\u015f\u0131, d\u00fcr\u00fcst ki\u015fili\u011fi ve m\u00fccadeleci duru\u015fuyla sadece Manisa\u2019da de\u011fil, t\u00fcm Ege\u2019de iz b\u0131rakt\u0131\u011f\u0131n\u0131 belirten G\u00fczelbah\u00e7e Belediye Ba\u015fkan\u0131 Mustafa G\u00fcnay, \u201cFerdi Ba\u015fkan\u0131m\u0131z\u0131n ani vefat\u0131 hepimizi derinden sarst\u0131. O benim yolda\u015f\u0131md\u0131, birlikte yol y\u00fcr\u00fcd\u00fc\u011f\u00fcm\u00fcz ekip arkada\u015f\u0131m\u0131zd\u0131. Halk i\u00e7in \u00e7al\u0131\u015fan, adalet ve e\u015fitlik ilkesinden asla taviz vermeyen \u00f6rnek bir ba\u015fkand\u0131. Bu lokma hayr\u0131 hem ona olan sevgimizin hem de dualar\u0131m\u0131z\u0131n bir ifadesidir. Ferdi Zeyrek\u2019in ismi, g\u00fczel an\u0131lar\u0131 ve hizmetleriyle kalplerimizde ya\u015famaya devam edecek. Mek\u00e2n\u0131 cennet, ruhu \u015fad olsun,\u201d ifadelerini kulland\u0131. G\u00fczelbah\u00e7e Belediyesi ana binas\u0131na \u2018Seni Unutmayaca\u011f\u0131z Ferdi Ba\u015fkan\u2019 yaz\u0131l\u0131 brandalar as\u0131ld\u0131.<\/p>\n<p>\u200b\u0130zmir G\u00fczelbah\u00e7e Belediyesi, ge\u00e7ti\u011fimiz g\u00fcnlerde hayat\u0131n\u0131 kaybeden Manisa B\u00fcy\u00fck\u015fehir Belediye Ba\u015fkan\u0131 Ferdi Zeyrek&#8217;in vefat\u0131n\u0131n \u00fc\u00e7\u00fcnc\u00fc g\u00fcn\u00fc vesilesiyle lokma da\u011f\u0131tt\u0131.\u0130ZM\u0130R (\u0130GFA) &#8211; \u0130zmir G\u00fczelbah\u00e7e Belediyesi taraf\u0131ndan, evinde ya\u015fad\u0131\u011f\u0131 talihsiz kaza sonucu hayat\u0131n\u0131 kaybeden Manisa B\u00fcy\u00fck\u015fehir Belediye Ba\u015fkan\u0131 Ferdi Zeyrek i\u00e7in Atat\u00fcrk, Yal\u0131 ve Yelki Mahalleleri\u2019nde kurulan lokma tezg\u00e2hlar\u0131nda, vatanda\u015flara merhum ba\u015fkan an\u0131s\u0131na lokma da\u011f\u0131t\u0131ld\u0131. Lokma da\u011f\u0131t\u0131m\u0131na G\u00fczelbah\u00e7e Belediye Ba\u015fkan\u0131 Mustafa G\u00fcnay\u2019la birlikte CHP Genel Ba\u015fkan Yard\u0131mc\u0131s\u0131 Sivas Milletvekili Ula\u015f Karasu da kat\u0131ld\u0131.<\/p>\n<p>Ferdi Zeyrek\u2019in halk\u00e7\u0131 belediyecilik anlay\u0131\u015f\u0131, d\u00fcr\u00fcst ki\u015fili\u011fi ve m\u00fccadeleci duru\u015fuyla sadece Manisa\u2019da de\u011fil, t\u00fcm Ege\u2019de iz b\u0131rakt\u0131\u011f\u0131n\u0131 belirten G\u00fczelbah\u00e7e Belediye Ba\u015fkan\u0131 Mustafa G\u00fcnay, \u201cFerdi Ba\u015fkan\u0131m\u0131z\u0131n ani vefat\u0131 hepimizi derinden sarst\u0131. O benim yolda\u015f\u0131md\u0131, birlikte yol y\u00fcr\u00fcd\u00fc\u011f\u00fcm\u00fcz ekip arkada\u015f\u0131m\u0131zd\u0131. Halk i\u00e7in \u00e7al\u0131\u015fan, adalet ve e\u015fitlik ilkesinden asla taviz vermeyen \u00f6rnek bir ba\u015fkand\u0131. Bu lokma hayr\u0131 hem ona olan sevgimizin hem de dualar\u0131m\u0131z\u0131n bir ifadesidir. Ferdi Zeyrek\u2019in ismi, g\u00fczel an\u0131lar\u0131 ve hizmetleriyle kalplerimizde ya\u015famaya devam edecek. Mek\u00e2n\u0131 cennet, ruhu \u015fad olsun,\u201d ifadelerini kulland\u0131. G\u00fczelbah\u00e7e Belediyesi ana binas\u0131na \u2018Seni Unutmayaca\u011f\u0131z Ferdi Ba\u015fkan\u2019 yaz\u0131l\u0131 brandalar as\u0131ld\u0131.\u00a0<\/p>\n<p>\u200bHaberin Al\u0131nt\u0131land\u0131\u011f\u0131 Kaynak: www.iskenderun.org<\/p>","protected":false},"excerpt":{"rendered":"<p>\u0130zmir G\u00fczelbah\u00e7e Belediyesi, ge\u00e7ti\u011fimiz g\u00fcnlerde hayat\u0131n\u0131 kaybeden Manisa B\u00fcy\u00fck\u015fehir Belediye Ba\u015fkan\u0131 Ferdi Zeyrek&#8217;in vefat\u0131n\u0131n \u00fc\u00e7\u00fcnc\u00fc g\u00fcn\u00fc vesilesiyle lokma da\u011f\u0131tt\u0131.\u0130ZM\u0130R (\u0130GFA) &#8211; \u0130zmir G\u00fczelbah\u00e7e Belediyesi taraf\u0131ndan, evinde ya\u015fad\u0131\u011f\u0131 talihsiz kaza sonucu hayat\u0131n\u0131 kaybeden Manisa B\u00fcy\u00fck\u015fehir Belediye Ba\u015fkan\u0131 Ferdi Zeyrek i\u00e7in Atat\u00fcrk, Yal\u0131 ve Yelki Mahalleleri\u2019nde kurulan lokma tezg\u00e2hlar\u0131nda, vatanda\u015flara merhum ba\u015fkan an\u0131s\u0131na lokma da\u011f\u0131t\u0131ld\u0131. Lokma da\u011f\u0131t\u0131m\u0131na G\u00fczelbah\u00e7e Belediye Ba\u015fkan\u0131 Mustafa G\u00fcnay\u2019la birlikte CHP Genel Ba\u015fkan Yard\u0131mc\u0131s\u0131 Sivas Milletvekili Ula\u015f Karasu da kat\u0131ld\u0131. Ferdi Zeyrek\u2019in halk\u00e7\u0131 belediyecilik anlay\u0131\u015f\u0131, d\u00fcr\u00fcst ki\u015fili\u011fi ve m\u00fccadeleci duru\u015fuyla sadece Manisa\u2019da de\u011fil, t\u00fcm Ege\u2019de iz b\u0131rakt\u0131\u011f\u0131n\u0131 belirten G\u00fczelbah\u00e7e Belediye Ba\u015fkan\u0131 Mustafa G\u00fcnay, \u201cFerdi Ba\u015fkan\u0131m\u0131z\u0131n ani vefat\u0131 hepimizi derinden sarst\u0131. O benim yolda\u015f\u0131md\u0131, birlikte yol y\u00fcr\u00fcd\u00fc\u011f\u00fcm\u00fcz ekip arkada\u015f\u0131m\u0131zd\u0131. Halk i\u00e7in \u00e7al\u0131\u015fan, adalet ve e\u015fitlik ilkesinden asla taviz vermeyen \u00f6rnek bir ba\u015fkand\u0131. Bu lokma hayr\u0131 hem ona olan sevgimizin hem de dualar\u0131m\u0131z\u0131n bir ifadesidir. Ferdi Zeyrek\u2019in ismi, g\u00fczel an\u0131lar\u0131 ve hizmetleriyle kalplerimizde ya\u015famaya devam edecek. Mek\u00e2n\u0131 cennet, ruhu \u015fad olsun,\u201d ifadelerini kulland\u0131. G\u00fczelbah\u00e7e Belediyesi ana binas\u0131na \u2018Seni Unutmayaca\u011f\u0131z Ferdi Ba\u015fkan\u2019 yaz\u0131l\u0131 brandalar as\u0131ld\u0131. \u200b\u0130zmir G\u00fczelbah\u00e7e Belediyesi, ge\u00e7ti\u011fimiz g\u00fcnlerde hayat\u0131n\u0131 kaybeden Manisa B\u00fcy\u00fck\u015fehir Belediye Ba\u015fkan\u0131 Ferdi Zeyrek&#8217;in vefat\u0131n\u0131n \u00fc\u00e7\u00fcnc\u00fc g\u00fcn\u00fc vesilesiyle lokma da\u011f\u0131tt\u0131.\u0130ZM\u0130R (\u0130GFA) &#8211; \u0130zmir G\u00fczelbah\u00e7e Belediyesi taraf\u0131ndan, evinde ya\u015fad\u0131\u011f\u0131 talihsiz kaza sonucu hayat\u0131n\u0131 kaybeden Manisa B\u00fcy\u00fck\u015fehir Belediye Ba\u015fkan\u0131 Ferdi &hellip;<\/p>","protected":false},"author":1,"featured_media":0,"comment_status":"","ping_status":"open","sticky":false,"template":"","format":"standard","meta":{"_acf_changed":false,"footnotes":""},"categories":[24],"tags":[],"class_list":["post-114430","post","type-post","status-publish","format-standard","has-post-thumbnail","hentry","category-gundem"],"acf":[],"yoast_head":"<!-- This site is optimized with the Yoast SEO Premium plugin v26.6 (Yoast SEO v27.1.1) - https:\/\/yoast.com\/product\/yoast-seo-premium-wordpress\/ -->\n<title>\u0130zmir G\u00fczelbah\u00e7e\u2019de Ferdi Zeyrek ad\u0131na lokma d\u00f6k\u00fcld\u00fc - Av. Deniz Can K\u0131z\u0131l<\/title>\n<meta name=\"robots\" content=\"index, follow, max-snippet:-1, max-image-preview:large, max-video-preview:-1\" \/>\n<link rel=\"canonical\" href=\"https:\/\/denizcankizil.tr\/uk\/haberler\/gundem\/izmir-guzelbahcede-ferdi-zeyrek-adina-lokma-dokuldu\/\" \/>\n<meta property=\"og:locale\" content=\"uk_UA\" \/>\n<meta property=\"og:type\" content=\"article\" \/>\n<meta property=\"og:title\" content=\"\u0130zmir G\u00fczelbah\u00e7e\u2019de Ferdi Zeyrek ad\u0131na lokma d\u00f6k\u00fcld\u00fc\" \/>\n<meta property=\"og:description\" content=\"\u0130zmir G\u00fczelbah\u00e7e Belediyesi, ge\u00e7ti\u011fimiz g\u00fcnlerde hayat\u0131n\u0131 kaybeden Manisa B\u00fcy\u00fck\u015fehir Belediye Ba\u015fkan\u0131 Ferdi Zeyrek&#8217;in vefat\u0131n\u0131n \u00fc\u00e7\u00fcnc\u00fc g\u00fcn\u00fc vesilesiyle lokma da\u011f\u0131tt\u0131.\u0130ZM\u0130R (\u0130GFA) &#8211; \u0130zmir G\u00fczelbah\u00e7e Belediyesi taraf\u0131ndan, evinde ya\u015fad\u0131\u011f\u0131 talihsiz kaza sonucu hayat\u0131n\u0131 kaybeden Manisa B\u00fcy\u00fck\u015fehir Belediye Ba\u015fkan\u0131 Ferdi Zeyrek i\u00e7in Atat\u00fcrk, Yal\u0131 ve Yelki Mahalleleri\u2019nde kurulan lokma tezg\u00e2hlar\u0131nda, vatanda\u015flara merhum ba\u015fkan an\u0131s\u0131na lokma da\u011f\u0131t\u0131ld\u0131. Lokma da\u011f\u0131t\u0131m\u0131na G\u00fczelbah\u00e7e Belediye Ba\u015fkan\u0131 Mustafa G\u00fcnay\u2019la birlikte CHP Genel Ba\u015fkan Yard\u0131mc\u0131s\u0131 Sivas Milletvekili Ula\u015f Karasu da kat\u0131ld\u0131. Ferdi Zeyrek\u2019in halk\u00e7\u0131 belediyecilik anlay\u0131\u015f\u0131, d\u00fcr\u00fcst ki\u015fili\u011fi ve m\u00fccadeleci duru\u015fuyla sadece Manisa\u2019da de\u011fil, t\u00fcm Ege\u2019de iz b\u0131rakt\u0131\u011f\u0131n\u0131 belirten G\u00fczelbah\u00e7e Belediye Ba\u015fkan\u0131 Mustafa G\u00fcnay, \u201cFerdi Ba\u015fkan\u0131m\u0131z\u0131n ani vefat\u0131 hepimizi derinden sarst\u0131. O benim yolda\u015f\u0131md\u0131, birlikte yol y\u00fcr\u00fcd\u00fc\u011f\u00fcm\u00fcz ekip arkada\u015f\u0131m\u0131zd\u0131. Halk i\u00e7in \u00e7al\u0131\u015fan, adalet ve e\u015fitlik ilkesinden asla taviz vermeyen \u00f6rnek bir ba\u015fkand\u0131. Bu lokma hayr\u0131 hem ona olan sevgimizin hem de dualar\u0131m\u0131z\u0131n bir ifadesidir. Ferdi Zeyrek\u2019in ismi, g\u00fczel an\u0131lar\u0131 ve hizmetleriyle kalplerimizde ya\u015famaya devam edecek. Mek\u00e2n\u0131 cennet, ruhu \u015fad olsun,\u201d ifadelerini kulland\u0131. G\u00fczelbah\u00e7e Belediyesi ana binas\u0131na \u2018Seni Unutmayaca\u011f\u0131z Ferdi Ba\u015fkan\u2019 yaz\u0131l\u0131 brandalar as\u0131ld\u0131. \u200b\u0130zmir G\u00fczelbah\u00e7e Belediyesi, ge\u00e7ti\u011fimiz g\u00fcnlerde hayat\u0131n\u0131 kaybeden Manisa B\u00fcy\u00fck\u015fehir Belediye Ba\u015fkan\u0131 Ferdi Zeyrek&#8217;in vefat\u0131n\u0131n \u00fc\u00e7\u00fcnc\u00fc g\u00fcn\u00fc vesilesiyle lokma da\u011f\u0131tt\u0131.\u0130ZM\u0130R (\u0130GFA) &#8211; \u0130zmir G\u00fczelbah\u00e7e Belediyesi taraf\u0131ndan, evinde ya\u015fad\u0131\u011f\u0131 talihsiz kaza sonucu hayat\u0131n\u0131 kaybeden Manisa B\u00fcy\u00fck\u015fehir Belediye Ba\u015fkan\u0131 Ferdi &hellip;\" \/>\n<meta property=\"og:url\" content=\"https:\/\/denizcankizil.tr\/uk\/haberler\/gundem\/izmir-guzelbahcede-ferdi-zeyrek-adina-lokma-dokuldu\/\" \/>\n<meta property=\"og:site_name\" content=\"Av. Deniz Can K\u0131z\u0131l\" \/>\n<meta property=\"article:published_time\" content=\"2025-06-12T13:42:09+00:00\" \/>\n<meta name=\"author\" content=\"admin\" \/>\n<meta name=\"twitter:card\" content=\"summary_large_image\" \/>\n<meta name=\"twitter:label1\" content=\"\u041d\u0430\u043f\u0438\u0441\u0430\u043d\u043e\" \/>\n\t<meta name=\"twitter:data1\" content=\"admin\" \/>\n\t<meta name=\"twitter:label2\" content=\"\u041f\u0440\u0438\u0431\u043b. \u0447\u0430\u0441 \u0447\u0438\u0442\u0430\u043d\u043d\u044f\" \/>\n\t<meta name=\"twitter:data2\" content=\"3 \u0445\u0432\u0438\u043b\u0438\u043d\u0438\" \/>\n<script type=\"application\/ld+json\" class=\"yoast-schema-graph\">{\"@context\":\"https:\/\/schema.org\",\"@graph\":[{\"@type\":\"Article\",\"@id\":\"https:\/\/denizcankizil.tr\/uk\/haberler\/gundem\/izmir-guzelbahcede-ferdi-zeyrek-adina-lokma-dokuldu\/#article\",\"isPartOf\":{\"@id\":\"https:\/\/denizcankizil.tr\/uk\/haberler\/gundem\/izmir-guzelbahcede-ferdi-zeyrek-adina-lokma-dokuldu\/\"},\"author\":{\"name\":\"admin\",\"@id\":\"https:\/\/denizcankizil.tr\/#\/schema\/person\/be3c05fe6a12686905512445d8185489\"},\"headline\":\"\u0130zmir G\u00fczelbah\u00e7e\u2019de Ferdi Zeyrek ad\u0131na lokma d\u00f6k\u00fcld\u00fc\",\"datePublished\":\"2025-06-12T13:42:09+00:00\",\"mainEntityOfPage\":{\"@id\":\"https:\/\/denizcankizil.tr\/uk\/haberler\/gundem\/izmir-guzelbahcede-ferdi-zeyrek-adina-lokma-dokuldu\/\"},\"wordCount\":539,\"publisher\":{\"@id\":\"https:\/\/denizcankizil.tr\/#organization\"},\"articleSection\":[\"G\u00fcndem\"],\"inLanguage\":\"uk\"},{\"@type\":\"WebPage\",\"@id\":\"https:\/\/denizcankizil.tr\/uk\/haberler\/gundem\/izmir-guzelbahcede-ferdi-zeyrek-adina-lokma-dokuldu\/\",\"url\":\"https:\/\/denizcankizil.tr\/uk\/haberler\/gundem\/izmir-guzelbahcede-ferdi-zeyrek-adina-lokma-dokuldu\/\",\"name\":\"\u0130zmir G\u00fczelbah\u00e7e\u2019de Ferdi Zeyrek ad\u0131na lokma d\u00f6k\u00fcld\u00fc - Av. Deniz Can K\u0131z\u0131l\",\"isPartOf\":{\"@id\":\"https:\/\/denizcankizil.tr\/#website\"},\"datePublished\":\"2025-06-12T13:42:09+00:00\",\"breadcrumb\":{\"@id\":\"https:\/\/denizcankizil.tr\/uk\/haberler\/gundem\/izmir-guzelbahcede-ferdi-zeyrek-adina-lokma-dokuldu\/#breadcrumb\"},\"inLanguage\":\"uk\",\"potentialAction\":[{\"@type\":\"ReadAction\",\"target\":[\"https:\/\/denizcankizil.tr\/uk\/haberler\/gundem\/izmir-guzelbahcede-ferdi-zeyrek-adina-lokma-dokuldu\/\"]}]},{\"@type\":\"BreadcrumbList\",\"@id\":\"https:\/\/denizcankizil.tr\/uk\/haberler\/gundem\/izmir-guzelbahcede-ferdi-zeyrek-adina-lokma-dokuldu\/#breadcrumb\",\"itemListElement\":[{\"@type\":\"ListItem\",\"position\":1,\"name\":\"Home\",\"item\":\"https:\/\/denizcankizil.tr\/de\/\"},{\"@type\":\"ListItem\",\"position\":2,\"name\":\"\u0130zmir G\u00fczelbah\u00e7e\u2019de Ferdi Zeyrek ad\u0131na lokma d\u00f6k\u00fcld\u00fc\"}]},{\"@type\":\"WebSite\",\"@id\":\"https:\/\/denizcankizil.tr\/#website\",\"url\":\"https:\/\/denizcankizil.tr\/\",\"name\":\"Av. Deniz Can K\u0131z\u0131l\",\"description\":\"Avukat Deniz Can K\u0131z\u0131l Antalya Barosu\",\"publisher\":{\"@id\":\"https:\/\/denizcankizil.tr\/#organization\"},\"potentialAction\":[{\"@type\":\"SearchAction\",\"target\":{\"@type\":\"EntryPoint\",\"urlTemplate\":\"https:\/\/denizcankizil.tr\/?s={search_term_string}\"},\"query-input\":{\"@type\":\"PropertyValueSpecification\",\"valueRequired\":true,\"valueName\":\"search_term_string\"}}],\"inLanguage\":\"uk\"},{\"@type\":\"Organization\",\"@id\":\"https:\/\/denizcankizil.tr\/#organization\",\"name\":\"Av. Deniz Can K\u0131z\u0131l\",\"url\":\"https:\/\/denizcankizil.tr\/\",\"logo\":{\"@type\":\"ImageObject\",\"inLanguage\":\"uk\",\"@id\":\"https:\/\/denizcankizil.tr\/#\/schema\/logo\/image\/\",\"url\":\"https:\/\/denizcankizil.tr\/wp-content\/uploads\/2024\/10\/siyah-logo-svg.svg\",\"contentUrl\":\"https:\/\/denizcankizil.tr\/wp-content\/uploads\/2024\/10\/siyah-logo-svg.svg\",\"width\":1080,\"height\":1080,\"caption\":\"Av. Deniz Can K\u0131z\u0131l\"},\"image\":{\"@id\":\"https:\/\/denizcankizil.tr\/#\/schema\/logo\/image\/\"}},{\"@type\":\"Person\",\"@id\":\"https:\/\/denizcankizil.tr\/#\/schema\/person\/be3c05fe6a12686905512445d8185489\",\"name\":\"admin\",\"image\":{\"@type\":\"ImageObject\",\"inLanguage\":\"uk\",\"@id\":\"https:\/\/denizcankizil.tr\/#\/schema\/person\/image\/\",\"url\":\"https:\/\/secure.gravatar.com\/avatar\/c1fce94c830dc79107e174f890d7210541c4a63e8e5d816341794a2151c9d58c?s=96&d=mm&r=g\",\"contentUrl\":\"https:\/\/secure.gravatar.com\/avatar\/c1fce94c830dc79107e174f890d7210541c4a63e8e5d816341794a2151c9d58c?s=96&d=mm&r=g\",\"caption\":\"admin\"},\"sameAs\":[\"http:\/\/denizcankizil.tr\"],\"url\":\"https:\/\/www.iskenderun.org\/izmir-guzelbahcede-ferdi-zeyrek-adina-lokma-dokuldu\"}]}<\/script>\n<!-- \/ Yoast SEO Premium plugin. -->","yoast_head_json":{"title":"\u0130zmir G\u00fczelbah\u00e7e\u2019de Ferdi Zeyrek ad\u0131na lokma d\u00f6k\u00fcld\u00fc - Av. Deniz Can K\u0131z\u0131l","robots":{"index":"index","follow":"follow","max-snippet":"max-snippet:-1","max-image-preview":"max-image-preview:large","max-video-preview":"max-video-preview:-1"},"canonical":"https:\/\/denizcankizil.tr\/uk\/haberler\/gundem\/izmir-guzelbahcede-ferdi-zeyrek-adina-lokma-dokuldu\/","og_locale":"uk_UA","og_type":"article","og_title":"\u0130zmir G\u00fczelbah\u00e7e\u2019de Ferdi Zeyrek ad\u0131na lokma d\u00f6k\u00fcld\u00fc","og_description":"\u0130zmir G\u00fczelbah\u00e7e Belediyesi, ge\u00e7ti\u011fimiz g\u00fcnlerde hayat\u0131n\u0131 kaybeden Manisa B\u00fcy\u00fck\u015fehir Belediye Ba\u015fkan\u0131 Ferdi Zeyrek&#8217;in vefat\u0131n\u0131n \u00fc\u00e7\u00fcnc\u00fc g\u00fcn\u00fc vesilesiyle lokma da\u011f\u0131tt\u0131.\u0130ZM\u0130R (\u0130GFA) &#8211; \u0130zmir G\u00fczelbah\u00e7e Belediyesi taraf\u0131ndan, evinde ya\u015fad\u0131\u011f\u0131 talihsiz kaza sonucu hayat\u0131n\u0131 kaybeden Manisa B\u00fcy\u00fck\u015fehir Belediye Ba\u015fkan\u0131 Ferdi Zeyrek i\u00e7in Atat\u00fcrk, Yal\u0131 ve Yelki Mahalleleri\u2019nde kurulan lokma tezg\u00e2hlar\u0131nda, vatanda\u015flara merhum ba\u015fkan an\u0131s\u0131na lokma da\u011f\u0131t\u0131ld\u0131. Lokma da\u011f\u0131t\u0131m\u0131na G\u00fczelbah\u00e7e Belediye Ba\u015fkan\u0131 Mustafa G\u00fcnay\u2019la birlikte CHP Genel Ba\u015fkan Yard\u0131mc\u0131s\u0131 Sivas Milletvekili Ula\u015f Karasu da kat\u0131ld\u0131. Ferdi Zeyrek\u2019in halk\u00e7\u0131 belediyecilik anlay\u0131\u015f\u0131, d\u00fcr\u00fcst ki\u015fili\u011fi ve m\u00fccadeleci duru\u015fuyla sadece Manisa\u2019da de\u011fil, t\u00fcm Ege\u2019de iz b\u0131rakt\u0131\u011f\u0131n\u0131 belirten G\u00fczelbah\u00e7e Belediye Ba\u015fkan\u0131 Mustafa G\u00fcnay, \u201cFerdi Ba\u015fkan\u0131m\u0131z\u0131n ani vefat\u0131 hepimizi derinden sarst\u0131. O benim yolda\u015f\u0131md\u0131, birlikte yol y\u00fcr\u00fcd\u00fc\u011f\u00fcm\u00fcz ekip arkada\u015f\u0131m\u0131zd\u0131. Halk i\u00e7in \u00e7al\u0131\u015fan, adalet ve e\u015fitlik ilkesinden asla taviz vermeyen \u00f6rnek bir ba\u015fkand\u0131. Bu lokma hayr\u0131 hem ona olan sevgimizin hem de dualar\u0131m\u0131z\u0131n bir ifadesidir. Ferdi Zeyrek\u2019in ismi, g\u00fczel an\u0131lar\u0131 ve hizmetleriyle kalplerimizde ya\u015famaya devam edecek. Mek\u00e2n\u0131 cennet, ruhu \u015fad olsun,\u201d ifadelerini kulland\u0131. G\u00fczelbah\u00e7e Belediyesi ana binas\u0131na \u2018Seni Unutmayaca\u011f\u0131z Ferdi Ba\u015fkan\u2019 yaz\u0131l\u0131 brandalar as\u0131ld\u0131. \u200b\u0130zmir G\u00fczelbah\u00e7e Belediyesi, ge\u00e7ti\u011fimiz g\u00fcnlerde hayat\u0131n\u0131 kaybeden Manisa B\u00fcy\u00fck\u015fehir Belediye Ba\u015fkan\u0131 Ferdi Zeyrek&#8217;in vefat\u0131n\u0131n \u00fc\u00e7\u00fcnc\u00fc g\u00fcn\u00fc vesilesiyle lokma da\u011f\u0131tt\u0131.\u0130ZM\u0130R (\u0130GFA) &#8211; \u0130zmir G\u00fczelbah\u00e7e Belediyesi taraf\u0131ndan, evinde ya\u015fad\u0131\u011f\u0131 talihsiz kaza sonucu hayat\u0131n\u0131 kaybeden Manisa B\u00fcy\u00fck\u015fehir Belediye Ba\u015fkan\u0131 Ferdi &hellip;","og_url":"https:\/\/denizcankizil.tr\/uk\/haberler\/gundem\/izmir-guzelbahcede-ferdi-zeyrek-adina-lokma-dokuldu\/","og_site_name":"Av. Deniz Can K\u0131z\u0131l","article_published_time":"2025-06-12T13:42:09+00:00","author":"admin","twitter_card":"summary_large_image","twitter_misc":{"\u041d\u0430\u043f\u0438\u0441\u0430\u043d\u043e":"admin","\u041f\u0440\u0438\u0431\u043b. \u0447\u0430\u0441 \u0447\u0438\u0442\u0430\u043d\u043d\u044f":"3 \u0445\u0432\u0438\u043b\u0438\u043d\u0438"},"schema":{"@context":"https:\/\/schema.org","@graph":[{"@type":"Article","@id":"https:\/\/denizcankizil.tr\/uk\/haberler\/gundem\/izmir-guzelbahcede-ferdi-zeyrek-adina-lokma-dokuldu\/#article","isPartOf":{"@id":"https:\/\/denizcankizil.tr\/uk\/haberler\/gundem\/izmir-guzelbahcede-ferdi-zeyrek-adina-lokma-dokuldu\/"},"author":{"name":"admin","@id":"https:\/\/denizcankizil.tr\/#\/schema\/person\/be3c05fe6a12686905512445d8185489"},"headline":"\u0130zmir G\u00fczelbah\u00e7e\u2019de Ferdi Zeyrek ad\u0131na lokma d\u00f6k\u00fcld\u00fc","datePublished":"2025-06-12T13:42:09+00:00","mainEntityOfPage":{"@id":"https:\/\/denizcankizil.tr\/uk\/haberler\/gundem\/izmir-guzelbahcede-ferdi-zeyrek-adina-lokma-dokuldu\/"},"wordCount":539,"publisher":{"@id":"https:\/\/denizcankizil.tr\/#organization"},"articleSection":["G\u00fcndem"],"inLanguage":"uk"},{"@type":"WebPage","@id":"https:\/\/denizcankizil.tr\/uk\/haberler\/gundem\/izmir-guzelbahcede-ferdi-zeyrek-adina-lokma-dokuldu\/","url":"https:\/\/denizcankizil.tr\/uk\/haberler\/gundem\/izmir-guzelbahcede-ferdi-zeyrek-adina-lokma-dokuldu\/","name":"\u0130zmir G\u00fczelbah\u00e7e\u2019de Ferdi Zeyrek ad\u0131na lokma d\u00f6k\u00fcld\u00fc - Av. Deniz Can K\u0131z\u0131l","isPartOf":{"@id":"https:\/\/denizcankizil.tr\/#website"},"datePublished":"2025-06-12T13:42:09+00:00","breadcrumb":{"@id":"https:\/\/denizcankizil.tr\/uk\/haberler\/gundem\/izmir-guzelbahcede-ferdi-zeyrek-adina-lokma-dokuldu\/#breadcrumb"},"inLanguage":"uk","potentialAction":[{"@type":"ReadAction","target":["https:\/\/denizcankizil.tr\/uk\/haberler\/gundem\/izmir-guzelbahcede-ferdi-zeyrek-adina-lokma-dokuldu\/"]}]},{"@type":"BreadcrumbList","@id":"https:\/\/denizcankizil.tr\/uk\/haberler\/gundem\/izmir-guzelbahcede-ferdi-zeyrek-adina-lokma-dokuldu\/#breadcrumb","itemListElement":[{"@type":"ListItem","position":1,"name":"Home","item":"https:\/\/denizcankizil.tr\/de\/"},{"@type":"ListItem","position":2,"name":"\u0130zmir G\u00fczelbah\u00e7e\u2019de Ferdi Zeyrek ad\u0131na lokma d\u00f6k\u00fcld\u00fc"}]},{"@type":"WebSite","@id":"https:\/\/denizcankizil.tr\/#website","url":"https:\/\/denizcankizil.tr\/","name":"Av. Deniz Can K\u0131z\u0131l","description":"Avukat Deniz Can K\u0131z\u0131l Antalya Barosu","publisher":{"@id":"https:\/\/denizcankizil.tr\/#organization"},"potentialAction":[{"@type":"SearchAction","target":{"@type":"EntryPoint","urlTemplate":"https:\/\/denizcankizil.tr\/?s={search_term_string}"},"query-input":{"@type":"PropertyValueSpecification","valueRequired":true,"valueName":"search_term_string"}}],"inLanguage":"uk"},{"@type":"Organization","@id":"https:\/\/denizcankizil.tr\/#organization","name":"Av. Deniz Can K\u0131z\u0131l","url":"https:\/\/denizcankizil.tr\/","logo":{"@type":"ImageObject","inLanguage":"uk","@id":"https:\/\/denizcankizil.tr\/#\/schema\/logo\/image\/","url":"https:\/\/denizcankizil.tr\/wp-content\/uploads\/2024\/10\/siyah-logo-svg.svg","contentUrl":"https:\/\/denizcankizil.tr\/wp-content\/uploads\/2024\/10\/siyah-logo-svg.svg","width":1080,"height":1080,"caption":"Av. Deniz Can K\u0131z\u0131l"},"image":{"@id":"https:\/\/denizcankizil.tr\/#\/schema\/logo\/image\/"}},{"@type":"Person","@id":"https:\/\/denizcankizil.tr\/#\/schema\/person\/be3c05fe6a12686905512445d8185489","name":"\u0430\u0434\u043c\u0456\u043d","image":{"@type":"ImageObject","inLanguage":"uk","@id":"https:\/\/denizcankizil.tr\/#\/schema\/person\/image\/","url":"https:\/\/secure.gravatar.com\/avatar\/c1fce94c830dc79107e174f890d7210541c4a63e8e5d816341794a2151c9d58c?s=96&d=mm&r=g","contentUrl":"https:\/\/secure.gravatar.com\/avatar\/c1fce94c830dc79107e174f890d7210541c4a63e8e5d816341794a2151c9d58c?s=96&d=mm&r=g","caption":"admin"},"sameAs":["http:\/\/denizcankizil.tr"],"url":"https:\/\/www.iskenderun.org\/izmir-guzelbahcede-ferdi-zeyrek-adina-lokma-dokuldu"}]}},"_links":{"self":[{"href":"https:\/\/denizcankizil.tr\/uk\/wp-json\/wp\/v2\/posts\/114430","targetHints":{"allow":["GET"]}}],"collection":[{"href":"https:\/\/denizcankizil.tr\/uk\/wp-json\/wp\/v2\/posts"}],"about":[{"href":"https:\/\/denizcankizil.tr\/uk\/wp-json\/wp\/v2\/types\/post"}],"author":[{"embeddable":true,"href":"https:\/\/denizcankizil.tr\/uk\/wp-json\/wp\/v2\/users\/1"}],"replies":[{"embeddable":true,"href":"https:\/\/denizcankizil.tr\/uk\/wp-json\/wp\/v2\/comments?post=114430"}],"version-history":[{"count":0,"href":"https:\/\/denizcankizil.tr\/uk\/wp-json\/wp\/v2\/posts\/114430\/revisions"}],"wp:attachment":[{"href":"https:\/\/denizcankizil.tr\/uk\/wp-json\/wp\/v2\/media?parent=114430"}],"wp:term":[{"taxonomy":"category","embeddable":true,"href":"https:\/\/denizcankizil.tr\/uk\/wp-json\/wp\/v2\/categories?post=114430"},{"taxonomy":"post_tag","embeddable":true,"href":"https:\/\/denizcankizil.tr\/uk\/wp-json\/wp\/v2\/tags?post=114430"}],"curies":[{"name":"wp","href":"https:\/\/api.w.org\/{rel}","templated":true}]}}