{"id":114397,"date":"2025-06-12T16:41:15","date_gmt":"2025-06-12T13:41:15","guid":{"rendered":"https:\/\/denizcankizil.tr\/uncategorized-tr\/kemerde-baskan-zeyrek-icin-anma-alani\/"},"modified":"2025-06-12T16:41:15","modified_gmt":"2025-06-12T13:41:15","slug":"kemerde-baskan-zeyrek-icin-anma-alani","status":"publish","type":"post","link":"https:\/\/denizcankizil.tr\/uk\/haberler\/antalya\/kemerde-baskan-zeyrek-icin-anma-alani\/","title":{"rendered":"Kemer\u2019de Ba\u015fkan Zeyrek i\u00e7in anma alan\u0131"},"content":{"rendered":"<p>Mustafa Ertu\u011frul Aker Park\u0131\u2019nda yer alan Kemer Belediyesi Deniz Kafe yan\u0131nda olu\u015fturulan anma alan\u0131, Ba\u015fkan Zeyrek\u2019i anmak isteyenler i\u00e7in ziyaret noktas\u0131 olacak.<\/p>\n<p>&#8220;Ferdi Zeyrek\u2019in ac\u0131s\u0131n\u0131 hala y\u00fcreklerimizde hissediyoruz&#8221;<br \/>\nKemer Belediye Ba\u015fkan\u0131 Necati Topalo\u011flu, yapt\u0131\u011f\u0131 a\u00e7\u0131klamada, &#8220;Gen\u00e7 ya\u015fta aram\u0131zdan ayr\u0131lan Manisa B\u00fcy\u00fck\u015fehir Belediye Ba\u015fkan\u0131m\u0131z Ferdi Zeyrek\u2019in ac\u0131s\u0131n\u0131 hala y\u00fcreklerimizde hissediyoruz. \u00d6rnek al\u0131nacak belediye ba\u015fkanl\u0131\u011f\u0131n\u0131n yan\u0131nda \u00e7ok de\u011ferli de bir insan olan Ferdi Zeyrek\u2019in an\u0131s\u0131n\u0131 ya\u015fatabilmek amac\u0131yla Kemer\u2019in en g\u00fczel noktalar\u0131ndan biri olan Mustafa Ertu\u011frul Aker Park\u0131 i\u00e7erisinde anma alan\u0131 olu\u015fturduk. Bu vesileyle bir defa daha Zeyrek Ba\u015fkan\u0131m\u0131za Allah\u2019tan rahmet, kederli ailesine, yak\u0131nlar\u0131na ve Manisa halk\u0131na ba\u015fsa\u011fl\u0131\u011f\u0131 ve sab\u0131r diliyorum&#8221; dedi.<\/p>\n<p>Kaynak: www.kanalv.com.tr Haber Sitesinden Al\u0131nm\u0131\u015ft\u0131r.<\/p>","protected":false},"excerpt":{"rendered":"<p>Mustafa Ertu\u011frul Aker Park\u0131\u2019nda yer alan Kemer Belediyesi Deniz Kafe yan\u0131nda olu\u015fturulan anma alan\u0131, Ba\u015fkan Zeyrek\u2019i anmak isteyenler i\u00e7in ziyaret noktas\u0131 olacak. &#8220;Ferdi Zeyrek\u2019in ac\u0131s\u0131n\u0131 hala y\u00fcreklerimizde hissediyoruz&#8221; Kemer Belediye Ba\u015fkan\u0131 Necati Topalo\u011flu, yapt\u0131\u011f\u0131 a\u00e7\u0131klamada, &#8220;Gen\u00e7 ya\u015fta aram\u0131zdan ayr\u0131lan Manisa B\u00fcy\u00fck\u015fehir Belediye Ba\u015fkan\u0131m\u0131z Ferdi Zeyrek\u2019in ac\u0131s\u0131n\u0131 hala y\u00fcreklerimizde hissediyoruz. \u00d6rnek al\u0131nacak belediye ba\u015fkanl\u0131\u011f\u0131n\u0131n yan\u0131nda \u00e7ok de\u011ferli de bir insan olan Ferdi Zeyrek\u2019in an\u0131s\u0131n\u0131 ya\u015fatabilmek amac\u0131yla Kemer\u2019in en g\u00fczel noktalar\u0131ndan biri olan Mustafa Ertu\u011frul Aker Park\u0131 i\u00e7erisinde anma alan\u0131 olu\u015fturduk. Bu vesileyle bir defa daha Zeyrek Ba\u015fkan\u0131m\u0131za Allah\u2019tan rahmet, kederli ailesine, yak\u0131nlar\u0131na ve Manisa halk\u0131na ba\u015fsa\u011fl\u0131\u011f\u0131 ve sab\u0131r diliyorum&#8221; dedi. Kaynak: www.kanalv.com.tr Haber Sitesinden Al\u0131nm\u0131\u015ft\u0131r.<\/p>","protected":false},"author":4,"featured_media":0,"comment_status":"","ping_status":"open","sticky":false,"template":"","format":"standard","meta":{"_acf_changed":false,"footnotes":""},"categories":[26],"tags":[],"class_list":["post-114397","post","type-post","status-publish","format-standard","hentry","category-antalya"],"acf":[],"yoast_head":"<!-- This site is optimized with the Yoast SEO Premium plugin v26.6 (Yoast SEO v27.1.1) - https:\/\/yoast.com\/product\/yoast-seo-premium-wordpress\/ -->\n<title>Kemer\u2019de Ba\u015fkan Zeyrek i\u00e7in anma alan\u0131 - Av. Deniz Can K\u0131z\u0131l<\/title>\n<meta name=\"robots\" content=\"index, follow, max-snippet:-1, max-image-preview:large, max-video-preview:-1\" \/>\n<link rel=\"canonical\" href=\"https:\/\/denizcankizil.tr\/uk\/haberler\/antalya\/kemerde-baskan-zeyrek-icin-anma-alani\/\" \/>\n<meta property=\"og:locale\" content=\"uk_UA\" \/>\n<meta property=\"og:type\" content=\"article\" \/>\n<meta property=\"og:title\" content=\"Kemer\u2019de Ba\u015fkan Zeyrek i\u00e7in anma alan\u0131\" \/>\n<meta property=\"og:description\" content=\"Mustafa Ertu\u011frul Aker Park\u0131\u2019nda yer alan Kemer Belediyesi Deniz Kafe yan\u0131nda olu\u015fturulan anma alan\u0131, Ba\u015fkan Zeyrek\u2019i anmak isteyenler i\u00e7in ziyaret noktas\u0131 olacak. &#8220;Ferdi Zeyrek\u2019in ac\u0131s\u0131n\u0131 hala y\u00fcreklerimizde hissediyoruz&#8221; Kemer Belediye Ba\u015fkan\u0131 Necati Topalo\u011flu, yapt\u0131\u011f\u0131 a\u00e7\u0131klamada, &#8220;Gen\u00e7 ya\u015fta aram\u0131zdan ayr\u0131lan Manisa B\u00fcy\u00fck\u015fehir Belediye Ba\u015fkan\u0131m\u0131z Ferdi Zeyrek\u2019in ac\u0131s\u0131n\u0131 hala y\u00fcreklerimizde hissediyoruz. \u00d6rnek al\u0131nacak belediye ba\u015fkanl\u0131\u011f\u0131n\u0131n yan\u0131nda \u00e7ok de\u011ferli de bir insan olan Ferdi Zeyrek\u2019in an\u0131s\u0131n\u0131 ya\u015fatabilmek amac\u0131yla Kemer\u2019in en g\u00fczel noktalar\u0131ndan biri olan Mustafa Ertu\u011frul Aker Park\u0131 i\u00e7erisinde anma alan\u0131 olu\u015fturduk. Bu vesileyle bir defa daha Zeyrek Ba\u015fkan\u0131m\u0131za Allah\u2019tan rahmet, kederli ailesine, yak\u0131nlar\u0131na ve Manisa halk\u0131na ba\u015fsa\u011fl\u0131\u011f\u0131 ve sab\u0131r diliyorum&#8221; dedi. Kaynak: www.kanalv.com.tr Haber Sitesinden Al\u0131nm\u0131\u015ft\u0131r.\" \/>\n<meta property=\"og:url\" content=\"https:\/\/denizcankizil.tr\/uk\/haberler\/antalya\/kemerde-baskan-zeyrek-icin-anma-alani\/\" \/>\n<meta property=\"og:site_name\" content=\"Av. Deniz Can K\u0131z\u0131l\" \/>\n<meta property=\"article:published_time\" content=\"2025-06-12T13:41:15+00:00\" \/>\n<meta name=\"author\" content=\"Av. Deniz Can K\u0131z\u0131l\" \/>\n<meta name=\"twitter:card\" content=\"summary_large_image\" \/>\n<meta name=\"twitter:label1\" content=\"\u041d\u0430\u043f\u0438\u0441\u0430\u043d\u043e\" \/>\n\t<meta name=\"twitter:data1\" content=\"Av. Deniz Can K\u0131z\u0131l\" \/>\n\t<meta name=\"twitter:label2\" content=\"\u041f\u0440\u0438\u0431\u043b. \u0447\u0430\u0441 \u0447\u0438\u0442\u0430\u043d\u043d\u044f\" \/>\n\t<meta name=\"twitter:data2\" content=\"1 \u0445\u0432\u0438\u043b\u0438\u043d\u0430\" \/>\n<script type=\"application\/ld+json\" class=\"yoast-schema-graph\">{\"@context\":\"https:\/\/schema.org\",\"@graph\":[{\"@type\":\"Article\",\"@id\":\"https:\/\/denizcankizil.tr\/uk\/haberler\/antalya\/kemerde-baskan-zeyrek-icin-anma-alani\/#article\",\"isPartOf\":{\"@id\":\"https:\/\/denizcankizil.tr\/uk\/haberler\/antalya\/kemerde-baskan-zeyrek-icin-anma-alani\/\"},\"author\":{\"name\":\"Av. Deniz Can K\u0131z\u0131l\",\"@id\":\"https:\/\/denizcankizil.tr\/#\/schema\/person\/5dc1b22991bd7ac833867c10afc9b0ff\"},\"headline\":\"Kemer\u2019de Ba\u015fkan Zeyrek i\u00e7in anma alan\u0131\",\"datePublished\":\"2025-06-12T13:41:15+00:00\",\"mainEntityOfPage\":{\"@id\":\"https:\/\/denizcankizil.tr\/uk\/haberler\/antalya\/kemerde-baskan-zeyrek-icin-anma-alani\/\"},\"wordCount\":173,\"publisher\":{\"@id\":\"https:\/\/denizcankizil.tr\/#organization\"},\"articleSection\":[\"Antalya\"],\"inLanguage\":\"uk\"},{\"@type\":\"WebPage\",\"@id\":\"https:\/\/denizcankizil.tr\/uk\/haberler\/antalya\/kemerde-baskan-zeyrek-icin-anma-alani\/\",\"url\":\"https:\/\/denizcankizil.tr\/uk\/haberler\/antalya\/kemerde-baskan-zeyrek-icin-anma-alani\/\",\"name\":\"Kemer\u2019de Ba\u015fkan Zeyrek i\u00e7in anma alan\u0131 - Av. Deniz Can K\u0131z\u0131l\",\"isPartOf\":{\"@id\":\"https:\/\/denizcankizil.tr\/#website\"},\"datePublished\":\"2025-06-12T13:41:15+00:00\",\"breadcrumb\":{\"@id\":\"https:\/\/denizcankizil.tr\/uk\/haberler\/antalya\/kemerde-baskan-zeyrek-icin-anma-alani\/#breadcrumb\"},\"inLanguage\":\"uk\",\"potentialAction\":[{\"@type\":\"ReadAction\",\"target\":[\"https:\/\/denizcankizil.tr\/uk\/haberler\/antalya\/kemerde-baskan-zeyrek-icin-anma-alani\/\"]}]},{\"@type\":\"BreadcrumbList\",\"@id\":\"https:\/\/denizcankizil.tr\/uk\/haberler\/antalya\/kemerde-baskan-zeyrek-icin-anma-alani\/#breadcrumb\",\"itemListElement\":[{\"@type\":\"ListItem\",\"position\":1,\"name\":\"Home\",\"item\":\"https:\/\/denizcankizil.tr\/de\/\"},{\"@type\":\"ListItem\",\"position\":2,\"name\":\"Kemer\u2019de Ba\u015fkan Zeyrek i\u00e7in anma alan\u0131\"}]},{\"@type\":\"WebSite\",\"@id\":\"https:\/\/denizcankizil.tr\/#website\",\"url\":\"https:\/\/denizcankizil.tr\/\",\"name\":\"Av. Deniz Can K\u0131z\u0131l\",\"description\":\"Avukat Deniz Can K\u0131z\u0131l Antalya Barosu\",\"publisher\":{\"@id\":\"https:\/\/denizcankizil.tr\/#organization\"},\"potentialAction\":[{\"@type\":\"SearchAction\",\"target\":{\"@type\":\"EntryPoint\",\"urlTemplate\":\"https:\/\/denizcankizil.tr\/?s={search_term_string}\"},\"query-input\":{\"@type\":\"PropertyValueSpecification\",\"valueRequired\":true,\"valueName\":\"search_term_string\"}}],\"inLanguage\":\"uk\"},{\"@type\":\"Organization\",\"@id\":\"https:\/\/denizcankizil.tr\/#organization\",\"name\":\"Av. Deniz Can K\u0131z\u0131l\",\"url\":\"https:\/\/denizcankizil.tr\/\",\"logo\":{\"@type\":\"ImageObject\",\"inLanguage\":\"uk\",\"@id\":\"https:\/\/denizcankizil.tr\/#\/schema\/logo\/image\/\",\"url\":\"https:\/\/denizcankizil.tr\/wp-content\/uploads\/2024\/10\/siyah-logo-svg.svg\",\"contentUrl\":\"https:\/\/denizcankizil.tr\/wp-content\/uploads\/2024\/10\/siyah-logo-svg.svg\",\"width\":1080,\"height\":1080,\"caption\":\"Av. Deniz Can K\u0131z\u0131l\"},\"image\":{\"@id\":\"https:\/\/denizcankizil.tr\/#\/schema\/logo\/image\/\"}},{\"@type\":\"Person\",\"@id\":\"https:\/\/denizcankizil.tr\/#\/schema\/person\/5dc1b22991bd7ac833867c10afc9b0ff\",\"name\":\"Av. Deniz Can K\u0131z\u0131l\",\"image\":{\"@type\":\"ImageObject\",\"inLanguage\":\"uk\",\"@id\":\"https:\/\/denizcankizil.tr\/#\/schema\/person\/image\/\",\"url\":\"https:\/\/secure.gravatar.com\/avatar\/a0b128fb9855c79efc976d5640eedb31dc35ec297594d6016d2cf7c60e975bb6?s=96&d=mm&r=g\",\"contentUrl\":\"https:\/\/secure.gravatar.com\/avatar\/a0b128fb9855c79efc976d5640eedb31dc35ec297594d6016d2cf7c60e975bb6?s=96&d=mm&r=g\",\"caption\":\"Av. Deniz Can K\u0131z\u0131l\"},\"sameAs\":[\"http:\/\/www.denizcankizil.tr\"],\"url\":\"https:\/\/denizcankizil.tr\/uk\/author\/denizcankizil\/\"}]}<\/script>\n<!-- \/ Yoast SEO Premium plugin. -->","yoast_head_json":{"title":"Kemer\u2019de Ba\u015fkan Zeyrek i\u00e7in anma alan\u0131 - Av. Deniz Can K\u0131z\u0131l","robots":{"index":"index","follow":"follow","max-snippet":"max-snippet:-1","max-image-preview":"max-image-preview:large","max-video-preview":"max-video-preview:-1"},"canonical":"https:\/\/denizcankizil.tr\/uk\/haberler\/antalya\/kemerde-baskan-zeyrek-icin-anma-alani\/","og_locale":"uk_UA","og_type":"article","og_title":"Kemer\u2019de Ba\u015fkan Zeyrek i\u00e7in anma alan\u0131","og_description":"Mustafa Ertu\u011frul Aker Park\u0131\u2019nda yer alan Kemer Belediyesi Deniz Kafe yan\u0131nda olu\u015fturulan anma alan\u0131, Ba\u015fkan Zeyrek\u2019i anmak isteyenler i\u00e7in ziyaret noktas\u0131 olacak. &#8220;Ferdi Zeyrek\u2019in ac\u0131s\u0131n\u0131 hala y\u00fcreklerimizde hissediyoruz&#8221; Kemer Belediye Ba\u015fkan\u0131 Necati Topalo\u011flu, yapt\u0131\u011f\u0131 a\u00e7\u0131klamada, &#8220;Gen\u00e7 ya\u015fta aram\u0131zdan ayr\u0131lan Manisa B\u00fcy\u00fck\u015fehir Belediye Ba\u015fkan\u0131m\u0131z Ferdi Zeyrek\u2019in ac\u0131s\u0131n\u0131 hala y\u00fcreklerimizde hissediyoruz. \u00d6rnek al\u0131nacak belediye ba\u015fkanl\u0131\u011f\u0131n\u0131n yan\u0131nda \u00e7ok de\u011ferli de bir insan olan Ferdi Zeyrek\u2019in an\u0131s\u0131n\u0131 ya\u015fatabilmek amac\u0131yla Kemer\u2019in en g\u00fczel noktalar\u0131ndan biri olan Mustafa Ertu\u011frul Aker Park\u0131 i\u00e7erisinde anma alan\u0131 olu\u015fturduk. Bu vesileyle bir defa daha Zeyrek Ba\u015fkan\u0131m\u0131za Allah\u2019tan rahmet, kederli ailesine, yak\u0131nlar\u0131na ve Manisa halk\u0131na ba\u015fsa\u011fl\u0131\u011f\u0131 ve sab\u0131r diliyorum&#8221; dedi. Kaynak: www.kanalv.com.tr Haber Sitesinden Al\u0131nm\u0131\u015ft\u0131r.","og_url":"https:\/\/denizcankizil.tr\/uk\/haberler\/antalya\/kemerde-baskan-zeyrek-icin-anma-alani\/","og_site_name":"Av. Deniz Can K\u0131z\u0131l","article_published_time":"2025-06-12T13:41:15+00:00","author":"Av. Deniz Can K\u0131z\u0131l","twitter_card":"summary_large_image","twitter_misc":{"\u041d\u0430\u043f\u0438\u0441\u0430\u043d\u043e":"Av. Deniz Can K\u0131z\u0131l","\u041f\u0440\u0438\u0431\u043b. \u0447\u0430\u0441 \u0447\u0438\u0442\u0430\u043d\u043d\u044f":"1 \u0445\u0432\u0438\u043b\u0438\u043d\u0430"},"schema":{"@context":"https:\/\/schema.org","@graph":[{"@type":"Article","@id":"https:\/\/denizcankizil.tr\/uk\/haberler\/antalya\/kemerde-baskan-zeyrek-icin-anma-alani\/#article","isPartOf":{"@id":"https:\/\/denizcankizil.tr\/uk\/haberler\/antalya\/kemerde-baskan-zeyrek-icin-anma-alani\/"},"author":{"name":"Av. Deniz Can K\u0131z\u0131l","@id":"https:\/\/denizcankizil.tr\/#\/schema\/person\/5dc1b22991bd7ac833867c10afc9b0ff"},"headline":"Kemer\u2019de Ba\u015fkan Zeyrek i\u00e7in anma alan\u0131","datePublished":"2025-06-12T13:41:15+00:00","mainEntityOfPage":{"@id":"https:\/\/denizcankizil.tr\/uk\/haberler\/antalya\/kemerde-baskan-zeyrek-icin-anma-alani\/"},"wordCount":173,"publisher":{"@id":"https:\/\/denizcankizil.tr\/#organization"},"articleSection":["Antalya"],"inLanguage":"uk"},{"@type":"WebPage","@id":"https:\/\/denizcankizil.tr\/uk\/haberler\/antalya\/kemerde-baskan-zeyrek-icin-anma-alani\/","url":"https:\/\/denizcankizil.tr\/uk\/haberler\/antalya\/kemerde-baskan-zeyrek-icin-anma-alani\/","name":"Kemer\u2019de Ba\u015fkan Zeyrek i\u00e7in anma alan\u0131 - Av. Deniz Can K\u0131z\u0131l","isPartOf":{"@id":"https:\/\/denizcankizil.tr\/#website"},"datePublished":"2025-06-12T13:41:15+00:00","breadcrumb":{"@id":"https:\/\/denizcankizil.tr\/uk\/haberler\/antalya\/kemerde-baskan-zeyrek-icin-anma-alani\/#breadcrumb"},"inLanguage":"uk","potentialAction":[{"@type":"ReadAction","target":["https:\/\/denizcankizil.tr\/uk\/haberler\/antalya\/kemerde-baskan-zeyrek-icin-anma-alani\/"]}]},{"@type":"BreadcrumbList","@id":"https:\/\/denizcankizil.tr\/uk\/haberler\/antalya\/kemerde-baskan-zeyrek-icin-anma-alani\/#breadcrumb","itemListElement":[{"@type":"ListItem","position":1,"name":"Home","item":"https:\/\/denizcankizil.tr\/de\/"},{"@type":"ListItem","position":2,"name":"Kemer\u2019de Ba\u015fkan Zeyrek i\u00e7in anma alan\u0131"}]},{"@type":"WebSite","@id":"https:\/\/denizcankizil.tr\/#website","url":"https:\/\/denizcankizil.tr\/","name":"Av. Deniz Can K\u0131z\u0131l","description":"Avukat Deniz Can K\u0131z\u0131l Antalya Barosu","publisher":{"@id":"https:\/\/denizcankizil.tr\/#organization"},"potentialAction":[{"@type":"SearchAction","target":{"@type":"EntryPoint","urlTemplate":"https:\/\/denizcankizil.tr\/?s={search_term_string}"},"query-input":{"@type":"PropertyValueSpecification","valueRequired":true,"valueName":"search_term_string"}}],"inLanguage":"uk"},{"@type":"Organization","@id":"https:\/\/denizcankizil.tr\/#organization","name":"Av. Deniz Can K\u0131z\u0131l","url":"https:\/\/denizcankizil.tr\/","logo":{"@type":"ImageObject","inLanguage":"uk","@id":"https:\/\/denizcankizil.tr\/#\/schema\/logo\/image\/","url":"https:\/\/denizcankizil.tr\/wp-content\/uploads\/2024\/10\/siyah-logo-svg.svg","contentUrl":"https:\/\/denizcankizil.tr\/wp-content\/uploads\/2024\/10\/siyah-logo-svg.svg","width":1080,"height":1080,"caption":"Av. Deniz Can K\u0131z\u0131l"},"image":{"@id":"https:\/\/denizcankizil.tr\/#\/schema\/logo\/image\/"}},{"@type":"Person","@id":"https:\/\/denizcankizil.tr\/#\/schema\/person\/5dc1b22991bd7ac833867c10afc9b0ff","name":"Av. Deniz Can K\u0131z\u0131l","image":{"@type":"ImageObject","inLanguage":"uk","@id":"https:\/\/denizcankizil.tr\/#\/schema\/person\/image\/","url":"https:\/\/secure.gravatar.com\/avatar\/a0b128fb9855c79efc976d5640eedb31dc35ec297594d6016d2cf7c60e975bb6?s=96&d=mm&r=g","contentUrl":"https:\/\/secure.gravatar.com\/avatar\/a0b128fb9855c79efc976d5640eedb31dc35ec297594d6016d2cf7c60e975bb6?s=96&d=mm&r=g","caption":"Av. Deniz Can K\u0131z\u0131l"},"sameAs":["http:\/\/www.denizcankizil.tr"],"url":"https:\/\/denizcankizil.tr\/uk\/author\/denizcankizil\/"}]}},"_links":{"self":[{"href":"https:\/\/denizcankizil.tr\/uk\/wp-json\/wp\/v2\/posts\/114397","targetHints":{"allow":["GET"]}}],"collection":[{"href":"https:\/\/denizcankizil.tr\/uk\/wp-json\/wp\/v2\/posts"}],"about":[{"href":"https:\/\/denizcankizil.tr\/uk\/wp-json\/wp\/v2\/types\/post"}],"author":[{"embeddable":true,"href":"https:\/\/denizcankizil.tr\/uk\/wp-json\/wp\/v2\/users\/4"}],"replies":[{"embeddable":true,"href":"https:\/\/denizcankizil.tr\/uk\/wp-json\/wp\/v2\/comments?post=114397"}],"version-history":[{"count":0,"href":"https:\/\/denizcankizil.tr\/uk\/wp-json\/wp\/v2\/posts\/114397\/revisions"}],"wp:attachment":[{"href":"https:\/\/denizcankizil.tr\/uk\/wp-json\/wp\/v2\/media?parent=114397"}],"wp:term":[{"taxonomy":"category","embeddable":true,"href":"https:\/\/denizcankizil.tr\/uk\/wp-json\/wp\/v2\/categories?post=114397"},{"taxonomy":"post_tag","embeddable":true,"href":"https:\/\/denizcankizil.tr\/uk\/wp-json\/wp\/v2\/tags?post=114397"}],"curies":[{"name":"wp","href":"https:\/\/api.w.org\/{rel}","templated":true}]}}