{"id":114203,"date":"2025-06-12T07:41:19","date_gmt":"2025-06-12T04:41:19","guid":{"rendered":"https:\/\/denizcankizil.tr\/uncategorized-tr\/antalyali-surucunun-ceza-isyani-15-bin-tl-radar-cezasi-odedim\/"},"modified":"2025-06-12T07:41:19","modified_gmt":"2025-06-12T04:41:19","slug":"antalyali-surucunun-ceza-isyani-15-bin-tl-radar-cezasi-odedim","status":"publish","type":"post","link":"https:\/\/denizcankizil.tr\/uk\/haberler\/gundem\/antalyali-surucunun-ceza-isyani-15-bin-tl-radar-cezasi-odedim\/","title":{"rendered":"Antalyal\u0131 s\u00fcr\u00fcc\u00fcn\u00fcn ceza isyan\u0131: \u201c15 bin TL radar cezas\u0131 \u00f6dedim\u201d"},"content":{"rendered":"<p>Kurban Bayram\u0131\u2019nda Antalya\u2019dan \u0130stanbul\u2019a gitmeye \u00e7al\u0131\u015fan bir s\u00fcr\u00fcc\u00fc sosyal medya \u00fczerinden kesilen radar cezalar\u0131n isyan etti. Vatanda\u015f, sosyal medya \u00fczerinden yolcu\u011fu s\u0131ras\u0131nda tam 15 bin TL radar cezas\u0131 \u00f6dedi\u011fini \u00f6ne s\u00fcrd\u00fc ve kesilen cezalar\u0131n foto\u011fraf\u0131n\u0131 da payla\u015ft\u0131.<\/p>\n<p>\u201cBU CEZALAR TEK KEL\u0130MEYLE ZUL\u00dcMD\u00dcR\u201d<\/p>\n<p>Vatanda\u015f sosyal medya \u00fczerinden kesilen cezalar\u0131 payla\u015farak, \u201cAntalya&#8217;dan \u0130stanbul&#8217;a yolculuk yapt\u0131m Bayram tatilinde bu \u00fc\u00e7 tanenin d\u0131\u015f\u0131nda bir tane daha var. Sadece gidi\u015f 15 bin lira ceza yazm\u0131\u015flar. Geli\u015fin makbuzlar\u0131 daha gelmedi. Yani ben u\u00e7arak da gitmedim gayet normal gittim. Ger\u00e7ekten bu cezalar tek kelimeyle zul\u00fcmd\u00fcr\u201d s\u00f6z konusu radar cezalar\u0131na olan isyan\u0131n\u0131 dile getirdi.<\/p>\n<p>RADAR CEZALARI <\/p>\n<p>Payla\u015f\u0131lan cezalara g\u00f6re Antalya\u2019dan \u0130stanbul\u2019a do\u011fru giden s\u00fcr\u00fcc\u00fcye Isparta\u2019da 9 bin 267 TL, Afyonkarahisar\u2019da 2 bin 167 TL, K\u00fctahya\u2019da ise 2 bin 167 TL para cezas\u0131 kesilmi\u015f. Toplam para cezas\u0131 13 bin 601 TL olarak hesapland\u0131.<\/p>\n<p>\u200bKurban Bayram\u0131\u2019nda Antalya\u2019dan \u0130stanbul\u2019a gitmekte olan bir vatanda\u015f sadece gidi\u015fte kendisine 15 bin TL\u2019lik radar cezas\u0131 kesildi\u011fini \u00f6ne s\u00fcrd\u00fc. Kendisine gelen radar cezalar\u0131na sosyal medya \u00fczerinden payla\u015fan vatanda\u015f, ya\u015fanan bu durumu tepki g\u00f6sterdi.\u00a0<\/p>\n<p>\u200bHaberin Al\u0131nt\u0131land\u0131\u011f\u0131 Kaynak: www.antalyakorfez.com<\/p>","protected":false},"excerpt":{"rendered":"<p>Kurban Bayram\u0131\u2019nda Antalya\u2019dan \u0130stanbul\u2019a gitmeye \u00e7al\u0131\u015fan bir s\u00fcr\u00fcc\u00fc sosyal medya \u00fczerinden kesilen radar cezalar\u0131n isyan etti. Vatanda\u015f, sosyal medya \u00fczerinden yolcu\u011fu s\u0131ras\u0131nda tam 15 bin TL radar cezas\u0131 \u00f6dedi\u011fini \u00f6ne s\u00fcrd\u00fc ve kesilen cezalar\u0131n foto\u011fraf\u0131n\u0131 da payla\u015ft\u0131. \u201cBU CEZALAR TEK KEL\u0130MEYLE ZUL\u00dcMD\u00dcR\u201d Vatanda\u015f sosyal medya \u00fczerinden kesilen cezalar\u0131 payla\u015farak, \u201cAntalya&#8217;dan \u0130stanbul&#8217;a yolculuk yapt\u0131m Bayram tatilinde bu \u00fc\u00e7 tanenin d\u0131\u015f\u0131nda bir tane daha var. Sadece gidi\u015f 15 bin lira ceza yazm\u0131\u015flar. Geli\u015fin makbuzlar\u0131 daha gelmedi. Yani ben u\u00e7arak da gitmedim gayet normal gittim. Ger\u00e7ekten bu cezalar tek kelimeyle zul\u00fcmd\u00fcr\u201d s\u00f6z konusu radar cezalar\u0131na olan isyan\u0131n\u0131 dile getirdi. RADAR CEZALARI Payla\u015f\u0131lan cezalara g\u00f6re Antalya\u2019dan \u0130stanbul\u2019a do\u011fru giden s\u00fcr\u00fcc\u00fcye Isparta\u2019da 9 bin 267 TL, Afyonkarahisar\u2019da 2 bin 167 TL, K\u00fctahya\u2019da ise 2 bin 167 TL para cezas\u0131 kesilmi\u015f. Toplam para cezas\u0131 13 bin 601 TL olarak hesapland\u0131. \u200bKurban Bayram\u0131\u2019nda Antalya\u2019dan \u0130stanbul\u2019a gitmekte olan bir vatanda\u015f sadece gidi\u015fte kendisine 15 bin TL\u2019lik radar cezas\u0131 kesildi\u011fini \u00f6ne s\u00fcrd\u00fc. Kendisine gelen radar cezalar\u0131na sosyal medya \u00fczerinden payla\u015fan vatanda\u015f, ya\u015fanan bu durumu tepki g\u00f6sterdi.\u00a0 \u200bHaberin Al\u0131nt\u0131land\u0131\u011f\u0131 Kaynak: www.antalyakorfez.com<\/p>","protected":false},"author":5,"featured_media":0,"comment_status":"","ping_status":"open","sticky":false,"template":"","format":"standard","meta":{"_acf_changed":false,"footnotes":""},"categories":[24],"tags":[],"class_list":["post-114203","post","type-post","status-publish","format-standard","has-post-thumbnail","hentry","category-gundem"],"acf":[],"yoast_head":"<!-- This site is optimized with the Yoast SEO Premium plugin v26.6 (Yoast SEO v27.1.1) - https:\/\/yoast.com\/product\/yoast-seo-premium-wordpress\/ -->\n<title>Antalyal\u0131 s\u00fcr\u00fcc\u00fcn\u00fcn ceza isyan\u0131: \u201c15 bin TL radar cezas\u0131 \u00f6dedim\u201d - Av. Deniz Can K\u0131z\u0131l<\/title>\n<meta name=\"robots\" content=\"index, follow, max-snippet:-1, max-image-preview:large, max-video-preview:-1\" \/>\n<link rel=\"canonical\" href=\"https:\/\/denizcankizil.tr\/uk\/haberler\/gundem\/antalyali-surucunun-ceza-isyani-15-bin-tl-radar-cezasi-odedim\/\" \/>\n<meta property=\"og:locale\" content=\"uk_UA\" \/>\n<meta property=\"og:type\" content=\"article\" \/>\n<meta property=\"og:title\" content=\"Antalyal\u0131 s\u00fcr\u00fcc\u00fcn\u00fcn ceza isyan\u0131: \u201c15 bin TL radar cezas\u0131 \u00f6dedim\u201d\" \/>\n<meta property=\"og:description\" content=\"Kurban Bayram\u0131\u2019nda Antalya\u2019dan \u0130stanbul\u2019a gitmeye \u00e7al\u0131\u015fan bir s\u00fcr\u00fcc\u00fc sosyal medya \u00fczerinden kesilen radar cezalar\u0131n isyan etti. Vatanda\u015f, sosyal medya \u00fczerinden yolcu\u011fu s\u0131ras\u0131nda tam 15 bin TL radar cezas\u0131 \u00f6dedi\u011fini \u00f6ne s\u00fcrd\u00fc ve kesilen cezalar\u0131n foto\u011fraf\u0131n\u0131 da payla\u015ft\u0131. \u201cBU CEZALAR TEK KEL\u0130MEYLE ZUL\u00dcMD\u00dcR\u201d Vatanda\u015f sosyal medya \u00fczerinden kesilen cezalar\u0131 payla\u015farak, \u201cAntalya&#8217;dan \u0130stanbul&#8217;a yolculuk yapt\u0131m Bayram tatilinde bu \u00fc\u00e7 tanenin d\u0131\u015f\u0131nda bir tane daha var. Sadece gidi\u015f 15 bin lira ceza yazm\u0131\u015flar. Geli\u015fin makbuzlar\u0131 daha gelmedi. Yani ben u\u00e7arak da gitmedim gayet normal gittim. Ger\u00e7ekten bu cezalar tek kelimeyle zul\u00fcmd\u00fcr\u201d s\u00f6z konusu radar cezalar\u0131na olan isyan\u0131n\u0131 dile getirdi. RADAR CEZALARI Payla\u015f\u0131lan cezalara g\u00f6re Antalya\u2019dan \u0130stanbul\u2019a do\u011fru giden s\u00fcr\u00fcc\u00fcye Isparta\u2019da 9 bin 267 TL, Afyonkarahisar\u2019da 2 bin 167 TL, K\u00fctahya\u2019da ise 2 bin 167 TL para cezas\u0131 kesilmi\u015f. Toplam para cezas\u0131 13 bin 601 TL olarak hesapland\u0131. \u200bKurban Bayram\u0131\u2019nda Antalya\u2019dan \u0130stanbul\u2019a gitmekte olan bir vatanda\u015f sadece gidi\u015fte kendisine 15 bin TL\u2019lik radar cezas\u0131 kesildi\u011fini \u00f6ne s\u00fcrd\u00fc. Kendisine gelen radar cezalar\u0131na sosyal medya \u00fczerinden payla\u015fan vatanda\u015f, ya\u015fanan bu durumu tepki g\u00f6sterdi.\u00a0 \u200bHaberin Al\u0131nt\u0131land\u0131\u011f\u0131 Kaynak: www.antalyakorfez.com\" \/>\n<meta property=\"og:url\" content=\"https:\/\/denizcankizil.tr\/uk\/haberler\/gundem\/antalyali-surucunun-ceza-isyani-15-bin-tl-radar-cezasi-odedim\/\" \/>\n<meta property=\"og:site_name\" content=\"Av. Deniz Can K\u0131z\u0131l\" \/>\n<meta property=\"article:published_time\" content=\"2025-06-12T04:41:19+00:00\" \/>\n<meta name=\"author\" content=\"Antalya K\u00f6rfez\" \/>\n<meta name=\"twitter:card\" content=\"summary_large_image\" \/>\n<meta name=\"twitter:label1\" content=\"\u041d\u0430\u043f\u0438\u0441\u0430\u043d\u043e\" \/>\n\t<meta name=\"twitter:data1\" content=\"Antalya K\u00f6rfez\" \/>\n\t<meta name=\"twitter:label2\" content=\"\u041f\u0440\u0438\u0431\u043b. \u0447\u0430\u0441 \u0447\u0438\u0442\u0430\u043d\u043d\u044f\" \/>\n\t<meta name=\"twitter:data2\" content=\"1 \u0445\u0432\u0438\u043b\u0438\u043d\u0430\" \/>\n<script type=\"application\/ld+json\" class=\"yoast-schema-graph\">{\"@context\":\"https:\/\/schema.org\",\"@graph\":[{\"@type\":\"Article\",\"@id\":\"https:\/\/denizcankizil.tr\/uk\/haberler\/gundem\/antalyali-surucunun-ceza-isyani-15-bin-tl-radar-cezasi-odedim\/#article\",\"isPartOf\":{\"@id\":\"https:\/\/denizcankizil.tr\/uk\/haberler\/gundem\/antalyali-surucunun-ceza-isyani-15-bin-tl-radar-cezasi-odedim\/\"},\"author\":{\"name\":\"Antalya K\u00f6rfez\",\"@id\":\"https:\/\/denizcankizil.tr\/#\/schema\/person\/e1eb71bb4dd684d46563f0af307e1234\"},\"headline\":\"Antalyal\u0131 s\u00fcr\u00fcc\u00fcn\u00fcn ceza isyan\u0131: \u201c15 bin TL radar cezas\u0131 \u00f6dedim\u201d\",\"datePublished\":\"2025-06-12T04:41:19+00:00\",\"mainEntityOfPage\":{\"@id\":\"https:\/\/denizcankizil.tr\/uk\/haberler\/gundem\/antalyali-surucunun-ceza-isyani-15-bin-tl-radar-cezasi-odedim\/\"},\"wordCount\":232,\"publisher\":{\"@id\":\"https:\/\/denizcankizil.tr\/#organization\"},\"articleSection\":[\"G\u00fcndem\"],\"inLanguage\":\"uk\"},{\"@type\":\"WebPage\",\"@id\":\"https:\/\/denizcankizil.tr\/uk\/haberler\/gundem\/antalyali-surucunun-ceza-isyani-15-bin-tl-radar-cezasi-odedim\/\",\"url\":\"https:\/\/denizcankizil.tr\/uk\/haberler\/gundem\/antalyali-surucunun-ceza-isyani-15-bin-tl-radar-cezasi-odedim\/\",\"name\":\"Antalyal\u0131 s\u00fcr\u00fcc\u00fcn\u00fcn ceza isyan\u0131: \u201c15 bin TL radar cezas\u0131 \u00f6dedim\u201d - Av. Deniz Can K\u0131z\u0131l\",\"isPartOf\":{\"@id\":\"https:\/\/denizcankizil.tr\/#website\"},\"datePublished\":\"2025-06-12T04:41:19+00:00\",\"breadcrumb\":{\"@id\":\"https:\/\/denizcankizil.tr\/uk\/haberler\/gundem\/antalyali-surucunun-ceza-isyani-15-bin-tl-radar-cezasi-odedim\/#breadcrumb\"},\"inLanguage\":\"uk\",\"potentialAction\":[{\"@type\":\"ReadAction\",\"target\":[\"https:\/\/denizcankizil.tr\/uk\/haberler\/gundem\/antalyali-surucunun-ceza-isyani-15-bin-tl-radar-cezasi-odedim\/\"]}]},{\"@type\":\"BreadcrumbList\",\"@id\":\"https:\/\/denizcankizil.tr\/uk\/haberler\/gundem\/antalyali-surucunun-ceza-isyani-15-bin-tl-radar-cezasi-odedim\/#breadcrumb\",\"itemListElement\":[{\"@type\":\"ListItem\",\"position\":1,\"name\":\"Home\",\"item\":\"https:\/\/denizcankizil.tr\/de\/\"},{\"@type\":\"ListItem\",\"position\":2,\"name\":\"Antalyal\u0131 s\u00fcr\u00fcc\u00fcn\u00fcn ceza isyan\u0131: \u201c15 bin TL radar cezas\u0131 \u00f6dedim\u201d\"}]},{\"@type\":\"WebSite\",\"@id\":\"https:\/\/denizcankizil.tr\/#website\",\"url\":\"https:\/\/denizcankizil.tr\/\",\"name\":\"Av. Deniz Can K\u0131z\u0131l\",\"description\":\"Avukat Deniz Can K\u0131z\u0131l Antalya Barosu\",\"publisher\":{\"@id\":\"https:\/\/denizcankizil.tr\/#organization\"},\"potentialAction\":[{\"@type\":\"SearchAction\",\"target\":{\"@type\":\"EntryPoint\",\"urlTemplate\":\"https:\/\/denizcankizil.tr\/?s={search_term_string}\"},\"query-input\":{\"@type\":\"PropertyValueSpecification\",\"valueRequired\":true,\"valueName\":\"search_term_string\"}}],\"inLanguage\":\"uk\"},{\"@type\":\"Organization\",\"@id\":\"https:\/\/denizcankizil.tr\/#organization\",\"name\":\"Av. Deniz Can K\u0131z\u0131l\",\"url\":\"https:\/\/denizcankizil.tr\/\",\"logo\":{\"@type\":\"ImageObject\",\"inLanguage\":\"uk\",\"@id\":\"https:\/\/denizcankizil.tr\/#\/schema\/logo\/image\/\",\"url\":\"https:\/\/denizcankizil.tr\/wp-content\/uploads\/2024\/10\/siyah-logo-svg.svg\",\"contentUrl\":\"https:\/\/denizcankizil.tr\/wp-content\/uploads\/2024\/10\/siyah-logo-svg.svg\",\"width\":1080,\"height\":1080,\"caption\":\"Av. Deniz Can K\u0131z\u0131l\"},\"image\":{\"@id\":\"https:\/\/denizcankizil.tr\/#\/schema\/logo\/image\/\"}},{\"@type\":\"Person\",\"@id\":\"https:\/\/denizcankizil.tr\/#\/schema\/person\/e1eb71bb4dd684d46563f0af307e1234\",\"name\":\"Antalya K\u00f6rfez\",\"image\":{\"@type\":\"ImageObject\",\"inLanguage\":\"uk\",\"@id\":\"https:\/\/denizcankizil.tr\/#\/schema\/person\/image\/\",\"url\":\"https:\/\/secure.gravatar.com\/avatar\/42b01982558a48a0b501fdcab6a408d3717ea5919095ee2e67b0e521799c5905?s=96&d=mm&r=g\",\"contentUrl\":\"https:\/\/secure.gravatar.com\/avatar\/42b01982558a48a0b501fdcab6a408d3717ea5919095ee2e67b0e521799c5905?s=96&d=mm&r=g\",\"caption\":\"Antalya K\u00f6rfez\"},\"sameAs\":[\"http:\/\/www.antalyakorfez.com\"],\"url\":\"https:\/\/www.antalyakorfez.com\/antalyali-surucunun-ceza-isyani-15-bin-tl-radar-cezasi-odedim\"}]}<\/script>\n<!-- \/ Yoast SEO Premium plugin. -->","yoast_head_json":{"title":"Antalyal\u0131 s\u00fcr\u00fcc\u00fcn\u00fcn ceza isyan\u0131: \u201c15 bin TL radar cezas\u0131 \u00f6dedim\u201d - Av. Deniz Can K\u0131z\u0131l","robots":{"index":"index","follow":"follow","max-snippet":"max-snippet:-1","max-image-preview":"max-image-preview:large","max-video-preview":"max-video-preview:-1"},"canonical":"https:\/\/denizcankizil.tr\/uk\/haberler\/gundem\/antalyali-surucunun-ceza-isyani-15-bin-tl-radar-cezasi-odedim\/","og_locale":"uk_UA","og_type":"article","og_title":"Antalyal\u0131 s\u00fcr\u00fcc\u00fcn\u00fcn ceza isyan\u0131: \u201c15 bin TL radar cezas\u0131 \u00f6dedim\u201d","og_description":"Kurban Bayram\u0131\u2019nda Antalya\u2019dan \u0130stanbul\u2019a gitmeye \u00e7al\u0131\u015fan bir s\u00fcr\u00fcc\u00fc sosyal medya \u00fczerinden kesilen radar cezalar\u0131n isyan etti. Vatanda\u015f, sosyal medya \u00fczerinden yolcu\u011fu s\u0131ras\u0131nda tam 15 bin TL radar cezas\u0131 \u00f6dedi\u011fini \u00f6ne s\u00fcrd\u00fc ve kesilen cezalar\u0131n foto\u011fraf\u0131n\u0131 da payla\u015ft\u0131. \u201cBU CEZALAR TEK KEL\u0130MEYLE ZUL\u00dcMD\u00dcR\u201d Vatanda\u015f sosyal medya \u00fczerinden kesilen cezalar\u0131 payla\u015farak, \u201cAntalya&#8217;dan \u0130stanbul&#8217;a yolculuk yapt\u0131m Bayram tatilinde bu \u00fc\u00e7 tanenin d\u0131\u015f\u0131nda bir tane daha var. Sadece gidi\u015f 15 bin lira ceza yazm\u0131\u015flar. Geli\u015fin makbuzlar\u0131 daha gelmedi. Yani ben u\u00e7arak da gitmedim gayet normal gittim. Ger\u00e7ekten bu cezalar tek kelimeyle zul\u00fcmd\u00fcr\u201d s\u00f6z konusu radar cezalar\u0131na olan isyan\u0131n\u0131 dile getirdi. RADAR CEZALARI Payla\u015f\u0131lan cezalara g\u00f6re Antalya\u2019dan \u0130stanbul\u2019a do\u011fru giden s\u00fcr\u00fcc\u00fcye Isparta\u2019da 9 bin 267 TL, Afyonkarahisar\u2019da 2 bin 167 TL, K\u00fctahya\u2019da ise 2 bin 167 TL para cezas\u0131 kesilmi\u015f. Toplam para cezas\u0131 13 bin 601 TL olarak hesapland\u0131. \u200bKurban Bayram\u0131\u2019nda Antalya\u2019dan \u0130stanbul\u2019a gitmekte olan bir vatanda\u015f sadece gidi\u015fte kendisine 15 bin TL\u2019lik radar cezas\u0131 kesildi\u011fini \u00f6ne s\u00fcrd\u00fc. Kendisine gelen radar cezalar\u0131na sosyal medya \u00fczerinden payla\u015fan vatanda\u015f, ya\u015fanan bu durumu tepki g\u00f6sterdi.\u00a0 \u200bHaberin Al\u0131nt\u0131land\u0131\u011f\u0131 Kaynak: www.antalyakorfez.com","og_url":"https:\/\/denizcankizil.tr\/uk\/haberler\/gundem\/antalyali-surucunun-ceza-isyani-15-bin-tl-radar-cezasi-odedim\/","og_site_name":"Av. Deniz Can K\u0131z\u0131l","article_published_time":"2025-06-12T04:41:19+00:00","author":"Antalya K\u00f6rfez","twitter_card":"summary_large_image","twitter_misc":{"\u041d\u0430\u043f\u0438\u0441\u0430\u043d\u043e":"Antalya K\u00f6rfez","\u041f\u0440\u0438\u0431\u043b. \u0447\u0430\u0441 \u0447\u0438\u0442\u0430\u043d\u043d\u044f":"1 \u0445\u0432\u0438\u043b\u0438\u043d\u0430"},"schema":{"@context":"https:\/\/schema.org","@graph":[{"@type":"Article","@id":"https:\/\/denizcankizil.tr\/uk\/haberler\/gundem\/antalyali-surucunun-ceza-isyani-15-bin-tl-radar-cezasi-odedim\/#article","isPartOf":{"@id":"https:\/\/denizcankizil.tr\/uk\/haberler\/gundem\/antalyali-surucunun-ceza-isyani-15-bin-tl-radar-cezasi-odedim\/"},"author":{"name":"Antalya K\u00f6rfez","@id":"https:\/\/denizcankizil.tr\/#\/schema\/person\/e1eb71bb4dd684d46563f0af307e1234"},"headline":"Antalyal\u0131 s\u00fcr\u00fcc\u00fcn\u00fcn ceza isyan\u0131: \u201c15 bin TL radar cezas\u0131 \u00f6dedim\u201d","datePublished":"2025-06-12T04:41:19+00:00","mainEntityOfPage":{"@id":"https:\/\/denizcankizil.tr\/uk\/haberler\/gundem\/antalyali-surucunun-ceza-isyani-15-bin-tl-radar-cezasi-odedim\/"},"wordCount":232,"publisher":{"@id":"https:\/\/denizcankizil.tr\/#organization"},"articleSection":["G\u00fcndem"],"inLanguage":"uk"},{"@type":"WebPage","@id":"https:\/\/denizcankizil.tr\/uk\/haberler\/gundem\/antalyali-surucunun-ceza-isyani-15-bin-tl-radar-cezasi-odedim\/","url":"https:\/\/denizcankizil.tr\/uk\/haberler\/gundem\/antalyali-surucunun-ceza-isyani-15-bin-tl-radar-cezasi-odedim\/","name":"Antalyal\u0131 s\u00fcr\u00fcc\u00fcn\u00fcn ceza isyan\u0131: \u201c15 bin TL radar cezas\u0131 \u00f6dedim\u201d - Av. Deniz Can K\u0131z\u0131l","isPartOf":{"@id":"https:\/\/denizcankizil.tr\/#website"},"datePublished":"2025-06-12T04:41:19+00:00","breadcrumb":{"@id":"https:\/\/denizcankizil.tr\/uk\/haberler\/gundem\/antalyali-surucunun-ceza-isyani-15-bin-tl-radar-cezasi-odedim\/#breadcrumb"},"inLanguage":"uk","potentialAction":[{"@type":"ReadAction","target":["https:\/\/denizcankizil.tr\/uk\/haberler\/gundem\/antalyali-surucunun-ceza-isyani-15-bin-tl-radar-cezasi-odedim\/"]}]},{"@type":"BreadcrumbList","@id":"https:\/\/denizcankizil.tr\/uk\/haberler\/gundem\/antalyali-surucunun-ceza-isyani-15-bin-tl-radar-cezasi-odedim\/#breadcrumb","itemListElement":[{"@type":"ListItem","position":1,"name":"Home","item":"https:\/\/denizcankizil.tr\/de\/"},{"@type":"ListItem","position":2,"name":"Antalyal\u0131 s\u00fcr\u00fcc\u00fcn\u00fcn ceza isyan\u0131: \u201c15 bin TL radar cezas\u0131 \u00f6dedim\u201d"}]},{"@type":"WebSite","@id":"https:\/\/denizcankizil.tr\/#website","url":"https:\/\/denizcankizil.tr\/","name":"Av. Deniz Can K\u0131z\u0131l","description":"Avukat Deniz Can K\u0131z\u0131l Antalya Barosu","publisher":{"@id":"https:\/\/denizcankizil.tr\/#organization"},"potentialAction":[{"@type":"SearchAction","target":{"@type":"EntryPoint","urlTemplate":"https:\/\/denizcankizil.tr\/?s={search_term_string}"},"query-input":{"@type":"PropertyValueSpecification","valueRequired":true,"valueName":"search_term_string"}}],"inLanguage":"uk"},{"@type":"Organization","@id":"https:\/\/denizcankizil.tr\/#organization","name":"Av. Deniz Can K\u0131z\u0131l","url":"https:\/\/denizcankizil.tr\/","logo":{"@type":"ImageObject","inLanguage":"uk","@id":"https:\/\/denizcankizil.tr\/#\/schema\/logo\/image\/","url":"https:\/\/denizcankizil.tr\/wp-content\/uploads\/2024\/10\/siyah-logo-svg.svg","contentUrl":"https:\/\/denizcankizil.tr\/wp-content\/uploads\/2024\/10\/siyah-logo-svg.svg","width":1080,"height":1080,"caption":"Av. Deniz Can K\u0131z\u0131l"},"image":{"@id":"https:\/\/denizcankizil.tr\/#\/schema\/logo\/image\/"}},{"@type":"Person","@id":"https:\/\/denizcankizil.tr\/#\/schema\/person\/e1eb71bb4dd684d46563f0af307e1234","name":"Antalya K\u00f6rfez","image":{"@type":"ImageObject","inLanguage":"uk","@id":"https:\/\/denizcankizil.tr\/#\/schema\/person\/image\/","url":"https:\/\/secure.gravatar.com\/avatar\/42b01982558a48a0b501fdcab6a408d3717ea5919095ee2e67b0e521799c5905?s=96&d=mm&r=g","contentUrl":"https:\/\/secure.gravatar.com\/avatar\/42b01982558a48a0b501fdcab6a408d3717ea5919095ee2e67b0e521799c5905?s=96&d=mm&r=g","caption":"Antalya K\u00f6rfez"},"sameAs":["http:\/\/www.antalyakorfez.com"],"url":"https:\/\/www.antalyakorfez.com\/antalyali-surucunun-ceza-isyani-15-bin-tl-radar-cezasi-odedim"}]}},"_links":{"self":[{"href":"https:\/\/denizcankizil.tr\/uk\/wp-json\/wp\/v2\/posts\/114203","targetHints":{"allow":["GET"]}}],"collection":[{"href":"https:\/\/denizcankizil.tr\/uk\/wp-json\/wp\/v2\/posts"}],"about":[{"href":"https:\/\/denizcankizil.tr\/uk\/wp-json\/wp\/v2\/types\/post"}],"author":[{"embeddable":true,"href":"https:\/\/denizcankizil.tr\/uk\/wp-json\/wp\/v2\/users\/5"}],"replies":[{"embeddable":true,"href":"https:\/\/denizcankizil.tr\/uk\/wp-json\/wp\/v2\/comments?post=114203"}],"version-history":[{"count":0,"href":"https:\/\/denizcankizil.tr\/uk\/wp-json\/wp\/v2\/posts\/114203\/revisions"}],"wp:attachment":[{"href":"https:\/\/denizcankizil.tr\/uk\/wp-json\/wp\/v2\/media?parent=114203"}],"wp:term":[{"taxonomy":"category","embeddable":true,"href":"https:\/\/denizcankizil.tr\/uk\/wp-json\/wp\/v2\/categories?post=114203"},{"taxonomy":"post_tag","embeddable":true,"href":"https:\/\/denizcankizil.tr\/uk\/wp-json\/wp\/v2\/tags?post=114203"}],"curies":[{"name":"wp","href":"https:\/\/api.w.org\/{rel}","templated":true}]}}