{"id":113718,"date":"2025-06-11T18:41:17","date_gmt":"2025-06-11T15:41:17","guid":{"rendered":"https:\/\/denizcankizil.tr\/uncategorized-tr\/tanju-ozcandan-umit-ozdag-cikisi-hukuk-kitaplarimi-yakacagim\/"},"modified":"2025-06-11T18:41:17","modified_gmt":"2025-06-11T15:41:17","slug":"tanju-ozcandan-umit-ozdag-cikisi-hukuk-kitaplarimi-yakacagim","status":"publish","type":"post","link":"https:\/\/denizcankizil.tr\/uk\/haberler\/gundem\/tanju-ozcandan-umit-ozdag-cikisi-hukuk-kitaplarimi-yakacagim\/","title":{"rendered":"Tanju \u00d6zcan&#8217;dan \u00dcmit \u00d6zda\u011f \u00e7\u0131k\u0131\u015f\u0131: Hukuk kitaplar\u0131m\u0131 yakaca\u011f\u0131m!"},"content":{"rendered":"<p>Zafer Partisi Genel Ba\u015fkan\u0131 \u00dcmit \u00d6zda\u011f, &#8220;halk\u0131 kin ve d\u00fc\u015fmanl\u0131\u011fa tahrik veya a\u015fa\u011f\u0131lama&#8221; su\u00e7lamas\u0131yla Silivri&#8217;de yarg\u0131lanmaya ba\u015flad\u0131. \u0130stanbul 18. Asliye Ceza Mahkemesince Silivri&#8217;deki Marmara Kapal\u0131 Ceza \u0130nfaz Kurumu&#8217;nun kar\u015f\u0131s\u0131nda bulunan salonda yap\u0131lan duru\u015fmada, tutuklu san\u0131k \u00dcmit \u00d6zda\u011f ile avukatlar\u0131 haz\u0131r bulundu.<\/p>\n<p>Zafer Partisi&#8217;nin genel ba\u015fkan yard\u0131mc\u0131lar\u0131 ve baz\u0131 parti y\u00f6neticileri, CHP \u015eanl\u0131urfa Milletvekili Mahmut Tanal ile Trabzon Milletvekili Sibel Sui\u00e7mez, \u0130Y\u0130 Parti Kocaeli Milletvekili L\u00fctf\u00fc T\u00fcrkkan, T\u00fcrkiye Barolar Birli\u011fi (TBB) Ba\u015fkan\u0131 Erin\u00e7 Sa\u011fkan, Ba\u011f\u0131ms\u0131z T\u00fcrkiye Partisi Genel Ba\u015fkan\u0131 H\u00fcseyin Ba\u015f ve Sinan Ate\u015f&#8217;in annesi Saniye Ate\u015f izleyici olarak yer ald\u0131.<\/p>\n<p>4,5 YILA KADAR HAP\u0130S TALEB\u0130<\/p>\n<p>\u00dcmit \u00d6zda\u011f savunmas\u0131nda; siyasi uyar\u0131lar\u0131n\u0131n T\u00fcrk milletine ve T\u00fcrk devletine kar\u015f\u0131 g\u00f6revi oldu\u011fu belirtti, tek ki\u015filik h\u00fccrede anayasal haklar\u0131n\u0131n \u00e7i\u011fnendi\u011fini s\u00f6yledi. \u00d6zda\u011f ve avukatlar\u0131n\u0131n savunmas\u0131n\u0131n al\u0131nd\u0131\u011f\u0131 duru\u015fmada cumhuriyet savc\u0131s\u0131, davan\u0131n esas\u0131na ili\u015fkin m\u00fctalaas\u0131n\u0131 a\u00e7\u0131klad\u0131. Savc\u0131n\u0131n m\u00fctalaas\u0131nda, \u00d6zda\u011f&#8217;\u0131n &#8220;halk\u0131 kin ve d\u00fc\u015fmanl\u0131\u011fa tahrik veya a\u015fa\u011f\u0131lama&#8221; su\u00e7undan 1,5 y\u0131ldan 4,5 y\u0131la kadar hapisle cezaland\u0131r\u0131lmas\u0131 ve tutukluluk halinin devam\u0131na karar verilmesi talep edildi.<\/p>\n<p>KARAR DURU\u015eMASI 17 HAZ\u0130RAN&#8217;DA<\/p>\n<p>M\u00fctalaada, \u00d6zda\u011f hakk\u0131nda T\u00fcrk Ceza Kanunu&#8217;nun 53. maddesinde yer alan &#8220;belli haklar\u0131 kullanmaktan yoksun b\u0131rak\u0131lma&#8221; h\u00fckm\u00fcn\u00fcn uygulanmas\u0131 istendi. Mahkeme heyeti, \u00dcmit \u00d6zda\u011f&#8217;\u0131n tutuklulu\u011funun devam\u0131na karar verdi. Bir sonraki duru\u015fma 17 Haziran Sal\u0131 g\u00fcn\u00fcne ertelendi.<\/p>\n<p>&#8220;HUKUK FAK\u00dcLTES\u0130 K\u0130TAPLARIMI YAKACA\u011eIM&#8221;<\/p>\n<p>Duru\u015fma sonras\u0131 sosyal medya hesab\u0131ndan yaz\u0131l\u0131 bir a\u00e7\u0131klama yapan Bolu Belediye Ba\u015fkan\u0131 Tanju \u00d6zcan, karara sert tepki g\u00f6sterdi. Ankara \u00dcniversitesi Hukuk Fak\u00fcltesi mezunu oldu\u011funu hat\u0131rlatan \u00d6zcan, &#8220;Dosyay\u0131 bilen ciddi bir hukuk\u00e7u olarak s\u00f6yl\u00fcyorum! Sn \u00dcmit \u00d6zda\u011f\u2019\u0131n ceza almas\u0131 m\u00fcmk\u00fcn de\u011fildir! Hasbelkader verilse bile derhal TAHL\u0130YES\u0130 zaten tart\u0131\u015fma konusu olamaz! Hala adalete inanmak istiyorum! Tersi olur ise bana Ankara Hukuk&#8217;ta okutulan kitaplar\u0131 toptan yakaca\u011f\u0131m&#8221; dedi.<\/p>\n<p>NE OLMU\u015eTU?<\/p>\n<p>&#8220;Cumhurba\u015fkan\u0131&#8217;na hakaret&#8221; iddias\u0131yla 20 Ocak&#8217;ta g\u00f6zalt\u0131na al\u0131nan \u00dcmit \u00d6zda\u011f, daha sonra &#8220;halk\u0131 kin ve d\u00fc\u015fmanl\u0131\u011fa tahrik etmek&#8221;le su\u00e7lanm\u0131\u015ft\u0131. 30 Haziran 2024&#8217;te Kayseri&#8217;de yabanc\u0131 uyruklu bir zanl\u0131 bir \u00e7ocu\u011fu taciz etmi\u015f, ard\u0131ndan da 800&#8217;den fazla ki\u015finin g\u00f6zalt\u0131na al\u0131nd\u0131\u011f\u0131 olaylar meydana gelmi\u015fti. \u00d6zda\u011f&#8217;\u0131n sosyal medya payla\u015f\u0131mlar\u0131yla olay\u0131 k\u0131\u015fk\u0131rtt\u0131\u011f\u0131 \u00f6ne s\u00fcr\u00fclm\u00fc\u015ft\u00fc.<\/p>\n<p>\u200bBolu Belediye Ba\u015fkan\u0131 Tanju \u00d6zcan, Zafer Partisi Genel Ba\u015fkan\u0131 \u00dcmit \u00d6zda\u011f&#8217;\u0131n tutukluluk halinin devam\u0131na ili\u015fkin mahkeme karar\u0131na tepki g\u00f6sterdi. Ankara \u00dcniversitesi Hukuk Fak\u00fcltesi mezunu oldu\u011funu hat\u0131rlatan \u00d6zcan, &#8220;\u00dcmit \u00d6zda\u011f\u2019\u0131n tahliyesi tart\u0131\u015fma konusu olamaz! Tersi olur ise Ankara Hukuk&#8217;ta okutulan kitaplar\u0131 toptan yakaca\u011f\u0131m&#8221; dedi.\u00a0<\/p>\n<p>\u200bHaberin Al\u0131nt\u0131land\u0131\u011f\u0131 Kaynak: www.antalyakorfez.com<\/p>","protected":false},"excerpt":{"rendered":"<p>Zafer Partisi Genel Ba\u015fkan\u0131 \u00dcmit \u00d6zda\u011f, &#8220;halk\u0131 kin ve d\u00fc\u015fmanl\u0131\u011fa tahrik veya a\u015fa\u011f\u0131lama&#8221; su\u00e7lamas\u0131yla Silivri&#8217;de yarg\u0131lanmaya ba\u015flad\u0131. \u0130stanbul 18. Asliye Ceza Mahkemesince Silivri&#8217;deki Marmara Kapal\u0131 Ceza \u0130nfaz Kurumu&#8217;nun kar\u015f\u0131s\u0131nda bulunan salonda yap\u0131lan duru\u015fmada, tutuklu san\u0131k \u00dcmit \u00d6zda\u011f ile avukatlar\u0131 haz\u0131r bulundu. Zafer Partisi&#8217;nin genel ba\u015fkan yard\u0131mc\u0131lar\u0131 ve baz\u0131 parti y\u00f6neticileri, CHP \u015eanl\u0131urfa Milletvekili Mahmut Tanal ile Trabzon Milletvekili Sibel Sui\u00e7mez, \u0130Y\u0130 Parti Kocaeli Milletvekili L\u00fctf\u00fc T\u00fcrkkan, T\u00fcrkiye Barolar Birli\u011fi (TBB) Ba\u015fkan\u0131 Erin\u00e7 Sa\u011fkan, Ba\u011f\u0131ms\u0131z T\u00fcrkiye Partisi Genel Ba\u015fkan\u0131 H\u00fcseyin Ba\u015f ve Sinan Ate\u015f&#8217;in annesi Saniye Ate\u015f izleyici olarak yer ald\u0131. 4,5 YILA KADAR HAP\u0130S TALEB\u0130 \u00dcmit \u00d6zda\u011f savunmas\u0131nda; siyasi uyar\u0131lar\u0131n\u0131n T\u00fcrk milletine ve T\u00fcrk devletine kar\u015f\u0131 g\u00f6revi oldu\u011fu belirtti, tek ki\u015filik h\u00fccrede anayasal haklar\u0131n\u0131n \u00e7i\u011fnendi\u011fini s\u00f6yledi. \u00d6zda\u011f ve avukatlar\u0131n\u0131n savunmas\u0131n\u0131n al\u0131nd\u0131\u011f\u0131 duru\u015fmada cumhuriyet savc\u0131s\u0131, davan\u0131n esas\u0131na ili\u015fkin m\u00fctalaas\u0131n\u0131 a\u00e7\u0131klad\u0131. Savc\u0131n\u0131n m\u00fctalaas\u0131nda, \u00d6zda\u011f&#8217;\u0131n &#8220;halk\u0131 kin ve d\u00fc\u015fmanl\u0131\u011fa tahrik veya a\u015fa\u011f\u0131lama&#8221; su\u00e7undan 1,5 y\u0131ldan 4,5 y\u0131la kadar hapisle cezaland\u0131r\u0131lmas\u0131 ve tutukluluk halinin devam\u0131na karar verilmesi talep edildi. KARAR DURU\u015eMASI 17 HAZ\u0130RAN&#8217;DA M\u00fctalaada, \u00d6zda\u011f hakk\u0131nda T\u00fcrk Ceza Kanunu&#8217;nun 53. maddesinde yer alan &#8220;belli haklar\u0131 kullanmaktan yoksun b\u0131rak\u0131lma&#8221; h\u00fckm\u00fcn\u00fcn uygulanmas\u0131 istendi. Mahkeme heyeti, \u00dcmit \u00d6zda\u011f&#8217;\u0131n tutuklulu\u011funun devam\u0131na karar verdi. Bir sonraki duru\u015fma 17 Haziran Sal\u0131 g\u00fcn\u00fcne ertelendi. &#8220;HUKUK FAK\u00dcLTES\u0130 K\u0130TAPLARIMI YAKACA\u011eIM&#8221; Duru\u015fma sonras\u0131 sosyal &hellip;<\/p>","protected":false},"author":5,"featured_media":0,"comment_status":"","ping_status":"open","sticky":false,"template":"","format":"standard","meta":{"_acf_changed":false,"footnotes":""},"categories":[24],"tags":[],"class_list":["post-113718","post","type-post","status-publish","format-standard","has-post-thumbnail","hentry","category-gundem"],"acf":[],"yoast_head":"<!-- This site is optimized with the Yoast SEO Premium plugin v26.6 (Yoast SEO v27.1.1) - https:\/\/yoast.com\/product\/yoast-seo-premium-wordpress\/ -->\n<title>Tanju \u00d6zcan&#039;dan \u00dcmit \u00d6zda\u011f \u00e7\u0131k\u0131\u015f\u0131: Hukuk kitaplar\u0131m\u0131 yakaca\u011f\u0131m! - Av. Deniz Can K\u0131z\u0131l<\/title>\n<meta name=\"robots\" content=\"index, follow, max-snippet:-1, max-image-preview:large, max-video-preview:-1\" \/>\n<link rel=\"canonical\" href=\"https:\/\/denizcankizil.tr\/uk\/haberler\/gundem\/tanju-ozcandan-umit-ozdag-cikisi-hukuk-kitaplarimi-yakacagim\/\" \/>\n<meta property=\"og:locale\" content=\"uk_UA\" \/>\n<meta property=\"og:type\" content=\"article\" \/>\n<meta property=\"og:title\" content=\"Tanju \u00d6zcan&#039;dan \u00dcmit \u00d6zda\u011f \u00e7\u0131k\u0131\u015f\u0131: Hukuk kitaplar\u0131m\u0131 yakaca\u011f\u0131m!\" \/>\n<meta property=\"og:description\" content=\"Zafer Partisi Genel Ba\u015fkan\u0131 \u00dcmit \u00d6zda\u011f, &#8220;halk\u0131 kin ve d\u00fc\u015fmanl\u0131\u011fa tahrik veya a\u015fa\u011f\u0131lama&#8221; su\u00e7lamas\u0131yla Silivri&#8217;de yarg\u0131lanmaya ba\u015flad\u0131. \u0130stanbul 18. Asliye Ceza Mahkemesince Silivri&#8217;deki Marmara Kapal\u0131 Ceza \u0130nfaz Kurumu&#8217;nun kar\u015f\u0131s\u0131nda bulunan salonda yap\u0131lan duru\u015fmada, tutuklu san\u0131k \u00dcmit \u00d6zda\u011f ile avukatlar\u0131 haz\u0131r bulundu. Zafer Partisi&#8217;nin genel ba\u015fkan yard\u0131mc\u0131lar\u0131 ve baz\u0131 parti y\u00f6neticileri, CHP \u015eanl\u0131urfa Milletvekili Mahmut Tanal ile Trabzon Milletvekili Sibel Sui\u00e7mez, \u0130Y\u0130 Parti Kocaeli Milletvekili L\u00fctf\u00fc T\u00fcrkkan, T\u00fcrkiye Barolar Birli\u011fi (TBB) Ba\u015fkan\u0131 Erin\u00e7 Sa\u011fkan, Ba\u011f\u0131ms\u0131z T\u00fcrkiye Partisi Genel Ba\u015fkan\u0131 H\u00fcseyin Ba\u015f ve Sinan Ate\u015f&#8217;in annesi Saniye Ate\u015f izleyici olarak yer ald\u0131. 4,5 YILA KADAR HAP\u0130S TALEB\u0130 \u00dcmit \u00d6zda\u011f savunmas\u0131nda; siyasi uyar\u0131lar\u0131n\u0131n T\u00fcrk milletine ve T\u00fcrk devletine kar\u015f\u0131 g\u00f6revi oldu\u011fu belirtti, tek ki\u015filik h\u00fccrede anayasal haklar\u0131n\u0131n \u00e7i\u011fnendi\u011fini s\u00f6yledi. \u00d6zda\u011f ve avukatlar\u0131n\u0131n savunmas\u0131n\u0131n al\u0131nd\u0131\u011f\u0131 duru\u015fmada cumhuriyet savc\u0131s\u0131, davan\u0131n esas\u0131na ili\u015fkin m\u00fctalaas\u0131n\u0131 a\u00e7\u0131klad\u0131. Savc\u0131n\u0131n m\u00fctalaas\u0131nda, \u00d6zda\u011f&#8217;\u0131n &#8220;halk\u0131 kin ve d\u00fc\u015fmanl\u0131\u011fa tahrik veya a\u015fa\u011f\u0131lama&#8221; su\u00e7undan 1,5 y\u0131ldan 4,5 y\u0131la kadar hapisle cezaland\u0131r\u0131lmas\u0131 ve tutukluluk halinin devam\u0131na karar verilmesi talep edildi. KARAR DURU\u015eMASI 17 HAZ\u0130RAN&#8217;DA M\u00fctalaada, \u00d6zda\u011f hakk\u0131nda T\u00fcrk Ceza Kanunu&#8217;nun 53. maddesinde yer alan &#8220;belli haklar\u0131 kullanmaktan yoksun b\u0131rak\u0131lma&#8221; h\u00fckm\u00fcn\u00fcn uygulanmas\u0131 istendi. Mahkeme heyeti, \u00dcmit \u00d6zda\u011f&#8217;\u0131n tutuklulu\u011funun devam\u0131na karar verdi. Bir sonraki duru\u015fma 17 Haziran Sal\u0131 g\u00fcn\u00fcne ertelendi. &#8220;HUKUK FAK\u00dcLTES\u0130 K\u0130TAPLARIMI YAKACA\u011eIM&#8221; Duru\u015fma sonras\u0131 sosyal &hellip;\" \/>\n<meta property=\"og:url\" content=\"https:\/\/denizcankizil.tr\/uk\/haberler\/gundem\/tanju-ozcandan-umit-ozdag-cikisi-hukuk-kitaplarimi-yakacagim\/\" \/>\n<meta property=\"og:site_name\" content=\"Av. Deniz Can K\u0131z\u0131l\" \/>\n<meta property=\"article:published_time\" content=\"2025-06-11T15:41:17+00:00\" \/>\n<meta name=\"author\" content=\"Antalya K\u00f6rfez\" \/>\n<meta name=\"twitter:card\" content=\"summary_large_image\" \/>\n<meta name=\"twitter:label1\" content=\"\u041d\u0430\u043f\u0438\u0441\u0430\u043d\u043e\" \/>\n\t<meta name=\"twitter:data1\" content=\"Antalya K\u00f6rfez\" \/>\n\t<meta name=\"twitter:label2\" content=\"\u041f\u0440\u0438\u0431\u043b. \u0447\u0430\u0441 \u0447\u0438\u0442\u0430\u043d\u043d\u044f\" \/>\n\t<meta name=\"twitter:data2\" content=\"3 \u0445\u0432\u0438\u043b\u0438\u043d\u0438\" \/>\n<script type=\"application\/ld+json\" class=\"yoast-schema-graph\">{\"@context\":\"https:\/\/schema.org\",\"@graph\":[{\"@type\":\"Article\",\"@id\":\"https:\/\/denizcankizil.tr\/uk\/haberler\/gundem\/tanju-ozcandan-umit-ozdag-cikisi-hukuk-kitaplarimi-yakacagim\/#article\",\"isPartOf\":{\"@id\":\"https:\/\/denizcankizil.tr\/uk\/haberler\/gundem\/tanju-ozcandan-umit-ozdag-cikisi-hukuk-kitaplarimi-yakacagim\/\"},\"author\":{\"name\":\"Antalya K\u00f6rfez\",\"@id\":\"https:\/\/denizcankizil.tr\/de\/#\/schema\/person\/e1eb71bb4dd684d46563f0af307e1234\"},\"headline\":\"Tanju \u00d6zcan&#8217;dan \u00dcmit \u00d6zda\u011f \u00e7\u0131k\u0131\u015f\u0131: Hukuk kitaplar\u0131m\u0131 yakaca\u011f\u0131m!\",\"datePublished\":\"2025-06-11T15:41:17+00:00\",\"mainEntityOfPage\":{\"@id\":\"https:\/\/denizcankizil.tr\/uk\/haberler\/gundem\/tanju-ozcandan-umit-ozdag-cikisi-hukuk-kitaplarimi-yakacagim\/\"},\"wordCount\":529,\"publisher\":{\"@id\":\"https:\/\/denizcankizil.tr\/de\/#organization\"},\"articleSection\":[\"G\u00fcndem\"],\"inLanguage\":\"uk\"},{\"@type\":\"WebPage\",\"@id\":\"https:\/\/denizcankizil.tr\/uk\/haberler\/gundem\/tanju-ozcandan-umit-ozdag-cikisi-hukuk-kitaplarimi-yakacagim\/\",\"url\":\"https:\/\/denizcankizil.tr\/uk\/haberler\/gundem\/tanju-ozcandan-umit-ozdag-cikisi-hukuk-kitaplarimi-yakacagim\/\",\"name\":\"Tanju \u00d6zcan'dan \u00dcmit \u00d6zda\u011f \u00e7\u0131k\u0131\u015f\u0131: Hukuk kitaplar\u0131m\u0131 yakaca\u011f\u0131m! - Av. Deniz Can K\u0131z\u0131l\",\"isPartOf\":{\"@id\":\"https:\/\/denizcankizil.tr\/de\/#website\"},\"datePublished\":\"2025-06-11T15:41:17+00:00\",\"breadcrumb\":{\"@id\":\"https:\/\/denizcankizil.tr\/uk\/haberler\/gundem\/tanju-ozcandan-umit-ozdag-cikisi-hukuk-kitaplarimi-yakacagim\/#breadcrumb\"},\"inLanguage\":\"uk\",\"potentialAction\":[{\"@type\":\"ReadAction\",\"target\":[\"https:\/\/denizcankizil.tr\/uk\/haberler\/gundem\/tanju-ozcandan-umit-ozdag-cikisi-hukuk-kitaplarimi-yakacagim\/\"]}]},{\"@type\":\"BreadcrumbList\",\"@id\":\"https:\/\/denizcankizil.tr\/uk\/haberler\/gundem\/tanju-ozcandan-umit-ozdag-cikisi-hukuk-kitaplarimi-yakacagim\/#breadcrumb\",\"itemListElement\":[{\"@type\":\"ListItem\",\"position\":1,\"name\":\"Home\",\"item\":\"https:\/\/denizcankizil.tr\/de\/\"},{\"@type\":\"ListItem\",\"position\":2,\"name\":\"Tanju \u00d6zcan&#8217;dan \u00dcmit \u00d6zda\u011f \u00e7\u0131k\u0131\u015f\u0131: Hukuk kitaplar\u0131m\u0131 yakaca\u011f\u0131m!\"}]},{\"@type\":\"WebSite\",\"@id\":\"https:\/\/denizcankizil.tr\/de\/#website\",\"url\":\"https:\/\/denizcankizil.tr\/de\/\",\"name\":\"Av. Deniz Can K\u0131z\u0131l\",\"description\":\"Avukat Deniz Can K\u0131z\u0131l Antalya Barosu\",\"publisher\":{\"@id\":\"https:\/\/denizcankizil.tr\/de\/#organization\"},\"potentialAction\":[{\"@type\":\"SearchAction\",\"target\":{\"@type\":\"EntryPoint\",\"urlTemplate\":\"https:\/\/denizcankizil.tr\/de\/?s={search_term_string}\"},\"query-input\":{\"@type\":\"PropertyValueSpecification\",\"valueRequired\":true,\"valueName\":\"search_term_string\"}}],\"inLanguage\":\"uk\"},{\"@type\":\"Organization\",\"@id\":\"https:\/\/denizcankizil.tr\/de\/#organization\",\"name\":\"Av. Deniz Can K\u0131z\u0131l\",\"url\":\"https:\/\/denizcankizil.tr\/de\/\",\"logo\":{\"@type\":\"ImageObject\",\"inLanguage\":\"uk\",\"@id\":\"https:\/\/denizcankizil.tr\/de\/#\/schema\/logo\/image\/\",\"url\":\"https:\/\/denizcankizil.tr\/wp-content\/uploads\/2024\/10\/siyah-logo-svg.svg\",\"contentUrl\":\"https:\/\/denizcankizil.tr\/wp-content\/uploads\/2024\/10\/siyah-logo-svg.svg\",\"width\":1080,\"height\":1080,\"caption\":\"Av. Deniz Can K\u0131z\u0131l\"},\"image\":{\"@id\":\"https:\/\/denizcankizil.tr\/de\/#\/schema\/logo\/image\/\"}},{\"@type\":\"Person\",\"@id\":\"https:\/\/denizcankizil.tr\/de\/#\/schema\/person\/e1eb71bb4dd684d46563f0af307e1234\",\"name\":\"Antalya K\u00f6rfez\",\"image\":{\"@type\":\"ImageObject\",\"inLanguage\":\"uk\",\"@id\":\"https:\/\/denizcankizil.tr\/de\/#\/schema\/person\/image\/\",\"url\":\"https:\/\/secure.gravatar.com\/avatar\/42b01982558a48a0b501fdcab6a408d3717ea5919095ee2e67b0e521799c5905?s=96&d=mm&r=g\",\"contentUrl\":\"https:\/\/secure.gravatar.com\/avatar\/42b01982558a48a0b501fdcab6a408d3717ea5919095ee2e67b0e521799c5905?s=96&d=mm&r=g\",\"caption\":\"Antalya K\u00f6rfez\"},\"sameAs\":[\"http:\/\/www.antalyakorfez.com\"],\"url\":\"https:\/\/www.antalyakorfez.com\/tanju-ozcandan-umit-ozdag-cikisi-hukuk-kitaplarimi-yakacagim\"}]}<\/script>\n<!-- \/ Yoast SEO Premium plugin. -->","yoast_head_json":{"title":"Tanju \u00d6zcan'dan \u00dcmit \u00d6zda\u011f \u00e7\u0131k\u0131\u015f\u0131: Hukuk kitaplar\u0131m\u0131 yakaca\u011f\u0131m! - Av. Deniz Can K\u0131z\u0131l","robots":{"index":"index","follow":"follow","max-snippet":"max-snippet:-1","max-image-preview":"max-image-preview:large","max-video-preview":"max-video-preview:-1"},"canonical":"https:\/\/denizcankizil.tr\/uk\/haberler\/gundem\/tanju-ozcandan-umit-ozdag-cikisi-hukuk-kitaplarimi-yakacagim\/","og_locale":"uk_UA","og_type":"article","og_title":"Tanju \u00d6zcan'dan \u00dcmit \u00d6zda\u011f \u00e7\u0131k\u0131\u015f\u0131: Hukuk kitaplar\u0131m\u0131 yakaca\u011f\u0131m!","og_description":"Zafer Partisi Genel Ba\u015fkan\u0131 \u00dcmit \u00d6zda\u011f, &#8220;halk\u0131 kin ve d\u00fc\u015fmanl\u0131\u011fa tahrik veya a\u015fa\u011f\u0131lama&#8221; su\u00e7lamas\u0131yla Silivri&#8217;de yarg\u0131lanmaya ba\u015flad\u0131. \u0130stanbul 18. Asliye Ceza Mahkemesince Silivri&#8217;deki Marmara Kapal\u0131 Ceza \u0130nfaz Kurumu&#8217;nun kar\u015f\u0131s\u0131nda bulunan salonda yap\u0131lan duru\u015fmada, tutuklu san\u0131k \u00dcmit \u00d6zda\u011f ile avukatlar\u0131 haz\u0131r bulundu. Zafer Partisi&#8217;nin genel ba\u015fkan yard\u0131mc\u0131lar\u0131 ve baz\u0131 parti y\u00f6neticileri, CHP \u015eanl\u0131urfa Milletvekili Mahmut Tanal ile Trabzon Milletvekili Sibel Sui\u00e7mez, \u0130Y\u0130 Parti Kocaeli Milletvekili L\u00fctf\u00fc T\u00fcrkkan, T\u00fcrkiye Barolar Birli\u011fi (TBB) Ba\u015fkan\u0131 Erin\u00e7 Sa\u011fkan, Ba\u011f\u0131ms\u0131z T\u00fcrkiye Partisi Genel Ba\u015fkan\u0131 H\u00fcseyin Ba\u015f ve Sinan Ate\u015f&#8217;in annesi Saniye Ate\u015f izleyici olarak yer ald\u0131. 4,5 YILA KADAR HAP\u0130S TALEB\u0130 \u00dcmit \u00d6zda\u011f savunmas\u0131nda; siyasi uyar\u0131lar\u0131n\u0131n T\u00fcrk milletine ve T\u00fcrk devletine kar\u015f\u0131 g\u00f6revi oldu\u011fu belirtti, tek ki\u015filik h\u00fccrede anayasal haklar\u0131n\u0131n \u00e7i\u011fnendi\u011fini s\u00f6yledi. \u00d6zda\u011f ve avukatlar\u0131n\u0131n savunmas\u0131n\u0131n al\u0131nd\u0131\u011f\u0131 duru\u015fmada cumhuriyet savc\u0131s\u0131, davan\u0131n esas\u0131na ili\u015fkin m\u00fctalaas\u0131n\u0131 a\u00e7\u0131klad\u0131. Savc\u0131n\u0131n m\u00fctalaas\u0131nda, \u00d6zda\u011f&#8217;\u0131n &#8220;halk\u0131 kin ve d\u00fc\u015fmanl\u0131\u011fa tahrik veya a\u015fa\u011f\u0131lama&#8221; su\u00e7undan 1,5 y\u0131ldan 4,5 y\u0131la kadar hapisle cezaland\u0131r\u0131lmas\u0131 ve tutukluluk halinin devam\u0131na karar verilmesi talep edildi. KARAR DURU\u015eMASI 17 HAZ\u0130RAN&#8217;DA M\u00fctalaada, \u00d6zda\u011f hakk\u0131nda T\u00fcrk Ceza Kanunu&#8217;nun 53. maddesinde yer alan &#8220;belli haklar\u0131 kullanmaktan yoksun b\u0131rak\u0131lma&#8221; h\u00fckm\u00fcn\u00fcn uygulanmas\u0131 istendi. Mahkeme heyeti, \u00dcmit \u00d6zda\u011f&#8217;\u0131n tutuklulu\u011funun devam\u0131na karar verdi. Bir sonraki duru\u015fma 17 Haziran Sal\u0131 g\u00fcn\u00fcne ertelendi. &#8220;HUKUK FAK\u00dcLTES\u0130 K\u0130TAPLARIMI YAKACA\u011eIM&#8221; Duru\u015fma sonras\u0131 sosyal &hellip;","og_url":"https:\/\/denizcankizil.tr\/uk\/haberler\/gundem\/tanju-ozcandan-umit-ozdag-cikisi-hukuk-kitaplarimi-yakacagim\/","og_site_name":"Av. Deniz Can K\u0131z\u0131l","article_published_time":"2025-06-11T15:41:17+00:00","author":"Antalya K\u00f6rfez","twitter_card":"summary_large_image","twitter_misc":{"\u041d\u0430\u043f\u0438\u0441\u0430\u043d\u043e":"Antalya K\u00f6rfez","\u041f\u0440\u0438\u0431\u043b. \u0447\u0430\u0441 \u0447\u0438\u0442\u0430\u043d\u043d\u044f":"3 \u0445\u0432\u0438\u043b\u0438\u043d\u0438"},"schema":{"@context":"https:\/\/schema.org","@graph":[{"@type":"Article","@id":"https:\/\/denizcankizil.tr\/uk\/haberler\/gundem\/tanju-ozcandan-umit-ozdag-cikisi-hukuk-kitaplarimi-yakacagim\/#article","isPartOf":{"@id":"https:\/\/denizcankizil.tr\/uk\/haberler\/gundem\/tanju-ozcandan-umit-ozdag-cikisi-hukuk-kitaplarimi-yakacagim\/"},"author":{"name":"Antalya K\u00f6rfez","@id":"https:\/\/denizcankizil.tr\/de\/#\/schema\/person\/e1eb71bb4dd684d46563f0af307e1234"},"headline":"Tanju \u00d6zcan&#8217;dan \u00dcmit \u00d6zda\u011f \u00e7\u0131k\u0131\u015f\u0131: Hukuk kitaplar\u0131m\u0131 yakaca\u011f\u0131m!","datePublished":"2025-06-11T15:41:17+00:00","mainEntityOfPage":{"@id":"https:\/\/denizcankizil.tr\/uk\/haberler\/gundem\/tanju-ozcandan-umit-ozdag-cikisi-hukuk-kitaplarimi-yakacagim\/"},"wordCount":529,"publisher":{"@id":"https:\/\/denizcankizil.tr\/de\/#organization"},"articleSection":["G\u00fcndem"],"inLanguage":"uk"},{"@type":"WebPage","@id":"https:\/\/denizcankizil.tr\/uk\/haberler\/gundem\/tanju-ozcandan-umit-ozdag-cikisi-hukuk-kitaplarimi-yakacagim\/","url":"https:\/\/denizcankizil.tr\/uk\/haberler\/gundem\/tanju-ozcandan-umit-ozdag-cikisi-hukuk-kitaplarimi-yakacagim\/","name":"Tanju \u00d6zcan'dan \u00dcmit \u00d6zda\u011f \u00e7\u0131k\u0131\u015f\u0131: Hukuk kitaplar\u0131m\u0131 yakaca\u011f\u0131m! - Av. Deniz Can K\u0131z\u0131l","isPartOf":{"@id":"https:\/\/denizcankizil.tr\/de\/#website"},"datePublished":"2025-06-11T15:41:17+00:00","breadcrumb":{"@id":"https:\/\/denizcankizil.tr\/uk\/haberler\/gundem\/tanju-ozcandan-umit-ozdag-cikisi-hukuk-kitaplarimi-yakacagim\/#breadcrumb"},"inLanguage":"uk","potentialAction":[{"@type":"ReadAction","target":["https:\/\/denizcankizil.tr\/uk\/haberler\/gundem\/tanju-ozcandan-umit-ozdag-cikisi-hukuk-kitaplarimi-yakacagim\/"]}]},{"@type":"BreadcrumbList","@id":"https:\/\/denizcankizil.tr\/uk\/haberler\/gundem\/tanju-ozcandan-umit-ozdag-cikisi-hukuk-kitaplarimi-yakacagim\/#breadcrumb","itemListElement":[{"@type":"ListItem","position":1,"name":"Home","item":"https:\/\/denizcankizil.tr\/de\/"},{"@type":"ListItem","position":2,"name":"Tanju \u00d6zcan&#8217;dan \u00dcmit \u00d6zda\u011f \u00e7\u0131k\u0131\u015f\u0131: Hukuk kitaplar\u0131m\u0131 yakaca\u011f\u0131m!"}]},{"@type":"WebSite","@id":"https:\/\/denizcankizil.tr\/de\/#website","url":"https:\/\/denizcankizil.tr\/de\/","name":"Av. Deniz Can K\u0131z\u0131l","description":"Avukat Deniz Can K\u0131z\u0131l Antalya Barosu","publisher":{"@id":"https:\/\/denizcankizil.tr\/de\/#organization"},"potentialAction":[{"@type":"SearchAction","target":{"@type":"EntryPoint","urlTemplate":"https:\/\/denizcankizil.tr\/de\/?s={search_term_string}"},"query-input":{"@type":"PropertyValueSpecification","valueRequired":true,"valueName":"search_term_string"}}],"inLanguage":"uk"},{"@type":"Organization","@id":"https:\/\/denizcankizil.tr\/de\/#organization","name":"Av. Deniz Can K\u0131z\u0131l","url":"https:\/\/denizcankizil.tr\/de\/","logo":{"@type":"ImageObject","inLanguage":"uk","@id":"https:\/\/denizcankizil.tr\/de\/#\/schema\/logo\/image\/","url":"https:\/\/denizcankizil.tr\/wp-content\/uploads\/2024\/10\/siyah-logo-svg.svg","contentUrl":"https:\/\/denizcankizil.tr\/wp-content\/uploads\/2024\/10\/siyah-logo-svg.svg","width":1080,"height":1080,"caption":"Av. Deniz Can K\u0131z\u0131l"},"image":{"@id":"https:\/\/denizcankizil.tr\/de\/#\/schema\/logo\/image\/"}},{"@type":"Person","@id":"https:\/\/denizcankizil.tr\/de\/#\/schema\/person\/e1eb71bb4dd684d46563f0af307e1234","name":"Antalya K\u00f6rfez","image":{"@type":"ImageObject","inLanguage":"uk","@id":"https:\/\/denizcankizil.tr\/de\/#\/schema\/person\/image\/","url":"https:\/\/secure.gravatar.com\/avatar\/42b01982558a48a0b501fdcab6a408d3717ea5919095ee2e67b0e521799c5905?s=96&d=mm&r=g","contentUrl":"https:\/\/secure.gravatar.com\/avatar\/42b01982558a48a0b501fdcab6a408d3717ea5919095ee2e67b0e521799c5905?s=96&d=mm&r=g","caption":"Antalya K\u00f6rfez"},"sameAs":["http:\/\/www.antalyakorfez.com"],"url":"https:\/\/www.antalyakorfez.com\/tanju-ozcandan-umit-ozdag-cikisi-hukuk-kitaplarimi-yakacagim"}]}},"_links":{"self":[{"href":"https:\/\/denizcankizil.tr\/uk\/wp-json\/wp\/v2\/posts\/113718","targetHints":{"allow":["GET"]}}],"collection":[{"href":"https:\/\/denizcankizil.tr\/uk\/wp-json\/wp\/v2\/posts"}],"about":[{"href":"https:\/\/denizcankizil.tr\/uk\/wp-json\/wp\/v2\/types\/post"}],"author":[{"embeddable":true,"href":"https:\/\/denizcankizil.tr\/uk\/wp-json\/wp\/v2\/users\/5"}],"replies":[{"embeddable":true,"href":"https:\/\/denizcankizil.tr\/uk\/wp-json\/wp\/v2\/comments?post=113718"}],"version-history":[{"count":0,"href":"https:\/\/denizcankizil.tr\/uk\/wp-json\/wp\/v2\/posts\/113718\/revisions"}],"wp:attachment":[{"href":"https:\/\/denizcankizil.tr\/uk\/wp-json\/wp\/v2\/media?parent=113718"}],"wp:term":[{"taxonomy":"category","embeddable":true,"href":"https:\/\/denizcankizil.tr\/uk\/wp-json\/wp\/v2\/categories?post=113718"},{"taxonomy":"post_tag","embeddable":true,"href":"https:\/\/denizcankizil.tr\/uk\/wp-json\/wp\/v2\/tags?post=113718"}],"curies":[{"name":"wp","href":"https:\/\/api.w.org\/{rel}","templated":true}]}}