{"id":112760,"date":"2025-06-10T20:41:16","date_gmt":"2025-06-10T17:41:16","guid":{"rendered":"https:\/\/denizcankizil.tr\/uncategorized-tr\/ferdi-zeyrekin-kizinda-babasina-duygusal-veda-sana-layik-bir-evlat-olabilmek-icin-cabalayacagim\/"},"modified":"2025-06-10T20:41:16","modified_gmt":"2025-06-10T17:41:16","slug":"ferdi-zeyrekin-kizinda-babasina-duygusal-veda-sana-layik-bir-evlat-olabilmek-icin-cabalayacagim","status":"publish","type":"post","link":"https:\/\/denizcankizil.tr\/uk\/haberler\/gundem\/ferdi-zeyrekin-kizinda-babasina-duygusal-veda-sana-layik-bir-evlat-olabilmek-icin-cabalayacagim\/","title":{"rendered":"Ferdi Zeyrek\u2019in k\u0131z\u0131nda babas\u0131na duygusal veda: \u201cSana lay\u0131k bir evlat olabilmek i\u00e7in \u00e7abalayaca\u011f\u0131m\u201d"},"content":{"rendered":"<p>Kurban Bayram\u0131\u2019n\u0131n ilk g\u00fcn\u00fc (6 Haziran 2025) evinin havuzundaki ar\u0131zaya bakarken elektrik ak\u0131m\u0131na kap\u0131lan ve 3 g\u00fcn boyunca yo\u011fun bak\u0131mda kalan yo\u011fun Manisa B\u00fcy\u00fck\u015fehir Belediye Ba\u015fkan\u0131 Ferdi Zeyrek ge\u00e7ti\u011fimiz g\u00fcn hayata g\u00f6zlerini yumdu. Ba\u015fkan Zeyrek, bug\u00fcn on binlerce Manisal\u0131n\u0131n huzurunda son yolculu\u011funa u\u011furland\u0131. K\u0131z\u0131 Nehir Zeyrek, babas\u0131 i\u00e7in sosyal medya hesab\u0131ndan duygu y\u00fckl\u00fc bir not kaleme ald\u0131.<\/p>\n<p>BABASINA SON KEZ SESLEND\u0130 <\/p>\n<p>Ferdi Zeyrek&#8217;in k\u0131z\u0131 Nehir Zeyrek, sosyal medya hesab\u0131ndan yapt\u0131\u011f\u0131 payla\u015f\u0131m ile babas\u0131 Ferdi Zeyrek&#8217;e son kez seslenerek, &#8220;Benim babam nas\u0131l biriydi, biliyor musunuz? D\u00fcr\u00fcstt\u00fc\u2026 Hem de \u00e7ok d\u00fcr\u00fcstt\u00fc. Siyasetin i\u00e7inde olmas\u0131na ra\u011fmen, asla yalan s\u00f6ylemezdi. \u00c7al\u0131\u015fkand\u0131\u2026 Sabah saat sekizde i\u015fe gider, gece ikide d\u00f6nerdi. Annemle birlikte k\u0131zard\u0131k bazen: &#8216;Seni hi\u00e7 g\u00f6remiyoruz&#8217; derdik. O ise hep ayn\u0131 cevab\u0131 verirdi: &#8216;Bir ay daha sabredin, her \u015feyi yoluna koyaca\u011f\u0131m&#8217; Ama o \u201cbir ay\u201dlar hi\u00e7 bitmedi\u2026\u201d ifadelerini kulland\u0131.<\/p>\n<p>\u201cBEN\u0130M ARTIK B\u0130R BABAM YOK\u201d<\/p>\n<p>Babas\u0131n\u0131n ani \u00f6l\u00fcm\u00fcn\u00fcn \u015fokunu hala atlatamad\u0131\u011f\u0131n\u0131 belirten Nehir Zeyrek, \u201cBana hep \u015funu derdi: \u2018Baban varsa sorun yok\u2019 ama benim art\u0131k bir babam yok. \u015eimdi odamday\u0131m. Elimde kalan an\u0131larla, karde\u015flerimin ve annemin yan\u0131nday\u0131m. Bu ani \u00f6l\u00fcm\u00fcn \u015fokunu atlatmaya, i\u00e7imizdeki yaralar\u0131 sarmaya \u00e7al\u0131\u015f\u0131yoruz. Toparlanaca\u011f\u0131z&#8230; Toparlanmal\u0131y\u0131z ki, hesab\u0131n\u0131 sorabilelim\u201d dedi.<\/p>\n<p>\u201cBABACI\u011eIM, E\u011eER BEN\u0130 G\u00d6R\u00dcYORSAN\u201d<\/p>\n<p>Son olarak babas\u0131na \u015fu s\u00f6zlerle veda eden Nehir Zeyrek, \u201cBabac\u0131\u011f\u0131m, e\u011fer beni g\u00f6r\u00fcyorsan&#8230; Sen, bu d\u00fcnyada en \u00e7ok sevdi\u011fim insand\u0131n. H\u00e2l\u00e2 \u00f6ylesin. Sana lay\u0131k bir evlat olabilmek i\u00e7in her g\u00fcn daha \u00e7ok \u00e7abalayaca\u011f\u0131m. \u0130stedi\u011fin gibi&#8230; Haftaya o s\u0131nava girip mimar olaca\u011f\u0131m. Ad\u0131n\u0131 ya\u015fatabilece\u011fim her yerde, en g\u00fczel \u015fekilde ya\u015fataca\u011f\u0131m. Seni \u00e7ok seviyorum. Her \u015feyin daha az\u201d s\u00f6zlerini kaydetti.<\/p>\n<p>\u200bGe\u00e7irdi\u011fi talihsiz bir kaza sonucu hayat\u0131n\u0131 kaybeden Manisa B\u00fcy\u00fck\u015fehir Belediye Ba\u015fkan\u0131 Ferdi Zeyrek\u2019in k\u0131z\u0131 Nehir Zeyrek, sosyal medya hesab\u0131ndan babas\u0131 i\u00e7in duygusal bir mesaj yay\u0131nlad\u0131. Zeyrek, \u201cBabac\u0131\u011f\u0131m, e\u011fer beni g\u00f6r\u00fcyorsan&#8230; Sen, bu d\u00fcnyada en \u00e7ok sevdi\u011fim insand\u0131n. H\u00e2l\u00e2 \u00f6ylesin. Sana lay\u0131k bir evlat olabilmek i\u00e7in her g\u00fcn daha \u00e7ok \u00e7abalayaca\u011f\u0131m\u201d dedi.\u00a0<\/p>\n<p>\u200bHaberin Al\u0131nt\u0131land\u0131\u011f\u0131 Kaynak: www.antalyakorfez.com<\/p>","protected":false},"excerpt":{"rendered":"<p>Kurban Bayram\u0131\u2019n\u0131n ilk g\u00fcn\u00fc (6 Haziran 2025) evinin havuzundaki ar\u0131zaya bakarken elektrik ak\u0131m\u0131na kap\u0131lan ve 3 g\u00fcn boyunca yo\u011fun bak\u0131mda kalan yo\u011fun Manisa B\u00fcy\u00fck\u015fehir Belediye Ba\u015fkan\u0131 Ferdi Zeyrek ge\u00e7ti\u011fimiz g\u00fcn hayata g\u00f6zlerini yumdu. Ba\u015fkan Zeyrek, bug\u00fcn on binlerce Manisal\u0131n\u0131n huzurunda son yolculu\u011funa u\u011furland\u0131. K\u0131z\u0131 Nehir Zeyrek, babas\u0131 i\u00e7in sosyal medya hesab\u0131ndan duygu y\u00fckl\u00fc bir not kaleme ald\u0131. BABASINA SON KEZ SESLEND\u0130 Ferdi Zeyrek&#8217;in k\u0131z\u0131 Nehir Zeyrek, sosyal medya hesab\u0131ndan yapt\u0131\u011f\u0131 payla\u015f\u0131m ile babas\u0131 Ferdi Zeyrek&#8217;e son kez seslenerek, &#8220;Benim babam nas\u0131l biriydi, biliyor musunuz? D\u00fcr\u00fcstt\u00fc\u2026 Hem de \u00e7ok d\u00fcr\u00fcstt\u00fc. Siyasetin i\u00e7inde olmas\u0131na ra\u011fmen, asla yalan s\u00f6ylemezdi. \u00c7al\u0131\u015fkand\u0131\u2026 Sabah saat sekizde i\u015fe gider, gece ikide d\u00f6nerdi. Annemle birlikte k\u0131zard\u0131k bazen: &#8216;Seni hi\u00e7 g\u00f6remiyoruz&#8217; derdik. O ise hep ayn\u0131 cevab\u0131 verirdi: &#8216;Bir ay daha sabredin, her \u015feyi yoluna koyaca\u011f\u0131m&#8217; Ama o \u201cbir ay\u201dlar hi\u00e7 bitmedi\u2026\u201d ifadelerini kulland\u0131. \u201cBEN\u0130M ARTIK B\u0130R BABAM YOK\u201d Babas\u0131n\u0131n ani \u00f6l\u00fcm\u00fcn\u00fcn \u015fokunu hala atlatamad\u0131\u011f\u0131n\u0131 belirten Nehir Zeyrek, \u201cBana hep \u015funu derdi: \u2018Baban varsa sorun yok\u2019 ama benim art\u0131k bir babam yok. \u015eimdi odamday\u0131m. Elimde kalan an\u0131larla, karde\u015flerimin ve annemin yan\u0131nday\u0131m. Bu ani \u00f6l\u00fcm\u00fcn \u015fokunu atlatmaya, i\u00e7imizdeki yaralar\u0131 sarmaya \u00e7al\u0131\u015f\u0131yoruz. Toparlanaca\u011f\u0131z&#8230; Toparlanmal\u0131y\u0131z ki, hesab\u0131n\u0131 sorabilelim\u201d dedi. \u201cBABACI\u011eIM, E\u011eER BEN\u0130 G\u00d6R\u00dcYORSAN\u201d Son olarak babas\u0131na \u015fu s\u00f6zlerle veda eden Nehir Zeyrek, &hellip;<\/p>","protected":false},"author":5,"featured_media":0,"comment_status":"","ping_status":"open","sticky":false,"template":"","format":"standard","meta":{"_acf_changed":false,"footnotes":""},"categories":[24],"tags":[],"class_list":["post-112760","post","type-post","status-publish","format-standard","has-post-thumbnail","hentry","category-gundem"],"acf":[],"yoast_head":"<!-- This site is optimized with the Yoast SEO Premium plugin v26.6 (Yoast SEO v27.1.1) - https:\/\/yoast.com\/product\/yoast-seo-premium-wordpress\/ -->\n<title>Ferdi Zeyrek\u2019in k\u0131z\u0131nda babas\u0131na duygusal veda: \u201cSana lay\u0131k bir evlat olabilmek i\u00e7in \u00e7abalayaca\u011f\u0131m\u201d - Av. Deniz Can K\u0131z\u0131l<\/title>\n<meta name=\"robots\" content=\"index, follow, max-snippet:-1, max-image-preview:large, max-video-preview:-1\" \/>\n<link rel=\"canonical\" href=\"https:\/\/denizcankizil.tr\/uk\/haberler\/gundem\/ferdi-zeyrekin-kizinda-babasina-duygusal-veda-sana-layik-bir-evlat-olabilmek-icin-cabalayacagim\/\" \/>\n<meta property=\"og:locale\" content=\"uk_UA\" \/>\n<meta property=\"og:type\" content=\"article\" \/>\n<meta property=\"og:title\" content=\"Ferdi Zeyrek\u2019in k\u0131z\u0131nda babas\u0131na duygusal veda: \u201cSana lay\u0131k bir evlat olabilmek i\u00e7in \u00e7abalayaca\u011f\u0131m\u201d\" \/>\n<meta property=\"og:description\" content=\"Kurban Bayram\u0131\u2019n\u0131n ilk g\u00fcn\u00fc (6 Haziran 2025) evinin havuzundaki ar\u0131zaya bakarken elektrik ak\u0131m\u0131na kap\u0131lan ve 3 g\u00fcn boyunca yo\u011fun bak\u0131mda kalan yo\u011fun Manisa B\u00fcy\u00fck\u015fehir Belediye Ba\u015fkan\u0131 Ferdi Zeyrek ge\u00e7ti\u011fimiz g\u00fcn hayata g\u00f6zlerini yumdu. Ba\u015fkan Zeyrek, bug\u00fcn on binlerce Manisal\u0131n\u0131n huzurunda son yolculu\u011funa u\u011furland\u0131. K\u0131z\u0131 Nehir Zeyrek, babas\u0131 i\u00e7in sosyal medya hesab\u0131ndan duygu y\u00fckl\u00fc bir not kaleme ald\u0131. BABASINA SON KEZ SESLEND\u0130 Ferdi Zeyrek&#8217;in k\u0131z\u0131 Nehir Zeyrek, sosyal medya hesab\u0131ndan yapt\u0131\u011f\u0131 payla\u015f\u0131m ile babas\u0131 Ferdi Zeyrek&#8217;e son kez seslenerek, &#8220;Benim babam nas\u0131l biriydi, biliyor musunuz? D\u00fcr\u00fcstt\u00fc\u2026 Hem de \u00e7ok d\u00fcr\u00fcstt\u00fc. Siyasetin i\u00e7inde olmas\u0131na ra\u011fmen, asla yalan s\u00f6ylemezdi. \u00c7al\u0131\u015fkand\u0131\u2026 Sabah saat sekizde i\u015fe gider, gece ikide d\u00f6nerdi. Annemle birlikte k\u0131zard\u0131k bazen: &#8216;Seni hi\u00e7 g\u00f6remiyoruz&#8217; derdik. O ise hep ayn\u0131 cevab\u0131 verirdi: &#8216;Bir ay daha sabredin, her \u015feyi yoluna koyaca\u011f\u0131m&#8217; Ama o \u201cbir ay\u201dlar hi\u00e7 bitmedi\u2026\u201d ifadelerini kulland\u0131. \u201cBEN\u0130M ARTIK B\u0130R BABAM YOK\u201d Babas\u0131n\u0131n ani \u00f6l\u00fcm\u00fcn\u00fcn \u015fokunu hala atlatamad\u0131\u011f\u0131n\u0131 belirten Nehir Zeyrek, \u201cBana hep \u015funu derdi: \u2018Baban varsa sorun yok\u2019 ama benim art\u0131k bir babam yok. \u015eimdi odamday\u0131m. Elimde kalan an\u0131larla, karde\u015flerimin ve annemin yan\u0131nday\u0131m. Bu ani \u00f6l\u00fcm\u00fcn \u015fokunu atlatmaya, i\u00e7imizdeki yaralar\u0131 sarmaya \u00e7al\u0131\u015f\u0131yoruz. Toparlanaca\u011f\u0131z&#8230; Toparlanmal\u0131y\u0131z ki, hesab\u0131n\u0131 sorabilelim\u201d dedi. \u201cBABACI\u011eIM, E\u011eER BEN\u0130 G\u00d6R\u00dcYORSAN\u201d Son olarak babas\u0131na \u015fu s\u00f6zlerle veda eden Nehir Zeyrek, &hellip;\" \/>\n<meta property=\"og:url\" content=\"https:\/\/denizcankizil.tr\/uk\/haberler\/gundem\/ferdi-zeyrekin-kizinda-babasina-duygusal-veda-sana-layik-bir-evlat-olabilmek-icin-cabalayacagim\/\" \/>\n<meta property=\"og:site_name\" content=\"Av. Deniz Can K\u0131z\u0131l\" \/>\n<meta property=\"article:published_time\" content=\"2025-06-10T17:41:16+00:00\" \/>\n<meta name=\"author\" content=\"Antalya K\u00f6rfez\" \/>\n<meta name=\"twitter:card\" content=\"summary_large_image\" \/>\n<meta name=\"twitter:label1\" content=\"\u041d\u0430\u043f\u0438\u0441\u0430\u043d\u043e\" \/>\n\t<meta name=\"twitter:data1\" content=\"Antalya K\u00f6rfez\" \/>\n\t<meta name=\"twitter:label2\" content=\"\u041f\u0440\u0438\u0431\u043b. \u0447\u0430\u0441 \u0447\u0438\u0442\u0430\u043d\u043d\u044f\" \/>\n\t<meta name=\"twitter:data2\" content=\"2 \u0445\u0432\u0438\u043b\u0438\u043d\u0438\" \/>\n<script type=\"application\/ld+json\" class=\"yoast-schema-graph\">{\"@context\":\"https:\/\/schema.org\",\"@graph\":[{\"@type\":\"Article\",\"@id\":\"https:\/\/denizcankizil.tr\/de\/haberler\/gundem\/ferdi-zeyrekin-kizinda-babasina-duygusal-veda-sana-layik-bir-evlat-olabilmek-icin-cabalayacagim\/#article\",\"isPartOf\":{\"@id\":\"https:\/\/denizcankizil.tr\/de\/haberler\/gundem\/ferdi-zeyrekin-kizinda-babasina-duygusal-veda-sana-layik-bir-evlat-olabilmek-icin-cabalayacagim\/\"},\"author\":{\"name\":\"Antalya K\u00f6rfez\",\"@id\":\"https:\/\/denizcankizil.tr\/de\/#\/schema\/person\/e1eb71bb4dd684d46563f0af307e1234\"},\"headline\":\"Ferdi Zeyrek\u2019in k\u0131z\u0131nda babas\u0131na duygusal veda: \u201cSana lay\u0131k bir evlat olabilmek i\u00e7in \u00e7abalayaca\u011f\u0131m\u201d\",\"datePublished\":\"2025-06-10T17:41:16+00:00\",\"mainEntityOfPage\":{\"@id\":\"https:\/\/denizcankizil.tr\/de\/haberler\/gundem\/ferdi-zeyrekin-kizinda-babasina-duygusal-veda-sana-layik-bir-evlat-olabilmek-icin-cabalayacagim\/\"},\"wordCount\":450,\"publisher\":{\"@id\":\"https:\/\/denizcankizil.tr\/de\/#organization\"},\"articleSection\":[\"G\u00fcndem\"],\"inLanguage\":\"uk\"},{\"@type\":\"WebPage\",\"@id\":\"https:\/\/denizcankizil.tr\/de\/haberler\/gundem\/ferdi-zeyrekin-kizinda-babasina-duygusal-veda-sana-layik-bir-evlat-olabilmek-icin-cabalayacagim\/\",\"url\":\"https:\/\/denizcankizil.tr\/de\/haberler\/gundem\/ferdi-zeyrekin-kizinda-babasina-duygusal-veda-sana-layik-bir-evlat-olabilmek-icin-cabalayacagim\/\",\"name\":\"Ferdi Zeyrek\u2019in k\u0131z\u0131nda babas\u0131na duygusal veda: \u201cSana lay\u0131k bir evlat olabilmek i\u00e7in \u00e7abalayaca\u011f\u0131m\u201d - Av. Deniz Can K\u0131z\u0131l\",\"isPartOf\":{\"@id\":\"https:\/\/denizcankizil.tr\/de\/#website\"},\"datePublished\":\"2025-06-10T17:41:16+00:00\",\"breadcrumb\":{\"@id\":\"https:\/\/denizcankizil.tr\/de\/haberler\/gundem\/ferdi-zeyrekin-kizinda-babasina-duygusal-veda-sana-layik-bir-evlat-olabilmek-icin-cabalayacagim\/#breadcrumb\"},\"inLanguage\":\"uk\",\"potentialAction\":[{\"@type\":\"ReadAction\",\"target\":[\"https:\/\/denizcankizil.tr\/de\/haberler\/gundem\/ferdi-zeyrekin-kizinda-babasina-duygusal-veda-sana-layik-bir-evlat-olabilmek-icin-cabalayacagim\/\"]}]},{\"@type\":\"BreadcrumbList\",\"@id\":\"https:\/\/denizcankizil.tr\/de\/haberler\/gundem\/ferdi-zeyrekin-kizinda-babasina-duygusal-veda-sana-layik-bir-evlat-olabilmek-icin-cabalayacagim\/#breadcrumb\",\"itemListElement\":[{\"@type\":\"ListItem\",\"position\":1,\"name\":\"Home\",\"item\":\"https:\/\/denizcankizil.tr\/de\/\"},{\"@type\":\"ListItem\",\"position\":2,\"name\":\"Ferdi Zeyrek\u2019in k\u0131z\u0131nda babas\u0131na duygusal veda: \u201cSana lay\u0131k bir evlat olabilmek i\u00e7in \u00e7abalayaca\u011f\u0131m\u201d\"}]},{\"@type\":\"WebSite\",\"@id\":\"https:\/\/denizcankizil.tr\/de\/#website\",\"url\":\"https:\/\/denizcankizil.tr\/de\/\",\"name\":\"Av. Deniz Can K\u0131z\u0131l\",\"description\":\"Avukat Deniz Can K\u0131z\u0131l Antalya Barosu\",\"publisher\":{\"@id\":\"https:\/\/denizcankizil.tr\/de\/#organization\"},\"potentialAction\":[{\"@type\":\"SearchAction\",\"target\":{\"@type\":\"EntryPoint\",\"urlTemplate\":\"https:\/\/denizcankizil.tr\/de\/?s={search_term_string}\"},\"query-input\":{\"@type\":\"PropertyValueSpecification\",\"valueRequired\":true,\"valueName\":\"search_term_string\"}}],\"inLanguage\":\"uk\"},{\"@type\":\"Organization\",\"@id\":\"https:\/\/denizcankizil.tr\/de\/#organization\",\"name\":\"Av. Deniz Can K\u0131z\u0131l\",\"url\":\"https:\/\/denizcankizil.tr\/de\/\",\"logo\":{\"@type\":\"ImageObject\",\"inLanguage\":\"uk\",\"@id\":\"https:\/\/denizcankizil.tr\/de\/#\/schema\/logo\/image\/\",\"url\":\"https:\/\/denizcankizil.tr\/wp-content\/uploads\/2024\/10\/siyah-logo-svg.svg\",\"contentUrl\":\"https:\/\/denizcankizil.tr\/wp-content\/uploads\/2024\/10\/siyah-logo-svg.svg\",\"width\":1080,\"height\":1080,\"caption\":\"Av. Deniz Can K\u0131z\u0131l\"},\"image\":{\"@id\":\"https:\/\/denizcankizil.tr\/de\/#\/schema\/logo\/image\/\"}},{\"@type\":\"Person\",\"@id\":\"https:\/\/denizcankizil.tr\/de\/#\/schema\/person\/e1eb71bb4dd684d46563f0af307e1234\",\"name\":\"Antalya K\u00f6rfez\",\"image\":{\"@type\":\"ImageObject\",\"inLanguage\":\"uk\",\"@id\":\"https:\/\/denizcankizil.tr\/de\/#\/schema\/person\/image\/\",\"url\":\"https:\/\/secure.gravatar.com\/avatar\/42b01982558a48a0b501fdcab6a408d3717ea5919095ee2e67b0e521799c5905?s=96&d=mm&r=g\",\"contentUrl\":\"https:\/\/secure.gravatar.com\/avatar\/42b01982558a48a0b501fdcab6a408d3717ea5919095ee2e67b0e521799c5905?s=96&d=mm&r=g\",\"caption\":\"Antalya K\u00f6rfez\"},\"sameAs\":[\"http:\/\/www.antalyakorfez.com\"],\"url\":\"https:\/\/www.antalyakorfez.com\/ferdi-zeyrekin-kizinda-babasina-duygusal-veda-sana-layik-bir-evlat-olabilmek-icin-cabalayacagim\"}]}<\/script>\n<!-- \/ Yoast SEO Premium plugin. -->","yoast_head_json":{"title":"Ferdi Zeyrek\u2019in k\u0131z\u0131nda babas\u0131na duygusal veda: \u201cSana lay\u0131k bir evlat olabilmek i\u00e7in \u00e7abalayaca\u011f\u0131m\u201d - Av. Deniz Can K\u0131z\u0131l","robots":{"index":"index","follow":"follow","max-snippet":"max-snippet:-1","max-image-preview":"max-image-preview:large","max-video-preview":"max-video-preview:-1"},"canonical":"https:\/\/denizcankizil.tr\/uk\/haberler\/gundem\/ferdi-zeyrekin-kizinda-babasina-duygusal-veda-sana-layik-bir-evlat-olabilmek-icin-cabalayacagim\/","og_locale":"uk_UA","og_type":"article","og_title":"Ferdi Zeyrek\u2019in k\u0131z\u0131nda babas\u0131na duygusal veda: \u201cSana lay\u0131k bir evlat olabilmek i\u00e7in \u00e7abalayaca\u011f\u0131m\u201d","og_description":"Kurban Bayram\u0131\u2019n\u0131n ilk g\u00fcn\u00fc (6 Haziran 2025) evinin havuzundaki ar\u0131zaya bakarken elektrik ak\u0131m\u0131na kap\u0131lan ve 3 g\u00fcn boyunca yo\u011fun bak\u0131mda kalan yo\u011fun Manisa B\u00fcy\u00fck\u015fehir Belediye Ba\u015fkan\u0131 Ferdi Zeyrek ge\u00e7ti\u011fimiz g\u00fcn hayata g\u00f6zlerini yumdu. Ba\u015fkan Zeyrek, bug\u00fcn on binlerce Manisal\u0131n\u0131n huzurunda son yolculu\u011funa u\u011furland\u0131. K\u0131z\u0131 Nehir Zeyrek, babas\u0131 i\u00e7in sosyal medya hesab\u0131ndan duygu y\u00fckl\u00fc bir not kaleme ald\u0131. BABASINA SON KEZ SESLEND\u0130 Ferdi Zeyrek&#8217;in k\u0131z\u0131 Nehir Zeyrek, sosyal medya hesab\u0131ndan yapt\u0131\u011f\u0131 payla\u015f\u0131m ile babas\u0131 Ferdi Zeyrek&#8217;e son kez seslenerek, &#8220;Benim babam nas\u0131l biriydi, biliyor musunuz? D\u00fcr\u00fcstt\u00fc\u2026 Hem de \u00e7ok d\u00fcr\u00fcstt\u00fc. Siyasetin i\u00e7inde olmas\u0131na ra\u011fmen, asla yalan s\u00f6ylemezdi. \u00c7al\u0131\u015fkand\u0131\u2026 Sabah saat sekizde i\u015fe gider, gece ikide d\u00f6nerdi. Annemle birlikte k\u0131zard\u0131k bazen: &#8216;Seni hi\u00e7 g\u00f6remiyoruz&#8217; derdik. O ise hep ayn\u0131 cevab\u0131 verirdi: &#8216;Bir ay daha sabredin, her \u015feyi yoluna koyaca\u011f\u0131m&#8217; Ama o \u201cbir ay\u201dlar hi\u00e7 bitmedi\u2026\u201d ifadelerini kulland\u0131. \u201cBEN\u0130M ARTIK B\u0130R BABAM YOK\u201d Babas\u0131n\u0131n ani \u00f6l\u00fcm\u00fcn\u00fcn \u015fokunu hala atlatamad\u0131\u011f\u0131n\u0131 belirten Nehir Zeyrek, \u201cBana hep \u015funu derdi: \u2018Baban varsa sorun yok\u2019 ama benim art\u0131k bir babam yok. \u015eimdi odamday\u0131m. Elimde kalan an\u0131larla, karde\u015flerimin ve annemin yan\u0131nday\u0131m. Bu ani \u00f6l\u00fcm\u00fcn \u015fokunu atlatmaya, i\u00e7imizdeki yaralar\u0131 sarmaya \u00e7al\u0131\u015f\u0131yoruz. Toparlanaca\u011f\u0131z&#8230; Toparlanmal\u0131y\u0131z ki, hesab\u0131n\u0131 sorabilelim\u201d dedi. \u201cBABACI\u011eIM, E\u011eER BEN\u0130 G\u00d6R\u00dcYORSAN\u201d Son olarak babas\u0131na \u015fu s\u00f6zlerle veda eden Nehir Zeyrek, &hellip;","og_url":"https:\/\/denizcankizil.tr\/uk\/haberler\/gundem\/ferdi-zeyrekin-kizinda-babasina-duygusal-veda-sana-layik-bir-evlat-olabilmek-icin-cabalayacagim\/","og_site_name":"Av. Deniz Can K\u0131z\u0131l","article_published_time":"2025-06-10T17:41:16+00:00","author":"Antalya K\u00f6rfez","twitter_card":"summary_large_image","twitter_misc":{"\u041d\u0430\u043f\u0438\u0441\u0430\u043d\u043e":"Antalya K\u00f6rfez","\u041f\u0440\u0438\u0431\u043b. \u0447\u0430\u0441 \u0447\u0438\u0442\u0430\u043d\u043d\u044f":"2 \u0445\u0432\u0438\u043b\u0438\u043d\u0438"},"schema":{"@context":"https:\/\/schema.org","@graph":[{"@type":"Article","@id":"https:\/\/denizcankizil.tr\/de\/haberler\/gundem\/ferdi-zeyrekin-kizinda-babasina-duygusal-veda-sana-layik-bir-evlat-olabilmek-icin-cabalayacagim\/#article","isPartOf":{"@id":"https:\/\/denizcankizil.tr\/de\/haberler\/gundem\/ferdi-zeyrekin-kizinda-babasina-duygusal-veda-sana-layik-bir-evlat-olabilmek-icin-cabalayacagim\/"},"author":{"name":"Antalya K\u00f6rfez","@id":"https:\/\/denizcankizil.tr\/de\/#\/schema\/person\/e1eb71bb4dd684d46563f0af307e1234"},"headline":"Ferdi Zeyrek\u2019in k\u0131z\u0131nda babas\u0131na duygusal veda: \u201cSana lay\u0131k bir evlat olabilmek i\u00e7in \u00e7abalayaca\u011f\u0131m\u201d","datePublished":"2025-06-10T17:41:16+00:00","mainEntityOfPage":{"@id":"https:\/\/denizcankizil.tr\/de\/haberler\/gundem\/ferdi-zeyrekin-kizinda-babasina-duygusal-veda-sana-layik-bir-evlat-olabilmek-icin-cabalayacagim\/"},"wordCount":450,"publisher":{"@id":"https:\/\/denizcankizil.tr\/de\/#organization"},"articleSection":["G\u00fcndem"],"inLanguage":"uk"},{"@type":"WebPage","@id":"https:\/\/denizcankizil.tr\/de\/haberler\/gundem\/ferdi-zeyrekin-kizinda-babasina-duygusal-veda-sana-layik-bir-evlat-olabilmek-icin-cabalayacagim\/","url":"https:\/\/denizcankizil.tr\/de\/haberler\/gundem\/ferdi-zeyrekin-kizinda-babasina-duygusal-veda-sana-layik-bir-evlat-olabilmek-icin-cabalayacagim\/","name":"Ferdi Zeyrek\u2019in k\u0131z\u0131nda babas\u0131na duygusal veda: \u201cSana lay\u0131k bir evlat olabilmek i\u00e7in \u00e7abalayaca\u011f\u0131m\u201d - Av. Deniz Can K\u0131z\u0131l","isPartOf":{"@id":"https:\/\/denizcankizil.tr\/de\/#website"},"datePublished":"2025-06-10T17:41:16+00:00","breadcrumb":{"@id":"https:\/\/denizcankizil.tr\/de\/haberler\/gundem\/ferdi-zeyrekin-kizinda-babasina-duygusal-veda-sana-layik-bir-evlat-olabilmek-icin-cabalayacagim\/#breadcrumb"},"inLanguage":"uk","potentialAction":[{"@type":"ReadAction","target":["https:\/\/denizcankizil.tr\/de\/haberler\/gundem\/ferdi-zeyrekin-kizinda-babasina-duygusal-veda-sana-layik-bir-evlat-olabilmek-icin-cabalayacagim\/"]}]},{"@type":"BreadcrumbList","@id":"https:\/\/denizcankizil.tr\/de\/haberler\/gundem\/ferdi-zeyrekin-kizinda-babasina-duygusal-veda-sana-layik-bir-evlat-olabilmek-icin-cabalayacagim\/#breadcrumb","itemListElement":[{"@type":"ListItem","position":1,"name":"Home","item":"https:\/\/denizcankizil.tr\/de\/"},{"@type":"ListItem","position":2,"name":"Ferdi Zeyrek\u2019in k\u0131z\u0131nda babas\u0131na duygusal veda: \u201cSana lay\u0131k bir evlat olabilmek i\u00e7in \u00e7abalayaca\u011f\u0131m\u201d"}]},{"@type":"WebSite","@id":"https:\/\/denizcankizil.tr\/de\/#website","url":"https:\/\/denizcankizil.tr\/de\/","name":"Av. Deniz Can K\u0131z\u0131l","description":"Avukat Deniz Can K\u0131z\u0131l Antalya Barosu","publisher":{"@id":"https:\/\/denizcankizil.tr\/de\/#organization"},"potentialAction":[{"@type":"SearchAction","target":{"@type":"EntryPoint","urlTemplate":"https:\/\/denizcankizil.tr\/de\/?s={search_term_string}"},"query-input":{"@type":"PropertyValueSpecification","valueRequired":true,"valueName":"search_term_string"}}],"inLanguage":"uk"},{"@type":"Organization","@id":"https:\/\/denizcankizil.tr\/de\/#organization","name":"Av. Deniz Can K\u0131z\u0131l","url":"https:\/\/denizcankizil.tr\/de\/","logo":{"@type":"ImageObject","inLanguage":"uk","@id":"https:\/\/denizcankizil.tr\/de\/#\/schema\/logo\/image\/","url":"https:\/\/denizcankizil.tr\/wp-content\/uploads\/2024\/10\/siyah-logo-svg.svg","contentUrl":"https:\/\/denizcankizil.tr\/wp-content\/uploads\/2024\/10\/siyah-logo-svg.svg","width":1080,"height":1080,"caption":"Av. Deniz Can K\u0131z\u0131l"},"image":{"@id":"https:\/\/denizcankizil.tr\/de\/#\/schema\/logo\/image\/"}},{"@type":"Person","@id":"https:\/\/denizcankizil.tr\/de\/#\/schema\/person\/e1eb71bb4dd684d46563f0af307e1234","name":"Antalya K\u00f6rfez","image":{"@type":"ImageObject","inLanguage":"uk","@id":"https:\/\/denizcankizil.tr\/de\/#\/schema\/person\/image\/","url":"https:\/\/secure.gravatar.com\/avatar\/42b01982558a48a0b501fdcab6a408d3717ea5919095ee2e67b0e521799c5905?s=96&d=mm&r=g","contentUrl":"https:\/\/secure.gravatar.com\/avatar\/42b01982558a48a0b501fdcab6a408d3717ea5919095ee2e67b0e521799c5905?s=96&d=mm&r=g","caption":"Antalya K\u00f6rfez"},"sameAs":["http:\/\/www.antalyakorfez.com"],"url":"https:\/\/www.antalyakorfez.com\/ferdi-zeyrekin-kizinda-babasina-duygusal-veda-sana-layik-bir-evlat-olabilmek-icin-cabalayacagim"}]}},"_links":{"self":[{"href":"https:\/\/denizcankizil.tr\/uk\/wp-json\/wp\/v2\/posts\/112760","targetHints":{"allow":["GET"]}}],"collection":[{"href":"https:\/\/denizcankizil.tr\/uk\/wp-json\/wp\/v2\/posts"}],"about":[{"href":"https:\/\/denizcankizil.tr\/uk\/wp-json\/wp\/v2\/types\/post"}],"author":[{"embeddable":true,"href":"https:\/\/denizcankizil.tr\/uk\/wp-json\/wp\/v2\/users\/5"}],"replies":[{"embeddable":true,"href":"https:\/\/denizcankizil.tr\/uk\/wp-json\/wp\/v2\/comments?post=112760"}],"version-history":[{"count":0,"href":"https:\/\/denizcankizil.tr\/uk\/wp-json\/wp\/v2\/posts\/112760\/revisions"}],"wp:attachment":[{"href":"https:\/\/denizcankizil.tr\/uk\/wp-json\/wp\/v2\/media?parent=112760"}],"wp:term":[{"taxonomy":"category","embeddable":true,"href":"https:\/\/denizcankizil.tr\/uk\/wp-json\/wp\/v2\/categories?post=112760"},{"taxonomy":"post_tag","embeddable":true,"href":"https:\/\/denizcankizil.tr\/uk\/wp-json\/wp\/v2\/tags?post=112760"}],"curies":[{"name":"wp","href":"https:\/\/api.w.org\/{rel}","templated":true}]}}