{"id":11274,"date":"2024-11-01T19:41:25","date_gmt":"2024-11-01T16:41:25","guid":{"rendered":"https:\/\/denizcankizil.tr\/uncategorized-tr\/ii-urla-sanat-haftasi-sanatin-buyusunu-kesfetmeye-hazir-misiniz\/"},"modified":"2024-11-01T19:41:25","modified_gmt":"2024-11-01T16:41:25","slug":"ii-urla-sanat-haftasi-sanatin-buyusunu-kesfetmeye-hazir-misiniz","status":"publish","type":"post","link":"https:\/\/denizcankizil.tr\/uk\/haberler\/gundem\/ii-urla-sanat-haftasi-sanatin-buyusunu-kesfetmeye-hazir-misiniz\/","title":{"rendered":"II. Urla Sanat Haftas\u0131: Sanat\u0131n B\u00fcy\u00fcs\u00fcn\u00fc Ke\u015ffetmeye Haz\u0131r M\u0131s\u0131n\u0131z?"},"content":{"rendered":"<p>Urla, bu y\u0131l ikincisi d\u00fczenlenen II. Urla Sanat Haftas\u0131 ile yine sanat dolu g\u00fcnlere ev sahipli\u011fi yapacak.<\/p>\n<p>\u200bUrla, bu y\u0131l ikincisi d\u00fczenlenen II. Urla Sanat Haftas\u0131 ile yine sanat dolu g\u00fcnlere ev sahipli\u011fi yapacak.\u00a0<\/p>\n<p>\u200bHaberin Al\u0131nt\u0131land\u0131\u011f\u0131 Kaynak: www.iskenderun.org<\/p>","protected":false},"excerpt":{"rendered":"<p>Urla, bu y\u0131l ikincisi d\u00fczenlenen II. Urla Sanat Haftas\u0131 ile yine sanat dolu g\u00fcnlere ev sahipli\u011fi yapacak. \u200bUrla, bu y\u0131l ikincisi d\u00fczenlenen II. Urla Sanat Haftas\u0131 ile yine sanat dolu g\u00fcnlere ev sahipli\u011fi yapacak.\u00a0 \u200bHaberin Al\u0131nt\u0131land\u0131\u011f\u0131 Kaynak: www.iskenderun.org<\/p>","protected":false},"author":0,"featured_media":0,"comment_status":"open","ping_status":"open","sticky":false,"template":"","format":"standard","meta":{"_acf_changed":false,"footnotes":""},"categories":[24,535],"tags":[],"class_list":["post-11274","post","type-post","status-publish","format-standard","has-post-thumbnail","hentry","category-gundem","category-uncategorized-tr"],"acf":[],"yoast_head":"<!-- This site is optimized with the Yoast SEO Premium plugin v26.6 (Yoast SEO v27.1.1) - https:\/\/yoast.com\/product\/yoast-seo-premium-wordpress\/ -->\n<title>II. Urla Sanat Haftas\u0131: Sanat\u0131n B\u00fcy\u00fcs\u00fcn\u00fc Ke\u015ffetmeye Haz\u0131r M\u0131s\u0131n\u0131z? - Av. Deniz Can K\u0131z\u0131l<\/title>\n<meta name=\"robots\" content=\"index, follow, max-snippet:-1, max-image-preview:large, max-video-preview:-1\" \/>\n<link rel=\"canonical\" href=\"https:\/\/denizcankizil.tr\/uk\/haberler\/gundem\/ii-urla-sanat-haftasi-sanatin-buyusunu-kesfetmeye-hazir-misiniz\/\" \/>\n<meta property=\"og:locale\" content=\"uk_UA\" \/>\n<meta property=\"og:type\" content=\"article\" \/>\n<meta property=\"og:title\" content=\"II. Urla Sanat Haftas\u0131: Sanat\u0131n B\u00fcy\u00fcs\u00fcn\u00fc Ke\u015ffetmeye Haz\u0131r M\u0131s\u0131n\u0131z?\" \/>\n<meta property=\"og:description\" content=\"Urla, bu y\u0131l ikincisi d\u00fczenlenen II. Urla Sanat Haftas\u0131 ile yine sanat dolu g\u00fcnlere ev sahipli\u011fi yapacak. \u200bUrla, bu y\u0131l ikincisi d\u00fczenlenen II. Urla Sanat Haftas\u0131 ile yine sanat dolu g\u00fcnlere ev sahipli\u011fi yapacak.\u00a0 \u200bHaberin Al\u0131nt\u0131land\u0131\u011f\u0131 Kaynak: www.iskenderun.org\" \/>\n<meta property=\"og:url\" content=\"https:\/\/denizcankizil.tr\/uk\/haberler\/gundem\/ii-urla-sanat-haftasi-sanatin-buyusunu-kesfetmeye-hazir-misiniz\/\" \/>\n<meta property=\"og:site_name\" content=\"Av. Deniz Can K\u0131z\u0131l\" \/>\n<meta property=\"article:published_time\" content=\"2024-11-01T16:41:25+00:00\" \/>\n<meta name=\"twitter:card\" content=\"summary_large_image\" \/>\n<script type=\"application\/ld+json\" class=\"yoast-schema-graph\">{\"@context\":\"https:\/\/schema.org\",\"@graph\":[{\"@type\":\"Article\",\"@id\":\"https:\/\/denizcankizil.tr\/ru\/haberler\/gundem\/ii-urla-sanat-haftasi-sanatin-buyusunu-kesfetmeye-hazir-misiniz\/#article\",\"isPartOf\":{\"@id\":\"https:\/\/denizcankizil.tr\/ru\/haberler\/gundem\/ii-urla-sanat-haftasi-sanatin-buyusunu-kesfetmeye-hazir-misiniz\/\"},\"author\":{\"name\":\"\",\"@id\":\"\"},\"headline\":\"II. Urla Sanat Haftas\u0131: Sanat\u0131n B\u00fcy\u00fcs\u00fcn\u00fc Ke\u015ffetmeye Haz\u0131r M\u0131s\u0131n\u0131z?\",\"datePublished\":\"2024-11-01T16:41:25+00:00\",\"mainEntityOfPage\":{\"@id\":\"https:\/\/denizcankizil.tr\/ru\/haberler\/gundem\/ii-urla-sanat-haftasi-sanatin-buyusunu-kesfetmeye-hazir-misiniz\/\"},\"wordCount\":68,\"commentCount\":0,\"publisher\":{\"@id\":\"https:\/\/denizcankizil.tr\/de\/#organization\"},\"articleSection\":[\"G\u00fcndem\",\"Uncategorized\"],\"inLanguage\":\"uk\",\"potentialAction\":[{\"@type\":\"CommentAction\",\"name\":\"Comment\",\"target\":[\"https:\/\/denizcankizil.tr\/ru\/haberler\/gundem\/ii-urla-sanat-haftasi-sanatin-buyusunu-kesfetmeye-hazir-misiniz\/#respond\"]}]},{\"@type\":\"WebPage\",\"@id\":\"https:\/\/denizcankizil.tr\/ru\/haberler\/gundem\/ii-urla-sanat-haftasi-sanatin-buyusunu-kesfetmeye-hazir-misiniz\/\",\"url\":\"https:\/\/denizcankizil.tr\/ru\/haberler\/gundem\/ii-urla-sanat-haftasi-sanatin-buyusunu-kesfetmeye-hazir-misiniz\/\",\"name\":\"II. Urla Sanat Haftas\u0131: Sanat\u0131n B\u00fcy\u00fcs\u00fcn\u00fc Ke\u015ffetmeye Haz\u0131r M\u0131s\u0131n\u0131z? - Av. Deniz Can K\u0131z\u0131l\",\"isPartOf\":{\"@id\":\"https:\/\/denizcankizil.tr\/de\/#website\"},\"datePublished\":\"2024-11-01T16:41:25+00:00\",\"breadcrumb\":{\"@id\":\"https:\/\/denizcankizil.tr\/ru\/haberler\/gundem\/ii-urla-sanat-haftasi-sanatin-buyusunu-kesfetmeye-hazir-misiniz\/#breadcrumb\"},\"inLanguage\":\"uk\",\"potentialAction\":[{\"@type\":\"ReadAction\",\"target\":[\"https:\/\/denizcankizil.tr\/ru\/haberler\/gundem\/ii-urla-sanat-haftasi-sanatin-buyusunu-kesfetmeye-hazir-misiniz\/\"]}]},{\"@type\":\"BreadcrumbList\",\"@id\":\"https:\/\/denizcankizil.tr\/ru\/haberler\/gundem\/ii-urla-sanat-haftasi-sanatin-buyusunu-kesfetmeye-hazir-misiniz\/#breadcrumb\",\"itemListElement\":[{\"@type\":\"ListItem\",\"position\":1,\"name\":\"Home\",\"item\":\"https:\/\/denizcankizil.tr\/de\/\"},{\"@type\":\"ListItem\",\"position\":2,\"name\":\"II. Urla Sanat Haftas\u0131: Sanat\u0131n B\u00fcy\u00fcs\u00fcn\u00fc Ke\u015ffetmeye Haz\u0131r M\u0131s\u0131n\u0131z?\"}]},{\"@type\":\"WebSite\",\"@id\":\"https:\/\/denizcankizil.tr\/de\/#website\",\"url\":\"https:\/\/denizcankizil.tr\/de\/\",\"name\":\"Av. Deniz Can K\u0131z\u0131l\",\"description\":\"Avukat Deniz Can K\u0131z\u0131l Antalya Barosu\",\"publisher\":{\"@id\":\"https:\/\/denizcankizil.tr\/de\/#organization\"},\"potentialAction\":[{\"@type\":\"SearchAction\",\"target\":{\"@type\":\"EntryPoint\",\"urlTemplate\":\"https:\/\/denizcankizil.tr\/de\/?s={search_term_string}\"},\"query-input\":{\"@type\":\"PropertyValueSpecification\",\"valueRequired\":true,\"valueName\":\"search_term_string\"}}],\"inLanguage\":\"uk\"},{\"@type\":\"Organization\",\"@id\":\"https:\/\/denizcankizil.tr\/de\/#organization\",\"name\":\"Av. Deniz Can K\u0131z\u0131l\",\"url\":\"https:\/\/denizcankizil.tr\/de\/\",\"logo\":{\"@type\":\"ImageObject\",\"inLanguage\":\"uk\",\"@id\":\"https:\/\/denizcankizil.tr\/de\/#\/schema\/logo\/image\/\",\"url\":\"https:\/\/denizcankizil.tr\/wp-content\/uploads\/2024\/10\/siyah-logo-svg.svg\",\"contentUrl\":\"https:\/\/denizcankizil.tr\/wp-content\/uploads\/2024\/10\/siyah-logo-svg.svg\",\"width\":1080,\"height\":1080,\"caption\":\"Av. Deniz Can K\u0131z\u0131l\"},\"image\":{\"@id\":\"https:\/\/denizcankizil.tr\/de\/#\/schema\/logo\/image\/\"}}]}<\/script>\n<!-- \/ Yoast SEO Premium plugin. -->","yoast_head_json":{"title":"II. Urla Sanat Haftas\u0131: Sanat\u0131n B\u00fcy\u00fcs\u00fcn\u00fc Ke\u015ffetmeye Haz\u0131r M\u0131s\u0131n\u0131z? - Av. Deniz Can K\u0131z\u0131l","robots":{"index":"index","follow":"follow","max-snippet":"max-snippet:-1","max-image-preview":"max-image-preview:large","max-video-preview":"max-video-preview:-1"},"canonical":"https:\/\/denizcankizil.tr\/uk\/haberler\/gundem\/ii-urla-sanat-haftasi-sanatin-buyusunu-kesfetmeye-hazir-misiniz\/","og_locale":"uk_UA","og_type":"article","og_title":"II. Urla Sanat Haftas\u0131: Sanat\u0131n B\u00fcy\u00fcs\u00fcn\u00fc Ke\u015ffetmeye Haz\u0131r M\u0131s\u0131n\u0131z?","og_description":"Urla, bu y\u0131l ikincisi d\u00fczenlenen II. Urla Sanat Haftas\u0131 ile yine sanat dolu g\u00fcnlere ev sahipli\u011fi yapacak. \u200bUrla, bu y\u0131l ikincisi d\u00fczenlenen II. Urla Sanat Haftas\u0131 ile yine sanat dolu g\u00fcnlere ev sahipli\u011fi yapacak.\u00a0 \u200bHaberin Al\u0131nt\u0131land\u0131\u011f\u0131 Kaynak: www.iskenderun.org","og_url":"https:\/\/denizcankizil.tr\/uk\/haberler\/gundem\/ii-urla-sanat-haftasi-sanatin-buyusunu-kesfetmeye-hazir-misiniz\/","og_site_name":"Av. Deniz Can K\u0131z\u0131l","article_published_time":"2024-11-01T16:41:25+00:00","twitter_card":"summary_large_image","schema":{"@context":"https:\/\/schema.org","@graph":[{"@type":"Article","@id":"https:\/\/denizcankizil.tr\/ru\/haberler\/gundem\/ii-urla-sanat-haftasi-sanatin-buyusunu-kesfetmeye-hazir-misiniz\/#article","isPartOf":{"@id":"https:\/\/denizcankizil.tr\/ru\/haberler\/gundem\/ii-urla-sanat-haftasi-sanatin-buyusunu-kesfetmeye-hazir-misiniz\/"},"author":{"name":"","@id":""},"headline":"II. Urla Sanat Haftas\u0131: Sanat\u0131n B\u00fcy\u00fcs\u00fcn\u00fc Ke\u015ffetmeye Haz\u0131r M\u0131s\u0131n\u0131z?","datePublished":"2024-11-01T16:41:25+00:00","mainEntityOfPage":{"@id":"https:\/\/denizcankizil.tr\/ru\/haberler\/gundem\/ii-urla-sanat-haftasi-sanatin-buyusunu-kesfetmeye-hazir-misiniz\/"},"wordCount":68,"commentCount":0,"publisher":{"@id":"https:\/\/denizcankizil.tr\/de\/#organization"},"articleSection":["G\u00fcndem","Uncategorized"],"inLanguage":"uk","potentialAction":[{"@type":"CommentAction","name":"Comment","target":["https:\/\/denizcankizil.tr\/ru\/haberler\/gundem\/ii-urla-sanat-haftasi-sanatin-buyusunu-kesfetmeye-hazir-misiniz\/#respond"]}]},{"@type":"WebPage","@id":"https:\/\/denizcankizil.tr\/ru\/haberler\/gundem\/ii-urla-sanat-haftasi-sanatin-buyusunu-kesfetmeye-hazir-misiniz\/","url":"https:\/\/denizcankizil.tr\/ru\/haberler\/gundem\/ii-urla-sanat-haftasi-sanatin-buyusunu-kesfetmeye-hazir-misiniz\/","name":"II. Urla Sanat Haftas\u0131: Sanat\u0131n B\u00fcy\u00fcs\u00fcn\u00fc Ke\u015ffetmeye Haz\u0131r M\u0131s\u0131n\u0131z? - Av. Deniz Can K\u0131z\u0131l","isPartOf":{"@id":"https:\/\/denizcankizil.tr\/de\/#website"},"datePublished":"2024-11-01T16:41:25+00:00","breadcrumb":{"@id":"https:\/\/denizcankizil.tr\/ru\/haberler\/gundem\/ii-urla-sanat-haftasi-sanatin-buyusunu-kesfetmeye-hazir-misiniz\/#breadcrumb"},"inLanguage":"uk","potentialAction":[{"@type":"ReadAction","target":["https:\/\/denizcankizil.tr\/ru\/haberler\/gundem\/ii-urla-sanat-haftasi-sanatin-buyusunu-kesfetmeye-hazir-misiniz\/"]}]},{"@type":"BreadcrumbList","@id":"https:\/\/denizcankizil.tr\/ru\/haberler\/gundem\/ii-urla-sanat-haftasi-sanatin-buyusunu-kesfetmeye-hazir-misiniz\/#breadcrumb","itemListElement":[{"@type":"ListItem","position":1,"name":"Home","item":"https:\/\/denizcankizil.tr\/de\/"},{"@type":"ListItem","position":2,"name":"II. Urla Sanat Haftas\u0131: Sanat\u0131n B\u00fcy\u00fcs\u00fcn\u00fc Ke\u015ffetmeye Haz\u0131r M\u0131s\u0131n\u0131z?"}]},{"@type":"WebSite","@id":"https:\/\/denizcankizil.tr\/de\/#website","url":"https:\/\/denizcankizil.tr\/de\/","name":"Av. Deniz Can K\u0131z\u0131l","description":"Avukat Deniz Can K\u0131z\u0131l Antalya Barosu","publisher":{"@id":"https:\/\/denizcankizil.tr\/de\/#organization"},"potentialAction":[{"@type":"SearchAction","target":{"@type":"EntryPoint","urlTemplate":"https:\/\/denizcankizil.tr\/de\/?s={search_term_string}"},"query-input":{"@type":"PropertyValueSpecification","valueRequired":true,"valueName":"search_term_string"}}],"inLanguage":"uk"},{"@type":"Organization","@id":"https:\/\/denizcankizil.tr\/de\/#organization","name":"Av. Deniz Can K\u0131z\u0131l","url":"https:\/\/denizcankizil.tr\/de\/","logo":{"@type":"ImageObject","inLanguage":"uk","@id":"https:\/\/denizcankizil.tr\/de\/#\/schema\/logo\/image\/","url":"https:\/\/denizcankizil.tr\/wp-content\/uploads\/2024\/10\/siyah-logo-svg.svg","contentUrl":"https:\/\/denizcankizil.tr\/wp-content\/uploads\/2024\/10\/siyah-logo-svg.svg","width":1080,"height":1080,"caption":"Av. Deniz Can K\u0131z\u0131l"},"image":{"@id":"https:\/\/denizcankizil.tr\/de\/#\/schema\/logo\/image\/"}}]}},"_links":{"self":[{"href":"https:\/\/denizcankizil.tr\/uk\/wp-json\/wp\/v2\/posts\/11274","targetHints":{"allow":["GET"]}}],"collection":[{"href":"https:\/\/denizcankizil.tr\/uk\/wp-json\/wp\/v2\/posts"}],"about":[{"href":"https:\/\/denizcankizil.tr\/uk\/wp-json\/wp\/v2\/types\/post"}],"replies":[{"embeddable":true,"href":"https:\/\/denizcankizil.tr\/uk\/wp-json\/wp\/v2\/comments?post=11274"}],"version-history":[{"count":0,"href":"https:\/\/denizcankizil.tr\/uk\/wp-json\/wp\/v2\/posts\/11274\/revisions"}],"wp:attachment":[{"href":"https:\/\/denizcankizil.tr\/uk\/wp-json\/wp\/v2\/media?parent=11274"}],"wp:term":[{"taxonomy":"category","embeddable":true,"href":"https:\/\/denizcankizil.tr\/uk\/wp-json\/wp\/v2\/categories?post=11274"},{"taxonomy":"post_tag","embeddable":true,"href":"https:\/\/denizcankizil.tr\/uk\/wp-json\/wp\/v2\/tags?post=11274"}],"curies":[{"name":"wp","href":"https:\/\/api.w.org\/{rel}","templated":true}]}}