{"id":112680,"date":"2025-06-10T17:43:38","date_gmt":"2025-06-10T14:43:38","guid":{"rendered":"https:\/\/denizcankizil.tr\/uncategorized-tr\/demirkent-dualarla-son-yolculuguna-ugurlandi\/"},"modified":"2025-06-10T17:43:38","modified_gmt":"2025-06-10T14:43:38","slug":"demirkent-dualarla-son-yolculuguna-ugurlandi","status":"publish","type":"post","link":"https:\/\/denizcankizil.tr\/uk\/haberler\/gundem\/demirkent-dualarla-son-yolculuguna-ugurlandi\/","title":{"rendered":"Demirkent Dualarla son yolculu\u011funa u\u011furland\u0131"},"content":{"rendered":"<p>K\u0131sa bir s\u00fcre \u00f6nce n\u00fckseden rahats\u0131zl\u0131\u011f\u0131na yenik d\u00fc\u015ferek ya\u015fama veda eden Demirkent&#8217;in vefat\u0131, ailesi ve sevenleri aras\u0131nda b\u00fcy\u00fck \u00fcz\u00fcnt\u00fcye neden oldu. Merhum Atilla Demirkent i\u00e7in \u0130skenderun Kaptan Mehmet Pa\u015fa Camii&#8217;nde ikindi namaz\u0131n\u0131 m\u00fcteakip cenaze namaz\u0131 k\u0131l\u0131nd\u0131.<\/p>\n<p>Cenaze t\u00f6renine Demirkent&#8217;in ailesinin yan\u0131 s\u0131ra i\u015f, sanat ve siyaset d\u00fcnyas\u0131ndan \u00e7ok say\u0131da ki\u015fi kat\u0131ld\u0131. Dualar e\u015fli\u011finde cenaze arac\u0131na konulan Demirkent&#8217;in naa\u015f\u0131, g\u00f6zya\u015flar\u0131 i\u00e7inde Sar\u0131seki Orta Camii Mezarl\u0131\u011f\u0131&#8217;nda topra\u011fa verildi.<\/p>\n<p>Topluma Katk\u0131lar\u0131 ve Sanatsal Kimli\u011fi&#8230;<\/p>\n<p>Atilla Demirkent, sadece ba\u015far\u0131l\u0131 bir i\u015f insan\u0131 kimli\u011fiyle de\u011fil, ayn\u0131 zamanda aktif bir sivil toplum g\u00f6n\u00fcll\u00fcs\u00fc olarak da tan\u0131n\u0131yordu. Bir\u00e7ok sivil toplum kurulu\u015funda g\u00f6rev alarak sosyal sorumluluk projelerinde \u00f6nemli roller \u00fcstlendi. K\u0131sa bir s\u00fcre \u00f6nce lise y\u0131llar\u0131n\u0131 anlatt\u0131\u011f\u0131 &#8220;Y\u0131llar\u0131n Eskitemedi\u011fi Y\u0131llar\u0131m&#8221; adl\u0131 kitab\u0131n\u0131 okurlarla bulu\u015fturan Demirkent, Musiki Cemiyeti&#8217;nde sergiledi\u011fi sanatsal yetene\u011fiyle de biliniyordu. \u00c7e\u015fitli konserlerde seslendirdi\u011fi \u015fark\u0131larla dinleyenleri mest eden Demirkent, \u00e7ok y\u00f6nl\u00fc ki\u015fili\u011fiyle topluma iz b\u0131rakm\u0131\u015ft\u0131.<\/p>\n<p>Atilla Demirkent i\u00e7in taziye ziyaretleri baba oca\u011f\u0131 Sar\u0131seki&#8217;de kabul edilecek.<\/p>\n<p>\u200b\u0130skenderun&#8217;un sanayi ve denizcilik sekt\u00f6r\u00fcne uzun y\u0131llar boyunca &#8220;Kent Makine&#8221; firmas\u0131yla \u00f6nemli katk\u0131larda bulunan ve 84 ya\u015f\u0131nda hayat\u0131n\u0131 kaybeden i\u015f insan\u0131 Atilla Demirkent, sevenlerinin g\u00f6zya\u015flar\u0131 ile dualar\u0131 e\u015fli\u011finde son yolculu\u011funa u\u011furland\u0131.\u00a0<\/p>\n<p>\u200bHaberin Al\u0131nt\u0131land\u0131\u011f\u0131 Kaynak: www.iskenderun.org<\/p>","protected":false},"excerpt":{"rendered":"<p>K\u0131sa bir s\u00fcre \u00f6nce n\u00fckseden rahats\u0131zl\u0131\u011f\u0131na yenik d\u00fc\u015ferek ya\u015fama veda eden Demirkent&#8217;in vefat\u0131, ailesi ve sevenleri aras\u0131nda b\u00fcy\u00fck \u00fcz\u00fcnt\u00fcye neden oldu. Merhum Atilla Demirkent i\u00e7in \u0130skenderun Kaptan Mehmet Pa\u015fa Camii&#8217;nde ikindi namaz\u0131n\u0131 m\u00fcteakip cenaze namaz\u0131 k\u0131l\u0131nd\u0131. Cenaze t\u00f6renine Demirkent&#8217;in ailesinin yan\u0131 s\u0131ra i\u015f, sanat ve siyaset d\u00fcnyas\u0131ndan \u00e7ok say\u0131da ki\u015fi kat\u0131ld\u0131. Dualar e\u015fli\u011finde cenaze arac\u0131na konulan Demirkent&#8217;in naa\u015f\u0131, g\u00f6zya\u015flar\u0131 i\u00e7inde Sar\u0131seki Orta Camii Mezarl\u0131\u011f\u0131&#8217;nda topra\u011fa verildi. Topluma Katk\u0131lar\u0131 ve Sanatsal Kimli\u011fi&#8230; Atilla Demirkent, sadece ba\u015far\u0131l\u0131 bir i\u015f insan\u0131 kimli\u011fiyle de\u011fil, ayn\u0131 zamanda aktif bir sivil toplum g\u00f6n\u00fcll\u00fcs\u00fc olarak da tan\u0131n\u0131yordu. Bir\u00e7ok sivil toplum kurulu\u015funda g\u00f6rev alarak sosyal sorumluluk projelerinde \u00f6nemli roller \u00fcstlendi. K\u0131sa bir s\u00fcre \u00f6nce lise y\u0131llar\u0131n\u0131 anlatt\u0131\u011f\u0131 &#8220;Y\u0131llar\u0131n Eskitemedi\u011fi Y\u0131llar\u0131m&#8221; adl\u0131 kitab\u0131n\u0131 okurlarla bulu\u015fturan Demirkent, Musiki Cemiyeti&#8217;nde sergiledi\u011fi sanatsal yetene\u011fiyle de biliniyordu. \u00c7e\u015fitli konserlerde seslendirdi\u011fi \u015fark\u0131larla dinleyenleri mest eden Demirkent, \u00e7ok y\u00f6nl\u00fc ki\u015fili\u011fiyle topluma iz b\u0131rakm\u0131\u015ft\u0131. Atilla Demirkent i\u00e7in taziye ziyaretleri baba oca\u011f\u0131 Sar\u0131seki&#8217;de kabul edilecek. \u200b\u0130skenderun&#8217;un sanayi ve denizcilik sekt\u00f6r\u00fcne uzun y\u0131llar boyunca &#8220;Kent Makine&#8221; firmas\u0131yla \u00f6nemli katk\u0131larda bulunan ve 84 ya\u015f\u0131nda hayat\u0131n\u0131 kaybeden i\u015f insan\u0131 Atilla Demirkent, sevenlerinin g\u00f6zya\u015flar\u0131 ile dualar\u0131 e\u015fli\u011finde son yolculu\u011funa u\u011furland\u0131.\u00a0 \u200bHaberin Al\u0131nt\u0131land\u0131\u011f\u0131 Kaynak: www.iskenderun.org<\/p>","protected":false},"author":1,"featured_media":0,"comment_status":"","ping_status":"open","sticky":false,"template":"","format":"standard","meta":{"_acf_changed":false,"footnotes":""},"categories":[24],"tags":[],"class_list":["post-112680","post","type-post","status-publish","format-standard","has-post-thumbnail","hentry","category-gundem"],"acf":[],"yoast_head":"<!-- This site is optimized with the Yoast SEO Premium plugin v26.6 (Yoast SEO v27.1.1) - https:\/\/yoast.com\/product\/yoast-seo-premium-wordpress\/ -->\n<title>Demirkent Dualarla son yolculu\u011funa u\u011furland\u0131 - Av. Deniz Can K\u0131z\u0131l<\/title>\n<meta name=\"robots\" content=\"index, follow, max-snippet:-1, max-image-preview:large, max-video-preview:-1\" \/>\n<link rel=\"canonical\" href=\"https:\/\/denizcankizil.tr\/uk\/haberler\/gundem\/demirkent-dualarla-son-yolculuguna-ugurlandi\/\" \/>\n<meta property=\"og:locale\" content=\"uk_UA\" \/>\n<meta property=\"og:type\" content=\"article\" \/>\n<meta property=\"og:title\" content=\"Demirkent Dualarla son yolculu\u011funa u\u011furland\u0131\" \/>\n<meta property=\"og:description\" content=\"K\u0131sa bir s\u00fcre \u00f6nce n\u00fckseden rahats\u0131zl\u0131\u011f\u0131na yenik d\u00fc\u015ferek ya\u015fama veda eden Demirkent&#8217;in vefat\u0131, ailesi ve sevenleri aras\u0131nda b\u00fcy\u00fck \u00fcz\u00fcnt\u00fcye neden oldu. Merhum Atilla Demirkent i\u00e7in \u0130skenderun Kaptan Mehmet Pa\u015fa Camii&#8217;nde ikindi namaz\u0131n\u0131 m\u00fcteakip cenaze namaz\u0131 k\u0131l\u0131nd\u0131. Cenaze t\u00f6renine Demirkent&#8217;in ailesinin yan\u0131 s\u0131ra i\u015f, sanat ve siyaset d\u00fcnyas\u0131ndan \u00e7ok say\u0131da ki\u015fi kat\u0131ld\u0131. Dualar e\u015fli\u011finde cenaze arac\u0131na konulan Demirkent&#8217;in naa\u015f\u0131, g\u00f6zya\u015flar\u0131 i\u00e7inde Sar\u0131seki Orta Camii Mezarl\u0131\u011f\u0131&#8217;nda topra\u011fa verildi. Topluma Katk\u0131lar\u0131 ve Sanatsal Kimli\u011fi&#8230; Atilla Demirkent, sadece ba\u015far\u0131l\u0131 bir i\u015f insan\u0131 kimli\u011fiyle de\u011fil, ayn\u0131 zamanda aktif bir sivil toplum g\u00f6n\u00fcll\u00fcs\u00fc olarak da tan\u0131n\u0131yordu. Bir\u00e7ok sivil toplum kurulu\u015funda g\u00f6rev alarak sosyal sorumluluk projelerinde \u00f6nemli roller \u00fcstlendi. K\u0131sa bir s\u00fcre \u00f6nce lise y\u0131llar\u0131n\u0131 anlatt\u0131\u011f\u0131 &#8220;Y\u0131llar\u0131n Eskitemedi\u011fi Y\u0131llar\u0131m&#8221; adl\u0131 kitab\u0131n\u0131 okurlarla bulu\u015fturan Demirkent, Musiki Cemiyeti&#8217;nde sergiledi\u011fi sanatsal yetene\u011fiyle de biliniyordu. \u00c7e\u015fitli konserlerde seslendirdi\u011fi \u015fark\u0131larla dinleyenleri mest eden Demirkent, \u00e7ok y\u00f6nl\u00fc ki\u015fili\u011fiyle topluma iz b\u0131rakm\u0131\u015ft\u0131. Atilla Demirkent i\u00e7in taziye ziyaretleri baba oca\u011f\u0131 Sar\u0131seki&#8217;de kabul edilecek. \u200b\u0130skenderun&#8217;un sanayi ve denizcilik sekt\u00f6r\u00fcne uzun y\u0131llar boyunca &#8220;Kent Makine&#8221; firmas\u0131yla \u00f6nemli katk\u0131larda bulunan ve 84 ya\u015f\u0131nda hayat\u0131n\u0131 kaybeden i\u015f insan\u0131 Atilla Demirkent, sevenlerinin g\u00f6zya\u015flar\u0131 ile dualar\u0131 e\u015fli\u011finde son yolculu\u011funa u\u011furland\u0131.\u00a0 \u200bHaberin Al\u0131nt\u0131land\u0131\u011f\u0131 Kaynak: www.iskenderun.org\" \/>\n<meta property=\"og:url\" content=\"https:\/\/denizcankizil.tr\/uk\/haberler\/gundem\/demirkent-dualarla-son-yolculuguna-ugurlandi\/\" \/>\n<meta property=\"og:site_name\" content=\"Av. Deniz Can K\u0131z\u0131l\" \/>\n<meta property=\"article:published_time\" content=\"2025-06-10T14:43:38+00:00\" \/>\n<meta name=\"author\" content=\"admin\" \/>\n<meta name=\"twitter:card\" content=\"summary_large_image\" \/>\n<meta name=\"twitter:label1\" content=\"\u041d\u0430\u043f\u0438\u0441\u0430\u043d\u043e\" \/>\n\t<meta name=\"twitter:data1\" content=\"admin\" \/>\n\t<meta name=\"twitter:label2\" content=\"\u041f\u0440\u0438\u0431\u043b. \u0447\u0430\u0441 \u0447\u0438\u0442\u0430\u043d\u043d\u044f\" \/>\n\t<meta name=\"twitter:data2\" content=\"1 \u0445\u0432\u0438\u043b\u0438\u043d\u0430\" \/>\n<script type=\"application\/ld+json\" class=\"yoast-schema-graph\">{\"@context\":\"https:\/\/schema.org\",\"@graph\":[{\"@type\":\"Article\",\"@id\":\"https:\/\/denizcankizil.tr\/uk\/haberler\/gundem\/demirkent-dualarla-son-yolculuguna-ugurlandi\/#article\",\"isPartOf\":{\"@id\":\"https:\/\/denizcankizil.tr\/uk\/haberler\/gundem\/demirkent-dualarla-son-yolculuguna-ugurlandi\/\"},\"author\":{\"name\":\"admin\",\"@id\":\"https:\/\/denizcankizil.tr\/#\/schema\/person\/be3c05fe6a12686905512445d8185489\"},\"headline\":\"Demirkent Dualarla son yolculu\u011funa u\u011furland\u0131\",\"datePublished\":\"2025-06-10T14:43:38+00:00\",\"mainEntityOfPage\":{\"@id\":\"https:\/\/denizcankizil.tr\/uk\/haberler\/gundem\/demirkent-dualarla-son-yolculuguna-ugurlandi\/\"},\"wordCount\":284,\"publisher\":{\"@id\":\"https:\/\/denizcankizil.tr\/#organization\"},\"articleSection\":[\"G\u00fcndem\"],\"inLanguage\":\"uk\"},{\"@type\":\"WebPage\",\"@id\":\"https:\/\/denizcankizil.tr\/uk\/haberler\/gundem\/demirkent-dualarla-son-yolculuguna-ugurlandi\/\",\"url\":\"https:\/\/denizcankizil.tr\/uk\/haberler\/gundem\/demirkent-dualarla-son-yolculuguna-ugurlandi\/\",\"name\":\"Demirkent Dualarla son yolculu\u011funa u\u011furland\u0131 - Av. Deniz Can K\u0131z\u0131l\",\"isPartOf\":{\"@id\":\"https:\/\/denizcankizil.tr\/#website\"},\"datePublished\":\"2025-06-10T14:43:38+00:00\",\"breadcrumb\":{\"@id\":\"https:\/\/denizcankizil.tr\/uk\/haberler\/gundem\/demirkent-dualarla-son-yolculuguna-ugurlandi\/#breadcrumb\"},\"inLanguage\":\"uk\",\"potentialAction\":[{\"@type\":\"ReadAction\",\"target\":[\"https:\/\/denizcankizil.tr\/uk\/haberler\/gundem\/demirkent-dualarla-son-yolculuguna-ugurlandi\/\"]}]},{\"@type\":\"BreadcrumbList\",\"@id\":\"https:\/\/denizcankizil.tr\/uk\/haberler\/gundem\/demirkent-dualarla-son-yolculuguna-ugurlandi\/#breadcrumb\",\"itemListElement\":[{\"@type\":\"ListItem\",\"position\":1,\"name\":\"Home\",\"item\":\"https:\/\/denizcankizil.tr\/uk\/\"},{\"@type\":\"ListItem\",\"position\":2,\"name\":\"Demirkent Dualarla son yolculu\u011funa u\u011furland\u0131\"}]},{\"@type\":\"WebSite\",\"@id\":\"https:\/\/denizcankizil.tr\/#website\",\"url\":\"https:\/\/denizcankizil.tr\/\",\"name\":\"Av. Deniz Can K\u0131z\u0131l\",\"description\":\"Avukat Deniz Can K\u0131z\u0131l Antalya Barosu\",\"publisher\":{\"@id\":\"https:\/\/denizcankizil.tr\/#organization\"},\"potentialAction\":[{\"@type\":\"SearchAction\",\"target\":{\"@type\":\"EntryPoint\",\"urlTemplate\":\"https:\/\/denizcankizil.tr\/?s={search_term_string}\"},\"query-input\":{\"@type\":\"PropertyValueSpecification\",\"valueRequired\":true,\"valueName\":\"search_term_string\"}}],\"inLanguage\":\"uk\"},{\"@type\":\"Organization\",\"@id\":\"https:\/\/denizcankizil.tr\/#organization\",\"name\":\"Av. Deniz Can K\u0131z\u0131l\",\"url\":\"https:\/\/denizcankizil.tr\/\",\"logo\":{\"@type\":\"ImageObject\",\"inLanguage\":\"uk\",\"@id\":\"https:\/\/denizcankizil.tr\/#\/schema\/logo\/image\/\",\"url\":\"https:\/\/denizcankizil.tr\/wp-content\/uploads\/2024\/10\/siyah-logo-svg.svg\",\"contentUrl\":\"https:\/\/denizcankizil.tr\/wp-content\/uploads\/2024\/10\/siyah-logo-svg.svg\",\"width\":1080,\"height\":1080,\"caption\":\"Av. Deniz Can K\u0131z\u0131l\"},\"image\":{\"@id\":\"https:\/\/denizcankizil.tr\/#\/schema\/logo\/image\/\"}},{\"@type\":\"Person\",\"@id\":\"https:\/\/denizcankizil.tr\/#\/schema\/person\/be3c05fe6a12686905512445d8185489\",\"name\":\"admin\",\"image\":{\"@type\":\"ImageObject\",\"inLanguage\":\"uk\",\"@id\":\"https:\/\/denizcankizil.tr\/#\/schema\/person\/image\/\",\"url\":\"https:\/\/secure.gravatar.com\/avatar\/c1fce94c830dc79107e174f890d7210541c4a63e8e5d816341794a2151c9d58c?s=96&d=mm&r=g\",\"contentUrl\":\"https:\/\/secure.gravatar.com\/avatar\/c1fce94c830dc79107e174f890d7210541c4a63e8e5d816341794a2151c9d58c?s=96&d=mm&r=g\",\"caption\":\"admin\"},\"sameAs\":[\"http:\/\/denizcankizil.tr\"],\"url\":\"https:\/\/www.iskenderun.org\/demirkent-dualarla-son-yolculuguna-ugurlandi\"}]}<\/script>\n<!-- \/ Yoast SEO Premium plugin. -->","yoast_head_json":{"title":"Demirkent Dualarla son yolculu\u011funa u\u011furland\u0131 - Av. Deniz Can K\u0131z\u0131l","robots":{"index":"index","follow":"follow","max-snippet":"max-snippet:-1","max-image-preview":"max-image-preview:large","max-video-preview":"max-video-preview:-1"},"canonical":"https:\/\/denizcankizil.tr\/uk\/haberler\/gundem\/demirkent-dualarla-son-yolculuguna-ugurlandi\/","og_locale":"uk_UA","og_type":"article","og_title":"Demirkent Dualarla son yolculu\u011funa u\u011furland\u0131","og_description":"K\u0131sa bir s\u00fcre \u00f6nce n\u00fckseden rahats\u0131zl\u0131\u011f\u0131na yenik d\u00fc\u015ferek ya\u015fama veda eden Demirkent&#8217;in vefat\u0131, ailesi ve sevenleri aras\u0131nda b\u00fcy\u00fck \u00fcz\u00fcnt\u00fcye neden oldu. Merhum Atilla Demirkent i\u00e7in \u0130skenderun Kaptan Mehmet Pa\u015fa Camii&#8217;nde ikindi namaz\u0131n\u0131 m\u00fcteakip cenaze namaz\u0131 k\u0131l\u0131nd\u0131. Cenaze t\u00f6renine Demirkent&#8217;in ailesinin yan\u0131 s\u0131ra i\u015f, sanat ve siyaset d\u00fcnyas\u0131ndan \u00e7ok say\u0131da ki\u015fi kat\u0131ld\u0131. Dualar e\u015fli\u011finde cenaze arac\u0131na konulan Demirkent&#8217;in naa\u015f\u0131, g\u00f6zya\u015flar\u0131 i\u00e7inde Sar\u0131seki Orta Camii Mezarl\u0131\u011f\u0131&#8217;nda topra\u011fa verildi. Topluma Katk\u0131lar\u0131 ve Sanatsal Kimli\u011fi&#8230; Atilla Demirkent, sadece ba\u015far\u0131l\u0131 bir i\u015f insan\u0131 kimli\u011fiyle de\u011fil, ayn\u0131 zamanda aktif bir sivil toplum g\u00f6n\u00fcll\u00fcs\u00fc olarak da tan\u0131n\u0131yordu. Bir\u00e7ok sivil toplum kurulu\u015funda g\u00f6rev alarak sosyal sorumluluk projelerinde \u00f6nemli roller \u00fcstlendi. K\u0131sa bir s\u00fcre \u00f6nce lise y\u0131llar\u0131n\u0131 anlatt\u0131\u011f\u0131 &#8220;Y\u0131llar\u0131n Eskitemedi\u011fi Y\u0131llar\u0131m&#8221; adl\u0131 kitab\u0131n\u0131 okurlarla bulu\u015fturan Demirkent, Musiki Cemiyeti&#8217;nde sergiledi\u011fi sanatsal yetene\u011fiyle de biliniyordu. \u00c7e\u015fitli konserlerde seslendirdi\u011fi \u015fark\u0131larla dinleyenleri mest eden Demirkent, \u00e7ok y\u00f6nl\u00fc ki\u015fili\u011fiyle topluma iz b\u0131rakm\u0131\u015ft\u0131. Atilla Demirkent i\u00e7in taziye ziyaretleri baba oca\u011f\u0131 Sar\u0131seki&#8217;de kabul edilecek. \u200b\u0130skenderun&#8217;un sanayi ve denizcilik sekt\u00f6r\u00fcne uzun y\u0131llar boyunca &#8220;Kent Makine&#8221; firmas\u0131yla \u00f6nemli katk\u0131larda bulunan ve 84 ya\u015f\u0131nda hayat\u0131n\u0131 kaybeden i\u015f insan\u0131 Atilla Demirkent, sevenlerinin g\u00f6zya\u015flar\u0131 ile dualar\u0131 e\u015fli\u011finde son yolculu\u011funa u\u011furland\u0131.\u00a0 \u200bHaberin Al\u0131nt\u0131land\u0131\u011f\u0131 Kaynak: www.iskenderun.org","og_url":"https:\/\/denizcankizil.tr\/uk\/haberler\/gundem\/demirkent-dualarla-son-yolculuguna-ugurlandi\/","og_site_name":"Av. Deniz Can K\u0131z\u0131l","article_published_time":"2025-06-10T14:43:38+00:00","author":"admin","twitter_card":"summary_large_image","twitter_misc":{"\u041d\u0430\u043f\u0438\u0441\u0430\u043d\u043e":"admin","\u041f\u0440\u0438\u0431\u043b. \u0447\u0430\u0441 \u0447\u0438\u0442\u0430\u043d\u043d\u044f":"1 \u0445\u0432\u0438\u043b\u0438\u043d\u0430"},"schema":{"@context":"https:\/\/schema.org","@graph":[{"@type":"Article","@id":"https:\/\/denizcankizil.tr\/uk\/haberler\/gundem\/demirkent-dualarla-son-yolculuguna-ugurlandi\/#article","isPartOf":{"@id":"https:\/\/denizcankizil.tr\/uk\/haberler\/gundem\/demirkent-dualarla-son-yolculuguna-ugurlandi\/"},"author":{"name":"admin","@id":"https:\/\/denizcankizil.tr\/#\/schema\/person\/be3c05fe6a12686905512445d8185489"},"headline":"Demirkent Dualarla son yolculu\u011funa u\u011furland\u0131","datePublished":"2025-06-10T14:43:38+00:00","mainEntityOfPage":{"@id":"https:\/\/denizcankizil.tr\/uk\/haberler\/gundem\/demirkent-dualarla-son-yolculuguna-ugurlandi\/"},"wordCount":284,"publisher":{"@id":"https:\/\/denizcankizil.tr\/#organization"},"articleSection":["G\u00fcndem"],"inLanguage":"uk"},{"@type":"WebPage","@id":"https:\/\/denizcankizil.tr\/uk\/haberler\/gundem\/demirkent-dualarla-son-yolculuguna-ugurlandi\/","url":"https:\/\/denizcankizil.tr\/uk\/haberler\/gundem\/demirkent-dualarla-son-yolculuguna-ugurlandi\/","name":"Demirkent Dualarla son yolculu\u011funa u\u011furland\u0131 - Av. Deniz Can K\u0131z\u0131l","isPartOf":{"@id":"https:\/\/denizcankizil.tr\/#website"},"datePublished":"2025-06-10T14:43:38+00:00","breadcrumb":{"@id":"https:\/\/denizcankizil.tr\/uk\/haberler\/gundem\/demirkent-dualarla-son-yolculuguna-ugurlandi\/#breadcrumb"},"inLanguage":"uk","potentialAction":[{"@type":"ReadAction","target":["https:\/\/denizcankizil.tr\/uk\/haberler\/gundem\/demirkent-dualarla-son-yolculuguna-ugurlandi\/"]}]},{"@type":"BreadcrumbList","@id":"https:\/\/denizcankizil.tr\/uk\/haberler\/gundem\/demirkent-dualarla-son-yolculuguna-ugurlandi\/#breadcrumb","itemListElement":[{"@type":"ListItem","position":1,"name":"Home","item":"https:\/\/denizcankizil.tr\/uk\/"},{"@type":"ListItem","position":2,"name":"Demirkent Dualarla son yolculu\u011funa u\u011furland\u0131"}]},{"@type":"WebSite","@id":"https:\/\/denizcankizil.tr\/#website","url":"https:\/\/denizcankizil.tr\/","name":"Av. Deniz Can K\u0131z\u0131l","description":"Avukat Deniz Can K\u0131z\u0131l Antalya Barosu","publisher":{"@id":"https:\/\/denizcankizil.tr\/#organization"},"potentialAction":[{"@type":"SearchAction","target":{"@type":"EntryPoint","urlTemplate":"https:\/\/denizcankizil.tr\/?s={search_term_string}"},"query-input":{"@type":"PropertyValueSpecification","valueRequired":true,"valueName":"search_term_string"}}],"inLanguage":"uk"},{"@type":"Organization","@id":"https:\/\/denizcankizil.tr\/#organization","name":"Av. Deniz Can K\u0131z\u0131l","url":"https:\/\/denizcankizil.tr\/","logo":{"@type":"ImageObject","inLanguage":"uk","@id":"https:\/\/denizcankizil.tr\/#\/schema\/logo\/image\/","url":"https:\/\/denizcankizil.tr\/wp-content\/uploads\/2024\/10\/siyah-logo-svg.svg","contentUrl":"https:\/\/denizcankizil.tr\/wp-content\/uploads\/2024\/10\/siyah-logo-svg.svg","width":1080,"height":1080,"caption":"Av. Deniz Can K\u0131z\u0131l"},"image":{"@id":"https:\/\/denizcankizil.tr\/#\/schema\/logo\/image\/"}},{"@type":"Person","@id":"https:\/\/denizcankizil.tr\/#\/schema\/person\/be3c05fe6a12686905512445d8185489","name":"\u0430\u0434\u043c\u0456\u043d","image":{"@type":"ImageObject","inLanguage":"uk","@id":"https:\/\/denizcankizil.tr\/#\/schema\/person\/image\/","url":"https:\/\/secure.gravatar.com\/avatar\/c1fce94c830dc79107e174f890d7210541c4a63e8e5d816341794a2151c9d58c?s=96&d=mm&r=g","contentUrl":"https:\/\/secure.gravatar.com\/avatar\/c1fce94c830dc79107e174f890d7210541c4a63e8e5d816341794a2151c9d58c?s=96&d=mm&r=g","caption":"admin"},"sameAs":["http:\/\/denizcankizil.tr"],"url":"https:\/\/www.iskenderun.org\/demirkent-dualarla-son-yolculuguna-ugurlandi"}]}},"_links":{"self":[{"href":"https:\/\/denizcankizil.tr\/uk\/wp-json\/wp\/v2\/posts\/112680","targetHints":{"allow":["GET"]}}],"collection":[{"href":"https:\/\/denizcankizil.tr\/uk\/wp-json\/wp\/v2\/posts"}],"about":[{"href":"https:\/\/denizcankizil.tr\/uk\/wp-json\/wp\/v2\/types\/post"}],"author":[{"embeddable":true,"href":"https:\/\/denizcankizil.tr\/uk\/wp-json\/wp\/v2\/users\/1"}],"replies":[{"embeddable":true,"href":"https:\/\/denizcankizil.tr\/uk\/wp-json\/wp\/v2\/comments?post=112680"}],"version-history":[{"count":0,"href":"https:\/\/denizcankizil.tr\/uk\/wp-json\/wp\/v2\/posts\/112680\/revisions"}],"wp:attachment":[{"href":"https:\/\/denizcankizil.tr\/uk\/wp-json\/wp\/v2\/media?parent=112680"}],"wp:term":[{"taxonomy":"category","embeddable":true,"href":"https:\/\/denizcankizil.tr\/uk\/wp-json\/wp\/v2\/categories?post=112680"},{"taxonomy":"post_tag","embeddable":true,"href":"https:\/\/denizcankizil.tr\/uk\/wp-json\/wp\/v2\/tags?post=112680"}],"curies":[{"name":"wp","href":"https:\/\/api.w.org\/{rel}","templated":true}]}}