{"id":112622,"date":"2025-06-10T16:42:38","date_gmt":"2025-06-10T13:42:38","guid":{"rendered":"https:\/\/denizcankizil.tr\/uncategorized-tr\/gaziantep-buyuksehirden-ailelere-destek\/"},"modified":"2025-06-10T16:42:38","modified_gmt":"2025-06-10T13:42:38","slug":"gaziantep-buyuksehirden-ailelere-destek","status":"publish","type":"post","link":"https:\/\/denizcankizil.tr\/uk\/haberler\/gundem\/gaziantep-buyuksehirden-ailelere-destek\/","title":{"rendered":"Gaziantep B\u00fcy\u00fck\u015fehir\u2019den ailelere destek"},"content":{"rendered":"<p>Gaziantep B\u00fcy\u00fck\u015fehir Belediye Meclisi Haziran ay\u0131 toplant\u0131s\u0131n\u0131 ger\u00e7ekle\u015ftirdi.GAZ\u0130ANTEP (\u0130GFA) &#8211; Gaziantep B\u00fcy\u00fck\u015fehir Belediyesi 2025 Y\u0131l\u0131 Haziran Ay\u0131 D\u00f6nem Toplant\u0131s\u0131\u2019n\u0131n 1\u2019inci Bile\u015fimi, Ba\u015fkan Vekili Halil U\u011fur\u2019un ba\u015fkanl\u0131\u011f\u0131nda ger\u00e7ekle\u015ftirildi. B\u00fcy\u00fck\u015fehir Belediyesi Meclis Salonu\u2019nda d\u00fczenlenen toplant\u0131 \u00f6ncesinde, Manisa B\u00fcy\u00fck\u015fehir Belediye Ba\u015fkan\u0131 Ferdi Zeyrek ve Onurcan \u00d6zdemir i\u00e7in anma yap\u0131ld\u0131.<br \/>\nMeclis g\u00fcndeminde, Aile Y\u0131l\u0131 \u00e7al\u0131\u015fmalar\u0131 \u00e7er\u00e7evesinde y\u00fcr\u00fct\u00fclen \u201cBir Umut Bir Can Projesi\u201d ele al\u0131nd\u0131. T\u00fcp bebek tedavisiyle \u00e7ocuk sahibi olmak isteyen ailelere destek olmak amac\u0131yla B\u00fcy\u00fck\u015fehir Belediyesi, vatanda\u015f ile \u00f6zel sekt\u00f6r aras\u0131nda arac\u0131 olacak. Ayr\u0131ca \u00e7evre illerdeki eksikliklerin giderilmesine y\u00f6nelik proje destekleri de oylanarak karara ba\u011fland\u0131.<br \/>\nGAZ\u0130ANTEP B\u00dcY\u00dcK\u015eEH\u0130R\u2019DEN \u00c7EVRE \u0130LLERE DESTEK<br \/>\nGaziantep B\u00fcy\u00fck\u015fehir Belediyesi, 6 \u015eubat Kahramanmara\u015f merkezli depremlerde y\u0131k\u0131lan Ad\u0131yaman \u00dcniversitesi yerle\u015fkesindeki y\u00fczme havuzunun yeniden yap\u0131m\u0131 i\u00e7in proje deste\u011fi verecek. \u00d6te yandan, \u015e\u0131rnak\u2019\u0131n Cizre il\u00e7esindeki Organize Sanayi B\u00f6lgesi\u2019nde kurulacak itfaiye birimine 2 y\u0131l s\u00fcreyle aras\u00f6z arac\u0131 tahsis edildi.<br \/>\nDO\u011eAL YA\u015eAMI KORUMA SUNUMU MECL\u0130S G\u00dcNDEM\u0130NDEYD\u0130<br \/>\nToplant\u0131da Do\u011fal Hayat\u0131 Koruma Daire Ba\u015fkan\u0131 Celal \u00d6zs\u00f6yler bir sunum yapt\u0131. \u00d6zs\u00f6yler, Gaziantep Do\u011fal Ya\u015fam Park\u0131\u2019nda y\u00fcr\u00fct\u00fclen \u00e7al\u0131\u015fmalar ve hayata ge\u00e7irilmesi planlanan yeni projeler hakk\u0131nda bilgi verdi. Sunumda ayr\u0131ca, kent genelindeki sokak hayvanlar\u0131n\u0131n say\u0131lar\u0131 ve yap\u0131lan hizmetler de meclis \u00fcyeleriyle payla\u015f\u0131ld\u0131.<br \/>\nBA\u015eKAN VEK\u0130L\u0130 U\u011eUR\u2019DAN ANMA MESAJI<br \/>\nToplant\u0131da konu\u015fan B\u00fcy\u00fck\u015fehir Belediyesi Ba\u015fkan Vekili Halil U\u011fur, ya\u015fanan kay\u0131plardan dolay\u0131 b\u00fcy\u00fck \u00fcz\u00fcnt\u00fc i\u00e7inde olduklar\u0131n\u0131 ifade ederek, \u201cManisa B\u00fcy\u00fck\u015fehir Belediye Ba\u015fkan\u0131m\u0131z Ferdi Zeyrek\u2019i ebediyete u\u011furlad\u0131k. Yerel y\u00f6netimlere hepimiz hizmet ediyoruz. Bu ac\u0131y\u0131 Gaziantep B\u00fcy\u00fck\u015fehir Belediyesi Meclisi olarak payla\u015f\u0131yor, ailesine ve sevenlerine ba\u015fsa\u011fl\u0131\u011f\u0131 diliyoruz\u201d dedi.<br \/>\nOnurcan \u00d6zdemir\u2019in bulunmas\u0131 i\u00e7in y\u00fcr\u00fct\u00fclen \u00e7al\u0131\u015fmalar hakk\u0131nda da bilgi veren U\u011fur, \u201c15 g\u00fcn boyunca t\u00fcm belediyelerimiz, siyasi partiler, meclis \u00fcyelerimiz ve b\u00f6lgedeki t\u00fcm g\u00f6n\u00fcll\u00fcler b\u00fcy\u00fck bir gayret g\u00f6sterdi. Valili\u011fimizin koordinasyonunda y\u00fcr\u00fct\u00fclen \u00e7al\u0131\u015fmalar sonucunda Onurcan\u2019a ula\u015f\u0131ld\u0131 ve defnedildi. Bu s\u00fcre\u00e7te emek veren herkese g\u00f6n\u00fclden te\u015fekk\u00fcr ediyorum\u201d ifadelerini kulland\u0131.<\/p>\n<p>\u200bGaziantep B\u00fcy\u00fck\u015fehir Belediye Meclisi Haziran ay\u0131 toplant\u0131s\u0131n\u0131 ger\u00e7ekle\u015ftirdi.GAZ\u0130ANTEP (\u0130GFA) &#8211; Gaziantep B\u00fcy\u00fck\u015fehir Belediyesi 2025 Y\u0131l\u0131 Haziran Ay\u0131 D\u00f6nem Toplant\u0131s\u0131\u2019n\u0131n 1\u2019inci Bile\u015fimi, Ba\u015fkan Vekili Halil U\u011fur\u2019un ba\u015fkanl\u0131\u011f\u0131nda ger\u00e7ekle\u015ftirildi. B\u00fcy\u00fck\u015fehir Belediyesi Meclis Salonu\u2019nda d\u00fczenlenen toplant\u0131 \u00f6ncesinde, Manisa B\u00fcy\u00fck\u015fehir Belediye Ba\u015fkan\u0131 Ferdi Zeyrek ve Onurcan \u00d6zdemir i\u00e7in anma yap\u0131ld\u0131.<br \/>\nMeclis g\u00fcndeminde, Aile Y\u0131l\u0131 \u00e7al\u0131\u015fmalar\u0131 \u00e7er\u00e7evesinde y\u00fcr\u00fct\u00fclen \u201cBir Umut Bir Can Projesi\u201d ele al\u0131nd\u0131. T\u00fcp bebek tedavisiyle \u00e7ocuk sahibi olmak isteyen ailelere destek olmak amac\u0131yla B\u00fcy\u00fck\u015fehir Belediyesi, vatanda\u015f ile \u00f6zel sekt\u00f6r aras\u0131nda arac\u0131 olacak. Ayr\u0131ca \u00e7evre illerdeki eksikliklerin giderilmesine y\u00f6nelik proje destekleri de oylanarak karara ba\u011fland\u0131.<br \/>\nGAZ\u0130ANTEP B\u00dcY\u00dcK\u015eEH\u0130R\u2019DEN \u00c7EVRE \u0130LLERE DESTEK<br \/>\nGaziantep B\u00fcy\u00fck\u015fehir Belediyesi, 6 \u015eubat Kahramanmara\u015f merkezli depremlerde y\u0131k\u0131lan Ad\u0131yaman \u00dcniversitesi yerle\u015fkesindeki y\u00fczme havuzunun yeniden yap\u0131m\u0131 i\u00e7in proje deste\u011fi verecek. \u00d6te yandan, \u015e\u0131rnak\u2019\u0131n Cizre il\u00e7esindeki Organize Sanayi B\u00f6lgesi\u2019nde kurulacak itfaiye birimine 2 y\u0131l s\u00fcreyle aras\u00f6z arac\u0131 tahsis edildi.<br \/>\nDO\u011eAL YA\u015eAMI KORUMA SUNUMU MECL\u0130S G\u00dcNDEM\u0130NDEYD\u0130<br \/>\nToplant\u0131da Do\u011fal Hayat\u0131 Koruma Daire Ba\u015fkan\u0131 Celal \u00d6zs\u00f6yler bir sunum yapt\u0131. \u00d6zs\u00f6yler, Gaziantep Do\u011fal Ya\u015fam Park\u0131\u2019nda y\u00fcr\u00fct\u00fclen \u00e7al\u0131\u015fmalar ve hayata ge\u00e7irilmesi planlanan yeni projeler hakk\u0131nda bilgi verdi. Sunumda ayr\u0131ca, kent genelindeki sokak hayvanlar\u0131n\u0131n say\u0131lar\u0131 ve yap\u0131lan hizmetler de meclis \u00fcyeleriyle payla\u015f\u0131ld\u0131.<br \/>\nBA\u015eKAN VEK\u0130L\u0130 U\u011eUR\u2019DAN ANMA MESAJI<br \/>\nToplant\u0131da konu\u015fan B\u00fcy\u00fck\u015fehir Belediyesi Ba\u015fkan Vekili Halil U\u011fur, ya\u015fanan kay\u0131plardan dolay\u0131 b\u00fcy\u00fck \u00fcz\u00fcnt\u00fc i\u00e7inde olduklar\u0131n\u0131 ifade ederek, \u201cManisa B\u00fcy\u00fck\u015fehir Belediye Ba\u015fkan\u0131m\u0131z Ferdi Zeyrek\u2019i ebediyete u\u011furlad\u0131k. Yerel y\u00f6netimlere hepimiz hizmet ediyoruz. Bu ac\u0131y\u0131 Gaziantep B\u00fcy\u00fck\u015fehir Belediyesi Meclisi olarak payla\u015f\u0131yor, ailesine ve sevenlerine ba\u015fsa\u011fl\u0131\u011f\u0131 diliyoruz\u201d dedi.<br \/>\nOnurcan \u00d6zdemir\u2019in bulunmas\u0131 i\u00e7in y\u00fcr\u00fct\u00fclen \u00e7al\u0131\u015fmalar hakk\u0131nda da bilgi veren U\u011fur, \u201c15 g\u00fcn boyunca t\u00fcm belediyelerimiz, siyasi partiler, meclis \u00fcyelerimiz ve b\u00f6lgedeki t\u00fcm g\u00f6n\u00fcll\u00fcler b\u00fcy\u00fck bir gayret g\u00f6sterdi. Valili\u011fimizin koordinasyonunda y\u00fcr\u00fct\u00fclen \u00e7al\u0131\u015fmalar sonucunda Onurcan\u2019a ula\u015f\u0131ld\u0131 ve defnedildi. Bu s\u00fcre\u00e7te emek veren herkese g\u00f6n\u00fclden te\u015fekk\u00fcr ediyorum\u201d ifadelerini kulland\u0131.\u00a0<\/p>\n<p>\u200bHaberin Al\u0131nt\u0131land\u0131\u011f\u0131 Kaynak: www.iskenderun.org<\/p>","protected":false},"excerpt":{"rendered":"<p>Gaziantep B\u00fcy\u00fck\u015fehir Belediye Meclisi Haziran ay\u0131 toplant\u0131s\u0131n\u0131 ger\u00e7ekle\u015ftirdi.GAZ\u0130ANTEP (\u0130GFA) &#8211; Gaziantep B\u00fcy\u00fck\u015fehir Belediyesi 2025 Y\u0131l\u0131 Haziran Ay\u0131 D\u00f6nem Toplant\u0131s\u0131\u2019n\u0131n 1\u2019inci Bile\u015fimi, Ba\u015fkan Vekili Halil U\u011fur\u2019un ba\u015fkanl\u0131\u011f\u0131nda ger\u00e7ekle\u015ftirildi. B\u00fcy\u00fck\u015fehir Belediyesi Meclis Salonu\u2019nda d\u00fczenlenen toplant\u0131 \u00f6ncesinde, Manisa B\u00fcy\u00fck\u015fehir Belediye Ba\u015fkan\u0131 Ferdi Zeyrek ve Onurcan \u00d6zdemir i\u00e7in anma yap\u0131ld\u0131. Meclis g\u00fcndeminde, Aile Y\u0131l\u0131 \u00e7al\u0131\u015fmalar\u0131 \u00e7er\u00e7evesinde y\u00fcr\u00fct\u00fclen \u201cBir Umut Bir Can Projesi\u201d ele al\u0131nd\u0131. T\u00fcp bebek tedavisiyle \u00e7ocuk sahibi olmak isteyen ailelere destek olmak amac\u0131yla B\u00fcy\u00fck\u015fehir Belediyesi, vatanda\u015f ile \u00f6zel sekt\u00f6r aras\u0131nda arac\u0131 olacak. Ayr\u0131ca \u00e7evre illerdeki eksikliklerin giderilmesine y\u00f6nelik proje destekleri de oylanarak karara ba\u011fland\u0131. GAZ\u0130ANTEP B\u00dcY\u00dcK\u015eEH\u0130R\u2019DEN \u00c7EVRE \u0130LLERE DESTEK Gaziantep B\u00fcy\u00fck\u015fehir Belediyesi, 6 \u015eubat Kahramanmara\u015f merkezli depremlerde y\u0131k\u0131lan Ad\u0131yaman \u00dcniversitesi yerle\u015fkesindeki y\u00fczme havuzunun yeniden yap\u0131m\u0131 i\u00e7in proje deste\u011fi verecek. \u00d6te yandan, \u015e\u0131rnak\u2019\u0131n Cizre il\u00e7esindeki Organize Sanayi B\u00f6lgesi\u2019nde kurulacak itfaiye birimine 2 y\u0131l s\u00fcreyle aras\u00f6z arac\u0131 tahsis edildi. DO\u011eAL YA\u015eAMI KORUMA SUNUMU MECL\u0130S G\u00dcNDEM\u0130NDEYD\u0130 Toplant\u0131da Do\u011fal Hayat\u0131 Koruma Daire Ba\u015fkan\u0131 Celal \u00d6zs\u00f6yler bir sunum yapt\u0131. \u00d6zs\u00f6yler, Gaziantep Do\u011fal Ya\u015fam Park\u0131\u2019nda y\u00fcr\u00fct\u00fclen \u00e7al\u0131\u015fmalar ve hayata ge\u00e7irilmesi planlanan yeni projeler hakk\u0131nda bilgi verdi. Sunumda ayr\u0131ca, kent genelindeki sokak hayvanlar\u0131n\u0131n say\u0131lar\u0131 ve yap\u0131lan hizmetler de meclis \u00fcyeleriyle payla\u015f\u0131ld\u0131. BA\u015eKAN VEK\u0130L\u0130 U\u011eUR\u2019DAN ANMA MESAJI Toplant\u0131da konu\u015fan B\u00fcy\u00fck\u015fehir Belediyesi Ba\u015fkan Vekili Halil U\u011fur, ya\u015fanan kay\u0131plardan dolay\u0131 b\u00fcy\u00fck \u00fcz\u00fcnt\u00fc &hellip;<\/p>","protected":false},"author":1,"featured_media":0,"comment_status":"","ping_status":"open","sticky":false,"template":"","format":"standard","meta":{"_acf_changed":false,"footnotes":""},"categories":[24],"tags":[],"class_list":["post-112622","post","type-post","status-publish","format-standard","has-post-thumbnail","hentry","category-gundem"],"acf":[],"yoast_head":"<!-- This site is optimized with the Yoast SEO Premium plugin v26.6 (Yoast SEO v27.1.1) - https:\/\/yoast.com\/product\/yoast-seo-premium-wordpress\/ -->\n<title>Gaziantep B\u00fcy\u00fck\u015fehir\u2019den ailelere destek - Av. Deniz Can K\u0131z\u0131l<\/title>\n<meta name=\"robots\" content=\"index, follow, max-snippet:-1, max-image-preview:large, max-video-preview:-1\" \/>\n<link rel=\"canonical\" href=\"https:\/\/denizcankizil.tr\/uk\/haberler\/gundem\/gaziantep-buyuksehirden-ailelere-destek\/\" \/>\n<meta property=\"og:locale\" content=\"uk_UA\" \/>\n<meta property=\"og:type\" content=\"article\" \/>\n<meta property=\"og:title\" content=\"Gaziantep B\u00fcy\u00fck\u015fehir\u2019den ailelere destek\" \/>\n<meta property=\"og:description\" content=\"Gaziantep B\u00fcy\u00fck\u015fehir Belediye Meclisi Haziran ay\u0131 toplant\u0131s\u0131n\u0131 ger\u00e7ekle\u015ftirdi.GAZ\u0130ANTEP (\u0130GFA) &#8211; Gaziantep B\u00fcy\u00fck\u015fehir Belediyesi 2025 Y\u0131l\u0131 Haziran Ay\u0131 D\u00f6nem Toplant\u0131s\u0131\u2019n\u0131n 1\u2019inci Bile\u015fimi, Ba\u015fkan Vekili Halil U\u011fur\u2019un ba\u015fkanl\u0131\u011f\u0131nda ger\u00e7ekle\u015ftirildi. B\u00fcy\u00fck\u015fehir Belediyesi Meclis Salonu\u2019nda d\u00fczenlenen toplant\u0131 \u00f6ncesinde, Manisa B\u00fcy\u00fck\u015fehir Belediye Ba\u015fkan\u0131 Ferdi Zeyrek ve Onurcan \u00d6zdemir i\u00e7in anma yap\u0131ld\u0131. Meclis g\u00fcndeminde, Aile Y\u0131l\u0131 \u00e7al\u0131\u015fmalar\u0131 \u00e7er\u00e7evesinde y\u00fcr\u00fct\u00fclen \u201cBir Umut Bir Can Projesi\u201d ele al\u0131nd\u0131. T\u00fcp bebek tedavisiyle \u00e7ocuk sahibi olmak isteyen ailelere destek olmak amac\u0131yla B\u00fcy\u00fck\u015fehir Belediyesi, vatanda\u015f ile \u00f6zel sekt\u00f6r aras\u0131nda arac\u0131 olacak. Ayr\u0131ca \u00e7evre illerdeki eksikliklerin giderilmesine y\u00f6nelik proje destekleri de oylanarak karara ba\u011fland\u0131. GAZ\u0130ANTEP B\u00dcY\u00dcK\u015eEH\u0130R\u2019DEN \u00c7EVRE \u0130LLERE DESTEK Gaziantep B\u00fcy\u00fck\u015fehir Belediyesi, 6 \u015eubat Kahramanmara\u015f merkezli depremlerde y\u0131k\u0131lan Ad\u0131yaman \u00dcniversitesi yerle\u015fkesindeki y\u00fczme havuzunun yeniden yap\u0131m\u0131 i\u00e7in proje deste\u011fi verecek. \u00d6te yandan, \u015e\u0131rnak\u2019\u0131n Cizre il\u00e7esindeki Organize Sanayi B\u00f6lgesi\u2019nde kurulacak itfaiye birimine 2 y\u0131l s\u00fcreyle aras\u00f6z arac\u0131 tahsis edildi. DO\u011eAL YA\u015eAMI KORUMA SUNUMU MECL\u0130S G\u00dcNDEM\u0130NDEYD\u0130 Toplant\u0131da Do\u011fal Hayat\u0131 Koruma Daire Ba\u015fkan\u0131 Celal \u00d6zs\u00f6yler bir sunum yapt\u0131. \u00d6zs\u00f6yler, Gaziantep Do\u011fal Ya\u015fam Park\u0131\u2019nda y\u00fcr\u00fct\u00fclen \u00e7al\u0131\u015fmalar ve hayata ge\u00e7irilmesi planlanan yeni projeler hakk\u0131nda bilgi verdi. Sunumda ayr\u0131ca, kent genelindeki sokak hayvanlar\u0131n\u0131n say\u0131lar\u0131 ve yap\u0131lan hizmetler de meclis \u00fcyeleriyle payla\u015f\u0131ld\u0131. BA\u015eKAN VEK\u0130L\u0130 U\u011eUR\u2019DAN ANMA MESAJI Toplant\u0131da konu\u015fan B\u00fcy\u00fck\u015fehir Belediyesi Ba\u015fkan Vekili Halil U\u011fur, ya\u015fanan kay\u0131plardan dolay\u0131 b\u00fcy\u00fck \u00fcz\u00fcnt\u00fc &hellip;\" \/>\n<meta property=\"og:url\" content=\"https:\/\/denizcankizil.tr\/uk\/haberler\/gundem\/gaziantep-buyuksehirden-ailelere-destek\/\" \/>\n<meta property=\"og:site_name\" content=\"Av. Deniz Can K\u0131z\u0131l\" \/>\n<meta property=\"article:published_time\" content=\"2025-06-10T13:42:38+00:00\" \/>\n<meta name=\"author\" content=\"admin\" \/>\n<meta name=\"twitter:card\" content=\"summary_large_image\" \/>\n<meta name=\"twitter:label1\" content=\"\u041d\u0430\u043f\u0438\u0441\u0430\u043d\u043e\" \/>\n\t<meta name=\"twitter:data1\" content=\"admin\" \/>\n\t<meta name=\"twitter:label2\" content=\"\u041f\u0440\u0438\u0431\u043b. \u0447\u0430\u0441 \u0447\u0438\u0442\u0430\u043d\u043d\u044f\" \/>\n\t<meta name=\"twitter:data2\" content=\"4 \u0445\u0432\u0438\u043b\u0438\u043d\u0438\" \/>\n<script type=\"application\/ld+json\" class=\"yoast-schema-graph\">{\"@context\":\"https:\/\/schema.org\",\"@graph\":[{\"@type\":\"Article\",\"@id\":\"https:\/\/denizcankizil.tr\/uk\/haberler\/gundem\/gaziantep-buyuksehirden-ailelere-destek\/#article\",\"isPartOf\":{\"@id\":\"https:\/\/denizcankizil.tr\/uk\/haberler\/gundem\/gaziantep-buyuksehirden-ailelere-destek\/\"},\"author\":{\"name\":\"admin\",\"@id\":\"https:\/\/denizcankizil.tr\/#\/schema\/person\/be3c05fe6a12686905512445d8185489\"},\"headline\":\"Gaziantep B\u00fcy\u00fck\u015fehir\u2019den ailelere destek\",\"datePublished\":\"2025-06-10T13:42:38+00:00\",\"mainEntityOfPage\":{\"@id\":\"https:\/\/denizcankizil.tr\/uk\/haberler\/gundem\/gaziantep-buyuksehirden-ailelere-destek\/\"},\"wordCount\":902,\"publisher\":{\"@id\":\"https:\/\/denizcankizil.tr\/#organization\"},\"articleSection\":[\"G\u00fcndem\"],\"inLanguage\":\"uk\"},{\"@type\":\"WebPage\",\"@id\":\"https:\/\/denizcankizil.tr\/uk\/haberler\/gundem\/gaziantep-buyuksehirden-ailelere-destek\/\",\"url\":\"https:\/\/denizcankizil.tr\/uk\/haberler\/gundem\/gaziantep-buyuksehirden-ailelere-destek\/\",\"name\":\"Gaziantep B\u00fcy\u00fck\u015fehir\u2019den ailelere destek - Av. Deniz Can K\u0131z\u0131l\",\"isPartOf\":{\"@id\":\"https:\/\/denizcankizil.tr\/#website\"},\"datePublished\":\"2025-06-10T13:42:38+00:00\",\"breadcrumb\":{\"@id\":\"https:\/\/denizcankizil.tr\/uk\/haberler\/gundem\/gaziantep-buyuksehirden-ailelere-destek\/#breadcrumb\"},\"inLanguage\":\"uk\",\"potentialAction\":[{\"@type\":\"ReadAction\",\"target\":[\"https:\/\/denizcankizil.tr\/uk\/haberler\/gundem\/gaziantep-buyuksehirden-ailelere-destek\/\"]}]},{\"@type\":\"BreadcrumbList\",\"@id\":\"https:\/\/denizcankizil.tr\/uk\/haberler\/gundem\/gaziantep-buyuksehirden-ailelere-destek\/#breadcrumb\",\"itemListElement\":[{\"@type\":\"ListItem\",\"position\":1,\"name\":\"Home\",\"item\":\"https:\/\/denizcankizil.tr\/de\/\"},{\"@type\":\"ListItem\",\"position\":2,\"name\":\"Gaziantep B\u00fcy\u00fck\u015fehir\u2019den ailelere destek\"}]},{\"@type\":\"WebSite\",\"@id\":\"https:\/\/denizcankizil.tr\/#website\",\"url\":\"https:\/\/denizcankizil.tr\/\",\"name\":\"Av. Deniz Can K\u0131z\u0131l\",\"description\":\"Avukat Deniz Can K\u0131z\u0131l Antalya Barosu\",\"publisher\":{\"@id\":\"https:\/\/denizcankizil.tr\/#organization\"},\"potentialAction\":[{\"@type\":\"SearchAction\",\"target\":{\"@type\":\"EntryPoint\",\"urlTemplate\":\"https:\/\/denizcankizil.tr\/?s={search_term_string}\"},\"query-input\":{\"@type\":\"PropertyValueSpecification\",\"valueRequired\":true,\"valueName\":\"search_term_string\"}}],\"inLanguage\":\"uk\"},{\"@type\":\"Organization\",\"@id\":\"https:\/\/denizcankizil.tr\/#organization\",\"name\":\"Av. Deniz Can K\u0131z\u0131l\",\"url\":\"https:\/\/denizcankizil.tr\/\",\"logo\":{\"@type\":\"ImageObject\",\"inLanguage\":\"uk\",\"@id\":\"https:\/\/denizcankizil.tr\/#\/schema\/logo\/image\/\",\"url\":\"https:\/\/denizcankizil.tr\/wp-content\/uploads\/2024\/10\/siyah-logo-svg.svg\",\"contentUrl\":\"https:\/\/denizcankizil.tr\/wp-content\/uploads\/2024\/10\/siyah-logo-svg.svg\",\"width\":1080,\"height\":1080,\"caption\":\"Av. Deniz Can K\u0131z\u0131l\"},\"image\":{\"@id\":\"https:\/\/denizcankizil.tr\/#\/schema\/logo\/image\/\"}},{\"@type\":\"Person\",\"@id\":\"https:\/\/denizcankizil.tr\/#\/schema\/person\/be3c05fe6a12686905512445d8185489\",\"name\":\"admin\",\"image\":{\"@type\":\"ImageObject\",\"inLanguage\":\"uk\",\"@id\":\"https:\/\/denizcankizil.tr\/#\/schema\/person\/image\/\",\"url\":\"https:\/\/secure.gravatar.com\/avatar\/c1fce94c830dc79107e174f890d7210541c4a63e8e5d816341794a2151c9d58c?s=96&d=mm&r=g\",\"contentUrl\":\"https:\/\/secure.gravatar.com\/avatar\/c1fce94c830dc79107e174f890d7210541c4a63e8e5d816341794a2151c9d58c?s=96&d=mm&r=g\",\"caption\":\"admin\"},\"sameAs\":[\"http:\/\/denizcankizil.tr\"],\"url\":\"https:\/\/www.iskenderun.org\/gaziantep-buyuksehirden-ailelere-destek\"}]}<\/script>\n<!-- \/ Yoast SEO Premium plugin. -->","yoast_head_json":{"title":"Gaziantep B\u00fcy\u00fck\u015fehir\u2019den ailelere destek - Av. Deniz Can K\u0131z\u0131l","robots":{"index":"index","follow":"follow","max-snippet":"max-snippet:-1","max-image-preview":"max-image-preview:large","max-video-preview":"max-video-preview:-1"},"canonical":"https:\/\/denizcankizil.tr\/uk\/haberler\/gundem\/gaziantep-buyuksehirden-ailelere-destek\/","og_locale":"uk_UA","og_type":"article","og_title":"Gaziantep B\u00fcy\u00fck\u015fehir\u2019den ailelere destek","og_description":"Gaziantep B\u00fcy\u00fck\u015fehir Belediye Meclisi Haziran ay\u0131 toplant\u0131s\u0131n\u0131 ger\u00e7ekle\u015ftirdi.GAZ\u0130ANTEP (\u0130GFA) &#8211; Gaziantep B\u00fcy\u00fck\u015fehir Belediyesi 2025 Y\u0131l\u0131 Haziran Ay\u0131 D\u00f6nem Toplant\u0131s\u0131\u2019n\u0131n 1\u2019inci Bile\u015fimi, Ba\u015fkan Vekili Halil U\u011fur\u2019un ba\u015fkanl\u0131\u011f\u0131nda ger\u00e7ekle\u015ftirildi. B\u00fcy\u00fck\u015fehir Belediyesi Meclis Salonu\u2019nda d\u00fczenlenen toplant\u0131 \u00f6ncesinde, Manisa B\u00fcy\u00fck\u015fehir Belediye Ba\u015fkan\u0131 Ferdi Zeyrek ve Onurcan \u00d6zdemir i\u00e7in anma yap\u0131ld\u0131. Meclis g\u00fcndeminde, Aile Y\u0131l\u0131 \u00e7al\u0131\u015fmalar\u0131 \u00e7er\u00e7evesinde y\u00fcr\u00fct\u00fclen \u201cBir Umut Bir Can Projesi\u201d ele al\u0131nd\u0131. T\u00fcp bebek tedavisiyle \u00e7ocuk sahibi olmak isteyen ailelere destek olmak amac\u0131yla B\u00fcy\u00fck\u015fehir Belediyesi, vatanda\u015f ile \u00f6zel sekt\u00f6r aras\u0131nda arac\u0131 olacak. Ayr\u0131ca \u00e7evre illerdeki eksikliklerin giderilmesine y\u00f6nelik proje destekleri de oylanarak karara ba\u011fland\u0131. GAZ\u0130ANTEP B\u00dcY\u00dcK\u015eEH\u0130R\u2019DEN \u00c7EVRE \u0130LLERE DESTEK Gaziantep B\u00fcy\u00fck\u015fehir Belediyesi, 6 \u015eubat Kahramanmara\u015f merkezli depremlerde y\u0131k\u0131lan Ad\u0131yaman \u00dcniversitesi yerle\u015fkesindeki y\u00fczme havuzunun yeniden yap\u0131m\u0131 i\u00e7in proje deste\u011fi verecek. \u00d6te yandan, \u015e\u0131rnak\u2019\u0131n Cizre il\u00e7esindeki Organize Sanayi B\u00f6lgesi\u2019nde kurulacak itfaiye birimine 2 y\u0131l s\u00fcreyle aras\u00f6z arac\u0131 tahsis edildi. DO\u011eAL YA\u015eAMI KORUMA SUNUMU MECL\u0130S G\u00dcNDEM\u0130NDEYD\u0130 Toplant\u0131da Do\u011fal Hayat\u0131 Koruma Daire Ba\u015fkan\u0131 Celal \u00d6zs\u00f6yler bir sunum yapt\u0131. \u00d6zs\u00f6yler, Gaziantep Do\u011fal Ya\u015fam Park\u0131\u2019nda y\u00fcr\u00fct\u00fclen \u00e7al\u0131\u015fmalar ve hayata ge\u00e7irilmesi planlanan yeni projeler hakk\u0131nda bilgi verdi. Sunumda ayr\u0131ca, kent genelindeki sokak hayvanlar\u0131n\u0131n say\u0131lar\u0131 ve yap\u0131lan hizmetler de meclis \u00fcyeleriyle payla\u015f\u0131ld\u0131. BA\u015eKAN VEK\u0130L\u0130 U\u011eUR\u2019DAN ANMA MESAJI Toplant\u0131da konu\u015fan B\u00fcy\u00fck\u015fehir Belediyesi Ba\u015fkan Vekili Halil U\u011fur, ya\u015fanan kay\u0131plardan dolay\u0131 b\u00fcy\u00fck \u00fcz\u00fcnt\u00fc &hellip;","og_url":"https:\/\/denizcankizil.tr\/uk\/haberler\/gundem\/gaziantep-buyuksehirden-ailelere-destek\/","og_site_name":"Av. Deniz Can K\u0131z\u0131l","article_published_time":"2025-06-10T13:42:38+00:00","author":"admin","twitter_card":"summary_large_image","twitter_misc":{"\u041d\u0430\u043f\u0438\u0441\u0430\u043d\u043e":"admin","\u041f\u0440\u0438\u0431\u043b. \u0447\u0430\u0441 \u0447\u0438\u0442\u0430\u043d\u043d\u044f":"4 \u0445\u0432\u0438\u043b\u0438\u043d\u0438"},"schema":{"@context":"https:\/\/schema.org","@graph":[{"@type":"Article","@id":"https:\/\/denizcankizil.tr\/uk\/haberler\/gundem\/gaziantep-buyuksehirden-ailelere-destek\/#article","isPartOf":{"@id":"https:\/\/denizcankizil.tr\/uk\/haberler\/gundem\/gaziantep-buyuksehirden-ailelere-destek\/"},"author":{"name":"admin","@id":"https:\/\/denizcankizil.tr\/#\/schema\/person\/be3c05fe6a12686905512445d8185489"},"headline":"Gaziantep B\u00fcy\u00fck\u015fehir\u2019den ailelere destek","datePublished":"2025-06-10T13:42:38+00:00","mainEntityOfPage":{"@id":"https:\/\/denizcankizil.tr\/uk\/haberler\/gundem\/gaziantep-buyuksehirden-ailelere-destek\/"},"wordCount":902,"publisher":{"@id":"https:\/\/denizcankizil.tr\/#organization"},"articleSection":["G\u00fcndem"],"inLanguage":"uk"},{"@type":"WebPage","@id":"https:\/\/denizcankizil.tr\/uk\/haberler\/gundem\/gaziantep-buyuksehirden-ailelere-destek\/","url":"https:\/\/denizcankizil.tr\/uk\/haberler\/gundem\/gaziantep-buyuksehirden-ailelere-destek\/","name":"Gaziantep B\u00fcy\u00fck\u015fehir\u2019den ailelere destek - Av. Deniz Can K\u0131z\u0131l","isPartOf":{"@id":"https:\/\/denizcankizil.tr\/#website"},"datePublished":"2025-06-10T13:42:38+00:00","breadcrumb":{"@id":"https:\/\/denizcankizil.tr\/uk\/haberler\/gundem\/gaziantep-buyuksehirden-ailelere-destek\/#breadcrumb"},"inLanguage":"uk","potentialAction":[{"@type":"ReadAction","target":["https:\/\/denizcankizil.tr\/uk\/haberler\/gundem\/gaziantep-buyuksehirden-ailelere-destek\/"]}]},{"@type":"BreadcrumbList","@id":"https:\/\/denizcankizil.tr\/uk\/haberler\/gundem\/gaziantep-buyuksehirden-ailelere-destek\/#breadcrumb","itemListElement":[{"@type":"ListItem","position":1,"name":"Home","item":"https:\/\/denizcankizil.tr\/de\/"},{"@type":"ListItem","position":2,"name":"Gaziantep B\u00fcy\u00fck\u015fehir\u2019den ailelere destek"}]},{"@type":"WebSite","@id":"https:\/\/denizcankizil.tr\/#website","url":"https:\/\/denizcankizil.tr\/","name":"Av. Deniz Can K\u0131z\u0131l","description":"Avukat Deniz Can K\u0131z\u0131l Antalya Barosu","publisher":{"@id":"https:\/\/denizcankizil.tr\/#organization"},"potentialAction":[{"@type":"SearchAction","target":{"@type":"EntryPoint","urlTemplate":"https:\/\/denizcankizil.tr\/?s={search_term_string}"},"query-input":{"@type":"PropertyValueSpecification","valueRequired":true,"valueName":"search_term_string"}}],"inLanguage":"uk"},{"@type":"Organization","@id":"https:\/\/denizcankizil.tr\/#organization","name":"Av. Deniz Can K\u0131z\u0131l","url":"https:\/\/denizcankizil.tr\/","logo":{"@type":"ImageObject","inLanguage":"uk","@id":"https:\/\/denizcankizil.tr\/#\/schema\/logo\/image\/","url":"https:\/\/denizcankizil.tr\/wp-content\/uploads\/2024\/10\/siyah-logo-svg.svg","contentUrl":"https:\/\/denizcankizil.tr\/wp-content\/uploads\/2024\/10\/siyah-logo-svg.svg","width":1080,"height":1080,"caption":"Av. Deniz Can K\u0131z\u0131l"},"image":{"@id":"https:\/\/denizcankizil.tr\/#\/schema\/logo\/image\/"}},{"@type":"Person","@id":"https:\/\/denizcankizil.tr\/#\/schema\/person\/be3c05fe6a12686905512445d8185489","name":"\u0430\u0434\u043c\u0456\u043d","image":{"@type":"ImageObject","inLanguage":"uk","@id":"https:\/\/denizcankizil.tr\/#\/schema\/person\/image\/","url":"https:\/\/secure.gravatar.com\/avatar\/c1fce94c830dc79107e174f890d7210541c4a63e8e5d816341794a2151c9d58c?s=96&d=mm&r=g","contentUrl":"https:\/\/secure.gravatar.com\/avatar\/c1fce94c830dc79107e174f890d7210541c4a63e8e5d816341794a2151c9d58c?s=96&d=mm&r=g","caption":"admin"},"sameAs":["http:\/\/denizcankizil.tr"],"url":"https:\/\/www.iskenderun.org\/gaziantep-buyuksehirden-ailelere-destek"}]}},"_links":{"self":[{"href":"https:\/\/denizcankizil.tr\/uk\/wp-json\/wp\/v2\/posts\/112622","targetHints":{"allow":["GET"]}}],"collection":[{"href":"https:\/\/denizcankizil.tr\/uk\/wp-json\/wp\/v2\/posts"}],"about":[{"href":"https:\/\/denizcankizil.tr\/uk\/wp-json\/wp\/v2\/types\/post"}],"author":[{"embeddable":true,"href":"https:\/\/denizcankizil.tr\/uk\/wp-json\/wp\/v2\/users\/1"}],"replies":[{"embeddable":true,"href":"https:\/\/denizcankizil.tr\/uk\/wp-json\/wp\/v2\/comments?post=112622"}],"version-history":[{"count":0,"href":"https:\/\/denizcankizil.tr\/uk\/wp-json\/wp\/v2\/posts\/112622\/revisions"}],"wp:attachment":[{"href":"https:\/\/denizcankizil.tr\/uk\/wp-json\/wp\/v2\/media?parent=112622"}],"wp:term":[{"taxonomy":"category","embeddable":true,"href":"https:\/\/denizcankizil.tr\/uk\/wp-json\/wp\/v2\/categories?post=112622"},{"taxonomy":"post_tag","embeddable":true,"href":"https:\/\/denizcankizil.tr\/uk\/wp-json\/wp\/v2\/tags?post=112622"}],"curies":[{"name":"wp","href":"https:\/\/api.w.org\/{rel}","templated":true}]}}