{"id":112525,"date":"2025-06-10T15:41:23","date_gmt":"2025-06-10T12:41:23","guid":{"rendered":"https:\/\/denizcankizil.tr\/uncategorized-tr\/muratpasadan-dogadan-ilham-alan-sergiler\/"},"modified":"2025-06-10T15:41:23","modified_gmt":"2025-06-10T12:41:23","slug":"muratpasadan-dogadan-ilham-alan-sergiler","status":"publish","type":"post","link":"https:\/\/denizcankizil.tr\/uk\/haberler\/antalya\/muratpasadan-dogadan-ilham-alan-sergiler\/","title":{"rendered":"Muratpa\u015fa&#8217;dan do\u011fadan ilham alan sergiler"},"content":{"rendered":"<p>\u0130lk sergi, &#8216;MEST Kurslar\u0131 Yarat\u0131c\u0131 Tasar\u0131mlar G\u00f6rsel Sanat Sergisi&#8217; ba\u015fl\u0131\u011f\u0131yla 19 Haziran Per\u015fembe g\u00fcn\u00fc saat 14.00&#8217;te a\u00e7\u0131lacak. Bu sergide, kursiyerler do\u011fa temal\u0131 \u00e7al\u0131\u015fmalar\u0131yla izleyicilere estetik bir g\u00f6rsel \u015f\u00f6len sunacak. Kad\u0131n mankenler \u00fczerine deri, dantel, mozaik ve seramik gibi farkl\u0131 malzemeler kullan\u0131larak haz\u0131rlanan sanatsal tasar\u0131mlar, peyzaj \u00f6\u011feleriyle zenginle\u015ftirilerek sergilenecek. Sergide ayr\u0131ca do\u011fa manzaralar\u0131n\u0131 yans\u0131tan tablolar da yer alacak.<\/p>\n<p>\u0130kinci sergi ise &#8216;MEST Kurslar\u0131 Bran\u015f \u00dcr\u00fcnleri Sergisi&#8217; ad\u0131yla 24 Haziran Sal\u0131 g\u00fcn\u00fc saat 14.00&#8217;te sanatseverlerle bulu\u015facak. Bu sergide, MEST kurslar\u0131n\u0131n yarat\u0131c\u0131 sanatlar alan\u0131ndaki kursiyerleri taraf\u0131ndan haz\u0131rlanan resimler ve g\u00f6rsel sanat \u00fcr\u00fcnleri sergilenecek.<\/p>\n<p>BU YIL HANG\u0130 BRAN\u015eLAR VARDI?<\/p>\n<p>Bu y\u0131l MEST kurslar\u0131nda e\u011fitim verilen bran\u015flar aras\u0131nda deri aksesuar yap\u0131m\u0131, \u00e7aput dokuma, ke\u00e7e aksesuar yap\u0131m\u0131, k\u00e2\u011f\u0131t ve al\u00e7\u0131 r\u00f6lyef, grav\u00fcr, so\u011fuk seramik, geri d\u00f6n\u00fc\u015f\u00fcm aksesuar yap\u0131m\u0131, has\u0131r sepet \u00f6r\u00fcc\u00fcl\u00fc\u011f\u00fc, \u00f6rg\u00fc, \u00e7arpana, nak\u0131\u015f, pan\u00e7, k\u0131rkyama, moda tasar\u0131m\u0131, otantik tak\u0131 yap\u0131m\u0131 ve boncuk tak\u0131 yap\u0131m\u0131 gibi el sanatlar\u0131 ve tasar\u0131m alanlar\u0131 yer ald\u0131.<\/p>\n<p>Kaynak: www.kanalv.com.tr Haber Sitesinden Al\u0131nm\u0131\u015ft\u0131r.<\/p>","protected":false},"excerpt":{"rendered":"<p>\u0130lk sergi, &#8216;MEST Kurslar\u0131 Yarat\u0131c\u0131 Tasar\u0131mlar G\u00f6rsel Sanat Sergisi&#8217; ba\u015fl\u0131\u011f\u0131yla 19 Haziran Per\u015fembe g\u00fcn\u00fc saat 14.00&#8217;te a\u00e7\u0131lacak. Bu sergide, kursiyerler do\u011fa temal\u0131 \u00e7al\u0131\u015fmalar\u0131yla izleyicilere estetik bir g\u00f6rsel \u015f\u00f6len sunacak. Kad\u0131n mankenler \u00fczerine deri, dantel, mozaik ve seramik gibi farkl\u0131 malzemeler kullan\u0131larak haz\u0131rlanan sanatsal tasar\u0131mlar, peyzaj \u00f6\u011feleriyle zenginle\u015ftirilerek sergilenecek. Sergide ayr\u0131ca do\u011fa manzaralar\u0131n\u0131 yans\u0131tan tablolar da yer alacak. \u0130kinci sergi ise &#8216;MEST Kurslar\u0131 Bran\u015f \u00dcr\u00fcnleri Sergisi&#8217; ad\u0131yla 24 Haziran Sal\u0131 g\u00fcn\u00fc saat 14.00&#8217;te sanatseverlerle bulu\u015facak. Bu sergide, MEST kurslar\u0131n\u0131n yarat\u0131c\u0131 sanatlar alan\u0131ndaki kursiyerleri taraf\u0131ndan haz\u0131rlanan resimler ve g\u00f6rsel sanat \u00fcr\u00fcnleri sergilenecek. BU YIL HANG\u0130 BRAN\u015eLAR VARDI? Bu y\u0131l MEST kurslar\u0131nda e\u011fitim verilen bran\u015flar aras\u0131nda deri aksesuar yap\u0131m\u0131, \u00e7aput dokuma, ke\u00e7e aksesuar yap\u0131m\u0131, k\u00e2\u011f\u0131t ve al\u00e7\u0131 r\u00f6lyef, grav\u00fcr, so\u011fuk seramik, geri d\u00f6n\u00fc\u015f\u00fcm aksesuar yap\u0131m\u0131, has\u0131r sepet \u00f6r\u00fcc\u00fcl\u00fc\u011f\u00fc, \u00f6rg\u00fc, \u00e7arpana, nak\u0131\u015f, pan\u00e7, k\u0131rkyama, moda tasar\u0131m\u0131, otantik tak\u0131 yap\u0131m\u0131 ve boncuk tak\u0131 yap\u0131m\u0131 gibi el sanatlar\u0131 ve tasar\u0131m alanlar\u0131 yer ald\u0131. Kaynak: www.kanalv.com.tr Haber Sitesinden Al\u0131nm\u0131\u015ft\u0131r.<\/p>","protected":false},"author":4,"featured_media":112526,"comment_status":"","ping_status":"open","sticky":false,"template":"","format":"standard","meta":{"_acf_changed":false,"footnotes":""},"categories":[26],"tags":[],"class_list":["post-112525","post","type-post","status-publish","format-standard","has-post-thumbnail","hentry","category-antalya"],"acf":[],"yoast_head":"<!-- This site is optimized with the Yoast SEO Premium plugin v26.6 (Yoast SEO v27.1.1) - https:\/\/yoast.com\/product\/yoast-seo-premium-wordpress\/ -->\n<title>Muratpa\u015fa&#039;dan do\u011fadan ilham alan sergiler - Av. Deniz Can K\u0131z\u0131l<\/title>\n<meta name=\"robots\" content=\"index, follow, max-snippet:-1, max-image-preview:large, max-video-preview:-1\" \/>\n<link rel=\"canonical\" href=\"https:\/\/denizcankizil.tr\/uk\/haberler\/antalya\/muratpasadan-dogadan-ilham-alan-sergiler\/\" \/>\n<meta property=\"og:locale\" content=\"uk_UA\" \/>\n<meta property=\"og:type\" content=\"article\" \/>\n<meta property=\"og:title\" content=\"Muratpa\u015fa&#039;dan do\u011fadan ilham alan sergiler\" \/>\n<meta property=\"og:description\" content=\"\u0130lk sergi, &#8216;MEST Kurslar\u0131 Yarat\u0131c\u0131 Tasar\u0131mlar G\u00f6rsel Sanat Sergisi&#8217; ba\u015fl\u0131\u011f\u0131yla 19 Haziran Per\u015fembe g\u00fcn\u00fc saat 14.00&#8217;te a\u00e7\u0131lacak. Bu sergide, kursiyerler do\u011fa temal\u0131 \u00e7al\u0131\u015fmalar\u0131yla izleyicilere estetik bir g\u00f6rsel \u015f\u00f6len sunacak. Kad\u0131n mankenler \u00fczerine deri, dantel, mozaik ve seramik gibi farkl\u0131 malzemeler kullan\u0131larak haz\u0131rlanan sanatsal tasar\u0131mlar, peyzaj \u00f6\u011feleriyle zenginle\u015ftirilerek sergilenecek. Sergide ayr\u0131ca do\u011fa manzaralar\u0131n\u0131 yans\u0131tan tablolar da yer alacak. \u0130kinci sergi ise &#8216;MEST Kurslar\u0131 Bran\u015f \u00dcr\u00fcnleri Sergisi&#8217; ad\u0131yla 24 Haziran Sal\u0131 g\u00fcn\u00fc saat 14.00&#8217;te sanatseverlerle bulu\u015facak. Bu sergide, MEST kurslar\u0131n\u0131n yarat\u0131c\u0131 sanatlar alan\u0131ndaki kursiyerleri taraf\u0131ndan haz\u0131rlanan resimler ve g\u00f6rsel sanat \u00fcr\u00fcnleri sergilenecek. BU YIL HANG\u0130 BRAN\u015eLAR VARDI? Bu y\u0131l MEST kurslar\u0131nda e\u011fitim verilen bran\u015flar aras\u0131nda deri aksesuar yap\u0131m\u0131, \u00e7aput dokuma, ke\u00e7e aksesuar yap\u0131m\u0131, k\u00e2\u011f\u0131t ve al\u00e7\u0131 r\u00f6lyef, grav\u00fcr, so\u011fuk seramik, geri d\u00f6n\u00fc\u015f\u00fcm aksesuar yap\u0131m\u0131, has\u0131r sepet \u00f6r\u00fcc\u00fcl\u00fc\u011f\u00fc, \u00f6rg\u00fc, \u00e7arpana, nak\u0131\u015f, pan\u00e7, k\u0131rkyama, moda tasar\u0131m\u0131, otantik tak\u0131 yap\u0131m\u0131 ve boncuk tak\u0131 yap\u0131m\u0131 gibi el sanatlar\u0131 ve tasar\u0131m alanlar\u0131 yer ald\u0131. Kaynak: www.kanalv.com.tr Haber Sitesinden Al\u0131nm\u0131\u015ft\u0131r.\" \/>\n<meta property=\"og:url\" content=\"https:\/\/denizcankizil.tr\/uk\/haberler\/antalya\/muratpasadan-dogadan-ilham-alan-sergiler\/\" \/>\n<meta property=\"og:site_name\" content=\"Av. Deniz Can K\u0131z\u0131l\" \/>\n<meta property=\"article:published_time\" content=\"2025-06-10T12:41:23+00:00\" \/>\n<meta property=\"og:image\" content=\"https:\/\/denizcankizil.tr\/wp-content\/uploads\/2025\/06\/6788-01-eO6aO1.jpg\" \/>\n\t<meta property=\"og:image:width\" content=\"1280\" \/>\n\t<meta property=\"og:image:height\" content=\"720\" \/>\n\t<meta property=\"og:image:type\" content=\"image\/jpeg\" \/>\n<meta name=\"author\" content=\"Av. Deniz Can K\u0131z\u0131l\" \/>\n<meta name=\"twitter:card\" content=\"summary_large_image\" \/>\n<meta name=\"twitter:label1\" content=\"\u041d\u0430\u043f\u0438\u0441\u0430\u043d\u043e\" \/>\n\t<meta name=\"twitter:data1\" content=\"Av. Deniz Can K\u0131z\u0131l\" \/>\n\t<meta name=\"twitter:label2\" content=\"\u041f\u0440\u0438\u0431\u043b. \u0447\u0430\u0441 \u0447\u0438\u0442\u0430\u043d\u043d\u044f\" \/>\n\t<meta name=\"twitter:data2\" content=\"1 \u0445\u0432\u0438\u043b\u0438\u043d\u0430\" \/>\n<script type=\"application\/ld+json\" class=\"yoast-schema-graph\">{\"@context\":\"https:\/\/schema.org\",\"@graph\":[{\"@type\":\"Article\",\"@id\":\"https:\/\/denizcankizil.tr\/uk\/haberler\/antalya\/muratpasadan-dogadan-ilham-alan-sergiler\/#article\",\"isPartOf\":{\"@id\":\"https:\/\/denizcankizil.tr\/uk\/haberler\/antalya\/muratpasadan-dogadan-ilham-alan-sergiler\/\"},\"author\":{\"name\":\"Av. Deniz Can K\u0131z\u0131l\",\"@id\":\"https:\/\/denizcankizil.tr\/#\/schema\/person\/5dc1b22991bd7ac833867c10afc9b0ff\"},\"headline\":\"Muratpa\u015fa&#8217;dan do\u011fadan ilham alan sergiler\",\"datePublished\":\"2025-06-10T12:41:23+00:00\",\"mainEntityOfPage\":{\"@id\":\"https:\/\/denizcankizil.tr\/uk\/haberler\/antalya\/muratpasadan-dogadan-ilham-alan-sergiler\/\"},\"wordCount\":221,\"publisher\":{\"@id\":\"https:\/\/denizcankizil.tr\/#organization\"},\"image\":{\"@id\":\"https:\/\/denizcankizil.tr\/uk\/haberler\/antalya\/muratpasadan-dogadan-ilham-alan-sergiler\/#primaryimage\"},\"thumbnailUrl\":\"https:\/\/denizcankizil.tr\/wp-content\/uploads\/2025\/06\/6788-01-eO6aO1.jpg\",\"articleSection\":[\"Antalya\"],\"inLanguage\":\"uk\"},{\"@type\":\"WebPage\",\"@id\":\"https:\/\/denizcankizil.tr\/uk\/haberler\/antalya\/muratpasadan-dogadan-ilham-alan-sergiler\/\",\"url\":\"https:\/\/denizcankizil.tr\/uk\/haberler\/antalya\/muratpasadan-dogadan-ilham-alan-sergiler\/\",\"name\":\"Muratpa\u015fa'dan do\u011fadan ilham alan sergiler - Av. Deniz Can K\u0131z\u0131l\",\"isPartOf\":{\"@id\":\"https:\/\/denizcankizil.tr\/#website\"},\"primaryImageOfPage\":{\"@id\":\"https:\/\/denizcankizil.tr\/uk\/haberler\/antalya\/muratpasadan-dogadan-ilham-alan-sergiler\/#primaryimage\"},\"image\":{\"@id\":\"https:\/\/denizcankizil.tr\/uk\/haberler\/antalya\/muratpasadan-dogadan-ilham-alan-sergiler\/#primaryimage\"},\"thumbnailUrl\":\"https:\/\/denizcankizil.tr\/wp-content\/uploads\/2025\/06\/6788-01-eO6aO1.jpg\",\"datePublished\":\"2025-06-10T12:41:23+00:00\",\"breadcrumb\":{\"@id\":\"https:\/\/denizcankizil.tr\/uk\/haberler\/antalya\/muratpasadan-dogadan-ilham-alan-sergiler\/#breadcrumb\"},\"inLanguage\":\"uk\",\"potentialAction\":[{\"@type\":\"ReadAction\",\"target\":[\"https:\/\/denizcankizil.tr\/uk\/haberler\/antalya\/muratpasadan-dogadan-ilham-alan-sergiler\/\"]}]},{\"@type\":\"ImageObject\",\"inLanguage\":\"uk\",\"@id\":\"https:\/\/denizcankizil.tr\/uk\/haberler\/antalya\/muratpasadan-dogadan-ilham-alan-sergiler\/#primaryimage\",\"url\":\"https:\/\/denizcankizil.tr\/wp-content\/uploads\/2025\/06\/6788-01-eO6aO1.jpg\",\"contentUrl\":\"https:\/\/denizcankizil.tr\/wp-content\/uploads\/2025\/06\/6788-01-eO6aO1.jpg\",\"width\":1280,\"height\":720},{\"@type\":\"BreadcrumbList\",\"@id\":\"https:\/\/denizcankizil.tr\/uk\/haberler\/antalya\/muratpasadan-dogadan-ilham-alan-sergiler\/#breadcrumb\",\"itemListElement\":[{\"@type\":\"ListItem\",\"position\":1,\"name\":\"Home\",\"item\":\"https:\/\/denizcankizil.tr\/de\/\"},{\"@type\":\"ListItem\",\"position\":2,\"name\":\"Muratpa\u015fa&#8217;dan do\u011fadan ilham alan sergiler\"}]},{\"@type\":\"WebSite\",\"@id\":\"https:\/\/denizcankizil.tr\/#website\",\"url\":\"https:\/\/denizcankizil.tr\/\",\"name\":\"Av. Deniz Can K\u0131z\u0131l\",\"description\":\"Avukat Deniz Can K\u0131z\u0131l Antalya Barosu\",\"publisher\":{\"@id\":\"https:\/\/denizcankizil.tr\/#organization\"},\"potentialAction\":[{\"@type\":\"SearchAction\",\"target\":{\"@type\":\"EntryPoint\",\"urlTemplate\":\"https:\/\/denizcankizil.tr\/?s={search_term_string}\"},\"query-input\":{\"@type\":\"PropertyValueSpecification\",\"valueRequired\":true,\"valueName\":\"search_term_string\"}}],\"inLanguage\":\"uk\"},{\"@type\":\"Organization\",\"@id\":\"https:\/\/denizcankizil.tr\/#organization\",\"name\":\"Av. Deniz Can K\u0131z\u0131l\",\"url\":\"https:\/\/denizcankizil.tr\/\",\"logo\":{\"@type\":\"ImageObject\",\"inLanguage\":\"uk\",\"@id\":\"https:\/\/denizcankizil.tr\/#\/schema\/logo\/image\/\",\"url\":\"https:\/\/denizcankizil.tr\/wp-content\/uploads\/2024\/10\/siyah-logo-svg.svg\",\"contentUrl\":\"https:\/\/denizcankizil.tr\/wp-content\/uploads\/2024\/10\/siyah-logo-svg.svg\",\"width\":1080,\"height\":1080,\"caption\":\"Av. Deniz Can K\u0131z\u0131l\"},\"image\":{\"@id\":\"https:\/\/denizcankizil.tr\/#\/schema\/logo\/image\/\"}},{\"@type\":\"Person\",\"@id\":\"https:\/\/denizcankizil.tr\/#\/schema\/person\/5dc1b22991bd7ac833867c10afc9b0ff\",\"name\":\"Av. Deniz Can K\u0131z\u0131l\",\"image\":{\"@type\":\"ImageObject\",\"inLanguage\":\"uk\",\"@id\":\"https:\/\/denizcankizil.tr\/#\/schema\/person\/image\/\",\"url\":\"https:\/\/secure.gravatar.com\/avatar\/a0b128fb9855c79efc976d5640eedb31dc35ec297594d6016d2cf7c60e975bb6?s=96&d=mm&r=g\",\"contentUrl\":\"https:\/\/secure.gravatar.com\/avatar\/a0b128fb9855c79efc976d5640eedb31dc35ec297594d6016d2cf7c60e975bb6?s=96&d=mm&r=g\",\"caption\":\"Av. Deniz Can K\u0131z\u0131l\"},\"sameAs\":[\"http:\/\/www.denizcankizil.tr\"],\"url\":\"https:\/\/denizcankizil.tr\/uk\/author\/denizcankizil\/\"}]}<\/script>\n<!-- \/ Yoast SEO Premium plugin. -->","yoast_head_json":{"title":"Muratpa\u015fa'dan do\u011fadan ilham alan sergiler - Av. Deniz Can K\u0131z\u0131l","robots":{"index":"index","follow":"follow","max-snippet":"max-snippet:-1","max-image-preview":"max-image-preview:large","max-video-preview":"max-video-preview:-1"},"canonical":"https:\/\/denizcankizil.tr\/uk\/haberler\/antalya\/muratpasadan-dogadan-ilham-alan-sergiler\/","og_locale":"uk_UA","og_type":"article","og_title":"Muratpa\u015fa'dan do\u011fadan ilham alan sergiler","og_description":"\u0130lk sergi, &#8216;MEST Kurslar\u0131 Yarat\u0131c\u0131 Tasar\u0131mlar G\u00f6rsel Sanat Sergisi&#8217; ba\u015fl\u0131\u011f\u0131yla 19 Haziran Per\u015fembe g\u00fcn\u00fc saat 14.00&#8217;te a\u00e7\u0131lacak. Bu sergide, kursiyerler do\u011fa temal\u0131 \u00e7al\u0131\u015fmalar\u0131yla izleyicilere estetik bir g\u00f6rsel \u015f\u00f6len sunacak. Kad\u0131n mankenler \u00fczerine deri, dantel, mozaik ve seramik gibi farkl\u0131 malzemeler kullan\u0131larak haz\u0131rlanan sanatsal tasar\u0131mlar, peyzaj \u00f6\u011feleriyle zenginle\u015ftirilerek sergilenecek. Sergide ayr\u0131ca do\u011fa manzaralar\u0131n\u0131 yans\u0131tan tablolar da yer alacak. \u0130kinci sergi ise &#8216;MEST Kurslar\u0131 Bran\u015f \u00dcr\u00fcnleri Sergisi&#8217; ad\u0131yla 24 Haziran Sal\u0131 g\u00fcn\u00fc saat 14.00&#8217;te sanatseverlerle bulu\u015facak. Bu sergide, MEST kurslar\u0131n\u0131n yarat\u0131c\u0131 sanatlar alan\u0131ndaki kursiyerleri taraf\u0131ndan haz\u0131rlanan resimler ve g\u00f6rsel sanat \u00fcr\u00fcnleri sergilenecek. BU YIL HANG\u0130 BRAN\u015eLAR VARDI? Bu y\u0131l MEST kurslar\u0131nda e\u011fitim verilen bran\u015flar aras\u0131nda deri aksesuar yap\u0131m\u0131, \u00e7aput dokuma, ke\u00e7e aksesuar yap\u0131m\u0131, k\u00e2\u011f\u0131t ve al\u00e7\u0131 r\u00f6lyef, grav\u00fcr, so\u011fuk seramik, geri d\u00f6n\u00fc\u015f\u00fcm aksesuar yap\u0131m\u0131, has\u0131r sepet \u00f6r\u00fcc\u00fcl\u00fc\u011f\u00fc, \u00f6rg\u00fc, \u00e7arpana, nak\u0131\u015f, pan\u00e7, k\u0131rkyama, moda tasar\u0131m\u0131, otantik tak\u0131 yap\u0131m\u0131 ve boncuk tak\u0131 yap\u0131m\u0131 gibi el sanatlar\u0131 ve tasar\u0131m alanlar\u0131 yer ald\u0131. Kaynak: www.kanalv.com.tr Haber Sitesinden Al\u0131nm\u0131\u015ft\u0131r.","og_url":"https:\/\/denizcankizil.tr\/uk\/haberler\/antalya\/muratpasadan-dogadan-ilham-alan-sergiler\/","og_site_name":"Av. Deniz Can K\u0131z\u0131l","article_published_time":"2025-06-10T12:41:23+00:00","og_image":[{"width":1280,"height":720,"url":"https:\/\/denizcankizil.tr\/wp-content\/uploads\/2025\/06\/6788-01-eO6aO1.jpg","type":"image\/jpeg"}],"author":"Av. Deniz Can K\u0131z\u0131l","twitter_card":"summary_large_image","twitter_misc":{"\u041d\u0430\u043f\u0438\u0441\u0430\u043d\u043e":"Av. Deniz Can K\u0131z\u0131l","\u041f\u0440\u0438\u0431\u043b. \u0447\u0430\u0441 \u0447\u0438\u0442\u0430\u043d\u043d\u044f":"1 \u0445\u0432\u0438\u043b\u0438\u043d\u0430"},"schema":{"@context":"https:\/\/schema.org","@graph":[{"@type":"Article","@id":"https:\/\/denizcankizil.tr\/uk\/haberler\/antalya\/muratpasadan-dogadan-ilham-alan-sergiler\/#article","isPartOf":{"@id":"https:\/\/denizcankizil.tr\/uk\/haberler\/antalya\/muratpasadan-dogadan-ilham-alan-sergiler\/"},"author":{"name":"Av. Deniz Can K\u0131z\u0131l","@id":"https:\/\/denizcankizil.tr\/#\/schema\/person\/5dc1b22991bd7ac833867c10afc9b0ff"},"headline":"Muratpa\u015fa&#8217;dan do\u011fadan ilham alan sergiler","datePublished":"2025-06-10T12:41:23+00:00","mainEntityOfPage":{"@id":"https:\/\/denizcankizil.tr\/uk\/haberler\/antalya\/muratpasadan-dogadan-ilham-alan-sergiler\/"},"wordCount":221,"publisher":{"@id":"https:\/\/denizcankizil.tr\/#organization"},"image":{"@id":"https:\/\/denizcankizil.tr\/uk\/haberler\/antalya\/muratpasadan-dogadan-ilham-alan-sergiler\/#primaryimage"},"thumbnailUrl":"https:\/\/denizcankizil.tr\/wp-content\/uploads\/2025\/06\/6788-01-eO6aO1.jpg","articleSection":["Antalya"],"inLanguage":"uk"},{"@type":"WebPage","@id":"https:\/\/denizcankizil.tr\/uk\/haberler\/antalya\/muratpasadan-dogadan-ilham-alan-sergiler\/","url":"https:\/\/denizcankizil.tr\/uk\/haberler\/antalya\/muratpasadan-dogadan-ilham-alan-sergiler\/","name":"Muratpa\u015fa'dan do\u011fadan ilham alan sergiler - Av. Deniz Can K\u0131z\u0131l","isPartOf":{"@id":"https:\/\/denizcankizil.tr\/#website"},"primaryImageOfPage":{"@id":"https:\/\/denizcankizil.tr\/uk\/haberler\/antalya\/muratpasadan-dogadan-ilham-alan-sergiler\/#primaryimage"},"image":{"@id":"https:\/\/denizcankizil.tr\/uk\/haberler\/antalya\/muratpasadan-dogadan-ilham-alan-sergiler\/#primaryimage"},"thumbnailUrl":"https:\/\/denizcankizil.tr\/wp-content\/uploads\/2025\/06\/6788-01-eO6aO1.jpg","datePublished":"2025-06-10T12:41:23+00:00","breadcrumb":{"@id":"https:\/\/denizcankizil.tr\/uk\/haberler\/antalya\/muratpasadan-dogadan-ilham-alan-sergiler\/#breadcrumb"},"inLanguage":"uk","potentialAction":[{"@type":"ReadAction","target":["https:\/\/denizcankizil.tr\/uk\/haberler\/antalya\/muratpasadan-dogadan-ilham-alan-sergiler\/"]}]},{"@type":"ImageObject","inLanguage":"uk","@id":"https:\/\/denizcankizil.tr\/uk\/haberler\/antalya\/muratpasadan-dogadan-ilham-alan-sergiler\/#primaryimage","url":"https:\/\/denizcankizil.tr\/wp-content\/uploads\/2025\/06\/6788-01-eO6aO1.jpg","contentUrl":"https:\/\/denizcankizil.tr\/wp-content\/uploads\/2025\/06\/6788-01-eO6aO1.jpg","width":1280,"height":720},{"@type":"BreadcrumbList","@id":"https:\/\/denizcankizil.tr\/uk\/haberler\/antalya\/muratpasadan-dogadan-ilham-alan-sergiler\/#breadcrumb","itemListElement":[{"@type":"ListItem","position":1,"name":"Home","item":"https:\/\/denizcankizil.tr\/de\/"},{"@type":"ListItem","position":2,"name":"Muratpa\u015fa&#8217;dan do\u011fadan ilham alan sergiler"}]},{"@type":"WebSite","@id":"https:\/\/denizcankizil.tr\/#website","url":"https:\/\/denizcankizil.tr\/","name":"Av. Deniz Can K\u0131z\u0131l","description":"Avukat Deniz Can K\u0131z\u0131l Antalya Barosu","publisher":{"@id":"https:\/\/denizcankizil.tr\/#organization"},"potentialAction":[{"@type":"SearchAction","target":{"@type":"EntryPoint","urlTemplate":"https:\/\/denizcankizil.tr\/?s={search_term_string}"},"query-input":{"@type":"PropertyValueSpecification","valueRequired":true,"valueName":"search_term_string"}}],"inLanguage":"uk"},{"@type":"Organization","@id":"https:\/\/denizcankizil.tr\/#organization","name":"Av. Deniz Can K\u0131z\u0131l","url":"https:\/\/denizcankizil.tr\/","logo":{"@type":"ImageObject","inLanguage":"uk","@id":"https:\/\/denizcankizil.tr\/#\/schema\/logo\/image\/","url":"https:\/\/denizcankizil.tr\/wp-content\/uploads\/2024\/10\/siyah-logo-svg.svg","contentUrl":"https:\/\/denizcankizil.tr\/wp-content\/uploads\/2024\/10\/siyah-logo-svg.svg","width":1080,"height":1080,"caption":"Av. Deniz Can K\u0131z\u0131l"},"image":{"@id":"https:\/\/denizcankizil.tr\/#\/schema\/logo\/image\/"}},{"@type":"Person","@id":"https:\/\/denizcankizil.tr\/#\/schema\/person\/5dc1b22991bd7ac833867c10afc9b0ff","name":"Av. Deniz Can K\u0131z\u0131l","image":{"@type":"ImageObject","inLanguage":"uk","@id":"https:\/\/denizcankizil.tr\/#\/schema\/person\/image\/","url":"https:\/\/secure.gravatar.com\/avatar\/a0b128fb9855c79efc976d5640eedb31dc35ec297594d6016d2cf7c60e975bb6?s=96&d=mm&r=g","contentUrl":"https:\/\/secure.gravatar.com\/avatar\/a0b128fb9855c79efc976d5640eedb31dc35ec297594d6016d2cf7c60e975bb6?s=96&d=mm&r=g","caption":"Av. Deniz Can K\u0131z\u0131l"},"sameAs":["http:\/\/www.denizcankizil.tr"],"url":"https:\/\/denizcankizil.tr\/uk\/author\/denizcankizil\/"}]}},"_links":{"self":[{"href":"https:\/\/denizcankizil.tr\/uk\/wp-json\/wp\/v2\/posts\/112525","targetHints":{"allow":["GET"]}}],"collection":[{"href":"https:\/\/denizcankizil.tr\/uk\/wp-json\/wp\/v2\/posts"}],"about":[{"href":"https:\/\/denizcankizil.tr\/uk\/wp-json\/wp\/v2\/types\/post"}],"author":[{"embeddable":true,"href":"https:\/\/denizcankizil.tr\/uk\/wp-json\/wp\/v2\/users\/4"}],"replies":[{"embeddable":true,"href":"https:\/\/denizcankizil.tr\/uk\/wp-json\/wp\/v2\/comments?post=112525"}],"version-history":[{"count":0,"href":"https:\/\/denizcankizil.tr\/uk\/wp-json\/wp\/v2\/posts\/112525\/revisions"}],"wp:featuredmedia":[{"embeddable":true,"href":"https:\/\/denizcankizil.tr\/uk\/wp-json\/wp\/v2\/media\/112526"}],"wp:attachment":[{"href":"https:\/\/denizcankizil.tr\/uk\/wp-json\/wp\/v2\/media?parent=112525"}],"wp:term":[{"taxonomy":"category","embeddable":true,"href":"https:\/\/denizcankizil.tr\/uk\/wp-json\/wp\/v2\/categories?post=112525"},{"taxonomy":"post_tag","embeddable":true,"href":"https:\/\/denizcankizil.tr\/uk\/wp-json\/wp\/v2\/tags?post=112525"}],"curies":[{"name":"wp","href":"https:\/\/api.w.org\/{rel}","templated":true}]}}