{"id":112472,"date":"2025-06-10T13:42:27","date_gmt":"2025-06-10T10:42:27","guid":{"rendered":"https:\/\/denizcankizil.tr\/uncategorized-tr\/aranan-sahislar-ve-silahlar-ele-gecirildi\/"},"modified":"2025-06-10T13:42:27","modified_gmt":"2025-06-10T10:42:27","slug":"aranan-sahislar-ve-silahlar-ele-gecirildi","status":"publish","type":"post","link":"https:\/\/denizcankizil.tr\/uk\/haberler\/gundem\/aranan-sahislar-ve-silahlar-ele-gecirildi\/","title":{"rendered":"Aranan \u015eah\u0131slar ve Silahlar Ele Ge\u00e7irildi"},"content":{"rendered":"<p>Edinilen bilgilere g\u00f6re, H\u0131rs\u0131zl\u0131k su\u00e7undan 2 y\u0131l 1 ay hapis cezas\u0131 ile aranan Y.C., polis ekiplerince yakalanarak g\u00f6zalt\u0131na al\u0131nd\u0131. Ayr\u0131ca, 6 Haziran 2025 tarihinde Kocatepe Mahallesi&#8217;nde meydana gelen &#8220;Genel g\u00fcvenli\u011fin kasten tehlikeye sokulmas\u0131&#8221; ve &#8220;Ate\u015fli silahla mala zarar verme&#8221; olay\u0131yla ilgili y\u00fcr\u00fct\u00fclen soru\u015fturmada, \u015f\u00fcpheliler M.G., T.K., O.K., K.A., Z.K. ve B.C. \u0130skenderun\u2019da yakaland\u0131.<\/p>\n<p>\u015e\u00fcphelilerin \u00fczerlerinde ve adreslerinde yap\u0131lan aramalarda: 2 adet ruhsats\u0131z tabanca, 80 adet 9 mm fi\u015fek, 12 adet t\u00fcfek fi\u015fe\u011fi, ele ge\u00e7irildi.<\/p>\n<p>Emniyetteki i\u015flemlerin ard\u0131ndan adliyeye sevk edilen \u015f\u00fcphelilerden Y.C. ve M.G. tutuklanarak cezaevine g\u00f6nderildi. Di\u011fer 5 \u015f\u00fcpheli ise adli kontrol \u015fart\u0131yla serbest b\u0131rak\u0131ld\u0131.<\/p>\n<p>Hatay Emniyeti\u2019nin halk\u0131n huzur ve g\u00fcvenli\u011fi i\u00e7in \u00e7al\u0131\u015fmalar\u0131 aral\u0131ks\u0131z s\u00fcr\u00fcyor.<\/p>\n<p>\u200bHatay Emniyet M\u00fcd\u00fcrl\u00fc\u011f\u00fc ekipleri, aranan \u015fah\u0131slar\u0131n yakalanmas\u0131na y\u00f6nelik ger\u00e7ekle\u015ftirdi\u011fi \u00e7al\u0131\u015fmalar kapsam\u0131nda \u00f6nemli bir operasyona imza att\u0131. G\u00f6zalt\u0131na al\u0131nan 7 \u015f\u00fcpheliden ikisi tutukland\u0131, di\u011ferleri adli kontrol \u015fart\u0131yla serbest b\u0131rak\u0131ld\u0131.\u00a0<\/p>\n<p>\u200bHaberin Al\u0131nt\u0131land\u0131\u011f\u0131 Kaynak: www.iskenderun.org<\/p>","protected":false},"excerpt":{"rendered":"<p>Edinilen bilgilere g\u00f6re, H\u0131rs\u0131zl\u0131k su\u00e7undan 2 y\u0131l 1 ay hapis cezas\u0131 ile aranan Y.C., polis ekiplerince yakalanarak g\u00f6zalt\u0131na al\u0131nd\u0131. Ayr\u0131ca, 6 Haziran 2025 tarihinde Kocatepe Mahallesi&#8217;nde meydana gelen &#8220;Genel g\u00fcvenli\u011fin kasten tehlikeye sokulmas\u0131&#8221; ve &#8220;Ate\u015fli silahla mala zarar verme&#8221; olay\u0131yla ilgili y\u00fcr\u00fct\u00fclen soru\u015fturmada, \u015f\u00fcpheliler M.G., T.K., O.K., K.A., Z.K. ve B.C. \u0130skenderun\u2019da yakaland\u0131. \u015e\u00fcphelilerin \u00fczerlerinde ve adreslerinde yap\u0131lan aramalarda: 2 adet ruhsats\u0131z tabanca, 80 adet 9 mm fi\u015fek, 12 adet t\u00fcfek fi\u015fe\u011fi, ele ge\u00e7irildi. Emniyetteki i\u015flemlerin ard\u0131ndan adliyeye sevk edilen \u015f\u00fcphelilerden Y.C. ve M.G. tutuklanarak cezaevine g\u00f6nderildi. Di\u011fer 5 \u015f\u00fcpheli ise adli kontrol \u015fart\u0131yla serbest b\u0131rak\u0131ld\u0131. Hatay Emniyeti\u2019nin halk\u0131n huzur ve g\u00fcvenli\u011fi i\u00e7in \u00e7al\u0131\u015fmalar\u0131 aral\u0131ks\u0131z s\u00fcr\u00fcyor. \u200bHatay Emniyet M\u00fcd\u00fcrl\u00fc\u011f\u00fc ekipleri, aranan \u015fah\u0131slar\u0131n yakalanmas\u0131na y\u00f6nelik ger\u00e7ekle\u015ftirdi\u011fi \u00e7al\u0131\u015fmalar kapsam\u0131nda \u00f6nemli bir operasyona imza att\u0131. G\u00f6zalt\u0131na al\u0131nan 7 \u015f\u00fcpheliden ikisi tutukland\u0131, di\u011ferleri adli kontrol \u015fart\u0131yla serbest b\u0131rak\u0131ld\u0131.\u00a0 \u200bHaberin Al\u0131nt\u0131land\u0131\u011f\u0131 Kaynak: www.iskenderun.org<\/p>","protected":false},"author":1,"featured_media":0,"comment_status":"","ping_status":"open","sticky":false,"template":"","format":"standard","meta":{"_acf_changed":false,"footnotes":""},"categories":[24],"tags":[],"class_list":["post-112472","post","type-post","status-publish","format-standard","has-post-thumbnail","hentry","category-gundem"],"acf":[],"yoast_head":"<!-- This site is optimized with the Yoast SEO Premium plugin v26.6 (Yoast SEO v27.1.1) - https:\/\/yoast.com\/product\/yoast-seo-premium-wordpress\/ -->\n<title>Aranan \u015eah\u0131slar ve Silahlar Ele Ge\u00e7irildi - Av. Deniz Can K\u0131z\u0131l<\/title>\n<meta name=\"robots\" content=\"index, follow, max-snippet:-1, max-image-preview:large, max-video-preview:-1\" \/>\n<link rel=\"canonical\" href=\"https:\/\/denizcankizil.tr\/uk\/haberler\/gundem\/aranan-sahislar-ve-silahlar-ele-gecirildi\/\" \/>\n<meta property=\"og:locale\" content=\"uk_UA\" \/>\n<meta property=\"og:type\" content=\"article\" \/>\n<meta property=\"og:title\" content=\"Aranan \u015eah\u0131slar ve Silahlar Ele Ge\u00e7irildi\" \/>\n<meta property=\"og:description\" content=\"Edinilen bilgilere g\u00f6re, H\u0131rs\u0131zl\u0131k su\u00e7undan 2 y\u0131l 1 ay hapis cezas\u0131 ile aranan Y.C., polis ekiplerince yakalanarak g\u00f6zalt\u0131na al\u0131nd\u0131. Ayr\u0131ca, 6 Haziran 2025 tarihinde Kocatepe Mahallesi&#8217;nde meydana gelen &#8220;Genel g\u00fcvenli\u011fin kasten tehlikeye sokulmas\u0131&#8221; ve &#8220;Ate\u015fli silahla mala zarar verme&#8221; olay\u0131yla ilgili y\u00fcr\u00fct\u00fclen soru\u015fturmada, \u015f\u00fcpheliler M.G., T.K., O.K., K.A., Z.K. ve B.C. \u0130skenderun\u2019da yakaland\u0131. \u015e\u00fcphelilerin \u00fczerlerinde ve adreslerinde yap\u0131lan aramalarda: 2 adet ruhsats\u0131z tabanca, 80 adet 9 mm fi\u015fek, 12 adet t\u00fcfek fi\u015fe\u011fi, ele ge\u00e7irildi. Emniyetteki i\u015flemlerin ard\u0131ndan adliyeye sevk edilen \u015f\u00fcphelilerden Y.C. ve M.G. tutuklanarak cezaevine g\u00f6nderildi. Di\u011fer 5 \u015f\u00fcpheli ise adli kontrol \u015fart\u0131yla serbest b\u0131rak\u0131ld\u0131. Hatay Emniyeti\u2019nin halk\u0131n huzur ve g\u00fcvenli\u011fi i\u00e7in \u00e7al\u0131\u015fmalar\u0131 aral\u0131ks\u0131z s\u00fcr\u00fcyor. \u200bHatay Emniyet M\u00fcd\u00fcrl\u00fc\u011f\u00fc ekipleri, aranan \u015fah\u0131slar\u0131n yakalanmas\u0131na y\u00f6nelik ger\u00e7ekle\u015ftirdi\u011fi \u00e7al\u0131\u015fmalar kapsam\u0131nda \u00f6nemli bir operasyona imza att\u0131. G\u00f6zalt\u0131na al\u0131nan 7 \u015f\u00fcpheliden ikisi tutukland\u0131, di\u011ferleri adli kontrol \u015fart\u0131yla serbest b\u0131rak\u0131ld\u0131.\u00a0 \u200bHaberin Al\u0131nt\u0131land\u0131\u011f\u0131 Kaynak: www.iskenderun.org\" \/>\n<meta property=\"og:url\" content=\"https:\/\/denizcankizil.tr\/uk\/haberler\/gundem\/aranan-sahislar-ve-silahlar-ele-gecirildi\/\" \/>\n<meta property=\"og:site_name\" content=\"Av. Deniz Can K\u0131z\u0131l\" \/>\n<meta property=\"article:published_time\" content=\"2025-06-10T10:42:27+00:00\" \/>\n<meta name=\"author\" content=\"admin\" \/>\n<meta name=\"twitter:card\" content=\"summary_large_image\" \/>\n<meta name=\"twitter:label1\" content=\"\u041d\u0430\u043f\u0438\u0441\u0430\u043d\u043e\" \/>\n\t<meta name=\"twitter:data1\" content=\"admin\" \/>\n\t<meta name=\"twitter:label2\" content=\"\u041f\u0440\u0438\u0431\u043b. \u0447\u0430\u0441 \u0447\u0438\u0442\u0430\u043d\u043d\u044f\" \/>\n\t<meta name=\"twitter:data2\" content=\"1 \u0445\u0432\u0438\u043b\u0438\u043d\u0430\" \/>\n<script type=\"application\/ld+json\" class=\"yoast-schema-graph\">{\"@context\":\"https:\/\/schema.org\",\"@graph\":[{\"@type\":\"Article\",\"@id\":\"https:\/\/denizcankizil.tr\/en\/haberler\/gundem\/aranan-sahislar-ve-silahlar-ele-gecirildi\/#article\",\"isPartOf\":{\"@id\":\"https:\/\/denizcankizil.tr\/en\/haberler\/gundem\/aranan-sahislar-ve-silahlar-ele-gecirildi\/\"},\"author\":{\"name\":\"admin\",\"@id\":\"https:\/\/denizcankizil.tr\/de\/#\/schema\/person\/be3c05fe6a12686905512445d8185489\"},\"headline\":\"Aranan \u015eah\u0131slar ve Silahlar Ele Ge\u00e7irildi\",\"datePublished\":\"2025-06-10T10:42:27+00:00\",\"mainEntityOfPage\":{\"@id\":\"https:\/\/denizcankizil.tr\/en\/haberler\/gundem\/aranan-sahislar-ve-silahlar-ele-gecirildi\/\"},\"wordCount\":211,\"publisher\":{\"@id\":\"https:\/\/denizcankizil.tr\/de\/#organization\"},\"articleSection\":[\"G\u00fcndem\"],\"inLanguage\":\"uk\"},{\"@type\":\"WebPage\",\"@id\":\"https:\/\/denizcankizil.tr\/en\/haberler\/gundem\/aranan-sahislar-ve-silahlar-ele-gecirildi\/\",\"url\":\"https:\/\/denizcankizil.tr\/en\/haberler\/gundem\/aranan-sahislar-ve-silahlar-ele-gecirildi\/\",\"name\":\"Aranan \u015eah\u0131slar ve Silahlar Ele Ge\u00e7irildi - Av. Deniz Can K\u0131z\u0131l\",\"isPartOf\":{\"@id\":\"https:\/\/denizcankizil.tr\/de\/#website\"},\"datePublished\":\"2025-06-10T10:42:27+00:00\",\"breadcrumb\":{\"@id\":\"https:\/\/denizcankizil.tr\/en\/haberler\/gundem\/aranan-sahislar-ve-silahlar-ele-gecirildi\/#breadcrumb\"},\"inLanguage\":\"uk\",\"potentialAction\":[{\"@type\":\"ReadAction\",\"target\":[\"https:\/\/denizcankizil.tr\/en\/haberler\/gundem\/aranan-sahislar-ve-silahlar-ele-gecirildi\/\"]}]},{\"@type\":\"BreadcrumbList\",\"@id\":\"https:\/\/denizcankizil.tr\/en\/haberler\/gundem\/aranan-sahislar-ve-silahlar-ele-gecirildi\/#breadcrumb\",\"itemListElement\":[{\"@type\":\"ListItem\",\"position\":1,\"name\":\"Home\",\"item\":\"https:\/\/denizcankizil.tr\/de\/\"},{\"@type\":\"ListItem\",\"position\":2,\"name\":\"Aranan \u015eah\u0131slar ve Silahlar Ele Ge\u00e7irildi\"}]},{\"@type\":\"WebSite\",\"@id\":\"https:\/\/denizcankizil.tr\/de\/#website\",\"url\":\"https:\/\/denizcankizil.tr\/de\/\",\"name\":\"Av. Deniz Can K\u0131z\u0131l\",\"description\":\"Avukat Deniz Can K\u0131z\u0131l Antalya Barosu\",\"publisher\":{\"@id\":\"https:\/\/denizcankizil.tr\/de\/#organization\"},\"potentialAction\":[{\"@type\":\"SearchAction\",\"target\":{\"@type\":\"EntryPoint\",\"urlTemplate\":\"https:\/\/denizcankizil.tr\/de\/?s={search_term_string}\"},\"query-input\":{\"@type\":\"PropertyValueSpecification\",\"valueRequired\":true,\"valueName\":\"search_term_string\"}}],\"inLanguage\":\"uk\"},{\"@type\":\"Organization\",\"@id\":\"https:\/\/denizcankizil.tr\/de\/#organization\",\"name\":\"Av. Deniz Can K\u0131z\u0131l\",\"url\":\"https:\/\/denizcankizil.tr\/de\/\",\"logo\":{\"@type\":\"ImageObject\",\"inLanguage\":\"uk\",\"@id\":\"https:\/\/denizcankizil.tr\/de\/#\/schema\/logo\/image\/\",\"url\":\"https:\/\/denizcankizil.tr\/wp-content\/uploads\/2024\/10\/siyah-logo-svg.svg\",\"contentUrl\":\"https:\/\/denizcankizil.tr\/wp-content\/uploads\/2024\/10\/siyah-logo-svg.svg\",\"width\":1080,\"height\":1080,\"caption\":\"Av. Deniz Can K\u0131z\u0131l\"},\"image\":{\"@id\":\"https:\/\/denizcankizil.tr\/de\/#\/schema\/logo\/image\/\"}},{\"@type\":\"Person\",\"@id\":\"https:\/\/denizcankizil.tr\/de\/#\/schema\/person\/be3c05fe6a12686905512445d8185489\",\"name\":\"admin\",\"image\":{\"@type\":\"ImageObject\",\"inLanguage\":\"uk\",\"@id\":\"https:\/\/denizcankizil.tr\/de\/#\/schema\/person\/image\/\",\"url\":\"https:\/\/secure.gravatar.com\/avatar\/c1fce94c830dc79107e174f890d7210541c4a63e8e5d816341794a2151c9d58c?s=96&d=mm&r=g\",\"contentUrl\":\"https:\/\/secure.gravatar.com\/avatar\/c1fce94c830dc79107e174f890d7210541c4a63e8e5d816341794a2151c9d58c?s=96&d=mm&r=g\",\"caption\":\"admin\"},\"sameAs\":[\"http:\/\/denizcankizil.tr\"],\"url\":\"https:\/\/www.iskenderun.org\/aranan-sahislar-ve-silahlar-ele-gecirildi\"}]}<\/script>\n<!-- \/ Yoast SEO Premium plugin. -->","yoast_head_json":{"title":"Aranan \u015eah\u0131slar ve Silahlar Ele Ge\u00e7irildi - Av. Deniz Can K\u0131z\u0131l","robots":{"index":"index","follow":"follow","max-snippet":"max-snippet:-1","max-image-preview":"max-image-preview:large","max-video-preview":"max-video-preview:-1"},"canonical":"https:\/\/denizcankizil.tr\/uk\/haberler\/gundem\/aranan-sahislar-ve-silahlar-ele-gecirildi\/","og_locale":"uk_UA","og_type":"article","og_title":"Aranan \u015eah\u0131slar ve Silahlar Ele Ge\u00e7irildi","og_description":"Edinilen bilgilere g\u00f6re, H\u0131rs\u0131zl\u0131k su\u00e7undan 2 y\u0131l 1 ay hapis cezas\u0131 ile aranan Y.C., polis ekiplerince yakalanarak g\u00f6zalt\u0131na al\u0131nd\u0131. Ayr\u0131ca, 6 Haziran 2025 tarihinde Kocatepe Mahallesi&#8217;nde meydana gelen &#8220;Genel g\u00fcvenli\u011fin kasten tehlikeye sokulmas\u0131&#8221; ve &#8220;Ate\u015fli silahla mala zarar verme&#8221; olay\u0131yla ilgili y\u00fcr\u00fct\u00fclen soru\u015fturmada, \u015f\u00fcpheliler M.G., T.K., O.K., K.A., Z.K. ve B.C. \u0130skenderun\u2019da yakaland\u0131. \u015e\u00fcphelilerin \u00fczerlerinde ve adreslerinde yap\u0131lan aramalarda: 2 adet ruhsats\u0131z tabanca, 80 adet 9 mm fi\u015fek, 12 adet t\u00fcfek fi\u015fe\u011fi, ele ge\u00e7irildi. Emniyetteki i\u015flemlerin ard\u0131ndan adliyeye sevk edilen \u015f\u00fcphelilerden Y.C. ve M.G. tutuklanarak cezaevine g\u00f6nderildi. Di\u011fer 5 \u015f\u00fcpheli ise adli kontrol \u015fart\u0131yla serbest b\u0131rak\u0131ld\u0131. Hatay Emniyeti\u2019nin halk\u0131n huzur ve g\u00fcvenli\u011fi i\u00e7in \u00e7al\u0131\u015fmalar\u0131 aral\u0131ks\u0131z s\u00fcr\u00fcyor. \u200bHatay Emniyet M\u00fcd\u00fcrl\u00fc\u011f\u00fc ekipleri, aranan \u015fah\u0131slar\u0131n yakalanmas\u0131na y\u00f6nelik ger\u00e7ekle\u015ftirdi\u011fi \u00e7al\u0131\u015fmalar kapsam\u0131nda \u00f6nemli bir operasyona imza att\u0131. G\u00f6zalt\u0131na al\u0131nan 7 \u015f\u00fcpheliden ikisi tutukland\u0131, di\u011ferleri adli kontrol \u015fart\u0131yla serbest b\u0131rak\u0131ld\u0131.\u00a0 \u200bHaberin Al\u0131nt\u0131land\u0131\u011f\u0131 Kaynak: www.iskenderun.org","og_url":"https:\/\/denizcankizil.tr\/uk\/haberler\/gundem\/aranan-sahislar-ve-silahlar-ele-gecirildi\/","og_site_name":"Av. Deniz Can K\u0131z\u0131l","article_published_time":"2025-06-10T10:42:27+00:00","author":"admin","twitter_card":"summary_large_image","twitter_misc":{"\u041d\u0430\u043f\u0438\u0441\u0430\u043d\u043e":"admin","\u041f\u0440\u0438\u0431\u043b. \u0447\u0430\u0441 \u0447\u0438\u0442\u0430\u043d\u043d\u044f":"1 \u0445\u0432\u0438\u043b\u0438\u043d\u0430"},"schema":{"@context":"https:\/\/schema.org","@graph":[{"@type":"Article","@id":"https:\/\/denizcankizil.tr\/en\/haberler\/gundem\/aranan-sahislar-ve-silahlar-ele-gecirildi\/#article","isPartOf":{"@id":"https:\/\/denizcankizil.tr\/en\/haberler\/gundem\/aranan-sahislar-ve-silahlar-ele-gecirildi\/"},"author":{"name":"admin","@id":"https:\/\/denizcankizil.tr\/de\/#\/schema\/person\/be3c05fe6a12686905512445d8185489"},"headline":"Aranan \u015eah\u0131slar ve Silahlar Ele Ge\u00e7irildi","datePublished":"2025-06-10T10:42:27+00:00","mainEntityOfPage":{"@id":"https:\/\/denizcankizil.tr\/en\/haberler\/gundem\/aranan-sahislar-ve-silahlar-ele-gecirildi\/"},"wordCount":211,"publisher":{"@id":"https:\/\/denizcankizil.tr\/de\/#organization"},"articleSection":["G\u00fcndem"],"inLanguage":"uk"},{"@type":"WebPage","@id":"https:\/\/denizcankizil.tr\/en\/haberler\/gundem\/aranan-sahislar-ve-silahlar-ele-gecirildi\/","url":"https:\/\/denizcankizil.tr\/en\/haberler\/gundem\/aranan-sahislar-ve-silahlar-ele-gecirildi\/","name":"Aranan \u015eah\u0131slar ve Silahlar Ele Ge\u00e7irildi - Av. Deniz Can K\u0131z\u0131l","isPartOf":{"@id":"https:\/\/denizcankizil.tr\/de\/#website"},"datePublished":"2025-06-10T10:42:27+00:00","breadcrumb":{"@id":"https:\/\/denizcankizil.tr\/en\/haberler\/gundem\/aranan-sahislar-ve-silahlar-ele-gecirildi\/#breadcrumb"},"inLanguage":"uk","potentialAction":[{"@type":"ReadAction","target":["https:\/\/denizcankizil.tr\/en\/haberler\/gundem\/aranan-sahislar-ve-silahlar-ele-gecirildi\/"]}]},{"@type":"BreadcrumbList","@id":"https:\/\/denizcankizil.tr\/en\/haberler\/gundem\/aranan-sahislar-ve-silahlar-ele-gecirildi\/#breadcrumb","itemListElement":[{"@type":"ListItem","position":1,"name":"Home","item":"https:\/\/denizcankizil.tr\/de\/"},{"@type":"ListItem","position":2,"name":"Aranan \u015eah\u0131slar ve Silahlar Ele Ge\u00e7irildi"}]},{"@type":"WebSite","@id":"https:\/\/denizcankizil.tr\/de\/#website","url":"https:\/\/denizcankizil.tr\/de\/","name":"Av. Deniz Can K\u0131z\u0131l","description":"Avukat Deniz Can K\u0131z\u0131l Antalya Barosu","publisher":{"@id":"https:\/\/denizcankizil.tr\/de\/#organization"},"potentialAction":[{"@type":"SearchAction","target":{"@type":"EntryPoint","urlTemplate":"https:\/\/denizcankizil.tr\/de\/?s={search_term_string}"},"query-input":{"@type":"PropertyValueSpecification","valueRequired":true,"valueName":"search_term_string"}}],"inLanguage":"uk"},{"@type":"Organization","@id":"https:\/\/denizcankizil.tr\/de\/#organization","name":"Av. Deniz Can K\u0131z\u0131l","url":"https:\/\/denizcankizil.tr\/de\/","logo":{"@type":"ImageObject","inLanguage":"uk","@id":"https:\/\/denizcankizil.tr\/de\/#\/schema\/logo\/image\/","url":"https:\/\/denizcankizil.tr\/wp-content\/uploads\/2024\/10\/siyah-logo-svg.svg","contentUrl":"https:\/\/denizcankizil.tr\/wp-content\/uploads\/2024\/10\/siyah-logo-svg.svg","width":1080,"height":1080,"caption":"Av. Deniz Can K\u0131z\u0131l"},"image":{"@id":"https:\/\/denizcankizil.tr\/de\/#\/schema\/logo\/image\/"}},{"@type":"Person","@id":"https:\/\/denizcankizil.tr\/de\/#\/schema\/person\/be3c05fe6a12686905512445d8185489","name":"\u0430\u0434\u043c\u0456\u043d","image":{"@type":"ImageObject","inLanguage":"uk","@id":"https:\/\/denizcankizil.tr\/de\/#\/schema\/person\/image\/","url":"https:\/\/secure.gravatar.com\/avatar\/c1fce94c830dc79107e174f890d7210541c4a63e8e5d816341794a2151c9d58c?s=96&d=mm&r=g","contentUrl":"https:\/\/secure.gravatar.com\/avatar\/c1fce94c830dc79107e174f890d7210541c4a63e8e5d816341794a2151c9d58c?s=96&d=mm&r=g","caption":"admin"},"sameAs":["http:\/\/denizcankizil.tr"],"url":"https:\/\/www.iskenderun.org\/aranan-sahislar-ve-silahlar-ele-gecirildi"}]}},"_links":{"self":[{"href":"https:\/\/denizcankizil.tr\/uk\/wp-json\/wp\/v2\/posts\/112472","targetHints":{"allow":["GET"]}}],"collection":[{"href":"https:\/\/denizcankizil.tr\/uk\/wp-json\/wp\/v2\/posts"}],"about":[{"href":"https:\/\/denizcankizil.tr\/uk\/wp-json\/wp\/v2\/types\/post"}],"author":[{"embeddable":true,"href":"https:\/\/denizcankizil.tr\/uk\/wp-json\/wp\/v2\/users\/1"}],"replies":[{"embeddable":true,"href":"https:\/\/denizcankizil.tr\/uk\/wp-json\/wp\/v2\/comments?post=112472"}],"version-history":[{"count":0,"href":"https:\/\/denizcankizil.tr\/uk\/wp-json\/wp\/v2\/posts\/112472\/revisions"}],"wp:attachment":[{"href":"https:\/\/denizcankizil.tr\/uk\/wp-json\/wp\/v2\/media?parent=112472"}],"wp:term":[{"taxonomy":"category","embeddable":true,"href":"https:\/\/denizcankizil.tr\/uk\/wp-json\/wp\/v2\/categories?post=112472"},{"taxonomy":"post_tag","embeddable":true,"href":"https:\/\/denizcankizil.tr\/uk\/wp-json\/wp\/v2\/tags?post=112472"}],"curies":[{"name":"wp","href":"https:\/\/api.w.org\/{rel}","templated":true}]}}