{"id":112186,"date":"2025-06-10T06:42:08","date_gmt":"2025-06-10T03:42:08","guid":{"rendered":"https:\/\/denizcankizil.tr\/uncategorized-tr\/tuncelide-kaybolan-iki-vatandas-bulundu\/"},"modified":"2025-06-10T06:42:08","modified_gmt":"2025-06-10T03:42:08","slug":"tuncelide-kaybolan-iki-vatandas-bulundu","status":"publish","type":"post","link":"https:\/\/denizcankizil.tr\/uk\/haberler\/gundem\/tuncelide-kaybolan-iki-vatandas-bulundu\/","title":{"rendered":"Tunceli\u2019de kaybolan iki vatanda\u015f bulundu"},"content":{"rendered":"<p>Tunceli Valisi \u015eefik Ayg\u00f6l, P\u00fcl\u00fcm\u00fcr il\u00e7esi Buyar G\u00f6l\u00fc\u2019nde mahsur kalan 2 vatanda\u015f\u0131n, 12 saatlik titiz bir arama kurtarma operasyonu sonucu Jandarma ve AFAD ekipleri taraf\u0131ndan sa\u011f salim bulundu\u011funu duyurdu.TUNCEL\u0130 (\u0130GFA) &#8211; Tunceli Valisi \u015eefik Ayg\u00f6l, sosyal medya hesab\u0131ndan yapt\u0131\u011f\u0131 payla\u015f\u0131mda, P\u00fcl\u00fcm\u00fcr il\u00e7esi Buyar G\u00f6l\u00fc\u2019ne 8 Haziran 2025 saat 19:12\u2019de gitmek i\u00e7in yola \u00e7\u0131kan 2 vatanda\u015f\u0131n b\u00f6lgede mahsur kald\u0131\u011f\u0131na dair gelen ihbar \u00fczerine harekete ge\u00e7ildi\u011fini a\u00e7\u0131klad\u0131.<br \/>\nJandarma ve AFAD ekipleri taraf\u0131ndan de\u011ferlendirilen ihbar\u0131n ard\u0131ndan, gece boyunca s\u00fcren 12 saatlik titiz bir arama kurtarma operasyonu ger\u00e7ekle\u015ftirildi.<br \/>\nOperasyon sonucunda, Bing\u00f6l\u2019den gelen ve kaybolan 2 vatanda\u015f sa\u011f salim bulunarak P\u00fcl\u00fcm\u00fcr il\u00e7esine getirildi.<\/p>\n<p><blockquote class=\"twitter-tweet\" data-width=\"550\" data-dnt=\"true\"><p lang=\"tr\" dir=\"ltr\">\u2705 Kaybolan vatanda\u015flar\u0131m\u0131z sa\u011fl\u0131\u011fl\u0131 bir \u015fekilde bulundu.<br><br>\u2705 08.06.2025 tarihinde saat 19.12 de ilimiz P\u00fcl\u00fcm\u00fcr \u0130l\u00e7esi Buyar G\u00f6l\u00fcne gitmek i\u00e7in hareket eden 2 ki\u015finin  b\u00f6lgede  mahsur kald\u0131\u011f\u0131na dair ihbar\u0131 geldi . \u0130hbar Jandarma ve Afad  birimince de\u011ferlendirildi. <br><br>\u2705 Gece\u2026 <a href=\"https:\/\/t.co\/tmIWXmzC4U\">pic.twitter.com\/tmIWXmzC4U<\/a><\/p>&mdash; \u015eefik AYG\u00d6L (@sefikaygol) <a href=\"https:\/\/twitter.com\/sefikaygol\/status\/1931966096988377353?ref_src=twsrc%5Etfw\">June 9, 2025<\/a><\/blockquote><script async src=\"https:\/\/platform.twitter.com\/widgets.js\" charset=\"utf-8\"><\/script><\/p>\n<p>Vali Ayg\u00f6l, ba\u015far\u0131l\u0131 operasyonu y\u00fcr\u00fcten Kaymakaml\u0131k, AFAD ve Jandarma ekiplerine te\u015fekk\u00fcr etti.<\/p>\n<p>\u200bTunceli Valisi \u015eefik Ayg\u00f6l, P\u00fcl\u00fcm\u00fcr il\u00e7esi Buyar G\u00f6l\u00fc\u2019nde mahsur kalan 2 vatanda\u015f\u0131n, 12 saatlik titiz bir arama kurtarma operasyonu sonucu Jandarma ve AFAD ekipleri taraf\u0131ndan sa\u011f salim bulundu\u011funu duyurdu.TUNCEL\u0130 (\u0130GFA) &#8211; Tunceli Valisi \u015eefik Ayg\u00f6l, sosyal medya hesab\u0131ndan yapt\u0131\u011f\u0131 payla\u015f\u0131mda, P\u00fcl\u00fcm\u00fcr il\u00e7esi Buyar G\u00f6l\u00fc\u2019ne 8 Haziran 2025 saat 19:12\u2019de gitmek i\u00e7in yola \u00e7\u0131kan 2 vatanda\u015f\u0131n b\u00f6lgede mahsur kald\u0131\u011f\u0131na dair gelen ihbar \u00fczerine harekete ge\u00e7ildi\u011fini a\u00e7\u0131klad\u0131.<br \/>\nJandarma ve AFAD ekipleri taraf\u0131ndan de\u011ferlendirilen ihbar\u0131n ard\u0131ndan, gece boyunca s\u00fcren 12 saatlik titiz bir arama kurtarma operasyonu ger\u00e7ekle\u015ftirildi.<br \/>\nOperasyon sonucunda, Bing\u00f6l\u2019den gelen ve kaybolan 2 vatanda\u015f sa\u011f salim bulunarak P\u00fcl\u00fcm\u00fcr il\u00e7esine getirildi.<\/p>\n<p><blockquote class=\"twitter-tweet\" data-width=\"550\" data-dnt=\"true\"><p lang=\"tr\" dir=\"ltr\">\u2705 Kaybolan vatanda\u015flar\u0131m\u0131z sa\u011fl\u0131\u011fl\u0131 bir \u015fekilde bulundu.<br><br>\u2705 08.06.2025 tarihinde saat 19.12 de ilimiz P\u00fcl\u00fcm\u00fcr \u0130l\u00e7esi Buyar G\u00f6l\u00fcne gitmek i\u00e7in hareket eden 2 ki\u015finin  b\u00f6lgede  mahsur kald\u0131\u011f\u0131na dair ihbar\u0131 geldi . \u0130hbar Jandarma ve Afad  birimince de\u011ferlendirildi. <br><br>\u2705 Gece\u2026 <a href=\"https:\/\/t.co\/tmIWXmzC4U\">pic.twitter.com\/tmIWXmzC4U<\/a><\/p>&mdash; \u015eefik AYG\u00d6L (@sefikaygol) <a href=\"https:\/\/twitter.com\/sefikaygol\/status\/1931966096988377353?ref_src=twsrc%5Etfw\">June 9, 2025<\/a><\/blockquote><script async src=\"https:\/\/platform.twitter.com\/widgets.js\" charset=\"utf-8\"><\/script><\/p>\n<p>Vali Ayg\u00f6l, ba\u015far\u0131l\u0131 operasyonu y\u00fcr\u00fcten Kaymakaml\u0131k, AFAD ve Jandarma ekiplerine te\u015fekk\u00fcr etti.\u00a0<\/p>\n<p>\u200bHaberin Al\u0131nt\u0131land\u0131\u011f\u0131 Kaynak: www.iskenderun.org<\/p>","protected":false},"excerpt":{"rendered":"<p>Tunceli Valisi \u015eefik Ayg\u00f6l, P\u00fcl\u00fcm\u00fcr il\u00e7esi Buyar G\u00f6l\u00fc\u2019nde mahsur kalan 2 vatanda\u015f\u0131n, 12 saatlik titiz bir arama kurtarma operasyonu sonucu Jandarma ve AFAD ekipleri taraf\u0131ndan sa\u011f salim bulundu\u011funu duyurdu.TUNCEL\u0130 (\u0130GFA) &#8211; Tunceli Valisi \u015eefik Ayg\u00f6l, sosyal medya hesab\u0131ndan yapt\u0131\u011f\u0131 payla\u015f\u0131mda, P\u00fcl\u00fcm\u00fcr il\u00e7esi Buyar G\u00f6l\u00fc\u2019ne 8 Haziran 2025 saat 19:12\u2019de gitmek i\u00e7in yola \u00e7\u0131kan 2 vatanda\u015f\u0131n b\u00f6lgede mahsur kald\u0131\u011f\u0131na dair gelen ihbar \u00fczerine harekete ge\u00e7ildi\u011fini a\u00e7\u0131klad\u0131. Jandarma ve AFAD ekipleri taraf\u0131ndan de\u011ferlendirilen ihbar\u0131n ard\u0131ndan, gece boyunca s\u00fcren 12 saatlik titiz bir arama kurtarma operasyonu ger\u00e7ekle\u015ftirildi. Operasyon sonucunda, Bing\u00f6l\u2019den gelen ve kaybolan 2 vatanda\u015f sa\u011f salim bulunarak P\u00fcl\u00fcm\u00fcr il\u00e7esine getirildi. \u2705 Kaybolan vatanda\u015flar\u0131m\u0131z sa\u011fl\u0131\u011fl\u0131 bir \u015fekilde bulundu. \u2705 08.06.2025 tarihinde saat 19.12 de ilimiz P\u00fcl\u00fcm\u00fcr \u0130l\u00e7esi Buyar G\u00f6l\u00fcne gitmek i\u00e7in hareket eden 2 ki\u015finin b\u00f6lgede mahsur kald\u0131\u011f\u0131na dair ihbar\u0131 geldi . \u0130hbar Jandarma ve Afad birimince de\u011ferlendirildi. \u2705 Gece\u2026 pic.twitter.com\/tmIWXmzC4U &mdash; \u015eefik AYG\u00d6L (@sefikaygol) June 9, 2025 Vali Ayg\u00f6l, ba\u015far\u0131l\u0131 operasyonu y\u00fcr\u00fcten Kaymakaml\u0131k, AFAD ve Jandarma ekiplerine te\u015fekk\u00fcr etti. \u200bTunceli Valisi \u015eefik Ayg\u00f6l, P\u00fcl\u00fcm\u00fcr il\u00e7esi Buyar G\u00f6l\u00fc\u2019nde mahsur kalan 2 vatanda\u015f\u0131n, 12 saatlik titiz bir arama kurtarma operasyonu sonucu Jandarma ve AFAD ekipleri taraf\u0131ndan sa\u011f salim bulundu\u011funu duyurdu.TUNCEL\u0130 (\u0130GFA) &#8211; Tunceli Valisi \u015eefik Ayg\u00f6l, sosyal medya hesab\u0131ndan yapt\u0131\u011f\u0131 payla\u015f\u0131mda, P\u00fcl\u00fcm\u00fcr il\u00e7esi Buyar &hellip;<\/p>","protected":false},"author":1,"featured_media":0,"comment_status":"","ping_status":"open","sticky":false,"template":"","format":"standard","meta":{"_acf_changed":false,"footnotes":""},"categories":[24],"tags":[],"class_list":["post-112186","post","type-post","status-publish","format-standard","has-post-thumbnail","hentry","category-gundem"],"acf":[],"yoast_head":"<!-- This site is optimized with the Yoast SEO Premium plugin v26.6 (Yoast SEO v27.1.1) - https:\/\/yoast.com\/product\/yoast-seo-premium-wordpress\/ -->\n<title>Tunceli\u2019de kaybolan iki vatanda\u015f bulundu - Av. Deniz Can K\u0131z\u0131l<\/title>\n<meta name=\"robots\" content=\"index, follow, max-snippet:-1, max-image-preview:large, max-video-preview:-1\" \/>\n<link rel=\"canonical\" href=\"https:\/\/denizcankizil.tr\/uk\/haberler\/gundem\/tuncelide-kaybolan-iki-vatandas-bulundu\/\" \/>\n<meta property=\"og:locale\" content=\"uk_UA\" \/>\n<meta property=\"og:type\" content=\"article\" \/>\n<meta property=\"og:title\" content=\"Tunceli\u2019de kaybolan iki vatanda\u015f bulundu\" \/>\n<meta property=\"og:description\" content=\"Tunceli Valisi \u015eefik Ayg\u00f6l, P\u00fcl\u00fcm\u00fcr il\u00e7esi Buyar G\u00f6l\u00fc\u2019nde mahsur kalan 2 vatanda\u015f\u0131n, 12 saatlik titiz bir arama kurtarma operasyonu sonucu Jandarma ve AFAD ekipleri taraf\u0131ndan sa\u011f salim bulundu\u011funu duyurdu.TUNCEL\u0130 (\u0130GFA) &#8211; Tunceli Valisi \u015eefik Ayg\u00f6l, sosyal medya hesab\u0131ndan yapt\u0131\u011f\u0131 payla\u015f\u0131mda, P\u00fcl\u00fcm\u00fcr il\u00e7esi Buyar G\u00f6l\u00fc\u2019ne 8 Haziran 2025 saat 19:12\u2019de gitmek i\u00e7in yola \u00e7\u0131kan 2 vatanda\u015f\u0131n b\u00f6lgede mahsur kald\u0131\u011f\u0131na dair gelen ihbar \u00fczerine harekete ge\u00e7ildi\u011fini a\u00e7\u0131klad\u0131. Jandarma ve AFAD ekipleri taraf\u0131ndan de\u011ferlendirilen ihbar\u0131n ard\u0131ndan, gece boyunca s\u00fcren 12 saatlik titiz bir arama kurtarma operasyonu ger\u00e7ekle\u015ftirildi. Operasyon sonucunda, Bing\u00f6l\u2019den gelen ve kaybolan 2 vatanda\u015f sa\u011f salim bulunarak P\u00fcl\u00fcm\u00fcr il\u00e7esine getirildi. \u2705 Kaybolan vatanda\u015flar\u0131m\u0131z sa\u011fl\u0131\u011fl\u0131 bir \u015fekilde bulundu. \u2705 08.06.2025 tarihinde saat 19.12 de ilimiz P\u00fcl\u00fcm\u00fcr \u0130l\u00e7esi Buyar G\u00f6l\u00fcne gitmek i\u00e7in hareket eden 2 ki\u015finin b\u00f6lgede mahsur kald\u0131\u011f\u0131na dair ihbar\u0131 geldi . \u0130hbar Jandarma ve Afad birimince de\u011ferlendirildi. \u2705 Gece\u2026 pic.twitter.com\/tmIWXmzC4U &mdash; \u015eefik AYG\u00d6L (@sefikaygol) June 9, 2025 Vali Ayg\u00f6l, ba\u015far\u0131l\u0131 operasyonu y\u00fcr\u00fcten Kaymakaml\u0131k, AFAD ve Jandarma ekiplerine te\u015fekk\u00fcr etti. \u200bTunceli Valisi \u015eefik Ayg\u00f6l, P\u00fcl\u00fcm\u00fcr il\u00e7esi Buyar G\u00f6l\u00fc\u2019nde mahsur kalan 2 vatanda\u015f\u0131n, 12 saatlik titiz bir arama kurtarma operasyonu sonucu Jandarma ve AFAD ekipleri taraf\u0131ndan sa\u011f salim bulundu\u011funu duyurdu.TUNCEL\u0130 (\u0130GFA) &#8211; Tunceli Valisi \u015eefik Ayg\u00f6l, sosyal medya hesab\u0131ndan yapt\u0131\u011f\u0131 payla\u015f\u0131mda, P\u00fcl\u00fcm\u00fcr il\u00e7esi Buyar &hellip;\" \/>\n<meta property=\"og:url\" content=\"https:\/\/denizcankizil.tr\/uk\/haberler\/gundem\/tuncelide-kaybolan-iki-vatandas-bulundu\/\" \/>\n<meta property=\"og:site_name\" content=\"Av. Deniz Can K\u0131z\u0131l\" \/>\n<meta property=\"article:published_time\" content=\"2025-06-10T03:42:08+00:00\" \/>\n<meta name=\"author\" content=\"admin\" \/>\n<meta name=\"twitter:card\" content=\"summary_large_image\" \/>\n<meta name=\"twitter:label1\" content=\"\u041d\u0430\u043f\u0438\u0441\u0430\u043d\u043e\" \/>\n\t<meta name=\"twitter:data1\" content=\"admin\" \/>\n\t<meta name=\"twitter:label2\" content=\"\u041f\u0440\u0438\u0431\u043b. \u0447\u0430\u0441 \u0447\u0438\u0442\u0430\u043d\u043d\u044f\" \/>\n\t<meta name=\"twitter:data2\" content=\"2 \u0445\u0432\u0438\u043b\u0438\u043d\u0438\" \/>\n<script type=\"application\/ld+json\" class=\"yoast-schema-graph\">{\"@context\":\"https:\/\/schema.org\",\"@graph\":[{\"@type\":\"Article\",\"@id\":\"https:\/\/denizcankizil.tr\/uk\/haberler\/gundem\/tuncelide-kaybolan-iki-vatandas-bulundu\/#article\",\"isPartOf\":{\"@id\":\"https:\/\/denizcankizil.tr\/uk\/haberler\/gundem\/tuncelide-kaybolan-iki-vatandas-bulundu\/\"},\"author\":{\"name\":\"admin\",\"@id\":\"https:\/\/denizcankizil.tr\/#\/schema\/person\/be3c05fe6a12686905512445d8185489\"},\"headline\":\"Tunceli\u2019de kaybolan iki vatanda\u015f bulundu\",\"datePublished\":\"2025-06-10T03:42:08+00:00\",\"mainEntityOfPage\":{\"@id\":\"https:\/\/denizcankizil.tr\/uk\/haberler\/gundem\/tuncelide-kaybolan-iki-vatandas-bulundu\/\"},\"wordCount\":326,\"publisher\":{\"@id\":\"https:\/\/denizcankizil.tr\/#organization\"},\"articleSection\":[\"G\u00fcndem\"],\"inLanguage\":\"uk\"},{\"@type\":\"WebPage\",\"@id\":\"https:\/\/denizcankizil.tr\/uk\/haberler\/gundem\/tuncelide-kaybolan-iki-vatandas-bulundu\/\",\"url\":\"https:\/\/denizcankizil.tr\/uk\/haberler\/gundem\/tuncelide-kaybolan-iki-vatandas-bulundu\/\",\"name\":\"Tunceli\u2019de kaybolan iki vatanda\u015f bulundu - Av. Deniz Can K\u0131z\u0131l\",\"isPartOf\":{\"@id\":\"https:\/\/denizcankizil.tr\/#website\"},\"datePublished\":\"2025-06-10T03:42:08+00:00\",\"breadcrumb\":{\"@id\":\"https:\/\/denizcankizil.tr\/uk\/haberler\/gundem\/tuncelide-kaybolan-iki-vatandas-bulundu\/#breadcrumb\"},\"inLanguage\":\"uk\",\"potentialAction\":[{\"@type\":\"ReadAction\",\"target\":[\"https:\/\/denizcankizil.tr\/uk\/haberler\/gundem\/tuncelide-kaybolan-iki-vatandas-bulundu\/\"]}]},{\"@type\":\"BreadcrumbList\",\"@id\":\"https:\/\/denizcankizil.tr\/uk\/haberler\/gundem\/tuncelide-kaybolan-iki-vatandas-bulundu\/#breadcrumb\",\"itemListElement\":[{\"@type\":\"ListItem\",\"position\":1,\"name\":\"Home\",\"item\":\"https:\/\/denizcankizil.tr\/de\/\"},{\"@type\":\"ListItem\",\"position\":2,\"name\":\"Tunceli\u2019de kaybolan iki vatanda\u015f bulundu\"}]},{\"@type\":\"WebSite\",\"@id\":\"https:\/\/denizcankizil.tr\/#website\",\"url\":\"https:\/\/denizcankizil.tr\/\",\"name\":\"Av. Deniz Can K\u0131z\u0131l\",\"description\":\"Avukat Deniz Can K\u0131z\u0131l Antalya Barosu\",\"publisher\":{\"@id\":\"https:\/\/denizcankizil.tr\/#organization\"},\"potentialAction\":[{\"@type\":\"SearchAction\",\"target\":{\"@type\":\"EntryPoint\",\"urlTemplate\":\"https:\/\/denizcankizil.tr\/?s={search_term_string}\"},\"query-input\":{\"@type\":\"PropertyValueSpecification\",\"valueRequired\":true,\"valueName\":\"search_term_string\"}}],\"inLanguage\":\"uk\"},{\"@type\":\"Organization\",\"@id\":\"https:\/\/denizcankizil.tr\/#organization\",\"name\":\"Av. Deniz Can K\u0131z\u0131l\",\"url\":\"https:\/\/denizcankizil.tr\/\",\"logo\":{\"@type\":\"ImageObject\",\"inLanguage\":\"uk\",\"@id\":\"https:\/\/denizcankizil.tr\/#\/schema\/logo\/image\/\",\"url\":\"https:\/\/denizcankizil.tr\/wp-content\/uploads\/2024\/10\/siyah-logo-svg.svg\",\"contentUrl\":\"https:\/\/denizcankizil.tr\/wp-content\/uploads\/2024\/10\/siyah-logo-svg.svg\",\"width\":1080,\"height\":1080,\"caption\":\"Av. Deniz Can K\u0131z\u0131l\"},\"image\":{\"@id\":\"https:\/\/denizcankizil.tr\/#\/schema\/logo\/image\/\"}},{\"@type\":\"Person\",\"@id\":\"https:\/\/denizcankizil.tr\/#\/schema\/person\/be3c05fe6a12686905512445d8185489\",\"name\":\"admin\",\"image\":{\"@type\":\"ImageObject\",\"inLanguage\":\"uk\",\"@id\":\"https:\/\/denizcankizil.tr\/#\/schema\/person\/image\/\",\"url\":\"https:\/\/secure.gravatar.com\/avatar\/c1fce94c830dc79107e174f890d7210541c4a63e8e5d816341794a2151c9d58c?s=96&d=mm&r=g\",\"contentUrl\":\"https:\/\/secure.gravatar.com\/avatar\/c1fce94c830dc79107e174f890d7210541c4a63e8e5d816341794a2151c9d58c?s=96&d=mm&r=g\",\"caption\":\"admin\"},\"sameAs\":[\"http:\/\/denizcankizil.tr\"],\"url\":\"https:\/\/www.iskenderun.org\/tuncelide-kaybolan-iki-vatandas-bulundu\"}]}<\/script>\n<!-- \/ Yoast SEO Premium plugin. -->","yoast_head_json":{"title":"Tunceli\u2019de kaybolan iki vatanda\u015f bulundu - Av. Deniz Can K\u0131z\u0131l","robots":{"index":"index","follow":"follow","max-snippet":"max-snippet:-1","max-image-preview":"max-image-preview:large","max-video-preview":"max-video-preview:-1"},"canonical":"https:\/\/denizcankizil.tr\/uk\/haberler\/gundem\/tuncelide-kaybolan-iki-vatandas-bulundu\/","og_locale":"uk_UA","og_type":"article","og_title":"Tunceli\u2019de kaybolan iki vatanda\u015f bulundu","og_description":"Tunceli Valisi \u015eefik Ayg\u00f6l, P\u00fcl\u00fcm\u00fcr il\u00e7esi Buyar G\u00f6l\u00fc\u2019nde mahsur kalan 2 vatanda\u015f\u0131n, 12 saatlik titiz bir arama kurtarma operasyonu sonucu Jandarma ve AFAD ekipleri taraf\u0131ndan sa\u011f salim bulundu\u011funu duyurdu.TUNCEL\u0130 (\u0130GFA) &#8211; Tunceli Valisi \u015eefik Ayg\u00f6l, sosyal medya hesab\u0131ndan yapt\u0131\u011f\u0131 payla\u015f\u0131mda, P\u00fcl\u00fcm\u00fcr il\u00e7esi Buyar G\u00f6l\u00fc\u2019ne 8 Haziran 2025 saat 19:12\u2019de gitmek i\u00e7in yola \u00e7\u0131kan 2 vatanda\u015f\u0131n b\u00f6lgede mahsur kald\u0131\u011f\u0131na dair gelen ihbar \u00fczerine harekete ge\u00e7ildi\u011fini a\u00e7\u0131klad\u0131. Jandarma ve AFAD ekipleri taraf\u0131ndan de\u011ferlendirilen ihbar\u0131n ard\u0131ndan, gece boyunca s\u00fcren 12 saatlik titiz bir arama kurtarma operasyonu ger\u00e7ekle\u015ftirildi. Operasyon sonucunda, Bing\u00f6l\u2019den gelen ve kaybolan 2 vatanda\u015f sa\u011f salim bulunarak P\u00fcl\u00fcm\u00fcr il\u00e7esine getirildi. \u2705 Kaybolan vatanda\u015flar\u0131m\u0131z sa\u011fl\u0131\u011fl\u0131 bir \u015fekilde bulundu. \u2705 08.06.2025 tarihinde saat 19.12 de ilimiz P\u00fcl\u00fcm\u00fcr \u0130l\u00e7esi Buyar G\u00f6l\u00fcne gitmek i\u00e7in hareket eden 2 ki\u015finin b\u00f6lgede mahsur kald\u0131\u011f\u0131na dair ihbar\u0131 geldi . \u0130hbar Jandarma ve Afad birimince de\u011ferlendirildi. \u2705 Gece\u2026 pic.twitter.com\/tmIWXmzC4U &mdash; \u015eefik AYG\u00d6L (@sefikaygol) June 9, 2025 Vali Ayg\u00f6l, ba\u015far\u0131l\u0131 operasyonu y\u00fcr\u00fcten Kaymakaml\u0131k, AFAD ve Jandarma ekiplerine te\u015fekk\u00fcr etti. \u200bTunceli Valisi \u015eefik Ayg\u00f6l, P\u00fcl\u00fcm\u00fcr il\u00e7esi Buyar G\u00f6l\u00fc\u2019nde mahsur kalan 2 vatanda\u015f\u0131n, 12 saatlik titiz bir arama kurtarma operasyonu sonucu Jandarma ve AFAD ekipleri taraf\u0131ndan sa\u011f salim bulundu\u011funu duyurdu.TUNCEL\u0130 (\u0130GFA) &#8211; Tunceli Valisi \u015eefik Ayg\u00f6l, sosyal medya hesab\u0131ndan yapt\u0131\u011f\u0131 payla\u015f\u0131mda, P\u00fcl\u00fcm\u00fcr il\u00e7esi Buyar &hellip;","og_url":"https:\/\/denizcankizil.tr\/uk\/haberler\/gundem\/tuncelide-kaybolan-iki-vatandas-bulundu\/","og_site_name":"Av. Deniz Can K\u0131z\u0131l","article_published_time":"2025-06-10T03:42:08+00:00","author":"admin","twitter_card":"summary_large_image","twitter_misc":{"\u041d\u0430\u043f\u0438\u0441\u0430\u043d\u043e":"admin","\u041f\u0440\u0438\u0431\u043b. \u0447\u0430\u0441 \u0447\u0438\u0442\u0430\u043d\u043d\u044f":"2 \u0445\u0432\u0438\u043b\u0438\u043d\u0438"},"schema":{"@context":"https:\/\/schema.org","@graph":[{"@type":"Article","@id":"https:\/\/denizcankizil.tr\/uk\/haberler\/gundem\/tuncelide-kaybolan-iki-vatandas-bulundu\/#article","isPartOf":{"@id":"https:\/\/denizcankizil.tr\/uk\/haberler\/gundem\/tuncelide-kaybolan-iki-vatandas-bulundu\/"},"author":{"name":"admin","@id":"https:\/\/denizcankizil.tr\/#\/schema\/person\/be3c05fe6a12686905512445d8185489"},"headline":"Tunceli\u2019de kaybolan iki vatanda\u015f bulundu","datePublished":"2025-06-10T03:42:08+00:00","mainEntityOfPage":{"@id":"https:\/\/denizcankizil.tr\/uk\/haberler\/gundem\/tuncelide-kaybolan-iki-vatandas-bulundu\/"},"wordCount":326,"publisher":{"@id":"https:\/\/denizcankizil.tr\/#organization"},"articleSection":["G\u00fcndem"],"inLanguage":"uk"},{"@type":"WebPage","@id":"https:\/\/denizcankizil.tr\/uk\/haberler\/gundem\/tuncelide-kaybolan-iki-vatandas-bulundu\/","url":"https:\/\/denizcankizil.tr\/uk\/haberler\/gundem\/tuncelide-kaybolan-iki-vatandas-bulundu\/","name":"Tunceli\u2019de kaybolan iki vatanda\u015f bulundu - Av. Deniz Can K\u0131z\u0131l","isPartOf":{"@id":"https:\/\/denizcankizil.tr\/#website"},"datePublished":"2025-06-10T03:42:08+00:00","breadcrumb":{"@id":"https:\/\/denizcankizil.tr\/uk\/haberler\/gundem\/tuncelide-kaybolan-iki-vatandas-bulundu\/#breadcrumb"},"inLanguage":"uk","potentialAction":[{"@type":"ReadAction","target":["https:\/\/denizcankizil.tr\/uk\/haberler\/gundem\/tuncelide-kaybolan-iki-vatandas-bulundu\/"]}]},{"@type":"BreadcrumbList","@id":"https:\/\/denizcankizil.tr\/uk\/haberler\/gundem\/tuncelide-kaybolan-iki-vatandas-bulundu\/#breadcrumb","itemListElement":[{"@type":"ListItem","position":1,"name":"Home","item":"https:\/\/denizcankizil.tr\/de\/"},{"@type":"ListItem","position":2,"name":"Tunceli\u2019de kaybolan iki vatanda\u015f bulundu"}]},{"@type":"WebSite","@id":"https:\/\/denizcankizil.tr\/#website","url":"https:\/\/denizcankizil.tr\/","name":"Av. Deniz Can K\u0131z\u0131l","description":"Avukat Deniz Can K\u0131z\u0131l Antalya Barosu","publisher":{"@id":"https:\/\/denizcankizil.tr\/#organization"},"potentialAction":[{"@type":"SearchAction","target":{"@type":"EntryPoint","urlTemplate":"https:\/\/denizcankizil.tr\/?s={search_term_string}"},"query-input":{"@type":"PropertyValueSpecification","valueRequired":true,"valueName":"search_term_string"}}],"inLanguage":"uk"},{"@type":"Organization","@id":"https:\/\/denizcankizil.tr\/#organization","name":"Av. Deniz Can K\u0131z\u0131l","url":"https:\/\/denizcankizil.tr\/","logo":{"@type":"ImageObject","inLanguage":"uk","@id":"https:\/\/denizcankizil.tr\/#\/schema\/logo\/image\/","url":"https:\/\/denizcankizil.tr\/wp-content\/uploads\/2024\/10\/siyah-logo-svg.svg","contentUrl":"https:\/\/denizcankizil.tr\/wp-content\/uploads\/2024\/10\/siyah-logo-svg.svg","width":1080,"height":1080,"caption":"Av. Deniz Can K\u0131z\u0131l"},"image":{"@id":"https:\/\/denizcankizil.tr\/#\/schema\/logo\/image\/"}},{"@type":"Person","@id":"https:\/\/denizcankizil.tr\/#\/schema\/person\/be3c05fe6a12686905512445d8185489","name":"\u0430\u0434\u043c\u0456\u043d","image":{"@type":"ImageObject","inLanguage":"uk","@id":"https:\/\/denizcankizil.tr\/#\/schema\/person\/image\/","url":"https:\/\/secure.gravatar.com\/avatar\/c1fce94c830dc79107e174f890d7210541c4a63e8e5d816341794a2151c9d58c?s=96&d=mm&r=g","contentUrl":"https:\/\/secure.gravatar.com\/avatar\/c1fce94c830dc79107e174f890d7210541c4a63e8e5d816341794a2151c9d58c?s=96&d=mm&r=g","caption":"admin"},"sameAs":["http:\/\/denizcankizil.tr"],"url":"https:\/\/www.iskenderun.org\/tuncelide-kaybolan-iki-vatandas-bulundu"}]}},"_links":{"self":[{"href":"https:\/\/denizcankizil.tr\/uk\/wp-json\/wp\/v2\/posts\/112186","targetHints":{"allow":["GET"]}}],"collection":[{"href":"https:\/\/denizcankizil.tr\/uk\/wp-json\/wp\/v2\/posts"}],"about":[{"href":"https:\/\/denizcankizil.tr\/uk\/wp-json\/wp\/v2\/types\/post"}],"author":[{"embeddable":true,"href":"https:\/\/denizcankizil.tr\/uk\/wp-json\/wp\/v2\/users\/1"}],"replies":[{"embeddable":true,"href":"https:\/\/denizcankizil.tr\/uk\/wp-json\/wp\/v2\/comments?post=112186"}],"version-history":[{"count":0,"href":"https:\/\/denizcankizil.tr\/uk\/wp-json\/wp\/v2\/posts\/112186\/revisions"}],"wp:attachment":[{"href":"https:\/\/denizcankizil.tr\/uk\/wp-json\/wp\/v2\/media?parent=112186"}],"wp:term":[{"taxonomy":"category","embeddable":true,"href":"https:\/\/denizcankizil.tr\/uk\/wp-json\/wp\/v2\/categories?post=112186"},{"taxonomy":"post_tag","embeddable":true,"href":"https:\/\/denizcankizil.tr\/uk\/wp-json\/wp\/v2\/tags?post=112186"}],"curies":[{"name":"wp","href":"https:\/\/api.w.org\/{rel}","templated":true}]}}