{"id":111559,"date":"2025-06-09T12:43:16","date_gmt":"2025-06-09T09:43:16","guid":{"rendered":"https:\/\/denizcankizil.tr\/uncategorized-tr\/duzcede-isikli-kavsakta-kaza\/"},"modified":"2025-06-09T12:43:16","modified_gmt":"2025-06-09T09:43:16","slug":"duzcede-isikli-kavsakta-kaza","status":"publish","type":"post","link":"https:\/\/denizcankizil.tr\/uk\/haberler\/gundem\/duzcede-isikli-kavsakta-kaza\/","title":{"rendered":"D\u00fczce&#8217;de \u0131\u015f\u0131kl\u0131 kav\u015fakta kaza"},"content":{"rendered":"<p>D\u00fczce Ak\u00e7akoca ba\u011flant\u0131 yolu Karaca kav\u015fa\u011f\u0131nda iki otomobilin \u00e7arp\u0131\u015fmas\u0131 sonucu meydana gelen kazada 1 ki\u015fi yaraland\u0131; kaza an\u0131 i\u015f yerinin g\u00fcvenlik kameras\u0131nca kaydedildi.Sefer DEM\u0130R \/ D\u00dcZCE (\u0130GFA) &#8211; D\u00fczce\u2019de, Ak\u00e7akoca ba\u011flant\u0131 yolu D-655 Karaca kav\u015fa\u011f\u0131nda trafik kazas\u0131 meydana geldi.<br \/>\nAl\u0131nan bilgiye g\u00f6re Y. B. idaresindeki 81 ACN 309 plakal\u0131 otomobil ile G. A. y\u00f6netimindeki 34 CZU 926 plakal\u0131 otomobilin \u00e7arp\u0131\u015fmas\u0131 sonucu 81 ACN 309 plakal\u0131 ara\u00e7ta yolcu olan T. \u015e. yaraland\u0131.<br \/>\n\u0130hbar \u00fczerine olay yerine h\u0131zla sa\u011fl\u0131k ve polis ekipleri sevk edildi.<br \/>\nYaral\u0131 T. \u015e.\u2019e ambulansta yap\u0131lan ilk m\u00fcdahalenin ard\u0131ndan D\u00fczce Atat\u00fcrk Devlet Hastanesi\u2019ne kald\u0131r\u0131ld\u0131.<br \/>\nKaza an\u0131, \u00e7evredeki bir i\u015f yerinin g\u00fcvenlik kameras\u0131 taraf\u0131ndan saniye saniye kaydedilirken, aksayan trafik, ara\u00e7lar\u0131n \u00e7ekiciyle kald\u0131r\u0131lmas\u0131n\u0131n ard\u0131ndan normale d\u00f6nd\u00fc.<br \/>\nPolis ekipleri, kazayla ilgili soru\u015fturma ba\u015flatt\u0131.<\/p>\n<p>\u200bD\u00fczce Ak\u00e7akoca ba\u011flant\u0131 yolu Karaca kav\u015fa\u011f\u0131nda iki otomobilin \u00e7arp\u0131\u015fmas\u0131 sonucu meydana gelen kazada 1 ki\u015fi yaraland\u0131; kaza an\u0131 i\u015f yerinin g\u00fcvenlik kameras\u0131nca kaydedildi.Sefer DEM\u0130R \/ D\u00dcZCE (\u0130GFA) &#8211; D\u00fczce\u2019de, Ak\u00e7akoca ba\u011flant\u0131 yolu D-655 Karaca kav\u015fa\u011f\u0131nda trafik kazas\u0131 meydana geldi.<br \/>\nAl\u0131nan bilgiye g\u00f6re Y. B. idaresindeki 81 ACN 309 plakal\u0131 otomobil ile G. A. y\u00f6netimindeki 34 CZU 926 plakal\u0131 otomobilin \u00e7arp\u0131\u015fmas\u0131 sonucu 81 ACN 309 plakal\u0131 ara\u00e7ta yolcu olan T. \u015e. yaraland\u0131.<br \/>\n\u0130hbar \u00fczerine olay yerine h\u0131zla sa\u011fl\u0131k ve polis ekipleri sevk edildi.<br \/>\nYaral\u0131 T. \u015e.\u2019e ambulansta yap\u0131lan ilk m\u00fcdahalenin ard\u0131ndan D\u00fczce Atat\u00fcrk Devlet Hastanesi\u2019ne kald\u0131r\u0131ld\u0131.<br \/>\nKaza an\u0131, \u00e7evredeki bir i\u015f yerinin g\u00fcvenlik kameras\u0131 taraf\u0131ndan saniye saniye kaydedilirken, aksayan trafik, ara\u00e7lar\u0131n \u00e7ekiciyle kald\u0131r\u0131lmas\u0131n\u0131n ard\u0131ndan normale d\u00f6nd\u00fc.<br \/>\nPolis ekipleri, kazayla ilgili soru\u015fturma ba\u015flatt\u0131.\u00a0<\/p>\n<p>\u200bHaberin Al\u0131nt\u0131land\u0131\u011f\u0131 Kaynak: www.iskenderun.org<\/p>","protected":false},"excerpt":{"rendered":"<p>D\u00fczce Ak\u00e7akoca ba\u011flant\u0131 yolu Karaca kav\u015fa\u011f\u0131nda iki otomobilin \u00e7arp\u0131\u015fmas\u0131 sonucu meydana gelen kazada 1 ki\u015fi yaraland\u0131; kaza an\u0131 i\u015f yerinin g\u00fcvenlik kameras\u0131nca kaydedildi.Sefer DEM\u0130R \/ D\u00dcZCE (\u0130GFA) &#8211; D\u00fczce\u2019de, Ak\u00e7akoca ba\u011flant\u0131 yolu D-655 Karaca kav\u015fa\u011f\u0131nda trafik kazas\u0131 meydana geldi. Al\u0131nan bilgiye g\u00f6re Y. B. idaresindeki 81 ACN 309 plakal\u0131 otomobil ile G. A. y\u00f6netimindeki 34 CZU 926 plakal\u0131 otomobilin \u00e7arp\u0131\u015fmas\u0131 sonucu 81 ACN 309 plakal\u0131 ara\u00e7ta yolcu olan T. \u015e. yaraland\u0131. \u0130hbar \u00fczerine olay yerine h\u0131zla sa\u011fl\u0131k ve polis ekipleri sevk edildi. Yaral\u0131 T. \u015e.\u2019e ambulansta yap\u0131lan ilk m\u00fcdahalenin ard\u0131ndan D\u00fczce Atat\u00fcrk Devlet Hastanesi\u2019ne kald\u0131r\u0131ld\u0131. Kaza an\u0131, \u00e7evredeki bir i\u015f yerinin g\u00fcvenlik kameras\u0131 taraf\u0131ndan saniye saniye kaydedilirken, aksayan trafik, ara\u00e7lar\u0131n \u00e7ekiciyle kald\u0131r\u0131lmas\u0131n\u0131n ard\u0131ndan normale d\u00f6nd\u00fc. Polis ekipleri, kazayla ilgili soru\u015fturma ba\u015flatt\u0131. \u200bD\u00fczce Ak\u00e7akoca ba\u011flant\u0131 yolu Karaca kav\u015fa\u011f\u0131nda iki otomobilin \u00e7arp\u0131\u015fmas\u0131 sonucu meydana gelen kazada 1 ki\u015fi yaraland\u0131; kaza an\u0131 i\u015f yerinin g\u00fcvenlik kameras\u0131nca kaydedildi.Sefer DEM\u0130R \/ D\u00dcZCE (\u0130GFA) &#8211; D\u00fczce\u2019de, Ak\u00e7akoca ba\u011flant\u0131 yolu D-655 Karaca kav\u015fa\u011f\u0131nda trafik kazas\u0131 meydana geldi. Al\u0131nan bilgiye g\u00f6re Y. B. idaresindeki 81 ACN 309 plakal\u0131 otomobil ile G. A. y\u00f6netimindeki 34 CZU 926 plakal\u0131 otomobilin \u00e7arp\u0131\u015fmas\u0131 sonucu 81 ACN 309 plakal\u0131 ara\u00e7ta yolcu olan T. \u015e. yaraland\u0131. \u0130hbar \u00fczerine olay yerine h\u0131zla sa\u011fl\u0131k ve polis &hellip;<\/p>","protected":false},"author":1,"featured_media":0,"comment_status":"","ping_status":"open","sticky":false,"template":"","format":"standard","meta":{"_acf_changed":false,"footnotes":""},"categories":[24],"tags":[],"class_list":["post-111559","post","type-post","status-publish","format-standard","has-post-thumbnail","hentry","category-gundem"],"acf":[],"yoast_head":"<!-- This site is optimized with the Yoast SEO Premium plugin v26.6 (Yoast SEO v27.1.1) - https:\/\/yoast.com\/product\/yoast-seo-premium-wordpress\/ -->\n<title>D\u00fczce&#039;de \u0131\u015f\u0131kl\u0131 kav\u015fakta kaza - Av. Deniz Can K\u0131z\u0131l<\/title>\n<meta name=\"robots\" content=\"index, follow, max-snippet:-1, max-image-preview:large, max-video-preview:-1\" \/>\n<link rel=\"canonical\" href=\"https:\/\/denizcankizil.tr\/uk\/haberler\/gundem\/duzcede-isikli-kavsakta-kaza\/\" \/>\n<meta property=\"og:locale\" content=\"uk_UA\" \/>\n<meta property=\"og:type\" content=\"article\" \/>\n<meta property=\"og:title\" content=\"D\u00fczce&#039;de \u0131\u015f\u0131kl\u0131 kav\u015fakta kaza\" \/>\n<meta property=\"og:description\" content=\"D\u00fczce Ak\u00e7akoca ba\u011flant\u0131 yolu Karaca kav\u015fa\u011f\u0131nda iki otomobilin \u00e7arp\u0131\u015fmas\u0131 sonucu meydana gelen kazada 1 ki\u015fi yaraland\u0131; kaza an\u0131 i\u015f yerinin g\u00fcvenlik kameras\u0131nca kaydedildi.Sefer DEM\u0130R \/ D\u00dcZCE (\u0130GFA) &#8211; D\u00fczce\u2019de, Ak\u00e7akoca ba\u011flant\u0131 yolu D-655 Karaca kav\u015fa\u011f\u0131nda trafik kazas\u0131 meydana geldi. Al\u0131nan bilgiye g\u00f6re Y. B. idaresindeki 81 ACN 309 plakal\u0131 otomobil ile G. A. y\u00f6netimindeki 34 CZU 926 plakal\u0131 otomobilin \u00e7arp\u0131\u015fmas\u0131 sonucu 81 ACN 309 plakal\u0131 ara\u00e7ta yolcu olan T. \u015e. yaraland\u0131. \u0130hbar \u00fczerine olay yerine h\u0131zla sa\u011fl\u0131k ve polis ekipleri sevk edildi. Yaral\u0131 T. \u015e.\u2019e ambulansta yap\u0131lan ilk m\u00fcdahalenin ard\u0131ndan D\u00fczce Atat\u00fcrk Devlet Hastanesi\u2019ne kald\u0131r\u0131ld\u0131. Kaza an\u0131, \u00e7evredeki bir i\u015f yerinin g\u00fcvenlik kameras\u0131 taraf\u0131ndan saniye saniye kaydedilirken, aksayan trafik, ara\u00e7lar\u0131n \u00e7ekiciyle kald\u0131r\u0131lmas\u0131n\u0131n ard\u0131ndan normale d\u00f6nd\u00fc. Polis ekipleri, kazayla ilgili soru\u015fturma ba\u015flatt\u0131. \u200bD\u00fczce Ak\u00e7akoca ba\u011flant\u0131 yolu Karaca kav\u015fa\u011f\u0131nda iki otomobilin \u00e7arp\u0131\u015fmas\u0131 sonucu meydana gelen kazada 1 ki\u015fi yaraland\u0131; kaza an\u0131 i\u015f yerinin g\u00fcvenlik kameras\u0131nca kaydedildi.Sefer DEM\u0130R \/ D\u00dcZCE (\u0130GFA) &#8211; D\u00fczce\u2019de, Ak\u00e7akoca ba\u011flant\u0131 yolu D-655 Karaca kav\u015fa\u011f\u0131nda trafik kazas\u0131 meydana geldi. Al\u0131nan bilgiye g\u00f6re Y. B. idaresindeki 81 ACN 309 plakal\u0131 otomobil ile G. A. y\u00f6netimindeki 34 CZU 926 plakal\u0131 otomobilin \u00e7arp\u0131\u015fmas\u0131 sonucu 81 ACN 309 plakal\u0131 ara\u00e7ta yolcu olan T. \u015e. yaraland\u0131. \u0130hbar \u00fczerine olay yerine h\u0131zla sa\u011fl\u0131k ve polis &hellip;\" \/>\n<meta property=\"og:url\" content=\"https:\/\/denizcankizil.tr\/uk\/haberler\/gundem\/duzcede-isikli-kavsakta-kaza\/\" \/>\n<meta property=\"og:site_name\" content=\"Av. Deniz Can K\u0131z\u0131l\" \/>\n<meta property=\"article:published_time\" content=\"2025-06-09T09:43:16+00:00\" \/>\n<meta name=\"author\" content=\"admin\" \/>\n<meta name=\"twitter:card\" content=\"summary_large_image\" \/>\n<meta name=\"twitter:label1\" content=\"\u041d\u0430\u043f\u0438\u0441\u0430\u043d\u043e\" \/>\n\t<meta name=\"twitter:data1\" content=\"admin\" \/>\n\t<meta name=\"twitter:label2\" content=\"\u041f\u0440\u0438\u0431\u043b. \u0447\u0430\u0441 \u0447\u0438\u0442\u0430\u043d\u043d\u044f\" \/>\n\t<meta name=\"twitter:data2\" content=\"2 \u0445\u0432\u0438\u043b\u0438\u043d\u0438\" \/>\n<script type=\"application\/ld+json\" class=\"yoast-schema-graph\">{\"@context\":\"https:\/\/schema.org\",\"@graph\":[{\"@type\":\"Article\",\"@id\":\"https:\/\/denizcankizil.tr\/uk\/haberler\/gundem\/duzcede-isikli-kavsakta-kaza\/#article\",\"isPartOf\":{\"@id\":\"https:\/\/denizcankizil.tr\/uk\/haberler\/gundem\/duzcede-isikli-kavsakta-kaza\/\"},\"author\":{\"name\":\"admin\",\"@id\":\"https:\/\/denizcankizil.tr\/#\/schema\/person\/be3c05fe6a12686905512445d8185489\"},\"headline\":\"D\u00fczce&#8217;de \u0131\u015f\u0131kl\u0131 kav\u015fakta kaza\",\"datePublished\":\"2025-06-09T09:43:16+00:00\",\"mainEntityOfPage\":{\"@id\":\"https:\/\/denizcankizil.tr\/uk\/haberler\/gundem\/duzcede-isikli-kavsakta-kaza\/\"},\"wordCount\":331,\"publisher\":{\"@id\":\"https:\/\/denizcankizil.tr\/#organization\"},\"articleSection\":[\"G\u00fcndem\"],\"inLanguage\":\"uk\"},{\"@type\":\"WebPage\",\"@id\":\"https:\/\/denizcankizil.tr\/uk\/haberler\/gundem\/duzcede-isikli-kavsakta-kaza\/\",\"url\":\"https:\/\/denizcankizil.tr\/uk\/haberler\/gundem\/duzcede-isikli-kavsakta-kaza\/\",\"name\":\"D\u00fczce'de \u0131\u015f\u0131kl\u0131 kav\u015fakta kaza - Av. Deniz Can K\u0131z\u0131l\",\"isPartOf\":{\"@id\":\"https:\/\/denizcankizil.tr\/#website\"},\"datePublished\":\"2025-06-09T09:43:16+00:00\",\"breadcrumb\":{\"@id\":\"https:\/\/denizcankizil.tr\/uk\/haberler\/gundem\/duzcede-isikli-kavsakta-kaza\/#breadcrumb\"},\"inLanguage\":\"uk\",\"potentialAction\":[{\"@type\":\"ReadAction\",\"target\":[\"https:\/\/denizcankizil.tr\/uk\/haberler\/gundem\/duzcede-isikli-kavsakta-kaza\/\"]}]},{\"@type\":\"BreadcrumbList\",\"@id\":\"https:\/\/denizcankizil.tr\/uk\/haberler\/gundem\/duzcede-isikli-kavsakta-kaza\/#breadcrumb\",\"itemListElement\":[{\"@type\":\"ListItem\",\"position\":1,\"name\":\"Home\",\"item\":\"https:\/\/denizcankizil.tr\/uk\/\"},{\"@type\":\"ListItem\",\"position\":2,\"name\":\"D\u00fczce&#8217;de \u0131\u015f\u0131kl\u0131 kav\u015fakta kaza\"}]},{\"@type\":\"WebSite\",\"@id\":\"https:\/\/denizcankizil.tr\/#website\",\"url\":\"https:\/\/denizcankizil.tr\/\",\"name\":\"Av. Deniz Can K\u0131z\u0131l\",\"description\":\"Avukat Deniz Can K\u0131z\u0131l Antalya Barosu\",\"publisher\":{\"@id\":\"https:\/\/denizcankizil.tr\/#organization\"},\"potentialAction\":[{\"@type\":\"SearchAction\",\"target\":{\"@type\":\"EntryPoint\",\"urlTemplate\":\"https:\/\/denizcankizil.tr\/?s={search_term_string}\"},\"query-input\":{\"@type\":\"PropertyValueSpecification\",\"valueRequired\":true,\"valueName\":\"search_term_string\"}}],\"inLanguage\":\"uk\"},{\"@type\":\"Organization\",\"@id\":\"https:\/\/denizcankizil.tr\/#organization\",\"name\":\"Av. Deniz Can K\u0131z\u0131l\",\"url\":\"https:\/\/denizcankizil.tr\/\",\"logo\":{\"@type\":\"ImageObject\",\"inLanguage\":\"uk\",\"@id\":\"https:\/\/denizcankizil.tr\/#\/schema\/logo\/image\/\",\"url\":\"https:\/\/denizcankizil.tr\/wp-content\/uploads\/2024\/10\/siyah-logo-svg.svg\",\"contentUrl\":\"https:\/\/denizcankizil.tr\/wp-content\/uploads\/2024\/10\/siyah-logo-svg.svg\",\"width\":1080,\"height\":1080,\"caption\":\"Av. Deniz Can K\u0131z\u0131l\"},\"image\":{\"@id\":\"https:\/\/denizcankizil.tr\/#\/schema\/logo\/image\/\"}},{\"@type\":\"Person\",\"@id\":\"https:\/\/denizcankizil.tr\/#\/schema\/person\/be3c05fe6a12686905512445d8185489\",\"name\":\"admin\",\"image\":{\"@type\":\"ImageObject\",\"inLanguage\":\"uk\",\"@id\":\"https:\/\/denizcankizil.tr\/#\/schema\/person\/image\/\",\"url\":\"https:\/\/secure.gravatar.com\/avatar\/c1fce94c830dc79107e174f890d7210541c4a63e8e5d816341794a2151c9d58c?s=96&d=mm&r=g\",\"contentUrl\":\"https:\/\/secure.gravatar.com\/avatar\/c1fce94c830dc79107e174f890d7210541c4a63e8e5d816341794a2151c9d58c?s=96&d=mm&r=g\",\"caption\":\"admin\"},\"sameAs\":[\"http:\/\/denizcankizil.tr\"],\"url\":\"https:\/\/www.iskenderun.org\/duzcede-isikli-kavsakta-kaza\"}]}<\/script>\n<!-- \/ Yoast SEO Premium plugin. -->","yoast_head_json":{"title":"D\u00fczce'de \u0131\u015f\u0131kl\u0131 kav\u015fakta kaza - Av. Deniz Can K\u0131z\u0131l","robots":{"index":"index","follow":"follow","max-snippet":"max-snippet:-1","max-image-preview":"max-image-preview:large","max-video-preview":"max-video-preview:-1"},"canonical":"https:\/\/denizcankizil.tr\/uk\/haberler\/gundem\/duzcede-isikli-kavsakta-kaza\/","og_locale":"uk_UA","og_type":"article","og_title":"D\u00fczce'de \u0131\u015f\u0131kl\u0131 kav\u015fakta kaza","og_description":"D\u00fczce Ak\u00e7akoca ba\u011flant\u0131 yolu Karaca kav\u015fa\u011f\u0131nda iki otomobilin \u00e7arp\u0131\u015fmas\u0131 sonucu meydana gelen kazada 1 ki\u015fi yaraland\u0131; kaza an\u0131 i\u015f yerinin g\u00fcvenlik kameras\u0131nca kaydedildi.Sefer DEM\u0130R \/ D\u00dcZCE (\u0130GFA) &#8211; D\u00fczce\u2019de, Ak\u00e7akoca ba\u011flant\u0131 yolu D-655 Karaca kav\u015fa\u011f\u0131nda trafik kazas\u0131 meydana geldi. Al\u0131nan bilgiye g\u00f6re Y. B. idaresindeki 81 ACN 309 plakal\u0131 otomobil ile G. A. y\u00f6netimindeki 34 CZU 926 plakal\u0131 otomobilin \u00e7arp\u0131\u015fmas\u0131 sonucu 81 ACN 309 plakal\u0131 ara\u00e7ta yolcu olan T. \u015e. yaraland\u0131. \u0130hbar \u00fczerine olay yerine h\u0131zla sa\u011fl\u0131k ve polis ekipleri sevk edildi. Yaral\u0131 T. \u015e.\u2019e ambulansta yap\u0131lan ilk m\u00fcdahalenin ard\u0131ndan D\u00fczce Atat\u00fcrk Devlet Hastanesi\u2019ne kald\u0131r\u0131ld\u0131. Kaza an\u0131, \u00e7evredeki bir i\u015f yerinin g\u00fcvenlik kameras\u0131 taraf\u0131ndan saniye saniye kaydedilirken, aksayan trafik, ara\u00e7lar\u0131n \u00e7ekiciyle kald\u0131r\u0131lmas\u0131n\u0131n ard\u0131ndan normale d\u00f6nd\u00fc. Polis ekipleri, kazayla ilgili soru\u015fturma ba\u015flatt\u0131. \u200bD\u00fczce Ak\u00e7akoca ba\u011flant\u0131 yolu Karaca kav\u015fa\u011f\u0131nda iki otomobilin \u00e7arp\u0131\u015fmas\u0131 sonucu meydana gelen kazada 1 ki\u015fi yaraland\u0131; kaza an\u0131 i\u015f yerinin g\u00fcvenlik kameras\u0131nca kaydedildi.Sefer DEM\u0130R \/ D\u00dcZCE (\u0130GFA) &#8211; D\u00fczce\u2019de, Ak\u00e7akoca ba\u011flant\u0131 yolu D-655 Karaca kav\u015fa\u011f\u0131nda trafik kazas\u0131 meydana geldi. Al\u0131nan bilgiye g\u00f6re Y. B. idaresindeki 81 ACN 309 plakal\u0131 otomobil ile G. A. y\u00f6netimindeki 34 CZU 926 plakal\u0131 otomobilin \u00e7arp\u0131\u015fmas\u0131 sonucu 81 ACN 309 plakal\u0131 ara\u00e7ta yolcu olan T. \u015e. yaraland\u0131. \u0130hbar \u00fczerine olay yerine h\u0131zla sa\u011fl\u0131k ve polis &hellip;","og_url":"https:\/\/denizcankizil.tr\/uk\/haberler\/gundem\/duzcede-isikli-kavsakta-kaza\/","og_site_name":"Av. Deniz Can K\u0131z\u0131l","article_published_time":"2025-06-09T09:43:16+00:00","author":"admin","twitter_card":"summary_large_image","twitter_misc":{"\u041d\u0430\u043f\u0438\u0441\u0430\u043d\u043e":"admin","\u041f\u0440\u0438\u0431\u043b. \u0447\u0430\u0441 \u0447\u0438\u0442\u0430\u043d\u043d\u044f":"2 \u0445\u0432\u0438\u043b\u0438\u043d\u0438"},"schema":{"@context":"https:\/\/schema.org","@graph":[{"@type":"Article","@id":"https:\/\/denizcankizil.tr\/uk\/haberler\/gundem\/duzcede-isikli-kavsakta-kaza\/#article","isPartOf":{"@id":"https:\/\/denizcankizil.tr\/uk\/haberler\/gundem\/duzcede-isikli-kavsakta-kaza\/"},"author":{"name":"admin","@id":"https:\/\/denizcankizil.tr\/#\/schema\/person\/be3c05fe6a12686905512445d8185489"},"headline":"D\u00fczce&#8217;de \u0131\u015f\u0131kl\u0131 kav\u015fakta kaza","datePublished":"2025-06-09T09:43:16+00:00","mainEntityOfPage":{"@id":"https:\/\/denizcankizil.tr\/uk\/haberler\/gundem\/duzcede-isikli-kavsakta-kaza\/"},"wordCount":331,"publisher":{"@id":"https:\/\/denizcankizil.tr\/#organization"},"articleSection":["G\u00fcndem"],"inLanguage":"uk"},{"@type":"WebPage","@id":"https:\/\/denizcankizil.tr\/uk\/haberler\/gundem\/duzcede-isikli-kavsakta-kaza\/","url":"https:\/\/denizcankizil.tr\/uk\/haberler\/gundem\/duzcede-isikli-kavsakta-kaza\/","name":"D\u00fczce'de \u0131\u015f\u0131kl\u0131 kav\u015fakta kaza - Av. Deniz Can K\u0131z\u0131l","isPartOf":{"@id":"https:\/\/denizcankizil.tr\/#website"},"datePublished":"2025-06-09T09:43:16+00:00","breadcrumb":{"@id":"https:\/\/denizcankizil.tr\/uk\/haberler\/gundem\/duzcede-isikli-kavsakta-kaza\/#breadcrumb"},"inLanguage":"uk","potentialAction":[{"@type":"ReadAction","target":["https:\/\/denizcankizil.tr\/uk\/haberler\/gundem\/duzcede-isikli-kavsakta-kaza\/"]}]},{"@type":"BreadcrumbList","@id":"https:\/\/denizcankizil.tr\/uk\/haberler\/gundem\/duzcede-isikli-kavsakta-kaza\/#breadcrumb","itemListElement":[{"@type":"ListItem","position":1,"name":"Home","item":"https:\/\/denizcankizil.tr\/uk\/"},{"@type":"ListItem","position":2,"name":"D\u00fczce&#8217;de \u0131\u015f\u0131kl\u0131 kav\u015fakta kaza"}]},{"@type":"WebSite","@id":"https:\/\/denizcankizil.tr\/#website","url":"https:\/\/denizcankizil.tr\/","name":"Av. Deniz Can K\u0131z\u0131l","description":"Avukat Deniz Can K\u0131z\u0131l Antalya Barosu","publisher":{"@id":"https:\/\/denizcankizil.tr\/#organization"},"potentialAction":[{"@type":"SearchAction","target":{"@type":"EntryPoint","urlTemplate":"https:\/\/denizcankizil.tr\/?s={search_term_string}"},"query-input":{"@type":"PropertyValueSpecification","valueRequired":true,"valueName":"search_term_string"}}],"inLanguage":"uk"},{"@type":"Organization","@id":"https:\/\/denizcankizil.tr\/#organization","name":"Av. Deniz Can K\u0131z\u0131l","url":"https:\/\/denizcankizil.tr\/","logo":{"@type":"ImageObject","inLanguage":"uk","@id":"https:\/\/denizcankizil.tr\/#\/schema\/logo\/image\/","url":"https:\/\/denizcankizil.tr\/wp-content\/uploads\/2024\/10\/siyah-logo-svg.svg","contentUrl":"https:\/\/denizcankizil.tr\/wp-content\/uploads\/2024\/10\/siyah-logo-svg.svg","width":1080,"height":1080,"caption":"Av. Deniz Can K\u0131z\u0131l"},"image":{"@id":"https:\/\/denizcankizil.tr\/#\/schema\/logo\/image\/"}},{"@type":"Person","@id":"https:\/\/denizcankizil.tr\/#\/schema\/person\/be3c05fe6a12686905512445d8185489","name":"\u0430\u0434\u043c\u0456\u043d","image":{"@type":"ImageObject","inLanguage":"uk","@id":"https:\/\/denizcankizil.tr\/#\/schema\/person\/image\/","url":"https:\/\/secure.gravatar.com\/avatar\/c1fce94c830dc79107e174f890d7210541c4a63e8e5d816341794a2151c9d58c?s=96&d=mm&r=g","contentUrl":"https:\/\/secure.gravatar.com\/avatar\/c1fce94c830dc79107e174f890d7210541c4a63e8e5d816341794a2151c9d58c?s=96&d=mm&r=g","caption":"admin"},"sameAs":["http:\/\/denizcankizil.tr"],"url":"https:\/\/www.iskenderun.org\/duzcede-isikli-kavsakta-kaza"}]}},"_links":{"self":[{"href":"https:\/\/denizcankizil.tr\/uk\/wp-json\/wp\/v2\/posts\/111559","targetHints":{"allow":["GET"]}}],"collection":[{"href":"https:\/\/denizcankizil.tr\/uk\/wp-json\/wp\/v2\/posts"}],"about":[{"href":"https:\/\/denizcankizil.tr\/uk\/wp-json\/wp\/v2\/types\/post"}],"author":[{"embeddable":true,"href":"https:\/\/denizcankizil.tr\/uk\/wp-json\/wp\/v2\/users\/1"}],"replies":[{"embeddable":true,"href":"https:\/\/denizcankizil.tr\/uk\/wp-json\/wp\/v2\/comments?post=111559"}],"version-history":[{"count":0,"href":"https:\/\/denizcankizil.tr\/uk\/wp-json\/wp\/v2\/posts\/111559\/revisions"}],"wp:attachment":[{"href":"https:\/\/denizcankizil.tr\/uk\/wp-json\/wp\/v2\/media?parent=111559"}],"wp:term":[{"taxonomy":"category","embeddable":true,"href":"https:\/\/denizcankizil.tr\/uk\/wp-json\/wp\/v2\/categories?post=111559"},{"taxonomy":"post_tag","embeddable":true,"href":"https:\/\/denizcankizil.tr\/uk\/wp-json\/wp\/v2\/tags?post=111559"}],"curies":[{"name":"wp","href":"https:\/\/api.w.org\/{rel}","templated":true}]}}