{"id":108373,"date":"2025-06-06T13:41:20","date_gmt":"2025-06-06T10:41:20","guid":{"rendered":"https:\/\/denizcankizil.tr\/uncategorized-tr\/tekstil-urunleri-tezgahi-kule-dondu\/"},"modified":"2025-06-06T13:41:20","modified_gmt":"2025-06-06T10:41:20","slug":"tekstil-urunleri-tezgahi-kule-dondu","status":"publish","type":"post","link":"https:\/\/denizcankizil.tr\/uk\/haberler\/antalya\/tekstil-urunleri-tezgahi-kule-dondu\/","title":{"rendered":"Tekstil \u00fcr\u00fcnleri tezgah\u0131 k\u00fcle d\u00f6nd\u00fc"},"content":{"rendered":"<p>Olay, Kepez il\u00e7esi Esentepe Mahallesi&#8217;nde sabah saatlerinde meydana geldi. Mehmet S\u00f6nmez&#8217;in (46) evinin \u00f6n\u00fcne park etti\u011fi el arabas\u0131ndaki tekstil \u00fcr\u00fcnleri hen\u00fcz belirlenemeyen bir nedenle yanmaya ba\u015flad\u0131. Yang\u0131n\u0131 fark eden apartman sakinleri, saat 07.15 s\u0131ralar\u0131nda kendi imk\u00e2nlar\u0131yla alevlere m\u00fcdahale etti. Ancak giysilerden ve karton kutulardan olu\u015fan malzemenin b\u00fcy\u00fck b\u00f6l\u00fcm\u00fc k\u0131sa s\u00fcrede k\u00fcle d\u00f6nd\u00fc. Yang\u0131n\u0131n ard\u0131ndan apartman duvarlar\u0131nda yo\u011fun is tabakas\u0131 olu\u015furken, \u00fcr\u00fcnlerin yer ald\u0131\u011f\u0131 el arabas\u0131 neredeyse tamamen yand\u0131. Apartman sakinlerinin ihbar\u0131 \u00fczerine olay yerine itfaiye ve polis ekipleri sevk edildi.<\/p>\n<p>&#8220;\u0130lk izlenim izmaritti ama sabotaj da olabilir&#8221;<br \/>\nYang\u0131na ilk m\u00fcdahaleyi yapan apartman sakinlerinden Cahit \u00d6zvar\u0131\u015f olay an\u0131n\u0131 \u015f\u00f6yle anlatt\u0131:<br \/>\n&#8220;Sabah 07.15&#8217;te bir anda ate\u015f \u00e7\u0131kt\u0131. F\u0131rlay\u0131p a\u015fa\u011f\u0131 indik, elimizden geldi\u011fince s\u00f6nd\u00fcrmeye \u00e7al\u0131\u015ft\u0131k ama yeti\u015femedik. Her \u015fey k\u00fcl oldu. \u00d6nce yere at\u0131lan bir sigara izmariti sand\u0131k ama sonras\u0131nda birilerinin kasten yapm\u0131\u015f olabilece\u011fi ihtimali konu\u015fuldu. Biz de art\u0131k \u015f\u00fcphelenmeye ba\u015flad\u0131k.&#8221;<br \/>\nYang\u0131n haberini i\u015f \u00e7\u0131k\u0131\u015f\u0131nda \u00e7ocuklar\u0131ndan ald\u0131\u011f\u0131n\u0131 anlatan Mehmet S\u00f6nmez, ailesine katk\u0131 sa\u011flamak i\u00e7in y\u0131llard\u0131r ek i\u015f yapt\u0131\u011f\u0131n\u0131 belirterek, &#8220;\u00dcr\u00fcnler yand\u0131 ya da yakt\u0131lar&#8221; dedi.<br \/>\nYang\u0131n\u0131n \u00e7\u0131k\u0131\u015f nedeniyle ilgili inceleme ba\u015flat\u0131ld\u0131.<\/p>\n<p>Kaynak: www.kanalv.com.tr Haber Sitesinden Al\u0131nm\u0131\u015ft\u0131r.<\/p>","protected":false},"excerpt":{"rendered":"<p>Olay, Kepez il\u00e7esi Esentepe Mahallesi&#8217;nde sabah saatlerinde meydana geldi. Mehmet S\u00f6nmez&#8217;in (46) evinin \u00f6n\u00fcne park etti\u011fi el arabas\u0131ndaki tekstil \u00fcr\u00fcnleri hen\u00fcz belirlenemeyen bir nedenle yanmaya ba\u015flad\u0131. Yang\u0131n\u0131 fark eden apartman sakinleri, saat 07.15 s\u0131ralar\u0131nda kendi imk\u00e2nlar\u0131yla alevlere m\u00fcdahale etti. Ancak giysilerden ve karton kutulardan olu\u015fan malzemenin b\u00fcy\u00fck b\u00f6l\u00fcm\u00fc k\u0131sa s\u00fcrede k\u00fcle d\u00f6nd\u00fc. Yang\u0131n\u0131n ard\u0131ndan apartman duvarlar\u0131nda yo\u011fun is tabakas\u0131 olu\u015furken, \u00fcr\u00fcnlerin yer ald\u0131\u011f\u0131 el arabas\u0131 neredeyse tamamen yand\u0131. Apartman sakinlerinin ihbar\u0131 \u00fczerine olay yerine itfaiye ve polis ekipleri sevk edildi. &#8220;\u0130lk izlenim izmaritti ama sabotaj da olabilir&#8221; Yang\u0131na ilk m\u00fcdahaleyi yapan apartman sakinlerinden Cahit \u00d6zvar\u0131\u015f olay an\u0131n\u0131 \u015f\u00f6yle anlatt\u0131: &#8220;Sabah 07.15&#8217;te bir anda ate\u015f \u00e7\u0131kt\u0131. F\u0131rlay\u0131p a\u015fa\u011f\u0131 indik, elimizden geldi\u011fince s\u00f6nd\u00fcrmeye \u00e7al\u0131\u015ft\u0131k ama yeti\u015femedik. Her \u015fey k\u00fcl oldu. \u00d6nce yere at\u0131lan bir sigara izmariti sand\u0131k ama sonras\u0131nda birilerinin kasten yapm\u0131\u015f olabilece\u011fi ihtimali konu\u015fuldu. Biz de art\u0131k \u015f\u00fcphelenmeye ba\u015flad\u0131k.&#8221; Yang\u0131n haberini i\u015f \u00e7\u0131k\u0131\u015f\u0131nda \u00e7ocuklar\u0131ndan ald\u0131\u011f\u0131n\u0131 anlatan Mehmet S\u00f6nmez, ailesine katk\u0131 sa\u011flamak i\u00e7in y\u0131llard\u0131r ek i\u015f yapt\u0131\u011f\u0131n\u0131 belirterek, &#8220;\u00dcr\u00fcnler yand\u0131 ya da yakt\u0131lar&#8221; dedi. Yang\u0131n\u0131n \u00e7\u0131k\u0131\u015f nedeniyle ilgili inceleme ba\u015flat\u0131ld\u0131. Kaynak: www.kanalv.com.tr Haber Sitesinden Al\u0131nm\u0131\u015ft\u0131r.<\/p>","protected":false},"author":4,"featured_media":0,"comment_status":"","ping_status":"open","sticky":false,"template":"","format":"standard","meta":{"_acf_changed":false,"footnotes":""},"categories":[26],"tags":[],"class_list":["post-108373","post","type-post","status-publish","format-standard","hentry","category-antalya"],"acf":[],"yoast_head":"<!-- This site is optimized with the Yoast SEO Premium plugin v26.6 (Yoast SEO v27.1.1) - https:\/\/yoast.com\/product\/yoast-seo-premium-wordpress\/ -->\n<title>Tekstil \u00fcr\u00fcnleri tezgah\u0131 k\u00fcle d\u00f6nd\u00fc - Av. Deniz Can K\u0131z\u0131l<\/title>\n<meta name=\"robots\" content=\"index, follow, max-snippet:-1, max-image-preview:large, max-video-preview:-1\" \/>\n<link rel=\"canonical\" href=\"https:\/\/denizcankizil.tr\/uk\/haberler\/antalya\/tekstil-urunleri-tezgahi-kule-dondu\/\" \/>\n<meta property=\"og:locale\" content=\"uk_UA\" \/>\n<meta property=\"og:type\" content=\"article\" \/>\n<meta property=\"og:title\" content=\"Tekstil \u00fcr\u00fcnleri tezgah\u0131 k\u00fcle d\u00f6nd\u00fc\" \/>\n<meta property=\"og:description\" content=\"Olay, Kepez il\u00e7esi Esentepe Mahallesi&#8217;nde sabah saatlerinde meydana geldi. Mehmet S\u00f6nmez&#8217;in (46) evinin \u00f6n\u00fcne park etti\u011fi el arabas\u0131ndaki tekstil \u00fcr\u00fcnleri hen\u00fcz belirlenemeyen bir nedenle yanmaya ba\u015flad\u0131. Yang\u0131n\u0131 fark eden apartman sakinleri, saat 07.15 s\u0131ralar\u0131nda kendi imk\u00e2nlar\u0131yla alevlere m\u00fcdahale etti. Ancak giysilerden ve karton kutulardan olu\u015fan malzemenin b\u00fcy\u00fck b\u00f6l\u00fcm\u00fc k\u0131sa s\u00fcrede k\u00fcle d\u00f6nd\u00fc. Yang\u0131n\u0131n ard\u0131ndan apartman duvarlar\u0131nda yo\u011fun is tabakas\u0131 olu\u015furken, \u00fcr\u00fcnlerin yer ald\u0131\u011f\u0131 el arabas\u0131 neredeyse tamamen yand\u0131. Apartman sakinlerinin ihbar\u0131 \u00fczerine olay yerine itfaiye ve polis ekipleri sevk edildi. &#8220;\u0130lk izlenim izmaritti ama sabotaj da olabilir&#8221; Yang\u0131na ilk m\u00fcdahaleyi yapan apartman sakinlerinden Cahit \u00d6zvar\u0131\u015f olay an\u0131n\u0131 \u015f\u00f6yle anlatt\u0131: &#8220;Sabah 07.15&#8217;te bir anda ate\u015f \u00e7\u0131kt\u0131. F\u0131rlay\u0131p a\u015fa\u011f\u0131 indik, elimizden geldi\u011fince s\u00f6nd\u00fcrmeye \u00e7al\u0131\u015ft\u0131k ama yeti\u015femedik. Her \u015fey k\u00fcl oldu. \u00d6nce yere at\u0131lan bir sigara izmariti sand\u0131k ama sonras\u0131nda birilerinin kasten yapm\u0131\u015f olabilece\u011fi ihtimali konu\u015fuldu. Biz de art\u0131k \u015f\u00fcphelenmeye ba\u015flad\u0131k.&#8221; Yang\u0131n haberini i\u015f \u00e7\u0131k\u0131\u015f\u0131nda \u00e7ocuklar\u0131ndan ald\u0131\u011f\u0131n\u0131 anlatan Mehmet S\u00f6nmez, ailesine katk\u0131 sa\u011flamak i\u00e7in y\u0131llard\u0131r ek i\u015f yapt\u0131\u011f\u0131n\u0131 belirterek, &#8220;\u00dcr\u00fcnler yand\u0131 ya da yakt\u0131lar&#8221; dedi. Yang\u0131n\u0131n \u00e7\u0131k\u0131\u015f nedeniyle ilgili inceleme ba\u015flat\u0131ld\u0131. Kaynak: www.kanalv.com.tr Haber Sitesinden Al\u0131nm\u0131\u015ft\u0131r.\" \/>\n<meta property=\"og:url\" content=\"https:\/\/denizcankizil.tr\/uk\/haberler\/antalya\/tekstil-urunleri-tezgahi-kule-dondu\/\" \/>\n<meta property=\"og:site_name\" content=\"Av. Deniz Can K\u0131z\u0131l\" \/>\n<meta property=\"article:published_time\" content=\"2025-06-06T10:41:20+00:00\" \/>\n<meta name=\"author\" content=\"Av. Deniz Can K\u0131z\u0131l\" \/>\n<meta name=\"twitter:card\" content=\"summary_large_image\" \/>\n<meta name=\"twitter:label1\" content=\"\u041d\u0430\u043f\u0438\u0441\u0430\u043d\u043e\" \/>\n\t<meta name=\"twitter:data1\" content=\"Av. Deniz Can K\u0131z\u0131l\" \/>\n\t<meta name=\"twitter:label2\" content=\"\u041f\u0440\u0438\u0431\u043b. \u0447\u0430\u0441 \u0447\u0438\u0442\u0430\u043d\u043d\u044f\" \/>\n\t<meta name=\"twitter:data2\" content=\"1 \u0445\u0432\u0438\u043b\u0438\u043d\u0430\" \/>\n<script type=\"application\/ld+json\" class=\"yoast-schema-graph\">{\"@context\":\"https:\/\/schema.org\",\"@graph\":[{\"@type\":\"Article\",\"@id\":\"https:\/\/denizcankizil.tr\/en\/haberler\/antalya\/tekstil-urunleri-tezgahi-kule-dondu\/#article\",\"isPartOf\":{\"@id\":\"https:\/\/denizcankizil.tr\/en\/haberler\/antalya\/tekstil-urunleri-tezgahi-kule-dondu\/\"},\"author\":{\"name\":\"Av. Deniz Can K\u0131z\u0131l\",\"@id\":\"https:\/\/denizcankizil.tr\/#\/schema\/person\/5dc1b22991bd7ac833867c10afc9b0ff\"},\"headline\":\"Tekstil \u00fcr\u00fcnleri tezgah\u0131 k\u00fcle d\u00f6nd\u00fc\",\"datePublished\":\"2025-06-06T10:41:20+00:00\",\"mainEntityOfPage\":{\"@id\":\"https:\/\/denizcankizil.tr\/en\/haberler\/antalya\/tekstil-urunleri-tezgahi-kule-dondu\/\"},\"wordCount\":254,\"publisher\":{\"@id\":\"https:\/\/denizcankizil.tr\/#organization\"},\"articleSection\":[\"Antalya\"],\"inLanguage\":\"uk\"},{\"@type\":\"WebPage\",\"@id\":\"https:\/\/denizcankizil.tr\/en\/haberler\/antalya\/tekstil-urunleri-tezgahi-kule-dondu\/\",\"url\":\"https:\/\/denizcankizil.tr\/en\/haberler\/antalya\/tekstil-urunleri-tezgahi-kule-dondu\/\",\"name\":\"Tekstil \u00fcr\u00fcnleri tezgah\u0131 k\u00fcle d\u00f6nd\u00fc - Av. Deniz Can K\u0131z\u0131l\",\"isPartOf\":{\"@id\":\"https:\/\/denizcankizil.tr\/#website\"},\"datePublished\":\"2025-06-06T10:41:20+00:00\",\"breadcrumb\":{\"@id\":\"https:\/\/denizcankizil.tr\/en\/haberler\/antalya\/tekstil-urunleri-tezgahi-kule-dondu\/#breadcrumb\"},\"inLanguage\":\"uk\",\"potentialAction\":[{\"@type\":\"ReadAction\",\"target\":[\"https:\/\/denizcankizil.tr\/en\/haberler\/antalya\/tekstil-urunleri-tezgahi-kule-dondu\/\"]}]},{\"@type\":\"BreadcrumbList\",\"@id\":\"https:\/\/denizcankizil.tr\/en\/haberler\/antalya\/tekstil-urunleri-tezgahi-kule-dondu\/#breadcrumb\",\"itemListElement\":[{\"@type\":\"ListItem\",\"position\":1,\"name\":\"Home\",\"item\":\"https:\/\/denizcankizil.tr\/de\/\"},{\"@type\":\"ListItem\",\"position\":2,\"name\":\"Tekstil \u00fcr\u00fcnleri tezgah\u0131 k\u00fcle d\u00f6nd\u00fc\"}]},{\"@type\":\"WebSite\",\"@id\":\"https:\/\/denizcankizil.tr\/#website\",\"url\":\"https:\/\/denizcankizil.tr\/\",\"name\":\"Av. Deniz Can K\u0131z\u0131l\",\"description\":\"Avukat Deniz Can K\u0131z\u0131l Antalya Barosu\",\"publisher\":{\"@id\":\"https:\/\/denizcankizil.tr\/#organization\"},\"potentialAction\":[{\"@type\":\"SearchAction\",\"target\":{\"@type\":\"EntryPoint\",\"urlTemplate\":\"https:\/\/denizcankizil.tr\/?s={search_term_string}\"},\"query-input\":{\"@type\":\"PropertyValueSpecification\",\"valueRequired\":true,\"valueName\":\"search_term_string\"}}],\"inLanguage\":\"uk\"},{\"@type\":\"Organization\",\"@id\":\"https:\/\/denizcankizil.tr\/#organization\",\"name\":\"Av. Deniz Can K\u0131z\u0131l\",\"url\":\"https:\/\/denizcankizil.tr\/\",\"logo\":{\"@type\":\"ImageObject\",\"inLanguage\":\"uk\",\"@id\":\"https:\/\/denizcankizil.tr\/#\/schema\/logo\/image\/\",\"url\":\"https:\/\/denizcankizil.tr\/wp-content\/uploads\/2024\/10\/siyah-logo-svg.svg\",\"contentUrl\":\"https:\/\/denizcankizil.tr\/wp-content\/uploads\/2024\/10\/siyah-logo-svg.svg\",\"width\":1080,\"height\":1080,\"caption\":\"Av. Deniz Can K\u0131z\u0131l\"},\"image\":{\"@id\":\"https:\/\/denizcankizil.tr\/#\/schema\/logo\/image\/\"}},{\"@type\":\"Person\",\"@id\":\"https:\/\/denizcankizil.tr\/#\/schema\/person\/5dc1b22991bd7ac833867c10afc9b0ff\",\"name\":\"Av. Deniz Can K\u0131z\u0131l\",\"image\":{\"@type\":\"ImageObject\",\"inLanguage\":\"uk\",\"@id\":\"https:\/\/denizcankizil.tr\/#\/schema\/person\/image\/\",\"url\":\"https:\/\/secure.gravatar.com\/avatar\/a0b128fb9855c79efc976d5640eedb31dc35ec297594d6016d2cf7c60e975bb6?s=96&d=mm&r=g\",\"contentUrl\":\"https:\/\/secure.gravatar.com\/avatar\/a0b128fb9855c79efc976d5640eedb31dc35ec297594d6016d2cf7c60e975bb6?s=96&d=mm&r=g\",\"caption\":\"Av. Deniz Can K\u0131z\u0131l\"},\"sameAs\":[\"http:\/\/www.denizcankizil.tr\"],\"url\":\"https:\/\/denizcankizil.tr\/uk\/author\/denizcankizil\/\"}]}<\/script>\n<!-- \/ Yoast SEO Premium plugin. -->","yoast_head_json":{"title":"Tekstil \u00fcr\u00fcnleri tezgah\u0131 k\u00fcle d\u00f6nd\u00fc - Av. Deniz Can K\u0131z\u0131l","robots":{"index":"index","follow":"follow","max-snippet":"max-snippet:-1","max-image-preview":"max-image-preview:large","max-video-preview":"max-video-preview:-1"},"canonical":"https:\/\/denizcankizil.tr\/uk\/haberler\/antalya\/tekstil-urunleri-tezgahi-kule-dondu\/","og_locale":"uk_UA","og_type":"article","og_title":"Tekstil \u00fcr\u00fcnleri tezgah\u0131 k\u00fcle d\u00f6nd\u00fc","og_description":"Olay, Kepez il\u00e7esi Esentepe Mahallesi&#8217;nde sabah saatlerinde meydana geldi. Mehmet S\u00f6nmez&#8217;in (46) evinin \u00f6n\u00fcne park etti\u011fi el arabas\u0131ndaki tekstil \u00fcr\u00fcnleri hen\u00fcz belirlenemeyen bir nedenle yanmaya ba\u015flad\u0131. Yang\u0131n\u0131 fark eden apartman sakinleri, saat 07.15 s\u0131ralar\u0131nda kendi imk\u00e2nlar\u0131yla alevlere m\u00fcdahale etti. Ancak giysilerden ve karton kutulardan olu\u015fan malzemenin b\u00fcy\u00fck b\u00f6l\u00fcm\u00fc k\u0131sa s\u00fcrede k\u00fcle d\u00f6nd\u00fc. Yang\u0131n\u0131n ard\u0131ndan apartman duvarlar\u0131nda yo\u011fun is tabakas\u0131 olu\u015furken, \u00fcr\u00fcnlerin yer ald\u0131\u011f\u0131 el arabas\u0131 neredeyse tamamen yand\u0131. Apartman sakinlerinin ihbar\u0131 \u00fczerine olay yerine itfaiye ve polis ekipleri sevk edildi. &#8220;\u0130lk izlenim izmaritti ama sabotaj da olabilir&#8221; Yang\u0131na ilk m\u00fcdahaleyi yapan apartman sakinlerinden Cahit \u00d6zvar\u0131\u015f olay an\u0131n\u0131 \u015f\u00f6yle anlatt\u0131: &#8220;Sabah 07.15&#8217;te bir anda ate\u015f \u00e7\u0131kt\u0131. F\u0131rlay\u0131p a\u015fa\u011f\u0131 indik, elimizden geldi\u011fince s\u00f6nd\u00fcrmeye \u00e7al\u0131\u015ft\u0131k ama yeti\u015femedik. Her \u015fey k\u00fcl oldu. \u00d6nce yere at\u0131lan bir sigara izmariti sand\u0131k ama sonras\u0131nda birilerinin kasten yapm\u0131\u015f olabilece\u011fi ihtimali konu\u015fuldu. Biz de art\u0131k \u015f\u00fcphelenmeye ba\u015flad\u0131k.&#8221; Yang\u0131n haberini i\u015f \u00e7\u0131k\u0131\u015f\u0131nda \u00e7ocuklar\u0131ndan ald\u0131\u011f\u0131n\u0131 anlatan Mehmet S\u00f6nmez, ailesine katk\u0131 sa\u011flamak i\u00e7in y\u0131llard\u0131r ek i\u015f yapt\u0131\u011f\u0131n\u0131 belirterek, &#8220;\u00dcr\u00fcnler yand\u0131 ya da yakt\u0131lar&#8221; dedi. Yang\u0131n\u0131n \u00e7\u0131k\u0131\u015f nedeniyle ilgili inceleme ba\u015flat\u0131ld\u0131. Kaynak: www.kanalv.com.tr Haber Sitesinden Al\u0131nm\u0131\u015ft\u0131r.","og_url":"https:\/\/denizcankizil.tr\/uk\/haberler\/antalya\/tekstil-urunleri-tezgahi-kule-dondu\/","og_site_name":"Av. Deniz Can K\u0131z\u0131l","article_published_time":"2025-06-06T10:41:20+00:00","author":"Av. Deniz Can K\u0131z\u0131l","twitter_card":"summary_large_image","twitter_misc":{"\u041d\u0430\u043f\u0438\u0441\u0430\u043d\u043e":"Av. Deniz Can K\u0131z\u0131l","\u041f\u0440\u0438\u0431\u043b. \u0447\u0430\u0441 \u0447\u0438\u0442\u0430\u043d\u043d\u044f":"1 \u0445\u0432\u0438\u043b\u0438\u043d\u0430"},"schema":{"@context":"https:\/\/schema.org","@graph":[{"@type":"Article","@id":"https:\/\/denizcankizil.tr\/en\/haberler\/antalya\/tekstil-urunleri-tezgahi-kule-dondu\/#article","isPartOf":{"@id":"https:\/\/denizcankizil.tr\/en\/haberler\/antalya\/tekstil-urunleri-tezgahi-kule-dondu\/"},"author":{"name":"Av. Deniz Can K\u0131z\u0131l","@id":"https:\/\/denizcankizil.tr\/#\/schema\/person\/5dc1b22991bd7ac833867c10afc9b0ff"},"headline":"Tekstil \u00fcr\u00fcnleri tezgah\u0131 k\u00fcle d\u00f6nd\u00fc","datePublished":"2025-06-06T10:41:20+00:00","mainEntityOfPage":{"@id":"https:\/\/denizcankizil.tr\/en\/haberler\/antalya\/tekstil-urunleri-tezgahi-kule-dondu\/"},"wordCount":254,"publisher":{"@id":"https:\/\/denizcankizil.tr\/#organization"},"articleSection":["Antalya"],"inLanguage":"uk"},{"@type":"WebPage","@id":"https:\/\/denizcankizil.tr\/en\/haberler\/antalya\/tekstil-urunleri-tezgahi-kule-dondu\/","url":"https:\/\/denizcankizil.tr\/en\/haberler\/antalya\/tekstil-urunleri-tezgahi-kule-dondu\/","name":"Tekstil \u00fcr\u00fcnleri tezgah\u0131 k\u00fcle d\u00f6nd\u00fc - Av. Deniz Can K\u0131z\u0131l","isPartOf":{"@id":"https:\/\/denizcankizil.tr\/#website"},"datePublished":"2025-06-06T10:41:20+00:00","breadcrumb":{"@id":"https:\/\/denizcankizil.tr\/en\/haberler\/antalya\/tekstil-urunleri-tezgahi-kule-dondu\/#breadcrumb"},"inLanguage":"uk","potentialAction":[{"@type":"ReadAction","target":["https:\/\/denizcankizil.tr\/en\/haberler\/antalya\/tekstil-urunleri-tezgahi-kule-dondu\/"]}]},{"@type":"BreadcrumbList","@id":"https:\/\/denizcankizil.tr\/en\/haberler\/antalya\/tekstil-urunleri-tezgahi-kule-dondu\/#breadcrumb","itemListElement":[{"@type":"ListItem","position":1,"name":"Home","item":"https:\/\/denizcankizil.tr\/de\/"},{"@type":"ListItem","position":2,"name":"Tekstil \u00fcr\u00fcnleri tezgah\u0131 k\u00fcle d\u00f6nd\u00fc"}]},{"@type":"WebSite","@id":"https:\/\/denizcankizil.tr\/#website","url":"https:\/\/denizcankizil.tr\/","name":"Av. Deniz Can K\u0131z\u0131l","description":"Avukat Deniz Can K\u0131z\u0131l Antalya Barosu","publisher":{"@id":"https:\/\/denizcankizil.tr\/#organization"},"potentialAction":[{"@type":"SearchAction","target":{"@type":"EntryPoint","urlTemplate":"https:\/\/denizcankizil.tr\/?s={search_term_string}"},"query-input":{"@type":"PropertyValueSpecification","valueRequired":true,"valueName":"search_term_string"}}],"inLanguage":"uk"},{"@type":"Organization","@id":"https:\/\/denizcankizil.tr\/#organization","name":"Av. Deniz Can K\u0131z\u0131l","url":"https:\/\/denizcankizil.tr\/","logo":{"@type":"ImageObject","inLanguage":"uk","@id":"https:\/\/denizcankizil.tr\/#\/schema\/logo\/image\/","url":"https:\/\/denizcankizil.tr\/wp-content\/uploads\/2024\/10\/siyah-logo-svg.svg","contentUrl":"https:\/\/denizcankizil.tr\/wp-content\/uploads\/2024\/10\/siyah-logo-svg.svg","width":1080,"height":1080,"caption":"Av. Deniz Can K\u0131z\u0131l"},"image":{"@id":"https:\/\/denizcankizil.tr\/#\/schema\/logo\/image\/"}},{"@type":"Person","@id":"https:\/\/denizcankizil.tr\/#\/schema\/person\/5dc1b22991bd7ac833867c10afc9b0ff","name":"Av. Deniz Can K\u0131z\u0131l","image":{"@type":"ImageObject","inLanguage":"uk","@id":"https:\/\/denizcankizil.tr\/#\/schema\/person\/image\/","url":"https:\/\/secure.gravatar.com\/avatar\/a0b128fb9855c79efc976d5640eedb31dc35ec297594d6016d2cf7c60e975bb6?s=96&d=mm&r=g","contentUrl":"https:\/\/secure.gravatar.com\/avatar\/a0b128fb9855c79efc976d5640eedb31dc35ec297594d6016d2cf7c60e975bb6?s=96&d=mm&r=g","caption":"Av. Deniz Can K\u0131z\u0131l"},"sameAs":["http:\/\/www.denizcankizil.tr"],"url":"https:\/\/denizcankizil.tr\/uk\/author\/denizcankizil\/"}]}},"_links":{"self":[{"href":"https:\/\/denizcankizil.tr\/uk\/wp-json\/wp\/v2\/posts\/108373","targetHints":{"allow":["GET"]}}],"collection":[{"href":"https:\/\/denizcankizil.tr\/uk\/wp-json\/wp\/v2\/posts"}],"about":[{"href":"https:\/\/denizcankizil.tr\/uk\/wp-json\/wp\/v2\/types\/post"}],"author":[{"embeddable":true,"href":"https:\/\/denizcankizil.tr\/uk\/wp-json\/wp\/v2\/users\/4"}],"replies":[{"embeddable":true,"href":"https:\/\/denizcankizil.tr\/uk\/wp-json\/wp\/v2\/comments?post=108373"}],"version-history":[{"count":0,"href":"https:\/\/denizcankizil.tr\/uk\/wp-json\/wp\/v2\/posts\/108373\/revisions"}],"wp:attachment":[{"href":"https:\/\/denizcankizil.tr\/uk\/wp-json\/wp\/v2\/media?parent=108373"}],"wp:term":[{"taxonomy":"category","embeddable":true,"href":"https:\/\/denizcankizil.tr\/uk\/wp-json\/wp\/v2\/categories?post=108373"},{"taxonomy":"post_tag","embeddable":true,"href":"https:\/\/denizcankizil.tr\/uk\/wp-json\/wp\/v2\/tags?post=108373"}],"curies":[{"name":"wp","href":"https:\/\/api.w.org\/{rel}","templated":true}]}}