{"id":108284,"date":"2025-06-06T10:42:46","date_gmt":"2025-06-06T07:42:46","guid":{"rendered":"https:\/\/denizcankizil.tr\/uncategorized-tr\/ureten-kadinlarin-urunleri-sakli-pazarda\/"},"modified":"2025-06-06T10:42:46","modified_gmt":"2025-06-06T07:42:46","slug":"ureten-kadinlarin-urunleri-sakli-pazarda","status":"publish","type":"post","link":"https:\/\/denizcankizil.tr\/uk\/haberler\/gundem\/ureten-kadinlarin-urunleri-sakli-pazarda\/","title":{"rendered":"\u00dcreten kad\u0131nlar\u0131n \u00fcr\u00fcnleri \u2018Sakl\u0131 Pazar\u2019da&#8230;"},"content":{"rendered":"<p>\u0130skenderun Belediyesi taraf\u0131ndan daha \u00f6nce \u00fcretim ve sat\u0131\u015f yap\u0131mlar\u0131na imkan veren \u2018Sakl\u0131 Pazar\u2019da araya gelen emek\u00e7i kad\u0131nlar; do\u011fal ta\u015flar, inci boncuklar ve \u00e7e\u015fitli materyallerle yapt\u0131klar\u0131 el i\u015fi tak\u0131 ve tokalar\u0131, el eme\u011fi di\u011fer \u00fcr\u00fcnleri vatanda\u015flar\u0131n be\u011fenisine sunuyor. Ayn\u0131 zamanda y\u00fcn ve dantel i\u015fleriyle ev s\u00fcslemeleri ve dekoratif \u00fcr\u00fcnler \u00fcreten kad\u0131nlar, aile b\u00fct\u00e7elerine katk\u0131da bulunman\u0131n yan\u0131 s\u0131ra sosyal dayan\u0131\u015fma i\u00e7inde \u00fcretmenin de keyfini ya\u015f\u0131yor.<\/p>\n<p>\u00dcretken ve sosyal ortam, sadece kad\u0131nlar\u0131n ekonomik hayata kat\u0131l\u0131m\u0131n\u0131 de\u011fil; ayn\u0131 zamanda birlikte e\u011flenme, dayan\u0131\u015fma ve kendi k\u00fclt\u00fcrlerini ya\u015fatma imk\u00e2n\u0131 da sunuyor. G\u00fcnden g\u00fcne daha fazla ilgi g\u00f6ren \u2018Sakl\u0131 Pazar\u2019 hem \u0130skenderun\u2019a hem de yerel kalk\u0131nmaya dair umut verici bir \u00f6rnek te\u015fkil ediyor.<\/p>\n<p>NE\u015eEL\u0130 SOKAKTA REYHAN \u015eERBET\u0130<\/p>\n<p>\u0130KRAMI VE NOSTALJ\u0130 R\u00dcZG\u00c2RI\u2026<\/p>\n<p>Sakl\u0131 Pazar, yaz mevsimine girilmesiyle birlikte kad\u0131nlar\u0131n kendi elleriyle haz\u0131rlad\u0131\u011f\u0131 Osmanl\u0131 \u015ferbeti, \u0130skenderun Reyhan \u015ferbeti ve \u2018Kad\u0131n Eli \u015eerbeti\u2019 ikram\u0131yla da dikkat \u00e7ekiyor. Otantik bardaklarda, dantel \u00f6rt\u00fclerle s\u00fcslenmi\u015f tepsilerde sunulan do\u011fal \u015ferbetler, \u00f6nce teredd\u00fctle yakla\u015fan vatanda\u015flardan b\u00fcy\u00fck be\u011feni toplad\u0131. \u015eerbeti tadan bir\u00e7ok ki\u015fi kad\u0131nlara te\u015fekk\u00fcrlerini iletti. Sokaktan ge\u00e7en yurtta\u015flar da bu co\u015fkuya ortak oldu.<\/p>\n<p>70\u2019ler ve 80\u2019lerin T\u00fcrk\u00e7e ve yabanc\u0131 nostaljik m\u00fczikleri e\u015fli\u011finde e\u011flenen kad\u0131nlar, alk\u0131\u015flar e\u015fli\u011finde dans etti, objektiflere ne\u015feyle poz verdi. Kad\u0131nlar, bu renkli soka\u011f\u0131n sadece sat\u0131\u015f de\u011fil, ayn\u0131 zamanda tan\u0131t\u0131m ve reklam alan\u0131 oldu\u011funu vurgularken, \u0130skenderun\u2019un sosyal ve k\u00fclt\u00fcrel hayat\u0131na katk\u0131 sa\u011flamaktan gurur duyduklar\u0131n\u0131 ifade ettiler.<\/p>\n<p>\u200bHatay\u2019\u0131n \u0130skenderun il\u00e7esinde hem \u00fcretip, hem sosyalle\u015fen kad\u0131nlar, el eme\u011fi \u00fcr\u00fcnlerini Kuyumcular \u00e7ar\u015f\u0131s\u0131n\u0131n arkas\u0131ndaki Prof. Dr. Aziz Sancar Park\u0131\u2019n\u0131 \u00e7evreleyen, Havuzlu \u00c7ar\u015f\u0131 ara soka\u011f\u0131nda \u2018Sakl\u0131 Pazar\u2019 olarak adland\u0131r\u0131lan tezgahlarda al\u0131c\u0131yla bulu\u015fturuyor.\u00a0<\/p>\n<p>\u200bHaberin Al\u0131nt\u0131land\u0131\u011f\u0131 Kaynak: www.iskenderun.org<\/p>","protected":false},"excerpt":{"rendered":"<p>\u0130skenderun Belediyesi taraf\u0131ndan daha \u00f6nce \u00fcretim ve sat\u0131\u015f yap\u0131mlar\u0131na imkan veren \u2018Sakl\u0131 Pazar\u2019da araya gelen emek\u00e7i kad\u0131nlar; do\u011fal ta\u015flar, inci boncuklar ve \u00e7e\u015fitli materyallerle yapt\u0131klar\u0131 el i\u015fi tak\u0131 ve tokalar\u0131, el eme\u011fi di\u011fer \u00fcr\u00fcnleri vatanda\u015flar\u0131n be\u011fenisine sunuyor. Ayn\u0131 zamanda y\u00fcn ve dantel i\u015fleriyle ev s\u00fcslemeleri ve dekoratif \u00fcr\u00fcnler \u00fcreten kad\u0131nlar, aile b\u00fct\u00e7elerine katk\u0131da bulunman\u0131n yan\u0131 s\u0131ra sosyal dayan\u0131\u015fma i\u00e7inde \u00fcretmenin de keyfini ya\u015f\u0131yor. \u00dcretken ve sosyal ortam, sadece kad\u0131nlar\u0131n ekonomik hayata kat\u0131l\u0131m\u0131n\u0131 de\u011fil; ayn\u0131 zamanda birlikte e\u011flenme, dayan\u0131\u015fma ve kendi k\u00fclt\u00fcrlerini ya\u015fatma imk\u00e2n\u0131 da sunuyor. G\u00fcnden g\u00fcne daha fazla ilgi g\u00f6ren \u2018Sakl\u0131 Pazar\u2019 hem \u0130skenderun\u2019a hem de yerel kalk\u0131nmaya dair umut verici bir \u00f6rnek te\u015fkil ediyor. NE\u015eEL\u0130 SOKAKTA REYHAN \u015eERBET\u0130 \u0130KRAMI VE NOSTALJ\u0130 R\u00dcZG\u00c2RI\u2026 Sakl\u0131 Pazar, yaz mevsimine girilmesiyle birlikte kad\u0131nlar\u0131n kendi elleriyle haz\u0131rlad\u0131\u011f\u0131 Osmanl\u0131 \u015ferbeti, \u0130skenderun Reyhan \u015ferbeti ve \u2018Kad\u0131n Eli \u015eerbeti\u2019 ikram\u0131yla da dikkat \u00e7ekiyor. Otantik bardaklarda, dantel \u00f6rt\u00fclerle s\u00fcslenmi\u015f tepsilerde sunulan do\u011fal \u015ferbetler, \u00f6nce teredd\u00fctle yakla\u015fan vatanda\u015flardan b\u00fcy\u00fck be\u011feni toplad\u0131. \u015eerbeti tadan bir\u00e7ok ki\u015fi kad\u0131nlara te\u015fekk\u00fcrlerini iletti. Sokaktan ge\u00e7en yurtta\u015flar da bu co\u015fkuya ortak oldu. 70\u2019ler ve 80\u2019lerin T\u00fcrk\u00e7e ve yabanc\u0131 nostaljik m\u00fczikleri e\u015fli\u011finde e\u011flenen kad\u0131nlar, alk\u0131\u015flar e\u015fli\u011finde dans etti, objektiflere ne\u015feyle poz verdi. Kad\u0131nlar, bu renkli soka\u011f\u0131n sadece sat\u0131\u015f de\u011fil, ayn\u0131 zamanda tan\u0131t\u0131m ve reklam alan\u0131 &hellip;<\/p>","protected":false},"author":1,"featured_media":0,"comment_status":"","ping_status":"open","sticky":false,"template":"","format":"standard","meta":{"_acf_changed":false,"footnotes":""},"categories":[24],"tags":[],"class_list":["post-108284","post","type-post","status-publish","format-standard","has-post-thumbnail","hentry","category-gundem"],"acf":[],"yoast_head":"<!-- This site is optimized with the Yoast SEO Premium plugin v26.6 (Yoast SEO v27.1.1) - https:\/\/yoast.com\/product\/yoast-seo-premium-wordpress\/ -->\n<title>\u00dcreten kad\u0131nlar\u0131n \u00fcr\u00fcnleri \u2018Sakl\u0131 Pazar\u2019da... - Av. Deniz Can K\u0131z\u0131l<\/title>\n<meta name=\"robots\" content=\"index, follow, max-snippet:-1, max-image-preview:large, max-video-preview:-1\" \/>\n<link rel=\"canonical\" href=\"https:\/\/denizcankizil.tr\/uk\/haberler\/gundem\/ureten-kadinlarin-urunleri-sakli-pazarda\/\" \/>\n<meta property=\"og:locale\" content=\"uk_UA\" \/>\n<meta property=\"og:type\" content=\"article\" \/>\n<meta property=\"og:title\" content=\"\u00dcreten kad\u0131nlar\u0131n \u00fcr\u00fcnleri \u2018Sakl\u0131 Pazar\u2019da...\" \/>\n<meta property=\"og:description\" content=\"\u0130skenderun Belediyesi taraf\u0131ndan daha \u00f6nce \u00fcretim ve sat\u0131\u015f yap\u0131mlar\u0131na imkan veren \u2018Sakl\u0131 Pazar\u2019da araya gelen emek\u00e7i kad\u0131nlar; do\u011fal ta\u015flar, inci boncuklar ve \u00e7e\u015fitli materyallerle yapt\u0131klar\u0131 el i\u015fi tak\u0131 ve tokalar\u0131, el eme\u011fi di\u011fer \u00fcr\u00fcnleri vatanda\u015flar\u0131n be\u011fenisine sunuyor. Ayn\u0131 zamanda y\u00fcn ve dantel i\u015fleriyle ev s\u00fcslemeleri ve dekoratif \u00fcr\u00fcnler \u00fcreten kad\u0131nlar, aile b\u00fct\u00e7elerine katk\u0131da bulunman\u0131n yan\u0131 s\u0131ra sosyal dayan\u0131\u015fma i\u00e7inde \u00fcretmenin de keyfini ya\u015f\u0131yor. \u00dcretken ve sosyal ortam, sadece kad\u0131nlar\u0131n ekonomik hayata kat\u0131l\u0131m\u0131n\u0131 de\u011fil; ayn\u0131 zamanda birlikte e\u011flenme, dayan\u0131\u015fma ve kendi k\u00fclt\u00fcrlerini ya\u015fatma imk\u00e2n\u0131 da sunuyor. G\u00fcnden g\u00fcne daha fazla ilgi g\u00f6ren \u2018Sakl\u0131 Pazar\u2019 hem \u0130skenderun\u2019a hem de yerel kalk\u0131nmaya dair umut verici bir \u00f6rnek te\u015fkil ediyor. NE\u015eEL\u0130 SOKAKTA REYHAN \u015eERBET\u0130 \u0130KRAMI VE NOSTALJ\u0130 R\u00dcZG\u00c2RI\u2026 Sakl\u0131 Pazar, yaz mevsimine girilmesiyle birlikte kad\u0131nlar\u0131n kendi elleriyle haz\u0131rlad\u0131\u011f\u0131 Osmanl\u0131 \u015ferbeti, \u0130skenderun Reyhan \u015ferbeti ve \u2018Kad\u0131n Eli \u015eerbeti\u2019 ikram\u0131yla da dikkat \u00e7ekiyor. Otantik bardaklarda, dantel \u00f6rt\u00fclerle s\u00fcslenmi\u015f tepsilerde sunulan do\u011fal \u015ferbetler, \u00f6nce teredd\u00fctle yakla\u015fan vatanda\u015flardan b\u00fcy\u00fck be\u011feni toplad\u0131. \u015eerbeti tadan bir\u00e7ok ki\u015fi kad\u0131nlara te\u015fekk\u00fcrlerini iletti. Sokaktan ge\u00e7en yurtta\u015flar da bu co\u015fkuya ortak oldu. 70\u2019ler ve 80\u2019lerin T\u00fcrk\u00e7e ve yabanc\u0131 nostaljik m\u00fczikleri e\u015fli\u011finde e\u011flenen kad\u0131nlar, alk\u0131\u015flar e\u015fli\u011finde dans etti, objektiflere ne\u015feyle poz verdi. Kad\u0131nlar, bu renkli soka\u011f\u0131n sadece sat\u0131\u015f de\u011fil, ayn\u0131 zamanda tan\u0131t\u0131m ve reklam alan\u0131 &hellip;\" \/>\n<meta property=\"og:url\" content=\"https:\/\/denizcankizil.tr\/uk\/haberler\/gundem\/ureten-kadinlarin-urunleri-sakli-pazarda\/\" \/>\n<meta property=\"og:site_name\" content=\"Av. Deniz Can K\u0131z\u0131l\" \/>\n<meta property=\"article:published_time\" content=\"2025-06-06T07:42:46+00:00\" \/>\n<meta name=\"author\" content=\"admin\" \/>\n<meta name=\"twitter:card\" content=\"summary_large_image\" \/>\n<meta name=\"twitter:label1\" content=\"\u041d\u0430\u043f\u0438\u0441\u0430\u043d\u043e\" \/>\n\t<meta name=\"twitter:data1\" content=\"admin\" \/>\n\t<meta name=\"twitter:label2\" content=\"\u041f\u0440\u0438\u0431\u043b. \u0447\u0430\u0441 \u0447\u0438\u0442\u0430\u043d\u043d\u044f\" \/>\n\t<meta name=\"twitter:data2\" content=\"2 \u0445\u0432\u0438\u043b\u0438\u043d\u0438\" \/>\n<script type=\"application\/ld+json\" class=\"yoast-schema-graph\">{\"@context\":\"https:\/\/schema.org\",\"@graph\":[{\"@type\":\"Article\",\"@id\":\"https:\/\/denizcankizil.tr\/uk\/haberler\/gundem\/ureten-kadinlarin-urunleri-sakli-pazarda\/#article\",\"isPartOf\":{\"@id\":\"https:\/\/denizcankizil.tr\/uk\/haberler\/gundem\/ureten-kadinlarin-urunleri-sakli-pazarda\/\"},\"author\":{\"name\":\"admin\",\"@id\":\"https:\/\/denizcankizil.tr\/#\/schema\/person\/be3c05fe6a12686905512445d8185489\"},\"headline\":\"\u00dcreten kad\u0131nlar\u0131n \u00fcr\u00fcnleri \u2018Sakl\u0131 Pazar\u2019da&#8230;\",\"datePublished\":\"2025-06-06T07:42:46+00:00\",\"mainEntityOfPage\":{\"@id\":\"https:\/\/denizcankizil.tr\/uk\/haberler\/gundem\/ureten-kadinlarin-urunleri-sakli-pazarda\/\"},\"wordCount\":374,\"publisher\":{\"@id\":\"https:\/\/denizcankizil.tr\/#organization\"},\"articleSection\":[\"G\u00fcndem\"],\"inLanguage\":\"uk\"},{\"@type\":\"WebPage\",\"@id\":\"https:\/\/denizcankizil.tr\/uk\/haberler\/gundem\/ureten-kadinlarin-urunleri-sakli-pazarda\/\",\"url\":\"https:\/\/denizcankizil.tr\/uk\/haberler\/gundem\/ureten-kadinlarin-urunleri-sakli-pazarda\/\",\"name\":\"\u00dcreten kad\u0131nlar\u0131n \u00fcr\u00fcnleri \u2018Sakl\u0131 Pazar\u2019da... - Av. Deniz Can K\u0131z\u0131l\",\"isPartOf\":{\"@id\":\"https:\/\/denizcankizil.tr\/#website\"},\"datePublished\":\"2025-06-06T07:42:46+00:00\",\"breadcrumb\":{\"@id\":\"https:\/\/denizcankizil.tr\/uk\/haberler\/gundem\/ureten-kadinlarin-urunleri-sakli-pazarda\/#breadcrumb\"},\"inLanguage\":\"uk\",\"potentialAction\":[{\"@type\":\"ReadAction\",\"target\":[\"https:\/\/denizcankizil.tr\/uk\/haberler\/gundem\/ureten-kadinlarin-urunleri-sakli-pazarda\/\"]}]},{\"@type\":\"BreadcrumbList\",\"@id\":\"https:\/\/denizcankizil.tr\/uk\/haberler\/gundem\/ureten-kadinlarin-urunleri-sakli-pazarda\/#breadcrumb\",\"itemListElement\":[{\"@type\":\"ListItem\",\"position\":1,\"name\":\"Home\",\"item\":\"https:\/\/denizcankizil.tr\/de\/\"},{\"@type\":\"ListItem\",\"position\":2,\"name\":\"\u00dcreten kad\u0131nlar\u0131n \u00fcr\u00fcnleri \u2018Sakl\u0131 Pazar\u2019da&#8230;\"}]},{\"@type\":\"WebSite\",\"@id\":\"https:\/\/denizcankizil.tr\/#website\",\"url\":\"https:\/\/denizcankizil.tr\/\",\"name\":\"Av. Deniz Can K\u0131z\u0131l\",\"description\":\"Avukat Deniz Can K\u0131z\u0131l Antalya Barosu\",\"publisher\":{\"@id\":\"https:\/\/denizcankizil.tr\/#organization\"},\"potentialAction\":[{\"@type\":\"SearchAction\",\"target\":{\"@type\":\"EntryPoint\",\"urlTemplate\":\"https:\/\/denizcankizil.tr\/?s={search_term_string}\"},\"query-input\":{\"@type\":\"PropertyValueSpecification\",\"valueRequired\":true,\"valueName\":\"search_term_string\"}}],\"inLanguage\":\"uk\"},{\"@type\":\"Organization\",\"@id\":\"https:\/\/denizcankizil.tr\/#organization\",\"name\":\"Av. Deniz Can K\u0131z\u0131l\",\"url\":\"https:\/\/denizcankizil.tr\/\",\"logo\":{\"@type\":\"ImageObject\",\"inLanguage\":\"uk\",\"@id\":\"https:\/\/denizcankizil.tr\/#\/schema\/logo\/image\/\",\"url\":\"https:\/\/denizcankizil.tr\/wp-content\/uploads\/2024\/10\/siyah-logo-svg.svg\",\"contentUrl\":\"https:\/\/denizcankizil.tr\/wp-content\/uploads\/2024\/10\/siyah-logo-svg.svg\",\"width\":1080,\"height\":1080,\"caption\":\"Av. Deniz Can K\u0131z\u0131l\"},\"image\":{\"@id\":\"https:\/\/denizcankizil.tr\/#\/schema\/logo\/image\/\"}},{\"@type\":\"Person\",\"@id\":\"https:\/\/denizcankizil.tr\/#\/schema\/person\/be3c05fe6a12686905512445d8185489\",\"name\":\"admin\",\"image\":{\"@type\":\"ImageObject\",\"inLanguage\":\"uk\",\"@id\":\"https:\/\/denizcankizil.tr\/#\/schema\/person\/image\/\",\"url\":\"https:\/\/secure.gravatar.com\/avatar\/c1fce94c830dc79107e174f890d7210541c4a63e8e5d816341794a2151c9d58c?s=96&d=mm&r=g\",\"contentUrl\":\"https:\/\/secure.gravatar.com\/avatar\/c1fce94c830dc79107e174f890d7210541c4a63e8e5d816341794a2151c9d58c?s=96&d=mm&r=g\",\"caption\":\"admin\"},\"sameAs\":[\"http:\/\/denizcankizil.tr\"],\"url\":\"https:\/\/www.iskenderun.org\/ureten-kadinlarin-urunleri-sakli-pazarda\"}]}<\/script>\n<!-- \/ Yoast SEO Premium plugin. -->","yoast_head_json":{"title":"\u00dcreten kad\u0131nlar\u0131n \u00fcr\u00fcnleri \u2018Sakl\u0131 Pazar\u2019da... - Av. Deniz Can K\u0131z\u0131l","robots":{"index":"index","follow":"follow","max-snippet":"max-snippet:-1","max-image-preview":"max-image-preview:large","max-video-preview":"max-video-preview:-1"},"canonical":"https:\/\/denizcankizil.tr\/uk\/haberler\/gundem\/ureten-kadinlarin-urunleri-sakli-pazarda\/","og_locale":"uk_UA","og_type":"article","og_title":"\u00dcreten kad\u0131nlar\u0131n \u00fcr\u00fcnleri \u2018Sakl\u0131 Pazar\u2019da...","og_description":"\u0130skenderun Belediyesi taraf\u0131ndan daha \u00f6nce \u00fcretim ve sat\u0131\u015f yap\u0131mlar\u0131na imkan veren \u2018Sakl\u0131 Pazar\u2019da araya gelen emek\u00e7i kad\u0131nlar; do\u011fal ta\u015flar, inci boncuklar ve \u00e7e\u015fitli materyallerle yapt\u0131klar\u0131 el i\u015fi tak\u0131 ve tokalar\u0131, el eme\u011fi di\u011fer \u00fcr\u00fcnleri vatanda\u015flar\u0131n be\u011fenisine sunuyor. Ayn\u0131 zamanda y\u00fcn ve dantel i\u015fleriyle ev s\u00fcslemeleri ve dekoratif \u00fcr\u00fcnler \u00fcreten kad\u0131nlar, aile b\u00fct\u00e7elerine katk\u0131da bulunman\u0131n yan\u0131 s\u0131ra sosyal dayan\u0131\u015fma i\u00e7inde \u00fcretmenin de keyfini ya\u015f\u0131yor. \u00dcretken ve sosyal ortam, sadece kad\u0131nlar\u0131n ekonomik hayata kat\u0131l\u0131m\u0131n\u0131 de\u011fil; ayn\u0131 zamanda birlikte e\u011flenme, dayan\u0131\u015fma ve kendi k\u00fclt\u00fcrlerini ya\u015fatma imk\u00e2n\u0131 da sunuyor. G\u00fcnden g\u00fcne daha fazla ilgi g\u00f6ren \u2018Sakl\u0131 Pazar\u2019 hem \u0130skenderun\u2019a hem de yerel kalk\u0131nmaya dair umut verici bir \u00f6rnek te\u015fkil ediyor. NE\u015eEL\u0130 SOKAKTA REYHAN \u015eERBET\u0130 \u0130KRAMI VE NOSTALJ\u0130 R\u00dcZG\u00c2RI\u2026 Sakl\u0131 Pazar, yaz mevsimine girilmesiyle birlikte kad\u0131nlar\u0131n kendi elleriyle haz\u0131rlad\u0131\u011f\u0131 Osmanl\u0131 \u015ferbeti, \u0130skenderun Reyhan \u015ferbeti ve \u2018Kad\u0131n Eli \u015eerbeti\u2019 ikram\u0131yla da dikkat \u00e7ekiyor. Otantik bardaklarda, dantel \u00f6rt\u00fclerle s\u00fcslenmi\u015f tepsilerde sunulan do\u011fal \u015ferbetler, \u00f6nce teredd\u00fctle yakla\u015fan vatanda\u015flardan b\u00fcy\u00fck be\u011feni toplad\u0131. \u015eerbeti tadan bir\u00e7ok ki\u015fi kad\u0131nlara te\u015fekk\u00fcrlerini iletti. Sokaktan ge\u00e7en yurtta\u015flar da bu co\u015fkuya ortak oldu. 70\u2019ler ve 80\u2019lerin T\u00fcrk\u00e7e ve yabanc\u0131 nostaljik m\u00fczikleri e\u015fli\u011finde e\u011flenen kad\u0131nlar, alk\u0131\u015flar e\u015fli\u011finde dans etti, objektiflere ne\u015feyle poz verdi. Kad\u0131nlar, bu renkli soka\u011f\u0131n sadece sat\u0131\u015f de\u011fil, ayn\u0131 zamanda tan\u0131t\u0131m ve reklam alan\u0131 &hellip;","og_url":"https:\/\/denizcankizil.tr\/uk\/haberler\/gundem\/ureten-kadinlarin-urunleri-sakli-pazarda\/","og_site_name":"Av. Deniz Can K\u0131z\u0131l","article_published_time":"2025-06-06T07:42:46+00:00","author":"admin","twitter_card":"summary_large_image","twitter_misc":{"\u041d\u0430\u043f\u0438\u0441\u0430\u043d\u043e":"admin","\u041f\u0440\u0438\u0431\u043b. \u0447\u0430\u0441 \u0447\u0438\u0442\u0430\u043d\u043d\u044f":"2 \u0445\u0432\u0438\u043b\u0438\u043d\u0438"},"schema":{"@context":"https:\/\/schema.org","@graph":[{"@type":"Article","@id":"https:\/\/denizcankizil.tr\/uk\/haberler\/gundem\/ureten-kadinlarin-urunleri-sakli-pazarda\/#article","isPartOf":{"@id":"https:\/\/denizcankizil.tr\/uk\/haberler\/gundem\/ureten-kadinlarin-urunleri-sakli-pazarda\/"},"author":{"name":"admin","@id":"https:\/\/denizcankizil.tr\/#\/schema\/person\/be3c05fe6a12686905512445d8185489"},"headline":"\u00dcreten kad\u0131nlar\u0131n \u00fcr\u00fcnleri \u2018Sakl\u0131 Pazar\u2019da&#8230;","datePublished":"2025-06-06T07:42:46+00:00","mainEntityOfPage":{"@id":"https:\/\/denizcankizil.tr\/uk\/haberler\/gundem\/ureten-kadinlarin-urunleri-sakli-pazarda\/"},"wordCount":374,"publisher":{"@id":"https:\/\/denizcankizil.tr\/#organization"},"articleSection":["G\u00fcndem"],"inLanguage":"uk"},{"@type":"WebPage","@id":"https:\/\/denizcankizil.tr\/uk\/haberler\/gundem\/ureten-kadinlarin-urunleri-sakli-pazarda\/","url":"https:\/\/denizcankizil.tr\/uk\/haberler\/gundem\/ureten-kadinlarin-urunleri-sakli-pazarda\/","name":"\u00dcreten kad\u0131nlar\u0131n \u00fcr\u00fcnleri \u2018Sakl\u0131 Pazar\u2019da... - Av. Deniz Can K\u0131z\u0131l","isPartOf":{"@id":"https:\/\/denizcankizil.tr\/#website"},"datePublished":"2025-06-06T07:42:46+00:00","breadcrumb":{"@id":"https:\/\/denizcankizil.tr\/uk\/haberler\/gundem\/ureten-kadinlarin-urunleri-sakli-pazarda\/#breadcrumb"},"inLanguage":"uk","potentialAction":[{"@type":"ReadAction","target":["https:\/\/denizcankizil.tr\/uk\/haberler\/gundem\/ureten-kadinlarin-urunleri-sakli-pazarda\/"]}]},{"@type":"BreadcrumbList","@id":"https:\/\/denizcankizil.tr\/uk\/haberler\/gundem\/ureten-kadinlarin-urunleri-sakli-pazarda\/#breadcrumb","itemListElement":[{"@type":"ListItem","position":1,"name":"Home","item":"https:\/\/denizcankizil.tr\/de\/"},{"@type":"ListItem","position":2,"name":"\u00dcreten kad\u0131nlar\u0131n \u00fcr\u00fcnleri \u2018Sakl\u0131 Pazar\u2019da&#8230;"}]},{"@type":"WebSite","@id":"https:\/\/denizcankizil.tr\/#website","url":"https:\/\/denizcankizil.tr\/","name":"Av. Deniz Can K\u0131z\u0131l","description":"Avukat Deniz Can K\u0131z\u0131l Antalya Barosu","publisher":{"@id":"https:\/\/denizcankizil.tr\/#organization"},"potentialAction":[{"@type":"SearchAction","target":{"@type":"EntryPoint","urlTemplate":"https:\/\/denizcankizil.tr\/?s={search_term_string}"},"query-input":{"@type":"PropertyValueSpecification","valueRequired":true,"valueName":"search_term_string"}}],"inLanguage":"uk"},{"@type":"Organization","@id":"https:\/\/denizcankizil.tr\/#organization","name":"Av. Deniz Can K\u0131z\u0131l","url":"https:\/\/denizcankizil.tr\/","logo":{"@type":"ImageObject","inLanguage":"uk","@id":"https:\/\/denizcankizil.tr\/#\/schema\/logo\/image\/","url":"https:\/\/denizcankizil.tr\/wp-content\/uploads\/2024\/10\/siyah-logo-svg.svg","contentUrl":"https:\/\/denizcankizil.tr\/wp-content\/uploads\/2024\/10\/siyah-logo-svg.svg","width":1080,"height":1080,"caption":"Av. Deniz Can K\u0131z\u0131l"},"image":{"@id":"https:\/\/denizcankizil.tr\/#\/schema\/logo\/image\/"}},{"@type":"Person","@id":"https:\/\/denizcankizil.tr\/#\/schema\/person\/be3c05fe6a12686905512445d8185489","name":"\u0430\u0434\u043c\u0456\u043d","image":{"@type":"ImageObject","inLanguage":"uk","@id":"https:\/\/denizcankizil.tr\/#\/schema\/person\/image\/","url":"https:\/\/secure.gravatar.com\/avatar\/c1fce94c830dc79107e174f890d7210541c4a63e8e5d816341794a2151c9d58c?s=96&d=mm&r=g","contentUrl":"https:\/\/secure.gravatar.com\/avatar\/c1fce94c830dc79107e174f890d7210541c4a63e8e5d816341794a2151c9d58c?s=96&d=mm&r=g","caption":"admin"},"sameAs":["http:\/\/denizcankizil.tr"],"url":"https:\/\/www.iskenderun.org\/ureten-kadinlarin-urunleri-sakli-pazarda"}]}},"_links":{"self":[{"href":"https:\/\/denizcankizil.tr\/uk\/wp-json\/wp\/v2\/posts\/108284","targetHints":{"allow":["GET"]}}],"collection":[{"href":"https:\/\/denizcankizil.tr\/uk\/wp-json\/wp\/v2\/posts"}],"about":[{"href":"https:\/\/denizcankizil.tr\/uk\/wp-json\/wp\/v2\/types\/post"}],"author":[{"embeddable":true,"href":"https:\/\/denizcankizil.tr\/uk\/wp-json\/wp\/v2\/users\/1"}],"replies":[{"embeddable":true,"href":"https:\/\/denizcankizil.tr\/uk\/wp-json\/wp\/v2\/comments?post=108284"}],"version-history":[{"count":0,"href":"https:\/\/denizcankizil.tr\/uk\/wp-json\/wp\/v2\/posts\/108284\/revisions"}],"wp:attachment":[{"href":"https:\/\/denizcankizil.tr\/uk\/wp-json\/wp\/v2\/media?parent=108284"}],"wp:term":[{"taxonomy":"category","embeddable":true,"href":"https:\/\/denizcankizil.tr\/uk\/wp-json\/wp\/v2\/categories?post=108284"},{"taxonomy":"post_tag","embeddable":true,"href":"https:\/\/denizcankizil.tr\/uk\/wp-json\/wp\/v2\/tags?post=108284"}],"curies":[{"name":"wp","href":"https:\/\/api.w.org\/{rel}","templated":true}]}}