{"id":107296,"date":"2025-06-05T13:41:40","date_gmt":"2025-06-05T10:41:40","guid":{"rendered":"https:\/\/denizcankizil.tr\/uncategorized-tr\/antalya-duden-salesi-icin-onemli-duyuru-bu-saate-dikkat\/"},"modified":"2025-06-05T13:41:40","modified_gmt":"2025-06-05T10:41:40","slug":"antalya-duden-salesi-icin-onemli-duyuru-bu-saate-dikkat","status":"publish","type":"post","link":"https:\/\/denizcankizil.tr\/uk\/haberler\/gundem\/antalya-duden-salesi-icin-onemli-duyuru-bu-saate-dikkat\/","title":{"rendered":"Antalya D\u00fcden \u015ealesi i\u00e7in \u00f6nemli duyuru: Bu saate dikkat!"},"content":{"rendered":"<p>Antalya\u2019n\u0131n Kepez il\u00e7esi Varsak Mahallesi\u2019nde yer alan \u0130skender \u015eelalesi ya da Yukar\u0131 D\u00fcden \u015eelalesi olarak da bilinen D\u00fcden \u015eelalesi, kentin en \u00f6nemli turizm yerlerinden biri. \u015eehir merkezine 15 kilometre uzakl\u0131kta olan, e\u015fsiz g\u00fczelli\u011fi ve yaz aylar\u0131nda bile serin olmas\u0131yla bilinene D\u00fcden \u015eelalesi her y\u0131l milyonlarca insan\u0131n ziyaret etti\u011fi bir do\u011fa harikas\u0131. Kurban Bayram\u0131\u2019n\u0131n gelmesiyle beraber turistlerin gezilecek yerler aras\u0131nda ilk dura\u011f\u0131 olan D\u00fcden \u015eelalesi i\u00e7in Antalya B\u00fcy\u00fck\u015fehir Belediyesi \u00f6nemli bir duyuru yay\u0131nlad\u0131.<\/p>\n<p>D\u00dcDEN \u015eELALES\u0130 GE\u00c7 A\u00c7ILACAK <\/p>\n<p>Antalya B\u00fcy\u00fck\u015fehir Belediyesi 6 Haziran Cuma g\u00fcn\u00fc (yar\u0131n) Kurban Bayram\u0131\u2019n\u0131n ilk g\u00fcn\u00fcnde D\u00fcden \u015eelalesi\u2019nin saat 11.00\u2019da a\u00e7\u0131laca\u011f\u0131n\u0131 a\u00e7\u0131klad\u0131. Belediye\u2019den yap\u0131lan a\u00e7\u0131klamada, \u201cKurban Bayram\u0131&#8217;n\u0131n 1. g\u00fcn\u00fc (6 Haziran 2025) D\u00fcden \u015eelalesi sabah saat 11.00&#8217;de a\u00e7\u0131lacak. Anlay\u0131\u015f\u0131n\u0131z i\u00e7in te\u015fekk\u00fcr ederiz\u201d denildi.<\/p>\n<p>D\u00dcDEN \u015eELALES\u0130\u2019NE TRAMVAY G\u0130DER M\u0130? <\/p>\n<p>Kurban Bayram\u0131\u2019nda Antalya\u2019n\u0131n e\u015fsiz do\u011fa harikas\u0131 olan ve Milattan \u00d6nce 334-333 y\u0131llar\u0131 aras\u0131nda derin bir tarihe sahip olan D\u00fcden \u015eelalesi\u2019ne ula\u015f\u0131m son derece kolay. M\u00fcze y\u00f6n\u00fcnden Fatih y\u00f6n\u00fcne harekete eden T3 Tramvay hatt\u0131na binip, \u015eelale dura\u011f\u0131nda inerseniz D\u00fcden \u015eelalesi\u2019ne k\u0131sa s\u00fcrede ula\u015fabilirsiniz. Fatih-Expo y\u00f6n\u00fcne giden T1 Tramvay hatt\u0131na binip Otogar dura\u011f\u0131ndan aktarma yaparak da \u015felaleye ula\u015fabilirsiniz.<\/p>\n<p>D\u00dcDEN \u015eELALES\u0130\u2019NE G\u0130DEN OTOB\u00dcS HATLARI<\/p>\n<p>D\u00fcden \u015eelalesi\u2019ne giden bir di\u011fer ula\u015f\u0131m arac\u0131 da otob\u00fcsler. VF01, VL13, VL13A,CV14, CV17, CV17A, KC35A, VC53, VC57, VF66, KPZ83, VY24, MK80 ve MK80A numaral\u0131 otob\u00fcs hatlar\u0131 D\u00fcden \u015eelalesi\u2019ne ula\u015f\u0131m sa\u011fl\u0131yor. 14312, 11089, 12042 numaral\u0131 duraklar ise D\u00fcden \u015eelalesi\u2019ne yak\u0131n olan duraklar.<\/p>\n<p>\u200bAntalya B\u00fcy\u00fck\u015fehir Belediyesi, 6 Haziran Cuma g\u00fcn\u00fc (yar\u0131n) Kurban Bayram\u0131&#8217;n\u0131n ilk g\u00fcn\u00fcnde D\u00fcden \u015eelalesi\u2019nin saat 11.00\u2019de a\u00e7\u0131laca\u011f\u0131n\u0131 duyurdu.\u00a0<\/p>\n<p>\u200bHaberin Al\u0131nt\u0131land\u0131\u011f\u0131 Kaynak: www.antalyakorfez.com<\/p>","protected":false},"excerpt":{"rendered":"<p>Antalya\u2019n\u0131n Kepez il\u00e7esi Varsak Mahallesi\u2019nde yer alan \u0130skender \u015eelalesi ya da Yukar\u0131 D\u00fcden \u015eelalesi olarak da bilinen D\u00fcden \u015eelalesi, kentin en \u00f6nemli turizm yerlerinden biri. \u015eehir merkezine 15 kilometre uzakl\u0131kta olan, e\u015fsiz g\u00fczelli\u011fi ve yaz aylar\u0131nda bile serin olmas\u0131yla bilinene D\u00fcden \u015eelalesi her y\u0131l milyonlarca insan\u0131n ziyaret etti\u011fi bir do\u011fa harikas\u0131. Kurban Bayram\u0131\u2019n\u0131n gelmesiyle beraber turistlerin gezilecek yerler aras\u0131nda ilk dura\u011f\u0131 olan D\u00fcden \u015eelalesi i\u00e7in Antalya B\u00fcy\u00fck\u015fehir Belediyesi \u00f6nemli bir duyuru yay\u0131nlad\u0131. D\u00dcDEN \u015eELALES\u0130 GE\u00c7 A\u00c7ILACAK Antalya B\u00fcy\u00fck\u015fehir Belediyesi 6 Haziran Cuma g\u00fcn\u00fc (yar\u0131n) Kurban Bayram\u0131\u2019n\u0131n ilk g\u00fcn\u00fcnde D\u00fcden \u015eelalesi\u2019nin saat 11.00\u2019da a\u00e7\u0131laca\u011f\u0131n\u0131 a\u00e7\u0131klad\u0131. Belediye\u2019den yap\u0131lan a\u00e7\u0131klamada, \u201cKurban Bayram\u0131&#8217;n\u0131n 1. g\u00fcn\u00fc (6 Haziran 2025) D\u00fcden \u015eelalesi sabah saat 11.00&#8217;de a\u00e7\u0131lacak. Anlay\u0131\u015f\u0131n\u0131z i\u00e7in te\u015fekk\u00fcr ederiz\u201d denildi. D\u00dcDEN \u015eELALES\u0130\u2019NE TRAMVAY G\u0130DER M\u0130? Kurban Bayram\u0131\u2019nda Antalya\u2019n\u0131n e\u015fsiz do\u011fa harikas\u0131 olan ve Milattan \u00d6nce 334-333 y\u0131llar\u0131 aras\u0131nda derin bir tarihe sahip olan D\u00fcden \u015eelalesi\u2019ne ula\u015f\u0131m son derece kolay. M\u00fcze y\u00f6n\u00fcnden Fatih y\u00f6n\u00fcne harekete eden T3 Tramvay hatt\u0131na binip, \u015eelale dura\u011f\u0131nda inerseniz D\u00fcden \u015eelalesi\u2019ne k\u0131sa s\u00fcrede ula\u015fabilirsiniz. Fatih-Expo y\u00f6n\u00fcne giden T1 Tramvay hatt\u0131na binip Otogar dura\u011f\u0131ndan aktarma yaparak da \u015felaleye ula\u015fabilirsiniz. D\u00dcDEN \u015eELALES\u0130\u2019NE G\u0130DEN OTOB\u00dcS HATLARI D\u00fcden \u015eelalesi\u2019ne giden bir di\u011fer ula\u015f\u0131m arac\u0131 da otob\u00fcsler. VF01, VL13, VL13A,CV14, CV17, CV17A, KC35A, VC53, VC57, VF66, KPZ83, &hellip;<\/p>","protected":false},"author":5,"featured_media":0,"comment_status":"","ping_status":"open","sticky":false,"template":"","format":"standard","meta":{"_acf_changed":false,"footnotes":""},"categories":[24],"tags":[],"class_list":["post-107296","post","type-post","status-publish","format-standard","has-post-thumbnail","hentry","category-gundem"],"acf":[],"yoast_head":"<!-- This site is optimized with the Yoast SEO Premium plugin v26.6 (Yoast SEO v27.1.1) - https:\/\/yoast.com\/product\/yoast-seo-premium-wordpress\/ -->\n<title>Antalya D\u00fcden \u015ealesi i\u00e7in \u00f6nemli duyuru: Bu saate dikkat! - Av. Deniz Can K\u0131z\u0131l<\/title>\n<meta name=\"robots\" content=\"index, follow, max-snippet:-1, max-image-preview:large, max-video-preview:-1\" \/>\n<link rel=\"canonical\" href=\"https:\/\/denizcankizil.tr\/uk\/haberler\/gundem\/antalya-duden-salesi-icin-onemli-duyuru-bu-saate-dikkat\/\" \/>\n<meta property=\"og:locale\" content=\"uk_UA\" \/>\n<meta property=\"og:type\" content=\"article\" \/>\n<meta property=\"og:title\" content=\"Antalya D\u00fcden \u015ealesi i\u00e7in \u00f6nemli duyuru: Bu saate dikkat!\" \/>\n<meta property=\"og:description\" content=\"Antalya\u2019n\u0131n Kepez il\u00e7esi Varsak Mahallesi\u2019nde yer alan \u0130skender \u015eelalesi ya da Yukar\u0131 D\u00fcden \u015eelalesi olarak da bilinen D\u00fcden \u015eelalesi, kentin en \u00f6nemli turizm yerlerinden biri. \u015eehir merkezine 15 kilometre uzakl\u0131kta olan, e\u015fsiz g\u00fczelli\u011fi ve yaz aylar\u0131nda bile serin olmas\u0131yla bilinene D\u00fcden \u015eelalesi her y\u0131l milyonlarca insan\u0131n ziyaret etti\u011fi bir do\u011fa harikas\u0131. Kurban Bayram\u0131\u2019n\u0131n gelmesiyle beraber turistlerin gezilecek yerler aras\u0131nda ilk dura\u011f\u0131 olan D\u00fcden \u015eelalesi i\u00e7in Antalya B\u00fcy\u00fck\u015fehir Belediyesi \u00f6nemli bir duyuru yay\u0131nlad\u0131. D\u00dcDEN \u015eELALES\u0130 GE\u00c7 A\u00c7ILACAK Antalya B\u00fcy\u00fck\u015fehir Belediyesi 6 Haziran Cuma g\u00fcn\u00fc (yar\u0131n) Kurban Bayram\u0131\u2019n\u0131n ilk g\u00fcn\u00fcnde D\u00fcden \u015eelalesi\u2019nin saat 11.00\u2019da a\u00e7\u0131laca\u011f\u0131n\u0131 a\u00e7\u0131klad\u0131. Belediye\u2019den yap\u0131lan a\u00e7\u0131klamada, \u201cKurban Bayram\u0131&#8217;n\u0131n 1. g\u00fcn\u00fc (6 Haziran 2025) D\u00fcden \u015eelalesi sabah saat 11.00&#8217;de a\u00e7\u0131lacak. Anlay\u0131\u015f\u0131n\u0131z i\u00e7in te\u015fekk\u00fcr ederiz\u201d denildi. D\u00dcDEN \u015eELALES\u0130\u2019NE TRAMVAY G\u0130DER M\u0130? Kurban Bayram\u0131\u2019nda Antalya\u2019n\u0131n e\u015fsiz do\u011fa harikas\u0131 olan ve Milattan \u00d6nce 334-333 y\u0131llar\u0131 aras\u0131nda derin bir tarihe sahip olan D\u00fcden \u015eelalesi\u2019ne ula\u015f\u0131m son derece kolay. M\u00fcze y\u00f6n\u00fcnden Fatih y\u00f6n\u00fcne harekete eden T3 Tramvay hatt\u0131na binip, \u015eelale dura\u011f\u0131nda inerseniz D\u00fcden \u015eelalesi\u2019ne k\u0131sa s\u00fcrede ula\u015fabilirsiniz. Fatih-Expo y\u00f6n\u00fcne giden T1 Tramvay hatt\u0131na binip Otogar dura\u011f\u0131ndan aktarma yaparak da \u015felaleye ula\u015fabilirsiniz. D\u00dcDEN \u015eELALES\u0130\u2019NE G\u0130DEN OTOB\u00dcS HATLARI D\u00fcden \u015eelalesi\u2019ne giden bir di\u011fer ula\u015f\u0131m arac\u0131 da otob\u00fcsler. VF01, VL13, VL13A,CV14, CV17, CV17A, KC35A, VC53, VC57, VF66, KPZ83, &hellip;\" \/>\n<meta property=\"og:url\" content=\"https:\/\/denizcankizil.tr\/uk\/haberler\/gundem\/antalya-duden-salesi-icin-onemli-duyuru-bu-saate-dikkat\/\" \/>\n<meta property=\"og:site_name\" content=\"Av. Deniz Can K\u0131z\u0131l\" \/>\n<meta property=\"article:published_time\" content=\"2025-06-05T10:41:40+00:00\" \/>\n<meta name=\"author\" content=\"Antalya K\u00f6rfez\" \/>\n<meta name=\"twitter:card\" content=\"summary_large_image\" \/>\n<meta name=\"twitter:label1\" content=\"\u041d\u0430\u043f\u0438\u0441\u0430\u043d\u043e\" \/>\n\t<meta name=\"twitter:data1\" content=\"Antalya K\u00f6rfez\" \/>\n\t<meta name=\"twitter:label2\" content=\"\u041f\u0440\u0438\u0431\u043b. \u0447\u0430\u0441 \u0447\u0438\u0442\u0430\u043d\u043d\u044f\" \/>\n\t<meta name=\"twitter:data2\" content=\"2 \u0445\u0432\u0438\u043b\u0438\u043d\u0438\" \/>\n<script type=\"application\/ld+json\" class=\"yoast-schema-graph\">{\"@context\":\"https:\/\/schema.org\",\"@graph\":[{\"@type\":\"Article\",\"@id\":\"https:\/\/denizcankizil.tr\/uk\/haberler\/gundem\/antalya-duden-salesi-icin-onemli-duyuru-bu-saate-dikkat\/#article\",\"isPartOf\":{\"@id\":\"https:\/\/denizcankizil.tr\/uk\/haberler\/gundem\/antalya-duden-salesi-icin-onemli-duyuru-bu-saate-dikkat\/\"},\"author\":{\"name\":\"Antalya K\u00f6rfez\",\"@id\":\"https:\/\/denizcankizil.tr\/de\/#\/schema\/person\/e1eb71bb4dd684d46563f0af307e1234\"},\"headline\":\"Antalya D\u00fcden \u015ealesi i\u00e7in \u00f6nemli duyuru: Bu saate dikkat!\",\"datePublished\":\"2025-06-05T10:41:40+00:00\",\"mainEntityOfPage\":{\"@id\":\"https:\/\/denizcankizil.tr\/uk\/haberler\/gundem\/antalya-duden-salesi-icin-onemli-duyuru-bu-saate-dikkat\/\"},\"wordCount\":371,\"publisher\":{\"@id\":\"https:\/\/denizcankizil.tr\/de\/#organization\"},\"articleSection\":[\"G\u00fcndem\"],\"inLanguage\":\"uk\"},{\"@type\":\"WebPage\",\"@id\":\"https:\/\/denizcankizil.tr\/uk\/haberler\/gundem\/antalya-duden-salesi-icin-onemli-duyuru-bu-saate-dikkat\/\",\"url\":\"https:\/\/denizcankizil.tr\/uk\/haberler\/gundem\/antalya-duden-salesi-icin-onemli-duyuru-bu-saate-dikkat\/\",\"name\":\"Antalya D\u00fcden \u015ealesi i\u00e7in \u00f6nemli duyuru: Bu saate dikkat! - Av. Deniz Can K\u0131z\u0131l\",\"isPartOf\":{\"@id\":\"https:\/\/denizcankizil.tr\/de\/#website\"},\"datePublished\":\"2025-06-05T10:41:40+00:00\",\"breadcrumb\":{\"@id\":\"https:\/\/denizcankizil.tr\/uk\/haberler\/gundem\/antalya-duden-salesi-icin-onemli-duyuru-bu-saate-dikkat\/#breadcrumb\"},\"inLanguage\":\"uk\",\"potentialAction\":[{\"@type\":\"ReadAction\",\"target\":[\"https:\/\/denizcankizil.tr\/uk\/haberler\/gundem\/antalya-duden-salesi-icin-onemli-duyuru-bu-saate-dikkat\/\"]}]},{\"@type\":\"BreadcrumbList\",\"@id\":\"https:\/\/denizcankizil.tr\/uk\/haberler\/gundem\/antalya-duden-salesi-icin-onemli-duyuru-bu-saate-dikkat\/#breadcrumb\",\"itemListElement\":[{\"@type\":\"ListItem\",\"position\":1,\"name\":\"Home\",\"item\":\"https:\/\/denizcankizil.tr\/de\/\"},{\"@type\":\"ListItem\",\"position\":2,\"name\":\"Antalya D\u00fcden \u015ealesi i\u00e7in \u00f6nemli duyuru: Bu saate dikkat!\"}]},{\"@type\":\"WebSite\",\"@id\":\"https:\/\/denizcankizil.tr\/de\/#website\",\"url\":\"https:\/\/denizcankizil.tr\/de\/\",\"name\":\"Av. Deniz Can K\u0131z\u0131l\",\"description\":\"Avukat Deniz Can K\u0131z\u0131l Antalya Barosu\",\"publisher\":{\"@id\":\"https:\/\/denizcankizil.tr\/de\/#organization\"},\"potentialAction\":[{\"@type\":\"SearchAction\",\"target\":{\"@type\":\"EntryPoint\",\"urlTemplate\":\"https:\/\/denizcankizil.tr\/de\/?s={search_term_string}\"},\"query-input\":{\"@type\":\"PropertyValueSpecification\",\"valueRequired\":true,\"valueName\":\"search_term_string\"}}],\"inLanguage\":\"uk\"},{\"@type\":\"Organization\",\"@id\":\"https:\/\/denizcankizil.tr\/de\/#organization\",\"name\":\"Av. Deniz Can K\u0131z\u0131l\",\"url\":\"https:\/\/denizcankizil.tr\/de\/\",\"logo\":{\"@type\":\"ImageObject\",\"inLanguage\":\"uk\",\"@id\":\"https:\/\/denizcankizil.tr\/de\/#\/schema\/logo\/image\/\",\"url\":\"https:\/\/denizcankizil.tr\/wp-content\/uploads\/2024\/10\/siyah-logo-svg.svg\",\"contentUrl\":\"https:\/\/denizcankizil.tr\/wp-content\/uploads\/2024\/10\/siyah-logo-svg.svg\",\"width\":1080,\"height\":1080,\"caption\":\"Av. Deniz Can K\u0131z\u0131l\"},\"image\":{\"@id\":\"https:\/\/denizcankizil.tr\/de\/#\/schema\/logo\/image\/\"}},{\"@type\":\"Person\",\"@id\":\"https:\/\/denizcankizil.tr\/de\/#\/schema\/person\/e1eb71bb4dd684d46563f0af307e1234\",\"name\":\"Antalya K\u00f6rfez\",\"image\":{\"@type\":\"ImageObject\",\"inLanguage\":\"uk\",\"@id\":\"https:\/\/denizcankizil.tr\/de\/#\/schema\/person\/image\/\",\"url\":\"https:\/\/secure.gravatar.com\/avatar\/42b01982558a48a0b501fdcab6a408d3717ea5919095ee2e67b0e521799c5905?s=96&d=mm&r=g\",\"contentUrl\":\"https:\/\/secure.gravatar.com\/avatar\/42b01982558a48a0b501fdcab6a408d3717ea5919095ee2e67b0e521799c5905?s=96&d=mm&r=g\",\"caption\":\"Antalya K\u00f6rfez\"},\"sameAs\":[\"http:\/\/www.antalyakorfez.com\"],\"url\":\"https:\/\/www.antalyakorfez.com\/antalya-duden-salesi-icin-onemli-duyuru-bu-saate-dikkat\"}]}<\/script>\n<!-- \/ Yoast SEO Premium plugin. -->","yoast_head_json":{"title":"Antalya D\u00fcden \u015ealesi i\u00e7in \u00f6nemli duyuru: Bu saate dikkat! - Av. Deniz Can K\u0131z\u0131l","robots":{"index":"index","follow":"follow","max-snippet":"max-snippet:-1","max-image-preview":"max-image-preview:large","max-video-preview":"max-video-preview:-1"},"canonical":"https:\/\/denizcankizil.tr\/uk\/haberler\/gundem\/antalya-duden-salesi-icin-onemli-duyuru-bu-saate-dikkat\/","og_locale":"uk_UA","og_type":"article","og_title":"Antalya D\u00fcden \u015ealesi i\u00e7in \u00f6nemli duyuru: Bu saate dikkat!","og_description":"Antalya\u2019n\u0131n Kepez il\u00e7esi Varsak Mahallesi\u2019nde yer alan \u0130skender \u015eelalesi ya da Yukar\u0131 D\u00fcden \u015eelalesi olarak da bilinen D\u00fcden \u015eelalesi, kentin en \u00f6nemli turizm yerlerinden biri. \u015eehir merkezine 15 kilometre uzakl\u0131kta olan, e\u015fsiz g\u00fczelli\u011fi ve yaz aylar\u0131nda bile serin olmas\u0131yla bilinene D\u00fcden \u015eelalesi her y\u0131l milyonlarca insan\u0131n ziyaret etti\u011fi bir do\u011fa harikas\u0131. Kurban Bayram\u0131\u2019n\u0131n gelmesiyle beraber turistlerin gezilecek yerler aras\u0131nda ilk dura\u011f\u0131 olan D\u00fcden \u015eelalesi i\u00e7in Antalya B\u00fcy\u00fck\u015fehir Belediyesi \u00f6nemli bir duyuru yay\u0131nlad\u0131. D\u00dcDEN \u015eELALES\u0130 GE\u00c7 A\u00c7ILACAK Antalya B\u00fcy\u00fck\u015fehir Belediyesi 6 Haziran Cuma g\u00fcn\u00fc (yar\u0131n) Kurban Bayram\u0131\u2019n\u0131n ilk g\u00fcn\u00fcnde D\u00fcden \u015eelalesi\u2019nin saat 11.00\u2019da a\u00e7\u0131laca\u011f\u0131n\u0131 a\u00e7\u0131klad\u0131. Belediye\u2019den yap\u0131lan a\u00e7\u0131klamada, \u201cKurban Bayram\u0131&#8217;n\u0131n 1. g\u00fcn\u00fc (6 Haziran 2025) D\u00fcden \u015eelalesi sabah saat 11.00&#8217;de a\u00e7\u0131lacak. Anlay\u0131\u015f\u0131n\u0131z i\u00e7in te\u015fekk\u00fcr ederiz\u201d denildi. D\u00dcDEN \u015eELALES\u0130\u2019NE TRAMVAY G\u0130DER M\u0130? Kurban Bayram\u0131\u2019nda Antalya\u2019n\u0131n e\u015fsiz do\u011fa harikas\u0131 olan ve Milattan \u00d6nce 334-333 y\u0131llar\u0131 aras\u0131nda derin bir tarihe sahip olan D\u00fcden \u015eelalesi\u2019ne ula\u015f\u0131m son derece kolay. M\u00fcze y\u00f6n\u00fcnden Fatih y\u00f6n\u00fcne harekete eden T3 Tramvay hatt\u0131na binip, \u015eelale dura\u011f\u0131nda inerseniz D\u00fcden \u015eelalesi\u2019ne k\u0131sa s\u00fcrede ula\u015fabilirsiniz. Fatih-Expo y\u00f6n\u00fcne giden T1 Tramvay hatt\u0131na binip Otogar dura\u011f\u0131ndan aktarma yaparak da \u015felaleye ula\u015fabilirsiniz. D\u00dcDEN \u015eELALES\u0130\u2019NE G\u0130DEN OTOB\u00dcS HATLARI D\u00fcden \u015eelalesi\u2019ne giden bir di\u011fer ula\u015f\u0131m arac\u0131 da otob\u00fcsler. VF01, VL13, VL13A,CV14, CV17, CV17A, KC35A, VC53, VC57, VF66, KPZ83, &hellip;","og_url":"https:\/\/denizcankizil.tr\/uk\/haberler\/gundem\/antalya-duden-salesi-icin-onemli-duyuru-bu-saate-dikkat\/","og_site_name":"Av. Deniz Can K\u0131z\u0131l","article_published_time":"2025-06-05T10:41:40+00:00","author":"Antalya K\u00f6rfez","twitter_card":"summary_large_image","twitter_misc":{"\u041d\u0430\u043f\u0438\u0441\u0430\u043d\u043e":"Antalya K\u00f6rfez","\u041f\u0440\u0438\u0431\u043b. \u0447\u0430\u0441 \u0447\u0438\u0442\u0430\u043d\u043d\u044f":"2 \u0445\u0432\u0438\u043b\u0438\u043d\u0438"},"schema":{"@context":"https:\/\/schema.org","@graph":[{"@type":"Article","@id":"https:\/\/denizcankizil.tr\/uk\/haberler\/gundem\/antalya-duden-salesi-icin-onemli-duyuru-bu-saate-dikkat\/#article","isPartOf":{"@id":"https:\/\/denizcankizil.tr\/uk\/haberler\/gundem\/antalya-duden-salesi-icin-onemli-duyuru-bu-saate-dikkat\/"},"author":{"name":"Antalya K\u00f6rfez","@id":"https:\/\/denizcankizil.tr\/de\/#\/schema\/person\/e1eb71bb4dd684d46563f0af307e1234"},"headline":"Antalya D\u00fcden \u015ealesi i\u00e7in \u00f6nemli duyuru: Bu saate dikkat!","datePublished":"2025-06-05T10:41:40+00:00","mainEntityOfPage":{"@id":"https:\/\/denizcankizil.tr\/uk\/haberler\/gundem\/antalya-duden-salesi-icin-onemli-duyuru-bu-saate-dikkat\/"},"wordCount":371,"publisher":{"@id":"https:\/\/denizcankizil.tr\/de\/#organization"},"articleSection":["G\u00fcndem"],"inLanguage":"uk"},{"@type":"WebPage","@id":"https:\/\/denizcankizil.tr\/uk\/haberler\/gundem\/antalya-duden-salesi-icin-onemli-duyuru-bu-saate-dikkat\/","url":"https:\/\/denizcankizil.tr\/uk\/haberler\/gundem\/antalya-duden-salesi-icin-onemli-duyuru-bu-saate-dikkat\/","name":"Antalya D\u00fcden \u015ealesi i\u00e7in \u00f6nemli duyuru: Bu saate dikkat! - Av. Deniz Can K\u0131z\u0131l","isPartOf":{"@id":"https:\/\/denizcankizil.tr\/de\/#website"},"datePublished":"2025-06-05T10:41:40+00:00","breadcrumb":{"@id":"https:\/\/denizcankizil.tr\/uk\/haberler\/gundem\/antalya-duden-salesi-icin-onemli-duyuru-bu-saate-dikkat\/#breadcrumb"},"inLanguage":"uk","potentialAction":[{"@type":"ReadAction","target":["https:\/\/denizcankizil.tr\/uk\/haberler\/gundem\/antalya-duden-salesi-icin-onemli-duyuru-bu-saate-dikkat\/"]}]},{"@type":"BreadcrumbList","@id":"https:\/\/denizcankizil.tr\/uk\/haberler\/gundem\/antalya-duden-salesi-icin-onemli-duyuru-bu-saate-dikkat\/#breadcrumb","itemListElement":[{"@type":"ListItem","position":1,"name":"Home","item":"https:\/\/denizcankizil.tr\/de\/"},{"@type":"ListItem","position":2,"name":"Antalya D\u00fcden \u015ealesi i\u00e7in \u00f6nemli duyuru: Bu saate dikkat!"}]},{"@type":"WebSite","@id":"https:\/\/denizcankizil.tr\/de\/#website","url":"https:\/\/denizcankizil.tr\/de\/","name":"Av. Deniz Can K\u0131z\u0131l","description":"Avukat Deniz Can K\u0131z\u0131l Antalya Barosu","publisher":{"@id":"https:\/\/denizcankizil.tr\/de\/#organization"},"potentialAction":[{"@type":"SearchAction","target":{"@type":"EntryPoint","urlTemplate":"https:\/\/denizcankizil.tr\/de\/?s={search_term_string}"},"query-input":{"@type":"PropertyValueSpecification","valueRequired":true,"valueName":"search_term_string"}}],"inLanguage":"uk"},{"@type":"Organization","@id":"https:\/\/denizcankizil.tr\/de\/#organization","name":"Av. Deniz Can K\u0131z\u0131l","url":"https:\/\/denizcankizil.tr\/de\/","logo":{"@type":"ImageObject","inLanguage":"uk","@id":"https:\/\/denizcankizil.tr\/de\/#\/schema\/logo\/image\/","url":"https:\/\/denizcankizil.tr\/wp-content\/uploads\/2024\/10\/siyah-logo-svg.svg","contentUrl":"https:\/\/denizcankizil.tr\/wp-content\/uploads\/2024\/10\/siyah-logo-svg.svg","width":1080,"height":1080,"caption":"Av. Deniz Can K\u0131z\u0131l"},"image":{"@id":"https:\/\/denizcankizil.tr\/de\/#\/schema\/logo\/image\/"}},{"@type":"Person","@id":"https:\/\/denizcankizil.tr\/de\/#\/schema\/person\/e1eb71bb4dd684d46563f0af307e1234","name":"Antalya K\u00f6rfez","image":{"@type":"ImageObject","inLanguage":"uk","@id":"https:\/\/denizcankizil.tr\/de\/#\/schema\/person\/image\/","url":"https:\/\/secure.gravatar.com\/avatar\/42b01982558a48a0b501fdcab6a408d3717ea5919095ee2e67b0e521799c5905?s=96&d=mm&r=g","contentUrl":"https:\/\/secure.gravatar.com\/avatar\/42b01982558a48a0b501fdcab6a408d3717ea5919095ee2e67b0e521799c5905?s=96&d=mm&r=g","caption":"Antalya K\u00f6rfez"},"sameAs":["http:\/\/www.antalyakorfez.com"],"url":"https:\/\/www.antalyakorfez.com\/antalya-duden-salesi-icin-onemli-duyuru-bu-saate-dikkat"}]}},"_links":{"self":[{"href":"https:\/\/denizcankizil.tr\/uk\/wp-json\/wp\/v2\/posts\/107296","targetHints":{"allow":["GET"]}}],"collection":[{"href":"https:\/\/denizcankizil.tr\/uk\/wp-json\/wp\/v2\/posts"}],"about":[{"href":"https:\/\/denizcankizil.tr\/uk\/wp-json\/wp\/v2\/types\/post"}],"author":[{"embeddable":true,"href":"https:\/\/denizcankizil.tr\/uk\/wp-json\/wp\/v2\/users\/5"}],"replies":[{"embeddable":true,"href":"https:\/\/denizcankizil.tr\/uk\/wp-json\/wp\/v2\/comments?post=107296"}],"version-history":[{"count":0,"href":"https:\/\/denizcankizil.tr\/uk\/wp-json\/wp\/v2\/posts\/107296\/revisions"}],"wp:attachment":[{"href":"https:\/\/denizcankizil.tr\/uk\/wp-json\/wp\/v2\/media?parent=107296"}],"wp:term":[{"taxonomy":"category","embeddable":true,"href":"https:\/\/denizcankizil.tr\/uk\/wp-json\/wp\/v2\/categories?post=107296"},{"taxonomy":"post_tag","embeddable":true,"href":"https:\/\/denizcankizil.tr\/uk\/wp-json\/wp\/v2\/tags?post=107296"}],"curies":[{"name":"wp","href":"https:\/\/api.w.org\/{rel}","templated":true}]}}