{"id":107240,"date":"2025-06-05T12:42:03","date_gmt":"2025-06-05T09:42:03","guid":{"rendered":"https:\/\/denizcankizil.tr\/uncategorized-tr\/antalyada-okul-arazisi-tartismasi-ali-cetin-o-iddialara-ates-puskurdu\/"},"modified":"2025-06-05T12:42:03","modified_gmt":"2025-06-05T09:42:03","slug":"antalyada-okul-arazisi-tartismasi-ali-cetin-o-iddialara-ates-puskurdu","status":"publish","type":"post","link":"https:\/\/denizcankizil.tr\/uk\/haberler\/gundem\/antalyada-okul-arazisi-tartismasi-ali-cetin-o-iddialara-ates-puskurdu\/","title":{"rendered":"Antalya\u2019da okul arazisi tart\u0131\u015fmas\u0131\u2026 Ali \u00c7etin o iddialara ate\u015f p\u00fcsk\u00fcrd\u00fc!"},"content":{"rendered":"<p>Antalya\u2019da CHP Muratpa\u015fa \u0130l\u00e7e Ba\u015fkan\u0131 Can Okan K\u0131ran\u2019\u0131n g\u00fcndeme ta\u015f\u0131d\u0131\u011f\u0131 okul arazisi iddialar\u0131na AK Parti \u0130l Ba\u015fkan\u0131 Ali \u00c7etin\u2019den cevap geldi. \u00c7etin, \u015fehirde etkili muhalefet anlay\u0131\u015f\u0131n\u0131n birilerini rahats\u0131z etti\u011fini ve kendisiyle ilgili ara\u015ft\u0131rmalar\u0131n yap\u0131ld\u0131\u011f\u0131n\u0131 s\u00f6yledi. \u00c7etin, \u201c\u0130stedi\u011finiz kadar ara\u015ft\u0131r\u0131n. Veremeyece\u011fimiz bir hesab\u0131m\u0131z yok\u201d diye konu\u015ftu.<\/p>\n<p>BENDEN \u00d6NCE BA\u015eKA B\u0130R K\u0130RACI VARDI!<\/p>\n<p>AK Parti Antalya \u0130l Ba\u015fkan\u0131 Ali \u00c7etin, seramik deposu olarak kulland\u0131\u011f\u0131 kiral\u0131k deponun Vak\u0131flar B\u00f6lge M\u00fcd\u00fcrl\u00fc\u011f\u00fc m\u00fclk\u00fc oldu\u011funu ve kendisinin de o depoda kirac\u0131 oldu\u011funu ifade etti. Vak\u0131flar B\u00f6lge M\u00fcd\u00fcrl\u00fc\u011f\u00fc\u2019ne ait b\u00f6lgede onlarca kiral\u0131k alan oldu\u011funa dikkat \u00e7eken \u00c7etin, \u201cAntalya\u2019da muhalefet g\u00f6revimizi lay\u0131k\u0131yla yerine getiriyoruz. Bu birilerini rahats\u0131z ediyor. Buyursunlar gelsinler, Allah&#8217;a \u015f\u00fck\u00fcrler olsun veremeyece\u011fimiz hesap yok. \u015eu an kirac\u0131s\u0131 oldu\u011fum depo daha \u00f6ncede ba\u015fka birinde kiral\u0131kt\u0131. Ben sonra birileri gibi 10 y\u0131ll\u0131k, 20 y\u0131ll\u0131kta kiralamad\u0131m. Her Ocak ay\u0131nda kira s\u00f6zle\u015fmesi yenileniyor. Di\u011fer yandan yar\u0131n bu alanda okul yap\u0131lmas\u0131na karar verilsin, depoyu an\u0131nda bo\u015falt\u0131r\u0131m&#8221; dedi.<\/p>\n<p>ETK\u0130L\u0130 MUHALEFET ANLAYI\u015eIMIZ DEVAM EDECEK!<\/p>\n<p>Antalya B\u00fcy\u00fck\u015fehir Belediyesi ba\u015fta olmak \u00fczere 19 il\u00e7enin tamam\u0131nda etkili muhalefet anlay\u0131\u015flar\u0131n\u0131n devam edece\u011fini belirten Ali \u00c7etin, Antalyal\u0131lar\u0131n haklar\u0131n\u0131 her zaman koruyacaklar\u0131n\u0131 anlatt\u0131. \u00c7etin&#8217;in a\u00e7\u0131klamalar\u0131n\u0131n devam\u0131nda \u015fu ifadeler yer ald\u0131: &#8220;Etkili muhalefet anlay\u0131\u015f\u0131m\u0131z bu t\u00fcr bo\u015f g\u00fcndem iddialar\u0131na ra\u011fmen devam edecek. Yerel se\u00e7imlerden \u00f6nce hangi belediye ba\u015fkan aday\u0131 ne vaatte bulunmu\u015fsa, o vaatlerin ger\u00e7ekle\u015fip ger\u00e7ekle\u015fmedi\u011finin takip\u00e7isi olaca\u011f\u0131z. \u0130\u015fte bu tavr\u0131m\u0131zdan dolay\u0131 birileri bizimle ilgili ara\u015ft\u0131rma i\u00e7erisine girmi\u015f. Bu siyaset de\u011fil. Siyaset\u00e7iler bu t\u00fcr i\u015flerle u\u011fra\u015fmamal\u0131. CHP Milletvekili TBMM\u2019de konu\u015fmu\u015f, &#8216;\u0130hale d\u00fczenlendi mi?&#8217; diye.. Kiralanan depoyla ilgili Vak\u0131flar B\u00f6lge M\u00fcd\u00fcrl\u00fc\u011f\u00fc ihale d\u00fczenledi. Bende \u015fartlar\u0131m\u0131 yerine getirerek, il ba\u015fkan\u0131 s\u0131fat\u0131yla de\u011fil Ali \u00c7etin olarak ihaleye girdim ve kazand\u0131m.&#8221;<\/p>\n<p>NE OLMU\u015eTU?<\/p>\n<p>CHP Antalya Milletvekili Mustafa Erdem, Antalya Muratpa\u015fa&#8217;da okul alan\u0131n\u0131n ticari depo olarak kiraya verilmesi tart\u0131\u015fmas\u0131n\u0131 TBMM g\u00fcndemine ta\u015f\u0131m\u0131\u015ft\u0131. Milletvekili Erdem, imar planlar\u0131nda \u201cilkokul alan\u0131\u201d olarak tan\u0131mlanan kamu arazisinin 2019 y\u0131l\u0131ndan bu yana AK Parti Antalya \u0130l Ba\u015fkan\u0131 Ali \u00c7etin taraf\u0131ndan ticari depo olarak kullan\u0131ld\u0131\u011f\u0131 y\u00f6n\u00fcndeki iddialarla ilgili Hazine ve Maliye Bakan\u0131 Mehmet \u015eim\u015fek ile Milli E\u011fitim Bakan\u0131 Yusuf Tekin\u2019in yan\u0131tlamas\u0131 istemiyle iki ayr\u0131 soru \u00f6nergesi vermi\u015fti. Erdem konuya ili\u015fkin konu\u015fmas\u0131nda \u015fu ifadelere yer vermi\u015fti: &#8220;Antalya Muratpa\u015fa il\u00e7emizin K\u0131z\u0131ltoprak Mahallesi\u2019nde bulunan ve imar planlar\u0131nda &#8216;ilkokul alan\u0131&#8217; olarak belirlenmi\u015f 5 bin 105 metrekare b\u00fcy\u00fckl\u00fc\u011f\u00fcndeki kamu arazisinin, 2019 y\u0131l\u0131ndan bu yana AK Parti Antalya \u0130l Ba\u015fkan\u0131 Ali \u00c7etin taraf\u0131ndan ticari depo olarak kullan\u0131ld\u0131\u011f\u0131 y\u00f6n\u00fcndeki iddialar do\u011fru mu?&#8221;<\/p>\n<p>\u200bCHP Antalya Milletvekili Mustafa Erdem\u2019in TBMM\u2019ye ta\u015f\u0131d\u0131\u011f\u0131 ve AK Parti Antalya \u0130l Ba\u015fkan\u0131 Ali \u00c7etin\u2019e ait okul alan\u0131 oldu\u011fu iddia edilen depoyla ilgili olarak Ali \u00c7etin\u2019den a\u00e7\u0131klama geldi. \u00c7etin, o iddialara ate\u015f p\u00fcsk\u00fcrd\u00fc.\u00a0<\/p>\n<p>\u200bHaberin Al\u0131nt\u0131land\u0131\u011f\u0131 Kaynak: www.antalyakorfez.com<\/p>","protected":false},"excerpt":{"rendered":"<p>Antalya\u2019da CHP Muratpa\u015fa \u0130l\u00e7e Ba\u015fkan\u0131 Can Okan K\u0131ran\u2019\u0131n g\u00fcndeme ta\u015f\u0131d\u0131\u011f\u0131 okul arazisi iddialar\u0131na AK Parti \u0130l Ba\u015fkan\u0131 Ali \u00c7etin\u2019den cevap geldi. \u00c7etin, \u015fehirde etkili muhalefet anlay\u0131\u015f\u0131n\u0131n birilerini rahats\u0131z etti\u011fini ve kendisiyle ilgili ara\u015ft\u0131rmalar\u0131n yap\u0131ld\u0131\u011f\u0131n\u0131 s\u00f6yledi. \u00c7etin, \u201c\u0130stedi\u011finiz kadar ara\u015ft\u0131r\u0131n. Veremeyece\u011fimiz bir hesab\u0131m\u0131z yok\u201d diye konu\u015ftu. BENDEN \u00d6NCE BA\u015eKA B\u0130R K\u0130RACI VARDI! AK Parti Antalya \u0130l Ba\u015fkan\u0131 Ali \u00c7etin, seramik deposu olarak kulland\u0131\u011f\u0131 kiral\u0131k deponun Vak\u0131flar B\u00f6lge M\u00fcd\u00fcrl\u00fc\u011f\u00fc m\u00fclk\u00fc oldu\u011funu ve kendisinin de o depoda kirac\u0131 oldu\u011funu ifade etti. Vak\u0131flar B\u00f6lge M\u00fcd\u00fcrl\u00fc\u011f\u00fc\u2019ne ait b\u00f6lgede onlarca kiral\u0131k alan oldu\u011funa dikkat \u00e7eken \u00c7etin, \u201cAntalya\u2019da muhalefet g\u00f6revimizi lay\u0131k\u0131yla yerine getiriyoruz. Bu birilerini rahats\u0131z ediyor. Buyursunlar gelsinler, Allah&#8217;a \u015f\u00fck\u00fcrler olsun veremeyece\u011fimiz hesap yok. \u015eu an kirac\u0131s\u0131 oldu\u011fum depo daha \u00f6ncede ba\u015fka birinde kiral\u0131kt\u0131. Ben sonra birileri gibi 10 y\u0131ll\u0131k, 20 y\u0131ll\u0131kta kiralamad\u0131m. Her Ocak ay\u0131nda kira s\u00f6zle\u015fmesi yenileniyor. Di\u011fer yandan yar\u0131n bu alanda okul yap\u0131lmas\u0131na karar verilsin, depoyu an\u0131nda bo\u015falt\u0131r\u0131m&#8221; dedi. ETK\u0130L\u0130 MUHALEFET ANLAYI\u015eIMIZ DEVAM EDECEK! Antalya B\u00fcy\u00fck\u015fehir Belediyesi ba\u015fta olmak \u00fczere 19 il\u00e7enin tamam\u0131nda etkili muhalefet anlay\u0131\u015flar\u0131n\u0131n devam edece\u011fini belirten Ali \u00c7etin, Antalyal\u0131lar\u0131n haklar\u0131n\u0131 her zaman koruyacaklar\u0131n\u0131 anlatt\u0131. \u00c7etin&#8217;in a\u00e7\u0131klamalar\u0131n\u0131n devam\u0131nda \u015fu ifadeler yer ald\u0131: &#8220;Etkili muhalefet anlay\u0131\u015f\u0131m\u0131z bu t\u00fcr bo\u015f g\u00fcndem iddialar\u0131na ra\u011fmen devam edecek. Yerel se\u00e7imlerden \u00f6nce hangi belediye ba\u015fkan aday\u0131 ne &hellip;<\/p>","protected":false},"author":5,"featured_media":0,"comment_status":"","ping_status":"open","sticky":false,"template":"","format":"standard","meta":{"_acf_changed":false,"footnotes":""},"categories":[24],"tags":[],"class_list":["post-107240","post","type-post","status-publish","format-standard","has-post-thumbnail","hentry","category-gundem"],"acf":[],"yoast_head":"<!-- This site is optimized with the Yoast SEO Premium plugin v26.6 (Yoast SEO v27.1.1) - https:\/\/yoast.com\/product\/yoast-seo-premium-wordpress\/ -->\n<title>Antalya\u2019da okul arazisi tart\u0131\u015fmas\u0131\u2026 Ali \u00c7etin o iddialara ate\u015f p\u00fcsk\u00fcrd\u00fc! - Av. Deniz Can K\u0131z\u0131l<\/title>\n<meta name=\"robots\" content=\"index, follow, max-snippet:-1, max-image-preview:large, max-video-preview:-1\" \/>\n<link rel=\"canonical\" href=\"https:\/\/denizcankizil.tr\/uk\/haberler\/gundem\/antalyada-okul-arazisi-tartismasi-ali-cetin-o-iddialara-ates-puskurdu\/\" \/>\n<meta property=\"og:locale\" content=\"uk_UA\" \/>\n<meta property=\"og:type\" content=\"article\" \/>\n<meta property=\"og:title\" content=\"Antalya\u2019da okul arazisi tart\u0131\u015fmas\u0131\u2026 Ali \u00c7etin o iddialara ate\u015f p\u00fcsk\u00fcrd\u00fc!\" \/>\n<meta property=\"og:description\" content=\"Antalya\u2019da CHP Muratpa\u015fa \u0130l\u00e7e Ba\u015fkan\u0131 Can Okan K\u0131ran\u2019\u0131n g\u00fcndeme ta\u015f\u0131d\u0131\u011f\u0131 okul arazisi iddialar\u0131na AK Parti \u0130l Ba\u015fkan\u0131 Ali \u00c7etin\u2019den cevap geldi. \u00c7etin, \u015fehirde etkili muhalefet anlay\u0131\u015f\u0131n\u0131n birilerini rahats\u0131z etti\u011fini ve kendisiyle ilgili ara\u015ft\u0131rmalar\u0131n yap\u0131ld\u0131\u011f\u0131n\u0131 s\u00f6yledi. \u00c7etin, \u201c\u0130stedi\u011finiz kadar ara\u015ft\u0131r\u0131n. Veremeyece\u011fimiz bir hesab\u0131m\u0131z yok\u201d diye konu\u015ftu. BENDEN \u00d6NCE BA\u015eKA B\u0130R K\u0130RACI VARDI! AK Parti Antalya \u0130l Ba\u015fkan\u0131 Ali \u00c7etin, seramik deposu olarak kulland\u0131\u011f\u0131 kiral\u0131k deponun Vak\u0131flar B\u00f6lge M\u00fcd\u00fcrl\u00fc\u011f\u00fc m\u00fclk\u00fc oldu\u011funu ve kendisinin de o depoda kirac\u0131 oldu\u011funu ifade etti. Vak\u0131flar B\u00f6lge M\u00fcd\u00fcrl\u00fc\u011f\u00fc\u2019ne ait b\u00f6lgede onlarca kiral\u0131k alan oldu\u011funa dikkat \u00e7eken \u00c7etin, \u201cAntalya\u2019da muhalefet g\u00f6revimizi lay\u0131k\u0131yla yerine getiriyoruz. Bu birilerini rahats\u0131z ediyor. Buyursunlar gelsinler, Allah&#8217;a \u015f\u00fck\u00fcrler olsun veremeyece\u011fimiz hesap yok. \u015eu an kirac\u0131s\u0131 oldu\u011fum depo daha \u00f6ncede ba\u015fka birinde kiral\u0131kt\u0131. Ben sonra birileri gibi 10 y\u0131ll\u0131k, 20 y\u0131ll\u0131kta kiralamad\u0131m. Her Ocak ay\u0131nda kira s\u00f6zle\u015fmesi yenileniyor. Di\u011fer yandan yar\u0131n bu alanda okul yap\u0131lmas\u0131na karar verilsin, depoyu an\u0131nda bo\u015falt\u0131r\u0131m&#8221; dedi. ETK\u0130L\u0130 MUHALEFET ANLAYI\u015eIMIZ DEVAM EDECEK! Antalya B\u00fcy\u00fck\u015fehir Belediyesi ba\u015fta olmak \u00fczere 19 il\u00e7enin tamam\u0131nda etkili muhalefet anlay\u0131\u015flar\u0131n\u0131n devam edece\u011fini belirten Ali \u00c7etin, Antalyal\u0131lar\u0131n haklar\u0131n\u0131 her zaman koruyacaklar\u0131n\u0131 anlatt\u0131. \u00c7etin&#8217;in a\u00e7\u0131klamalar\u0131n\u0131n devam\u0131nda \u015fu ifadeler yer ald\u0131: &#8220;Etkili muhalefet anlay\u0131\u015f\u0131m\u0131z bu t\u00fcr bo\u015f g\u00fcndem iddialar\u0131na ra\u011fmen devam edecek. Yerel se\u00e7imlerden \u00f6nce hangi belediye ba\u015fkan aday\u0131 ne &hellip;\" \/>\n<meta property=\"og:url\" content=\"https:\/\/denizcankizil.tr\/uk\/haberler\/gundem\/antalyada-okul-arazisi-tartismasi-ali-cetin-o-iddialara-ates-puskurdu\/\" \/>\n<meta property=\"og:site_name\" content=\"Av. Deniz Can K\u0131z\u0131l\" \/>\n<meta property=\"article:published_time\" content=\"2025-06-05T09:42:03+00:00\" \/>\n<meta name=\"author\" content=\"Antalya K\u00f6rfez\" \/>\n<meta name=\"twitter:card\" content=\"summary_large_image\" \/>\n<meta name=\"twitter:label1\" content=\"\u041d\u0430\u043f\u0438\u0441\u0430\u043d\u043e\" \/>\n\t<meta name=\"twitter:data1\" content=\"Antalya K\u00f6rfez\" \/>\n\t<meta name=\"twitter:label2\" content=\"\u041f\u0440\u0438\u0431\u043b. \u0447\u0430\u0441 \u0447\u0438\u0442\u0430\u043d\u043d\u044f\" \/>\n\t<meta name=\"twitter:data2\" content=\"3 \u0445\u0432\u0438\u043b\u0438\u043d\u0438\" \/>\n<script type=\"application\/ld+json\" class=\"yoast-schema-graph\">{\"@context\":\"https:\/\/schema.org\",\"@graph\":[{\"@type\":\"Article\",\"@id\":\"https:\/\/denizcankizil.tr\/uk\/haberler\/gundem\/antalyada-okul-arazisi-tartismasi-ali-cetin-o-iddialara-ates-puskurdu\/#article\",\"isPartOf\":{\"@id\":\"https:\/\/denizcankizil.tr\/uk\/haberler\/gundem\/antalyada-okul-arazisi-tartismasi-ali-cetin-o-iddialara-ates-puskurdu\/\"},\"author\":{\"name\":\"Antalya K\u00f6rfez\",\"@id\":\"https:\/\/denizcankizil.tr\/de\/#\/schema\/person\/e1eb71bb4dd684d46563f0af307e1234\"},\"headline\":\"Antalya\u2019da okul arazisi tart\u0131\u015fmas\u0131\u2026 Ali \u00c7etin o iddialara ate\u015f p\u00fcsk\u00fcrd\u00fc!\",\"datePublished\":\"2025-06-05T09:42:03+00:00\",\"mainEntityOfPage\":{\"@id\":\"https:\/\/denizcankizil.tr\/uk\/haberler\/gundem\/antalyada-okul-arazisi-tartismasi-ali-cetin-o-iddialara-ates-puskurdu\/\"},\"wordCount\":615,\"publisher\":{\"@id\":\"https:\/\/denizcankizil.tr\/de\/#organization\"},\"articleSection\":[\"G\u00fcndem\"],\"inLanguage\":\"uk\"},{\"@type\":\"WebPage\",\"@id\":\"https:\/\/denizcankizil.tr\/uk\/haberler\/gundem\/antalyada-okul-arazisi-tartismasi-ali-cetin-o-iddialara-ates-puskurdu\/\",\"url\":\"https:\/\/denizcankizil.tr\/uk\/haberler\/gundem\/antalyada-okul-arazisi-tartismasi-ali-cetin-o-iddialara-ates-puskurdu\/\",\"name\":\"Antalya\u2019da okul arazisi tart\u0131\u015fmas\u0131\u2026 Ali \u00c7etin o iddialara ate\u015f p\u00fcsk\u00fcrd\u00fc! - Av. Deniz Can K\u0131z\u0131l\",\"isPartOf\":{\"@id\":\"https:\/\/denizcankizil.tr\/de\/#website\"},\"datePublished\":\"2025-06-05T09:42:03+00:00\",\"breadcrumb\":{\"@id\":\"https:\/\/denizcankizil.tr\/uk\/haberler\/gundem\/antalyada-okul-arazisi-tartismasi-ali-cetin-o-iddialara-ates-puskurdu\/#breadcrumb\"},\"inLanguage\":\"uk\",\"potentialAction\":[{\"@type\":\"ReadAction\",\"target\":[\"https:\/\/denizcankizil.tr\/uk\/haberler\/gundem\/antalyada-okul-arazisi-tartismasi-ali-cetin-o-iddialara-ates-puskurdu\/\"]}]},{\"@type\":\"BreadcrumbList\",\"@id\":\"https:\/\/denizcankizil.tr\/uk\/haberler\/gundem\/antalyada-okul-arazisi-tartismasi-ali-cetin-o-iddialara-ates-puskurdu\/#breadcrumb\",\"itemListElement\":[{\"@type\":\"ListItem\",\"position\":1,\"name\":\"Home\",\"item\":\"https:\/\/denizcankizil.tr\/de\/\"},{\"@type\":\"ListItem\",\"position\":2,\"name\":\"Antalya\u2019da okul arazisi tart\u0131\u015fmas\u0131\u2026 Ali \u00c7etin o iddialara ate\u015f p\u00fcsk\u00fcrd\u00fc!\"}]},{\"@type\":\"WebSite\",\"@id\":\"https:\/\/denizcankizil.tr\/de\/#website\",\"url\":\"https:\/\/denizcankizil.tr\/de\/\",\"name\":\"Av. Deniz Can K\u0131z\u0131l\",\"description\":\"Avukat Deniz Can K\u0131z\u0131l Antalya Barosu\",\"publisher\":{\"@id\":\"https:\/\/denizcankizil.tr\/de\/#organization\"},\"potentialAction\":[{\"@type\":\"SearchAction\",\"target\":{\"@type\":\"EntryPoint\",\"urlTemplate\":\"https:\/\/denizcankizil.tr\/de\/?s={search_term_string}\"},\"query-input\":{\"@type\":\"PropertyValueSpecification\",\"valueRequired\":true,\"valueName\":\"search_term_string\"}}],\"inLanguage\":\"uk\"},{\"@type\":\"Organization\",\"@id\":\"https:\/\/denizcankizil.tr\/de\/#organization\",\"name\":\"Av. Deniz Can K\u0131z\u0131l\",\"url\":\"https:\/\/denizcankizil.tr\/de\/\",\"logo\":{\"@type\":\"ImageObject\",\"inLanguage\":\"uk\",\"@id\":\"https:\/\/denizcankizil.tr\/de\/#\/schema\/logo\/image\/\",\"url\":\"https:\/\/denizcankizil.tr\/wp-content\/uploads\/2024\/10\/siyah-logo-svg.svg\",\"contentUrl\":\"https:\/\/denizcankizil.tr\/wp-content\/uploads\/2024\/10\/siyah-logo-svg.svg\",\"width\":1080,\"height\":1080,\"caption\":\"Av. Deniz Can K\u0131z\u0131l\"},\"image\":{\"@id\":\"https:\/\/denizcankizil.tr\/de\/#\/schema\/logo\/image\/\"}},{\"@type\":\"Person\",\"@id\":\"https:\/\/denizcankizil.tr\/de\/#\/schema\/person\/e1eb71bb4dd684d46563f0af307e1234\",\"name\":\"Antalya K\u00f6rfez\",\"image\":{\"@type\":\"ImageObject\",\"inLanguage\":\"uk\",\"@id\":\"https:\/\/denizcankizil.tr\/de\/#\/schema\/person\/image\/\",\"url\":\"https:\/\/secure.gravatar.com\/avatar\/42b01982558a48a0b501fdcab6a408d3717ea5919095ee2e67b0e521799c5905?s=96&d=mm&r=g\",\"contentUrl\":\"https:\/\/secure.gravatar.com\/avatar\/42b01982558a48a0b501fdcab6a408d3717ea5919095ee2e67b0e521799c5905?s=96&d=mm&r=g\",\"caption\":\"Antalya K\u00f6rfez\"},\"sameAs\":[\"http:\/\/www.antalyakorfez.com\"],\"url\":\"https:\/\/www.antalyakorfez.com\/antalyada-okul-arazisi-tartismasi-ali-cetin-o-iddialara-ates-puskurdu\"}]}<\/script>\n<!-- \/ Yoast SEO Premium plugin. -->","yoast_head_json":{"title":"Antalya\u2019da okul arazisi tart\u0131\u015fmas\u0131\u2026 Ali \u00c7etin o iddialara ate\u015f p\u00fcsk\u00fcrd\u00fc! - Av. Deniz Can K\u0131z\u0131l","robots":{"index":"index","follow":"follow","max-snippet":"max-snippet:-1","max-image-preview":"max-image-preview:large","max-video-preview":"max-video-preview:-1"},"canonical":"https:\/\/denizcankizil.tr\/uk\/haberler\/gundem\/antalyada-okul-arazisi-tartismasi-ali-cetin-o-iddialara-ates-puskurdu\/","og_locale":"uk_UA","og_type":"article","og_title":"Antalya\u2019da okul arazisi tart\u0131\u015fmas\u0131\u2026 Ali \u00c7etin o iddialara ate\u015f p\u00fcsk\u00fcrd\u00fc!","og_description":"Antalya\u2019da CHP Muratpa\u015fa \u0130l\u00e7e Ba\u015fkan\u0131 Can Okan K\u0131ran\u2019\u0131n g\u00fcndeme ta\u015f\u0131d\u0131\u011f\u0131 okul arazisi iddialar\u0131na AK Parti \u0130l Ba\u015fkan\u0131 Ali \u00c7etin\u2019den cevap geldi. \u00c7etin, \u015fehirde etkili muhalefet anlay\u0131\u015f\u0131n\u0131n birilerini rahats\u0131z etti\u011fini ve kendisiyle ilgili ara\u015ft\u0131rmalar\u0131n yap\u0131ld\u0131\u011f\u0131n\u0131 s\u00f6yledi. \u00c7etin, \u201c\u0130stedi\u011finiz kadar ara\u015ft\u0131r\u0131n. Veremeyece\u011fimiz bir hesab\u0131m\u0131z yok\u201d diye konu\u015ftu. BENDEN \u00d6NCE BA\u015eKA B\u0130R K\u0130RACI VARDI! AK Parti Antalya \u0130l Ba\u015fkan\u0131 Ali \u00c7etin, seramik deposu olarak kulland\u0131\u011f\u0131 kiral\u0131k deponun Vak\u0131flar B\u00f6lge M\u00fcd\u00fcrl\u00fc\u011f\u00fc m\u00fclk\u00fc oldu\u011funu ve kendisinin de o depoda kirac\u0131 oldu\u011funu ifade etti. Vak\u0131flar B\u00f6lge M\u00fcd\u00fcrl\u00fc\u011f\u00fc\u2019ne ait b\u00f6lgede onlarca kiral\u0131k alan oldu\u011funa dikkat \u00e7eken \u00c7etin, \u201cAntalya\u2019da muhalefet g\u00f6revimizi lay\u0131k\u0131yla yerine getiriyoruz. Bu birilerini rahats\u0131z ediyor. Buyursunlar gelsinler, Allah&#8217;a \u015f\u00fck\u00fcrler olsun veremeyece\u011fimiz hesap yok. \u015eu an kirac\u0131s\u0131 oldu\u011fum depo daha \u00f6ncede ba\u015fka birinde kiral\u0131kt\u0131. Ben sonra birileri gibi 10 y\u0131ll\u0131k, 20 y\u0131ll\u0131kta kiralamad\u0131m. Her Ocak ay\u0131nda kira s\u00f6zle\u015fmesi yenileniyor. Di\u011fer yandan yar\u0131n bu alanda okul yap\u0131lmas\u0131na karar verilsin, depoyu an\u0131nda bo\u015falt\u0131r\u0131m&#8221; dedi. ETK\u0130L\u0130 MUHALEFET ANLAYI\u015eIMIZ DEVAM EDECEK! Antalya B\u00fcy\u00fck\u015fehir Belediyesi ba\u015fta olmak \u00fczere 19 il\u00e7enin tamam\u0131nda etkili muhalefet anlay\u0131\u015flar\u0131n\u0131n devam edece\u011fini belirten Ali \u00c7etin, Antalyal\u0131lar\u0131n haklar\u0131n\u0131 her zaman koruyacaklar\u0131n\u0131 anlatt\u0131. \u00c7etin&#8217;in a\u00e7\u0131klamalar\u0131n\u0131n devam\u0131nda \u015fu ifadeler yer ald\u0131: &#8220;Etkili muhalefet anlay\u0131\u015f\u0131m\u0131z bu t\u00fcr bo\u015f g\u00fcndem iddialar\u0131na ra\u011fmen devam edecek. Yerel se\u00e7imlerden \u00f6nce hangi belediye ba\u015fkan aday\u0131 ne &hellip;","og_url":"https:\/\/denizcankizil.tr\/uk\/haberler\/gundem\/antalyada-okul-arazisi-tartismasi-ali-cetin-o-iddialara-ates-puskurdu\/","og_site_name":"Av. Deniz Can K\u0131z\u0131l","article_published_time":"2025-06-05T09:42:03+00:00","author":"Antalya K\u00f6rfez","twitter_card":"summary_large_image","twitter_misc":{"\u041d\u0430\u043f\u0438\u0441\u0430\u043d\u043e":"Antalya K\u00f6rfez","\u041f\u0440\u0438\u0431\u043b. \u0447\u0430\u0441 \u0447\u0438\u0442\u0430\u043d\u043d\u044f":"3 \u0445\u0432\u0438\u043b\u0438\u043d\u0438"},"schema":{"@context":"https:\/\/schema.org","@graph":[{"@type":"Article","@id":"https:\/\/denizcankizil.tr\/uk\/haberler\/gundem\/antalyada-okul-arazisi-tartismasi-ali-cetin-o-iddialara-ates-puskurdu\/#article","isPartOf":{"@id":"https:\/\/denizcankizil.tr\/uk\/haberler\/gundem\/antalyada-okul-arazisi-tartismasi-ali-cetin-o-iddialara-ates-puskurdu\/"},"author":{"name":"Antalya K\u00f6rfez","@id":"https:\/\/denizcankizil.tr\/de\/#\/schema\/person\/e1eb71bb4dd684d46563f0af307e1234"},"headline":"Antalya\u2019da okul arazisi tart\u0131\u015fmas\u0131\u2026 Ali \u00c7etin o iddialara ate\u015f p\u00fcsk\u00fcrd\u00fc!","datePublished":"2025-06-05T09:42:03+00:00","mainEntityOfPage":{"@id":"https:\/\/denizcankizil.tr\/uk\/haberler\/gundem\/antalyada-okul-arazisi-tartismasi-ali-cetin-o-iddialara-ates-puskurdu\/"},"wordCount":615,"publisher":{"@id":"https:\/\/denizcankizil.tr\/de\/#organization"},"articleSection":["G\u00fcndem"],"inLanguage":"uk"},{"@type":"WebPage","@id":"https:\/\/denizcankizil.tr\/uk\/haberler\/gundem\/antalyada-okul-arazisi-tartismasi-ali-cetin-o-iddialara-ates-puskurdu\/","url":"https:\/\/denizcankizil.tr\/uk\/haberler\/gundem\/antalyada-okul-arazisi-tartismasi-ali-cetin-o-iddialara-ates-puskurdu\/","name":"Antalya\u2019da okul arazisi tart\u0131\u015fmas\u0131\u2026 Ali \u00c7etin o iddialara ate\u015f p\u00fcsk\u00fcrd\u00fc! - Av. Deniz Can K\u0131z\u0131l","isPartOf":{"@id":"https:\/\/denizcankizil.tr\/de\/#website"},"datePublished":"2025-06-05T09:42:03+00:00","breadcrumb":{"@id":"https:\/\/denizcankizil.tr\/uk\/haberler\/gundem\/antalyada-okul-arazisi-tartismasi-ali-cetin-o-iddialara-ates-puskurdu\/#breadcrumb"},"inLanguage":"uk","potentialAction":[{"@type":"ReadAction","target":["https:\/\/denizcankizil.tr\/uk\/haberler\/gundem\/antalyada-okul-arazisi-tartismasi-ali-cetin-o-iddialara-ates-puskurdu\/"]}]},{"@type":"BreadcrumbList","@id":"https:\/\/denizcankizil.tr\/uk\/haberler\/gundem\/antalyada-okul-arazisi-tartismasi-ali-cetin-o-iddialara-ates-puskurdu\/#breadcrumb","itemListElement":[{"@type":"ListItem","position":1,"name":"Home","item":"https:\/\/denizcankizil.tr\/de\/"},{"@type":"ListItem","position":2,"name":"Antalya\u2019da okul arazisi tart\u0131\u015fmas\u0131\u2026 Ali \u00c7etin o iddialara ate\u015f p\u00fcsk\u00fcrd\u00fc!"}]},{"@type":"WebSite","@id":"https:\/\/denizcankizil.tr\/de\/#website","url":"https:\/\/denizcankizil.tr\/de\/","name":"Av. Deniz Can K\u0131z\u0131l","description":"Avukat Deniz Can K\u0131z\u0131l Antalya Barosu","publisher":{"@id":"https:\/\/denizcankizil.tr\/de\/#organization"},"potentialAction":[{"@type":"SearchAction","target":{"@type":"EntryPoint","urlTemplate":"https:\/\/denizcankizil.tr\/de\/?s={search_term_string}"},"query-input":{"@type":"PropertyValueSpecification","valueRequired":true,"valueName":"search_term_string"}}],"inLanguage":"uk"},{"@type":"Organization","@id":"https:\/\/denizcankizil.tr\/de\/#organization","name":"Av. Deniz Can K\u0131z\u0131l","url":"https:\/\/denizcankizil.tr\/de\/","logo":{"@type":"ImageObject","inLanguage":"uk","@id":"https:\/\/denizcankizil.tr\/de\/#\/schema\/logo\/image\/","url":"https:\/\/denizcankizil.tr\/wp-content\/uploads\/2024\/10\/siyah-logo-svg.svg","contentUrl":"https:\/\/denizcankizil.tr\/wp-content\/uploads\/2024\/10\/siyah-logo-svg.svg","width":1080,"height":1080,"caption":"Av. Deniz Can K\u0131z\u0131l"},"image":{"@id":"https:\/\/denizcankizil.tr\/de\/#\/schema\/logo\/image\/"}},{"@type":"Person","@id":"https:\/\/denizcankizil.tr\/de\/#\/schema\/person\/e1eb71bb4dd684d46563f0af307e1234","name":"Antalya K\u00f6rfez","image":{"@type":"ImageObject","inLanguage":"uk","@id":"https:\/\/denizcankizil.tr\/de\/#\/schema\/person\/image\/","url":"https:\/\/secure.gravatar.com\/avatar\/42b01982558a48a0b501fdcab6a408d3717ea5919095ee2e67b0e521799c5905?s=96&d=mm&r=g","contentUrl":"https:\/\/secure.gravatar.com\/avatar\/42b01982558a48a0b501fdcab6a408d3717ea5919095ee2e67b0e521799c5905?s=96&d=mm&r=g","caption":"Antalya K\u00f6rfez"},"sameAs":["http:\/\/www.antalyakorfez.com"],"url":"https:\/\/www.antalyakorfez.com\/antalyada-okul-arazisi-tartismasi-ali-cetin-o-iddialara-ates-puskurdu"}]}},"_links":{"self":[{"href":"https:\/\/denizcankizil.tr\/uk\/wp-json\/wp\/v2\/posts\/107240","targetHints":{"allow":["GET"]}}],"collection":[{"href":"https:\/\/denizcankizil.tr\/uk\/wp-json\/wp\/v2\/posts"}],"about":[{"href":"https:\/\/denizcankizil.tr\/uk\/wp-json\/wp\/v2\/types\/post"}],"author":[{"embeddable":true,"href":"https:\/\/denizcankizil.tr\/uk\/wp-json\/wp\/v2\/users\/5"}],"replies":[{"embeddable":true,"href":"https:\/\/denizcankizil.tr\/uk\/wp-json\/wp\/v2\/comments?post=107240"}],"version-history":[{"count":0,"href":"https:\/\/denizcankizil.tr\/uk\/wp-json\/wp\/v2\/posts\/107240\/revisions"}],"wp:attachment":[{"href":"https:\/\/denizcankizil.tr\/uk\/wp-json\/wp\/v2\/media?parent=107240"}],"wp:term":[{"taxonomy":"category","embeddable":true,"href":"https:\/\/denizcankizil.tr\/uk\/wp-json\/wp\/v2\/categories?post=107240"},{"taxonomy":"post_tag","embeddable":true,"href":"https:\/\/denizcankizil.tr\/uk\/wp-json\/wp\/v2\/tags?post=107240"}],"curies":[{"name":"wp","href":"https:\/\/api.w.org\/{rel}","templated":true}]}}