{"id":107090,"date":"2025-06-05T09:41:23","date_gmt":"2025-06-05T06:41:23","guid":{"rendered":"https:\/\/denizcankizil.tr\/uncategorized-tr\/cezaevi-onunde-halay-cekip-yakinlarini-beklediler\/"},"modified":"2025-06-05T09:41:23","modified_gmt":"2025-06-05T06:41:23","slug":"cezaevi-onunde-halay-cekip-yakinlarini-beklediler","status":"publish","type":"post","link":"https:\/\/denizcankizil.tr\/uk\/haberler\/antalya\/cezaevi-onunde-halay-cekip-yakinlarini-beklediler\/","title":{"rendered":"Cezaevi \u00f6n\u00fcnde halay \u00e7ekip yak\u0131nlar\u0131n\u0131 beklediler"},"content":{"rendered":"<p>Annesini bekleyen Erhan G\u00fcm\u00fc\u015f isimli vatanda\u015f, &#8220;4 senedir gelip gidiyoruz, in\u015fallah bug\u00fcn son olur&#8221; ifadelerini kullan\u0131rken, Murat Can isimli vatanda\u015f ise &#8220;\u00c7ifte bayram yapaca\u011f\u0131z nasip olursa&#8221; s\u00f6zleriyle e\u015fine kavu\u015faca\u011f\u0131 an\u0131 beklediklerini s\u00f6yledi. Yak\u0131nlar\u0131n\u0131n tahliyesini baz\u0131 aileler halay \u00e7ekerek kutlarken tahliyelerin sabah saatlerinde yap\u0131lmas\u0131 bekleniyor.<br \/>\nAntalya S Tipi Kapal\u0131 Ceza \u0130nfaz Kurumu \u00f6n\u00fcnde ak\u015fam saatlerinde ba\u015flayan bekleyi\u015f gece ge\u00e7 saatlere kadar s\u00fcrd\u00fc. Cezaevi \u00f6n\u00fcnde toplananlar aras\u0131nda y\u0131llard\u0131r o\u011flunu, e\u015fini ya da annesini bekleyenler yer ald\u0131. Kimi ara\u00e7lar\u0131n \u00fczerinde, kimi kald\u0131r\u0131mda oturarak i\u00e7eriden \u00e7\u0131kacak isimleri takip etti. Cezaevi kap\u0131s\u0131na yakla\u015fan her ara\u00e7 merakla izlendi, kalabal\u0131k zaman zaman alk\u0131\u015flarla tempo tuttu, halay \u00e7ekenler oldu.<\/p>\n<p>&#8220;\u0130n\u015fallah buraya bir daha gelmeyece\u011fiz&#8221;<br \/>\nCezaevinde annesini bekleyen Erhan G\u00fcm\u00fc\u015f isimli vatanda\u015f, annesinin 4 y\u0131ld\u0131r cezaevinde oldu\u011funu belirterek, &#8220;4 senedir gelip gidiyoruz, in\u015fallah bug\u00fcn son olur. \u0130\u00e7eride annem var. Yakla\u015f\u0131k 4 senedir i\u00e7erideydi. 3 senesi kalm\u0131\u015ft\u0131, a\u00e7\u0131k g\u00f6r\u00fc\u015flere gelip gidiyorduk. \u0130n\u015fallah bir daha da gelmeyiz, yolumuz da d\u00fc\u015fmez buraya. Sevin\u00e7liyiz, torunlar\u0131 da geldi. Nenelerini bekleyen 4 tane torunu var. 4 g\u00f6zle bekliyoruz. Bu yasa \u00e7ok iyi oldu. Kurban kesersem anam i\u00e7in kesece\u011fim&#8221; dedi.<\/p>\n<p>&#8220;\u00c7ifte bayram yapaca\u011f\u0131z&#8221;<br \/>\nBekleyi\u015f s\u0131ras\u0131nda cezaevindeki e\u015fiyle telefondan g\u00f6r\u00fcnt\u00fcl\u00fc g\u00f6r\u00fc\u015fme yapan Murat Can ise tahliye i\u00e7in saatleri sayd\u0131klar\u0131n\u0131 ifade etti. Can, &#8220;E\u015fimi almaya geldik, nasip olursa al\u0131p \u00e7\u0131kart\u0131p g\u00f6t\u00fcrece\u011fiz buradan. \u00c7ok az kald\u0131, saatler kald\u0131, bekliyoruz. Allah herkese nasip etsin. 4 bu\u00e7uk y\u0131ld\u0131r i\u00e7eride yat\u0131yordu. 2 bu\u00e7uk senesi kalm\u0131\u015ft\u0131. \u00c7ifte bayram yapaca\u011f\u0131z nasip olursa&#8221; diye konu\u015ftu.<\/p>\n<p>Tahliyeler sabah saatlerinde olacak<br \/>\nYasa ile birlikte m\u00fckerrer su\u00e7lardan ceza alan h\u00fck\u00fcml\u00fcler de \u015fartl\u0131 sal\u0131verilmeden yararlanabilecek. Cezaevinde kalamayacak durumda olan hasta ve engelli mahkumlar i\u00e7in konutta infaz uygulamas\u0131n\u0131n kapsam\u0131 geni\u015fletildi. Toplum g\u00fcvenli\u011fi a\u00e7\u0131s\u0131ndan somut ve a\u011f\u0131r tehlike olu\u015fturmad\u0131\u011f\u0131 de\u011ferlendirilen mahkumlar\u0131n cezalar\u0131n\u0131n evde infaz\u0131na infaz hakimi karar verebilecek. Do\u011fumunun \u00fczerinden alt\u0131 ay ge\u00e7mi\u015f ve be\u015f y\u0131l veya daha az hapis cezas\u0131 alm\u0131\u015f kad\u0131nlar da konutta infazdan yararlanabilecek. Kad\u0131nlar, \u00e7ocuklar ve 65 ya\u015f\u0131n\u0131 doldurmu\u015f ki\u015filer i\u00e7in konutta infaz s\u00fcresi bir y\u0131ldan \u00fc\u00e7 y\u0131la kadar \u00e7\u0131kabilecek. 70 ya\u015f\u0131n\u0131 dolduranlarda bu s\u00fcre d\u00f6rt y\u0131l, 75 ya\u015f\u0131n\u0131 ge\u00e7enlerde be\u015f y\u0131l, 80 ya\u015f \u00fcst\u00fc ki\u015filerde ise alt\u0131 y\u0131la kadar uygulanabilecek.<\/p>\n<p>Kaynak: www.kanalv.com.tr Haber Sitesinden Al\u0131nm\u0131\u015ft\u0131r.<\/p>","protected":false},"excerpt":{"rendered":"<p>Annesini bekleyen Erhan G\u00fcm\u00fc\u015f isimli vatanda\u015f, &#8220;4 senedir gelip gidiyoruz, in\u015fallah bug\u00fcn son olur&#8221; ifadelerini kullan\u0131rken, Murat Can isimli vatanda\u015f ise &#8220;\u00c7ifte bayram yapaca\u011f\u0131z nasip olursa&#8221; s\u00f6zleriyle e\u015fine kavu\u015faca\u011f\u0131 an\u0131 beklediklerini s\u00f6yledi. Yak\u0131nlar\u0131n\u0131n tahliyesini baz\u0131 aileler halay \u00e7ekerek kutlarken tahliyelerin sabah saatlerinde yap\u0131lmas\u0131 bekleniyor. Antalya S Tipi Kapal\u0131 Ceza \u0130nfaz Kurumu \u00f6n\u00fcnde ak\u015fam saatlerinde ba\u015flayan bekleyi\u015f gece ge\u00e7 saatlere kadar s\u00fcrd\u00fc. Cezaevi \u00f6n\u00fcnde toplananlar aras\u0131nda y\u0131llard\u0131r o\u011flunu, e\u015fini ya da annesini bekleyenler yer ald\u0131. Kimi ara\u00e7lar\u0131n \u00fczerinde, kimi kald\u0131r\u0131mda oturarak i\u00e7eriden \u00e7\u0131kacak isimleri takip etti. Cezaevi kap\u0131s\u0131na yakla\u015fan her ara\u00e7 merakla izlendi, kalabal\u0131k zaman zaman alk\u0131\u015flarla tempo tuttu, halay \u00e7ekenler oldu. &#8220;\u0130n\u015fallah buraya bir daha gelmeyece\u011fiz&#8221; Cezaevinde annesini bekleyen Erhan G\u00fcm\u00fc\u015f isimli vatanda\u015f, annesinin 4 y\u0131ld\u0131r cezaevinde oldu\u011funu belirterek, &#8220;4 senedir gelip gidiyoruz, in\u015fallah bug\u00fcn son olur. \u0130\u00e7eride annem var. Yakla\u015f\u0131k 4 senedir i\u00e7erideydi. 3 senesi kalm\u0131\u015ft\u0131, a\u00e7\u0131k g\u00f6r\u00fc\u015flere gelip gidiyorduk. \u0130n\u015fallah bir daha da gelmeyiz, yolumuz da d\u00fc\u015fmez buraya. Sevin\u00e7liyiz, torunlar\u0131 da geldi. Nenelerini bekleyen 4 tane torunu var. 4 g\u00f6zle bekliyoruz. Bu yasa \u00e7ok iyi oldu. Kurban kesersem anam i\u00e7in kesece\u011fim&#8221; dedi. &#8220;\u00c7ifte bayram yapaca\u011f\u0131z&#8221; Bekleyi\u015f s\u0131ras\u0131nda cezaevindeki e\u015fiyle telefondan g\u00f6r\u00fcnt\u00fcl\u00fc g\u00f6r\u00fc\u015fme yapan Murat Can ise tahliye i\u00e7in saatleri sayd\u0131klar\u0131n\u0131 ifade etti. Can, &#8220;E\u015fimi almaya geldik, nasip olursa &hellip;<\/p>","protected":false},"author":4,"featured_media":107091,"comment_status":"","ping_status":"open","sticky":false,"template":"","format":"standard","meta":{"_acf_changed":false,"footnotes":""},"categories":[26],"tags":[],"class_list":["post-107090","post","type-post","status-publish","format-standard","has-post-thumbnail","hentry","category-antalya"],"acf":[],"yoast_head":"<!-- This site is optimized with the Yoast SEO Premium plugin v26.6 (Yoast SEO v27.1.1) - https:\/\/yoast.com\/product\/yoast-seo-premium-wordpress\/ -->\n<title>Cezaevi \u00f6n\u00fcnde halay \u00e7ekip yak\u0131nlar\u0131n\u0131 beklediler - Av. Deniz Can K\u0131z\u0131l<\/title>\n<meta name=\"robots\" content=\"index, follow, max-snippet:-1, max-image-preview:large, max-video-preview:-1\" \/>\n<link rel=\"canonical\" href=\"http:\/\/denizcankizil.tr\/uk\/haberler\/antalya\/cezaevi-onunde-halay-cekip-yakinlarini-beklediler\/\" \/>\n<meta property=\"og:locale\" content=\"uk_UA\" \/>\n<meta property=\"og:type\" content=\"article\" \/>\n<meta property=\"og:title\" content=\"Cezaevi \u00f6n\u00fcnde halay \u00e7ekip yak\u0131nlar\u0131n\u0131 beklediler\" \/>\n<meta property=\"og:description\" content=\"Annesini bekleyen Erhan G\u00fcm\u00fc\u015f isimli vatanda\u015f, &#8220;4 senedir gelip gidiyoruz, in\u015fallah bug\u00fcn son olur&#8221; ifadelerini kullan\u0131rken, Murat Can isimli vatanda\u015f ise &#8220;\u00c7ifte bayram yapaca\u011f\u0131z nasip olursa&#8221; s\u00f6zleriyle e\u015fine kavu\u015faca\u011f\u0131 an\u0131 beklediklerini s\u00f6yledi. Yak\u0131nlar\u0131n\u0131n tahliyesini baz\u0131 aileler halay \u00e7ekerek kutlarken tahliyelerin sabah saatlerinde yap\u0131lmas\u0131 bekleniyor. Antalya S Tipi Kapal\u0131 Ceza \u0130nfaz Kurumu \u00f6n\u00fcnde ak\u015fam saatlerinde ba\u015flayan bekleyi\u015f gece ge\u00e7 saatlere kadar s\u00fcrd\u00fc. Cezaevi \u00f6n\u00fcnde toplananlar aras\u0131nda y\u0131llard\u0131r o\u011flunu, e\u015fini ya da annesini bekleyenler yer ald\u0131. Kimi ara\u00e7lar\u0131n \u00fczerinde, kimi kald\u0131r\u0131mda oturarak i\u00e7eriden \u00e7\u0131kacak isimleri takip etti. Cezaevi kap\u0131s\u0131na yakla\u015fan her ara\u00e7 merakla izlendi, kalabal\u0131k zaman zaman alk\u0131\u015flarla tempo tuttu, halay \u00e7ekenler oldu. &#8220;\u0130n\u015fallah buraya bir daha gelmeyece\u011fiz&#8221; Cezaevinde annesini bekleyen Erhan G\u00fcm\u00fc\u015f isimli vatanda\u015f, annesinin 4 y\u0131ld\u0131r cezaevinde oldu\u011funu belirterek, &#8220;4 senedir gelip gidiyoruz, in\u015fallah bug\u00fcn son olur. \u0130\u00e7eride annem var. Yakla\u015f\u0131k 4 senedir i\u00e7erideydi. 3 senesi kalm\u0131\u015ft\u0131, a\u00e7\u0131k g\u00f6r\u00fc\u015flere gelip gidiyorduk. \u0130n\u015fallah bir daha da gelmeyiz, yolumuz da d\u00fc\u015fmez buraya. Sevin\u00e7liyiz, torunlar\u0131 da geldi. Nenelerini bekleyen 4 tane torunu var. 4 g\u00f6zle bekliyoruz. Bu yasa \u00e7ok iyi oldu. Kurban kesersem anam i\u00e7in kesece\u011fim&#8221; dedi. &#8220;\u00c7ifte bayram yapaca\u011f\u0131z&#8221; Bekleyi\u015f s\u0131ras\u0131nda cezaevindeki e\u015fiyle telefondan g\u00f6r\u00fcnt\u00fcl\u00fc g\u00f6r\u00fc\u015fme yapan Murat Can ise tahliye i\u00e7in saatleri sayd\u0131klar\u0131n\u0131 ifade etti. Can, &#8220;E\u015fimi almaya geldik, nasip olursa &hellip;\" \/>\n<meta property=\"og:url\" content=\"http:\/\/denizcankizil.tr\/uk\/haberler\/antalya\/cezaevi-onunde-halay-cekip-yakinlarini-beklediler\/\" \/>\n<meta property=\"og:site_name\" content=\"Av. Deniz Can K\u0131z\u0131l\" \/>\n<meta property=\"article:published_time\" content=\"2025-06-05T06:41:23+00:00\" \/>\n<meta property=\"og:image\" content=\"http:\/\/denizcankizil.tr\/wp-content\/uploads\/2025\/06\/6720-01-IUP89Y.jpg\" \/>\n\t<meta property=\"og:image:width\" content=\"1280\" \/>\n\t<meta property=\"og:image:height\" content=\"720\" \/>\n\t<meta property=\"og:image:type\" content=\"image\/jpeg\" \/>\n<meta name=\"author\" content=\"Av. Deniz Can K\u0131z\u0131l\" \/>\n<meta name=\"twitter:card\" content=\"summary_large_image\" \/>\n<meta name=\"twitter:label1\" content=\"\u041d\u0430\u043f\u0438\u0441\u0430\u043d\u043e\" \/>\n\t<meta name=\"twitter:data1\" content=\"Av. Deniz Can K\u0131z\u0131l\" \/>\n\t<meta name=\"twitter:label2\" content=\"\u041f\u0440\u0438\u0431\u043b. \u0447\u0430\u0441 \u0447\u0438\u0442\u0430\u043d\u043d\u044f\" \/>\n\t<meta name=\"twitter:data2\" content=\"2 \u0445\u0432\u0438\u043b\u0438\u043d\u0438\" \/>\n<script type=\"application\/ld+json\" class=\"yoast-schema-graph\">{\"@context\":\"https:\/\/schema.org\",\"@graph\":[{\"@type\":\"Article\",\"@id\":\"http:\/\/denizcankizil.tr\/ru\/haberler\/antalya\/cezaevi-onunde-halay-cekip-yakinlarini-beklediler\/#article\",\"isPartOf\":{\"@id\":\"http:\/\/denizcankizil.tr\/ru\/haberler\/antalya\/cezaevi-onunde-halay-cekip-yakinlarini-beklediler\/\"},\"author\":{\"name\":\"Av. Deniz Can K\u0131z\u0131l\",\"@id\":\"https:\/\/denizcankizil.tr\/de\/#\/schema\/person\/5dc1b22991bd7ac833867c10afc9b0ff\"},\"headline\":\"Cezaevi \u00f6n\u00fcnde halay \u00e7ekip yak\u0131nlar\u0131n\u0131 beklediler\",\"datePublished\":\"2025-06-05T06:41:23+00:00\",\"mainEntityOfPage\":{\"@id\":\"http:\/\/denizcankizil.tr\/ru\/haberler\/antalya\/cezaevi-onunde-halay-cekip-yakinlarini-beklediler\/\"},\"wordCount\":461,\"publisher\":{\"@id\":\"https:\/\/denizcankizil.tr\/de\/#organization\"},\"image\":{\"@id\":\"http:\/\/denizcankizil.tr\/ru\/haberler\/antalya\/cezaevi-onunde-halay-cekip-yakinlarini-beklediler\/#primaryimage\"},\"thumbnailUrl\":\"https:\/\/denizcankizil.tr\/wp-content\/uploads\/2025\/06\/6720-01-IUP89Y.jpg\",\"articleSection\":[\"Antalya\"],\"inLanguage\":\"uk\"},{\"@type\":\"WebPage\",\"@id\":\"http:\/\/denizcankizil.tr\/ru\/haberler\/antalya\/cezaevi-onunde-halay-cekip-yakinlarini-beklediler\/\",\"url\":\"http:\/\/denizcankizil.tr\/ru\/haberler\/antalya\/cezaevi-onunde-halay-cekip-yakinlarini-beklediler\/\",\"name\":\"Cezaevi \u00f6n\u00fcnde halay \u00e7ekip yak\u0131nlar\u0131n\u0131 beklediler - Av. Deniz Can K\u0131z\u0131l\",\"isPartOf\":{\"@id\":\"https:\/\/denizcankizil.tr\/de\/#website\"},\"primaryImageOfPage\":{\"@id\":\"http:\/\/denizcankizil.tr\/ru\/haberler\/antalya\/cezaevi-onunde-halay-cekip-yakinlarini-beklediler\/#primaryimage\"},\"image\":{\"@id\":\"http:\/\/denizcankizil.tr\/ru\/haberler\/antalya\/cezaevi-onunde-halay-cekip-yakinlarini-beklediler\/#primaryimage\"},\"thumbnailUrl\":\"https:\/\/denizcankizil.tr\/wp-content\/uploads\/2025\/06\/6720-01-IUP89Y.jpg\",\"datePublished\":\"2025-06-05T06:41:23+00:00\",\"breadcrumb\":{\"@id\":\"http:\/\/denizcankizil.tr\/ru\/haberler\/antalya\/cezaevi-onunde-halay-cekip-yakinlarini-beklediler\/#breadcrumb\"},\"inLanguage\":\"uk\",\"potentialAction\":[{\"@type\":\"ReadAction\",\"target\":[\"http:\/\/denizcankizil.tr\/ru\/haberler\/antalya\/cezaevi-onunde-halay-cekip-yakinlarini-beklediler\/\"]}]},{\"@type\":\"ImageObject\",\"inLanguage\":\"uk\",\"@id\":\"http:\/\/denizcankizil.tr\/ru\/haberler\/antalya\/cezaevi-onunde-halay-cekip-yakinlarini-beklediler\/#primaryimage\",\"url\":\"https:\/\/denizcankizil.tr\/wp-content\/uploads\/2025\/06\/6720-01-IUP89Y.jpg\",\"contentUrl\":\"https:\/\/denizcankizil.tr\/wp-content\/uploads\/2025\/06\/6720-01-IUP89Y.jpg\",\"width\":1280,\"height\":720},{\"@type\":\"BreadcrumbList\",\"@id\":\"http:\/\/denizcankizil.tr\/ru\/haberler\/antalya\/cezaevi-onunde-halay-cekip-yakinlarini-beklediler\/#breadcrumb\",\"itemListElement\":[{\"@type\":\"ListItem\",\"position\":1,\"name\":\"Home\",\"item\":\"https:\/\/denizcankizil.tr\/de\/\"},{\"@type\":\"ListItem\",\"position\":2,\"name\":\"Cezaevi \u00f6n\u00fcnde halay \u00e7ekip yak\u0131nlar\u0131n\u0131 beklediler\"}]},{\"@type\":\"WebSite\",\"@id\":\"https:\/\/denizcankizil.tr\/de\/#website\",\"url\":\"https:\/\/denizcankizil.tr\/de\/\",\"name\":\"Av. Deniz Can K\u0131z\u0131l\",\"description\":\"Avukat Deniz Can K\u0131z\u0131l Antalya Barosu\",\"publisher\":{\"@id\":\"https:\/\/denizcankizil.tr\/de\/#organization\"},\"potentialAction\":[{\"@type\":\"SearchAction\",\"target\":{\"@type\":\"EntryPoint\",\"urlTemplate\":\"https:\/\/denizcankizil.tr\/de\/?s={search_term_string}\"},\"query-input\":{\"@type\":\"PropertyValueSpecification\",\"valueRequired\":true,\"valueName\":\"search_term_string\"}}],\"inLanguage\":\"uk\"},{\"@type\":\"Organization\",\"@id\":\"https:\/\/denizcankizil.tr\/de\/#organization\",\"name\":\"Av. Deniz Can K\u0131z\u0131l\",\"url\":\"https:\/\/denizcankizil.tr\/de\/\",\"logo\":{\"@type\":\"ImageObject\",\"inLanguage\":\"uk\",\"@id\":\"https:\/\/denizcankizil.tr\/de\/#\/schema\/logo\/image\/\",\"url\":\"https:\/\/denizcankizil.tr\/wp-content\/uploads\/2024\/10\/siyah-logo-svg.svg\",\"contentUrl\":\"https:\/\/denizcankizil.tr\/wp-content\/uploads\/2024\/10\/siyah-logo-svg.svg\",\"width\":1080,\"height\":1080,\"caption\":\"Av. Deniz Can K\u0131z\u0131l\"},\"image\":{\"@id\":\"https:\/\/denizcankizil.tr\/de\/#\/schema\/logo\/image\/\"}},{\"@type\":\"Person\",\"@id\":\"https:\/\/denizcankizil.tr\/de\/#\/schema\/person\/5dc1b22991bd7ac833867c10afc9b0ff\",\"name\":\"Av. Deniz Can K\u0131z\u0131l\",\"image\":{\"@type\":\"ImageObject\",\"inLanguage\":\"uk\",\"@id\":\"https:\/\/denizcankizil.tr\/de\/#\/schema\/person\/image\/\",\"url\":\"https:\/\/secure.gravatar.com\/avatar\/a0b128fb9855c79efc976d5640eedb31dc35ec297594d6016d2cf7c60e975bb6?s=96&d=mm&r=g\",\"contentUrl\":\"https:\/\/secure.gravatar.com\/avatar\/a0b128fb9855c79efc976d5640eedb31dc35ec297594d6016d2cf7c60e975bb6?s=96&d=mm&r=g\",\"caption\":\"Av. Deniz Can K\u0131z\u0131l\"},\"sameAs\":[\"http:\/\/www.denizcankizil.tr\"],\"url\":\"https:\/\/denizcankizil.tr\/uk\/author\/denizcankizil\/\"}]}<\/script>\n<!-- \/ Yoast SEO Premium plugin. -->","yoast_head_json":{"title":"Cezaevi \u00f6n\u00fcnde halay \u00e7ekip yak\u0131nlar\u0131n\u0131 beklediler - Av. Deniz Can K\u0131z\u0131l","robots":{"index":"index","follow":"follow","max-snippet":"max-snippet:-1","max-image-preview":"max-image-preview:large","max-video-preview":"max-video-preview:-1"},"canonical":"http:\/\/denizcankizil.tr\/uk\/haberler\/antalya\/cezaevi-onunde-halay-cekip-yakinlarini-beklediler\/","og_locale":"uk_UA","og_type":"article","og_title":"Cezaevi \u00f6n\u00fcnde halay \u00e7ekip yak\u0131nlar\u0131n\u0131 beklediler","og_description":"Annesini bekleyen Erhan G\u00fcm\u00fc\u015f isimli vatanda\u015f, &#8220;4 senedir gelip gidiyoruz, in\u015fallah bug\u00fcn son olur&#8221; ifadelerini kullan\u0131rken, Murat Can isimli vatanda\u015f ise &#8220;\u00c7ifte bayram yapaca\u011f\u0131z nasip olursa&#8221; s\u00f6zleriyle e\u015fine kavu\u015faca\u011f\u0131 an\u0131 beklediklerini s\u00f6yledi. Yak\u0131nlar\u0131n\u0131n tahliyesini baz\u0131 aileler halay \u00e7ekerek kutlarken tahliyelerin sabah saatlerinde yap\u0131lmas\u0131 bekleniyor. Antalya S Tipi Kapal\u0131 Ceza \u0130nfaz Kurumu \u00f6n\u00fcnde ak\u015fam saatlerinde ba\u015flayan bekleyi\u015f gece ge\u00e7 saatlere kadar s\u00fcrd\u00fc. Cezaevi \u00f6n\u00fcnde toplananlar aras\u0131nda y\u0131llard\u0131r o\u011flunu, e\u015fini ya da annesini bekleyenler yer ald\u0131. Kimi ara\u00e7lar\u0131n \u00fczerinde, kimi kald\u0131r\u0131mda oturarak i\u00e7eriden \u00e7\u0131kacak isimleri takip etti. Cezaevi kap\u0131s\u0131na yakla\u015fan her ara\u00e7 merakla izlendi, kalabal\u0131k zaman zaman alk\u0131\u015flarla tempo tuttu, halay \u00e7ekenler oldu. &#8220;\u0130n\u015fallah buraya bir daha gelmeyece\u011fiz&#8221; Cezaevinde annesini bekleyen Erhan G\u00fcm\u00fc\u015f isimli vatanda\u015f, annesinin 4 y\u0131ld\u0131r cezaevinde oldu\u011funu belirterek, &#8220;4 senedir gelip gidiyoruz, in\u015fallah bug\u00fcn son olur. \u0130\u00e7eride annem var. Yakla\u015f\u0131k 4 senedir i\u00e7erideydi. 3 senesi kalm\u0131\u015ft\u0131, a\u00e7\u0131k g\u00f6r\u00fc\u015flere gelip gidiyorduk. \u0130n\u015fallah bir daha da gelmeyiz, yolumuz da d\u00fc\u015fmez buraya. Sevin\u00e7liyiz, torunlar\u0131 da geldi. Nenelerini bekleyen 4 tane torunu var. 4 g\u00f6zle bekliyoruz. Bu yasa \u00e7ok iyi oldu. Kurban kesersem anam i\u00e7in kesece\u011fim&#8221; dedi. &#8220;\u00c7ifte bayram yapaca\u011f\u0131z&#8221; Bekleyi\u015f s\u0131ras\u0131nda cezaevindeki e\u015fiyle telefondan g\u00f6r\u00fcnt\u00fcl\u00fc g\u00f6r\u00fc\u015fme yapan Murat Can ise tahliye i\u00e7in saatleri sayd\u0131klar\u0131n\u0131 ifade etti. Can, &#8220;E\u015fimi almaya geldik, nasip olursa &hellip;","og_url":"http:\/\/denizcankizil.tr\/uk\/haberler\/antalya\/cezaevi-onunde-halay-cekip-yakinlarini-beklediler\/","og_site_name":"Av. Deniz Can K\u0131z\u0131l","article_published_time":"2025-06-05T06:41:23+00:00","og_image":[{"width":1280,"height":720,"url":"http:\/\/denizcankizil.tr\/wp-content\/uploads\/2025\/06\/6720-01-IUP89Y.jpg","type":"image\/jpeg"}],"author":"Av. Deniz Can K\u0131z\u0131l","twitter_card":"summary_large_image","twitter_misc":{"\u041d\u0430\u043f\u0438\u0441\u0430\u043d\u043e":"Av. Deniz Can K\u0131z\u0131l","\u041f\u0440\u0438\u0431\u043b. \u0447\u0430\u0441 \u0447\u0438\u0442\u0430\u043d\u043d\u044f":"2 \u0445\u0432\u0438\u043b\u0438\u043d\u0438"},"schema":{"@context":"https:\/\/schema.org","@graph":[{"@type":"Article","@id":"http:\/\/denizcankizil.tr\/ru\/haberler\/antalya\/cezaevi-onunde-halay-cekip-yakinlarini-beklediler\/#article","isPartOf":{"@id":"http:\/\/denizcankizil.tr\/ru\/haberler\/antalya\/cezaevi-onunde-halay-cekip-yakinlarini-beklediler\/"},"author":{"name":"Av. Deniz Can K\u0131z\u0131l","@id":"https:\/\/denizcankizil.tr\/de\/#\/schema\/person\/5dc1b22991bd7ac833867c10afc9b0ff"},"headline":"Cezaevi \u00f6n\u00fcnde halay \u00e7ekip yak\u0131nlar\u0131n\u0131 beklediler","datePublished":"2025-06-05T06:41:23+00:00","mainEntityOfPage":{"@id":"http:\/\/denizcankizil.tr\/ru\/haberler\/antalya\/cezaevi-onunde-halay-cekip-yakinlarini-beklediler\/"},"wordCount":461,"publisher":{"@id":"https:\/\/denizcankizil.tr\/de\/#organization"},"image":{"@id":"http:\/\/denizcankizil.tr\/ru\/haberler\/antalya\/cezaevi-onunde-halay-cekip-yakinlarini-beklediler\/#primaryimage"},"thumbnailUrl":"https:\/\/denizcankizil.tr\/wp-content\/uploads\/2025\/06\/6720-01-IUP89Y.jpg","articleSection":["Antalya"],"inLanguage":"uk"},{"@type":"WebPage","@id":"http:\/\/denizcankizil.tr\/ru\/haberler\/antalya\/cezaevi-onunde-halay-cekip-yakinlarini-beklediler\/","url":"http:\/\/denizcankizil.tr\/ru\/haberler\/antalya\/cezaevi-onunde-halay-cekip-yakinlarini-beklediler\/","name":"Cezaevi \u00f6n\u00fcnde halay \u00e7ekip yak\u0131nlar\u0131n\u0131 beklediler - Av. Deniz Can K\u0131z\u0131l","isPartOf":{"@id":"https:\/\/denizcankizil.tr\/de\/#website"},"primaryImageOfPage":{"@id":"http:\/\/denizcankizil.tr\/ru\/haberler\/antalya\/cezaevi-onunde-halay-cekip-yakinlarini-beklediler\/#primaryimage"},"image":{"@id":"http:\/\/denizcankizil.tr\/ru\/haberler\/antalya\/cezaevi-onunde-halay-cekip-yakinlarini-beklediler\/#primaryimage"},"thumbnailUrl":"https:\/\/denizcankizil.tr\/wp-content\/uploads\/2025\/06\/6720-01-IUP89Y.jpg","datePublished":"2025-06-05T06:41:23+00:00","breadcrumb":{"@id":"http:\/\/denizcankizil.tr\/ru\/haberler\/antalya\/cezaevi-onunde-halay-cekip-yakinlarini-beklediler\/#breadcrumb"},"inLanguage":"uk","potentialAction":[{"@type":"ReadAction","target":["http:\/\/denizcankizil.tr\/ru\/haberler\/antalya\/cezaevi-onunde-halay-cekip-yakinlarini-beklediler\/"]}]},{"@type":"ImageObject","inLanguage":"uk","@id":"http:\/\/denizcankizil.tr\/ru\/haberler\/antalya\/cezaevi-onunde-halay-cekip-yakinlarini-beklediler\/#primaryimage","url":"https:\/\/denizcankizil.tr\/wp-content\/uploads\/2025\/06\/6720-01-IUP89Y.jpg","contentUrl":"https:\/\/denizcankizil.tr\/wp-content\/uploads\/2025\/06\/6720-01-IUP89Y.jpg","width":1280,"height":720},{"@type":"BreadcrumbList","@id":"http:\/\/denizcankizil.tr\/ru\/haberler\/antalya\/cezaevi-onunde-halay-cekip-yakinlarini-beklediler\/#breadcrumb","itemListElement":[{"@type":"ListItem","position":1,"name":"Home","item":"https:\/\/denizcankizil.tr\/de\/"},{"@type":"ListItem","position":2,"name":"Cezaevi \u00f6n\u00fcnde halay \u00e7ekip yak\u0131nlar\u0131n\u0131 beklediler"}]},{"@type":"WebSite","@id":"https:\/\/denizcankizil.tr\/de\/#website","url":"https:\/\/denizcankizil.tr\/de\/","name":"Av. Deniz Can K\u0131z\u0131l","description":"Avukat Deniz Can K\u0131z\u0131l Antalya Barosu","publisher":{"@id":"https:\/\/denizcankizil.tr\/de\/#organization"},"potentialAction":[{"@type":"SearchAction","target":{"@type":"EntryPoint","urlTemplate":"https:\/\/denizcankizil.tr\/de\/?s={search_term_string}"},"query-input":{"@type":"PropertyValueSpecification","valueRequired":true,"valueName":"search_term_string"}}],"inLanguage":"uk"},{"@type":"Organization","@id":"https:\/\/denizcankizil.tr\/de\/#organization","name":"Av. Deniz Can K\u0131z\u0131l","url":"https:\/\/denizcankizil.tr\/de\/","logo":{"@type":"ImageObject","inLanguage":"uk","@id":"https:\/\/denizcankizil.tr\/de\/#\/schema\/logo\/image\/","url":"https:\/\/denizcankizil.tr\/wp-content\/uploads\/2024\/10\/siyah-logo-svg.svg","contentUrl":"https:\/\/denizcankizil.tr\/wp-content\/uploads\/2024\/10\/siyah-logo-svg.svg","width":1080,"height":1080,"caption":"Av. Deniz Can K\u0131z\u0131l"},"image":{"@id":"https:\/\/denizcankizil.tr\/de\/#\/schema\/logo\/image\/"}},{"@type":"Person","@id":"https:\/\/denizcankizil.tr\/de\/#\/schema\/person\/5dc1b22991bd7ac833867c10afc9b0ff","name":"Av. Deniz Can K\u0131z\u0131l","image":{"@type":"ImageObject","inLanguage":"uk","@id":"https:\/\/denizcankizil.tr\/de\/#\/schema\/person\/image\/","url":"https:\/\/secure.gravatar.com\/avatar\/a0b128fb9855c79efc976d5640eedb31dc35ec297594d6016d2cf7c60e975bb6?s=96&d=mm&r=g","contentUrl":"https:\/\/secure.gravatar.com\/avatar\/a0b128fb9855c79efc976d5640eedb31dc35ec297594d6016d2cf7c60e975bb6?s=96&d=mm&r=g","caption":"Av. Deniz Can K\u0131z\u0131l"},"sameAs":["http:\/\/www.denizcankizil.tr"],"url":"https:\/\/denizcankizil.tr\/uk\/author\/denizcankizil\/"}]}},"_links":{"self":[{"href":"https:\/\/denizcankizil.tr\/uk\/wp-json\/wp\/v2\/posts\/107090","targetHints":{"allow":["GET"]}}],"collection":[{"href":"https:\/\/denizcankizil.tr\/uk\/wp-json\/wp\/v2\/posts"}],"about":[{"href":"https:\/\/denizcankizil.tr\/uk\/wp-json\/wp\/v2\/types\/post"}],"author":[{"embeddable":true,"href":"https:\/\/denizcankizil.tr\/uk\/wp-json\/wp\/v2\/users\/4"}],"replies":[{"embeddable":true,"href":"https:\/\/denizcankizil.tr\/uk\/wp-json\/wp\/v2\/comments?post=107090"}],"version-history":[{"count":0,"href":"https:\/\/denizcankizil.tr\/uk\/wp-json\/wp\/v2\/posts\/107090\/revisions"}],"wp:featuredmedia":[{"embeddable":true,"href":"https:\/\/denizcankizil.tr\/uk\/wp-json\/wp\/v2\/media\/107091"}],"wp:attachment":[{"href":"https:\/\/denizcankizil.tr\/uk\/wp-json\/wp\/v2\/media?parent=107090"}],"wp:term":[{"taxonomy":"category","embeddable":true,"href":"https:\/\/denizcankizil.tr\/uk\/wp-json\/wp\/v2\/categories?post=107090"},{"taxonomy":"post_tag","embeddable":true,"href":"https:\/\/denizcankizil.tr\/uk\/wp-json\/wp\/v2\/tags?post=107090"}],"curies":[{"name":"wp","href":"https:\/\/api.w.org\/{rel}","templated":true}]}}