{"id":106406,"date":"2025-06-04T16:44:24","date_gmt":"2025-06-04T13:44:24","guid":{"rendered":"https:\/\/denizcankizil.tr\/uncategorized-tr\/kurtulmus-tbmm-personeliyle-bayramlasti\/"},"modified":"2025-06-04T16:44:24","modified_gmt":"2025-06-04T13:44:24","slug":"kurtulmus-tbmm-personeliyle-bayramlasti","status":"publish","type":"post","link":"https:\/\/denizcankizil.tr\/uk\/haberler\/gundem\/kurtulmus-tbmm-personeliyle-bayramlasti\/","title":{"rendered":"Kurtulmu\u015f, TBMM personeliyle bayramla\u015ft\u0131"},"content":{"rendered":"<p>TBMM Ba\u015fkan\u0131 Numan Kurtulmu\u015f, Kurban Bayram\u0131 \u00f6ncesinde Meclis personeliyle bir araya gelerek bayram tebriklerini kabul etti.ANKARA (\u0130GFA) &#8211; TBMM Ba\u015fkan\u0131 Numan Kurtulmu\u015f, Kurban Bayram\u0131 dolay\u0131s\u0131yla Meclis T\u00f6ren Salonu\u2019nda d\u00fczenlenen etkinlikte, Genel Sekreter Talip Uzun ile birlikte Meclis personelinin bayram tebriklerini kabul etti. Personelin \u00e7ocuklar\u0131yla da yak\u0131ndan ilgilenen Kurtulmu\u015f, s\u0131cak ve samimi bir sohbet ger\u00e7ekle\u015ftirdi.<\/p>\n<p><blockquote class=\"twitter-tweet\" data-width=\"550\" data-dnt=\"true\"><p lang=\"tr\" dir=\"ltr\">M\u00fcbarek Kurban Bayram\u0131 vesilesiyle Gazi Meclisimizde birlikte g\u00f6rev yapt\u0131\u011f\u0131m\u0131z k\u0131ymetli mesai arkada\u015flar\u0131m\u0131zla bayramla\u015ft\u0131k.<br><br>T\u00fcm personelimize ve ailelerine \u015fimdiden hay\u0131rl\u0131 bayramlar diliyorum. <a href=\"https:\/\/t.co\/8uXtOLsFnr\">pic.twitter.com\/8uXtOLsFnr<\/a><\/p>&mdash; Numan Kurtulmu\u015f (@NumanKurtulmus) <a href=\"https:\/\/twitter.com\/NumanKurtulmus\/status\/1930238178264281343?ref_src=twsrc%5Etfw\">June 4, 2025<\/a><\/blockquote><script async src=\"https:\/\/platform.twitter.com\/widgets.js\" charset=\"utf-8\"><\/script><\/p>\n<p>Sosyal medya hesab\u0131ndan payla\u015f\u0131m yapan Kurtulmu\u015f, \u201cM\u00fcbarek Kurban Bayram\u0131 vesilesiyle Gazi Meclisimizde birlikte g\u00f6rev yapt\u0131\u011f\u0131m\u0131z k\u0131ymetli mesai arkada\u015flar\u0131m\u0131zla bayramla\u015ft\u0131k. T\u00fcm personelimize ve ailelerine \u015fimdiden hay\u0131rl\u0131 bayramlar diliyorum\u201d dedi.<\/p>\n<p>\u200bTBMM Ba\u015fkan\u0131 Numan Kurtulmu\u015f, Kurban Bayram\u0131 \u00f6ncesinde Meclis personeliyle bir araya gelerek bayram tebriklerini kabul etti.ANKARA (\u0130GFA) &#8211; TBMM Ba\u015fkan\u0131 Numan Kurtulmu\u015f, Kurban Bayram\u0131 dolay\u0131s\u0131yla Meclis T\u00f6ren Salonu\u2019nda d\u00fczenlenen etkinlikte, Genel Sekreter Talip Uzun ile birlikte Meclis personelinin bayram tebriklerini kabul etti. Personelin \u00e7ocuklar\u0131yla da yak\u0131ndan ilgilenen Kurtulmu\u015f, s\u0131cak ve samimi bir sohbet ger\u00e7ekle\u015ftirdi.<\/p>\n<p><blockquote class=\"twitter-tweet\" data-width=\"550\" data-dnt=\"true\"><p lang=\"tr\" dir=\"ltr\">M\u00fcbarek Kurban Bayram\u0131 vesilesiyle Gazi Meclisimizde birlikte g\u00f6rev yapt\u0131\u011f\u0131m\u0131z k\u0131ymetli mesai arkada\u015flar\u0131m\u0131zla bayramla\u015ft\u0131k.<br><br>T\u00fcm personelimize ve ailelerine \u015fimdiden hay\u0131rl\u0131 bayramlar diliyorum. <a href=\"https:\/\/t.co\/8uXtOLsFnr\">pic.twitter.com\/8uXtOLsFnr<\/a><\/p>&mdash; Numan Kurtulmu\u015f (@NumanKurtulmus) <a href=\"https:\/\/twitter.com\/NumanKurtulmus\/status\/1930238178264281343?ref_src=twsrc%5Etfw\">June 4, 2025<\/a><\/blockquote><script async src=\"https:\/\/platform.twitter.com\/widgets.js\" charset=\"utf-8\"><\/script><\/p>\n<p>Sosyal medya hesab\u0131ndan payla\u015f\u0131m yapan Kurtulmu\u015f, \u201cM\u00fcbarek Kurban Bayram\u0131 vesilesiyle Gazi Meclisimizde birlikte g\u00f6rev yapt\u0131\u011f\u0131m\u0131z k\u0131ymetli mesai arkada\u015flar\u0131m\u0131zla bayramla\u015ft\u0131k. T\u00fcm personelimize ve ailelerine \u015fimdiden hay\u0131rl\u0131 bayramlar diliyorum\u201d dedi.\u00a0<\/p>\n<p>\u200bHaberin Al\u0131nt\u0131land\u0131\u011f\u0131 Kaynak: www.iskenderun.org<\/p>","protected":false},"excerpt":{"rendered":"<p>TBMM Ba\u015fkan\u0131 Numan Kurtulmu\u015f, Kurban Bayram\u0131 \u00f6ncesinde Meclis personeliyle bir araya gelerek bayram tebriklerini kabul etti.ANKARA (\u0130GFA) &#8211; TBMM Ba\u015fkan\u0131 Numan Kurtulmu\u015f, Kurban Bayram\u0131 dolay\u0131s\u0131yla Meclis T\u00f6ren Salonu\u2019nda d\u00fczenlenen etkinlikte, Genel Sekreter Talip Uzun ile birlikte Meclis personelinin bayram tebriklerini kabul etti. Personelin \u00e7ocuklar\u0131yla da yak\u0131ndan ilgilenen Kurtulmu\u015f, s\u0131cak ve samimi bir sohbet ger\u00e7ekle\u015ftirdi. M\u00fcbarek Kurban Bayram\u0131 vesilesiyle Gazi Meclisimizde birlikte g\u00f6rev yapt\u0131\u011f\u0131m\u0131z k\u0131ymetli mesai arkada\u015flar\u0131m\u0131zla bayramla\u015ft\u0131k. T\u00fcm personelimize ve ailelerine \u015fimdiden hay\u0131rl\u0131 bayramlar diliyorum. pic.twitter.com\/8uXtOLsFnr &mdash; Numan Kurtulmu\u015f (@NumanKurtulmus) June 4, 2025 Sosyal medya hesab\u0131ndan payla\u015f\u0131m yapan Kurtulmu\u015f, \u201cM\u00fcbarek Kurban Bayram\u0131 vesilesiyle Gazi Meclisimizde birlikte g\u00f6rev yapt\u0131\u011f\u0131m\u0131z k\u0131ymetli mesai arkada\u015flar\u0131m\u0131zla bayramla\u015ft\u0131k. T\u00fcm personelimize ve ailelerine \u015fimdiden hay\u0131rl\u0131 bayramlar diliyorum\u201d dedi. \u200bTBMM Ba\u015fkan\u0131 Numan Kurtulmu\u015f, Kurban Bayram\u0131 \u00f6ncesinde Meclis personeliyle bir araya gelerek bayram tebriklerini kabul etti.ANKARA (\u0130GFA) &#8211; TBMM Ba\u015fkan\u0131 Numan Kurtulmu\u015f, Kurban Bayram\u0131 dolay\u0131s\u0131yla Meclis T\u00f6ren Salonu\u2019nda d\u00fczenlenen etkinlikte, Genel Sekreter Talip Uzun ile birlikte Meclis personelinin bayram tebriklerini kabul etti. Personelin \u00e7ocuklar\u0131yla da yak\u0131ndan ilgilenen Kurtulmu\u015f, s\u0131cak ve samimi bir sohbet ger\u00e7ekle\u015ftirdi. M\u00fcbarek Kurban Bayram\u0131 vesilesiyle Gazi Meclisimizde birlikte g\u00f6rev yapt\u0131\u011f\u0131m\u0131z k\u0131ymetli mesai arkada\u015flar\u0131m\u0131zla bayramla\u015ft\u0131k. T\u00fcm personelimize ve ailelerine \u015fimdiden hay\u0131rl\u0131 bayramlar diliyorum. pic.twitter.com\/8uXtOLsFnr &mdash; Numan Kurtulmu\u015f (@NumanKurtulmus) June 4, 2025 Sosyal medya hesab\u0131ndan payla\u015f\u0131m yapan Kurtulmu\u015f, &hellip;<\/p>","protected":false},"author":1,"featured_media":0,"comment_status":"","ping_status":"open","sticky":false,"template":"","format":"standard","meta":{"_acf_changed":false,"footnotes":""},"categories":[24],"tags":[],"class_list":["post-106406","post","type-post","status-publish","format-standard","has-post-thumbnail","hentry","category-gundem"],"acf":[],"yoast_head":"<!-- This site is optimized with the Yoast SEO Premium plugin v26.6 (Yoast SEO v27.1.1) - https:\/\/yoast.com\/product\/yoast-seo-premium-wordpress\/ -->\n<title>Kurtulmu\u015f, TBMM personeliyle bayramla\u015ft\u0131 - Av. Deniz Can K\u0131z\u0131l<\/title>\n<meta name=\"robots\" content=\"index, follow, max-snippet:-1, max-image-preview:large, max-video-preview:-1\" \/>\n<link rel=\"canonical\" href=\"http:\/\/denizcankizil.tr\/uk\/haberler\/gundem\/kurtulmus-tbmm-personeliyle-bayramlasti\/\" \/>\n<meta property=\"og:locale\" content=\"uk_UA\" \/>\n<meta property=\"og:type\" content=\"article\" \/>\n<meta property=\"og:title\" content=\"Kurtulmu\u015f, TBMM personeliyle bayramla\u015ft\u0131\" \/>\n<meta property=\"og:description\" content=\"TBMM Ba\u015fkan\u0131 Numan Kurtulmu\u015f, Kurban Bayram\u0131 \u00f6ncesinde Meclis personeliyle bir araya gelerek bayram tebriklerini kabul etti.ANKARA (\u0130GFA) &#8211; TBMM Ba\u015fkan\u0131 Numan Kurtulmu\u015f, Kurban Bayram\u0131 dolay\u0131s\u0131yla Meclis T\u00f6ren Salonu\u2019nda d\u00fczenlenen etkinlikte, Genel Sekreter Talip Uzun ile birlikte Meclis personelinin bayram tebriklerini kabul etti. Personelin \u00e7ocuklar\u0131yla da yak\u0131ndan ilgilenen Kurtulmu\u015f, s\u0131cak ve samimi bir sohbet ger\u00e7ekle\u015ftirdi. M\u00fcbarek Kurban Bayram\u0131 vesilesiyle Gazi Meclisimizde birlikte g\u00f6rev yapt\u0131\u011f\u0131m\u0131z k\u0131ymetli mesai arkada\u015flar\u0131m\u0131zla bayramla\u015ft\u0131k. T\u00fcm personelimize ve ailelerine \u015fimdiden hay\u0131rl\u0131 bayramlar diliyorum. pic.twitter.com\/8uXtOLsFnr &mdash; Numan Kurtulmu\u015f (@NumanKurtulmus) June 4, 2025 Sosyal medya hesab\u0131ndan payla\u015f\u0131m yapan Kurtulmu\u015f, \u201cM\u00fcbarek Kurban Bayram\u0131 vesilesiyle Gazi Meclisimizde birlikte g\u00f6rev yapt\u0131\u011f\u0131m\u0131z k\u0131ymetli mesai arkada\u015flar\u0131m\u0131zla bayramla\u015ft\u0131k. T\u00fcm personelimize ve ailelerine \u015fimdiden hay\u0131rl\u0131 bayramlar diliyorum\u201d dedi. \u200bTBMM Ba\u015fkan\u0131 Numan Kurtulmu\u015f, Kurban Bayram\u0131 \u00f6ncesinde Meclis personeliyle bir araya gelerek bayram tebriklerini kabul etti.ANKARA (\u0130GFA) &#8211; TBMM Ba\u015fkan\u0131 Numan Kurtulmu\u015f, Kurban Bayram\u0131 dolay\u0131s\u0131yla Meclis T\u00f6ren Salonu\u2019nda d\u00fczenlenen etkinlikte, Genel Sekreter Talip Uzun ile birlikte Meclis personelinin bayram tebriklerini kabul etti. Personelin \u00e7ocuklar\u0131yla da yak\u0131ndan ilgilenen Kurtulmu\u015f, s\u0131cak ve samimi bir sohbet ger\u00e7ekle\u015ftirdi. M\u00fcbarek Kurban Bayram\u0131 vesilesiyle Gazi Meclisimizde birlikte g\u00f6rev yapt\u0131\u011f\u0131m\u0131z k\u0131ymetli mesai arkada\u015flar\u0131m\u0131zla bayramla\u015ft\u0131k. T\u00fcm personelimize ve ailelerine \u015fimdiden hay\u0131rl\u0131 bayramlar diliyorum. pic.twitter.com\/8uXtOLsFnr &mdash; Numan Kurtulmu\u015f (@NumanKurtulmus) June 4, 2025 Sosyal medya hesab\u0131ndan payla\u015f\u0131m yapan Kurtulmu\u015f, &hellip;\" \/>\n<meta property=\"og:url\" content=\"http:\/\/denizcankizil.tr\/uk\/haberler\/gundem\/kurtulmus-tbmm-personeliyle-bayramlasti\/\" \/>\n<meta property=\"og:site_name\" content=\"Av. Deniz Can K\u0131z\u0131l\" \/>\n<meta property=\"article:published_time\" content=\"2025-06-04T13:44:24+00:00\" \/>\n<meta name=\"author\" content=\"admin\" \/>\n<meta name=\"twitter:card\" content=\"summary_large_image\" \/>\n<meta name=\"twitter:label1\" content=\"\u041d\u0430\u043f\u0438\u0441\u0430\u043d\u043e\" \/>\n\t<meta name=\"twitter:data1\" content=\"admin\" \/>\n\t<meta name=\"twitter:label2\" content=\"\u041f\u0440\u0438\u0431\u043b. \u0447\u0430\u0441 \u0447\u0438\u0442\u0430\u043d\u043d\u044f\" \/>\n\t<meta name=\"twitter:data2\" content=\"1 \u0445\u0432\u0438\u043b\u0438\u043d\u0430\" \/>\n<script type=\"application\/ld+json\" class=\"yoast-schema-graph\">{\"@context\":\"https:\/\/schema.org\",\"@graph\":[{\"@type\":\"Article\",\"@id\":\"http:\/\/denizcankizil.tr\/en\/haberler\/gundem\/kurtulmus-tbmm-personeliyle-bayramlasti\/#article\",\"isPartOf\":{\"@id\":\"http:\/\/denizcankizil.tr\/en\/haberler\/gundem\/kurtulmus-tbmm-personeliyle-bayramlasti\/\"},\"author\":{\"name\":\"admin\",\"@id\":\"https:\/\/denizcankizil.tr\/de\/#\/schema\/person\/be3c05fe6a12686905512445d8185489\"},\"headline\":\"Kurtulmu\u015f, TBMM personeliyle bayramla\u015ft\u0131\",\"datePublished\":\"2025-06-04T13:44:24+00:00\",\"mainEntityOfPage\":{\"@id\":\"http:\/\/denizcankizil.tr\/en\/haberler\/gundem\/kurtulmus-tbmm-personeliyle-bayramlasti\/\"},\"wordCount\":241,\"publisher\":{\"@id\":\"https:\/\/denizcankizil.tr\/de\/#organization\"},\"articleSection\":[\"G\u00fcndem\"],\"inLanguage\":\"uk\"},{\"@type\":\"WebPage\",\"@id\":\"http:\/\/denizcankizil.tr\/en\/haberler\/gundem\/kurtulmus-tbmm-personeliyle-bayramlasti\/\",\"url\":\"http:\/\/denizcankizil.tr\/en\/haberler\/gundem\/kurtulmus-tbmm-personeliyle-bayramlasti\/\",\"name\":\"Kurtulmu\u015f, TBMM personeliyle bayramla\u015ft\u0131 - Av. Deniz Can K\u0131z\u0131l\",\"isPartOf\":{\"@id\":\"https:\/\/denizcankizil.tr\/de\/#website\"},\"datePublished\":\"2025-06-04T13:44:24+00:00\",\"breadcrumb\":{\"@id\":\"http:\/\/denizcankizil.tr\/en\/haberler\/gundem\/kurtulmus-tbmm-personeliyle-bayramlasti\/#breadcrumb\"},\"inLanguage\":\"uk\",\"potentialAction\":[{\"@type\":\"ReadAction\",\"target\":[\"http:\/\/denizcankizil.tr\/en\/haberler\/gundem\/kurtulmus-tbmm-personeliyle-bayramlasti\/\"]}]},{\"@type\":\"BreadcrumbList\",\"@id\":\"http:\/\/denizcankizil.tr\/en\/haberler\/gundem\/kurtulmus-tbmm-personeliyle-bayramlasti\/#breadcrumb\",\"itemListElement\":[{\"@type\":\"ListItem\",\"position\":1,\"name\":\"Home\",\"item\":\"https:\/\/denizcankizil.tr\/de\/\"},{\"@type\":\"ListItem\",\"position\":2,\"name\":\"Kurtulmu\u015f, TBMM personeliyle bayramla\u015ft\u0131\"}]},{\"@type\":\"WebSite\",\"@id\":\"https:\/\/denizcankizil.tr\/de\/#website\",\"url\":\"https:\/\/denizcankizil.tr\/de\/\",\"name\":\"Av. Deniz Can K\u0131z\u0131l\",\"description\":\"Avukat Deniz Can K\u0131z\u0131l Antalya Barosu\",\"publisher\":{\"@id\":\"https:\/\/denizcankizil.tr\/de\/#organization\"},\"potentialAction\":[{\"@type\":\"SearchAction\",\"target\":{\"@type\":\"EntryPoint\",\"urlTemplate\":\"https:\/\/denizcankizil.tr\/de\/?s={search_term_string}\"},\"query-input\":{\"@type\":\"PropertyValueSpecification\",\"valueRequired\":true,\"valueName\":\"search_term_string\"}}],\"inLanguage\":\"uk\"},{\"@type\":\"Organization\",\"@id\":\"https:\/\/denizcankizil.tr\/de\/#organization\",\"name\":\"Av. Deniz Can K\u0131z\u0131l\",\"url\":\"https:\/\/denizcankizil.tr\/de\/\",\"logo\":{\"@type\":\"ImageObject\",\"inLanguage\":\"uk\",\"@id\":\"https:\/\/denizcankizil.tr\/de\/#\/schema\/logo\/image\/\",\"url\":\"https:\/\/denizcankizil.tr\/wp-content\/uploads\/2024\/10\/siyah-logo-svg.svg\",\"contentUrl\":\"https:\/\/denizcankizil.tr\/wp-content\/uploads\/2024\/10\/siyah-logo-svg.svg\",\"width\":1080,\"height\":1080,\"caption\":\"Av. Deniz Can K\u0131z\u0131l\"},\"image\":{\"@id\":\"https:\/\/denizcankizil.tr\/de\/#\/schema\/logo\/image\/\"}},{\"@type\":\"Person\",\"@id\":\"https:\/\/denizcankizil.tr\/de\/#\/schema\/person\/be3c05fe6a12686905512445d8185489\",\"name\":\"admin\",\"image\":{\"@type\":\"ImageObject\",\"inLanguage\":\"uk\",\"@id\":\"https:\/\/denizcankizil.tr\/de\/#\/schema\/person\/image\/\",\"url\":\"https:\/\/secure.gravatar.com\/avatar\/c1fce94c830dc79107e174f890d7210541c4a63e8e5d816341794a2151c9d58c?s=96&d=mm&r=g\",\"contentUrl\":\"https:\/\/secure.gravatar.com\/avatar\/c1fce94c830dc79107e174f890d7210541c4a63e8e5d816341794a2151c9d58c?s=96&d=mm&r=g\",\"caption\":\"admin\"},\"sameAs\":[\"http:\/\/denizcankizil.tr\"],\"url\":\"https:\/\/www.iskenderun.org\/kurtulmus-tbmm-personeliyle-bayramlasti\"}]}<\/script>\n<!-- \/ Yoast SEO Premium plugin. -->","yoast_head_json":{"title":"Kurtulmu\u015f, TBMM personeliyle bayramla\u015ft\u0131 - Av. Deniz Can K\u0131z\u0131l","robots":{"index":"index","follow":"follow","max-snippet":"max-snippet:-1","max-image-preview":"max-image-preview:large","max-video-preview":"max-video-preview:-1"},"canonical":"http:\/\/denizcankizil.tr\/uk\/haberler\/gundem\/kurtulmus-tbmm-personeliyle-bayramlasti\/","og_locale":"uk_UA","og_type":"article","og_title":"Kurtulmu\u015f, TBMM personeliyle bayramla\u015ft\u0131","og_description":"TBMM Ba\u015fkan\u0131 Numan Kurtulmu\u015f, Kurban Bayram\u0131 \u00f6ncesinde Meclis personeliyle bir araya gelerek bayram tebriklerini kabul etti.ANKARA (\u0130GFA) &#8211; TBMM Ba\u015fkan\u0131 Numan Kurtulmu\u015f, Kurban Bayram\u0131 dolay\u0131s\u0131yla Meclis T\u00f6ren Salonu\u2019nda d\u00fczenlenen etkinlikte, Genel Sekreter Talip Uzun ile birlikte Meclis personelinin bayram tebriklerini kabul etti. Personelin \u00e7ocuklar\u0131yla da yak\u0131ndan ilgilenen Kurtulmu\u015f, s\u0131cak ve samimi bir sohbet ger\u00e7ekle\u015ftirdi. M\u00fcbarek Kurban Bayram\u0131 vesilesiyle Gazi Meclisimizde birlikte g\u00f6rev yapt\u0131\u011f\u0131m\u0131z k\u0131ymetli mesai arkada\u015flar\u0131m\u0131zla bayramla\u015ft\u0131k. T\u00fcm personelimize ve ailelerine \u015fimdiden hay\u0131rl\u0131 bayramlar diliyorum. pic.twitter.com\/8uXtOLsFnr &mdash; Numan Kurtulmu\u015f (@NumanKurtulmus) June 4, 2025 Sosyal medya hesab\u0131ndan payla\u015f\u0131m yapan Kurtulmu\u015f, \u201cM\u00fcbarek Kurban Bayram\u0131 vesilesiyle Gazi Meclisimizde birlikte g\u00f6rev yapt\u0131\u011f\u0131m\u0131z k\u0131ymetli mesai arkada\u015flar\u0131m\u0131zla bayramla\u015ft\u0131k. T\u00fcm personelimize ve ailelerine \u015fimdiden hay\u0131rl\u0131 bayramlar diliyorum\u201d dedi. \u200bTBMM Ba\u015fkan\u0131 Numan Kurtulmu\u015f, Kurban Bayram\u0131 \u00f6ncesinde Meclis personeliyle bir araya gelerek bayram tebriklerini kabul etti.ANKARA (\u0130GFA) &#8211; TBMM Ba\u015fkan\u0131 Numan Kurtulmu\u015f, Kurban Bayram\u0131 dolay\u0131s\u0131yla Meclis T\u00f6ren Salonu\u2019nda d\u00fczenlenen etkinlikte, Genel Sekreter Talip Uzun ile birlikte Meclis personelinin bayram tebriklerini kabul etti. Personelin \u00e7ocuklar\u0131yla da yak\u0131ndan ilgilenen Kurtulmu\u015f, s\u0131cak ve samimi bir sohbet ger\u00e7ekle\u015ftirdi. M\u00fcbarek Kurban Bayram\u0131 vesilesiyle Gazi Meclisimizde birlikte g\u00f6rev yapt\u0131\u011f\u0131m\u0131z k\u0131ymetli mesai arkada\u015flar\u0131m\u0131zla bayramla\u015ft\u0131k. T\u00fcm personelimize ve ailelerine \u015fimdiden hay\u0131rl\u0131 bayramlar diliyorum. pic.twitter.com\/8uXtOLsFnr &mdash; Numan Kurtulmu\u015f (@NumanKurtulmus) June 4, 2025 Sosyal medya hesab\u0131ndan payla\u015f\u0131m yapan Kurtulmu\u015f, &hellip;","og_url":"http:\/\/denizcankizil.tr\/uk\/haberler\/gundem\/kurtulmus-tbmm-personeliyle-bayramlasti\/","og_site_name":"Av. Deniz Can K\u0131z\u0131l","article_published_time":"2025-06-04T13:44:24+00:00","author":"admin","twitter_card":"summary_large_image","twitter_misc":{"\u041d\u0430\u043f\u0438\u0441\u0430\u043d\u043e":"admin","\u041f\u0440\u0438\u0431\u043b. \u0447\u0430\u0441 \u0447\u0438\u0442\u0430\u043d\u043d\u044f":"1 \u0445\u0432\u0438\u043b\u0438\u043d\u0430"},"schema":{"@context":"https:\/\/schema.org","@graph":[{"@type":"Article","@id":"http:\/\/denizcankizil.tr\/en\/haberler\/gundem\/kurtulmus-tbmm-personeliyle-bayramlasti\/#article","isPartOf":{"@id":"http:\/\/denizcankizil.tr\/en\/haberler\/gundem\/kurtulmus-tbmm-personeliyle-bayramlasti\/"},"author":{"name":"admin","@id":"https:\/\/denizcankizil.tr\/de\/#\/schema\/person\/be3c05fe6a12686905512445d8185489"},"headline":"Kurtulmu\u015f, TBMM personeliyle bayramla\u015ft\u0131","datePublished":"2025-06-04T13:44:24+00:00","mainEntityOfPage":{"@id":"http:\/\/denizcankizil.tr\/en\/haberler\/gundem\/kurtulmus-tbmm-personeliyle-bayramlasti\/"},"wordCount":241,"publisher":{"@id":"https:\/\/denizcankizil.tr\/de\/#organization"},"articleSection":["G\u00fcndem"],"inLanguage":"uk"},{"@type":"WebPage","@id":"http:\/\/denizcankizil.tr\/en\/haberler\/gundem\/kurtulmus-tbmm-personeliyle-bayramlasti\/","url":"http:\/\/denizcankizil.tr\/en\/haberler\/gundem\/kurtulmus-tbmm-personeliyle-bayramlasti\/","name":"Kurtulmu\u015f, TBMM personeliyle bayramla\u015ft\u0131 - Av. Deniz Can K\u0131z\u0131l","isPartOf":{"@id":"https:\/\/denizcankizil.tr\/de\/#website"},"datePublished":"2025-06-04T13:44:24+00:00","breadcrumb":{"@id":"http:\/\/denizcankizil.tr\/en\/haberler\/gundem\/kurtulmus-tbmm-personeliyle-bayramlasti\/#breadcrumb"},"inLanguage":"uk","potentialAction":[{"@type":"ReadAction","target":["http:\/\/denizcankizil.tr\/en\/haberler\/gundem\/kurtulmus-tbmm-personeliyle-bayramlasti\/"]}]},{"@type":"BreadcrumbList","@id":"http:\/\/denizcankizil.tr\/en\/haberler\/gundem\/kurtulmus-tbmm-personeliyle-bayramlasti\/#breadcrumb","itemListElement":[{"@type":"ListItem","position":1,"name":"Home","item":"https:\/\/denizcankizil.tr\/de\/"},{"@type":"ListItem","position":2,"name":"Kurtulmu\u015f, TBMM personeliyle bayramla\u015ft\u0131"}]},{"@type":"WebSite","@id":"https:\/\/denizcankizil.tr\/de\/#website","url":"https:\/\/denizcankizil.tr\/de\/","name":"Av. Deniz Can K\u0131z\u0131l","description":"Avukat Deniz Can K\u0131z\u0131l Antalya Barosu","publisher":{"@id":"https:\/\/denizcankizil.tr\/de\/#organization"},"potentialAction":[{"@type":"SearchAction","target":{"@type":"EntryPoint","urlTemplate":"https:\/\/denizcankizil.tr\/de\/?s={search_term_string}"},"query-input":{"@type":"PropertyValueSpecification","valueRequired":true,"valueName":"search_term_string"}}],"inLanguage":"uk"},{"@type":"Organization","@id":"https:\/\/denizcankizil.tr\/de\/#organization","name":"Av. Deniz Can K\u0131z\u0131l","url":"https:\/\/denizcankizil.tr\/de\/","logo":{"@type":"ImageObject","inLanguage":"uk","@id":"https:\/\/denizcankizil.tr\/de\/#\/schema\/logo\/image\/","url":"https:\/\/denizcankizil.tr\/wp-content\/uploads\/2024\/10\/siyah-logo-svg.svg","contentUrl":"https:\/\/denizcankizil.tr\/wp-content\/uploads\/2024\/10\/siyah-logo-svg.svg","width":1080,"height":1080,"caption":"Av. Deniz Can K\u0131z\u0131l"},"image":{"@id":"https:\/\/denizcankizil.tr\/de\/#\/schema\/logo\/image\/"}},{"@type":"Person","@id":"https:\/\/denizcankizil.tr\/de\/#\/schema\/person\/be3c05fe6a12686905512445d8185489","name":"\u0430\u0434\u043c\u0456\u043d","image":{"@type":"ImageObject","inLanguage":"uk","@id":"https:\/\/denizcankizil.tr\/de\/#\/schema\/person\/image\/","url":"https:\/\/secure.gravatar.com\/avatar\/c1fce94c830dc79107e174f890d7210541c4a63e8e5d816341794a2151c9d58c?s=96&d=mm&r=g","contentUrl":"https:\/\/secure.gravatar.com\/avatar\/c1fce94c830dc79107e174f890d7210541c4a63e8e5d816341794a2151c9d58c?s=96&d=mm&r=g","caption":"admin"},"sameAs":["http:\/\/denizcankizil.tr"],"url":"https:\/\/www.iskenderun.org\/kurtulmus-tbmm-personeliyle-bayramlasti"}]}},"_links":{"self":[{"href":"https:\/\/denizcankizil.tr\/uk\/wp-json\/wp\/v2\/posts\/106406","targetHints":{"allow":["GET"]}}],"collection":[{"href":"https:\/\/denizcankizil.tr\/uk\/wp-json\/wp\/v2\/posts"}],"about":[{"href":"https:\/\/denizcankizil.tr\/uk\/wp-json\/wp\/v2\/types\/post"}],"author":[{"embeddable":true,"href":"https:\/\/denizcankizil.tr\/uk\/wp-json\/wp\/v2\/users\/1"}],"replies":[{"embeddable":true,"href":"https:\/\/denizcankizil.tr\/uk\/wp-json\/wp\/v2\/comments?post=106406"}],"version-history":[{"count":0,"href":"https:\/\/denizcankizil.tr\/uk\/wp-json\/wp\/v2\/posts\/106406\/revisions"}],"wp:attachment":[{"href":"https:\/\/denizcankizil.tr\/uk\/wp-json\/wp\/v2\/media?parent=106406"}],"wp:term":[{"taxonomy":"category","embeddable":true,"href":"https:\/\/denizcankizil.tr\/uk\/wp-json\/wp\/v2\/categories?post=106406"},{"taxonomy":"post_tag","embeddable":true,"href":"https:\/\/denizcankizil.tr\/uk\/wp-json\/wp\/v2\/tags?post=106406"}],"curies":[{"name":"wp","href":"https:\/\/api.w.org\/{rel}","templated":true}]}}