{"id":105125,"date":"2025-06-03T14:41:45","date_gmt":"2025-06-03T11:41:45","guid":{"rendered":"https:\/\/denizcankizil.tr\/uncategorized-tr\/burdur-belediyesinden-izmire-destek-cagrisi-gerekirse-personelimizin-yarisini-gondeririz\/"},"modified":"2025-06-03T14:41:45","modified_gmt":"2025-06-03T11:41:45","slug":"burdur-belediyesinden-izmire-destek-cagrisi-gerekirse-personelimizin-yarisini-gondeririz","status":"publish","type":"post","link":"https:\/\/denizcankizil.tr\/uk\/haberler\/gundem\/burdur-belediyesinden-izmire-destek-cagrisi-gerekirse-personelimizin-yarisini-gondeririz\/","title":{"rendered":"Burdur Belediyesi\u2019nden \u0130zmir\u2019e destek \u00e7a\u011fr\u0131s\u0131: \u201cGerekirse personelimizin yar\u0131s\u0131n\u0131 g\u00f6ndeririz\u201d"},"content":{"rendered":"<p>\u0130zmir B\u00fcy\u00fck\u015fehir Belediyesi ile D\u0130SK Genel-\u0130\u015f Sendikas\u0131 aras\u0131ndaki toplu i\u015f s\u00f6zle\u015fmesi g\u00f6r\u00fc\u015fmelerinde uzla\u015f\u0131lamamas\u0131 \u00fczerine i\u015f\u00e7iler greve gitti. D\u0130SK\u2019e ba\u011fl\u0131 yakla\u015f\u0131k 23 bin i\u015f\u00e7inin grevde oldu\u011fu \u0130zmir\u2019de, \u00f6zellikle temizlik hizmetlerinde ciddi aksamalar ya\u015fand\u0131. Belediyeye ait baz\u0131 ara\u00e7lar\u0131n grevdeki i\u015f\u00e7iler taraf\u0131ndan engellendi\u011fi, Kordon ve K\u0131br\u0131s \u015eehitleri Caddesi gibi merkezi alanlarda olu\u015fan \u00e7\u00f6p y\u0131\u011f\u0131nlar\u0131, b\u00fcy\u00fck tepki toplad\u0131. Grev s\u0131ras\u0131nda baz\u0131 belediye ekipleriyle grevciler aras\u0131nda k\u0131sa s\u00fcreli arbedeler ya\u015fand\u0131.<\/p>\n<p>BA\u015eKAN TUGAYDAN SERT TEPK\u0130: &#8220;BELED\u0130YEY\u0130 BATIRAMAYCAKSINIZ&#8221;<\/p>\n<p>\u0130zmir\u2019de grevin 4. g\u00fcn\u00fcnde \u00e7\u00f6plerin toplanmamas\u0131 kentte ciddi bir sorun haline gelirken, \u0130zmir B\u00fcy\u00fck\u015fehir Belediye Ba\u015fkan\u0131 Cemil Tugay sahaya inerek temizlik \u00e7al\u0131\u015fmalar\u0131na bizzat kat\u0131ld\u0131. \u0130zmir B\u00fcy\u00fck\u015fehir Belediye Ba\u015fkan\u0131 Cemil Tugay, biriken \u00e7\u00f6pleri toplamak i\u00e7in sahaya indi\u011finde D\u0130SK Genel-\u0130\u015f 2 No&#8217;lu \u015eube Ba\u015fkan\u0131 Ercan G\u00fcl ile gerginlik ya\u015fad\u0131. Tugay, grevcilere &#8220;Belediyeyi bat\u0131ramayacaks\u0131n\u0131z&#8230; Bu i\u015fleri yapacak adam bulurum ben&#8221; diyerek sert tepki g\u00f6sterdi. Tugay, sosyal medya \u00fczerinden \u0130zmir halk\u0131n\u0131 dayan\u0131\u015fmaya \u00e7a\u011f\u0131rarak, &#8220;D\u0130SK Genel \u0130\u015f Sendikas\u0131 \u0130zmir\u2019de mant\u0131kl\u0131 hi\u00e7bir a\u00e7\u0131klamas\u0131 olmayan bir grev s\u00fcrecini, insanlar\u0131m\u0131z\u0131n g\u00fcnl\u00fck hayat\u0131n\u0131 alt \u00fcst etme ve sa\u011fl\u0131klar\u0131n\u0131 bozmay\u0131 da g\u00f6ze alarak devam ettirme \u00e7abas\u0131 i\u00e7indedir&#8221; ifadelerini kulland\u0131.<\/p>\n<p>\u00dcCRET TARTI\u015eMASI VE BA\u015eKAN TUGAY&#8217;IN TEKL\u0130F\u0130 <\/p>\n<p>Ba\u015fkan Tugay, sendikalar\u0131n talep etti\u011fi \u00fccretleri &#8216;makul olmayan, sorumsuzluk boyutunda&#8217; olarak nitelendirdi ve 31 May\u0131s&#8217;ta yapt\u0131\u011f\u0131 a\u00e7\u0131klamada, toplu i\u015f s\u00f6zle\u015fmesi tasla\u011f\u0131ndaki yakla\u015f\u0131k 50 ayr\u0131 kalemdeki yan \u00f6demelerin tamamen kald\u0131r\u0131lmas\u0131 kar\u015f\u0131l\u0131\u011f\u0131nda, ayl\u0131k net \u00fccret olarak 65 bin liradan ba\u015flayan, 80 bin liraya ula\u015fan rakamlar\u0131 ve Eyl\u00fcl ay\u0131nda bu art\u0131\u015fa y\u00fczde 10 daha eklemeyi teklif ettiklerini belirtti. Ba\u015fkan Tugay, bu teklifin, en az 71 bin 500 liradan 88 bin liraya kadar ayl\u0131k net \u00fccrete denk geldi\u011fini ifade etti.<\/p>\n<p>BURDUR BELED\u0130YES\u0130 S\u00dcREC\u0130 TAK\u0130P ED\u0130YOR <\/p>\n<p>Burdur Belediye Ba\u015fkan\u0131 Ali Orkun Ercengiz, &#8220;\u0130zmir&#8217;de olup bitenleri \u00fcz\u00fcnt\u00fc ile izliyorum&#8221; diyerek s\u00fcrece dahil oldu. Dayan\u0131\u015fma i\u00e7eresinde olmas\u0131 gereken bir d\u00f6nemde soka\u011fa d\u00f6k\u00fclmenin, uzla\u015f\u0131 ortam\u0131ndan uzakla\u015fman\u0131n, gayreti bo\u015fa \u00e7\u0131karman\u0131n ba\u015far\u0131s\u0131zl\u0131\u011f\u0131 isteyenlerin ekme\u011fine ya\u011f s\u00fcrd\u00fc\u011f\u00fcne dikkat \u00e7eken Ercegiz, emek\u00e7i kesime seslendi. &#8220;Anayasal hakk\u0131n\u0131z olan grevi her platformda destekliyor ancak makul seviyede uzla\u015f\u0131 ortam\u0131ndan uzakla\u015fmaman\u0131z\u0131 rica ediyorum&#8221; diyen Ercengiz, kesimlerin kar\u015f\u0131l\u0131kl\u0131 olarak birbirine bor\u00e7lu oldu\u011funu belirtti.<\/p>\n<p>&#8220;H\u0130ZMET\u0130N AKSAMASINA SEY\u0130RC\u0130 KALAMAYIZ&#8221;<\/p>\n<p>\u0130\u015f\u00e7ilere, &#8220;Bug\u00fcn kar\u015f\u0131t g\u00f6r\u00fc\u015fte olan hangi belediyede yetkili sendikas\u0131n\u0131z?&#8221; sorusunu y\u00f6nelten Ercengiz, &#8220;Yakla\u015fan Kurban Bayram\u0131 \u00f6ncesinde uzla\u015f\u0131p g\u00fczel \u0130zmir&#8217;imize yak\u0131\u015fan ho\u015fg\u00f6r\u00fc ortam\u0131n\u0131 sa\u011flay\u0131p hizmeti aksatmayal\u0131m&#8221; dedi.<\/p>\n<p>&#8220;BURDUR BELED\u0130YES\u0130 KATKI VERMEYE HAZIR&#8221;<\/p>\n<p>T\u00fcm belediye ba\u015fkanlar\u0131na seslenen Ercengiz, seferberlik \u00e7a\u011fr\u0131s\u0131nda bulundu. Her belediyenin kendisine yak\u0131\u015fan bir tutum sergilemesi gerekti\u011fini hat\u0131rlatan Ercengiz, &#8220;Nas\u0131l yang\u0131nda depremde selde ya da ola\u011fan\u00fcst\u00fc bir durumda personelimizi ge\u00e7ici olarak darda kalan ilimize g\u00f6nderiyorsak \u00e7\u00f6p\u00fcn toplanmas\u0131 toplu ta\u015f\u0131man\u0131n aksamamas\u0131 temel hizmetlerin \u00fcretilmesi i\u00e7in biz de seferber olal\u0131m. Burdur Belediyesi emek\u00e7isi \u0130zmir B\u00fcy\u00fck\u015fehir Belediyesi&#8217;ne katk\u0131 vermeye haz\u0131rd\u0131r. Gerekirse personelimizin yar\u0131s\u0131n\u0131 g\u00f6nderir \u0130zmir&#8217;e katk\u0131m\u0131z\u0131 veririz. T\u00fcm belediye ba\u015fkan\u0131 arkada\u015flar\u0131m\u0131 bu dayan\u0131\u015fmaya davet ediyorum. Haydi hep birlikte kol kola bize yak\u0131\u015fan\u0131 yapal\u0131m&#8221; \u015feklinde konu\u015ftu.<\/p>\n<p>\u200b\u0130zmir\u2019de D\u0130SK Genel-\u0130\u015f Sendikas\u0131 ile \u0130zmir B\u00fcy\u00fck\u015fehir Belediyesi aras\u0131nda s\u00fcren toplu i\u015f s\u00f6zle\u015fmesi krizine dair \u00fclke genelinde yank\u0131 bulan tart\u0131\u015fmalara Burdur Belediye Ba\u015fkan\u0131 Ali Orkun Ercengiz de dahil oldu. Ercengiz, sosyal medya \u00fczerinden yapt\u0131\u011f\u0131 a\u00e7\u0131klamada \u0130zmir B\u00fcy\u00fck\u015fehir Belediye Ba\u015fkan\u0131 Cemil Tugay\u2019a destek verirken, \u201cGerekirse personelimizin yar\u0131s\u0131n\u0131 g\u00f6ndeririz\u201d dedi\u00a0<\/p>\n<p>\u200bHaberin Al\u0131nt\u0131land\u0131\u011f\u0131 Kaynak: www.antalyakorfez.com<\/p>","protected":false},"excerpt":{"rendered":"<p>\u0130zmir B\u00fcy\u00fck\u015fehir Belediyesi ile D\u0130SK Genel-\u0130\u015f Sendikas\u0131 aras\u0131ndaki toplu i\u015f s\u00f6zle\u015fmesi g\u00f6r\u00fc\u015fmelerinde uzla\u015f\u0131lamamas\u0131 \u00fczerine i\u015f\u00e7iler greve gitti. D\u0130SK\u2019e ba\u011fl\u0131 yakla\u015f\u0131k 23 bin i\u015f\u00e7inin grevde oldu\u011fu \u0130zmir\u2019de, \u00f6zellikle temizlik hizmetlerinde ciddi aksamalar ya\u015fand\u0131. Belediyeye ait baz\u0131 ara\u00e7lar\u0131n grevdeki i\u015f\u00e7iler taraf\u0131ndan engellendi\u011fi, Kordon ve K\u0131br\u0131s \u015eehitleri Caddesi gibi merkezi alanlarda olu\u015fan \u00e7\u00f6p y\u0131\u011f\u0131nlar\u0131, b\u00fcy\u00fck tepki toplad\u0131. Grev s\u0131ras\u0131nda baz\u0131 belediye ekipleriyle grevciler aras\u0131nda k\u0131sa s\u00fcreli arbedeler ya\u015fand\u0131. BA\u015eKAN TUGAYDAN SERT TEPK\u0130: &#8220;BELED\u0130YEY\u0130 BATIRAMAYCAKSINIZ&#8221; \u0130zmir\u2019de grevin 4. g\u00fcn\u00fcnde \u00e7\u00f6plerin toplanmamas\u0131 kentte ciddi bir sorun haline gelirken, \u0130zmir B\u00fcy\u00fck\u015fehir Belediye Ba\u015fkan\u0131 Cemil Tugay sahaya inerek temizlik \u00e7al\u0131\u015fmalar\u0131na bizzat kat\u0131ld\u0131. \u0130zmir B\u00fcy\u00fck\u015fehir Belediye Ba\u015fkan\u0131 Cemil Tugay, biriken \u00e7\u00f6pleri toplamak i\u00e7in sahaya indi\u011finde D\u0130SK Genel-\u0130\u015f 2 No&#8217;lu \u015eube Ba\u015fkan\u0131 Ercan G\u00fcl ile gerginlik ya\u015fad\u0131. Tugay, grevcilere &#8220;Belediyeyi bat\u0131ramayacaks\u0131n\u0131z&#8230; Bu i\u015fleri yapacak adam bulurum ben&#8221; diyerek sert tepki g\u00f6sterdi. Tugay, sosyal medya \u00fczerinden \u0130zmir halk\u0131n\u0131 dayan\u0131\u015fmaya \u00e7a\u011f\u0131rarak, &#8220;D\u0130SK Genel \u0130\u015f Sendikas\u0131 \u0130zmir\u2019de mant\u0131kl\u0131 hi\u00e7bir a\u00e7\u0131klamas\u0131 olmayan bir grev s\u00fcrecini, insanlar\u0131m\u0131z\u0131n g\u00fcnl\u00fck hayat\u0131n\u0131 alt \u00fcst etme ve sa\u011fl\u0131klar\u0131n\u0131 bozmay\u0131 da g\u00f6ze alarak devam ettirme \u00e7abas\u0131 i\u00e7indedir&#8221; ifadelerini kulland\u0131. \u00dcCRET TARTI\u015eMASI VE BA\u015eKAN TUGAY&#8217;IN TEKL\u0130F\u0130 Ba\u015fkan Tugay, sendikalar\u0131n talep etti\u011fi \u00fccretleri &#8216;makul olmayan, sorumsuzluk boyutunda&#8217; olarak nitelendirdi ve 31 May\u0131s&#8217;ta yapt\u0131\u011f\u0131 a\u00e7\u0131klamada, toplu i\u015f s\u00f6zle\u015fmesi tasla\u011f\u0131ndaki yakla\u015f\u0131k 50 ayr\u0131 &hellip;<\/p>","protected":false},"author":5,"featured_media":0,"comment_status":"","ping_status":"open","sticky":false,"template":"","format":"standard","meta":{"_acf_changed":false,"footnotes":""},"categories":[24],"tags":[],"class_list":["post-105125","post","type-post","status-publish","format-standard","has-post-thumbnail","hentry","category-gundem"],"acf":[],"yoast_head":"<!-- This site is optimized with the Yoast SEO Premium plugin v26.6 (Yoast SEO v27.1.1) - https:\/\/yoast.com\/product\/yoast-seo-premium-wordpress\/ -->\n<title>Burdur Belediyesi\u2019nden \u0130zmir\u2019e destek \u00e7a\u011fr\u0131s\u0131: \u201cGerekirse personelimizin yar\u0131s\u0131n\u0131 g\u00f6ndeririz\u201d - Av. Deniz Can K\u0131z\u0131l<\/title>\n<meta name=\"robots\" content=\"index, follow, max-snippet:-1, max-image-preview:large, max-video-preview:-1\" \/>\n<link rel=\"canonical\" href=\"https:\/\/denizcankizil.tr\/uk\/haberler\/gundem\/burdur-belediyesinden-izmire-destek-cagrisi-gerekirse-personelimizin-yarisini-gondeririz\/\" \/>\n<meta property=\"og:locale\" content=\"uk_UA\" \/>\n<meta property=\"og:type\" content=\"article\" \/>\n<meta property=\"og:title\" content=\"Burdur Belediyesi\u2019nden \u0130zmir\u2019e destek \u00e7a\u011fr\u0131s\u0131: \u201cGerekirse personelimizin yar\u0131s\u0131n\u0131 g\u00f6ndeririz\u201d\" \/>\n<meta property=\"og:description\" content=\"\u0130zmir B\u00fcy\u00fck\u015fehir Belediyesi ile D\u0130SK Genel-\u0130\u015f Sendikas\u0131 aras\u0131ndaki toplu i\u015f s\u00f6zle\u015fmesi g\u00f6r\u00fc\u015fmelerinde uzla\u015f\u0131lamamas\u0131 \u00fczerine i\u015f\u00e7iler greve gitti. D\u0130SK\u2019e ba\u011fl\u0131 yakla\u015f\u0131k 23 bin i\u015f\u00e7inin grevde oldu\u011fu \u0130zmir\u2019de, \u00f6zellikle temizlik hizmetlerinde ciddi aksamalar ya\u015fand\u0131. Belediyeye ait baz\u0131 ara\u00e7lar\u0131n grevdeki i\u015f\u00e7iler taraf\u0131ndan engellendi\u011fi, Kordon ve K\u0131br\u0131s \u015eehitleri Caddesi gibi merkezi alanlarda olu\u015fan \u00e7\u00f6p y\u0131\u011f\u0131nlar\u0131, b\u00fcy\u00fck tepki toplad\u0131. Grev s\u0131ras\u0131nda baz\u0131 belediye ekipleriyle grevciler aras\u0131nda k\u0131sa s\u00fcreli arbedeler ya\u015fand\u0131. BA\u015eKAN TUGAYDAN SERT TEPK\u0130: &#8220;BELED\u0130YEY\u0130 BATIRAMAYCAKSINIZ&#8221; \u0130zmir\u2019de grevin 4. g\u00fcn\u00fcnde \u00e7\u00f6plerin toplanmamas\u0131 kentte ciddi bir sorun haline gelirken, \u0130zmir B\u00fcy\u00fck\u015fehir Belediye Ba\u015fkan\u0131 Cemil Tugay sahaya inerek temizlik \u00e7al\u0131\u015fmalar\u0131na bizzat kat\u0131ld\u0131. \u0130zmir B\u00fcy\u00fck\u015fehir Belediye Ba\u015fkan\u0131 Cemil Tugay, biriken \u00e7\u00f6pleri toplamak i\u00e7in sahaya indi\u011finde D\u0130SK Genel-\u0130\u015f 2 No&#8217;lu \u015eube Ba\u015fkan\u0131 Ercan G\u00fcl ile gerginlik ya\u015fad\u0131. Tugay, grevcilere &#8220;Belediyeyi bat\u0131ramayacaks\u0131n\u0131z&#8230; Bu i\u015fleri yapacak adam bulurum ben&#8221; diyerek sert tepki g\u00f6sterdi. Tugay, sosyal medya \u00fczerinden \u0130zmir halk\u0131n\u0131 dayan\u0131\u015fmaya \u00e7a\u011f\u0131rarak, &#8220;D\u0130SK Genel \u0130\u015f Sendikas\u0131 \u0130zmir\u2019de mant\u0131kl\u0131 hi\u00e7bir a\u00e7\u0131klamas\u0131 olmayan bir grev s\u00fcrecini, insanlar\u0131m\u0131z\u0131n g\u00fcnl\u00fck hayat\u0131n\u0131 alt \u00fcst etme ve sa\u011fl\u0131klar\u0131n\u0131 bozmay\u0131 da g\u00f6ze alarak devam ettirme \u00e7abas\u0131 i\u00e7indedir&#8221; ifadelerini kulland\u0131. \u00dcCRET TARTI\u015eMASI VE BA\u015eKAN TUGAY&#8217;IN TEKL\u0130F\u0130 Ba\u015fkan Tugay, sendikalar\u0131n talep etti\u011fi \u00fccretleri &#8216;makul olmayan, sorumsuzluk boyutunda&#8217; olarak nitelendirdi ve 31 May\u0131s&#8217;ta yapt\u0131\u011f\u0131 a\u00e7\u0131klamada, toplu i\u015f s\u00f6zle\u015fmesi tasla\u011f\u0131ndaki yakla\u015f\u0131k 50 ayr\u0131 &hellip;\" \/>\n<meta property=\"og:url\" content=\"https:\/\/denizcankizil.tr\/uk\/haberler\/gundem\/burdur-belediyesinden-izmire-destek-cagrisi-gerekirse-personelimizin-yarisini-gondeririz\/\" \/>\n<meta property=\"og:site_name\" content=\"Av. Deniz Can K\u0131z\u0131l\" \/>\n<meta property=\"article:published_time\" content=\"2025-06-03T11:41:45+00:00\" \/>\n<meta name=\"author\" content=\"Antalya K\u00f6rfez\" \/>\n<meta name=\"twitter:card\" content=\"summary_large_image\" \/>\n<meta name=\"twitter:label1\" content=\"\u041d\u0430\u043f\u0438\u0441\u0430\u043d\u043e\" \/>\n\t<meta name=\"twitter:data1\" content=\"Antalya K\u00f6rfez\" \/>\n\t<meta name=\"twitter:label2\" content=\"\u041f\u0440\u0438\u0431\u043b. \u0447\u0430\u0441 \u0447\u0438\u0442\u0430\u043d\u043d\u044f\" \/>\n\t<meta name=\"twitter:data2\" content=\"4 \u0445\u0432\u0438\u043b\u0438\u043d\u0438\" \/>\n<script type=\"application\/ld+json\" class=\"yoast-schema-graph\">{\"@context\":\"https:\/\/schema.org\",\"@graph\":[{\"@type\":\"Article\",\"@id\":\"https:\/\/denizcankizil.tr\/ru\/haberler\/gundem\/burdur-belediyesinden-izmire-destek-cagrisi-gerekirse-personelimizin-yarisini-gondeririz\/#article\",\"isPartOf\":{\"@id\":\"https:\/\/denizcankizil.tr\/ru\/haberler\/gundem\/burdur-belediyesinden-izmire-destek-cagrisi-gerekirse-personelimizin-yarisini-gondeririz\/\"},\"author\":{\"name\":\"Antalya K\u00f6rfez\",\"@id\":\"https:\/\/denizcankizil.tr\/#\/schema\/person\/e1eb71bb4dd684d46563f0af307e1234\"},\"headline\":\"Burdur Belediyesi\u2019nden \u0130zmir\u2019e destek \u00e7a\u011fr\u0131s\u0131: \u201cGerekirse personelimizin yar\u0131s\u0131n\u0131 g\u00f6ndeririz\u201d\",\"datePublished\":\"2025-06-03T11:41:45+00:00\",\"mainEntityOfPage\":{\"@id\":\"https:\/\/denizcankizil.tr\/ru\/haberler\/gundem\/burdur-belediyesinden-izmire-destek-cagrisi-gerekirse-personelimizin-yarisini-gondeririz\/\"},\"wordCount\":728,\"publisher\":{\"@id\":\"https:\/\/denizcankizil.tr\/#organization\"},\"articleSection\":[\"G\u00fcndem\"],\"inLanguage\":\"uk\"},{\"@type\":\"WebPage\",\"@id\":\"https:\/\/denizcankizil.tr\/ru\/haberler\/gundem\/burdur-belediyesinden-izmire-destek-cagrisi-gerekirse-personelimizin-yarisini-gondeririz\/\",\"url\":\"https:\/\/denizcankizil.tr\/ru\/haberler\/gundem\/burdur-belediyesinden-izmire-destek-cagrisi-gerekirse-personelimizin-yarisini-gondeririz\/\",\"name\":\"Burdur Belediyesi\u2019nden \u0130zmir\u2019e destek \u00e7a\u011fr\u0131s\u0131: \u201cGerekirse personelimizin yar\u0131s\u0131n\u0131 g\u00f6ndeririz\u201d - Av. Deniz Can K\u0131z\u0131l\",\"isPartOf\":{\"@id\":\"https:\/\/denizcankizil.tr\/#website\"},\"datePublished\":\"2025-06-03T11:41:45+00:00\",\"breadcrumb\":{\"@id\":\"https:\/\/denizcankizil.tr\/ru\/haberler\/gundem\/burdur-belediyesinden-izmire-destek-cagrisi-gerekirse-personelimizin-yarisini-gondeririz\/#breadcrumb\"},\"inLanguage\":\"uk\",\"potentialAction\":[{\"@type\":\"ReadAction\",\"target\":[\"https:\/\/denizcankizil.tr\/ru\/haberler\/gundem\/burdur-belediyesinden-izmire-destek-cagrisi-gerekirse-personelimizin-yarisini-gondeririz\/\"]}]},{\"@type\":\"BreadcrumbList\",\"@id\":\"https:\/\/denizcankizil.tr\/ru\/haberler\/gundem\/burdur-belediyesinden-izmire-destek-cagrisi-gerekirse-personelimizin-yarisini-gondeririz\/#breadcrumb\",\"itemListElement\":[{\"@type\":\"ListItem\",\"position\":1,\"name\":\"Home\",\"item\":\"https:\/\/denizcankizil.tr\/de\/\"},{\"@type\":\"ListItem\",\"position\":2,\"name\":\"Burdur Belediyesi\u2019nden \u0130zmir\u2019e destek \u00e7a\u011fr\u0131s\u0131: \u201cGerekirse personelimizin yar\u0131s\u0131n\u0131 g\u00f6ndeririz\u201d\"}]},{\"@type\":\"WebSite\",\"@id\":\"https:\/\/denizcankizil.tr\/#website\",\"url\":\"https:\/\/denizcankizil.tr\/\",\"name\":\"Av. Deniz Can K\u0131z\u0131l\",\"description\":\"Avukat Deniz Can K\u0131z\u0131l Antalya Barosu\",\"publisher\":{\"@id\":\"https:\/\/denizcankizil.tr\/#organization\"},\"potentialAction\":[{\"@type\":\"SearchAction\",\"target\":{\"@type\":\"EntryPoint\",\"urlTemplate\":\"https:\/\/denizcankizil.tr\/?s={search_term_string}\"},\"query-input\":{\"@type\":\"PropertyValueSpecification\",\"valueRequired\":true,\"valueName\":\"search_term_string\"}}],\"inLanguage\":\"uk\"},{\"@type\":\"Organization\",\"@id\":\"https:\/\/denizcankizil.tr\/#organization\",\"name\":\"Av. Deniz Can K\u0131z\u0131l\",\"url\":\"https:\/\/denizcankizil.tr\/\",\"logo\":{\"@type\":\"ImageObject\",\"inLanguage\":\"uk\",\"@id\":\"https:\/\/denizcankizil.tr\/#\/schema\/logo\/image\/\",\"url\":\"https:\/\/denizcankizil.tr\/wp-content\/uploads\/2024\/10\/siyah-logo-svg.svg\",\"contentUrl\":\"https:\/\/denizcankizil.tr\/wp-content\/uploads\/2024\/10\/siyah-logo-svg.svg\",\"width\":1080,\"height\":1080,\"caption\":\"Av. Deniz Can K\u0131z\u0131l\"},\"image\":{\"@id\":\"https:\/\/denizcankizil.tr\/#\/schema\/logo\/image\/\"}},{\"@type\":\"Person\",\"@id\":\"https:\/\/denizcankizil.tr\/#\/schema\/person\/e1eb71bb4dd684d46563f0af307e1234\",\"name\":\"Antalya K\u00f6rfez\",\"image\":{\"@type\":\"ImageObject\",\"inLanguage\":\"uk\",\"@id\":\"https:\/\/denizcankizil.tr\/#\/schema\/person\/image\/\",\"url\":\"https:\/\/secure.gravatar.com\/avatar\/42b01982558a48a0b501fdcab6a408d3717ea5919095ee2e67b0e521799c5905?s=96&d=mm&r=g\",\"contentUrl\":\"https:\/\/secure.gravatar.com\/avatar\/42b01982558a48a0b501fdcab6a408d3717ea5919095ee2e67b0e521799c5905?s=96&d=mm&r=g\",\"caption\":\"Antalya K\u00f6rfez\"},\"sameAs\":[\"http:\/\/www.antalyakorfez.com\"],\"url\":\"https:\/\/www.antalyakorfez.com\/burdur-belediyesinden-izmire-destek-cagrisi-gerekirse-personelimizin-yarisini-gondeririz\"}]}<\/script>\n<!-- \/ Yoast SEO Premium plugin. -->","yoast_head_json":{"title":"Burdur Belediyesi\u2019nden \u0130zmir\u2019e destek \u00e7a\u011fr\u0131s\u0131: \u201cGerekirse personelimizin yar\u0131s\u0131n\u0131 g\u00f6ndeririz\u201d - Av. Deniz Can K\u0131z\u0131l","robots":{"index":"index","follow":"follow","max-snippet":"max-snippet:-1","max-image-preview":"max-image-preview:large","max-video-preview":"max-video-preview:-1"},"canonical":"https:\/\/denizcankizil.tr\/uk\/haberler\/gundem\/burdur-belediyesinden-izmire-destek-cagrisi-gerekirse-personelimizin-yarisini-gondeririz\/","og_locale":"uk_UA","og_type":"article","og_title":"Burdur Belediyesi\u2019nden \u0130zmir\u2019e destek \u00e7a\u011fr\u0131s\u0131: \u201cGerekirse personelimizin yar\u0131s\u0131n\u0131 g\u00f6ndeririz\u201d","og_description":"\u0130zmir B\u00fcy\u00fck\u015fehir Belediyesi ile D\u0130SK Genel-\u0130\u015f Sendikas\u0131 aras\u0131ndaki toplu i\u015f s\u00f6zle\u015fmesi g\u00f6r\u00fc\u015fmelerinde uzla\u015f\u0131lamamas\u0131 \u00fczerine i\u015f\u00e7iler greve gitti. D\u0130SK\u2019e ba\u011fl\u0131 yakla\u015f\u0131k 23 bin i\u015f\u00e7inin grevde oldu\u011fu \u0130zmir\u2019de, \u00f6zellikle temizlik hizmetlerinde ciddi aksamalar ya\u015fand\u0131. Belediyeye ait baz\u0131 ara\u00e7lar\u0131n grevdeki i\u015f\u00e7iler taraf\u0131ndan engellendi\u011fi, Kordon ve K\u0131br\u0131s \u015eehitleri Caddesi gibi merkezi alanlarda olu\u015fan \u00e7\u00f6p y\u0131\u011f\u0131nlar\u0131, b\u00fcy\u00fck tepki toplad\u0131. Grev s\u0131ras\u0131nda baz\u0131 belediye ekipleriyle grevciler aras\u0131nda k\u0131sa s\u00fcreli arbedeler ya\u015fand\u0131. BA\u015eKAN TUGAYDAN SERT TEPK\u0130: &#8220;BELED\u0130YEY\u0130 BATIRAMAYCAKSINIZ&#8221; \u0130zmir\u2019de grevin 4. g\u00fcn\u00fcnde \u00e7\u00f6plerin toplanmamas\u0131 kentte ciddi bir sorun haline gelirken, \u0130zmir B\u00fcy\u00fck\u015fehir Belediye Ba\u015fkan\u0131 Cemil Tugay sahaya inerek temizlik \u00e7al\u0131\u015fmalar\u0131na bizzat kat\u0131ld\u0131. \u0130zmir B\u00fcy\u00fck\u015fehir Belediye Ba\u015fkan\u0131 Cemil Tugay, biriken \u00e7\u00f6pleri toplamak i\u00e7in sahaya indi\u011finde D\u0130SK Genel-\u0130\u015f 2 No&#8217;lu \u015eube Ba\u015fkan\u0131 Ercan G\u00fcl ile gerginlik ya\u015fad\u0131. Tugay, grevcilere &#8220;Belediyeyi bat\u0131ramayacaks\u0131n\u0131z&#8230; Bu i\u015fleri yapacak adam bulurum ben&#8221; diyerek sert tepki g\u00f6sterdi. Tugay, sosyal medya \u00fczerinden \u0130zmir halk\u0131n\u0131 dayan\u0131\u015fmaya \u00e7a\u011f\u0131rarak, &#8220;D\u0130SK Genel \u0130\u015f Sendikas\u0131 \u0130zmir\u2019de mant\u0131kl\u0131 hi\u00e7bir a\u00e7\u0131klamas\u0131 olmayan bir grev s\u00fcrecini, insanlar\u0131m\u0131z\u0131n g\u00fcnl\u00fck hayat\u0131n\u0131 alt \u00fcst etme ve sa\u011fl\u0131klar\u0131n\u0131 bozmay\u0131 da g\u00f6ze alarak devam ettirme \u00e7abas\u0131 i\u00e7indedir&#8221; ifadelerini kulland\u0131. \u00dcCRET TARTI\u015eMASI VE BA\u015eKAN TUGAY&#8217;IN TEKL\u0130F\u0130 Ba\u015fkan Tugay, sendikalar\u0131n talep etti\u011fi \u00fccretleri &#8216;makul olmayan, sorumsuzluk boyutunda&#8217; olarak nitelendirdi ve 31 May\u0131s&#8217;ta yapt\u0131\u011f\u0131 a\u00e7\u0131klamada, toplu i\u015f s\u00f6zle\u015fmesi tasla\u011f\u0131ndaki yakla\u015f\u0131k 50 ayr\u0131 &hellip;","og_url":"https:\/\/denizcankizil.tr\/uk\/haberler\/gundem\/burdur-belediyesinden-izmire-destek-cagrisi-gerekirse-personelimizin-yarisini-gondeririz\/","og_site_name":"Av. Deniz Can K\u0131z\u0131l","article_published_time":"2025-06-03T11:41:45+00:00","author":"Antalya K\u00f6rfez","twitter_card":"summary_large_image","twitter_misc":{"\u041d\u0430\u043f\u0438\u0441\u0430\u043d\u043e":"Antalya K\u00f6rfez","\u041f\u0440\u0438\u0431\u043b. \u0447\u0430\u0441 \u0447\u0438\u0442\u0430\u043d\u043d\u044f":"4 \u0445\u0432\u0438\u043b\u0438\u043d\u0438"},"schema":{"@context":"https:\/\/schema.org","@graph":[{"@type":"Article","@id":"https:\/\/denizcankizil.tr\/ru\/haberler\/gundem\/burdur-belediyesinden-izmire-destek-cagrisi-gerekirse-personelimizin-yarisini-gondeririz\/#article","isPartOf":{"@id":"https:\/\/denizcankizil.tr\/ru\/haberler\/gundem\/burdur-belediyesinden-izmire-destek-cagrisi-gerekirse-personelimizin-yarisini-gondeririz\/"},"author":{"name":"Antalya K\u00f6rfez","@id":"https:\/\/denizcankizil.tr\/#\/schema\/person\/e1eb71bb4dd684d46563f0af307e1234"},"headline":"Burdur Belediyesi\u2019nden \u0130zmir\u2019e destek \u00e7a\u011fr\u0131s\u0131: \u201cGerekirse personelimizin yar\u0131s\u0131n\u0131 g\u00f6ndeririz\u201d","datePublished":"2025-06-03T11:41:45+00:00","mainEntityOfPage":{"@id":"https:\/\/denizcankizil.tr\/ru\/haberler\/gundem\/burdur-belediyesinden-izmire-destek-cagrisi-gerekirse-personelimizin-yarisini-gondeririz\/"},"wordCount":728,"publisher":{"@id":"https:\/\/denizcankizil.tr\/#organization"},"articleSection":["G\u00fcndem"],"inLanguage":"uk"},{"@type":"WebPage","@id":"https:\/\/denizcankizil.tr\/ru\/haberler\/gundem\/burdur-belediyesinden-izmire-destek-cagrisi-gerekirse-personelimizin-yarisini-gondeririz\/","url":"https:\/\/denizcankizil.tr\/ru\/haberler\/gundem\/burdur-belediyesinden-izmire-destek-cagrisi-gerekirse-personelimizin-yarisini-gondeririz\/","name":"Burdur Belediyesi\u2019nden \u0130zmir\u2019e destek \u00e7a\u011fr\u0131s\u0131: \u201cGerekirse personelimizin yar\u0131s\u0131n\u0131 g\u00f6ndeririz\u201d - Av. Deniz Can K\u0131z\u0131l","isPartOf":{"@id":"https:\/\/denizcankizil.tr\/#website"},"datePublished":"2025-06-03T11:41:45+00:00","breadcrumb":{"@id":"https:\/\/denizcankizil.tr\/ru\/haberler\/gundem\/burdur-belediyesinden-izmire-destek-cagrisi-gerekirse-personelimizin-yarisini-gondeririz\/#breadcrumb"},"inLanguage":"uk","potentialAction":[{"@type":"ReadAction","target":["https:\/\/denizcankizil.tr\/ru\/haberler\/gundem\/burdur-belediyesinden-izmire-destek-cagrisi-gerekirse-personelimizin-yarisini-gondeririz\/"]}]},{"@type":"BreadcrumbList","@id":"https:\/\/denizcankizil.tr\/ru\/haberler\/gundem\/burdur-belediyesinden-izmire-destek-cagrisi-gerekirse-personelimizin-yarisini-gondeririz\/#breadcrumb","itemListElement":[{"@type":"ListItem","position":1,"name":"Home","item":"https:\/\/denizcankizil.tr\/de\/"},{"@type":"ListItem","position":2,"name":"Burdur Belediyesi\u2019nden \u0130zmir\u2019e destek \u00e7a\u011fr\u0131s\u0131: \u201cGerekirse personelimizin yar\u0131s\u0131n\u0131 g\u00f6ndeririz\u201d"}]},{"@type":"WebSite","@id":"https:\/\/denizcankizil.tr\/#website","url":"https:\/\/denizcankizil.tr\/","name":"Av. Deniz Can K\u0131z\u0131l","description":"Avukat Deniz Can K\u0131z\u0131l Antalya Barosu","publisher":{"@id":"https:\/\/denizcankizil.tr\/#organization"},"potentialAction":[{"@type":"SearchAction","target":{"@type":"EntryPoint","urlTemplate":"https:\/\/denizcankizil.tr\/?s={search_term_string}"},"query-input":{"@type":"PropertyValueSpecification","valueRequired":true,"valueName":"search_term_string"}}],"inLanguage":"uk"},{"@type":"Organization","@id":"https:\/\/denizcankizil.tr\/#organization","name":"Av. Deniz Can K\u0131z\u0131l","url":"https:\/\/denizcankizil.tr\/","logo":{"@type":"ImageObject","inLanguage":"uk","@id":"https:\/\/denizcankizil.tr\/#\/schema\/logo\/image\/","url":"https:\/\/denizcankizil.tr\/wp-content\/uploads\/2024\/10\/siyah-logo-svg.svg","contentUrl":"https:\/\/denizcankizil.tr\/wp-content\/uploads\/2024\/10\/siyah-logo-svg.svg","width":1080,"height":1080,"caption":"Av. Deniz Can K\u0131z\u0131l"},"image":{"@id":"https:\/\/denizcankizil.tr\/#\/schema\/logo\/image\/"}},{"@type":"Person","@id":"https:\/\/denizcankizil.tr\/#\/schema\/person\/e1eb71bb4dd684d46563f0af307e1234","name":"Antalya K\u00f6rfez","image":{"@type":"ImageObject","inLanguage":"uk","@id":"https:\/\/denizcankizil.tr\/#\/schema\/person\/image\/","url":"https:\/\/secure.gravatar.com\/avatar\/42b01982558a48a0b501fdcab6a408d3717ea5919095ee2e67b0e521799c5905?s=96&d=mm&r=g","contentUrl":"https:\/\/secure.gravatar.com\/avatar\/42b01982558a48a0b501fdcab6a408d3717ea5919095ee2e67b0e521799c5905?s=96&d=mm&r=g","caption":"Antalya K\u00f6rfez"},"sameAs":["http:\/\/www.antalyakorfez.com"],"url":"https:\/\/www.antalyakorfez.com\/burdur-belediyesinden-izmire-destek-cagrisi-gerekirse-personelimizin-yarisini-gondeririz"}]}},"_links":{"self":[{"href":"https:\/\/denizcankizil.tr\/uk\/wp-json\/wp\/v2\/posts\/105125","targetHints":{"allow":["GET"]}}],"collection":[{"href":"https:\/\/denizcankizil.tr\/uk\/wp-json\/wp\/v2\/posts"}],"about":[{"href":"https:\/\/denizcankizil.tr\/uk\/wp-json\/wp\/v2\/types\/post"}],"author":[{"embeddable":true,"href":"https:\/\/denizcankizil.tr\/uk\/wp-json\/wp\/v2\/users\/5"}],"replies":[{"embeddable":true,"href":"https:\/\/denizcankizil.tr\/uk\/wp-json\/wp\/v2\/comments?post=105125"}],"version-history":[{"count":0,"href":"https:\/\/denizcankizil.tr\/uk\/wp-json\/wp\/v2\/posts\/105125\/revisions"}],"wp:attachment":[{"href":"https:\/\/denizcankizil.tr\/uk\/wp-json\/wp\/v2\/media?parent=105125"}],"wp:term":[{"taxonomy":"category","embeddable":true,"href":"https:\/\/denizcankizil.tr\/uk\/wp-json\/wp\/v2\/categories?post=105125"},{"taxonomy":"post_tag","embeddable":true,"href":"https:\/\/denizcankizil.tr\/uk\/wp-json\/wp\/v2\/tags?post=105125"}],"curies":[{"name":"wp","href":"https:\/\/api.w.org\/{rel}","templated":true}]}}