{"id":104966,"date":"2025-06-03T10:43:10","date_gmt":"2025-06-03T07:43:10","guid":{"rendered":"https:\/\/denizcankizil.tr\/uncategorized-tr\/kurbanlik-hayvanlarin-atiklari-bornovada-topraga-can-oluyor\/"},"modified":"2025-06-03T10:43:10","modified_gmt":"2025-06-03T07:43:10","slug":"kurbanlik-hayvanlarin-atiklari-bornovada-topraga-can-oluyor","status":"publish","type":"post","link":"https:\/\/denizcankizil.tr\/uk\/haberler\/gundem\/kurbanlik-hayvanlarin-atiklari-bornovada-topraga-can-oluyor\/","title":{"rendered":"Kurbanl\u0131k hayvanlar\u0131n at\u0131klar\u0131 Bornova&#8217;da topra\u011fa can oluyor"},"content":{"rendered":"<p>Bornova Belediyesi, Kurban Bayram\u0131\u2019nda I\u015f\u0131kkent Kurban Pazar\u0131\u2019ndan \u00e7\u0131kan hayvan g\u00fcbrelerini toplayarak k\u0131rsal mahallelerdeki \u00e7ift\u00e7ilere \u00fccretsiz olarak da\u011f\u0131t\u0131yor\u0130ZM\u0130R (\u0130GFA) &#8211; Bornova Belediyesi, I\u015f\u0131kkent\u2019teki Kurban Pazar\u0131\u2019ndan \u00e7\u0131kan hayvan g\u00fcbrelerini israf etmek yerine tar\u0131msal \u00fcretime kazand\u0131r\u0131yor. Bayram s\u00fcresince toplanan at\u0131klar, kep\u00e7eler ve kamyonlarla \u00f6zel olarak olu\u015fturulan g\u00fcbre d\u00f6k\u00fcm alanlar\u0131ndan al\u0131narak, k\u0131rsal mahallelerdeki tarlalara ta\u015f\u0131n\u0131yor. B\u00f6ylece kurban at\u0131klar\u0131, topra\u011f\u0131 besleyen do\u011fal g\u00fcbreye d\u00f6n\u00fc\u015f\u00fcyor.<br \/>\nK\u00d6YLERE \u00dcCRETS\u0130Z DO\u011eAL G\u00dcBRE DA\u011eITIMI<br \/>\nBornova Belediyesi Tar\u0131msal Hizmetler M\u00fcd\u00fcrl\u00fc\u011f\u00fc taraf\u0131ndan y\u00fcr\u00fct\u00fclen bu \u00e7al\u0131\u015fma kapsam\u0131nda, \u00f6zellikle fide deste\u011fi alan \u00fcreticilere bu kez g\u00fcbre deste\u011fi ula\u015ft\u0131r\u0131l\u0131yor. Hayvansal at\u0131klar\u0131n do\u011faya zarar vermeden de\u011ferlendirilmesi hem \u00e7evreye hem de \u00fcreticiye b\u00fcy\u00fck katk\u0131 sa\u011fl\u0131yor.<\/p>\n<p>\u00c7i\u00e7ekli Mahallesi Muhtar\u0131 ve ayn\u0131 zamanda Bornova Muhtarlar Derne\u011fi Ba\u015fkan\u0131 Zeki G\u00fcler uygulamadan memnuniyetini; \u201cBornova Belediyesi Tar\u0131msal Hizmetler M\u00fcd\u00fcrl\u00fc\u011f\u00fc t\u00fcm k\u00f6ylerimizdeki \u00fcreticilere fide da\u011f\u0131tm\u0131\u015ft\u0131. \u015eimdi de bu fidelerin beslenmesi i\u00e7in g\u00fcbre da\u011f\u0131t\u0131m\u0131 ba\u015flad\u0131. Destekleri nedeniyle Ba\u015fkan E\u015fki\u2019ye \u00e7ok te\u015fekk\u00fcr ediyorum\u201d s\u00f6zleriyle dile getirdi.<br \/>\nBornova Belediye Ba\u015fkan\u0131 \u00d6mer E\u015fki, bu uygulaman\u0131n sadece \u00e7evresel bir kazan\u0131m de\u011fil, ayn\u0131 zamanda k\u0131rsal kalk\u0131nman\u0131n bir ad\u0131m\u0131 oldu\u011funu vurgulad\u0131. E\u015fki, \u201cKurban Bayram\u0131 sonras\u0131 ortaya \u00e7\u0131kan hayvansal at\u0131klar\u0131 \u00e7evreye zarar vermeden de\u011ferlendirmek, do\u011fay\u0131 korumak kadar \u00fcretimi desteklemek a\u00e7\u0131s\u0131ndan da \u00e7ok k\u0131ymetli. Fidelerini verdi\u011fimiz \u00fcreticilerimizin bu \u00fcr\u00fcnleri en verimli \u015fekilde yeti\u015ftirebilmesi i\u00e7in do\u011fal g\u00fcbre deste\u011fimizi de ula\u015ft\u0131r\u0131yoruz. \u00c7\u00fcnk\u00fc topra\u011f\u0131 desteklemek, \u00fcreticiyi g\u00fc\u00e7lendirmektir\u201d diye konu\u015ftu.<\/p>\n<p>\u200bBornova Belediyesi, Kurban Bayram\u0131\u2019nda I\u015f\u0131kkent Kurban Pazar\u0131\u2019ndan \u00e7\u0131kan hayvan g\u00fcbrelerini toplayarak k\u0131rsal mahallelerdeki \u00e7ift\u00e7ilere \u00fccretsiz olarak da\u011f\u0131t\u0131yor\u0130ZM\u0130R (\u0130GFA) &#8211; Bornova Belediyesi, I\u015f\u0131kkent\u2019teki Kurban Pazar\u0131\u2019ndan \u00e7\u0131kan hayvan g\u00fcbrelerini israf etmek yerine tar\u0131msal \u00fcretime kazand\u0131r\u0131yor. Bayram s\u00fcresince toplanan at\u0131klar, kep\u00e7eler ve kamyonlarla \u00f6zel olarak olu\u015fturulan g\u00fcbre d\u00f6k\u00fcm alanlar\u0131ndan al\u0131narak, k\u0131rsal mahallelerdeki tarlalara ta\u015f\u0131n\u0131yor. B\u00f6ylece kurban at\u0131klar\u0131, topra\u011f\u0131 besleyen do\u011fal g\u00fcbreye d\u00f6n\u00fc\u015f\u00fcyor.<br \/>\nK\u00d6YLERE \u00dcCRETS\u0130Z DO\u011eAL G\u00dcBRE DA\u011eITIMI<br \/>\nBornova Belediyesi Tar\u0131msal Hizmetler M\u00fcd\u00fcrl\u00fc\u011f\u00fc taraf\u0131ndan y\u00fcr\u00fct\u00fclen bu \u00e7al\u0131\u015fma kapsam\u0131nda, \u00f6zellikle fide deste\u011fi alan \u00fcreticilere bu kez g\u00fcbre deste\u011fi ula\u015ft\u0131r\u0131l\u0131yor. Hayvansal at\u0131klar\u0131n do\u011faya zarar vermeden de\u011ferlendirilmesi hem \u00e7evreye hem de \u00fcreticiye b\u00fcy\u00fck katk\u0131 sa\u011fl\u0131yor.<\/p>\n<p>\u00c7i\u00e7ekli Mahallesi Muhtar\u0131 ve ayn\u0131 zamanda Bornova Muhtarlar Derne\u011fi Ba\u015fkan\u0131 Zeki G\u00fcler uygulamadan memnuniyetini; \u201cBornova Belediyesi Tar\u0131msal Hizmetler M\u00fcd\u00fcrl\u00fc\u011f\u00fc t\u00fcm k\u00f6ylerimizdeki \u00fcreticilere fide da\u011f\u0131tm\u0131\u015ft\u0131. \u015eimdi de bu fidelerin beslenmesi i\u00e7in g\u00fcbre da\u011f\u0131t\u0131m\u0131 ba\u015flad\u0131. Destekleri nedeniyle Ba\u015fkan E\u015fki\u2019ye \u00e7ok te\u015fekk\u00fcr ediyorum\u201d s\u00f6zleriyle dile getirdi.<br \/>\nBornova Belediye Ba\u015fkan\u0131 \u00d6mer E\u015fki, bu uygulaman\u0131n sadece \u00e7evresel bir kazan\u0131m de\u011fil, ayn\u0131 zamanda k\u0131rsal kalk\u0131nman\u0131n bir ad\u0131m\u0131 oldu\u011funu vurgulad\u0131. E\u015fki, \u201cKurban Bayram\u0131 sonras\u0131 ortaya \u00e7\u0131kan hayvansal at\u0131klar\u0131 \u00e7evreye zarar vermeden de\u011ferlendirmek, do\u011fay\u0131 korumak kadar \u00fcretimi desteklemek a\u00e7\u0131s\u0131ndan da \u00e7ok k\u0131ymetli. Fidelerini verdi\u011fimiz \u00fcreticilerimizin bu \u00fcr\u00fcnleri en verimli \u015fekilde yeti\u015ftirebilmesi i\u00e7in do\u011fal g\u00fcbre deste\u011fimizi de ula\u015ft\u0131r\u0131yoruz. \u00c7\u00fcnk\u00fc topra\u011f\u0131 desteklemek, \u00fcreticiyi g\u00fc\u00e7lendirmektir\u201d diye konu\u015ftu.\u00a0<\/p>\n<p>\u200bHaberin Al\u0131nt\u0131land\u0131\u011f\u0131 Kaynak: www.iskenderun.org<\/p>","protected":false},"excerpt":{"rendered":"<p>Bornova Belediyesi, Kurban Bayram\u0131\u2019nda I\u015f\u0131kkent Kurban Pazar\u0131\u2019ndan \u00e7\u0131kan hayvan g\u00fcbrelerini toplayarak k\u0131rsal mahallelerdeki \u00e7ift\u00e7ilere \u00fccretsiz olarak da\u011f\u0131t\u0131yor\u0130ZM\u0130R (\u0130GFA) &#8211; Bornova Belediyesi, I\u015f\u0131kkent\u2019teki Kurban Pazar\u0131\u2019ndan \u00e7\u0131kan hayvan g\u00fcbrelerini israf etmek yerine tar\u0131msal \u00fcretime kazand\u0131r\u0131yor. Bayram s\u00fcresince toplanan at\u0131klar, kep\u00e7eler ve kamyonlarla \u00f6zel olarak olu\u015fturulan g\u00fcbre d\u00f6k\u00fcm alanlar\u0131ndan al\u0131narak, k\u0131rsal mahallelerdeki tarlalara ta\u015f\u0131n\u0131yor. B\u00f6ylece kurban at\u0131klar\u0131, topra\u011f\u0131 besleyen do\u011fal g\u00fcbreye d\u00f6n\u00fc\u015f\u00fcyor. K\u00d6YLERE \u00dcCRETS\u0130Z DO\u011eAL G\u00dcBRE DA\u011eITIMI Bornova Belediyesi Tar\u0131msal Hizmetler M\u00fcd\u00fcrl\u00fc\u011f\u00fc taraf\u0131ndan y\u00fcr\u00fct\u00fclen bu \u00e7al\u0131\u015fma kapsam\u0131nda, \u00f6zellikle fide deste\u011fi alan \u00fcreticilere bu kez g\u00fcbre deste\u011fi ula\u015ft\u0131r\u0131l\u0131yor. Hayvansal at\u0131klar\u0131n do\u011faya zarar vermeden de\u011ferlendirilmesi hem \u00e7evreye hem de \u00fcreticiye b\u00fcy\u00fck katk\u0131 sa\u011fl\u0131yor. \u00c7i\u00e7ekli Mahallesi Muhtar\u0131 ve ayn\u0131 zamanda Bornova Muhtarlar Derne\u011fi Ba\u015fkan\u0131 Zeki G\u00fcler uygulamadan memnuniyetini; \u201cBornova Belediyesi Tar\u0131msal Hizmetler M\u00fcd\u00fcrl\u00fc\u011f\u00fc t\u00fcm k\u00f6ylerimizdeki \u00fcreticilere fide da\u011f\u0131tm\u0131\u015ft\u0131. \u015eimdi de bu fidelerin beslenmesi i\u00e7in g\u00fcbre da\u011f\u0131t\u0131m\u0131 ba\u015flad\u0131. Destekleri nedeniyle Ba\u015fkan E\u015fki\u2019ye \u00e7ok te\u015fekk\u00fcr ediyorum\u201d s\u00f6zleriyle dile getirdi. Bornova Belediye Ba\u015fkan\u0131 \u00d6mer E\u015fki, bu uygulaman\u0131n sadece \u00e7evresel bir kazan\u0131m de\u011fil, ayn\u0131 zamanda k\u0131rsal kalk\u0131nman\u0131n bir ad\u0131m\u0131 oldu\u011funu vurgulad\u0131. E\u015fki, \u201cKurban Bayram\u0131 sonras\u0131 ortaya \u00e7\u0131kan hayvansal at\u0131klar\u0131 \u00e7evreye zarar vermeden de\u011ferlendirmek, do\u011fay\u0131 korumak kadar \u00fcretimi desteklemek a\u00e7\u0131s\u0131ndan da \u00e7ok k\u0131ymetli. Fidelerini verdi\u011fimiz \u00fcreticilerimizin bu \u00fcr\u00fcnleri en verimli \u015fekilde yeti\u015ftirebilmesi i\u00e7in do\u011fal g\u00fcbre deste\u011fimizi de ula\u015ft\u0131r\u0131yoruz. \u00c7\u00fcnk\u00fc topra\u011f\u0131 desteklemek, &hellip;<\/p>","protected":false},"author":1,"featured_media":0,"comment_status":"","ping_status":"open","sticky":false,"template":"","format":"standard","meta":{"_acf_changed":false,"footnotes":""},"categories":[24],"tags":[],"class_list":["post-104966","post","type-post","status-publish","format-standard","has-post-thumbnail","hentry","category-gundem"],"acf":[],"yoast_head":"<!-- This site is optimized with the Yoast SEO Premium plugin v26.6 (Yoast SEO v27.1.1) - https:\/\/yoast.com\/product\/yoast-seo-premium-wordpress\/ -->\n<title>Kurbanl\u0131k hayvanlar\u0131n at\u0131klar\u0131 Bornova&#039;da topra\u011fa can oluyor - Av. Deniz Can K\u0131z\u0131l<\/title>\n<meta name=\"robots\" content=\"index, follow, max-snippet:-1, max-image-preview:large, max-video-preview:-1\" \/>\n<link rel=\"canonical\" href=\"https:\/\/denizcankizil.tr\/uk\/haberler\/gundem\/kurbanlik-hayvanlarin-atiklari-bornovada-topraga-can-oluyor\/\" \/>\n<meta property=\"og:locale\" content=\"uk_UA\" \/>\n<meta property=\"og:type\" content=\"article\" \/>\n<meta property=\"og:title\" content=\"Kurbanl\u0131k hayvanlar\u0131n at\u0131klar\u0131 Bornova&#039;da topra\u011fa can oluyor\" \/>\n<meta property=\"og:description\" content=\"Bornova Belediyesi, Kurban Bayram\u0131\u2019nda I\u015f\u0131kkent Kurban Pazar\u0131\u2019ndan \u00e7\u0131kan hayvan g\u00fcbrelerini toplayarak k\u0131rsal mahallelerdeki \u00e7ift\u00e7ilere \u00fccretsiz olarak da\u011f\u0131t\u0131yor\u0130ZM\u0130R (\u0130GFA) &#8211; Bornova Belediyesi, I\u015f\u0131kkent\u2019teki Kurban Pazar\u0131\u2019ndan \u00e7\u0131kan hayvan g\u00fcbrelerini israf etmek yerine tar\u0131msal \u00fcretime kazand\u0131r\u0131yor. Bayram s\u00fcresince toplanan at\u0131klar, kep\u00e7eler ve kamyonlarla \u00f6zel olarak olu\u015fturulan g\u00fcbre d\u00f6k\u00fcm alanlar\u0131ndan al\u0131narak, k\u0131rsal mahallelerdeki tarlalara ta\u015f\u0131n\u0131yor. B\u00f6ylece kurban at\u0131klar\u0131, topra\u011f\u0131 besleyen do\u011fal g\u00fcbreye d\u00f6n\u00fc\u015f\u00fcyor. K\u00d6YLERE \u00dcCRETS\u0130Z DO\u011eAL G\u00dcBRE DA\u011eITIMI Bornova Belediyesi Tar\u0131msal Hizmetler M\u00fcd\u00fcrl\u00fc\u011f\u00fc taraf\u0131ndan y\u00fcr\u00fct\u00fclen bu \u00e7al\u0131\u015fma kapsam\u0131nda, \u00f6zellikle fide deste\u011fi alan \u00fcreticilere bu kez g\u00fcbre deste\u011fi ula\u015ft\u0131r\u0131l\u0131yor. Hayvansal at\u0131klar\u0131n do\u011faya zarar vermeden de\u011ferlendirilmesi hem \u00e7evreye hem de \u00fcreticiye b\u00fcy\u00fck katk\u0131 sa\u011fl\u0131yor. \u00c7i\u00e7ekli Mahallesi Muhtar\u0131 ve ayn\u0131 zamanda Bornova Muhtarlar Derne\u011fi Ba\u015fkan\u0131 Zeki G\u00fcler uygulamadan memnuniyetini; \u201cBornova Belediyesi Tar\u0131msal Hizmetler M\u00fcd\u00fcrl\u00fc\u011f\u00fc t\u00fcm k\u00f6ylerimizdeki \u00fcreticilere fide da\u011f\u0131tm\u0131\u015ft\u0131. \u015eimdi de bu fidelerin beslenmesi i\u00e7in g\u00fcbre da\u011f\u0131t\u0131m\u0131 ba\u015flad\u0131. Destekleri nedeniyle Ba\u015fkan E\u015fki\u2019ye \u00e7ok te\u015fekk\u00fcr ediyorum\u201d s\u00f6zleriyle dile getirdi. Bornova Belediye Ba\u015fkan\u0131 \u00d6mer E\u015fki, bu uygulaman\u0131n sadece \u00e7evresel bir kazan\u0131m de\u011fil, ayn\u0131 zamanda k\u0131rsal kalk\u0131nman\u0131n bir ad\u0131m\u0131 oldu\u011funu vurgulad\u0131. E\u015fki, \u201cKurban Bayram\u0131 sonras\u0131 ortaya \u00e7\u0131kan hayvansal at\u0131klar\u0131 \u00e7evreye zarar vermeden de\u011ferlendirmek, do\u011fay\u0131 korumak kadar \u00fcretimi desteklemek a\u00e7\u0131s\u0131ndan da \u00e7ok k\u0131ymetli. Fidelerini verdi\u011fimiz \u00fcreticilerimizin bu \u00fcr\u00fcnleri en verimli \u015fekilde yeti\u015ftirebilmesi i\u00e7in do\u011fal g\u00fcbre deste\u011fimizi de ula\u015ft\u0131r\u0131yoruz. \u00c7\u00fcnk\u00fc topra\u011f\u0131 desteklemek, &hellip;\" \/>\n<meta property=\"og:url\" content=\"https:\/\/denizcankizil.tr\/uk\/haberler\/gundem\/kurbanlik-hayvanlarin-atiklari-bornovada-topraga-can-oluyor\/\" \/>\n<meta property=\"og:site_name\" content=\"Av. Deniz Can K\u0131z\u0131l\" \/>\n<meta property=\"article:published_time\" content=\"2025-06-03T07:43:10+00:00\" \/>\n<meta name=\"author\" content=\"admin\" \/>\n<meta name=\"twitter:card\" content=\"summary_large_image\" \/>\n<meta name=\"twitter:label1\" content=\"\u041d\u0430\u043f\u0438\u0441\u0430\u043d\u043e\" \/>\n\t<meta name=\"twitter:data1\" content=\"admin\" \/>\n\t<meta name=\"twitter:label2\" content=\"\u041f\u0440\u0438\u0431\u043b. \u0447\u0430\u0441 \u0447\u0438\u0442\u0430\u043d\u043d\u044f\" \/>\n\t<meta name=\"twitter:data2\" content=\"3 \u0445\u0432\u0438\u043b\u0438\u043d\u0438\" \/>\n<script type=\"application\/ld+json\" class=\"yoast-schema-graph\">{\"@context\":\"https:\/\/schema.org\",\"@graph\":[{\"@type\":\"Article\",\"@id\":\"https:\/\/denizcankizil.tr\/uk\/haberler\/gundem\/kurbanlik-hayvanlarin-atiklari-bornovada-topraga-can-oluyor\/#article\",\"isPartOf\":{\"@id\":\"https:\/\/denizcankizil.tr\/uk\/haberler\/gundem\/kurbanlik-hayvanlarin-atiklari-bornovada-topraga-can-oluyor\/\"},\"author\":{\"name\":\"admin\",\"@id\":\"https:\/\/denizcankizil.tr\/#\/schema\/person\/be3c05fe6a12686905512445d8185489\"},\"headline\":\"Kurbanl\u0131k hayvanlar\u0131n at\u0131klar\u0131 Bornova&#8217;da topra\u011fa can oluyor\",\"datePublished\":\"2025-06-03T07:43:10+00:00\",\"mainEntityOfPage\":{\"@id\":\"https:\/\/denizcankizil.tr\/uk\/haberler\/gundem\/kurbanlik-hayvanlarin-atiklari-bornovada-topraga-can-oluyor\/\"},\"wordCount\":658,\"publisher\":{\"@id\":\"https:\/\/denizcankizil.tr\/#organization\"},\"articleSection\":[\"G\u00fcndem\"],\"inLanguage\":\"uk\"},{\"@type\":\"WebPage\",\"@id\":\"https:\/\/denizcankizil.tr\/uk\/haberler\/gundem\/kurbanlik-hayvanlarin-atiklari-bornovada-topraga-can-oluyor\/\",\"url\":\"https:\/\/denizcankizil.tr\/uk\/haberler\/gundem\/kurbanlik-hayvanlarin-atiklari-bornovada-topraga-can-oluyor\/\",\"name\":\"Kurbanl\u0131k hayvanlar\u0131n at\u0131klar\u0131 Bornova'da topra\u011fa can oluyor - Av. Deniz Can K\u0131z\u0131l\",\"isPartOf\":{\"@id\":\"https:\/\/denizcankizil.tr\/#website\"},\"datePublished\":\"2025-06-03T07:43:10+00:00\",\"breadcrumb\":{\"@id\":\"https:\/\/denizcankizil.tr\/uk\/haberler\/gundem\/kurbanlik-hayvanlarin-atiklari-bornovada-topraga-can-oluyor\/#breadcrumb\"},\"inLanguage\":\"uk\",\"potentialAction\":[{\"@type\":\"ReadAction\",\"target\":[\"https:\/\/denizcankizil.tr\/uk\/haberler\/gundem\/kurbanlik-hayvanlarin-atiklari-bornovada-topraga-can-oluyor\/\"]}]},{\"@type\":\"BreadcrumbList\",\"@id\":\"https:\/\/denizcankizil.tr\/uk\/haberler\/gundem\/kurbanlik-hayvanlarin-atiklari-bornovada-topraga-can-oluyor\/#breadcrumb\",\"itemListElement\":[{\"@type\":\"ListItem\",\"position\":1,\"name\":\"Home\",\"item\":\"https:\/\/denizcankizil.tr\/de\/\"},{\"@type\":\"ListItem\",\"position\":2,\"name\":\"Kurbanl\u0131k hayvanlar\u0131n at\u0131klar\u0131 Bornova&#8217;da topra\u011fa can oluyor\"}]},{\"@type\":\"WebSite\",\"@id\":\"https:\/\/denizcankizil.tr\/#website\",\"url\":\"https:\/\/denizcankizil.tr\/\",\"name\":\"Av. Deniz Can K\u0131z\u0131l\",\"description\":\"Avukat Deniz Can K\u0131z\u0131l Antalya Barosu\",\"publisher\":{\"@id\":\"https:\/\/denizcankizil.tr\/#organization\"},\"potentialAction\":[{\"@type\":\"SearchAction\",\"target\":{\"@type\":\"EntryPoint\",\"urlTemplate\":\"https:\/\/denizcankizil.tr\/?s={search_term_string}\"},\"query-input\":{\"@type\":\"PropertyValueSpecification\",\"valueRequired\":true,\"valueName\":\"search_term_string\"}}],\"inLanguage\":\"uk\"},{\"@type\":\"Organization\",\"@id\":\"https:\/\/denizcankizil.tr\/#organization\",\"name\":\"Av. Deniz Can K\u0131z\u0131l\",\"url\":\"https:\/\/denizcankizil.tr\/\",\"logo\":{\"@type\":\"ImageObject\",\"inLanguage\":\"uk\",\"@id\":\"https:\/\/denizcankizil.tr\/#\/schema\/logo\/image\/\",\"url\":\"https:\/\/denizcankizil.tr\/wp-content\/uploads\/2024\/10\/siyah-logo-svg.svg\",\"contentUrl\":\"https:\/\/denizcankizil.tr\/wp-content\/uploads\/2024\/10\/siyah-logo-svg.svg\",\"width\":1080,\"height\":1080,\"caption\":\"Av. Deniz Can K\u0131z\u0131l\"},\"image\":{\"@id\":\"https:\/\/denizcankizil.tr\/#\/schema\/logo\/image\/\"}},{\"@type\":\"Person\",\"@id\":\"https:\/\/denizcankizil.tr\/#\/schema\/person\/be3c05fe6a12686905512445d8185489\",\"name\":\"admin\",\"image\":{\"@type\":\"ImageObject\",\"inLanguage\":\"uk\",\"@id\":\"https:\/\/denizcankizil.tr\/#\/schema\/person\/image\/\",\"url\":\"https:\/\/secure.gravatar.com\/avatar\/c1fce94c830dc79107e174f890d7210541c4a63e8e5d816341794a2151c9d58c?s=96&d=mm&r=g\",\"contentUrl\":\"https:\/\/secure.gravatar.com\/avatar\/c1fce94c830dc79107e174f890d7210541c4a63e8e5d816341794a2151c9d58c?s=96&d=mm&r=g\",\"caption\":\"admin\"},\"sameAs\":[\"http:\/\/denizcankizil.tr\"],\"url\":\"https:\/\/www.iskenderun.org\/kurbanlik-hayvanlarin-atiklari-bornovada-topraga-can-oluyor\"}]}<\/script>\n<!-- \/ Yoast SEO Premium plugin. -->","yoast_head_json":{"title":"Kurbanl\u0131k hayvanlar\u0131n at\u0131klar\u0131 Bornova'da topra\u011fa can oluyor - Av. Deniz Can K\u0131z\u0131l","robots":{"index":"index","follow":"follow","max-snippet":"max-snippet:-1","max-image-preview":"max-image-preview:large","max-video-preview":"max-video-preview:-1"},"canonical":"https:\/\/denizcankizil.tr\/uk\/haberler\/gundem\/kurbanlik-hayvanlarin-atiklari-bornovada-topraga-can-oluyor\/","og_locale":"uk_UA","og_type":"article","og_title":"Kurbanl\u0131k hayvanlar\u0131n at\u0131klar\u0131 Bornova'da topra\u011fa can oluyor","og_description":"Bornova Belediyesi, Kurban Bayram\u0131\u2019nda I\u015f\u0131kkent Kurban Pazar\u0131\u2019ndan \u00e7\u0131kan hayvan g\u00fcbrelerini toplayarak k\u0131rsal mahallelerdeki \u00e7ift\u00e7ilere \u00fccretsiz olarak da\u011f\u0131t\u0131yor\u0130ZM\u0130R (\u0130GFA) &#8211; Bornova Belediyesi, I\u015f\u0131kkent\u2019teki Kurban Pazar\u0131\u2019ndan \u00e7\u0131kan hayvan g\u00fcbrelerini israf etmek yerine tar\u0131msal \u00fcretime kazand\u0131r\u0131yor. Bayram s\u00fcresince toplanan at\u0131klar, kep\u00e7eler ve kamyonlarla \u00f6zel olarak olu\u015fturulan g\u00fcbre d\u00f6k\u00fcm alanlar\u0131ndan al\u0131narak, k\u0131rsal mahallelerdeki tarlalara ta\u015f\u0131n\u0131yor. B\u00f6ylece kurban at\u0131klar\u0131, topra\u011f\u0131 besleyen do\u011fal g\u00fcbreye d\u00f6n\u00fc\u015f\u00fcyor. K\u00d6YLERE \u00dcCRETS\u0130Z DO\u011eAL G\u00dcBRE DA\u011eITIMI Bornova Belediyesi Tar\u0131msal Hizmetler M\u00fcd\u00fcrl\u00fc\u011f\u00fc taraf\u0131ndan y\u00fcr\u00fct\u00fclen bu \u00e7al\u0131\u015fma kapsam\u0131nda, \u00f6zellikle fide deste\u011fi alan \u00fcreticilere bu kez g\u00fcbre deste\u011fi ula\u015ft\u0131r\u0131l\u0131yor. Hayvansal at\u0131klar\u0131n do\u011faya zarar vermeden de\u011ferlendirilmesi hem \u00e7evreye hem de \u00fcreticiye b\u00fcy\u00fck katk\u0131 sa\u011fl\u0131yor. \u00c7i\u00e7ekli Mahallesi Muhtar\u0131 ve ayn\u0131 zamanda Bornova Muhtarlar Derne\u011fi Ba\u015fkan\u0131 Zeki G\u00fcler uygulamadan memnuniyetini; \u201cBornova Belediyesi Tar\u0131msal Hizmetler M\u00fcd\u00fcrl\u00fc\u011f\u00fc t\u00fcm k\u00f6ylerimizdeki \u00fcreticilere fide da\u011f\u0131tm\u0131\u015ft\u0131. \u015eimdi de bu fidelerin beslenmesi i\u00e7in g\u00fcbre da\u011f\u0131t\u0131m\u0131 ba\u015flad\u0131. Destekleri nedeniyle Ba\u015fkan E\u015fki\u2019ye \u00e7ok te\u015fekk\u00fcr ediyorum\u201d s\u00f6zleriyle dile getirdi. Bornova Belediye Ba\u015fkan\u0131 \u00d6mer E\u015fki, bu uygulaman\u0131n sadece \u00e7evresel bir kazan\u0131m de\u011fil, ayn\u0131 zamanda k\u0131rsal kalk\u0131nman\u0131n bir ad\u0131m\u0131 oldu\u011funu vurgulad\u0131. E\u015fki, \u201cKurban Bayram\u0131 sonras\u0131 ortaya \u00e7\u0131kan hayvansal at\u0131klar\u0131 \u00e7evreye zarar vermeden de\u011ferlendirmek, do\u011fay\u0131 korumak kadar \u00fcretimi desteklemek a\u00e7\u0131s\u0131ndan da \u00e7ok k\u0131ymetli. Fidelerini verdi\u011fimiz \u00fcreticilerimizin bu \u00fcr\u00fcnleri en verimli \u015fekilde yeti\u015ftirebilmesi i\u00e7in do\u011fal g\u00fcbre deste\u011fimizi de ula\u015ft\u0131r\u0131yoruz. \u00c7\u00fcnk\u00fc topra\u011f\u0131 desteklemek, &hellip;","og_url":"https:\/\/denizcankizil.tr\/uk\/haberler\/gundem\/kurbanlik-hayvanlarin-atiklari-bornovada-topraga-can-oluyor\/","og_site_name":"Av. Deniz Can K\u0131z\u0131l","article_published_time":"2025-06-03T07:43:10+00:00","author":"admin","twitter_card":"summary_large_image","twitter_misc":{"\u041d\u0430\u043f\u0438\u0441\u0430\u043d\u043e":"admin","\u041f\u0440\u0438\u0431\u043b. \u0447\u0430\u0441 \u0447\u0438\u0442\u0430\u043d\u043d\u044f":"3 \u0445\u0432\u0438\u043b\u0438\u043d\u0438"},"schema":{"@context":"https:\/\/schema.org","@graph":[{"@type":"Article","@id":"https:\/\/denizcankizil.tr\/uk\/haberler\/gundem\/kurbanlik-hayvanlarin-atiklari-bornovada-topraga-can-oluyor\/#article","isPartOf":{"@id":"https:\/\/denizcankizil.tr\/uk\/haberler\/gundem\/kurbanlik-hayvanlarin-atiklari-bornovada-topraga-can-oluyor\/"},"author":{"name":"admin","@id":"https:\/\/denizcankizil.tr\/#\/schema\/person\/be3c05fe6a12686905512445d8185489"},"headline":"Kurbanl\u0131k hayvanlar\u0131n at\u0131klar\u0131 Bornova&#8217;da topra\u011fa can oluyor","datePublished":"2025-06-03T07:43:10+00:00","mainEntityOfPage":{"@id":"https:\/\/denizcankizil.tr\/uk\/haberler\/gundem\/kurbanlik-hayvanlarin-atiklari-bornovada-topraga-can-oluyor\/"},"wordCount":658,"publisher":{"@id":"https:\/\/denizcankizil.tr\/#organization"},"articleSection":["G\u00fcndem"],"inLanguage":"uk"},{"@type":"WebPage","@id":"https:\/\/denizcankizil.tr\/uk\/haberler\/gundem\/kurbanlik-hayvanlarin-atiklari-bornovada-topraga-can-oluyor\/","url":"https:\/\/denizcankizil.tr\/uk\/haberler\/gundem\/kurbanlik-hayvanlarin-atiklari-bornovada-topraga-can-oluyor\/","name":"Kurbanl\u0131k hayvanlar\u0131n at\u0131klar\u0131 Bornova'da topra\u011fa can oluyor - Av. Deniz Can K\u0131z\u0131l","isPartOf":{"@id":"https:\/\/denizcankizil.tr\/#website"},"datePublished":"2025-06-03T07:43:10+00:00","breadcrumb":{"@id":"https:\/\/denizcankizil.tr\/uk\/haberler\/gundem\/kurbanlik-hayvanlarin-atiklari-bornovada-topraga-can-oluyor\/#breadcrumb"},"inLanguage":"uk","potentialAction":[{"@type":"ReadAction","target":["https:\/\/denizcankizil.tr\/uk\/haberler\/gundem\/kurbanlik-hayvanlarin-atiklari-bornovada-topraga-can-oluyor\/"]}]},{"@type":"BreadcrumbList","@id":"https:\/\/denizcankizil.tr\/uk\/haberler\/gundem\/kurbanlik-hayvanlarin-atiklari-bornovada-topraga-can-oluyor\/#breadcrumb","itemListElement":[{"@type":"ListItem","position":1,"name":"Home","item":"https:\/\/denizcankizil.tr\/de\/"},{"@type":"ListItem","position":2,"name":"Kurbanl\u0131k hayvanlar\u0131n at\u0131klar\u0131 Bornova&#8217;da topra\u011fa can oluyor"}]},{"@type":"WebSite","@id":"https:\/\/denizcankizil.tr\/#website","url":"https:\/\/denizcankizil.tr\/","name":"Av. Deniz Can K\u0131z\u0131l","description":"Avukat Deniz Can K\u0131z\u0131l Antalya Barosu","publisher":{"@id":"https:\/\/denizcankizil.tr\/#organization"},"potentialAction":[{"@type":"SearchAction","target":{"@type":"EntryPoint","urlTemplate":"https:\/\/denizcankizil.tr\/?s={search_term_string}"},"query-input":{"@type":"PropertyValueSpecification","valueRequired":true,"valueName":"search_term_string"}}],"inLanguage":"uk"},{"@type":"Organization","@id":"https:\/\/denizcankizil.tr\/#organization","name":"Av. Deniz Can K\u0131z\u0131l","url":"https:\/\/denizcankizil.tr\/","logo":{"@type":"ImageObject","inLanguage":"uk","@id":"https:\/\/denizcankizil.tr\/#\/schema\/logo\/image\/","url":"https:\/\/denizcankizil.tr\/wp-content\/uploads\/2024\/10\/siyah-logo-svg.svg","contentUrl":"https:\/\/denizcankizil.tr\/wp-content\/uploads\/2024\/10\/siyah-logo-svg.svg","width":1080,"height":1080,"caption":"Av. Deniz Can K\u0131z\u0131l"},"image":{"@id":"https:\/\/denizcankizil.tr\/#\/schema\/logo\/image\/"}},{"@type":"Person","@id":"https:\/\/denizcankizil.tr\/#\/schema\/person\/be3c05fe6a12686905512445d8185489","name":"\u0430\u0434\u043c\u0456\u043d","image":{"@type":"ImageObject","inLanguage":"uk","@id":"https:\/\/denizcankizil.tr\/#\/schema\/person\/image\/","url":"https:\/\/secure.gravatar.com\/avatar\/c1fce94c830dc79107e174f890d7210541c4a63e8e5d816341794a2151c9d58c?s=96&d=mm&r=g","contentUrl":"https:\/\/secure.gravatar.com\/avatar\/c1fce94c830dc79107e174f890d7210541c4a63e8e5d816341794a2151c9d58c?s=96&d=mm&r=g","caption":"admin"},"sameAs":["http:\/\/denizcankizil.tr"],"url":"https:\/\/www.iskenderun.org\/kurbanlik-hayvanlarin-atiklari-bornovada-topraga-can-oluyor"}]}},"_links":{"self":[{"href":"https:\/\/denizcankizil.tr\/uk\/wp-json\/wp\/v2\/posts\/104966","targetHints":{"allow":["GET"]}}],"collection":[{"href":"https:\/\/denizcankizil.tr\/uk\/wp-json\/wp\/v2\/posts"}],"about":[{"href":"https:\/\/denizcankizil.tr\/uk\/wp-json\/wp\/v2\/types\/post"}],"author":[{"embeddable":true,"href":"https:\/\/denizcankizil.tr\/uk\/wp-json\/wp\/v2\/users\/1"}],"replies":[{"embeddable":true,"href":"https:\/\/denizcankizil.tr\/uk\/wp-json\/wp\/v2\/comments?post=104966"}],"version-history":[{"count":0,"href":"https:\/\/denizcankizil.tr\/uk\/wp-json\/wp\/v2\/posts\/104966\/revisions"}],"wp:attachment":[{"href":"https:\/\/denizcankizil.tr\/uk\/wp-json\/wp\/v2\/media?parent=104966"}],"wp:term":[{"taxonomy":"category","embeddable":true,"href":"https:\/\/denizcankizil.tr\/uk\/wp-json\/wp\/v2\/categories?post=104966"},{"taxonomy":"post_tag","embeddable":true,"href":"https:\/\/denizcankizil.tr\/uk\/wp-json\/wp\/v2\/tags?post=104966"}],"curies":[{"name":"wp","href":"https:\/\/api.w.org\/{rel}","templated":true}]}}