{"id":104359,"date":"2025-06-02T17:42:35","date_gmt":"2025-06-02T14:42:35","guid":{"rendered":"https:\/\/denizcankizil.tr\/uncategorized-tr\/sokak-kopekleri-toplaniyor\/"},"modified":"2025-06-02T17:42:35","modified_gmt":"2025-06-02T14:42:35","slug":"sokak-kopekleri-toplaniyor","status":"publish","type":"post","link":"https:\/\/denizcankizil.tr\/uk\/haberler\/gundem\/sokak-kopekleri-toplaniyor\/","title":{"rendered":"Sokak K\u00f6pekleri Toplan\u0131yor"},"content":{"rendered":"<p>Hatay Valili\u011fi, 23 May\u0131s&#8217;ta bir k\u00f6pekte kuduz tespit edilmesinin ard\u0131ndan karantina uygulanan Tekeba\u015f\u0131, \u00c7\u00f6\u011f\u00fcrl\u00fc, G\u00f6zene ve Meydan mahallelerindeki sahipsiz k\u00f6peklerin toplat\u0131lmas\u0131na karar verdi.<\/p>\n<p>Veteriner hekimin de aralar\u0131nda\u00a0 oldu\u011fu d\u00f6rt ki\u015filik ekip, &#8220;kuduz risk b\u00f6lgesi&#8221; yaz\u0131l\u0131 levhalar as\u0131lan mahallelerde k\u00f6pekler \u00fczerine \u00e7al\u0131\u015fma ba\u015flatt\u0131lar.<\/p>\n<p>Tekeba\u015f\u0131 Mahallesi&#8217;nde \u00a0bir k\u00f6pekte kuduz tespit edilmesi \u00fczerine Kaymakaml\u0131k ile \u0130l\u00e7e Tar\u0131m ve Orman M\u00fcd\u00fcrl\u00fc\u011f\u00fc ekipleri, Tekeba\u015f\u0131&#8217;n\u0131n yan\u0131 s\u0131ra \u00c7\u00f6\u011f\u00fcrl\u00fc, G\u00f6zene ve Meydan mahallelerinde karantina uygulamas\u0131 ba\u015flat\u0131lm\u0131\u015ft\u0131.<\/p>\n<p>\u200bHatay&#8217;\u0131n Samanda\u011f il\u00e7esinde, kuduz nedeniyle 4 mahalle karantina alt\u0131na al\u0131nd\u0131. Belediye bar\u0131na\u011f\u0131na g\u00f6t\u00fcr\u00fclmek \u00fczere toplan sahipsiz k\u00f6pekler, a\u015f\u0131lanarak k\u0131s\u0131rla\u015ft\u0131rma i\u015flemleri yap\u0131laca\u011f\u0131 \u00f6\u011frenildi.\u00a0<\/p>\n<p>\u200bHaberin Al\u0131nt\u0131land\u0131\u011f\u0131 Kaynak: www.iskenderun.org<\/p>","protected":false},"excerpt":{"rendered":"<p>Hatay Valili\u011fi, 23 May\u0131s&#8217;ta bir k\u00f6pekte kuduz tespit edilmesinin ard\u0131ndan karantina uygulanan Tekeba\u015f\u0131, \u00c7\u00f6\u011f\u00fcrl\u00fc, G\u00f6zene ve Meydan mahallelerindeki sahipsiz k\u00f6peklerin toplat\u0131lmas\u0131na karar verdi. Veteriner hekimin de aralar\u0131nda\u00a0 oldu\u011fu d\u00f6rt ki\u015filik ekip, &#8220;kuduz risk b\u00f6lgesi&#8221; yaz\u0131l\u0131 levhalar as\u0131lan mahallelerde k\u00f6pekler \u00fczerine \u00e7al\u0131\u015fma ba\u015flatt\u0131lar. Tekeba\u015f\u0131 Mahallesi&#8217;nde \u00a0bir k\u00f6pekte kuduz tespit edilmesi \u00fczerine Kaymakaml\u0131k ile \u0130l\u00e7e Tar\u0131m ve Orman M\u00fcd\u00fcrl\u00fc\u011f\u00fc ekipleri, Tekeba\u015f\u0131&#8217;n\u0131n yan\u0131 s\u0131ra \u00c7\u00f6\u011f\u00fcrl\u00fc, G\u00f6zene ve Meydan mahallelerinde karantina uygulamas\u0131 ba\u015flat\u0131lm\u0131\u015ft\u0131. \u200bHatay&#8217;\u0131n Samanda\u011f il\u00e7esinde, kuduz nedeniyle 4 mahalle karantina alt\u0131na al\u0131nd\u0131. Belediye bar\u0131na\u011f\u0131na g\u00f6t\u00fcr\u00fclmek \u00fczere toplan sahipsiz k\u00f6pekler, a\u015f\u0131lanarak k\u0131s\u0131rla\u015ft\u0131rma i\u015flemleri yap\u0131laca\u011f\u0131 \u00f6\u011frenildi.\u00a0 \u200bHaberin Al\u0131nt\u0131land\u0131\u011f\u0131 Kaynak: www.iskenderun.org<\/p>","protected":false},"author":1,"featured_media":0,"comment_status":"","ping_status":"open","sticky":false,"template":"","format":"standard","meta":{"_acf_changed":false,"footnotes":""},"categories":[24],"tags":[],"class_list":["post-104359","post","type-post","status-publish","format-standard","has-post-thumbnail","hentry","category-gundem"],"acf":[],"yoast_head":"<!-- This site is optimized with the Yoast SEO Premium plugin v26.6 (Yoast SEO v27.1.1) - https:\/\/yoast.com\/product\/yoast-seo-premium-wordpress\/ -->\n<title>Sokak K\u00f6pekleri Toplan\u0131yor - Av. Deniz Can K\u0131z\u0131l<\/title>\n<meta name=\"robots\" content=\"index, follow, max-snippet:-1, max-image-preview:large, max-video-preview:-1\" \/>\n<link rel=\"canonical\" href=\"https:\/\/denizcankizil.tr\/uk\/haberler\/gundem\/sokak-kopekleri-toplaniyor\/\" \/>\n<meta property=\"og:locale\" content=\"uk_UA\" \/>\n<meta property=\"og:type\" content=\"article\" \/>\n<meta property=\"og:title\" content=\"Sokak K\u00f6pekleri Toplan\u0131yor\" \/>\n<meta property=\"og:description\" content=\"Hatay Valili\u011fi, 23 May\u0131s&#8217;ta bir k\u00f6pekte kuduz tespit edilmesinin ard\u0131ndan karantina uygulanan Tekeba\u015f\u0131, \u00c7\u00f6\u011f\u00fcrl\u00fc, G\u00f6zene ve Meydan mahallelerindeki sahipsiz k\u00f6peklerin toplat\u0131lmas\u0131na karar verdi. Veteriner hekimin de aralar\u0131nda\u00a0 oldu\u011fu d\u00f6rt ki\u015filik ekip, &#8220;kuduz risk b\u00f6lgesi&#8221; yaz\u0131l\u0131 levhalar as\u0131lan mahallelerde k\u00f6pekler \u00fczerine \u00e7al\u0131\u015fma ba\u015flatt\u0131lar. Tekeba\u015f\u0131 Mahallesi&#8217;nde \u00a0bir k\u00f6pekte kuduz tespit edilmesi \u00fczerine Kaymakaml\u0131k ile \u0130l\u00e7e Tar\u0131m ve Orman M\u00fcd\u00fcrl\u00fc\u011f\u00fc ekipleri, Tekeba\u015f\u0131&#8217;n\u0131n yan\u0131 s\u0131ra \u00c7\u00f6\u011f\u00fcrl\u00fc, G\u00f6zene ve Meydan mahallelerinde karantina uygulamas\u0131 ba\u015flat\u0131lm\u0131\u015ft\u0131. \u200bHatay&#8217;\u0131n Samanda\u011f il\u00e7esinde, kuduz nedeniyle 4 mahalle karantina alt\u0131na al\u0131nd\u0131. Belediye bar\u0131na\u011f\u0131na g\u00f6t\u00fcr\u00fclmek \u00fczere toplan sahipsiz k\u00f6pekler, a\u015f\u0131lanarak k\u0131s\u0131rla\u015ft\u0131rma i\u015flemleri yap\u0131laca\u011f\u0131 \u00f6\u011frenildi.\u00a0 \u200bHaberin Al\u0131nt\u0131land\u0131\u011f\u0131 Kaynak: www.iskenderun.org\" \/>\n<meta property=\"og:url\" content=\"https:\/\/denizcankizil.tr\/uk\/haberler\/gundem\/sokak-kopekleri-toplaniyor\/\" \/>\n<meta property=\"og:site_name\" content=\"Av. Deniz Can K\u0131z\u0131l\" \/>\n<meta property=\"article:published_time\" content=\"2025-06-02T14:42:35+00:00\" \/>\n<meta name=\"author\" content=\"admin\" \/>\n<meta name=\"twitter:card\" content=\"summary_large_image\" \/>\n<meta name=\"twitter:label1\" content=\"\u041d\u0430\u043f\u0438\u0441\u0430\u043d\u043e\" \/>\n\t<meta name=\"twitter:data1\" content=\"admin\" \/>\n\t<meta name=\"twitter:label2\" content=\"\u041f\u0440\u0438\u0431\u043b. \u0447\u0430\u0441 \u0447\u0438\u0442\u0430\u043d\u043d\u044f\" \/>\n\t<meta name=\"twitter:data2\" content=\"1 \u0445\u0432\u0438\u043b\u0438\u043d\u0430\" \/>\n<script type=\"application\/ld+json\" class=\"yoast-schema-graph\">{\"@context\":\"https:\/\/schema.org\",\"@graph\":[{\"@type\":\"Article\",\"@id\":\"https:\/\/denizcankizil.tr\/de\/haberler\/gundem\/sokak-kopekleri-toplaniyor\/#article\",\"isPartOf\":{\"@id\":\"https:\/\/denizcankizil.tr\/de\/haberler\/gundem\/sokak-kopekleri-toplaniyor\/\"},\"author\":{\"name\":\"admin\",\"@id\":\"https:\/\/denizcankizil.tr\/de\/#\/schema\/person\/be3c05fe6a12686905512445d8185489\"},\"headline\":\"Sokak K\u00f6pekleri Toplan\u0131yor\",\"datePublished\":\"2025-06-02T14:42:35+00:00\",\"mainEntityOfPage\":{\"@id\":\"https:\/\/denizcankizil.tr\/de\/haberler\/gundem\/sokak-kopekleri-toplaniyor\/\"},\"wordCount\":153,\"publisher\":{\"@id\":\"https:\/\/denizcankizil.tr\/de\/#organization\"},\"articleSection\":[\"G\u00fcndem\"],\"inLanguage\":\"uk\"},{\"@type\":\"WebPage\",\"@id\":\"https:\/\/denizcankizil.tr\/de\/haberler\/gundem\/sokak-kopekleri-toplaniyor\/\",\"url\":\"https:\/\/denizcankizil.tr\/de\/haberler\/gundem\/sokak-kopekleri-toplaniyor\/\",\"name\":\"Sokak K\u00f6pekleri Toplan\u0131yor - Av. Deniz Can K\u0131z\u0131l\",\"isPartOf\":{\"@id\":\"https:\/\/denizcankizil.tr\/de\/#website\"},\"datePublished\":\"2025-06-02T14:42:35+00:00\",\"breadcrumb\":{\"@id\":\"https:\/\/denizcankizil.tr\/de\/haberler\/gundem\/sokak-kopekleri-toplaniyor\/#breadcrumb\"},\"inLanguage\":\"uk\",\"potentialAction\":[{\"@type\":\"ReadAction\",\"target\":[\"https:\/\/denizcankizil.tr\/de\/haberler\/gundem\/sokak-kopekleri-toplaniyor\/\"]}]},{\"@type\":\"BreadcrumbList\",\"@id\":\"https:\/\/denizcankizil.tr\/de\/haberler\/gundem\/sokak-kopekleri-toplaniyor\/#breadcrumb\",\"itemListElement\":[{\"@type\":\"ListItem\",\"position\":1,\"name\":\"Home\",\"item\":\"https:\/\/denizcankizil.tr\/de\/\"},{\"@type\":\"ListItem\",\"position\":2,\"name\":\"Sokak K\u00f6pekleri Toplan\u0131yor\"}]},{\"@type\":\"WebSite\",\"@id\":\"https:\/\/denizcankizil.tr\/de\/#website\",\"url\":\"https:\/\/denizcankizil.tr\/de\/\",\"name\":\"Av. Deniz Can K\u0131z\u0131l\",\"description\":\"Avukat Deniz Can K\u0131z\u0131l Antalya Barosu\",\"publisher\":{\"@id\":\"https:\/\/denizcankizil.tr\/de\/#organization\"},\"potentialAction\":[{\"@type\":\"SearchAction\",\"target\":{\"@type\":\"EntryPoint\",\"urlTemplate\":\"https:\/\/denizcankizil.tr\/de\/?s={search_term_string}\"},\"query-input\":{\"@type\":\"PropertyValueSpecification\",\"valueRequired\":true,\"valueName\":\"search_term_string\"}}],\"inLanguage\":\"uk\"},{\"@type\":\"Organization\",\"@id\":\"https:\/\/denizcankizil.tr\/de\/#organization\",\"name\":\"Av. Deniz Can K\u0131z\u0131l\",\"url\":\"https:\/\/denizcankizil.tr\/de\/\",\"logo\":{\"@type\":\"ImageObject\",\"inLanguage\":\"uk\",\"@id\":\"https:\/\/denizcankizil.tr\/de\/#\/schema\/logo\/image\/\",\"url\":\"https:\/\/denizcankizil.tr\/wp-content\/uploads\/2024\/10\/siyah-logo-svg.svg\",\"contentUrl\":\"https:\/\/denizcankizil.tr\/wp-content\/uploads\/2024\/10\/siyah-logo-svg.svg\",\"width\":1080,\"height\":1080,\"caption\":\"Av. Deniz Can K\u0131z\u0131l\"},\"image\":{\"@id\":\"https:\/\/denizcankizil.tr\/de\/#\/schema\/logo\/image\/\"}},{\"@type\":\"Person\",\"@id\":\"https:\/\/denizcankizil.tr\/de\/#\/schema\/person\/be3c05fe6a12686905512445d8185489\",\"name\":\"admin\",\"image\":{\"@type\":\"ImageObject\",\"inLanguage\":\"uk\",\"@id\":\"https:\/\/denizcankizil.tr\/de\/#\/schema\/person\/image\/\",\"url\":\"https:\/\/secure.gravatar.com\/avatar\/c1fce94c830dc79107e174f890d7210541c4a63e8e5d816341794a2151c9d58c?s=96&d=mm&r=g\",\"contentUrl\":\"https:\/\/secure.gravatar.com\/avatar\/c1fce94c830dc79107e174f890d7210541c4a63e8e5d816341794a2151c9d58c?s=96&d=mm&r=g\",\"caption\":\"admin\"},\"sameAs\":[\"http:\/\/denizcankizil.tr\"],\"url\":\"https:\/\/www.iskenderun.org\/sokak-kopekleri-toplaniyor\"}]}<\/script>\n<!-- \/ Yoast SEO Premium plugin. -->","yoast_head_json":{"title":"Sokak K\u00f6pekleri Toplan\u0131yor - Av. Deniz Can K\u0131z\u0131l","robots":{"index":"index","follow":"follow","max-snippet":"max-snippet:-1","max-image-preview":"max-image-preview:large","max-video-preview":"max-video-preview:-1"},"canonical":"https:\/\/denizcankizil.tr\/uk\/haberler\/gundem\/sokak-kopekleri-toplaniyor\/","og_locale":"uk_UA","og_type":"article","og_title":"Sokak K\u00f6pekleri Toplan\u0131yor","og_description":"Hatay Valili\u011fi, 23 May\u0131s&#8217;ta bir k\u00f6pekte kuduz tespit edilmesinin ard\u0131ndan karantina uygulanan Tekeba\u015f\u0131, \u00c7\u00f6\u011f\u00fcrl\u00fc, G\u00f6zene ve Meydan mahallelerindeki sahipsiz k\u00f6peklerin toplat\u0131lmas\u0131na karar verdi. Veteriner hekimin de aralar\u0131nda\u00a0 oldu\u011fu d\u00f6rt ki\u015filik ekip, &#8220;kuduz risk b\u00f6lgesi&#8221; yaz\u0131l\u0131 levhalar as\u0131lan mahallelerde k\u00f6pekler \u00fczerine \u00e7al\u0131\u015fma ba\u015flatt\u0131lar. Tekeba\u015f\u0131 Mahallesi&#8217;nde \u00a0bir k\u00f6pekte kuduz tespit edilmesi \u00fczerine Kaymakaml\u0131k ile \u0130l\u00e7e Tar\u0131m ve Orman M\u00fcd\u00fcrl\u00fc\u011f\u00fc ekipleri, Tekeba\u015f\u0131&#8217;n\u0131n yan\u0131 s\u0131ra \u00c7\u00f6\u011f\u00fcrl\u00fc, G\u00f6zene ve Meydan mahallelerinde karantina uygulamas\u0131 ba\u015flat\u0131lm\u0131\u015ft\u0131. \u200bHatay&#8217;\u0131n Samanda\u011f il\u00e7esinde, kuduz nedeniyle 4 mahalle karantina alt\u0131na al\u0131nd\u0131. Belediye bar\u0131na\u011f\u0131na g\u00f6t\u00fcr\u00fclmek \u00fczere toplan sahipsiz k\u00f6pekler, a\u015f\u0131lanarak k\u0131s\u0131rla\u015ft\u0131rma i\u015flemleri yap\u0131laca\u011f\u0131 \u00f6\u011frenildi.\u00a0 \u200bHaberin Al\u0131nt\u0131land\u0131\u011f\u0131 Kaynak: www.iskenderun.org","og_url":"https:\/\/denizcankizil.tr\/uk\/haberler\/gundem\/sokak-kopekleri-toplaniyor\/","og_site_name":"Av. Deniz Can K\u0131z\u0131l","article_published_time":"2025-06-02T14:42:35+00:00","author":"admin","twitter_card":"summary_large_image","twitter_misc":{"\u041d\u0430\u043f\u0438\u0441\u0430\u043d\u043e":"admin","\u041f\u0440\u0438\u0431\u043b. \u0447\u0430\u0441 \u0447\u0438\u0442\u0430\u043d\u043d\u044f":"1 \u0445\u0432\u0438\u043b\u0438\u043d\u0430"},"schema":{"@context":"https:\/\/schema.org","@graph":[{"@type":"Article","@id":"https:\/\/denizcankizil.tr\/de\/haberler\/gundem\/sokak-kopekleri-toplaniyor\/#article","isPartOf":{"@id":"https:\/\/denizcankizil.tr\/de\/haberler\/gundem\/sokak-kopekleri-toplaniyor\/"},"author":{"name":"admin","@id":"https:\/\/denizcankizil.tr\/de\/#\/schema\/person\/be3c05fe6a12686905512445d8185489"},"headline":"Sokak K\u00f6pekleri Toplan\u0131yor","datePublished":"2025-06-02T14:42:35+00:00","mainEntityOfPage":{"@id":"https:\/\/denizcankizil.tr\/de\/haberler\/gundem\/sokak-kopekleri-toplaniyor\/"},"wordCount":153,"publisher":{"@id":"https:\/\/denizcankizil.tr\/de\/#organization"},"articleSection":["G\u00fcndem"],"inLanguage":"uk"},{"@type":"WebPage","@id":"https:\/\/denizcankizil.tr\/de\/haberler\/gundem\/sokak-kopekleri-toplaniyor\/","url":"https:\/\/denizcankizil.tr\/de\/haberler\/gundem\/sokak-kopekleri-toplaniyor\/","name":"Sokak K\u00f6pekleri Toplan\u0131yor - Av. Deniz Can K\u0131z\u0131l","isPartOf":{"@id":"https:\/\/denizcankizil.tr\/de\/#website"},"datePublished":"2025-06-02T14:42:35+00:00","breadcrumb":{"@id":"https:\/\/denizcankizil.tr\/de\/haberler\/gundem\/sokak-kopekleri-toplaniyor\/#breadcrumb"},"inLanguage":"uk","potentialAction":[{"@type":"ReadAction","target":["https:\/\/denizcankizil.tr\/de\/haberler\/gundem\/sokak-kopekleri-toplaniyor\/"]}]},{"@type":"BreadcrumbList","@id":"https:\/\/denizcankizil.tr\/de\/haberler\/gundem\/sokak-kopekleri-toplaniyor\/#breadcrumb","itemListElement":[{"@type":"ListItem","position":1,"name":"Home","item":"https:\/\/denizcankizil.tr\/de\/"},{"@type":"ListItem","position":2,"name":"Sokak K\u00f6pekleri Toplan\u0131yor"}]},{"@type":"WebSite","@id":"https:\/\/denizcankizil.tr\/de\/#website","url":"https:\/\/denizcankizil.tr\/de\/","name":"Av. Deniz Can K\u0131z\u0131l","description":"Avukat Deniz Can K\u0131z\u0131l Antalya Barosu","publisher":{"@id":"https:\/\/denizcankizil.tr\/de\/#organization"},"potentialAction":[{"@type":"SearchAction","target":{"@type":"EntryPoint","urlTemplate":"https:\/\/denizcankizil.tr\/de\/?s={search_term_string}"},"query-input":{"@type":"PropertyValueSpecification","valueRequired":true,"valueName":"search_term_string"}}],"inLanguage":"uk"},{"@type":"Organization","@id":"https:\/\/denizcankizil.tr\/de\/#organization","name":"Av. Deniz Can K\u0131z\u0131l","url":"https:\/\/denizcankizil.tr\/de\/","logo":{"@type":"ImageObject","inLanguage":"uk","@id":"https:\/\/denizcankizil.tr\/de\/#\/schema\/logo\/image\/","url":"https:\/\/denizcankizil.tr\/wp-content\/uploads\/2024\/10\/siyah-logo-svg.svg","contentUrl":"https:\/\/denizcankizil.tr\/wp-content\/uploads\/2024\/10\/siyah-logo-svg.svg","width":1080,"height":1080,"caption":"Av. Deniz Can K\u0131z\u0131l"},"image":{"@id":"https:\/\/denizcankizil.tr\/de\/#\/schema\/logo\/image\/"}},{"@type":"Person","@id":"https:\/\/denizcankizil.tr\/de\/#\/schema\/person\/be3c05fe6a12686905512445d8185489","name":"\u0430\u0434\u043c\u0456\u043d","image":{"@type":"ImageObject","inLanguage":"uk","@id":"https:\/\/denizcankizil.tr\/de\/#\/schema\/person\/image\/","url":"https:\/\/secure.gravatar.com\/avatar\/c1fce94c830dc79107e174f890d7210541c4a63e8e5d816341794a2151c9d58c?s=96&d=mm&r=g","contentUrl":"https:\/\/secure.gravatar.com\/avatar\/c1fce94c830dc79107e174f890d7210541c4a63e8e5d816341794a2151c9d58c?s=96&d=mm&r=g","caption":"admin"},"sameAs":["http:\/\/denizcankizil.tr"],"url":"https:\/\/www.iskenderun.org\/sokak-kopekleri-toplaniyor"}]}},"_links":{"self":[{"href":"https:\/\/denizcankizil.tr\/uk\/wp-json\/wp\/v2\/posts\/104359","targetHints":{"allow":["GET"]}}],"collection":[{"href":"https:\/\/denizcankizil.tr\/uk\/wp-json\/wp\/v2\/posts"}],"about":[{"href":"https:\/\/denizcankizil.tr\/uk\/wp-json\/wp\/v2\/types\/post"}],"author":[{"embeddable":true,"href":"https:\/\/denizcankizil.tr\/uk\/wp-json\/wp\/v2\/users\/1"}],"replies":[{"embeddable":true,"href":"https:\/\/denizcankizil.tr\/uk\/wp-json\/wp\/v2\/comments?post=104359"}],"version-history":[{"count":0,"href":"https:\/\/denizcankizil.tr\/uk\/wp-json\/wp\/v2\/posts\/104359\/revisions"}],"wp:attachment":[{"href":"https:\/\/denizcankizil.tr\/uk\/wp-json\/wp\/v2\/media?parent=104359"}],"wp:term":[{"taxonomy":"category","embeddable":true,"href":"https:\/\/denizcankizil.tr\/uk\/wp-json\/wp\/v2\/categories?post=104359"},{"taxonomy":"post_tag","embeddable":true,"href":"https:\/\/denizcankizil.tr\/uk\/wp-json\/wp\/v2\/tags?post=104359"}],"curies":[{"name":"wp","href":"https:\/\/api.w.org\/{rel}","templated":true}]}}