{"id":104274,"date":"2025-06-02T16:41:24","date_gmt":"2025-06-02T13:41:24","guid":{"rendered":"https:\/\/denizcankizil.tr\/uncategorized-tr\/aesob-baskani-dereden-kasap-uyarisi\/"},"modified":"2025-06-02T16:41:24","modified_gmt":"2025-06-02T13:41:24","slug":"aesob-baskani-dereden-kasap-uyarisi","status":"publish","type":"post","link":"https:\/\/denizcankizil.tr\/uk\/haberler\/antalya\/aesob-baskani-dereden-kasap-uyarisi\/","title":{"rendered":"AESOB Ba\u015fkan\u0131 Dere&#8217;den kasap uyar\u0131s\u0131"},"content":{"rendered":"<p>Kurban Bayram\u0131 \u00f6ncesi al\u0131\u015fveri\u015f hareketlili\u011finin artaca\u011f\u0131na dikkat \u00e7eken Antalya Esnaf ve Sanatkarlar Odalar\u0131 Birli\u011fi (AESOB) Ba\u015fkan\u0131 Adl\u0131han Dere, vatanda\u015flara \u00f6nemli uyar\u0131larda bulundu. Ba\u015fkan Dere, hem ekonomik hem de dini a\u00e7\u0131dan dikkat edilmesi gereken konular\u0131 g\u00fcndeme getirerek, vatanda\u015flara pasta, \u015fekerleme, \u00e7ikolata, tatl\u0131, kuruyemi\u015f gibi yiyeceklerde merdiven alt\u0131 \u00fcretimlerden uzak durmalar\u0131 ve g\u00fcvenilir mahalle esnaf\u0131n\u0131 tercih etmeleri \u00e7a\u011fr\u0131s\u0131nda bulundu.<\/p>\n<p>&#8220;Bayram tatilinin k\u0131sa olmas\u0131 \u015fehir i\u00e7i hareketlili\u011fi art\u0131racak&#8221;<br \/>\nBa\u015fkan Dere bayram tatilinin uzat\u0131lmamas\u0131 hakk\u0131nda, &#8220;Bu y\u0131l bildi\u011finiz \u00fczere bayram tatili uzat\u0131lmad\u0131. \u00c7\u00fcnk\u00fc imalat ve sanayi sekt\u00f6r\u00fc a\u00e7\u0131s\u0131ndan uzun tatiller ciddi kay\u0131plara neden oluyordu. \u015eimdi yine memleketlerine ya da tatil beldelerine gitmek isteyenler vatanda\u015flar\u0131m\u0131z olacakt\u0131r. Ancak b\u00fcy\u00fck \u00e7o\u011funluk, bu k\u0131sa s\u00fcreyi yollarda ge\u00e7irmek istemedi\u011fi i\u00e7in bayram\u0131 ya\u015fad\u0131\u011f\u0131 \u015fehirde ge\u00e7irmeyi tercih edecek. Bu da \u015fehir i\u00e7indeki al\u0131\u015fveri\u015f hareketlili\u011fini art\u0131racak. \u00d6zellikle \u00e7ar\u015f\u0131 ve pazarlarda; tatl\u0131c\u0131, b\u00fcfeci, kuruyemi\u015f\u00e7i, berber, ayakkab\u0131c\u0131 gibi esnaf gruplar\u0131nda yo\u011funluk ya\u015fanmas\u0131n\u0131 bekliyoruz. Vatanda\u015flar\u0131m\u0131z bulunduklar\u0131 \u015fehirlerde bayram al\u0131\u015fveri\u015flerini yaparak hem bayram\u0131 en g\u00fczel \u015fekilde kar\u015f\u0131layacak hem de \u015fehir ekonomisine can suyu olacak&#8221; dedi.<\/p>\n<p>&#8220;Sa\u011fl\u0131ks\u0131z ve merdiven alt\u0131 \u00fcr\u00fcnlere dikkat edin&#8221;<br \/>\nBayram \u00f6ncesinde vatanda\u015flar\u0131 \u00f6zellikle merdiven alt\u0131 \u00fcr\u00fcnlere kar\u015f\u0131 uyaran Ba\u015fkan Dere, &#8220;Vatanda\u015flar\u0131m\u0131zdan sa\u011fl\u0131ks\u0131z, kalitesiz, merdiven alt\u0131 \u00fcr\u00fcnlerden uzak durmalar\u0131n\u0131 rica ediyorum. Maalesef son d\u00f6nemde artan fiyatlarla birlikte bu tarz \u00fcretimlerin say\u0131s\u0131 da art\u0131\u015f g\u00f6sterdi. Et ve et \u00fcr\u00fcnleri, pasta, \u015fekerleme, \u00e7ikolata, tatl\u0131, kuruyemi\u015f gibi yiyeceklerde tarihi ge\u00e7mi\u015f \u00fcr\u00fcnler &#8216;indirim&#8217; ad\u0131 alt\u0131nda ucuz fiyatlara sunulabiliyor. Ucuz etin yahnisi kara olur. Bu konuda vatanda\u015flar\u0131m\u0131z uyan\u0131k davranmal\u0131, &#8216;ucuz alay\u0131m&#8217; derken sa\u011fl\u0131\u011f\u0131n\u0131 riske atmamal\u0131. Ahilik k\u00fclt\u00fcr\u00fcyle yeti\u015fmi\u015f esnaf\u0131m\u0131z kendi yemedi\u011fini yedirmez, giymedi\u011fini giydirmez. Mahallede bildi\u011fimiz, g\u00fcvendi\u011fimiz pastac\u0131, kuruyemi\u015f\u00e7i, kasap ve bakkal esnaf\u0131m\u0131zdan al\u0131\u015fveri\u015f yap\u0131lmal\u0131. Al\u0131\u015fveri\u015f esnaftan, huzur soka\u011f\u0131m\u0131zdan eksik olmas\u0131n&#8221; ifadelerini kulland\u0131.<\/p>\n<p>&#8220;Kurban kesimlerinizi sahte kasaplara de\u011fil, i\u015finin ehline yapt\u0131r\u0131n&#8221;<br \/>\n&#8220;Kurban Bayram\u0131&#8217;n\u0131n en \u00f6nemli vecibelerinden biri kurban kesimidir&#8221; diyen Ba\u015fkan Dere, s\u00f6zlerini \u015f\u00f6yle s\u00fcrd\u00fcrd\u00fc:<br \/>\n&#8220;Bu konuda da vatanda\u015flar\u0131m\u0131z\u0131 uyarmak isterim. Kurban kesimlerinizi ehil olmayan, sokak aras\u0131nda b\u0131\u00e7ak sallayan sahte kasaplara de\u011fil; oda \u00fcyesi, belgesi olan, hijyen \u015fartlar\u0131n\u0131 sa\u011flayan kasap esnaflar\u0131m\u0131za yapt\u0131r\u0131n\u0131z. Hem dini vecibelere uygun kesim yap\u0131l\u0131r, hem de sa\u011fl\u0131k a\u00e7\u0131s\u0131ndan risk ta\u015f\u0131maz. \u0130sraf dinimizce de ho\u015f kar\u015f\u0131lanmaz. Kurban etinizi ve derisini ziyan etmeyin, de\u011ferlendirin. Bu konularda bilin\u00e7li olmak hepimizin sorumlulu\u011fudur.&#8221;<\/p>\n<p>Kaynak: www.kanalv.com.tr Haber Sitesinden Al\u0131nm\u0131\u015ft\u0131r.<\/p>","protected":false},"excerpt":{"rendered":"<p>Kurban Bayram\u0131 \u00f6ncesi al\u0131\u015fveri\u015f hareketlili\u011finin artaca\u011f\u0131na dikkat \u00e7eken Antalya Esnaf ve Sanatkarlar Odalar\u0131 Birli\u011fi (AESOB) Ba\u015fkan\u0131 Adl\u0131han Dere, vatanda\u015flara \u00f6nemli uyar\u0131larda bulundu. Ba\u015fkan Dere, hem ekonomik hem de dini a\u00e7\u0131dan dikkat edilmesi gereken konular\u0131 g\u00fcndeme getirerek, vatanda\u015flara pasta, \u015fekerleme, \u00e7ikolata, tatl\u0131, kuruyemi\u015f gibi yiyeceklerde merdiven alt\u0131 \u00fcretimlerden uzak durmalar\u0131 ve g\u00fcvenilir mahalle esnaf\u0131n\u0131 tercih etmeleri \u00e7a\u011fr\u0131s\u0131nda bulundu. &#8220;Bayram tatilinin k\u0131sa olmas\u0131 \u015fehir i\u00e7i hareketlili\u011fi art\u0131racak&#8221; Ba\u015fkan Dere bayram tatilinin uzat\u0131lmamas\u0131 hakk\u0131nda, &#8220;Bu y\u0131l bildi\u011finiz \u00fczere bayram tatili uzat\u0131lmad\u0131. \u00c7\u00fcnk\u00fc imalat ve sanayi sekt\u00f6r\u00fc a\u00e7\u0131s\u0131ndan uzun tatiller ciddi kay\u0131plara neden oluyordu. \u015eimdi yine memleketlerine ya da tatil beldelerine gitmek isteyenler vatanda\u015flar\u0131m\u0131z olacakt\u0131r. Ancak b\u00fcy\u00fck \u00e7o\u011funluk, bu k\u0131sa s\u00fcreyi yollarda ge\u00e7irmek istemedi\u011fi i\u00e7in bayram\u0131 ya\u015fad\u0131\u011f\u0131 \u015fehirde ge\u00e7irmeyi tercih edecek. Bu da \u015fehir i\u00e7indeki al\u0131\u015fveri\u015f hareketlili\u011fini art\u0131racak. \u00d6zellikle \u00e7ar\u015f\u0131 ve pazarlarda; tatl\u0131c\u0131, b\u00fcfeci, kuruyemi\u015f\u00e7i, berber, ayakkab\u0131c\u0131 gibi esnaf gruplar\u0131nda yo\u011funluk ya\u015fanmas\u0131n\u0131 bekliyoruz. Vatanda\u015flar\u0131m\u0131z bulunduklar\u0131 \u015fehirlerde bayram al\u0131\u015fveri\u015flerini yaparak hem bayram\u0131 en g\u00fczel \u015fekilde kar\u015f\u0131layacak hem de \u015fehir ekonomisine can suyu olacak&#8221; dedi. &#8220;Sa\u011fl\u0131ks\u0131z ve merdiven alt\u0131 \u00fcr\u00fcnlere dikkat edin&#8221; Bayram \u00f6ncesinde vatanda\u015flar\u0131 \u00f6zellikle merdiven alt\u0131 \u00fcr\u00fcnlere kar\u015f\u0131 uyaran Ba\u015fkan Dere, &#8220;Vatanda\u015flar\u0131m\u0131zdan sa\u011fl\u0131ks\u0131z, kalitesiz, merdiven alt\u0131 \u00fcr\u00fcnlerden uzak durmalar\u0131n\u0131 rica ediyorum. Maalesef son d\u00f6nemde artan fiyatlarla birlikte bu tarz \u00fcretimlerin say\u0131s\u0131 da art\u0131\u015f g\u00f6sterdi. &hellip;<\/p>","protected":false},"author":4,"featured_media":104275,"comment_status":"","ping_status":"open","sticky":false,"template":"","format":"standard","meta":{"_acf_changed":false,"footnotes":""},"categories":[26],"tags":[],"class_list":["post-104274","post","type-post","status-publish","format-standard","has-post-thumbnail","hentry","category-antalya"],"acf":[],"yoast_head":"<!-- This site is optimized with the Yoast SEO Premium plugin v26.6 (Yoast SEO v27.1.1) - https:\/\/yoast.com\/product\/yoast-seo-premium-wordpress\/ -->\n<title>AESOB Ba\u015fkan\u0131 Dere&#039;den kasap uyar\u0131s\u0131 - Av. Deniz Can K\u0131z\u0131l<\/title>\n<meta name=\"robots\" content=\"index, follow, max-snippet:-1, max-image-preview:large, max-video-preview:-1\" \/>\n<link rel=\"canonical\" href=\"https:\/\/denizcankizil.tr\/uk\/haberler\/antalya\/aesob-baskani-dereden-kasap-uyarisi\/\" \/>\n<meta property=\"og:locale\" content=\"uk_UA\" \/>\n<meta property=\"og:type\" content=\"article\" \/>\n<meta property=\"og:title\" content=\"AESOB Ba\u015fkan\u0131 Dere&#039;den kasap uyar\u0131s\u0131\" \/>\n<meta property=\"og:description\" content=\"Kurban Bayram\u0131 \u00f6ncesi al\u0131\u015fveri\u015f hareketlili\u011finin artaca\u011f\u0131na dikkat \u00e7eken Antalya Esnaf ve Sanatkarlar Odalar\u0131 Birli\u011fi (AESOB) Ba\u015fkan\u0131 Adl\u0131han Dere, vatanda\u015flara \u00f6nemli uyar\u0131larda bulundu. Ba\u015fkan Dere, hem ekonomik hem de dini a\u00e7\u0131dan dikkat edilmesi gereken konular\u0131 g\u00fcndeme getirerek, vatanda\u015flara pasta, \u015fekerleme, \u00e7ikolata, tatl\u0131, kuruyemi\u015f gibi yiyeceklerde merdiven alt\u0131 \u00fcretimlerden uzak durmalar\u0131 ve g\u00fcvenilir mahalle esnaf\u0131n\u0131 tercih etmeleri \u00e7a\u011fr\u0131s\u0131nda bulundu. &#8220;Bayram tatilinin k\u0131sa olmas\u0131 \u015fehir i\u00e7i hareketlili\u011fi art\u0131racak&#8221; Ba\u015fkan Dere bayram tatilinin uzat\u0131lmamas\u0131 hakk\u0131nda, &#8220;Bu y\u0131l bildi\u011finiz \u00fczere bayram tatili uzat\u0131lmad\u0131. \u00c7\u00fcnk\u00fc imalat ve sanayi sekt\u00f6r\u00fc a\u00e7\u0131s\u0131ndan uzun tatiller ciddi kay\u0131plara neden oluyordu. \u015eimdi yine memleketlerine ya da tatil beldelerine gitmek isteyenler vatanda\u015flar\u0131m\u0131z olacakt\u0131r. Ancak b\u00fcy\u00fck \u00e7o\u011funluk, bu k\u0131sa s\u00fcreyi yollarda ge\u00e7irmek istemedi\u011fi i\u00e7in bayram\u0131 ya\u015fad\u0131\u011f\u0131 \u015fehirde ge\u00e7irmeyi tercih edecek. Bu da \u015fehir i\u00e7indeki al\u0131\u015fveri\u015f hareketlili\u011fini art\u0131racak. \u00d6zellikle \u00e7ar\u015f\u0131 ve pazarlarda; tatl\u0131c\u0131, b\u00fcfeci, kuruyemi\u015f\u00e7i, berber, ayakkab\u0131c\u0131 gibi esnaf gruplar\u0131nda yo\u011funluk ya\u015fanmas\u0131n\u0131 bekliyoruz. Vatanda\u015flar\u0131m\u0131z bulunduklar\u0131 \u015fehirlerde bayram al\u0131\u015fveri\u015flerini yaparak hem bayram\u0131 en g\u00fczel \u015fekilde kar\u015f\u0131layacak hem de \u015fehir ekonomisine can suyu olacak&#8221; dedi. &#8220;Sa\u011fl\u0131ks\u0131z ve merdiven alt\u0131 \u00fcr\u00fcnlere dikkat edin&#8221; Bayram \u00f6ncesinde vatanda\u015flar\u0131 \u00f6zellikle merdiven alt\u0131 \u00fcr\u00fcnlere kar\u015f\u0131 uyaran Ba\u015fkan Dere, &#8220;Vatanda\u015flar\u0131m\u0131zdan sa\u011fl\u0131ks\u0131z, kalitesiz, merdiven alt\u0131 \u00fcr\u00fcnlerden uzak durmalar\u0131n\u0131 rica ediyorum. Maalesef son d\u00f6nemde artan fiyatlarla birlikte bu tarz \u00fcretimlerin say\u0131s\u0131 da art\u0131\u015f g\u00f6sterdi. &hellip;\" \/>\n<meta property=\"og:url\" content=\"https:\/\/denizcankizil.tr\/uk\/haberler\/antalya\/aesob-baskani-dereden-kasap-uyarisi\/\" \/>\n<meta property=\"og:site_name\" content=\"Av. Deniz Can K\u0131z\u0131l\" \/>\n<meta property=\"article:published_time\" content=\"2025-06-02T13:41:24+00:00\" \/>\n<meta property=\"og:image\" content=\"https:\/\/denizcankizil.tr\/wp-content\/uploads\/2025\/06\/6670-01-0sDZab.jpg\" \/>\n\t<meta property=\"og:image:width\" content=\"1280\" \/>\n\t<meta property=\"og:image:height\" content=\"720\" \/>\n\t<meta property=\"og:image:type\" content=\"image\/jpeg\" \/>\n<meta name=\"author\" content=\"Av. Deniz Can K\u0131z\u0131l\" \/>\n<meta name=\"twitter:card\" content=\"summary_large_image\" \/>\n<meta name=\"twitter:label1\" content=\"\u041d\u0430\u043f\u0438\u0441\u0430\u043d\u043e\" \/>\n\t<meta name=\"twitter:data1\" content=\"Av. Deniz Can K\u0131z\u0131l\" \/>\n\t<meta name=\"twitter:label2\" content=\"\u041f\u0440\u0438\u0431\u043b. \u0447\u0430\u0441 \u0447\u0438\u0442\u0430\u043d\u043d\u044f\" \/>\n\t<meta name=\"twitter:data2\" content=\"3 \u0445\u0432\u0438\u043b\u0438\u043d\u0438\" \/>\n<script type=\"application\/ld+json\" class=\"yoast-schema-graph\">{\"@context\":\"https:\/\/schema.org\",\"@graph\":[{\"@type\":\"Article\",\"@id\":\"https:\/\/denizcankizil.tr\/haberler\/antalya\/aesob-baskani-dereden-kasap-uyarisi\/#article\",\"isPartOf\":{\"@id\":\"https:\/\/denizcankizil.tr\/haberler\/antalya\/aesob-baskani-dereden-kasap-uyarisi\/\"},\"author\":{\"name\":\"Av. Deniz Can K\u0131z\u0131l\",\"@id\":\"https:\/\/denizcankizil.tr\/de\/#\/schema\/person\/5dc1b22991bd7ac833867c10afc9b0ff\"},\"headline\":\"AESOB Ba\u015fkan\u0131 Dere&#8217;den kasap uyar\u0131s\u0131\",\"datePublished\":\"2025-06-02T13:41:24+00:00\",\"mainEntityOfPage\":{\"@id\":\"https:\/\/denizcankizil.tr\/haberler\/antalya\/aesob-baskani-dereden-kasap-uyarisi\/\"},\"wordCount\":509,\"publisher\":{\"@id\":\"https:\/\/denizcankizil.tr\/de\/#organization\"},\"image\":{\"@id\":\"https:\/\/denizcankizil.tr\/haberler\/antalya\/aesob-baskani-dereden-kasap-uyarisi\/#primaryimage\"},\"thumbnailUrl\":\"https:\/\/denizcankizil.tr\/wp-content\/uploads\/2025\/06\/6670-01-0sDZab.jpg\",\"articleSection\":[\"Antalya\"],\"inLanguage\":\"uk\"},{\"@type\":\"WebPage\",\"@id\":\"https:\/\/denizcankizil.tr\/haberler\/antalya\/aesob-baskani-dereden-kasap-uyarisi\/\",\"url\":\"https:\/\/denizcankizil.tr\/haberler\/antalya\/aesob-baskani-dereden-kasap-uyarisi\/\",\"name\":\"AESOB Ba\u015fkan\u0131 Dere'den kasap uyar\u0131s\u0131 - Av. Deniz Can K\u0131z\u0131l\",\"isPartOf\":{\"@id\":\"https:\/\/denizcankizil.tr\/de\/#website\"},\"primaryImageOfPage\":{\"@id\":\"https:\/\/denizcankizil.tr\/haberler\/antalya\/aesob-baskani-dereden-kasap-uyarisi\/#primaryimage\"},\"image\":{\"@id\":\"https:\/\/denizcankizil.tr\/haberler\/antalya\/aesob-baskani-dereden-kasap-uyarisi\/#primaryimage\"},\"thumbnailUrl\":\"https:\/\/denizcankizil.tr\/wp-content\/uploads\/2025\/06\/6670-01-0sDZab.jpg\",\"datePublished\":\"2025-06-02T13:41:24+00:00\",\"breadcrumb\":{\"@id\":\"https:\/\/denizcankizil.tr\/haberler\/antalya\/aesob-baskani-dereden-kasap-uyarisi\/#breadcrumb\"},\"inLanguage\":\"uk\",\"potentialAction\":[{\"@type\":\"ReadAction\",\"target\":[\"https:\/\/denizcankizil.tr\/haberler\/antalya\/aesob-baskani-dereden-kasap-uyarisi\/\"]}]},{\"@type\":\"ImageObject\",\"inLanguage\":\"uk\",\"@id\":\"https:\/\/denizcankizil.tr\/haberler\/antalya\/aesob-baskani-dereden-kasap-uyarisi\/#primaryimage\",\"url\":\"https:\/\/denizcankizil.tr\/wp-content\/uploads\/2025\/06\/6670-01-0sDZab.jpg\",\"contentUrl\":\"https:\/\/denizcankizil.tr\/wp-content\/uploads\/2025\/06\/6670-01-0sDZab.jpg\",\"width\":1280,\"height\":720},{\"@type\":\"BreadcrumbList\",\"@id\":\"https:\/\/denizcankizil.tr\/haberler\/antalya\/aesob-baskani-dereden-kasap-uyarisi\/#breadcrumb\",\"itemListElement\":[{\"@type\":\"ListItem\",\"position\":1,\"name\":\"Home\",\"item\":\"https:\/\/denizcankizil.tr\/de\/\"},{\"@type\":\"ListItem\",\"position\":2,\"name\":\"AESOB Ba\u015fkan\u0131 Dere&#8217;den kasap uyar\u0131s\u0131\"}]},{\"@type\":\"WebSite\",\"@id\":\"https:\/\/denizcankizil.tr\/de\/#website\",\"url\":\"https:\/\/denizcankizil.tr\/de\/\",\"name\":\"Av. Deniz Can K\u0131z\u0131l\",\"description\":\"Avukat Deniz Can K\u0131z\u0131l Antalya Barosu\",\"publisher\":{\"@id\":\"https:\/\/denizcankizil.tr\/de\/#organization\"},\"potentialAction\":[{\"@type\":\"SearchAction\",\"target\":{\"@type\":\"EntryPoint\",\"urlTemplate\":\"https:\/\/denizcankizil.tr\/de\/?s={search_term_string}\"},\"query-input\":{\"@type\":\"PropertyValueSpecification\",\"valueRequired\":true,\"valueName\":\"search_term_string\"}}],\"inLanguage\":\"uk\"},{\"@type\":\"Organization\",\"@id\":\"https:\/\/denizcankizil.tr\/de\/#organization\",\"name\":\"Av. Deniz Can K\u0131z\u0131l\",\"url\":\"https:\/\/denizcankizil.tr\/de\/\",\"logo\":{\"@type\":\"ImageObject\",\"inLanguage\":\"uk\",\"@id\":\"https:\/\/denizcankizil.tr\/de\/#\/schema\/logo\/image\/\",\"url\":\"https:\/\/denizcankizil.tr\/wp-content\/uploads\/2024\/10\/siyah-logo-svg.svg\",\"contentUrl\":\"https:\/\/denizcankizil.tr\/wp-content\/uploads\/2024\/10\/siyah-logo-svg.svg\",\"width\":1080,\"height\":1080,\"caption\":\"Av. Deniz Can K\u0131z\u0131l\"},\"image\":{\"@id\":\"https:\/\/denizcankizil.tr\/de\/#\/schema\/logo\/image\/\"}},{\"@type\":\"Person\",\"@id\":\"https:\/\/denizcankizil.tr\/de\/#\/schema\/person\/5dc1b22991bd7ac833867c10afc9b0ff\",\"name\":\"Av. Deniz Can K\u0131z\u0131l\",\"image\":{\"@type\":\"ImageObject\",\"inLanguage\":\"uk\",\"@id\":\"https:\/\/denizcankizil.tr\/de\/#\/schema\/person\/image\/\",\"url\":\"https:\/\/secure.gravatar.com\/avatar\/a0b128fb9855c79efc976d5640eedb31dc35ec297594d6016d2cf7c60e975bb6?s=96&d=mm&r=g\",\"contentUrl\":\"https:\/\/secure.gravatar.com\/avatar\/a0b128fb9855c79efc976d5640eedb31dc35ec297594d6016d2cf7c60e975bb6?s=96&d=mm&r=g\",\"caption\":\"Av. Deniz Can K\u0131z\u0131l\"},\"sameAs\":[\"http:\/\/www.denizcankizil.tr\"],\"url\":\"https:\/\/denizcankizil.tr\/uk\/author\/denizcankizil\/\"}]}<\/script>\n<!-- \/ Yoast SEO Premium plugin. -->","yoast_head_json":{"title":"AESOB Ba\u015fkan\u0131 Dere'den kasap uyar\u0131s\u0131 - Av. Deniz Can K\u0131z\u0131l","robots":{"index":"index","follow":"follow","max-snippet":"max-snippet:-1","max-image-preview":"max-image-preview:large","max-video-preview":"max-video-preview:-1"},"canonical":"https:\/\/denizcankizil.tr\/uk\/haberler\/antalya\/aesob-baskani-dereden-kasap-uyarisi\/","og_locale":"uk_UA","og_type":"article","og_title":"AESOB Ba\u015fkan\u0131 Dere'den kasap uyar\u0131s\u0131","og_description":"Kurban Bayram\u0131 \u00f6ncesi al\u0131\u015fveri\u015f hareketlili\u011finin artaca\u011f\u0131na dikkat \u00e7eken Antalya Esnaf ve Sanatkarlar Odalar\u0131 Birli\u011fi (AESOB) Ba\u015fkan\u0131 Adl\u0131han Dere, vatanda\u015flara \u00f6nemli uyar\u0131larda bulundu. Ba\u015fkan Dere, hem ekonomik hem de dini a\u00e7\u0131dan dikkat edilmesi gereken konular\u0131 g\u00fcndeme getirerek, vatanda\u015flara pasta, \u015fekerleme, \u00e7ikolata, tatl\u0131, kuruyemi\u015f gibi yiyeceklerde merdiven alt\u0131 \u00fcretimlerden uzak durmalar\u0131 ve g\u00fcvenilir mahalle esnaf\u0131n\u0131 tercih etmeleri \u00e7a\u011fr\u0131s\u0131nda bulundu. &#8220;Bayram tatilinin k\u0131sa olmas\u0131 \u015fehir i\u00e7i hareketlili\u011fi art\u0131racak&#8221; Ba\u015fkan Dere bayram tatilinin uzat\u0131lmamas\u0131 hakk\u0131nda, &#8220;Bu y\u0131l bildi\u011finiz \u00fczere bayram tatili uzat\u0131lmad\u0131. \u00c7\u00fcnk\u00fc imalat ve sanayi sekt\u00f6r\u00fc a\u00e7\u0131s\u0131ndan uzun tatiller ciddi kay\u0131plara neden oluyordu. \u015eimdi yine memleketlerine ya da tatil beldelerine gitmek isteyenler vatanda\u015flar\u0131m\u0131z olacakt\u0131r. Ancak b\u00fcy\u00fck \u00e7o\u011funluk, bu k\u0131sa s\u00fcreyi yollarda ge\u00e7irmek istemedi\u011fi i\u00e7in bayram\u0131 ya\u015fad\u0131\u011f\u0131 \u015fehirde ge\u00e7irmeyi tercih edecek. Bu da \u015fehir i\u00e7indeki al\u0131\u015fveri\u015f hareketlili\u011fini art\u0131racak. \u00d6zellikle \u00e7ar\u015f\u0131 ve pazarlarda; tatl\u0131c\u0131, b\u00fcfeci, kuruyemi\u015f\u00e7i, berber, ayakkab\u0131c\u0131 gibi esnaf gruplar\u0131nda yo\u011funluk ya\u015fanmas\u0131n\u0131 bekliyoruz. Vatanda\u015flar\u0131m\u0131z bulunduklar\u0131 \u015fehirlerde bayram al\u0131\u015fveri\u015flerini yaparak hem bayram\u0131 en g\u00fczel \u015fekilde kar\u015f\u0131layacak hem de \u015fehir ekonomisine can suyu olacak&#8221; dedi. &#8220;Sa\u011fl\u0131ks\u0131z ve merdiven alt\u0131 \u00fcr\u00fcnlere dikkat edin&#8221; Bayram \u00f6ncesinde vatanda\u015flar\u0131 \u00f6zellikle merdiven alt\u0131 \u00fcr\u00fcnlere kar\u015f\u0131 uyaran Ba\u015fkan Dere, &#8220;Vatanda\u015flar\u0131m\u0131zdan sa\u011fl\u0131ks\u0131z, kalitesiz, merdiven alt\u0131 \u00fcr\u00fcnlerden uzak durmalar\u0131n\u0131 rica ediyorum. Maalesef son d\u00f6nemde artan fiyatlarla birlikte bu tarz \u00fcretimlerin say\u0131s\u0131 da art\u0131\u015f g\u00f6sterdi. &hellip;","og_url":"https:\/\/denizcankizil.tr\/uk\/haberler\/antalya\/aesob-baskani-dereden-kasap-uyarisi\/","og_site_name":"Av. Deniz Can K\u0131z\u0131l","article_published_time":"2025-06-02T13:41:24+00:00","og_image":[{"width":1280,"height":720,"url":"https:\/\/denizcankizil.tr\/wp-content\/uploads\/2025\/06\/6670-01-0sDZab.jpg","type":"image\/jpeg"}],"author":"Av. Deniz Can K\u0131z\u0131l","twitter_card":"summary_large_image","twitter_misc":{"\u041d\u0430\u043f\u0438\u0441\u0430\u043d\u043e":"Av. Deniz Can K\u0131z\u0131l","\u041f\u0440\u0438\u0431\u043b. \u0447\u0430\u0441 \u0447\u0438\u0442\u0430\u043d\u043d\u044f":"3 \u0445\u0432\u0438\u043b\u0438\u043d\u0438"},"schema":{"@context":"https:\/\/schema.org","@graph":[{"@type":"Article","@id":"https:\/\/denizcankizil.tr\/haberler\/antalya\/aesob-baskani-dereden-kasap-uyarisi\/#article","isPartOf":{"@id":"https:\/\/denizcankizil.tr\/haberler\/antalya\/aesob-baskani-dereden-kasap-uyarisi\/"},"author":{"name":"Av. Deniz Can K\u0131z\u0131l","@id":"https:\/\/denizcankizil.tr\/de\/#\/schema\/person\/5dc1b22991bd7ac833867c10afc9b0ff"},"headline":"AESOB Ba\u015fkan\u0131 Dere&#8217;den kasap uyar\u0131s\u0131","datePublished":"2025-06-02T13:41:24+00:00","mainEntityOfPage":{"@id":"https:\/\/denizcankizil.tr\/haberler\/antalya\/aesob-baskani-dereden-kasap-uyarisi\/"},"wordCount":509,"publisher":{"@id":"https:\/\/denizcankizil.tr\/de\/#organization"},"image":{"@id":"https:\/\/denizcankizil.tr\/haberler\/antalya\/aesob-baskani-dereden-kasap-uyarisi\/#primaryimage"},"thumbnailUrl":"https:\/\/denizcankizil.tr\/wp-content\/uploads\/2025\/06\/6670-01-0sDZab.jpg","articleSection":["Antalya"],"inLanguage":"uk"},{"@type":"WebPage","@id":"https:\/\/denizcankizil.tr\/haberler\/antalya\/aesob-baskani-dereden-kasap-uyarisi\/","url":"https:\/\/denizcankizil.tr\/haberler\/antalya\/aesob-baskani-dereden-kasap-uyarisi\/","name":"AESOB Ba\u015fkan\u0131 Dere'den kasap uyar\u0131s\u0131 - Av. Deniz Can K\u0131z\u0131l","isPartOf":{"@id":"https:\/\/denizcankizil.tr\/de\/#website"},"primaryImageOfPage":{"@id":"https:\/\/denizcankizil.tr\/haberler\/antalya\/aesob-baskani-dereden-kasap-uyarisi\/#primaryimage"},"image":{"@id":"https:\/\/denizcankizil.tr\/haberler\/antalya\/aesob-baskani-dereden-kasap-uyarisi\/#primaryimage"},"thumbnailUrl":"https:\/\/denizcankizil.tr\/wp-content\/uploads\/2025\/06\/6670-01-0sDZab.jpg","datePublished":"2025-06-02T13:41:24+00:00","breadcrumb":{"@id":"https:\/\/denizcankizil.tr\/haberler\/antalya\/aesob-baskani-dereden-kasap-uyarisi\/#breadcrumb"},"inLanguage":"uk","potentialAction":[{"@type":"ReadAction","target":["https:\/\/denizcankizil.tr\/haberler\/antalya\/aesob-baskani-dereden-kasap-uyarisi\/"]}]},{"@type":"ImageObject","inLanguage":"uk","@id":"https:\/\/denizcankizil.tr\/haberler\/antalya\/aesob-baskani-dereden-kasap-uyarisi\/#primaryimage","url":"https:\/\/denizcankizil.tr\/wp-content\/uploads\/2025\/06\/6670-01-0sDZab.jpg","contentUrl":"https:\/\/denizcankizil.tr\/wp-content\/uploads\/2025\/06\/6670-01-0sDZab.jpg","width":1280,"height":720},{"@type":"BreadcrumbList","@id":"https:\/\/denizcankizil.tr\/haberler\/antalya\/aesob-baskani-dereden-kasap-uyarisi\/#breadcrumb","itemListElement":[{"@type":"ListItem","position":1,"name":"Home","item":"https:\/\/denizcankizil.tr\/de\/"},{"@type":"ListItem","position":2,"name":"AESOB Ba\u015fkan\u0131 Dere&#8217;den kasap uyar\u0131s\u0131"}]},{"@type":"WebSite","@id":"https:\/\/denizcankizil.tr\/de\/#website","url":"https:\/\/denizcankizil.tr\/de\/","name":"Av. Deniz Can K\u0131z\u0131l","description":"Avukat Deniz Can K\u0131z\u0131l Antalya Barosu","publisher":{"@id":"https:\/\/denizcankizil.tr\/de\/#organization"},"potentialAction":[{"@type":"SearchAction","target":{"@type":"EntryPoint","urlTemplate":"https:\/\/denizcankizil.tr\/de\/?s={search_term_string}"},"query-input":{"@type":"PropertyValueSpecification","valueRequired":true,"valueName":"search_term_string"}}],"inLanguage":"uk"},{"@type":"Organization","@id":"https:\/\/denizcankizil.tr\/de\/#organization","name":"Av. Deniz Can K\u0131z\u0131l","url":"https:\/\/denizcankizil.tr\/de\/","logo":{"@type":"ImageObject","inLanguage":"uk","@id":"https:\/\/denizcankizil.tr\/de\/#\/schema\/logo\/image\/","url":"https:\/\/denizcankizil.tr\/wp-content\/uploads\/2024\/10\/siyah-logo-svg.svg","contentUrl":"https:\/\/denizcankizil.tr\/wp-content\/uploads\/2024\/10\/siyah-logo-svg.svg","width":1080,"height":1080,"caption":"Av. Deniz Can K\u0131z\u0131l"},"image":{"@id":"https:\/\/denizcankizil.tr\/de\/#\/schema\/logo\/image\/"}},{"@type":"Person","@id":"https:\/\/denizcankizil.tr\/de\/#\/schema\/person\/5dc1b22991bd7ac833867c10afc9b0ff","name":"Av. Deniz Can K\u0131z\u0131l","image":{"@type":"ImageObject","inLanguage":"uk","@id":"https:\/\/denizcankizil.tr\/de\/#\/schema\/person\/image\/","url":"https:\/\/secure.gravatar.com\/avatar\/a0b128fb9855c79efc976d5640eedb31dc35ec297594d6016d2cf7c60e975bb6?s=96&d=mm&r=g","contentUrl":"https:\/\/secure.gravatar.com\/avatar\/a0b128fb9855c79efc976d5640eedb31dc35ec297594d6016d2cf7c60e975bb6?s=96&d=mm&r=g","caption":"Av. Deniz Can K\u0131z\u0131l"},"sameAs":["http:\/\/www.denizcankizil.tr"],"url":"https:\/\/denizcankizil.tr\/uk\/author\/denizcankizil\/"}]}},"_links":{"self":[{"href":"https:\/\/denizcankizil.tr\/uk\/wp-json\/wp\/v2\/posts\/104274","targetHints":{"allow":["GET"]}}],"collection":[{"href":"https:\/\/denizcankizil.tr\/uk\/wp-json\/wp\/v2\/posts"}],"about":[{"href":"https:\/\/denizcankizil.tr\/uk\/wp-json\/wp\/v2\/types\/post"}],"author":[{"embeddable":true,"href":"https:\/\/denizcankizil.tr\/uk\/wp-json\/wp\/v2\/users\/4"}],"replies":[{"embeddable":true,"href":"https:\/\/denizcankizil.tr\/uk\/wp-json\/wp\/v2\/comments?post=104274"}],"version-history":[{"count":0,"href":"https:\/\/denizcankizil.tr\/uk\/wp-json\/wp\/v2\/posts\/104274\/revisions"}],"wp:featuredmedia":[{"embeddable":true,"href":"https:\/\/denizcankizil.tr\/uk\/wp-json\/wp\/v2\/media\/104275"}],"wp:attachment":[{"href":"https:\/\/denizcankizil.tr\/uk\/wp-json\/wp\/v2\/media?parent=104274"}],"wp:term":[{"taxonomy":"category","embeddable":true,"href":"https:\/\/denizcankizil.tr\/uk\/wp-json\/wp\/v2\/categories?post=104274"},{"taxonomy":"post_tag","embeddable":true,"href":"https:\/\/denizcankizil.tr\/uk\/wp-json\/wp\/v2\/tags?post=104274"}],"curies":[{"name":"wp","href":"https:\/\/api.w.org\/{rel}","templated":true}]}}