{"id":104006,"date":"2025-06-02T10:41:18","date_gmt":"2025-06-02T07:41:18","guid":{"rendered":"https:\/\/denizcankizil.tr\/uncategorized-tr\/ogrenciler-yetenekleriyle-goz-doldurdu\/"},"modified":"2025-06-02T10:41:18","modified_gmt":"2025-06-02T07:41:18","slug":"ogrenciler-yetenekleriyle-goz-doldurdu","status":"publish","type":"post","link":"https:\/\/denizcankizil.tr\/uk\/haberler\/antalya\/ogrenciler-yetenekleriyle-goz-doldurdu\/","title":{"rendered":"\u00d6\u011frenciler yetenekleriyle g\u00f6z doldurdu"},"content":{"rendered":"<p>Okulun m\u00fczik \u00f6\u011fretmeni Ramazan Duran, okuma-yazmay\u0131 yeni \u00f6\u011frenmi\u015f birinci s\u0131n\u0131f \u00f6\u011frencilerine k\u0131sa s\u00fcre i\u00e7erisinde armonika ve gitar \u00e7almay\u0131 \u00f6\u011fretti. Duran, okulun m\u00fczi\u011fe meyilli yetenekli \u00f6\u011frencileriyle bir m\u0131z\u0131ka ve gitar orkestras\u0131 olu\u015fturdu, okul bah\u00e7esinde ilk mini konser ger\u00e7ekle\u015ftirildi. Ne\u015feli \u015fark\u0131lar\u0131 m\u0131z\u0131ka ve gitar e\u015fli\u011finde seslendiren \u00f6\u011frencilerin sahnedeki performans\u0131n\u0131, y\u00f6netici, \u00f6\u011fretmen ve veliler hayranl\u0131kla izledi. Anne-babalar \u00e7ocuklar\u0131n\u0131n yetenekleri kar\u015f\u0131s\u0131nda duygulu anlar ya\u015fad\u0131, alk\u0131\u015f ya\u011fmuruna tuttu.<\/p>\n<p>Ge\u00e7mi\u015f y\u0131llarda T\u00fcrkiye&#8217;de ilk 8-9 ya\u015f aras\u0131 \u00f6\u011frencilerden olu\u015fan armonika orkestras\u0131n\u0131 kurmu\u015f olan m\u00fczik \u00f6\u011fretmeni Ramazan Duran, &#8220;Ya\u015flar\u0131 k\u00fc\u00e7\u00fck, yetenekleri b\u00fcy\u00fck olan \u00f6\u011frencilerimle gurur duyuyorum. 2,5 ayda hem m\u0131z\u0131ka, hem gitar \u00e7almay\u0131, hem nota okumay\u0131, eserleri de\u015fifre etmeyi b\u00fcy\u00fck bir hevesle, heyecanla, mutlulukla \u00f6\u011frendiler. Gelece\u011fin m\u00fczik \u00f6\u011fretmenleri diyebilirim&#8221; dedi.<\/p>\n<p>Kaynak: www.kanalv.com.tr Haber Sitesinden Al\u0131nm\u0131\u015ft\u0131r.<\/p>","protected":false},"excerpt":{"rendered":"<p>Okulun m\u00fczik \u00f6\u011fretmeni Ramazan Duran, okuma-yazmay\u0131 yeni \u00f6\u011frenmi\u015f birinci s\u0131n\u0131f \u00f6\u011frencilerine k\u0131sa s\u00fcre i\u00e7erisinde armonika ve gitar \u00e7almay\u0131 \u00f6\u011fretti. Duran, okulun m\u00fczi\u011fe meyilli yetenekli \u00f6\u011frencileriyle bir m\u0131z\u0131ka ve gitar orkestras\u0131 olu\u015fturdu, okul bah\u00e7esinde ilk mini konser ger\u00e7ekle\u015ftirildi. Ne\u015feli \u015fark\u0131lar\u0131 m\u0131z\u0131ka ve gitar e\u015fli\u011finde seslendiren \u00f6\u011frencilerin sahnedeki performans\u0131n\u0131, y\u00f6netici, \u00f6\u011fretmen ve veliler hayranl\u0131kla izledi. Anne-babalar \u00e7ocuklar\u0131n\u0131n yetenekleri kar\u015f\u0131s\u0131nda duygulu anlar ya\u015fad\u0131, alk\u0131\u015f ya\u011fmuruna tuttu. Ge\u00e7mi\u015f y\u0131llarda T\u00fcrkiye&#8217;de ilk 8-9 ya\u015f aras\u0131 \u00f6\u011frencilerden olu\u015fan armonika orkestras\u0131n\u0131 kurmu\u015f olan m\u00fczik \u00f6\u011fretmeni Ramazan Duran, &#8220;Ya\u015flar\u0131 k\u00fc\u00e7\u00fck, yetenekleri b\u00fcy\u00fck olan \u00f6\u011frencilerimle gurur duyuyorum. 2,5 ayda hem m\u0131z\u0131ka, hem gitar \u00e7almay\u0131, hem nota okumay\u0131, eserleri de\u015fifre etmeyi b\u00fcy\u00fck bir hevesle, heyecanla, mutlulukla \u00f6\u011frendiler. Gelece\u011fin m\u00fczik \u00f6\u011fretmenleri diyebilirim&#8221; dedi. Kaynak: www.kanalv.com.tr Haber Sitesinden Al\u0131nm\u0131\u015ft\u0131r.<\/p>","protected":false},"author":4,"featured_media":0,"comment_status":"","ping_status":"open","sticky":false,"template":"","format":"standard","meta":{"_acf_changed":false,"footnotes":""},"categories":[26],"tags":[],"class_list":["post-104006","post","type-post","status-publish","format-standard","hentry","category-antalya"],"acf":[],"yoast_head":"<!-- This site is optimized with the Yoast SEO Premium plugin v26.6 (Yoast SEO v27.1.1) - https:\/\/yoast.com\/product\/yoast-seo-premium-wordpress\/ -->\n<title>\u00d6\u011frenciler yetenekleriyle g\u00f6z doldurdu - Av. Deniz Can K\u0131z\u0131l<\/title>\n<meta name=\"robots\" content=\"index, follow, max-snippet:-1, max-image-preview:large, max-video-preview:-1\" \/>\n<link rel=\"canonical\" href=\"https:\/\/denizcankizil.tr\/uk\/haberler\/antalya\/ogrenciler-yetenekleriyle-goz-doldurdu\/\" \/>\n<meta property=\"og:locale\" content=\"uk_UA\" \/>\n<meta property=\"og:type\" content=\"article\" \/>\n<meta property=\"og:title\" content=\"\u00d6\u011frenciler yetenekleriyle g\u00f6z doldurdu\" \/>\n<meta property=\"og:description\" content=\"Okulun m\u00fczik \u00f6\u011fretmeni Ramazan Duran, okuma-yazmay\u0131 yeni \u00f6\u011frenmi\u015f birinci s\u0131n\u0131f \u00f6\u011frencilerine k\u0131sa s\u00fcre i\u00e7erisinde armonika ve gitar \u00e7almay\u0131 \u00f6\u011fretti. Duran, okulun m\u00fczi\u011fe meyilli yetenekli \u00f6\u011frencileriyle bir m\u0131z\u0131ka ve gitar orkestras\u0131 olu\u015fturdu, okul bah\u00e7esinde ilk mini konser ger\u00e7ekle\u015ftirildi. Ne\u015feli \u015fark\u0131lar\u0131 m\u0131z\u0131ka ve gitar e\u015fli\u011finde seslendiren \u00f6\u011frencilerin sahnedeki performans\u0131n\u0131, y\u00f6netici, \u00f6\u011fretmen ve veliler hayranl\u0131kla izledi. Anne-babalar \u00e7ocuklar\u0131n\u0131n yetenekleri kar\u015f\u0131s\u0131nda duygulu anlar ya\u015fad\u0131, alk\u0131\u015f ya\u011fmuruna tuttu. Ge\u00e7mi\u015f y\u0131llarda T\u00fcrkiye&#8217;de ilk 8-9 ya\u015f aras\u0131 \u00f6\u011frencilerden olu\u015fan armonika orkestras\u0131n\u0131 kurmu\u015f olan m\u00fczik \u00f6\u011fretmeni Ramazan Duran, &#8220;Ya\u015flar\u0131 k\u00fc\u00e7\u00fck, yetenekleri b\u00fcy\u00fck olan \u00f6\u011frencilerimle gurur duyuyorum. 2,5 ayda hem m\u0131z\u0131ka, hem gitar \u00e7almay\u0131, hem nota okumay\u0131, eserleri de\u015fifre etmeyi b\u00fcy\u00fck bir hevesle, heyecanla, mutlulukla \u00f6\u011frendiler. Gelece\u011fin m\u00fczik \u00f6\u011fretmenleri diyebilirim&#8221; dedi. Kaynak: www.kanalv.com.tr Haber Sitesinden Al\u0131nm\u0131\u015ft\u0131r.\" \/>\n<meta property=\"og:url\" content=\"https:\/\/denizcankizil.tr\/uk\/haberler\/antalya\/ogrenciler-yetenekleriyle-goz-doldurdu\/\" \/>\n<meta property=\"og:site_name\" content=\"Av. Deniz Can K\u0131z\u0131l\" \/>\n<meta property=\"article:published_time\" content=\"2025-06-02T07:41:18+00:00\" \/>\n<meta name=\"author\" content=\"Av. Deniz Can K\u0131z\u0131l\" \/>\n<meta name=\"twitter:card\" content=\"summary_large_image\" \/>\n<meta name=\"twitter:label1\" content=\"\u041d\u0430\u043f\u0438\u0441\u0430\u043d\u043e\" \/>\n\t<meta name=\"twitter:data1\" content=\"Av. Deniz Can K\u0131z\u0131l\" \/>\n\t<meta name=\"twitter:label2\" content=\"\u041f\u0440\u0438\u0431\u043b. \u0447\u0430\u0441 \u0447\u0438\u0442\u0430\u043d\u043d\u044f\" \/>\n\t<meta name=\"twitter:data2\" content=\"1 \u0445\u0432\u0438\u043b\u0438\u043d\u0430\" \/>\n<script type=\"application\/ld+json\" class=\"yoast-schema-graph\">{\"@context\":\"https:\/\/schema.org\",\"@graph\":[{\"@type\":\"Article\",\"@id\":\"https:\/\/denizcankizil.tr\/uk\/haberler\/antalya\/ogrenciler-yetenekleriyle-goz-doldurdu\/#article\",\"isPartOf\":{\"@id\":\"https:\/\/denizcankizil.tr\/uk\/haberler\/antalya\/ogrenciler-yetenekleriyle-goz-doldurdu\/\"},\"author\":{\"name\":\"Av. Deniz Can K\u0131z\u0131l\",\"@id\":\"https:\/\/denizcankizil.tr\/de\/#\/schema\/person\/5dc1b22991bd7ac833867c10afc9b0ff\"},\"headline\":\"\u00d6\u011frenciler yetenekleriyle g\u00f6z doldurdu\",\"datePublished\":\"2025-06-02T07:41:18+00:00\",\"mainEntityOfPage\":{\"@id\":\"https:\/\/denizcankizil.tr\/uk\/haberler\/antalya\/ogrenciler-yetenekleriyle-goz-doldurdu\/\"},\"wordCount\":174,\"publisher\":{\"@id\":\"https:\/\/denizcankizil.tr\/de\/#organization\"},\"articleSection\":[\"Antalya\"],\"inLanguage\":\"uk\"},{\"@type\":\"WebPage\",\"@id\":\"https:\/\/denizcankizil.tr\/uk\/haberler\/antalya\/ogrenciler-yetenekleriyle-goz-doldurdu\/\",\"url\":\"https:\/\/denizcankizil.tr\/uk\/haberler\/antalya\/ogrenciler-yetenekleriyle-goz-doldurdu\/\",\"name\":\"\u00d6\u011frenciler yetenekleriyle g\u00f6z doldurdu - Av. Deniz Can K\u0131z\u0131l\",\"isPartOf\":{\"@id\":\"https:\/\/denizcankizil.tr\/de\/#website\"},\"datePublished\":\"2025-06-02T07:41:18+00:00\",\"breadcrumb\":{\"@id\":\"https:\/\/denizcankizil.tr\/uk\/haberler\/antalya\/ogrenciler-yetenekleriyle-goz-doldurdu\/#breadcrumb\"},\"inLanguage\":\"uk\",\"potentialAction\":[{\"@type\":\"ReadAction\",\"target\":[\"https:\/\/denizcankizil.tr\/uk\/haberler\/antalya\/ogrenciler-yetenekleriyle-goz-doldurdu\/\"]}]},{\"@type\":\"BreadcrumbList\",\"@id\":\"https:\/\/denizcankizil.tr\/uk\/haberler\/antalya\/ogrenciler-yetenekleriyle-goz-doldurdu\/#breadcrumb\",\"itemListElement\":[{\"@type\":\"ListItem\",\"position\":1,\"name\":\"Home\",\"item\":\"https:\/\/denizcankizil.tr\/de\/\"},{\"@type\":\"ListItem\",\"position\":2,\"name\":\"\u00d6\u011frenciler yetenekleriyle g\u00f6z doldurdu\"}]},{\"@type\":\"WebSite\",\"@id\":\"https:\/\/denizcankizil.tr\/de\/#website\",\"url\":\"https:\/\/denizcankizil.tr\/de\/\",\"name\":\"Av. Deniz Can K\u0131z\u0131l\",\"description\":\"Avukat Deniz Can K\u0131z\u0131l Antalya Barosu\",\"publisher\":{\"@id\":\"https:\/\/denizcankizil.tr\/de\/#organization\"},\"potentialAction\":[{\"@type\":\"SearchAction\",\"target\":{\"@type\":\"EntryPoint\",\"urlTemplate\":\"https:\/\/denizcankizil.tr\/de\/?s={search_term_string}\"},\"query-input\":{\"@type\":\"PropertyValueSpecification\",\"valueRequired\":true,\"valueName\":\"search_term_string\"}}],\"inLanguage\":\"uk\"},{\"@type\":\"Organization\",\"@id\":\"https:\/\/denizcankizil.tr\/de\/#organization\",\"name\":\"Av. Deniz Can K\u0131z\u0131l\",\"url\":\"https:\/\/denizcankizil.tr\/de\/\",\"logo\":{\"@type\":\"ImageObject\",\"inLanguage\":\"uk\",\"@id\":\"https:\/\/denizcankizil.tr\/de\/#\/schema\/logo\/image\/\",\"url\":\"https:\/\/denizcankizil.tr\/wp-content\/uploads\/2024\/10\/siyah-logo-svg.svg\",\"contentUrl\":\"https:\/\/denizcankizil.tr\/wp-content\/uploads\/2024\/10\/siyah-logo-svg.svg\",\"width\":1080,\"height\":1080,\"caption\":\"Av. Deniz Can K\u0131z\u0131l\"},\"image\":{\"@id\":\"https:\/\/denizcankizil.tr\/de\/#\/schema\/logo\/image\/\"}},{\"@type\":\"Person\",\"@id\":\"https:\/\/denizcankizil.tr\/de\/#\/schema\/person\/5dc1b22991bd7ac833867c10afc9b0ff\",\"name\":\"Av. Deniz Can K\u0131z\u0131l\",\"image\":{\"@type\":\"ImageObject\",\"inLanguage\":\"uk\",\"@id\":\"https:\/\/denizcankizil.tr\/de\/#\/schema\/person\/image\/\",\"url\":\"https:\/\/secure.gravatar.com\/avatar\/a0b128fb9855c79efc976d5640eedb31dc35ec297594d6016d2cf7c60e975bb6?s=96&d=mm&r=g\",\"contentUrl\":\"https:\/\/secure.gravatar.com\/avatar\/a0b128fb9855c79efc976d5640eedb31dc35ec297594d6016d2cf7c60e975bb6?s=96&d=mm&r=g\",\"caption\":\"Av. Deniz Can K\u0131z\u0131l\"},\"sameAs\":[\"http:\/\/www.denizcankizil.tr\"],\"url\":\"https:\/\/denizcankizil.tr\/uk\/author\/denizcankizil\/\"}]}<\/script>\n<!-- \/ Yoast SEO Premium plugin. -->","yoast_head_json":{"title":"\u00d6\u011frenciler yetenekleriyle g\u00f6z doldurdu - Av. Deniz Can K\u0131z\u0131l","robots":{"index":"index","follow":"follow","max-snippet":"max-snippet:-1","max-image-preview":"max-image-preview:large","max-video-preview":"max-video-preview:-1"},"canonical":"https:\/\/denizcankizil.tr\/uk\/haberler\/antalya\/ogrenciler-yetenekleriyle-goz-doldurdu\/","og_locale":"uk_UA","og_type":"article","og_title":"\u00d6\u011frenciler yetenekleriyle g\u00f6z doldurdu","og_description":"Okulun m\u00fczik \u00f6\u011fretmeni Ramazan Duran, okuma-yazmay\u0131 yeni \u00f6\u011frenmi\u015f birinci s\u0131n\u0131f \u00f6\u011frencilerine k\u0131sa s\u00fcre i\u00e7erisinde armonika ve gitar \u00e7almay\u0131 \u00f6\u011fretti. Duran, okulun m\u00fczi\u011fe meyilli yetenekli \u00f6\u011frencileriyle bir m\u0131z\u0131ka ve gitar orkestras\u0131 olu\u015fturdu, okul bah\u00e7esinde ilk mini konser ger\u00e7ekle\u015ftirildi. Ne\u015feli \u015fark\u0131lar\u0131 m\u0131z\u0131ka ve gitar e\u015fli\u011finde seslendiren \u00f6\u011frencilerin sahnedeki performans\u0131n\u0131, y\u00f6netici, \u00f6\u011fretmen ve veliler hayranl\u0131kla izledi. Anne-babalar \u00e7ocuklar\u0131n\u0131n yetenekleri kar\u015f\u0131s\u0131nda duygulu anlar ya\u015fad\u0131, alk\u0131\u015f ya\u011fmuruna tuttu. Ge\u00e7mi\u015f y\u0131llarda T\u00fcrkiye&#8217;de ilk 8-9 ya\u015f aras\u0131 \u00f6\u011frencilerden olu\u015fan armonika orkestras\u0131n\u0131 kurmu\u015f olan m\u00fczik \u00f6\u011fretmeni Ramazan Duran, &#8220;Ya\u015flar\u0131 k\u00fc\u00e7\u00fck, yetenekleri b\u00fcy\u00fck olan \u00f6\u011frencilerimle gurur duyuyorum. 2,5 ayda hem m\u0131z\u0131ka, hem gitar \u00e7almay\u0131, hem nota okumay\u0131, eserleri de\u015fifre etmeyi b\u00fcy\u00fck bir hevesle, heyecanla, mutlulukla \u00f6\u011frendiler. Gelece\u011fin m\u00fczik \u00f6\u011fretmenleri diyebilirim&#8221; dedi. Kaynak: www.kanalv.com.tr Haber Sitesinden Al\u0131nm\u0131\u015ft\u0131r.","og_url":"https:\/\/denizcankizil.tr\/uk\/haberler\/antalya\/ogrenciler-yetenekleriyle-goz-doldurdu\/","og_site_name":"Av. Deniz Can K\u0131z\u0131l","article_published_time":"2025-06-02T07:41:18+00:00","author":"Av. Deniz Can K\u0131z\u0131l","twitter_card":"summary_large_image","twitter_misc":{"\u041d\u0430\u043f\u0438\u0441\u0430\u043d\u043e":"Av. Deniz Can K\u0131z\u0131l","\u041f\u0440\u0438\u0431\u043b. \u0447\u0430\u0441 \u0447\u0438\u0442\u0430\u043d\u043d\u044f":"1 \u0445\u0432\u0438\u043b\u0438\u043d\u0430"},"schema":{"@context":"https:\/\/schema.org","@graph":[{"@type":"Article","@id":"https:\/\/denizcankizil.tr\/uk\/haberler\/antalya\/ogrenciler-yetenekleriyle-goz-doldurdu\/#article","isPartOf":{"@id":"https:\/\/denizcankizil.tr\/uk\/haberler\/antalya\/ogrenciler-yetenekleriyle-goz-doldurdu\/"},"author":{"name":"Av. Deniz Can K\u0131z\u0131l","@id":"https:\/\/denizcankizil.tr\/de\/#\/schema\/person\/5dc1b22991bd7ac833867c10afc9b0ff"},"headline":"\u00d6\u011frenciler yetenekleriyle g\u00f6z doldurdu","datePublished":"2025-06-02T07:41:18+00:00","mainEntityOfPage":{"@id":"https:\/\/denizcankizil.tr\/uk\/haberler\/antalya\/ogrenciler-yetenekleriyle-goz-doldurdu\/"},"wordCount":174,"publisher":{"@id":"https:\/\/denizcankizil.tr\/de\/#organization"},"articleSection":["Antalya"],"inLanguage":"uk"},{"@type":"WebPage","@id":"https:\/\/denizcankizil.tr\/uk\/haberler\/antalya\/ogrenciler-yetenekleriyle-goz-doldurdu\/","url":"https:\/\/denizcankizil.tr\/uk\/haberler\/antalya\/ogrenciler-yetenekleriyle-goz-doldurdu\/","name":"\u00d6\u011frenciler yetenekleriyle g\u00f6z doldurdu - Av. Deniz Can K\u0131z\u0131l","isPartOf":{"@id":"https:\/\/denizcankizil.tr\/de\/#website"},"datePublished":"2025-06-02T07:41:18+00:00","breadcrumb":{"@id":"https:\/\/denizcankizil.tr\/uk\/haberler\/antalya\/ogrenciler-yetenekleriyle-goz-doldurdu\/#breadcrumb"},"inLanguage":"uk","potentialAction":[{"@type":"ReadAction","target":["https:\/\/denizcankizil.tr\/uk\/haberler\/antalya\/ogrenciler-yetenekleriyle-goz-doldurdu\/"]}]},{"@type":"BreadcrumbList","@id":"https:\/\/denizcankizil.tr\/uk\/haberler\/antalya\/ogrenciler-yetenekleriyle-goz-doldurdu\/#breadcrumb","itemListElement":[{"@type":"ListItem","position":1,"name":"Home","item":"https:\/\/denizcankizil.tr\/de\/"},{"@type":"ListItem","position":2,"name":"\u00d6\u011frenciler yetenekleriyle g\u00f6z doldurdu"}]},{"@type":"WebSite","@id":"https:\/\/denizcankizil.tr\/de\/#website","url":"https:\/\/denizcankizil.tr\/de\/","name":"Av. Deniz Can K\u0131z\u0131l","description":"Avukat Deniz Can K\u0131z\u0131l Antalya Barosu","publisher":{"@id":"https:\/\/denizcankizil.tr\/de\/#organization"},"potentialAction":[{"@type":"SearchAction","target":{"@type":"EntryPoint","urlTemplate":"https:\/\/denizcankizil.tr\/de\/?s={search_term_string}"},"query-input":{"@type":"PropertyValueSpecification","valueRequired":true,"valueName":"search_term_string"}}],"inLanguage":"uk"},{"@type":"Organization","@id":"https:\/\/denizcankizil.tr\/de\/#organization","name":"Av. Deniz Can K\u0131z\u0131l","url":"https:\/\/denizcankizil.tr\/de\/","logo":{"@type":"ImageObject","inLanguage":"uk","@id":"https:\/\/denizcankizil.tr\/de\/#\/schema\/logo\/image\/","url":"https:\/\/denizcankizil.tr\/wp-content\/uploads\/2024\/10\/siyah-logo-svg.svg","contentUrl":"https:\/\/denizcankizil.tr\/wp-content\/uploads\/2024\/10\/siyah-logo-svg.svg","width":1080,"height":1080,"caption":"Av. Deniz Can K\u0131z\u0131l"},"image":{"@id":"https:\/\/denizcankizil.tr\/de\/#\/schema\/logo\/image\/"}},{"@type":"Person","@id":"https:\/\/denizcankizil.tr\/de\/#\/schema\/person\/5dc1b22991bd7ac833867c10afc9b0ff","name":"Av. Deniz Can K\u0131z\u0131l","image":{"@type":"ImageObject","inLanguage":"uk","@id":"https:\/\/denizcankizil.tr\/de\/#\/schema\/person\/image\/","url":"https:\/\/secure.gravatar.com\/avatar\/a0b128fb9855c79efc976d5640eedb31dc35ec297594d6016d2cf7c60e975bb6?s=96&d=mm&r=g","contentUrl":"https:\/\/secure.gravatar.com\/avatar\/a0b128fb9855c79efc976d5640eedb31dc35ec297594d6016d2cf7c60e975bb6?s=96&d=mm&r=g","caption":"Av. Deniz Can K\u0131z\u0131l"},"sameAs":["http:\/\/www.denizcankizil.tr"],"url":"https:\/\/denizcankizil.tr\/uk\/author\/denizcankizil\/"}]}},"_links":{"self":[{"href":"https:\/\/denizcankizil.tr\/uk\/wp-json\/wp\/v2\/posts\/104006","targetHints":{"allow":["GET"]}}],"collection":[{"href":"https:\/\/denizcankizil.tr\/uk\/wp-json\/wp\/v2\/posts"}],"about":[{"href":"https:\/\/denizcankizil.tr\/uk\/wp-json\/wp\/v2\/types\/post"}],"author":[{"embeddable":true,"href":"https:\/\/denizcankizil.tr\/uk\/wp-json\/wp\/v2\/users\/4"}],"replies":[{"embeddable":true,"href":"https:\/\/denizcankizil.tr\/uk\/wp-json\/wp\/v2\/comments?post=104006"}],"version-history":[{"count":0,"href":"https:\/\/denizcankizil.tr\/uk\/wp-json\/wp\/v2\/posts\/104006\/revisions"}],"wp:attachment":[{"href":"https:\/\/denizcankizil.tr\/uk\/wp-json\/wp\/v2\/media?parent=104006"}],"wp:term":[{"taxonomy":"category","embeddable":true,"href":"https:\/\/denizcankizil.tr\/uk\/wp-json\/wp\/v2\/categories?post=104006"},{"taxonomy":"post_tag","embeddable":true,"href":"https:\/\/denizcankizil.tr\/uk\/wp-json\/wp\/v2\/tags?post=104006"}],"curies":[{"name":"wp","href":"https:\/\/api.w.org\/{rel}","templated":true}]}}