{"id":102752,"date":"2025-05-31T15:41:18","date_gmt":"2025-05-31T12:41:18","guid":{"rendered":"https:\/\/denizcankizil.tr\/uncategorized-tr\/kemer-kitap-fuari-basladi-2\/"},"modified":"2025-05-31T15:41:18","modified_gmt":"2025-05-31T12:41:18","slug":"kemer-kitap-fuari-basladi-2","status":"publish","type":"post","link":"https:\/\/denizcankizil.tr\/uk\/haberler\/antalya\/kemer-kitap-fuari-basladi-2\/","title":{"rendered":"Kemer Kitap Fuar\u0131 ba\u015flad\u0131"},"content":{"rendered":"<p>Kemer\u2019de bu y\u0131l ikincisi d\u00fczenlenen Kemer Kitap Fuar\u0131, il\u00e7e merkezinde bulunan ve etkinliklerin merkezi haline gelen Mustafa Ertu\u011frul Aker Park\u0131\u2019nda d\u00fczenlendi. Fuar\u2019\u0131n a\u00e7\u0131l\u0131na Kemer Belediyesi Ba\u015fkan yard\u0131mc\u0131s\u0131 Mehmet Derya Baytekin, Kemer Sanat Sahnesi kurucusu H\u00fcseyin Poyraz, Prof. Dr. Erol Parlak, yazarlar ve vatanda\u015flar kat\u0131ld\u0131.<\/p>\n<p>Fuar\u0131n a\u00e7\u0131l\u0131\u015f\u0131nda konu\u015fan Poyraz, katk\u0131lar\u0131ndan dolay\u0131 Kemer Belediye Ba\u015fkan\u0131 Necati Topalo\u011flu ve Ba\u015fkan yard\u0131mc\u0131s\u0131 Mehmet Derya Baytekin\u2019e te\u015fekk\u00fcr etti.<\/p>\n<p>Poyraz \u015funlar\u0131 s\u00f6yledi: &#8220;M\u00fczi\u011fimize, edebiyat\u0131m\u0131za omuz veren de\u011ferlerimizi an\u0131yoruz. Kemer\u2019de bir ilki ger\u00e7ekle\u015ftirerek sanat sahnesi olarak t\u00fcrk\u00fc festivalini ba\u015flatt\u0131k. Ge\u00e7ti\u011fimiz g\u00fcnlerde d\u00f6rd\u00fcnc\u00fcs\u00fcn\u00fc d\u00fczenledik. Birinci t\u00fcrk\u00fc festivalimizde de bizi yaln\u0131z b\u0131rakmayan de\u011ferli hocam\u0131z Say\u0131n Prof. Dr. Erol Parlak bug\u00fcn de bizleri k\u0131rmayarak aram\u0131za kat\u0131ld\u0131. Kendilerine te\u015fekk\u00fcrlerimi sunuyorum.&#8221;<\/p>\n<p>Fuar, Prof. Dr. Erol Parlak\u2019\u0131n s\u00f6yle\u015fisi ile devam etti. Fuara kat\u0131lan vatanda\u015flar, stantlar\u0131 gezip yazarlarla tan\u0131\u015farak kitaplar\u0131n\u0131 imzalatt\u0131. Kitap Fuar\u0131 1 Haziran Pazar g\u00fcn\u00fc sona erecek.<\/p>\n<p>Kaynak: www.kanalv.com.tr Haber Sitesinden Al\u0131nm\u0131\u015ft\u0131r.<\/p>","protected":false},"excerpt":{"rendered":"<p>Kemer\u2019de bu y\u0131l ikincisi d\u00fczenlenen Kemer Kitap Fuar\u0131, il\u00e7e merkezinde bulunan ve etkinliklerin merkezi haline gelen Mustafa Ertu\u011frul Aker Park\u0131\u2019nda d\u00fczenlendi. Fuar\u2019\u0131n a\u00e7\u0131l\u0131na Kemer Belediyesi Ba\u015fkan yard\u0131mc\u0131s\u0131 Mehmet Derya Baytekin, Kemer Sanat Sahnesi kurucusu H\u00fcseyin Poyraz, Prof. Dr. Erol Parlak, yazarlar ve vatanda\u015flar kat\u0131ld\u0131. Fuar\u0131n a\u00e7\u0131l\u0131\u015f\u0131nda konu\u015fan Poyraz, katk\u0131lar\u0131ndan dolay\u0131 Kemer Belediye Ba\u015fkan\u0131 Necati Topalo\u011flu ve Ba\u015fkan yard\u0131mc\u0131s\u0131 Mehmet Derya Baytekin\u2019e te\u015fekk\u00fcr etti. Poyraz \u015funlar\u0131 s\u00f6yledi: &#8220;M\u00fczi\u011fimize, edebiyat\u0131m\u0131za omuz veren de\u011ferlerimizi an\u0131yoruz. Kemer\u2019de bir ilki ger\u00e7ekle\u015ftirerek sanat sahnesi olarak t\u00fcrk\u00fc festivalini ba\u015flatt\u0131k. Ge\u00e7ti\u011fimiz g\u00fcnlerde d\u00f6rd\u00fcnc\u00fcs\u00fcn\u00fc d\u00fczenledik. Birinci t\u00fcrk\u00fc festivalimizde de bizi yaln\u0131z b\u0131rakmayan de\u011ferli hocam\u0131z Say\u0131n Prof. Dr. Erol Parlak bug\u00fcn de bizleri k\u0131rmayarak aram\u0131za kat\u0131ld\u0131. Kendilerine te\u015fekk\u00fcrlerimi sunuyorum.&#8221; Fuar, Prof. Dr. Erol Parlak\u2019\u0131n s\u00f6yle\u015fisi ile devam etti. Fuara kat\u0131lan vatanda\u015flar, stantlar\u0131 gezip yazarlarla tan\u0131\u015farak kitaplar\u0131n\u0131 imzalatt\u0131. Kitap Fuar\u0131 1 Haziran Pazar g\u00fcn\u00fc sona erecek. Kaynak: www.kanalv.com.tr Haber Sitesinden Al\u0131nm\u0131\u015ft\u0131r.<\/p>","protected":false},"author":4,"featured_media":102753,"comment_status":"","ping_status":"open","sticky":false,"template":"","format":"standard","meta":{"_acf_changed":false,"footnotes":""},"categories":[26],"tags":[],"class_list":["post-102752","post","type-post","status-publish","format-standard","has-post-thumbnail","hentry","category-antalya"],"acf":[],"yoast_head":"<!-- This site is optimized with the Yoast SEO Premium plugin v26.6 (Yoast SEO v27.1.1) - https:\/\/yoast.com\/product\/yoast-seo-premium-wordpress\/ -->\n<title>Kemer Kitap Fuar\u0131 ba\u015flad\u0131 - Av. Deniz Can K\u0131z\u0131l<\/title>\n<meta name=\"robots\" content=\"index, follow, max-snippet:-1, max-image-preview:large, max-video-preview:-1\" \/>\n<link rel=\"canonical\" href=\"https:\/\/denizcankizil.tr\/uk\/haberler\/antalya\/kemer-kitap-fuari-basladi-2\/\" \/>\n<meta property=\"og:locale\" content=\"uk_UA\" \/>\n<meta property=\"og:type\" content=\"article\" \/>\n<meta property=\"og:title\" content=\"Kemer Kitap Fuar\u0131 ba\u015flad\u0131\" \/>\n<meta property=\"og:description\" content=\"Kemer\u2019de bu y\u0131l ikincisi d\u00fczenlenen Kemer Kitap Fuar\u0131, il\u00e7e merkezinde bulunan ve etkinliklerin merkezi haline gelen Mustafa Ertu\u011frul Aker Park\u0131\u2019nda d\u00fczenlendi. Fuar\u2019\u0131n a\u00e7\u0131l\u0131na Kemer Belediyesi Ba\u015fkan yard\u0131mc\u0131s\u0131 Mehmet Derya Baytekin, Kemer Sanat Sahnesi kurucusu H\u00fcseyin Poyraz, Prof. Dr. Erol Parlak, yazarlar ve vatanda\u015flar kat\u0131ld\u0131. Fuar\u0131n a\u00e7\u0131l\u0131\u015f\u0131nda konu\u015fan Poyraz, katk\u0131lar\u0131ndan dolay\u0131 Kemer Belediye Ba\u015fkan\u0131 Necati Topalo\u011flu ve Ba\u015fkan yard\u0131mc\u0131s\u0131 Mehmet Derya Baytekin\u2019e te\u015fekk\u00fcr etti. Poyraz \u015funlar\u0131 s\u00f6yledi: &#8220;M\u00fczi\u011fimize, edebiyat\u0131m\u0131za omuz veren de\u011ferlerimizi an\u0131yoruz. Kemer\u2019de bir ilki ger\u00e7ekle\u015ftirerek sanat sahnesi olarak t\u00fcrk\u00fc festivalini ba\u015flatt\u0131k. Ge\u00e7ti\u011fimiz g\u00fcnlerde d\u00f6rd\u00fcnc\u00fcs\u00fcn\u00fc d\u00fczenledik. Birinci t\u00fcrk\u00fc festivalimizde de bizi yaln\u0131z b\u0131rakmayan de\u011ferli hocam\u0131z Say\u0131n Prof. Dr. Erol Parlak bug\u00fcn de bizleri k\u0131rmayarak aram\u0131za kat\u0131ld\u0131. Kendilerine te\u015fekk\u00fcrlerimi sunuyorum.&#8221; Fuar, Prof. Dr. Erol Parlak\u2019\u0131n s\u00f6yle\u015fisi ile devam etti. Fuara kat\u0131lan vatanda\u015flar, stantlar\u0131 gezip yazarlarla tan\u0131\u015farak kitaplar\u0131n\u0131 imzalatt\u0131. Kitap Fuar\u0131 1 Haziran Pazar g\u00fcn\u00fc sona erecek. Kaynak: www.kanalv.com.tr Haber Sitesinden Al\u0131nm\u0131\u015ft\u0131r.\" \/>\n<meta property=\"og:url\" content=\"https:\/\/denizcankizil.tr\/uk\/haberler\/antalya\/kemer-kitap-fuari-basladi-2\/\" \/>\n<meta property=\"og:site_name\" content=\"Av. Deniz Can K\u0131z\u0131l\" \/>\n<meta property=\"article:published_time\" content=\"2025-05-31T12:41:18+00:00\" \/>\n<meta property=\"og:image\" content=\"https:\/\/denizcankizil.tr\/wp-content\/uploads\/2025\/05\/a-w467286-04-sSjIoT.jpg\" \/>\n\t<meta property=\"og:image:width\" content=\"1280\" \/>\n\t<meta property=\"og:image:height\" content=\"720\" \/>\n\t<meta property=\"og:image:type\" content=\"image\/jpeg\" \/>\n<meta name=\"author\" content=\"Av. Deniz Can K\u0131z\u0131l\" \/>\n<meta name=\"twitter:card\" content=\"summary_large_image\" \/>\n<meta name=\"twitter:label1\" content=\"\u041d\u0430\u043f\u0438\u0441\u0430\u043d\u043e\" \/>\n\t<meta name=\"twitter:data1\" content=\"Av. Deniz Can K\u0131z\u0131l\" \/>\n\t<meta name=\"twitter:label2\" content=\"\u041f\u0440\u0438\u0431\u043b. \u0447\u0430\u0441 \u0447\u0438\u0442\u0430\u043d\u043d\u044f\" \/>\n\t<meta name=\"twitter:data2\" content=\"1 \u0445\u0432\u0438\u043b\u0438\u043d\u0430\" \/>\n<script type=\"application\/ld+json\" class=\"yoast-schema-graph\">{\"@context\":\"https:\/\/schema.org\",\"@graph\":[{\"@type\":\"Article\",\"@id\":\"https:\/\/denizcankizil.tr\/ru\/haberler\/antalya\/kemer-kitap-fuari-basladi-2\/#article\",\"isPartOf\":{\"@id\":\"https:\/\/denizcankizil.tr\/ru\/haberler\/antalya\/kemer-kitap-fuari-basladi-2\/\"},\"author\":{\"name\":\"Av. Deniz Can K\u0131z\u0131l\",\"@id\":\"https:\/\/denizcankizil.tr\/#\/schema\/person\/5dc1b22991bd7ac833867c10afc9b0ff\"},\"headline\":\"Kemer Kitap Fuar\u0131 ba\u015flad\u0131\",\"datePublished\":\"2025-05-31T12:41:18+00:00\",\"mainEntityOfPage\":{\"@id\":\"https:\/\/denizcankizil.tr\/ru\/haberler\/antalya\/kemer-kitap-fuari-basladi-2\/\"},\"wordCount\":221,\"publisher\":{\"@id\":\"https:\/\/denizcankizil.tr\/#organization\"},\"image\":{\"@id\":\"https:\/\/denizcankizil.tr\/ru\/haberler\/antalya\/kemer-kitap-fuari-basladi-2\/#primaryimage\"},\"thumbnailUrl\":\"https:\/\/denizcankizil.tr\/wp-content\/uploads\/2025\/05\/a-w467286-04-sSjIoT.jpg\",\"articleSection\":[\"Antalya\"],\"inLanguage\":\"uk\"},{\"@type\":\"WebPage\",\"@id\":\"https:\/\/denizcankizil.tr\/ru\/haberler\/antalya\/kemer-kitap-fuari-basladi-2\/\",\"url\":\"https:\/\/denizcankizil.tr\/ru\/haberler\/antalya\/kemer-kitap-fuari-basladi-2\/\",\"name\":\"Kemer Kitap Fuar\u0131 ba\u015flad\u0131 - Av. Deniz Can K\u0131z\u0131l\",\"isPartOf\":{\"@id\":\"https:\/\/denizcankizil.tr\/#website\"},\"primaryImageOfPage\":{\"@id\":\"https:\/\/denizcankizil.tr\/ru\/haberler\/antalya\/kemer-kitap-fuari-basladi-2\/#primaryimage\"},\"image\":{\"@id\":\"https:\/\/denizcankizil.tr\/ru\/haberler\/antalya\/kemer-kitap-fuari-basladi-2\/#primaryimage\"},\"thumbnailUrl\":\"https:\/\/denizcankizil.tr\/wp-content\/uploads\/2025\/05\/a-w467286-04-sSjIoT.jpg\",\"datePublished\":\"2025-05-31T12:41:18+00:00\",\"breadcrumb\":{\"@id\":\"https:\/\/denizcankizil.tr\/ru\/haberler\/antalya\/kemer-kitap-fuari-basladi-2\/#breadcrumb\"},\"inLanguage\":\"uk\",\"potentialAction\":[{\"@type\":\"ReadAction\",\"target\":[\"https:\/\/denizcankizil.tr\/ru\/haberler\/antalya\/kemer-kitap-fuari-basladi-2\/\"]}]},{\"@type\":\"ImageObject\",\"inLanguage\":\"uk\",\"@id\":\"https:\/\/denizcankizil.tr\/ru\/haberler\/antalya\/kemer-kitap-fuari-basladi-2\/#primaryimage\",\"url\":\"https:\/\/denizcankizil.tr\/wp-content\/uploads\/2025\/05\/a-w467286-04-sSjIoT.jpg\",\"contentUrl\":\"https:\/\/denizcankizil.tr\/wp-content\/uploads\/2025\/05\/a-w467286-04-sSjIoT.jpg\",\"width\":1280,\"height\":720},{\"@type\":\"BreadcrumbList\",\"@id\":\"https:\/\/denizcankizil.tr\/ru\/haberler\/antalya\/kemer-kitap-fuari-basladi-2\/#breadcrumb\",\"itemListElement\":[{\"@type\":\"ListItem\",\"position\":1,\"name\":\"Home\",\"item\":\"https:\/\/denizcankizil.tr\/de\/\"},{\"@type\":\"ListItem\",\"position\":2,\"name\":\"Kemer Kitap Fuar\u0131 ba\u015flad\u0131\"}]},{\"@type\":\"WebSite\",\"@id\":\"https:\/\/denizcankizil.tr\/#website\",\"url\":\"https:\/\/denizcankizil.tr\/\",\"name\":\"Av. Deniz Can K\u0131z\u0131l\",\"description\":\"Avukat Deniz Can K\u0131z\u0131l Antalya Barosu\",\"publisher\":{\"@id\":\"https:\/\/denizcankizil.tr\/#organization\"},\"potentialAction\":[{\"@type\":\"SearchAction\",\"target\":{\"@type\":\"EntryPoint\",\"urlTemplate\":\"https:\/\/denizcankizil.tr\/?s={search_term_string}\"},\"query-input\":{\"@type\":\"PropertyValueSpecification\",\"valueRequired\":true,\"valueName\":\"search_term_string\"}}],\"inLanguage\":\"uk\"},{\"@type\":\"Organization\",\"@id\":\"https:\/\/denizcankizil.tr\/#organization\",\"name\":\"Av. Deniz Can K\u0131z\u0131l\",\"url\":\"https:\/\/denizcankizil.tr\/\",\"logo\":{\"@type\":\"ImageObject\",\"inLanguage\":\"uk\",\"@id\":\"https:\/\/denizcankizil.tr\/#\/schema\/logo\/image\/\",\"url\":\"https:\/\/denizcankizil.tr\/wp-content\/uploads\/2024\/10\/siyah-logo-svg.svg\",\"contentUrl\":\"https:\/\/denizcankizil.tr\/wp-content\/uploads\/2024\/10\/siyah-logo-svg.svg\",\"width\":1080,\"height\":1080,\"caption\":\"Av. Deniz Can K\u0131z\u0131l\"},\"image\":{\"@id\":\"https:\/\/denizcankizil.tr\/#\/schema\/logo\/image\/\"}},{\"@type\":\"Person\",\"@id\":\"https:\/\/denizcankizil.tr\/#\/schema\/person\/5dc1b22991bd7ac833867c10afc9b0ff\",\"name\":\"Av. Deniz Can K\u0131z\u0131l\",\"image\":{\"@type\":\"ImageObject\",\"inLanguage\":\"uk\",\"@id\":\"https:\/\/denizcankizil.tr\/#\/schema\/person\/image\/\",\"url\":\"https:\/\/secure.gravatar.com\/avatar\/a0b128fb9855c79efc976d5640eedb31dc35ec297594d6016d2cf7c60e975bb6?s=96&d=mm&r=g\",\"contentUrl\":\"https:\/\/secure.gravatar.com\/avatar\/a0b128fb9855c79efc976d5640eedb31dc35ec297594d6016d2cf7c60e975bb6?s=96&d=mm&r=g\",\"caption\":\"Av. Deniz Can K\u0131z\u0131l\"},\"sameAs\":[\"http:\/\/www.denizcankizil.tr\"],\"url\":\"https:\/\/denizcankizil.tr\/uk\/author\/denizcankizil\/\"}]}<\/script>\n<!-- \/ Yoast SEO Premium plugin. -->","yoast_head_json":{"title":"Kemer Kitap Fuar\u0131 ba\u015flad\u0131 - Av. Deniz Can K\u0131z\u0131l","robots":{"index":"index","follow":"follow","max-snippet":"max-snippet:-1","max-image-preview":"max-image-preview:large","max-video-preview":"max-video-preview:-1"},"canonical":"https:\/\/denizcankizil.tr\/uk\/haberler\/antalya\/kemer-kitap-fuari-basladi-2\/","og_locale":"uk_UA","og_type":"article","og_title":"Kemer Kitap Fuar\u0131 ba\u015flad\u0131","og_description":"Kemer\u2019de bu y\u0131l ikincisi d\u00fczenlenen Kemer Kitap Fuar\u0131, il\u00e7e merkezinde bulunan ve etkinliklerin merkezi haline gelen Mustafa Ertu\u011frul Aker Park\u0131\u2019nda d\u00fczenlendi. Fuar\u2019\u0131n a\u00e7\u0131l\u0131na Kemer Belediyesi Ba\u015fkan yard\u0131mc\u0131s\u0131 Mehmet Derya Baytekin, Kemer Sanat Sahnesi kurucusu H\u00fcseyin Poyraz, Prof. Dr. Erol Parlak, yazarlar ve vatanda\u015flar kat\u0131ld\u0131. Fuar\u0131n a\u00e7\u0131l\u0131\u015f\u0131nda konu\u015fan Poyraz, katk\u0131lar\u0131ndan dolay\u0131 Kemer Belediye Ba\u015fkan\u0131 Necati Topalo\u011flu ve Ba\u015fkan yard\u0131mc\u0131s\u0131 Mehmet Derya Baytekin\u2019e te\u015fekk\u00fcr etti. Poyraz \u015funlar\u0131 s\u00f6yledi: &#8220;M\u00fczi\u011fimize, edebiyat\u0131m\u0131za omuz veren de\u011ferlerimizi an\u0131yoruz. Kemer\u2019de bir ilki ger\u00e7ekle\u015ftirerek sanat sahnesi olarak t\u00fcrk\u00fc festivalini ba\u015flatt\u0131k. Ge\u00e7ti\u011fimiz g\u00fcnlerde d\u00f6rd\u00fcnc\u00fcs\u00fcn\u00fc d\u00fczenledik. Birinci t\u00fcrk\u00fc festivalimizde de bizi yaln\u0131z b\u0131rakmayan de\u011ferli hocam\u0131z Say\u0131n Prof. Dr. Erol Parlak bug\u00fcn de bizleri k\u0131rmayarak aram\u0131za kat\u0131ld\u0131. Kendilerine te\u015fekk\u00fcrlerimi sunuyorum.&#8221; Fuar, Prof. Dr. Erol Parlak\u2019\u0131n s\u00f6yle\u015fisi ile devam etti. Fuara kat\u0131lan vatanda\u015flar, stantlar\u0131 gezip yazarlarla tan\u0131\u015farak kitaplar\u0131n\u0131 imzalatt\u0131. Kitap Fuar\u0131 1 Haziran Pazar g\u00fcn\u00fc sona erecek. Kaynak: www.kanalv.com.tr Haber Sitesinden Al\u0131nm\u0131\u015ft\u0131r.","og_url":"https:\/\/denizcankizil.tr\/uk\/haberler\/antalya\/kemer-kitap-fuari-basladi-2\/","og_site_name":"Av. Deniz Can K\u0131z\u0131l","article_published_time":"2025-05-31T12:41:18+00:00","og_image":[{"width":1280,"height":720,"url":"https:\/\/denizcankizil.tr\/wp-content\/uploads\/2025\/05\/a-w467286-04-sSjIoT.jpg","type":"image\/jpeg"}],"author":"Av. Deniz Can K\u0131z\u0131l","twitter_card":"summary_large_image","twitter_misc":{"\u041d\u0430\u043f\u0438\u0441\u0430\u043d\u043e":"Av. Deniz Can K\u0131z\u0131l","\u041f\u0440\u0438\u0431\u043b. \u0447\u0430\u0441 \u0447\u0438\u0442\u0430\u043d\u043d\u044f":"1 \u0445\u0432\u0438\u043b\u0438\u043d\u0430"},"schema":{"@context":"https:\/\/schema.org","@graph":[{"@type":"Article","@id":"https:\/\/denizcankizil.tr\/ru\/haberler\/antalya\/kemer-kitap-fuari-basladi-2\/#article","isPartOf":{"@id":"https:\/\/denizcankizil.tr\/ru\/haberler\/antalya\/kemer-kitap-fuari-basladi-2\/"},"author":{"name":"Av. Deniz Can K\u0131z\u0131l","@id":"https:\/\/denizcankizil.tr\/#\/schema\/person\/5dc1b22991bd7ac833867c10afc9b0ff"},"headline":"Kemer Kitap Fuar\u0131 ba\u015flad\u0131","datePublished":"2025-05-31T12:41:18+00:00","mainEntityOfPage":{"@id":"https:\/\/denizcankizil.tr\/ru\/haberler\/antalya\/kemer-kitap-fuari-basladi-2\/"},"wordCount":221,"publisher":{"@id":"https:\/\/denizcankizil.tr\/#organization"},"image":{"@id":"https:\/\/denizcankizil.tr\/ru\/haberler\/antalya\/kemer-kitap-fuari-basladi-2\/#primaryimage"},"thumbnailUrl":"https:\/\/denizcankizil.tr\/wp-content\/uploads\/2025\/05\/a-w467286-04-sSjIoT.jpg","articleSection":["Antalya"],"inLanguage":"uk"},{"@type":"WebPage","@id":"https:\/\/denizcankizil.tr\/ru\/haberler\/antalya\/kemer-kitap-fuari-basladi-2\/","url":"https:\/\/denizcankizil.tr\/ru\/haberler\/antalya\/kemer-kitap-fuari-basladi-2\/","name":"Kemer Kitap Fuar\u0131 ba\u015flad\u0131 - Av. Deniz Can K\u0131z\u0131l","isPartOf":{"@id":"https:\/\/denizcankizil.tr\/#website"},"primaryImageOfPage":{"@id":"https:\/\/denizcankizil.tr\/ru\/haberler\/antalya\/kemer-kitap-fuari-basladi-2\/#primaryimage"},"image":{"@id":"https:\/\/denizcankizil.tr\/ru\/haberler\/antalya\/kemer-kitap-fuari-basladi-2\/#primaryimage"},"thumbnailUrl":"https:\/\/denizcankizil.tr\/wp-content\/uploads\/2025\/05\/a-w467286-04-sSjIoT.jpg","datePublished":"2025-05-31T12:41:18+00:00","breadcrumb":{"@id":"https:\/\/denizcankizil.tr\/ru\/haberler\/antalya\/kemer-kitap-fuari-basladi-2\/#breadcrumb"},"inLanguage":"uk","potentialAction":[{"@type":"ReadAction","target":["https:\/\/denizcankizil.tr\/ru\/haberler\/antalya\/kemer-kitap-fuari-basladi-2\/"]}]},{"@type":"ImageObject","inLanguage":"uk","@id":"https:\/\/denizcankizil.tr\/ru\/haberler\/antalya\/kemer-kitap-fuari-basladi-2\/#primaryimage","url":"https:\/\/denizcankizil.tr\/wp-content\/uploads\/2025\/05\/a-w467286-04-sSjIoT.jpg","contentUrl":"https:\/\/denizcankizil.tr\/wp-content\/uploads\/2025\/05\/a-w467286-04-sSjIoT.jpg","width":1280,"height":720},{"@type":"BreadcrumbList","@id":"https:\/\/denizcankizil.tr\/ru\/haberler\/antalya\/kemer-kitap-fuari-basladi-2\/#breadcrumb","itemListElement":[{"@type":"ListItem","position":1,"name":"Home","item":"https:\/\/denizcankizil.tr\/de\/"},{"@type":"ListItem","position":2,"name":"Kemer Kitap Fuar\u0131 ba\u015flad\u0131"}]},{"@type":"WebSite","@id":"https:\/\/denizcankizil.tr\/#website","url":"https:\/\/denizcankizil.tr\/","name":"Av. Deniz Can K\u0131z\u0131l","description":"Avukat Deniz Can K\u0131z\u0131l Antalya Barosu","publisher":{"@id":"https:\/\/denizcankizil.tr\/#organization"},"potentialAction":[{"@type":"SearchAction","target":{"@type":"EntryPoint","urlTemplate":"https:\/\/denizcankizil.tr\/?s={search_term_string}"},"query-input":{"@type":"PropertyValueSpecification","valueRequired":true,"valueName":"search_term_string"}}],"inLanguage":"uk"},{"@type":"Organization","@id":"https:\/\/denizcankizil.tr\/#organization","name":"Av. Deniz Can K\u0131z\u0131l","url":"https:\/\/denizcankizil.tr\/","logo":{"@type":"ImageObject","inLanguage":"uk","@id":"https:\/\/denizcankizil.tr\/#\/schema\/logo\/image\/","url":"https:\/\/denizcankizil.tr\/wp-content\/uploads\/2024\/10\/siyah-logo-svg.svg","contentUrl":"https:\/\/denizcankizil.tr\/wp-content\/uploads\/2024\/10\/siyah-logo-svg.svg","width":1080,"height":1080,"caption":"Av. Deniz Can K\u0131z\u0131l"},"image":{"@id":"https:\/\/denizcankizil.tr\/#\/schema\/logo\/image\/"}},{"@type":"Person","@id":"https:\/\/denizcankizil.tr\/#\/schema\/person\/5dc1b22991bd7ac833867c10afc9b0ff","name":"Av. Deniz Can K\u0131z\u0131l","image":{"@type":"ImageObject","inLanguage":"uk","@id":"https:\/\/denizcankizil.tr\/#\/schema\/person\/image\/","url":"https:\/\/secure.gravatar.com\/avatar\/a0b128fb9855c79efc976d5640eedb31dc35ec297594d6016d2cf7c60e975bb6?s=96&d=mm&r=g","contentUrl":"https:\/\/secure.gravatar.com\/avatar\/a0b128fb9855c79efc976d5640eedb31dc35ec297594d6016d2cf7c60e975bb6?s=96&d=mm&r=g","caption":"Av. Deniz Can K\u0131z\u0131l"},"sameAs":["http:\/\/www.denizcankizil.tr"],"url":"https:\/\/denizcankizil.tr\/uk\/author\/denizcankizil\/"}]}},"_links":{"self":[{"href":"https:\/\/denizcankizil.tr\/uk\/wp-json\/wp\/v2\/posts\/102752","targetHints":{"allow":["GET"]}}],"collection":[{"href":"https:\/\/denizcankizil.tr\/uk\/wp-json\/wp\/v2\/posts"}],"about":[{"href":"https:\/\/denizcankizil.tr\/uk\/wp-json\/wp\/v2\/types\/post"}],"author":[{"embeddable":true,"href":"https:\/\/denizcankizil.tr\/uk\/wp-json\/wp\/v2\/users\/4"}],"replies":[{"embeddable":true,"href":"https:\/\/denizcankizil.tr\/uk\/wp-json\/wp\/v2\/comments?post=102752"}],"version-history":[{"count":0,"href":"https:\/\/denizcankizil.tr\/uk\/wp-json\/wp\/v2\/posts\/102752\/revisions"}],"wp:featuredmedia":[{"embeddable":true,"href":"https:\/\/denizcankizil.tr\/uk\/wp-json\/wp\/v2\/media\/102753"}],"wp:attachment":[{"href":"https:\/\/denizcankizil.tr\/uk\/wp-json\/wp\/v2\/media?parent=102752"}],"wp:term":[{"taxonomy":"category","embeddable":true,"href":"https:\/\/denizcankizil.tr\/uk\/wp-json\/wp\/v2\/categories?post=102752"},{"taxonomy":"post_tag","embeddable":true,"href":"https:\/\/denizcankizil.tr\/uk\/wp-json\/wp\/v2\/tags?post=102752"}],"curies":[{"name":"wp","href":"https:\/\/api.w.org\/{rel}","templated":true}]}}