{"id":102751,"date":"2025-05-31T15:40:48","date_gmt":"2025-05-31T12:40:48","guid":{"rendered":"https:\/\/denizcankizil.tr\/uncategorized-tr\/ailesindeki-engelli-bireye-bakan-aile-uyesinin-sosyal-guvencesi\/"},"modified":"2025-05-31T15:40:48","modified_gmt":"2025-05-31T12:40:48","slug":"ailesindeki-engelli-bireye-bakan-aile-uyesinin-sosyal-guvencesi","status":"publish","type":"post","link":"https:\/\/denizcankizil.tr\/uk\/koseyazilari\/degerlendirme\/ailesindeki-engelli-bireye-bakan-aile-uyesinin-sosyal-guvencesi\/","title":{"rendered":"Ailesindeki Engelli Bireye Bakan Aile \u00dcyesinin Sosyal G\u00fcvencesi"},"content":{"rendered":"<p> <strong>Ailesindeki Engelli\u200c Bireye Bakan Aile\u2062 \u00dcyesinin Sosyal G\u00fcvencesi<\/strong><\/p>\n<p>Engelli \u2063bireylerin aile i\u00e7indeki bak\u0131m\u0131, hem toplumsal hem \u200dde hukuksal a\u00e7\u0131dan \u00f6nemli bir \u2062meseledir. T\u00fcrkiye&#8217;de, engelli bireylere y\u00f6nelik bak\u0131m hizmetleri, yaln\u0131zca devletin sorumlulu\u011funda\u200c de\u011fil,\u200d ayn\u0131 zamanda ailelerin de \u00f6nemli \u2063bir y\u00fck\u00fcml\u00fcl\u00fc\u011f\u00fcd\u00fcr. Aile\u2062 \u00fcyeleri, engelli bireylerin g\u00fcnl\u00fck ya\u015famlar\u0131n\u0131 s\u00fcrd\u00fcrebilmeleri i\u00e7in\u200b gerekli olan destek \u2062ve hizmetleri sa\u011flamakta kritik\u2063 bir rol oynamaktad\u0131r.Bu ba\u011flamda, engelli bireylere bakan aile\u2063 \u00fcyelerinin sosyal g\u00fcvenceleri,\u2063 hem bireysel hem de\u2063 toplumsal refah a\u00e7\u0131s\u0131ndan \u200bb\u00fcy\u00fck bir \u200d\u00f6nem \u2063ta\u015f\u0131maktad\u0131r. <\/p>\n<p>Bu makalede,engelli bireylere bakan aile \u00fcyelerinin sosyal \u200bg\u00fcvenlik haklar\u0131,mevcut yasal d\u00fczenlemeler \u2062ve uygulamalar ele al\u0131nacakt\u0131r. Ayr\u0131ca, <a href=\"https:\/\/denizcankizil.tr\/uk\/koseyazilari\/degerlendirme\/tenkis-davasi-sakli-pay-nasil-alinir\/\" title=\"\u0421\u041f\u0420\u0410\u0412\u0410 \u0422\u0415\u041d\u041a\u0418\u0421\u0410: \u044f\u043a \u043e\u0442\u0440\u0438\u043c\u0430\u0442\u0438 \u0437\u0430\u0440\u0435\u0437\u0435\u0440\u0432\u043e\u0432\u0430\u043d\u0443 \u0447\u0430\u0441\u0442\u043a\u0443?\">bu bireylerin<\/a> \u200bkar\u015f\u0131la\u015ft\u0131\u011f\u0131 zorluklar ve\u2062 sosyal g\u00fcvencelerinin\u2063 art\u0131r\u0131lmas\u0131na y\u00f6nelik \u00f6neriler \u00fczerinde durulacakt\u0131r.\u200d Aile \u2063i\u00e7indeki bak\u0131m\u200c s\u00fcrecinin,\u2063 sosyal g\u00fcvenlik \u200bsisteminin bir par\u00e7as\u0131 \u2063olarak nas\u0131l \u2064yap\u0131land\u0131r\u0131labilece\u011fi, \u2062toplumsal dayan\u0131\u015fma ve sosyal adalet a\u00e7\u0131s\u0131ndan \u200bda de\u011ferlendirilecektir. Bu \u00e7al\u0131\u015fma, engelli\u2064 bireylere bak\u0131m veren aile \u00fcyelerinin sosyal g\u00fcvencelerinin\u200d g\u00fc\u00e7lendirilmesi i\u00e7in gerekli ad\u0131mlar\u0131n at\u0131lmas\u0131na katk\u0131 \u200csa\u011flamay\u0131 \u2062ama\u00e7lamaktad\u0131r.<br \/><img decoding=\"async\" class=\"kimage_class lazyload\" data-src=\"https:\/\/denizcankizil.tr\/wp-content\/uploads\/2024\/10\/x504-1.jpg\" alt=\"Ailesindeki Engelli\u2064 Bireye\u2064 Bakan Aile \u00dcyesinin Sosyal G\u00fcvencesinin \u00d6nemi\" src=\"data:image\/svg+xml;base64,PHN2ZyB3aWR0aD0iMSIgaGVpZ2h0PSIxIiB4bWxucz0iaHR0cDovL3d3dy53My5vcmcvMjAwMC9zdmciPjwvc3ZnPg==\"><\/p>\n<h2 id=\"ailesindeki-engelli-bireye-bakan-aile-uyesinin-sosyal-guvencesinin-onemi\">Ailesindeki Engelli Bireye Bakan Aile \u00dcyesinin Sosyal G\u00fcvencesinin \u00d6nemi<\/h2>\n<p>Ailesinde \u2063engelli \u2063birey\u2064 bulunan ki\u015filerin, bu \u200cbireylere bak\u0131m sa\u011flarken kar\u015f\u0131la\u015ft\u0131klar\u0131 zorluklar, sosyal g\u00fcvencenin \u00f6nemini daha\u200c da art\u0131rmaktad\u0131r. Engelli bireylere\u2063 bak\u0131m \u200bveren aile \u00fcyeleri, hem\u200b fiziksel \u200chem de psikolojik olarak\u2064 yo\u011fun bir y\u00fck alt\u0131nda \u2063kalabilmektedir. Bu\u200c nedenle, <a href=\"https:\/\/denizcankizil.tr\/uk\/haberler\/gundem\/tzob-kadin-ciftcilerin-hepsini-kapsayacak-programlar-yapilmali\/\" title=\"TZOB: Kad\u0131n \u00e7ift\u00e7ilerin hepsini kapsayacak programlar yap\u0131lmal\u0131\">sosyal g\u00fcvence<\/a>, bak\u0131m veren bireylerin haklar\u0131n\u0131\u200b korumak\u2063 ve\u200d ya\u015fam standartlar\u0131n\u0131 iyile\u015ftirmek \u200da\u00e7\u0131s\u0131ndan kritik \u200cbir rol oynamaktad\u0131r.<\/p>\n<p><strong>Sosyal g\u00fcvencenin \u2064sa\u011flad\u0131\u011f\u0131 avantajlar<\/strong> aras\u0131nda \u015funlar\u2062 yer almaktad\u0131r:<\/p>\n<ul>\n<li>Bak\u0131m veren bireylerin sa\u011fl\u0131k hizmetlerine eri\u015fim \u200dimkan\u0131,<\/li>\n<li>Gelir kayb\u0131 durumunda \u2064maddi destek,<\/li>\n<li>Psiko-sosyal destek \u2062hizmetlerine ula\u015f\u0131m,<\/li>\n<li>Emeklilik ve di\u011fer \u2064sosyal haklardan yararlanma imkan\u0131.<\/li>\n<\/ul>\n<p>Bu ba\u011flamda, engelli bireylere bak\u0131m veren aile \u00fcyelerinin sosyal g\u00fcvencelerinin g\u00fc\u00e7lendirilmesi, hem bireylerin hem de ailelerin ya\u015fam\u2062 kalitesini art\u0131rmakta \u00f6nemli bir etkiye\u2063 sahiptir. Aile \u00fcyelerinin\u2063 sosyal g\u00fcvencelerinin sa\u011flanmas\u0131, toplumda engelli bireylerin daha iyi bir\u200d \u015fekilde desteklenmesine\u2063 ve entegrasyonuna katk\u0131da bulunacakt\u0131r.<\/p>\n<p><img decoding=\"async\" class=\"kimage_class lazyload\" data-src=\"https:\/\/denizcankizil.tr\/wp-content\/uploads\/2024\/10\/4698-d180d0bed0bbd18c-d0b0d0b4d0b2d0bed0bad0b0d182d0b0-d0b2-d0b4d0b5d0bbd0b0d185-d0be-d0b3d180d0b0d0b6d0b4d0b0d0bdd181d182d0b2d0b5-d0b8-d0b8.jpg\" alt=\"engelli Bireylerin Bak\u0131m\u0131nda Aile \u00dcyesinin Rol\u00fc\" src=\"data:image\/svg+xml;base64,PHN2ZyB3aWR0aD0iMSIgaGVpZ2h0PSIxIiB4bWxucz0iaHR0cDovL3d3dy53My5vcmcvMjAwMC9zdmciPjwvc3ZnPg==\"><\/p>\n<h2 id=\"engelli-bireylerin-bakiminda-aile-uyesinin-rolu\">Engelli Bireylerin\u200d Bak\u0131m\u0131nda Aile \u00dcyesinin Rol\u00fc<\/h2>\n<p><strong>Engelli \u200dbireylerin bak\u0131m\u0131nda aile \u200d\u00fcyelerinin rol\u00fc,hem sosyal\u200b hem de \u2064psikolojik a\u00e7\u0131dan b\u00fcy\u00fck bir \u00f6neme \u200dsahiptir.<\/strong> \u2062Aile, \u2062engelli bireyin \u200bya\u015fam \u2064kalitesini art\u0131rmada kritik \u2062bir destek mekanizmas\u0131d\u0131r. Bu ba\u011flamda, \u200daile \u00fcyeleri, engelli bireyin\u2062 g\u00fcnl\u00fck ihtiya\u00e7lar\u0131n\u0131 kar\u015f\u0131lamakla \u200dkalmay\u0131p, ayn\u0131 \u200dzamanda\u2062 onlar\u0131n sosyal entegrasyonunu da sa\u011flamaktad\u0131r. Aile \u00fcyelerinin bu\u2063 s\u00fcre\u00e7teki katk\u0131lar\u0131,engelli\u2064 bireyin ruhsal durumunu olumlu \u200cy\u00f6nde etkileyerek,toplumsal hayata daha aktif kat\u0131l\u0131m\u0131n\u0131 te\u015fvik eder.<\/p>\n<p><strong>Aile \u00fcyelerinin \u2063engelli bireylere sa\u011flad\u0131\u011f\u0131 destek, \u00e7e\u015fitli \u2063\u015fekillerde ortaya\u200b \u00e7\u0131kmaktad\u0131r:<\/strong><\/p>\n<ul>\n<li>G\u00fcnl\u00fck\u2063 bak\u0131m ve \u200cihtiya\u00e7lar\u0131n kar\u015f\u0131lanmas\u0131<\/li>\n<li>Psiko-sosyal\u2062 destek ve motivasyon sa\u011flanmas\u0131<\/li>\n<li>Toplumsal\u2064 fark\u0131ndal\u0131k yaratma ve sosyal entegrasyonun desteklenmesi<\/li>\n<li>Hukuki ve mali konularda rehberlik yapma<\/li>\n<\/ul>\n<p>Aile \u00fcyelerinin bu rolleri, yaln\u0131zca engelli birey i\u00e7in de\u011fil, ayn\u0131 zamanda ailenin genel\u2064 dinamikleri \u200di\u00e7in\u2062 de \u2062\u00f6nem ta\u015f\u0131maktad\u0131r.Aile\u200c i\u00e7indeki dayan\u0131\u015fma, engelli\u2063 bireyin kendine \u200cg\u00fcvenini art\u0131r\u0131rken, aile \u00fcyelerinin de duygusal\u200b y\u00fcklerini hafifletmektedir. Bu nedenle, engelli\u2064 bireylere \u2064bakan aile \u00fcyelerinin sosyal g\u00fcvenceleri, onlar\u0131n bu kritik g\u00f6revlerini s\u00fcrd\u00fcrebilmeleri\u2063 a\u00e7\u0131s\u0131ndan b\u00fcy\u00fck bir \u2063gereklilik haline gelmektedir.<\/p>\n<p><img decoding=\"async\" class=\"kimage_class lazyload\" data-src=\"https:\/\/denizcankizil.tr\/wp-content\/uploads\/2024\/10\/P8RPY-253D.jpg\" alt=\"Sosyal G\u00fcvenlik Sisteminin \u200bEngelli Bireyler \u0130\u00e7in\u2063 Sa\u011flad\u0131\u011f\u0131 Destekler\" src=\"data:image\/svg+xml;base64,PHN2ZyB3aWR0aD0iMSIgaGVpZ2h0PSIxIiB4bWxucz0iaHR0cDovL3d3dy53My5vcmcvMjAwMC9zdmciPjwvc3ZnPg==\"><\/p>\n<h2 id=\"sosyal-guvenlik-sisteminin-engelli-bireyler-icin-sagladigi-destekler\">Sosyal G\u00fcvenlik Sisteminin Engelli \u200dBireyler \u200d\u0130\u00e7in \u200dSa\u011flad\u0131\u011f\u0131 Destekler<\/h2>\n<section>\n<p>Sosyal g\u00fcvenlik \u2062sistemi,\u200b engelli bireylerin ya\u015fam kalitesini\u2064 art\u0131rmak amac\u0131yla \u00e7e\u015fitli destekler sunmaktad\u0131r. Bu \u2062destekler, engelli bireylerin aileleri i\u00e7in de \u200c\u00f6nemli bir g\u00fcvence olu\u015fturmaktad\u0131r.\u200b Ailesinde\u200b engelli bireye bakan bireyler, \u200bsosyal g\u00fcvenlik kapsam\u0131nda \u00e7e\u015fitli \u2064haklardan yararlanarak, hem maddi\u2062 hem de \u2063manevi\u200c a\u00e7\u0131dan desteklenmektedir.<\/p>\n<p>Engelli \u200dbireylere bak\u0131m sa\u011flayan aile \u00fcyeleri i\u00e7in sa\u011flanan sosyal g\u00fcvenlik destekleri aras\u0131nda \u015funlar\u200b yer almaktad\u0131r:<\/p>\n<ul>\n<li><strong>Bak\u0131m \u00dccreti:<\/strong> Engelli \u200dbireylerin bak\u0131m\u0131n\u0131 \u2063\u00fcstlenen \u2063aile \u00fcyeleri,\u2062 belirli \u200c\u015fartlar alt\u0131nda bak\u0131m \u00fccreti alabilmektedir.<\/li>\n<li><strong>Sa\u011fl\u0131k \u200dHizmetleri:<\/strong> Engelli bireylerin sa\u011fl\u0131k\u200c hizmetlerine eri\u015fimi kolayla\u015ft\u0131r\u0131lmakta, <a href=\"https:\/\/denizcankizil.tr\/uk\/koseyazilari\/degerlendirme\/nafaka-turleri-ve-talep-etme-sartlari\/\" title=\"\u0412\u0438\u0434\u0438 \u0430\u043b\u0456\u043c\u0435\u043d\u0442\u0456\u0432 \u0442\u0430 \u0443\u043c\u043e\u0432\u0438 \u0457\u0445 \u0441\u0442\u044f\u0433\u043d\u0435\u043d\u043d\u044f\">aile\u2062 \u00fcyeleri<\/a> de bu s\u00fcre\u00e7te desteklenmektedir.<\/li>\n<li><strong>\u0130stihdam\u200d Olanaklar\u0131:<\/strong> Engelli bireylere bak\u0131m yapan aile \u00fcyeleri, istihdam alan\u0131nda \u00e7e\u015fitli\u200b te\u015fviklerden yararlanabilmektedir.<\/li>\n<li><strong>Psiko-sosyal Destek:<\/strong> \u2062 Aile \u00fcyeleri, engelli bireylerin bak\u0131m s\u00fcrecinde kar\u015f\u0131la\u015ft\u0131klar\u0131 zorluklarla ba\u015fa \u00e7\u0131kabilmeleri i\u00e7in <a href=\"https:\/\/denizcankizil.tr\/uk\/alanlar\/ceza-hukuku\/\" title=\"\u041a\u0440\u0438\u043c\u0456\u043d\u0430\u043b\u044c\u043d\u0435 \u043f\u0440\u0430\u0432\u043e\">psiko-sosyal destek<\/a> hizmetlerinden faydalanabilmektedir.<\/li>\n<\/ul>\n<p>Bu destekler,\u2064 engelli bireylerin bak\u0131m\u0131n\u0131 \u00fcstlenen\u200d aile\u2063 \u00fcyelerinin sosyal g\u00fcvencelerini art\u0131rarak, onlar\u0131n ya\u015fam standartlar\u0131n\u0131\u2063 y\u00fckseltmeyi hedeflemektedir. Sosyal g\u00fcvenlik sisteminin sundu\u011fu bu imkanlar, engelli bireylerin ve ailelerinin daha sa\u011fl\u0131kl\u0131\u200b ve huzurlu bir ya\u015fam s\u00fcrmelerine katk\u0131 \u2063sa\u011flamaktad\u0131r.<\/p>\n<\/section>\n<p><img decoding=\"async\" class=\"kimage_class lazyload\" data-src=\"https:\/\/denizcankizil.tr\/wp-content\/uploads\/2024\/10\/o04aha.jpg\" alt=\"Aile \u00dcyesinin Sosyal G\u00fcvencesinin Sa\u011flanmas\u0131nda Mevzuat\u0131n etkisi\" src=\"data:image\/svg+xml;base64,PHN2ZyB3aWR0aD0iMSIgaGVpZ2h0PSIxIiB4bWxucz0iaHR0cDovL3d3dy53My5vcmcvMjAwMC9zdmciPjwvc3ZnPg==\"><\/p>\n<h2 id=\"aile-uyesinin-sosyal-guvencesinin-saglanmasinda-mevzuatin-etkisi\">Aile \u2064\u00dcyesinin\u200c Sosyal \u200cG\u00fcvencesinin Sa\u011flanmas\u0131nda\u2063 Mevzuat\u0131n Etkisi<\/h2>\n<section>\n<p>Aile \u00fcyelerinin sosyal \u2063g\u00fcvencelerinin sa\u011flanmas\u0131nda mevzuat\u0131n rol\u00fc olduk\u00e7a \u00f6nemlidir. \u2064\u00d6zellikle,engelli bireylere bak\u0131m veren aile\u200d \u00fcyeleri \u200bi\u00e7in sosyal g\u00fcvenlik haklar\u0131,hem ekonomik hem \u200dde sosyal a\u00e7\u0131dan \u2062b\u00fcy\u00fck bir destek \u2062sunmaktad\u0131r. Bu ba\u011flamda,\u200b T\u00fcrkiye&#8217;deki sosyal \u2062g\u00fcvenlik \u200dsisteminin sundu\u011fu\u2064 imkanlar, engelli bireylere\u2064 bak\u0131m yapan\u200c aile \u00fcyelerinin ya\u015fam standartlar\u0131n\u0131\u200c art\u0131rma amac\u0131 ta\u015f\u0131maktad\u0131r.<\/p>\n<p>Mevzuat\u200c \u00e7er\u00e7evesinde, engelli bireylere bak\u0131m\u200d veren aile \u00fcyeleri i\u00e7in sa\u011flanan sosyal g\u00fcvenceler \u015funlard\u0131r:<\/p>\n<ul>\n<li><strong>Bak\u0131m \u00dccreti:<\/strong> \u2063 Engelli bireylere bakan aile \u00fcyeleri, belirli \u015fartlar \u2062alt\u0131nda bak\u0131m \u00fccreti \u200balabilmektedir.<\/li>\n<li><strong>Sigorta\u2063 Primleri:<\/strong> \u200bBak\u0131m veren\u200c ki\u015filerin sigorta primleri, devlet\u200b taraf\u0131ndan\u2064 desteklenebilir.<\/li>\n<li><strong>\u0130stihdam\u2062 Olanaklar\u0131:<\/strong> Engelli\u200b bireylere bak\u0131m verenler i\u00e7in \u00f6zel istihdam programlar\u0131 ve te\u015fvikler mevcuttur.<\/li>\n<\/ul>\n<p>Bu sosyal g\u00fcvenceler,\u200d engelli bireylere \u2063bak\u0131m veren aile \u00fcyelerinin\u200c hem \u2064maddi hem de manevi a\u00e7\u0131dan desteklenmesine\u2062 olanak tan\u0131maktad\u0131r. Mevzuat\u0131n sa\u011flad\u0131\u011f\u0131 bu imkanlar, ailelerin y\u00fck\u00fcn\u00fc hafifletmekte ve engelli bireylerin daha kaliteli bir ya\u015fam s\u00fcrmelerine katk\u0131da\u2064 bulunmaktad\u0131r. Dolay\u0131s\u0131yla,sosyal \u2063g\u00fcvenlik mevzuat\u0131n\u0131n\u2063 etkin bir \u200d\u015fekilde uygulanmas\u0131,aile\u200d \u00fcyelerinin sosyal \u2064g\u00fcvencelerinin sa\u011flanmas\u0131nda \u200bkritik bir \u2063\u00f6neme \u2064sahiptir.<\/p>\n<\/section>\n<h2 id=\"engelli-bireye-bakim-veren-aile-uyeleri-icin-saglanan-haklar-ve-yardimlar\">Engelli Bireye Bak\u0131m Veren Aile \u00dcyeleri \u0130\u00e7in Sa\u011flanan Haklar ve Yard\u0131mlar<\/h2>\n<p>Engelli bireylere bak\u0131m veren \u2062aile \u200d\u00fcyeleri,toplumda \u00f6nemli bir \u200crol \u00fcstlenmektedir. Bu bireylerin, bak\u0131m s\u00fcre\u00e7lerinde kar\u015f\u0131la\u015ft\u0131klar\u0131\u200c zorluklar\u0131 hafifletmek amac\u0131yla \u00e7e\u015fitli haklar ve\u2062 yard\u0131mlar sa\u011flanmaktad\u0131r. Bu yard\u0131mlar, hem maddi hem de sosyal\u2064 destek unsurlar\u0131n\u0131 i\u00e7ermektedir.<\/p>\n<p><strong>Engelli bireye\u200c bak\u0131m veren aile \u200c\u00fcyeleri i\u00e7in sa\u011flanan \u2064haklar ve yard\u0131mlar \u015funlard\u0131r:<\/strong><\/p>\n<ul>\n<li><strong>Bak\u0131m \u00dccreti:<\/strong> Engelli bireylere bak\u0131m \u2063veren aile \u00fcyeleri, \u200dbelirli \u015fartlar\u0131 sa\u011flad\u0131klar\u0131\u2064 takdirde devlet taraf\u0131ndan bak\u0131m \u200d\u00fccreti \u2062alabilmektedir.<\/li>\n<li><strong>Sosyal G\u00fcvenlik\u200d Haklar\u0131:<\/strong> Aile\u2063 \u00fcyeleri, engelli bireyin sosyal\u2063 g\u00fcvencesinden faydalanarak sa\u011fl\u0131k \u200chizmetlerine eri\u015fim sa\u011flayabilirler.<\/li>\n<li><strong>\u0130stihdam Destekleri:<\/strong> Engelli bireylere\u200c bak\u0131m verenler,\u2064 i\u015f bulma ve istihdam s\u00fcre\u00e7lerinde \u00e7e\u015fitli desteklerden yararlanabilirler.<\/li>\n<li><strong>Psiko-sosyal\u200d Destek:<\/strong> Aile \u00fcyeleri, bak\u0131m \u2064s\u00fcrecinin \u200dgetirdi\u011fi stres ve zorluklarla ba\u015fa \u00e7\u0131kabilmek i\u00e7in psiko-sosyal destek hizmetlerinden faydalanabilirler.<\/li>\n<\/ul>\n<p>Bu haklar ve yard\u0131mlar, engelli bireylere bak\u0131m veren aile \u200b\u00fcyelerinin \u200cya\u015fam kalitesini art\u0131rmay\u0131 hedeflemekte \u2062ve \u2062onlar\u0131n toplumsal \u200bhayata daha aktif bir\u200d \u015fekilde kat\u0131lmalar\u0131n\u0131 sa\u011flamaktad\u0131r. \u200bAile \u2064\u00fcyelerinin bu s\u00fcre\u00e7te desteklenmesi, \u2064hem engelli\u200b bireylerin hem de ailelerin refah\u0131 a\u00e7\u0131s\u0131ndan b\u00fcy\u00fck \u00f6nem ta\u015f\u0131maktad\u0131r.<\/p>\n<p><img decoding=\"async\" class=\"kimage_class lazyload\" data-src=\"https:\/\/denizcankizil.tr\/wp-content\/uploads\/2024\/10\/1LHFk-253D.jpg\" alt=\"Sosyal\u2063 G\u00fcvence kapsam\u0131nda Aile \u00dcyelerinin \u2064Kar\u015f\u0131la\u015ft\u0131\u011f\u0131 Zorluklar ve\u2063 \u00c7\u00f6z\u00fcm \u00d6nerileri\" src=\"data:image\/svg+xml;base64,PHN2ZyB3aWR0aD0iMSIgaGVpZ2h0PSIxIiB4bWxucz0iaHR0cDovL3d3dy53My5vcmcvMjAwMC9zdmciPjwvc3ZnPg==\"><\/p>\n<h2 id=\"sosyal-guvence-kapsaminda-aile-uyelerinin-karsilastigi-zorluklar-ve-cozum-onerileri\">Sosyal G\u00fcvence\u2064 Kapsam\u0131nda Aile \u2063\u00dcyelerinin Kar\u015f\u0131la\u015ft\u0131\u011f\u0131 Zorluklar ve\u2063 \u00c7\u00f6z\u00fcm \u00d6nerileri<\/h2>\n<section>\n<p>Aile \u00fcyelerinin, engelli bireylere bak\u0131m sa\u011flamas\u0131, \u200csosyal\u2063 g\u00fcvence a\u00e7\u0131s\u0131ndan \u00e7e\u015fitli zorluklarla kar\u015f\u0131la\u015fmalar\u0131na neden\u2063 olmaktad\u0131r. Bu zorluklar,\u2063 hem maddi hem \u200dde\u2063 manevi boyutlar\u0131yla ailelerin ya\u015fam kalitesini\u200c etkileyebilir. Engelli bireylere\u2064 bak\u0131m veren \u2064aile \u00fcyeleri, genellikle a\u015fa\u011f\u0131daki sorunlarla \u2064kar\u015f\u0131la\u015fmaktad\u0131r:<\/p>\n<ul>\n<li><strong>Mali Y\u00fck\u00fcml\u00fcl\u00fckler:<\/strong> Engelli bireylerin bak\u0131m masraflar\u0131, aile b\u00fct\u00e7esi \u00fczerinde \u200d\u00f6nemli bir y\u00fck \u200dolu\u015fturabilir.<\/li>\n<li><strong>\u0130\u015f G\u00fcc\u00fc Kayb\u0131:<\/strong> Bak\u0131m\u2063 veren bireyler, bak\u0131m s\u00fcrecinde \u2063i\u015f g\u00fcc\u00fcnden \u2063feragat etmek zorunda kalabilir, bu da gelir \u2063kayb\u0131na yol a\u00e7ar.<\/li>\n<li><strong>Psiko-sosyal\u200b Zorluklar:<\/strong> S\u00fcrekli bak\u0131m, aile \u00fcyeleri \u00fczerinde stres ve \u200bkayg\u0131 yaratabilir, bu\u2064 da ruhsal \u2062sa\u011fl\u0131k\u200c sorunlar\u0131na neden olabilir.<\/li>\n<\/ul>\n<p>bu zorluklar\u0131n \u00fcstesinden gelmek i\u00e7in \u00e7e\u015fitli \u00e7\u00f6z\u00fcm \u200b\u00f6nerileri \u2062bulunmaktad\u0131r.\u00d6ncelikle,devlet destekli sosyal g\u00fcvenlik programlar\u0131n\u0131n\u2063 kapsam\u0131n\u0131n geni\u015fletilmesi,engelli bireylere \u2062bak\u0131m \u2064veren \u200daile \u00fcyelerinin maddi\u2064 y\u00fcklerini \u200dhafifletebilir. Ayr\u0131ca, bak\u0131m veren\u200b bireyler i\u00e7in psikolojik \u2062destek hizmetlerinin sunulmas\u0131, \u200bruhsal sa\u011fl\u0131klar\u0131n\u0131 \u2064korumalar\u0131na yard\u0131mc\u0131 olabilir. Bunun yan\u0131\u2064 s\u0131ra, i\u015fverenlerin \u2064esnek \u00e7al\u0131\u015fma\u200c saatleri sunmas\u0131, bak\u0131m veren bireylerin hem i\u015f \u200chayat\u0131n\u0131 s\u00fcrd\u00fcrebilmeleri hem \u200bde bak\u0131m \u2063g\u00f6revlerini yerine getirebilmeleri a\u00e7\u0131s\u0131ndan \u2062\u00f6nemlidir.<\/p>\n<\/section>\n<p>Sonu\u00e7\u2064 olarak, ailesindeki engelli \u200bbireye bakan aile\u200b \u00fcyelerinin sosyal g\u00fcvenceleri, \u200chem bireysel hem de\u200d toplumsal a\u00e7\u0131dan b\u00fcy\u00fck bir \u00f6neme sahiptir. Engelli bireylerin \u200bbak\u0131m\u0131nda g\u00f6rev \u2063alan aile \u00fcyeleri, yaln\u0131zca fiziksel\u2064 de\u011fil, ayn\u0131 zamanda duygusal ve \u2062ekonomik y\u00fckler de ta\u015f\u0131maktad\u0131r. Bu ba\u011flamda, sosyal g\u00fcvenlik sisteminin bu bireylerin ihtiya\u00e7lar\u0131n\u0131 kar\u015f\u0131layacak \u015fekilde \u200bd\u00fczenlenmesi, toplumsal adaletin sa\u011flanmas\u0131 a\u00e7\u0131s\u0131ndan kritik\u2062 bir gereklilik olarak \u00f6ne \u00e7\u0131kmaktad\u0131r. Aile \u00fcyelerinin sosyal g\u00fcvencelerinin \u2063g\u00fc\u00e7lendirilmesi, engelli bireylerin ya\u015fam kalitesini art\u0131rmakla kalmay\u0131p, ayn\u0131 zamanda aile\u200b dinamiklerinin de \u2063sa\u011fl\u0131kl\u0131 bir \u015fekilde\u2064 s\u00fcrd\u00fcr\u00fclmesine katk\u0131\u2063 sa\u011flayacakt\u0131r. Bu nedenle,\u200d ilgili mevzuat\u0131n g\u00f6zden ge\u00e7irilmesi ve gerekli \u200dreformlar\u0131n hayata \u200cge\u00e7irilmesi, hem\u200d engelli bireyler hem \u200bde onlara bakan\u200c aile \u00fcyeleri i\u00e7in s\u00fcrd\u00fcr\u00fclebilir bir destek \u200dmekanizmas\u0131 olu\u015fturulmas\u0131 a\u00e7\u0131s\u0131ndan elzemdir. <\/p>","protected":false},"excerpt":{"rendered":"<p>Ailesindeki engelli bireye bakan aile \u00fcyelerinin sosyal g\u00fcvenceleri, T\u00fcrkiye&#8217;deki sosyal g\u00fcvenlik sisteminin \u00f6nemli bir par\u00e7as\u0131n\u0131 olu\u015fturmaktad\u0131r. Bu bireyler, bak\u0131m hizmetleri kar\u015f\u0131l\u0131\u011f\u0131nda \u00e7e\u015fitli haklardan yararlanmakta, sosyal destek mekanizmalar\u0131yla g\u00fc\u00e7lendirilmektedir.<\/p>","protected":false},"author":4,"featured_media":0,"comment_status":"open","ping_status":"open","sticky":false,"template":"","format":"standard","meta":{"_acf_changed":false,"footnotes":""},"categories":[22],"tags":[],"class_list":["post-102751","post","type-post","status-publish","format-standard","hentry","category-degerlendirme"],"acf":[],"yoast_head":"<!-- This site is optimized with the Yoast SEO Premium plugin v26.6 (Yoast SEO v27.1.1) - https:\/\/yoast.com\/product\/yoast-seo-premium-wordpress\/ -->\n<title>Ailesindeki Engelli Bireye Bakan Aile \u00dcyesinin Sosyal G\u00fcvencesi - Av. Deniz Can K\u0131z\u0131l<\/title>\n<meta name=\"robots\" content=\"index, follow, max-snippet:-1, max-image-preview:large, max-video-preview:-1\" \/>\n<link rel=\"canonical\" href=\"https:\/\/denizcankizil.tr\/uk\/koseyazilari\/degerlendirme\/ailesindeki-engelli-bireye-bakan-aile-uyesinin-sosyal-guvencesi\/\" \/>\n<meta property=\"og:locale\" content=\"uk_UA\" \/>\n<meta property=\"og:type\" content=\"article\" \/>\n<meta property=\"og:title\" content=\"Ailesindeki Engelli Bireye Bakan Aile \u00dcyesinin Sosyal G\u00fcvencesi\" \/>\n<meta property=\"og:description\" content=\"Ailesindeki engelli bireye bakan aile \u00fcyelerinin sosyal g\u00fcvenceleri, T\u00fcrkiye&#039;deki sosyal g\u00fcvenlik sisteminin \u00f6nemli bir par\u00e7as\u0131n\u0131 olu\u015fturmaktad\u0131r. Bu bireyler, bak\u0131m hizmetleri kar\u015f\u0131l\u0131\u011f\u0131nda \u00e7e\u015fitli haklardan yararlanmakta, sosyal destek mekanizmalar\u0131yla g\u00fc\u00e7lendirilmektedir.\" \/>\n<meta property=\"og:url\" content=\"https:\/\/denizcankizil.tr\/uk\/koseyazilari\/degerlendirme\/ailesindeki-engelli-bireye-bakan-aile-uyesinin-sosyal-guvencesi\/\" \/>\n<meta property=\"og:site_name\" content=\"Av. Deniz Can K\u0131z\u0131l\" \/>\n<meta property=\"article:published_time\" content=\"2025-05-31T12:40:48+00:00\" \/>\n<meta property=\"og:image\" content=\"https:\/\/denizcankizil.tr\/wp-content\/uploads\/2024\/10\/x504-1.jpg\" \/>\n<meta name=\"author\" content=\"Av. Deniz Can K\u0131z\u0131l\" \/>\n<meta name=\"twitter:card\" content=\"summary_large_image\" \/>\n<meta name=\"twitter:label1\" content=\"\u041d\u0430\u043f\u0438\u0441\u0430\u043d\u043e\" \/>\n\t<meta name=\"twitter:data1\" content=\"Av. Deniz Can K\u0131z\u0131l\" \/>\n\t<meta name=\"twitter:label2\" content=\"\u041f\u0440\u0438\u0431\u043b. \u0447\u0430\u0441 \u0447\u0438\u0442\u0430\u043d\u043d\u044f\" \/>\n\t<meta name=\"twitter:data2\" content=\"8 \u0445\u0432\u0438\u043b\u0438\u043d\" \/>\n<script type=\"application\/ld+json\" class=\"yoast-schema-graph\">{\"@context\":\"https:\/\/schema.org\",\"@graph\":[{\"@type\":\"Article\",\"@id\":\"https:\/\/denizcankizil.tr\/ru\/koseyazilari\/degerlendirme\/ailesindeki-engelli-bireye-bakan-aile-uyesinin-sosyal-guvencesi\/#article\",\"isPartOf\":{\"@id\":\"https:\/\/denizcankizil.tr\/ru\/koseyazilari\/degerlendirme\/ailesindeki-engelli-bireye-bakan-aile-uyesinin-sosyal-guvencesi\/\"},\"author\":{\"name\":\"Av. Deniz Can K\u0131z\u0131l\",\"@id\":\"https:\/\/denizcankizil.tr\/de\/#\/schema\/person\/5dc1b22991bd7ac833867c10afc9b0ff\"},\"headline\":\"Ailesindeki Engelli Bireye Bakan Aile \u00dcyesinin Sosyal G\u00fcvencesi\",\"datePublished\":\"2025-05-31T12:40:48+00:00\",\"mainEntityOfPage\":{\"@id\":\"https:\/\/denizcankizil.tr\/ru\/koseyazilari\/degerlendirme\/ailesindeki-engelli-bireye-bakan-aile-uyesinin-sosyal-guvencesi\/\"},\"wordCount\":1669,\"commentCount\":0,\"publisher\":{\"@id\":\"https:\/\/denizcankizil.tr\/de\/#organization\"},\"image\":{\"@id\":\"https:\/\/denizcankizil.tr\/ru\/koseyazilari\/degerlendirme\/ailesindeki-engelli-bireye-bakan-aile-uyesinin-sosyal-guvencesi\/#primaryimage\"},\"thumbnailUrl\":\"https:\/\/denizcankizil.tr\/wp-content\/uploads\/2024\/10\/x504-1.jpg\",\"articleSection\":[\"De\u011ferlendirme\"],\"inLanguage\":\"uk\",\"potentialAction\":[{\"@type\":\"CommentAction\",\"name\":\"Comment\",\"target\":[\"https:\/\/denizcankizil.tr\/ru\/koseyazilari\/degerlendirme\/ailesindeki-engelli-bireye-bakan-aile-uyesinin-sosyal-guvencesi\/#respond\"]}]},{\"@type\":\"WebPage\",\"@id\":\"https:\/\/denizcankizil.tr\/ru\/koseyazilari\/degerlendirme\/ailesindeki-engelli-bireye-bakan-aile-uyesinin-sosyal-guvencesi\/\",\"url\":\"https:\/\/denizcankizil.tr\/ru\/koseyazilari\/degerlendirme\/ailesindeki-engelli-bireye-bakan-aile-uyesinin-sosyal-guvencesi\/\",\"name\":\"Ailesindeki Engelli Bireye Bakan Aile \u00dcyesinin Sosyal G\u00fcvencesi - Av. Deniz Can K\u0131z\u0131l\",\"isPartOf\":{\"@id\":\"https:\/\/denizcankizil.tr\/de\/#website\"},\"primaryImageOfPage\":{\"@id\":\"https:\/\/denizcankizil.tr\/ru\/koseyazilari\/degerlendirme\/ailesindeki-engelli-bireye-bakan-aile-uyesinin-sosyal-guvencesi\/#primaryimage\"},\"image\":{\"@id\":\"https:\/\/denizcankizil.tr\/ru\/koseyazilari\/degerlendirme\/ailesindeki-engelli-bireye-bakan-aile-uyesinin-sosyal-guvencesi\/#primaryimage\"},\"thumbnailUrl\":\"https:\/\/denizcankizil.tr\/wp-content\/uploads\/2024\/10\/x504-1.jpg\",\"datePublished\":\"2025-05-31T12:40:48+00:00\",\"breadcrumb\":{\"@id\":\"https:\/\/denizcankizil.tr\/ru\/koseyazilari\/degerlendirme\/ailesindeki-engelli-bireye-bakan-aile-uyesinin-sosyal-guvencesi\/#breadcrumb\"},\"inLanguage\":\"uk\",\"potentialAction\":[{\"@type\":\"ReadAction\",\"target\":[\"https:\/\/denizcankizil.tr\/ru\/koseyazilari\/degerlendirme\/ailesindeki-engelli-bireye-bakan-aile-uyesinin-sosyal-guvencesi\/\"]}]},{\"@type\":\"ImageObject\",\"inLanguage\":\"uk\",\"@id\":\"https:\/\/denizcankizil.tr\/ru\/koseyazilari\/degerlendirme\/ailesindeki-engelli-bireye-bakan-aile-uyesinin-sosyal-guvencesi\/#primaryimage\",\"url\":\"https:\/\/denizcankizil.tr\/wp-content\/uploads\/2024\/10\/x504-1.jpg\",\"contentUrl\":\"https:\/\/denizcankizil.tr\/wp-content\/uploads\/2024\/10\/x504-1.jpg\"},{\"@type\":\"BreadcrumbList\",\"@id\":\"https:\/\/denizcankizil.tr\/ru\/koseyazilari\/degerlendirme\/ailesindeki-engelli-bireye-bakan-aile-uyesinin-sosyal-guvencesi\/#breadcrumb\",\"itemListElement\":[{\"@type\":\"ListItem\",\"position\":1,\"name\":\"Home\",\"item\":\"https:\/\/denizcankizil.tr\/de\/\"},{\"@type\":\"ListItem\",\"position\":2,\"name\":\"Ailesindeki Engelli Bireye Bakan Aile \u00dcyesinin Sosyal G\u00fcvencesi\"}]},{\"@type\":\"WebSite\",\"@id\":\"https:\/\/denizcankizil.tr\/de\/#website\",\"url\":\"https:\/\/denizcankizil.tr\/de\/\",\"name\":\"Av. Deniz Can K\u0131z\u0131l\",\"description\":\"Avukat Deniz Can K\u0131z\u0131l Antalya Barosu\",\"publisher\":{\"@id\":\"https:\/\/denizcankizil.tr\/de\/#organization\"},\"potentialAction\":[{\"@type\":\"SearchAction\",\"target\":{\"@type\":\"EntryPoint\",\"urlTemplate\":\"https:\/\/denizcankizil.tr\/de\/?s={search_term_string}\"},\"query-input\":{\"@type\":\"PropertyValueSpecification\",\"valueRequired\":true,\"valueName\":\"search_term_string\"}}],\"inLanguage\":\"uk\"},{\"@type\":\"Organization\",\"@id\":\"https:\/\/denizcankizil.tr\/de\/#organization\",\"name\":\"Av. Deniz Can K\u0131z\u0131l\",\"url\":\"https:\/\/denizcankizil.tr\/de\/\",\"logo\":{\"@type\":\"ImageObject\",\"inLanguage\":\"uk\",\"@id\":\"https:\/\/denizcankizil.tr\/de\/#\/schema\/logo\/image\/\",\"url\":\"https:\/\/denizcankizil.tr\/wp-content\/uploads\/2024\/10\/siyah-logo-svg.svg\",\"contentUrl\":\"https:\/\/denizcankizil.tr\/wp-content\/uploads\/2024\/10\/siyah-logo-svg.svg\",\"width\":1080,\"height\":1080,\"caption\":\"Av. Deniz Can K\u0131z\u0131l\"},\"image\":{\"@id\":\"https:\/\/denizcankizil.tr\/de\/#\/schema\/logo\/image\/\"}},{\"@type\":\"Person\",\"@id\":\"https:\/\/denizcankizil.tr\/de\/#\/schema\/person\/5dc1b22991bd7ac833867c10afc9b0ff\",\"name\":\"Av. Deniz Can K\u0131z\u0131l\",\"image\":{\"@type\":\"ImageObject\",\"inLanguage\":\"uk\",\"@id\":\"https:\/\/denizcankizil.tr\/de\/#\/schema\/person\/image\/\",\"url\":\"https:\/\/secure.gravatar.com\/avatar\/a0b128fb9855c79efc976d5640eedb31dc35ec297594d6016d2cf7c60e975bb6?s=96&d=mm&r=g\",\"contentUrl\":\"https:\/\/secure.gravatar.com\/avatar\/a0b128fb9855c79efc976d5640eedb31dc35ec297594d6016d2cf7c60e975bb6?s=96&d=mm&r=g\",\"caption\":\"Av. Deniz Can K\u0131z\u0131l\"},\"sameAs\":[\"http:\/\/www.denizcankizil.tr\"],\"url\":\"https:\/\/denizcankizil.tr\/uk\/author\/denizcankizil\/\"}]}<\/script>\n<!-- \/ Yoast SEO Premium plugin. -->","yoast_head_json":{"title":"Ailesindeki Engelli Bireye Bakan Aile \u00dcyesinin Sosyal G\u00fcvencesi - Av. Deniz Can K\u0131z\u0131l","robots":{"index":"index","follow":"follow","max-snippet":"max-snippet:-1","max-image-preview":"max-image-preview:large","max-video-preview":"max-video-preview:-1"},"canonical":"https:\/\/denizcankizil.tr\/uk\/koseyazilari\/degerlendirme\/ailesindeki-engelli-bireye-bakan-aile-uyesinin-sosyal-guvencesi\/","og_locale":"uk_UA","og_type":"article","og_title":"Ailesindeki Engelli Bireye Bakan Aile \u00dcyesinin Sosyal G\u00fcvencesi","og_description":"Ailesindeki engelli bireye bakan aile \u00fcyelerinin sosyal g\u00fcvenceleri, T\u00fcrkiye'deki sosyal g\u00fcvenlik sisteminin \u00f6nemli bir par\u00e7as\u0131n\u0131 olu\u015fturmaktad\u0131r. Bu bireyler, bak\u0131m hizmetleri kar\u015f\u0131l\u0131\u011f\u0131nda \u00e7e\u015fitli haklardan yararlanmakta, sosyal destek mekanizmalar\u0131yla g\u00fc\u00e7lendirilmektedir.","og_url":"https:\/\/denizcankizil.tr\/uk\/koseyazilari\/degerlendirme\/ailesindeki-engelli-bireye-bakan-aile-uyesinin-sosyal-guvencesi\/","og_site_name":"Av. Deniz Can K\u0131z\u0131l","article_published_time":"2025-05-31T12:40:48+00:00","og_image":[{"url":"https:\/\/denizcankizil.tr\/wp-content\/uploads\/2024\/10\/x504-1.jpg","type":"","width":"","height":""}],"author":"Av. Deniz Can K\u0131z\u0131l","twitter_card":"summary_large_image","twitter_misc":{"\u041d\u0430\u043f\u0438\u0441\u0430\u043d\u043e":"Av. Deniz Can K\u0131z\u0131l","\u041f\u0440\u0438\u0431\u043b. \u0447\u0430\u0441 \u0447\u0438\u0442\u0430\u043d\u043d\u044f":"8 \u0445\u0432\u0438\u043b\u0438\u043d"},"schema":{"@context":"https:\/\/schema.org","@graph":[{"@type":"Article","@id":"https:\/\/denizcankizil.tr\/ru\/koseyazilari\/degerlendirme\/ailesindeki-engelli-bireye-bakan-aile-uyesinin-sosyal-guvencesi\/#article","isPartOf":{"@id":"https:\/\/denizcankizil.tr\/ru\/koseyazilari\/degerlendirme\/ailesindeki-engelli-bireye-bakan-aile-uyesinin-sosyal-guvencesi\/"},"author":{"name":"Av. Deniz Can K\u0131z\u0131l","@id":"https:\/\/denizcankizil.tr\/de\/#\/schema\/person\/5dc1b22991bd7ac833867c10afc9b0ff"},"headline":"Ailesindeki Engelli Bireye Bakan Aile \u00dcyesinin Sosyal G\u00fcvencesi","datePublished":"2025-05-31T12:40:48+00:00","mainEntityOfPage":{"@id":"https:\/\/denizcankizil.tr\/ru\/koseyazilari\/degerlendirme\/ailesindeki-engelli-bireye-bakan-aile-uyesinin-sosyal-guvencesi\/"},"wordCount":1669,"commentCount":0,"publisher":{"@id":"https:\/\/denizcankizil.tr\/de\/#organization"},"image":{"@id":"https:\/\/denizcankizil.tr\/ru\/koseyazilari\/degerlendirme\/ailesindeki-engelli-bireye-bakan-aile-uyesinin-sosyal-guvencesi\/#primaryimage"},"thumbnailUrl":"https:\/\/denizcankizil.tr\/wp-content\/uploads\/2024\/10\/x504-1.jpg","articleSection":["De\u011ferlendirme"],"inLanguage":"uk","potentialAction":[{"@type":"CommentAction","name":"Comment","target":["https:\/\/denizcankizil.tr\/ru\/koseyazilari\/degerlendirme\/ailesindeki-engelli-bireye-bakan-aile-uyesinin-sosyal-guvencesi\/#respond"]}]},{"@type":"WebPage","@id":"https:\/\/denizcankizil.tr\/ru\/koseyazilari\/degerlendirme\/ailesindeki-engelli-bireye-bakan-aile-uyesinin-sosyal-guvencesi\/","url":"https:\/\/denizcankizil.tr\/ru\/koseyazilari\/degerlendirme\/ailesindeki-engelli-bireye-bakan-aile-uyesinin-sosyal-guvencesi\/","name":"Ailesindeki Engelli Bireye Bakan Aile \u00dcyesinin Sosyal G\u00fcvencesi - Av. Deniz Can K\u0131z\u0131l","isPartOf":{"@id":"https:\/\/denizcankizil.tr\/de\/#website"},"primaryImageOfPage":{"@id":"https:\/\/denizcankizil.tr\/ru\/koseyazilari\/degerlendirme\/ailesindeki-engelli-bireye-bakan-aile-uyesinin-sosyal-guvencesi\/#primaryimage"},"image":{"@id":"https:\/\/denizcankizil.tr\/ru\/koseyazilari\/degerlendirme\/ailesindeki-engelli-bireye-bakan-aile-uyesinin-sosyal-guvencesi\/#primaryimage"},"thumbnailUrl":"https:\/\/denizcankizil.tr\/wp-content\/uploads\/2024\/10\/x504-1.jpg","datePublished":"2025-05-31T12:40:48+00:00","breadcrumb":{"@id":"https:\/\/denizcankizil.tr\/ru\/koseyazilari\/degerlendirme\/ailesindeki-engelli-bireye-bakan-aile-uyesinin-sosyal-guvencesi\/#breadcrumb"},"inLanguage":"uk","potentialAction":[{"@type":"ReadAction","target":["https:\/\/denizcankizil.tr\/ru\/koseyazilari\/degerlendirme\/ailesindeki-engelli-bireye-bakan-aile-uyesinin-sosyal-guvencesi\/"]}]},{"@type":"ImageObject","inLanguage":"uk","@id":"https:\/\/denizcankizil.tr\/ru\/koseyazilari\/degerlendirme\/ailesindeki-engelli-bireye-bakan-aile-uyesinin-sosyal-guvencesi\/#primaryimage","url":"https:\/\/denizcankizil.tr\/wp-content\/uploads\/2024\/10\/x504-1.jpg","contentUrl":"https:\/\/denizcankizil.tr\/wp-content\/uploads\/2024\/10\/x504-1.jpg"},{"@type":"BreadcrumbList","@id":"https:\/\/denizcankizil.tr\/ru\/koseyazilari\/degerlendirme\/ailesindeki-engelli-bireye-bakan-aile-uyesinin-sosyal-guvencesi\/#breadcrumb","itemListElement":[{"@type":"ListItem","position":1,"name":"Home","item":"https:\/\/denizcankizil.tr\/de\/"},{"@type":"ListItem","position":2,"name":"Ailesindeki Engelli Bireye Bakan Aile \u00dcyesinin Sosyal G\u00fcvencesi"}]},{"@type":"WebSite","@id":"https:\/\/denizcankizil.tr\/de\/#website","url":"https:\/\/denizcankizil.tr\/de\/","name":"Av. Deniz Can K\u0131z\u0131l","description":"Avukat Deniz Can K\u0131z\u0131l Antalya Barosu","publisher":{"@id":"https:\/\/denizcankizil.tr\/de\/#organization"},"potentialAction":[{"@type":"SearchAction","target":{"@type":"EntryPoint","urlTemplate":"https:\/\/denizcankizil.tr\/de\/?s={search_term_string}"},"query-input":{"@type":"PropertyValueSpecification","valueRequired":true,"valueName":"search_term_string"}}],"inLanguage":"uk"},{"@type":"Organization","@id":"https:\/\/denizcankizil.tr\/de\/#organization","name":"Av. Deniz Can K\u0131z\u0131l","url":"https:\/\/denizcankizil.tr\/de\/","logo":{"@type":"ImageObject","inLanguage":"uk","@id":"https:\/\/denizcankizil.tr\/de\/#\/schema\/logo\/image\/","url":"https:\/\/denizcankizil.tr\/wp-content\/uploads\/2024\/10\/siyah-logo-svg.svg","contentUrl":"https:\/\/denizcankizil.tr\/wp-content\/uploads\/2024\/10\/siyah-logo-svg.svg","width":1080,"height":1080,"caption":"Av. Deniz Can K\u0131z\u0131l"},"image":{"@id":"https:\/\/denizcankizil.tr\/de\/#\/schema\/logo\/image\/"}},{"@type":"Person","@id":"https:\/\/denizcankizil.tr\/de\/#\/schema\/person\/5dc1b22991bd7ac833867c10afc9b0ff","name":"Av. Deniz Can K\u0131z\u0131l","image":{"@type":"ImageObject","inLanguage":"uk","@id":"https:\/\/denizcankizil.tr\/de\/#\/schema\/person\/image\/","url":"https:\/\/secure.gravatar.com\/avatar\/a0b128fb9855c79efc976d5640eedb31dc35ec297594d6016d2cf7c60e975bb6?s=96&d=mm&r=g","contentUrl":"https:\/\/secure.gravatar.com\/avatar\/a0b128fb9855c79efc976d5640eedb31dc35ec297594d6016d2cf7c60e975bb6?s=96&d=mm&r=g","caption":"Av. Deniz Can K\u0131z\u0131l"},"sameAs":["http:\/\/www.denizcankizil.tr"],"url":"https:\/\/denizcankizil.tr\/uk\/author\/denizcankizil\/"}]}},"_links":{"self":[{"href":"https:\/\/denizcankizil.tr\/uk\/wp-json\/wp\/v2\/posts\/102751","targetHints":{"allow":["GET"]}}],"collection":[{"href":"https:\/\/denizcankizil.tr\/uk\/wp-json\/wp\/v2\/posts"}],"about":[{"href":"https:\/\/denizcankizil.tr\/uk\/wp-json\/wp\/v2\/types\/post"}],"author":[{"embeddable":true,"href":"https:\/\/denizcankizil.tr\/uk\/wp-json\/wp\/v2\/users\/4"}],"replies":[{"embeddable":true,"href":"https:\/\/denizcankizil.tr\/uk\/wp-json\/wp\/v2\/comments?post=102751"}],"version-history":[{"count":0,"href":"https:\/\/denizcankizil.tr\/uk\/wp-json\/wp\/v2\/posts\/102751\/revisions"}],"wp:attachment":[{"href":"https:\/\/denizcankizil.tr\/uk\/wp-json\/wp\/v2\/media?parent=102751"}],"wp:term":[{"taxonomy":"category","embeddable":true,"href":"https:\/\/denizcankizil.tr\/uk\/wp-json\/wp\/v2\/categories?post=102751"},{"taxonomy":"post_tag","embeddable":true,"href":"https:\/\/denizcankizil.tr\/uk\/wp-json\/wp\/v2\/tags?post=102751"}],"curies":[{"name":"wp","href":"https:\/\/api.w.org\/{rel}","templated":true}]}}