{"id":102747,"date":"2025-05-31T14:43:37","date_gmt":"2025-05-31T11:43:37","guid":{"rendered":"https:\/\/denizcankizil.tr\/uncategorized-tr\/nasuh-mahruki-manisa-tarzani-ve-cevre-gunlerine-konuk-oldu\/"},"modified":"2025-05-31T14:43:37","modified_gmt":"2025-05-31T11:43:37","slug":"nasuh-mahruki-manisa-tarzani-ve-cevre-gunlerine-konuk-oldu","status":"publish","type":"post","link":"https:\/\/denizcankizil.tr\/uk\/haberler\/gundem\/nasuh-mahruki-manisa-tarzani-ve-cevre-gunlerine-konuk-oldu\/","title":{"rendered":"Nasuh Mahruki Manisa Tarzan\u0131 ve \u00c7evre G\u00fcnleri\u2019ne Konuk Oldu"},"content":{"rendered":"<p>Manisa B\u00fcy\u00fck\u015fehir Belediyesi\u2019nin, \u015eehzadeler ve Yunusemre belediyeleri i\u015f birli\u011fi ile d\u00fczenledi\u011fi \u201cManisa Tarzan\u0131 ve \u00c7evre G\u00fcnleri\u201d kapsam\u0131nda, Nasuh Mahruki, Manisal\u0131larla bulu\u015ftu.<\/p>\n<p>\u200bManisa B\u00fcy\u00fck\u015fehir Belediyesi\u2019nin, \u015eehzadeler ve Yunusemre belediyeleri i\u015f birli\u011fi ile d\u00fczenledi\u011fi \u201cManisa Tarzan\u0131 ve \u00c7evre G\u00fcnleri\u201d kapsam\u0131nda, Nasuh Mahruki, Manisal\u0131larla bulu\u015ftu.\u00a0<\/p>\n<p>\u200bHaberin Al\u0131nt\u0131land\u0131\u011f\u0131 Kaynak: www.iskenderun.org<\/p>","protected":false},"excerpt":{"rendered":"<p>Manisa B\u00fcy\u00fck\u015fehir Belediyesi\u2019nin, \u015eehzadeler ve Yunusemre belediyeleri i\u015f birli\u011fi ile d\u00fczenledi\u011fi \u201cManisa Tarzan\u0131 ve \u00c7evre G\u00fcnleri\u201d kapsam\u0131nda, Nasuh Mahruki, Manisal\u0131larla bulu\u015ftu. \u200bManisa B\u00fcy\u00fck\u015fehir Belediyesi\u2019nin, \u015eehzadeler ve Yunusemre belediyeleri i\u015f birli\u011fi ile d\u00fczenledi\u011fi \u201cManisa Tarzan\u0131 ve \u00c7evre G\u00fcnleri\u201d kapsam\u0131nda, Nasuh Mahruki, Manisal\u0131larla bulu\u015ftu.\u00a0 \u200bHaberin Al\u0131nt\u0131land\u0131\u011f\u0131 Kaynak: www.iskenderun.org<\/p>","protected":false},"author":1,"featured_media":0,"comment_status":"","ping_status":"open","sticky":false,"template":"","format":"standard","meta":{"_acf_changed":false,"footnotes":""},"categories":[24],"tags":[],"class_list":["post-102747","post","type-post","status-publish","format-standard","has-post-thumbnail","hentry","category-gundem"],"acf":[],"yoast_head":"<!-- This site is optimized with the Yoast SEO Premium plugin v26.6 (Yoast SEO v27.1.1) - https:\/\/yoast.com\/product\/yoast-seo-premium-wordpress\/ -->\n<title>Nasuh Mahruki Manisa Tarzan\u0131 ve \u00c7evre G\u00fcnleri\u2019ne Konuk Oldu - Av. Deniz Can K\u0131z\u0131l<\/title>\n<meta name=\"robots\" content=\"index, follow, max-snippet:-1, max-image-preview:large, max-video-preview:-1\" \/>\n<link rel=\"canonical\" href=\"https:\/\/denizcankizil.tr\/uk\/haberler\/gundem\/nasuh-mahruki-manisa-tarzani-ve-cevre-gunlerine-konuk-oldu\/\" \/>\n<meta property=\"og:locale\" content=\"uk_UA\" \/>\n<meta property=\"og:type\" content=\"article\" \/>\n<meta property=\"og:title\" content=\"Nasuh Mahruki Manisa Tarzan\u0131 ve \u00c7evre G\u00fcnleri\u2019ne Konuk Oldu\" \/>\n<meta property=\"og:description\" content=\"Manisa B\u00fcy\u00fck\u015fehir Belediyesi\u2019nin, \u015eehzadeler ve Yunusemre belediyeleri i\u015f birli\u011fi ile d\u00fczenledi\u011fi \u201cManisa Tarzan\u0131 ve \u00c7evre G\u00fcnleri\u201d kapsam\u0131nda, Nasuh Mahruki, Manisal\u0131larla bulu\u015ftu. \u200bManisa B\u00fcy\u00fck\u015fehir Belediyesi\u2019nin, \u015eehzadeler ve Yunusemre belediyeleri i\u015f birli\u011fi ile d\u00fczenledi\u011fi \u201cManisa Tarzan\u0131 ve \u00c7evre G\u00fcnleri\u201d kapsam\u0131nda, Nasuh Mahruki, Manisal\u0131larla bulu\u015ftu.\u00a0 \u200bHaberin Al\u0131nt\u0131land\u0131\u011f\u0131 Kaynak: www.iskenderun.org\" \/>\n<meta property=\"og:url\" content=\"https:\/\/denizcankizil.tr\/uk\/haberler\/gundem\/nasuh-mahruki-manisa-tarzani-ve-cevre-gunlerine-konuk-oldu\/\" \/>\n<meta property=\"og:site_name\" content=\"Av. Deniz Can K\u0131z\u0131l\" \/>\n<meta property=\"article:published_time\" content=\"2025-05-31T11:43:37+00:00\" \/>\n<meta name=\"author\" content=\"admin\" \/>\n<meta name=\"twitter:card\" content=\"summary_large_image\" \/>\n<meta name=\"twitter:label1\" content=\"\u041d\u0430\u043f\u0438\u0441\u0430\u043d\u043e\" \/>\n\t<meta name=\"twitter:data1\" content=\"admin\" \/>\n<script type=\"application\/ld+json\" class=\"yoast-schema-graph\">{\"@context\":\"https:\/\/schema.org\",\"@graph\":[{\"@type\":\"Article\",\"@id\":\"https:\/\/denizcankizil.tr\/uk\/haberler\/gundem\/nasuh-mahruki-manisa-tarzani-ve-cevre-gunlerine-konuk-oldu\/#article\",\"isPartOf\":{\"@id\":\"https:\/\/denizcankizil.tr\/uk\/haberler\/gundem\/nasuh-mahruki-manisa-tarzani-ve-cevre-gunlerine-konuk-oldu\/\"},\"author\":{\"name\":\"admin\",\"@id\":\"https:\/\/denizcankizil.tr\/de\/#\/schema\/person\/be3c05fe6a12686905512445d8185489\"},\"headline\":\"Nasuh Mahruki Manisa Tarzan\u0131 ve \u00c7evre G\u00fcnleri\u2019ne Konuk Oldu\",\"datePublished\":\"2025-05-31T11:43:37+00:00\",\"mainEntityOfPage\":{\"@id\":\"https:\/\/denizcankizil.tr\/uk\/haberler\/gundem\/nasuh-mahruki-manisa-tarzani-ve-cevre-gunlerine-konuk-oldu\/\"},\"wordCount\":83,\"publisher\":{\"@id\":\"https:\/\/denizcankizil.tr\/de\/#organization\"},\"articleSection\":[\"G\u00fcndem\"],\"inLanguage\":\"uk\"},{\"@type\":\"WebPage\",\"@id\":\"https:\/\/denizcankizil.tr\/uk\/haberler\/gundem\/nasuh-mahruki-manisa-tarzani-ve-cevre-gunlerine-konuk-oldu\/\",\"url\":\"https:\/\/denizcankizil.tr\/uk\/haberler\/gundem\/nasuh-mahruki-manisa-tarzani-ve-cevre-gunlerine-konuk-oldu\/\",\"name\":\"Nasuh Mahruki Manisa Tarzan\u0131 ve \u00c7evre G\u00fcnleri\u2019ne Konuk Oldu - Av. Deniz Can K\u0131z\u0131l\",\"isPartOf\":{\"@id\":\"https:\/\/denizcankizil.tr\/de\/#website\"},\"datePublished\":\"2025-05-31T11:43:37+00:00\",\"breadcrumb\":{\"@id\":\"https:\/\/denizcankizil.tr\/uk\/haberler\/gundem\/nasuh-mahruki-manisa-tarzani-ve-cevre-gunlerine-konuk-oldu\/#breadcrumb\"},\"inLanguage\":\"uk\",\"potentialAction\":[{\"@type\":\"ReadAction\",\"target\":[\"https:\/\/denizcankizil.tr\/uk\/haberler\/gundem\/nasuh-mahruki-manisa-tarzani-ve-cevre-gunlerine-konuk-oldu\/\"]}]},{\"@type\":\"BreadcrumbList\",\"@id\":\"https:\/\/denizcankizil.tr\/uk\/haberler\/gundem\/nasuh-mahruki-manisa-tarzani-ve-cevre-gunlerine-konuk-oldu\/#breadcrumb\",\"itemListElement\":[{\"@type\":\"ListItem\",\"position\":1,\"name\":\"Home\",\"item\":\"https:\/\/denizcankizil.tr\/de\/\"},{\"@type\":\"ListItem\",\"position\":2,\"name\":\"Nasuh Mahruki Manisa Tarzan\u0131 ve \u00c7evre G\u00fcnleri\u2019ne Konuk Oldu\"}]},{\"@type\":\"WebSite\",\"@id\":\"https:\/\/denizcankizil.tr\/de\/#website\",\"url\":\"https:\/\/denizcankizil.tr\/de\/\",\"name\":\"Av. Deniz Can K\u0131z\u0131l\",\"description\":\"Avukat Deniz Can K\u0131z\u0131l Antalya Barosu\",\"publisher\":{\"@id\":\"https:\/\/denizcankizil.tr\/de\/#organization\"},\"potentialAction\":[{\"@type\":\"SearchAction\",\"target\":{\"@type\":\"EntryPoint\",\"urlTemplate\":\"https:\/\/denizcankizil.tr\/de\/?s={search_term_string}\"},\"query-input\":{\"@type\":\"PropertyValueSpecification\",\"valueRequired\":true,\"valueName\":\"search_term_string\"}}],\"inLanguage\":\"uk\"},{\"@type\":\"Organization\",\"@id\":\"https:\/\/denizcankizil.tr\/de\/#organization\",\"name\":\"Av. Deniz Can K\u0131z\u0131l\",\"url\":\"https:\/\/denizcankizil.tr\/de\/\",\"logo\":{\"@type\":\"ImageObject\",\"inLanguage\":\"uk\",\"@id\":\"https:\/\/denizcankizil.tr\/de\/#\/schema\/logo\/image\/\",\"url\":\"https:\/\/denizcankizil.tr\/wp-content\/uploads\/2024\/10\/siyah-logo-svg.svg\",\"contentUrl\":\"https:\/\/denizcankizil.tr\/wp-content\/uploads\/2024\/10\/siyah-logo-svg.svg\",\"width\":1080,\"height\":1080,\"caption\":\"Av. Deniz Can K\u0131z\u0131l\"},\"image\":{\"@id\":\"https:\/\/denizcankizil.tr\/de\/#\/schema\/logo\/image\/\"}},{\"@type\":\"Person\",\"@id\":\"https:\/\/denizcankizil.tr\/de\/#\/schema\/person\/be3c05fe6a12686905512445d8185489\",\"name\":\"admin\",\"image\":{\"@type\":\"ImageObject\",\"inLanguage\":\"uk\",\"@id\":\"https:\/\/denizcankizil.tr\/de\/#\/schema\/person\/image\/\",\"url\":\"https:\/\/secure.gravatar.com\/avatar\/c1fce94c830dc79107e174f890d7210541c4a63e8e5d816341794a2151c9d58c?s=96&d=mm&r=g\",\"contentUrl\":\"https:\/\/secure.gravatar.com\/avatar\/c1fce94c830dc79107e174f890d7210541c4a63e8e5d816341794a2151c9d58c?s=96&d=mm&r=g\",\"caption\":\"admin\"},\"sameAs\":[\"http:\/\/denizcankizil.tr\"],\"url\":\"https:\/\/www.iskenderun.org\/nasuh-mahruki-manisa-tarzani-ve-cevre-gunlerine-konuk-oldu\"}]}<\/script>\n<!-- \/ Yoast SEO Premium plugin. -->","yoast_head_json":{"title":"Nasuh Mahruki Manisa Tarzan\u0131 ve \u00c7evre G\u00fcnleri\u2019ne Konuk Oldu - Av. Deniz Can K\u0131z\u0131l","robots":{"index":"index","follow":"follow","max-snippet":"max-snippet:-1","max-image-preview":"max-image-preview:large","max-video-preview":"max-video-preview:-1"},"canonical":"https:\/\/denizcankizil.tr\/uk\/haberler\/gundem\/nasuh-mahruki-manisa-tarzani-ve-cevre-gunlerine-konuk-oldu\/","og_locale":"uk_UA","og_type":"article","og_title":"Nasuh Mahruki Manisa Tarzan\u0131 ve \u00c7evre G\u00fcnleri\u2019ne Konuk Oldu","og_description":"Manisa B\u00fcy\u00fck\u015fehir Belediyesi\u2019nin, \u015eehzadeler ve Yunusemre belediyeleri i\u015f birli\u011fi ile d\u00fczenledi\u011fi \u201cManisa Tarzan\u0131 ve \u00c7evre G\u00fcnleri\u201d kapsam\u0131nda, Nasuh Mahruki, Manisal\u0131larla bulu\u015ftu. \u200bManisa B\u00fcy\u00fck\u015fehir Belediyesi\u2019nin, \u015eehzadeler ve Yunusemre belediyeleri i\u015f birli\u011fi ile d\u00fczenledi\u011fi \u201cManisa Tarzan\u0131 ve \u00c7evre G\u00fcnleri\u201d kapsam\u0131nda, Nasuh Mahruki, Manisal\u0131larla bulu\u015ftu.\u00a0 \u200bHaberin Al\u0131nt\u0131land\u0131\u011f\u0131 Kaynak: www.iskenderun.org","og_url":"https:\/\/denizcankizil.tr\/uk\/haberler\/gundem\/nasuh-mahruki-manisa-tarzani-ve-cevre-gunlerine-konuk-oldu\/","og_site_name":"Av. Deniz Can K\u0131z\u0131l","article_published_time":"2025-05-31T11:43:37+00:00","author":"admin","twitter_card":"summary_large_image","twitter_misc":{"\u041d\u0430\u043f\u0438\u0441\u0430\u043d\u043e":"admin"},"schema":{"@context":"https:\/\/schema.org","@graph":[{"@type":"Article","@id":"https:\/\/denizcankizil.tr\/uk\/haberler\/gundem\/nasuh-mahruki-manisa-tarzani-ve-cevre-gunlerine-konuk-oldu\/#article","isPartOf":{"@id":"https:\/\/denizcankizil.tr\/uk\/haberler\/gundem\/nasuh-mahruki-manisa-tarzani-ve-cevre-gunlerine-konuk-oldu\/"},"author":{"name":"admin","@id":"https:\/\/denizcankizil.tr\/de\/#\/schema\/person\/be3c05fe6a12686905512445d8185489"},"headline":"Nasuh Mahruki Manisa Tarzan\u0131 ve \u00c7evre G\u00fcnleri\u2019ne Konuk Oldu","datePublished":"2025-05-31T11:43:37+00:00","mainEntityOfPage":{"@id":"https:\/\/denizcankizil.tr\/uk\/haberler\/gundem\/nasuh-mahruki-manisa-tarzani-ve-cevre-gunlerine-konuk-oldu\/"},"wordCount":83,"publisher":{"@id":"https:\/\/denizcankizil.tr\/de\/#organization"},"articleSection":["G\u00fcndem"],"inLanguage":"uk"},{"@type":"WebPage","@id":"https:\/\/denizcankizil.tr\/uk\/haberler\/gundem\/nasuh-mahruki-manisa-tarzani-ve-cevre-gunlerine-konuk-oldu\/","url":"https:\/\/denizcankizil.tr\/uk\/haberler\/gundem\/nasuh-mahruki-manisa-tarzani-ve-cevre-gunlerine-konuk-oldu\/","name":"Nasuh Mahruki Manisa Tarzan\u0131 ve \u00c7evre G\u00fcnleri\u2019ne Konuk Oldu - Av. Deniz Can K\u0131z\u0131l","isPartOf":{"@id":"https:\/\/denizcankizil.tr\/de\/#website"},"datePublished":"2025-05-31T11:43:37+00:00","breadcrumb":{"@id":"https:\/\/denizcankizil.tr\/uk\/haberler\/gundem\/nasuh-mahruki-manisa-tarzani-ve-cevre-gunlerine-konuk-oldu\/#breadcrumb"},"inLanguage":"uk","potentialAction":[{"@type":"ReadAction","target":["https:\/\/denizcankizil.tr\/uk\/haberler\/gundem\/nasuh-mahruki-manisa-tarzani-ve-cevre-gunlerine-konuk-oldu\/"]}]},{"@type":"BreadcrumbList","@id":"https:\/\/denizcankizil.tr\/uk\/haberler\/gundem\/nasuh-mahruki-manisa-tarzani-ve-cevre-gunlerine-konuk-oldu\/#breadcrumb","itemListElement":[{"@type":"ListItem","position":1,"name":"Home","item":"https:\/\/denizcankizil.tr\/de\/"},{"@type":"ListItem","position":2,"name":"Nasuh Mahruki Manisa Tarzan\u0131 ve \u00c7evre G\u00fcnleri\u2019ne Konuk Oldu"}]},{"@type":"WebSite","@id":"https:\/\/denizcankizil.tr\/de\/#website","url":"https:\/\/denizcankizil.tr\/de\/","name":"Av. Deniz Can K\u0131z\u0131l","description":"Avukat Deniz Can K\u0131z\u0131l Antalya Barosu","publisher":{"@id":"https:\/\/denizcankizil.tr\/de\/#organization"},"potentialAction":[{"@type":"SearchAction","target":{"@type":"EntryPoint","urlTemplate":"https:\/\/denizcankizil.tr\/de\/?s={search_term_string}"},"query-input":{"@type":"PropertyValueSpecification","valueRequired":true,"valueName":"search_term_string"}}],"inLanguage":"uk"},{"@type":"Organization","@id":"https:\/\/denizcankizil.tr\/de\/#organization","name":"Av. Deniz Can K\u0131z\u0131l","url":"https:\/\/denizcankizil.tr\/de\/","logo":{"@type":"ImageObject","inLanguage":"uk","@id":"https:\/\/denizcankizil.tr\/de\/#\/schema\/logo\/image\/","url":"https:\/\/denizcankizil.tr\/wp-content\/uploads\/2024\/10\/siyah-logo-svg.svg","contentUrl":"https:\/\/denizcankizil.tr\/wp-content\/uploads\/2024\/10\/siyah-logo-svg.svg","width":1080,"height":1080,"caption":"Av. Deniz Can K\u0131z\u0131l"},"image":{"@id":"https:\/\/denizcankizil.tr\/de\/#\/schema\/logo\/image\/"}},{"@type":"Person","@id":"https:\/\/denizcankizil.tr\/de\/#\/schema\/person\/be3c05fe6a12686905512445d8185489","name":"\u0430\u0434\u043c\u0456\u043d","image":{"@type":"ImageObject","inLanguage":"uk","@id":"https:\/\/denizcankizil.tr\/de\/#\/schema\/person\/image\/","url":"https:\/\/secure.gravatar.com\/avatar\/c1fce94c830dc79107e174f890d7210541c4a63e8e5d816341794a2151c9d58c?s=96&d=mm&r=g","contentUrl":"https:\/\/secure.gravatar.com\/avatar\/c1fce94c830dc79107e174f890d7210541c4a63e8e5d816341794a2151c9d58c?s=96&d=mm&r=g","caption":"admin"},"sameAs":["http:\/\/denizcankizil.tr"],"url":"https:\/\/www.iskenderun.org\/nasuh-mahruki-manisa-tarzani-ve-cevre-gunlerine-konuk-oldu"}]}},"_links":{"self":[{"href":"https:\/\/denizcankizil.tr\/uk\/wp-json\/wp\/v2\/posts\/102747","targetHints":{"allow":["GET"]}}],"collection":[{"href":"https:\/\/denizcankizil.tr\/uk\/wp-json\/wp\/v2\/posts"}],"about":[{"href":"https:\/\/denizcankizil.tr\/uk\/wp-json\/wp\/v2\/types\/post"}],"author":[{"embeddable":true,"href":"https:\/\/denizcankizil.tr\/uk\/wp-json\/wp\/v2\/users\/1"}],"replies":[{"embeddable":true,"href":"https:\/\/denizcankizil.tr\/uk\/wp-json\/wp\/v2\/comments?post=102747"}],"version-history":[{"count":0,"href":"https:\/\/denizcankizil.tr\/uk\/wp-json\/wp\/v2\/posts\/102747\/revisions"}],"wp:attachment":[{"href":"https:\/\/denizcankizil.tr\/uk\/wp-json\/wp\/v2\/media?parent=102747"}],"wp:term":[{"taxonomy":"category","embeddable":true,"href":"https:\/\/denizcankizil.tr\/uk\/wp-json\/wp\/v2\/categories?post=102747"},{"taxonomy":"post_tag","embeddable":true,"href":"https:\/\/denizcankizil.tr\/uk\/wp-json\/wp\/v2\/tags?post=102747"}],"curies":[{"name":"wp","href":"https:\/\/api.w.org\/{rel}","templated":true}]}}