{"id":102690,"date":"2025-05-31T14:41:28","date_gmt":"2025-05-31T11:41:28","guid":{"rendered":"https:\/\/denizcankizil.tr\/uncategorized-tr\/baskan-uysal-akilci-ekonomi-sart\/"},"modified":"2025-05-31T14:41:28","modified_gmt":"2025-05-31T11:41:28","slug":"baskan-uysal-akilci-ekonomi-sart","status":"publish","type":"post","link":"https:\/\/denizcankizil.tr\/uk\/haberler\/antalya\/baskan-uysal-akilci-ekonomi-sart\/","title":{"rendered":"Ba\u015fkan Uysal: Ak\u0131lc\u0131 ekonomi \u015fart"},"content":{"rendered":"<p>Bir otelde ger\u00e7ekle\u015fen toplant\u0131da Ba\u015fkan Uysal&#8217;\u0131n yan\u0131 s\u0131ra i\u015f d\u00fcnyas\u0131ndan pek \u00e7ok isim yer ald\u0131. \u00dclke ekonomisi ve ticaretine ili\u015fkin de\u011ferlendirmelerin yap\u0131ld\u0131\u011f\u0131 bulu\u015fmada konu\u015fan Uysal, T\u00fcrkiye&#8217;nin sahip oldu\u011fu e\u015fsiz co\u011frafi konum ve do\u011fal kaynaklar\u0131n\u0131n potansiyeline dikkat \u00e7ekti. &#8220;Harita \u00fczerinde bir toprak se\u00e7mem gerekse yine T\u00fcrkiye topraklar\u0131n\u0131 se\u00e7erim&#8221; diyen Uysal, bu g\u00fc\u00e7l\u00fc potansiyelin yeterince etkin kullan\u0131lmad\u0131\u011f\u0131n\u0131 dile getirdi.<\/p>\n<p>Uysal, T\u00fcrkiye&#8217;nin co\u011frafi konumu, toprak verimlili\u011fi, iklimi ve do\u011fal kaynaklar\u0131n\u0131 verimli kullanamamas\u0131ndan do\u011fan ekonomik sorunlara m\u00fcdahale etmek i\u00e7in acilen iktisadi tedbirler uygulanmas\u0131 gerekti\u011finin alt\u0131n\u0131 \u00e7izdi.<\/p>\n<p>Ba\u015fkan Uysal \u015f\u00f6yle konu\u015ftu, &#8220;T\u00fcrkiye&#8217;nin kendi co\u011frafi avantajlar\u0131n\u0131 ve kaynaklar\u0131n\u0131 etkin bi\u00e7imde kullanabilmesi i\u00e7in kapsaml\u0131, kararl\u0131, ve s\u00fcrd\u00fcr\u00fclebilir bir ekonomik d\u00f6n\u00fc\u015f\u00fcm gerekli. Bu d\u00f6n\u00fc\u015f\u00fcm, sadece bug\u00fcn\u00fcn de\u011fil, gelece\u011fin T\u00fcrkiye&#8217;sini de \u015fekillendirecektir. Hep birlikte \u00fcretim odakl\u0131, kaynaklar\u0131n\u0131 ak\u0131lc\u0131 kullanan, d\u0131\u015fa ba\u011f\u0131ml\u0131l\u0131\u011f\u0131 azaltan bir ekonomik yap\u0131y\u0131 in\u015fa etmek zorunday\u0131z &#8220;dedi.<\/p>\n<p>Toplant\u0131n\u0131n son b\u00f6l\u00fcm\u00fcnde i\u015f insanlar\u0131, \u00f6zellikle \u00fcretim ve ihracat\u0131n art\u0131r\u0131lmas\u0131, kaynaklar\u0131n verimli kullan\u0131lmas\u0131 ve yeni nesil yat\u0131r\u0131mlar\u0131n te\u015fvik edilmesi konular\u0131nda g\u00f6r\u00fc\u015f al\u0131\u015fveri\u015finde bulundu. Toplant\u0131, kar\u015f\u0131l\u0131kl\u0131 soru-cevap b\u00f6l\u00fcm\u00fcyle sona erdi.<\/p>\n<p>Kaynak: www.kanalv.com.tr Haber Sitesinden Al\u0131nm\u0131\u015ft\u0131r.<\/p>","protected":false},"excerpt":{"rendered":"<p>Bir otelde ger\u00e7ekle\u015fen toplant\u0131da Ba\u015fkan Uysal&#8217;\u0131n yan\u0131 s\u0131ra i\u015f d\u00fcnyas\u0131ndan pek \u00e7ok isim yer ald\u0131. \u00dclke ekonomisi ve ticaretine ili\u015fkin de\u011ferlendirmelerin yap\u0131ld\u0131\u011f\u0131 bulu\u015fmada konu\u015fan Uysal, T\u00fcrkiye&#8217;nin sahip oldu\u011fu e\u015fsiz co\u011frafi konum ve do\u011fal kaynaklar\u0131n\u0131n potansiyeline dikkat \u00e7ekti. &#8220;Harita \u00fczerinde bir toprak se\u00e7mem gerekse yine T\u00fcrkiye topraklar\u0131n\u0131 se\u00e7erim&#8221; diyen Uysal, bu g\u00fc\u00e7l\u00fc potansiyelin yeterince etkin kullan\u0131lmad\u0131\u011f\u0131n\u0131 dile getirdi. Uysal, T\u00fcrkiye&#8217;nin co\u011frafi konumu, toprak verimlili\u011fi, iklimi ve do\u011fal kaynaklar\u0131n\u0131 verimli kullanamamas\u0131ndan do\u011fan ekonomik sorunlara m\u00fcdahale etmek i\u00e7in acilen iktisadi tedbirler uygulanmas\u0131 gerekti\u011finin alt\u0131n\u0131 \u00e7izdi. Ba\u015fkan Uysal \u015f\u00f6yle konu\u015ftu, &#8220;T\u00fcrkiye&#8217;nin kendi co\u011frafi avantajlar\u0131n\u0131 ve kaynaklar\u0131n\u0131 etkin bi\u00e7imde kullanabilmesi i\u00e7in kapsaml\u0131, kararl\u0131, ve s\u00fcrd\u00fcr\u00fclebilir bir ekonomik d\u00f6n\u00fc\u015f\u00fcm gerekli. Bu d\u00f6n\u00fc\u015f\u00fcm, sadece bug\u00fcn\u00fcn de\u011fil, gelece\u011fin T\u00fcrkiye&#8217;sini de \u015fekillendirecektir. Hep birlikte \u00fcretim odakl\u0131, kaynaklar\u0131n\u0131 ak\u0131lc\u0131 kullanan, d\u0131\u015fa ba\u011f\u0131ml\u0131l\u0131\u011f\u0131 azaltan bir ekonomik yap\u0131y\u0131 in\u015fa etmek zorunday\u0131z &#8220;dedi. Toplant\u0131n\u0131n son b\u00f6l\u00fcm\u00fcnde i\u015f insanlar\u0131, \u00f6zellikle \u00fcretim ve ihracat\u0131n art\u0131r\u0131lmas\u0131, kaynaklar\u0131n verimli kullan\u0131lmas\u0131 ve yeni nesil yat\u0131r\u0131mlar\u0131n te\u015fvik edilmesi konular\u0131nda g\u00f6r\u00fc\u015f al\u0131\u015fveri\u015finde bulundu. Toplant\u0131, kar\u015f\u0131l\u0131kl\u0131 soru-cevap b\u00f6l\u00fcm\u00fcyle sona erdi. Kaynak: www.kanalv.com.tr Haber Sitesinden Al\u0131nm\u0131\u015ft\u0131r.<\/p>","protected":false},"author":4,"featured_media":102691,"comment_status":"","ping_status":"open","sticky":false,"template":"","format":"standard","meta":{"_acf_changed":false,"footnotes":""},"categories":[26],"tags":[],"class_list":["post-102690","post","type-post","status-publish","format-standard","has-post-thumbnail","hentry","category-antalya"],"acf":[],"yoast_head":"<!-- This site is optimized with the Yoast SEO Premium plugin v26.6 (Yoast SEO v27.1.1) - https:\/\/yoast.com\/product\/yoast-seo-premium-wordpress\/ -->\n<title>Ba\u015fkan Uysal: Ak\u0131lc\u0131 ekonomi \u015fart - Av. Deniz Can K\u0131z\u0131l<\/title>\n<meta name=\"robots\" content=\"index, follow, max-snippet:-1, max-image-preview:large, max-video-preview:-1\" \/>\n<link rel=\"canonical\" href=\"https:\/\/denizcankizil.tr\/uk\/haberler\/antalya\/baskan-uysal-akilci-ekonomi-sart\/\" \/>\n<meta property=\"og:locale\" content=\"uk_UA\" \/>\n<meta property=\"og:type\" content=\"article\" \/>\n<meta property=\"og:title\" content=\"Ba\u015fkan Uysal: Ak\u0131lc\u0131 ekonomi \u015fart\" \/>\n<meta property=\"og:description\" content=\"Bir otelde ger\u00e7ekle\u015fen toplant\u0131da Ba\u015fkan Uysal&#8217;\u0131n yan\u0131 s\u0131ra i\u015f d\u00fcnyas\u0131ndan pek \u00e7ok isim yer ald\u0131. \u00dclke ekonomisi ve ticaretine ili\u015fkin de\u011ferlendirmelerin yap\u0131ld\u0131\u011f\u0131 bulu\u015fmada konu\u015fan Uysal, T\u00fcrkiye&#8217;nin sahip oldu\u011fu e\u015fsiz co\u011frafi konum ve do\u011fal kaynaklar\u0131n\u0131n potansiyeline dikkat \u00e7ekti. &#8220;Harita \u00fczerinde bir toprak se\u00e7mem gerekse yine T\u00fcrkiye topraklar\u0131n\u0131 se\u00e7erim&#8221; diyen Uysal, bu g\u00fc\u00e7l\u00fc potansiyelin yeterince etkin kullan\u0131lmad\u0131\u011f\u0131n\u0131 dile getirdi. Uysal, T\u00fcrkiye&#8217;nin co\u011frafi konumu, toprak verimlili\u011fi, iklimi ve do\u011fal kaynaklar\u0131n\u0131 verimli kullanamamas\u0131ndan do\u011fan ekonomik sorunlara m\u00fcdahale etmek i\u00e7in acilen iktisadi tedbirler uygulanmas\u0131 gerekti\u011finin alt\u0131n\u0131 \u00e7izdi. Ba\u015fkan Uysal \u015f\u00f6yle konu\u015ftu, &#8220;T\u00fcrkiye&#8217;nin kendi co\u011frafi avantajlar\u0131n\u0131 ve kaynaklar\u0131n\u0131 etkin bi\u00e7imde kullanabilmesi i\u00e7in kapsaml\u0131, kararl\u0131, ve s\u00fcrd\u00fcr\u00fclebilir bir ekonomik d\u00f6n\u00fc\u015f\u00fcm gerekli. Bu d\u00f6n\u00fc\u015f\u00fcm, sadece bug\u00fcn\u00fcn de\u011fil, gelece\u011fin T\u00fcrkiye&#8217;sini de \u015fekillendirecektir. Hep birlikte \u00fcretim odakl\u0131, kaynaklar\u0131n\u0131 ak\u0131lc\u0131 kullanan, d\u0131\u015fa ba\u011f\u0131ml\u0131l\u0131\u011f\u0131 azaltan bir ekonomik yap\u0131y\u0131 in\u015fa etmek zorunday\u0131z &#8220;dedi. Toplant\u0131n\u0131n son b\u00f6l\u00fcm\u00fcnde i\u015f insanlar\u0131, \u00f6zellikle \u00fcretim ve ihracat\u0131n art\u0131r\u0131lmas\u0131, kaynaklar\u0131n verimli kullan\u0131lmas\u0131 ve yeni nesil yat\u0131r\u0131mlar\u0131n te\u015fvik edilmesi konular\u0131nda g\u00f6r\u00fc\u015f al\u0131\u015fveri\u015finde bulundu. Toplant\u0131, kar\u015f\u0131l\u0131kl\u0131 soru-cevap b\u00f6l\u00fcm\u00fcyle sona erdi. Kaynak: www.kanalv.com.tr Haber Sitesinden Al\u0131nm\u0131\u015ft\u0131r.\" \/>\n<meta property=\"og:url\" content=\"https:\/\/denizcankizil.tr\/uk\/haberler\/antalya\/baskan-uysal-akilci-ekonomi-sart\/\" \/>\n<meta property=\"og:site_name\" content=\"Av. Deniz Can K\u0131z\u0131l\" \/>\n<meta property=\"article:published_time\" content=\"2025-05-31T11:41:28+00:00\" \/>\n<meta property=\"og:image\" content=\"https:\/\/denizcankizil.tr\/wp-content\/uploads\/2025\/05\/u-r-e-t-i-m-o-d-a-k-l-i-a-k-i-l-c-i-b-i-r-e-k-o-n-o-m-i-s-a-r-t-742963-219355-NYpKr2.jpg\" \/>\n\t<meta property=\"og:image:width\" content=\"1280\" \/>\n\t<meta property=\"og:image:height\" content=\"720\" \/>\n\t<meta property=\"og:image:type\" content=\"image\/jpeg\" \/>\n<meta name=\"author\" content=\"Av. Deniz Can K\u0131z\u0131l\" \/>\n<meta name=\"twitter:card\" content=\"summary_large_image\" \/>\n<meta name=\"twitter:label1\" content=\"\u041d\u0430\u043f\u0438\u0441\u0430\u043d\u043e\" \/>\n\t<meta name=\"twitter:data1\" content=\"Av. Deniz Can K\u0131z\u0131l\" \/>\n\t<meta name=\"twitter:label2\" content=\"\u041f\u0440\u0438\u0431\u043b. \u0447\u0430\u0441 \u0447\u0438\u0442\u0430\u043d\u043d\u044f\" \/>\n\t<meta name=\"twitter:data2\" content=\"1 \u0445\u0432\u0438\u043b\u0438\u043d\u0430\" \/>\n<script type=\"application\/ld+json\" class=\"yoast-schema-graph\">{\"@context\":\"https:\/\/schema.org\",\"@graph\":[{\"@type\":\"Article\",\"@id\":\"https:\/\/denizcankizil.tr\/uk\/haberler\/antalya\/baskan-uysal-akilci-ekonomi-sart\/#article\",\"isPartOf\":{\"@id\":\"https:\/\/denizcankizil.tr\/uk\/haberler\/antalya\/baskan-uysal-akilci-ekonomi-sart\/\"},\"author\":{\"name\":\"Av. Deniz Can K\u0131z\u0131l\",\"@id\":\"https:\/\/denizcankizil.tr\/de\/#\/schema\/person\/5dc1b22991bd7ac833867c10afc9b0ff\"},\"headline\":\"Ba\u015fkan Uysal: Ak\u0131lc\u0131 ekonomi \u015fart\",\"datePublished\":\"2025-05-31T11:41:28+00:00\",\"mainEntityOfPage\":{\"@id\":\"https:\/\/denizcankizil.tr\/uk\/haberler\/antalya\/baskan-uysal-akilci-ekonomi-sart\/\"},\"wordCount\":270,\"publisher\":{\"@id\":\"https:\/\/denizcankizil.tr\/de\/#organization\"},\"image\":{\"@id\":\"https:\/\/denizcankizil.tr\/uk\/haberler\/antalya\/baskan-uysal-akilci-ekonomi-sart\/#primaryimage\"},\"thumbnailUrl\":\"https:\/\/denizcankizil.tr\/wp-content\/uploads\/2025\/05\/u-r-e-t-i-m-o-d-a-k-l-i-a-k-i-l-c-i-b-i-r-e-k-o-n-o-m-i-s-a-r-t-742963-219355-NYpKr2.jpg\",\"articleSection\":[\"Antalya\"],\"inLanguage\":\"uk\"},{\"@type\":\"WebPage\",\"@id\":\"https:\/\/denizcankizil.tr\/uk\/haberler\/antalya\/baskan-uysal-akilci-ekonomi-sart\/\",\"url\":\"https:\/\/denizcankizil.tr\/uk\/haberler\/antalya\/baskan-uysal-akilci-ekonomi-sart\/\",\"name\":\"Ba\u015fkan Uysal: Ak\u0131lc\u0131 ekonomi \u015fart - Av. Deniz Can K\u0131z\u0131l\",\"isPartOf\":{\"@id\":\"https:\/\/denizcankizil.tr\/de\/#website\"},\"primaryImageOfPage\":{\"@id\":\"https:\/\/denizcankizil.tr\/uk\/haberler\/antalya\/baskan-uysal-akilci-ekonomi-sart\/#primaryimage\"},\"image\":{\"@id\":\"https:\/\/denizcankizil.tr\/uk\/haberler\/antalya\/baskan-uysal-akilci-ekonomi-sart\/#primaryimage\"},\"thumbnailUrl\":\"https:\/\/denizcankizil.tr\/wp-content\/uploads\/2025\/05\/u-r-e-t-i-m-o-d-a-k-l-i-a-k-i-l-c-i-b-i-r-e-k-o-n-o-m-i-s-a-r-t-742963-219355-NYpKr2.jpg\",\"datePublished\":\"2025-05-31T11:41:28+00:00\",\"breadcrumb\":{\"@id\":\"https:\/\/denizcankizil.tr\/uk\/haberler\/antalya\/baskan-uysal-akilci-ekonomi-sart\/#breadcrumb\"},\"inLanguage\":\"uk\",\"potentialAction\":[{\"@type\":\"ReadAction\",\"target\":[\"https:\/\/denizcankizil.tr\/uk\/haberler\/antalya\/baskan-uysal-akilci-ekonomi-sart\/\"]}]},{\"@type\":\"ImageObject\",\"inLanguage\":\"uk\",\"@id\":\"https:\/\/denizcankizil.tr\/uk\/haberler\/antalya\/baskan-uysal-akilci-ekonomi-sart\/#primaryimage\",\"url\":\"https:\/\/denizcankizil.tr\/wp-content\/uploads\/2025\/05\/u-r-e-t-i-m-o-d-a-k-l-i-a-k-i-l-c-i-b-i-r-e-k-o-n-o-m-i-s-a-r-t-742963-219355-NYpKr2.jpg\",\"contentUrl\":\"https:\/\/denizcankizil.tr\/wp-content\/uploads\/2025\/05\/u-r-e-t-i-m-o-d-a-k-l-i-a-k-i-l-c-i-b-i-r-e-k-o-n-o-m-i-s-a-r-t-742963-219355-NYpKr2.jpg\",\"width\":1280,\"height\":720},{\"@type\":\"BreadcrumbList\",\"@id\":\"https:\/\/denizcankizil.tr\/uk\/haberler\/antalya\/baskan-uysal-akilci-ekonomi-sart\/#breadcrumb\",\"itemListElement\":[{\"@type\":\"ListItem\",\"position\":1,\"name\":\"Home\",\"item\":\"https:\/\/denizcankizil.tr\/de\/\"},{\"@type\":\"ListItem\",\"position\":2,\"name\":\"Ba\u015fkan Uysal: Ak\u0131lc\u0131 ekonomi \u015fart\"}]},{\"@type\":\"WebSite\",\"@id\":\"https:\/\/denizcankizil.tr\/de\/#website\",\"url\":\"https:\/\/denizcankizil.tr\/de\/\",\"name\":\"Av. Deniz Can K\u0131z\u0131l\",\"description\":\"Avukat Deniz Can K\u0131z\u0131l Antalya Barosu\",\"publisher\":{\"@id\":\"https:\/\/denizcankizil.tr\/de\/#organization\"},\"potentialAction\":[{\"@type\":\"SearchAction\",\"target\":{\"@type\":\"EntryPoint\",\"urlTemplate\":\"https:\/\/denizcankizil.tr\/de\/?s={search_term_string}\"},\"query-input\":{\"@type\":\"PropertyValueSpecification\",\"valueRequired\":true,\"valueName\":\"search_term_string\"}}],\"inLanguage\":\"uk\"},{\"@type\":\"Organization\",\"@id\":\"https:\/\/denizcankizil.tr\/de\/#organization\",\"name\":\"Av. Deniz Can K\u0131z\u0131l\",\"url\":\"https:\/\/denizcankizil.tr\/de\/\",\"logo\":{\"@type\":\"ImageObject\",\"inLanguage\":\"uk\",\"@id\":\"https:\/\/denizcankizil.tr\/de\/#\/schema\/logo\/image\/\",\"url\":\"https:\/\/denizcankizil.tr\/wp-content\/uploads\/2024\/10\/siyah-logo-svg.svg\",\"contentUrl\":\"https:\/\/denizcankizil.tr\/wp-content\/uploads\/2024\/10\/siyah-logo-svg.svg\",\"width\":1080,\"height\":1080,\"caption\":\"Av. Deniz Can K\u0131z\u0131l\"},\"image\":{\"@id\":\"https:\/\/denizcankizil.tr\/de\/#\/schema\/logo\/image\/\"}},{\"@type\":\"Person\",\"@id\":\"https:\/\/denizcankizil.tr\/de\/#\/schema\/person\/5dc1b22991bd7ac833867c10afc9b0ff\",\"name\":\"Av. Deniz Can K\u0131z\u0131l\",\"image\":{\"@type\":\"ImageObject\",\"inLanguage\":\"uk\",\"@id\":\"https:\/\/denizcankizil.tr\/de\/#\/schema\/person\/image\/\",\"url\":\"https:\/\/secure.gravatar.com\/avatar\/a0b128fb9855c79efc976d5640eedb31dc35ec297594d6016d2cf7c60e975bb6?s=96&d=mm&r=g\",\"contentUrl\":\"https:\/\/secure.gravatar.com\/avatar\/a0b128fb9855c79efc976d5640eedb31dc35ec297594d6016d2cf7c60e975bb6?s=96&d=mm&r=g\",\"caption\":\"Av. Deniz Can K\u0131z\u0131l\"},\"sameAs\":[\"http:\/\/www.denizcankizil.tr\"],\"url\":\"https:\/\/denizcankizil.tr\/uk\/author\/denizcankizil\/\"}]}<\/script>\n<!-- \/ Yoast SEO Premium plugin. -->","yoast_head_json":{"title":"Ba\u015fkan Uysal: Ak\u0131lc\u0131 ekonomi \u015fart - Av. Deniz Can K\u0131z\u0131l","robots":{"index":"index","follow":"follow","max-snippet":"max-snippet:-1","max-image-preview":"max-image-preview:large","max-video-preview":"max-video-preview:-1"},"canonical":"https:\/\/denizcankizil.tr\/uk\/haberler\/antalya\/baskan-uysal-akilci-ekonomi-sart\/","og_locale":"uk_UA","og_type":"article","og_title":"Ba\u015fkan Uysal: Ak\u0131lc\u0131 ekonomi \u015fart","og_description":"Bir otelde ger\u00e7ekle\u015fen toplant\u0131da Ba\u015fkan Uysal&#8217;\u0131n yan\u0131 s\u0131ra i\u015f d\u00fcnyas\u0131ndan pek \u00e7ok isim yer ald\u0131. \u00dclke ekonomisi ve ticaretine ili\u015fkin de\u011ferlendirmelerin yap\u0131ld\u0131\u011f\u0131 bulu\u015fmada konu\u015fan Uysal, T\u00fcrkiye&#8217;nin sahip oldu\u011fu e\u015fsiz co\u011frafi konum ve do\u011fal kaynaklar\u0131n\u0131n potansiyeline dikkat \u00e7ekti. &#8220;Harita \u00fczerinde bir toprak se\u00e7mem gerekse yine T\u00fcrkiye topraklar\u0131n\u0131 se\u00e7erim&#8221; diyen Uysal, bu g\u00fc\u00e7l\u00fc potansiyelin yeterince etkin kullan\u0131lmad\u0131\u011f\u0131n\u0131 dile getirdi. Uysal, T\u00fcrkiye&#8217;nin co\u011frafi konumu, toprak verimlili\u011fi, iklimi ve do\u011fal kaynaklar\u0131n\u0131 verimli kullanamamas\u0131ndan do\u011fan ekonomik sorunlara m\u00fcdahale etmek i\u00e7in acilen iktisadi tedbirler uygulanmas\u0131 gerekti\u011finin alt\u0131n\u0131 \u00e7izdi. Ba\u015fkan Uysal \u015f\u00f6yle konu\u015ftu, &#8220;T\u00fcrkiye&#8217;nin kendi co\u011frafi avantajlar\u0131n\u0131 ve kaynaklar\u0131n\u0131 etkin bi\u00e7imde kullanabilmesi i\u00e7in kapsaml\u0131, kararl\u0131, ve s\u00fcrd\u00fcr\u00fclebilir bir ekonomik d\u00f6n\u00fc\u015f\u00fcm gerekli. Bu d\u00f6n\u00fc\u015f\u00fcm, sadece bug\u00fcn\u00fcn de\u011fil, gelece\u011fin T\u00fcrkiye&#8217;sini de \u015fekillendirecektir. Hep birlikte \u00fcretim odakl\u0131, kaynaklar\u0131n\u0131 ak\u0131lc\u0131 kullanan, d\u0131\u015fa ba\u011f\u0131ml\u0131l\u0131\u011f\u0131 azaltan bir ekonomik yap\u0131y\u0131 in\u015fa etmek zorunday\u0131z &#8220;dedi. Toplant\u0131n\u0131n son b\u00f6l\u00fcm\u00fcnde i\u015f insanlar\u0131, \u00f6zellikle \u00fcretim ve ihracat\u0131n art\u0131r\u0131lmas\u0131, kaynaklar\u0131n verimli kullan\u0131lmas\u0131 ve yeni nesil yat\u0131r\u0131mlar\u0131n te\u015fvik edilmesi konular\u0131nda g\u00f6r\u00fc\u015f al\u0131\u015fveri\u015finde bulundu. Toplant\u0131, kar\u015f\u0131l\u0131kl\u0131 soru-cevap b\u00f6l\u00fcm\u00fcyle sona erdi. Kaynak: www.kanalv.com.tr Haber Sitesinden Al\u0131nm\u0131\u015ft\u0131r.","og_url":"https:\/\/denizcankizil.tr\/uk\/haberler\/antalya\/baskan-uysal-akilci-ekonomi-sart\/","og_site_name":"Av. Deniz Can K\u0131z\u0131l","article_published_time":"2025-05-31T11:41:28+00:00","og_image":[{"width":1280,"height":720,"url":"https:\/\/denizcankizil.tr\/wp-content\/uploads\/2025\/05\/u-r-e-t-i-m-o-d-a-k-l-i-a-k-i-l-c-i-b-i-r-e-k-o-n-o-m-i-s-a-r-t-742963-219355-NYpKr2.jpg","type":"image\/jpeg"}],"author":"Av. Deniz Can K\u0131z\u0131l","twitter_card":"summary_large_image","twitter_misc":{"\u041d\u0430\u043f\u0438\u0441\u0430\u043d\u043e":"Av. Deniz Can K\u0131z\u0131l","\u041f\u0440\u0438\u0431\u043b. \u0447\u0430\u0441 \u0447\u0438\u0442\u0430\u043d\u043d\u044f":"1 \u0445\u0432\u0438\u043b\u0438\u043d\u0430"},"schema":{"@context":"https:\/\/schema.org","@graph":[{"@type":"Article","@id":"https:\/\/denizcankizil.tr\/uk\/haberler\/antalya\/baskan-uysal-akilci-ekonomi-sart\/#article","isPartOf":{"@id":"https:\/\/denizcankizil.tr\/uk\/haberler\/antalya\/baskan-uysal-akilci-ekonomi-sart\/"},"author":{"name":"Av. Deniz Can K\u0131z\u0131l","@id":"https:\/\/denizcankizil.tr\/de\/#\/schema\/person\/5dc1b22991bd7ac833867c10afc9b0ff"},"headline":"Ba\u015fkan Uysal: Ak\u0131lc\u0131 ekonomi \u015fart","datePublished":"2025-05-31T11:41:28+00:00","mainEntityOfPage":{"@id":"https:\/\/denizcankizil.tr\/uk\/haberler\/antalya\/baskan-uysal-akilci-ekonomi-sart\/"},"wordCount":270,"publisher":{"@id":"https:\/\/denizcankizil.tr\/de\/#organization"},"image":{"@id":"https:\/\/denizcankizil.tr\/uk\/haberler\/antalya\/baskan-uysal-akilci-ekonomi-sart\/#primaryimage"},"thumbnailUrl":"https:\/\/denizcankizil.tr\/wp-content\/uploads\/2025\/05\/u-r-e-t-i-m-o-d-a-k-l-i-a-k-i-l-c-i-b-i-r-e-k-o-n-o-m-i-s-a-r-t-742963-219355-NYpKr2.jpg","articleSection":["Antalya"],"inLanguage":"uk"},{"@type":"WebPage","@id":"https:\/\/denizcankizil.tr\/uk\/haberler\/antalya\/baskan-uysal-akilci-ekonomi-sart\/","url":"https:\/\/denizcankizil.tr\/uk\/haberler\/antalya\/baskan-uysal-akilci-ekonomi-sart\/","name":"Ba\u015fkan Uysal: Ak\u0131lc\u0131 ekonomi \u015fart - Av. Deniz Can K\u0131z\u0131l","isPartOf":{"@id":"https:\/\/denizcankizil.tr\/de\/#website"},"primaryImageOfPage":{"@id":"https:\/\/denizcankizil.tr\/uk\/haberler\/antalya\/baskan-uysal-akilci-ekonomi-sart\/#primaryimage"},"image":{"@id":"https:\/\/denizcankizil.tr\/uk\/haberler\/antalya\/baskan-uysal-akilci-ekonomi-sart\/#primaryimage"},"thumbnailUrl":"https:\/\/denizcankizil.tr\/wp-content\/uploads\/2025\/05\/u-r-e-t-i-m-o-d-a-k-l-i-a-k-i-l-c-i-b-i-r-e-k-o-n-o-m-i-s-a-r-t-742963-219355-NYpKr2.jpg","datePublished":"2025-05-31T11:41:28+00:00","breadcrumb":{"@id":"https:\/\/denizcankizil.tr\/uk\/haberler\/antalya\/baskan-uysal-akilci-ekonomi-sart\/#breadcrumb"},"inLanguage":"uk","potentialAction":[{"@type":"ReadAction","target":["https:\/\/denizcankizil.tr\/uk\/haberler\/antalya\/baskan-uysal-akilci-ekonomi-sart\/"]}]},{"@type":"ImageObject","inLanguage":"uk","@id":"https:\/\/denizcankizil.tr\/uk\/haberler\/antalya\/baskan-uysal-akilci-ekonomi-sart\/#primaryimage","url":"https:\/\/denizcankizil.tr\/wp-content\/uploads\/2025\/05\/u-r-e-t-i-m-o-d-a-k-l-i-a-k-i-l-c-i-b-i-r-e-k-o-n-o-m-i-s-a-r-t-742963-219355-NYpKr2.jpg","contentUrl":"https:\/\/denizcankizil.tr\/wp-content\/uploads\/2025\/05\/u-r-e-t-i-m-o-d-a-k-l-i-a-k-i-l-c-i-b-i-r-e-k-o-n-o-m-i-s-a-r-t-742963-219355-NYpKr2.jpg","width":1280,"height":720},{"@type":"BreadcrumbList","@id":"https:\/\/denizcankizil.tr\/uk\/haberler\/antalya\/baskan-uysal-akilci-ekonomi-sart\/#breadcrumb","itemListElement":[{"@type":"ListItem","position":1,"name":"Home","item":"https:\/\/denizcankizil.tr\/de\/"},{"@type":"ListItem","position":2,"name":"Ba\u015fkan Uysal: Ak\u0131lc\u0131 ekonomi \u015fart"}]},{"@type":"WebSite","@id":"https:\/\/denizcankizil.tr\/de\/#website","url":"https:\/\/denizcankizil.tr\/de\/","name":"Av. Deniz Can K\u0131z\u0131l","description":"Avukat Deniz Can K\u0131z\u0131l Antalya Barosu","publisher":{"@id":"https:\/\/denizcankizil.tr\/de\/#organization"},"potentialAction":[{"@type":"SearchAction","target":{"@type":"EntryPoint","urlTemplate":"https:\/\/denizcankizil.tr\/de\/?s={search_term_string}"},"query-input":{"@type":"PropertyValueSpecification","valueRequired":true,"valueName":"search_term_string"}}],"inLanguage":"uk"},{"@type":"Organization","@id":"https:\/\/denizcankizil.tr\/de\/#organization","name":"Av. Deniz Can K\u0131z\u0131l","url":"https:\/\/denizcankizil.tr\/de\/","logo":{"@type":"ImageObject","inLanguage":"uk","@id":"https:\/\/denizcankizil.tr\/de\/#\/schema\/logo\/image\/","url":"https:\/\/denizcankizil.tr\/wp-content\/uploads\/2024\/10\/siyah-logo-svg.svg","contentUrl":"https:\/\/denizcankizil.tr\/wp-content\/uploads\/2024\/10\/siyah-logo-svg.svg","width":1080,"height":1080,"caption":"Av. Deniz Can K\u0131z\u0131l"},"image":{"@id":"https:\/\/denizcankizil.tr\/de\/#\/schema\/logo\/image\/"}},{"@type":"Person","@id":"https:\/\/denizcankizil.tr\/de\/#\/schema\/person\/5dc1b22991bd7ac833867c10afc9b0ff","name":"Av. Deniz Can K\u0131z\u0131l","image":{"@type":"ImageObject","inLanguage":"uk","@id":"https:\/\/denizcankizil.tr\/de\/#\/schema\/person\/image\/","url":"https:\/\/secure.gravatar.com\/avatar\/a0b128fb9855c79efc976d5640eedb31dc35ec297594d6016d2cf7c60e975bb6?s=96&d=mm&r=g","contentUrl":"https:\/\/secure.gravatar.com\/avatar\/a0b128fb9855c79efc976d5640eedb31dc35ec297594d6016d2cf7c60e975bb6?s=96&d=mm&r=g","caption":"Av. Deniz Can K\u0131z\u0131l"},"sameAs":["http:\/\/www.denizcankizil.tr"],"url":"https:\/\/denizcankizil.tr\/uk\/author\/denizcankizil\/"}]}},"_links":{"self":[{"href":"https:\/\/denizcankizil.tr\/uk\/wp-json\/wp\/v2\/posts\/102690","targetHints":{"allow":["GET"]}}],"collection":[{"href":"https:\/\/denizcankizil.tr\/uk\/wp-json\/wp\/v2\/posts"}],"about":[{"href":"https:\/\/denizcankizil.tr\/uk\/wp-json\/wp\/v2\/types\/post"}],"author":[{"embeddable":true,"href":"https:\/\/denizcankizil.tr\/uk\/wp-json\/wp\/v2\/users\/4"}],"replies":[{"embeddable":true,"href":"https:\/\/denizcankizil.tr\/uk\/wp-json\/wp\/v2\/comments?post=102690"}],"version-history":[{"count":0,"href":"https:\/\/denizcankizil.tr\/uk\/wp-json\/wp\/v2\/posts\/102690\/revisions"}],"wp:featuredmedia":[{"embeddable":true,"href":"https:\/\/denizcankizil.tr\/uk\/wp-json\/wp\/v2\/media\/102691"}],"wp:attachment":[{"href":"https:\/\/denizcankizil.tr\/uk\/wp-json\/wp\/v2\/media?parent=102690"}],"wp:term":[{"taxonomy":"category","embeddable":true,"href":"https:\/\/denizcankizil.tr\/uk\/wp-json\/wp\/v2\/categories?post=102690"},{"taxonomy":"post_tag","embeddable":true,"href":"https:\/\/denizcankizil.tr\/uk\/wp-json\/wp\/v2\/tags?post=102690"}],"curies":[{"name":"wp","href":"https:\/\/api.w.org\/{rel}","templated":true}]}}