{"id":101956,"date":"2025-05-30T19:42:17","date_gmt":"2025-05-30T16:42:17","guid":{"rendered":"https:\/\/denizcankizil.tr\/uncategorized-tr\/kamu-yoneticilerinin-yeni-maaslari-resmilesti\/"},"modified":"2025-05-30T19:42:17","modified_gmt":"2025-05-30T16:42:17","slug":"kamu-yoneticilerinin-yeni-maaslari-resmilesti","status":"publish","type":"post","link":"https:\/\/denizcankizil.tr\/uk\/haberler\/gundem\/kamu-yoneticilerinin-yeni-maaslari-resmilesti\/","title":{"rendered":"Kamu y\u00f6neticilerinin yeni maa\u015flar\u0131 &#8216;Resmi&#8217;le\u015fti!"},"content":{"rendered":"<p>Baz\u0131 kamu kurum ve kurulu\u015flar\u0131nda g\u00f6rev yapan y\u00f6netim, denetim ve tasfiye kurulu \u00fcyeleri ile s\u00f6zle\u015fmeli ve kapsam d\u0131\u015f\u0131 personelin taban ve tavan \u00fccretleri, Cumhurba\u015fkan\u0131 Karar\u0131 ile yeniden d\u00fczenlendi. Karar, bug\u00fcnk\u00fc Resmi Gazete\u2019de yay\u0131mland\u0131.Kamu Kurumlar\u0131nda Y\u00f6netim ve Denetim Kurulu \u00dcyeleri ile S\u00f6zle\u015fmeli Personelin \u00dccretleri Belirlendi<br \/>\nANKARA (\u0130GFA) &#8211; Bug\u00fcnk\u00fc Resmi Gazete\u2019de yay\u0131mlanan Cumhurba\u015fkan\u0131 Karar\u0131\u2019na g\u00f6re, BOTA\u015e, TPAO, TEMSAN ve \u0130ller Bankas\u0131 A.\u015e. gibi kamu kurumlar\u0131nda g\u00f6rev yapan y\u00f6netim, denetim ve tasfiye kurulu \u00fcyeleri ile s\u00f6zle\u015fmeli ve kapsam d\u0131\u015f\u0131 personelin \u00fccret s\u0131n\u0131rlar\u0131 belirlendi.<br \/>\nBuna g\u00f6re, kamu iktisadi te\u015febb\u00fcsleri (K\u0130T) ve ba\u011fl\u0131 kurulu\u015flarda g\u00f6rev yapan y\u00f6netim kurulu ba\u015fkan ve \u00fcyeleri, denetim kurulu \u00fcyeleri, tasfiye kurulu \u00fcyeleri ile s\u00f6zle\u015fmeli ve kapsam d\u0131\u015f\u0131 personeli kapsayan d\u00fczenleme ile \u00fccretlerin taban ve tavan s\u0131n\u0131rlar\u0131 belirlendi. Birden fazla kurulu\u015fta g\u00f6rev alan personelin yaln\u0131zca bir g\u00f6rev i\u00e7in \u00fccret alaca\u011f\u0131 belirtildi.<\/p>\n<p>Kamu personelinin mali haklar\u0131n\u0131 d\u00fczenleyen \u00f6nemli bir ad\u0131m olarak de\u011ferlendirilen karar, 15 Ocak 2025\u2019ten itibaren ge\u00e7erli olmak \u00fczere y\u00fcr\u00fcrl\u00fc\u011fe girdi.<\/p>\n<p>\u200bBaz\u0131 kamu kurum ve kurulu\u015flar\u0131nda g\u00f6rev yapan y\u00f6netim, denetim ve tasfiye kurulu \u00fcyeleri ile s\u00f6zle\u015fmeli ve kapsam d\u0131\u015f\u0131 personelin taban ve tavan \u00fccretleri, Cumhurba\u015fkan\u0131 Karar\u0131 ile yeniden d\u00fczenlendi. Karar, bug\u00fcnk\u00fc Resmi Gazete\u2019de yay\u0131mland\u0131.Kamu Kurumlar\u0131nda Y\u00f6netim ve Denetim Kurulu \u00dcyeleri ile S\u00f6zle\u015fmeli Personelin \u00dccretleri Belirlendi<br \/>\nANKARA (\u0130GFA) &#8211; Bug\u00fcnk\u00fc Resmi Gazete\u2019de yay\u0131mlanan Cumhurba\u015fkan\u0131 Karar\u0131\u2019na g\u00f6re, BOTA\u015e, TPAO, TEMSAN ve \u0130ller Bankas\u0131 A.\u015e. gibi kamu kurumlar\u0131nda g\u00f6rev yapan y\u00f6netim, denetim ve tasfiye kurulu \u00fcyeleri ile s\u00f6zle\u015fmeli ve kapsam d\u0131\u015f\u0131 personelin \u00fccret s\u0131n\u0131rlar\u0131 belirlendi.<br \/>\nBuna g\u00f6re, kamu iktisadi te\u015febb\u00fcsleri (K\u0130T) ve ba\u011fl\u0131 kurulu\u015flarda g\u00f6rev yapan y\u00f6netim kurulu ba\u015fkan ve \u00fcyeleri, denetim kurulu \u00fcyeleri, tasfiye kurulu \u00fcyeleri ile s\u00f6zle\u015fmeli ve kapsam d\u0131\u015f\u0131 personeli kapsayan d\u00fczenleme ile \u00fccretlerin taban ve tavan s\u0131n\u0131rlar\u0131 belirlendi. Birden fazla kurulu\u015fta g\u00f6rev alan personelin yaln\u0131zca bir g\u00f6rev i\u00e7in \u00fccret alaca\u011f\u0131 belirtildi.<\/p>\n<p>Kamu personelinin mali haklar\u0131n\u0131 d\u00fczenleyen \u00f6nemli bir ad\u0131m olarak de\u011ferlendirilen karar, 15 Ocak 2025\u2019ten itibaren ge\u00e7erli olmak \u00fczere y\u00fcr\u00fcrl\u00fc\u011fe girdi.\u00a0<\/p>\n<p>\u200bHaberin Al\u0131nt\u0131land\u0131\u011f\u0131 Kaynak: www.iskenderun.org<\/p>","protected":false},"excerpt":{"rendered":"<p>Baz\u0131 kamu kurum ve kurulu\u015flar\u0131nda g\u00f6rev yapan y\u00f6netim, denetim ve tasfiye kurulu \u00fcyeleri ile s\u00f6zle\u015fmeli ve kapsam d\u0131\u015f\u0131 personelin taban ve tavan \u00fccretleri, Cumhurba\u015fkan\u0131 Karar\u0131 ile yeniden d\u00fczenlendi. Karar, bug\u00fcnk\u00fc Resmi Gazete\u2019de yay\u0131mland\u0131.Kamu Kurumlar\u0131nda Y\u00f6netim ve Denetim Kurulu \u00dcyeleri ile S\u00f6zle\u015fmeli Personelin \u00dccretleri Belirlendi ANKARA (\u0130GFA) &#8211; Bug\u00fcnk\u00fc Resmi Gazete\u2019de yay\u0131mlanan Cumhurba\u015fkan\u0131 Karar\u0131\u2019na g\u00f6re, BOTA\u015e, TPAO, TEMSAN ve \u0130ller Bankas\u0131 A.\u015e. gibi kamu kurumlar\u0131nda g\u00f6rev yapan y\u00f6netim, denetim ve tasfiye kurulu \u00fcyeleri ile s\u00f6zle\u015fmeli ve kapsam d\u0131\u015f\u0131 personelin \u00fccret s\u0131n\u0131rlar\u0131 belirlendi. Buna g\u00f6re, kamu iktisadi te\u015febb\u00fcsleri (K\u0130T) ve ba\u011fl\u0131 kurulu\u015flarda g\u00f6rev yapan y\u00f6netim kurulu ba\u015fkan ve \u00fcyeleri, denetim kurulu \u00fcyeleri, tasfiye kurulu \u00fcyeleri ile s\u00f6zle\u015fmeli ve kapsam d\u0131\u015f\u0131 personeli kapsayan d\u00fczenleme ile \u00fccretlerin taban ve tavan s\u0131n\u0131rlar\u0131 belirlendi. Birden fazla kurulu\u015fta g\u00f6rev alan personelin yaln\u0131zca bir g\u00f6rev i\u00e7in \u00fccret alaca\u011f\u0131 belirtildi. Kamu personelinin mali haklar\u0131n\u0131 d\u00fczenleyen \u00f6nemli bir ad\u0131m olarak de\u011ferlendirilen karar, 15 Ocak 2025\u2019ten itibaren ge\u00e7erli olmak \u00fczere y\u00fcr\u00fcrl\u00fc\u011fe girdi. \u200bBaz\u0131 kamu kurum ve kurulu\u015flar\u0131nda g\u00f6rev yapan y\u00f6netim, denetim ve tasfiye kurulu \u00fcyeleri ile s\u00f6zle\u015fmeli ve kapsam d\u0131\u015f\u0131 personelin taban ve tavan \u00fccretleri, Cumhurba\u015fkan\u0131 Karar\u0131 ile yeniden d\u00fczenlendi. Karar, bug\u00fcnk\u00fc Resmi Gazete\u2019de yay\u0131mland\u0131.Kamu Kurumlar\u0131nda Y\u00f6netim ve Denetim Kurulu \u00dcyeleri ile S\u00f6zle\u015fmeli Personelin \u00dccretleri Belirlendi ANKARA (\u0130GFA) &#8211; Bug\u00fcnk\u00fc Resmi &hellip;<\/p>","protected":false},"author":1,"featured_media":0,"comment_status":"","ping_status":"open","sticky":false,"template":"","format":"standard","meta":{"_acf_changed":false,"footnotes":""},"categories":[24],"tags":[],"class_list":["post-101956","post","type-post","status-publish","format-standard","has-post-thumbnail","hentry","category-gundem"],"acf":[],"yoast_head":"<!-- This site is optimized with the Yoast SEO Premium plugin v26.6 (Yoast SEO v27.1.1) - https:\/\/yoast.com\/product\/yoast-seo-premium-wordpress\/ -->\n<title>Kamu y\u00f6neticilerinin yeni maa\u015flar\u0131 &#039;Resmi&#039;le\u015fti! - Av. Deniz Can K\u0131z\u0131l<\/title>\n<meta name=\"robots\" content=\"index, follow, max-snippet:-1, max-image-preview:large, max-video-preview:-1\" \/>\n<link rel=\"canonical\" href=\"https:\/\/denizcankizil.tr\/uk\/haberler\/gundem\/kamu-yoneticilerinin-yeni-maaslari-resmilesti\/\" \/>\n<meta property=\"og:locale\" content=\"uk_UA\" \/>\n<meta property=\"og:type\" content=\"article\" \/>\n<meta property=\"og:title\" content=\"Kamu y\u00f6neticilerinin yeni maa\u015flar\u0131 &#039;Resmi&#039;le\u015fti!\" \/>\n<meta property=\"og:description\" content=\"Baz\u0131 kamu kurum ve kurulu\u015flar\u0131nda g\u00f6rev yapan y\u00f6netim, denetim ve tasfiye kurulu \u00fcyeleri ile s\u00f6zle\u015fmeli ve kapsam d\u0131\u015f\u0131 personelin taban ve tavan \u00fccretleri, Cumhurba\u015fkan\u0131 Karar\u0131 ile yeniden d\u00fczenlendi. Karar, bug\u00fcnk\u00fc Resmi Gazete\u2019de yay\u0131mland\u0131.Kamu Kurumlar\u0131nda Y\u00f6netim ve Denetim Kurulu \u00dcyeleri ile S\u00f6zle\u015fmeli Personelin \u00dccretleri Belirlendi ANKARA (\u0130GFA) &#8211; Bug\u00fcnk\u00fc Resmi Gazete\u2019de yay\u0131mlanan Cumhurba\u015fkan\u0131 Karar\u0131\u2019na g\u00f6re, BOTA\u015e, TPAO, TEMSAN ve \u0130ller Bankas\u0131 A.\u015e. gibi kamu kurumlar\u0131nda g\u00f6rev yapan y\u00f6netim, denetim ve tasfiye kurulu \u00fcyeleri ile s\u00f6zle\u015fmeli ve kapsam d\u0131\u015f\u0131 personelin \u00fccret s\u0131n\u0131rlar\u0131 belirlendi. Buna g\u00f6re, kamu iktisadi te\u015febb\u00fcsleri (K\u0130T) ve ba\u011fl\u0131 kurulu\u015flarda g\u00f6rev yapan y\u00f6netim kurulu ba\u015fkan ve \u00fcyeleri, denetim kurulu \u00fcyeleri, tasfiye kurulu \u00fcyeleri ile s\u00f6zle\u015fmeli ve kapsam d\u0131\u015f\u0131 personeli kapsayan d\u00fczenleme ile \u00fccretlerin taban ve tavan s\u0131n\u0131rlar\u0131 belirlendi. Birden fazla kurulu\u015fta g\u00f6rev alan personelin yaln\u0131zca bir g\u00f6rev i\u00e7in \u00fccret alaca\u011f\u0131 belirtildi. Kamu personelinin mali haklar\u0131n\u0131 d\u00fczenleyen \u00f6nemli bir ad\u0131m olarak de\u011ferlendirilen karar, 15 Ocak 2025\u2019ten itibaren ge\u00e7erli olmak \u00fczere y\u00fcr\u00fcrl\u00fc\u011fe girdi. \u200bBaz\u0131 kamu kurum ve kurulu\u015flar\u0131nda g\u00f6rev yapan y\u00f6netim, denetim ve tasfiye kurulu \u00fcyeleri ile s\u00f6zle\u015fmeli ve kapsam d\u0131\u015f\u0131 personelin taban ve tavan \u00fccretleri, Cumhurba\u015fkan\u0131 Karar\u0131 ile yeniden d\u00fczenlendi. Karar, bug\u00fcnk\u00fc Resmi Gazete\u2019de yay\u0131mland\u0131.Kamu Kurumlar\u0131nda Y\u00f6netim ve Denetim Kurulu \u00dcyeleri ile S\u00f6zle\u015fmeli Personelin \u00dccretleri Belirlendi ANKARA (\u0130GFA) &#8211; Bug\u00fcnk\u00fc Resmi &hellip;\" \/>\n<meta property=\"og:url\" content=\"https:\/\/denizcankizil.tr\/uk\/haberler\/gundem\/kamu-yoneticilerinin-yeni-maaslari-resmilesti\/\" \/>\n<meta property=\"og:site_name\" content=\"Av. Deniz Can K\u0131z\u0131l\" \/>\n<meta property=\"article:published_time\" content=\"2025-05-30T16:42:17+00:00\" \/>\n<meta name=\"author\" content=\"admin\" \/>\n<meta name=\"twitter:card\" content=\"summary_large_image\" \/>\n<meta name=\"twitter:label1\" content=\"\u041d\u0430\u043f\u0438\u0441\u0430\u043d\u043e\" \/>\n\t<meta name=\"twitter:data1\" content=\"admin\" \/>\n\t<meta name=\"twitter:label2\" content=\"\u041f\u0440\u0438\u0431\u043b. \u0447\u0430\u0441 \u0447\u0438\u0442\u0430\u043d\u043d\u044f\" \/>\n\t<meta name=\"twitter:data2\" content=\"2 \u0445\u0432\u0438\u043b\u0438\u043d\u0438\" \/>\n<script type=\"application\/ld+json\" class=\"yoast-schema-graph\">{\"@context\":\"https:\/\/schema.org\",\"@graph\":[{\"@type\":\"Article\",\"@id\":\"https:\/\/denizcankizil.tr\/en\/haberler\/gundem\/kamu-yoneticilerinin-yeni-maaslari-resmilesti\/#article\",\"isPartOf\":{\"@id\":\"https:\/\/denizcankizil.tr\/en\/haberler\/gundem\/kamu-yoneticilerinin-yeni-maaslari-resmilesti\/\"},\"author\":{\"name\":\"admin\",\"@id\":\"https:\/\/denizcankizil.tr\/#\/schema\/person\/be3c05fe6a12686905512445d8185489\"},\"headline\":\"Kamu y\u00f6neticilerinin yeni maa\u015flar\u0131 &#8216;Resmi&#8217;le\u015fti!\",\"datePublished\":\"2025-05-30T16:42:17+00:00\",\"mainEntityOfPage\":{\"@id\":\"https:\/\/denizcankizil.tr\/en\/haberler\/gundem\/kamu-yoneticilerinin-yeni-maaslari-resmilesti\/\"},\"wordCount\":429,\"publisher\":{\"@id\":\"https:\/\/denizcankizil.tr\/#organization\"},\"articleSection\":[\"G\u00fcndem\"],\"inLanguage\":\"uk\"},{\"@type\":\"WebPage\",\"@id\":\"https:\/\/denizcankizil.tr\/en\/haberler\/gundem\/kamu-yoneticilerinin-yeni-maaslari-resmilesti\/\",\"url\":\"https:\/\/denizcankizil.tr\/en\/haberler\/gundem\/kamu-yoneticilerinin-yeni-maaslari-resmilesti\/\",\"name\":\"Kamu y\u00f6neticilerinin yeni maa\u015flar\u0131 'Resmi'le\u015fti! - Av. Deniz Can K\u0131z\u0131l\",\"isPartOf\":{\"@id\":\"https:\/\/denizcankizil.tr\/#website\"},\"datePublished\":\"2025-05-30T16:42:17+00:00\",\"breadcrumb\":{\"@id\":\"https:\/\/denizcankizil.tr\/en\/haberler\/gundem\/kamu-yoneticilerinin-yeni-maaslari-resmilesti\/#breadcrumb\"},\"inLanguage\":\"uk\",\"potentialAction\":[{\"@type\":\"ReadAction\",\"target\":[\"https:\/\/denizcankizil.tr\/en\/haberler\/gundem\/kamu-yoneticilerinin-yeni-maaslari-resmilesti\/\"]}]},{\"@type\":\"BreadcrumbList\",\"@id\":\"https:\/\/denizcankizil.tr\/en\/haberler\/gundem\/kamu-yoneticilerinin-yeni-maaslari-resmilesti\/#breadcrumb\",\"itemListElement\":[{\"@type\":\"ListItem\",\"position\":1,\"name\":\"Home\",\"item\":\"https:\/\/denizcankizil.tr\/uk\/\"},{\"@type\":\"ListItem\",\"position\":2,\"name\":\"Kamu y\u00f6neticilerinin yeni maa\u015flar\u0131 &#8216;Resmi&#8217;le\u015fti!\"}]},{\"@type\":\"WebSite\",\"@id\":\"https:\/\/denizcankizil.tr\/#website\",\"url\":\"https:\/\/denizcankizil.tr\/\",\"name\":\"Av. Deniz Can K\u0131z\u0131l\",\"description\":\"Avukat Deniz Can K\u0131z\u0131l Antalya Barosu\",\"publisher\":{\"@id\":\"https:\/\/denizcankizil.tr\/#organization\"},\"potentialAction\":[{\"@type\":\"SearchAction\",\"target\":{\"@type\":\"EntryPoint\",\"urlTemplate\":\"https:\/\/denizcankizil.tr\/?s={search_term_string}\"},\"query-input\":{\"@type\":\"PropertyValueSpecification\",\"valueRequired\":true,\"valueName\":\"search_term_string\"}}],\"inLanguage\":\"uk\"},{\"@type\":\"Organization\",\"@id\":\"https:\/\/denizcankizil.tr\/#organization\",\"name\":\"Av. Deniz Can K\u0131z\u0131l\",\"url\":\"https:\/\/denizcankizil.tr\/\",\"logo\":{\"@type\":\"ImageObject\",\"inLanguage\":\"uk\",\"@id\":\"https:\/\/denizcankizil.tr\/#\/schema\/logo\/image\/\",\"url\":\"https:\/\/denizcankizil.tr\/wp-content\/uploads\/2024\/10\/siyah-logo-svg.svg\",\"contentUrl\":\"https:\/\/denizcankizil.tr\/wp-content\/uploads\/2024\/10\/siyah-logo-svg.svg\",\"width\":1080,\"height\":1080,\"caption\":\"Av. Deniz Can K\u0131z\u0131l\"},\"image\":{\"@id\":\"https:\/\/denizcankizil.tr\/#\/schema\/logo\/image\/\"}},{\"@type\":\"Person\",\"@id\":\"https:\/\/denizcankizil.tr\/#\/schema\/person\/be3c05fe6a12686905512445d8185489\",\"name\":\"admin\",\"image\":{\"@type\":\"ImageObject\",\"inLanguage\":\"uk\",\"@id\":\"https:\/\/denizcankizil.tr\/#\/schema\/person\/image\/\",\"url\":\"https:\/\/secure.gravatar.com\/avatar\/c1fce94c830dc79107e174f890d7210541c4a63e8e5d816341794a2151c9d58c?s=96&d=mm&r=g\",\"contentUrl\":\"https:\/\/secure.gravatar.com\/avatar\/c1fce94c830dc79107e174f890d7210541c4a63e8e5d816341794a2151c9d58c?s=96&d=mm&r=g\",\"caption\":\"admin\"},\"sameAs\":[\"http:\/\/denizcankizil.tr\"],\"url\":\"https:\/\/www.iskenderun.org\/kamu-yoneticilerinin-yeni-maaslari-resmilesti\"}]}<\/script>\n<!-- \/ Yoast SEO Premium plugin. -->","yoast_head_json":{"title":"Kamu y\u00f6neticilerinin yeni maa\u015flar\u0131 'Resmi'le\u015fti! - Av. Deniz Can K\u0131z\u0131l","robots":{"index":"index","follow":"follow","max-snippet":"max-snippet:-1","max-image-preview":"max-image-preview:large","max-video-preview":"max-video-preview:-1"},"canonical":"https:\/\/denizcankizil.tr\/uk\/haberler\/gundem\/kamu-yoneticilerinin-yeni-maaslari-resmilesti\/","og_locale":"uk_UA","og_type":"article","og_title":"Kamu y\u00f6neticilerinin yeni maa\u015flar\u0131 'Resmi'le\u015fti!","og_description":"Baz\u0131 kamu kurum ve kurulu\u015flar\u0131nda g\u00f6rev yapan y\u00f6netim, denetim ve tasfiye kurulu \u00fcyeleri ile s\u00f6zle\u015fmeli ve kapsam d\u0131\u015f\u0131 personelin taban ve tavan \u00fccretleri, Cumhurba\u015fkan\u0131 Karar\u0131 ile yeniden d\u00fczenlendi. Karar, bug\u00fcnk\u00fc Resmi Gazete\u2019de yay\u0131mland\u0131.Kamu Kurumlar\u0131nda Y\u00f6netim ve Denetim Kurulu \u00dcyeleri ile S\u00f6zle\u015fmeli Personelin \u00dccretleri Belirlendi ANKARA (\u0130GFA) &#8211; Bug\u00fcnk\u00fc Resmi Gazete\u2019de yay\u0131mlanan Cumhurba\u015fkan\u0131 Karar\u0131\u2019na g\u00f6re, BOTA\u015e, TPAO, TEMSAN ve \u0130ller Bankas\u0131 A.\u015e. gibi kamu kurumlar\u0131nda g\u00f6rev yapan y\u00f6netim, denetim ve tasfiye kurulu \u00fcyeleri ile s\u00f6zle\u015fmeli ve kapsam d\u0131\u015f\u0131 personelin \u00fccret s\u0131n\u0131rlar\u0131 belirlendi. Buna g\u00f6re, kamu iktisadi te\u015febb\u00fcsleri (K\u0130T) ve ba\u011fl\u0131 kurulu\u015flarda g\u00f6rev yapan y\u00f6netim kurulu ba\u015fkan ve \u00fcyeleri, denetim kurulu \u00fcyeleri, tasfiye kurulu \u00fcyeleri ile s\u00f6zle\u015fmeli ve kapsam d\u0131\u015f\u0131 personeli kapsayan d\u00fczenleme ile \u00fccretlerin taban ve tavan s\u0131n\u0131rlar\u0131 belirlendi. Birden fazla kurulu\u015fta g\u00f6rev alan personelin yaln\u0131zca bir g\u00f6rev i\u00e7in \u00fccret alaca\u011f\u0131 belirtildi. Kamu personelinin mali haklar\u0131n\u0131 d\u00fczenleyen \u00f6nemli bir ad\u0131m olarak de\u011ferlendirilen karar, 15 Ocak 2025\u2019ten itibaren ge\u00e7erli olmak \u00fczere y\u00fcr\u00fcrl\u00fc\u011fe girdi. \u200bBaz\u0131 kamu kurum ve kurulu\u015flar\u0131nda g\u00f6rev yapan y\u00f6netim, denetim ve tasfiye kurulu \u00fcyeleri ile s\u00f6zle\u015fmeli ve kapsam d\u0131\u015f\u0131 personelin taban ve tavan \u00fccretleri, Cumhurba\u015fkan\u0131 Karar\u0131 ile yeniden d\u00fczenlendi. Karar, bug\u00fcnk\u00fc Resmi Gazete\u2019de yay\u0131mland\u0131.Kamu Kurumlar\u0131nda Y\u00f6netim ve Denetim Kurulu \u00dcyeleri ile S\u00f6zle\u015fmeli Personelin \u00dccretleri Belirlendi ANKARA (\u0130GFA) &#8211; Bug\u00fcnk\u00fc Resmi &hellip;","og_url":"https:\/\/denizcankizil.tr\/uk\/haberler\/gundem\/kamu-yoneticilerinin-yeni-maaslari-resmilesti\/","og_site_name":"Av. Deniz Can K\u0131z\u0131l","article_published_time":"2025-05-30T16:42:17+00:00","author":"admin","twitter_card":"summary_large_image","twitter_misc":{"\u041d\u0430\u043f\u0438\u0441\u0430\u043d\u043e":"admin","\u041f\u0440\u0438\u0431\u043b. \u0447\u0430\u0441 \u0447\u0438\u0442\u0430\u043d\u043d\u044f":"2 \u0445\u0432\u0438\u043b\u0438\u043d\u0438"},"schema":{"@context":"https:\/\/schema.org","@graph":[{"@type":"Article","@id":"https:\/\/denizcankizil.tr\/en\/haberler\/gundem\/kamu-yoneticilerinin-yeni-maaslari-resmilesti\/#article","isPartOf":{"@id":"https:\/\/denizcankizil.tr\/en\/haberler\/gundem\/kamu-yoneticilerinin-yeni-maaslari-resmilesti\/"},"author":{"name":"admin","@id":"https:\/\/denizcankizil.tr\/#\/schema\/person\/be3c05fe6a12686905512445d8185489"},"headline":"Kamu y\u00f6neticilerinin yeni maa\u015flar\u0131 &#8216;Resmi&#8217;le\u015fti!","datePublished":"2025-05-30T16:42:17+00:00","mainEntityOfPage":{"@id":"https:\/\/denizcankizil.tr\/en\/haberler\/gundem\/kamu-yoneticilerinin-yeni-maaslari-resmilesti\/"},"wordCount":429,"publisher":{"@id":"https:\/\/denizcankizil.tr\/#organization"},"articleSection":["G\u00fcndem"],"inLanguage":"uk"},{"@type":"WebPage","@id":"https:\/\/denizcankizil.tr\/en\/haberler\/gundem\/kamu-yoneticilerinin-yeni-maaslari-resmilesti\/","url":"https:\/\/denizcankizil.tr\/en\/haberler\/gundem\/kamu-yoneticilerinin-yeni-maaslari-resmilesti\/","name":"Kamu y\u00f6neticilerinin yeni maa\u015flar\u0131 'Resmi'le\u015fti! - Av. Deniz Can K\u0131z\u0131l","isPartOf":{"@id":"https:\/\/denizcankizil.tr\/#website"},"datePublished":"2025-05-30T16:42:17+00:00","breadcrumb":{"@id":"https:\/\/denizcankizil.tr\/en\/haberler\/gundem\/kamu-yoneticilerinin-yeni-maaslari-resmilesti\/#breadcrumb"},"inLanguage":"uk","potentialAction":[{"@type":"ReadAction","target":["https:\/\/denizcankizil.tr\/en\/haberler\/gundem\/kamu-yoneticilerinin-yeni-maaslari-resmilesti\/"]}]},{"@type":"BreadcrumbList","@id":"https:\/\/denizcankizil.tr\/en\/haberler\/gundem\/kamu-yoneticilerinin-yeni-maaslari-resmilesti\/#breadcrumb","itemListElement":[{"@type":"ListItem","position":1,"name":"Home","item":"https:\/\/denizcankizil.tr\/uk\/"},{"@type":"ListItem","position":2,"name":"Kamu y\u00f6neticilerinin yeni maa\u015flar\u0131 &#8216;Resmi&#8217;le\u015fti!"}]},{"@type":"WebSite","@id":"https:\/\/denizcankizil.tr\/#website","url":"https:\/\/denizcankizil.tr\/","name":"Av. Deniz Can K\u0131z\u0131l","description":"Avukat Deniz Can K\u0131z\u0131l Antalya Barosu","publisher":{"@id":"https:\/\/denizcankizil.tr\/#organization"},"potentialAction":[{"@type":"SearchAction","target":{"@type":"EntryPoint","urlTemplate":"https:\/\/denizcankizil.tr\/?s={search_term_string}"},"query-input":{"@type":"PropertyValueSpecification","valueRequired":true,"valueName":"search_term_string"}}],"inLanguage":"uk"},{"@type":"Organization","@id":"https:\/\/denizcankizil.tr\/#organization","name":"Av. Deniz Can K\u0131z\u0131l","url":"https:\/\/denizcankizil.tr\/","logo":{"@type":"ImageObject","inLanguage":"uk","@id":"https:\/\/denizcankizil.tr\/#\/schema\/logo\/image\/","url":"https:\/\/denizcankizil.tr\/wp-content\/uploads\/2024\/10\/siyah-logo-svg.svg","contentUrl":"https:\/\/denizcankizil.tr\/wp-content\/uploads\/2024\/10\/siyah-logo-svg.svg","width":1080,"height":1080,"caption":"Av. Deniz Can K\u0131z\u0131l"},"image":{"@id":"https:\/\/denizcankizil.tr\/#\/schema\/logo\/image\/"}},{"@type":"Person","@id":"https:\/\/denizcankizil.tr\/#\/schema\/person\/be3c05fe6a12686905512445d8185489","name":"\u0430\u0434\u043c\u0456\u043d","image":{"@type":"ImageObject","inLanguage":"uk","@id":"https:\/\/denizcankizil.tr\/#\/schema\/person\/image\/","url":"https:\/\/secure.gravatar.com\/avatar\/c1fce94c830dc79107e174f890d7210541c4a63e8e5d816341794a2151c9d58c?s=96&d=mm&r=g","contentUrl":"https:\/\/secure.gravatar.com\/avatar\/c1fce94c830dc79107e174f890d7210541c4a63e8e5d816341794a2151c9d58c?s=96&d=mm&r=g","caption":"admin"},"sameAs":["http:\/\/denizcankizil.tr"],"url":"https:\/\/www.iskenderun.org\/kamu-yoneticilerinin-yeni-maaslari-resmilesti"}]}},"_links":{"self":[{"href":"https:\/\/denizcankizil.tr\/uk\/wp-json\/wp\/v2\/posts\/101956","targetHints":{"allow":["GET"]}}],"collection":[{"href":"https:\/\/denizcankizil.tr\/uk\/wp-json\/wp\/v2\/posts"}],"about":[{"href":"https:\/\/denizcankizil.tr\/uk\/wp-json\/wp\/v2\/types\/post"}],"author":[{"embeddable":true,"href":"https:\/\/denizcankizil.tr\/uk\/wp-json\/wp\/v2\/users\/1"}],"replies":[{"embeddable":true,"href":"https:\/\/denizcankizil.tr\/uk\/wp-json\/wp\/v2\/comments?post=101956"}],"version-history":[{"count":0,"href":"https:\/\/denizcankizil.tr\/uk\/wp-json\/wp\/v2\/posts\/101956\/revisions"}],"wp:attachment":[{"href":"https:\/\/denizcankizil.tr\/uk\/wp-json\/wp\/v2\/media?parent=101956"}],"wp:term":[{"taxonomy":"category","embeddable":true,"href":"https:\/\/denizcankizil.tr\/uk\/wp-json\/wp\/v2\/categories?post=101956"},{"taxonomy":"post_tag","embeddable":true,"href":"https:\/\/denizcankizil.tr\/uk\/wp-json\/wp\/v2\/tags?post=101956"}],"curies":[{"name":"wp","href":"https:\/\/api.w.org\/{rel}","templated":true}]}}