{"id":101793,"date":"2025-05-30T16:41:16","date_gmt":"2025-05-30T13:41:16","guid":{"rendered":"https:\/\/denizcankizil.tr\/uncategorized-tr\/gazipasadaki-hortumun-bilancosu-belli-oldu\/"},"modified":"2025-05-30T16:41:16","modified_gmt":"2025-05-30T13:41:16","slug":"gazipasadaki-hortumun-bilancosu-belli-oldu","status":"publish","type":"post","link":"https:\/\/denizcankizil.tr\/uk\/haberler\/antalya\/gazipasadaki-hortumun-bilancosu-belli-oldu\/","title":{"rendered":"Gazipa\u015fa&#8217;daki hortumun bilan\u00e7osu belli oldu"},"content":{"rendered":"<p>Gazipa\u015fa&#8217;da d\u00fcn ak\u015fam saatlerinde meydana gelen hortum, b\u00fcy\u00fck \u00e7apta maddi zarara yol a\u00e7t\u0131. \u015eiddetli r\u00fczg\u00e2rla birlikte etkili olan hortumun yol a\u00e7t\u0131\u011f\u0131 tahribat, sabah saatlerinde net \u015fekilde ortaya \u00e7\u0131kt\u0131. Gazi ve Beyobas\u0131 mahallelerinde etkili olan hortum, \u00e7ok say\u0131da evin \u00e7at\u0131s\u0131n\u0131 u\u00e7ururken, seralar\u0131 da yerle bir etti. Hortumun etkisiyle bir\u00e7ok a\u011fa\u00e7 devrilirken, baz\u0131 yollar k\u0131sa s\u00fcreli ula\u015f\u0131ma kapand\u0131. Olay s\u0131ras\u0131nda b\u00fcy\u00fck korku ya\u015fayan vatanda\u015flar, hortum an\u0131n\u0131 cep telefonlar\u0131yla kaydederken, \u00e7at\u0131s\u0131 u\u00e7an evlere ait g\u00f6r\u00fcnt\u00fcler de kameralara anbean yans\u0131d\u0131.<\/p>\n<p>&#8220;50 \u00fcreticiye ait yakla\u015f\u0131k 100-120 dekar alanda hasar olu\u015ftu&#8221;<br \/>\n\u00d6zellikle \u00f6rt\u00fc alt\u0131 tar\u0131m alanlar\u0131nda ciddi zarar olu\u015ftu\u011funu ve b\u00f6lgede hasar tespit \u00e7al\u0131\u015fmalar\u0131n\u0131n g\u00fcn boyunca devam etti\u011fini dile getiren Gazipa\u015fa il\u00e7e Tar\u0131m M\u00fcd\u00fcr\u00fc Ramazan Bat, &#8220;D\u00fcn ak\u015fam saatlerinde Gazipa\u015fa&#8217;n\u0131n Beyobas\u0131 Mahallesi&#8217;nde hortum afeti meydana geldi. Olaydan sonra b\u00f6lgeye gelip \u00f6n tespitlere ba\u015flad\u0131k. Bug\u00fcn \u00f6\u011flene kadar tespitlerimizi a\u015fa\u011f\u0131 yukar\u0131 tamamlad\u0131k. Yakla\u015f\u0131k \u015fu ana kadar 50 \u00fcreticimizde 100-120 dekar alanda hasar meydana geldi. \u0130l\u00e7e Tar\u0131m M\u00fcd\u00fcrl\u00fc\u011f\u00fcm\u00fcz\u00fcn teknik personelleri \u00e7al\u0131\u015fmalar\u0131na devam ediyor&#8221; ifadelerini kulland\u0131. Hortumdan etkilenen \u00fcreticilerden biri de ya\u015fad\u0131klar\u0131n\u0131 \u015fu s\u00f6zlerle anlatt\u0131:<br \/>\n&#8220;D\u00fcn ak\u015fam saatlerinde d\u0131\u015far\u0131dan bir u\u011fultu duydum. Pencereden bakt\u0131\u011f\u0131mda naylonlar\u0131n ve toz bulutlar\u0131n\u0131n havada u\u00e7u\u015ftu\u011funu g\u00f6rd\u00fcm. Bir \u00e7at\u0131n\u0131n u\u00e7tu\u011funu fark ettim. O esnada her \u015fey birbirine girdi zaten. Seralar\u0131n zarar g\u00f6rd\u00fc\u011f\u00fcne, camlar\u0131n k\u0131r\u0131ld\u0131\u011f\u0131na \u015fahit olduk. Zarar \u00e7ok b\u00fcy\u00fck. Zaten \u00e7ift\u00e7iler zor ge\u00e7iniyordu, \u015fimdi tamamen mahvolduk. Sadece biz de\u011fil, bu b\u00f6lgedeki herkes etkilendi. Devletimizin gerekli yard\u0131mlar\u0131 yapmas\u0131n\u0131 bekliyoruz.&#8221;<\/p>\n<p>Kaynak: www.kanalv.com.tr Haber Sitesinden Al\u0131nm\u0131\u015ft\u0131r.<\/p>","protected":false},"excerpt":{"rendered":"<p>Gazipa\u015fa&#8217;da d\u00fcn ak\u015fam saatlerinde meydana gelen hortum, b\u00fcy\u00fck \u00e7apta maddi zarara yol a\u00e7t\u0131. \u015eiddetli r\u00fczg\u00e2rla birlikte etkili olan hortumun yol a\u00e7t\u0131\u011f\u0131 tahribat, sabah saatlerinde net \u015fekilde ortaya \u00e7\u0131kt\u0131. Gazi ve Beyobas\u0131 mahallelerinde etkili olan hortum, \u00e7ok say\u0131da evin \u00e7at\u0131s\u0131n\u0131 u\u00e7ururken, seralar\u0131 da yerle bir etti. Hortumun etkisiyle bir\u00e7ok a\u011fa\u00e7 devrilirken, baz\u0131 yollar k\u0131sa s\u00fcreli ula\u015f\u0131ma kapand\u0131. Olay s\u0131ras\u0131nda b\u00fcy\u00fck korku ya\u015fayan vatanda\u015flar, hortum an\u0131n\u0131 cep telefonlar\u0131yla kaydederken, \u00e7at\u0131s\u0131 u\u00e7an evlere ait g\u00f6r\u00fcnt\u00fcler de kameralara anbean yans\u0131d\u0131. &#8220;50 \u00fcreticiye ait yakla\u015f\u0131k 100-120 dekar alanda hasar olu\u015ftu&#8221; \u00d6zellikle \u00f6rt\u00fc alt\u0131 tar\u0131m alanlar\u0131nda ciddi zarar olu\u015ftu\u011funu ve b\u00f6lgede hasar tespit \u00e7al\u0131\u015fmalar\u0131n\u0131n g\u00fcn boyunca devam etti\u011fini dile getiren Gazipa\u015fa il\u00e7e Tar\u0131m M\u00fcd\u00fcr\u00fc Ramazan Bat, &#8220;D\u00fcn ak\u015fam saatlerinde Gazipa\u015fa&#8217;n\u0131n Beyobas\u0131 Mahallesi&#8217;nde hortum afeti meydana geldi. Olaydan sonra b\u00f6lgeye gelip \u00f6n tespitlere ba\u015flad\u0131k. Bug\u00fcn \u00f6\u011flene kadar tespitlerimizi a\u015fa\u011f\u0131 yukar\u0131 tamamlad\u0131k. Yakla\u015f\u0131k \u015fu ana kadar 50 \u00fcreticimizde 100-120 dekar alanda hasar meydana geldi. \u0130l\u00e7e Tar\u0131m M\u00fcd\u00fcrl\u00fc\u011f\u00fcm\u00fcz\u00fcn teknik personelleri \u00e7al\u0131\u015fmalar\u0131na devam ediyor&#8221; ifadelerini kulland\u0131. Hortumdan etkilenen \u00fcreticilerden biri de ya\u015fad\u0131klar\u0131n\u0131 \u015fu s\u00f6zlerle anlatt\u0131: &#8220;D\u00fcn ak\u015fam saatlerinde d\u0131\u015far\u0131dan bir u\u011fultu duydum. Pencereden bakt\u0131\u011f\u0131mda naylonlar\u0131n ve toz bulutlar\u0131n\u0131n havada u\u00e7u\u015ftu\u011funu g\u00f6rd\u00fcm. Bir \u00e7at\u0131n\u0131n u\u00e7tu\u011funu fark ettim. O esnada her \u015fey birbirine girdi zaten. Seralar\u0131n zarar g\u00f6rd\u00fc\u011f\u00fcne, camlar\u0131n k\u0131r\u0131ld\u0131\u011f\u0131na \u015fahit olduk. &hellip;<\/p>","protected":false},"author":4,"featured_media":101794,"comment_status":"","ping_status":"open","sticky":false,"template":"","format":"standard","meta":{"_acf_changed":false,"footnotes":""},"categories":[26],"tags":[],"class_list":["post-101793","post","type-post","status-publish","format-standard","has-post-thumbnail","hentry","category-antalya"],"acf":[],"yoast_head":"<!-- This site is optimized with the Yoast SEO Premium plugin v26.6 (Yoast SEO v27.1.1) - https:\/\/yoast.com\/product\/yoast-seo-premium-wordpress\/ -->\n<title>Gazipa\u015fa&#039;daki hortumun bilan\u00e7osu belli oldu - Av. Deniz Can K\u0131z\u0131l<\/title>\n<meta name=\"robots\" content=\"index, follow, max-snippet:-1, max-image-preview:large, max-video-preview:-1\" \/>\n<link rel=\"canonical\" href=\"https:\/\/denizcankizil.tr\/uk\/haberler\/antalya\/gazipasadaki-hortumun-bilancosu-belli-oldu\/\" \/>\n<meta property=\"og:locale\" content=\"uk_UA\" \/>\n<meta property=\"og:type\" content=\"article\" \/>\n<meta property=\"og:title\" content=\"Gazipa\u015fa&#039;daki hortumun bilan\u00e7osu belli oldu\" \/>\n<meta property=\"og:description\" content=\"Gazipa\u015fa&#8217;da d\u00fcn ak\u015fam saatlerinde meydana gelen hortum, b\u00fcy\u00fck \u00e7apta maddi zarara yol a\u00e7t\u0131. \u015eiddetli r\u00fczg\u00e2rla birlikte etkili olan hortumun yol a\u00e7t\u0131\u011f\u0131 tahribat, sabah saatlerinde net \u015fekilde ortaya \u00e7\u0131kt\u0131. Gazi ve Beyobas\u0131 mahallelerinde etkili olan hortum, \u00e7ok say\u0131da evin \u00e7at\u0131s\u0131n\u0131 u\u00e7ururken, seralar\u0131 da yerle bir etti. Hortumun etkisiyle bir\u00e7ok a\u011fa\u00e7 devrilirken, baz\u0131 yollar k\u0131sa s\u00fcreli ula\u015f\u0131ma kapand\u0131. Olay s\u0131ras\u0131nda b\u00fcy\u00fck korku ya\u015fayan vatanda\u015flar, hortum an\u0131n\u0131 cep telefonlar\u0131yla kaydederken, \u00e7at\u0131s\u0131 u\u00e7an evlere ait g\u00f6r\u00fcnt\u00fcler de kameralara anbean yans\u0131d\u0131. &#8220;50 \u00fcreticiye ait yakla\u015f\u0131k 100-120 dekar alanda hasar olu\u015ftu&#8221; \u00d6zellikle \u00f6rt\u00fc alt\u0131 tar\u0131m alanlar\u0131nda ciddi zarar olu\u015ftu\u011funu ve b\u00f6lgede hasar tespit \u00e7al\u0131\u015fmalar\u0131n\u0131n g\u00fcn boyunca devam etti\u011fini dile getiren Gazipa\u015fa il\u00e7e Tar\u0131m M\u00fcd\u00fcr\u00fc Ramazan Bat, &#8220;D\u00fcn ak\u015fam saatlerinde Gazipa\u015fa&#8217;n\u0131n Beyobas\u0131 Mahallesi&#8217;nde hortum afeti meydana geldi. Olaydan sonra b\u00f6lgeye gelip \u00f6n tespitlere ba\u015flad\u0131k. Bug\u00fcn \u00f6\u011flene kadar tespitlerimizi a\u015fa\u011f\u0131 yukar\u0131 tamamlad\u0131k. Yakla\u015f\u0131k \u015fu ana kadar 50 \u00fcreticimizde 100-120 dekar alanda hasar meydana geldi. \u0130l\u00e7e Tar\u0131m M\u00fcd\u00fcrl\u00fc\u011f\u00fcm\u00fcz\u00fcn teknik personelleri \u00e7al\u0131\u015fmalar\u0131na devam ediyor&#8221; ifadelerini kulland\u0131. Hortumdan etkilenen \u00fcreticilerden biri de ya\u015fad\u0131klar\u0131n\u0131 \u015fu s\u00f6zlerle anlatt\u0131: &#8220;D\u00fcn ak\u015fam saatlerinde d\u0131\u015far\u0131dan bir u\u011fultu duydum. Pencereden bakt\u0131\u011f\u0131mda naylonlar\u0131n ve toz bulutlar\u0131n\u0131n havada u\u00e7u\u015ftu\u011funu g\u00f6rd\u00fcm. Bir \u00e7at\u0131n\u0131n u\u00e7tu\u011funu fark ettim. O esnada her \u015fey birbirine girdi zaten. Seralar\u0131n zarar g\u00f6rd\u00fc\u011f\u00fcne, camlar\u0131n k\u0131r\u0131ld\u0131\u011f\u0131na \u015fahit olduk. &hellip;\" \/>\n<meta property=\"og:url\" content=\"https:\/\/denizcankizil.tr\/uk\/haberler\/antalya\/gazipasadaki-hortumun-bilancosu-belli-oldu\/\" \/>\n<meta property=\"og:site_name\" content=\"Av. Deniz Can K\u0131z\u0131l\" \/>\n<meta property=\"article:published_time\" content=\"2025-05-30T13:41:16+00:00\" \/>\n<meta property=\"og:image\" content=\"https:\/\/denizcankizil.tr\/wp-content\/uploads\/2025\/05\/6632-01-uTlQdZ.jpg\" \/>\n\t<meta property=\"og:image:width\" content=\"1280\" \/>\n\t<meta property=\"og:image:height\" content=\"720\" \/>\n\t<meta property=\"og:image:type\" content=\"image\/jpeg\" \/>\n<meta name=\"author\" content=\"Av. Deniz Can K\u0131z\u0131l\" \/>\n<meta name=\"twitter:card\" content=\"summary_large_image\" \/>\n<meta name=\"twitter:label1\" content=\"\u041d\u0430\u043f\u0438\u0441\u0430\u043d\u043e\" \/>\n\t<meta name=\"twitter:data1\" content=\"Av. Deniz Can K\u0131z\u0131l\" \/>\n\t<meta name=\"twitter:label2\" content=\"\u041f\u0440\u0438\u0431\u043b. \u0447\u0430\u0441 \u0447\u0438\u0442\u0430\u043d\u043d\u044f\" \/>\n\t<meta name=\"twitter:data2\" content=\"2 \u0445\u0432\u0438\u043b\u0438\u043d\u0438\" \/>\n<script type=\"application\/ld+json\" class=\"yoast-schema-graph\">{\"@context\":\"https:\/\/schema.org\",\"@graph\":[{\"@type\":\"Article\",\"@id\":\"https:\/\/denizcankizil.tr\/uk\/haberler\/antalya\/gazipasadaki-hortumun-bilancosu-belli-oldu\/#article\",\"isPartOf\":{\"@id\":\"https:\/\/denizcankizil.tr\/uk\/haberler\/antalya\/gazipasadaki-hortumun-bilancosu-belli-oldu\/\"},\"author\":{\"name\":\"Av. Deniz Can K\u0131z\u0131l\",\"@id\":\"https:\/\/denizcankizil.tr\/#\/schema\/person\/5dc1b22991bd7ac833867c10afc9b0ff\"},\"headline\":\"Gazipa\u015fa&#8217;daki hortumun bilan\u00e7osu belli oldu\",\"datePublished\":\"2025-05-30T13:41:16+00:00\",\"mainEntityOfPage\":{\"@id\":\"https:\/\/denizcankizil.tr\/uk\/haberler\/antalya\/gazipasadaki-hortumun-bilancosu-belli-oldu\/\"},\"wordCount\":348,\"publisher\":{\"@id\":\"https:\/\/denizcankizil.tr\/#organization\"},\"image\":{\"@id\":\"https:\/\/denizcankizil.tr\/uk\/haberler\/antalya\/gazipasadaki-hortumun-bilancosu-belli-oldu\/#primaryimage\"},\"thumbnailUrl\":\"https:\/\/denizcankizil.tr\/wp-content\/uploads\/2025\/05\/6632-01-uTlQdZ.jpg\",\"articleSection\":[\"Antalya\"],\"inLanguage\":\"uk\"},{\"@type\":\"WebPage\",\"@id\":\"https:\/\/denizcankizil.tr\/uk\/haberler\/antalya\/gazipasadaki-hortumun-bilancosu-belli-oldu\/\",\"url\":\"https:\/\/denizcankizil.tr\/uk\/haberler\/antalya\/gazipasadaki-hortumun-bilancosu-belli-oldu\/\",\"name\":\"Gazipa\u015fa'daki hortumun bilan\u00e7osu belli oldu - Av. Deniz Can K\u0131z\u0131l\",\"isPartOf\":{\"@id\":\"https:\/\/denizcankizil.tr\/#website\"},\"primaryImageOfPage\":{\"@id\":\"https:\/\/denizcankizil.tr\/uk\/haberler\/antalya\/gazipasadaki-hortumun-bilancosu-belli-oldu\/#primaryimage\"},\"image\":{\"@id\":\"https:\/\/denizcankizil.tr\/uk\/haberler\/antalya\/gazipasadaki-hortumun-bilancosu-belli-oldu\/#primaryimage\"},\"thumbnailUrl\":\"https:\/\/denizcankizil.tr\/wp-content\/uploads\/2025\/05\/6632-01-uTlQdZ.jpg\",\"datePublished\":\"2025-05-30T13:41:16+00:00\",\"breadcrumb\":{\"@id\":\"https:\/\/denizcankizil.tr\/uk\/haberler\/antalya\/gazipasadaki-hortumun-bilancosu-belli-oldu\/#breadcrumb\"},\"inLanguage\":\"uk\",\"potentialAction\":[{\"@type\":\"ReadAction\",\"target\":[\"https:\/\/denizcankizil.tr\/uk\/haberler\/antalya\/gazipasadaki-hortumun-bilancosu-belli-oldu\/\"]}]},{\"@type\":\"ImageObject\",\"inLanguage\":\"uk\",\"@id\":\"https:\/\/denizcankizil.tr\/uk\/haberler\/antalya\/gazipasadaki-hortumun-bilancosu-belli-oldu\/#primaryimage\",\"url\":\"https:\/\/denizcankizil.tr\/wp-content\/uploads\/2025\/05\/6632-01-uTlQdZ.jpg\",\"contentUrl\":\"https:\/\/denizcankizil.tr\/wp-content\/uploads\/2025\/05\/6632-01-uTlQdZ.jpg\",\"width\":1280,\"height\":720},{\"@type\":\"BreadcrumbList\",\"@id\":\"https:\/\/denizcankizil.tr\/uk\/haberler\/antalya\/gazipasadaki-hortumun-bilancosu-belli-oldu\/#breadcrumb\",\"itemListElement\":[{\"@type\":\"ListItem\",\"position\":1,\"name\":\"Home\",\"item\":\"https:\/\/denizcankizil.tr\/de\/\"},{\"@type\":\"ListItem\",\"position\":2,\"name\":\"Gazipa\u015fa&#8217;daki hortumun bilan\u00e7osu belli oldu\"}]},{\"@type\":\"WebSite\",\"@id\":\"https:\/\/denizcankizil.tr\/#website\",\"url\":\"https:\/\/denizcankizil.tr\/\",\"name\":\"Av. Deniz Can K\u0131z\u0131l\",\"description\":\"Avukat Deniz Can K\u0131z\u0131l Antalya Barosu\",\"publisher\":{\"@id\":\"https:\/\/denizcankizil.tr\/#organization\"},\"potentialAction\":[{\"@type\":\"SearchAction\",\"target\":{\"@type\":\"EntryPoint\",\"urlTemplate\":\"https:\/\/denizcankizil.tr\/?s={search_term_string}\"},\"query-input\":{\"@type\":\"PropertyValueSpecification\",\"valueRequired\":true,\"valueName\":\"search_term_string\"}}],\"inLanguage\":\"uk\"},{\"@type\":\"Organization\",\"@id\":\"https:\/\/denizcankizil.tr\/#organization\",\"name\":\"Av. Deniz Can K\u0131z\u0131l\",\"url\":\"https:\/\/denizcankizil.tr\/\",\"logo\":{\"@type\":\"ImageObject\",\"inLanguage\":\"uk\",\"@id\":\"https:\/\/denizcankizil.tr\/#\/schema\/logo\/image\/\",\"url\":\"https:\/\/denizcankizil.tr\/wp-content\/uploads\/2024\/10\/siyah-logo-svg.svg\",\"contentUrl\":\"https:\/\/denizcankizil.tr\/wp-content\/uploads\/2024\/10\/siyah-logo-svg.svg\",\"width\":1080,\"height\":1080,\"caption\":\"Av. Deniz Can K\u0131z\u0131l\"},\"image\":{\"@id\":\"https:\/\/denizcankizil.tr\/#\/schema\/logo\/image\/\"}},{\"@type\":\"Person\",\"@id\":\"https:\/\/denizcankizil.tr\/#\/schema\/person\/5dc1b22991bd7ac833867c10afc9b0ff\",\"name\":\"Av. Deniz Can K\u0131z\u0131l\",\"image\":{\"@type\":\"ImageObject\",\"inLanguage\":\"uk\",\"@id\":\"https:\/\/denizcankizil.tr\/#\/schema\/person\/image\/\",\"url\":\"https:\/\/secure.gravatar.com\/avatar\/a0b128fb9855c79efc976d5640eedb31dc35ec297594d6016d2cf7c60e975bb6?s=96&d=mm&r=g\",\"contentUrl\":\"https:\/\/secure.gravatar.com\/avatar\/a0b128fb9855c79efc976d5640eedb31dc35ec297594d6016d2cf7c60e975bb6?s=96&d=mm&r=g\",\"caption\":\"Av. Deniz Can K\u0131z\u0131l\"},\"sameAs\":[\"http:\/\/www.denizcankizil.tr\"],\"url\":\"https:\/\/denizcankizil.tr\/uk\/author\/denizcankizil\/\"}]}<\/script>\n<!-- \/ Yoast SEO Premium plugin. -->","yoast_head_json":{"title":"Gazipa\u015fa'daki hortumun bilan\u00e7osu belli oldu - Av. Deniz Can K\u0131z\u0131l","robots":{"index":"index","follow":"follow","max-snippet":"max-snippet:-1","max-image-preview":"max-image-preview:large","max-video-preview":"max-video-preview:-1"},"canonical":"https:\/\/denizcankizil.tr\/uk\/haberler\/antalya\/gazipasadaki-hortumun-bilancosu-belli-oldu\/","og_locale":"uk_UA","og_type":"article","og_title":"Gazipa\u015fa'daki hortumun bilan\u00e7osu belli oldu","og_description":"Gazipa\u015fa&#8217;da d\u00fcn ak\u015fam saatlerinde meydana gelen hortum, b\u00fcy\u00fck \u00e7apta maddi zarara yol a\u00e7t\u0131. \u015eiddetli r\u00fczg\u00e2rla birlikte etkili olan hortumun yol a\u00e7t\u0131\u011f\u0131 tahribat, sabah saatlerinde net \u015fekilde ortaya \u00e7\u0131kt\u0131. Gazi ve Beyobas\u0131 mahallelerinde etkili olan hortum, \u00e7ok say\u0131da evin \u00e7at\u0131s\u0131n\u0131 u\u00e7ururken, seralar\u0131 da yerle bir etti. Hortumun etkisiyle bir\u00e7ok a\u011fa\u00e7 devrilirken, baz\u0131 yollar k\u0131sa s\u00fcreli ula\u015f\u0131ma kapand\u0131. Olay s\u0131ras\u0131nda b\u00fcy\u00fck korku ya\u015fayan vatanda\u015flar, hortum an\u0131n\u0131 cep telefonlar\u0131yla kaydederken, \u00e7at\u0131s\u0131 u\u00e7an evlere ait g\u00f6r\u00fcnt\u00fcler de kameralara anbean yans\u0131d\u0131. &#8220;50 \u00fcreticiye ait yakla\u015f\u0131k 100-120 dekar alanda hasar olu\u015ftu&#8221; \u00d6zellikle \u00f6rt\u00fc alt\u0131 tar\u0131m alanlar\u0131nda ciddi zarar olu\u015ftu\u011funu ve b\u00f6lgede hasar tespit \u00e7al\u0131\u015fmalar\u0131n\u0131n g\u00fcn boyunca devam etti\u011fini dile getiren Gazipa\u015fa il\u00e7e Tar\u0131m M\u00fcd\u00fcr\u00fc Ramazan Bat, &#8220;D\u00fcn ak\u015fam saatlerinde Gazipa\u015fa&#8217;n\u0131n Beyobas\u0131 Mahallesi&#8217;nde hortum afeti meydana geldi. Olaydan sonra b\u00f6lgeye gelip \u00f6n tespitlere ba\u015flad\u0131k. Bug\u00fcn \u00f6\u011flene kadar tespitlerimizi a\u015fa\u011f\u0131 yukar\u0131 tamamlad\u0131k. Yakla\u015f\u0131k \u015fu ana kadar 50 \u00fcreticimizde 100-120 dekar alanda hasar meydana geldi. \u0130l\u00e7e Tar\u0131m M\u00fcd\u00fcrl\u00fc\u011f\u00fcm\u00fcz\u00fcn teknik personelleri \u00e7al\u0131\u015fmalar\u0131na devam ediyor&#8221; ifadelerini kulland\u0131. Hortumdan etkilenen \u00fcreticilerden biri de ya\u015fad\u0131klar\u0131n\u0131 \u015fu s\u00f6zlerle anlatt\u0131: &#8220;D\u00fcn ak\u015fam saatlerinde d\u0131\u015far\u0131dan bir u\u011fultu duydum. Pencereden bakt\u0131\u011f\u0131mda naylonlar\u0131n ve toz bulutlar\u0131n\u0131n havada u\u00e7u\u015ftu\u011funu g\u00f6rd\u00fcm. Bir \u00e7at\u0131n\u0131n u\u00e7tu\u011funu fark ettim. O esnada her \u015fey birbirine girdi zaten. Seralar\u0131n zarar g\u00f6rd\u00fc\u011f\u00fcne, camlar\u0131n k\u0131r\u0131ld\u0131\u011f\u0131na \u015fahit olduk. &hellip;","og_url":"https:\/\/denizcankizil.tr\/uk\/haberler\/antalya\/gazipasadaki-hortumun-bilancosu-belli-oldu\/","og_site_name":"Av. Deniz Can K\u0131z\u0131l","article_published_time":"2025-05-30T13:41:16+00:00","og_image":[{"width":1280,"height":720,"url":"https:\/\/denizcankizil.tr\/wp-content\/uploads\/2025\/05\/6632-01-uTlQdZ.jpg","type":"image\/jpeg"}],"author":"Av. Deniz Can K\u0131z\u0131l","twitter_card":"summary_large_image","twitter_misc":{"\u041d\u0430\u043f\u0438\u0441\u0430\u043d\u043e":"Av. Deniz Can K\u0131z\u0131l","\u041f\u0440\u0438\u0431\u043b. \u0447\u0430\u0441 \u0447\u0438\u0442\u0430\u043d\u043d\u044f":"2 \u0445\u0432\u0438\u043b\u0438\u043d\u0438"},"schema":{"@context":"https:\/\/schema.org","@graph":[{"@type":"Article","@id":"https:\/\/denizcankizil.tr\/uk\/haberler\/antalya\/gazipasadaki-hortumun-bilancosu-belli-oldu\/#article","isPartOf":{"@id":"https:\/\/denizcankizil.tr\/uk\/haberler\/antalya\/gazipasadaki-hortumun-bilancosu-belli-oldu\/"},"author":{"name":"Av. Deniz Can K\u0131z\u0131l","@id":"https:\/\/denizcankizil.tr\/#\/schema\/person\/5dc1b22991bd7ac833867c10afc9b0ff"},"headline":"Gazipa\u015fa&#8217;daki hortumun bilan\u00e7osu belli oldu","datePublished":"2025-05-30T13:41:16+00:00","mainEntityOfPage":{"@id":"https:\/\/denizcankizil.tr\/uk\/haberler\/antalya\/gazipasadaki-hortumun-bilancosu-belli-oldu\/"},"wordCount":348,"publisher":{"@id":"https:\/\/denizcankizil.tr\/#organization"},"image":{"@id":"https:\/\/denizcankizil.tr\/uk\/haberler\/antalya\/gazipasadaki-hortumun-bilancosu-belli-oldu\/#primaryimage"},"thumbnailUrl":"https:\/\/denizcankizil.tr\/wp-content\/uploads\/2025\/05\/6632-01-uTlQdZ.jpg","articleSection":["Antalya"],"inLanguage":"uk"},{"@type":"WebPage","@id":"https:\/\/denizcankizil.tr\/uk\/haberler\/antalya\/gazipasadaki-hortumun-bilancosu-belli-oldu\/","url":"https:\/\/denizcankizil.tr\/uk\/haberler\/antalya\/gazipasadaki-hortumun-bilancosu-belli-oldu\/","name":"Gazipa\u015fa'daki hortumun bilan\u00e7osu belli oldu - Av. Deniz Can K\u0131z\u0131l","isPartOf":{"@id":"https:\/\/denizcankizil.tr\/#website"},"primaryImageOfPage":{"@id":"https:\/\/denizcankizil.tr\/uk\/haberler\/antalya\/gazipasadaki-hortumun-bilancosu-belli-oldu\/#primaryimage"},"image":{"@id":"https:\/\/denizcankizil.tr\/uk\/haberler\/antalya\/gazipasadaki-hortumun-bilancosu-belli-oldu\/#primaryimage"},"thumbnailUrl":"https:\/\/denizcankizil.tr\/wp-content\/uploads\/2025\/05\/6632-01-uTlQdZ.jpg","datePublished":"2025-05-30T13:41:16+00:00","breadcrumb":{"@id":"https:\/\/denizcankizil.tr\/uk\/haberler\/antalya\/gazipasadaki-hortumun-bilancosu-belli-oldu\/#breadcrumb"},"inLanguage":"uk","potentialAction":[{"@type":"ReadAction","target":["https:\/\/denizcankizil.tr\/uk\/haberler\/antalya\/gazipasadaki-hortumun-bilancosu-belli-oldu\/"]}]},{"@type":"ImageObject","inLanguage":"uk","@id":"https:\/\/denizcankizil.tr\/uk\/haberler\/antalya\/gazipasadaki-hortumun-bilancosu-belli-oldu\/#primaryimage","url":"https:\/\/denizcankizil.tr\/wp-content\/uploads\/2025\/05\/6632-01-uTlQdZ.jpg","contentUrl":"https:\/\/denizcankizil.tr\/wp-content\/uploads\/2025\/05\/6632-01-uTlQdZ.jpg","width":1280,"height":720},{"@type":"BreadcrumbList","@id":"https:\/\/denizcankizil.tr\/uk\/haberler\/antalya\/gazipasadaki-hortumun-bilancosu-belli-oldu\/#breadcrumb","itemListElement":[{"@type":"ListItem","position":1,"name":"Home","item":"https:\/\/denizcankizil.tr\/de\/"},{"@type":"ListItem","position":2,"name":"Gazipa\u015fa&#8217;daki hortumun bilan\u00e7osu belli oldu"}]},{"@type":"WebSite","@id":"https:\/\/denizcankizil.tr\/#website","url":"https:\/\/denizcankizil.tr\/","name":"Av. Deniz Can K\u0131z\u0131l","description":"Avukat Deniz Can K\u0131z\u0131l Antalya Barosu","publisher":{"@id":"https:\/\/denizcankizil.tr\/#organization"},"potentialAction":[{"@type":"SearchAction","target":{"@type":"EntryPoint","urlTemplate":"https:\/\/denizcankizil.tr\/?s={search_term_string}"},"query-input":{"@type":"PropertyValueSpecification","valueRequired":true,"valueName":"search_term_string"}}],"inLanguage":"uk"},{"@type":"Organization","@id":"https:\/\/denizcankizil.tr\/#organization","name":"Av. Deniz Can K\u0131z\u0131l","url":"https:\/\/denizcankizil.tr\/","logo":{"@type":"ImageObject","inLanguage":"uk","@id":"https:\/\/denizcankizil.tr\/#\/schema\/logo\/image\/","url":"https:\/\/denizcankizil.tr\/wp-content\/uploads\/2024\/10\/siyah-logo-svg.svg","contentUrl":"https:\/\/denizcankizil.tr\/wp-content\/uploads\/2024\/10\/siyah-logo-svg.svg","width":1080,"height":1080,"caption":"Av. Deniz Can K\u0131z\u0131l"},"image":{"@id":"https:\/\/denizcankizil.tr\/#\/schema\/logo\/image\/"}},{"@type":"Person","@id":"https:\/\/denizcankizil.tr\/#\/schema\/person\/5dc1b22991bd7ac833867c10afc9b0ff","name":"Av. Deniz Can K\u0131z\u0131l","image":{"@type":"ImageObject","inLanguage":"uk","@id":"https:\/\/denizcankizil.tr\/#\/schema\/person\/image\/","url":"https:\/\/secure.gravatar.com\/avatar\/a0b128fb9855c79efc976d5640eedb31dc35ec297594d6016d2cf7c60e975bb6?s=96&d=mm&r=g","contentUrl":"https:\/\/secure.gravatar.com\/avatar\/a0b128fb9855c79efc976d5640eedb31dc35ec297594d6016d2cf7c60e975bb6?s=96&d=mm&r=g","caption":"Av. Deniz Can K\u0131z\u0131l"},"sameAs":["http:\/\/www.denizcankizil.tr"],"url":"https:\/\/denizcankizil.tr\/uk\/author\/denizcankizil\/"}]}},"_links":{"self":[{"href":"https:\/\/denizcankizil.tr\/uk\/wp-json\/wp\/v2\/posts\/101793","targetHints":{"allow":["GET"]}}],"collection":[{"href":"https:\/\/denizcankizil.tr\/uk\/wp-json\/wp\/v2\/posts"}],"about":[{"href":"https:\/\/denizcankizil.tr\/uk\/wp-json\/wp\/v2\/types\/post"}],"author":[{"embeddable":true,"href":"https:\/\/denizcankizil.tr\/uk\/wp-json\/wp\/v2\/users\/4"}],"replies":[{"embeddable":true,"href":"https:\/\/denizcankizil.tr\/uk\/wp-json\/wp\/v2\/comments?post=101793"}],"version-history":[{"count":0,"href":"https:\/\/denizcankizil.tr\/uk\/wp-json\/wp\/v2\/posts\/101793\/revisions"}],"wp:featuredmedia":[{"embeddable":true,"href":"https:\/\/denizcankizil.tr\/uk\/wp-json\/wp\/v2\/media\/101794"}],"wp:attachment":[{"href":"https:\/\/denizcankizil.tr\/uk\/wp-json\/wp\/v2\/media?parent=101793"}],"wp:term":[{"taxonomy":"category","embeddable":true,"href":"https:\/\/denizcankizil.tr\/uk\/wp-json\/wp\/v2\/categories?post=101793"},{"taxonomy":"post_tag","embeddable":true,"href":"https:\/\/denizcankizil.tr\/uk\/wp-json\/wp\/v2\/tags?post=101793"}],"curies":[{"name":"wp","href":"https:\/\/api.w.org\/{rel}","templated":true}]}}