{"id":101511,"date":"2025-05-30T09:42:53","date_gmt":"2025-05-30T06:42:53","guid":{"rendered":"https:\/\/denizcankizil.tr\/uncategorized-tr\/duzcede-kucuk-yastaki-surucu-polis-kovalamacasiyla-yakalandi\/"},"modified":"2025-05-30T09:42:53","modified_gmt":"2025-05-30T06:42:53","slug":"duzcede-kucuk-yastaki-surucu-polis-kovalamacasiyla-yakalandi","status":"publish","type":"post","link":"https:\/\/denizcankizil.tr\/uk\/haberler\/gundem\/duzcede-kucuk-yastaki-surucu-polis-kovalamacasiyla-yakalandi\/","title":{"rendered":"D\u00fczce\u2019de k\u00fc\u00e7\u00fck ya\u015ftaki s\u00fcr\u00fcc\u00fc, polis kovalamacas\u0131yla yakaland\u0131"},"content":{"rendered":"<p>D\u00fczce\u2019de polisin \u201cdur\u201d ihtar\u0131na uymayan 06 DJP 853 plakal\u0131 otomobilin k\u00fc\u00e7\u00fck ya\u015ftaki s\u00fcr\u00fcc\u00fcs\u00fc Yi\u011fit K., 5 kilometrelik kovalamaca sonras\u0131 kaza yaparak yakaland\u0131.Sefer DEM\u0130R \/ D\u00dcZCE (\u0130GFA) &#8211; D\u00fczce \u00c7amk\u00f6y \u00e7evre yolunda, \u015f\u00fcphe \u00fczerine durdurulmak istenen 06 DJP 853 plakal\u0131 otomobilin s\u00fcr\u00fcc\u00fcs\u00fc Yi\u011fit K., polisin \u201cdur\u201d uyar\u0131s\u0131na uymayarak ka\u00e7t\u0131. Yakla\u015f\u0131k 5 kilometre s\u00fcren kovalamaca, D-655 karayolunda s\u00fcr\u00fcc\u00fcn\u00fcn kald\u0131r\u0131ma ve park halindeki ara\u00e7lara \u00e7arpmas\u0131yla kaza yapt\u0131.<br \/>\nKazaya ra\u011fmen ka\u00e7may\u0131 s\u00fcrd\u00fcren Yi\u011fit K., polis ekiplerinin takibi sonucu Hamidiye Mahallesi 1189. Sokak\u2019ta yakaland\u0131.<br \/>\nKaza yapan otomobil, \u00e7ekiciyle emniyet otopark\u0131na \u00e7ekilerek yediemine teslim edildi.<br \/>\nYa\u015f\u0131 ara\u00e7 kullanmak i\u00e7in uygun olmayan s\u00fcr\u00fcc\u00fc Yi\u011fit K. g\u00f6zalt\u0131na al\u0131n\u0131rken, olayla ilgili soru\u015fturma ba\u015flat\u0131ld\u0131.<\/p>\n<p>\u200bD\u00fczce\u2019de polisin \u201cdur\u201d ihtar\u0131na uymayan 06 DJP 853 plakal\u0131 otomobilin k\u00fc\u00e7\u00fck ya\u015ftaki s\u00fcr\u00fcc\u00fcs\u00fc Yi\u011fit K., 5 kilometrelik kovalamaca sonras\u0131 kaza yaparak yakaland\u0131.Sefer DEM\u0130R \/ D\u00dcZCE (\u0130GFA) &#8211; D\u00fczce \u00c7amk\u00f6y \u00e7evre yolunda, \u015f\u00fcphe \u00fczerine durdurulmak istenen 06 DJP 853 plakal\u0131 otomobilin s\u00fcr\u00fcc\u00fcs\u00fc Yi\u011fit K., polisin \u201cdur\u201d uyar\u0131s\u0131na uymayarak ka\u00e7t\u0131. Yakla\u015f\u0131k 5 kilometre s\u00fcren kovalamaca, D-655 karayolunda s\u00fcr\u00fcc\u00fcn\u00fcn kald\u0131r\u0131ma ve park halindeki ara\u00e7lara \u00e7arpmas\u0131yla kaza yapt\u0131.<br \/>\nKazaya ra\u011fmen ka\u00e7may\u0131 s\u00fcrd\u00fcren Yi\u011fit K., polis ekiplerinin takibi sonucu Hamidiye Mahallesi 1189. Sokak\u2019ta yakaland\u0131.<br \/>\nKaza yapan otomobil, \u00e7ekiciyle emniyet otopark\u0131na \u00e7ekilerek yediemine teslim edildi.<br \/>\nYa\u015f\u0131 ara\u00e7 kullanmak i\u00e7in uygun olmayan s\u00fcr\u00fcc\u00fc Yi\u011fit K. g\u00f6zalt\u0131na al\u0131n\u0131rken, olayla ilgili soru\u015fturma ba\u015flat\u0131ld\u0131.\u00a0<\/p>\n<p>\u200bHaberin Al\u0131nt\u0131land\u0131\u011f\u0131 Kaynak: www.iskenderun.org<\/p>","protected":false},"excerpt":{"rendered":"<p>D\u00fczce\u2019de polisin \u201cdur\u201d ihtar\u0131na uymayan 06 DJP 853 plakal\u0131 otomobilin k\u00fc\u00e7\u00fck ya\u015ftaki s\u00fcr\u00fcc\u00fcs\u00fc Yi\u011fit K., 5 kilometrelik kovalamaca sonras\u0131 kaza yaparak yakaland\u0131.Sefer DEM\u0130R \/ D\u00dcZCE (\u0130GFA) &#8211; D\u00fczce \u00c7amk\u00f6y \u00e7evre yolunda, \u015f\u00fcphe \u00fczerine durdurulmak istenen 06 DJP 853 plakal\u0131 otomobilin s\u00fcr\u00fcc\u00fcs\u00fc Yi\u011fit K., polisin \u201cdur\u201d uyar\u0131s\u0131na uymayarak ka\u00e7t\u0131. Yakla\u015f\u0131k 5 kilometre s\u00fcren kovalamaca, D-655 karayolunda s\u00fcr\u00fcc\u00fcn\u00fcn kald\u0131r\u0131ma ve park halindeki ara\u00e7lara \u00e7arpmas\u0131yla kaza yapt\u0131. Kazaya ra\u011fmen ka\u00e7may\u0131 s\u00fcrd\u00fcren Yi\u011fit K., polis ekiplerinin takibi sonucu Hamidiye Mahallesi 1189. Sokak\u2019ta yakaland\u0131. Kaza yapan otomobil, \u00e7ekiciyle emniyet otopark\u0131na \u00e7ekilerek yediemine teslim edildi. Ya\u015f\u0131 ara\u00e7 kullanmak i\u00e7in uygun olmayan s\u00fcr\u00fcc\u00fc Yi\u011fit K. g\u00f6zalt\u0131na al\u0131n\u0131rken, olayla ilgili soru\u015fturma ba\u015flat\u0131ld\u0131. \u200bD\u00fczce\u2019de polisin \u201cdur\u201d ihtar\u0131na uymayan 06 DJP 853 plakal\u0131 otomobilin k\u00fc\u00e7\u00fck ya\u015ftaki s\u00fcr\u00fcc\u00fcs\u00fc Yi\u011fit K., 5 kilometrelik kovalamaca sonras\u0131 kaza yaparak yakaland\u0131.Sefer DEM\u0130R \/ D\u00dcZCE (\u0130GFA) &#8211; D\u00fczce \u00c7amk\u00f6y \u00e7evre yolunda, \u015f\u00fcphe \u00fczerine durdurulmak istenen 06 DJP 853 plakal\u0131 otomobilin s\u00fcr\u00fcc\u00fcs\u00fc Yi\u011fit K., polisin \u201cdur\u201d uyar\u0131s\u0131na uymayarak ka\u00e7t\u0131. Yakla\u015f\u0131k 5 kilometre s\u00fcren kovalamaca, D-655 karayolunda s\u00fcr\u00fcc\u00fcn\u00fcn kald\u0131r\u0131ma ve park halindeki ara\u00e7lara \u00e7arpmas\u0131yla kaza yapt\u0131. Kazaya ra\u011fmen ka\u00e7may\u0131 s\u00fcrd\u00fcren Yi\u011fit K., polis ekiplerinin takibi sonucu Hamidiye Mahallesi 1189. Sokak\u2019ta yakaland\u0131. Kaza yapan otomobil, \u00e7ekiciyle emniyet otopark\u0131na \u00e7ekilerek yediemine teslim edildi. Ya\u015f\u0131 ara\u00e7 kullanmak i\u00e7in uygun olmayan s\u00fcr\u00fcc\u00fc &hellip;<\/p>","protected":false},"author":1,"featured_media":0,"comment_status":"","ping_status":"open","sticky":false,"template":"","format":"standard","meta":{"_acf_changed":false,"footnotes":""},"categories":[24],"tags":[],"class_list":["post-101511","post","type-post","status-publish","format-standard","has-post-thumbnail","hentry","category-gundem"],"acf":[],"yoast_head":"<!-- This site is optimized with the Yoast SEO Premium plugin v26.6 (Yoast SEO v27.1.1) - https:\/\/yoast.com\/product\/yoast-seo-premium-wordpress\/ -->\n<title>D\u00fczce\u2019de k\u00fc\u00e7\u00fck ya\u015ftaki s\u00fcr\u00fcc\u00fc, polis kovalamacas\u0131yla yakaland\u0131 - Av. Deniz Can K\u0131z\u0131l<\/title>\n<meta name=\"robots\" content=\"index, follow, max-snippet:-1, max-image-preview:large, max-video-preview:-1\" \/>\n<link rel=\"canonical\" href=\"https:\/\/denizcankizil.tr\/uk\/haberler\/gundem\/duzcede-kucuk-yastaki-surucu-polis-kovalamacasiyla-yakalandi\/\" \/>\n<meta property=\"og:locale\" content=\"uk_UA\" \/>\n<meta property=\"og:type\" content=\"article\" \/>\n<meta property=\"og:title\" content=\"D\u00fczce\u2019de k\u00fc\u00e7\u00fck ya\u015ftaki s\u00fcr\u00fcc\u00fc, polis kovalamacas\u0131yla yakaland\u0131\" \/>\n<meta property=\"og:description\" content=\"D\u00fczce\u2019de polisin \u201cdur\u201d ihtar\u0131na uymayan 06 DJP 853 plakal\u0131 otomobilin k\u00fc\u00e7\u00fck ya\u015ftaki s\u00fcr\u00fcc\u00fcs\u00fc Yi\u011fit K., 5 kilometrelik kovalamaca sonras\u0131 kaza yaparak yakaland\u0131.Sefer DEM\u0130R \/ D\u00dcZCE (\u0130GFA) &#8211; D\u00fczce \u00c7amk\u00f6y \u00e7evre yolunda, \u015f\u00fcphe \u00fczerine durdurulmak istenen 06 DJP 853 plakal\u0131 otomobilin s\u00fcr\u00fcc\u00fcs\u00fc Yi\u011fit K., polisin \u201cdur\u201d uyar\u0131s\u0131na uymayarak ka\u00e7t\u0131. Yakla\u015f\u0131k 5 kilometre s\u00fcren kovalamaca, D-655 karayolunda s\u00fcr\u00fcc\u00fcn\u00fcn kald\u0131r\u0131ma ve park halindeki ara\u00e7lara \u00e7arpmas\u0131yla kaza yapt\u0131. Kazaya ra\u011fmen ka\u00e7may\u0131 s\u00fcrd\u00fcren Yi\u011fit K., polis ekiplerinin takibi sonucu Hamidiye Mahallesi 1189. Sokak\u2019ta yakaland\u0131. Kaza yapan otomobil, \u00e7ekiciyle emniyet otopark\u0131na \u00e7ekilerek yediemine teslim edildi. Ya\u015f\u0131 ara\u00e7 kullanmak i\u00e7in uygun olmayan s\u00fcr\u00fcc\u00fc Yi\u011fit K. g\u00f6zalt\u0131na al\u0131n\u0131rken, olayla ilgili soru\u015fturma ba\u015flat\u0131ld\u0131. \u200bD\u00fczce\u2019de polisin \u201cdur\u201d ihtar\u0131na uymayan 06 DJP 853 plakal\u0131 otomobilin k\u00fc\u00e7\u00fck ya\u015ftaki s\u00fcr\u00fcc\u00fcs\u00fc Yi\u011fit K., 5 kilometrelik kovalamaca sonras\u0131 kaza yaparak yakaland\u0131.Sefer DEM\u0130R \/ D\u00dcZCE (\u0130GFA) &#8211; D\u00fczce \u00c7amk\u00f6y \u00e7evre yolunda, \u015f\u00fcphe \u00fczerine durdurulmak istenen 06 DJP 853 plakal\u0131 otomobilin s\u00fcr\u00fcc\u00fcs\u00fc Yi\u011fit K., polisin \u201cdur\u201d uyar\u0131s\u0131na uymayarak ka\u00e7t\u0131. Yakla\u015f\u0131k 5 kilometre s\u00fcren kovalamaca, D-655 karayolunda s\u00fcr\u00fcc\u00fcn\u00fcn kald\u0131r\u0131ma ve park halindeki ara\u00e7lara \u00e7arpmas\u0131yla kaza yapt\u0131. Kazaya ra\u011fmen ka\u00e7may\u0131 s\u00fcrd\u00fcren Yi\u011fit K., polis ekiplerinin takibi sonucu Hamidiye Mahallesi 1189. Sokak\u2019ta yakaland\u0131. Kaza yapan otomobil, \u00e7ekiciyle emniyet otopark\u0131na \u00e7ekilerek yediemine teslim edildi. Ya\u015f\u0131 ara\u00e7 kullanmak i\u00e7in uygun olmayan s\u00fcr\u00fcc\u00fc &hellip;\" \/>\n<meta property=\"og:url\" content=\"https:\/\/denizcankizil.tr\/uk\/haberler\/gundem\/duzcede-kucuk-yastaki-surucu-polis-kovalamacasiyla-yakalandi\/\" \/>\n<meta property=\"og:site_name\" content=\"Av. Deniz Can K\u0131z\u0131l\" \/>\n<meta property=\"article:published_time\" content=\"2025-05-30T06:42:53+00:00\" \/>\n<meta name=\"author\" content=\"admin\" \/>\n<meta name=\"twitter:card\" content=\"summary_large_image\" \/>\n<meta name=\"twitter:label1\" content=\"\u041d\u0430\u043f\u0438\u0441\u0430\u043d\u043e\" \/>\n\t<meta name=\"twitter:data1\" content=\"admin\" \/>\n\t<meta name=\"twitter:label2\" content=\"\u041f\u0440\u0438\u0431\u043b. \u0447\u0430\u0441 \u0447\u0438\u0442\u0430\u043d\u043d\u044f\" \/>\n\t<meta name=\"twitter:data2\" content=\"1 \u0445\u0432\u0438\u043b\u0438\u043d\u0430\" \/>\n<script type=\"application\/ld+json\" class=\"yoast-schema-graph\">{\"@context\":\"https:\/\/schema.org\",\"@graph\":[{\"@type\":\"Article\",\"@id\":\"https:\/\/denizcankizil.tr\/ru\/haberler\/gundem\/duzcede-kucuk-yastaki-surucu-polis-kovalamacasiyla-yakalandi\/#article\",\"isPartOf\":{\"@id\":\"https:\/\/denizcankizil.tr\/ru\/haberler\/gundem\/duzcede-kucuk-yastaki-surucu-polis-kovalamacasiyla-yakalandi\/\"},\"author\":{\"name\":\"admin\",\"@id\":\"https:\/\/denizcankizil.tr\/de\/#\/schema\/person\/be3c05fe6a12686905512445d8185489\"},\"headline\":\"D\u00fczce\u2019de k\u00fc\u00e7\u00fck ya\u015ftaki s\u00fcr\u00fcc\u00fc, polis kovalamacas\u0131yla yakaland\u0131\",\"datePublished\":\"2025-05-30T06:42:53+00:00\",\"mainEntityOfPage\":{\"@id\":\"https:\/\/denizcankizil.tr\/ru\/haberler\/gundem\/duzcede-kucuk-yastaki-surucu-polis-kovalamacasiyla-yakalandi\/\"},\"wordCount\":312,\"publisher\":{\"@id\":\"https:\/\/denizcankizil.tr\/de\/#organization\"},\"articleSection\":[\"G\u00fcndem\"],\"inLanguage\":\"uk\"},{\"@type\":\"WebPage\",\"@id\":\"https:\/\/denizcankizil.tr\/ru\/haberler\/gundem\/duzcede-kucuk-yastaki-surucu-polis-kovalamacasiyla-yakalandi\/\",\"url\":\"https:\/\/denizcankizil.tr\/ru\/haberler\/gundem\/duzcede-kucuk-yastaki-surucu-polis-kovalamacasiyla-yakalandi\/\",\"name\":\"D\u00fczce\u2019de k\u00fc\u00e7\u00fck ya\u015ftaki s\u00fcr\u00fcc\u00fc, polis kovalamacas\u0131yla yakaland\u0131 - Av. Deniz Can K\u0131z\u0131l\",\"isPartOf\":{\"@id\":\"https:\/\/denizcankizil.tr\/de\/#website\"},\"datePublished\":\"2025-05-30T06:42:53+00:00\",\"breadcrumb\":{\"@id\":\"https:\/\/denizcankizil.tr\/ru\/haberler\/gundem\/duzcede-kucuk-yastaki-surucu-polis-kovalamacasiyla-yakalandi\/#breadcrumb\"},\"inLanguage\":\"uk\",\"potentialAction\":[{\"@type\":\"ReadAction\",\"target\":[\"https:\/\/denizcankizil.tr\/ru\/haberler\/gundem\/duzcede-kucuk-yastaki-surucu-polis-kovalamacasiyla-yakalandi\/\"]}]},{\"@type\":\"BreadcrumbList\",\"@id\":\"https:\/\/denizcankizil.tr\/ru\/haberler\/gundem\/duzcede-kucuk-yastaki-surucu-polis-kovalamacasiyla-yakalandi\/#breadcrumb\",\"itemListElement\":[{\"@type\":\"ListItem\",\"position\":1,\"name\":\"Home\",\"item\":\"https:\/\/denizcankizil.tr\/de\/\"},{\"@type\":\"ListItem\",\"position\":2,\"name\":\"D\u00fczce\u2019de k\u00fc\u00e7\u00fck ya\u015ftaki s\u00fcr\u00fcc\u00fc, polis kovalamacas\u0131yla yakaland\u0131\"}]},{\"@type\":\"WebSite\",\"@id\":\"https:\/\/denizcankizil.tr\/de\/#website\",\"url\":\"https:\/\/denizcankizil.tr\/de\/\",\"name\":\"Av. Deniz Can K\u0131z\u0131l\",\"description\":\"Avukat Deniz Can K\u0131z\u0131l Antalya Barosu\",\"publisher\":{\"@id\":\"https:\/\/denizcankizil.tr\/de\/#organization\"},\"potentialAction\":[{\"@type\":\"SearchAction\",\"target\":{\"@type\":\"EntryPoint\",\"urlTemplate\":\"https:\/\/denizcankizil.tr\/de\/?s={search_term_string}\"},\"query-input\":{\"@type\":\"PropertyValueSpecification\",\"valueRequired\":true,\"valueName\":\"search_term_string\"}}],\"inLanguage\":\"uk\"},{\"@type\":\"Organization\",\"@id\":\"https:\/\/denizcankizil.tr\/de\/#organization\",\"name\":\"Av. Deniz Can K\u0131z\u0131l\",\"url\":\"https:\/\/denizcankizil.tr\/de\/\",\"logo\":{\"@type\":\"ImageObject\",\"inLanguage\":\"uk\",\"@id\":\"https:\/\/denizcankizil.tr\/de\/#\/schema\/logo\/image\/\",\"url\":\"https:\/\/denizcankizil.tr\/wp-content\/uploads\/2024\/10\/siyah-logo-svg.svg\",\"contentUrl\":\"https:\/\/denizcankizil.tr\/wp-content\/uploads\/2024\/10\/siyah-logo-svg.svg\",\"width\":1080,\"height\":1080,\"caption\":\"Av. Deniz Can K\u0131z\u0131l\"},\"image\":{\"@id\":\"https:\/\/denizcankizil.tr\/de\/#\/schema\/logo\/image\/\"}},{\"@type\":\"Person\",\"@id\":\"https:\/\/denizcankizil.tr\/de\/#\/schema\/person\/be3c05fe6a12686905512445d8185489\",\"name\":\"admin\",\"image\":{\"@type\":\"ImageObject\",\"inLanguage\":\"uk\",\"@id\":\"https:\/\/denizcankizil.tr\/de\/#\/schema\/person\/image\/\",\"url\":\"https:\/\/secure.gravatar.com\/avatar\/c1fce94c830dc79107e174f890d7210541c4a63e8e5d816341794a2151c9d58c?s=96&d=mm&r=g\",\"contentUrl\":\"https:\/\/secure.gravatar.com\/avatar\/c1fce94c830dc79107e174f890d7210541c4a63e8e5d816341794a2151c9d58c?s=96&d=mm&r=g\",\"caption\":\"admin\"},\"sameAs\":[\"http:\/\/denizcankizil.tr\"],\"url\":\"https:\/\/www.iskenderun.org\/duzcede-kucuk-yastaki-surucu-polis-kovalamacasiyla-yakalandi\"}]}<\/script>\n<!-- \/ Yoast SEO Premium plugin. -->","yoast_head_json":{"title":"D\u00fczce\u2019de k\u00fc\u00e7\u00fck ya\u015ftaki s\u00fcr\u00fcc\u00fc, polis kovalamacas\u0131yla yakaland\u0131 - Av. Deniz Can K\u0131z\u0131l","robots":{"index":"index","follow":"follow","max-snippet":"max-snippet:-1","max-image-preview":"max-image-preview:large","max-video-preview":"max-video-preview:-1"},"canonical":"https:\/\/denizcankizil.tr\/uk\/haberler\/gundem\/duzcede-kucuk-yastaki-surucu-polis-kovalamacasiyla-yakalandi\/","og_locale":"uk_UA","og_type":"article","og_title":"D\u00fczce\u2019de k\u00fc\u00e7\u00fck ya\u015ftaki s\u00fcr\u00fcc\u00fc, polis kovalamacas\u0131yla yakaland\u0131","og_description":"D\u00fczce\u2019de polisin \u201cdur\u201d ihtar\u0131na uymayan 06 DJP 853 plakal\u0131 otomobilin k\u00fc\u00e7\u00fck ya\u015ftaki s\u00fcr\u00fcc\u00fcs\u00fc Yi\u011fit K., 5 kilometrelik kovalamaca sonras\u0131 kaza yaparak yakaland\u0131.Sefer DEM\u0130R \/ D\u00dcZCE (\u0130GFA) &#8211; D\u00fczce \u00c7amk\u00f6y \u00e7evre yolunda, \u015f\u00fcphe \u00fczerine durdurulmak istenen 06 DJP 853 plakal\u0131 otomobilin s\u00fcr\u00fcc\u00fcs\u00fc Yi\u011fit K., polisin \u201cdur\u201d uyar\u0131s\u0131na uymayarak ka\u00e7t\u0131. Yakla\u015f\u0131k 5 kilometre s\u00fcren kovalamaca, D-655 karayolunda s\u00fcr\u00fcc\u00fcn\u00fcn kald\u0131r\u0131ma ve park halindeki ara\u00e7lara \u00e7arpmas\u0131yla kaza yapt\u0131. Kazaya ra\u011fmen ka\u00e7may\u0131 s\u00fcrd\u00fcren Yi\u011fit K., polis ekiplerinin takibi sonucu Hamidiye Mahallesi 1189. Sokak\u2019ta yakaland\u0131. Kaza yapan otomobil, \u00e7ekiciyle emniyet otopark\u0131na \u00e7ekilerek yediemine teslim edildi. Ya\u015f\u0131 ara\u00e7 kullanmak i\u00e7in uygun olmayan s\u00fcr\u00fcc\u00fc Yi\u011fit K. g\u00f6zalt\u0131na al\u0131n\u0131rken, olayla ilgili soru\u015fturma ba\u015flat\u0131ld\u0131. \u200bD\u00fczce\u2019de polisin \u201cdur\u201d ihtar\u0131na uymayan 06 DJP 853 plakal\u0131 otomobilin k\u00fc\u00e7\u00fck ya\u015ftaki s\u00fcr\u00fcc\u00fcs\u00fc Yi\u011fit K., 5 kilometrelik kovalamaca sonras\u0131 kaza yaparak yakaland\u0131.Sefer DEM\u0130R \/ D\u00dcZCE (\u0130GFA) &#8211; D\u00fczce \u00c7amk\u00f6y \u00e7evre yolunda, \u015f\u00fcphe \u00fczerine durdurulmak istenen 06 DJP 853 plakal\u0131 otomobilin s\u00fcr\u00fcc\u00fcs\u00fc Yi\u011fit K., polisin \u201cdur\u201d uyar\u0131s\u0131na uymayarak ka\u00e7t\u0131. Yakla\u015f\u0131k 5 kilometre s\u00fcren kovalamaca, D-655 karayolunda s\u00fcr\u00fcc\u00fcn\u00fcn kald\u0131r\u0131ma ve park halindeki ara\u00e7lara \u00e7arpmas\u0131yla kaza yapt\u0131. Kazaya ra\u011fmen ka\u00e7may\u0131 s\u00fcrd\u00fcren Yi\u011fit K., polis ekiplerinin takibi sonucu Hamidiye Mahallesi 1189. Sokak\u2019ta yakaland\u0131. Kaza yapan otomobil, \u00e7ekiciyle emniyet otopark\u0131na \u00e7ekilerek yediemine teslim edildi. Ya\u015f\u0131 ara\u00e7 kullanmak i\u00e7in uygun olmayan s\u00fcr\u00fcc\u00fc &hellip;","og_url":"https:\/\/denizcankizil.tr\/uk\/haberler\/gundem\/duzcede-kucuk-yastaki-surucu-polis-kovalamacasiyla-yakalandi\/","og_site_name":"Av. Deniz Can K\u0131z\u0131l","article_published_time":"2025-05-30T06:42:53+00:00","author":"admin","twitter_card":"summary_large_image","twitter_misc":{"\u041d\u0430\u043f\u0438\u0441\u0430\u043d\u043e":"admin","\u041f\u0440\u0438\u0431\u043b. \u0447\u0430\u0441 \u0447\u0438\u0442\u0430\u043d\u043d\u044f":"1 \u0445\u0432\u0438\u043b\u0438\u043d\u0430"},"schema":{"@context":"https:\/\/schema.org","@graph":[{"@type":"Article","@id":"https:\/\/denizcankizil.tr\/ru\/haberler\/gundem\/duzcede-kucuk-yastaki-surucu-polis-kovalamacasiyla-yakalandi\/#article","isPartOf":{"@id":"https:\/\/denizcankizil.tr\/ru\/haberler\/gundem\/duzcede-kucuk-yastaki-surucu-polis-kovalamacasiyla-yakalandi\/"},"author":{"name":"admin","@id":"https:\/\/denizcankizil.tr\/de\/#\/schema\/person\/be3c05fe6a12686905512445d8185489"},"headline":"D\u00fczce\u2019de k\u00fc\u00e7\u00fck ya\u015ftaki s\u00fcr\u00fcc\u00fc, polis kovalamacas\u0131yla yakaland\u0131","datePublished":"2025-05-30T06:42:53+00:00","mainEntityOfPage":{"@id":"https:\/\/denizcankizil.tr\/ru\/haberler\/gundem\/duzcede-kucuk-yastaki-surucu-polis-kovalamacasiyla-yakalandi\/"},"wordCount":312,"publisher":{"@id":"https:\/\/denizcankizil.tr\/de\/#organization"},"articleSection":["G\u00fcndem"],"inLanguage":"uk"},{"@type":"WebPage","@id":"https:\/\/denizcankizil.tr\/ru\/haberler\/gundem\/duzcede-kucuk-yastaki-surucu-polis-kovalamacasiyla-yakalandi\/","url":"https:\/\/denizcankizil.tr\/ru\/haberler\/gundem\/duzcede-kucuk-yastaki-surucu-polis-kovalamacasiyla-yakalandi\/","name":"D\u00fczce\u2019de k\u00fc\u00e7\u00fck ya\u015ftaki s\u00fcr\u00fcc\u00fc, polis kovalamacas\u0131yla yakaland\u0131 - Av. Deniz Can K\u0131z\u0131l","isPartOf":{"@id":"https:\/\/denizcankizil.tr\/de\/#website"},"datePublished":"2025-05-30T06:42:53+00:00","breadcrumb":{"@id":"https:\/\/denizcankizil.tr\/ru\/haberler\/gundem\/duzcede-kucuk-yastaki-surucu-polis-kovalamacasiyla-yakalandi\/#breadcrumb"},"inLanguage":"uk","potentialAction":[{"@type":"ReadAction","target":["https:\/\/denizcankizil.tr\/ru\/haberler\/gundem\/duzcede-kucuk-yastaki-surucu-polis-kovalamacasiyla-yakalandi\/"]}]},{"@type":"BreadcrumbList","@id":"https:\/\/denizcankizil.tr\/ru\/haberler\/gundem\/duzcede-kucuk-yastaki-surucu-polis-kovalamacasiyla-yakalandi\/#breadcrumb","itemListElement":[{"@type":"ListItem","position":1,"name":"Home","item":"https:\/\/denizcankizil.tr\/de\/"},{"@type":"ListItem","position":2,"name":"D\u00fczce\u2019de k\u00fc\u00e7\u00fck ya\u015ftaki s\u00fcr\u00fcc\u00fc, polis kovalamacas\u0131yla yakaland\u0131"}]},{"@type":"WebSite","@id":"https:\/\/denizcankizil.tr\/de\/#website","url":"https:\/\/denizcankizil.tr\/de\/","name":"Av. Deniz Can K\u0131z\u0131l","description":"Avukat Deniz Can K\u0131z\u0131l Antalya Barosu","publisher":{"@id":"https:\/\/denizcankizil.tr\/de\/#organization"},"potentialAction":[{"@type":"SearchAction","target":{"@type":"EntryPoint","urlTemplate":"https:\/\/denizcankizil.tr\/de\/?s={search_term_string}"},"query-input":{"@type":"PropertyValueSpecification","valueRequired":true,"valueName":"search_term_string"}}],"inLanguage":"uk"},{"@type":"Organization","@id":"https:\/\/denizcankizil.tr\/de\/#organization","name":"Av. Deniz Can K\u0131z\u0131l","url":"https:\/\/denizcankizil.tr\/de\/","logo":{"@type":"ImageObject","inLanguage":"uk","@id":"https:\/\/denizcankizil.tr\/de\/#\/schema\/logo\/image\/","url":"https:\/\/denizcankizil.tr\/wp-content\/uploads\/2024\/10\/siyah-logo-svg.svg","contentUrl":"https:\/\/denizcankizil.tr\/wp-content\/uploads\/2024\/10\/siyah-logo-svg.svg","width":1080,"height":1080,"caption":"Av. Deniz Can K\u0131z\u0131l"},"image":{"@id":"https:\/\/denizcankizil.tr\/de\/#\/schema\/logo\/image\/"}},{"@type":"Person","@id":"https:\/\/denizcankizil.tr\/de\/#\/schema\/person\/be3c05fe6a12686905512445d8185489","name":"\u0430\u0434\u043c\u0456\u043d","image":{"@type":"ImageObject","inLanguage":"uk","@id":"https:\/\/denizcankizil.tr\/de\/#\/schema\/person\/image\/","url":"https:\/\/secure.gravatar.com\/avatar\/c1fce94c830dc79107e174f890d7210541c4a63e8e5d816341794a2151c9d58c?s=96&d=mm&r=g","contentUrl":"https:\/\/secure.gravatar.com\/avatar\/c1fce94c830dc79107e174f890d7210541c4a63e8e5d816341794a2151c9d58c?s=96&d=mm&r=g","caption":"admin"},"sameAs":["http:\/\/denizcankizil.tr"],"url":"https:\/\/www.iskenderun.org\/duzcede-kucuk-yastaki-surucu-polis-kovalamacasiyla-yakalandi"}]}},"_links":{"self":[{"href":"https:\/\/denizcankizil.tr\/uk\/wp-json\/wp\/v2\/posts\/101511","targetHints":{"allow":["GET"]}}],"collection":[{"href":"https:\/\/denizcankizil.tr\/uk\/wp-json\/wp\/v2\/posts"}],"about":[{"href":"https:\/\/denizcankizil.tr\/uk\/wp-json\/wp\/v2\/types\/post"}],"author":[{"embeddable":true,"href":"https:\/\/denizcankizil.tr\/uk\/wp-json\/wp\/v2\/users\/1"}],"replies":[{"embeddable":true,"href":"https:\/\/denizcankizil.tr\/uk\/wp-json\/wp\/v2\/comments?post=101511"}],"version-history":[{"count":0,"href":"https:\/\/denizcankizil.tr\/uk\/wp-json\/wp\/v2\/posts\/101511\/revisions"}],"wp:attachment":[{"href":"https:\/\/denizcankizil.tr\/uk\/wp-json\/wp\/v2\/media?parent=101511"}],"wp:term":[{"taxonomy":"category","embeddable":true,"href":"https:\/\/denizcankizil.tr\/uk\/wp-json\/wp\/v2\/categories?post=101511"},{"taxonomy":"post_tag","embeddable":true,"href":"https:\/\/denizcankizil.tr\/uk\/wp-json\/wp\/v2\/tags?post=101511"}],"curies":[{"name":"wp","href":"https:\/\/api.w.org\/{rel}","templated":true}]}}