{"id":100824,"date":"2025-05-29T16:42:24","date_gmt":"2025-05-29T13:42:24","guid":{"rendered":"https:\/\/denizcankizil.tr\/uncategorized-tr\/baskan-gulden-ozcelik-ise-destek-ziyareti\/"},"modified":"2025-05-29T16:42:24","modified_gmt":"2025-05-29T13:42:24","slug":"baskan-gulden-ozcelik-ise-destek-ziyareti","status":"publish","type":"post","link":"https:\/\/denizcankizil.tr\/uk\/haberler\/gundem\/baskan-gulden-ozcelik-ise-destek-ziyareti\/","title":{"rendered":"Ba\u015fkan G\u00fcl\u2019den \u00d6z\u00e7elik-\u0130\u015f\u2019e destek ziyareti\u2026"},"content":{"rendered":"<p>Ba\u015fkan G\u00fcl\u2019e Belen Belediyesi Meclis \u00dcyeleri, AK Parti Belen \u0130l\u00e7e Ba\u015fkan\u0131 Abdullah \u00d6nder, MHP \u0130skenderun \u0130l\u00e7e Ba\u015fkan\u0131 Turan Bozkurt ve \u0130skenderun Belediyesi Ba\u015fkan Yard\u0131mc\u0131s\u0131 Cihan Aky\u00fcreko\u011flu da e\u015flik etti. Ziyaret kapsam\u0131nda, \u00d6z\u00e7elik-\u0130\u015f Sendikas\u0131 \u0130skenderun \u015eube Ba\u015fkan\u0131 Mehmet G\u00fcng\u00f6r ve sendika y\u00f6neticileriyle bir toplant\u0131 ger\u00e7ekle\u015ftirildi.<\/p>\n<p>Sendikan\u0131n \u015eube Ba\u015fkan\u0131 Mehmet G\u00fcng\u00f6r, \u00d6z\u00e7elik-\u0130\u015f\u2019in 17 bin \u00fcyesiyle b\u00f6lgenin ve metal sekt\u00f6r\u00fcn\u00fcn g\u00fc\u00e7l\u00fc sesi oldu\u011funa dikkat \u00e7ekerek, \u201c\u00d6zellikle son deprem felaketi sonras\u0131 sekt\u00f6r ciddi s\u0131k\u0131nt\u0131larla kar\u015f\u0131 kar\u015f\u0131ya kald\u0131. Yolbulan\u2019da yakla\u015f\u0131k 343 g\u00fcnd\u00fcr sahaday\u0131z ve \u00fcyelerimizin haklar\u0131 i\u00e7in m\u00fccadele ediyoruz. 35 bin liral\u0131k bir kazan\u0131m i\u00e7in verdi\u011fimiz \u00e7aban\u0131n k\u0131sa s\u00fcrede olumlu sonu\u00e7lanmas\u0131n\u0131 temenni ediyoruz\u201d dedi.<\/p>\n<p>Belen Belediye Ba\u015fkan\u0131 \u0130brahim G\u00fcl de, \u00d6z\u00e7elik-\u0130\u015f Sendikas\u0131\u2019n\u0131n verdi\u011fi m\u00fccadelenin kamuoyu taraf\u0131ndan dikkatle takip edildi\u011fini belirterek, \u201cGer\u00e7ek manada bir hak m\u00fccadelesi verdi\u011finizi, yap\u0131lan \u00e7al\u0131\u015fmalarla ve g\u00f6sterilen azimle t\u00fcm b\u00f6lgeye kan\u0131tlad\u0131n\u0131z. Bu onurlu duru\u015funuzu ve \u00e7abalar\u0131n\u0131z\u0131 y\u00fcrekten tebrik ediyorum. Verilen emeklerin bo\u015fa gitmeyece\u011fine ve Allah\u2019\u0131n bu \u00e7aban\u0131n kar\u015f\u0131l\u0131\u011f\u0131n\u0131 mutlaka verece\u011fine inan\u0131yorum,\u201d diye konu\u015ftu.<\/p>\n<p>AK Parti Belen \u0130l\u00e7e Ba\u015fkan\u0131 Abdullah \u00d6nder, sendikan\u0131n Demir \u00c7elik sekt\u00f6r\u00fcndeki \u00f6nemine dikkat \u00e7ekerek, AK Parti te\u015fkilat\u0131 olarak bu hakl\u0131 m\u00fccadelede sonuna kadar i\u015f\u00e7i s\u0131n\u0131f\u0131n\u0131n yan\u0131n\u0131zda yer ald\u0131klar\u0131n\u0131, \u00fczerimize d\u00fc\u015fen her g\u00f6revi yerine getirmeye haz\u0131r olduklar\u0131n\u0131 s\u00f6yledi.<\/p>\n<p>MHP \u0130skenderun \u0130l\u00e7e Ba\u015fkan\u0131 Turan Bozkurt ise sendikan\u0131n dayan\u0131\u015fma ve birlik i\u00e7inde y\u00fcr\u00fctt\u00fc\u011f\u00fc \u00e7al\u0131\u015fmalar\u0131 takdirle kar\u015f\u0131lad\u0131klar\u0131n\u0131, ba\u015far\u0131n\u0131n, bu g\u00fc\u00e7l\u00fc birlikteli\u011fin bir sonucu oldu\u011funu ifade etti.<\/p>\n<p>\u0130skenderun Belediyesi Ba\u015fkan Yard\u0131mc\u0131s\u0131 Cihan Aky\u00fcreko\u011flu da sendikan\u0131n verdi\u011fi m\u00fccadeleyi desteklediklerini ileterek, bu k\u0131ymetli emek m\u00fccadelesinin kar\u015f\u0131l\u0131\u011f\u0131n\u0131 bulmas\u0131n\u0131 y\u00fcrekten temenni eti\u011fini vurgulad\u0131.<\/p>\n<p>Toplant\u0131ya kat\u0131lan Av. Zeynep Aybike Sakman da sendikan\u0131n y\u00fcr\u00fctt\u00fc\u011f\u00fc toplu i\u015f s\u00f6zle\u015fmesi ve hak arama s\u00fcrecine deste\u011fini dile getirdi.<\/p>\n<p>Toplant\u0131n\u0131n sonunda, metal sekt\u00f6r\u00fcndeki sorunlar\u0131n \u00e7\u00f6z\u00fcm\u00fc ve toplu i\u015f s\u00f6zle\u015fmesi s\u00fcrecinin ba\u015far\u0131yla sonu\u00e7lanmas\u0131 ad\u0131na sendikan\u0131n y\u00fcr\u00fctt\u00fc\u011f\u00fc \u00e7al\u0131\u015fmalara tam destek verildi\u011fi bir kez daha vurguland\u0131.<\/p>\n<p>\u200bBelen Belediye Ba\u015fkan\u0131 \u0130brahim G\u00fcl, beraberindeki \u0130skenderun Belediye Ba\u015fkanvekili Cihan Aky\u00fcreko\u011flu ve MHP\u2019lilerle b\u00f6lgenin emek ve \u00fcretim g\u00fcc\u00fcn\u00fc temsil eden \u00f6nemli sendikalardan biri olan \u00d6z\u00e7elik-\u0130\u015f Sendikas\u0131 \u015eubesine destek ziyareti ger\u00e7ekle\u015ftirdi.\u00a0<\/p>\n<p>\u200bHaberin Al\u0131nt\u0131land\u0131\u011f\u0131 Kaynak: www.iskenderun.org<\/p>","protected":false},"excerpt":{"rendered":"<p>Ba\u015fkan G\u00fcl\u2019e Belen Belediyesi Meclis \u00dcyeleri, AK Parti Belen \u0130l\u00e7e Ba\u015fkan\u0131 Abdullah \u00d6nder, MHP \u0130skenderun \u0130l\u00e7e Ba\u015fkan\u0131 Turan Bozkurt ve \u0130skenderun Belediyesi Ba\u015fkan Yard\u0131mc\u0131s\u0131 Cihan Aky\u00fcreko\u011flu da e\u015flik etti. Ziyaret kapsam\u0131nda, \u00d6z\u00e7elik-\u0130\u015f Sendikas\u0131 \u0130skenderun \u015eube Ba\u015fkan\u0131 Mehmet G\u00fcng\u00f6r ve sendika y\u00f6neticileriyle bir toplant\u0131 ger\u00e7ekle\u015ftirildi. Sendikan\u0131n \u015eube Ba\u015fkan\u0131 Mehmet G\u00fcng\u00f6r, \u00d6z\u00e7elik-\u0130\u015f\u2019in 17 bin \u00fcyesiyle b\u00f6lgenin ve metal sekt\u00f6r\u00fcn\u00fcn g\u00fc\u00e7l\u00fc sesi oldu\u011funa dikkat \u00e7ekerek, \u201c\u00d6zellikle son deprem felaketi sonras\u0131 sekt\u00f6r ciddi s\u0131k\u0131nt\u0131larla kar\u015f\u0131 kar\u015f\u0131ya kald\u0131. Yolbulan\u2019da yakla\u015f\u0131k 343 g\u00fcnd\u00fcr sahaday\u0131z ve \u00fcyelerimizin haklar\u0131 i\u00e7in m\u00fccadele ediyoruz. 35 bin liral\u0131k bir kazan\u0131m i\u00e7in verdi\u011fimiz \u00e7aban\u0131n k\u0131sa s\u00fcrede olumlu sonu\u00e7lanmas\u0131n\u0131 temenni ediyoruz\u201d dedi. Belen Belediye Ba\u015fkan\u0131 \u0130brahim G\u00fcl de, \u00d6z\u00e7elik-\u0130\u015f Sendikas\u0131\u2019n\u0131n verdi\u011fi m\u00fccadelenin kamuoyu taraf\u0131ndan dikkatle takip edildi\u011fini belirterek, \u201cGer\u00e7ek manada bir hak m\u00fccadelesi verdi\u011finizi, yap\u0131lan \u00e7al\u0131\u015fmalarla ve g\u00f6sterilen azimle t\u00fcm b\u00f6lgeye kan\u0131tlad\u0131n\u0131z. Bu onurlu duru\u015funuzu ve \u00e7abalar\u0131n\u0131z\u0131 y\u00fcrekten tebrik ediyorum. Verilen emeklerin bo\u015fa gitmeyece\u011fine ve Allah\u2019\u0131n bu \u00e7aban\u0131n kar\u015f\u0131l\u0131\u011f\u0131n\u0131 mutlaka verece\u011fine inan\u0131yorum,\u201d diye konu\u015ftu. AK Parti Belen \u0130l\u00e7e Ba\u015fkan\u0131 Abdullah \u00d6nder, sendikan\u0131n Demir \u00c7elik sekt\u00f6r\u00fcndeki \u00f6nemine dikkat \u00e7ekerek, AK Parti te\u015fkilat\u0131 olarak bu hakl\u0131 m\u00fccadelede sonuna kadar i\u015f\u00e7i s\u0131n\u0131f\u0131n\u0131n yan\u0131n\u0131zda yer ald\u0131klar\u0131n\u0131, \u00fczerimize d\u00fc\u015fen her g\u00f6revi yerine getirmeye haz\u0131r olduklar\u0131n\u0131 s\u00f6yledi. MHP \u0130skenderun \u0130l\u00e7e Ba\u015fkan\u0131 Turan Bozkurt ise sendikan\u0131n dayan\u0131\u015fma ve birlik i\u00e7inde &hellip;<\/p>","protected":false},"author":1,"featured_media":0,"comment_status":"","ping_status":"open","sticky":false,"template":"","format":"standard","meta":{"_acf_changed":false,"footnotes":""},"categories":[24],"tags":[],"class_list":["post-100824","post","type-post","status-publish","format-standard","has-post-thumbnail","hentry","category-gundem"],"acf":[],"yoast_head":"<!-- This site is optimized with the Yoast SEO Premium plugin v26.6 (Yoast SEO v27.1.1) - https:\/\/yoast.com\/product\/yoast-seo-premium-wordpress\/ -->\n<title>Ba\u015fkan G\u00fcl\u2019den \u00d6z\u00e7elik-\u0130\u015f\u2019e destek ziyareti\u2026 - Av. Deniz Can K\u0131z\u0131l<\/title>\n<meta name=\"robots\" content=\"index, follow, max-snippet:-1, max-image-preview:large, max-video-preview:-1\" \/>\n<link rel=\"canonical\" href=\"https:\/\/denizcankizil.tr\/uk\/haberler\/gundem\/baskan-gulden-ozcelik-ise-destek-ziyareti\/\" \/>\n<meta property=\"og:locale\" content=\"uk_UA\" \/>\n<meta property=\"og:type\" content=\"article\" \/>\n<meta property=\"og:title\" content=\"Ba\u015fkan G\u00fcl\u2019den \u00d6z\u00e7elik-\u0130\u015f\u2019e destek ziyareti\u2026\" \/>\n<meta property=\"og:description\" content=\"Ba\u015fkan G\u00fcl\u2019e Belen Belediyesi Meclis \u00dcyeleri, AK Parti Belen \u0130l\u00e7e Ba\u015fkan\u0131 Abdullah \u00d6nder, MHP \u0130skenderun \u0130l\u00e7e Ba\u015fkan\u0131 Turan Bozkurt ve \u0130skenderun Belediyesi Ba\u015fkan Yard\u0131mc\u0131s\u0131 Cihan Aky\u00fcreko\u011flu da e\u015flik etti. Ziyaret kapsam\u0131nda, \u00d6z\u00e7elik-\u0130\u015f Sendikas\u0131 \u0130skenderun \u015eube Ba\u015fkan\u0131 Mehmet G\u00fcng\u00f6r ve sendika y\u00f6neticileriyle bir toplant\u0131 ger\u00e7ekle\u015ftirildi. Sendikan\u0131n \u015eube Ba\u015fkan\u0131 Mehmet G\u00fcng\u00f6r, \u00d6z\u00e7elik-\u0130\u015f\u2019in 17 bin \u00fcyesiyle b\u00f6lgenin ve metal sekt\u00f6r\u00fcn\u00fcn g\u00fc\u00e7l\u00fc sesi oldu\u011funa dikkat \u00e7ekerek, \u201c\u00d6zellikle son deprem felaketi sonras\u0131 sekt\u00f6r ciddi s\u0131k\u0131nt\u0131larla kar\u015f\u0131 kar\u015f\u0131ya kald\u0131. Yolbulan\u2019da yakla\u015f\u0131k 343 g\u00fcnd\u00fcr sahaday\u0131z ve \u00fcyelerimizin haklar\u0131 i\u00e7in m\u00fccadele ediyoruz. 35 bin liral\u0131k bir kazan\u0131m i\u00e7in verdi\u011fimiz \u00e7aban\u0131n k\u0131sa s\u00fcrede olumlu sonu\u00e7lanmas\u0131n\u0131 temenni ediyoruz\u201d dedi. Belen Belediye Ba\u015fkan\u0131 \u0130brahim G\u00fcl de, \u00d6z\u00e7elik-\u0130\u015f Sendikas\u0131\u2019n\u0131n verdi\u011fi m\u00fccadelenin kamuoyu taraf\u0131ndan dikkatle takip edildi\u011fini belirterek, \u201cGer\u00e7ek manada bir hak m\u00fccadelesi verdi\u011finizi, yap\u0131lan \u00e7al\u0131\u015fmalarla ve g\u00f6sterilen azimle t\u00fcm b\u00f6lgeye kan\u0131tlad\u0131n\u0131z. Bu onurlu duru\u015funuzu ve \u00e7abalar\u0131n\u0131z\u0131 y\u00fcrekten tebrik ediyorum. Verilen emeklerin bo\u015fa gitmeyece\u011fine ve Allah\u2019\u0131n bu \u00e7aban\u0131n kar\u015f\u0131l\u0131\u011f\u0131n\u0131 mutlaka verece\u011fine inan\u0131yorum,\u201d diye konu\u015ftu. AK Parti Belen \u0130l\u00e7e Ba\u015fkan\u0131 Abdullah \u00d6nder, sendikan\u0131n Demir \u00c7elik sekt\u00f6r\u00fcndeki \u00f6nemine dikkat \u00e7ekerek, AK Parti te\u015fkilat\u0131 olarak bu hakl\u0131 m\u00fccadelede sonuna kadar i\u015f\u00e7i s\u0131n\u0131f\u0131n\u0131n yan\u0131n\u0131zda yer ald\u0131klar\u0131n\u0131, \u00fczerimize d\u00fc\u015fen her g\u00f6revi yerine getirmeye haz\u0131r olduklar\u0131n\u0131 s\u00f6yledi. MHP \u0130skenderun \u0130l\u00e7e Ba\u015fkan\u0131 Turan Bozkurt ise sendikan\u0131n dayan\u0131\u015fma ve birlik i\u00e7inde &hellip;\" \/>\n<meta property=\"og:url\" content=\"https:\/\/denizcankizil.tr\/uk\/haberler\/gundem\/baskan-gulden-ozcelik-ise-destek-ziyareti\/\" \/>\n<meta property=\"og:site_name\" content=\"Av. Deniz Can K\u0131z\u0131l\" \/>\n<meta property=\"article:published_time\" content=\"2025-05-29T13:42:24+00:00\" \/>\n<meta name=\"author\" content=\"admin\" \/>\n<meta name=\"twitter:card\" content=\"summary_large_image\" \/>\n<meta name=\"twitter:label1\" content=\"\u041d\u0430\u043f\u0438\u0441\u0430\u043d\u043e\" \/>\n\t<meta name=\"twitter:data1\" content=\"admin\" \/>\n\t<meta name=\"twitter:label2\" content=\"\u041f\u0440\u0438\u0431\u043b. \u0447\u0430\u0441 \u0447\u0438\u0442\u0430\u043d\u043d\u044f\" \/>\n\t<meta name=\"twitter:data2\" content=\"2 \u0445\u0432\u0438\u043b\u0438\u043d\u0438\" \/>\n<script type=\"application\/ld+json\" class=\"yoast-schema-graph\">{\"@context\":\"https:\/\/schema.org\",\"@graph\":[{\"@type\":\"Article\",\"@id\":\"https:\/\/denizcankizil.tr\/uk\/haberler\/gundem\/baskan-gulden-ozcelik-ise-destek-ziyareti\/#article\",\"isPartOf\":{\"@id\":\"https:\/\/denizcankizil.tr\/uk\/haberler\/gundem\/baskan-gulden-ozcelik-ise-destek-ziyareti\/\"},\"author\":{\"name\":\"admin\",\"@id\":\"https:\/\/denizcankizil.tr\/#\/schema\/person\/be3c05fe6a12686905512445d8185489\"},\"headline\":\"Ba\u015fkan G\u00fcl\u2019den \u00d6z\u00e7elik-\u0130\u015f\u2019e destek ziyareti\u2026\",\"datePublished\":\"2025-05-29T13:42:24+00:00\",\"mainEntityOfPage\":{\"@id\":\"https:\/\/denizcankizil.tr\/uk\/haberler\/gundem\/baskan-gulden-ozcelik-ise-destek-ziyareti\/\"},\"wordCount\":502,\"publisher\":{\"@id\":\"https:\/\/denizcankizil.tr\/#organization\"},\"articleSection\":[\"G\u00fcndem\"],\"inLanguage\":\"uk\"},{\"@type\":\"WebPage\",\"@id\":\"https:\/\/denizcankizil.tr\/uk\/haberler\/gundem\/baskan-gulden-ozcelik-ise-destek-ziyareti\/\",\"url\":\"https:\/\/denizcankizil.tr\/uk\/haberler\/gundem\/baskan-gulden-ozcelik-ise-destek-ziyareti\/\",\"name\":\"Ba\u015fkan G\u00fcl\u2019den \u00d6z\u00e7elik-\u0130\u015f\u2019e destek ziyareti\u2026 - Av. Deniz Can K\u0131z\u0131l\",\"isPartOf\":{\"@id\":\"https:\/\/denizcankizil.tr\/#website\"},\"datePublished\":\"2025-05-29T13:42:24+00:00\",\"breadcrumb\":{\"@id\":\"https:\/\/denizcankizil.tr\/uk\/haberler\/gundem\/baskan-gulden-ozcelik-ise-destek-ziyareti\/#breadcrumb\"},\"inLanguage\":\"uk\",\"potentialAction\":[{\"@type\":\"ReadAction\",\"target\":[\"https:\/\/denizcankizil.tr\/uk\/haberler\/gundem\/baskan-gulden-ozcelik-ise-destek-ziyareti\/\"]}]},{\"@type\":\"BreadcrumbList\",\"@id\":\"https:\/\/denizcankizil.tr\/uk\/haberler\/gundem\/baskan-gulden-ozcelik-ise-destek-ziyareti\/#breadcrumb\",\"itemListElement\":[{\"@type\":\"ListItem\",\"position\":1,\"name\":\"Home\",\"item\":\"https:\/\/denizcankizil.tr\/de\/\"},{\"@type\":\"ListItem\",\"position\":2,\"name\":\"Ba\u015fkan G\u00fcl\u2019den \u00d6z\u00e7elik-\u0130\u015f\u2019e destek ziyareti\u2026\"}]},{\"@type\":\"WebSite\",\"@id\":\"https:\/\/denizcankizil.tr\/#website\",\"url\":\"https:\/\/denizcankizil.tr\/\",\"name\":\"Av. Deniz Can K\u0131z\u0131l\",\"description\":\"Avukat Deniz Can K\u0131z\u0131l Antalya Barosu\",\"publisher\":{\"@id\":\"https:\/\/denizcankizil.tr\/#organization\"},\"potentialAction\":[{\"@type\":\"SearchAction\",\"target\":{\"@type\":\"EntryPoint\",\"urlTemplate\":\"https:\/\/denizcankizil.tr\/?s={search_term_string}\"},\"query-input\":{\"@type\":\"PropertyValueSpecification\",\"valueRequired\":true,\"valueName\":\"search_term_string\"}}],\"inLanguage\":\"uk\"},{\"@type\":\"Organization\",\"@id\":\"https:\/\/denizcankizil.tr\/#organization\",\"name\":\"Av. Deniz Can K\u0131z\u0131l\",\"url\":\"https:\/\/denizcankizil.tr\/\",\"logo\":{\"@type\":\"ImageObject\",\"inLanguage\":\"uk\",\"@id\":\"https:\/\/denizcankizil.tr\/#\/schema\/logo\/image\/\",\"url\":\"https:\/\/denizcankizil.tr\/wp-content\/uploads\/2024\/10\/siyah-logo-svg.svg\",\"contentUrl\":\"https:\/\/denizcankizil.tr\/wp-content\/uploads\/2024\/10\/siyah-logo-svg.svg\",\"width\":1080,\"height\":1080,\"caption\":\"Av. Deniz Can K\u0131z\u0131l\"},\"image\":{\"@id\":\"https:\/\/denizcankizil.tr\/#\/schema\/logo\/image\/\"}},{\"@type\":\"Person\",\"@id\":\"https:\/\/denizcankizil.tr\/#\/schema\/person\/be3c05fe6a12686905512445d8185489\",\"name\":\"admin\",\"image\":{\"@type\":\"ImageObject\",\"inLanguage\":\"uk\",\"@id\":\"https:\/\/denizcankizil.tr\/#\/schema\/person\/image\/\",\"url\":\"https:\/\/secure.gravatar.com\/avatar\/c1fce94c830dc79107e174f890d7210541c4a63e8e5d816341794a2151c9d58c?s=96&d=mm&r=g\",\"contentUrl\":\"https:\/\/secure.gravatar.com\/avatar\/c1fce94c830dc79107e174f890d7210541c4a63e8e5d816341794a2151c9d58c?s=96&d=mm&r=g\",\"caption\":\"admin\"},\"sameAs\":[\"http:\/\/denizcankizil.tr\"],\"url\":\"https:\/\/www.iskenderun.org\/baskan-gulden-ozcelik-ise-destek-ziyareti\"}]}<\/script>\n<!-- \/ Yoast SEO Premium plugin. -->","yoast_head_json":{"title":"Ba\u015fkan G\u00fcl\u2019den \u00d6z\u00e7elik-\u0130\u015f\u2019e destek ziyareti\u2026 - Av. Deniz Can K\u0131z\u0131l","robots":{"index":"index","follow":"follow","max-snippet":"max-snippet:-1","max-image-preview":"max-image-preview:large","max-video-preview":"max-video-preview:-1"},"canonical":"https:\/\/denizcankizil.tr\/uk\/haberler\/gundem\/baskan-gulden-ozcelik-ise-destek-ziyareti\/","og_locale":"uk_UA","og_type":"article","og_title":"Ba\u015fkan G\u00fcl\u2019den \u00d6z\u00e7elik-\u0130\u015f\u2019e destek ziyareti\u2026","og_description":"Ba\u015fkan G\u00fcl\u2019e Belen Belediyesi Meclis \u00dcyeleri, AK Parti Belen \u0130l\u00e7e Ba\u015fkan\u0131 Abdullah \u00d6nder, MHP \u0130skenderun \u0130l\u00e7e Ba\u015fkan\u0131 Turan Bozkurt ve \u0130skenderun Belediyesi Ba\u015fkan Yard\u0131mc\u0131s\u0131 Cihan Aky\u00fcreko\u011flu da e\u015flik etti. Ziyaret kapsam\u0131nda, \u00d6z\u00e7elik-\u0130\u015f Sendikas\u0131 \u0130skenderun \u015eube Ba\u015fkan\u0131 Mehmet G\u00fcng\u00f6r ve sendika y\u00f6neticileriyle bir toplant\u0131 ger\u00e7ekle\u015ftirildi. Sendikan\u0131n \u015eube Ba\u015fkan\u0131 Mehmet G\u00fcng\u00f6r, \u00d6z\u00e7elik-\u0130\u015f\u2019in 17 bin \u00fcyesiyle b\u00f6lgenin ve metal sekt\u00f6r\u00fcn\u00fcn g\u00fc\u00e7l\u00fc sesi oldu\u011funa dikkat \u00e7ekerek, \u201c\u00d6zellikle son deprem felaketi sonras\u0131 sekt\u00f6r ciddi s\u0131k\u0131nt\u0131larla kar\u015f\u0131 kar\u015f\u0131ya kald\u0131. Yolbulan\u2019da yakla\u015f\u0131k 343 g\u00fcnd\u00fcr sahaday\u0131z ve \u00fcyelerimizin haklar\u0131 i\u00e7in m\u00fccadele ediyoruz. 35 bin liral\u0131k bir kazan\u0131m i\u00e7in verdi\u011fimiz \u00e7aban\u0131n k\u0131sa s\u00fcrede olumlu sonu\u00e7lanmas\u0131n\u0131 temenni ediyoruz\u201d dedi. Belen Belediye Ba\u015fkan\u0131 \u0130brahim G\u00fcl de, \u00d6z\u00e7elik-\u0130\u015f Sendikas\u0131\u2019n\u0131n verdi\u011fi m\u00fccadelenin kamuoyu taraf\u0131ndan dikkatle takip edildi\u011fini belirterek, \u201cGer\u00e7ek manada bir hak m\u00fccadelesi verdi\u011finizi, yap\u0131lan \u00e7al\u0131\u015fmalarla ve g\u00f6sterilen azimle t\u00fcm b\u00f6lgeye kan\u0131tlad\u0131n\u0131z. Bu onurlu duru\u015funuzu ve \u00e7abalar\u0131n\u0131z\u0131 y\u00fcrekten tebrik ediyorum. Verilen emeklerin bo\u015fa gitmeyece\u011fine ve Allah\u2019\u0131n bu \u00e7aban\u0131n kar\u015f\u0131l\u0131\u011f\u0131n\u0131 mutlaka verece\u011fine inan\u0131yorum,\u201d diye konu\u015ftu. AK Parti Belen \u0130l\u00e7e Ba\u015fkan\u0131 Abdullah \u00d6nder, sendikan\u0131n Demir \u00c7elik sekt\u00f6r\u00fcndeki \u00f6nemine dikkat \u00e7ekerek, AK Parti te\u015fkilat\u0131 olarak bu hakl\u0131 m\u00fccadelede sonuna kadar i\u015f\u00e7i s\u0131n\u0131f\u0131n\u0131n yan\u0131n\u0131zda yer ald\u0131klar\u0131n\u0131, \u00fczerimize d\u00fc\u015fen her g\u00f6revi yerine getirmeye haz\u0131r olduklar\u0131n\u0131 s\u00f6yledi. MHP \u0130skenderun \u0130l\u00e7e Ba\u015fkan\u0131 Turan Bozkurt ise sendikan\u0131n dayan\u0131\u015fma ve birlik i\u00e7inde &hellip;","og_url":"https:\/\/denizcankizil.tr\/uk\/haberler\/gundem\/baskan-gulden-ozcelik-ise-destek-ziyareti\/","og_site_name":"Av. Deniz Can K\u0131z\u0131l","article_published_time":"2025-05-29T13:42:24+00:00","author":"admin","twitter_card":"summary_large_image","twitter_misc":{"\u041d\u0430\u043f\u0438\u0441\u0430\u043d\u043e":"admin","\u041f\u0440\u0438\u0431\u043b. \u0447\u0430\u0441 \u0447\u0438\u0442\u0430\u043d\u043d\u044f":"2 \u0445\u0432\u0438\u043b\u0438\u043d\u0438"},"schema":{"@context":"https:\/\/schema.org","@graph":[{"@type":"Article","@id":"https:\/\/denizcankizil.tr\/uk\/haberler\/gundem\/baskan-gulden-ozcelik-ise-destek-ziyareti\/#article","isPartOf":{"@id":"https:\/\/denizcankizil.tr\/uk\/haberler\/gundem\/baskan-gulden-ozcelik-ise-destek-ziyareti\/"},"author":{"name":"admin","@id":"https:\/\/denizcankizil.tr\/#\/schema\/person\/be3c05fe6a12686905512445d8185489"},"headline":"Ba\u015fkan G\u00fcl\u2019den \u00d6z\u00e7elik-\u0130\u015f\u2019e destek ziyareti\u2026","datePublished":"2025-05-29T13:42:24+00:00","mainEntityOfPage":{"@id":"https:\/\/denizcankizil.tr\/uk\/haberler\/gundem\/baskan-gulden-ozcelik-ise-destek-ziyareti\/"},"wordCount":502,"publisher":{"@id":"https:\/\/denizcankizil.tr\/#organization"},"articleSection":["G\u00fcndem"],"inLanguage":"uk"},{"@type":"WebPage","@id":"https:\/\/denizcankizil.tr\/uk\/haberler\/gundem\/baskan-gulden-ozcelik-ise-destek-ziyareti\/","url":"https:\/\/denizcankizil.tr\/uk\/haberler\/gundem\/baskan-gulden-ozcelik-ise-destek-ziyareti\/","name":"Ba\u015fkan G\u00fcl\u2019den \u00d6z\u00e7elik-\u0130\u015f\u2019e destek ziyareti\u2026 - Av. Deniz Can K\u0131z\u0131l","isPartOf":{"@id":"https:\/\/denizcankizil.tr\/#website"},"datePublished":"2025-05-29T13:42:24+00:00","breadcrumb":{"@id":"https:\/\/denizcankizil.tr\/uk\/haberler\/gundem\/baskan-gulden-ozcelik-ise-destek-ziyareti\/#breadcrumb"},"inLanguage":"uk","potentialAction":[{"@type":"ReadAction","target":["https:\/\/denizcankizil.tr\/uk\/haberler\/gundem\/baskan-gulden-ozcelik-ise-destek-ziyareti\/"]}]},{"@type":"BreadcrumbList","@id":"https:\/\/denizcankizil.tr\/uk\/haberler\/gundem\/baskan-gulden-ozcelik-ise-destek-ziyareti\/#breadcrumb","itemListElement":[{"@type":"ListItem","position":1,"name":"Home","item":"https:\/\/denizcankizil.tr\/de\/"},{"@type":"ListItem","position":2,"name":"Ba\u015fkan G\u00fcl\u2019den \u00d6z\u00e7elik-\u0130\u015f\u2019e destek ziyareti\u2026"}]},{"@type":"WebSite","@id":"https:\/\/denizcankizil.tr\/#website","url":"https:\/\/denizcankizil.tr\/","name":"Av. Deniz Can K\u0131z\u0131l","description":"Avukat Deniz Can K\u0131z\u0131l Antalya Barosu","publisher":{"@id":"https:\/\/denizcankizil.tr\/#organization"},"potentialAction":[{"@type":"SearchAction","target":{"@type":"EntryPoint","urlTemplate":"https:\/\/denizcankizil.tr\/?s={search_term_string}"},"query-input":{"@type":"PropertyValueSpecification","valueRequired":true,"valueName":"search_term_string"}}],"inLanguage":"uk"},{"@type":"Organization","@id":"https:\/\/denizcankizil.tr\/#organization","name":"Av. Deniz Can K\u0131z\u0131l","url":"https:\/\/denizcankizil.tr\/","logo":{"@type":"ImageObject","inLanguage":"uk","@id":"https:\/\/denizcankizil.tr\/#\/schema\/logo\/image\/","url":"https:\/\/denizcankizil.tr\/wp-content\/uploads\/2024\/10\/siyah-logo-svg.svg","contentUrl":"https:\/\/denizcankizil.tr\/wp-content\/uploads\/2024\/10\/siyah-logo-svg.svg","width":1080,"height":1080,"caption":"Av. Deniz Can K\u0131z\u0131l"},"image":{"@id":"https:\/\/denizcankizil.tr\/#\/schema\/logo\/image\/"}},{"@type":"Person","@id":"https:\/\/denizcankizil.tr\/#\/schema\/person\/be3c05fe6a12686905512445d8185489","name":"\u0430\u0434\u043c\u0456\u043d","image":{"@type":"ImageObject","inLanguage":"uk","@id":"https:\/\/denizcankizil.tr\/#\/schema\/person\/image\/","url":"https:\/\/secure.gravatar.com\/avatar\/c1fce94c830dc79107e174f890d7210541c4a63e8e5d816341794a2151c9d58c?s=96&d=mm&r=g","contentUrl":"https:\/\/secure.gravatar.com\/avatar\/c1fce94c830dc79107e174f890d7210541c4a63e8e5d816341794a2151c9d58c?s=96&d=mm&r=g","caption":"admin"},"sameAs":["http:\/\/denizcankizil.tr"],"url":"https:\/\/www.iskenderun.org\/baskan-gulden-ozcelik-ise-destek-ziyareti"}]}},"_links":{"self":[{"href":"https:\/\/denizcankizil.tr\/uk\/wp-json\/wp\/v2\/posts\/100824","targetHints":{"allow":["GET"]}}],"collection":[{"href":"https:\/\/denizcankizil.tr\/uk\/wp-json\/wp\/v2\/posts"}],"about":[{"href":"https:\/\/denizcankizil.tr\/uk\/wp-json\/wp\/v2\/types\/post"}],"author":[{"embeddable":true,"href":"https:\/\/denizcankizil.tr\/uk\/wp-json\/wp\/v2\/users\/1"}],"replies":[{"embeddable":true,"href":"https:\/\/denizcankizil.tr\/uk\/wp-json\/wp\/v2\/comments?post=100824"}],"version-history":[{"count":0,"href":"https:\/\/denizcankizil.tr\/uk\/wp-json\/wp\/v2\/posts\/100824\/revisions"}],"wp:attachment":[{"href":"https:\/\/denizcankizil.tr\/uk\/wp-json\/wp\/v2\/media?parent=100824"}],"wp:term":[{"taxonomy":"category","embeddable":true,"href":"https:\/\/denizcankizil.tr\/uk\/wp-json\/wp\/v2\/categories?post=100824"},{"taxonomy":"post_tag","embeddable":true,"href":"https:\/\/denizcankizil.tr\/uk\/wp-json\/wp\/v2\/tags?post=100824"}],"curies":[{"name":"wp","href":"https:\/\/api.w.org\/{rel}","templated":true}]}}