{"id":100690,"date":"2025-05-29T15:41:20","date_gmt":"2025-05-29T12:41:20","guid":{"rendered":"https:\/\/denizcankizil.tr\/uncategorized-tr\/tum-yonleriyle-el-atmanin-onlenmesi-davasi-yargi-kararlari\/"},"modified":"2025-05-29T15:41:20","modified_gmt":"2025-05-29T12:41:20","slug":"tum-yonleriyle-el-atmanin-onlenmesi-davasi-yargi-kararlari","status":"publish","type":"post","link":"https:\/\/denizcankizil.tr\/uk\/koseyazilari\/degerlendirme\/tum-yonleriyle-el-atmanin-onlenmesi-davasi-yargi-kararlari\/","title":{"rendered":"T\u00fcm Y\u00f6nleriyle El Atman\u0131n \u00d6nlenmesi Davas\u0131: Yarg\u0131 Kararlar\u0131"},"content":{"rendered":"<p> <strong>T\u00fcm Y\u00f6nleriyle \u2062El\u2062 Atman\u0131n\u200c \u00d6nlenmesi Davas\u0131: Yarg\u0131 kararlar\u0131<\/strong><\/p>\n<p>el atman\u0131n \u00f6nlenmesi davas\u0131, T\u00fcrk hukuk sisteminde m\u00fclkiyet hakk\u0131n\u0131n\u200d korunmas\u0131 a\u00e7\u0131s\u0131ndan \u00f6nemli bir yere sahiptir.\u2062 M\u00fclkiyet hakk\u0131, \u200bAnayasa&#8217;n\u0131n 35. \u200dmaddesi ile g\u00fcvence alt\u0131na\u200b al\u0131nm\u0131\u015f \u2062olup, bireylerin m\u00fclkleri \u00fczerindeki tasarruf yetkilerini koruma\u2064 amac\u0131n\u0131 ta\u015f\u0131maktad\u0131r. Ancak, \u2064m\u00fclkiyet hakk\u0131n\u0131n\u200d ihlali\u200c durumunda, ma\u011fdur olan taraflar\u0131n\u2062 haklar\u0131n\u0131 arayabilmesi i\u00e7in hukuki yollar\u0131n \u200ca\u00e7\u0131k olmas\u0131 gerekmektedir. Bu ba\u011flamda, el atman\u0131n \u00f6nlenmesi davas\u0131, m\u00fclk sahibi ile \u00fc\u00e7\u00fcnc\u00fc \u200dki\u015filer aras\u0131ndaki ihtilaflar\u0131n \u200d\u00e7\u00f6z\u00fcm\u00fcnde kritik bir rol oynamaktad\u0131r.Bu makalede, el\u200c atman\u0131n \u00f6nlenmesi davas\u0131n\u0131n hukuki \u00e7er\u00e7evesi, ba\u015fvuru \u200c\u015fartlar\u0131 ve yarg\u0131 s\u00fcre\u00e7leri detayl\u0131 bir \u015fekilde ele \u200bal\u0131nacak; Yarg\u0131tay \u200dkararlar\u0131 \u0131\u015f\u0131\u011f\u0131nda, \u2064bu davalar\u0131n nas\u0131l \u015fekillendi\u011fi \u200cve\u2062 uygulamada kar\u015f\u0131la\u015f\u0131lan sorunlar \u00fczerinde durulacakt\u0131r. Yarg\u0131 kararlar\u0131n\u0131n incelenmesi, hem teorik hem de pratik a\u00e7\u0131dan el atman\u0131n \u00f6nlenmesi \u2063davas\u0131n\u0131n \u2062i\u015fleyi\u015fine dair derinlemesine \u200cbir anlay\u0131\u015f geli\u015ftirilmesine katk\u0131 sa\u011flayacakt\u0131r. Bu \u00e7al\u0131\u015fma, hukuk\u00e7ular, akademisyenler ve m\u00fclkiyet hakk\u0131 sahipleri \u200di\u00e7in \u00f6nemli bir kaynak niteli\u011fi\u200c ta\u015f\u0131maktad\u0131r.<br \/><img decoding=\"async\" class=\"kimage_class lazyload\" data-src=\"https:\/\/denizcankizil.tr\/wp-content\/uploads\/2024\/10\/3982-antalyadaki-fikri-ve-sinai-haklar-avukatlarinin-yetki-alanlari.jpg\" alt=\"T\u00fcm Y\u00f6nleriyle El Atman\u0131n \u00d6nlenmesi \u200ddavas\u0131 Nedir\" src=\"data:image\/svg+xml;base64,PHN2ZyB3aWR0aD0iMSIgaGVpZ2h0PSIxIiB4bWxucz0iaHR0cDovL3d3dy53My5vcmcvMjAwMC9zdmciPjwvc3ZnPg==\"><\/p>\n<h2 id=\"tum-yonleriyle-el-atmanin-onlenmesi-davasi-nedir\">T\u00fcm Y\u00f6nleriyle El Atman\u0131n \u00d6nlenmesi\u2064 Davas\u0131\u200c Nedir<\/h2>\n<p><strong>T\u00fcm y\u00f6nleriyle\u2062 el atman\u0131n \u2064\u00f6nlenmesi davas\u0131<\/strong>, \u200cbir ki\u015finin veya\u200b kurumun, ba\u015fkalar\u0131n\u0131n m\u00fclkiyetine izinsiz olarak m\u00fcdahale etmesini engellemeyi ama\u00e7layan \u2063hukuki bir s\u00fcre\u00e7tir. Bu\u2062 dava, m\u00fclkiyet \u2062hakk\u0131n\u0131n korunmas\u0131 a\u00e7\u0131s\u0131ndan \u2063b\u00fcy\u00fck \u00f6nem ta\u015f\u0131r ve T\u00fcrk\u200c Medeni Kanunu&#8217;nda\u2064 d\u00fczenlenmi\u015ftir.El atman\u0131n \u00f6nlenmesi davas\u0131,genellikle \u200dm\u00fclk sahibi taraf\u0131ndan,m\u00fclk \u00fczerinde haks\u0131z \u2063bir \u015fekilde hak iddia eden\u200b veya m\u00fclk\u00fc kullanan ki\u015filere kar\u015f\u0131 \u200ba\u00e7\u0131l\u0131r.<\/p>\n<p>bu t\u00fcr\u200c davalarda, mahkeme \u00f6ncelikle\u2062 el atman\u0131n \u2064varl\u0131\u011f\u0131n\u0131 ve haks\u0131zl\u0131\u011f\u0131n\u0131 de\u011ferlendirir.Davan\u0131n kabul \u200dedilebilmesi i\u00e7in,\u200b m\u00fclk\u200c sahibinin m\u00fclk \u00fczerindeki haklar\u0131n\u0131n ihlal edildi\u011finin somut\u200d bir \u015fekilde\u200b kan\u0131tlanmas\u0131 gerekmektedir.\u200b Mahkeme, m\u00fclk sahibinin haklar\u0131n\u0131 korumak amac\u0131yla, el atman\u0131n\u200b durdurulmas\u0131na ve gerekirse m\u00fclk\u00fcn eski durumuna getirilmesine karar verebilir.<\/p>\n<p>El \u200datman\u0131n \u00f6nlenmesi davas\u0131nda dikkate \u200bal\u0131nmas\u0131 gereken baz\u0131 \u00f6nemli noktalar \u015funlard\u0131r:<\/p>\n<ul>\n<li><strong>M\u00fclkiyet Hakk\u0131:<\/strong> M\u00fclk sahibinin sahip oldu\u011fu haklar\u0131n ihlal edilip edilmedi\u011fi incelenir.<\/li>\n<li><strong>Haks\u0131z El Atma:<\/strong> Daval\u0131\u200d taraf\u0131n el atmas\u0131n\u0131n haks\u0131z olup olmad\u0131\u011f\u0131na karar verilir.<\/li>\n<li><strong>Delil Sunma:<\/strong> M\u00fclk sahibinin, \u2064el \u2063atman\u0131n\u2063 haks\u0131z \u200boldu\u011funu\u200d kan\u0131tlayacak yeterli delil sunmas\u0131 gerekmektedir.<\/li>\n<\/ul>\n<p>Sonu\u00e7 olarak, t\u00fcm\u200c y\u00f6nleriyle el\u200c atman\u0131n \u00f6nlenmesi\u2064 davas\u0131, m\u00fclkiyet haklar\u0131n\u0131n korunmas\u0131 a\u00e7\u0131s\u0131ndan kritik\u200d bir\u2063 \u00f6neme sahiptir.Bu dava, m\u00fclk sahiplerinin haklar\u0131n\u0131 g\u00fcvence\u200d alt\u0131na alarak,\u2062 haks\u0131z m\u00fcdahalelere kar\u015f\u0131 etkili bir koruma \u2064mekanizmas\u0131 sunmaktad\u0131r.<\/p>\n<p><img decoding=\"async\" class=\"kimage_class lazyload\" data-src=\"https:\/\/denizcankizil.tr\/wp-content\/uploads\/2024\/10\/H7KLQ-253D.jpg\" alt=\"El Atman\u0131n \u00d6nlenmesi \u200bDavas\u0131nda Taraflar\u0131n Haklar\u0131 ve Y\u00fck\u00fcml\u00fcl\u00fckleri\" src=\"data:image\/svg+xml;base64,PHN2ZyB3aWR0aD0iMSIgaGVpZ2h0PSIxIiB4bWxucz0iaHR0cDovL3d3dy53My5vcmcvMjAwMC9zdmciPjwvc3ZnPg==\"><\/p>\n<h2 id=\"el-atmanin-onlenmesi-davasinda-taraflarin-haklari-ve-yukumlulukleri\">El Atman\u0131n \u00d6nlenmesi Davas\u0131nda Taraflar\u0131n Haklar\u0131 ve\u200d Y\u00fck\u00fcml\u00fcl\u00fckleri<\/h2>\n<section>\n<p>El atman\u0131n \u00f6nlenmesi \u200ddavas\u0131, m\u00fclkiyet\u2062 hakk\u0131n\u0131n\u200d korunmas\u0131 a\u00e7\u0131s\u0131ndan \u00f6nemli bir\u2064 hukuki \u200cs\u00fcre\u00e7tir.Bu davada taraflar\u0131n \u200csahip oldu\u011fu haklar ve \u200by\u00fck\u00fcml\u00fcl\u00fckler, hukukun temel\u2062 ilkeleri do\u011frultusunda \u2062belirlenmi\u015ftir.\u2064 Taraflar\u0131n\u2063 haklar\u0131 aras\u0131nda, dava a\u00e7ma hakk\u0131, \u200ddelil sunma hakk\u0131 ve savunma\u2064 hakk\u0131 bulunmaktad\u0131r.Her iki taraf da,\u2062 iddialar\u0131n\u0131 destekleyecek \u2064belgeleri ve delilleri\u200c mahkemeye sunma y\u00fck\u00fcml\u00fcl\u00fc\u011f\u00fcne sahiptir.<\/p>\n<p>Davac\u0131,el atman\u0131n \u00f6nlenmesi talebinde bulunarak,m\u00fclkiyet \u200bhakk\u0131n\u0131n ihlal edildi\u011fini ispatlamakla y\u00fck\u00fcml\u00fcd\u00fcr. \u2063Bu ba\u011flamda, davac\u0131n\u0131n el atman\u0131n varl\u0131\u011f\u0131n\u0131 \u200bve bunun \u2063hukuka ayk\u0131r\u0131 \u2062oldu\u011funu kan\u0131tlamas\u0131 gerekmektedir.\u2064 Daval\u0131\u200c ise, el atman\u0131n hukuka uygun oldu\u011funu veya davac\u0131n\u0131n iddialar\u0131n\u0131 \u00e7\u00fcr\u00fctecek delilleri\u2062 sunma\u200c hakk\u0131na sahiptir.Bu s\u00fcre\u00e7te, her iki\u200d taraf\u0131n da mahkeme \u00f6n\u00fcnde e\u015fit \u015fekilde temsil \u200cedilmesi, adil yarg\u0131lanma\u2062 ilkesinin bir gere\u011fidir.<\/p>\n<p>Taraflar\u0131n y\u00fck\u00fcml\u00fcl\u00fckleri aras\u0131nda,\u2063 mahkemece belirlenen s\u00fcreler i\u00e7inde gerekli belgeleri\u2064 sunmak ve \u200cduru\u015fmalara \u200ckat\u0131lmak yer \u2062almaktad\u0131r. Ayr\u0131ca, taraflar\u0131n\u2064 mahkeme kararlar\u0131na uymas\u0131 ve bu kararlar\u0131n icras\u0131n\u0131\u200d sa\u011flamas\u0131 da \u00f6nemli bir\u200c y\u00fck\u00fcml\u00fcl\u00fckt\u00fcr.\u2063 El atman\u0131n \u00f6nlenmesi davas\u0131nda, taraflar\u0131n hak ve y\u00fck\u00fcml\u00fcl\u00fcklerine riayet\u2064 edilmesi, s\u00fcrecin\u200d sa\u011fl\u0131kl\u0131 bir \u200c\u015fekilde ilerlemesi a\u00e7\u0131s\u0131ndan kritik \u00f6neme sahiptir.<\/p>\n<\/section>\n<p><img decoding=\"async\" class=\"kimage_class lazyload\" data-src=\"https:\/\/denizcankizil.tr\/wp-content\/uploads\/2024\/10\/2JauI-253D.jpg\" alt=\"Yarg\u0131tay \u200d\u0130\u00e7tihatlar\u0131 I\u015f\u0131\u011f\u0131nda El \u200dAtman\u0131n\u200d \u00d6nlenmesi Davas\u0131 S\u00fcreci\" src=\"data:image\/svg+xml;base64,PHN2ZyB3aWR0aD0iMSIgaGVpZ2h0PSIxIiB4bWxucz0iaHR0cDovL3d3dy53My5vcmcvMjAwMC9zdmciPjwvc3ZnPg==\"><\/p>\n<h2 id=\"yargitay-ictihatlari-isiginda-el-atmanin-onlenmesi-davasi-sureci\">Yarg\u0131tay \u2062\u0130\u00e7tihatlar\u0131 \u2062I\u015f\u0131\u011f\u0131nda \u200bEl Atman\u0131n\u200c \u00d6nlenmesi Davas\u0131 S\u00fcreci<\/h2>\n<p>El\u2063 atman\u0131n \u00f6nlenmesi davas\u0131, m\u00fclkiyet hakk\u0131n\u0131n \u2062korunmas\u0131 amac\u0131yla ba\u015fvurulan hukuki bir yoldur. \u200cBu dava t\u00fcr\u00fc, bir ki\u015finin m\u00fclkiyetine izinsiz olarak el\u2062 atan \u200ddi\u011fer bir ki\u015fiye kar\u015f\u0131 a\u00e7\u0131lmaktad\u0131r. Yarg\u0131tay i\u00e7tihatlar\u0131,bu t\u00fcr davalar\u0131n \u2063nas\u0131l y\u00fcr\u00fct\u00fclece\u011fi \u200dve hangi ko\u015fullarda sonu\u00e7lanaca\u011f\u0131 konusunda \u00f6nemli\u200b bir rehberlik sa\u011flamaktad\u0131r.\u2063 A\u015fa\u011f\u0131da, el\u200d atman\u0131n \u00f6nlenmesi davas\u0131 s\u00fcrecine dair \u2064Yarg\u0131tay kararlar\u0131n\u0131n belirledi\u011fi baz\u0131\u200b temel \u2063noktalar s\u0131ralanm\u0131\u015ft\u0131r:<\/p>\n<ul>\n<li><strong>Davac\u0131\u2062 ve Daval\u0131\u2064 Taraflar:<\/strong> Davada, m\u00fclk sahibi\u200c davac\u0131 olarak\u2064 yer\u200c al\u0131rken, el atan ki\u015fi daval\u0131 konumundad\u0131r. Davan\u0131n a\u00e7\u0131labilmesi \u200di\u00e7in\u2062 davac\u0131n\u0131n \u2063m\u00fclkiyet hakk\u0131na sahip oldu\u011funu ispatlamas\u0131 gerekmektedir.<\/li>\n<li><strong>Delil Sunma Y\u00fck\u00fcml\u00fcl\u00fc\u011f\u00fc:<\/strong> Davac\u0131, \u200bm\u00fclkiyet\u200b hakk\u0131n\u0131 kan\u0131tlamak i\u00e7in gerekli belgeleri ve delilleri mahkemeye sunmak zorundad\u0131r. \u200dBu belgeler, tapu kay\u0131tlar\u0131, s\u00f6zle\u015fmeler veya di\u011fer m\u00fclkiyet belgeleri olabilir.<\/li>\n<li><strong>\u0130htiyati Tedbir \u200bTalebi:<\/strong> \u200b Davac\u0131, \u200bel atman\u0131n devam etmesi \u2063durumunda \u200dzarar g\u00f6rmemek \u200di\u00e7in\u2063 mahkemeden ihtiyati tedbir talep edebilir. Bu \u2064talep, davan\u0131n sonu\u00e7lanmas\u0131n\u0131\u2062 beklemeden \u200cm\u00fclk\u00fcn korunmas\u0131n\u0131 sa\u011flar.<\/li>\n<li><strong>Yarg\u0131tay Kararlar\u0131:<\/strong> \u200cYarg\u0131tay, <a href=\"https:\/\/denizcankizil.tr\/uk\/hukukihaber\/tum-yonleriyle-el-atmanin-onlenmesi-davasi-yargi-kararlariyla\/\" title=\"T\u00dcM Y\u00d6NLER\u0130YLE EL ATMANIN \u00d6NLENMES\u0130 DAVASI (YARGI KARARLARIYLA)\">el atman\u0131n \u00f6nlenmesi davalar\u0131nda<\/a>, m\u00fclkiyet hakk\u0131n\u0131n korunmas\u0131na\u2064 y\u00f6nelik olarak verdi\u011fi kararlarla, hukukun genel ilkelerine ve m\u00fclkiyet \u200dhakk\u0131n\u0131n korunmas\u0131na dair \u2062temel\u200b prensiplere vurgu yapmaktad\u0131r.<\/li>\n<\/ul>\n<p>Sonu\u00e7 olarak, el atman\u0131n \u00f6nlenmesi davas\u0131, \u2062m\u00fclkiyet haklar\u0131n\u0131n \u2064korunmas\u0131 a\u00e7\u0131s\u0131ndan b\u00fcy\u00fck bir\u200d \u00f6neme sahiptir. Yarg\u0131tay i\u00e7tihatlar\u0131,\u200d bu s\u00fcre\u00e7te izlenmesi gereken\u2063 yollar\u0131 ve dikkat \u200dedilmesi gereken hususlar\u0131 \u2064net bir \u015fekilde ortaya koymaktad\u0131r. Davac\u0131lar\u0131n, haklar\u0131n\u0131 korumak ad\u0131na bu i\u00e7tihatlar\u0131 dikkate\u200c alarak \u200bhareket etmeleri, davan\u0131n seyrini \u2064olumlu \u200dy\u00f6nde\u2064 etkileyebilir.<\/p>\n<p><img decoding=\"async\" class=\"kimage_class lazyload\" data-src=\"https:\/\/denizcankizil.tr\/wp-content\/uploads\/2024\/10\/78x381.jpg\" alt=\"El\u2062 Atman\u0131n \u00d6nlenmesi\u200d Davas\u0131nda Delil \u0130kamesi ve De\u011ferlendirilmesi\" src=\"data:image\/svg+xml;base64,PHN2ZyB3aWR0aD0iMSIgaGVpZ2h0PSIxIiB4bWxucz0iaHR0cDovL3d3dy53My5vcmcvMjAwMC9zdmciPjwvc3ZnPg==\"><\/p>\n<h2 id=\"el-atmanin-onlenmesi-davasinda-delil-ikamesi-ve-degerlendirilmesi\">El Atman\u0131n \u00d6nlenmesi \u2064Davas\u0131nda Delil\u200b \u0130kamesi ve De\u011ferlendirilmesi<\/h2>\n<section>\n<p>El atman\u0131n \u00f6nlenmesi \u2064davalar\u0131nda, delil\u2062 ikamesi \u2062ve bu delillerin \u200dde\u011ferlendirilmesi, davan\u0131n seyrini etkileyen \u200c\u00f6nemli unsurlard\u0131r.\u200d Bu t\u00fcr davalarda, \u200dtaraflar\u0131n iddialar\u0131n\u0131 destekleyecek\u2063 somut \u200cdeliller sunmalar\u0131 gerekmektedir. Delil\u2064 ikamesi, mahkeme\u200d taraf\u0131ndan \u2062kabul edilen ve davan\u0131n \u00e7\u00f6z\u00fcm\u00fcnde etkili olan belgelerin,\u2063 tan\u0131k \u2063ifadelerinin ve di\u011fer\u200b kan\u0131tlar\u0131n sunulmas\u0131 s\u00fcrecidir.<\/p>\n<p>Mahkemeler, el atman\u0131n \u00f6nlenmesi davalar\u0131nda sunulan delilleri de\u011ferlendirirken, a\u015fa\u011f\u0131daki unsurlar\u0131 dikkate \u200bal\u0131r:<\/p>\n<ul>\n<li><strong>Delil T\u00fcrleri:<\/strong> Yaz\u0131l\u0131 belgeler, tan\u0131k beyanlar\u0131 ve uzman g\u00f6r\u00fc\u015fleri gibi \u00e7e\u015fitli delil t\u00fcrleri, mahkemece incelenir.<\/li>\n<li><strong>Delillerin ge\u00e7erlili\u011fi:<\/strong> Sunulan delillerin\u2064 hukuki ge\u00e7erlili\u011fi ve g\u00fcvenilirli\u011fi,\u200c mahkeme taraf\u0131ndan\u200b titizlikle \u200bde\u011ferlendirilir.<\/li>\n<li><strong>\u0130ddialar\u0131n\u200b Desteklenmesi:<\/strong> \u200bTaraflar\u0131n iddialar\u0131n\u0131 destekleyen delillerin yeterlili\u011fi, davan\u0131n\u2063 sonucunu etkileyen bir fakt\u00f6rd\u00fcr.<\/li>\n<\/ul>\n<p>Sonu\u00e7 \u200colarak, \u2064el atman\u0131n \u00f6nlenmesi davalar\u0131nda delil \u200bikamesi ve bu delillerin\u200b de\u011ferlendirilmesi, hukuki s\u00fcrecin\u2063 sa\u011fl\u0131kl\u0131 i\u015flemesi a\u00e7\u0131s\u0131ndan kritik \u2063bir \u00f6neme sahiptir. \u2064Mahkemeler, \u2063sunulan delilleri titizlikle inceleyerek, <a href=\"https:\/\/denizcankizil.tr\/uk\/koseyazilari\/degerlendirme\/imzaya-itirazda-tedbirin-infazi-hukuki-surec-ve-onemi\/\" title=\"\u0130mzaya \u0130tirazda Tedbirin \u0130nfaz\u0131: Hukuki S\u00fcre\u00e7 ve \u00d6nemi\">adaletin tecelli etmesine\u200b katk\u0131da bulunur<\/a>.<\/p>\n<\/section>\n<p><img decoding=\"async\" class=\"kimage_class lazyload\" data-src=\"https:\/\/denizcankizil.tr\/wp-content\/uploads\/2024\/10\/x504-1.jpg\" alt=\"Mahkeme \u2062Kararlar\u0131n\u0131n Uygulanmas\u0131 ve\u200d \u0130tiraz S\u00fcre\u00e7leri\" src=\"data:image\/svg+xml;base64,PHN2ZyB3aWR0aD0iMSIgaGVpZ2h0PSIxIiB4bWxucz0iaHR0cDovL3d3dy53My5vcmcvMjAwMC9zdmciPjwvc3ZnPg==\"><\/p>\n<h2 id=\"mahkeme-kararlarinin-uygulanmasi-ve-itiraz-surecleri\">Mahkeme Kararlar\u0131n\u0131n Uygulanmas\u0131 ve \u0130tiraz \u2063S\u00fcre\u00e7leri<\/h2>\n<section>\n<p>Mahkeme kararlar\u0131n\u0131n uygulanmas\u0131, hukuk sisteminin\u200c etkinli\u011fi a\u00e7\u0131s\u0131ndan b\u00fcy\u00fck bir \u00f6neme sahiptir. Mahkeme taraf\u0131ndan\u2064 verilen kararlar, taraflar \u2063aras\u0131nda hukuki bir ba\u011f olu\u015fturur ve bu kararlar\u0131n yerine getirilmesi, adaletin sa\u011flanmas\u0131 i\u00e7in gereklidir. Ancak, baz\u0131 durumlarda bu\u200d kararlar\u0131n uygulanmas\u0131nda zorluklar ya\u015fanabilir. Bu nedenle,mahkeme kararlar\u0131na\u200c itiraz s\u00fcre\u00e7leri de hukuk sisteminin \u00f6nemli bir par\u00e7as\u0131n\u0131 olu\u015fturur.<\/p>\n<p>\u0130tiraz s\u00fcre\u00e7leri, mahkeme kararlar\u0131n\u0131n\u2064 denetlenmesi ve gerekti\u011finde d\u00fczeltilmesi amac\u0131yla y\u00fcr\u00fct\u00fcl\u00fcr. Taraflar, mahkeme karar\u0131na kar\u015f\u0131 belirli s\u00fcreler \u2064i\u00e7inde \u2062itirazda bulunabilirler. Bu s\u00fcre\u00e7, \u2064a\u015fa\u011f\u0131daki a\u015famalar\u0131 i\u00e7ermektedir:<\/p>\n<ul>\n<li><strong>\u0130tiraz \u200dS\u00fcresi:<\/strong> Mahkeme karar\u0131na itiraz i\u00e7in belirlenen s\u00fcre, <a href=\"https:\/\/denizcankizil.tr\/uk\/koseyazilari\/degerlendirme\/itiraz-merciinin-tahliye-kararina-itiraz-hakki-ve-sartlari\/\" title=\"\u0130tiraz Merciinin Tahliye Karar\u0131na \u0130tiraz Hakk\u0131 ve \u015eartlar\u0131\">genellikle karar\u0131n tebli\u011finden itibaren ba\u015flar<\/a>.<\/li>\n<li><strong>\u0130tiraz Dilek\u00e7esi:<\/strong> Taraflar, itirazlar\u0131n\u0131 i\u00e7eren\u200b bir dilek\u00e7e ile ilgili mahkemeye \u2062ba\u015fvuruda bulunmal\u0131d\u0131r.<\/li>\n<li><strong>\u0130tiraz\u0131n\u2062 \u0130ncelenmesi:<\/strong> \u0130tiraz\u200b dilek\u00e7esi, mahkeme taraf\u0131ndan incelenerek, karar\u0131n hukuka\u2062 uygunlu\u011fu de\u011ferlendirilir.<\/li>\n<li><strong>Sonu\u00e7:<\/strong> Mahkeme,itiraz\u0131 kabul \u200dedebilir\u200b veya reddedebilir; bu durumda \u200cyeni bir karar verilir.<\/li>\n<\/ul>\n<p>Mahkeme kararlar\u0131n\u0131n uygulanmas\u0131 ve itiraz s\u00fcre\u00e7leri, hukukun \u00fcst\u00fcnl\u00fc\u011f\u00fcn\u00fc \u2062sa\u011flamak ve\u200d taraflar\u0131n haklar\u0131n\u0131 korumak ad\u0131na\u200d kritik bir rol oynamaktad\u0131r. Bu s\u00fcre\u00e7lerin do\u011fru bir \u015fekilde i\u015fletilmesi,adaletin tecellisi\u200b a\u00e7\u0131s\u0131ndan son derece \u00f6nemlidir.<\/p>\n<\/section>\n<h2 id=\"el-atmanin-onlenmesi-davasinda-sikca-karsilasilan-sorunlar-ve-cozum-onerileri\">El Atman\u0131n \u2064\u00d6nlenmesi\u2063 Davas\u0131nda S\u0131k\u00e7a kar\u015f\u0131la\u015f\u0131lan sorunlar ve \u00c7\u00f6z\u00fcm \u00d6nerileri<\/h2>\n<section>\n<p>El atman\u0131n \u00f6nlenmesi davalar\u0131, m\u00fclkiyet hakk\u0131n\u0131n korunmas\u0131 a\u00e7\u0131s\u0131ndan\u200b b\u00fcy\u00fck \u00f6nem ta\u015f\u0131maktad\u0131r.\u200c Ancak, bu\u200c t\u00fcr davalarda \u00e7e\u015fitli sorunlarla kar\u015f\u0131la\u015fmak m\u00fcmk\u00fcnd\u00fcr.\u2063 Bu sorunlar\u2063 aras\u0131nda en yayg\u0131n olanlar\u0131 \u2062\u015funlard\u0131r:<\/p>\n<ul>\n<li><strong>Delil Yetersizli\u011fi:<\/strong> Davalarda, el atman\u0131n ispat\u0131 i\u00e7in yeterli delil sunulamamas\u0131\u200d s\u0131k\u00e7a rastlanan bir durumdur. \u200cBu, mahkeme kararlar\u0131n\u0131n sa\u011fl\u0131kl\u0131 bir \u015fekilde verilmesini engelleyebilir.<\/li>\n<li><strong>\u0130htiyati\u200b tedbir Talebi:<\/strong> \u0130htiyati tedbir \u200ctaleplerinin zaman\u0131nda ve usul\u00fcne uygun olarak yap\u0131lmamas\u0131, davan\u0131n seyrini\u200b olumsuz etkileyebilir.<\/li>\n<li><strong>Taraflar\u0131n\u200d \u0130htilaf\u0131:<\/strong> taraflar\u200c aras\u0131ndaki ileti\u015fim eksikli\u011fi ve anla\u015fmazl\u0131klar, davan\u0131n uzamas\u0131na\u200d ve karma\u015f\u0131k\u2063 hale gelmesine\u200c neden olabilir.<\/li>\n<\/ul>\n<p>Bu sorunlar\u0131n \u00fcstesinden gelmek i\u00e7in \u200dbaz\u0131 \u00e7\u00f6z\u00fcm \u00f6nerileri geli\u015ftirilmi\u015ftir:<\/p>\n<ul>\n<li><strong>Delil Toplama\u2062 S\u00fcrecinin\u200c G\u00fc\u00e7lendirilmesi:<\/strong> Taraflar\u0131n, \u200del atman\u0131n \u200dispat\u0131\u2062 i\u00e7in\u200b gerekli \u200bdelilleri zaman\u0131nda ve eksiksiz bir \u015fekilde toplamalar\u0131 te\u015fvik edilmelidir.<\/li>\n<li><strong>hukuki \u2063Dan\u0131\u015fmanl\u0131k:<\/strong> Davaya ili\u015fkin hukuki s\u00fcre\u00e7lerin\u200d daha iyi anla\u015f\u0131lmas\u0131\u200c i\u00e7in profesyonel hukuki dan\u0131\u015fmanl\u0131k al\u0131nmas\u0131 \u00f6nerilmektedir.<\/li>\n<li><strong>alternatif \u2062\u00c7\u00f6z\u00fcm Y\u00f6ntemleri:<\/strong> \u2062Taraflar \u200baras\u0131ndaki \u200cihtilaflar\u0131n mahkeme d\u0131\u015f\u0131 yollarla \u00e7\u00f6z\u00fclmesi \u2063i\u00e7in arabuluculuk gibi\u2063 alternatif y\u00f6ntemlerin kullan\u0131lmas\u0131 te\u015fvik edilmelidir.<\/li>\n<\/ul>\n<p>Bu \u00f6nerilerin hayata ge\u00e7irilmesi,\u200b el atman\u0131n \u200b\u00f6nlenmesi \u2062davalar\u0131n\u0131n daha \u2062etkin bir\u200d \u015fekilde y\u00fcr\u00fct\u00fclmesine katk\u0131 sa\u011flayacakt\u0131r.<\/p>\n<\/section>\n<p>Sonu\u00e7 olarak,el atman\u0131n \u00f6nlenmesi davas\u0131,m\u00fclkiyet haklar\u0131n\u0131n\u2063 korunmas\u0131 a\u00e7\u0131s\u0131ndan son derece \u2062\u00f6nemli bir hukuki mekanizmad\u0131r. Yarg\u0131tay i\u00e7tihatlar\u0131,bu davalar\u0131n nas\u0131l y\u00fcr\u00fct\u00fclece\u011fi ve hangi ko\u015fullar alt\u0131nda kabul edilece\u011fi konusunda \u00f6nemli bir rehberlik sunmaktad\u0131r. Makalemizde \u2062ele\u2062 ald\u0131\u011f\u0131m\u0131z yarg\u0131 kararlar\u0131, uygulamada kar\u015f\u0131la\u015f\u0131lan sorunlara\u200b \u0131\u015f\u0131k\u200d tutmakta ve hukuk\u00e7ular\u200c i\u00e7in de\u011ferli\u200d bir kaynak te\u015fkil etmektedir.El \u200catman\u0131n\u200c \u00f6nlenmesi davalar\u0131n\u0131n, \u200bm\u00fclkiyet hakk\u0131n\u0131n ihlali durumlar\u0131nda etkin bir \u00e7\u00f6z\u00fcm yolu sundu\u011fu ve bu ba\u011flamda hukukun \u00fcst\u00fcnl\u00fc\u011f\u00fcn\u00fcn sa\u011flanmas\u0131na \u200ckatk\u0131da bulundu\u011fu a\u00e7\u0131kt\u0131r. Gelecekte, bu\u2062 alandaki yarg\u0131 uygulamalar\u0131n\u0131n geli\u015fimi, m\u00fclkiyet\u2062 haklar\u0131n\u0131n daha\u200d etkin bir \u015fekilde korunmas\u0131na olanak tan\u0131yacakt\u0131r. Bu ba\u011flamda, hukuk camias\u0131n\u0131n \u200dve uygulay\u0131c\u0131lar\u0131n, Yarg\u0131tay kararlar\u0131n\u0131 dikkate alarak, m\u00fclkiyet haklar\u0131n\u0131n korunmas\u0131na y\u00f6nelik daha sa\u011flam bir zemin olu\u015fturmas\u0131 \u00f6nem arz etmektedir. <\/p>","protected":false},"excerpt":{"rendered":"<p>El atman\u0131n \u00f6nlenmesi davas\u0131, m\u00fclkiyet hakk\u0131n\u0131n korunmas\u0131 a\u00e7\u0131s\u0131ndan \u00f6nemli bir hukuki mekanizmad\u0131r. Yarg\u0131tay i\u00e7tihatlar\u0131, bu davalar\u0131n nas\u0131l de\u011ferlendirilece\u011fi ve hangi ko\u015fullarda kabul edilece\u011fi konusunda yol g\u00f6sterici niteliktedir.<\/p>","protected":false},"author":4,"featured_media":0,"comment_status":"open","ping_status":"open","sticky":false,"template":"","format":"standard","meta":{"_acf_changed":false,"footnotes":""},"categories":[22],"tags":[],"class_list":["post-100690","post","type-post","status-publish","format-standard","hentry","category-degerlendirme"],"acf":[],"yoast_head":"<!-- This site is optimized with the Yoast SEO Premium plugin v26.6 (Yoast SEO v27.1.1) - https:\/\/yoast.com\/product\/yoast-seo-premium-wordpress\/ -->\n<title>T\u00fcm Y\u00f6nleriyle El Atman\u0131n \u00d6nlenmesi Davas\u0131: Yarg\u0131 Kararlar\u0131 - Av. Deniz Can K\u0131z\u0131l<\/title>\n<meta name=\"robots\" content=\"index, follow, max-snippet:-1, max-image-preview:large, max-video-preview:-1\" \/>\n<link rel=\"canonical\" href=\"https:\/\/denizcankizil.tr\/uk\/koseyazilari\/degerlendirme\/tum-yonleriyle-el-atmanin-onlenmesi-davasi-yargi-kararlari\/\" \/>\n<meta property=\"og:locale\" content=\"uk_UA\" \/>\n<meta property=\"og:type\" content=\"article\" \/>\n<meta property=\"og:title\" content=\"T\u00fcm Y\u00f6nleriyle El Atman\u0131n \u00d6nlenmesi Davas\u0131: Yarg\u0131 Kararlar\u0131\" \/>\n<meta property=\"og:description\" content=\"El atman\u0131n \u00f6nlenmesi davas\u0131, m\u00fclkiyet hakk\u0131n\u0131n korunmas\u0131 a\u00e7\u0131s\u0131ndan \u00f6nemli bir hukuki mekanizmad\u0131r. Yarg\u0131tay i\u00e7tihatlar\u0131, bu davalar\u0131n nas\u0131l de\u011ferlendirilece\u011fi ve hangi ko\u015fullarda kabul edilece\u011fi konusunda yol g\u00f6sterici niteliktedir.\" \/>\n<meta property=\"og:url\" content=\"https:\/\/denizcankizil.tr\/uk\/koseyazilari\/degerlendirme\/tum-yonleriyle-el-atmanin-onlenmesi-davasi-yargi-kararlari\/\" \/>\n<meta property=\"og:site_name\" content=\"Av. Deniz Can K\u0131z\u0131l\" \/>\n<meta property=\"article:published_time\" content=\"2025-05-29T12:41:20+00:00\" \/>\n<meta property=\"og:image\" content=\"https:\/\/denizcankizil.tr\/wp-content\/uploads\/2024\/10\/3982-antalyadaki-fikri-ve-sinai-haklar-avukatlarinin-yetki-alanlari.jpg\" \/>\n<meta name=\"author\" content=\"Av. Deniz Can K\u0131z\u0131l\" \/>\n<meta name=\"twitter:card\" content=\"summary_large_image\" \/>\n<meta name=\"twitter:label1\" content=\"\u041d\u0430\u043f\u0438\u0441\u0430\u043d\u043e\" \/>\n\t<meta name=\"twitter:data1\" content=\"Av. Deniz Can K\u0131z\u0131l\" \/>\n\t<meta name=\"twitter:label2\" content=\"\u041f\u0440\u0438\u0431\u043b. \u0447\u0430\u0441 \u0447\u0438\u0442\u0430\u043d\u043d\u044f\" \/>\n\t<meta name=\"twitter:data2\" content=\"10 \u0445\u0432\u0438\u043b\u0438\u043d\" \/>\n<script type=\"application\/ld+json\" class=\"yoast-schema-graph\">{\"@context\":\"https:\/\/schema.org\",\"@graph\":[{\"@type\":\"Article\",\"@id\":\"https:\/\/denizcankizil.tr\/de\/koseyazilari\/degerlendirme\/tum-yonleriyle-el-atmanin-onlenmesi-davasi-yargi-kararlari\/#article\",\"isPartOf\":{\"@id\":\"https:\/\/denizcankizil.tr\/de\/koseyazilari\/degerlendirme\/tum-yonleriyle-el-atmanin-onlenmesi-davasi-yargi-kararlari\/\"},\"author\":{\"name\":\"Av. Deniz Can K\u0131z\u0131l\",\"@id\":\"https:\/\/denizcankizil.tr\/de\/#\/schema\/person\/5dc1b22991bd7ac833867c10afc9b0ff\"},\"headline\":\"T\u00fcm Y\u00f6nleriyle El Atman\u0131n \u00d6nlenmesi Davas\u0131: Yarg\u0131 Kararlar\u0131\",\"datePublished\":\"2025-05-29T12:41:20+00:00\",\"mainEntityOfPage\":{\"@id\":\"https:\/\/denizcankizil.tr\/de\/koseyazilari\/degerlendirme\/tum-yonleriyle-el-atmanin-onlenmesi-davasi-yargi-kararlari\/\"},\"wordCount\":1955,\"commentCount\":0,\"publisher\":{\"@id\":\"https:\/\/denizcankizil.tr\/de\/#organization\"},\"image\":{\"@id\":\"https:\/\/denizcankizil.tr\/de\/koseyazilari\/degerlendirme\/tum-yonleriyle-el-atmanin-onlenmesi-davasi-yargi-kararlari\/#primaryimage\"},\"thumbnailUrl\":\"https:\/\/denizcankizil.tr\/wp-content\/uploads\/2024\/10\/3982-antalyadaki-fikri-ve-sinai-haklar-avukatlarinin-yetki-alanlari.jpg\",\"articleSection\":[\"De\u011ferlendirme\"],\"inLanguage\":\"uk\",\"potentialAction\":[{\"@type\":\"CommentAction\",\"name\":\"Comment\",\"target\":[\"https:\/\/denizcankizil.tr\/de\/koseyazilari\/degerlendirme\/tum-yonleriyle-el-atmanin-onlenmesi-davasi-yargi-kararlari\/#respond\"]}]},{\"@type\":\"WebPage\",\"@id\":\"https:\/\/denizcankizil.tr\/de\/koseyazilari\/degerlendirme\/tum-yonleriyle-el-atmanin-onlenmesi-davasi-yargi-kararlari\/\",\"url\":\"https:\/\/denizcankizil.tr\/de\/koseyazilari\/degerlendirme\/tum-yonleriyle-el-atmanin-onlenmesi-davasi-yargi-kararlari\/\",\"name\":\"T\u00fcm Y\u00f6nleriyle El Atman\u0131n \u00d6nlenmesi Davas\u0131: Yarg\u0131 Kararlar\u0131 - Av. Deniz Can K\u0131z\u0131l\",\"isPartOf\":{\"@id\":\"https:\/\/denizcankizil.tr\/de\/#website\"},\"primaryImageOfPage\":{\"@id\":\"https:\/\/denizcankizil.tr\/de\/koseyazilari\/degerlendirme\/tum-yonleriyle-el-atmanin-onlenmesi-davasi-yargi-kararlari\/#primaryimage\"},\"image\":{\"@id\":\"https:\/\/denizcankizil.tr\/de\/koseyazilari\/degerlendirme\/tum-yonleriyle-el-atmanin-onlenmesi-davasi-yargi-kararlari\/#primaryimage\"},\"thumbnailUrl\":\"https:\/\/denizcankizil.tr\/wp-content\/uploads\/2024\/10\/3982-antalyadaki-fikri-ve-sinai-haklar-avukatlarinin-yetki-alanlari.jpg\",\"datePublished\":\"2025-05-29T12:41:20+00:00\",\"breadcrumb\":{\"@id\":\"https:\/\/denizcankizil.tr\/de\/koseyazilari\/degerlendirme\/tum-yonleriyle-el-atmanin-onlenmesi-davasi-yargi-kararlari\/#breadcrumb\"},\"inLanguage\":\"uk\",\"potentialAction\":[{\"@type\":\"ReadAction\",\"target\":[\"https:\/\/denizcankizil.tr\/de\/koseyazilari\/degerlendirme\/tum-yonleriyle-el-atmanin-onlenmesi-davasi-yargi-kararlari\/\"]}]},{\"@type\":\"ImageObject\",\"inLanguage\":\"uk\",\"@id\":\"https:\/\/denizcankizil.tr\/de\/koseyazilari\/degerlendirme\/tum-yonleriyle-el-atmanin-onlenmesi-davasi-yargi-kararlari\/#primaryimage\",\"url\":\"https:\/\/denizcankizil.tr\/wp-content\/uploads\/2024\/10\/3982-antalyadaki-fikri-ve-sinai-haklar-avukatlarinin-yetki-alanlari.jpg\",\"contentUrl\":\"https:\/\/denizcankizil.tr\/wp-content\/uploads\/2024\/10\/3982-antalyadaki-fikri-ve-sinai-haklar-avukatlarinin-yetki-alanlari.jpg\"},{\"@type\":\"BreadcrumbList\",\"@id\":\"https:\/\/denizcankizil.tr\/de\/koseyazilari\/degerlendirme\/tum-yonleriyle-el-atmanin-onlenmesi-davasi-yargi-kararlari\/#breadcrumb\",\"itemListElement\":[{\"@type\":\"ListItem\",\"position\":1,\"name\":\"Home\",\"item\":\"https:\/\/denizcankizil.tr\/de\/\"},{\"@type\":\"ListItem\",\"position\":2,\"name\":\"T\u00fcm Y\u00f6nleriyle El Atman\u0131n \u00d6nlenmesi Davas\u0131: Yarg\u0131 Kararlar\u0131\"}]},{\"@type\":\"WebSite\",\"@id\":\"https:\/\/denizcankizil.tr\/de\/#website\",\"url\":\"https:\/\/denizcankizil.tr\/de\/\",\"name\":\"Av. Deniz Can K\u0131z\u0131l\",\"description\":\"Avukat Deniz Can K\u0131z\u0131l Antalya Barosu\",\"publisher\":{\"@id\":\"https:\/\/denizcankizil.tr\/de\/#organization\"},\"potentialAction\":[{\"@type\":\"SearchAction\",\"target\":{\"@type\":\"EntryPoint\",\"urlTemplate\":\"https:\/\/denizcankizil.tr\/de\/?s={search_term_string}\"},\"query-input\":{\"@type\":\"PropertyValueSpecification\",\"valueRequired\":true,\"valueName\":\"search_term_string\"}}],\"inLanguage\":\"uk\"},{\"@type\":\"Organization\",\"@id\":\"https:\/\/denizcankizil.tr\/de\/#organization\",\"name\":\"Av. Deniz Can K\u0131z\u0131l\",\"url\":\"https:\/\/denizcankizil.tr\/de\/\",\"logo\":{\"@type\":\"ImageObject\",\"inLanguage\":\"uk\",\"@id\":\"https:\/\/denizcankizil.tr\/de\/#\/schema\/logo\/image\/\",\"url\":\"https:\/\/denizcankizil.tr\/wp-content\/uploads\/2024\/10\/siyah-logo-svg.svg\",\"contentUrl\":\"https:\/\/denizcankizil.tr\/wp-content\/uploads\/2024\/10\/siyah-logo-svg.svg\",\"width\":1080,\"height\":1080,\"caption\":\"Av. Deniz Can K\u0131z\u0131l\"},\"image\":{\"@id\":\"https:\/\/denizcankizil.tr\/de\/#\/schema\/logo\/image\/\"}},{\"@type\":\"Person\",\"@id\":\"https:\/\/denizcankizil.tr\/de\/#\/schema\/person\/5dc1b22991bd7ac833867c10afc9b0ff\",\"name\":\"Av. Deniz Can K\u0131z\u0131l\",\"image\":{\"@type\":\"ImageObject\",\"inLanguage\":\"uk\",\"@id\":\"https:\/\/denizcankizil.tr\/de\/#\/schema\/person\/image\/\",\"url\":\"https:\/\/secure.gravatar.com\/avatar\/a0b128fb9855c79efc976d5640eedb31dc35ec297594d6016d2cf7c60e975bb6?s=96&d=mm&r=g\",\"contentUrl\":\"https:\/\/secure.gravatar.com\/avatar\/a0b128fb9855c79efc976d5640eedb31dc35ec297594d6016d2cf7c60e975bb6?s=96&d=mm&r=g\",\"caption\":\"Av. Deniz Can K\u0131z\u0131l\"},\"sameAs\":[\"http:\/\/www.denizcankizil.tr\"],\"url\":\"https:\/\/denizcankizil.tr\/uk\/author\/denizcankizil\/\"}]}<\/script>\n<!-- \/ Yoast SEO Premium plugin. -->","yoast_head_json":{"title":"T\u00fcm Y\u00f6nleriyle El Atman\u0131n \u00d6nlenmesi Davas\u0131: Yarg\u0131 Kararlar\u0131 - Av. Deniz Can K\u0131z\u0131l","robots":{"index":"index","follow":"follow","max-snippet":"max-snippet:-1","max-image-preview":"max-image-preview:large","max-video-preview":"max-video-preview:-1"},"canonical":"https:\/\/denizcankizil.tr\/uk\/koseyazilari\/degerlendirme\/tum-yonleriyle-el-atmanin-onlenmesi-davasi-yargi-kararlari\/","og_locale":"uk_UA","og_type":"article","og_title":"T\u00fcm Y\u00f6nleriyle El Atman\u0131n \u00d6nlenmesi Davas\u0131: Yarg\u0131 Kararlar\u0131","og_description":"El atman\u0131n \u00f6nlenmesi davas\u0131, m\u00fclkiyet hakk\u0131n\u0131n korunmas\u0131 a\u00e7\u0131s\u0131ndan \u00f6nemli bir hukuki mekanizmad\u0131r. Yarg\u0131tay i\u00e7tihatlar\u0131, bu davalar\u0131n nas\u0131l de\u011ferlendirilece\u011fi ve hangi ko\u015fullarda kabul edilece\u011fi konusunda yol g\u00f6sterici niteliktedir.","og_url":"https:\/\/denizcankizil.tr\/uk\/koseyazilari\/degerlendirme\/tum-yonleriyle-el-atmanin-onlenmesi-davasi-yargi-kararlari\/","og_site_name":"Av. Deniz Can K\u0131z\u0131l","article_published_time":"2025-05-29T12:41:20+00:00","og_image":[{"url":"https:\/\/denizcankizil.tr\/wp-content\/uploads\/2024\/10\/3982-antalyadaki-fikri-ve-sinai-haklar-avukatlarinin-yetki-alanlari.jpg","type":"","width":"","height":""}],"author":"Av. Deniz Can K\u0131z\u0131l","twitter_card":"summary_large_image","twitter_misc":{"\u041d\u0430\u043f\u0438\u0441\u0430\u043d\u043e":"Av. Deniz Can K\u0131z\u0131l","\u041f\u0440\u0438\u0431\u043b. \u0447\u0430\u0441 \u0447\u0438\u0442\u0430\u043d\u043d\u044f":"10 \u0445\u0432\u0438\u043b\u0438\u043d"},"schema":{"@context":"https:\/\/schema.org","@graph":[{"@type":"Article","@id":"https:\/\/denizcankizil.tr\/de\/koseyazilari\/degerlendirme\/tum-yonleriyle-el-atmanin-onlenmesi-davasi-yargi-kararlari\/#article","isPartOf":{"@id":"https:\/\/denizcankizil.tr\/de\/koseyazilari\/degerlendirme\/tum-yonleriyle-el-atmanin-onlenmesi-davasi-yargi-kararlari\/"},"author":{"name":"Av. Deniz Can K\u0131z\u0131l","@id":"https:\/\/denizcankizil.tr\/de\/#\/schema\/person\/5dc1b22991bd7ac833867c10afc9b0ff"},"headline":"T\u00fcm Y\u00f6nleriyle El Atman\u0131n \u00d6nlenmesi Davas\u0131: Yarg\u0131 Kararlar\u0131","datePublished":"2025-05-29T12:41:20+00:00","mainEntityOfPage":{"@id":"https:\/\/denizcankizil.tr\/de\/koseyazilari\/degerlendirme\/tum-yonleriyle-el-atmanin-onlenmesi-davasi-yargi-kararlari\/"},"wordCount":1955,"commentCount":0,"publisher":{"@id":"https:\/\/denizcankizil.tr\/de\/#organization"},"image":{"@id":"https:\/\/denizcankizil.tr\/de\/koseyazilari\/degerlendirme\/tum-yonleriyle-el-atmanin-onlenmesi-davasi-yargi-kararlari\/#primaryimage"},"thumbnailUrl":"https:\/\/denizcankizil.tr\/wp-content\/uploads\/2024\/10\/3982-antalyadaki-fikri-ve-sinai-haklar-avukatlarinin-yetki-alanlari.jpg","articleSection":["De\u011ferlendirme"],"inLanguage":"uk","potentialAction":[{"@type":"CommentAction","name":"Comment","target":["https:\/\/denizcankizil.tr\/de\/koseyazilari\/degerlendirme\/tum-yonleriyle-el-atmanin-onlenmesi-davasi-yargi-kararlari\/#respond"]}]},{"@type":"WebPage","@id":"https:\/\/denizcankizil.tr\/de\/koseyazilari\/degerlendirme\/tum-yonleriyle-el-atmanin-onlenmesi-davasi-yargi-kararlari\/","url":"https:\/\/denizcankizil.tr\/de\/koseyazilari\/degerlendirme\/tum-yonleriyle-el-atmanin-onlenmesi-davasi-yargi-kararlari\/","name":"T\u00fcm Y\u00f6nleriyle El Atman\u0131n \u00d6nlenmesi Davas\u0131: Yarg\u0131 Kararlar\u0131 - Av. Deniz Can K\u0131z\u0131l","isPartOf":{"@id":"https:\/\/denizcankizil.tr\/de\/#website"},"primaryImageOfPage":{"@id":"https:\/\/denizcankizil.tr\/de\/koseyazilari\/degerlendirme\/tum-yonleriyle-el-atmanin-onlenmesi-davasi-yargi-kararlari\/#primaryimage"},"image":{"@id":"https:\/\/denizcankizil.tr\/de\/koseyazilari\/degerlendirme\/tum-yonleriyle-el-atmanin-onlenmesi-davasi-yargi-kararlari\/#primaryimage"},"thumbnailUrl":"https:\/\/denizcankizil.tr\/wp-content\/uploads\/2024\/10\/3982-antalyadaki-fikri-ve-sinai-haklar-avukatlarinin-yetki-alanlari.jpg","datePublished":"2025-05-29T12:41:20+00:00","breadcrumb":{"@id":"https:\/\/denizcankizil.tr\/de\/koseyazilari\/degerlendirme\/tum-yonleriyle-el-atmanin-onlenmesi-davasi-yargi-kararlari\/#breadcrumb"},"inLanguage":"uk","potentialAction":[{"@type":"ReadAction","target":["https:\/\/denizcankizil.tr\/de\/koseyazilari\/degerlendirme\/tum-yonleriyle-el-atmanin-onlenmesi-davasi-yargi-kararlari\/"]}]},{"@type":"ImageObject","inLanguage":"uk","@id":"https:\/\/denizcankizil.tr\/de\/koseyazilari\/degerlendirme\/tum-yonleriyle-el-atmanin-onlenmesi-davasi-yargi-kararlari\/#primaryimage","url":"https:\/\/denizcankizil.tr\/wp-content\/uploads\/2024\/10\/3982-antalyadaki-fikri-ve-sinai-haklar-avukatlarinin-yetki-alanlari.jpg","contentUrl":"https:\/\/denizcankizil.tr\/wp-content\/uploads\/2024\/10\/3982-antalyadaki-fikri-ve-sinai-haklar-avukatlarinin-yetki-alanlari.jpg"},{"@type":"BreadcrumbList","@id":"https:\/\/denizcankizil.tr\/de\/koseyazilari\/degerlendirme\/tum-yonleriyle-el-atmanin-onlenmesi-davasi-yargi-kararlari\/#breadcrumb","itemListElement":[{"@type":"ListItem","position":1,"name":"Home","item":"https:\/\/denizcankizil.tr\/de\/"},{"@type":"ListItem","position":2,"name":"T\u00fcm Y\u00f6nleriyle El Atman\u0131n \u00d6nlenmesi Davas\u0131: Yarg\u0131 Kararlar\u0131"}]},{"@type":"WebSite","@id":"https:\/\/denizcankizil.tr\/de\/#website","url":"https:\/\/denizcankizil.tr\/de\/","name":"Av. Deniz Can K\u0131z\u0131l","description":"Avukat Deniz Can K\u0131z\u0131l Antalya Barosu","publisher":{"@id":"https:\/\/denizcankizil.tr\/de\/#organization"},"potentialAction":[{"@type":"SearchAction","target":{"@type":"EntryPoint","urlTemplate":"https:\/\/denizcankizil.tr\/de\/?s={search_term_string}"},"query-input":{"@type":"PropertyValueSpecification","valueRequired":true,"valueName":"search_term_string"}}],"inLanguage":"uk"},{"@type":"Organization","@id":"https:\/\/denizcankizil.tr\/de\/#organization","name":"Av. Deniz Can K\u0131z\u0131l","url":"https:\/\/denizcankizil.tr\/de\/","logo":{"@type":"ImageObject","inLanguage":"uk","@id":"https:\/\/denizcankizil.tr\/de\/#\/schema\/logo\/image\/","url":"https:\/\/denizcankizil.tr\/wp-content\/uploads\/2024\/10\/siyah-logo-svg.svg","contentUrl":"https:\/\/denizcankizil.tr\/wp-content\/uploads\/2024\/10\/siyah-logo-svg.svg","width":1080,"height":1080,"caption":"Av. Deniz Can K\u0131z\u0131l"},"image":{"@id":"https:\/\/denizcankizil.tr\/de\/#\/schema\/logo\/image\/"}},{"@type":"Person","@id":"https:\/\/denizcankizil.tr\/de\/#\/schema\/person\/5dc1b22991bd7ac833867c10afc9b0ff","name":"Av. Deniz Can K\u0131z\u0131l","image":{"@type":"ImageObject","inLanguage":"uk","@id":"https:\/\/denizcankizil.tr\/de\/#\/schema\/person\/image\/","url":"https:\/\/secure.gravatar.com\/avatar\/a0b128fb9855c79efc976d5640eedb31dc35ec297594d6016d2cf7c60e975bb6?s=96&d=mm&r=g","contentUrl":"https:\/\/secure.gravatar.com\/avatar\/a0b128fb9855c79efc976d5640eedb31dc35ec297594d6016d2cf7c60e975bb6?s=96&d=mm&r=g","caption":"Av. Deniz Can K\u0131z\u0131l"},"sameAs":["http:\/\/www.denizcankizil.tr"],"url":"https:\/\/denizcankizil.tr\/uk\/author\/denizcankizil\/"}]}},"_links":{"self":[{"href":"https:\/\/denizcankizil.tr\/uk\/wp-json\/wp\/v2\/posts\/100690","targetHints":{"allow":["GET"]}}],"collection":[{"href":"https:\/\/denizcankizil.tr\/uk\/wp-json\/wp\/v2\/posts"}],"about":[{"href":"https:\/\/denizcankizil.tr\/uk\/wp-json\/wp\/v2\/types\/post"}],"author":[{"embeddable":true,"href":"https:\/\/denizcankizil.tr\/uk\/wp-json\/wp\/v2\/users\/4"}],"replies":[{"embeddable":true,"href":"https:\/\/denizcankizil.tr\/uk\/wp-json\/wp\/v2\/comments?post=100690"}],"version-history":[{"count":0,"href":"https:\/\/denizcankizil.tr\/uk\/wp-json\/wp\/v2\/posts\/100690\/revisions"}],"wp:attachment":[{"href":"https:\/\/denizcankizil.tr\/uk\/wp-json\/wp\/v2\/media?parent=100690"}],"wp:term":[{"taxonomy":"category","embeddable":true,"href":"https:\/\/denizcankizil.tr\/uk\/wp-json\/wp\/v2\/categories?post=100690"},{"taxonomy":"post_tag","embeddable":true,"href":"https:\/\/denizcankizil.tr\/uk\/wp-json\/wp\/v2\/tags?post=100690"}],"curies":[{"name":"wp","href":"https:\/\/api.w.org\/{rel}","templated":true}]}}