{"id":100688,"date":"2025-05-29T15:41:18","date_gmt":"2025-05-29T12:41:18","guid":{"rendered":"https:\/\/denizcankizil.tr\/uncategorized-tr\/saganak-ve-dolu-tarim-arazilerine-zarar-verdi\/"},"modified":"2025-05-29T15:41:18","modified_gmt":"2025-05-29T12:41:18","slug":"saganak-ve-dolu-tarim-arazilerine-zarar-verdi","status":"publish","type":"post","link":"https:\/\/denizcankizil.tr\/uk\/haberler\/antalya\/saganak-ve-dolu-tarim-arazilerine-zarar-verdi\/","title":{"rendered":"Sa\u011fanak ve dolu tar\u0131m arazilerine zarar verdi"},"content":{"rendered":"<p>Meteorolojinin uyar\u0131lar\u0131n\u0131n ard\u0131ndan sabah saatlerinde aniden bast\u0131ran \u015fiddetli sa\u011fanak ve dolu ya\u011f\u0131\u015f\u0131, il\u00e7e genelinde hayat\u0131 olumsuz etkiledi. Yank\u00f6y, Tekke, Z\u0131rlankaya ve P\u0131narc\u0131k mahallelerinde dolu nedeniyle bir\u00e7ok seran\u0131n camlar\u0131 k\u0131r\u0131ld\u0131, baz\u0131 seralar ise \u015fiddetli ya\u011f\u0131\u015fa dayanamayarak tamamen \u00e7\u00f6kt\u00fc.<br \/>\n\u00c7\u00f6ken seralarda yeti\u015ftirilen domates ve biberler zarar g\u00f6r\u00fcrken, a\u00e7\u0131k alanda ekili karpuz tarlalar\u0131n\u0131n da doludan olumsuz etkilendi\u011fi bildirildi.<br \/>\n\u0130l\u00e7e Tar\u0131m ve Orman M\u00fcd\u00fcrl\u00fc\u011f\u00fc yetkilileri, dolunun ard\u0131ndan sahaya inerek ilk incelemelere ba\u015flad\u0131. Resmi hasar tespit \u00e7al\u0131\u015fmalar\u0131n\u0131n en k\u0131sa s\u00fcrede tamamlanarak rapor haline getirilece\u011fi \u00f6\u011frenildi.<\/p>\n<p>Kaynak: www.kanalv.com.tr Haber Sitesinden Al\u0131nm\u0131\u015ft\u0131r.<\/p>","protected":false},"excerpt":{"rendered":"<p>Meteorolojinin uyar\u0131lar\u0131n\u0131n ard\u0131ndan sabah saatlerinde aniden bast\u0131ran \u015fiddetli sa\u011fanak ve dolu ya\u011f\u0131\u015f\u0131, il\u00e7e genelinde hayat\u0131 olumsuz etkiledi. Yank\u00f6y, Tekke, Z\u0131rlankaya ve P\u0131narc\u0131k mahallelerinde dolu nedeniyle bir\u00e7ok seran\u0131n camlar\u0131 k\u0131r\u0131ld\u0131, baz\u0131 seralar ise \u015fiddetli ya\u011f\u0131\u015fa dayanamayarak tamamen \u00e7\u00f6kt\u00fc. \u00c7\u00f6ken seralarda yeti\u015ftirilen domates ve biberler zarar g\u00f6r\u00fcrken, a\u00e7\u0131k alanda ekili karpuz tarlalar\u0131n\u0131n da doludan olumsuz etkilendi\u011fi bildirildi. \u0130l\u00e7e Tar\u0131m ve Orman M\u00fcd\u00fcrl\u00fc\u011f\u00fc yetkilileri, dolunun ard\u0131ndan sahaya inerek ilk incelemelere ba\u015flad\u0131. Resmi hasar tespit \u00e7al\u0131\u015fmalar\u0131n\u0131n en k\u0131sa s\u00fcrede tamamlanarak rapor haline getirilece\u011fi \u00f6\u011frenildi. Kaynak: www.kanalv.com.tr Haber Sitesinden Al\u0131nm\u0131\u015ft\u0131r.<\/p>","protected":false},"author":4,"featured_media":100689,"comment_status":"","ping_status":"open","sticky":false,"template":"","format":"standard","meta":{"_acf_changed":false,"footnotes":""},"categories":[26],"tags":[],"class_list":["post-100688","post","type-post","status-publish","format-standard","has-post-thumbnail","hentry","category-antalya"],"acf":[],"yoast_head":"<!-- This site is optimized with the Yoast SEO Premium plugin v26.6 (Yoast SEO v27.1.1) - https:\/\/yoast.com\/product\/yoast-seo-premium-wordpress\/ -->\n<title>Sa\u011fanak ve dolu tar\u0131m arazilerine zarar verdi - Av. Deniz Can K\u0131z\u0131l<\/title>\n<meta name=\"robots\" content=\"index, follow, max-snippet:-1, max-image-preview:large, max-video-preview:-1\" \/>\n<link rel=\"canonical\" href=\"https:\/\/denizcankizil.tr\/uk\/haberler\/antalya\/saganak-ve-dolu-tarim-arazilerine-zarar-verdi\/\" \/>\n<meta property=\"og:locale\" content=\"uk_UA\" \/>\n<meta property=\"og:type\" content=\"article\" \/>\n<meta property=\"og:title\" content=\"Sa\u011fanak ve dolu tar\u0131m arazilerine zarar verdi\" \/>\n<meta property=\"og:description\" content=\"Meteorolojinin uyar\u0131lar\u0131n\u0131n ard\u0131ndan sabah saatlerinde aniden bast\u0131ran \u015fiddetli sa\u011fanak ve dolu ya\u011f\u0131\u015f\u0131, il\u00e7e genelinde hayat\u0131 olumsuz etkiledi. Yank\u00f6y, Tekke, Z\u0131rlankaya ve P\u0131narc\u0131k mahallelerinde dolu nedeniyle bir\u00e7ok seran\u0131n camlar\u0131 k\u0131r\u0131ld\u0131, baz\u0131 seralar ise \u015fiddetli ya\u011f\u0131\u015fa dayanamayarak tamamen \u00e7\u00f6kt\u00fc. \u00c7\u00f6ken seralarda yeti\u015ftirilen domates ve biberler zarar g\u00f6r\u00fcrken, a\u00e7\u0131k alanda ekili karpuz tarlalar\u0131n\u0131n da doludan olumsuz etkilendi\u011fi bildirildi. \u0130l\u00e7e Tar\u0131m ve Orman M\u00fcd\u00fcrl\u00fc\u011f\u00fc yetkilileri, dolunun ard\u0131ndan sahaya inerek ilk incelemelere ba\u015flad\u0131. Resmi hasar tespit \u00e7al\u0131\u015fmalar\u0131n\u0131n en k\u0131sa s\u00fcrede tamamlanarak rapor haline getirilece\u011fi \u00f6\u011frenildi. Kaynak: www.kanalv.com.tr Haber Sitesinden Al\u0131nm\u0131\u015ft\u0131r.\" \/>\n<meta property=\"og:url\" content=\"https:\/\/denizcankizil.tr\/uk\/haberler\/antalya\/saganak-ve-dolu-tarim-arazilerine-zarar-verdi\/\" \/>\n<meta property=\"og:site_name\" content=\"Av. Deniz Can K\u0131z\u0131l\" \/>\n<meta property=\"article:published_time\" content=\"2025-05-29T12:41:18+00:00\" \/>\n<meta property=\"og:image\" content=\"https:\/\/denizcankizil.tr\/wp-content\/uploads\/2025\/05\/6611-01-nIk6bO.jpg\" \/>\n\t<meta property=\"og:image:width\" content=\"1280\" \/>\n\t<meta property=\"og:image:height\" content=\"720\" \/>\n\t<meta property=\"og:image:type\" content=\"image\/jpeg\" \/>\n<meta name=\"author\" content=\"Av. Deniz Can K\u0131z\u0131l\" \/>\n<meta name=\"twitter:card\" content=\"summary_large_image\" \/>\n<meta name=\"twitter:label1\" content=\"\u041d\u0430\u043f\u0438\u0441\u0430\u043d\u043e\" \/>\n\t<meta name=\"twitter:data1\" content=\"Av. Deniz Can K\u0131z\u0131l\" \/>\n\t<meta name=\"twitter:label2\" content=\"\u041f\u0440\u0438\u0431\u043b. \u0447\u0430\u0441 \u0447\u0438\u0442\u0430\u043d\u043d\u044f\" \/>\n\t<meta name=\"twitter:data2\" content=\"1 \u0445\u0432\u0438\u043b\u0438\u043d\u0430\" \/>\n<script type=\"application\/ld+json\" class=\"yoast-schema-graph\">{\"@context\":\"https:\/\/schema.org\",\"@graph\":[{\"@type\":\"Article\",\"@id\":\"https:\/\/denizcankizil.tr\/uk\/haberler\/antalya\/saganak-ve-dolu-tarim-arazilerine-zarar-verdi\/#article\",\"isPartOf\":{\"@id\":\"https:\/\/denizcankizil.tr\/uk\/haberler\/antalya\/saganak-ve-dolu-tarim-arazilerine-zarar-verdi\/\"},\"author\":{\"name\":\"Av. Deniz Can K\u0131z\u0131l\",\"@id\":\"https:\/\/denizcankizil.tr\/de\/#\/schema\/person\/5dc1b22991bd7ac833867c10afc9b0ff\"},\"headline\":\"Sa\u011fanak ve dolu tar\u0131m arazilerine zarar verdi\",\"datePublished\":\"2025-05-29T12:41:18+00:00\",\"mainEntityOfPage\":{\"@id\":\"https:\/\/denizcankizil.tr\/uk\/haberler\/antalya\/saganak-ve-dolu-tarim-arazilerine-zarar-verdi\/\"},\"wordCount\":135,\"publisher\":{\"@id\":\"https:\/\/denizcankizil.tr\/de\/#organization\"},\"image\":{\"@id\":\"https:\/\/denizcankizil.tr\/uk\/haberler\/antalya\/saganak-ve-dolu-tarim-arazilerine-zarar-verdi\/#primaryimage\"},\"thumbnailUrl\":\"https:\/\/denizcankizil.tr\/wp-content\/uploads\/2025\/05\/6611-01-nIk6bO.jpg\",\"articleSection\":[\"Antalya\"],\"inLanguage\":\"uk\"},{\"@type\":\"WebPage\",\"@id\":\"https:\/\/denizcankizil.tr\/uk\/haberler\/antalya\/saganak-ve-dolu-tarim-arazilerine-zarar-verdi\/\",\"url\":\"https:\/\/denizcankizil.tr\/uk\/haberler\/antalya\/saganak-ve-dolu-tarim-arazilerine-zarar-verdi\/\",\"name\":\"Sa\u011fanak ve dolu tar\u0131m arazilerine zarar verdi - Av. Deniz Can K\u0131z\u0131l\",\"isPartOf\":{\"@id\":\"https:\/\/denizcankizil.tr\/de\/#website\"},\"primaryImageOfPage\":{\"@id\":\"https:\/\/denizcankizil.tr\/uk\/haberler\/antalya\/saganak-ve-dolu-tarim-arazilerine-zarar-verdi\/#primaryimage\"},\"image\":{\"@id\":\"https:\/\/denizcankizil.tr\/uk\/haberler\/antalya\/saganak-ve-dolu-tarim-arazilerine-zarar-verdi\/#primaryimage\"},\"thumbnailUrl\":\"https:\/\/denizcankizil.tr\/wp-content\/uploads\/2025\/05\/6611-01-nIk6bO.jpg\",\"datePublished\":\"2025-05-29T12:41:18+00:00\",\"breadcrumb\":{\"@id\":\"https:\/\/denizcankizil.tr\/uk\/haberler\/antalya\/saganak-ve-dolu-tarim-arazilerine-zarar-verdi\/#breadcrumb\"},\"inLanguage\":\"uk\",\"potentialAction\":[{\"@type\":\"ReadAction\",\"target\":[\"https:\/\/denizcankizil.tr\/uk\/haberler\/antalya\/saganak-ve-dolu-tarim-arazilerine-zarar-verdi\/\"]}]},{\"@type\":\"ImageObject\",\"inLanguage\":\"uk\",\"@id\":\"https:\/\/denizcankizil.tr\/uk\/haberler\/antalya\/saganak-ve-dolu-tarim-arazilerine-zarar-verdi\/#primaryimage\",\"url\":\"https:\/\/denizcankizil.tr\/wp-content\/uploads\/2025\/05\/6611-01-nIk6bO.jpg\",\"contentUrl\":\"https:\/\/denizcankizil.tr\/wp-content\/uploads\/2025\/05\/6611-01-nIk6bO.jpg\",\"width\":1280,\"height\":720},{\"@type\":\"BreadcrumbList\",\"@id\":\"https:\/\/denizcankizil.tr\/uk\/haberler\/antalya\/saganak-ve-dolu-tarim-arazilerine-zarar-verdi\/#breadcrumb\",\"itemListElement\":[{\"@type\":\"ListItem\",\"position\":1,\"name\":\"Home\",\"item\":\"https:\/\/denizcankizil.tr\/de\/\"},{\"@type\":\"ListItem\",\"position\":2,\"name\":\"Sa\u011fanak ve dolu tar\u0131m arazilerine zarar verdi\"}]},{\"@type\":\"WebSite\",\"@id\":\"https:\/\/denizcankizil.tr\/de\/#website\",\"url\":\"https:\/\/denizcankizil.tr\/de\/\",\"name\":\"Av. Deniz Can K\u0131z\u0131l\",\"description\":\"Avukat Deniz Can K\u0131z\u0131l Antalya Barosu\",\"publisher\":{\"@id\":\"https:\/\/denizcankizil.tr\/de\/#organization\"},\"potentialAction\":[{\"@type\":\"SearchAction\",\"target\":{\"@type\":\"EntryPoint\",\"urlTemplate\":\"https:\/\/denizcankizil.tr\/de\/?s={search_term_string}\"},\"query-input\":{\"@type\":\"PropertyValueSpecification\",\"valueRequired\":true,\"valueName\":\"search_term_string\"}}],\"inLanguage\":\"uk\"},{\"@type\":\"Organization\",\"@id\":\"https:\/\/denizcankizil.tr\/de\/#organization\",\"name\":\"Av. Deniz Can K\u0131z\u0131l\",\"url\":\"https:\/\/denizcankizil.tr\/de\/\",\"logo\":{\"@type\":\"ImageObject\",\"inLanguage\":\"uk\",\"@id\":\"https:\/\/denizcankizil.tr\/de\/#\/schema\/logo\/image\/\",\"url\":\"https:\/\/denizcankizil.tr\/wp-content\/uploads\/2024\/10\/siyah-logo-svg.svg\",\"contentUrl\":\"https:\/\/denizcankizil.tr\/wp-content\/uploads\/2024\/10\/siyah-logo-svg.svg\",\"width\":1080,\"height\":1080,\"caption\":\"Av. Deniz Can K\u0131z\u0131l\"},\"image\":{\"@id\":\"https:\/\/denizcankizil.tr\/de\/#\/schema\/logo\/image\/\"}},{\"@type\":\"Person\",\"@id\":\"https:\/\/denizcankizil.tr\/de\/#\/schema\/person\/5dc1b22991bd7ac833867c10afc9b0ff\",\"name\":\"Av. Deniz Can K\u0131z\u0131l\",\"image\":{\"@type\":\"ImageObject\",\"inLanguage\":\"uk\",\"@id\":\"https:\/\/denizcankizil.tr\/de\/#\/schema\/person\/image\/\",\"url\":\"https:\/\/secure.gravatar.com\/avatar\/a0b128fb9855c79efc976d5640eedb31dc35ec297594d6016d2cf7c60e975bb6?s=96&d=mm&r=g\",\"contentUrl\":\"https:\/\/secure.gravatar.com\/avatar\/a0b128fb9855c79efc976d5640eedb31dc35ec297594d6016d2cf7c60e975bb6?s=96&d=mm&r=g\",\"caption\":\"Av. Deniz Can K\u0131z\u0131l\"},\"sameAs\":[\"http:\/\/www.denizcankizil.tr\"],\"url\":\"https:\/\/denizcankizil.tr\/uk\/author\/denizcankizil\/\"}]}<\/script>\n<!-- \/ Yoast SEO Premium plugin. -->","yoast_head_json":{"title":"Sa\u011fanak ve dolu tar\u0131m arazilerine zarar verdi - Av. Deniz Can K\u0131z\u0131l","robots":{"index":"index","follow":"follow","max-snippet":"max-snippet:-1","max-image-preview":"max-image-preview:large","max-video-preview":"max-video-preview:-1"},"canonical":"https:\/\/denizcankizil.tr\/uk\/haberler\/antalya\/saganak-ve-dolu-tarim-arazilerine-zarar-verdi\/","og_locale":"uk_UA","og_type":"article","og_title":"Sa\u011fanak ve dolu tar\u0131m arazilerine zarar verdi","og_description":"Meteorolojinin uyar\u0131lar\u0131n\u0131n ard\u0131ndan sabah saatlerinde aniden bast\u0131ran \u015fiddetli sa\u011fanak ve dolu ya\u011f\u0131\u015f\u0131, il\u00e7e genelinde hayat\u0131 olumsuz etkiledi. Yank\u00f6y, Tekke, Z\u0131rlankaya ve P\u0131narc\u0131k mahallelerinde dolu nedeniyle bir\u00e7ok seran\u0131n camlar\u0131 k\u0131r\u0131ld\u0131, baz\u0131 seralar ise \u015fiddetli ya\u011f\u0131\u015fa dayanamayarak tamamen \u00e7\u00f6kt\u00fc. \u00c7\u00f6ken seralarda yeti\u015ftirilen domates ve biberler zarar g\u00f6r\u00fcrken, a\u00e7\u0131k alanda ekili karpuz tarlalar\u0131n\u0131n da doludan olumsuz etkilendi\u011fi bildirildi. \u0130l\u00e7e Tar\u0131m ve Orman M\u00fcd\u00fcrl\u00fc\u011f\u00fc yetkilileri, dolunun ard\u0131ndan sahaya inerek ilk incelemelere ba\u015flad\u0131. Resmi hasar tespit \u00e7al\u0131\u015fmalar\u0131n\u0131n en k\u0131sa s\u00fcrede tamamlanarak rapor haline getirilece\u011fi \u00f6\u011frenildi. Kaynak: www.kanalv.com.tr Haber Sitesinden Al\u0131nm\u0131\u015ft\u0131r.","og_url":"https:\/\/denizcankizil.tr\/uk\/haberler\/antalya\/saganak-ve-dolu-tarim-arazilerine-zarar-verdi\/","og_site_name":"Av. Deniz Can K\u0131z\u0131l","article_published_time":"2025-05-29T12:41:18+00:00","og_image":[{"width":1280,"height":720,"url":"https:\/\/denizcankizil.tr\/wp-content\/uploads\/2025\/05\/6611-01-nIk6bO.jpg","type":"image\/jpeg"}],"author":"Av. Deniz Can K\u0131z\u0131l","twitter_card":"summary_large_image","twitter_misc":{"\u041d\u0430\u043f\u0438\u0441\u0430\u043d\u043e":"Av. Deniz Can K\u0131z\u0131l","\u041f\u0440\u0438\u0431\u043b. \u0447\u0430\u0441 \u0447\u0438\u0442\u0430\u043d\u043d\u044f":"1 \u0445\u0432\u0438\u043b\u0438\u043d\u0430"},"schema":{"@context":"https:\/\/schema.org","@graph":[{"@type":"Article","@id":"https:\/\/denizcankizil.tr\/uk\/haberler\/antalya\/saganak-ve-dolu-tarim-arazilerine-zarar-verdi\/#article","isPartOf":{"@id":"https:\/\/denizcankizil.tr\/uk\/haberler\/antalya\/saganak-ve-dolu-tarim-arazilerine-zarar-verdi\/"},"author":{"name":"Av. Deniz Can K\u0131z\u0131l","@id":"https:\/\/denizcankizil.tr\/de\/#\/schema\/person\/5dc1b22991bd7ac833867c10afc9b0ff"},"headline":"Sa\u011fanak ve dolu tar\u0131m arazilerine zarar verdi","datePublished":"2025-05-29T12:41:18+00:00","mainEntityOfPage":{"@id":"https:\/\/denizcankizil.tr\/uk\/haberler\/antalya\/saganak-ve-dolu-tarim-arazilerine-zarar-verdi\/"},"wordCount":135,"publisher":{"@id":"https:\/\/denizcankizil.tr\/de\/#organization"},"image":{"@id":"https:\/\/denizcankizil.tr\/uk\/haberler\/antalya\/saganak-ve-dolu-tarim-arazilerine-zarar-verdi\/#primaryimage"},"thumbnailUrl":"https:\/\/denizcankizil.tr\/wp-content\/uploads\/2025\/05\/6611-01-nIk6bO.jpg","articleSection":["Antalya"],"inLanguage":"uk"},{"@type":"WebPage","@id":"https:\/\/denizcankizil.tr\/uk\/haberler\/antalya\/saganak-ve-dolu-tarim-arazilerine-zarar-verdi\/","url":"https:\/\/denizcankizil.tr\/uk\/haberler\/antalya\/saganak-ve-dolu-tarim-arazilerine-zarar-verdi\/","name":"Sa\u011fanak ve dolu tar\u0131m arazilerine zarar verdi - Av. Deniz Can K\u0131z\u0131l","isPartOf":{"@id":"https:\/\/denizcankizil.tr\/de\/#website"},"primaryImageOfPage":{"@id":"https:\/\/denizcankizil.tr\/uk\/haberler\/antalya\/saganak-ve-dolu-tarim-arazilerine-zarar-verdi\/#primaryimage"},"image":{"@id":"https:\/\/denizcankizil.tr\/uk\/haberler\/antalya\/saganak-ve-dolu-tarim-arazilerine-zarar-verdi\/#primaryimage"},"thumbnailUrl":"https:\/\/denizcankizil.tr\/wp-content\/uploads\/2025\/05\/6611-01-nIk6bO.jpg","datePublished":"2025-05-29T12:41:18+00:00","breadcrumb":{"@id":"https:\/\/denizcankizil.tr\/uk\/haberler\/antalya\/saganak-ve-dolu-tarim-arazilerine-zarar-verdi\/#breadcrumb"},"inLanguage":"uk","potentialAction":[{"@type":"ReadAction","target":["https:\/\/denizcankizil.tr\/uk\/haberler\/antalya\/saganak-ve-dolu-tarim-arazilerine-zarar-verdi\/"]}]},{"@type":"ImageObject","inLanguage":"uk","@id":"https:\/\/denizcankizil.tr\/uk\/haberler\/antalya\/saganak-ve-dolu-tarim-arazilerine-zarar-verdi\/#primaryimage","url":"https:\/\/denizcankizil.tr\/wp-content\/uploads\/2025\/05\/6611-01-nIk6bO.jpg","contentUrl":"https:\/\/denizcankizil.tr\/wp-content\/uploads\/2025\/05\/6611-01-nIk6bO.jpg","width":1280,"height":720},{"@type":"BreadcrumbList","@id":"https:\/\/denizcankizil.tr\/uk\/haberler\/antalya\/saganak-ve-dolu-tarim-arazilerine-zarar-verdi\/#breadcrumb","itemListElement":[{"@type":"ListItem","position":1,"name":"Home","item":"https:\/\/denizcankizil.tr\/de\/"},{"@type":"ListItem","position":2,"name":"Sa\u011fanak ve dolu tar\u0131m arazilerine zarar verdi"}]},{"@type":"WebSite","@id":"https:\/\/denizcankizil.tr\/de\/#website","url":"https:\/\/denizcankizil.tr\/de\/","name":"Av. Deniz Can K\u0131z\u0131l","description":"Avukat Deniz Can K\u0131z\u0131l Antalya Barosu","publisher":{"@id":"https:\/\/denizcankizil.tr\/de\/#organization"},"potentialAction":[{"@type":"SearchAction","target":{"@type":"EntryPoint","urlTemplate":"https:\/\/denizcankizil.tr\/de\/?s={search_term_string}"},"query-input":{"@type":"PropertyValueSpecification","valueRequired":true,"valueName":"search_term_string"}}],"inLanguage":"uk"},{"@type":"Organization","@id":"https:\/\/denizcankizil.tr\/de\/#organization","name":"Av. Deniz Can K\u0131z\u0131l","url":"https:\/\/denizcankizil.tr\/de\/","logo":{"@type":"ImageObject","inLanguage":"uk","@id":"https:\/\/denizcankizil.tr\/de\/#\/schema\/logo\/image\/","url":"https:\/\/denizcankizil.tr\/wp-content\/uploads\/2024\/10\/siyah-logo-svg.svg","contentUrl":"https:\/\/denizcankizil.tr\/wp-content\/uploads\/2024\/10\/siyah-logo-svg.svg","width":1080,"height":1080,"caption":"Av. Deniz Can K\u0131z\u0131l"},"image":{"@id":"https:\/\/denizcankizil.tr\/de\/#\/schema\/logo\/image\/"}},{"@type":"Person","@id":"https:\/\/denizcankizil.tr\/de\/#\/schema\/person\/5dc1b22991bd7ac833867c10afc9b0ff","name":"Av. Deniz Can K\u0131z\u0131l","image":{"@type":"ImageObject","inLanguage":"uk","@id":"https:\/\/denizcankizil.tr\/de\/#\/schema\/person\/image\/","url":"https:\/\/secure.gravatar.com\/avatar\/a0b128fb9855c79efc976d5640eedb31dc35ec297594d6016d2cf7c60e975bb6?s=96&d=mm&r=g","contentUrl":"https:\/\/secure.gravatar.com\/avatar\/a0b128fb9855c79efc976d5640eedb31dc35ec297594d6016d2cf7c60e975bb6?s=96&d=mm&r=g","caption":"Av. Deniz Can K\u0131z\u0131l"},"sameAs":["http:\/\/www.denizcankizil.tr"],"url":"https:\/\/denizcankizil.tr\/uk\/author\/denizcankizil\/"}]}},"_links":{"self":[{"href":"https:\/\/denizcankizil.tr\/uk\/wp-json\/wp\/v2\/posts\/100688","targetHints":{"allow":["GET"]}}],"collection":[{"href":"https:\/\/denizcankizil.tr\/uk\/wp-json\/wp\/v2\/posts"}],"about":[{"href":"https:\/\/denizcankizil.tr\/uk\/wp-json\/wp\/v2\/types\/post"}],"author":[{"embeddable":true,"href":"https:\/\/denizcankizil.tr\/uk\/wp-json\/wp\/v2\/users\/4"}],"replies":[{"embeddable":true,"href":"https:\/\/denizcankizil.tr\/uk\/wp-json\/wp\/v2\/comments?post=100688"}],"version-history":[{"count":0,"href":"https:\/\/denizcankizil.tr\/uk\/wp-json\/wp\/v2\/posts\/100688\/revisions"}],"wp:featuredmedia":[{"embeddable":true,"href":"https:\/\/denizcankizil.tr\/uk\/wp-json\/wp\/v2\/media\/100689"}],"wp:attachment":[{"href":"https:\/\/denizcankizil.tr\/uk\/wp-json\/wp\/v2\/media?parent=100688"}],"wp:term":[{"taxonomy":"category","embeddable":true,"href":"https:\/\/denizcankizil.tr\/uk\/wp-json\/wp\/v2\/categories?post=100688"},{"taxonomy":"post_tag","embeddable":true,"href":"https:\/\/denizcankizil.tr\/uk\/wp-json\/wp\/v2\/tags?post=100688"}],"curies":[{"name":"wp","href":"https:\/\/api.w.org\/{rel}","templated":true}]}}