{"id":9984,"date":"2024-10-29T17:41:20","date_gmt":"2024-10-29T14:41:20","guid":{"rendered":"https:\/\/denizcankizil.tr\/uncategorized-tr\/adanada-cocuklar-okullarini-bayraklarla-susledi-bayram-coskusunu-yasadi\/"},"modified":"2024-10-29T17:41:20","modified_gmt":"2024-10-29T14:41:20","slug":"adanada-cocuklar-okullarini-bayraklarla-susledi-bayram-coskusunu-yasadi","status":"publish","type":"post","link":"https:\/\/denizcankizil.tr\/ru\/haberler\/gundem\/adanada-cocuklar-okullarini-bayraklarla-susledi-bayram-coskusunu-yasadi\/","title":{"rendered":"Adana\u2019da \u00e7ocuklar okullar\u0131n\u0131 bayraklarla s\u00fcsledi, bayram co\u015fkusunu ya\u015fad\u0131"},"content":{"rendered":"<p>Adana\u2019n\u0131n Y\u00fcre\u011fir il\u00e7esine ba\u011fl\u0131 Pekmezh\u00f6y\u00fc\u011f\u00fc \u0130lkokulu\u2019ndaki \u00e7ocuklar, Adana\u2019da faaliyet g\u00f6steren Og\u00fcn Abi Derne\u011fi ile birlikte ortak d\u00fczenlenen etkinlikte bir araya geldi. Og\u00fcn Abi Derne\u011fi Ba\u015fkan\u0131 Og\u00fcn Sever Okur, yakla\u015f\u0131k 100 \u00e7ocuk i\u00e7in \u00fczerinde Atat\u00fcrk portesinin yer ald\u0131\u011f\u0131 ti\u015f\u00f6rt ald\u0131.\u00a0<\/p>\n<p>&#8220;HER M\u0130LL\u0130 BAYRAMDA BU TARZ ETK\u0130NL\u0130KLER\u0130 YAPACA\u011eIZ&#8221;<\/p>\n<p>Da\u011f\u0131t\u0131lan ti\u015f\u00f6rtleri giyen \u00e7ocuklar, okulun bah\u00e7esinde velilere ve \u00f6\u011fretmenlerine 29 Ekim Cumhuriyet Bayram\u0131 g\u00f6sterisi sundu. Ba\u015fta \u00e7ocuklar olmak \u00fczere etkinli\u011fe kat\u0131lan veliler doyas\u0131ya e\u011flendi. Og\u00fcn Sever Okur, bu tarz etkinliklerin devam edece\u011fini belirterek, \u201c\u00c7ocuklara milli de\u011ferlerimizi \u00f6\u011fretmemiz laz\u0131m. Bu etkinlikler \u00e7ocuklar\u0131m\u0131z i\u00e7in \u00e7ok \u00f6nemli. \u00c7ocuklar bug\u00fcn \u00e7ok e\u011flendi. Veliler de \u00e7ok mutlu oldu. Her milli bayramda bu tarz etkinlikleri yapaca\u011f\u0131z\u201d dedi.\u00a0<\/p>\n<p>\u00a0 \u00a0 \u00a0 \u00a0 \u00a0 \u00a0 \u00a0 \u00a0 \u00a0 \u00a0 \u00a0 \u00a0 \u00a0\u00a0<br \/>\n\u00a0<\/p>\n<p>\u200bAdana Y\u00fcre\u011fir\u2019de k\u00f6y okulunda okuyan \u00e7ocuklar, 29 Ekim Cumhuriyet Bayram\u0131 ve Cumhuriyet&#8217;in 101. Y\u0131l\u0131 i\u00e7in okullar\u0131n\u0131 bayraklarla s\u00fcsledi. Y\u00fczlerce \u00e7ocuk, Atat\u00fcrk ti\u015f\u00f6rtleri giyip, \u00e7e\u015fitli etkinliklerle bayram co\u015fkusunu doyas\u0131ya ya\u015fad\u0131\u00a0<\/p>\n<p>\u200bHaberin Al\u0131nt\u0131land\u0131\u011f\u0131 Kaynak: www.antalyakorfez.com<\/p>","protected":false},"excerpt":{"rendered":"<p>Adana\u2019n\u0131n Y\u00fcre\u011fir il\u00e7esine ba\u011fl\u0131 Pekmezh\u00f6y\u00fc\u011f\u00fc \u0130lkokulu\u2019ndaki \u00e7ocuklar, Adana\u2019da faaliyet g\u00f6steren Og\u00fcn Abi Derne\u011fi ile birlikte ortak d\u00fczenlenen etkinlikte bir araya geldi. Og\u00fcn Abi Derne\u011fi Ba\u015fkan\u0131 Og\u00fcn Sever Okur, yakla\u015f\u0131k 100 \u00e7ocuk i\u00e7in \u00fczerinde Atat\u00fcrk portesinin yer ald\u0131\u011f\u0131 ti\u015f\u00f6rt ald\u0131.\u00a0 &#8220;HER M\u0130LL\u0130 BAYRAMDA BU TARZ ETK\u0130NL\u0130KLER\u0130 YAPACA\u011eIZ&#8221; Da\u011f\u0131t\u0131lan ti\u015f\u00f6rtleri giyen \u00e7ocuklar, okulun bah\u00e7esinde velilere ve \u00f6\u011fretmenlerine 29 Ekim Cumhuriyet Bayram\u0131 g\u00f6sterisi sundu. Ba\u015fta \u00e7ocuklar olmak \u00fczere etkinli\u011fe kat\u0131lan veliler doyas\u0131ya e\u011flendi. Og\u00fcn Sever Okur, bu tarz etkinliklerin devam edece\u011fini belirterek, \u201c\u00c7ocuklara milli de\u011ferlerimizi \u00f6\u011fretmemiz laz\u0131m. Bu etkinlikler \u00e7ocuklar\u0131m\u0131z i\u00e7in \u00e7ok \u00f6nemli. \u00c7ocuklar bug\u00fcn \u00e7ok e\u011flendi. Veliler de \u00e7ok mutlu oldu. Her milli bayramda bu tarz etkinlikleri yapaca\u011f\u0131z\u201d dedi.\u00a0 \u00a0 \u00a0 \u00a0 \u00a0 \u00a0 \u00a0 \u00a0 \u00a0 \u00a0 \u00a0 \u00a0 \u00a0 \u00a0\u00a0 \u00a0 \u200bAdana Y\u00fcre\u011fir\u2019de k\u00f6y okulunda okuyan \u00e7ocuklar, 29 Ekim Cumhuriyet Bayram\u0131 ve Cumhuriyet&#8217;in 101. Y\u0131l\u0131 i\u00e7in okullar\u0131n\u0131 bayraklarla s\u00fcsledi. Y\u00fczlerce \u00e7ocuk, Atat\u00fcrk ti\u015f\u00f6rtleri giyip, \u00e7e\u015fitli etkinliklerle bayram co\u015fkusunu doyas\u0131ya ya\u015fad\u0131\u00a0 \u200bHaberin Al\u0131nt\u0131land\u0131\u011f\u0131 Kaynak: www.antalyakorfez.com<\/p>","protected":false},"author":0,"featured_media":0,"comment_status":"open","ping_status":"open","sticky":false,"template":"","format":"standard","meta":{"_acf_changed":false,"footnotes":""},"categories":[24,535],"tags":[],"class_list":["post-9984","post","type-post","status-publish","format-standard","has-post-thumbnail","hentry","category-gundem","category-uncategorized-tr"],"acf":[],"yoast_head":"<!-- This site is optimized with the Yoast SEO Premium plugin v26.6 (Yoast SEO v27.1.1) - https:\/\/yoast.com\/product\/yoast-seo-premium-wordpress\/ -->\n<title>Adana\u2019da \u00e7ocuklar okullar\u0131n\u0131 bayraklarla s\u00fcsledi, bayram co\u015fkusunu ya\u015fad\u0131 - Av. Deniz Can K\u0131z\u0131l<\/title>\n<meta name=\"robots\" content=\"index, follow, max-snippet:-1, max-image-preview:large, max-video-preview:-1\" \/>\n<link rel=\"canonical\" href=\"https:\/\/denizcankizil.tr\/ru\/haberler\/gundem\/adanada-cocuklar-okullarini-bayraklarla-susledi-bayram-coskusunu-yasadi\/\" \/>\n<meta property=\"og:locale\" content=\"ru_RU\" \/>\n<meta property=\"og:type\" content=\"article\" \/>\n<meta property=\"og:title\" content=\"Adana\u2019da \u00e7ocuklar okullar\u0131n\u0131 bayraklarla s\u00fcsledi, bayram co\u015fkusunu ya\u015fad\u0131\" \/>\n<meta property=\"og:description\" content=\"Adana\u2019n\u0131n Y\u00fcre\u011fir il\u00e7esine ba\u011fl\u0131 Pekmezh\u00f6y\u00fc\u011f\u00fc \u0130lkokulu\u2019ndaki \u00e7ocuklar, Adana\u2019da faaliyet g\u00f6steren Og\u00fcn Abi Derne\u011fi ile birlikte ortak d\u00fczenlenen etkinlikte bir araya geldi. Og\u00fcn Abi Derne\u011fi Ba\u015fkan\u0131 Og\u00fcn Sever Okur, yakla\u015f\u0131k 100 \u00e7ocuk i\u00e7in \u00fczerinde Atat\u00fcrk portesinin yer ald\u0131\u011f\u0131 ti\u015f\u00f6rt ald\u0131.\u00a0 &#8220;HER M\u0130LL\u0130 BAYRAMDA BU TARZ ETK\u0130NL\u0130KLER\u0130 YAPACA\u011eIZ&#8221; Da\u011f\u0131t\u0131lan ti\u015f\u00f6rtleri giyen \u00e7ocuklar, okulun bah\u00e7esinde velilere ve \u00f6\u011fretmenlerine 29 Ekim Cumhuriyet Bayram\u0131 g\u00f6sterisi sundu. Ba\u015fta \u00e7ocuklar olmak \u00fczere etkinli\u011fe kat\u0131lan veliler doyas\u0131ya e\u011flendi. Og\u00fcn Sever Okur, bu tarz etkinliklerin devam edece\u011fini belirterek, \u201c\u00c7ocuklara milli de\u011ferlerimizi \u00f6\u011fretmemiz laz\u0131m. Bu etkinlikler \u00e7ocuklar\u0131m\u0131z i\u00e7in \u00e7ok \u00f6nemli. \u00c7ocuklar bug\u00fcn \u00e7ok e\u011flendi. Veliler de \u00e7ok mutlu oldu. Her milli bayramda bu tarz etkinlikleri yapaca\u011f\u0131z\u201d dedi.\u00a0 \u00a0 \u00a0 \u00a0 \u00a0 \u00a0 \u00a0 \u00a0 \u00a0 \u00a0 \u00a0 \u00a0 \u00a0 \u00a0\u00a0 \u00a0 \u200bAdana Y\u00fcre\u011fir\u2019de k\u00f6y okulunda okuyan \u00e7ocuklar, 29 Ekim Cumhuriyet Bayram\u0131 ve Cumhuriyet&#8217;in 101. Y\u0131l\u0131 i\u00e7in okullar\u0131n\u0131 bayraklarla s\u00fcsledi. Y\u00fczlerce \u00e7ocuk, Atat\u00fcrk ti\u015f\u00f6rtleri giyip, \u00e7e\u015fitli etkinliklerle bayram co\u015fkusunu doyas\u0131ya ya\u015fad\u0131\u00a0 \u200bHaberin Al\u0131nt\u0131land\u0131\u011f\u0131 Kaynak: www.antalyakorfez.com\" \/>\n<meta property=\"og:url\" content=\"https:\/\/denizcankizil.tr\/ru\/haberler\/gundem\/adanada-cocuklar-okullarini-bayraklarla-susledi-bayram-coskusunu-yasadi\/\" \/>\n<meta property=\"og:site_name\" content=\"Av. Deniz Can K\u0131z\u0131l\" \/>\n<meta property=\"article:published_time\" content=\"2024-10-29T14:41:20+00:00\" \/>\n<meta name=\"twitter:card\" content=\"summary_large_image\" \/>\n<meta name=\"twitter:label1\" content=\"\u041f\u0440\u0438\u043c\u0435\u0440\u043d\u043e\u0435 \u0432\u0440\u0435\u043c\u044f \u0434\u043b\u044f \u0447\u0442\u0435\u043d\u0438\u044f\" \/>\n\t<meta name=\"twitter:data1\" content=\"1 \u043c\u0438\u043d\u0443\u0442\u0430\" \/>\n<script type=\"application\/ld+json\" class=\"yoast-schema-graph\">{\"@context\":\"https:\/\/schema.org\",\"@graph\":[{\"@type\":\"Article\",\"@id\":\"https:\/\/denizcankizil.tr\/ru\/haberler\/gundem\/adanada-cocuklar-okullarini-bayraklarla-susledi-bayram-coskusunu-yasadi\/#article\",\"isPartOf\":{\"@id\":\"https:\/\/denizcankizil.tr\/ru\/haberler\/gundem\/adanada-cocuklar-okullarini-bayraklarla-susledi-bayram-coskusunu-yasadi\/\"},\"author\":{\"name\":\"\",\"@id\":\"\"},\"headline\":\"Adana\u2019da \u00e7ocuklar okullar\u0131n\u0131 bayraklarla s\u00fcsledi, bayram co\u015fkusunu ya\u015fad\u0131\",\"datePublished\":\"2024-10-29T14:41:20+00:00\",\"mainEntityOfPage\":{\"@id\":\"https:\/\/denizcankizil.tr\/ru\/haberler\/gundem\/adanada-cocuklar-okullarini-bayraklarla-susledi-bayram-coskusunu-yasadi\/\"},\"wordCount\":214,\"commentCount\":0,\"publisher\":{\"@id\":\"https:\/\/denizcankizil.tr\/de\/#organization\"},\"articleSection\":[\"G\u00fcndem\",\"Uncategorized\"],\"inLanguage\":\"ru-RU\",\"potentialAction\":[{\"@type\":\"CommentAction\",\"name\":\"Comment\",\"target\":[\"https:\/\/denizcankizil.tr\/ru\/haberler\/gundem\/adanada-cocuklar-okullarini-bayraklarla-susledi-bayram-coskusunu-yasadi\/#respond\"]}]},{\"@type\":\"WebPage\",\"@id\":\"https:\/\/denizcankizil.tr\/ru\/haberler\/gundem\/adanada-cocuklar-okullarini-bayraklarla-susledi-bayram-coskusunu-yasadi\/\",\"url\":\"https:\/\/denizcankizil.tr\/ru\/haberler\/gundem\/adanada-cocuklar-okullarini-bayraklarla-susledi-bayram-coskusunu-yasadi\/\",\"name\":\"Adana\u2019da \u00e7ocuklar okullar\u0131n\u0131 bayraklarla s\u00fcsledi, bayram co\u015fkusunu ya\u015fad\u0131 - Av. Deniz Can K\u0131z\u0131l\",\"isPartOf\":{\"@id\":\"https:\/\/denizcankizil.tr\/de\/#website\"},\"datePublished\":\"2024-10-29T14:41:20+00:00\",\"breadcrumb\":{\"@id\":\"https:\/\/denizcankizil.tr\/ru\/haberler\/gundem\/adanada-cocuklar-okullarini-bayraklarla-susledi-bayram-coskusunu-yasadi\/#breadcrumb\"},\"inLanguage\":\"ru-RU\",\"potentialAction\":[{\"@type\":\"ReadAction\",\"target\":[\"https:\/\/denizcankizil.tr\/ru\/haberler\/gundem\/adanada-cocuklar-okullarini-bayraklarla-susledi-bayram-coskusunu-yasadi\/\"]}]},{\"@type\":\"BreadcrumbList\",\"@id\":\"https:\/\/denizcankizil.tr\/ru\/haberler\/gundem\/adanada-cocuklar-okullarini-bayraklarla-susledi-bayram-coskusunu-yasadi\/#breadcrumb\",\"itemListElement\":[{\"@type\":\"ListItem\",\"position\":1,\"name\":\"Home\",\"item\":\"https:\/\/denizcankizil.tr\/de\/\"},{\"@type\":\"ListItem\",\"position\":2,\"name\":\"Adana\u2019da \u00e7ocuklar okullar\u0131n\u0131 bayraklarla s\u00fcsledi, bayram co\u015fkusunu ya\u015fad\u0131\"}]},{\"@type\":\"WebSite\",\"@id\":\"https:\/\/denizcankizil.tr\/de\/#website\",\"url\":\"https:\/\/denizcankizil.tr\/de\/\",\"name\":\"Av. Deniz Can K\u0131z\u0131l\",\"description\":\"Avukat Deniz Can K\u0131z\u0131l Antalya Barosu\",\"publisher\":{\"@id\":\"https:\/\/denizcankizil.tr\/de\/#organization\"},\"potentialAction\":[{\"@type\":\"SearchAction\",\"target\":{\"@type\":\"EntryPoint\",\"urlTemplate\":\"https:\/\/denizcankizil.tr\/de\/?s={search_term_string}\"},\"query-input\":{\"@type\":\"PropertyValueSpecification\",\"valueRequired\":true,\"valueName\":\"search_term_string\"}}],\"inLanguage\":\"ru-RU\"},{\"@type\":\"Organization\",\"@id\":\"https:\/\/denizcankizil.tr\/de\/#organization\",\"name\":\"Av. Deniz Can K\u0131z\u0131l\",\"url\":\"https:\/\/denizcankizil.tr\/de\/\",\"logo\":{\"@type\":\"ImageObject\",\"inLanguage\":\"ru-RU\",\"@id\":\"https:\/\/denizcankizil.tr\/de\/#\/schema\/logo\/image\/\",\"url\":\"https:\/\/denizcankizil.tr\/wp-content\/uploads\/2024\/10\/siyah-logo-svg.svg\",\"contentUrl\":\"https:\/\/denizcankizil.tr\/wp-content\/uploads\/2024\/10\/siyah-logo-svg.svg\",\"width\":1080,\"height\":1080,\"caption\":\"Av. Deniz Can K\u0131z\u0131l\"},\"image\":{\"@id\":\"https:\/\/denizcankizil.tr\/de\/#\/schema\/logo\/image\/\"}}]}<\/script>\n<!-- \/ Yoast SEO Premium plugin. -->","yoast_head_json":{"title":"Adana\u2019da \u00e7ocuklar okullar\u0131n\u0131 bayraklarla s\u00fcsledi, bayram co\u015fkusunu ya\u015fad\u0131 - Av. Deniz Can K\u0131z\u0131l","robots":{"index":"index","follow":"follow","max-snippet":"max-snippet:-1","max-image-preview":"max-image-preview:large","max-video-preview":"max-video-preview:-1"},"canonical":"https:\/\/denizcankizil.tr\/ru\/haberler\/gundem\/adanada-cocuklar-okullarini-bayraklarla-susledi-bayram-coskusunu-yasadi\/","og_locale":"ru_RU","og_type":"article","og_title":"Adana\u2019da \u00e7ocuklar okullar\u0131n\u0131 bayraklarla s\u00fcsledi, bayram co\u015fkusunu ya\u015fad\u0131","og_description":"Adana\u2019n\u0131n Y\u00fcre\u011fir il\u00e7esine ba\u011fl\u0131 Pekmezh\u00f6y\u00fc\u011f\u00fc \u0130lkokulu\u2019ndaki \u00e7ocuklar, Adana\u2019da faaliyet g\u00f6steren Og\u00fcn Abi Derne\u011fi ile birlikte ortak d\u00fczenlenen etkinlikte bir araya geldi. Og\u00fcn Abi Derne\u011fi Ba\u015fkan\u0131 Og\u00fcn Sever Okur, yakla\u015f\u0131k 100 \u00e7ocuk i\u00e7in \u00fczerinde Atat\u00fcrk portesinin yer ald\u0131\u011f\u0131 ti\u015f\u00f6rt ald\u0131.\u00a0 &#8220;HER M\u0130LL\u0130 BAYRAMDA BU TARZ ETK\u0130NL\u0130KLER\u0130 YAPACA\u011eIZ&#8221; Da\u011f\u0131t\u0131lan ti\u015f\u00f6rtleri giyen \u00e7ocuklar, okulun bah\u00e7esinde velilere ve \u00f6\u011fretmenlerine 29 Ekim Cumhuriyet Bayram\u0131 g\u00f6sterisi sundu. Ba\u015fta \u00e7ocuklar olmak \u00fczere etkinli\u011fe kat\u0131lan veliler doyas\u0131ya e\u011flendi. Og\u00fcn Sever Okur, bu tarz etkinliklerin devam edece\u011fini belirterek, \u201c\u00c7ocuklara milli de\u011ferlerimizi \u00f6\u011fretmemiz laz\u0131m. Bu etkinlikler \u00e7ocuklar\u0131m\u0131z i\u00e7in \u00e7ok \u00f6nemli. \u00c7ocuklar bug\u00fcn \u00e7ok e\u011flendi. Veliler de \u00e7ok mutlu oldu. Her milli bayramda bu tarz etkinlikleri yapaca\u011f\u0131z\u201d dedi.\u00a0 \u00a0 \u00a0 \u00a0 \u00a0 \u00a0 \u00a0 \u00a0 \u00a0 \u00a0 \u00a0 \u00a0 \u00a0 \u00a0\u00a0 \u00a0 \u200bAdana Y\u00fcre\u011fir\u2019de k\u00f6y okulunda okuyan \u00e7ocuklar, 29 Ekim Cumhuriyet Bayram\u0131 ve Cumhuriyet&#8217;in 101. Y\u0131l\u0131 i\u00e7in okullar\u0131n\u0131 bayraklarla s\u00fcsledi. Y\u00fczlerce \u00e7ocuk, Atat\u00fcrk ti\u015f\u00f6rtleri giyip, \u00e7e\u015fitli etkinliklerle bayram co\u015fkusunu doyas\u0131ya ya\u015fad\u0131\u00a0 \u200bHaberin Al\u0131nt\u0131land\u0131\u011f\u0131 Kaynak: www.antalyakorfez.com","og_url":"https:\/\/denizcankizil.tr\/ru\/haberler\/gundem\/adanada-cocuklar-okullarini-bayraklarla-susledi-bayram-coskusunu-yasadi\/","og_site_name":"Av. Deniz Can K\u0131z\u0131l","article_published_time":"2024-10-29T14:41:20+00:00","twitter_card":"summary_large_image","twitter_misc":{"\u041f\u0440\u0438\u043c\u0435\u0440\u043d\u043e\u0435 \u0432\u0440\u0435\u043c\u044f \u0434\u043b\u044f \u0447\u0442\u0435\u043d\u0438\u044f":"1 \u043c\u0438\u043d\u0443\u0442\u0430"},"schema":{"@context":"https:\/\/schema.org","@graph":[{"@type":"Article","@id":"https:\/\/denizcankizil.tr\/ru\/haberler\/gundem\/adanada-cocuklar-okullarini-bayraklarla-susledi-bayram-coskusunu-yasadi\/#article","isPartOf":{"@id":"https:\/\/denizcankizil.tr\/ru\/haberler\/gundem\/adanada-cocuklar-okullarini-bayraklarla-susledi-bayram-coskusunu-yasadi\/"},"author":{"name":"","@id":""},"headline":"Adana\u2019da \u00e7ocuklar okullar\u0131n\u0131 bayraklarla s\u00fcsledi, bayram co\u015fkusunu ya\u015fad\u0131","datePublished":"2024-10-29T14:41:20+00:00","mainEntityOfPage":{"@id":"https:\/\/denizcankizil.tr\/ru\/haberler\/gundem\/adanada-cocuklar-okullarini-bayraklarla-susledi-bayram-coskusunu-yasadi\/"},"wordCount":214,"commentCount":0,"publisher":{"@id":"https:\/\/denizcankizil.tr\/de\/#organization"},"articleSection":["G\u00fcndem","Uncategorized"],"inLanguage":"ru-RU","potentialAction":[{"@type":"CommentAction","name":"Comment","target":["https:\/\/denizcankizil.tr\/ru\/haberler\/gundem\/adanada-cocuklar-okullarini-bayraklarla-susledi-bayram-coskusunu-yasadi\/#respond"]}]},{"@type":"WebPage","@id":"https:\/\/denizcankizil.tr\/ru\/haberler\/gundem\/adanada-cocuklar-okullarini-bayraklarla-susledi-bayram-coskusunu-yasadi\/","url":"https:\/\/denizcankizil.tr\/ru\/haberler\/gundem\/adanada-cocuklar-okullarini-bayraklarla-susledi-bayram-coskusunu-yasadi\/","name":"Adana\u2019da \u00e7ocuklar okullar\u0131n\u0131 bayraklarla s\u00fcsledi, bayram co\u015fkusunu ya\u015fad\u0131 - Av. Deniz Can K\u0131z\u0131l","isPartOf":{"@id":"https:\/\/denizcankizil.tr\/de\/#website"},"datePublished":"2024-10-29T14:41:20+00:00","breadcrumb":{"@id":"https:\/\/denizcankizil.tr\/ru\/haberler\/gundem\/adanada-cocuklar-okullarini-bayraklarla-susledi-bayram-coskusunu-yasadi\/#breadcrumb"},"inLanguage":"ru-RU","potentialAction":[{"@type":"ReadAction","target":["https:\/\/denizcankizil.tr\/ru\/haberler\/gundem\/adanada-cocuklar-okullarini-bayraklarla-susledi-bayram-coskusunu-yasadi\/"]}]},{"@type":"BreadcrumbList","@id":"https:\/\/denizcankizil.tr\/ru\/haberler\/gundem\/adanada-cocuklar-okullarini-bayraklarla-susledi-bayram-coskusunu-yasadi\/#breadcrumb","itemListElement":[{"@type":"ListItem","position":1,"name":"Home","item":"https:\/\/denizcankizil.tr\/de\/"},{"@type":"ListItem","position":2,"name":"Adana\u2019da \u00e7ocuklar okullar\u0131n\u0131 bayraklarla s\u00fcsledi, bayram co\u015fkusunu ya\u015fad\u0131"}]},{"@type":"WebSite","@id":"https:\/\/denizcankizil.tr\/de\/#website","url":"https:\/\/denizcankizil.tr\/de\/","name":"Av. Deniz Can K\u0131z\u0131l","description":"Avukat Deniz Can K\u0131z\u0131l Antalya Barosu","publisher":{"@id":"https:\/\/denizcankizil.tr\/de\/#organization"},"potentialAction":[{"@type":"SearchAction","target":{"@type":"EntryPoint","urlTemplate":"https:\/\/denizcankizil.tr\/de\/?s={search_term_string}"},"query-input":{"@type":"PropertyValueSpecification","valueRequired":true,"valueName":"search_term_string"}}],"inLanguage":"ru-RU"},{"@type":"Organization","@id":"https:\/\/denizcankizil.tr\/de\/#organization","name":"Av. Deniz Can K\u0131z\u0131l","url":"https:\/\/denizcankizil.tr\/de\/","logo":{"@type":"ImageObject","inLanguage":"ru-RU","@id":"https:\/\/denizcankizil.tr\/de\/#\/schema\/logo\/image\/","url":"https:\/\/denizcankizil.tr\/wp-content\/uploads\/2024\/10\/siyah-logo-svg.svg","contentUrl":"https:\/\/denizcankizil.tr\/wp-content\/uploads\/2024\/10\/siyah-logo-svg.svg","width":1080,"height":1080,"caption":"Av. Deniz Can K\u0131z\u0131l"},"image":{"@id":"https:\/\/denizcankizil.tr\/de\/#\/schema\/logo\/image\/"}}]}},"_links":{"self":[{"href":"https:\/\/denizcankizil.tr\/ru\/wp-json\/wp\/v2\/posts\/9984","targetHints":{"allow":["GET"]}}],"collection":[{"href":"https:\/\/denizcankizil.tr\/ru\/wp-json\/wp\/v2\/posts"}],"about":[{"href":"https:\/\/denizcankizil.tr\/ru\/wp-json\/wp\/v2\/types\/post"}],"replies":[{"embeddable":true,"href":"https:\/\/denizcankizil.tr\/ru\/wp-json\/wp\/v2\/comments?post=9984"}],"version-history":[{"count":0,"href":"https:\/\/denizcankizil.tr\/ru\/wp-json\/wp\/v2\/posts\/9984\/revisions"}],"wp:attachment":[{"href":"https:\/\/denizcankizil.tr\/ru\/wp-json\/wp\/v2\/media?parent=9984"}],"wp:term":[{"taxonomy":"category","embeddable":true,"href":"https:\/\/denizcankizil.tr\/ru\/wp-json\/wp\/v2\/categories?post=9984"},{"taxonomy":"post_tag","embeddable":true,"href":"https:\/\/denizcankizil.tr\/ru\/wp-json\/wp\/v2\/tags?post=9984"}],"curies":[{"name":"wp","href":"https:\/\/api.w.org\/{rel}","templated":true}]}}