{"id":99373,"date":"2025-05-28T10:42:45","date_gmt":"2025-05-28T07:42:45","guid":{"rendered":"https:\/\/denizcankizil.tr\/uncategorized-tr\/hataya-vefa-turizmi-onerisi\/"},"modified":"2025-05-28T10:42:45","modified_gmt":"2025-05-28T07:42:45","slug":"hataya-vefa-turizmi-onerisi","status":"publish","type":"post","link":"https:\/\/denizcankizil.tr\/ru\/haberler\/gundem\/hataya-vefa-turizmi-onerisi\/","title":{"rendered":"Hatay\u2019a \u2018Vefa Turizmi\u2019 \u00f6nerisi\u2026"},"content":{"rendered":"<p>\u0130skenderun Gazeteciler Cemiyetini y\u00f6netim kurulu \u00fcyeleriyle ziyaret eden Alanya\u2019da ya\u015fayan Hatayl\u0131lar Beraberlik Dayan\u0131\u015fma Derne\u011fi Ba\u015fkan\u0131 Mustafa K\u00fc\u00e7\u00fck deprem sonras\u0131 insanlar\u0131n birbirlerine ne kadar \u00e7ok ihtiyac\u0131 oldu\u011funu g\u00f6rd\u00fcklerini s\u00f6yledi.<\/p>\n<p>\u0130GC Ba\u015fkan\u0131 Diyap Atar ile y\u00f6netim kurulu \u00fcyelerinin Bas\u0131n Merkezi\u2019nde konuk etti\u011fi Alanya\u2019da ya\u015fayan Hatayl\u0131lar Dernek Ba\u015fkan\u0131 Mustafa K\u00fc\u00e7\u00fck, Ba\u015fkan Yard\u0131mc\u0131s\u0131 Av. Birkan Y\u0131lmaz, Adnan G\u00fc\u00e7l\u00fc, Hakan Kahraman, Metin S\u00fcrek\u00e7i ve Mehmet Ta\u015f Hatay ve \u0130skenderun\u2019un turizm konusunda geli\u015fecek \u00f6nemli bir potansiyeline i\u015faret etti.<\/p>\n<p>\u0130GC Ba\u015fkan\u0131 Diyap Atar, Alanya\u2019da dernekle\u015fen Hatayl\u0131 hem\u015fherilerini \u0130skenderun\u2019da kendi evlerinde a\u011f\u0131rlamaktan mutluluk duyduklar\u0131n\u0131 ifade ederek Alanya ve Hatay-\u0130skenderun i\u00e7in kar\u015f\u0131l\u0131kl\u0131 yap\u0131lacak \u00e7al\u0131\u015fmalar\u0131 her daim destekleyeceklerini iletti.<\/p>\n<p>Hatayl\u0131lar Beraberlik ve Dayan\u0131\u015fma Derne\u011fi Ba\u015fkan\u0131 Mustafa K\u00fc\u00e7\u00fck, Hatay\u2019\u0131n yeti\u015ftirdi\u011fi bir\u00e7ok i\u015f insan\u0131n\u0131n Alanya\u2019da ticaret yapt\u0131\u011f\u0131n\u0131, ya\u015fanan deprem sonras\u0131nda ciddi bir \u00f6rg\u00fctlenmeye ihtiya\u00e7 duyuldu\u011funun fark\u0131na vard\u0131klar\u0131n\u0131 belirterek \u201cAlanya\u2019da ya\u015fayan Hatayl\u0131lar\u0131 bir araya getirerek Beraberlik ve dayan\u0131\u015fma derne\u011fini kurduk. Ya\u015fad\u0131\u011f\u0131m\u0131z yerde s\u00f6z sahibi olan Hatayl\u0131 i\u015f insanlar\u0131m\u0131z ile g\u00fczel bir y\u00f6netim olu\u015fturarak \u00e7al\u0131\u015fmalar\u0131m\u0131za ba\u015flad\u0131k. Alanya\u2019da bir eviniz, sesiniz ve kula\u011f\u0131n\u0131z var. Tecr\u00fcbelerimizi, birikimlerimizi orada bulunan Hatayl\u0131lara ve Hatay da ya\u015fayan akraba, dost insanlar\u0131m\u0131za nas\u0131l birlikte destek oluruz, \u00e7abas\u0131 ve gayreti i\u00e7erisindeyiz\u201d dedi.<\/p>\n<p>\u00a0VEFA TUR\u0130ZM\u0130 \u00dcZER\u0130NDE DURALIM<\/p>\n<p>Alanya\u2019da ya\u015fayan Hatayl\u0131lar Beraberlik ve Dayan\u0131\u015fma Derne\u011fi Ba\u015fkan\u0131 Mustafa K\u00fc\u00e7\u00fck Hatay\u2019\u0131n muhte\u015fem k\u00fclt\u00fcr, turizm ve do\u011fas\u0131n\u0131n \u00f6ne \u00e7\u0131kart\u0131lmas\u0131 de\u011ferlendirilmesi gerekti\u011fine dikkat \u00e7ekerek \u201cHatay\u2019\u0131m\u0131z\u0131n biran \u00f6nce aya\u011fa kalkmas\u0131 i\u00e7in herkes canla ba\u015fla m\u00fccadele veriyor. Turizm alan\u0131nda da \u00f6n plana \u00e7\u0131kart\u0131lmas\u0131 laz\u0131m. Bunun i\u00e7in, \u2018Vefa Turizmi\u2019 kampanyas\u0131 ile herekese sesimizi duyulursak, insanlar Hatay\u2019a deprem sonras\u0131 g\u00f6rmek i\u00e7in gelip ne kadar \u00e7abuk aya\u011fa kalkmaya \u00e7al\u0131\u015ft\u0131\u011f\u0131n\u0131 yerinde g\u00f6rmelerine vesile oluruz. Buray\u0131 ziyaret edip, bir su i\u00e7ip esnaf\u0131n kazanmas\u0131n\u0131 sa\u011flamal\u0131y\u0131z. \u00dcstelik depremde memleketini terk etmeyen bu insanlar\u0131m\u0131za da b\u00fcy\u00fck moral kayna\u011f\u0131 olacakt\u0131r. Belki bu do\u011frultuda Tur \u015firketleri kampanyalar yaparak b\u00f6lge turizmine \u00f6nemli destek olacaklard\u0131r\u201d diye konu\u015ftu.<\/p>\n<p>Gazeteciler cemiyeti ziyaretine kat\u0131lan y\u00f6netim kurulu \u00fcyeleri de b\u00f6lgenin turizm konusunda kalk\u0131nma hamlesini yapmas\u0131 gerekti\u011fini bu b\u00f6lge ikliminin Alanya\u2019dan daha g\u00fczel oldu\u011funu ve kesinlikle Hatay\u2019\u0131n t\u00fcm il\u00e7eleriyle birlikte turizm hamlesini ba\u015flatmas\u0131 gerekti\u011fine dikkat \u00e7ektiler.<\/p>\n<p>\u200bAlanya\u2019da ya\u015fayan Hatayl\u0131lar Beraberlik Dayan\u0131\u015fma Derne\u011fi Ba\u015fkan\u0131 Mustafa K\u00fc\u00e7\u00fck y\u00fczy\u0131l\u0131n felaketine neden olan 6 \u015eubat depremleriyle b\u00fcy\u00fck bir y\u0131k\u0131ma u\u011frayan Hatay\u2019\u0131n yeniden aya\u011fa kald\u0131r\u0131lmas\u0131nda \u00f6nemli bir ad\u0131m olarak \u2018Vefa Turizmi\u2019 kampanyas\u0131n\u0131 \u00f6nerdi.\u00a0<\/p>\n<p>\u200bHaberin Al\u0131nt\u0131land\u0131\u011f\u0131 Kaynak: www.iskenderun.org<\/p>","protected":false},"excerpt":{"rendered":"<p>\u0130skenderun Gazeteciler Cemiyetini y\u00f6netim kurulu \u00fcyeleriyle ziyaret eden Alanya\u2019da ya\u015fayan Hatayl\u0131lar Beraberlik Dayan\u0131\u015fma Derne\u011fi Ba\u015fkan\u0131 Mustafa K\u00fc\u00e7\u00fck deprem sonras\u0131 insanlar\u0131n birbirlerine ne kadar \u00e7ok ihtiyac\u0131 oldu\u011funu g\u00f6rd\u00fcklerini s\u00f6yledi. \u0130GC Ba\u015fkan\u0131 Diyap Atar ile y\u00f6netim kurulu \u00fcyelerinin Bas\u0131n Merkezi\u2019nde konuk etti\u011fi Alanya\u2019da ya\u015fayan Hatayl\u0131lar Dernek Ba\u015fkan\u0131 Mustafa K\u00fc\u00e7\u00fck, Ba\u015fkan Yard\u0131mc\u0131s\u0131 Av. Birkan Y\u0131lmaz, Adnan G\u00fc\u00e7l\u00fc, Hakan Kahraman, Metin S\u00fcrek\u00e7i ve Mehmet Ta\u015f Hatay ve \u0130skenderun\u2019un turizm konusunda geli\u015fecek \u00f6nemli bir potansiyeline i\u015faret etti. \u0130GC Ba\u015fkan\u0131 Diyap Atar, Alanya\u2019da dernekle\u015fen Hatayl\u0131 hem\u015fherilerini \u0130skenderun\u2019da kendi evlerinde a\u011f\u0131rlamaktan mutluluk duyduklar\u0131n\u0131 ifade ederek Alanya ve Hatay-\u0130skenderun i\u00e7in kar\u015f\u0131l\u0131kl\u0131 yap\u0131lacak \u00e7al\u0131\u015fmalar\u0131 her daim destekleyeceklerini iletti. Hatayl\u0131lar Beraberlik ve Dayan\u0131\u015fma Derne\u011fi Ba\u015fkan\u0131 Mustafa K\u00fc\u00e7\u00fck, Hatay\u2019\u0131n yeti\u015ftirdi\u011fi bir\u00e7ok i\u015f insan\u0131n\u0131n Alanya\u2019da ticaret yapt\u0131\u011f\u0131n\u0131, ya\u015fanan deprem sonras\u0131nda ciddi bir \u00f6rg\u00fctlenmeye ihtiya\u00e7 duyuldu\u011funun fark\u0131na vard\u0131klar\u0131n\u0131 belirterek \u201cAlanya\u2019da ya\u015fayan Hatayl\u0131lar\u0131 bir araya getirerek Beraberlik ve dayan\u0131\u015fma derne\u011fini kurduk. Ya\u015fad\u0131\u011f\u0131m\u0131z yerde s\u00f6z sahibi olan Hatayl\u0131 i\u015f insanlar\u0131m\u0131z ile g\u00fczel bir y\u00f6netim olu\u015fturarak \u00e7al\u0131\u015fmalar\u0131m\u0131za ba\u015flad\u0131k. Alanya\u2019da bir eviniz, sesiniz ve kula\u011f\u0131n\u0131z var. Tecr\u00fcbelerimizi, birikimlerimizi orada bulunan Hatayl\u0131lara ve Hatay da ya\u015fayan akraba, dost insanlar\u0131m\u0131za nas\u0131l birlikte destek oluruz, \u00e7abas\u0131 ve gayreti i\u00e7erisindeyiz\u201d dedi. \u00a0VEFA TUR\u0130ZM\u0130 \u00dcZER\u0130NDE DURALIM Alanya\u2019da ya\u015fayan Hatayl\u0131lar Beraberlik ve Dayan\u0131\u015fma Derne\u011fi Ba\u015fkan\u0131 Mustafa K\u00fc\u00e7\u00fck Hatay\u2019\u0131n muhte\u015fem k\u00fclt\u00fcr, turizm ve do\u011fas\u0131n\u0131n &hellip;<\/p>","protected":false},"author":1,"featured_media":0,"comment_status":"","ping_status":"open","sticky":false,"template":"","format":"standard","meta":{"_acf_changed":false,"footnotes":""},"categories":[24],"tags":[],"class_list":["post-99373","post","type-post","status-publish","format-standard","has-post-thumbnail","hentry","category-gundem"],"acf":[],"yoast_head":"<!-- This site is optimized with the Yoast SEO Premium plugin v26.6 (Yoast SEO v27.1.1) - https:\/\/yoast.com\/product\/yoast-seo-premium-wordpress\/ -->\n<title>Hatay\u2019a \u2018Vefa Turizmi\u2019 \u00f6nerisi\u2026 - Av. Deniz Can K\u0131z\u0131l<\/title>\n<meta name=\"robots\" content=\"index, follow, max-snippet:-1, max-image-preview:large, max-video-preview:-1\" \/>\n<link rel=\"canonical\" href=\"https:\/\/denizcankizil.tr\/ru\/haberler\/gundem\/hataya-vefa-turizmi-onerisi\/\" \/>\n<meta property=\"og:locale\" content=\"ru_RU\" \/>\n<meta property=\"og:type\" content=\"article\" \/>\n<meta property=\"og:title\" content=\"Hatay\u2019a \u2018Vefa Turizmi\u2019 \u00f6nerisi\u2026\" \/>\n<meta property=\"og:description\" content=\"\u0130skenderun Gazeteciler Cemiyetini y\u00f6netim kurulu \u00fcyeleriyle ziyaret eden Alanya\u2019da ya\u015fayan Hatayl\u0131lar Beraberlik Dayan\u0131\u015fma Derne\u011fi Ba\u015fkan\u0131 Mustafa K\u00fc\u00e7\u00fck deprem sonras\u0131 insanlar\u0131n birbirlerine ne kadar \u00e7ok ihtiyac\u0131 oldu\u011funu g\u00f6rd\u00fcklerini s\u00f6yledi. \u0130GC Ba\u015fkan\u0131 Diyap Atar ile y\u00f6netim kurulu \u00fcyelerinin Bas\u0131n Merkezi\u2019nde konuk etti\u011fi Alanya\u2019da ya\u015fayan Hatayl\u0131lar Dernek Ba\u015fkan\u0131 Mustafa K\u00fc\u00e7\u00fck, Ba\u015fkan Yard\u0131mc\u0131s\u0131 Av. Birkan Y\u0131lmaz, Adnan G\u00fc\u00e7l\u00fc, Hakan Kahraman, Metin S\u00fcrek\u00e7i ve Mehmet Ta\u015f Hatay ve \u0130skenderun\u2019un turizm konusunda geli\u015fecek \u00f6nemli bir potansiyeline i\u015faret etti. \u0130GC Ba\u015fkan\u0131 Diyap Atar, Alanya\u2019da dernekle\u015fen Hatayl\u0131 hem\u015fherilerini \u0130skenderun\u2019da kendi evlerinde a\u011f\u0131rlamaktan mutluluk duyduklar\u0131n\u0131 ifade ederek Alanya ve Hatay-\u0130skenderun i\u00e7in kar\u015f\u0131l\u0131kl\u0131 yap\u0131lacak \u00e7al\u0131\u015fmalar\u0131 her daim destekleyeceklerini iletti. Hatayl\u0131lar Beraberlik ve Dayan\u0131\u015fma Derne\u011fi Ba\u015fkan\u0131 Mustafa K\u00fc\u00e7\u00fck, Hatay\u2019\u0131n yeti\u015ftirdi\u011fi bir\u00e7ok i\u015f insan\u0131n\u0131n Alanya\u2019da ticaret yapt\u0131\u011f\u0131n\u0131, ya\u015fanan deprem sonras\u0131nda ciddi bir \u00f6rg\u00fctlenmeye ihtiya\u00e7 duyuldu\u011funun fark\u0131na vard\u0131klar\u0131n\u0131 belirterek \u201cAlanya\u2019da ya\u015fayan Hatayl\u0131lar\u0131 bir araya getirerek Beraberlik ve dayan\u0131\u015fma derne\u011fini kurduk. Ya\u015fad\u0131\u011f\u0131m\u0131z yerde s\u00f6z sahibi olan Hatayl\u0131 i\u015f insanlar\u0131m\u0131z ile g\u00fczel bir y\u00f6netim olu\u015fturarak \u00e7al\u0131\u015fmalar\u0131m\u0131za ba\u015flad\u0131k. Alanya\u2019da bir eviniz, sesiniz ve kula\u011f\u0131n\u0131z var. Tecr\u00fcbelerimizi, birikimlerimizi orada bulunan Hatayl\u0131lara ve Hatay da ya\u015fayan akraba, dost insanlar\u0131m\u0131za nas\u0131l birlikte destek oluruz, \u00e7abas\u0131 ve gayreti i\u00e7erisindeyiz\u201d dedi. \u00a0VEFA TUR\u0130ZM\u0130 \u00dcZER\u0130NDE DURALIM Alanya\u2019da ya\u015fayan Hatayl\u0131lar Beraberlik ve Dayan\u0131\u015fma Derne\u011fi Ba\u015fkan\u0131 Mustafa K\u00fc\u00e7\u00fck Hatay\u2019\u0131n muhte\u015fem k\u00fclt\u00fcr, turizm ve do\u011fas\u0131n\u0131n &hellip;\" \/>\n<meta property=\"og:url\" content=\"https:\/\/denizcankizil.tr\/ru\/haberler\/gundem\/hataya-vefa-turizmi-onerisi\/\" \/>\n<meta property=\"og:site_name\" content=\"Av. Deniz Can K\u0131z\u0131l\" \/>\n<meta property=\"article:published_time\" content=\"2025-05-28T07:42:45+00:00\" \/>\n<meta name=\"author\" content=\"admin\" \/>\n<meta name=\"twitter:card\" content=\"summary_large_image\" \/>\n<meta name=\"twitter:label1\" content=\"\u041d\u0430\u043f\u0438\u0441\u0430\u043d\u043e \u0430\u0432\u0442\u043e\u0440\u043e\u043c\" \/>\n\t<meta name=\"twitter:data1\" content=\"admin\" \/>\n\t<meta name=\"twitter:label2\" content=\"\u041f\u0440\u0438\u043c\u0435\u0440\u043d\u043e\u0435 \u0432\u0440\u0435\u043c\u044f \u0434\u043b\u044f \u0447\u0442\u0435\u043d\u0438\u044f\" \/>\n\t<meta name=\"twitter:data2\" content=\"3 \u043c\u0438\u043d\u0443\u0442\u044b\" \/>\n<script type=\"application\/ld+json\" class=\"yoast-schema-graph\">{\"@context\":\"https:\/\/schema.org\",\"@graph\":[{\"@type\":\"Article\",\"@id\":\"https:\/\/denizcankizil.tr\/ru\/haberler\/gundem\/hataya-vefa-turizmi-onerisi\/#article\",\"isPartOf\":{\"@id\":\"https:\/\/denizcankizil.tr\/ru\/haberler\/gundem\/hataya-vefa-turizmi-onerisi\/\"},\"author\":{\"name\":\"admin\",\"@id\":\"https:\/\/denizcankizil.tr\/#\/schema\/person\/be3c05fe6a12686905512445d8185489\"},\"headline\":\"Hatay\u2019a \u2018Vefa Turizmi\u2019 \u00f6nerisi\u2026\",\"datePublished\":\"2025-05-28T07:42:45+00:00\",\"mainEntityOfPage\":{\"@id\":\"https:\/\/denizcankizil.tr\/ru\/haberler\/gundem\/hataya-vefa-turizmi-onerisi\/\"},\"wordCount\":546,\"publisher\":{\"@id\":\"https:\/\/denizcankizil.tr\/#organization\"},\"articleSection\":[\"G\u00fcndem\"],\"inLanguage\":\"ru-RU\"},{\"@type\":\"WebPage\",\"@id\":\"https:\/\/denizcankizil.tr\/ru\/haberler\/gundem\/hataya-vefa-turizmi-onerisi\/\",\"url\":\"https:\/\/denizcankizil.tr\/ru\/haberler\/gundem\/hataya-vefa-turizmi-onerisi\/\",\"name\":\"Hatay\u2019a \u2018Vefa Turizmi\u2019 \u00f6nerisi\u2026 - Av. Deniz Can K\u0131z\u0131l\",\"isPartOf\":{\"@id\":\"https:\/\/denizcankizil.tr\/#website\"},\"datePublished\":\"2025-05-28T07:42:45+00:00\",\"breadcrumb\":{\"@id\":\"https:\/\/denizcankizil.tr\/ru\/haberler\/gundem\/hataya-vefa-turizmi-onerisi\/#breadcrumb\"},\"inLanguage\":\"ru-RU\",\"potentialAction\":[{\"@type\":\"ReadAction\",\"target\":[\"https:\/\/denizcankizil.tr\/ru\/haberler\/gundem\/hataya-vefa-turizmi-onerisi\/\"]}]},{\"@type\":\"BreadcrumbList\",\"@id\":\"https:\/\/denizcankizil.tr\/ru\/haberler\/gundem\/hataya-vefa-turizmi-onerisi\/#breadcrumb\",\"itemListElement\":[{\"@type\":\"ListItem\",\"position\":1,\"name\":\"Home\",\"item\":\"https:\/\/denizcankizil.tr\/uk\/\"},{\"@type\":\"ListItem\",\"position\":2,\"name\":\"Hatay\u2019a \u2018Vefa Turizmi\u2019 \u00f6nerisi\u2026\"}]},{\"@type\":\"WebSite\",\"@id\":\"https:\/\/denizcankizil.tr\/#website\",\"url\":\"https:\/\/denizcankizil.tr\/\",\"name\":\"Av. Deniz Can K\u0131z\u0131l\",\"description\":\"Avukat Deniz Can K\u0131z\u0131l Antalya Barosu\",\"publisher\":{\"@id\":\"https:\/\/denizcankizil.tr\/#organization\"},\"potentialAction\":[{\"@type\":\"SearchAction\",\"target\":{\"@type\":\"EntryPoint\",\"urlTemplate\":\"https:\/\/denizcankizil.tr\/?s={search_term_string}\"},\"query-input\":{\"@type\":\"PropertyValueSpecification\",\"valueRequired\":true,\"valueName\":\"search_term_string\"}}],\"inLanguage\":\"ru-RU\"},{\"@type\":\"Organization\",\"@id\":\"https:\/\/denizcankizil.tr\/#organization\",\"name\":\"Av. Deniz Can K\u0131z\u0131l\",\"url\":\"https:\/\/denizcankizil.tr\/\",\"logo\":{\"@type\":\"ImageObject\",\"inLanguage\":\"ru-RU\",\"@id\":\"https:\/\/denizcankizil.tr\/#\/schema\/logo\/image\/\",\"url\":\"https:\/\/denizcankizil.tr\/wp-content\/uploads\/2024\/10\/siyah-logo-svg.svg\",\"contentUrl\":\"https:\/\/denizcankizil.tr\/wp-content\/uploads\/2024\/10\/siyah-logo-svg.svg\",\"width\":1080,\"height\":1080,\"caption\":\"Av. Deniz Can K\u0131z\u0131l\"},\"image\":{\"@id\":\"https:\/\/denizcankizil.tr\/#\/schema\/logo\/image\/\"}},{\"@type\":\"Person\",\"@id\":\"https:\/\/denizcankizil.tr\/#\/schema\/person\/be3c05fe6a12686905512445d8185489\",\"name\":\"admin\",\"image\":{\"@type\":\"ImageObject\",\"inLanguage\":\"ru-RU\",\"@id\":\"https:\/\/denizcankizil.tr\/#\/schema\/person\/image\/\",\"url\":\"https:\/\/secure.gravatar.com\/avatar\/c1fce94c830dc79107e174f890d7210541c4a63e8e5d816341794a2151c9d58c?s=96&d=mm&r=g\",\"contentUrl\":\"https:\/\/secure.gravatar.com\/avatar\/c1fce94c830dc79107e174f890d7210541c4a63e8e5d816341794a2151c9d58c?s=96&d=mm&r=g\",\"caption\":\"admin\"},\"sameAs\":[\"http:\/\/denizcankizil.tr\"],\"url\":\"https:\/\/www.iskenderun.org\/hataya-vefa-turizmi-onerisi\"}]}<\/script>\n<!-- \/ Yoast SEO Premium plugin. -->","yoast_head_json":{"title":"Hatay\u2019a \u2018Vefa Turizmi\u2019 \u00f6nerisi\u2026 - Av. Deniz Can K\u0131z\u0131l","robots":{"index":"index","follow":"follow","max-snippet":"max-snippet:-1","max-image-preview":"max-image-preview:large","max-video-preview":"max-video-preview:-1"},"canonical":"https:\/\/denizcankizil.tr\/ru\/haberler\/gundem\/hataya-vefa-turizmi-onerisi\/","og_locale":"ru_RU","og_type":"article","og_title":"Hatay\u2019a \u2018Vefa Turizmi\u2019 \u00f6nerisi\u2026","og_description":"\u0130skenderun Gazeteciler Cemiyetini y\u00f6netim kurulu \u00fcyeleriyle ziyaret eden Alanya\u2019da ya\u015fayan Hatayl\u0131lar Beraberlik Dayan\u0131\u015fma Derne\u011fi Ba\u015fkan\u0131 Mustafa K\u00fc\u00e7\u00fck deprem sonras\u0131 insanlar\u0131n birbirlerine ne kadar \u00e7ok ihtiyac\u0131 oldu\u011funu g\u00f6rd\u00fcklerini s\u00f6yledi. \u0130GC Ba\u015fkan\u0131 Diyap Atar ile y\u00f6netim kurulu \u00fcyelerinin Bas\u0131n Merkezi\u2019nde konuk etti\u011fi Alanya\u2019da ya\u015fayan Hatayl\u0131lar Dernek Ba\u015fkan\u0131 Mustafa K\u00fc\u00e7\u00fck, Ba\u015fkan Yard\u0131mc\u0131s\u0131 Av. Birkan Y\u0131lmaz, Adnan G\u00fc\u00e7l\u00fc, Hakan Kahraman, Metin S\u00fcrek\u00e7i ve Mehmet Ta\u015f Hatay ve \u0130skenderun\u2019un turizm konusunda geli\u015fecek \u00f6nemli bir potansiyeline i\u015faret etti. \u0130GC Ba\u015fkan\u0131 Diyap Atar, Alanya\u2019da dernekle\u015fen Hatayl\u0131 hem\u015fherilerini \u0130skenderun\u2019da kendi evlerinde a\u011f\u0131rlamaktan mutluluk duyduklar\u0131n\u0131 ifade ederek Alanya ve Hatay-\u0130skenderun i\u00e7in kar\u015f\u0131l\u0131kl\u0131 yap\u0131lacak \u00e7al\u0131\u015fmalar\u0131 her daim destekleyeceklerini iletti. Hatayl\u0131lar Beraberlik ve Dayan\u0131\u015fma Derne\u011fi Ba\u015fkan\u0131 Mustafa K\u00fc\u00e7\u00fck, Hatay\u2019\u0131n yeti\u015ftirdi\u011fi bir\u00e7ok i\u015f insan\u0131n\u0131n Alanya\u2019da ticaret yapt\u0131\u011f\u0131n\u0131, ya\u015fanan deprem sonras\u0131nda ciddi bir \u00f6rg\u00fctlenmeye ihtiya\u00e7 duyuldu\u011funun fark\u0131na vard\u0131klar\u0131n\u0131 belirterek \u201cAlanya\u2019da ya\u015fayan Hatayl\u0131lar\u0131 bir araya getirerek Beraberlik ve dayan\u0131\u015fma derne\u011fini kurduk. Ya\u015fad\u0131\u011f\u0131m\u0131z yerde s\u00f6z sahibi olan Hatayl\u0131 i\u015f insanlar\u0131m\u0131z ile g\u00fczel bir y\u00f6netim olu\u015fturarak \u00e7al\u0131\u015fmalar\u0131m\u0131za ba\u015flad\u0131k. Alanya\u2019da bir eviniz, sesiniz ve kula\u011f\u0131n\u0131z var. Tecr\u00fcbelerimizi, birikimlerimizi orada bulunan Hatayl\u0131lara ve Hatay da ya\u015fayan akraba, dost insanlar\u0131m\u0131za nas\u0131l birlikte destek oluruz, \u00e7abas\u0131 ve gayreti i\u00e7erisindeyiz\u201d dedi. \u00a0VEFA TUR\u0130ZM\u0130 \u00dcZER\u0130NDE DURALIM Alanya\u2019da ya\u015fayan Hatayl\u0131lar Beraberlik ve Dayan\u0131\u015fma Derne\u011fi Ba\u015fkan\u0131 Mustafa K\u00fc\u00e7\u00fck Hatay\u2019\u0131n muhte\u015fem k\u00fclt\u00fcr, turizm ve do\u011fas\u0131n\u0131n &hellip;","og_url":"https:\/\/denizcankizil.tr\/ru\/haberler\/gundem\/hataya-vefa-turizmi-onerisi\/","og_site_name":"Av. Deniz Can K\u0131z\u0131l","article_published_time":"2025-05-28T07:42:45+00:00","author":"admin","twitter_card":"summary_large_image","twitter_misc":{"\u041d\u0430\u043f\u0438\u0441\u0430\u043d\u043e \u0430\u0432\u0442\u043e\u0440\u043e\u043c":"admin","\u041f\u0440\u0438\u043c\u0435\u0440\u043d\u043e\u0435 \u0432\u0440\u0435\u043c\u044f \u0434\u043b\u044f \u0447\u0442\u0435\u043d\u0438\u044f":"3 \u043c\u0438\u043d\u0443\u0442\u044b"},"schema":{"@context":"https:\/\/schema.org","@graph":[{"@type":"Article","@id":"https:\/\/denizcankizil.tr\/ru\/haberler\/gundem\/hataya-vefa-turizmi-onerisi\/#article","isPartOf":{"@id":"https:\/\/denizcankizil.tr\/ru\/haberler\/gundem\/hataya-vefa-turizmi-onerisi\/"},"author":{"name":"admin","@id":"https:\/\/denizcankizil.tr\/#\/schema\/person\/be3c05fe6a12686905512445d8185489"},"headline":"Hatay\u2019a \u2018Vefa Turizmi\u2019 \u00f6nerisi\u2026","datePublished":"2025-05-28T07:42:45+00:00","mainEntityOfPage":{"@id":"https:\/\/denizcankizil.tr\/ru\/haberler\/gundem\/hataya-vefa-turizmi-onerisi\/"},"wordCount":546,"publisher":{"@id":"https:\/\/denizcankizil.tr\/#organization"},"articleSection":["G\u00fcndem"],"inLanguage":"ru-RU"},{"@type":"WebPage","@id":"https:\/\/denizcankizil.tr\/ru\/haberler\/gundem\/hataya-vefa-turizmi-onerisi\/","url":"https:\/\/denizcankizil.tr\/ru\/haberler\/gundem\/hataya-vefa-turizmi-onerisi\/","name":"Hatay\u2019a \u2018Vefa Turizmi\u2019 \u00f6nerisi\u2026 - Av. Deniz Can K\u0131z\u0131l","isPartOf":{"@id":"https:\/\/denizcankizil.tr\/#website"},"datePublished":"2025-05-28T07:42:45+00:00","breadcrumb":{"@id":"https:\/\/denizcankizil.tr\/ru\/haberler\/gundem\/hataya-vefa-turizmi-onerisi\/#breadcrumb"},"inLanguage":"ru-RU","potentialAction":[{"@type":"ReadAction","target":["https:\/\/denizcankizil.tr\/ru\/haberler\/gundem\/hataya-vefa-turizmi-onerisi\/"]}]},{"@type":"BreadcrumbList","@id":"https:\/\/denizcankizil.tr\/ru\/haberler\/gundem\/hataya-vefa-turizmi-onerisi\/#breadcrumb","itemListElement":[{"@type":"ListItem","position":1,"name":"Home","item":"https:\/\/denizcankizil.tr\/uk\/"},{"@type":"ListItem","position":2,"name":"Hatay\u2019a \u2018Vefa Turizmi\u2019 \u00f6nerisi\u2026"}]},{"@type":"WebSite","@id":"https:\/\/denizcankizil.tr\/#website","url":"https:\/\/denizcankizil.tr\/","name":"Av. Deniz Can K\u0131z\u0131l","description":"Avukat Deniz Can K\u0131z\u0131l Antalya Barosu","publisher":{"@id":"https:\/\/denizcankizil.tr\/#organization"},"potentialAction":[{"@type":"SearchAction","target":{"@type":"EntryPoint","urlTemplate":"https:\/\/denizcankizil.tr\/?s={search_term_string}"},"query-input":{"@type":"PropertyValueSpecification","valueRequired":true,"valueName":"search_term_string"}}],"inLanguage":"ru-RU"},{"@type":"Organization","@id":"https:\/\/denizcankizil.tr\/#organization","name":"Av. Deniz Can K\u0131z\u0131l","url":"https:\/\/denizcankizil.tr\/","logo":{"@type":"ImageObject","inLanguage":"ru-RU","@id":"https:\/\/denizcankizil.tr\/#\/schema\/logo\/image\/","url":"https:\/\/denizcankizil.tr\/wp-content\/uploads\/2024\/10\/siyah-logo-svg.svg","contentUrl":"https:\/\/denizcankizil.tr\/wp-content\/uploads\/2024\/10\/siyah-logo-svg.svg","width":1080,"height":1080,"caption":"Av. Deniz Can K\u0131z\u0131l"},"image":{"@id":"https:\/\/denizcankizil.tr\/#\/schema\/logo\/image\/"}},{"@type":"Person","@id":"https:\/\/denizcankizil.tr\/#\/schema\/person\/be3c05fe6a12686905512445d8185489","name":"\u0430\u0434\u043c\u0438\u043d","image":{"@type":"ImageObject","inLanguage":"ru-RU","@id":"https:\/\/denizcankizil.tr\/#\/schema\/person\/image\/","url":"https:\/\/secure.gravatar.com\/avatar\/c1fce94c830dc79107e174f890d7210541c4a63e8e5d816341794a2151c9d58c?s=96&d=mm&r=g","contentUrl":"https:\/\/secure.gravatar.com\/avatar\/c1fce94c830dc79107e174f890d7210541c4a63e8e5d816341794a2151c9d58c?s=96&d=mm&r=g","caption":"admin"},"sameAs":["http:\/\/denizcankizil.tr"],"url":"https:\/\/www.iskenderun.org\/hataya-vefa-turizmi-onerisi"}]}},"_links":{"self":[{"href":"https:\/\/denizcankizil.tr\/ru\/wp-json\/wp\/v2\/posts\/99373","targetHints":{"allow":["GET"]}}],"collection":[{"href":"https:\/\/denizcankizil.tr\/ru\/wp-json\/wp\/v2\/posts"}],"about":[{"href":"https:\/\/denizcankizil.tr\/ru\/wp-json\/wp\/v2\/types\/post"}],"author":[{"embeddable":true,"href":"https:\/\/denizcankizil.tr\/ru\/wp-json\/wp\/v2\/users\/1"}],"replies":[{"embeddable":true,"href":"https:\/\/denizcankizil.tr\/ru\/wp-json\/wp\/v2\/comments?post=99373"}],"version-history":[{"count":0,"href":"https:\/\/denizcankizil.tr\/ru\/wp-json\/wp\/v2\/posts\/99373\/revisions"}],"wp:attachment":[{"href":"https:\/\/denizcankizil.tr\/ru\/wp-json\/wp\/v2\/media?parent=99373"}],"wp:term":[{"taxonomy":"category","embeddable":true,"href":"https:\/\/denizcankizil.tr\/ru\/wp-json\/wp\/v2\/categories?post=99373"},{"taxonomy":"post_tag","embeddable":true,"href":"https:\/\/denizcankizil.tr\/ru\/wp-json\/wp\/v2\/tags?post=99373"}],"curies":[{"name":"wp","href":"https:\/\/api.w.org\/{rel}","templated":true}]}}