{"id":99328,"date":"2025-05-28T10:41:23","date_gmt":"2025-05-28T07:41:23","guid":{"rendered":"https:\/\/denizcankizil.tr\/uncategorized-tr\/antalya-fashion-week-kapilarini-acti\/"},"modified":"2025-05-28T10:41:23","modified_gmt":"2025-05-28T07:41:23","slug":"antalya-fashion-week-kapilarini-acti","status":"publish","type":"post","link":"https:\/\/denizcankizil.tr\/ru\/haberler\/antalya\/antalya-fashion-week-kapilarini-acti\/","title":{"rendered":"Antalya Fashion Week kap\u0131lar\u0131n\u0131 a\u00e7t\u0131"},"content":{"rendered":"<p>Antalya Fashion Week, Konyaalt\u0131&#8217;ndaki 5 y\u0131ld\u0131zl\u0131 bir otelde d\u00fcn gece ger\u00e7ekle\u015ftirilen \u00c7i\u011fdem Ak\u0131n defilesiyle ba\u015flad\u0131. Moda sekt\u00f6r\u00fcne uzun y\u0131llar emek veren ve pek \u00e7ok ba\u015far\u0131ya imza atan \u00c7i\u011fdem Ak\u0131n, \u2018Nemesis\u2019 koleksiyonu ile adaletin zarif ama g\u00fc\u00e7l\u00fc y\u00fcz\u00fcn\u00fc moda sahnesine ta\u015f\u0131d\u0131. Yurt d\u0131\u015f\u0131ndan gelen onlarca moda profesyonelinin de izledi\u011fi defilede \u00c7i\u011fdem Ak\u0131n\u2019\u0131n tasar\u0131mlar\u0131 be\u011feni kazand\u0131. Defilenin finalinde konuklar\u0131n\u0131 selamlayan Ak\u0131n, b\u00fcy\u00fck alk\u0131\u015f ald\u0131.<\/p>\n<p>&#8216;PARAD\u0130SE&#8217; KOLEKS\u0130YONU<\/p>\n<p>Arso Group resmi sponsorlu\u011funda d\u00fczenlenen moda haftas\u0131n\u0131n ilk g\u00fcn\u00fc Rusya\u2019dan gelen Kristina Kibovskaya\u2019n\u0131n defilesiyle devam etti. Ekibi ve mankenleriyle birlikte 120 ki\u015filik bir grupla Antalya\u2019ya gelen Kibovskaya\u2019n\u0131n &#8216;Paradise&#8217; koleksiyonu konuklar\u0131 b\u00fcy\u00fcledi. \u00dc\u00e7\u00fcnc\u00fc kez AFW podyumunda yer alan Kibovskaya defilesinde Rusya\u2019dan gelen yeti\u015fkin ve \u00e7ocuklardan olu\u015fan 40 manken podyumda y\u00fcr\u00fcd\u00fc. Rusya\u2019n\u0131n The Voice yar\u0131\u015fmac\u0131s\u0131 \u015fark\u0131c\u0131 Anna Sklyar da defile s\u0131ras\u0131nda m\u00fczik ziyafeti sundu.<\/p>\n<p>DER\u0130 TUTKUSU PODYUMDA<\/p>\n<p>Emy Organizasyon taraf\u0131ndan ger\u00e7ekle\u015ftirilen ve birbirinden renkli etkinliklerin ger\u00e7ekle\u015ftirilece\u011fi moda haftas\u0131n\u0131n ilk g\u00fcn\u00fc, Murat Aytulum defilesiyle tamamland\u0131. Deri kullan\u0131m\u0131na olan tutkusu ve detaylara verdi\u011fi \u00f6zenle tan\u0131nan Aytulum\u2019un ilkbahar yaz 2025 koleksiyonu &#8216;Moon Light&#8217;, siyah beyaz renk kullan\u0131m\u0131 ve y\u00fcksek terzi i\u015f\u00e7ili\u011fiyle dikkati \u00e7ekti.<\/p>\n<p>CUMARTES\u0130 SONA ERECEK<\/p>\n<p>31 May\u0131s g\u00fcn\u00fc Kalei\u00e7i\u2019nde yer alan tarihi Hadrian Kap\u0131s\u0131\u2019nda Tuba Ergin defilesiyle sona erecek olan Antalya Fashion Week\u2019i yakla\u015f\u0131k 5 bin ki\u015finin takip etmesi bekleniyor. \u0130ngiltere\u2019den John Herrera, Kazakistan\u2019dan Chinara Yelmuratovna ve merkezi Dubai\u2019de bulunan SNIM Design\u2019in yan\u0131 s\u0131ra T\u00fcrkiye\u2019yi uluslararas\u0131 arenada ba\u015far\u0131yla temsil eden usta modac\u0131lar Recep Demiray ve G\u00f6khan Yava\u015f defileleri de modan\u0131n kalbini Antalya\u2019da att\u0131racak.<\/p>\n<p>Kaynak: www.kanalv.com.tr Haber Sitesinden Al\u0131nm\u0131\u015ft\u0131r.<\/p>","protected":false},"excerpt":{"rendered":"<p>Antalya Fashion Week, Konyaalt\u0131&#8217;ndaki 5 y\u0131ld\u0131zl\u0131 bir otelde d\u00fcn gece ger\u00e7ekle\u015ftirilen \u00c7i\u011fdem Ak\u0131n defilesiyle ba\u015flad\u0131. Moda sekt\u00f6r\u00fcne uzun y\u0131llar emek veren ve pek \u00e7ok ba\u015far\u0131ya imza atan \u00c7i\u011fdem Ak\u0131n, \u2018Nemesis\u2019 koleksiyonu ile adaletin zarif ama g\u00fc\u00e7l\u00fc y\u00fcz\u00fcn\u00fc moda sahnesine ta\u015f\u0131d\u0131. Yurt d\u0131\u015f\u0131ndan gelen onlarca moda profesyonelinin de izledi\u011fi defilede \u00c7i\u011fdem Ak\u0131n\u2019\u0131n tasar\u0131mlar\u0131 be\u011feni kazand\u0131. Defilenin finalinde konuklar\u0131n\u0131 selamlayan Ak\u0131n, b\u00fcy\u00fck alk\u0131\u015f ald\u0131. &#8216;PARAD\u0130SE&#8217; KOLEKS\u0130YONU Arso Group resmi sponsorlu\u011funda d\u00fczenlenen moda haftas\u0131n\u0131n ilk g\u00fcn\u00fc Rusya\u2019dan gelen Kristina Kibovskaya\u2019n\u0131n defilesiyle devam etti. Ekibi ve mankenleriyle birlikte 120 ki\u015filik bir grupla Antalya\u2019ya gelen Kibovskaya\u2019n\u0131n &#8216;Paradise&#8217; koleksiyonu konuklar\u0131 b\u00fcy\u00fcledi. \u00dc\u00e7\u00fcnc\u00fc kez AFW podyumunda yer alan Kibovskaya defilesinde Rusya\u2019dan gelen yeti\u015fkin ve \u00e7ocuklardan olu\u015fan 40 manken podyumda y\u00fcr\u00fcd\u00fc. Rusya\u2019n\u0131n The Voice yar\u0131\u015fmac\u0131s\u0131 \u015fark\u0131c\u0131 Anna Sklyar da defile s\u0131ras\u0131nda m\u00fczik ziyafeti sundu. DER\u0130 TUTKUSU PODYUMDA Emy Organizasyon taraf\u0131ndan ger\u00e7ekle\u015ftirilen ve birbirinden renkli etkinliklerin ger\u00e7ekle\u015ftirilece\u011fi moda haftas\u0131n\u0131n ilk g\u00fcn\u00fc, Murat Aytulum defilesiyle tamamland\u0131. Deri kullan\u0131m\u0131na olan tutkusu ve detaylara verdi\u011fi \u00f6zenle tan\u0131nan Aytulum\u2019un ilkbahar yaz 2025 koleksiyonu &#8216;Moon Light&#8217;, siyah beyaz renk kullan\u0131m\u0131 ve y\u00fcksek terzi i\u015f\u00e7ili\u011fiyle dikkati \u00e7ekti. CUMARTES\u0130 SONA ERECEK 31 May\u0131s g\u00fcn\u00fc Kalei\u00e7i\u2019nde yer alan tarihi Hadrian Kap\u0131s\u0131\u2019nda Tuba Ergin defilesiyle sona erecek olan Antalya Fashion Week\u2019i yakla\u015f\u0131k 5 bin ki\u015finin takip etmesi bekleniyor. &hellip;<\/p>","protected":false},"author":4,"featured_media":99329,"comment_status":"","ping_status":"open","sticky":false,"template":"","format":"standard","meta":{"_acf_changed":false,"footnotes":""},"categories":[26],"tags":[],"class_list":["post-99328","post","type-post","status-publish","format-standard","has-post-thumbnail","hentry","category-antalya"],"acf":[],"yoast_head":"<!-- This site is optimized with the Yoast SEO Premium plugin v26.6 (Yoast SEO v27.1.1) - https:\/\/yoast.com\/product\/yoast-seo-premium-wordpress\/ -->\n<title>Antalya Fashion Week kap\u0131lar\u0131n\u0131 a\u00e7t\u0131 - Av. Deniz Can K\u0131z\u0131l<\/title>\n<meta name=\"robots\" content=\"index, follow, max-snippet:-1, max-image-preview:large, max-video-preview:-1\" \/>\n<link rel=\"canonical\" href=\"https:\/\/denizcankizil.tr\/ru\/haberler\/antalya\/antalya-fashion-week-kapilarini-acti\/\" \/>\n<meta property=\"og:locale\" content=\"ru_RU\" \/>\n<meta property=\"og:type\" content=\"article\" \/>\n<meta property=\"og:title\" content=\"Antalya Fashion Week kap\u0131lar\u0131n\u0131 a\u00e7t\u0131\" \/>\n<meta property=\"og:description\" content=\"Antalya Fashion Week, Konyaalt\u0131&#8217;ndaki 5 y\u0131ld\u0131zl\u0131 bir otelde d\u00fcn gece ger\u00e7ekle\u015ftirilen \u00c7i\u011fdem Ak\u0131n defilesiyle ba\u015flad\u0131. Moda sekt\u00f6r\u00fcne uzun y\u0131llar emek veren ve pek \u00e7ok ba\u015far\u0131ya imza atan \u00c7i\u011fdem Ak\u0131n, \u2018Nemesis\u2019 koleksiyonu ile adaletin zarif ama g\u00fc\u00e7l\u00fc y\u00fcz\u00fcn\u00fc moda sahnesine ta\u015f\u0131d\u0131. Yurt d\u0131\u015f\u0131ndan gelen onlarca moda profesyonelinin de izledi\u011fi defilede \u00c7i\u011fdem Ak\u0131n\u2019\u0131n tasar\u0131mlar\u0131 be\u011feni kazand\u0131. Defilenin finalinde konuklar\u0131n\u0131 selamlayan Ak\u0131n, b\u00fcy\u00fck alk\u0131\u015f ald\u0131. &#8216;PARAD\u0130SE&#8217; KOLEKS\u0130YONU Arso Group resmi sponsorlu\u011funda d\u00fczenlenen moda haftas\u0131n\u0131n ilk g\u00fcn\u00fc Rusya\u2019dan gelen Kristina Kibovskaya\u2019n\u0131n defilesiyle devam etti. Ekibi ve mankenleriyle birlikte 120 ki\u015filik bir grupla Antalya\u2019ya gelen Kibovskaya\u2019n\u0131n &#8216;Paradise&#8217; koleksiyonu konuklar\u0131 b\u00fcy\u00fcledi. \u00dc\u00e7\u00fcnc\u00fc kez AFW podyumunda yer alan Kibovskaya defilesinde Rusya\u2019dan gelen yeti\u015fkin ve \u00e7ocuklardan olu\u015fan 40 manken podyumda y\u00fcr\u00fcd\u00fc. Rusya\u2019n\u0131n The Voice yar\u0131\u015fmac\u0131s\u0131 \u015fark\u0131c\u0131 Anna Sklyar da defile s\u0131ras\u0131nda m\u00fczik ziyafeti sundu. DER\u0130 TUTKUSU PODYUMDA Emy Organizasyon taraf\u0131ndan ger\u00e7ekle\u015ftirilen ve birbirinden renkli etkinliklerin ger\u00e7ekle\u015ftirilece\u011fi moda haftas\u0131n\u0131n ilk g\u00fcn\u00fc, Murat Aytulum defilesiyle tamamland\u0131. Deri kullan\u0131m\u0131na olan tutkusu ve detaylara verdi\u011fi \u00f6zenle tan\u0131nan Aytulum\u2019un ilkbahar yaz 2025 koleksiyonu &#8216;Moon Light&#8217;, siyah beyaz renk kullan\u0131m\u0131 ve y\u00fcksek terzi i\u015f\u00e7ili\u011fiyle dikkati \u00e7ekti. CUMARTES\u0130 SONA ERECEK 31 May\u0131s g\u00fcn\u00fc Kalei\u00e7i\u2019nde yer alan tarihi Hadrian Kap\u0131s\u0131\u2019nda Tuba Ergin defilesiyle sona erecek olan Antalya Fashion Week\u2019i yakla\u015f\u0131k 5 bin ki\u015finin takip etmesi bekleniyor. &hellip;\" \/>\n<meta property=\"og:url\" content=\"https:\/\/denizcankizil.tr\/ru\/haberler\/antalya\/antalya-fashion-week-kapilarini-acti\/\" \/>\n<meta property=\"og:site_name\" content=\"Av. Deniz Can K\u0131z\u0131l\" \/>\n<meta property=\"article:published_time\" content=\"2025-05-28T07:41:23+00:00\" \/>\n<meta property=\"og:image\" content=\"https:\/\/denizcankizil.tr\/wp-content\/uploads\/2025\/05\/6580-01-SmeQHR.jpg\" \/>\n\t<meta property=\"og:image:width\" content=\"1280\" \/>\n\t<meta property=\"og:image:height\" content=\"720\" \/>\n\t<meta property=\"og:image:type\" content=\"image\/jpeg\" \/>\n<meta name=\"author\" content=\"Av. Deniz Can K\u0131z\u0131l\" \/>\n<meta name=\"twitter:card\" content=\"summary_large_image\" \/>\n<meta name=\"twitter:label1\" content=\"\u041d\u0430\u043f\u0438\u0441\u0430\u043d\u043e \u0430\u0432\u0442\u043e\u0440\u043e\u043c\" \/>\n\t<meta name=\"twitter:data1\" content=\"Av. Deniz Can K\u0131z\u0131l\" \/>\n\t<meta name=\"twitter:label2\" content=\"\u041f\u0440\u0438\u043c\u0435\u0440\u043d\u043e\u0435 \u0432\u0440\u0435\u043c\u044f \u0434\u043b\u044f \u0447\u0442\u0435\u043d\u0438\u044f\" \/>\n\t<meta name=\"twitter:data2\" content=\"2 \u043c\u0438\u043d\u0443\u0442\u044b\" \/>\n<script type=\"application\/ld+json\" class=\"yoast-schema-graph\">{\"@context\":\"https:\/\/schema.org\",\"@graph\":[{\"@type\":\"Article\",\"@id\":\"https:\/\/denizcankizil.tr\/ru\/haberler\/antalya\/antalya-fashion-week-kapilarini-acti\/#article\",\"isPartOf\":{\"@id\":\"https:\/\/denizcankizil.tr\/ru\/haberler\/antalya\/antalya-fashion-week-kapilarini-acti\/\"},\"author\":{\"name\":\"Av. Deniz Can K\u0131z\u0131l\",\"@id\":\"https:\/\/denizcankizil.tr\/de\/#\/schema\/person\/5dc1b22991bd7ac833867c10afc9b0ff\"},\"headline\":\"Antalya Fashion Week kap\u0131lar\u0131n\u0131 a\u00e7t\u0131\",\"datePublished\":\"2025-05-28T07:41:23+00:00\",\"mainEntityOfPage\":{\"@id\":\"https:\/\/denizcankizil.tr\/ru\/haberler\/antalya\/antalya-fashion-week-kapilarini-acti\/\"},\"wordCount\":347,\"publisher\":{\"@id\":\"https:\/\/denizcankizil.tr\/de\/#organization\"},\"image\":{\"@id\":\"https:\/\/denizcankizil.tr\/ru\/haberler\/antalya\/antalya-fashion-week-kapilarini-acti\/#primaryimage\"},\"thumbnailUrl\":\"https:\/\/denizcankizil.tr\/wp-content\/uploads\/2025\/05\/6580-01-SmeQHR.jpg\",\"articleSection\":[\"Antalya\"],\"inLanguage\":\"ru-RU\"},{\"@type\":\"WebPage\",\"@id\":\"https:\/\/denizcankizil.tr\/ru\/haberler\/antalya\/antalya-fashion-week-kapilarini-acti\/\",\"url\":\"https:\/\/denizcankizil.tr\/ru\/haberler\/antalya\/antalya-fashion-week-kapilarini-acti\/\",\"name\":\"Antalya Fashion Week kap\u0131lar\u0131n\u0131 a\u00e7t\u0131 - Av. Deniz Can K\u0131z\u0131l\",\"isPartOf\":{\"@id\":\"https:\/\/denizcankizil.tr\/de\/#website\"},\"primaryImageOfPage\":{\"@id\":\"https:\/\/denizcankizil.tr\/ru\/haberler\/antalya\/antalya-fashion-week-kapilarini-acti\/#primaryimage\"},\"image\":{\"@id\":\"https:\/\/denizcankizil.tr\/ru\/haberler\/antalya\/antalya-fashion-week-kapilarini-acti\/#primaryimage\"},\"thumbnailUrl\":\"https:\/\/denizcankizil.tr\/wp-content\/uploads\/2025\/05\/6580-01-SmeQHR.jpg\",\"datePublished\":\"2025-05-28T07:41:23+00:00\",\"breadcrumb\":{\"@id\":\"https:\/\/denizcankizil.tr\/ru\/haberler\/antalya\/antalya-fashion-week-kapilarini-acti\/#breadcrumb\"},\"inLanguage\":\"ru-RU\",\"potentialAction\":[{\"@type\":\"ReadAction\",\"target\":[\"https:\/\/denizcankizil.tr\/ru\/haberler\/antalya\/antalya-fashion-week-kapilarini-acti\/\"]}]},{\"@type\":\"ImageObject\",\"inLanguage\":\"ru-RU\",\"@id\":\"https:\/\/denizcankizil.tr\/ru\/haberler\/antalya\/antalya-fashion-week-kapilarini-acti\/#primaryimage\",\"url\":\"https:\/\/denizcankizil.tr\/wp-content\/uploads\/2025\/05\/6580-01-SmeQHR.jpg\",\"contentUrl\":\"https:\/\/denizcankizil.tr\/wp-content\/uploads\/2025\/05\/6580-01-SmeQHR.jpg\",\"width\":1280,\"height\":720},{\"@type\":\"BreadcrumbList\",\"@id\":\"https:\/\/denizcankizil.tr\/ru\/haberler\/antalya\/antalya-fashion-week-kapilarini-acti\/#breadcrumb\",\"itemListElement\":[{\"@type\":\"ListItem\",\"position\":1,\"name\":\"Home\",\"item\":\"https:\/\/denizcankizil.tr\/de\/\"},{\"@type\":\"ListItem\",\"position\":2,\"name\":\"Antalya Fashion Week kap\u0131lar\u0131n\u0131 a\u00e7t\u0131\"}]},{\"@type\":\"WebSite\",\"@id\":\"https:\/\/denizcankizil.tr\/de\/#website\",\"url\":\"https:\/\/denizcankizil.tr\/de\/\",\"name\":\"Av. Deniz Can K\u0131z\u0131l\",\"description\":\"Avukat Deniz Can K\u0131z\u0131l Antalya Barosu\",\"publisher\":{\"@id\":\"https:\/\/denizcankizil.tr\/de\/#organization\"},\"potentialAction\":[{\"@type\":\"SearchAction\",\"target\":{\"@type\":\"EntryPoint\",\"urlTemplate\":\"https:\/\/denizcankizil.tr\/de\/?s={search_term_string}\"},\"query-input\":{\"@type\":\"PropertyValueSpecification\",\"valueRequired\":true,\"valueName\":\"search_term_string\"}}],\"inLanguage\":\"ru-RU\"},{\"@type\":\"Organization\",\"@id\":\"https:\/\/denizcankizil.tr\/de\/#organization\",\"name\":\"Av. Deniz Can K\u0131z\u0131l\",\"url\":\"https:\/\/denizcankizil.tr\/de\/\",\"logo\":{\"@type\":\"ImageObject\",\"inLanguage\":\"ru-RU\",\"@id\":\"https:\/\/denizcankizil.tr\/de\/#\/schema\/logo\/image\/\",\"url\":\"https:\/\/denizcankizil.tr\/wp-content\/uploads\/2024\/10\/siyah-logo-svg.svg\",\"contentUrl\":\"https:\/\/denizcankizil.tr\/wp-content\/uploads\/2024\/10\/siyah-logo-svg.svg\",\"width\":1080,\"height\":1080,\"caption\":\"Av. Deniz Can K\u0131z\u0131l\"},\"image\":{\"@id\":\"https:\/\/denizcankizil.tr\/de\/#\/schema\/logo\/image\/\"}},{\"@type\":\"Person\",\"@id\":\"https:\/\/denizcankizil.tr\/de\/#\/schema\/person\/5dc1b22991bd7ac833867c10afc9b0ff\",\"name\":\"Av. Deniz Can K\u0131z\u0131l\",\"image\":{\"@type\":\"ImageObject\",\"inLanguage\":\"ru-RU\",\"@id\":\"https:\/\/denizcankizil.tr\/de\/#\/schema\/person\/image\/\",\"url\":\"https:\/\/secure.gravatar.com\/avatar\/a0b128fb9855c79efc976d5640eedb31dc35ec297594d6016d2cf7c60e975bb6?s=96&d=mm&r=g\",\"contentUrl\":\"https:\/\/secure.gravatar.com\/avatar\/a0b128fb9855c79efc976d5640eedb31dc35ec297594d6016d2cf7c60e975bb6?s=96&d=mm&r=g\",\"caption\":\"Av. Deniz Can K\u0131z\u0131l\"},\"sameAs\":[\"http:\/\/www.denizcankizil.tr\"],\"url\":\"https:\/\/denizcankizil.tr\/ru\/author\/denizcankizil\/\"}]}<\/script>\n<!-- \/ Yoast SEO Premium plugin. -->","yoast_head_json":{"title":"Antalya Fashion Week kap\u0131lar\u0131n\u0131 a\u00e7t\u0131 - Av. Deniz Can K\u0131z\u0131l","robots":{"index":"index","follow":"follow","max-snippet":"max-snippet:-1","max-image-preview":"max-image-preview:large","max-video-preview":"max-video-preview:-1"},"canonical":"https:\/\/denizcankizil.tr\/ru\/haberler\/antalya\/antalya-fashion-week-kapilarini-acti\/","og_locale":"ru_RU","og_type":"article","og_title":"Antalya Fashion Week kap\u0131lar\u0131n\u0131 a\u00e7t\u0131","og_description":"Antalya Fashion Week, Konyaalt\u0131&#8217;ndaki 5 y\u0131ld\u0131zl\u0131 bir otelde d\u00fcn gece ger\u00e7ekle\u015ftirilen \u00c7i\u011fdem Ak\u0131n defilesiyle ba\u015flad\u0131. Moda sekt\u00f6r\u00fcne uzun y\u0131llar emek veren ve pek \u00e7ok ba\u015far\u0131ya imza atan \u00c7i\u011fdem Ak\u0131n, \u2018Nemesis\u2019 koleksiyonu ile adaletin zarif ama g\u00fc\u00e7l\u00fc y\u00fcz\u00fcn\u00fc moda sahnesine ta\u015f\u0131d\u0131. Yurt d\u0131\u015f\u0131ndan gelen onlarca moda profesyonelinin de izledi\u011fi defilede \u00c7i\u011fdem Ak\u0131n\u2019\u0131n tasar\u0131mlar\u0131 be\u011feni kazand\u0131. Defilenin finalinde konuklar\u0131n\u0131 selamlayan Ak\u0131n, b\u00fcy\u00fck alk\u0131\u015f ald\u0131. &#8216;PARAD\u0130SE&#8217; KOLEKS\u0130YONU Arso Group resmi sponsorlu\u011funda d\u00fczenlenen moda haftas\u0131n\u0131n ilk g\u00fcn\u00fc Rusya\u2019dan gelen Kristina Kibovskaya\u2019n\u0131n defilesiyle devam etti. Ekibi ve mankenleriyle birlikte 120 ki\u015filik bir grupla Antalya\u2019ya gelen Kibovskaya\u2019n\u0131n &#8216;Paradise&#8217; koleksiyonu konuklar\u0131 b\u00fcy\u00fcledi. \u00dc\u00e7\u00fcnc\u00fc kez AFW podyumunda yer alan Kibovskaya defilesinde Rusya\u2019dan gelen yeti\u015fkin ve \u00e7ocuklardan olu\u015fan 40 manken podyumda y\u00fcr\u00fcd\u00fc. Rusya\u2019n\u0131n The Voice yar\u0131\u015fmac\u0131s\u0131 \u015fark\u0131c\u0131 Anna Sklyar da defile s\u0131ras\u0131nda m\u00fczik ziyafeti sundu. DER\u0130 TUTKUSU PODYUMDA Emy Organizasyon taraf\u0131ndan ger\u00e7ekle\u015ftirilen ve birbirinden renkli etkinliklerin ger\u00e7ekle\u015ftirilece\u011fi moda haftas\u0131n\u0131n ilk g\u00fcn\u00fc, Murat Aytulum defilesiyle tamamland\u0131. Deri kullan\u0131m\u0131na olan tutkusu ve detaylara verdi\u011fi \u00f6zenle tan\u0131nan Aytulum\u2019un ilkbahar yaz 2025 koleksiyonu &#8216;Moon Light&#8217;, siyah beyaz renk kullan\u0131m\u0131 ve y\u00fcksek terzi i\u015f\u00e7ili\u011fiyle dikkati \u00e7ekti. CUMARTES\u0130 SONA ERECEK 31 May\u0131s g\u00fcn\u00fc Kalei\u00e7i\u2019nde yer alan tarihi Hadrian Kap\u0131s\u0131\u2019nda Tuba Ergin defilesiyle sona erecek olan Antalya Fashion Week\u2019i yakla\u015f\u0131k 5 bin ki\u015finin takip etmesi bekleniyor. &hellip;","og_url":"https:\/\/denizcankizil.tr\/ru\/haberler\/antalya\/antalya-fashion-week-kapilarini-acti\/","og_site_name":"Av. Deniz Can K\u0131z\u0131l","article_published_time":"2025-05-28T07:41:23+00:00","og_image":[{"width":1280,"height":720,"url":"https:\/\/denizcankizil.tr\/wp-content\/uploads\/2025\/05\/6580-01-SmeQHR.jpg","type":"image\/jpeg"}],"author":"Av. Deniz Can K\u0131z\u0131l","twitter_card":"summary_large_image","twitter_misc":{"\u041d\u0430\u043f\u0438\u0441\u0430\u043d\u043e \u0430\u0432\u0442\u043e\u0440\u043e\u043c":"Av. Deniz Can K\u0131z\u0131l","\u041f\u0440\u0438\u043c\u0435\u0440\u043d\u043e\u0435 \u0432\u0440\u0435\u043c\u044f \u0434\u043b\u044f \u0447\u0442\u0435\u043d\u0438\u044f":"2 \u043c\u0438\u043d\u0443\u0442\u044b"},"schema":{"@context":"https:\/\/schema.org","@graph":[{"@type":"Article","@id":"https:\/\/denizcankizil.tr\/ru\/haberler\/antalya\/antalya-fashion-week-kapilarini-acti\/#article","isPartOf":{"@id":"https:\/\/denizcankizil.tr\/ru\/haberler\/antalya\/antalya-fashion-week-kapilarini-acti\/"},"author":{"name":"Av. Deniz Can K\u0131z\u0131l","@id":"https:\/\/denizcankizil.tr\/de\/#\/schema\/person\/5dc1b22991bd7ac833867c10afc9b0ff"},"headline":"Antalya Fashion Week kap\u0131lar\u0131n\u0131 a\u00e7t\u0131","datePublished":"2025-05-28T07:41:23+00:00","mainEntityOfPage":{"@id":"https:\/\/denizcankizil.tr\/ru\/haberler\/antalya\/antalya-fashion-week-kapilarini-acti\/"},"wordCount":347,"publisher":{"@id":"https:\/\/denizcankizil.tr\/de\/#organization"},"image":{"@id":"https:\/\/denizcankizil.tr\/ru\/haberler\/antalya\/antalya-fashion-week-kapilarini-acti\/#primaryimage"},"thumbnailUrl":"https:\/\/denizcankizil.tr\/wp-content\/uploads\/2025\/05\/6580-01-SmeQHR.jpg","articleSection":["Antalya"],"inLanguage":"ru-RU"},{"@type":"WebPage","@id":"https:\/\/denizcankizil.tr\/ru\/haberler\/antalya\/antalya-fashion-week-kapilarini-acti\/","url":"https:\/\/denizcankizil.tr\/ru\/haberler\/antalya\/antalya-fashion-week-kapilarini-acti\/","name":"Antalya Fashion Week kap\u0131lar\u0131n\u0131 a\u00e7t\u0131 - Av. Deniz Can K\u0131z\u0131l","isPartOf":{"@id":"https:\/\/denizcankizil.tr\/de\/#website"},"primaryImageOfPage":{"@id":"https:\/\/denizcankizil.tr\/ru\/haberler\/antalya\/antalya-fashion-week-kapilarini-acti\/#primaryimage"},"image":{"@id":"https:\/\/denizcankizil.tr\/ru\/haberler\/antalya\/antalya-fashion-week-kapilarini-acti\/#primaryimage"},"thumbnailUrl":"https:\/\/denizcankizil.tr\/wp-content\/uploads\/2025\/05\/6580-01-SmeQHR.jpg","datePublished":"2025-05-28T07:41:23+00:00","breadcrumb":{"@id":"https:\/\/denizcankizil.tr\/ru\/haberler\/antalya\/antalya-fashion-week-kapilarini-acti\/#breadcrumb"},"inLanguage":"ru-RU","potentialAction":[{"@type":"ReadAction","target":["https:\/\/denizcankizil.tr\/ru\/haberler\/antalya\/antalya-fashion-week-kapilarini-acti\/"]}]},{"@type":"ImageObject","inLanguage":"ru-RU","@id":"https:\/\/denizcankizil.tr\/ru\/haberler\/antalya\/antalya-fashion-week-kapilarini-acti\/#primaryimage","url":"https:\/\/denizcankizil.tr\/wp-content\/uploads\/2025\/05\/6580-01-SmeQHR.jpg","contentUrl":"https:\/\/denizcankizil.tr\/wp-content\/uploads\/2025\/05\/6580-01-SmeQHR.jpg","width":1280,"height":720},{"@type":"BreadcrumbList","@id":"https:\/\/denizcankizil.tr\/ru\/haberler\/antalya\/antalya-fashion-week-kapilarini-acti\/#breadcrumb","itemListElement":[{"@type":"ListItem","position":1,"name":"Home","item":"https:\/\/denizcankizil.tr\/de\/"},{"@type":"ListItem","position":2,"name":"Antalya Fashion Week kap\u0131lar\u0131n\u0131 a\u00e7t\u0131"}]},{"@type":"WebSite","@id":"https:\/\/denizcankizil.tr\/de\/#website","url":"https:\/\/denizcankizil.tr\/de\/","name":"Av. Deniz Can K\u0131z\u0131l","description":"Avukat Deniz Can K\u0131z\u0131l Antalya Barosu","publisher":{"@id":"https:\/\/denizcankizil.tr\/de\/#organization"},"potentialAction":[{"@type":"SearchAction","target":{"@type":"EntryPoint","urlTemplate":"https:\/\/denizcankizil.tr\/de\/?s={search_term_string}"},"query-input":{"@type":"PropertyValueSpecification","valueRequired":true,"valueName":"search_term_string"}}],"inLanguage":"ru-RU"},{"@type":"Organization","@id":"https:\/\/denizcankizil.tr\/de\/#organization","name":"Av. Deniz Can K\u0131z\u0131l","url":"https:\/\/denizcankizil.tr\/de\/","logo":{"@type":"ImageObject","inLanguage":"ru-RU","@id":"https:\/\/denizcankizil.tr\/de\/#\/schema\/logo\/image\/","url":"https:\/\/denizcankizil.tr\/wp-content\/uploads\/2024\/10\/siyah-logo-svg.svg","contentUrl":"https:\/\/denizcankizil.tr\/wp-content\/uploads\/2024\/10\/siyah-logo-svg.svg","width":1080,"height":1080,"caption":"Av. Deniz Can K\u0131z\u0131l"},"image":{"@id":"https:\/\/denizcankizil.tr\/de\/#\/schema\/logo\/image\/"}},{"@type":"Person","@id":"https:\/\/denizcankizil.tr\/de\/#\/schema\/person\/5dc1b22991bd7ac833867c10afc9b0ff","name":"Av. Deniz Can K\u0131z\u0131l","image":{"@type":"ImageObject","inLanguage":"ru-RU","@id":"https:\/\/denizcankizil.tr\/de\/#\/schema\/person\/image\/","url":"https:\/\/secure.gravatar.com\/avatar\/a0b128fb9855c79efc976d5640eedb31dc35ec297594d6016d2cf7c60e975bb6?s=96&d=mm&r=g","contentUrl":"https:\/\/secure.gravatar.com\/avatar\/a0b128fb9855c79efc976d5640eedb31dc35ec297594d6016d2cf7c60e975bb6?s=96&d=mm&r=g","caption":"Av. Deniz Can K\u0131z\u0131l"},"sameAs":["http:\/\/www.denizcankizil.tr"],"url":"https:\/\/denizcankizil.tr\/ru\/author\/denizcankizil\/"}]}},"_links":{"self":[{"href":"https:\/\/denizcankizil.tr\/ru\/wp-json\/wp\/v2\/posts\/99328","targetHints":{"allow":["GET"]}}],"collection":[{"href":"https:\/\/denizcankizil.tr\/ru\/wp-json\/wp\/v2\/posts"}],"about":[{"href":"https:\/\/denizcankizil.tr\/ru\/wp-json\/wp\/v2\/types\/post"}],"author":[{"embeddable":true,"href":"https:\/\/denizcankizil.tr\/ru\/wp-json\/wp\/v2\/users\/4"}],"replies":[{"embeddable":true,"href":"https:\/\/denizcankizil.tr\/ru\/wp-json\/wp\/v2\/comments?post=99328"}],"version-history":[{"count":0,"href":"https:\/\/denizcankizil.tr\/ru\/wp-json\/wp\/v2\/posts\/99328\/revisions"}],"wp:featuredmedia":[{"embeddable":true,"href":"https:\/\/denizcankizil.tr\/ru\/wp-json\/wp\/v2\/media\/99329"}],"wp:attachment":[{"href":"https:\/\/denizcankizil.tr\/ru\/wp-json\/wp\/v2\/media?parent=99328"}],"wp:term":[{"taxonomy":"category","embeddable":true,"href":"https:\/\/denizcankizil.tr\/ru\/wp-json\/wp\/v2\/categories?post=99328"},{"taxonomy":"post_tag","embeddable":true,"href":"https:\/\/denizcankizil.tr\/ru\/wp-json\/wp\/v2\/tags?post=99328"}],"curies":[{"name":"wp","href":"https:\/\/api.w.org\/{rel}","templated":true}]}}