{"id":98696,"date":"2025-05-27T20:41:15","date_gmt":"2025-05-27T17:41:15","guid":{"rendered":"https:\/\/denizcankizil.tr\/uncategorized-tr\/kepezde-kocagozun-1-yil-karnesi-kac-vaat-verdi-kacini-gerceklestirdi\/"},"modified":"2025-05-27T20:41:15","modified_gmt":"2025-05-27T17:41:15","slug":"kepezde-kocagozun-1-yil-karnesi-kac-vaat-verdi-kacini-gerceklestirdi","status":"publish","type":"post","link":"https:\/\/denizcankizil.tr\/ru\/haberler\/gundem\/kepezde-kocagozun-1-yil-karnesi-kac-vaat-verdi-kacini-gerceklestirdi\/","title":{"rendered":"Kepez\u2019de Kocag\u00f6z\u2019\u00fcn 1.y\u0131l karnesi: Ka\u00e7 vaat verdi, ka\u00e7\u0131n\u0131 ger\u00e7ekle\u015ftirdi?"},"content":{"rendered":"<p>Antalya\u2019n\u0131n en b\u00fcy\u00fck il\u00e7elerinden biri olan Kepez\u2019de CHP\u2019li Belediye Ba\u015fkan\u0131 Mesut Kocag\u00f6z\u2019\u00fcn g\u00f6reve geli\u015finin \u00fczerinden bir y\u0131l ge\u00e7ti. Kocag\u00f6z\u2019\u00fcn 1 y\u0131ll\u0131k g\u00f6rev s\u00fcrecindeki vaat performans\u0131 Vaat Denetleme Platformu nededineyapt\u0131.com web sitesi verilerine g\u00f6re de\u011ferlendirildi. Bu s\u00fcre\u00e7te Kocag\u00f6z\u2019\u00fcn se\u00e7im \u00f6ncesi a\u00e7\u0131klad\u0131\u011f\u0131 111 vaatten yaln\u0131zca 25\u2019i hayata ge\u00e7irildi. Vaatlerin 81\u2019i hen\u00fcz yerine getirilmedi, 4\u2019i ise halen devam ediyor.<\/p>\n<p>YAPILANLAR SINIRLI KALDI<\/p>\n<p>Kepez Belediye Ba\u015fkan\u0131 Mesut Kocag\u00f6z\u2019\u00fcn \u015fu ana kadar ger\u00e7ekle\u015ftirdi\u011fi vaatler aras\u0131nda yeni do\u011fan deste\u011fi sa\u011flanmas\u0131, istihdam ofisi kurulmas\u0131, \u00fcretim at\u00f6lyelerinin olu\u015fturulmas\u0131; park d\u00fczenlemeleri, \u00fccretsiz veteriner hizmeti, \u00fccretsiz psikolog hizmeti, uyu\u015fturucu ile m\u00fccadele ve aile destek merkezinin kurulmas\u0131, \u00f6\u011frenci lokantas\u0131n\u0131n a\u00e7\u0131lmas\u0131, \u00f6\u011frencilere \u00fccretsiz sa\u011fl\u0131k taramas\u0131n\u0131n yap\u0131lmas\u0131, a\u015f evlerinin kurulmas\u0131 gibi pek \u00e7ok uygulama yer ald\u0131. Ancak vatanda\u015flara sunulan projelerin b\u00fcy\u00fck b\u00f6l\u00fcm\u00fc hen\u00fcz yap\u0131lmaya ba\u015flamad\u0131.<\/p>\n<p>YAPILMAYAN VAATLER D\u0130KKAT \u00c7EKT\u0130<\/p>\n<p>Kocag\u00f6z\u2019\u00fcn vaatleri aras\u0131nda yer alan k\u00fclt\u00fcr sanat ve \u00e7evre e\u011fitim merkezleri, spor tesisleri ve kad\u0131na y\u00f6nelik giri\u015fimcilik projeleri gibi \u00f6nemli ba\u015fl\u0131klar\u0131n hen\u00fcz hayata ge\u00e7memi\u015f olmas\u0131 dikkat \u00e7ekti. Yap\u0131lmayan 81 vaat, il\u00e7e sakinleri aras\u0131nda hayal k\u0131r\u0131kl\u0131\u011f\u0131na neden oldu.<\/p>\n<p>DEVAM EDEN PROJELER VAR<\/p>\n<p>Yaln\u0131zca 4 vaadin \u201cyap\u0131l\u0131yor\u201d stat\u00fcs\u00fcnde yer ald\u0131\u011f\u0131 g\u00f6r\u00fcl\u00fcrken, bunlar aras\u0131nda taziye evlerinin yap\u0131lmas\u0131, kent lokantas\u0131n\u0131n a\u00e7\u0131lmas\u0131, her mahalleye bir kre\u015fin a\u00e7\u0131lmas\u0131 ve motor sporlar\u0131 i\u00e7in yar\u0131\u015f alan\u0131n\u0131n yap\u0131lmas\u0131 bulunuyor.<\/p>\n<p>VATANDA\u015e BEKLEMEDE<\/p>\n<p>G\u00f6rev s\u00fcresinin ilk y\u0131l\u0131nda hedefledi\u011fi projelerin b\u00fcy\u00fck \u00e7o\u011funlu\u011funu hayata ge\u00e7iremeyen Kocag\u00f6z\u2019\u00fcn, kalan 4 y\u0131lda bu a\u00e7\u0131\u011f\u0131 nas\u0131l kapataca\u011f\u0131 merak konusu oldu. Kepezli vatanda\u015flar taraf\u0131ndan \u00f6zellikle gen\u00e7lere ve kad\u0131nlara y\u00f6nelik istihdam ve sosyal destek vaatlerinin h\u0131zla uygulamaya ge\u00e7mesi bekleniyor.<\/p>\n<p>\u200bCHP\u2019li Kepez Belediye Ba\u015fkan\u0131 Mesut Kocag\u00f6z\u2019\u00fcn 1 y\u0131ll\u0131k g\u00f6rev s\u00fcrecindeki vaat performans\u0131 Vaat Denetleme Platformu nededineyapt\u0131.com web sitesi verilerine g\u00f6re de\u011ferlendirildi. 5 y\u0131ll\u0131k d\u00f6nem i\u00e7in 111 vaatte bulunan Kocag\u00f6z, vaatlerinin ka\u00e7\u0131n\u0131 ger\u00e7ekle\u015ftirdi? \u0130\u015fte detaylar&#8230;\u00a0<\/p>\n<p>\u200bHaberin Al\u0131nt\u0131land\u0131\u011f\u0131 Kaynak: www.antalyakorfez.com<\/p>","protected":false},"excerpt":{"rendered":"<p>Antalya\u2019n\u0131n en b\u00fcy\u00fck il\u00e7elerinden biri olan Kepez\u2019de CHP\u2019li Belediye Ba\u015fkan\u0131 Mesut Kocag\u00f6z\u2019\u00fcn g\u00f6reve geli\u015finin \u00fczerinden bir y\u0131l ge\u00e7ti. Kocag\u00f6z\u2019\u00fcn 1 y\u0131ll\u0131k g\u00f6rev s\u00fcrecindeki vaat performans\u0131 Vaat Denetleme Platformu nededineyapt\u0131.com web sitesi verilerine g\u00f6re de\u011ferlendirildi. Bu s\u00fcre\u00e7te Kocag\u00f6z\u2019\u00fcn se\u00e7im \u00f6ncesi a\u00e7\u0131klad\u0131\u011f\u0131 111 vaatten yaln\u0131zca 25\u2019i hayata ge\u00e7irildi. Vaatlerin 81\u2019i hen\u00fcz yerine getirilmedi, 4\u2019i ise halen devam ediyor. YAPILANLAR SINIRLI KALDI Kepez Belediye Ba\u015fkan\u0131 Mesut Kocag\u00f6z\u2019\u00fcn \u015fu ana kadar ger\u00e7ekle\u015ftirdi\u011fi vaatler aras\u0131nda yeni do\u011fan deste\u011fi sa\u011flanmas\u0131, istihdam ofisi kurulmas\u0131, \u00fcretim at\u00f6lyelerinin olu\u015fturulmas\u0131; park d\u00fczenlemeleri, \u00fccretsiz veteriner hizmeti, \u00fccretsiz psikolog hizmeti, uyu\u015fturucu ile m\u00fccadele ve aile destek merkezinin kurulmas\u0131, \u00f6\u011frenci lokantas\u0131n\u0131n a\u00e7\u0131lmas\u0131, \u00f6\u011frencilere \u00fccretsiz sa\u011fl\u0131k taramas\u0131n\u0131n yap\u0131lmas\u0131, a\u015f evlerinin kurulmas\u0131 gibi pek \u00e7ok uygulama yer ald\u0131. Ancak vatanda\u015flara sunulan projelerin b\u00fcy\u00fck b\u00f6l\u00fcm\u00fc hen\u00fcz yap\u0131lmaya ba\u015flamad\u0131. YAPILMAYAN VAATLER D\u0130KKAT \u00c7EKT\u0130 Kocag\u00f6z\u2019\u00fcn vaatleri aras\u0131nda yer alan k\u00fclt\u00fcr sanat ve \u00e7evre e\u011fitim merkezleri, spor tesisleri ve kad\u0131na y\u00f6nelik giri\u015fimcilik projeleri gibi \u00f6nemli ba\u015fl\u0131klar\u0131n hen\u00fcz hayata ge\u00e7memi\u015f olmas\u0131 dikkat \u00e7ekti. Yap\u0131lmayan 81 vaat, il\u00e7e sakinleri aras\u0131nda hayal k\u0131r\u0131kl\u0131\u011f\u0131na neden oldu. DEVAM EDEN PROJELER VAR Yaln\u0131zca 4 vaadin \u201cyap\u0131l\u0131yor\u201d stat\u00fcs\u00fcnde yer ald\u0131\u011f\u0131 g\u00f6r\u00fcl\u00fcrken, bunlar aras\u0131nda taziye evlerinin yap\u0131lmas\u0131, kent lokantas\u0131n\u0131n a\u00e7\u0131lmas\u0131, her mahalleye bir kre\u015fin a\u00e7\u0131lmas\u0131 ve motor sporlar\u0131 i\u00e7in yar\u0131\u015f alan\u0131n\u0131n yap\u0131lmas\u0131 bulunuyor. VATANDA\u015e BEKLEMEDE G\u00f6rev s\u00fcresinin &hellip;<\/p>","protected":false},"author":5,"featured_media":0,"comment_status":"","ping_status":"open","sticky":false,"template":"","format":"standard","meta":{"_acf_changed":false,"footnotes":""},"categories":[24],"tags":[],"class_list":["post-98696","post","type-post","status-publish","format-standard","has-post-thumbnail","hentry","category-gundem"],"acf":[],"yoast_head":"<!-- This site is optimized with the Yoast SEO Premium plugin v26.6 (Yoast SEO v27.1.1) - https:\/\/yoast.com\/product\/yoast-seo-premium-wordpress\/ -->\n<title>Kepez\u2019de Kocag\u00f6z\u2019\u00fcn 1.y\u0131l karnesi: Ka\u00e7 vaat verdi, ka\u00e7\u0131n\u0131 ger\u00e7ekle\u015ftirdi? - Av. Deniz Can K\u0131z\u0131l<\/title>\n<meta name=\"robots\" content=\"index, follow, max-snippet:-1, max-image-preview:large, max-video-preview:-1\" \/>\n<link rel=\"canonical\" href=\"https:\/\/denizcankizil.tr\/ru\/haberler\/gundem\/kepezde-kocagozun-1-yil-karnesi-kac-vaat-verdi-kacini-gerceklestirdi\/\" \/>\n<meta property=\"og:locale\" content=\"ru_RU\" \/>\n<meta property=\"og:type\" content=\"article\" \/>\n<meta property=\"og:title\" content=\"Kepez\u2019de Kocag\u00f6z\u2019\u00fcn 1.y\u0131l karnesi: Ka\u00e7 vaat verdi, ka\u00e7\u0131n\u0131 ger\u00e7ekle\u015ftirdi?\" \/>\n<meta property=\"og:description\" content=\"Antalya\u2019n\u0131n en b\u00fcy\u00fck il\u00e7elerinden biri olan Kepez\u2019de CHP\u2019li Belediye Ba\u015fkan\u0131 Mesut Kocag\u00f6z\u2019\u00fcn g\u00f6reve geli\u015finin \u00fczerinden bir y\u0131l ge\u00e7ti. Kocag\u00f6z\u2019\u00fcn 1 y\u0131ll\u0131k g\u00f6rev s\u00fcrecindeki vaat performans\u0131 Vaat Denetleme Platformu nededineyapt\u0131.com web sitesi verilerine g\u00f6re de\u011ferlendirildi. Bu s\u00fcre\u00e7te Kocag\u00f6z\u2019\u00fcn se\u00e7im \u00f6ncesi a\u00e7\u0131klad\u0131\u011f\u0131 111 vaatten yaln\u0131zca 25\u2019i hayata ge\u00e7irildi. Vaatlerin 81\u2019i hen\u00fcz yerine getirilmedi, 4\u2019i ise halen devam ediyor. YAPILANLAR SINIRLI KALDI Kepez Belediye Ba\u015fkan\u0131 Mesut Kocag\u00f6z\u2019\u00fcn \u015fu ana kadar ger\u00e7ekle\u015ftirdi\u011fi vaatler aras\u0131nda yeni do\u011fan deste\u011fi sa\u011flanmas\u0131, istihdam ofisi kurulmas\u0131, \u00fcretim at\u00f6lyelerinin olu\u015fturulmas\u0131; park d\u00fczenlemeleri, \u00fccretsiz veteriner hizmeti, \u00fccretsiz psikolog hizmeti, uyu\u015fturucu ile m\u00fccadele ve aile destek merkezinin kurulmas\u0131, \u00f6\u011frenci lokantas\u0131n\u0131n a\u00e7\u0131lmas\u0131, \u00f6\u011frencilere \u00fccretsiz sa\u011fl\u0131k taramas\u0131n\u0131n yap\u0131lmas\u0131, a\u015f evlerinin kurulmas\u0131 gibi pek \u00e7ok uygulama yer ald\u0131. Ancak vatanda\u015flara sunulan projelerin b\u00fcy\u00fck b\u00f6l\u00fcm\u00fc hen\u00fcz yap\u0131lmaya ba\u015flamad\u0131. YAPILMAYAN VAATLER D\u0130KKAT \u00c7EKT\u0130 Kocag\u00f6z\u2019\u00fcn vaatleri aras\u0131nda yer alan k\u00fclt\u00fcr sanat ve \u00e7evre e\u011fitim merkezleri, spor tesisleri ve kad\u0131na y\u00f6nelik giri\u015fimcilik projeleri gibi \u00f6nemli ba\u015fl\u0131klar\u0131n hen\u00fcz hayata ge\u00e7memi\u015f olmas\u0131 dikkat \u00e7ekti. Yap\u0131lmayan 81 vaat, il\u00e7e sakinleri aras\u0131nda hayal k\u0131r\u0131kl\u0131\u011f\u0131na neden oldu. DEVAM EDEN PROJELER VAR Yaln\u0131zca 4 vaadin \u201cyap\u0131l\u0131yor\u201d stat\u00fcs\u00fcnde yer ald\u0131\u011f\u0131 g\u00f6r\u00fcl\u00fcrken, bunlar aras\u0131nda taziye evlerinin yap\u0131lmas\u0131, kent lokantas\u0131n\u0131n a\u00e7\u0131lmas\u0131, her mahalleye bir kre\u015fin a\u00e7\u0131lmas\u0131 ve motor sporlar\u0131 i\u00e7in yar\u0131\u015f alan\u0131n\u0131n yap\u0131lmas\u0131 bulunuyor. VATANDA\u015e BEKLEMEDE G\u00f6rev s\u00fcresinin &hellip;\" \/>\n<meta property=\"og:url\" content=\"https:\/\/denizcankizil.tr\/ru\/haberler\/gundem\/kepezde-kocagozun-1-yil-karnesi-kac-vaat-verdi-kacini-gerceklestirdi\/\" \/>\n<meta property=\"og:site_name\" content=\"Av. Deniz Can K\u0131z\u0131l\" \/>\n<meta property=\"article:published_time\" content=\"2025-05-27T17:41:15+00:00\" \/>\n<meta name=\"author\" content=\"Antalya K\u00f6rfez\" \/>\n<meta name=\"twitter:card\" content=\"summary_large_image\" \/>\n<meta name=\"twitter:label1\" content=\"\u041d\u0430\u043f\u0438\u0441\u0430\u043d\u043e \u0430\u0432\u0442\u043e\u0440\u043e\u043c\" \/>\n\t<meta name=\"twitter:data1\" content=\"Antalya K\u00f6rfez\" \/>\n\t<meta name=\"twitter:label2\" content=\"\u041f\u0440\u0438\u043c\u0435\u0440\u043d\u043e\u0435 \u0432\u0440\u0435\u043c\u044f \u0434\u043b\u044f \u0447\u0442\u0435\u043d\u0438\u044f\" \/>\n\t<meta name=\"twitter:data2\" content=\"2 \u043c\u0438\u043d\u0443\u0442\u044b\" \/>\n<script type=\"application\/ld+json\" class=\"yoast-schema-graph\">{\"@context\":\"https:\/\/schema.org\",\"@graph\":[{\"@type\":\"Article\",\"@id\":\"https:\/\/denizcankizil.tr\/ru\/haberler\/gundem\/kepezde-kocagozun-1-yil-karnesi-kac-vaat-verdi-kacini-gerceklestirdi\/#article\",\"isPartOf\":{\"@id\":\"https:\/\/denizcankizil.tr\/ru\/haberler\/gundem\/kepezde-kocagozun-1-yil-karnesi-kac-vaat-verdi-kacini-gerceklestirdi\/\"},\"author\":{\"name\":\"Antalya K\u00f6rfez\",\"@id\":\"https:\/\/denizcankizil.tr\/de\/#\/schema\/person\/e1eb71bb4dd684d46563f0af307e1234\"},\"headline\":\"Kepez\u2019de Kocag\u00f6z\u2019\u00fcn 1.y\u0131l karnesi: Ka\u00e7 vaat verdi, ka\u00e7\u0131n\u0131 ger\u00e7ekle\u015ftirdi?\",\"datePublished\":\"2025-05-27T17:41:15+00:00\",\"mainEntityOfPage\":{\"@id\":\"https:\/\/denizcankizil.tr\/ru\/haberler\/gundem\/kepezde-kocagozun-1-yil-karnesi-kac-vaat-verdi-kacini-gerceklestirdi\/\"},\"wordCount\":429,\"publisher\":{\"@id\":\"https:\/\/denizcankizil.tr\/de\/#organization\"},\"articleSection\":[\"G\u00fcndem\"],\"inLanguage\":\"ru-RU\"},{\"@type\":\"WebPage\",\"@id\":\"https:\/\/denizcankizil.tr\/ru\/haberler\/gundem\/kepezde-kocagozun-1-yil-karnesi-kac-vaat-verdi-kacini-gerceklestirdi\/\",\"url\":\"https:\/\/denizcankizil.tr\/ru\/haberler\/gundem\/kepezde-kocagozun-1-yil-karnesi-kac-vaat-verdi-kacini-gerceklestirdi\/\",\"name\":\"Kepez\u2019de Kocag\u00f6z\u2019\u00fcn 1.y\u0131l karnesi: Ka\u00e7 vaat verdi, ka\u00e7\u0131n\u0131 ger\u00e7ekle\u015ftirdi? - Av. Deniz Can K\u0131z\u0131l\",\"isPartOf\":{\"@id\":\"https:\/\/denizcankizil.tr\/de\/#website\"},\"datePublished\":\"2025-05-27T17:41:15+00:00\",\"breadcrumb\":{\"@id\":\"https:\/\/denizcankizil.tr\/ru\/haberler\/gundem\/kepezde-kocagozun-1-yil-karnesi-kac-vaat-verdi-kacini-gerceklestirdi\/#breadcrumb\"},\"inLanguage\":\"ru-RU\",\"potentialAction\":[{\"@type\":\"ReadAction\",\"target\":[\"https:\/\/denizcankizil.tr\/ru\/haberler\/gundem\/kepezde-kocagozun-1-yil-karnesi-kac-vaat-verdi-kacini-gerceklestirdi\/\"]}]},{\"@type\":\"BreadcrumbList\",\"@id\":\"https:\/\/denizcankizil.tr\/ru\/haberler\/gundem\/kepezde-kocagozun-1-yil-karnesi-kac-vaat-verdi-kacini-gerceklestirdi\/#breadcrumb\",\"itemListElement\":[{\"@type\":\"ListItem\",\"position\":1,\"name\":\"Home\",\"item\":\"https:\/\/denizcankizil.tr\/de\/\"},{\"@type\":\"ListItem\",\"position\":2,\"name\":\"Kepez\u2019de Kocag\u00f6z\u2019\u00fcn 1.y\u0131l karnesi: Ka\u00e7 vaat verdi, ka\u00e7\u0131n\u0131 ger\u00e7ekle\u015ftirdi?\"}]},{\"@type\":\"WebSite\",\"@id\":\"https:\/\/denizcankizil.tr\/de\/#website\",\"url\":\"https:\/\/denizcankizil.tr\/de\/\",\"name\":\"Av. Deniz Can K\u0131z\u0131l\",\"description\":\"Avukat Deniz Can K\u0131z\u0131l Antalya Barosu\",\"publisher\":{\"@id\":\"https:\/\/denizcankizil.tr\/de\/#organization\"},\"potentialAction\":[{\"@type\":\"SearchAction\",\"target\":{\"@type\":\"EntryPoint\",\"urlTemplate\":\"https:\/\/denizcankizil.tr\/de\/?s={search_term_string}\"},\"query-input\":{\"@type\":\"PropertyValueSpecification\",\"valueRequired\":true,\"valueName\":\"search_term_string\"}}],\"inLanguage\":\"ru-RU\"},{\"@type\":\"Organization\",\"@id\":\"https:\/\/denizcankizil.tr\/de\/#organization\",\"name\":\"Av. Deniz Can K\u0131z\u0131l\",\"url\":\"https:\/\/denizcankizil.tr\/de\/\",\"logo\":{\"@type\":\"ImageObject\",\"inLanguage\":\"ru-RU\",\"@id\":\"https:\/\/denizcankizil.tr\/de\/#\/schema\/logo\/image\/\",\"url\":\"https:\/\/denizcankizil.tr\/wp-content\/uploads\/2024\/10\/siyah-logo-svg.svg\",\"contentUrl\":\"https:\/\/denizcankizil.tr\/wp-content\/uploads\/2024\/10\/siyah-logo-svg.svg\",\"width\":1080,\"height\":1080,\"caption\":\"Av. Deniz Can K\u0131z\u0131l\"},\"image\":{\"@id\":\"https:\/\/denizcankizil.tr\/de\/#\/schema\/logo\/image\/\"}},{\"@type\":\"Person\",\"@id\":\"https:\/\/denizcankizil.tr\/de\/#\/schema\/person\/e1eb71bb4dd684d46563f0af307e1234\",\"name\":\"Antalya K\u00f6rfez\",\"image\":{\"@type\":\"ImageObject\",\"inLanguage\":\"ru-RU\",\"@id\":\"https:\/\/denizcankizil.tr\/de\/#\/schema\/person\/image\/\",\"url\":\"https:\/\/secure.gravatar.com\/avatar\/42b01982558a48a0b501fdcab6a408d3717ea5919095ee2e67b0e521799c5905?s=96&d=mm&r=g\",\"contentUrl\":\"https:\/\/secure.gravatar.com\/avatar\/42b01982558a48a0b501fdcab6a408d3717ea5919095ee2e67b0e521799c5905?s=96&d=mm&r=g\",\"caption\":\"Antalya K\u00f6rfez\"},\"sameAs\":[\"http:\/\/www.antalyakorfez.com\"],\"url\":\"https:\/\/www.antalyakorfez.com\/kepezde-kocagozun-1yil-karnesi-kac-vaat-verdi-kacini-gerceklestirdi\"}]}<\/script>\n<!-- \/ Yoast SEO Premium plugin. -->","yoast_head_json":{"title":"Kepez\u2019de Kocag\u00f6z\u2019\u00fcn 1.y\u0131l karnesi: Ka\u00e7 vaat verdi, ka\u00e7\u0131n\u0131 ger\u00e7ekle\u015ftirdi? - Av. Deniz Can K\u0131z\u0131l","robots":{"index":"index","follow":"follow","max-snippet":"max-snippet:-1","max-image-preview":"max-image-preview:large","max-video-preview":"max-video-preview:-1"},"canonical":"https:\/\/denizcankizil.tr\/ru\/haberler\/gundem\/kepezde-kocagozun-1-yil-karnesi-kac-vaat-verdi-kacini-gerceklestirdi\/","og_locale":"ru_RU","og_type":"article","og_title":"Kepez\u2019de Kocag\u00f6z\u2019\u00fcn 1.y\u0131l karnesi: Ka\u00e7 vaat verdi, ka\u00e7\u0131n\u0131 ger\u00e7ekle\u015ftirdi?","og_description":"Antalya\u2019n\u0131n en b\u00fcy\u00fck il\u00e7elerinden biri olan Kepez\u2019de CHP\u2019li Belediye Ba\u015fkan\u0131 Mesut Kocag\u00f6z\u2019\u00fcn g\u00f6reve geli\u015finin \u00fczerinden bir y\u0131l ge\u00e7ti. Kocag\u00f6z\u2019\u00fcn 1 y\u0131ll\u0131k g\u00f6rev s\u00fcrecindeki vaat performans\u0131 Vaat Denetleme Platformu nededineyapt\u0131.com web sitesi verilerine g\u00f6re de\u011ferlendirildi. Bu s\u00fcre\u00e7te Kocag\u00f6z\u2019\u00fcn se\u00e7im \u00f6ncesi a\u00e7\u0131klad\u0131\u011f\u0131 111 vaatten yaln\u0131zca 25\u2019i hayata ge\u00e7irildi. Vaatlerin 81\u2019i hen\u00fcz yerine getirilmedi, 4\u2019i ise halen devam ediyor. YAPILANLAR SINIRLI KALDI Kepez Belediye Ba\u015fkan\u0131 Mesut Kocag\u00f6z\u2019\u00fcn \u015fu ana kadar ger\u00e7ekle\u015ftirdi\u011fi vaatler aras\u0131nda yeni do\u011fan deste\u011fi sa\u011flanmas\u0131, istihdam ofisi kurulmas\u0131, \u00fcretim at\u00f6lyelerinin olu\u015fturulmas\u0131; park d\u00fczenlemeleri, \u00fccretsiz veteriner hizmeti, \u00fccretsiz psikolog hizmeti, uyu\u015fturucu ile m\u00fccadele ve aile destek merkezinin kurulmas\u0131, \u00f6\u011frenci lokantas\u0131n\u0131n a\u00e7\u0131lmas\u0131, \u00f6\u011frencilere \u00fccretsiz sa\u011fl\u0131k taramas\u0131n\u0131n yap\u0131lmas\u0131, a\u015f evlerinin kurulmas\u0131 gibi pek \u00e7ok uygulama yer ald\u0131. Ancak vatanda\u015flara sunulan projelerin b\u00fcy\u00fck b\u00f6l\u00fcm\u00fc hen\u00fcz yap\u0131lmaya ba\u015flamad\u0131. YAPILMAYAN VAATLER D\u0130KKAT \u00c7EKT\u0130 Kocag\u00f6z\u2019\u00fcn vaatleri aras\u0131nda yer alan k\u00fclt\u00fcr sanat ve \u00e7evre e\u011fitim merkezleri, spor tesisleri ve kad\u0131na y\u00f6nelik giri\u015fimcilik projeleri gibi \u00f6nemli ba\u015fl\u0131klar\u0131n hen\u00fcz hayata ge\u00e7memi\u015f olmas\u0131 dikkat \u00e7ekti. Yap\u0131lmayan 81 vaat, il\u00e7e sakinleri aras\u0131nda hayal k\u0131r\u0131kl\u0131\u011f\u0131na neden oldu. DEVAM EDEN PROJELER VAR Yaln\u0131zca 4 vaadin \u201cyap\u0131l\u0131yor\u201d stat\u00fcs\u00fcnde yer ald\u0131\u011f\u0131 g\u00f6r\u00fcl\u00fcrken, bunlar aras\u0131nda taziye evlerinin yap\u0131lmas\u0131, kent lokantas\u0131n\u0131n a\u00e7\u0131lmas\u0131, her mahalleye bir kre\u015fin a\u00e7\u0131lmas\u0131 ve motor sporlar\u0131 i\u00e7in yar\u0131\u015f alan\u0131n\u0131n yap\u0131lmas\u0131 bulunuyor. VATANDA\u015e BEKLEMEDE G\u00f6rev s\u00fcresinin &hellip;","og_url":"https:\/\/denizcankizil.tr\/ru\/haberler\/gundem\/kepezde-kocagozun-1-yil-karnesi-kac-vaat-verdi-kacini-gerceklestirdi\/","og_site_name":"Av. Deniz Can K\u0131z\u0131l","article_published_time":"2025-05-27T17:41:15+00:00","author":"Antalya K\u00f6rfez","twitter_card":"summary_large_image","twitter_misc":{"\u041d\u0430\u043f\u0438\u0441\u0430\u043d\u043e \u0430\u0432\u0442\u043e\u0440\u043e\u043c":"Antalya K\u00f6rfez","\u041f\u0440\u0438\u043c\u0435\u0440\u043d\u043e\u0435 \u0432\u0440\u0435\u043c\u044f \u0434\u043b\u044f \u0447\u0442\u0435\u043d\u0438\u044f":"2 \u043c\u0438\u043d\u0443\u0442\u044b"},"schema":{"@context":"https:\/\/schema.org","@graph":[{"@type":"Article","@id":"https:\/\/denizcankizil.tr\/ru\/haberler\/gundem\/kepezde-kocagozun-1-yil-karnesi-kac-vaat-verdi-kacini-gerceklestirdi\/#article","isPartOf":{"@id":"https:\/\/denizcankizil.tr\/ru\/haberler\/gundem\/kepezde-kocagozun-1-yil-karnesi-kac-vaat-verdi-kacini-gerceklestirdi\/"},"author":{"name":"Antalya K\u00f6rfez","@id":"https:\/\/denizcankizil.tr\/de\/#\/schema\/person\/e1eb71bb4dd684d46563f0af307e1234"},"headline":"Kepez\u2019de Kocag\u00f6z\u2019\u00fcn 1.y\u0131l karnesi: Ka\u00e7 vaat verdi, ka\u00e7\u0131n\u0131 ger\u00e7ekle\u015ftirdi?","datePublished":"2025-05-27T17:41:15+00:00","mainEntityOfPage":{"@id":"https:\/\/denizcankizil.tr\/ru\/haberler\/gundem\/kepezde-kocagozun-1-yil-karnesi-kac-vaat-verdi-kacini-gerceklestirdi\/"},"wordCount":429,"publisher":{"@id":"https:\/\/denizcankizil.tr\/de\/#organization"},"articleSection":["G\u00fcndem"],"inLanguage":"ru-RU"},{"@type":"WebPage","@id":"https:\/\/denizcankizil.tr\/ru\/haberler\/gundem\/kepezde-kocagozun-1-yil-karnesi-kac-vaat-verdi-kacini-gerceklestirdi\/","url":"https:\/\/denizcankizil.tr\/ru\/haberler\/gundem\/kepezde-kocagozun-1-yil-karnesi-kac-vaat-verdi-kacini-gerceklestirdi\/","name":"Kepez\u2019de Kocag\u00f6z\u2019\u00fcn 1.y\u0131l karnesi: Ka\u00e7 vaat verdi, ka\u00e7\u0131n\u0131 ger\u00e7ekle\u015ftirdi? - Av. Deniz Can K\u0131z\u0131l","isPartOf":{"@id":"https:\/\/denizcankizil.tr\/de\/#website"},"datePublished":"2025-05-27T17:41:15+00:00","breadcrumb":{"@id":"https:\/\/denizcankizil.tr\/ru\/haberler\/gundem\/kepezde-kocagozun-1-yil-karnesi-kac-vaat-verdi-kacini-gerceklestirdi\/#breadcrumb"},"inLanguage":"ru-RU","potentialAction":[{"@type":"ReadAction","target":["https:\/\/denizcankizil.tr\/ru\/haberler\/gundem\/kepezde-kocagozun-1-yil-karnesi-kac-vaat-verdi-kacini-gerceklestirdi\/"]}]},{"@type":"BreadcrumbList","@id":"https:\/\/denizcankizil.tr\/ru\/haberler\/gundem\/kepezde-kocagozun-1-yil-karnesi-kac-vaat-verdi-kacini-gerceklestirdi\/#breadcrumb","itemListElement":[{"@type":"ListItem","position":1,"name":"Home","item":"https:\/\/denizcankizil.tr\/de\/"},{"@type":"ListItem","position":2,"name":"Kepez\u2019de Kocag\u00f6z\u2019\u00fcn 1.y\u0131l karnesi: Ka\u00e7 vaat verdi, ka\u00e7\u0131n\u0131 ger\u00e7ekle\u015ftirdi?"}]},{"@type":"WebSite","@id":"https:\/\/denizcankizil.tr\/de\/#website","url":"https:\/\/denizcankizil.tr\/de\/","name":"Av. Deniz Can K\u0131z\u0131l","description":"Avukat Deniz Can K\u0131z\u0131l Antalya Barosu","publisher":{"@id":"https:\/\/denizcankizil.tr\/de\/#organization"},"potentialAction":[{"@type":"SearchAction","target":{"@type":"EntryPoint","urlTemplate":"https:\/\/denizcankizil.tr\/de\/?s={search_term_string}"},"query-input":{"@type":"PropertyValueSpecification","valueRequired":true,"valueName":"search_term_string"}}],"inLanguage":"ru-RU"},{"@type":"Organization","@id":"https:\/\/denizcankizil.tr\/de\/#organization","name":"Av. Deniz Can K\u0131z\u0131l","url":"https:\/\/denizcankizil.tr\/de\/","logo":{"@type":"ImageObject","inLanguage":"ru-RU","@id":"https:\/\/denizcankizil.tr\/de\/#\/schema\/logo\/image\/","url":"https:\/\/denizcankizil.tr\/wp-content\/uploads\/2024\/10\/siyah-logo-svg.svg","contentUrl":"https:\/\/denizcankizil.tr\/wp-content\/uploads\/2024\/10\/siyah-logo-svg.svg","width":1080,"height":1080,"caption":"Av. Deniz Can K\u0131z\u0131l"},"image":{"@id":"https:\/\/denizcankizil.tr\/de\/#\/schema\/logo\/image\/"}},{"@type":"Person","@id":"https:\/\/denizcankizil.tr\/de\/#\/schema\/person\/e1eb71bb4dd684d46563f0af307e1234","name":"Antalya K\u00f6rfez","image":{"@type":"ImageObject","inLanguage":"ru-RU","@id":"https:\/\/denizcankizil.tr\/de\/#\/schema\/person\/image\/","url":"https:\/\/secure.gravatar.com\/avatar\/42b01982558a48a0b501fdcab6a408d3717ea5919095ee2e67b0e521799c5905?s=96&d=mm&r=g","contentUrl":"https:\/\/secure.gravatar.com\/avatar\/42b01982558a48a0b501fdcab6a408d3717ea5919095ee2e67b0e521799c5905?s=96&d=mm&r=g","caption":"Antalya K\u00f6rfez"},"sameAs":["http:\/\/www.antalyakorfez.com"],"url":"https:\/\/www.antalyakorfez.com\/kepezde-kocagozun-1yil-karnesi-kac-vaat-verdi-kacini-gerceklestirdi"}]}},"_links":{"self":[{"href":"https:\/\/denizcankizil.tr\/ru\/wp-json\/wp\/v2\/posts\/98696","targetHints":{"allow":["GET"]}}],"collection":[{"href":"https:\/\/denizcankizil.tr\/ru\/wp-json\/wp\/v2\/posts"}],"about":[{"href":"https:\/\/denizcankizil.tr\/ru\/wp-json\/wp\/v2\/types\/post"}],"author":[{"embeddable":true,"href":"https:\/\/denizcankizil.tr\/ru\/wp-json\/wp\/v2\/users\/5"}],"replies":[{"embeddable":true,"href":"https:\/\/denizcankizil.tr\/ru\/wp-json\/wp\/v2\/comments?post=98696"}],"version-history":[{"count":0,"href":"https:\/\/denizcankizil.tr\/ru\/wp-json\/wp\/v2\/posts\/98696\/revisions"}],"wp:attachment":[{"href":"https:\/\/denizcankizil.tr\/ru\/wp-json\/wp\/v2\/media?parent=98696"}],"wp:term":[{"taxonomy":"category","embeddable":true,"href":"https:\/\/denizcankizil.tr\/ru\/wp-json\/wp\/v2\/categories?post=98696"},{"taxonomy":"post_tag","embeddable":true,"href":"https:\/\/denizcankizil.tr\/ru\/wp-json\/wp\/v2\/tags?post=98696"}],"curies":[{"name":"wp","href":"https:\/\/api.w.org\/{rel}","templated":true}]}}