{"id":98610,"date":"2025-05-27T17:43:08","date_gmt":"2025-05-27T14:43:08","guid":{"rendered":"https:\/\/denizcankizil.tr\/uncategorized-tr\/bursa-teknik-universitesinde-modern-yapi-zirvesi\/"},"modified":"2025-05-27T17:43:08","modified_gmt":"2025-05-27T14:43:08","slug":"bursa-teknik-universitesinde-modern-yapi-zirvesi","status":"publish","type":"post","link":"https:\/\/denizcankizil.tr\/ru\/haberler\/gundem\/bursa-teknik-universitesinde-modern-yapi-zirvesi\/","title":{"rendered":"Bursa Teknik \u00dcniversitesi\u2019nde modern yap\u0131 zirvesi"},"content":{"rendered":"<p>Bursa Teknik \u00dcniversitesinde (BT\u00dc) InnoCon&#8217;25 &#8211; Modern Yap\u0131 Zirvesi\u2019nin a\u00e7\u0131l\u0131\u015f\u0131 ger\u00e7ekle\u015ftirildi.BURSA (\u0130GFA) &#8211; Bursa&#8217;da iki g\u00fcn s\u00fcren etkinlikte; deprem, yap\u0131 y\u00f6netim, malzeme bilimi, geoteknik, ula\u015f\u0131m, su kaynaklar\u0131, s\u00fcr\u00fcd\u00fcr\u00fclebilir \u00e7evre, yap\u0131 kent esteti\u011fi gibi konular ele al\u0131nd\u0131. Program\u0131n ilk g\u00fcn\u00fcnde konu\u015fan Japon Deprem Uzman\u0131 Yoshinori Moriwaki, \u201cBursa\u2019da 50 y\u0131l i\u00e7inde b\u00fcy\u00fck bir deprem olma olas\u0131l\u0131\u011f\u0131 fazla\u201d derken, \u00d6zcan Ge\u00e7im, y\u00fcksek h\u0131zl\u0131 trenin Bursa\u2019ya 2026\u2019n\u0131n ilk yar\u0131s\u0131nda gelece\u011fini ifade etti.<br \/>\nBursa B\u00fcy\u00fck\u015fehir Belediyesi Genel Sekreter Yard\u0131mc\u0131s\u0131 Mehmet T\u00f6z\u00fcn Bing\u00f6l ise \u201cBursa Teknik \u00dcniversitesi genel anlam\u0131yla dinamik ve \u00f6\u011frencilerini \u00e7al\u0131\u015fma hayat\u0131na empoze olabilecek \u015fekilde yeti\u015ftiriyor, bu anlamda \u00fcniversitemizi kutluyorum. Bug\u00fcn ger\u00e7ekle\u015ftirilen etkinlik, \u00f6\u011frencilerin multidispliner \u00e7al\u0131\u015fmas\u0131n\u0131n altl\u0131\u011f\u0131n\u0131 olu\u015fturuyor. Dolay\u0131s\u0131yla B\u00fcy\u00fck\u015fehir Belediyesi olarak her zaman \u00f6\u011frencilerimiz destekliyoruz\u201d diye konu\u015ftu.<br \/>\nPeyzaj Mimarlar\u0131 Odas\u0131 Bursa \u015eube Ba\u015fkan\u0131 Zehra Candan \u00c7ak\u0131r, oda olarak akademi ile i\u00e7 i\u00e7e \u00f6\u011frenciler ile yan yana y\u00fcr\u00fcmeye \u00f6nem verdiklerini vurgulad\u0131. <\/p>\n<p>YOSH\u0130NOR\u0130 MOR\u0130WAK\u0130: DEPREM \u00d6L\u00dcMLER\u0130NDE T\u00dcRK\u0130YE D\u00dcNYA\u2019DA \u00dc\u00c7\u00dcNC\u00dc SIRADA<br \/>\nA\u00e7\u0131l\u0131\u015f konu\u015fmalar\u0131n\u0131n ard\u0131ndan Japon Deprem Uzman\u0131 Yoshinori Moriwaki, \u201c\u0130ki \u00fclkenin Deprem \u00f6nleme farkl\u0131l\u0131klar\u0131\u201d \u00fczerine sunumunu ger\u00e7ekle\u015ftirdi. Deprem konusunda T\u00fcrkiye ve Japonya\u2019y\u0131 kar\u015f\u0131la\u015ft\u0131ran Yoshinori Moriwaki, T\u00fcrkiye\u2019de 6, Japonya\u2019da ise 4 deprem levhas\u0131n\u0131n oldu\u011funu s\u00f6yledi. T\u00fcrkiye tarihinde en b\u00fcy\u00fck depremin 7.9 \u015fiddeti ile Erzincan depremi oldu\u011funu belirten Moriwaki, Japonya\u2019da ise 9 \u015fiddetini g\u00f6ren depremin ya\u015fand\u0131\u011f\u0131n\u0131 s\u00f6yledi. Buna kar\u015f\u0131n T\u00fcrkiye\u2019nin depremde hayat\u0131n\u0131 kaybedenler s\u0131ralamas\u0131nda d\u00fcnyada \u00fc\u00e7\u00fcnc\u00fc, Japonya\u2019n\u0131n ise yedinci oldu\u011funun alt\u0131n\u0131 \u00e7izen Moriwaki, \u00f6nemli olan\u0131n depremin \u015fiddetinin de\u011fil yap\u0131lar\u0131n sa\u011flaml\u0131\u011f\u0131 oldu\u011funu belirtti.<\/p>\n<p>T\u00dcRK\u0130YE\u2019DE YAPILARIN Y\u00dcZDE 50\u2019S\u0130 KA\u00c7AK<br \/>\n\u0130stanbul\u2019u etkileyen son iki b\u00fcy\u00fck depremin 1509 ve 1766 y\u0131llar\u0131nda oldu\u011funu aktaran Yoshinori Moriwaki, \u201cMarmara Denizi alt\u0131ndaki faylar\u0131n, Kuzey Anadolu Fay\u0131\u2019n\u0131n y\u00fczeyindeki par\u00e7alar\u0131 gibi 200 ile 250 sene civar\u0131nda bir tekrarlama periyodu oldu\u011funu d\u00fc\u015f\u00fcn\u00fcrsek, g\u00fcn\u00fcm\u00fczde \u0130stanbul\u2019u etkileyen b\u00fcy\u00fck bir deprem olaca\u011f\u0131 ka\u00e7\u0131n\u0131lmazd\u0131. \u015eimdi de ayn\u0131 \u015fekilde Bursa\u2019da gelecek 50 y\u0131l i\u00e7inde b\u00fcy\u00fck bir deprem olma olas\u0131l\u0131\u011f\u0131 bir hayli fazla. Bursa\u2019da gerekli \u00f6nlemler bir an \u00f6nce al\u0131nmal\u0131. Bursa\u2019n\u0131n yan\u0131nda Bal\u0131kesir ve \u00c7anakkale de risk alt\u0131da. T\u00fcrkiye geneline bakt\u0131\u011f\u0131m\u0131zda 21 milyonu a\u015fan yap\u0131 stokunun y\u00fczde 50\u2019sinin ka\u00e7ak oldu\u011funu g\u00f6r\u00fcyoruz. Bu nedenle hep birlikte bina ve zemin anlam\u0131nda depreme haz\u0131r olmal\u0131y\u0131z\u201d ifadelerini kulland\u0131.<\/p>\n<p>2026\u2019NIN \u0130LK YARISINDA YHT BURSA\u2019YA GELECEK<br \/>\n\u0130n\u015faat m\u00fchendisli\u011fi, mimarl\u0131k, peyzaj mimarl\u0131\u011f\u0131 ile \u015fehir ve b\u00f6lge planlamadan uzmanlar\u0131 bir araya getiren zirvenin ikinci g\u00fcn\u00fcnde Kanyon Holding Harita ve Et\u00fct M\u00fcd\u00fcr\u00fc \u00d6zcan Ge\u00e7im, Band\u0131rma &#8211; Bursa &#8211; Yeni\u015fehir &#8211; Osmaneli Y\u00fcksek H\u0131zl\u0131 Tren Hatt\u0131 projesi hakk\u0131nda bilgilendirmelerde bulundu. Hatt\u0131n 188 kilometre uzunlu\u011funda oldu\u011funu belirten \u00d6zcan Ge\u00e7im, projenin Bursa\u2019ya kadar olan k\u0131sm\u0131n\u0131 2026\u2019n\u0131n ilk yar\u0131s\u0131nda tamamlamay\u0131 hedeflediklerini s\u00f6yledi. Ge\u00e7im, projenin Karacabey-Band\u0131rma y\u00f6n\u00fcndeki \u00e7al\u0131\u015fmalar\u0131n s\u00fcrd\u00fc\u011f\u00fcn\u00fc ancak zorlu arazi ko\u015fullar\u0131 nedeniyle buradaki takvimde gecikme ya\u015fand\u0131\u011f\u0131n\u0131 dile getirdi.<br \/>\nSEYAHAT S\u00dcRELER\u0130\u2026<br \/>\n\u00d6zcan Ge\u00e7im, projenin tamamlanmas\u0131 ile Ankara-Bursa seyahat s\u00fcresinin 2 saat 15 dakika, \u0130stanbul-Bursa aras\u0131n\u0131n 2 saat 15 dakika, Bursa-Bilecik aras\u0131n\u0131n 35 dakika, Bursa-Eski\u015fehir aras\u0131n\u0131n 1 saat, Bursa- Konya aras\u0131n\u0131n 2 saat 20 dakika ve Bursa- Sivas aras\u0131n\u0131n 4 saat olaca\u011f\u0131n\u0131 belirtti.<br \/>\nOSMANEL\u0130-BURSA ARASINDA 5 DURAK, HRS \u0130LE GARA D\u0130REKT ULA\u015eIM<br \/>\nOsmaneli- Bursa- aras\u0131nda 5 durak olaca\u011f\u0131n\u0131 belirten \u00d6zcan Ge\u00e7im, \u201cOsmaneli, Yeni\u015fehir, Yeni\u015fehir Havaliman\u0131, G\u00fcrsu ve Bursa istasyonlar\u0131 olacak. Bursa Gar\u0131\u2019ndan TEKNOSAB, Karacabey, Da\u011fkad\u0131 ve Band\u0131rma istasyonlar\u0131na ula\u015f\u0131m sa\u011flanacak. Bursa Gar in\u015faat \u00e7al\u0131\u015fmalar\u0131m\u0131z h\u0131zla s\u00fcr\u00fcyor. Burada Bursa\u2019n\u0131n tarihine uygun, Osmanl\u0131 mimarisi ile bir yap\u0131 in\u015fa ediyoruz. Gara hafif rayl\u0131 sistem ile de direkt ula\u015f\u0131m olacak\u201d diye konu\u015ftu.<br \/>\n\u0130K\u0130NC\u0130 G\u00dcN DE DOLU DOLU PROGRAMLAR\u2026<br \/>\nProgram, Procons \u015eirketi CEO\u2019su Kemal Kaplan\u2019\u0131n \u201c\u0130n\u015faat Sekt\u00f6r\u00fcnde Dijital D\u00f6n\u00fc\u015f\u00fcm\u201d, Proje Tasar\u0131m Merkezi Ofisi Kurucusu Peyzaj Mimar\u0131 Engin Akta\u015f ve Peyzaj Mimar\u0131 Hasan Marat\u2019\u0131n \u201cBim Tabanl\u0131 Peyzaj Mimarl\u0131\u011f\u0131\u201d ba\u015fl\u0131kl\u0131 konu\u015fmalar\u0131 ile devam etti. Zirvenin \u00f6\u011fleden sonraki b\u00f6l\u00fcm\u00fcnde ise BT\u00dc Rekt\u00f6r Yard\u0131mc\u0131s\u0131, \u0130n\u015faat M\u00fchendisli\u011fi B\u00f6l\u00fcm\u00fc \u00f6\u011fretim \u00fcyesi ve Deprem M\u00fchendisli\u011fi Uygulama ve Ara\u015ft\u0131rma Merkezi M\u00fcd\u00fcr\u00fc Prof. Dr. Beyhan Bayhan \u201cBursa\u2019da Deprem Tehlikesi, Yap\u0131 G\u00fcvenli\u011fi, Sismik \u0130zolasyon\u201d ba\u015fl\u0131kl\u0131 sunumunu ger\u00e7ekle\u015ftirdi.<br \/>\nAnadolu Ajans\u0131 Ye\u015fil Hat Muhabiri Biriz \u00d6zbak\u0131r\u2019\u0131n moderat\u00f6rl\u00fc\u011f\u00fcndeki \u201cYe\u015fil Hat Akademi Paneli\u201dnde ise BT\u00dc Rekt\u00f6r Yard\u0131mc\u0131s\u0131 \u00c7evre M\u00fchendisli\u011fi B\u00f6l\u00fcm\u00fc \u00f6\u011fretim \u00fcyesi Prof. Dr. Sinan Uyan\u0131k, \u0130n\u015faat M\u00fchendisli\u011fi B\u00f6l\u00fcm\u00fc Ba\u015fkan\u0131 Prof. Dr. Egemen Aras ve Do\u00e7. Dr. Babak Vaheeddoost yer ald\u0131.<br \/>\nMimar \u015eenol \u015eim\u015fek\u2019in \u201cBir Mimar\u0131n Bursa \u00dczerinden Kent Okumas\u0131\u201d ve Mimar Tolga Kezer\u2019in \u201cMimarl\u0131kta \u0130lk Ad\u0131mlar Kurgu Deneyim ve Ger\u00e7eklik\u201d konu\u015fmalar\u0131n\u0131n ard\u0131ndan zirve, at\u00f6yle etkinlikleri ile son buldu.<\/p>\n<p>\u200bBursa Teknik \u00dcniversitesinde (BT\u00dc) InnoCon&#8217;25 &#8211; Modern Yap\u0131 Zirvesi\u2019nin a\u00e7\u0131l\u0131\u015f\u0131 ger\u00e7ekle\u015ftirildi.BURSA (\u0130GFA) &#8211; Bursa&#8217;da iki g\u00fcn s\u00fcren etkinlikte; deprem, yap\u0131 y\u00f6netim, malzeme bilimi, geoteknik, ula\u015f\u0131m, su kaynaklar\u0131, s\u00fcr\u00fcd\u00fcr\u00fclebilir \u00e7evre, yap\u0131 kent esteti\u011fi gibi konular ele al\u0131nd\u0131. Program\u0131n ilk g\u00fcn\u00fcnde konu\u015fan Japon Deprem Uzman\u0131 Yoshinori Moriwaki, \u201cBursa\u2019da 50 y\u0131l i\u00e7inde b\u00fcy\u00fck bir deprem olma olas\u0131l\u0131\u011f\u0131 fazla\u201d derken, \u00d6zcan Ge\u00e7im, y\u00fcksek h\u0131zl\u0131 trenin Bursa\u2019ya 2026\u2019n\u0131n ilk yar\u0131s\u0131nda gelece\u011fini ifade etti.<br \/>\nBursa B\u00fcy\u00fck\u015fehir Belediyesi Genel Sekreter Yard\u0131mc\u0131s\u0131 Mehmet T\u00f6z\u00fcn Bing\u00f6l ise \u201cBursa Teknik \u00dcniversitesi genel anlam\u0131yla dinamik ve \u00f6\u011frencilerini \u00e7al\u0131\u015fma hayat\u0131na empoze olabilecek \u015fekilde yeti\u015ftiriyor, bu anlamda \u00fcniversitemizi kutluyorum. Bug\u00fcn ger\u00e7ekle\u015ftirilen etkinlik, \u00f6\u011frencilerin multidispliner \u00e7al\u0131\u015fmas\u0131n\u0131n altl\u0131\u011f\u0131n\u0131 olu\u015fturuyor. Dolay\u0131s\u0131yla B\u00fcy\u00fck\u015fehir Belediyesi olarak her zaman \u00f6\u011frencilerimiz destekliyoruz\u201d diye konu\u015ftu.<br \/>\nPeyzaj Mimarlar\u0131 Odas\u0131 Bursa \u015eube Ba\u015fkan\u0131 Zehra Candan \u00c7ak\u0131r, oda olarak akademi ile i\u00e7 i\u00e7e \u00f6\u011frenciler ile yan yana y\u00fcr\u00fcmeye \u00f6nem verdiklerini vurgulad\u0131. <\/p>\n<p>YOSH\u0130NOR\u0130 MOR\u0130WAK\u0130: DEPREM \u00d6L\u00dcMLER\u0130NDE T\u00dcRK\u0130YE D\u00dcNYA\u2019DA \u00dc\u00c7\u00dcNC\u00dc SIRADA<br \/>\nA\u00e7\u0131l\u0131\u015f konu\u015fmalar\u0131n\u0131n ard\u0131ndan Japon Deprem Uzman\u0131 Yoshinori Moriwaki, \u201c\u0130ki \u00fclkenin Deprem \u00f6nleme farkl\u0131l\u0131klar\u0131\u201d \u00fczerine sunumunu ger\u00e7ekle\u015ftirdi. Deprem konusunda T\u00fcrkiye ve Japonya\u2019y\u0131 kar\u015f\u0131la\u015ft\u0131ran Yoshinori Moriwaki, T\u00fcrkiye\u2019de 6, Japonya\u2019da ise 4 deprem levhas\u0131n\u0131n oldu\u011funu s\u00f6yledi. T\u00fcrkiye tarihinde en b\u00fcy\u00fck depremin 7.9 \u015fiddeti ile Erzincan depremi oldu\u011funu belirten Moriwaki, Japonya\u2019da ise 9 \u015fiddetini g\u00f6ren depremin ya\u015fand\u0131\u011f\u0131n\u0131 s\u00f6yledi. Buna kar\u015f\u0131n T\u00fcrkiye\u2019nin depremde hayat\u0131n\u0131 kaybedenler s\u0131ralamas\u0131nda d\u00fcnyada \u00fc\u00e7\u00fcnc\u00fc, Japonya\u2019n\u0131n ise yedinci oldu\u011funun alt\u0131n\u0131 \u00e7izen Moriwaki, \u00f6nemli olan\u0131n depremin \u015fiddetinin de\u011fil yap\u0131lar\u0131n sa\u011flaml\u0131\u011f\u0131 oldu\u011funu belirtti.<\/p>\n<p>T\u00dcRK\u0130YE\u2019DE YAPILARIN Y\u00dcZDE 50\u2019S\u0130 KA\u00c7AK<br \/>\n\u0130stanbul\u2019u etkileyen son iki b\u00fcy\u00fck depremin 1509 ve 1766 y\u0131llar\u0131nda oldu\u011funu aktaran Yoshinori Moriwaki, \u201cMarmara Denizi alt\u0131ndaki faylar\u0131n, Kuzey Anadolu Fay\u0131\u2019n\u0131n y\u00fczeyindeki par\u00e7alar\u0131 gibi 200 ile 250 sene civar\u0131nda bir tekrarlama periyodu oldu\u011funu d\u00fc\u015f\u00fcn\u00fcrsek, g\u00fcn\u00fcm\u00fczde \u0130stanbul\u2019u etkileyen b\u00fcy\u00fck bir deprem olaca\u011f\u0131 ka\u00e7\u0131n\u0131lmazd\u0131. \u015eimdi de ayn\u0131 \u015fekilde Bursa\u2019da gelecek 50 y\u0131l i\u00e7inde b\u00fcy\u00fck bir deprem olma olas\u0131l\u0131\u011f\u0131 bir hayli fazla. Bursa\u2019da gerekli \u00f6nlemler bir an \u00f6nce al\u0131nmal\u0131. Bursa\u2019n\u0131n yan\u0131nda Bal\u0131kesir ve \u00c7anakkale de risk alt\u0131da. T\u00fcrkiye geneline bakt\u0131\u011f\u0131m\u0131zda 21 milyonu a\u015fan yap\u0131 stokunun y\u00fczde 50\u2019sinin ka\u00e7ak oldu\u011funu g\u00f6r\u00fcyoruz. Bu nedenle hep birlikte bina ve zemin anlam\u0131nda depreme haz\u0131r olmal\u0131y\u0131z\u201d ifadelerini kulland\u0131.<\/p>\n<p>2026\u2019NIN \u0130LK YARISINDA YHT BURSA\u2019YA GELECEK<br \/>\n\u0130n\u015faat m\u00fchendisli\u011fi, mimarl\u0131k, peyzaj mimarl\u0131\u011f\u0131 ile \u015fehir ve b\u00f6lge planlamadan uzmanlar\u0131 bir araya getiren zirvenin ikinci g\u00fcn\u00fcnde Kanyon Holding Harita ve Et\u00fct M\u00fcd\u00fcr\u00fc \u00d6zcan Ge\u00e7im, Band\u0131rma &#8211; Bursa &#8211; Yeni\u015fehir &#8211; Osmaneli Y\u00fcksek H\u0131zl\u0131 Tren Hatt\u0131 projesi hakk\u0131nda bilgilendirmelerde bulundu. Hatt\u0131n 188 kilometre uzunlu\u011funda oldu\u011funu belirten \u00d6zcan Ge\u00e7im, projenin Bursa\u2019ya kadar olan k\u0131sm\u0131n\u0131 2026\u2019n\u0131n ilk yar\u0131s\u0131nda tamamlamay\u0131 hedeflediklerini s\u00f6yledi. Ge\u00e7im, projenin Karacabey-Band\u0131rma y\u00f6n\u00fcndeki \u00e7al\u0131\u015fmalar\u0131n s\u00fcrd\u00fc\u011f\u00fcn\u00fc ancak zorlu arazi ko\u015fullar\u0131 nedeniyle buradaki takvimde gecikme ya\u015fand\u0131\u011f\u0131n\u0131 dile getirdi.<br \/>\nSEYAHAT S\u00dcRELER\u0130\u2026<br \/>\n\u00d6zcan Ge\u00e7im, projenin tamamlanmas\u0131 ile Ankara-Bursa seyahat s\u00fcresinin 2 saat 15 dakika, \u0130stanbul-Bursa aras\u0131n\u0131n 2 saat 15 dakika, Bursa-Bilecik aras\u0131n\u0131n 35 dakika, Bursa-Eski\u015fehir aras\u0131n\u0131n 1 saat, Bursa- Konya aras\u0131n\u0131n 2 saat 20 dakika ve Bursa- Sivas aras\u0131n\u0131n 4 saat olaca\u011f\u0131n\u0131 belirtti.<br \/>\nOSMANEL\u0130-BURSA ARASINDA 5 DURAK, HRS \u0130LE GARA D\u0130REKT ULA\u015eIM<br \/>\nOsmaneli- Bursa- aras\u0131nda 5 durak olaca\u011f\u0131n\u0131 belirten \u00d6zcan Ge\u00e7im, \u201cOsmaneli, Yeni\u015fehir, Yeni\u015fehir Havaliman\u0131, G\u00fcrsu ve Bursa istasyonlar\u0131 olacak. Bursa Gar\u0131\u2019ndan TEKNOSAB, Karacabey, Da\u011fkad\u0131 ve Band\u0131rma istasyonlar\u0131na ula\u015f\u0131m sa\u011flanacak. Bursa Gar in\u015faat \u00e7al\u0131\u015fmalar\u0131m\u0131z h\u0131zla s\u00fcr\u00fcyor. Burada Bursa\u2019n\u0131n tarihine uygun, Osmanl\u0131 mimarisi ile bir yap\u0131 in\u015fa ediyoruz. Gara hafif rayl\u0131 sistem ile de direkt ula\u015f\u0131m olacak\u201d diye konu\u015ftu.<br \/>\n\u0130K\u0130NC\u0130 G\u00dcN DE DOLU DOLU PROGRAMLAR\u2026<br \/>\nProgram, Procons \u015eirketi CEO\u2019su Kemal Kaplan\u2019\u0131n \u201c\u0130n\u015faat Sekt\u00f6r\u00fcnde Dijital D\u00f6n\u00fc\u015f\u00fcm\u201d, Proje Tasar\u0131m Merkezi Ofisi Kurucusu Peyzaj Mimar\u0131 Engin Akta\u015f ve Peyzaj Mimar\u0131 Hasan Marat\u2019\u0131n \u201cBim Tabanl\u0131 Peyzaj Mimarl\u0131\u011f\u0131\u201d ba\u015fl\u0131kl\u0131 konu\u015fmalar\u0131 ile devam etti. Zirvenin \u00f6\u011fleden sonraki b\u00f6l\u00fcm\u00fcnde ise BT\u00dc Rekt\u00f6r Yard\u0131mc\u0131s\u0131, \u0130n\u015faat M\u00fchendisli\u011fi B\u00f6l\u00fcm\u00fc \u00f6\u011fretim \u00fcyesi ve Deprem M\u00fchendisli\u011fi Uygulama ve Ara\u015ft\u0131rma Merkezi M\u00fcd\u00fcr\u00fc Prof. Dr. Beyhan Bayhan \u201cBursa\u2019da Deprem Tehlikesi, Yap\u0131 G\u00fcvenli\u011fi, Sismik \u0130zolasyon\u201d ba\u015fl\u0131kl\u0131 sunumunu ger\u00e7ekle\u015ftirdi.<br \/>\nAnadolu Ajans\u0131 Ye\u015fil Hat Muhabiri Biriz \u00d6zbak\u0131r\u2019\u0131n moderat\u00f6rl\u00fc\u011f\u00fcndeki \u201cYe\u015fil Hat Akademi Paneli\u201dnde ise BT\u00dc Rekt\u00f6r Yard\u0131mc\u0131s\u0131 \u00c7evre M\u00fchendisli\u011fi B\u00f6l\u00fcm\u00fc \u00f6\u011fretim \u00fcyesi Prof. Dr. Sinan Uyan\u0131k, \u0130n\u015faat M\u00fchendisli\u011fi B\u00f6l\u00fcm\u00fc Ba\u015fkan\u0131 Prof. Dr. Egemen Aras ve Do\u00e7. Dr. Babak Vaheeddoost yer ald\u0131.<br \/>\nMimar \u015eenol \u015eim\u015fek\u2019in \u201cBir Mimar\u0131n Bursa \u00dczerinden Kent Okumas\u0131\u201d ve Mimar Tolga Kezer\u2019in \u201cMimarl\u0131kta \u0130lk Ad\u0131mlar Kurgu Deneyim ve Ger\u00e7eklik\u201d konu\u015fmalar\u0131n\u0131n ard\u0131ndan zirve, at\u00f6yle etkinlikleri ile son buldu.\u00a0<\/p>\n<p>\u200bHaberin Al\u0131nt\u0131land\u0131\u011f\u0131 Kaynak: www.iskenderun.org<\/p>","protected":false},"excerpt":{"rendered":"<p>Bursa Teknik \u00dcniversitesinde (BT\u00dc) InnoCon&#8217;25 &#8211; Modern Yap\u0131 Zirvesi\u2019nin a\u00e7\u0131l\u0131\u015f\u0131 ger\u00e7ekle\u015ftirildi.BURSA (\u0130GFA) &#8211; Bursa&#8217;da iki g\u00fcn s\u00fcren etkinlikte; deprem, yap\u0131 y\u00f6netim, malzeme bilimi, geoteknik, ula\u015f\u0131m, su kaynaklar\u0131, s\u00fcr\u00fcd\u00fcr\u00fclebilir \u00e7evre, yap\u0131 kent esteti\u011fi gibi konular ele al\u0131nd\u0131. Program\u0131n ilk g\u00fcn\u00fcnde konu\u015fan Japon Deprem Uzman\u0131 Yoshinori Moriwaki, \u201cBursa\u2019da 50 y\u0131l i\u00e7inde b\u00fcy\u00fck bir deprem olma olas\u0131l\u0131\u011f\u0131 fazla\u201d derken, \u00d6zcan Ge\u00e7im, y\u00fcksek h\u0131zl\u0131 trenin Bursa\u2019ya 2026\u2019n\u0131n ilk yar\u0131s\u0131nda gelece\u011fini ifade etti. Bursa B\u00fcy\u00fck\u015fehir Belediyesi Genel Sekreter Yard\u0131mc\u0131s\u0131 Mehmet T\u00f6z\u00fcn Bing\u00f6l ise \u201cBursa Teknik \u00dcniversitesi genel anlam\u0131yla dinamik ve \u00f6\u011frencilerini \u00e7al\u0131\u015fma hayat\u0131na empoze olabilecek \u015fekilde yeti\u015ftiriyor, bu anlamda \u00fcniversitemizi kutluyorum. Bug\u00fcn ger\u00e7ekle\u015ftirilen etkinlik, \u00f6\u011frencilerin multidispliner \u00e7al\u0131\u015fmas\u0131n\u0131n altl\u0131\u011f\u0131n\u0131 olu\u015fturuyor. Dolay\u0131s\u0131yla B\u00fcy\u00fck\u015fehir Belediyesi olarak her zaman \u00f6\u011frencilerimiz destekliyoruz\u201d diye konu\u015ftu. Peyzaj Mimarlar\u0131 Odas\u0131 Bursa \u015eube Ba\u015fkan\u0131 Zehra Candan \u00c7ak\u0131r, oda olarak akademi ile i\u00e7 i\u00e7e \u00f6\u011frenciler ile yan yana y\u00fcr\u00fcmeye \u00f6nem verdiklerini vurgulad\u0131. YOSH\u0130NOR\u0130 MOR\u0130WAK\u0130: DEPREM \u00d6L\u00dcMLER\u0130NDE T\u00dcRK\u0130YE D\u00dcNYA\u2019DA \u00dc\u00c7\u00dcNC\u00dc SIRADA A\u00e7\u0131l\u0131\u015f konu\u015fmalar\u0131n\u0131n ard\u0131ndan Japon Deprem Uzman\u0131 Yoshinori Moriwaki, \u201c\u0130ki \u00fclkenin Deprem \u00f6nleme farkl\u0131l\u0131klar\u0131\u201d \u00fczerine sunumunu ger\u00e7ekle\u015ftirdi. Deprem konusunda T\u00fcrkiye ve Japonya\u2019y\u0131 kar\u015f\u0131la\u015ft\u0131ran Yoshinori Moriwaki, T\u00fcrkiye\u2019de 6, Japonya\u2019da ise 4 deprem levhas\u0131n\u0131n oldu\u011funu s\u00f6yledi. T\u00fcrkiye tarihinde en b\u00fcy\u00fck depremin 7.9 \u015fiddeti ile Erzincan depremi oldu\u011funu belirten Moriwaki, Japonya\u2019da ise 9 \u015fiddetini g\u00f6ren depremin ya\u015fand\u0131\u011f\u0131n\u0131 s\u00f6yledi. Buna &hellip;<\/p>","protected":false},"author":1,"featured_media":0,"comment_status":"","ping_status":"open","sticky":false,"template":"","format":"standard","meta":{"_acf_changed":false,"footnotes":""},"categories":[24],"tags":[],"class_list":["post-98610","post","type-post","status-publish","format-standard","has-post-thumbnail","hentry","category-gundem"],"acf":[],"yoast_head":"<!-- This site is optimized with the Yoast SEO Premium plugin v26.6 (Yoast SEO v27.1.1) - https:\/\/yoast.com\/product\/yoast-seo-premium-wordpress\/ -->\n<title>Bursa Teknik \u00dcniversitesi\u2019nde modern yap\u0131 zirvesi - Av. Deniz Can K\u0131z\u0131l<\/title>\n<meta name=\"robots\" content=\"index, follow, max-snippet:-1, max-image-preview:large, max-video-preview:-1\" \/>\n<link rel=\"canonical\" href=\"https:\/\/denizcankizil.tr\/ru\/haberler\/gundem\/bursa-teknik-universitesinde-modern-yapi-zirvesi\/\" \/>\n<meta property=\"og:locale\" content=\"ru_RU\" \/>\n<meta property=\"og:type\" content=\"article\" \/>\n<meta property=\"og:title\" content=\"Bursa Teknik \u00dcniversitesi\u2019nde modern yap\u0131 zirvesi\" \/>\n<meta property=\"og:description\" content=\"Bursa Teknik \u00dcniversitesinde (BT\u00dc) InnoCon&#8217;25 &#8211; Modern Yap\u0131 Zirvesi\u2019nin a\u00e7\u0131l\u0131\u015f\u0131 ger\u00e7ekle\u015ftirildi.BURSA (\u0130GFA) &#8211; Bursa&#8217;da iki g\u00fcn s\u00fcren etkinlikte; deprem, yap\u0131 y\u00f6netim, malzeme bilimi, geoteknik, ula\u015f\u0131m, su kaynaklar\u0131, s\u00fcr\u00fcd\u00fcr\u00fclebilir \u00e7evre, yap\u0131 kent esteti\u011fi gibi konular ele al\u0131nd\u0131. Program\u0131n ilk g\u00fcn\u00fcnde konu\u015fan Japon Deprem Uzman\u0131 Yoshinori Moriwaki, \u201cBursa\u2019da 50 y\u0131l i\u00e7inde b\u00fcy\u00fck bir deprem olma olas\u0131l\u0131\u011f\u0131 fazla\u201d derken, \u00d6zcan Ge\u00e7im, y\u00fcksek h\u0131zl\u0131 trenin Bursa\u2019ya 2026\u2019n\u0131n ilk yar\u0131s\u0131nda gelece\u011fini ifade etti. Bursa B\u00fcy\u00fck\u015fehir Belediyesi Genel Sekreter Yard\u0131mc\u0131s\u0131 Mehmet T\u00f6z\u00fcn Bing\u00f6l ise \u201cBursa Teknik \u00dcniversitesi genel anlam\u0131yla dinamik ve \u00f6\u011frencilerini \u00e7al\u0131\u015fma hayat\u0131na empoze olabilecek \u015fekilde yeti\u015ftiriyor, bu anlamda \u00fcniversitemizi kutluyorum. Bug\u00fcn ger\u00e7ekle\u015ftirilen etkinlik, \u00f6\u011frencilerin multidispliner \u00e7al\u0131\u015fmas\u0131n\u0131n altl\u0131\u011f\u0131n\u0131 olu\u015fturuyor. Dolay\u0131s\u0131yla B\u00fcy\u00fck\u015fehir Belediyesi olarak her zaman \u00f6\u011frencilerimiz destekliyoruz\u201d diye konu\u015ftu. Peyzaj Mimarlar\u0131 Odas\u0131 Bursa \u015eube Ba\u015fkan\u0131 Zehra Candan \u00c7ak\u0131r, oda olarak akademi ile i\u00e7 i\u00e7e \u00f6\u011frenciler ile yan yana y\u00fcr\u00fcmeye \u00f6nem verdiklerini vurgulad\u0131. YOSH\u0130NOR\u0130 MOR\u0130WAK\u0130: DEPREM \u00d6L\u00dcMLER\u0130NDE T\u00dcRK\u0130YE D\u00dcNYA\u2019DA \u00dc\u00c7\u00dcNC\u00dc SIRADA A\u00e7\u0131l\u0131\u015f konu\u015fmalar\u0131n\u0131n ard\u0131ndan Japon Deprem Uzman\u0131 Yoshinori Moriwaki, \u201c\u0130ki \u00fclkenin Deprem \u00f6nleme farkl\u0131l\u0131klar\u0131\u201d \u00fczerine sunumunu ger\u00e7ekle\u015ftirdi. Deprem konusunda T\u00fcrkiye ve Japonya\u2019y\u0131 kar\u015f\u0131la\u015ft\u0131ran Yoshinori Moriwaki, T\u00fcrkiye\u2019de 6, Japonya\u2019da ise 4 deprem levhas\u0131n\u0131n oldu\u011funu s\u00f6yledi. T\u00fcrkiye tarihinde en b\u00fcy\u00fck depremin 7.9 \u015fiddeti ile Erzincan depremi oldu\u011funu belirten Moriwaki, Japonya\u2019da ise 9 \u015fiddetini g\u00f6ren depremin ya\u015fand\u0131\u011f\u0131n\u0131 s\u00f6yledi. Buna &hellip;\" \/>\n<meta property=\"og:url\" content=\"https:\/\/denizcankizil.tr\/ru\/haberler\/gundem\/bursa-teknik-universitesinde-modern-yapi-zirvesi\/\" \/>\n<meta property=\"og:site_name\" content=\"Av. Deniz Can K\u0131z\u0131l\" \/>\n<meta property=\"article:published_time\" content=\"2025-05-27T14:43:08+00:00\" \/>\n<meta name=\"author\" content=\"admin\" \/>\n<meta name=\"twitter:card\" content=\"summary_large_image\" \/>\n<meta name=\"twitter:label1\" content=\"\u041d\u0430\u043f\u0438\u0441\u0430\u043d\u043e \u0430\u0432\u0442\u043e\u0440\u043e\u043c\" \/>\n\t<meta name=\"twitter:data1\" content=\"admin\" \/>\n\t<meta name=\"twitter:label2\" content=\"\u041f\u0440\u0438\u043c\u0435\u0440\u043d\u043e\u0435 \u0432\u0440\u0435\u043c\u044f \u0434\u043b\u044f \u0447\u0442\u0435\u043d\u0438\u044f\" \/>\n\t<meta name=\"twitter:data2\" content=\"10 \u043c\u0438\u043d\u0443\u0442\" \/>\n<script type=\"application\/ld+json\" class=\"yoast-schema-graph\">{\"@context\":\"https:\/\/schema.org\",\"@graph\":[{\"@type\":\"Article\",\"@id\":\"https:\/\/denizcankizil.tr\/ru\/haberler\/gundem\/bursa-teknik-universitesinde-modern-yapi-zirvesi\/#article\",\"isPartOf\":{\"@id\":\"https:\/\/denizcankizil.tr\/ru\/haberler\/gundem\/bursa-teknik-universitesinde-modern-yapi-zirvesi\/\"},\"author\":{\"name\":\"admin\",\"@id\":\"https:\/\/denizcankizil.tr\/#\/schema\/person\/be3c05fe6a12686905512445d8185489\"},\"headline\":\"Bursa Teknik \u00dcniversitesi\u2019nde modern yap\u0131 zirvesi\",\"datePublished\":\"2025-05-27T14:43:08+00:00\",\"mainEntityOfPage\":{\"@id\":\"https:\/\/denizcankizil.tr\/ru\/haberler\/gundem\/bursa-teknik-universitesinde-modern-yapi-zirvesi\/\"},\"wordCount\":1945,\"publisher\":{\"@id\":\"https:\/\/denizcankizil.tr\/#organization\"},\"articleSection\":[\"G\u00fcndem\"],\"inLanguage\":\"ru-RU\"},{\"@type\":\"WebPage\",\"@id\":\"https:\/\/denizcankizil.tr\/ru\/haberler\/gundem\/bursa-teknik-universitesinde-modern-yapi-zirvesi\/\",\"url\":\"https:\/\/denizcankizil.tr\/ru\/haberler\/gundem\/bursa-teknik-universitesinde-modern-yapi-zirvesi\/\",\"name\":\"Bursa Teknik \u00dcniversitesi\u2019nde modern yap\u0131 zirvesi - Av. Deniz Can K\u0131z\u0131l\",\"isPartOf\":{\"@id\":\"https:\/\/denizcankizil.tr\/#website\"},\"datePublished\":\"2025-05-27T14:43:08+00:00\",\"breadcrumb\":{\"@id\":\"https:\/\/denizcankizil.tr\/ru\/haberler\/gundem\/bursa-teknik-universitesinde-modern-yapi-zirvesi\/#breadcrumb\"},\"inLanguage\":\"ru-RU\",\"potentialAction\":[{\"@type\":\"ReadAction\",\"target\":[\"https:\/\/denizcankizil.tr\/ru\/haberler\/gundem\/bursa-teknik-universitesinde-modern-yapi-zirvesi\/\"]}]},{\"@type\":\"BreadcrumbList\",\"@id\":\"https:\/\/denizcankizil.tr\/ru\/haberler\/gundem\/bursa-teknik-universitesinde-modern-yapi-zirvesi\/#breadcrumb\",\"itemListElement\":[{\"@type\":\"ListItem\",\"position\":1,\"name\":\"Home\",\"item\":\"https:\/\/denizcankizil.tr\/uk\/\"},{\"@type\":\"ListItem\",\"position\":2,\"name\":\"Bursa Teknik \u00dcniversitesi\u2019nde modern yap\u0131 zirvesi\"}]},{\"@type\":\"WebSite\",\"@id\":\"https:\/\/denizcankizil.tr\/#website\",\"url\":\"https:\/\/denizcankizil.tr\/\",\"name\":\"Av. Deniz Can K\u0131z\u0131l\",\"description\":\"Avukat Deniz Can K\u0131z\u0131l Antalya Barosu\",\"publisher\":{\"@id\":\"https:\/\/denizcankizil.tr\/#organization\"},\"potentialAction\":[{\"@type\":\"SearchAction\",\"target\":{\"@type\":\"EntryPoint\",\"urlTemplate\":\"https:\/\/denizcankizil.tr\/?s={search_term_string}\"},\"query-input\":{\"@type\":\"PropertyValueSpecification\",\"valueRequired\":true,\"valueName\":\"search_term_string\"}}],\"inLanguage\":\"ru-RU\"},{\"@type\":\"Organization\",\"@id\":\"https:\/\/denizcankizil.tr\/#organization\",\"name\":\"Av. Deniz Can K\u0131z\u0131l\",\"url\":\"https:\/\/denizcankizil.tr\/\",\"logo\":{\"@type\":\"ImageObject\",\"inLanguage\":\"ru-RU\",\"@id\":\"https:\/\/denizcankizil.tr\/#\/schema\/logo\/image\/\",\"url\":\"https:\/\/denizcankizil.tr\/wp-content\/uploads\/2024\/10\/siyah-logo-svg.svg\",\"contentUrl\":\"https:\/\/denizcankizil.tr\/wp-content\/uploads\/2024\/10\/siyah-logo-svg.svg\",\"width\":1080,\"height\":1080,\"caption\":\"Av. Deniz Can K\u0131z\u0131l\"},\"image\":{\"@id\":\"https:\/\/denizcankizil.tr\/#\/schema\/logo\/image\/\"}},{\"@type\":\"Person\",\"@id\":\"https:\/\/denizcankizil.tr\/#\/schema\/person\/be3c05fe6a12686905512445d8185489\",\"name\":\"admin\",\"image\":{\"@type\":\"ImageObject\",\"inLanguage\":\"ru-RU\",\"@id\":\"https:\/\/denizcankizil.tr\/#\/schema\/person\/image\/\",\"url\":\"https:\/\/secure.gravatar.com\/avatar\/c1fce94c830dc79107e174f890d7210541c4a63e8e5d816341794a2151c9d58c?s=96&d=mm&r=g\",\"contentUrl\":\"https:\/\/secure.gravatar.com\/avatar\/c1fce94c830dc79107e174f890d7210541c4a63e8e5d816341794a2151c9d58c?s=96&d=mm&r=g\",\"caption\":\"admin\"},\"sameAs\":[\"http:\/\/denizcankizil.tr\"],\"url\":\"https:\/\/www.iskenderun.org\/bursa-teknik-universitesinde-modern-yapi-zirvesi\"}]}<\/script>\n<!-- \/ Yoast SEO Premium plugin. -->","yoast_head_json":{"title":"Bursa Teknik \u00dcniversitesi\u2019nde modern yap\u0131 zirvesi - Av. Deniz Can K\u0131z\u0131l","robots":{"index":"index","follow":"follow","max-snippet":"max-snippet:-1","max-image-preview":"max-image-preview:large","max-video-preview":"max-video-preview:-1"},"canonical":"https:\/\/denizcankizil.tr\/ru\/haberler\/gundem\/bursa-teknik-universitesinde-modern-yapi-zirvesi\/","og_locale":"ru_RU","og_type":"article","og_title":"Bursa Teknik \u00dcniversitesi\u2019nde modern yap\u0131 zirvesi","og_description":"Bursa Teknik \u00dcniversitesinde (BT\u00dc) InnoCon&#8217;25 &#8211; Modern Yap\u0131 Zirvesi\u2019nin a\u00e7\u0131l\u0131\u015f\u0131 ger\u00e7ekle\u015ftirildi.BURSA (\u0130GFA) &#8211; Bursa&#8217;da iki g\u00fcn s\u00fcren etkinlikte; deprem, yap\u0131 y\u00f6netim, malzeme bilimi, geoteknik, ula\u015f\u0131m, su kaynaklar\u0131, s\u00fcr\u00fcd\u00fcr\u00fclebilir \u00e7evre, yap\u0131 kent esteti\u011fi gibi konular ele al\u0131nd\u0131. Program\u0131n ilk g\u00fcn\u00fcnde konu\u015fan Japon Deprem Uzman\u0131 Yoshinori Moriwaki, \u201cBursa\u2019da 50 y\u0131l i\u00e7inde b\u00fcy\u00fck bir deprem olma olas\u0131l\u0131\u011f\u0131 fazla\u201d derken, \u00d6zcan Ge\u00e7im, y\u00fcksek h\u0131zl\u0131 trenin Bursa\u2019ya 2026\u2019n\u0131n ilk yar\u0131s\u0131nda gelece\u011fini ifade etti. Bursa B\u00fcy\u00fck\u015fehir Belediyesi Genel Sekreter Yard\u0131mc\u0131s\u0131 Mehmet T\u00f6z\u00fcn Bing\u00f6l ise \u201cBursa Teknik \u00dcniversitesi genel anlam\u0131yla dinamik ve \u00f6\u011frencilerini \u00e7al\u0131\u015fma hayat\u0131na empoze olabilecek \u015fekilde yeti\u015ftiriyor, bu anlamda \u00fcniversitemizi kutluyorum. Bug\u00fcn ger\u00e7ekle\u015ftirilen etkinlik, \u00f6\u011frencilerin multidispliner \u00e7al\u0131\u015fmas\u0131n\u0131n altl\u0131\u011f\u0131n\u0131 olu\u015fturuyor. Dolay\u0131s\u0131yla B\u00fcy\u00fck\u015fehir Belediyesi olarak her zaman \u00f6\u011frencilerimiz destekliyoruz\u201d diye konu\u015ftu. Peyzaj Mimarlar\u0131 Odas\u0131 Bursa \u015eube Ba\u015fkan\u0131 Zehra Candan \u00c7ak\u0131r, oda olarak akademi ile i\u00e7 i\u00e7e \u00f6\u011frenciler ile yan yana y\u00fcr\u00fcmeye \u00f6nem verdiklerini vurgulad\u0131. YOSH\u0130NOR\u0130 MOR\u0130WAK\u0130: DEPREM \u00d6L\u00dcMLER\u0130NDE T\u00dcRK\u0130YE D\u00dcNYA\u2019DA \u00dc\u00c7\u00dcNC\u00dc SIRADA A\u00e7\u0131l\u0131\u015f konu\u015fmalar\u0131n\u0131n ard\u0131ndan Japon Deprem Uzman\u0131 Yoshinori Moriwaki, \u201c\u0130ki \u00fclkenin Deprem \u00f6nleme farkl\u0131l\u0131klar\u0131\u201d \u00fczerine sunumunu ger\u00e7ekle\u015ftirdi. Deprem konusunda T\u00fcrkiye ve Japonya\u2019y\u0131 kar\u015f\u0131la\u015ft\u0131ran Yoshinori Moriwaki, T\u00fcrkiye\u2019de 6, Japonya\u2019da ise 4 deprem levhas\u0131n\u0131n oldu\u011funu s\u00f6yledi. T\u00fcrkiye tarihinde en b\u00fcy\u00fck depremin 7.9 \u015fiddeti ile Erzincan depremi oldu\u011funu belirten Moriwaki, Japonya\u2019da ise 9 \u015fiddetini g\u00f6ren depremin ya\u015fand\u0131\u011f\u0131n\u0131 s\u00f6yledi. Buna &hellip;","og_url":"https:\/\/denizcankizil.tr\/ru\/haberler\/gundem\/bursa-teknik-universitesinde-modern-yapi-zirvesi\/","og_site_name":"Av. Deniz Can K\u0131z\u0131l","article_published_time":"2025-05-27T14:43:08+00:00","author":"admin","twitter_card":"summary_large_image","twitter_misc":{"\u041d\u0430\u043f\u0438\u0441\u0430\u043d\u043e \u0430\u0432\u0442\u043e\u0440\u043e\u043c":"admin","\u041f\u0440\u0438\u043c\u0435\u0440\u043d\u043e\u0435 \u0432\u0440\u0435\u043c\u044f \u0434\u043b\u044f \u0447\u0442\u0435\u043d\u0438\u044f":"10 \u043c\u0438\u043d\u0443\u0442"},"schema":{"@context":"https:\/\/schema.org","@graph":[{"@type":"Article","@id":"https:\/\/denizcankizil.tr\/ru\/haberler\/gundem\/bursa-teknik-universitesinde-modern-yapi-zirvesi\/#article","isPartOf":{"@id":"https:\/\/denizcankizil.tr\/ru\/haberler\/gundem\/bursa-teknik-universitesinde-modern-yapi-zirvesi\/"},"author":{"name":"admin","@id":"https:\/\/denizcankizil.tr\/#\/schema\/person\/be3c05fe6a12686905512445d8185489"},"headline":"Bursa Teknik \u00dcniversitesi\u2019nde modern yap\u0131 zirvesi","datePublished":"2025-05-27T14:43:08+00:00","mainEntityOfPage":{"@id":"https:\/\/denizcankizil.tr\/ru\/haberler\/gundem\/bursa-teknik-universitesinde-modern-yapi-zirvesi\/"},"wordCount":1945,"publisher":{"@id":"https:\/\/denizcankizil.tr\/#organization"},"articleSection":["G\u00fcndem"],"inLanguage":"ru-RU"},{"@type":"WebPage","@id":"https:\/\/denizcankizil.tr\/ru\/haberler\/gundem\/bursa-teknik-universitesinde-modern-yapi-zirvesi\/","url":"https:\/\/denizcankizil.tr\/ru\/haberler\/gundem\/bursa-teknik-universitesinde-modern-yapi-zirvesi\/","name":"Bursa Teknik \u00dcniversitesi\u2019nde modern yap\u0131 zirvesi - Av. Deniz Can K\u0131z\u0131l","isPartOf":{"@id":"https:\/\/denizcankizil.tr\/#website"},"datePublished":"2025-05-27T14:43:08+00:00","breadcrumb":{"@id":"https:\/\/denizcankizil.tr\/ru\/haberler\/gundem\/bursa-teknik-universitesinde-modern-yapi-zirvesi\/#breadcrumb"},"inLanguage":"ru-RU","potentialAction":[{"@type":"ReadAction","target":["https:\/\/denizcankizil.tr\/ru\/haberler\/gundem\/bursa-teknik-universitesinde-modern-yapi-zirvesi\/"]}]},{"@type":"BreadcrumbList","@id":"https:\/\/denizcankizil.tr\/ru\/haberler\/gundem\/bursa-teknik-universitesinde-modern-yapi-zirvesi\/#breadcrumb","itemListElement":[{"@type":"ListItem","position":1,"name":"Home","item":"https:\/\/denizcankizil.tr\/uk\/"},{"@type":"ListItem","position":2,"name":"Bursa Teknik \u00dcniversitesi\u2019nde modern yap\u0131 zirvesi"}]},{"@type":"WebSite","@id":"https:\/\/denizcankizil.tr\/#website","url":"https:\/\/denizcankizil.tr\/","name":"Av. Deniz Can K\u0131z\u0131l","description":"Avukat Deniz Can K\u0131z\u0131l Antalya Barosu","publisher":{"@id":"https:\/\/denizcankizil.tr\/#organization"},"potentialAction":[{"@type":"SearchAction","target":{"@type":"EntryPoint","urlTemplate":"https:\/\/denizcankizil.tr\/?s={search_term_string}"},"query-input":{"@type":"PropertyValueSpecification","valueRequired":true,"valueName":"search_term_string"}}],"inLanguage":"ru-RU"},{"@type":"Organization","@id":"https:\/\/denizcankizil.tr\/#organization","name":"Av. Deniz Can K\u0131z\u0131l","url":"https:\/\/denizcankizil.tr\/","logo":{"@type":"ImageObject","inLanguage":"ru-RU","@id":"https:\/\/denizcankizil.tr\/#\/schema\/logo\/image\/","url":"https:\/\/denizcankizil.tr\/wp-content\/uploads\/2024\/10\/siyah-logo-svg.svg","contentUrl":"https:\/\/denizcankizil.tr\/wp-content\/uploads\/2024\/10\/siyah-logo-svg.svg","width":1080,"height":1080,"caption":"Av. Deniz Can K\u0131z\u0131l"},"image":{"@id":"https:\/\/denizcankizil.tr\/#\/schema\/logo\/image\/"}},{"@type":"Person","@id":"https:\/\/denizcankizil.tr\/#\/schema\/person\/be3c05fe6a12686905512445d8185489","name":"\u0430\u0434\u043c\u0438\u043d","image":{"@type":"ImageObject","inLanguage":"ru-RU","@id":"https:\/\/denizcankizil.tr\/#\/schema\/person\/image\/","url":"https:\/\/secure.gravatar.com\/avatar\/c1fce94c830dc79107e174f890d7210541c4a63e8e5d816341794a2151c9d58c?s=96&d=mm&r=g","contentUrl":"https:\/\/secure.gravatar.com\/avatar\/c1fce94c830dc79107e174f890d7210541c4a63e8e5d816341794a2151c9d58c?s=96&d=mm&r=g","caption":"admin"},"sameAs":["http:\/\/denizcankizil.tr"],"url":"https:\/\/www.iskenderun.org\/bursa-teknik-universitesinde-modern-yapi-zirvesi"}]}},"_links":{"self":[{"href":"https:\/\/denizcankizil.tr\/ru\/wp-json\/wp\/v2\/posts\/98610","targetHints":{"allow":["GET"]}}],"collection":[{"href":"https:\/\/denizcankizil.tr\/ru\/wp-json\/wp\/v2\/posts"}],"about":[{"href":"https:\/\/denizcankizil.tr\/ru\/wp-json\/wp\/v2\/types\/post"}],"author":[{"embeddable":true,"href":"https:\/\/denizcankizil.tr\/ru\/wp-json\/wp\/v2\/users\/1"}],"replies":[{"embeddable":true,"href":"https:\/\/denizcankizil.tr\/ru\/wp-json\/wp\/v2\/comments?post=98610"}],"version-history":[{"count":0,"href":"https:\/\/denizcankizil.tr\/ru\/wp-json\/wp\/v2\/posts\/98610\/revisions"}],"wp:attachment":[{"href":"https:\/\/denizcankizil.tr\/ru\/wp-json\/wp\/v2\/media?parent=98610"}],"wp:term":[{"taxonomy":"category","embeddable":true,"href":"https:\/\/denizcankizil.tr\/ru\/wp-json\/wp\/v2\/categories?post=98610"},{"taxonomy":"post_tag","embeddable":true,"href":"https:\/\/denizcankizil.tr\/ru\/wp-json\/wp\/v2\/tags?post=98610"}],"curies":[{"name":"wp","href":"https:\/\/api.w.org\/{rel}","templated":true}]}}