{"id":98513,"date":"2025-05-27T15:42:44","date_gmt":"2025-05-27T12:42:44","guid":{"rendered":"https:\/\/denizcankizil.tr\/uncategorized-tr\/bedia-muvahhit-tiyatro-odullerinde-manisa-buyuksehire-buyuk-onur\/"},"modified":"2025-05-27T15:42:44","modified_gmt":"2025-05-27T12:42:44","slug":"bedia-muvahhit-tiyatro-odullerinde-manisa-buyuksehire-buyuk-onur","status":"publish","type":"post","link":"https:\/\/denizcankizil.tr\/ru\/haberler\/gundem\/bedia-muvahhit-tiyatro-odullerinde-manisa-buyuksehire-buyuk-onur\/","title":{"rendered":"Bedia Muvahhit Tiyatro \u00d6d\u00fclleri\u2019nde Manisa B\u00fcy\u00fck\u015fehir\u2019e B\u00fcy\u00fck Onur"},"content":{"rendered":"<p>T\u00fcrk tiyatrosunun \u00f6nc\u00fcs\u00fc Bedia Muvahhit\u2019in an\u0131s\u0131n\u0131 ya\u015fatmak amac\u0131yla bu y\u0131l 13\u2019\u00fcnc\u00fcs\u00fc d\u00fczenlenen Bedia Muvahhit Tiyatro \u00d6d\u00fclleri, \u0130zmir\u2019de d\u00fczenlenen t\u00f6renle sahiplerini buldu.<\/p>\n<p>\u200bT\u00fcrk tiyatrosunun \u00f6nc\u00fcs\u00fc Bedia Muvahhit\u2019in an\u0131s\u0131n\u0131 ya\u015fatmak amac\u0131yla bu y\u0131l 13\u2019\u00fcnc\u00fcs\u00fc d\u00fczenlenen Bedia Muvahhit Tiyatro \u00d6d\u00fclleri, \u0130zmir\u2019de d\u00fczenlenen t\u00f6renle sahiplerini buldu.\u00a0<\/p>\n<p>\u200bHaberin Al\u0131nt\u0131land\u0131\u011f\u0131 Kaynak: www.iskenderun.org<\/p>","protected":false},"excerpt":{"rendered":"<p>T\u00fcrk tiyatrosunun \u00f6nc\u00fcs\u00fc Bedia Muvahhit\u2019in an\u0131s\u0131n\u0131 ya\u015fatmak amac\u0131yla bu y\u0131l 13\u2019\u00fcnc\u00fcs\u00fc d\u00fczenlenen Bedia Muvahhit Tiyatro \u00d6d\u00fclleri, \u0130zmir\u2019de d\u00fczenlenen t\u00f6renle sahiplerini buldu. \u200bT\u00fcrk tiyatrosunun \u00f6nc\u00fcs\u00fc Bedia Muvahhit\u2019in an\u0131s\u0131n\u0131 ya\u015fatmak amac\u0131yla bu y\u0131l 13\u2019\u00fcnc\u00fcs\u00fc d\u00fczenlenen Bedia Muvahhit Tiyatro \u00d6d\u00fclleri, \u0130zmir\u2019de d\u00fczenlenen t\u00f6renle sahiplerini buldu.\u00a0 \u200bHaberin Al\u0131nt\u0131land\u0131\u011f\u0131 Kaynak: www.iskenderun.org<\/p>","protected":false},"author":1,"featured_media":0,"comment_status":"","ping_status":"open","sticky":false,"template":"","format":"standard","meta":{"_acf_changed":false,"footnotes":""},"categories":[24],"tags":[],"class_list":["post-98513","post","type-post","status-publish","format-standard","has-post-thumbnail","hentry","category-gundem"],"acf":[],"yoast_head":"<!-- This site is optimized with the Yoast SEO Premium plugin v26.6 (Yoast SEO v27.1.1) - https:\/\/yoast.com\/product\/yoast-seo-premium-wordpress\/ -->\n<title>Bedia Muvahhit Tiyatro \u00d6d\u00fclleri\u2019nde Manisa B\u00fcy\u00fck\u015fehir\u2019e B\u00fcy\u00fck Onur - Av. Deniz Can K\u0131z\u0131l<\/title>\n<meta name=\"robots\" content=\"index, follow, max-snippet:-1, max-image-preview:large, max-video-preview:-1\" \/>\n<link rel=\"canonical\" href=\"https:\/\/denizcankizil.tr\/ru\/haberler\/gundem\/bedia-muvahhit-tiyatro-odullerinde-manisa-buyuksehire-buyuk-onur\/\" \/>\n<meta property=\"og:locale\" content=\"ru_RU\" \/>\n<meta property=\"og:type\" content=\"article\" \/>\n<meta property=\"og:title\" content=\"Bedia Muvahhit Tiyatro \u00d6d\u00fclleri\u2019nde Manisa B\u00fcy\u00fck\u015fehir\u2019e B\u00fcy\u00fck Onur\" \/>\n<meta property=\"og:description\" content=\"T\u00fcrk tiyatrosunun \u00f6nc\u00fcs\u00fc Bedia Muvahhit\u2019in an\u0131s\u0131n\u0131 ya\u015fatmak amac\u0131yla bu y\u0131l 13\u2019\u00fcnc\u00fcs\u00fc d\u00fczenlenen Bedia Muvahhit Tiyatro \u00d6d\u00fclleri, \u0130zmir\u2019de d\u00fczenlenen t\u00f6renle sahiplerini buldu. \u200bT\u00fcrk tiyatrosunun \u00f6nc\u00fcs\u00fc Bedia Muvahhit\u2019in an\u0131s\u0131n\u0131 ya\u015fatmak amac\u0131yla bu y\u0131l 13\u2019\u00fcnc\u00fcs\u00fc d\u00fczenlenen Bedia Muvahhit Tiyatro \u00d6d\u00fclleri, \u0130zmir\u2019de d\u00fczenlenen t\u00f6renle sahiplerini buldu.\u00a0 \u200bHaberin Al\u0131nt\u0131land\u0131\u011f\u0131 Kaynak: www.iskenderun.org\" \/>\n<meta property=\"og:url\" content=\"https:\/\/denizcankizil.tr\/ru\/haberler\/gundem\/bedia-muvahhit-tiyatro-odullerinde-manisa-buyuksehire-buyuk-onur\/\" \/>\n<meta property=\"og:site_name\" content=\"Av. Deniz Can K\u0131z\u0131l\" \/>\n<meta property=\"article:published_time\" content=\"2025-05-27T12:42:44+00:00\" \/>\n<meta name=\"author\" content=\"admin\" \/>\n<meta name=\"twitter:card\" content=\"summary_large_image\" \/>\n<meta name=\"twitter:label1\" content=\"\u041d\u0430\u043f\u0438\u0441\u0430\u043d\u043e \u0430\u0432\u0442\u043e\u0440\u043e\u043c\" \/>\n\t<meta name=\"twitter:data1\" content=\"admin\" \/>\n<script type=\"application\/ld+json\" class=\"yoast-schema-graph\">{\"@context\":\"https:\/\/schema.org\",\"@graph\":[{\"@type\":\"Article\",\"@id\":\"https:\/\/denizcankizil.tr\/ru\/haberler\/gundem\/bedia-muvahhit-tiyatro-odullerinde-manisa-buyuksehire-buyuk-onur\/#article\",\"isPartOf\":{\"@id\":\"https:\/\/denizcankizil.tr\/ru\/haberler\/gundem\/bedia-muvahhit-tiyatro-odullerinde-manisa-buyuksehire-buyuk-onur\/\"},\"author\":{\"name\":\"admin\",\"@id\":\"https:\/\/denizcankizil.tr\/de\/#\/schema\/person\/be3c05fe6a12686905512445d8185489\"},\"headline\":\"Bedia Muvahhit Tiyatro \u00d6d\u00fclleri\u2019nde Manisa B\u00fcy\u00fck\u015fehir\u2019e B\u00fcy\u00fck Onur\",\"datePublished\":\"2025-05-27T12:42:44+00:00\",\"mainEntityOfPage\":{\"@id\":\"https:\/\/denizcankizil.tr\/ru\/haberler\/gundem\/bedia-muvahhit-tiyatro-odullerinde-manisa-buyuksehire-buyuk-onur\/\"},\"wordCount\":94,\"publisher\":{\"@id\":\"https:\/\/denizcankizil.tr\/de\/#organization\"},\"articleSection\":[\"G\u00fcndem\"],\"inLanguage\":\"ru-RU\"},{\"@type\":\"WebPage\",\"@id\":\"https:\/\/denizcankizil.tr\/ru\/haberler\/gundem\/bedia-muvahhit-tiyatro-odullerinde-manisa-buyuksehire-buyuk-onur\/\",\"url\":\"https:\/\/denizcankizil.tr\/ru\/haberler\/gundem\/bedia-muvahhit-tiyatro-odullerinde-manisa-buyuksehire-buyuk-onur\/\",\"name\":\"Bedia Muvahhit Tiyatro \u00d6d\u00fclleri\u2019nde Manisa B\u00fcy\u00fck\u015fehir\u2019e B\u00fcy\u00fck Onur - Av. Deniz Can K\u0131z\u0131l\",\"isPartOf\":{\"@id\":\"https:\/\/denizcankizil.tr\/de\/#website\"},\"datePublished\":\"2025-05-27T12:42:44+00:00\",\"breadcrumb\":{\"@id\":\"https:\/\/denizcankizil.tr\/ru\/haberler\/gundem\/bedia-muvahhit-tiyatro-odullerinde-manisa-buyuksehire-buyuk-onur\/#breadcrumb\"},\"inLanguage\":\"ru-RU\",\"potentialAction\":[{\"@type\":\"ReadAction\",\"target\":[\"https:\/\/denizcankizil.tr\/ru\/haberler\/gundem\/bedia-muvahhit-tiyatro-odullerinde-manisa-buyuksehire-buyuk-onur\/\"]}]},{\"@type\":\"BreadcrumbList\",\"@id\":\"https:\/\/denizcankizil.tr\/ru\/haberler\/gundem\/bedia-muvahhit-tiyatro-odullerinde-manisa-buyuksehire-buyuk-onur\/#breadcrumb\",\"itemListElement\":[{\"@type\":\"ListItem\",\"position\":1,\"name\":\"Home\",\"item\":\"https:\/\/denizcankizil.tr\/de\/\"},{\"@type\":\"ListItem\",\"position\":2,\"name\":\"Bedia Muvahhit Tiyatro \u00d6d\u00fclleri\u2019nde Manisa B\u00fcy\u00fck\u015fehir\u2019e B\u00fcy\u00fck Onur\"}]},{\"@type\":\"WebSite\",\"@id\":\"https:\/\/denizcankizil.tr\/de\/#website\",\"url\":\"https:\/\/denizcankizil.tr\/de\/\",\"name\":\"Av. Deniz Can K\u0131z\u0131l\",\"description\":\"Avukat Deniz Can K\u0131z\u0131l Antalya Barosu\",\"publisher\":{\"@id\":\"https:\/\/denizcankizil.tr\/de\/#organization\"},\"potentialAction\":[{\"@type\":\"SearchAction\",\"target\":{\"@type\":\"EntryPoint\",\"urlTemplate\":\"https:\/\/denizcankizil.tr\/de\/?s={search_term_string}\"},\"query-input\":{\"@type\":\"PropertyValueSpecification\",\"valueRequired\":true,\"valueName\":\"search_term_string\"}}],\"inLanguage\":\"ru-RU\"},{\"@type\":\"Organization\",\"@id\":\"https:\/\/denizcankizil.tr\/de\/#organization\",\"name\":\"Av. Deniz Can K\u0131z\u0131l\",\"url\":\"https:\/\/denizcankizil.tr\/de\/\",\"logo\":{\"@type\":\"ImageObject\",\"inLanguage\":\"ru-RU\",\"@id\":\"https:\/\/denizcankizil.tr\/de\/#\/schema\/logo\/image\/\",\"url\":\"https:\/\/denizcankizil.tr\/wp-content\/uploads\/2024\/10\/siyah-logo-svg.svg\",\"contentUrl\":\"https:\/\/denizcankizil.tr\/wp-content\/uploads\/2024\/10\/siyah-logo-svg.svg\",\"width\":1080,\"height\":1080,\"caption\":\"Av. Deniz Can K\u0131z\u0131l\"},\"image\":{\"@id\":\"https:\/\/denizcankizil.tr\/de\/#\/schema\/logo\/image\/\"}},{\"@type\":\"Person\",\"@id\":\"https:\/\/denizcankizil.tr\/de\/#\/schema\/person\/be3c05fe6a12686905512445d8185489\",\"name\":\"admin\",\"image\":{\"@type\":\"ImageObject\",\"inLanguage\":\"ru-RU\",\"@id\":\"https:\/\/denizcankizil.tr\/de\/#\/schema\/person\/image\/\",\"url\":\"https:\/\/secure.gravatar.com\/avatar\/c1fce94c830dc79107e174f890d7210541c4a63e8e5d816341794a2151c9d58c?s=96&d=mm&r=g\",\"contentUrl\":\"https:\/\/secure.gravatar.com\/avatar\/c1fce94c830dc79107e174f890d7210541c4a63e8e5d816341794a2151c9d58c?s=96&d=mm&r=g\",\"caption\":\"admin\"},\"sameAs\":[\"http:\/\/denizcankizil.tr\"],\"url\":\"https:\/\/www.iskenderun.org\/bedia-muvahhit-tiyatro-odullerinde-manisa-buyuksehire-buyuk-onur\"}]}<\/script>\n<!-- \/ Yoast SEO Premium plugin. -->","yoast_head_json":{"title":"Bedia Muvahhit Tiyatro \u00d6d\u00fclleri\u2019nde Manisa B\u00fcy\u00fck\u015fehir\u2019e B\u00fcy\u00fck Onur - Av. Deniz Can K\u0131z\u0131l","robots":{"index":"index","follow":"follow","max-snippet":"max-snippet:-1","max-image-preview":"max-image-preview:large","max-video-preview":"max-video-preview:-1"},"canonical":"https:\/\/denizcankizil.tr\/ru\/haberler\/gundem\/bedia-muvahhit-tiyatro-odullerinde-manisa-buyuksehire-buyuk-onur\/","og_locale":"ru_RU","og_type":"article","og_title":"Bedia Muvahhit Tiyatro \u00d6d\u00fclleri\u2019nde Manisa B\u00fcy\u00fck\u015fehir\u2019e B\u00fcy\u00fck Onur","og_description":"T\u00fcrk tiyatrosunun \u00f6nc\u00fcs\u00fc Bedia Muvahhit\u2019in an\u0131s\u0131n\u0131 ya\u015fatmak amac\u0131yla bu y\u0131l 13\u2019\u00fcnc\u00fcs\u00fc d\u00fczenlenen Bedia Muvahhit Tiyatro \u00d6d\u00fclleri, \u0130zmir\u2019de d\u00fczenlenen t\u00f6renle sahiplerini buldu. \u200bT\u00fcrk tiyatrosunun \u00f6nc\u00fcs\u00fc Bedia Muvahhit\u2019in an\u0131s\u0131n\u0131 ya\u015fatmak amac\u0131yla bu y\u0131l 13\u2019\u00fcnc\u00fcs\u00fc d\u00fczenlenen Bedia Muvahhit Tiyatro \u00d6d\u00fclleri, \u0130zmir\u2019de d\u00fczenlenen t\u00f6renle sahiplerini buldu.\u00a0 \u200bHaberin Al\u0131nt\u0131land\u0131\u011f\u0131 Kaynak: www.iskenderun.org","og_url":"https:\/\/denizcankizil.tr\/ru\/haberler\/gundem\/bedia-muvahhit-tiyatro-odullerinde-manisa-buyuksehire-buyuk-onur\/","og_site_name":"Av. Deniz Can K\u0131z\u0131l","article_published_time":"2025-05-27T12:42:44+00:00","author":"admin","twitter_card":"summary_large_image","twitter_misc":{"\u041d\u0430\u043f\u0438\u0441\u0430\u043d\u043e \u0430\u0432\u0442\u043e\u0440\u043e\u043c":"admin"},"schema":{"@context":"https:\/\/schema.org","@graph":[{"@type":"Article","@id":"https:\/\/denizcankizil.tr\/ru\/haberler\/gundem\/bedia-muvahhit-tiyatro-odullerinde-manisa-buyuksehire-buyuk-onur\/#article","isPartOf":{"@id":"https:\/\/denizcankizil.tr\/ru\/haberler\/gundem\/bedia-muvahhit-tiyatro-odullerinde-manisa-buyuksehire-buyuk-onur\/"},"author":{"name":"admin","@id":"https:\/\/denizcankizil.tr\/de\/#\/schema\/person\/be3c05fe6a12686905512445d8185489"},"headline":"Bedia Muvahhit Tiyatro \u00d6d\u00fclleri\u2019nde Manisa B\u00fcy\u00fck\u015fehir\u2019e B\u00fcy\u00fck Onur","datePublished":"2025-05-27T12:42:44+00:00","mainEntityOfPage":{"@id":"https:\/\/denizcankizil.tr\/ru\/haberler\/gundem\/bedia-muvahhit-tiyatro-odullerinde-manisa-buyuksehire-buyuk-onur\/"},"wordCount":94,"publisher":{"@id":"https:\/\/denizcankizil.tr\/de\/#organization"},"articleSection":["G\u00fcndem"],"inLanguage":"ru-RU"},{"@type":"WebPage","@id":"https:\/\/denizcankizil.tr\/ru\/haberler\/gundem\/bedia-muvahhit-tiyatro-odullerinde-manisa-buyuksehire-buyuk-onur\/","url":"https:\/\/denizcankizil.tr\/ru\/haberler\/gundem\/bedia-muvahhit-tiyatro-odullerinde-manisa-buyuksehire-buyuk-onur\/","name":"Bedia Muvahhit Tiyatro \u00d6d\u00fclleri\u2019nde Manisa B\u00fcy\u00fck\u015fehir\u2019e B\u00fcy\u00fck Onur - Av. Deniz Can K\u0131z\u0131l","isPartOf":{"@id":"https:\/\/denizcankizil.tr\/de\/#website"},"datePublished":"2025-05-27T12:42:44+00:00","breadcrumb":{"@id":"https:\/\/denizcankizil.tr\/ru\/haberler\/gundem\/bedia-muvahhit-tiyatro-odullerinde-manisa-buyuksehire-buyuk-onur\/#breadcrumb"},"inLanguage":"ru-RU","potentialAction":[{"@type":"ReadAction","target":["https:\/\/denizcankizil.tr\/ru\/haberler\/gundem\/bedia-muvahhit-tiyatro-odullerinde-manisa-buyuksehire-buyuk-onur\/"]}]},{"@type":"BreadcrumbList","@id":"https:\/\/denizcankizil.tr\/ru\/haberler\/gundem\/bedia-muvahhit-tiyatro-odullerinde-manisa-buyuksehire-buyuk-onur\/#breadcrumb","itemListElement":[{"@type":"ListItem","position":1,"name":"Home","item":"https:\/\/denizcankizil.tr\/de\/"},{"@type":"ListItem","position":2,"name":"Bedia Muvahhit Tiyatro \u00d6d\u00fclleri\u2019nde Manisa B\u00fcy\u00fck\u015fehir\u2019e B\u00fcy\u00fck Onur"}]},{"@type":"WebSite","@id":"https:\/\/denizcankizil.tr\/de\/#website","url":"https:\/\/denizcankizil.tr\/de\/","name":"Av. Deniz Can K\u0131z\u0131l","description":"Avukat Deniz Can K\u0131z\u0131l Antalya Barosu","publisher":{"@id":"https:\/\/denizcankizil.tr\/de\/#organization"},"potentialAction":[{"@type":"SearchAction","target":{"@type":"EntryPoint","urlTemplate":"https:\/\/denizcankizil.tr\/de\/?s={search_term_string}"},"query-input":{"@type":"PropertyValueSpecification","valueRequired":true,"valueName":"search_term_string"}}],"inLanguage":"ru-RU"},{"@type":"Organization","@id":"https:\/\/denizcankizil.tr\/de\/#organization","name":"Av. Deniz Can K\u0131z\u0131l","url":"https:\/\/denizcankizil.tr\/de\/","logo":{"@type":"ImageObject","inLanguage":"ru-RU","@id":"https:\/\/denizcankizil.tr\/de\/#\/schema\/logo\/image\/","url":"https:\/\/denizcankizil.tr\/wp-content\/uploads\/2024\/10\/siyah-logo-svg.svg","contentUrl":"https:\/\/denizcankizil.tr\/wp-content\/uploads\/2024\/10\/siyah-logo-svg.svg","width":1080,"height":1080,"caption":"Av. Deniz Can K\u0131z\u0131l"},"image":{"@id":"https:\/\/denizcankizil.tr\/de\/#\/schema\/logo\/image\/"}},{"@type":"Person","@id":"https:\/\/denizcankizil.tr\/de\/#\/schema\/person\/be3c05fe6a12686905512445d8185489","name":"\u0430\u0434\u043c\u0438\u043d","image":{"@type":"ImageObject","inLanguage":"ru-RU","@id":"https:\/\/denizcankizil.tr\/de\/#\/schema\/person\/image\/","url":"https:\/\/secure.gravatar.com\/avatar\/c1fce94c830dc79107e174f890d7210541c4a63e8e5d816341794a2151c9d58c?s=96&d=mm&r=g","contentUrl":"https:\/\/secure.gravatar.com\/avatar\/c1fce94c830dc79107e174f890d7210541c4a63e8e5d816341794a2151c9d58c?s=96&d=mm&r=g","caption":"admin"},"sameAs":["http:\/\/denizcankizil.tr"],"url":"https:\/\/www.iskenderun.org\/bedia-muvahhit-tiyatro-odullerinde-manisa-buyuksehire-buyuk-onur"}]}},"_links":{"self":[{"href":"https:\/\/denizcankizil.tr\/ru\/wp-json\/wp\/v2\/posts\/98513","targetHints":{"allow":["GET"]}}],"collection":[{"href":"https:\/\/denizcankizil.tr\/ru\/wp-json\/wp\/v2\/posts"}],"about":[{"href":"https:\/\/denizcankizil.tr\/ru\/wp-json\/wp\/v2\/types\/post"}],"author":[{"embeddable":true,"href":"https:\/\/denizcankizil.tr\/ru\/wp-json\/wp\/v2\/users\/1"}],"replies":[{"embeddable":true,"href":"https:\/\/denizcankizil.tr\/ru\/wp-json\/wp\/v2\/comments?post=98513"}],"version-history":[{"count":0,"href":"https:\/\/denizcankizil.tr\/ru\/wp-json\/wp\/v2\/posts\/98513\/revisions"}],"wp:attachment":[{"href":"https:\/\/denizcankizil.tr\/ru\/wp-json\/wp\/v2\/media?parent=98513"}],"wp:term":[{"taxonomy":"category","embeddable":true,"href":"https:\/\/denizcankizil.tr\/ru\/wp-json\/wp\/v2\/categories?post=98513"},{"taxonomy":"post_tag","embeddable":true,"href":"https:\/\/denizcankizil.tr\/ru\/wp-json\/wp\/v2\/tags?post=98513"}],"curies":[{"name":"wp","href":"https:\/\/api.w.org\/{rel}","templated":true}]}}