{"id":98512,"date":"2025-05-27T15:42:42","date_gmt":"2025-05-27T12:42:42","guid":{"rendered":"https:\/\/denizcankizil.tr\/uncategorized-tr\/bilge-nesil-ile-doganin-kucaginca-harika-bir-piknik\/"},"modified":"2025-05-27T15:42:42","modified_gmt":"2025-05-27T12:42:42","slug":"bilge-nesil-ile-doganin-kucaginca-harika-bir-piknik","status":"publish","type":"post","link":"https:\/\/denizcankizil.tr\/ru\/haberler\/gundem\/bilge-nesil-ile-doganin-kucaginca-harika-bir-piknik\/","title":{"rendered":"Bilge Nesil ile Do\u011fan\u0131n Kuca\u011f\u0131nca Harika Bir Piknik..!"},"content":{"rendered":"<p>Zeytinburnu Bilgi Evleri\u2019nin, toplum i\u00e7erisinde \u00f6zg\u00fcveni y\u00fcksek, donan\u0131ml\u0131, kendisine ve ailesine kar\u015f\u0131 sorumlu, ya\u015fad\u0131\u011f\u0131 \u00e7evreye duyarl\u0131 manevi ve k\u00fclt\u00fcrel de\u011ferlerini benimseyen bireyler yeti\u015ftirmeyi hedefleyen Bilge Nesil projesine d\u00fczenlenen bir piknik organizasyonuyla yaz d\u00f6nemi boyunca s\u00fcrecek k\u0131sa bir ara verildi.<\/p>\n<p>\u200bZeytinburnu Bilgi Evleri\u2019nin, toplum i\u00e7erisinde \u00f6zg\u00fcveni y\u00fcksek, donan\u0131ml\u0131, kendisine ve ailesine kar\u015f\u0131 sorumlu, ya\u015fad\u0131\u011f\u0131 \u00e7evreye duyarl\u0131 manevi ve k\u00fclt\u00fcrel de\u011ferlerini benimseyen bireyler yeti\u015ftirmeyi hedefleyen Bilge Nesil projesine d\u00fczenlenen bir piknik organizasyonuyla yaz d\u00f6nemi boyunca s\u00fcrecek k\u0131sa bir ara verildi.\u00a0<\/p>\n<p>\u200bHaberin Al\u0131nt\u0131land\u0131\u011f\u0131 Kaynak: www.iskenderun.org<\/p>","protected":false},"excerpt":{"rendered":"<p>Zeytinburnu Bilgi Evleri\u2019nin, toplum i\u00e7erisinde \u00f6zg\u00fcveni y\u00fcksek, donan\u0131ml\u0131, kendisine ve ailesine kar\u015f\u0131 sorumlu, ya\u015fad\u0131\u011f\u0131 \u00e7evreye duyarl\u0131 manevi ve k\u00fclt\u00fcrel de\u011ferlerini benimseyen bireyler yeti\u015ftirmeyi hedefleyen Bilge Nesil projesine d\u00fczenlenen bir piknik organizasyonuyla yaz d\u00f6nemi boyunca s\u00fcrecek k\u0131sa bir ara verildi. \u200bZeytinburnu Bilgi Evleri\u2019nin, toplum i\u00e7erisinde \u00f6zg\u00fcveni y\u00fcksek, donan\u0131ml\u0131, kendisine ve ailesine kar\u015f\u0131 sorumlu, ya\u015fad\u0131\u011f\u0131 \u00e7evreye duyarl\u0131 manevi ve k\u00fclt\u00fcrel de\u011ferlerini benimseyen bireyler yeti\u015ftirmeyi hedefleyen Bilge Nesil projesine d\u00fczenlenen bir piknik organizasyonuyla yaz d\u00f6nemi boyunca s\u00fcrecek k\u0131sa bir ara verildi.\u00a0 \u200bHaberin Al\u0131nt\u0131land\u0131\u011f\u0131 Kaynak: www.iskenderun.org<\/p>","protected":false},"author":1,"featured_media":0,"comment_status":"","ping_status":"open","sticky":false,"template":"","format":"standard","meta":{"_acf_changed":false,"footnotes":""},"categories":[24],"tags":[],"class_list":["post-98512","post","type-post","status-publish","format-standard","has-post-thumbnail","hentry","category-gundem"],"acf":[],"yoast_head":"<!-- This site is optimized with the Yoast SEO Premium plugin v26.6 (Yoast SEO v27.1.1) - https:\/\/yoast.com\/product\/yoast-seo-premium-wordpress\/ -->\n<title>Bilge Nesil ile Do\u011fan\u0131n Kuca\u011f\u0131nca Harika Bir Piknik..! - Av. Deniz Can K\u0131z\u0131l<\/title>\n<meta name=\"robots\" content=\"index, follow, max-snippet:-1, max-image-preview:large, max-video-preview:-1\" \/>\n<link rel=\"canonical\" href=\"https:\/\/denizcankizil.tr\/ru\/haberler\/gundem\/bilge-nesil-ile-doganin-kucaginca-harika-bir-piknik\/\" \/>\n<meta property=\"og:locale\" content=\"ru_RU\" \/>\n<meta property=\"og:type\" content=\"article\" \/>\n<meta property=\"og:title\" content=\"Bilge Nesil ile Do\u011fan\u0131n Kuca\u011f\u0131nca Harika Bir Piknik..!\" \/>\n<meta property=\"og:description\" content=\"Zeytinburnu Bilgi Evleri\u2019nin, toplum i\u00e7erisinde \u00f6zg\u00fcveni y\u00fcksek, donan\u0131ml\u0131, kendisine ve ailesine kar\u015f\u0131 sorumlu, ya\u015fad\u0131\u011f\u0131 \u00e7evreye duyarl\u0131 manevi ve k\u00fclt\u00fcrel de\u011ferlerini benimseyen bireyler yeti\u015ftirmeyi hedefleyen Bilge Nesil projesine d\u00fczenlenen bir piknik organizasyonuyla yaz d\u00f6nemi boyunca s\u00fcrecek k\u0131sa bir ara verildi. \u200bZeytinburnu Bilgi Evleri\u2019nin, toplum i\u00e7erisinde \u00f6zg\u00fcveni y\u00fcksek, donan\u0131ml\u0131, kendisine ve ailesine kar\u015f\u0131 sorumlu, ya\u015fad\u0131\u011f\u0131 \u00e7evreye duyarl\u0131 manevi ve k\u00fclt\u00fcrel de\u011ferlerini benimseyen bireyler yeti\u015ftirmeyi hedefleyen Bilge Nesil projesine d\u00fczenlenen bir piknik organizasyonuyla yaz d\u00f6nemi boyunca s\u00fcrecek k\u0131sa bir ara verildi.\u00a0 \u200bHaberin Al\u0131nt\u0131land\u0131\u011f\u0131 Kaynak: www.iskenderun.org\" \/>\n<meta property=\"og:url\" content=\"https:\/\/denizcankizil.tr\/ru\/haberler\/gundem\/bilge-nesil-ile-doganin-kucaginca-harika-bir-piknik\/\" \/>\n<meta property=\"og:site_name\" content=\"Av. Deniz Can K\u0131z\u0131l\" \/>\n<meta property=\"article:published_time\" content=\"2025-05-27T12:42:42+00:00\" \/>\n<meta name=\"author\" content=\"admin\" \/>\n<meta name=\"twitter:card\" content=\"summary_large_image\" \/>\n<meta name=\"twitter:label1\" content=\"\u041d\u0430\u043f\u0438\u0441\u0430\u043d\u043e \u0430\u0432\u0442\u043e\u0440\u043e\u043c\" \/>\n\t<meta name=\"twitter:data1\" content=\"admin\" \/>\n\t<meta name=\"twitter:label2\" content=\"\u041f\u0440\u0438\u043c\u0435\u0440\u043d\u043e\u0435 \u0432\u0440\u0435\u043c\u044f \u0434\u043b\u044f \u0447\u0442\u0435\u043d\u0438\u044f\" \/>\n\t<meta name=\"twitter:data2\" content=\"1 \u043c\u0438\u043d\u0443\u0442\u0430\" \/>\n<script type=\"application\/ld+json\" class=\"yoast-schema-graph\">{\"@context\":\"https:\/\/schema.org\",\"@graph\":[{\"@type\":\"Article\",\"@id\":\"https:\/\/denizcankizil.tr\/ru\/haberler\/gundem\/bilge-nesil-ile-doganin-kucaginca-harika-bir-piknik\/#article\",\"isPartOf\":{\"@id\":\"https:\/\/denizcankizil.tr\/ru\/haberler\/gundem\/bilge-nesil-ile-doganin-kucaginca-harika-bir-piknik\/\"},\"author\":{\"name\":\"admin\",\"@id\":\"https:\/\/denizcankizil.tr\/de\/#\/schema\/person\/be3c05fe6a12686905512445d8185489\"},\"headline\":\"Bilge Nesil ile Do\u011fan\u0131n Kuca\u011f\u0131nca Harika Bir Piknik..!\",\"datePublished\":\"2025-05-27T12:42:42+00:00\",\"mainEntityOfPage\":{\"@id\":\"https:\/\/denizcankizil.tr\/ru\/haberler\/gundem\/bilge-nesil-ile-doganin-kucaginca-harika-bir-piknik\/\"},\"wordCount\":125,\"publisher\":{\"@id\":\"https:\/\/denizcankizil.tr\/de\/#organization\"},\"articleSection\":[\"G\u00fcndem\"],\"inLanguage\":\"ru-RU\"},{\"@type\":\"WebPage\",\"@id\":\"https:\/\/denizcankizil.tr\/ru\/haberler\/gundem\/bilge-nesil-ile-doganin-kucaginca-harika-bir-piknik\/\",\"url\":\"https:\/\/denizcankizil.tr\/ru\/haberler\/gundem\/bilge-nesil-ile-doganin-kucaginca-harika-bir-piknik\/\",\"name\":\"Bilge Nesil ile Do\u011fan\u0131n Kuca\u011f\u0131nca Harika Bir Piknik..! - Av. Deniz Can K\u0131z\u0131l\",\"isPartOf\":{\"@id\":\"https:\/\/denizcankizil.tr\/de\/#website\"},\"datePublished\":\"2025-05-27T12:42:42+00:00\",\"breadcrumb\":{\"@id\":\"https:\/\/denizcankizil.tr\/ru\/haberler\/gundem\/bilge-nesil-ile-doganin-kucaginca-harika-bir-piknik\/#breadcrumb\"},\"inLanguage\":\"ru-RU\",\"potentialAction\":[{\"@type\":\"ReadAction\",\"target\":[\"https:\/\/denizcankizil.tr\/ru\/haberler\/gundem\/bilge-nesil-ile-doganin-kucaginca-harika-bir-piknik\/\"]}]},{\"@type\":\"BreadcrumbList\",\"@id\":\"https:\/\/denizcankizil.tr\/ru\/haberler\/gundem\/bilge-nesil-ile-doganin-kucaginca-harika-bir-piknik\/#breadcrumb\",\"itemListElement\":[{\"@type\":\"ListItem\",\"position\":1,\"name\":\"Home\",\"item\":\"https:\/\/denizcankizil.tr\/de\/\"},{\"@type\":\"ListItem\",\"position\":2,\"name\":\"Bilge Nesil ile Do\u011fan\u0131n Kuca\u011f\u0131nca Harika Bir Piknik..!\"}]},{\"@type\":\"WebSite\",\"@id\":\"https:\/\/denizcankizil.tr\/de\/#website\",\"url\":\"https:\/\/denizcankizil.tr\/de\/\",\"name\":\"Av. Deniz Can K\u0131z\u0131l\",\"description\":\"Avukat Deniz Can K\u0131z\u0131l Antalya Barosu\",\"publisher\":{\"@id\":\"https:\/\/denizcankizil.tr\/de\/#organization\"},\"potentialAction\":[{\"@type\":\"SearchAction\",\"target\":{\"@type\":\"EntryPoint\",\"urlTemplate\":\"https:\/\/denizcankizil.tr\/de\/?s={search_term_string}\"},\"query-input\":{\"@type\":\"PropertyValueSpecification\",\"valueRequired\":true,\"valueName\":\"search_term_string\"}}],\"inLanguage\":\"ru-RU\"},{\"@type\":\"Organization\",\"@id\":\"https:\/\/denizcankizil.tr\/de\/#organization\",\"name\":\"Av. Deniz Can K\u0131z\u0131l\",\"url\":\"https:\/\/denizcankizil.tr\/de\/\",\"logo\":{\"@type\":\"ImageObject\",\"inLanguage\":\"ru-RU\",\"@id\":\"https:\/\/denizcankizil.tr\/de\/#\/schema\/logo\/image\/\",\"url\":\"https:\/\/denizcankizil.tr\/wp-content\/uploads\/2024\/10\/siyah-logo-svg.svg\",\"contentUrl\":\"https:\/\/denizcankizil.tr\/wp-content\/uploads\/2024\/10\/siyah-logo-svg.svg\",\"width\":1080,\"height\":1080,\"caption\":\"Av. Deniz Can K\u0131z\u0131l\"},\"image\":{\"@id\":\"https:\/\/denizcankizil.tr\/de\/#\/schema\/logo\/image\/\"}},{\"@type\":\"Person\",\"@id\":\"https:\/\/denizcankizil.tr\/de\/#\/schema\/person\/be3c05fe6a12686905512445d8185489\",\"name\":\"admin\",\"image\":{\"@type\":\"ImageObject\",\"inLanguage\":\"ru-RU\",\"@id\":\"https:\/\/denizcankizil.tr\/de\/#\/schema\/person\/image\/\",\"url\":\"https:\/\/secure.gravatar.com\/avatar\/c1fce94c830dc79107e174f890d7210541c4a63e8e5d816341794a2151c9d58c?s=96&d=mm&r=g\",\"contentUrl\":\"https:\/\/secure.gravatar.com\/avatar\/c1fce94c830dc79107e174f890d7210541c4a63e8e5d816341794a2151c9d58c?s=96&d=mm&r=g\",\"caption\":\"admin\"},\"sameAs\":[\"http:\/\/denizcankizil.tr\"],\"url\":\"https:\/\/www.iskenderun.org\/bilge-nesil-ile-doganin-kucaginca-harika-bir-piknik\"}]}<\/script>\n<!-- \/ Yoast SEO Premium plugin. -->","yoast_head_json":{"title":"Bilge Nesil ile Do\u011fan\u0131n Kuca\u011f\u0131nca Harika Bir Piknik..! - Av. Deniz Can K\u0131z\u0131l","robots":{"index":"index","follow":"follow","max-snippet":"max-snippet:-1","max-image-preview":"max-image-preview:large","max-video-preview":"max-video-preview:-1"},"canonical":"https:\/\/denizcankizil.tr\/ru\/haberler\/gundem\/bilge-nesil-ile-doganin-kucaginca-harika-bir-piknik\/","og_locale":"ru_RU","og_type":"article","og_title":"Bilge Nesil ile Do\u011fan\u0131n Kuca\u011f\u0131nca Harika Bir Piknik..!","og_description":"Zeytinburnu Bilgi Evleri\u2019nin, toplum i\u00e7erisinde \u00f6zg\u00fcveni y\u00fcksek, donan\u0131ml\u0131, kendisine ve ailesine kar\u015f\u0131 sorumlu, ya\u015fad\u0131\u011f\u0131 \u00e7evreye duyarl\u0131 manevi ve k\u00fclt\u00fcrel de\u011ferlerini benimseyen bireyler yeti\u015ftirmeyi hedefleyen Bilge Nesil projesine d\u00fczenlenen bir piknik organizasyonuyla yaz d\u00f6nemi boyunca s\u00fcrecek k\u0131sa bir ara verildi. \u200bZeytinburnu Bilgi Evleri\u2019nin, toplum i\u00e7erisinde \u00f6zg\u00fcveni y\u00fcksek, donan\u0131ml\u0131, kendisine ve ailesine kar\u015f\u0131 sorumlu, ya\u015fad\u0131\u011f\u0131 \u00e7evreye duyarl\u0131 manevi ve k\u00fclt\u00fcrel de\u011ferlerini benimseyen bireyler yeti\u015ftirmeyi hedefleyen Bilge Nesil projesine d\u00fczenlenen bir piknik organizasyonuyla yaz d\u00f6nemi boyunca s\u00fcrecek k\u0131sa bir ara verildi.\u00a0 \u200bHaberin Al\u0131nt\u0131land\u0131\u011f\u0131 Kaynak: www.iskenderun.org","og_url":"https:\/\/denizcankizil.tr\/ru\/haberler\/gundem\/bilge-nesil-ile-doganin-kucaginca-harika-bir-piknik\/","og_site_name":"Av. Deniz Can K\u0131z\u0131l","article_published_time":"2025-05-27T12:42:42+00:00","author":"admin","twitter_card":"summary_large_image","twitter_misc":{"\u041d\u0430\u043f\u0438\u0441\u0430\u043d\u043e \u0430\u0432\u0442\u043e\u0440\u043e\u043c":"admin","\u041f\u0440\u0438\u043c\u0435\u0440\u043d\u043e\u0435 \u0432\u0440\u0435\u043c\u044f \u0434\u043b\u044f \u0447\u0442\u0435\u043d\u0438\u044f":"1 \u043c\u0438\u043d\u0443\u0442\u0430"},"schema":{"@context":"https:\/\/schema.org","@graph":[{"@type":"Article","@id":"https:\/\/denizcankizil.tr\/ru\/haberler\/gundem\/bilge-nesil-ile-doganin-kucaginca-harika-bir-piknik\/#article","isPartOf":{"@id":"https:\/\/denizcankizil.tr\/ru\/haberler\/gundem\/bilge-nesil-ile-doganin-kucaginca-harika-bir-piknik\/"},"author":{"name":"admin","@id":"https:\/\/denizcankizil.tr\/de\/#\/schema\/person\/be3c05fe6a12686905512445d8185489"},"headline":"Bilge Nesil ile Do\u011fan\u0131n Kuca\u011f\u0131nca Harika Bir Piknik..!","datePublished":"2025-05-27T12:42:42+00:00","mainEntityOfPage":{"@id":"https:\/\/denizcankizil.tr\/ru\/haberler\/gundem\/bilge-nesil-ile-doganin-kucaginca-harika-bir-piknik\/"},"wordCount":125,"publisher":{"@id":"https:\/\/denizcankizil.tr\/de\/#organization"},"articleSection":["G\u00fcndem"],"inLanguage":"ru-RU"},{"@type":"WebPage","@id":"https:\/\/denizcankizil.tr\/ru\/haberler\/gundem\/bilge-nesil-ile-doganin-kucaginca-harika-bir-piknik\/","url":"https:\/\/denizcankizil.tr\/ru\/haberler\/gundem\/bilge-nesil-ile-doganin-kucaginca-harika-bir-piknik\/","name":"Bilge Nesil ile Do\u011fan\u0131n Kuca\u011f\u0131nca Harika Bir Piknik..! - Av. Deniz Can K\u0131z\u0131l","isPartOf":{"@id":"https:\/\/denizcankizil.tr\/de\/#website"},"datePublished":"2025-05-27T12:42:42+00:00","breadcrumb":{"@id":"https:\/\/denizcankizil.tr\/ru\/haberler\/gundem\/bilge-nesil-ile-doganin-kucaginca-harika-bir-piknik\/#breadcrumb"},"inLanguage":"ru-RU","potentialAction":[{"@type":"ReadAction","target":["https:\/\/denizcankizil.tr\/ru\/haberler\/gundem\/bilge-nesil-ile-doganin-kucaginca-harika-bir-piknik\/"]}]},{"@type":"BreadcrumbList","@id":"https:\/\/denizcankizil.tr\/ru\/haberler\/gundem\/bilge-nesil-ile-doganin-kucaginca-harika-bir-piknik\/#breadcrumb","itemListElement":[{"@type":"ListItem","position":1,"name":"Home","item":"https:\/\/denizcankizil.tr\/de\/"},{"@type":"ListItem","position":2,"name":"Bilge Nesil ile Do\u011fan\u0131n Kuca\u011f\u0131nca Harika Bir Piknik..!"}]},{"@type":"WebSite","@id":"https:\/\/denizcankizil.tr\/de\/#website","url":"https:\/\/denizcankizil.tr\/de\/","name":"Av. Deniz Can K\u0131z\u0131l","description":"Avukat Deniz Can K\u0131z\u0131l Antalya Barosu","publisher":{"@id":"https:\/\/denizcankizil.tr\/de\/#organization"},"potentialAction":[{"@type":"SearchAction","target":{"@type":"EntryPoint","urlTemplate":"https:\/\/denizcankizil.tr\/de\/?s={search_term_string}"},"query-input":{"@type":"PropertyValueSpecification","valueRequired":true,"valueName":"search_term_string"}}],"inLanguage":"ru-RU"},{"@type":"Organization","@id":"https:\/\/denizcankizil.tr\/de\/#organization","name":"Av. Deniz Can K\u0131z\u0131l","url":"https:\/\/denizcankizil.tr\/de\/","logo":{"@type":"ImageObject","inLanguage":"ru-RU","@id":"https:\/\/denizcankizil.tr\/de\/#\/schema\/logo\/image\/","url":"https:\/\/denizcankizil.tr\/wp-content\/uploads\/2024\/10\/siyah-logo-svg.svg","contentUrl":"https:\/\/denizcankizil.tr\/wp-content\/uploads\/2024\/10\/siyah-logo-svg.svg","width":1080,"height":1080,"caption":"Av. Deniz Can K\u0131z\u0131l"},"image":{"@id":"https:\/\/denizcankizil.tr\/de\/#\/schema\/logo\/image\/"}},{"@type":"Person","@id":"https:\/\/denizcankizil.tr\/de\/#\/schema\/person\/be3c05fe6a12686905512445d8185489","name":"\u0430\u0434\u043c\u0438\u043d","image":{"@type":"ImageObject","inLanguage":"ru-RU","@id":"https:\/\/denizcankizil.tr\/de\/#\/schema\/person\/image\/","url":"https:\/\/secure.gravatar.com\/avatar\/c1fce94c830dc79107e174f890d7210541c4a63e8e5d816341794a2151c9d58c?s=96&d=mm&r=g","contentUrl":"https:\/\/secure.gravatar.com\/avatar\/c1fce94c830dc79107e174f890d7210541c4a63e8e5d816341794a2151c9d58c?s=96&d=mm&r=g","caption":"admin"},"sameAs":["http:\/\/denizcankizil.tr"],"url":"https:\/\/www.iskenderun.org\/bilge-nesil-ile-doganin-kucaginca-harika-bir-piknik"}]}},"_links":{"self":[{"href":"https:\/\/denizcankizil.tr\/ru\/wp-json\/wp\/v2\/posts\/98512","targetHints":{"allow":["GET"]}}],"collection":[{"href":"https:\/\/denizcankizil.tr\/ru\/wp-json\/wp\/v2\/posts"}],"about":[{"href":"https:\/\/denizcankizil.tr\/ru\/wp-json\/wp\/v2\/types\/post"}],"author":[{"embeddable":true,"href":"https:\/\/denizcankizil.tr\/ru\/wp-json\/wp\/v2\/users\/1"}],"replies":[{"embeddable":true,"href":"https:\/\/denizcankizil.tr\/ru\/wp-json\/wp\/v2\/comments?post=98512"}],"version-history":[{"count":0,"href":"https:\/\/denizcankizil.tr\/ru\/wp-json\/wp\/v2\/posts\/98512\/revisions"}],"wp:attachment":[{"href":"https:\/\/denizcankizil.tr\/ru\/wp-json\/wp\/v2\/media?parent=98512"}],"wp:term":[{"taxonomy":"category","embeddable":true,"href":"https:\/\/denizcankizil.tr\/ru\/wp-json\/wp\/v2\/categories?post=98512"},{"taxonomy":"post_tag","embeddable":true,"href":"https:\/\/denizcankizil.tr\/ru\/wp-json\/wp\/v2\/tags?post=98512"}],"curies":[{"name":"wp","href":"https:\/\/api.w.org\/{rel}","templated":true}]}}