{"id":98376,"date":"2025-05-27T13:41:24","date_gmt":"2025-05-27T10:41:24","guid":{"rendered":"https:\/\/denizcankizil.tr\/uncategorized-tr\/buyuksehirden-kaplumbaga-gunu-etkinligi\/"},"modified":"2025-05-27T13:41:24","modified_gmt":"2025-05-27T10:41:24","slug":"buyuksehirden-kaplumbaga-gunu-etkinligi","status":"publish","type":"post","link":"https:\/\/denizcankizil.tr\/ru\/haberler\/antalya\/buyuksehirden-kaplumbaga-gunu-etkinligi\/","title":{"rendered":"B\u00fcy\u00fck\u015fehir&#8217;den &#8216;Kaplumba\u011fa G\u00fcn\u00fc&#8217; etkinli\u011fi"},"content":{"rendered":"<p>Antalya B\u00fcy\u00fck\u015fehir Belediyesi Antalya Do\u011fal Ya\u015fam Park\u0131, vatanda\u015flar\u0131n do\u011fal ya\u015famla bulu\u015fmas\u0131 ve ziyaret\u00e7ilerin keyifli vakit ge\u00e7irmeleriyle amac\u0131yla \u00e7e\u015fitli etkinlikler d\u00fczenliyor. Do\u011fadaki kaplumba\u011falar\u0131 ve ya\u015fam alanlar\u0131n\u0131n korumak amac\u0131yla 2000 y\u0131l\u0131ndan itibaren kutlanmaya ba\u015flayan 23 May\u0131s D\u00fcnya Kaplumba\u011fa G\u00fcn\u00fc dolay\u0131s\u0131yla Antalya Do\u011fal Ya\u015fam Park\u0131\u2019nda \u00f6zel bir etkinlik ger\u00e7ekle\u015ftirdi. \u00c7ocuklar, do\u011fayla i\u00e7 i\u00e7e farkl\u0131 t\u00fcrlerdeki kaplumba\u011falarla tan\u0131\u015ft\u0131.<\/p>\n<p>&#8220;Kaplumba\u011fa sevdiler&#8221;<br \/>\nUzman e\u011fitmenler taraf\u0131ndan haz\u0131rlanan programda, \u00e7ocuklara kaplumba\u011falar\u0131n \u00f6zellikleri, ya\u015fam alanlar\u0131 ve ekosistemdeki \u00f6nemi hakk\u0131nda bilgiler verildi. Minik do\u011faseverler, kaplumba\u011falara yak\u0131ndan dokunarak onlar\u0131 inceleme ve sevme f\u0131rsat\u0131 buldu. Heyecanla ve merakla kaplumba\u011falar\u0131 seven \u00e7ocuklar, unutulmaz bir deneyim ya\u015fad\u0131. Hem e\u011flenen hem de yeni bilgiler \u00f6\u011frenen \u00e7ocuklar\u0131n mutluluklar\u0131 y\u00fczlerinden okundu.<\/p>\n<p>&#8220;Amac\u0131m\u0131z fark\u0131ndal\u0131k olu\u015fturmak&#8221;<br \/>\nB\u00fcy\u00fck\u015fehir Belediyesi Do\u011fal Ya\u015fam Park\u0131 \u015eube M\u00fcd\u00fcr\u00fc Ayg\u00fcl Arsun, y\u0131l boyunca planlad\u0131klar\u0131 etkinlik takvimi kapsam\u0131nda D\u00fcnya Kaplumba\u011fa G\u00fcn\u00fc\u2019nde \u00f6zel bir etkinlik d\u00fczenlediklerini belirterek, &#8220;Bug\u00fcn aram\u0131zda olan \u00e7ocuklar, etkinli\u011fimizi son derece ilgi ve merakla takip ediyor. Kaplumba\u011falar\u0131n tan\u0131t\u0131m\u0131 ve d\u00fcnyam\u0131zdaki ya\u015famlar\u0131yla ilgili e\u011fitimler al\u0131yorlar. B\u00fct\u00fcn g\u00fcn boyunca do\u011fayla i\u00e7 i\u00e7e e\u011flenerek, oyunlar oynayarak keyifli vakit ge\u00e7iriyorlar. Fark\u0131ndal\u0131k olu\u015fturacak etkinliklerimize devam edece\u011fiz&#8221; dedi.<\/p>\n<p>&#8220;\u00c7ocuklar \u00e7ok keyifli vakit ge\u00e7irdi&#8221;<br \/>\n\u00c7ocuklar\u0131n keyifli bir g\u00fcn ge\u00e7irdi\u011fini s\u00f6yleyen 100. Y\u0131l Cumhuriyet \u0130lkokulu 3. s\u0131n\u0131f \u00f6\u011fretmeni Derya \u00d6nal, &#8220;B\u00fcy\u00fck\u015fehir Belediyesi\u2019nin D\u00fcnya Kaplumba\u011fa G\u00fcn\u00fc dolay\u0131s\u0131yla okulumuza g\u00f6nderdi\u011fi davet \u00fczerine bu etkinli\u011fe kat\u0131ld\u0131k. Do\u011fal Ya\u015fam Park\u0131\u2019na ben ilk kez geliyorum. S\u0131n\u0131f\u0131mdaki \u00f6\u011frencilerden daha \u00f6nce gelenler olsa da, bug\u00fcn \u00e7ok farkl\u0131 bir deneyim ya\u015fad\u0131lar. Buradaki g\u00f6revlilerin ilgisi ve bilgilendirme \u00e7al\u0131\u015fmalar\u0131 \u00e7ok g\u00fczel. \u00c7ocuklar\u0131n bir\u00e7ok hayvanla ilk kez burada tan\u0131\u015fmalar\u0131 olduk\u00e7a yararl\u0131 oldu. Bug\u00fcn hem \u00e7ocuklar hem de aileleri olarak \u00e7ok memnun kald\u0131k&#8221; ifadelerini kulland\u0131.<br \/>\nAntalya Do\u011fal Ya\u015fam Park\u0131\u2019nda; 31 May\u0131s\u2019ta D\u00fcnya Papa\u011fan G\u00fcn\u00fc, 5 Haziran\u2019da D\u00fcnya \u00c7evre G\u00fcn\u00fc, 16 Temmuz\u2019da D\u00fcnya Y\u0131lan G\u00fcn\u00fc, 29 Temmuz\u2019da D\u00fcnya Kaplan G\u00fcn\u00fc, 10 A\u011fustos\u2019ta D\u00fcnya Aslan G\u00fcn\u00fc, eyl\u00fcl ay\u0131n\u0131n son cumartesi g\u00fcn\u00fc Uluslararas\u0131 Tav\u015fan G\u00fcn\u00fc, 4 Ekim\u2019de D\u00fcnya Hayvanlar\u0131 Koruma G\u00fcn\u00fc, 27 Ekim\u2019de D\u00fcnya Lemur G\u00fcn\u00fc ve 14 Aral\u0131k\u2019ta Uluslararas\u0131 Maymun G\u00fcn\u00fc kutlanacak.<\/p>\n<p>Kaynak: www.kanalv.com.tr Haber Sitesinden Al\u0131nm\u0131\u015ft\u0131r.<\/p>","protected":false},"excerpt":{"rendered":"<p>Antalya B\u00fcy\u00fck\u015fehir Belediyesi Antalya Do\u011fal Ya\u015fam Park\u0131, vatanda\u015flar\u0131n do\u011fal ya\u015famla bulu\u015fmas\u0131 ve ziyaret\u00e7ilerin keyifli vakit ge\u00e7irmeleriyle amac\u0131yla \u00e7e\u015fitli etkinlikler d\u00fczenliyor. Do\u011fadaki kaplumba\u011falar\u0131 ve ya\u015fam alanlar\u0131n\u0131n korumak amac\u0131yla 2000 y\u0131l\u0131ndan itibaren kutlanmaya ba\u015flayan 23 May\u0131s D\u00fcnya Kaplumba\u011fa G\u00fcn\u00fc dolay\u0131s\u0131yla Antalya Do\u011fal Ya\u015fam Park\u0131\u2019nda \u00f6zel bir etkinlik ger\u00e7ekle\u015ftirdi. \u00c7ocuklar, do\u011fayla i\u00e7 i\u00e7e farkl\u0131 t\u00fcrlerdeki kaplumba\u011falarla tan\u0131\u015ft\u0131. &#8220;Kaplumba\u011fa sevdiler&#8221; Uzman e\u011fitmenler taraf\u0131ndan haz\u0131rlanan programda, \u00e7ocuklara kaplumba\u011falar\u0131n \u00f6zellikleri, ya\u015fam alanlar\u0131 ve ekosistemdeki \u00f6nemi hakk\u0131nda bilgiler verildi. Minik do\u011faseverler, kaplumba\u011falara yak\u0131ndan dokunarak onlar\u0131 inceleme ve sevme f\u0131rsat\u0131 buldu. Heyecanla ve merakla kaplumba\u011falar\u0131 seven \u00e7ocuklar, unutulmaz bir deneyim ya\u015fad\u0131. Hem e\u011flenen hem de yeni bilgiler \u00f6\u011frenen \u00e7ocuklar\u0131n mutluluklar\u0131 y\u00fczlerinden okundu. &#8220;Amac\u0131m\u0131z fark\u0131ndal\u0131k olu\u015fturmak&#8221; B\u00fcy\u00fck\u015fehir Belediyesi Do\u011fal Ya\u015fam Park\u0131 \u015eube M\u00fcd\u00fcr\u00fc Ayg\u00fcl Arsun, y\u0131l boyunca planlad\u0131klar\u0131 etkinlik takvimi kapsam\u0131nda D\u00fcnya Kaplumba\u011fa G\u00fcn\u00fc\u2019nde \u00f6zel bir etkinlik d\u00fczenlediklerini belirterek, &#8220;Bug\u00fcn aram\u0131zda olan \u00e7ocuklar, etkinli\u011fimizi son derece ilgi ve merakla takip ediyor. Kaplumba\u011falar\u0131n tan\u0131t\u0131m\u0131 ve d\u00fcnyam\u0131zdaki ya\u015famlar\u0131yla ilgili e\u011fitimler al\u0131yorlar. B\u00fct\u00fcn g\u00fcn boyunca do\u011fayla i\u00e7 i\u00e7e e\u011flenerek, oyunlar oynayarak keyifli vakit ge\u00e7iriyorlar. Fark\u0131ndal\u0131k olu\u015fturacak etkinliklerimize devam edece\u011fiz&#8221; dedi. &#8220;\u00c7ocuklar \u00e7ok keyifli vakit ge\u00e7irdi&#8221; \u00c7ocuklar\u0131n keyifli bir g\u00fcn ge\u00e7irdi\u011fini s\u00f6yleyen 100. Y\u0131l Cumhuriyet \u0130lkokulu 3. s\u0131n\u0131f \u00f6\u011fretmeni Derya \u00d6nal, &#8220;B\u00fcy\u00fck\u015fehir Belediyesi\u2019nin D\u00fcnya Kaplumba\u011fa G\u00fcn\u00fc dolay\u0131s\u0131yla okulumuza g\u00f6nderdi\u011fi davet \u00fczerine bu etkinli\u011fe &hellip;<\/p>","protected":false},"author":4,"featured_media":98377,"comment_status":"","ping_status":"open","sticky":false,"template":"","format":"standard","meta":{"_acf_changed":false,"footnotes":""},"categories":[26],"tags":[],"class_list":["post-98376","post","type-post","status-publish","format-standard","has-post-thumbnail","hentry","category-antalya"],"acf":[],"yoast_head":"<!-- This site is optimized with the Yoast SEO Premium plugin v26.6 (Yoast SEO v27.1.1) - https:\/\/yoast.com\/product\/yoast-seo-premium-wordpress\/ -->\n<title>B\u00fcy\u00fck\u015fehir&#039;den &#039;Kaplumba\u011fa G\u00fcn\u00fc&#039; etkinli\u011fi - Av. Deniz Can K\u0131z\u0131l<\/title>\n<meta name=\"robots\" content=\"index, follow, max-snippet:-1, max-image-preview:large, max-video-preview:-1\" \/>\n<link rel=\"canonical\" href=\"https:\/\/denizcankizil.tr\/ru\/haberler\/antalya\/buyuksehirden-kaplumbaga-gunu-etkinligi\/\" \/>\n<meta property=\"og:locale\" content=\"ru_RU\" \/>\n<meta property=\"og:type\" content=\"article\" \/>\n<meta property=\"og:title\" content=\"B\u00fcy\u00fck\u015fehir&#039;den &#039;Kaplumba\u011fa G\u00fcn\u00fc&#039; etkinli\u011fi\" \/>\n<meta property=\"og:description\" content=\"Antalya B\u00fcy\u00fck\u015fehir Belediyesi Antalya Do\u011fal Ya\u015fam Park\u0131, vatanda\u015flar\u0131n do\u011fal ya\u015famla bulu\u015fmas\u0131 ve ziyaret\u00e7ilerin keyifli vakit ge\u00e7irmeleriyle amac\u0131yla \u00e7e\u015fitli etkinlikler d\u00fczenliyor. Do\u011fadaki kaplumba\u011falar\u0131 ve ya\u015fam alanlar\u0131n\u0131n korumak amac\u0131yla 2000 y\u0131l\u0131ndan itibaren kutlanmaya ba\u015flayan 23 May\u0131s D\u00fcnya Kaplumba\u011fa G\u00fcn\u00fc dolay\u0131s\u0131yla Antalya Do\u011fal Ya\u015fam Park\u0131\u2019nda \u00f6zel bir etkinlik ger\u00e7ekle\u015ftirdi. \u00c7ocuklar, do\u011fayla i\u00e7 i\u00e7e farkl\u0131 t\u00fcrlerdeki kaplumba\u011falarla tan\u0131\u015ft\u0131. &#8220;Kaplumba\u011fa sevdiler&#8221; Uzman e\u011fitmenler taraf\u0131ndan haz\u0131rlanan programda, \u00e7ocuklara kaplumba\u011falar\u0131n \u00f6zellikleri, ya\u015fam alanlar\u0131 ve ekosistemdeki \u00f6nemi hakk\u0131nda bilgiler verildi. Minik do\u011faseverler, kaplumba\u011falara yak\u0131ndan dokunarak onlar\u0131 inceleme ve sevme f\u0131rsat\u0131 buldu. Heyecanla ve merakla kaplumba\u011falar\u0131 seven \u00e7ocuklar, unutulmaz bir deneyim ya\u015fad\u0131. Hem e\u011flenen hem de yeni bilgiler \u00f6\u011frenen \u00e7ocuklar\u0131n mutluluklar\u0131 y\u00fczlerinden okundu. &#8220;Amac\u0131m\u0131z fark\u0131ndal\u0131k olu\u015fturmak&#8221; B\u00fcy\u00fck\u015fehir Belediyesi Do\u011fal Ya\u015fam Park\u0131 \u015eube M\u00fcd\u00fcr\u00fc Ayg\u00fcl Arsun, y\u0131l boyunca planlad\u0131klar\u0131 etkinlik takvimi kapsam\u0131nda D\u00fcnya Kaplumba\u011fa G\u00fcn\u00fc\u2019nde \u00f6zel bir etkinlik d\u00fczenlediklerini belirterek, &#8220;Bug\u00fcn aram\u0131zda olan \u00e7ocuklar, etkinli\u011fimizi son derece ilgi ve merakla takip ediyor. Kaplumba\u011falar\u0131n tan\u0131t\u0131m\u0131 ve d\u00fcnyam\u0131zdaki ya\u015famlar\u0131yla ilgili e\u011fitimler al\u0131yorlar. B\u00fct\u00fcn g\u00fcn boyunca do\u011fayla i\u00e7 i\u00e7e e\u011flenerek, oyunlar oynayarak keyifli vakit ge\u00e7iriyorlar. Fark\u0131ndal\u0131k olu\u015fturacak etkinliklerimize devam edece\u011fiz&#8221; dedi. &#8220;\u00c7ocuklar \u00e7ok keyifli vakit ge\u00e7irdi&#8221; \u00c7ocuklar\u0131n keyifli bir g\u00fcn ge\u00e7irdi\u011fini s\u00f6yleyen 100. Y\u0131l Cumhuriyet \u0130lkokulu 3. s\u0131n\u0131f \u00f6\u011fretmeni Derya \u00d6nal, &#8220;B\u00fcy\u00fck\u015fehir Belediyesi\u2019nin D\u00fcnya Kaplumba\u011fa G\u00fcn\u00fc dolay\u0131s\u0131yla okulumuza g\u00f6nderdi\u011fi davet \u00fczerine bu etkinli\u011fe &hellip;\" \/>\n<meta property=\"og:url\" content=\"https:\/\/denizcankizil.tr\/ru\/haberler\/antalya\/buyuksehirden-kaplumbaga-gunu-etkinligi\/\" \/>\n<meta property=\"og:site_name\" content=\"Av. Deniz Can K\u0131z\u0131l\" \/>\n<meta property=\"article:published_time\" content=\"2025-05-27T10:41:24+00:00\" \/>\n<meta property=\"og:image\" content=\"https:\/\/denizcankizil.tr\/wp-content\/uploads\/2025\/05\/6566-01-ukWxXn.jpg\" \/>\n\t<meta property=\"og:image:width\" content=\"1280\" \/>\n\t<meta property=\"og:image:height\" content=\"720\" \/>\n\t<meta property=\"og:image:type\" content=\"image\/jpeg\" \/>\n<meta name=\"author\" content=\"Av. Deniz Can K\u0131z\u0131l\" \/>\n<meta name=\"twitter:card\" content=\"summary_large_image\" \/>\n<meta name=\"twitter:label1\" content=\"\u041d\u0430\u043f\u0438\u0441\u0430\u043d\u043e \u0430\u0432\u0442\u043e\u0440\u043e\u043c\" \/>\n\t<meta name=\"twitter:data1\" content=\"Av. Deniz Can K\u0131z\u0131l\" \/>\n\t<meta name=\"twitter:label2\" content=\"\u041f\u0440\u0438\u043c\u0435\u0440\u043d\u043e\u0435 \u0432\u0440\u0435\u043c\u044f \u0434\u043b\u044f \u0447\u0442\u0435\u043d\u0438\u044f\" \/>\n\t<meta name=\"twitter:data2\" content=\"2 \u043c\u0438\u043d\u0443\u0442\u044b\" \/>\n<script type=\"application\/ld+json\" class=\"yoast-schema-graph\">{\"@context\":\"https:\/\/schema.org\",\"@graph\":[{\"@type\":\"Article\",\"@id\":\"https:\/\/denizcankizil.tr\/ru\/haberler\/antalya\/buyuksehirden-kaplumbaga-gunu-etkinligi\/#article\",\"isPartOf\":{\"@id\":\"https:\/\/denizcankizil.tr\/ru\/haberler\/antalya\/buyuksehirden-kaplumbaga-gunu-etkinligi\/\"},\"author\":{\"name\":\"Av. Deniz Can K\u0131z\u0131l\",\"@id\":\"https:\/\/denizcankizil.tr\/#\/schema\/person\/5dc1b22991bd7ac833867c10afc9b0ff\"},\"headline\":\"B\u00fcy\u00fck\u015fehir&#8217;den &#8216;Kaplumba\u011fa G\u00fcn\u00fc&#8217; etkinli\u011fi\",\"datePublished\":\"2025-05-27T10:41:24+00:00\",\"mainEntityOfPage\":{\"@id\":\"https:\/\/denizcankizil.tr\/ru\/haberler\/antalya\/buyuksehirden-kaplumbaga-gunu-etkinligi\/\"},\"wordCount\":496,\"publisher\":{\"@id\":\"https:\/\/denizcankizil.tr\/#organization\"},\"image\":{\"@id\":\"https:\/\/denizcankizil.tr\/ru\/haberler\/antalya\/buyuksehirden-kaplumbaga-gunu-etkinligi\/#primaryimage\"},\"thumbnailUrl\":\"https:\/\/denizcankizil.tr\/wp-content\/uploads\/2025\/05\/6566-01-ukWxXn.jpg\",\"articleSection\":[\"Antalya\"],\"inLanguage\":\"ru-RU\"},{\"@type\":\"WebPage\",\"@id\":\"https:\/\/denizcankizil.tr\/ru\/haberler\/antalya\/buyuksehirden-kaplumbaga-gunu-etkinligi\/\",\"url\":\"https:\/\/denizcankizil.tr\/ru\/haberler\/antalya\/buyuksehirden-kaplumbaga-gunu-etkinligi\/\",\"name\":\"B\u00fcy\u00fck\u015fehir'den 'Kaplumba\u011fa G\u00fcn\u00fc' etkinli\u011fi - Av. Deniz Can K\u0131z\u0131l\",\"isPartOf\":{\"@id\":\"https:\/\/denizcankizil.tr\/#website\"},\"primaryImageOfPage\":{\"@id\":\"https:\/\/denizcankizil.tr\/ru\/haberler\/antalya\/buyuksehirden-kaplumbaga-gunu-etkinligi\/#primaryimage\"},\"image\":{\"@id\":\"https:\/\/denizcankizil.tr\/ru\/haberler\/antalya\/buyuksehirden-kaplumbaga-gunu-etkinligi\/#primaryimage\"},\"thumbnailUrl\":\"https:\/\/denizcankizil.tr\/wp-content\/uploads\/2025\/05\/6566-01-ukWxXn.jpg\",\"datePublished\":\"2025-05-27T10:41:24+00:00\",\"breadcrumb\":{\"@id\":\"https:\/\/denizcankizil.tr\/ru\/haberler\/antalya\/buyuksehirden-kaplumbaga-gunu-etkinligi\/#breadcrumb\"},\"inLanguage\":\"ru-RU\",\"potentialAction\":[{\"@type\":\"ReadAction\",\"target\":[\"https:\/\/denizcankizil.tr\/ru\/haberler\/antalya\/buyuksehirden-kaplumbaga-gunu-etkinligi\/\"]}]},{\"@type\":\"ImageObject\",\"inLanguage\":\"ru-RU\",\"@id\":\"https:\/\/denizcankizil.tr\/ru\/haberler\/antalya\/buyuksehirden-kaplumbaga-gunu-etkinligi\/#primaryimage\",\"url\":\"https:\/\/denizcankizil.tr\/wp-content\/uploads\/2025\/05\/6566-01-ukWxXn.jpg\",\"contentUrl\":\"https:\/\/denizcankizil.tr\/wp-content\/uploads\/2025\/05\/6566-01-ukWxXn.jpg\",\"width\":1280,\"height\":720},{\"@type\":\"BreadcrumbList\",\"@id\":\"https:\/\/denizcankizil.tr\/ru\/haberler\/antalya\/buyuksehirden-kaplumbaga-gunu-etkinligi\/#breadcrumb\",\"itemListElement\":[{\"@type\":\"ListItem\",\"position\":1,\"name\":\"Home\",\"item\":\"https:\/\/denizcankizil.tr\/de\/\"},{\"@type\":\"ListItem\",\"position\":2,\"name\":\"B\u00fcy\u00fck\u015fehir&#8217;den &#8216;Kaplumba\u011fa G\u00fcn\u00fc&#8217; etkinli\u011fi\"}]},{\"@type\":\"WebSite\",\"@id\":\"https:\/\/denizcankizil.tr\/#website\",\"url\":\"https:\/\/denizcankizil.tr\/\",\"name\":\"Av. Deniz Can K\u0131z\u0131l\",\"description\":\"Avukat Deniz Can K\u0131z\u0131l Antalya Barosu\",\"publisher\":{\"@id\":\"https:\/\/denizcankizil.tr\/#organization\"},\"potentialAction\":[{\"@type\":\"SearchAction\",\"target\":{\"@type\":\"EntryPoint\",\"urlTemplate\":\"https:\/\/denizcankizil.tr\/?s={search_term_string}\"},\"query-input\":{\"@type\":\"PropertyValueSpecification\",\"valueRequired\":true,\"valueName\":\"search_term_string\"}}],\"inLanguage\":\"ru-RU\"},{\"@type\":\"Organization\",\"@id\":\"https:\/\/denizcankizil.tr\/#organization\",\"name\":\"Av. Deniz Can K\u0131z\u0131l\",\"url\":\"https:\/\/denizcankizil.tr\/\",\"logo\":{\"@type\":\"ImageObject\",\"inLanguage\":\"ru-RU\",\"@id\":\"https:\/\/denizcankizil.tr\/#\/schema\/logo\/image\/\",\"url\":\"https:\/\/denizcankizil.tr\/wp-content\/uploads\/2024\/10\/siyah-logo-svg.svg\",\"contentUrl\":\"https:\/\/denizcankizil.tr\/wp-content\/uploads\/2024\/10\/siyah-logo-svg.svg\",\"width\":1080,\"height\":1080,\"caption\":\"Av. Deniz Can K\u0131z\u0131l\"},\"image\":{\"@id\":\"https:\/\/denizcankizil.tr\/#\/schema\/logo\/image\/\"}},{\"@type\":\"Person\",\"@id\":\"https:\/\/denizcankizil.tr\/#\/schema\/person\/5dc1b22991bd7ac833867c10afc9b0ff\",\"name\":\"Av. Deniz Can K\u0131z\u0131l\",\"image\":{\"@type\":\"ImageObject\",\"inLanguage\":\"ru-RU\",\"@id\":\"https:\/\/denizcankizil.tr\/#\/schema\/person\/image\/\",\"url\":\"https:\/\/secure.gravatar.com\/avatar\/a0b128fb9855c79efc976d5640eedb31dc35ec297594d6016d2cf7c60e975bb6?s=96&d=mm&r=g\",\"contentUrl\":\"https:\/\/secure.gravatar.com\/avatar\/a0b128fb9855c79efc976d5640eedb31dc35ec297594d6016d2cf7c60e975bb6?s=96&d=mm&r=g\",\"caption\":\"Av. Deniz Can K\u0131z\u0131l\"},\"sameAs\":[\"http:\/\/www.denizcankizil.tr\"],\"url\":\"https:\/\/denizcankizil.tr\/ru\/author\/denizcankizil\/\"}]}<\/script>\n<!-- \/ Yoast SEO Premium plugin. -->","yoast_head_json":{"title":"B\u00fcy\u00fck\u015fehir'den 'Kaplumba\u011fa G\u00fcn\u00fc' etkinli\u011fi - Av. Deniz Can K\u0131z\u0131l","robots":{"index":"index","follow":"follow","max-snippet":"max-snippet:-1","max-image-preview":"max-image-preview:large","max-video-preview":"max-video-preview:-1"},"canonical":"https:\/\/denizcankizil.tr\/ru\/haberler\/antalya\/buyuksehirden-kaplumbaga-gunu-etkinligi\/","og_locale":"ru_RU","og_type":"article","og_title":"B\u00fcy\u00fck\u015fehir'den 'Kaplumba\u011fa G\u00fcn\u00fc' etkinli\u011fi","og_description":"Antalya B\u00fcy\u00fck\u015fehir Belediyesi Antalya Do\u011fal Ya\u015fam Park\u0131, vatanda\u015flar\u0131n do\u011fal ya\u015famla bulu\u015fmas\u0131 ve ziyaret\u00e7ilerin keyifli vakit ge\u00e7irmeleriyle amac\u0131yla \u00e7e\u015fitli etkinlikler d\u00fczenliyor. Do\u011fadaki kaplumba\u011falar\u0131 ve ya\u015fam alanlar\u0131n\u0131n korumak amac\u0131yla 2000 y\u0131l\u0131ndan itibaren kutlanmaya ba\u015flayan 23 May\u0131s D\u00fcnya Kaplumba\u011fa G\u00fcn\u00fc dolay\u0131s\u0131yla Antalya Do\u011fal Ya\u015fam Park\u0131\u2019nda \u00f6zel bir etkinlik ger\u00e7ekle\u015ftirdi. \u00c7ocuklar, do\u011fayla i\u00e7 i\u00e7e farkl\u0131 t\u00fcrlerdeki kaplumba\u011falarla tan\u0131\u015ft\u0131. &#8220;Kaplumba\u011fa sevdiler&#8221; Uzman e\u011fitmenler taraf\u0131ndan haz\u0131rlanan programda, \u00e7ocuklara kaplumba\u011falar\u0131n \u00f6zellikleri, ya\u015fam alanlar\u0131 ve ekosistemdeki \u00f6nemi hakk\u0131nda bilgiler verildi. Minik do\u011faseverler, kaplumba\u011falara yak\u0131ndan dokunarak onlar\u0131 inceleme ve sevme f\u0131rsat\u0131 buldu. Heyecanla ve merakla kaplumba\u011falar\u0131 seven \u00e7ocuklar, unutulmaz bir deneyim ya\u015fad\u0131. Hem e\u011flenen hem de yeni bilgiler \u00f6\u011frenen \u00e7ocuklar\u0131n mutluluklar\u0131 y\u00fczlerinden okundu. &#8220;Amac\u0131m\u0131z fark\u0131ndal\u0131k olu\u015fturmak&#8221; B\u00fcy\u00fck\u015fehir Belediyesi Do\u011fal Ya\u015fam Park\u0131 \u015eube M\u00fcd\u00fcr\u00fc Ayg\u00fcl Arsun, y\u0131l boyunca planlad\u0131klar\u0131 etkinlik takvimi kapsam\u0131nda D\u00fcnya Kaplumba\u011fa G\u00fcn\u00fc\u2019nde \u00f6zel bir etkinlik d\u00fczenlediklerini belirterek, &#8220;Bug\u00fcn aram\u0131zda olan \u00e7ocuklar, etkinli\u011fimizi son derece ilgi ve merakla takip ediyor. Kaplumba\u011falar\u0131n tan\u0131t\u0131m\u0131 ve d\u00fcnyam\u0131zdaki ya\u015famlar\u0131yla ilgili e\u011fitimler al\u0131yorlar. B\u00fct\u00fcn g\u00fcn boyunca do\u011fayla i\u00e7 i\u00e7e e\u011flenerek, oyunlar oynayarak keyifli vakit ge\u00e7iriyorlar. Fark\u0131ndal\u0131k olu\u015fturacak etkinliklerimize devam edece\u011fiz&#8221; dedi. &#8220;\u00c7ocuklar \u00e7ok keyifli vakit ge\u00e7irdi&#8221; \u00c7ocuklar\u0131n keyifli bir g\u00fcn ge\u00e7irdi\u011fini s\u00f6yleyen 100. Y\u0131l Cumhuriyet \u0130lkokulu 3. s\u0131n\u0131f \u00f6\u011fretmeni Derya \u00d6nal, &#8220;B\u00fcy\u00fck\u015fehir Belediyesi\u2019nin D\u00fcnya Kaplumba\u011fa G\u00fcn\u00fc dolay\u0131s\u0131yla okulumuza g\u00f6nderdi\u011fi davet \u00fczerine bu etkinli\u011fe &hellip;","og_url":"https:\/\/denizcankizil.tr\/ru\/haberler\/antalya\/buyuksehirden-kaplumbaga-gunu-etkinligi\/","og_site_name":"Av. Deniz Can K\u0131z\u0131l","article_published_time":"2025-05-27T10:41:24+00:00","og_image":[{"width":1280,"height":720,"url":"https:\/\/denizcankizil.tr\/wp-content\/uploads\/2025\/05\/6566-01-ukWxXn.jpg","type":"image\/jpeg"}],"author":"Av. Deniz Can K\u0131z\u0131l","twitter_card":"summary_large_image","twitter_misc":{"\u041d\u0430\u043f\u0438\u0441\u0430\u043d\u043e \u0430\u0432\u0442\u043e\u0440\u043e\u043c":"Av. Deniz Can K\u0131z\u0131l","\u041f\u0440\u0438\u043c\u0435\u0440\u043d\u043e\u0435 \u0432\u0440\u0435\u043c\u044f \u0434\u043b\u044f \u0447\u0442\u0435\u043d\u0438\u044f":"2 \u043c\u0438\u043d\u0443\u0442\u044b"},"schema":{"@context":"https:\/\/schema.org","@graph":[{"@type":"Article","@id":"https:\/\/denizcankizil.tr\/ru\/haberler\/antalya\/buyuksehirden-kaplumbaga-gunu-etkinligi\/#article","isPartOf":{"@id":"https:\/\/denizcankizil.tr\/ru\/haberler\/antalya\/buyuksehirden-kaplumbaga-gunu-etkinligi\/"},"author":{"name":"Av. Deniz Can K\u0131z\u0131l","@id":"https:\/\/denizcankizil.tr\/#\/schema\/person\/5dc1b22991bd7ac833867c10afc9b0ff"},"headline":"B\u00fcy\u00fck\u015fehir&#8217;den &#8216;Kaplumba\u011fa G\u00fcn\u00fc&#8217; etkinli\u011fi","datePublished":"2025-05-27T10:41:24+00:00","mainEntityOfPage":{"@id":"https:\/\/denizcankizil.tr\/ru\/haberler\/antalya\/buyuksehirden-kaplumbaga-gunu-etkinligi\/"},"wordCount":496,"publisher":{"@id":"https:\/\/denizcankizil.tr\/#organization"},"image":{"@id":"https:\/\/denizcankizil.tr\/ru\/haberler\/antalya\/buyuksehirden-kaplumbaga-gunu-etkinligi\/#primaryimage"},"thumbnailUrl":"https:\/\/denizcankizil.tr\/wp-content\/uploads\/2025\/05\/6566-01-ukWxXn.jpg","articleSection":["Antalya"],"inLanguage":"ru-RU"},{"@type":"WebPage","@id":"https:\/\/denizcankizil.tr\/ru\/haberler\/antalya\/buyuksehirden-kaplumbaga-gunu-etkinligi\/","url":"https:\/\/denizcankizil.tr\/ru\/haberler\/antalya\/buyuksehirden-kaplumbaga-gunu-etkinligi\/","name":"B\u00fcy\u00fck\u015fehir'den 'Kaplumba\u011fa G\u00fcn\u00fc' etkinli\u011fi - Av. Deniz Can K\u0131z\u0131l","isPartOf":{"@id":"https:\/\/denizcankizil.tr\/#website"},"primaryImageOfPage":{"@id":"https:\/\/denizcankizil.tr\/ru\/haberler\/antalya\/buyuksehirden-kaplumbaga-gunu-etkinligi\/#primaryimage"},"image":{"@id":"https:\/\/denizcankizil.tr\/ru\/haberler\/antalya\/buyuksehirden-kaplumbaga-gunu-etkinligi\/#primaryimage"},"thumbnailUrl":"https:\/\/denizcankizil.tr\/wp-content\/uploads\/2025\/05\/6566-01-ukWxXn.jpg","datePublished":"2025-05-27T10:41:24+00:00","breadcrumb":{"@id":"https:\/\/denizcankizil.tr\/ru\/haberler\/antalya\/buyuksehirden-kaplumbaga-gunu-etkinligi\/#breadcrumb"},"inLanguage":"ru-RU","potentialAction":[{"@type":"ReadAction","target":["https:\/\/denizcankizil.tr\/ru\/haberler\/antalya\/buyuksehirden-kaplumbaga-gunu-etkinligi\/"]}]},{"@type":"ImageObject","inLanguage":"ru-RU","@id":"https:\/\/denizcankizil.tr\/ru\/haberler\/antalya\/buyuksehirden-kaplumbaga-gunu-etkinligi\/#primaryimage","url":"https:\/\/denizcankizil.tr\/wp-content\/uploads\/2025\/05\/6566-01-ukWxXn.jpg","contentUrl":"https:\/\/denizcankizil.tr\/wp-content\/uploads\/2025\/05\/6566-01-ukWxXn.jpg","width":1280,"height":720},{"@type":"BreadcrumbList","@id":"https:\/\/denizcankizil.tr\/ru\/haberler\/antalya\/buyuksehirden-kaplumbaga-gunu-etkinligi\/#breadcrumb","itemListElement":[{"@type":"ListItem","position":1,"name":"Home","item":"https:\/\/denizcankizil.tr\/de\/"},{"@type":"ListItem","position":2,"name":"B\u00fcy\u00fck\u015fehir&#8217;den &#8216;Kaplumba\u011fa G\u00fcn\u00fc&#8217; etkinli\u011fi"}]},{"@type":"WebSite","@id":"https:\/\/denizcankizil.tr\/#website","url":"https:\/\/denizcankizil.tr\/","name":"Av. Deniz Can K\u0131z\u0131l","description":"Avukat Deniz Can K\u0131z\u0131l Antalya Barosu","publisher":{"@id":"https:\/\/denizcankizil.tr\/#organization"},"potentialAction":[{"@type":"SearchAction","target":{"@type":"EntryPoint","urlTemplate":"https:\/\/denizcankizil.tr\/?s={search_term_string}"},"query-input":{"@type":"PropertyValueSpecification","valueRequired":true,"valueName":"search_term_string"}}],"inLanguage":"ru-RU"},{"@type":"Organization","@id":"https:\/\/denizcankizil.tr\/#organization","name":"Av. Deniz Can K\u0131z\u0131l","url":"https:\/\/denizcankizil.tr\/","logo":{"@type":"ImageObject","inLanguage":"ru-RU","@id":"https:\/\/denizcankizil.tr\/#\/schema\/logo\/image\/","url":"https:\/\/denizcankizil.tr\/wp-content\/uploads\/2024\/10\/siyah-logo-svg.svg","contentUrl":"https:\/\/denizcankizil.tr\/wp-content\/uploads\/2024\/10\/siyah-logo-svg.svg","width":1080,"height":1080,"caption":"Av. Deniz Can K\u0131z\u0131l"},"image":{"@id":"https:\/\/denizcankizil.tr\/#\/schema\/logo\/image\/"}},{"@type":"Person","@id":"https:\/\/denizcankizil.tr\/#\/schema\/person\/5dc1b22991bd7ac833867c10afc9b0ff","name":"Av. Deniz Can K\u0131z\u0131l","image":{"@type":"ImageObject","inLanguage":"ru-RU","@id":"https:\/\/denizcankizil.tr\/#\/schema\/person\/image\/","url":"https:\/\/secure.gravatar.com\/avatar\/a0b128fb9855c79efc976d5640eedb31dc35ec297594d6016d2cf7c60e975bb6?s=96&d=mm&r=g","contentUrl":"https:\/\/secure.gravatar.com\/avatar\/a0b128fb9855c79efc976d5640eedb31dc35ec297594d6016d2cf7c60e975bb6?s=96&d=mm&r=g","caption":"Av. Deniz Can K\u0131z\u0131l"},"sameAs":["http:\/\/www.denizcankizil.tr"],"url":"https:\/\/denizcankizil.tr\/ru\/author\/denizcankizil\/"}]}},"_links":{"self":[{"href":"https:\/\/denizcankizil.tr\/ru\/wp-json\/wp\/v2\/posts\/98376","targetHints":{"allow":["GET"]}}],"collection":[{"href":"https:\/\/denizcankizil.tr\/ru\/wp-json\/wp\/v2\/posts"}],"about":[{"href":"https:\/\/denizcankizil.tr\/ru\/wp-json\/wp\/v2\/types\/post"}],"author":[{"embeddable":true,"href":"https:\/\/denizcankizil.tr\/ru\/wp-json\/wp\/v2\/users\/4"}],"replies":[{"embeddable":true,"href":"https:\/\/denizcankizil.tr\/ru\/wp-json\/wp\/v2\/comments?post=98376"}],"version-history":[{"count":0,"href":"https:\/\/denizcankizil.tr\/ru\/wp-json\/wp\/v2\/posts\/98376\/revisions"}],"wp:featuredmedia":[{"embeddable":true,"href":"https:\/\/denizcankizil.tr\/ru\/wp-json\/wp\/v2\/media\/98377"}],"wp:attachment":[{"href":"https:\/\/denizcankizil.tr\/ru\/wp-json\/wp\/v2\/media?parent=98376"}],"wp:term":[{"taxonomy":"category","embeddable":true,"href":"https:\/\/denizcankizil.tr\/ru\/wp-json\/wp\/v2\/categories?post=98376"},{"taxonomy":"post_tag","embeddable":true,"href":"https:\/\/denizcankizil.tr\/ru\/wp-json\/wp\/v2\/tags?post=98376"}],"curies":[{"name":"wp","href":"https:\/\/api.w.org\/{rel}","templated":true}]}}