{"id":98365,"date":"2025-05-27T12:42:30","date_gmt":"2025-05-27T09:42:30","guid":{"rendered":"https:\/\/denizcankizil.tr\/uncategorized-tr\/asirlik-tarifler-tarihi-mekanda-bulustu\/"},"modified":"2025-05-27T12:42:30","modified_gmt":"2025-05-27T09:42:30","slug":"asirlik-tarifler-tarihi-mekanda-bulustu","status":"publish","type":"post","link":"https:\/\/denizcankizil.tr\/ru\/haberler\/gundem\/asirlik-tarifler-tarihi-mekanda-bulustu\/","title":{"rendered":"As\u0131rl\u0131k tarifler tarihi mekanda bulu\u015ftu\u00a0"},"content":{"rendered":"<p>Bursa Y\u0131ld\u0131r\u0131m Belediyesi, T\u00fcrk Mutfa\u011f\u0131 Haftas\u0131 etkinliklerinin kapan\u0131\u015f program\u0131na tarihi Hamaml\u0131k\u0131z\u0131k Mahallesi\u2019nde ev sahipli\u011fi yapt\u0131.BURSA (\u0130GFA) &#8211; Bir hafta boyunca farkl\u0131 noktalarda d\u00fczenlenen etkinliklerin sonuncusunda, kad\u0131n kooperatiflerinin y\u00f6resel lezzetleriyle donatt\u0131\u011f\u0131 sofralar vatanda\u015flardan b\u00fcy\u00fck ilgi g\u00f6rd\u00fc. Tarihi atmosferiyle k\u00fclt\u00fcrel miras\u0131 temsil eden Hamaml\u0131k\u0131z\u0131k\u2019ta ger\u00e7ekle\u015fen programda konu\u015fan Y\u0131ld\u0131r\u0131m Belediye Ba\u015fkan\u0131 Oktay Y\u0131lmaz, T\u00fcrk mutfa\u011f\u0131n\u0131n sadece bir yemek k\u00fclt\u00fcr\u00fc de\u011fil, ayn\u0131 zamanda bir medeniyet haf\u0131zas\u0131 oldu\u011funu vurgulad\u0131.<br \/>\nY\u0131ld\u0131r\u0131m Belediyesi, T\u00fcrk Mutfa\u011f\u0131 Haftas\u0131 kapsam\u0131nda bir hafta boyunca s\u00fcren etkinliklerin finaline tarihi Hamaml\u0131k\u0131z\u0131k\u2019ta ev sahipli\u011fi yapt\u0131. Kad\u0131n kooperatiflerinin emekle yo\u011frulmu\u015f sofralar\u0131, k\u00fclt\u00fcrle harmanland\u0131.<\/p>\n<p>Kapan\u0131\u015f program\u0131na; Bursa Valisi Erol Ayy\u0131ld\u0131z, AK Parti Bursa Milletvekili Emine Yavuz G\u00f6zge\u00e7, Y\u0131ld\u0131r\u0131m Belediye Ba\u015fkan\u0131 Oktay Y\u0131lmaz, Y\u0131ld\u0131r\u0131m Kaymakam\u0131 Metin Esen, \u0130l K\u00fclt\u00fcr ve Turizm M\u00fcd\u00fcr\u00fc Kamil \u00d6zer, \u0130l Ticaret M\u00fcd\u00fcr\u00fc \u0130smail Aslanlar, \u0130l G\u00f6\u00e7 M\u00fcd\u00fcr\u00fc Ha\u015fim \u00d6zcan, AK Parti Y\u0131ld\u0131r\u0131m \u0130l\u00e7e Ba\u015fkan\u0131 \u0130rfan Akkaya, Hamaml\u0131k\u0131z\u0131k Kad\u0131nlar\u0131 Kooperatifi Ba\u015fkan\u0131 Elif Ba\u015faran\u2019\u0131n yan\u0131 s\u0131ra \u00e7ok say\u0131da kooperatif ba\u015fkan\u0131 ve \u00e7ok say\u0131da davetli kat\u0131ld\u0131.<br \/>\nProgramda konu\u015fan Y\u0131ld\u0131r\u0131m Belediye Ba\u015fkan\u0131 Oktay Y\u0131lmaz, \u201cBug\u00fcn burada, sadece yemeklerin de\u011fil; bir milletin ruhunun, bir k\u00fclt\u00fcr\u00fcn mayas\u0131n\u0131n, bir ge\u00e7mi\u015fin hat\u0131ras\u0131n\u0131n konu\u015fuldu\u011fu anlaml\u0131 bir program vesilesiyle bir araday\u0131z.T\u00fcrk mutfa\u011f\u0131; g\u00f6\u00e7ebe obalardan saraylara, da\u011f k\u00f6ylerinden \u015fehir sofralar\u0131na kadar uzanan bir medeniyetin mutfa\u011f\u0131d\u0131r. Bu mutfakta sadece yemek de\u011fil, dua, gelenek, birlik, \u015fifa ve bereket pi\u015fer. \u00dcnl\u00fc tarih\u00e7i Fernand Braudel\u2019in dedi\u011fi gibi, mutfak bir milletin haf\u0131zas\u0131d\u0131r. \u0130\u015fte biz bu haf\u0131zay\u0131, bu topraklar\u0131n bereketini ve bu milletin de\u011ferlerini Y\u0131ld\u0131r\u0131m\u2019da ya\u015fat\u0131yor ve gelece\u011fe ta\u015f\u0131yoruz. Kad\u0131n eme\u011fini, \u00fcretimini ve dayan\u0131\u015fmas\u0131n\u0131 ya\u015fatan Hamaml\u0131k\u0131z\u0131k Kad\u0131n Kooperatifimiz ba\u015fta olmak \u00fczere, sofralar\u0131n\u0131 ve g\u00f6n\u00fcllerini bizlere a\u00e7an t\u00fcm kad\u0131n giri\u015fimcilerimize y\u00fcrekten te\u015fekk\u00fcr ediyorum\u201d ifadelerini kulland\u0131.<\/p>\n<p>15 KADIN KOOPERAT\u0130F\u0130 VE 25 KADIN G\u0130R\u0130\u015e\u0130MC\u0130L\u0130K MERKEZ\u0130<br \/>\nKad\u0131n kooperatiflerinin ve giri\u015fim merkezlerinin il\u00e7eye katt\u0131\u011f\u0131 de\u011fere de de\u011finen Ba\u015fkan Y\u0131lmaz, \u201cBug\u00fcn itibar\u0131yla 15 kad\u0131n kooperatifimiz ve 25 kad\u0131n giri\u015fimcilik ile e\u011fitim merkezimiz aktif olarak \u00fcretmeye, \u00f6\u011fretmeye ve il\u00e7emize de\u011fer katmaya devam ediyor. Y\u0131ld\u0131r\u0131m\u2019da biz sadece parklar, yollar, binalar de\u011fil; k\u00fclt\u00fcr in\u015fa ediyoruz\u201d ifadelerini kulland\u0131.<\/p>\n<p>T\u00f6rende konu\u015fan AK Parti Bursa Milletvekili Emine Yavuz G\u00f6zge\u00e7 ise \u201cT\u00fcrk Mutfa\u011f\u0131 Haftas\u0131, Cumhurba\u015fkan\u0131m\u0131z Say\u0131n Recep Tayyip Erdo\u011fan\u2019\u0131n e\u015fi Say\u0131n Emine Erdo\u011fan han\u0131mefendinin \u00f6nc\u00fcl\u00fc\u011f\u00fcnde ba\u015flat\u0131lan ve d\u00f6rd\u00fcnc\u00fcs\u00fcn\u00fc d\u00fczenledi\u011fimiz bir hafta. Biz biliyoruz ki bizim gelene\u011fimizde mutfa\u011f\u0131n, sofran\u0131n apayr\u0131 bir yeri var. Biz sofrada bir araya geliriz. Sofrada belki de en \u00f6nemli kararlar\u0131 al\u0131r\u0131z. G\u00fcn\u00fcm\u00fczde televizyonun, bilgisayar\u0131n ve dijital medyan\u0131n oldu\u011fu bir ortamda sofra, asl\u0131nda bir arada oldu\u011fumuz nadir anlardan bir tanesi. O y\u00fczden \u00e7ok de\u011ferli. Biz yemeklerimize besmeleyle ba\u015flar\u0131z, \u015fifa olsun deriz. Misafirimiz geldi\u011finde onu yedirmeden, i\u00e7irmeden g\u00f6ndermeyiz. B\u00f6ylesine g\u00fczel de\u011ferlerin ya\u015fat\u0131lmas\u0131 a\u00e7\u0131s\u0131ndan T\u00fcrk Mutfa\u011f\u0131 Haftas\u0131 ayr\u0131ca \u00e7ok \u00f6nem arz ediyor. Ben \u00f6zellikle Y\u0131ld\u0131r\u0131m Belediye ba\u015fkan\u0131m\u0131za ve e\u015fi han\u0131mefendiye te\u015fekk\u00fcr ediyorum. \u00c7\u00fcnk\u00fc Y\u0131ld\u0131r\u0131m\u2019dan ger\u00e7ekten kad\u0131n\u0131n sesini t\u00fcm Bursa\u2019ya hatta t\u00fcm T\u00fcrkiye\u2019ye duyuruyorlar\u201d dedi.<\/p>\n<p>\u0130l K\u00fclt\u00fcr ve Turizm M\u00fcd\u00fcr\u00fc Kamil \u00d6zer de gastronominin art\u0131k \u015fehirlerin ve \u00fclkelerin tan\u0131t\u0131lmas\u0131nda \u00e7ok \u00f6nemli noktada oldu\u011funu belirtti.<br \/>\nKonu\u015fmalar\u0131n ard\u0131ndan protokol, etkinlik kapsam\u0131nda a\u00e7\u0131lan stantlar\u0131 ziyaret etti. Program\u0131n sonunda misafirlere Nebi Dede \u00c7orbas\u0131 ikram edildi.<\/p>\n<p>\u200bBursa Y\u0131ld\u0131r\u0131m Belediyesi, T\u00fcrk Mutfa\u011f\u0131 Haftas\u0131 etkinliklerinin kapan\u0131\u015f program\u0131na tarihi Hamaml\u0131k\u0131z\u0131k Mahallesi\u2019nde ev sahipli\u011fi yapt\u0131.BURSA (\u0130GFA) &#8211; Bir hafta boyunca farkl\u0131 noktalarda d\u00fczenlenen etkinliklerin sonuncusunda, kad\u0131n kooperatiflerinin y\u00f6resel lezzetleriyle donatt\u0131\u011f\u0131 sofralar vatanda\u015flardan b\u00fcy\u00fck ilgi g\u00f6rd\u00fc. Tarihi atmosferiyle k\u00fclt\u00fcrel miras\u0131 temsil eden Hamaml\u0131k\u0131z\u0131k\u2019ta ger\u00e7ekle\u015fen programda konu\u015fan Y\u0131ld\u0131r\u0131m Belediye Ba\u015fkan\u0131 Oktay Y\u0131lmaz, T\u00fcrk mutfa\u011f\u0131n\u0131n sadece bir yemek k\u00fclt\u00fcr\u00fc de\u011fil, ayn\u0131 zamanda bir medeniyet haf\u0131zas\u0131 oldu\u011funu vurgulad\u0131.<br \/>\nY\u0131ld\u0131r\u0131m Belediyesi, T\u00fcrk Mutfa\u011f\u0131 Haftas\u0131 kapsam\u0131nda bir hafta boyunca s\u00fcren etkinliklerin finaline tarihi Hamaml\u0131k\u0131z\u0131k\u2019ta ev sahipli\u011fi yapt\u0131. Kad\u0131n kooperatiflerinin emekle yo\u011frulmu\u015f sofralar\u0131, k\u00fclt\u00fcrle harmanland\u0131.<\/p>\n<p>Kapan\u0131\u015f program\u0131na; Bursa Valisi Erol Ayy\u0131ld\u0131z, AK Parti Bursa Milletvekili Emine Yavuz G\u00f6zge\u00e7, Y\u0131ld\u0131r\u0131m Belediye Ba\u015fkan\u0131 Oktay Y\u0131lmaz, Y\u0131ld\u0131r\u0131m Kaymakam\u0131 Metin Esen, \u0130l K\u00fclt\u00fcr ve Turizm M\u00fcd\u00fcr\u00fc Kamil \u00d6zer, \u0130l Ticaret M\u00fcd\u00fcr\u00fc \u0130smail Aslanlar, \u0130l G\u00f6\u00e7 M\u00fcd\u00fcr\u00fc Ha\u015fim \u00d6zcan, AK Parti Y\u0131ld\u0131r\u0131m \u0130l\u00e7e Ba\u015fkan\u0131 \u0130rfan Akkaya, Hamaml\u0131k\u0131z\u0131k Kad\u0131nlar\u0131 Kooperatifi Ba\u015fkan\u0131 Elif Ba\u015faran\u2019\u0131n yan\u0131 s\u0131ra \u00e7ok say\u0131da kooperatif ba\u015fkan\u0131 ve \u00e7ok say\u0131da davetli kat\u0131ld\u0131.<br \/>\nProgramda konu\u015fan Y\u0131ld\u0131r\u0131m Belediye Ba\u015fkan\u0131 Oktay Y\u0131lmaz, \u201cBug\u00fcn burada, sadece yemeklerin de\u011fil; bir milletin ruhunun, bir k\u00fclt\u00fcr\u00fcn mayas\u0131n\u0131n, bir ge\u00e7mi\u015fin hat\u0131ras\u0131n\u0131n konu\u015fuldu\u011fu anlaml\u0131 bir program vesilesiyle bir araday\u0131z.T\u00fcrk mutfa\u011f\u0131; g\u00f6\u00e7ebe obalardan saraylara, da\u011f k\u00f6ylerinden \u015fehir sofralar\u0131na kadar uzanan bir medeniyetin mutfa\u011f\u0131d\u0131r. Bu mutfakta sadece yemek de\u011fil, dua, gelenek, birlik, \u015fifa ve bereket pi\u015fer. \u00dcnl\u00fc tarih\u00e7i Fernand Braudel\u2019in dedi\u011fi gibi, mutfak bir milletin haf\u0131zas\u0131d\u0131r. \u0130\u015fte biz bu haf\u0131zay\u0131, bu topraklar\u0131n bereketini ve bu milletin de\u011ferlerini Y\u0131ld\u0131r\u0131m\u2019da ya\u015fat\u0131yor ve gelece\u011fe ta\u015f\u0131yoruz. Kad\u0131n eme\u011fini, \u00fcretimini ve dayan\u0131\u015fmas\u0131n\u0131 ya\u015fatan Hamaml\u0131k\u0131z\u0131k Kad\u0131n Kooperatifimiz ba\u015fta olmak \u00fczere, sofralar\u0131n\u0131 ve g\u00f6n\u00fcllerini bizlere a\u00e7an t\u00fcm kad\u0131n giri\u015fimcilerimize y\u00fcrekten te\u015fekk\u00fcr ediyorum\u201d ifadelerini kulland\u0131.<\/p>\n<p>15 KADIN KOOPERAT\u0130F\u0130 VE 25 KADIN G\u0130R\u0130\u015e\u0130MC\u0130L\u0130K MERKEZ\u0130<br \/>\nKad\u0131n kooperatiflerinin ve giri\u015fim merkezlerinin il\u00e7eye katt\u0131\u011f\u0131 de\u011fere de de\u011finen Ba\u015fkan Y\u0131lmaz, \u201cBug\u00fcn itibar\u0131yla 15 kad\u0131n kooperatifimiz ve 25 kad\u0131n giri\u015fimcilik ile e\u011fitim merkezimiz aktif olarak \u00fcretmeye, \u00f6\u011fretmeye ve il\u00e7emize de\u011fer katmaya devam ediyor. Y\u0131ld\u0131r\u0131m\u2019da biz sadece parklar, yollar, binalar de\u011fil; k\u00fclt\u00fcr in\u015fa ediyoruz\u201d ifadelerini kulland\u0131.<\/p>\n<p>T\u00f6rende konu\u015fan AK Parti Bursa Milletvekili Emine Yavuz G\u00f6zge\u00e7 ise \u201cT\u00fcrk Mutfa\u011f\u0131 Haftas\u0131, Cumhurba\u015fkan\u0131m\u0131z Say\u0131n Recep Tayyip Erdo\u011fan\u2019\u0131n e\u015fi Say\u0131n Emine Erdo\u011fan han\u0131mefendinin \u00f6nc\u00fcl\u00fc\u011f\u00fcnde ba\u015flat\u0131lan ve d\u00f6rd\u00fcnc\u00fcs\u00fcn\u00fc d\u00fczenledi\u011fimiz bir hafta. Biz biliyoruz ki bizim gelene\u011fimizde mutfa\u011f\u0131n, sofran\u0131n apayr\u0131 bir yeri var. Biz sofrada bir araya geliriz. Sofrada belki de en \u00f6nemli kararlar\u0131 al\u0131r\u0131z. G\u00fcn\u00fcm\u00fczde televizyonun, bilgisayar\u0131n ve dijital medyan\u0131n oldu\u011fu bir ortamda sofra, asl\u0131nda bir arada oldu\u011fumuz nadir anlardan bir tanesi. O y\u00fczden \u00e7ok de\u011ferli. Biz yemeklerimize besmeleyle ba\u015flar\u0131z, \u015fifa olsun deriz. Misafirimiz geldi\u011finde onu yedirmeden, i\u00e7irmeden g\u00f6ndermeyiz. B\u00f6ylesine g\u00fczel de\u011ferlerin ya\u015fat\u0131lmas\u0131 a\u00e7\u0131s\u0131ndan T\u00fcrk Mutfa\u011f\u0131 Haftas\u0131 ayr\u0131ca \u00e7ok \u00f6nem arz ediyor. Ben \u00f6zellikle Y\u0131ld\u0131r\u0131m Belediye ba\u015fkan\u0131m\u0131za ve e\u015fi han\u0131mefendiye te\u015fekk\u00fcr ediyorum. \u00c7\u00fcnk\u00fc Y\u0131ld\u0131r\u0131m\u2019dan ger\u00e7ekten kad\u0131n\u0131n sesini t\u00fcm Bursa\u2019ya hatta t\u00fcm T\u00fcrkiye\u2019ye duyuruyorlar\u201d dedi.<\/p>\n<p>\u0130l K\u00fclt\u00fcr ve Turizm M\u00fcd\u00fcr\u00fc Kamil \u00d6zer de gastronominin art\u0131k \u015fehirlerin ve \u00fclkelerin tan\u0131t\u0131lmas\u0131nda \u00e7ok \u00f6nemli noktada oldu\u011funu belirtti.<br \/>\nKonu\u015fmalar\u0131n ard\u0131ndan protokol, etkinlik kapsam\u0131nda a\u00e7\u0131lan stantlar\u0131 ziyaret etti. Program\u0131n sonunda misafirlere Nebi Dede \u00c7orbas\u0131 ikram edildi.\u00a0<\/p>\n<p>\u200bHaberin Al\u0131nt\u0131land\u0131\u011f\u0131 Kaynak: www.iskenderun.org<\/p>","protected":false},"excerpt":{"rendered":"<p>Bursa Y\u0131ld\u0131r\u0131m Belediyesi, T\u00fcrk Mutfa\u011f\u0131 Haftas\u0131 etkinliklerinin kapan\u0131\u015f program\u0131na tarihi Hamaml\u0131k\u0131z\u0131k Mahallesi\u2019nde ev sahipli\u011fi yapt\u0131.BURSA (\u0130GFA) &#8211; Bir hafta boyunca farkl\u0131 noktalarda d\u00fczenlenen etkinliklerin sonuncusunda, kad\u0131n kooperatiflerinin y\u00f6resel lezzetleriyle donatt\u0131\u011f\u0131 sofralar vatanda\u015flardan b\u00fcy\u00fck ilgi g\u00f6rd\u00fc. Tarihi atmosferiyle k\u00fclt\u00fcrel miras\u0131 temsil eden Hamaml\u0131k\u0131z\u0131k\u2019ta ger\u00e7ekle\u015fen programda konu\u015fan Y\u0131ld\u0131r\u0131m Belediye Ba\u015fkan\u0131 Oktay Y\u0131lmaz, T\u00fcrk mutfa\u011f\u0131n\u0131n sadece bir yemek k\u00fclt\u00fcr\u00fc de\u011fil, ayn\u0131 zamanda bir medeniyet haf\u0131zas\u0131 oldu\u011funu vurgulad\u0131. Y\u0131ld\u0131r\u0131m Belediyesi, T\u00fcrk Mutfa\u011f\u0131 Haftas\u0131 kapsam\u0131nda bir hafta boyunca s\u00fcren etkinliklerin finaline tarihi Hamaml\u0131k\u0131z\u0131k\u2019ta ev sahipli\u011fi yapt\u0131. Kad\u0131n kooperatiflerinin emekle yo\u011frulmu\u015f sofralar\u0131, k\u00fclt\u00fcrle harmanland\u0131. Kapan\u0131\u015f program\u0131na; Bursa Valisi Erol Ayy\u0131ld\u0131z, AK Parti Bursa Milletvekili Emine Yavuz G\u00f6zge\u00e7, Y\u0131ld\u0131r\u0131m Belediye Ba\u015fkan\u0131 Oktay Y\u0131lmaz, Y\u0131ld\u0131r\u0131m Kaymakam\u0131 Metin Esen, \u0130l K\u00fclt\u00fcr ve Turizm M\u00fcd\u00fcr\u00fc Kamil \u00d6zer, \u0130l Ticaret M\u00fcd\u00fcr\u00fc \u0130smail Aslanlar, \u0130l G\u00f6\u00e7 M\u00fcd\u00fcr\u00fc Ha\u015fim \u00d6zcan, AK Parti Y\u0131ld\u0131r\u0131m \u0130l\u00e7e Ba\u015fkan\u0131 \u0130rfan Akkaya, Hamaml\u0131k\u0131z\u0131k Kad\u0131nlar\u0131 Kooperatifi Ba\u015fkan\u0131 Elif Ba\u015faran\u2019\u0131n yan\u0131 s\u0131ra \u00e7ok say\u0131da kooperatif ba\u015fkan\u0131 ve \u00e7ok say\u0131da davetli kat\u0131ld\u0131. Programda konu\u015fan Y\u0131ld\u0131r\u0131m Belediye Ba\u015fkan\u0131 Oktay Y\u0131lmaz, \u201cBug\u00fcn burada, sadece yemeklerin de\u011fil; bir milletin ruhunun, bir k\u00fclt\u00fcr\u00fcn mayas\u0131n\u0131n, bir ge\u00e7mi\u015fin hat\u0131ras\u0131n\u0131n konu\u015fuldu\u011fu anlaml\u0131 bir program vesilesiyle bir araday\u0131z.T\u00fcrk mutfa\u011f\u0131; g\u00f6\u00e7ebe obalardan saraylara, da\u011f k\u00f6ylerinden \u015fehir sofralar\u0131na kadar uzanan bir medeniyetin mutfa\u011f\u0131d\u0131r. Bu mutfakta sadece yemek de\u011fil, dua, gelenek, birlik, &hellip;<\/p>","protected":false},"author":1,"featured_media":0,"comment_status":"","ping_status":"open","sticky":false,"template":"","format":"standard","meta":{"_acf_changed":false,"footnotes":""},"categories":[24],"tags":[],"class_list":["post-98365","post","type-post","status-publish","format-standard","has-post-thumbnail","hentry","category-gundem"],"acf":[],"yoast_head":"<!-- This site is optimized with the Yoast SEO Premium plugin v26.6 (Yoast SEO v27.1.1) - https:\/\/yoast.com\/product\/yoast-seo-premium-wordpress\/ -->\n<title>As\u0131rl\u0131k tarifler tarihi mekanda bulu\u015ftu\u00a0 - Av. Deniz Can K\u0131z\u0131l<\/title>\n<meta name=\"robots\" content=\"index, follow, max-snippet:-1, max-image-preview:large, max-video-preview:-1\" \/>\n<link rel=\"canonical\" href=\"https:\/\/denizcankizil.tr\/ru\/haberler\/gundem\/asirlik-tarifler-tarihi-mekanda-bulustu\/\" \/>\n<meta property=\"og:locale\" content=\"ru_RU\" \/>\n<meta property=\"og:type\" content=\"article\" \/>\n<meta property=\"og:title\" content=\"As\u0131rl\u0131k tarifler tarihi mekanda bulu\u015ftu\u00a0\" \/>\n<meta property=\"og:description\" content=\"Bursa Y\u0131ld\u0131r\u0131m Belediyesi, T\u00fcrk Mutfa\u011f\u0131 Haftas\u0131 etkinliklerinin kapan\u0131\u015f program\u0131na tarihi Hamaml\u0131k\u0131z\u0131k Mahallesi\u2019nde ev sahipli\u011fi yapt\u0131.BURSA (\u0130GFA) &#8211; Bir hafta boyunca farkl\u0131 noktalarda d\u00fczenlenen etkinliklerin sonuncusunda, kad\u0131n kooperatiflerinin y\u00f6resel lezzetleriyle donatt\u0131\u011f\u0131 sofralar vatanda\u015flardan b\u00fcy\u00fck ilgi g\u00f6rd\u00fc. Tarihi atmosferiyle k\u00fclt\u00fcrel miras\u0131 temsil eden Hamaml\u0131k\u0131z\u0131k\u2019ta ger\u00e7ekle\u015fen programda konu\u015fan Y\u0131ld\u0131r\u0131m Belediye Ba\u015fkan\u0131 Oktay Y\u0131lmaz, T\u00fcrk mutfa\u011f\u0131n\u0131n sadece bir yemek k\u00fclt\u00fcr\u00fc de\u011fil, ayn\u0131 zamanda bir medeniyet haf\u0131zas\u0131 oldu\u011funu vurgulad\u0131. Y\u0131ld\u0131r\u0131m Belediyesi, T\u00fcrk Mutfa\u011f\u0131 Haftas\u0131 kapsam\u0131nda bir hafta boyunca s\u00fcren etkinliklerin finaline tarihi Hamaml\u0131k\u0131z\u0131k\u2019ta ev sahipli\u011fi yapt\u0131. Kad\u0131n kooperatiflerinin emekle yo\u011frulmu\u015f sofralar\u0131, k\u00fclt\u00fcrle harmanland\u0131. Kapan\u0131\u015f program\u0131na; Bursa Valisi Erol Ayy\u0131ld\u0131z, AK Parti Bursa Milletvekili Emine Yavuz G\u00f6zge\u00e7, Y\u0131ld\u0131r\u0131m Belediye Ba\u015fkan\u0131 Oktay Y\u0131lmaz, Y\u0131ld\u0131r\u0131m Kaymakam\u0131 Metin Esen, \u0130l K\u00fclt\u00fcr ve Turizm M\u00fcd\u00fcr\u00fc Kamil \u00d6zer, \u0130l Ticaret M\u00fcd\u00fcr\u00fc \u0130smail Aslanlar, \u0130l G\u00f6\u00e7 M\u00fcd\u00fcr\u00fc Ha\u015fim \u00d6zcan, AK Parti Y\u0131ld\u0131r\u0131m \u0130l\u00e7e Ba\u015fkan\u0131 \u0130rfan Akkaya, Hamaml\u0131k\u0131z\u0131k Kad\u0131nlar\u0131 Kooperatifi Ba\u015fkan\u0131 Elif Ba\u015faran\u2019\u0131n yan\u0131 s\u0131ra \u00e7ok say\u0131da kooperatif ba\u015fkan\u0131 ve \u00e7ok say\u0131da davetli kat\u0131ld\u0131. Programda konu\u015fan Y\u0131ld\u0131r\u0131m Belediye Ba\u015fkan\u0131 Oktay Y\u0131lmaz, \u201cBug\u00fcn burada, sadece yemeklerin de\u011fil; bir milletin ruhunun, bir k\u00fclt\u00fcr\u00fcn mayas\u0131n\u0131n, bir ge\u00e7mi\u015fin hat\u0131ras\u0131n\u0131n konu\u015fuldu\u011fu anlaml\u0131 bir program vesilesiyle bir araday\u0131z.T\u00fcrk mutfa\u011f\u0131; g\u00f6\u00e7ebe obalardan saraylara, da\u011f k\u00f6ylerinden \u015fehir sofralar\u0131na kadar uzanan bir medeniyetin mutfa\u011f\u0131d\u0131r. Bu mutfakta sadece yemek de\u011fil, dua, gelenek, birlik, &hellip;\" \/>\n<meta property=\"og:url\" content=\"https:\/\/denizcankizil.tr\/ru\/haberler\/gundem\/asirlik-tarifler-tarihi-mekanda-bulustu\/\" \/>\n<meta property=\"og:site_name\" content=\"Av. Deniz Can K\u0131z\u0131l\" \/>\n<meta property=\"article:published_time\" content=\"2025-05-27T09:42:30+00:00\" \/>\n<meta name=\"author\" content=\"admin\" \/>\n<meta name=\"twitter:card\" content=\"summary_large_image\" \/>\n<meta name=\"twitter:label1\" content=\"\u041d\u0430\u043f\u0438\u0441\u0430\u043d\u043e \u0430\u0432\u0442\u043e\u0440\u043e\u043c\" \/>\n\t<meta name=\"twitter:data1\" content=\"admin\" \/>\n\t<meta name=\"twitter:label2\" content=\"\u041f\u0440\u0438\u043c\u0435\u0440\u043d\u043e\u0435 \u0432\u0440\u0435\u043c\u044f \u0434\u043b\u044f \u0447\u0442\u0435\u043d\u0438\u044f\" \/>\n\t<meta name=\"twitter:data2\" content=\"7 \u043c\u0438\u043d\u0443\u0442\" \/>\n<script type=\"application\/ld+json\" class=\"yoast-schema-graph\">{\"@context\":\"https:\/\/schema.org\",\"@graph\":[{\"@type\":\"Article\",\"@id\":\"https:\/\/denizcankizil.tr\/ru\/haberler\/gundem\/asirlik-tarifler-tarihi-mekanda-bulustu\/#article\",\"isPartOf\":{\"@id\":\"https:\/\/denizcankizil.tr\/ru\/haberler\/gundem\/asirlik-tarifler-tarihi-mekanda-bulustu\/\"},\"author\":{\"name\":\"admin\",\"@id\":\"https:\/\/denizcankizil.tr\/de\/#\/schema\/person\/be3c05fe6a12686905512445d8185489\"},\"headline\":\"As\u0131rl\u0131k tarifler tarihi mekanda bulu\u015ftu\u00a0\",\"datePublished\":\"2025-05-27T09:42:30+00:00\",\"mainEntityOfPage\":{\"@id\":\"https:\/\/denizcankizil.tr\/ru\/haberler\/gundem\/asirlik-tarifler-tarihi-mekanda-bulustu\/\"},\"wordCount\":1500,\"publisher\":{\"@id\":\"https:\/\/denizcankizil.tr\/de\/#organization\"},\"articleSection\":[\"G\u00fcndem\"],\"inLanguage\":\"ru-RU\"},{\"@type\":\"WebPage\",\"@id\":\"https:\/\/denizcankizil.tr\/ru\/haberler\/gundem\/asirlik-tarifler-tarihi-mekanda-bulustu\/\",\"url\":\"https:\/\/denizcankizil.tr\/ru\/haberler\/gundem\/asirlik-tarifler-tarihi-mekanda-bulustu\/\",\"name\":\"As\u0131rl\u0131k tarifler tarihi mekanda bulu\u015ftu\u00a0 - Av. Deniz Can K\u0131z\u0131l\",\"isPartOf\":{\"@id\":\"https:\/\/denizcankizil.tr\/de\/#website\"},\"datePublished\":\"2025-05-27T09:42:30+00:00\",\"breadcrumb\":{\"@id\":\"https:\/\/denizcankizil.tr\/ru\/haberler\/gundem\/asirlik-tarifler-tarihi-mekanda-bulustu\/#breadcrumb\"},\"inLanguage\":\"ru-RU\",\"potentialAction\":[{\"@type\":\"ReadAction\",\"target\":[\"https:\/\/denizcankizil.tr\/ru\/haberler\/gundem\/asirlik-tarifler-tarihi-mekanda-bulustu\/\"]}]},{\"@type\":\"BreadcrumbList\",\"@id\":\"https:\/\/denizcankizil.tr\/ru\/haberler\/gundem\/asirlik-tarifler-tarihi-mekanda-bulustu\/#breadcrumb\",\"itemListElement\":[{\"@type\":\"ListItem\",\"position\":1,\"name\":\"Home\",\"item\":\"https:\/\/denizcankizil.tr\/de\/\"},{\"@type\":\"ListItem\",\"position\":2,\"name\":\"As\u0131rl\u0131k tarifler tarihi mekanda bulu\u015ftu\u00a0\"}]},{\"@type\":\"WebSite\",\"@id\":\"https:\/\/denizcankizil.tr\/de\/#website\",\"url\":\"https:\/\/denizcankizil.tr\/de\/\",\"name\":\"Av. Deniz Can K\u0131z\u0131l\",\"description\":\"Avukat Deniz Can K\u0131z\u0131l Antalya Barosu\",\"publisher\":{\"@id\":\"https:\/\/denizcankizil.tr\/de\/#organization\"},\"potentialAction\":[{\"@type\":\"SearchAction\",\"target\":{\"@type\":\"EntryPoint\",\"urlTemplate\":\"https:\/\/denizcankizil.tr\/de\/?s={search_term_string}\"},\"query-input\":{\"@type\":\"PropertyValueSpecification\",\"valueRequired\":true,\"valueName\":\"search_term_string\"}}],\"inLanguage\":\"ru-RU\"},{\"@type\":\"Organization\",\"@id\":\"https:\/\/denizcankizil.tr\/de\/#organization\",\"name\":\"Av. Deniz Can K\u0131z\u0131l\",\"url\":\"https:\/\/denizcankizil.tr\/de\/\",\"logo\":{\"@type\":\"ImageObject\",\"inLanguage\":\"ru-RU\",\"@id\":\"https:\/\/denizcankizil.tr\/de\/#\/schema\/logo\/image\/\",\"url\":\"https:\/\/denizcankizil.tr\/wp-content\/uploads\/2024\/10\/siyah-logo-svg.svg\",\"contentUrl\":\"https:\/\/denizcankizil.tr\/wp-content\/uploads\/2024\/10\/siyah-logo-svg.svg\",\"width\":1080,\"height\":1080,\"caption\":\"Av. Deniz Can K\u0131z\u0131l\"},\"image\":{\"@id\":\"https:\/\/denizcankizil.tr\/de\/#\/schema\/logo\/image\/\"}},{\"@type\":\"Person\",\"@id\":\"https:\/\/denizcankizil.tr\/de\/#\/schema\/person\/be3c05fe6a12686905512445d8185489\",\"name\":\"admin\",\"image\":{\"@type\":\"ImageObject\",\"inLanguage\":\"ru-RU\",\"@id\":\"https:\/\/denizcankizil.tr\/de\/#\/schema\/person\/image\/\",\"url\":\"https:\/\/secure.gravatar.com\/avatar\/c1fce94c830dc79107e174f890d7210541c4a63e8e5d816341794a2151c9d58c?s=96&d=mm&r=g\",\"contentUrl\":\"https:\/\/secure.gravatar.com\/avatar\/c1fce94c830dc79107e174f890d7210541c4a63e8e5d816341794a2151c9d58c?s=96&d=mm&r=g\",\"caption\":\"admin\"},\"sameAs\":[\"http:\/\/denizcankizil.tr\"],\"url\":\"https:\/\/www.iskenderun.org\/asirlik-tarifler-tarihi-mekanda-bulustu\"}]}<\/script>\n<!-- \/ Yoast SEO Premium plugin. -->","yoast_head_json":{"title":"As\u0131rl\u0131k tarifler tarihi mekanda bulu\u015ftu\u00a0 - Av. Deniz Can K\u0131z\u0131l","robots":{"index":"index","follow":"follow","max-snippet":"max-snippet:-1","max-image-preview":"max-image-preview:large","max-video-preview":"max-video-preview:-1"},"canonical":"https:\/\/denizcankizil.tr\/ru\/haberler\/gundem\/asirlik-tarifler-tarihi-mekanda-bulustu\/","og_locale":"ru_RU","og_type":"article","og_title":"As\u0131rl\u0131k tarifler tarihi mekanda bulu\u015ftu\u00a0","og_description":"Bursa Y\u0131ld\u0131r\u0131m Belediyesi, T\u00fcrk Mutfa\u011f\u0131 Haftas\u0131 etkinliklerinin kapan\u0131\u015f program\u0131na tarihi Hamaml\u0131k\u0131z\u0131k Mahallesi\u2019nde ev sahipli\u011fi yapt\u0131.BURSA (\u0130GFA) &#8211; Bir hafta boyunca farkl\u0131 noktalarda d\u00fczenlenen etkinliklerin sonuncusunda, kad\u0131n kooperatiflerinin y\u00f6resel lezzetleriyle donatt\u0131\u011f\u0131 sofralar vatanda\u015flardan b\u00fcy\u00fck ilgi g\u00f6rd\u00fc. Tarihi atmosferiyle k\u00fclt\u00fcrel miras\u0131 temsil eden Hamaml\u0131k\u0131z\u0131k\u2019ta ger\u00e7ekle\u015fen programda konu\u015fan Y\u0131ld\u0131r\u0131m Belediye Ba\u015fkan\u0131 Oktay Y\u0131lmaz, T\u00fcrk mutfa\u011f\u0131n\u0131n sadece bir yemek k\u00fclt\u00fcr\u00fc de\u011fil, ayn\u0131 zamanda bir medeniyet haf\u0131zas\u0131 oldu\u011funu vurgulad\u0131. Y\u0131ld\u0131r\u0131m Belediyesi, T\u00fcrk Mutfa\u011f\u0131 Haftas\u0131 kapsam\u0131nda bir hafta boyunca s\u00fcren etkinliklerin finaline tarihi Hamaml\u0131k\u0131z\u0131k\u2019ta ev sahipli\u011fi yapt\u0131. Kad\u0131n kooperatiflerinin emekle yo\u011frulmu\u015f sofralar\u0131, k\u00fclt\u00fcrle harmanland\u0131. Kapan\u0131\u015f program\u0131na; Bursa Valisi Erol Ayy\u0131ld\u0131z, AK Parti Bursa Milletvekili Emine Yavuz G\u00f6zge\u00e7, Y\u0131ld\u0131r\u0131m Belediye Ba\u015fkan\u0131 Oktay Y\u0131lmaz, Y\u0131ld\u0131r\u0131m Kaymakam\u0131 Metin Esen, \u0130l K\u00fclt\u00fcr ve Turizm M\u00fcd\u00fcr\u00fc Kamil \u00d6zer, \u0130l Ticaret M\u00fcd\u00fcr\u00fc \u0130smail Aslanlar, \u0130l G\u00f6\u00e7 M\u00fcd\u00fcr\u00fc Ha\u015fim \u00d6zcan, AK Parti Y\u0131ld\u0131r\u0131m \u0130l\u00e7e Ba\u015fkan\u0131 \u0130rfan Akkaya, Hamaml\u0131k\u0131z\u0131k Kad\u0131nlar\u0131 Kooperatifi Ba\u015fkan\u0131 Elif Ba\u015faran\u2019\u0131n yan\u0131 s\u0131ra \u00e7ok say\u0131da kooperatif ba\u015fkan\u0131 ve \u00e7ok say\u0131da davetli kat\u0131ld\u0131. Programda konu\u015fan Y\u0131ld\u0131r\u0131m Belediye Ba\u015fkan\u0131 Oktay Y\u0131lmaz, \u201cBug\u00fcn burada, sadece yemeklerin de\u011fil; bir milletin ruhunun, bir k\u00fclt\u00fcr\u00fcn mayas\u0131n\u0131n, bir ge\u00e7mi\u015fin hat\u0131ras\u0131n\u0131n konu\u015fuldu\u011fu anlaml\u0131 bir program vesilesiyle bir araday\u0131z.T\u00fcrk mutfa\u011f\u0131; g\u00f6\u00e7ebe obalardan saraylara, da\u011f k\u00f6ylerinden \u015fehir sofralar\u0131na kadar uzanan bir medeniyetin mutfa\u011f\u0131d\u0131r. Bu mutfakta sadece yemek de\u011fil, dua, gelenek, birlik, &hellip;","og_url":"https:\/\/denizcankizil.tr\/ru\/haberler\/gundem\/asirlik-tarifler-tarihi-mekanda-bulustu\/","og_site_name":"Av. Deniz Can K\u0131z\u0131l","article_published_time":"2025-05-27T09:42:30+00:00","author":"admin","twitter_card":"summary_large_image","twitter_misc":{"\u041d\u0430\u043f\u0438\u0441\u0430\u043d\u043e \u0430\u0432\u0442\u043e\u0440\u043e\u043c":"admin","\u041f\u0440\u0438\u043c\u0435\u0440\u043d\u043e\u0435 \u0432\u0440\u0435\u043c\u044f \u0434\u043b\u044f \u0447\u0442\u0435\u043d\u0438\u044f":"7 \u043c\u0438\u043d\u0443\u0442"},"schema":{"@context":"https:\/\/schema.org","@graph":[{"@type":"Article","@id":"https:\/\/denizcankizil.tr\/ru\/haberler\/gundem\/asirlik-tarifler-tarihi-mekanda-bulustu\/#article","isPartOf":{"@id":"https:\/\/denizcankizil.tr\/ru\/haberler\/gundem\/asirlik-tarifler-tarihi-mekanda-bulustu\/"},"author":{"name":"admin","@id":"https:\/\/denizcankizil.tr\/de\/#\/schema\/person\/be3c05fe6a12686905512445d8185489"},"headline":"As\u0131rl\u0131k tarifler tarihi mekanda bulu\u015ftu\u00a0","datePublished":"2025-05-27T09:42:30+00:00","mainEntityOfPage":{"@id":"https:\/\/denizcankizil.tr\/ru\/haberler\/gundem\/asirlik-tarifler-tarihi-mekanda-bulustu\/"},"wordCount":1500,"publisher":{"@id":"https:\/\/denizcankizil.tr\/de\/#organization"},"articleSection":["G\u00fcndem"],"inLanguage":"ru-RU"},{"@type":"WebPage","@id":"https:\/\/denizcankizil.tr\/ru\/haberler\/gundem\/asirlik-tarifler-tarihi-mekanda-bulustu\/","url":"https:\/\/denizcankizil.tr\/ru\/haberler\/gundem\/asirlik-tarifler-tarihi-mekanda-bulustu\/","name":"As\u0131rl\u0131k tarifler tarihi mekanda bulu\u015ftu\u00a0 - Av. Deniz Can K\u0131z\u0131l","isPartOf":{"@id":"https:\/\/denizcankizil.tr\/de\/#website"},"datePublished":"2025-05-27T09:42:30+00:00","breadcrumb":{"@id":"https:\/\/denizcankizil.tr\/ru\/haberler\/gundem\/asirlik-tarifler-tarihi-mekanda-bulustu\/#breadcrumb"},"inLanguage":"ru-RU","potentialAction":[{"@type":"ReadAction","target":["https:\/\/denizcankizil.tr\/ru\/haberler\/gundem\/asirlik-tarifler-tarihi-mekanda-bulustu\/"]}]},{"@type":"BreadcrumbList","@id":"https:\/\/denizcankizil.tr\/ru\/haberler\/gundem\/asirlik-tarifler-tarihi-mekanda-bulustu\/#breadcrumb","itemListElement":[{"@type":"ListItem","position":1,"name":"Home","item":"https:\/\/denizcankizil.tr\/de\/"},{"@type":"ListItem","position":2,"name":"As\u0131rl\u0131k tarifler tarihi mekanda bulu\u015ftu\u00a0"}]},{"@type":"WebSite","@id":"https:\/\/denizcankizil.tr\/de\/#website","url":"https:\/\/denizcankizil.tr\/de\/","name":"Av. Deniz Can K\u0131z\u0131l","description":"Avukat Deniz Can K\u0131z\u0131l Antalya Barosu","publisher":{"@id":"https:\/\/denizcankizil.tr\/de\/#organization"},"potentialAction":[{"@type":"SearchAction","target":{"@type":"EntryPoint","urlTemplate":"https:\/\/denizcankizil.tr\/de\/?s={search_term_string}"},"query-input":{"@type":"PropertyValueSpecification","valueRequired":true,"valueName":"search_term_string"}}],"inLanguage":"ru-RU"},{"@type":"Organization","@id":"https:\/\/denizcankizil.tr\/de\/#organization","name":"Av. Deniz Can K\u0131z\u0131l","url":"https:\/\/denizcankizil.tr\/de\/","logo":{"@type":"ImageObject","inLanguage":"ru-RU","@id":"https:\/\/denizcankizil.tr\/de\/#\/schema\/logo\/image\/","url":"https:\/\/denizcankizil.tr\/wp-content\/uploads\/2024\/10\/siyah-logo-svg.svg","contentUrl":"https:\/\/denizcankizil.tr\/wp-content\/uploads\/2024\/10\/siyah-logo-svg.svg","width":1080,"height":1080,"caption":"Av. Deniz Can K\u0131z\u0131l"},"image":{"@id":"https:\/\/denizcankizil.tr\/de\/#\/schema\/logo\/image\/"}},{"@type":"Person","@id":"https:\/\/denizcankizil.tr\/de\/#\/schema\/person\/be3c05fe6a12686905512445d8185489","name":"\u0430\u0434\u043c\u0438\u043d","image":{"@type":"ImageObject","inLanguage":"ru-RU","@id":"https:\/\/denizcankizil.tr\/de\/#\/schema\/person\/image\/","url":"https:\/\/secure.gravatar.com\/avatar\/c1fce94c830dc79107e174f890d7210541c4a63e8e5d816341794a2151c9d58c?s=96&d=mm&r=g","contentUrl":"https:\/\/secure.gravatar.com\/avatar\/c1fce94c830dc79107e174f890d7210541c4a63e8e5d816341794a2151c9d58c?s=96&d=mm&r=g","caption":"admin"},"sameAs":["http:\/\/denizcankizil.tr"],"url":"https:\/\/www.iskenderun.org\/asirlik-tarifler-tarihi-mekanda-bulustu"}]}},"_links":{"self":[{"href":"https:\/\/denizcankizil.tr\/ru\/wp-json\/wp\/v2\/posts\/98365","targetHints":{"allow":["GET"]}}],"collection":[{"href":"https:\/\/denizcankizil.tr\/ru\/wp-json\/wp\/v2\/posts"}],"about":[{"href":"https:\/\/denizcankizil.tr\/ru\/wp-json\/wp\/v2\/types\/post"}],"author":[{"embeddable":true,"href":"https:\/\/denizcankizil.tr\/ru\/wp-json\/wp\/v2\/users\/1"}],"replies":[{"embeddable":true,"href":"https:\/\/denizcankizil.tr\/ru\/wp-json\/wp\/v2\/comments?post=98365"}],"version-history":[{"count":0,"href":"https:\/\/denizcankizil.tr\/ru\/wp-json\/wp\/v2\/posts\/98365\/revisions"}],"wp:attachment":[{"href":"https:\/\/denizcankizil.tr\/ru\/wp-json\/wp\/v2\/media?parent=98365"}],"wp:term":[{"taxonomy":"category","embeddable":true,"href":"https:\/\/denizcankizil.tr\/ru\/wp-json\/wp\/v2\/categories?post=98365"},{"taxonomy":"post_tag","embeddable":true,"href":"https:\/\/denizcankizil.tr\/ru\/wp-json\/wp\/v2\/tags?post=98365"}],"curies":[{"name":"wp","href":"https:\/\/api.w.org\/{rel}","templated":true}]}}