{"id":98319,"date":"2025-05-27T12:41:23","date_gmt":"2025-05-27T09:41:23","guid":{"rendered":"https:\/\/denizcankizil.tr\/uncategorized-tr\/alanyaya-gelen-her-10-yabanci-yatirimcidan-6si-kalici-oldu\/"},"modified":"2025-05-27T12:41:23","modified_gmt":"2025-05-27T09:41:23","slug":"alanyaya-gelen-her-10-yabanci-yatirimcidan-6si-kalici-oldu","status":"publish","type":"post","link":"https:\/\/denizcankizil.tr\/ru\/haberler\/gundem\/alanyaya-gelen-her-10-yabanci-yatirimcidan-6si-kalici-oldu\/","title":{"rendered":"Alanya\u2019ya gelen her 10 yabanc\u0131 yat\u0131r\u0131mc\u0131dan 6\u2019s\u0131 kal\u0131c\u0131 oldu"},"content":{"rendered":"<p>Ankara \u00dcniversitesi Fen Bilimleri Fak\u00fcltesi\u2019nden Encan Aydo\u011fdu\u2019nun 2024\u2019te yapt\u0131\u011f\u0131 ara\u015ft\u0131rmaya g\u00f6re. Antalya\u2019n\u0131n Alanya il\u00e7esinde ta\u015f\u0131nmaz sat\u0131n alan yabanc\u0131lar\u0131n \u00f6nemli bir k\u0131sm\u0131, bu yat\u0131r\u0131m\u0131 sadece k\u00e2rl\u0131 bir al\u0131m olarak de\u011fil, uzun vadeli ya\u015fam planlar\u0131n\u0131n bir par\u00e7as\u0131 olarak de\u011ferlendiriyor. Bug\u00fcne kadar il\u00e7ede ta\u015f\u0131nmaz edinen 45 bin 756 yabanc\u0131dan 27 bin 819\u2019u fiilen Alanya\u2019da ya\u015f\u0131yor. Bu say\u0131, il\u00e7e n\u00fcfusunun y\u00fczde 8,5\u2019ine denk geliyor.<\/p>\n<p>ALANYA&#8217;YA B\u00dcY\u00dcK TALEP <\/p>\n<p>Aydo\u011fdu\u2019nun Alanya\u2019da yabanc\u0131lar\u0131n gayrimenkul edinim s\u00fcreci \u00fczerine yapt\u0131\u011f\u0131 ara\u015ft\u0131rma, yat\u0131r\u0131m e\u011filimlerinin yan\u0131 s\u0131ra vatanda\u015fl\u0131k motivasyonunu ve tavsiye etkisini de ortaya oydu. Yabanc\u0131 al\u0131c\u0131lar\u0131n y\u00fczde 64,7\u2019si gayrimenkul al\u0131m\u0131n\u0131 \u00e7evresine \u00f6nerdi\u011fini, y\u00fczde 35\u2019i ise bu \u00f6nerilerin etkisiyle yeni al\u0131mlar ger\u00e7ekle\u015fti\u011fini belirtti. Kat\u0131l\u0131mc\u0131lar\u0131n b\u00fcy\u00fck b\u00f6l\u00fcm\u00fc kom\u015fu tercihlerinde milliyet fark\u0131 g\u00f6zetmiyor.<\/p>\n<p>\u0130LET\u0130\u015e\u0130M H\u00c2L\u00c2 EN B\u00dcY\u00dcK SORUN, VATANDA\u015eLIK \u0130SE G\u00dc\u00c7L\u00dc MOT\u0130VASYON<\/p>\n<p>Ara\u015ft\u0131rmaya g\u00f6re yabanc\u0131lar\u0131n yaln\u0131zca y\u00fczde 4\u2019\u00fc sat\u0131n alma s\u00fcrecinde zorluk ya\u015fad\u0131\u011f\u0131n\u0131 belirtirken, bu zorluklar\u0131n ba\u015f\u0131nda dil ve ileti\u015fim eksikli\u011fi geliyor. Kat\u0131l\u0131mc\u0131lar\u0131n y\u00fczde 81,3\u2019\u00fc gayrimenkul ediniminin vatanda\u015fl\u0131k hakk\u0131 sundu\u011funu bildi\u011fini ifade ederken, y\u00fczde 7,7\u2019si vatanda\u015fl\u0131k ba\u015fvurusu yapmay\u0131 planlad\u0131\u011f\u0131n\u0131 s\u00f6yledi.<\/p>\n<p>DE\u011eER ARTI\u015eI YATIRIMCININ Y\u00dcZ\u00dcN\u00dc G\u00dcLD\u00dcR\u00dcYOR<\/p>\n<p>Yabanc\u0131 yat\u0131r\u0131mc\u0131lar\u0131n y\u00fczde 79,3\u2019\u00fc sat\u0131n ald\u0131klar\u0131 ta\u015f\u0131nmaz\u0131n de\u011fer kazand\u0131\u011f\u0131n\u0131 belirtiyor. Kat\u0131l\u0131mc\u0131lar\u0131n y\u00fczde 19,3\u2019\u00fc ise Alanya\u2019ya ta\u015f\u0131nd\u0131ktan sonra ya\u015fam kalitelerinde olumlu y\u00f6nde de\u011fi\u015fim ya\u015fad\u0131\u011f\u0131n\u0131 aktar\u0131yor.<\/p>\n<p>POL\u0130T\u0130KA \u00d6NER\u0130LER\u0130: DENET\u0130M, \u015eEFFAFLIK VE PLANLAMA<\/p>\n<p>Ara\u015ft\u0131rmada, yabanc\u0131ya sat\u0131\u015f\u0131n yaln\u0131zca vatanda\u015fl\u0131kla s\u0131n\u0131rl\u0131 olmamas\u0131 gerekti\u011fi, uzun vadeli s\u00fcrd\u00fcr\u00fclebilir yat\u0131r\u0131mlar\u0131n desteklenmesi gerekti\u011fi vurgulan\u0131yor. \u0130l, il\u00e7e ve mahalle d\u00fczeyinde y\u0131ll\u0131k raporlarla ta\u015f\u0131nmaz ediniminin takip edilmesi, bo\u015f arsa al\u0131mlar\u0131n\u0131n yat\u0131r\u0131m s\u00fcrecinin izlenmesi ve mahalle-k\u00f6y d\u00fczeyinde s\u0131n\u0131rlamalar getirilmesi \u00f6neriler aras\u0131nda yer al\u0131yor.<\/p>\n<p>SON 5 YILDA EN FAZLA SATI\u015e ALANYA\u2019DA<\/p>\n<p>Antalya\u2019da 2018 \u2013 2023 Haziran aras\u0131nda toplam 66 bin 205 adet uluslararas\u0131 yat\u0131r\u0131mc\u0131ya konut sat\u0131\u015f\u0131 ger\u00e7ekle\u015fmi\u015f ve bu sat\u0131\u015flar\u0131n y\u00fczde 90,9\u2019u sadece d\u00f6rt il\u00e7ede toplanm\u0131\u015ft\u0131. Alanya 40 bin 709 konut sat\u0131\u015f\u0131 ve y\u00fczde 61,5 pay ile Antalya\u2019da uluslararas\u0131 yat\u0131r\u0131mc\u0131ya en \u00e7ok konut sat\u0131\u015f\u0131 yap\u0131lan il\u00e7e konumundayken, ikinci s\u0131rada olan Konyaalt\u0131\u2019nda ise uluslararas\u0131 yat\u0131r\u0131mc\u0131ya konut sat\u0131\u015f\u0131 yaln\u0131zca 7 bin 799 olup bunun Antalya\u2019daki toplam sat\u0131\u015flardaki pay\u0131 y\u00fczde 11,8 olarak ger\u00e7ekle\u015fmi\u015fti. Bu iki il\u00e7eyi 6 bin 221 sat\u0131\u015f ve y\u00fczde 9,4 pay ile Muratpa\u015fa, 5 bin 447 sat\u0131\u015f ve y\u00fczde 8,2 pay ile Kepez takip etmi\u015fti.<\/p>\n<p>\u200bAntalya&#8217;n\u0131n Alanya il\u00e7esinde ta\u015f\u0131nmaz sat\u0131n alan yabanc\u0131lar\u0131n y\u00fczde 60\u2019tan fazlas\u0131 burada kal\u0131c\u0131 olarak ya\u015f\u0131yor. Yabanc\u0131 yat\u0131r\u0131mc\u0131lar sadece k\u00e2r amac\u0131yla de\u011fil, uzun vadeli ya\u015fam ve vatanda\u015fl\u0131k avantajlar\u0131 i\u00e7in Alanya\u2019y\u0131 tercih ediyor.\u00a0<\/p>\n<p>\u200bHaberin Al\u0131nt\u0131land\u0131\u011f\u0131 Kaynak: www.antalyakorfez.com<\/p>","protected":false},"excerpt":{"rendered":"<p>Ankara \u00dcniversitesi Fen Bilimleri Fak\u00fcltesi\u2019nden Encan Aydo\u011fdu\u2019nun 2024\u2019te yapt\u0131\u011f\u0131 ara\u015ft\u0131rmaya g\u00f6re. Antalya\u2019n\u0131n Alanya il\u00e7esinde ta\u015f\u0131nmaz sat\u0131n alan yabanc\u0131lar\u0131n \u00f6nemli bir k\u0131sm\u0131, bu yat\u0131r\u0131m\u0131 sadece k\u00e2rl\u0131 bir al\u0131m olarak de\u011fil, uzun vadeli ya\u015fam planlar\u0131n\u0131n bir par\u00e7as\u0131 olarak de\u011ferlendiriyor. Bug\u00fcne kadar il\u00e7ede ta\u015f\u0131nmaz edinen 45 bin 756 yabanc\u0131dan 27 bin 819\u2019u fiilen Alanya\u2019da ya\u015f\u0131yor. Bu say\u0131, il\u00e7e n\u00fcfusunun y\u00fczde 8,5\u2019ine denk geliyor. ALANYA&#8217;YA B\u00dcY\u00dcK TALEP Aydo\u011fdu\u2019nun Alanya\u2019da yabanc\u0131lar\u0131n gayrimenkul edinim s\u00fcreci \u00fczerine yapt\u0131\u011f\u0131 ara\u015ft\u0131rma, yat\u0131r\u0131m e\u011filimlerinin yan\u0131 s\u0131ra vatanda\u015fl\u0131k motivasyonunu ve tavsiye etkisini de ortaya oydu. Yabanc\u0131 al\u0131c\u0131lar\u0131n y\u00fczde 64,7\u2019si gayrimenkul al\u0131m\u0131n\u0131 \u00e7evresine \u00f6nerdi\u011fini, y\u00fczde 35\u2019i ise bu \u00f6nerilerin etkisiyle yeni al\u0131mlar ger\u00e7ekle\u015fti\u011fini belirtti. Kat\u0131l\u0131mc\u0131lar\u0131n b\u00fcy\u00fck b\u00f6l\u00fcm\u00fc kom\u015fu tercihlerinde milliyet fark\u0131 g\u00f6zetmiyor. \u0130LET\u0130\u015e\u0130M H\u00c2L\u00c2 EN B\u00dcY\u00dcK SORUN, VATANDA\u015eLIK \u0130SE G\u00dc\u00c7L\u00dc MOT\u0130VASYON Ara\u015ft\u0131rmaya g\u00f6re yabanc\u0131lar\u0131n yaln\u0131zca y\u00fczde 4\u2019\u00fc sat\u0131n alma s\u00fcrecinde zorluk ya\u015fad\u0131\u011f\u0131n\u0131 belirtirken, bu zorluklar\u0131n ba\u015f\u0131nda dil ve ileti\u015fim eksikli\u011fi geliyor. Kat\u0131l\u0131mc\u0131lar\u0131n y\u00fczde 81,3\u2019\u00fc gayrimenkul ediniminin vatanda\u015fl\u0131k hakk\u0131 sundu\u011funu bildi\u011fini ifade ederken, y\u00fczde 7,7\u2019si vatanda\u015fl\u0131k ba\u015fvurusu yapmay\u0131 planlad\u0131\u011f\u0131n\u0131 s\u00f6yledi. DE\u011eER ARTI\u015eI YATIRIMCININ Y\u00dcZ\u00dcN\u00dc G\u00dcLD\u00dcR\u00dcYOR Yabanc\u0131 yat\u0131r\u0131mc\u0131lar\u0131n y\u00fczde 79,3\u2019\u00fc sat\u0131n ald\u0131klar\u0131 ta\u015f\u0131nmaz\u0131n de\u011fer kazand\u0131\u011f\u0131n\u0131 belirtiyor. Kat\u0131l\u0131mc\u0131lar\u0131n y\u00fczde 19,3\u2019\u00fc ise Alanya\u2019ya ta\u015f\u0131nd\u0131ktan sonra ya\u015fam kalitelerinde olumlu y\u00f6nde de\u011fi\u015fim ya\u015fad\u0131\u011f\u0131n\u0131 aktar\u0131yor. POL\u0130T\u0130KA \u00d6NER\u0130LER\u0130: DENET\u0130M, \u015eEFFAFLIK VE PLANLAMA Ara\u015ft\u0131rmada, yabanc\u0131ya sat\u0131\u015f\u0131n yaln\u0131zca vatanda\u015fl\u0131kla s\u0131n\u0131rl\u0131 olmamas\u0131 gerekti\u011fi, &hellip;<\/p>","protected":false},"author":5,"featured_media":0,"comment_status":"","ping_status":"open","sticky":false,"template":"","format":"standard","meta":{"_acf_changed":false,"footnotes":""},"categories":[24],"tags":[],"class_list":["post-98319","post","type-post","status-publish","format-standard","has-post-thumbnail","hentry","category-gundem"],"acf":[],"yoast_head":"<!-- This site is optimized with the Yoast SEO Premium plugin v26.6 (Yoast SEO v27.1.1) - https:\/\/yoast.com\/product\/yoast-seo-premium-wordpress\/ -->\n<title>Alanya\u2019ya gelen her 10 yabanc\u0131 yat\u0131r\u0131mc\u0131dan 6\u2019s\u0131 kal\u0131c\u0131 oldu - Av. Deniz Can K\u0131z\u0131l<\/title>\n<meta name=\"robots\" content=\"index, follow, max-snippet:-1, max-image-preview:large, max-video-preview:-1\" \/>\n<link rel=\"canonical\" href=\"https:\/\/denizcankizil.tr\/ru\/haberler\/gundem\/alanyaya-gelen-her-10-yabanci-yatirimcidan-6si-kalici-oldu\/\" \/>\n<meta property=\"og:locale\" content=\"ru_RU\" \/>\n<meta property=\"og:type\" content=\"article\" \/>\n<meta property=\"og:title\" content=\"Alanya\u2019ya gelen her 10 yabanc\u0131 yat\u0131r\u0131mc\u0131dan 6\u2019s\u0131 kal\u0131c\u0131 oldu\" \/>\n<meta property=\"og:description\" content=\"Ankara \u00dcniversitesi Fen Bilimleri Fak\u00fcltesi\u2019nden Encan Aydo\u011fdu\u2019nun 2024\u2019te yapt\u0131\u011f\u0131 ara\u015ft\u0131rmaya g\u00f6re. Antalya\u2019n\u0131n Alanya il\u00e7esinde ta\u015f\u0131nmaz sat\u0131n alan yabanc\u0131lar\u0131n \u00f6nemli bir k\u0131sm\u0131, bu yat\u0131r\u0131m\u0131 sadece k\u00e2rl\u0131 bir al\u0131m olarak de\u011fil, uzun vadeli ya\u015fam planlar\u0131n\u0131n bir par\u00e7as\u0131 olarak de\u011ferlendiriyor. Bug\u00fcne kadar il\u00e7ede ta\u015f\u0131nmaz edinen 45 bin 756 yabanc\u0131dan 27 bin 819\u2019u fiilen Alanya\u2019da ya\u015f\u0131yor. Bu say\u0131, il\u00e7e n\u00fcfusunun y\u00fczde 8,5\u2019ine denk geliyor. ALANYA&#8217;YA B\u00dcY\u00dcK TALEP Aydo\u011fdu\u2019nun Alanya\u2019da yabanc\u0131lar\u0131n gayrimenkul edinim s\u00fcreci \u00fczerine yapt\u0131\u011f\u0131 ara\u015ft\u0131rma, yat\u0131r\u0131m e\u011filimlerinin yan\u0131 s\u0131ra vatanda\u015fl\u0131k motivasyonunu ve tavsiye etkisini de ortaya oydu. Yabanc\u0131 al\u0131c\u0131lar\u0131n y\u00fczde 64,7\u2019si gayrimenkul al\u0131m\u0131n\u0131 \u00e7evresine \u00f6nerdi\u011fini, y\u00fczde 35\u2019i ise bu \u00f6nerilerin etkisiyle yeni al\u0131mlar ger\u00e7ekle\u015fti\u011fini belirtti. Kat\u0131l\u0131mc\u0131lar\u0131n b\u00fcy\u00fck b\u00f6l\u00fcm\u00fc kom\u015fu tercihlerinde milliyet fark\u0131 g\u00f6zetmiyor. \u0130LET\u0130\u015e\u0130M H\u00c2L\u00c2 EN B\u00dcY\u00dcK SORUN, VATANDA\u015eLIK \u0130SE G\u00dc\u00c7L\u00dc MOT\u0130VASYON Ara\u015ft\u0131rmaya g\u00f6re yabanc\u0131lar\u0131n yaln\u0131zca y\u00fczde 4\u2019\u00fc sat\u0131n alma s\u00fcrecinde zorluk ya\u015fad\u0131\u011f\u0131n\u0131 belirtirken, bu zorluklar\u0131n ba\u015f\u0131nda dil ve ileti\u015fim eksikli\u011fi geliyor. Kat\u0131l\u0131mc\u0131lar\u0131n y\u00fczde 81,3\u2019\u00fc gayrimenkul ediniminin vatanda\u015fl\u0131k hakk\u0131 sundu\u011funu bildi\u011fini ifade ederken, y\u00fczde 7,7\u2019si vatanda\u015fl\u0131k ba\u015fvurusu yapmay\u0131 planlad\u0131\u011f\u0131n\u0131 s\u00f6yledi. DE\u011eER ARTI\u015eI YATIRIMCININ Y\u00dcZ\u00dcN\u00dc G\u00dcLD\u00dcR\u00dcYOR Yabanc\u0131 yat\u0131r\u0131mc\u0131lar\u0131n y\u00fczde 79,3\u2019\u00fc sat\u0131n ald\u0131klar\u0131 ta\u015f\u0131nmaz\u0131n de\u011fer kazand\u0131\u011f\u0131n\u0131 belirtiyor. Kat\u0131l\u0131mc\u0131lar\u0131n y\u00fczde 19,3\u2019\u00fc ise Alanya\u2019ya ta\u015f\u0131nd\u0131ktan sonra ya\u015fam kalitelerinde olumlu y\u00f6nde de\u011fi\u015fim ya\u015fad\u0131\u011f\u0131n\u0131 aktar\u0131yor. POL\u0130T\u0130KA \u00d6NER\u0130LER\u0130: DENET\u0130M, \u015eEFFAFLIK VE PLANLAMA Ara\u015ft\u0131rmada, yabanc\u0131ya sat\u0131\u015f\u0131n yaln\u0131zca vatanda\u015fl\u0131kla s\u0131n\u0131rl\u0131 olmamas\u0131 gerekti\u011fi, &hellip;\" \/>\n<meta property=\"og:url\" content=\"https:\/\/denizcankizil.tr\/ru\/haberler\/gundem\/alanyaya-gelen-her-10-yabanci-yatirimcidan-6si-kalici-oldu\/\" \/>\n<meta property=\"og:site_name\" content=\"Av. Deniz Can K\u0131z\u0131l\" \/>\n<meta property=\"article:published_time\" content=\"2025-05-27T09:41:23+00:00\" \/>\n<meta name=\"author\" content=\"Antalya K\u00f6rfez\" \/>\n<meta name=\"twitter:card\" content=\"summary_large_image\" \/>\n<meta name=\"twitter:label1\" content=\"\u041d\u0430\u043f\u0438\u0441\u0430\u043d\u043e \u0430\u0432\u0442\u043e\u0440\u043e\u043c\" \/>\n\t<meta name=\"twitter:data1\" content=\"Antalya K\u00f6rfez\" \/>\n\t<meta name=\"twitter:label2\" content=\"\u041f\u0440\u0438\u043c\u0435\u0440\u043d\u043e\u0435 \u0432\u0440\u0435\u043c\u044f \u0434\u043b\u044f \u0447\u0442\u0435\u043d\u0438\u044f\" \/>\n\t<meta name=\"twitter:data2\" content=\"3 \u043c\u0438\u043d\u0443\u0442\u044b\" \/>\n<script type=\"application\/ld+json\" class=\"yoast-schema-graph\">{\"@context\":\"https:\/\/schema.org\",\"@graph\":[{\"@type\":\"Article\",\"@id\":\"https:\/\/denizcankizil.tr\/ru\/haberler\/gundem\/alanyaya-gelen-her-10-yabanci-yatirimcidan-6si-kalici-oldu\/#article\",\"isPartOf\":{\"@id\":\"https:\/\/denizcankizil.tr\/ru\/haberler\/gundem\/alanyaya-gelen-her-10-yabanci-yatirimcidan-6si-kalici-oldu\/\"},\"author\":{\"name\":\"Antalya K\u00f6rfez\",\"@id\":\"https:\/\/denizcankizil.tr\/#\/schema\/person\/e1eb71bb4dd684d46563f0af307e1234\"},\"headline\":\"Alanya\u2019ya gelen her 10 yabanc\u0131 yat\u0131r\u0131mc\u0131dan 6\u2019s\u0131 kal\u0131c\u0131 oldu\",\"datePublished\":\"2025-05-27T09:41:23+00:00\",\"mainEntityOfPage\":{\"@id\":\"https:\/\/denizcankizil.tr\/ru\/haberler\/gundem\/alanyaya-gelen-her-10-yabanci-yatirimcidan-6si-kalici-oldu\/\"},\"wordCount\":601,\"publisher\":{\"@id\":\"https:\/\/denizcankizil.tr\/#organization\"},\"articleSection\":[\"G\u00fcndem\"],\"inLanguage\":\"ru-RU\"},{\"@type\":\"WebPage\",\"@id\":\"https:\/\/denizcankizil.tr\/ru\/haberler\/gundem\/alanyaya-gelen-her-10-yabanci-yatirimcidan-6si-kalici-oldu\/\",\"url\":\"https:\/\/denizcankizil.tr\/ru\/haberler\/gundem\/alanyaya-gelen-her-10-yabanci-yatirimcidan-6si-kalici-oldu\/\",\"name\":\"Alanya\u2019ya gelen her 10 yabanc\u0131 yat\u0131r\u0131mc\u0131dan 6\u2019s\u0131 kal\u0131c\u0131 oldu - Av. Deniz Can K\u0131z\u0131l\",\"isPartOf\":{\"@id\":\"https:\/\/denizcankizil.tr\/#website\"},\"datePublished\":\"2025-05-27T09:41:23+00:00\",\"breadcrumb\":{\"@id\":\"https:\/\/denizcankizil.tr\/ru\/haberler\/gundem\/alanyaya-gelen-her-10-yabanci-yatirimcidan-6si-kalici-oldu\/#breadcrumb\"},\"inLanguage\":\"ru-RU\",\"potentialAction\":[{\"@type\":\"ReadAction\",\"target\":[\"https:\/\/denizcankizil.tr\/ru\/haberler\/gundem\/alanyaya-gelen-her-10-yabanci-yatirimcidan-6si-kalici-oldu\/\"]}]},{\"@type\":\"BreadcrumbList\",\"@id\":\"https:\/\/denizcankizil.tr\/ru\/haberler\/gundem\/alanyaya-gelen-her-10-yabanci-yatirimcidan-6si-kalici-oldu\/#breadcrumb\",\"itemListElement\":[{\"@type\":\"ListItem\",\"position\":1,\"name\":\"Home\",\"item\":\"https:\/\/denizcankizil.tr\/de\/\"},{\"@type\":\"ListItem\",\"position\":2,\"name\":\"Alanya\u2019ya gelen her 10 yabanc\u0131 yat\u0131r\u0131mc\u0131dan 6\u2019s\u0131 kal\u0131c\u0131 oldu\"}]},{\"@type\":\"WebSite\",\"@id\":\"https:\/\/denizcankizil.tr\/#website\",\"url\":\"https:\/\/denizcankizil.tr\/\",\"name\":\"Av. Deniz Can K\u0131z\u0131l\",\"description\":\"Avukat Deniz Can K\u0131z\u0131l Antalya Barosu\",\"publisher\":{\"@id\":\"https:\/\/denizcankizil.tr\/#organization\"},\"potentialAction\":[{\"@type\":\"SearchAction\",\"target\":{\"@type\":\"EntryPoint\",\"urlTemplate\":\"https:\/\/denizcankizil.tr\/?s={search_term_string}\"},\"query-input\":{\"@type\":\"PropertyValueSpecification\",\"valueRequired\":true,\"valueName\":\"search_term_string\"}}],\"inLanguage\":\"ru-RU\"},{\"@type\":\"Organization\",\"@id\":\"https:\/\/denizcankizil.tr\/#organization\",\"name\":\"Av. Deniz Can K\u0131z\u0131l\",\"url\":\"https:\/\/denizcankizil.tr\/\",\"logo\":{\"@type\":\"ImageObject\",\"inLanguage\":\"ru-RU\",\"@id\":\"https:\/\/denizcankizil.tr\/#\/schema\/logo\/image\/\",\"url\":\"https:\/\/denizcankizil.tr\/wp-content\/uploads\/2024\/10\/siyah-logo-svg.svg\",\"contentUrl\":\"https:\/\/denizcankizil.tr\/wp-content\/uploads\/2024\/10\/siyah-logo-svg.svg\",\"width\":1080,\"height\":1080,\"caption\":\"Av. Deniz Can K\u0131z\u0131l\"},\"image\":{\"@id\":\"https:\/\/denizcankizil.tr\/#\/schema\/logo\/image\/\"}},{\"@type\":\"Person\",\"@id\":\"https:\/\/denizcankizil.tr\/#\/schema\/person\/e1eb71bb4dd684d46563f0af307e1234\",\"name\":\"Antalya K\u00f6rfez\",\"image\":{\"@type\":\"ImageObject\",\"inLanguage\":\"ru-RU\",\"@id\":\"https:\/\/denizcankizil.tr\/#\/schema\/person\/image\/\",\"url\":\"https:\/\/secure.gravatar.com\/avatar\/42b01982558a48a0b501fdcab6a408d3717ea5919095ee2e67b0e521799c5905?s=96&d=mm&r=g\",\"contentUrl\":\"https:\/\/secure.gravatar.com\/avatar\/42b01982558a48a0b501fdcab6a408d3717ea5919095ee2e67b0e521799c5905?s=96&d=mm&r=g\",\"caption\":\"Antalya K\u00f6rfez\"},\"sameAs\":[\"http:\/\/www.antalyakorfez.com\"],\"url\":\"https:\/\/www.antalyakorfez.com\/alanyaya-gelen-her-10-yabanci-yatirimcidan-6si-kalici-oldu\"}]}<\/script>\n<!-- \/ Yoast SEO Premium plugin. -->","yoast_head_json":{"title":"Alanya\u2019ya gelen her 10 yabanc\u0131 yat\u0131r\u0131mc\u0131dan 6\u2019s\u0131 kal\u0131c\u0131 oldu - Av. Deniz Can K\u0131z\u0131l","robots":{"index":"index","follow":"follow","max-snippet":"max-snippet:-1","max-image-preview":"max-image-preview:large","max-video-preview":"max-video-preview:-1"},"canonical":"https:\/\/denizcankizil.tr\/ru\/haberler\/gundem\/alanyaya-gelen-her-10-yabanci-yatirimcidan-6si-kalici-oldu\/","og_locale":"ru_RU","og_type":"article","og_title":"Alanya\u2019ya gelen her 10 yabanc\u0131 yat\u0131r\u0131mc\u0131dan 6\u2019s\u0131 kal\u0131c\u0131 oldu","og_description":"Ankara \u00dcniversitesi Fen Bilimleri Fak\u00fcltesi\u2019nden Encan Aydo\u011fdu\u2019nun 2024\u2019te yapt\u0131\u011f\u0131 ara\u015ft\u0131rmaya g\u00f6re. Antalya\u2019n\u0131n Alanya il\u00e7esinde ta\u015f\u0131nmaz sat\u0131n alan yabanc\u0131lar\u0131n \u00f6nemli bir k\u0131sm\u0131, bu yat\u0131r\u0131m\u0131 sadece k\u00e2rl\u0131 bir al\u0131m olarak de\u011fil, uzun vadeli ya\u015fam planlar\u0131n\u0131n bir par\u00e7as\u0131 olarak de\u011ferlendiriyor. Bug\u00fcne kadar il\u00e7ede ta\u015f\u0131nmaz edinen 45 bin 756 yabanc\u0131dan 27 bin 819\u2019u fiilen Alanya\u2019da ya\u015f\u0131yor. Bu say\u0131, il\u00e7e n\u00fcfusunun y\u00fczde 8,5\u2019ine denk geliyor. ALANYA&#8217;YA B\u00dcY\u00dcK TALEP Aydo\u011fdu\u2019nun Alanya\u2019da yabanc\u0131lar\u0131n gayrimenkul edinim s\u00fcreci \u00fczerine yapt\u0131\u011f\u0131 ara\u015ft\u0131rma, yat\u0131r\u0131m e\u011filimlerinin yan\u0131 s\u0131ra vatanda\u015fl\u0131k motivasyonunu ve tavsiye etkisini de ortaya oydu. Yabanc\u0131 al\u0131c\u0131lar\u0131n y\u00fczde 64,7\u2019si gayrimenkul al\u0131m\u0131n\u0131 \u00e7evresine \u00f6nerdi\u011fini, y\u00fczde 35\u2019i ise bu \u00f6nerilerin etkisiyle yeni al\u0131mlar ger\u00e7ekle\u015fti\u011fini belirtti. Kat\u0131l\u0131mc\u0131lar\u0131n b\u00fcy\u00fck b\u00f6l\u00fcm\u00fc kom\u015fu tercihlerinde milliyet fark\u0131 g\u00f6zetmiyor. \u0130LET\u0130\u015e\u0130M H\u00c2L\u00c2 EN B\u00dcY\u00dcK SORUN, VATANDA\u015eLIK \u0130SE G\u00dc\u00c7L\u00dc MOT\u0130VASYON Ara\u015ft\u0131rmaya g\u00f6re yabanc\u0131lar\u0131n yaln\u0131zca y\u00fczde 4\u2019\u00fc sat\u0131n alma s\u00fcrecinde zorluk ya\u015fad\u0131\u011f\u0131n\u0131 belirtirken, bu zorluklar\u0131n ba\u015f\u0131nda dil ve ileti\u015fim eksikli\u011fi geliyor. Kat\u0131l\u0131mc\u0131lar\u0131n y\u00fczde 81,3\u2019\u00fc gayrimenkul ediniminin vatanda\u015fl\u0131k hakk\u0131 sundu\u011funu bildi\u011fini ifade ederken, y\u00fczde 7,7\u2019si vatanda\u015fl\u0131k ba\u015fvurusu yapmay\u0131 planlad\u0131\u011f\u0131n\u0131 s\u00f6yledi. DE\u011eER ARTI\u015eI YATIRIMCININ Y\u00dcZ\u00dcN\u00dc G\u00dcLD\u00dcR\u00dcYOR Yabanc\u0131 yat\u0131r\u0131mc\u0131lar\u0131n y\u00fczde 79,3\u2019\u00fc sat\u0131n ald\u0131klar\u0131 ta\u015f\u0131nmaz\u0131n de\u011fer kazand\u0131\u011f\u0131n\u0131 belirtiyor. Kat\u0131l\u0131mc\u0131lar\u0131n y\u00fczde 19,3\u2019\u00fc ise Alanya\u2019ya ta\u015f\u0131nd\u0131ktan sonra ya\u015fam kalitelerinde olumlu y\u00f6nde de\u011fi\u015fim ya\u015fad\u0131\u011f\u0131n\u0131 aktar\u0131yor. POL\u0130T\u0130KA \u00d6NER\u0130LER\u0130: DENET\u0130M, \u015eEFFAFLIK VE PLANLAMA Ara\u015ft\u0131rmada, yabanc\u0131ya sat\u0131\u015f\u0131n yaln\u0131zca vatanda\u015fl\u0131kla s\u0131n\u0131rl\u0131 olmamas\u0131 gerekti\u011fi, &hellip;","og_url":"https:\/\/denizcankizil.tr\/ru\/haberler\/gundem\/alanyaya-gelen-her-10-yabanci-yatirimcidan-6si-kalici-oldu\/","og_site_name":"Av. Deniz Can K\u0131z\u0131l","article_published_time":"2025-05-27T09:41:23+00:00","author":"Antalya K\u00f6rfez","twitter_card":"summary_large_image","twitter_misc":{"\u041d\u0430\u043f\u0438\u0441\u0430\u043d\u043e \u0430\u0432\u0442\u043e\u0440\u043e\u043c":"Antalya K\u00f6rfez","\u041f\u0440\u0438\u043c\u0435\u0440\u043d\u043e\u0435 \u0432\u0440\u0435\u043c\u044f \u0434\u043b\u044f \u0447\u0442\u0435\u043d\u0438\u044f":"3 \u043c\u0438\u043d\u0443\u0442\u044b"},"schema":{"@context":"https:\/\/schema.org","@graph":[{"@type":"Article","@id":"https:\/\/denizcankizil.tr\/ru\/haberler\/gundem\/alanyaya-gelen-her-10-yabanci-yatirimcidan-6si-kalici-oldu\/#article","isPartOf":{"@id":"https:\/\/denizcankizil.tr\/ru\/haberler\/gundem\/alanyaya-gelen-her-10-yabanci-yatirimcidan-6si-kalici-oldu\/"},"author":{"name":"Antalya K\u00f6rfez","@id":"https:\/\/denizcankizil.tr\/#\/schema\/person\/e1eb71bb4dd684d46563f0af307e1234"},"headline":"Alanya\u2019ya gelen her 10 yabanc\u0131 yat\u0131r\u0131mc\u0131dan 6\u2019s\u0131 kal\u0131c\u0131 oldu","datePublished":"2025-05-27T09:41:23+00:00","mainEntityOfPage":{"@id":"https:\/\/denizcankizil.tr\/ru\/haberler\/gundem\/alanyaya-gelen-her-10-yabanci-yatirimcidan-6si-kalici-oldu\/"},"wordCount":601,"publisher":{"@id":"https:\/\/denizcankizil.tr\/#organization"},"articleSection":["G\u00fcndem"],"inLanguage":"ru-RU"},{"@type":"WebPage","@id":"https:\/\/denizcankizil.tr\/ru\/haberler\/gundem\/alanyaya-gelen-her-10-yabanci-yatirimcidan-6si-kalici-oldu\/","url":"https:\/\/denizcankizil.tr\/ru\/haberler\/gundem\/alanyaya-gelen-her-10-yabanci-yatirimcidan-6si-kalici-oldu\/","name":"Alanya\u2019ya gelen her 10 yabanc\u0131 yat\u0131r\u0131mc\u0131dan 6\u2019s\u0131 kal\u0131c\u0131 oldu - Av. Deniz Can K\u0131z\u0131l","isPartOf":{"@id":"https:\/\/denizcankizil.tr\/#website"},"datePublished":"2025-05-27T09:41:23+00:00","breadcrumb":{"@id":"https:\/\/denizcankizil.tr\/ru\/haberler\/gundem\/alanyaya-gelen-her-10-yabanci-yatirimcidan-6si-kalici-oldu\/#breadcrumb"},"inLanguage":"ru-RU","potentialAction":[{"@type":"ReadAction","target":["https:\/\/denizcankizil.tr\/ru\/haberler\/gundem\/alanyaya-gelen-her-10-yabanci-yatirimcidan-6si-kalici-oldu\/"]}]},{"@type":"BreadcrumbList","@id":"https:\/\/denizcankizil.tr\/ru\/haberler\/gundem\/alanyaya-gelen-her-10-yabanci-yatirimcidan-6si-kalici-oldu\/#breadcrumb","itemListElement":[{"@type":"ListItem","position":1,"name":"Home","item":"https:\/\/denizcankizil.tr\/de\/"},{"@type":"ListItem","position":2,"name":"Alanya\u2019ya gelen her 10 yabanc\u0131 yat\u0131r\u0131mc\u0131dan 6\u2019s\u0131 kal\u0131c\u0131 oldu"}]},{"@type":"WebSite","@id":"https:\/\/denizcankizil.tr\/#website","url":"https:\/\/denizcankizil.tr\/","name":"Av. Deniz Can K\u0131z\u0131l","description":"Avukat Deniz Can K\u0131z\u0131l Antalya Barosu","publisher":{"@id":"https:\/\/denizcankizil.tr\/#organization"},"potentialAction":[{"@type":"SearchAction","target":{"@type":"EntryPoint","urlTemplate":"https:\/\/denizcankizil.tr\/?s={search_term_string}"},"query-input":{"@type":"PropertyValueSpecification","valueRequired":true,"valueName":"search_term_string"}}],"inLanguage":"ru-RU"},{"@type":"Organization","@id":"https:\/\/denizcankizil.tr\/#organization","name":"Av. Deniz Can K\u0131z\u0131l","url":"https:\/\/denizcankizil.tr\/","logo":{"@type":"ImageObject","inLanguage":"ru-RU","@id":"https:\/\/denizcankizil.tr\/#\/schema\/logo\/image\/","url":"https:\/\/denizcankizil.tr\/wp-content\/uploads\/2024\/10\/siyah-logo-svg.svg","contentUrl":"https:\/\/denizcankizil.tr\/wp-content\/uploads\/2024\/10\/siyah-logo-svg.svg","width":1080,"height":1080,"caption":"Av. Deniz Can K\u0131z\u0131l"},"image":{"@id":"https:\/\/denizcankizil.tr\/#\/schema\/logo\/image\/"}},{"@type":"Person","@id":"https:\/\/denizcankizil.tr\/#\/schema\/person\/e1eb71bb4dd684d46563f0af307e1234","name":"Antalya K\u00f6rfez","image":{"@type":"ImageObject","inLanguage":"ru-RU","@id":"https:\/\/denizcankizil.tr\/#\/schema\/person\/image\/","url":"https:\/\/secure.gravatar.com\/avatar\/42b01982558a48a0b501fdcab6a408d3717ea5919095ee2e67b0e521799c5905?s=96&d=mm&r=g","contentUrl":"https:\/\/secure.gravatar.com\/avatar\/42b01982558a48a0b501fdcab6a408d3717ea5919095ee2e67b0e521799c5905?s=96&d=mm&r=g","caption":"Antalya K\u00f6rfez"},"sameAs":["http:\/\/www.antalyakorfez.com"],"url":"https:\/\/www.antalyakorfez.com\/alanyaya-gelen-her-10-yabanci-yatirimcidan-6si-kalici-oldu"}]}},"_links":{"self":[{"href":"https:\/\/denizcankizil.tr\/ru\/wp-json\/wp\/v2\/posts\/98319","targetHints":{"allow":["GET"]}}],"collection":[{"href":"https:\/\/denizcankizil.tr\/ru\/wp-json\/wp\/v2\/posts"}],"about":[{"href":"https:\/\/denizcankizil.tr\/ru\/wp-json\/wp\/v2\/types\/post"}],"author":[{"embeddable":true,"href":"https:\/\/denizcankizil.tr\/ru\/wp-json\/wp\/v2\/users\/5"}],"replies":[{"embeddable":true,"href":"https:\/\/denizcankizil.tr\/ru\/wp-json\/wp\/v2\/comments?post=98319"}],"version-history":[{"count":0,"href":"https:\/\/denizcankizil.tr\/ru\/wp-json\/wp\/v2\/posts\/98319\/revisions"}],"wp:attachment":[{"href":"https:\/\/denizcankizil.tr\/ru\/wp-json\/wp\/v2\/media?parent=98319"}],"wp:term":[{"taxonomy":"category","embeddable":true,"href":"https:\/\/denizcankizil.tr\/ru\/wp-json\/wp\/v2\/categories?post=98319"},{"taxonomy":"post_tag","embeddable":true,"href":"https:\/\/denizcankizil.tr\/ru\/wp-json\/wp\/v2\/tags?post=98319"}],"curies":[{"name":"wp","href":"https:\/\/api.w.org\/{rel}","templated":true}]}}