{"id":98317,"date":"2025-05-27T12:41:20","date_gmt":"2025-05-27T09:41:20","guid":{"rendered":"https:\/\/denizcankizil.tr\/uncategorized-tr\/muratpasada-kurban-kesim-noktalari\/"},"modified":"2025-05-27T12:41:20","modified_gmt":"2025-05-27T09:41:20","slug":"muratpasada-kurban-kesim-noktalari","status":"publish","type":"post","link":"https:\/\/denizcankizil.tr\/ru\/haberler\/antalya\/muratpasada-kurban-kesim-noktalari\/","title":{"rendered":"Muratpa\u015fa&#8217;da kurban kesim noktalar\u0131"},"content":{"rendered":"<p>Muratpa\u015fa Belediyesi, 6 Haziran&#8217;da ba\u015flayacak Kurban Bayram\u0131 i\u00e7in haz\u0131rl\u0131klar\u0131n\u0131 tamamlad\u0131. Ermenek Mahallesi&#8217;nde b\u00fcy\u00fckba\u015f hayvan kesimine uygun alan kurulurken; Sedir, Yenig\u00fcn, Sigorta ve Konuksever pazar yerlerinde ise k\u00fc\u00e7\u00fckba\u015f hayvan kesim alanlar\u0131 olu\u015fturuldu. Ayr\u0131ca Ermenek&#8217;te kesim noktas\u0131n\u0131n yan\u0131 s\u0131ra<br \/>\nkurban sat\u0131\u015f noktas\u0131 da yer al\u0131yor. Yo\u011funluk ya\u015fanmamas\u0131 ad\u0131na kesim alanlar\u0131 bayram\u0131n ilk iki g\u00fcn\u00fc boyunca hizmet verecek. Kurban kesecek il\u00e7e sakinleri, belirtilen noktalarda kendi kasaplar\u0131yla kesim yapabilecek. Randevulu kesim ve kasap hizmeti verilmeyecek.<\/p>\n<p>Kaynak: www.kanalv.com.tr Haber Sitesinden Al\u0131nm\u0131\u015ft\u0131r.<\/p>","protected":false},"excerpt":{"rendered":"<p>Muratpa\u015fa Belediyesi, 6 Haziran&#8217;da ba\u015flayacak Kurban Bayram\u0131 i\u00e7in haz\u0131rl\u0131klar\u0131n\u0131 tamamlad\u0131. Ermenek Mahallesi&#8217;nde b\u00fcy\u00fckba\u015f hayvan kesimine uygun alan kurulurken; Sedir, Yenig\u00fcn, Sigorta ve Konuksever pazar yerlerinde ise k\u00fc\u00e7\u00fckba\u015f hayvan kesim alanlar\u0131 olu\u015fturuldu. Ayr\u0131ca Ermenek&#8217;te kesim noktas\u0131n\u0131n yan\u0131 s\u0131ra kurban sat\u0131\u015f noktas\u0131 da yer al\u0131yor. Yo\u011funluk ya\u015fanmamas\u0131 ad\u0131na kesim alanlar\u0131 bayram\u0131n ilk iki g\u00fcn\u00fc boyunca hizmet verecek. Kurban kesecek il\u00e7e sakinleri, belirtilen noktalarda kendi kasaplar\u0131yla kesim yapabilecek. Randevulu kesim ve kasap hizmeti verilmeyecek. Kaynak: www.kanalv.com.tr Haber Sitesinden Al\u0131nm\u0131\u015ft\u0131r.<\/p>","protected":false},"author":4,"featured_media":0,"comment_status":"","ping_status":"open","sticky":false,"template":"","format":"standard","meta":{"_acf_changed":false,"footnotes":""},"categories":[26],"tags":[],"class_list":["post-98317","post","type-post","status-publish","format-standard","hentry","category-antalya"],"acf":[],"yoast_head":"<!-- This site is optimized with the Yoast SEO Premium plugin v26.6 (Yoast SEO v27.1.1) - https:\/\/yoast.com\/product\/yoast-seo-premium-wordpress\/ -->\n<title>Muratpa\u015fa&#039;da kurban kesim noktalar\u0131 - Av. Deniz Can K\u0131z\u0131l<\/title>\n<meta name=\"robots\" content=\"index, follow, max-snippet:-1, max-image-preview:large, max-video-preview:-1\" \/>\n<link rel=\"canonical\" href=\"https:\/\/denizcankizil.tr\/ru\/haberler\/antalya\/muratpasada-kurban-kesim-noktalari\/\" \/>\n<meta property=\"og:locale\" content=\"ru_RU\" \/>\n<meta property=\"og:type\" content=\"article\" \/>\n<meta property=\"og:title\" content=\"Muratpa\u015fa&#039;da kurban kesim noktalar\u0131\" \/>\n<meta property=\"og:description\" content=\"Muratpa\u015fa Belediyesi, 6 Haziran&#8217;da ba\u015flayacak Kurban Bayram\u0131 i\u00e7in haz\u0131rl\u0131klar\u0131n\u0131 tamamlad\u0131. Ermenek Mahallesi&#8217;nde b\u00fcy\u00fckba\u015f hayvan kesimine uygun alan kurulurken; Sedir, Yenig\u00fcn, Sigorta ve Konuksever pazar yerlerinde ise k\u00fc\u00e7\u00fckba\u015f hayvan kesim alanlar\u0131 olu\u015fturuldu. Ayr\u0131ca Ermenek&#8217;te kesim noktas\u0131n\u0131n yan\u0131 s\u0131ra kurban sat\u0131\u015f noktas\u0131 da yer al\u0131yor. Yo\u011funluk ya\u015fanmamas\u0131 ad\u0131na kesim alanlar\u0131 bayram\u0131n ilk iki g\u00fcn\u00fc boyunca hizmet verecek. Kurban kesecek il\u00e7e sakinleri, belirtilen noktalarda kendi kasaplar\u0131yla kesim yapabilecek. Randevulu kesim ve kasap hizmeti verilmeyecek. Kaynak: www.kanalv.com.tr Haber Sitesinden Al\u0131nm\u0131\u015ft\u0131r.\" \/>\n<meta property=\"og:url\" content=\"https:\/\/denizcankizil.tr\/ru\/haberler\/antalya\/muratpasada-kurban-kesim-noktalari\/\" \/>\n<meta property=\"og:site_name\" content=\"Av. Deniz Can K\u0131z\u0131l\" \/>\n<meta property=\"article:published_time\" content=\"2025-05-27T09:41:20+00:00\" \/>\n<meta name=\"author\" content=\"Av. Deniz Can K\u0131z\u0131l\" \/>\n<meta name=\"twitter:card\" content=\"summary_large_image\" \/>\n<meta name=\"twitter:label1\" content=\"\u041d\u0430\u043f\u0438\u0441\u0430\u043d\u043e \u0430\u0432\u0442\u043e\u0440\u043e\u043c\" \/>\n\t<meta name=\"twitter:data1\" content=\"Av. Deniz Can K\u0131z\u0131l\" \/>\n\t<meta name=\"twitter:label2\" content=\"\u041f\u0440\u0438\u043c\u0435\u0440\u043d\u043e\u0435 \u0432\u0440\u0435\u043c\u044f \u0434\u043b\u044f \u0447\u0442\u0435\u043d\u0438\u044f\" \/>\n\t<meta name=\"twitter:data2\" content=\"1 \u043c\u0438\u043d\u0443\u0442\u0430\" \/>\n<script type=\"application\/ld+json\" class=\"yoast-schema-graph\">{\"@context\":\"https:\/\/schema.org\",\"@graph\":[{\"@type\":\"Article\",\"@id\":\"https:\/\/denizcankizil.tr\/ru\/haberler\/antalya\/muratpasada-kurban-kesim-noktalari\/#article\",\"isPartOf\":{\"@id\":\"https:\/\/denizcankizil.tr\/ru\/haberler\/antalya\/muratpasada-kurban-kesim-noktalari\/\"},\"author\":{\"name\":\"Av. Deniz Can K\u0131z\u0131l\",\"@id\":\"https:\/\/denizcankizil.tr\/#\/schema\/person\/5dc1b22991bd7ac833867c10afc9b0ff\"},\"headline\":\"Muratpa\u015fa&#8217;da kurban kesim noktalar\u0131\",\"datePublished\":\"2025-05-27T09:41:20+00:00\",\"mainEntityOfPage\":{\"@id\":\"https:\/\/denizcankizil.tr\/ru\/haberler\/antalya\/muratpasada-kurban-kesim-noktalari\/\"},\"wordCount\":113,\"publisher\":{\"@id\":\"https:\/\/denizcankizil.tr\/#organization\"},\"articleSection\":[\"Antalya\"],\"inLanguage\":\"ru-RU\"},{\"@type\":\"WebPage\",\"@id\":\"https:\/\/denizcankizil.tr\/ru\/haberler\/antalya\/muratpasada-kurban-kesim-noktalari\/\",\"url\":\"https:\/\/denizcankizil.tr\/ru\/haberler\/antalya\/muratpasada-kurban-kesim-noktalari\/\",\"name\":\"Muratpa\u015fa'da kurban kesim noktalar\u0131 - Av. Deniz Can K\u0131z\u0131l\",\"isPartOf\":{\"@id\":\"https:\/\/denizcankizil.tr\/#website\"},\"datePublished\":\"2025-05-27T09:41:20+00:00\",\"breadcrumb\":{\"@id\":\"https:\/\/denizcankizil.tr\/ru\/haberler\/antalya\/muratpasada-kurban-kesim-noktalari\/#breadcrumb\"},\"inLanguage\":\"ru-RU\",\"potentialAction\":[{\"@type\":\"ReadAction\",\"target\":[\"https:\/\/denizcankizil.tr\/ru\/haberler\/antalya\/muratpasada-kurban-kesim-noktalari\/\"]}]},{\"@type\":\"BreadcrumbList\",\"@id\":\"https:\/\/denizcankizil.tr\/ru\/haberler\/antalya\/muratpasada-kurban-kesim-noktalari\/#breadcrumb\",\"itemListElement\":[{\"@type\":\"ListItem\",\"position\":1,\"name\":\"Home\",\"item\":\"https:\/\/denizcankizil.tr\/de\/\"},{\"@type\":\"ListItem\",\"position\":2,\"name\":\"Muratpa\u015fa&#8217;da kurban kesim noktalar\u0131\"}]},{\"@type\":\"WebSite\",\"@id\":\"https:\/\/denizcankizil.tr\/#website\",\"url\":\"https:\/\/denizcankizil.tr\/\",\"name\":\"Av. Deniz Can K\u0131z\u0131l\",\"description\":\"Avukat Deniz Can K\u0131z\u0131l Antalya Barosu\",\"publisher\":{\"@id\":\"https:\/\/denizcankizil.tr\/#organization\"},\"potentialAction\":[{\"@type\":\"SearchAction\",\"target\":{\"@type\":\"EntryPoint\",\"urlTemplate\":\"https:\/\/denizcankizil.tr\/?s={search_term_string}\"},\"query-input\":{\"@type\":\"PropertyValueSpecification\",\"valueRequired\":true,\"valueName\":\"search_term_string\"}}],\"inLanguage\":\"ru-RU\"},{\"@type\":\"Organization\",\"@id\":\"https:\/\/denizcankizil.tr\/#organization\",\"name\":\"Av. Deniz Can K\u0131z\u0131l\",\"url\":\"https:\/\/denizcankizil.tr\/\",\"logo\":{\"@type\":\"ImageObject\",\"inLanguage\":\"ru-RU\",\"@id\":\"https:\/\/denizcankizil.tr\/#\/schema\/logo\/image\/\",\"url\":\"https:\/\/denizcankizil.tr\/wp-content\/uploads\/2024\/10\/siyah-logo-svg.svg\",\"contentUrl\":\"https:\/\/denizcankizil.tr\/wp-content\/uploads\/2024\/10\/siyah-logo-svg.svg\",\"width\":1080,\"height\":1080,\"caption\":\"Av. Deniz Can K\u0131z\u0131l\"},\"image\":{\"@id\":\"https:\/\/denizcankizil.tr\/#\/schema\/logo\/image\/\"}},{\"@type\":\"Person\",\"@id\":\"https:\/\/denizcankizil.tr\/#\/schema\/person\/5dc1b22991bd7ac833867c10afc9b0ff\",\"name\":\"Av. Deniz Can K\u0131z\u0131l\",\"image\":{\"@type\":\"ImageObject\",\"inLanguage\":\"ru-RU\",\"@id\":\"https:\/\/denizcankizil.tr\/#\/schema\/person\/image\/\",\"url\":\"https:\/\/secure.gravatar.com\/avatar\/a0b128fb9855c79efc976d5640eedb31dc35ec297594d6016d2cf7c60e975bb6?s=96&d=mm&r=g\",\"contentUrl\":\"https:\/\/secure.gravatar.com\/avatar\/a0b128fb9855c79efc976d5640eedb31dc35ec297594d6016d2cf7c60e975bb6?s=96&d=mm&r=g\",\"caption\":\"Av. Deniz Can K\u0131z\u0131l\"},\"sameAs\":[\"http:\/\/www.denizcankizil.tr\"],\"url\":\"https:\/\/denizcankizil.tr\/ru\/author\/denizcankizil\/\"}]}<\/script>\n<!-- \/ Yoast SEO Premium plugin. -->","yoast_head_json":{"title":"Muratpa\u015fa'da kurban kesim noktalar\u0131 - Av. Deniz Can K\u0131z\u0131l","robots":{"index":"index","follow":"follow","max-snippet":"max-snippet:-1","max-image-preview":"max-image-preview:large","max-video-preview":"max-video-preview:-1"},"canonical":"https:\/\/denizcankizil.tr\/ru\/haberler\/antalya\/muratpasada-kurban-kesim-noktalari\/","og_locale":"ru_RU","og_type":"article","og_title":"Muratpa\u015fa'da kurban kesim noktalar\u0131","og_description":"Muratpa\u015fa Belediyesi, 6 Haziran&#8217;da ba\u015flayacak Kurban Bayram\u0131 i\u00e7in haz\u0131rl\u0131klar\u0131n\u0131 tamamlad\u0131. Ermenek Mahallesi&#8217;nde b\u00fcy\u00fckba\u015f hayvan kesimine uygun alan kurulurken; Sedir, Yenig\u00fcn, Sigorta ve Konuksever pazar yerlerinde ise k\u00fc\u00e7\u00fckba\u015f hayvan kesim alanlar\u0131 olu\u015fturuldu. Ayr\u0131ca Ermenek&#8217;te kesim noktas\u0131n\u0131n yan\u0131 s\u0131ra kurban sat\u0131\u015f noktas\u0131 da yer al\u0131yor. Yo\u011funluk ya\u015fanmamas\u0131 ad\u0131na kesim alanlar\u0131 bayram\u0131n ilk iki g\u00fcn\u00fc boyunca hizmet verecek. Kurban kesecek il\u00e7e sakinleri, belirtilen noktalarda kendi kasaplar\u0131yla kesim yapabilecek. Randevulu kesim ve kasap hizmeti verilmeyecek. Kaynak: www.kanalv.com.tr Haber Sitesinden Al\u0131nm\u0131\u015ft\u0131r.","og_url":"https:\/\/denizcankizil.tr\/ru\/haberler\/antalya\/muratpasada-kurban-kesim-noktalari\/","og_site_name":"Av. Deniz Can K\u0131z\u0131l","article_published_time":"2025-05-27T09:41:20+00:00","author":"Av. Deniz Can K\u0131z\u0131l","twitter_card":"summary_large_image","twitter_misc":{"\u041d\u0430\u043f\u0438\u0441\u0430\u043d\u043e \u0430\u0432\u0442\u043e\u0440\u043e\u043c":"Av. Deniz Can K\u0131z\u0131l","\u041f\u0440\u0438\u043c\u0435\u0440\u043d\u043e\u0435 \u0432\u0440\u0435\u043c\u044f \u0434\u043b\u044f \u0447\u0442\u0435\u043d\u0438\u044f":"1 \u043c\u0438\u043d\u0443\u0442\u0430"},"schema":{"@context":"https:\/\/schema.org","@graph":[{"@type":"Article","@id":"https:\/\/denizcankizil.tr\/ru\/haberler\/antalya\/muratpasada-kurban-kesim-noktalari\/#article","isPartOf":{"@id":"https:\/\/denizcankizil.tr\/ru\/haberler\/antalya\/muratpasada-kurban-kesim-noktalari\/"},"author":{"name":"Av. Deniz Can K\u0131z\u0131l","@id":"https:\/\/denizcankizil.tr\/#\/schema\/person\/5dc1b22991bd7ac833867c10afc9b0ff"},"headline":"Muratpa\u015fa&#8217;da kurban kesim noktalar\u0131","datePublished":"2025-05-27T09:41:20+00:00","mainEntityOfPage":{"@id":"https:\/\/denizcankizil.tr\/ru\/haberler\/antalya\/muratpasada-kurban-kesim-noktalari\/"},"wordCount":113,"publisher":{"@id":"https:\/\/denizcankizil.tr\/#organization"},"articleSection":["Antalya"],"inLanguage":"ru-RU"},{"@type":"WebPage","@id":"https:\/\/denizcankizil.tr\/ru\/haberler\/antalya\/muratpasada-kurban-kesim-noktalari\/","url":"https:\/\/denizcankizil.tr\/ru\/haberler\/antalya\/muratpasada-kurban-kesim-noktalari\/","name":"Muratpa\u015fa'da kurban kesim noktalar\u0131 - Av. Deniz Can K\u0131z\u0131l","isPartOf":{"@id":"https:\/\/denizcankizil.tr\/#website"},"datePublished":"2025-05-27T09:41:20+00:00","breadcrumb":{"@id":"https:\/\/denizcankizil.tr\/ru\/haberler\/antalya\/muratpasada-kurban-kesim-noktalari\/#breadcrumb"},"inLanguage":"ru-RU","potentialAction":[{"@type":"ReadAction","target":["https:\/\/denizcankizil.tr\/ru\/haberler\/antalya\/muratpasada-kurban-kesim-noktalari\/"]}]},{"@type":"BreadcrumbList","@id":"https:\/\/denizcankizil.tr\/ru\/haberler\/antalya\/muratpasada-kurban-kesim-noktalari\/#breadcrumb","itemListElement":[{"@type":"ListItem","position":1,"name":"Home","item":"https:\/\/denizcankizil.tr\/de\/"},{"@type":"ListItem","position":2,"name":"Muratpa\u015fa&#8217;da kurban kesim noktalar\u0131"}]},{"@type":"WebSite","@id":"https:\/\/denizcankizil.tr\/#website","url":"https:\/\/denizcankizil.tr\/","name":"Av. Deniz Can K\u0131z\u0131l","description":"Avukat Deniz Can K\u0131z\u0131l Antalya Barosu","publisher":{"@id":"https:\/\/denizcankizil.tr\/#organization"},"potentialAction":[{"@type":"SearchAction","target":{"@type":"EntryPoint","urlTemplate":"https:\/\/denizcankizil.tr\/?s={search_term_string}"},"query-input":{"@type":"PropertyValueSpecification","valueRequired":true,"valueName":"search_term_string"}}],"inLanguage":"ru-RU"},{"@type":"Organization","@id":"https:\/\/denizcankizil.tr\/#organization","name":"Av. Deniz Can K\u0131z\u0131l","url":"https:\/\/denizcankizil.tr\/","logo":{"@type":"ImageObject","inLanguage":"ru-RU","@id":"https:\/\/denizcankizil.tr\/#\/schema\/logo\/image\/","url":"https:\/\/denizcankizil.tr\/wp-content\/uploads\/2024\/10\/siyah-logo-svg.svg","contentUrl":"https:\/\/denizcankizil.tr\/wp-content\/uploads\/2024\/10\/siyah-logo-svg.svg","width":1080,"height":1080,"caption":"Av. Deniz Can K\u0131z\u0131l"},"image":{"@id":"https:\/\/denizcankizil.tr\/#\/schema\/logo\/image\/"}},{"@type":"Person","@id":"https:\/\/denizcankizil.tr\/#\/schema\/person\/5dc1b22991bd7ac833867c10afc9b0ff","name":"Av. Deniz Can K\u0131z\u0131l","image":{"@type":"ImageObject","inLanguage":"ru-RU","@id":"https:\/\/denizcankizil.tr\/#\/schema\/person\/image\/","url":"https:\/\/secure.gravatar.com\/avatar\/a0b128fb9855c79efc976d5640eedb31dc35ec297594d6016d2cf7c60e975bb6?s=96&d=mm&r=g","contentUrl":"https:\/\/secure.gravatar.com\/avatar\/a0b128fb9855c79efc976d5640eedb31dc35ec297594d6016d2cf7c60e975bb6?s=96&d=mm&r=g","caption":"Av. Deniz Can K\u0131z\u0131l"},"sameAs":["http:\/\/www.denizcankizil.tr"],"url":"https:\/\/denizcankizil.tr\/ru\/author\/denizcankizil\/"}]}},"_links":{"self":[{"href":"https:\/\/denizcankizil.tr\/ru\/wp-json\/wp\/v2\/posts\/98317","targetHints":{"allow":["GET"]}}],"collection":[{"href":"https:\/\/denizcankizil.tr\/ru\/wp-json\/wp\/v2\/posts"}],"about":[{"href":"https:\/\/denizcankizil.tr\/ru\/wp-json\/wp\/v2\/types\/post"}],"author":[{"embeddable":true,"href":"https:\/\/denizcankizil.tr\/ru\/wp-json\/wp\/v2\/users\/4"}],"replies":[{"embeddable":true,"href":"https:\/\/denizcankizil.tr\/ru\/wp-json\/wp\/v2\/comments?post=98317"}],"version-history":[{"count":0,"href":"https:\/\/denizcankizil.tr\/ru\/wp-json\/wp\/v2\/posts\/98317\/revisions"}],"wp:attachment":[{"href":"https:\/\/denizcankizil.tr\/ru\/wp-json\/wp\/v2\/media?parent=98317"}],"wp:term":[{"taxonomy":"category","embeddable":true,"href":"https:\/\/denizcankizil.tr\/ru\/wp-json\/wp\/v2\/categories?post=98317"},{"taxonomy":"post_tag","embeddable":true,"href":"https:\/\/denizcankizil.tr\/ru\/wp-json\/wp\/v2\/tags?post=98317"}],"curies":[{"name":"wp","href":"https:\/\/api.w.org\/{rel}","templated":true}]}}