{"id":98263,"date":"2025-05-27T10:42:23","date_gmt":"2025-05-27T07:42:23","guid":{"rendered":"https:\/\/denizcankizil.tr\/uncategorized-tr\/hatay-heyeti-bakan-ersoyla-turizmi-konustu\/"},"modified":"2025-05-27T10:42:23","modified_gmt":"2025-05-27T07:42:23","slug":"hatay-heyeti-bakan-ersoyla-turizmi-konustu","status":"publish","type":"post","link":"https:\/\/denizcankizil.tr\/ru\/haberler\/gundem\/hatay-heyeti-bakan-ersoyla-turizmi-konustu\/","title":{"rendered":"Hatay Heyeti Bakan Ersoy\u2019la Turizmi konu\u015ftu\u2026"},"content":{"rendered":"<p>13 medeniyetin be\u015fi\u011fi, T\u00fcrkiye\u2019nin en \u00f6nemli k\u00fclt\u00fcr ve turizm destinasyonlar\u0131ndan Hatay y\u00fczy\u0131l\u0131n felaketine neden olan 6 \u015eubat 2023 depremlerinden en fazla etkilenerek b\u00fcy\u00fck bir y\u0131k\u0131mla kar\u015f\u0131 kar\u015f\u0131ya kald\u0131. B\u00fcy\u00fck can kay\u0131plar\u0131na neden olan deprem felaketi, ge\u00e7mi\u015ften bug\u00fcne ayakta durmaya \u00e7al\u0131\u015fan medeniyetlerin simgesi eserlerin de b\u00fcy\u00fck b\u00f6l\u00fcm\u00fc, di\u011fer yap\u0131larla birlikte enkaza d\u00f6nen Hatay\u2019da Devletin t\u00fcm birimleriyle her alanda 8\u2019inci kez aya\u011fa kald\u0131rma \u00e7al\u0131\u015fmalar\u0131 aral\u0131ks\u0131z s\u00fcr\u00fcyor.<\/p>\n<p>Y\u0131k\u0131lan \u015fehirlerin yerine TOK\u0130 marifetiyle depremzedelere kal\u0131c\u0131 konutlar, enkaza d\u00f6nen kadim kentte zarar g\u00f6ren ge\u00e7mi\u015fin miras\u0131 yap\u0131lar\u0131n yeniden in\u015fas\u0131yla Hatay\u2019\u0131n aya\u011fa kald\u0131r\u0131lmas\u0131 operasyonuna katk\u0131 amac\u0131yla olu\u015fturulan heyet Ba\u015fkentte K\u00fclt\u00fcr ve Turizm Bakan Mehmet Nuri Ersoy\u2019la bir araya geldi. \u00a0\u00a0\u00a0<\/p>\n<p>Bakanl\u0131kta ger\u00e7ekle\u015ftirilen toplant\u0131ya Vali Mustafa Masatl\u0131, AK Parti Genel Ba\u015fkan Yard\u0131mc\u0131s\u0131 ve Hatay Milletvekili H\u00fcseyin Yayman, Hatay B\u00fcy\u00fck\u015fehir Belediye Ba\u015fkan\u0131 Mehmet \u00d6nt\u00fcrk ve ilgili kurum temsilcileri kat\u0131ld\u0131.<\/p>\n<p>Vali Mustafa Masatl\u0131, kadim \u015eehir Hatay\u2019\u0131n k\u00fclt\u00fcr varl\u0131klar\u0131n\u0131n yeniden ihya, in\u015fa ve imar s\u00fcrecinde gelinen son durumun de\u011ferlendirildi\u011fi toplant\u0131da; \u015fehrin turizm potansiyelini art\u0131rmak i\u00e7in hayata ge\u00e7irilecek projeler ve yat\u0131r\u0131mlar\u0131 g\u00f6r\u00fc\u015ft\u00fcklerini payla\u015ft\u0131.<\/p>\n<p>Hatay B\u00fcy\u00fck\u015fehir Belediye Ba\u015fkan\u0131 Mehmet \u00d6nt\u00fcrk ise, g\u00fcndemlerinde \u015fehirde s\u00fcren restorasyon \u00e7al\u0131\u015fmalar\u0131 ve ileriki d\u00f6nemde ba\u015flayacak projelerin yer ald\u0131\u011f\u0131n\u0131 belirterek, nazik ev sahipli\u011fi ve destekleri i\u00e7in Bakan Ersoy\u2019a te\u015fekk\u00fcr etti.<\/p>\n<p>AK Parti Genel Ba\u015fkan Yard\u0131mc\u0131s\u0131 ve Hatay Milletvekili H\u00fcseyin Yayman da, toplant\u0131 sonras\u0131 yapt\u0131\u011f\u0131 a\u00e7\u0131klamada, \u201cHatay\u2019\u0131m\u0131z\u0131 aya\u011fa kald\u0131rmak i\u00e7in gece g\u00fcnd\u00fcz \u00e7al\u0131\u015fmaya devam ediyoruz. Son depremzede evine girene kadar \u00e7al\u0131\u015fmaya, kamu yat\u0131r\u0131mlar\u0131n\u0131 Hatay\u2019a getirmeye ve \u015fehrimizi g\u00fcndemde tutmaya hep beraber \u00e7al\u0131\u015faca\u011f\u0131z. T\u00fcrkiye, Hatay Modelini yak\u0131nda \u00e7ok daha iyi tan\u0131y\u0131p, g\u00f6recek\u201d dedi.<\/p>\n<p>Toplant\u0131da, Hatay\u2019\u0131n k\u00fclt\u00fcrel miras\u0131n\u0131n korunmas\u0131 ve turizm altyap\u0131s\u0131n\u0131n g\u00fc\u00e7lendirilmesi amac\u0131yla \u00e7e\u015fitli projeler ve yat\u0131r\u0131mlar\u0131n hayata ge\u00e7irilmesinde Turizm ve K\u00fclt\u00fcr Bakanl\u0131\u011f\u0131\u2019n\u0131n katk\u0131lar\u0131 konusunda g\u00f6r\u00fc\u015f al\u0131\u015fveri\u015finde bulunuldu. Bu kapsamda, tarihi yap\u0131lar ve k\u00fclt\u00fcrel varl\u0131klar\u0131n restorasyonu, kentsel tasar\u0131m projeleri ve turizm altyap\u0131s\u0131n\u0131n g\u00fc\u00e7lendirilmesi gibi \u00e7al\u0131\u015fmalar\u0131n \u00f6ncelikli hedefler aras\u0131nda yer ald\u0131\u011f\u0131 belirtildi.<\/p>\n<p>Bu ad\u0131mlar\u0131n, Hatay\u2019\u0131n k\u00fclt\u00fcrel zenginli\u011fini ve turizm potansiyelini art\u0131rarak, b\u00f6lgenin kalk\u0131nmas\u0131na katk\u0131 sa\u011flamas\u0131 bekleniyor.<\/p>\n<p>Bu arada ge\u00e7ti\u011fimiz g\u00fcnlerde Genel Ba\u015fkan Yard\u0131mc\u0131s\u0131 Yayman, AK Parti \u00c7evre ve \u015eehircilik Politikalar\u0131 Ba\u015fkan\u0131 Sevilay Tuncer\u2019le yeniden aya\u011fa kald\u0131rma operasyonu s\u00fcren Hatay\u2019da bir dizi gezi ve incelemelerde bulunmu\u015ftu.<\/p>\n<p>Yayman ve Tuncer\u2019le beraberindekiler Hatay\u2019da \u00e7al\u0131\u015fmalar\u0131 devam eden Kurtulu\u015f Caddesi, Kemalpa\u015fa Caddesi, Uzun \u00c7ar\u015f\u0131, Habib-i Neccar Cami, Antakya Katolik kilisesi, K\u00fclt\u00fcr ve sanat \u00e7ar\u015f\u0131s\u0131, Yap\u0131m\u0131 devam eden TOK\u0130 konutlar\u0131 ve i\u015f yerlerinin in\u015faatlar\u0131n\u0131 yerinde incelemi\u015fti.<\/p>\n<p>\u200bK\u00fclt\u00fcr ve Turizm Bakan\u0131 Mehmet Nuri Ersoy\u2019un ba\u015fkanl\u0131\u011f\u0131nda ger\u00e7ekle\u015ftirilen toplant\u0131da, Hatay\u2019\u0131n k\u00fclt\u00fcrel miras\u0131n\u0131n yeniden ihyas\u0131 ve turizm potansiyelinin art\u0131r\u0131lmas\u0131 i\u00e7in at\u0131lacak ad\u0131mlar de\u011ferlendirildi.\u00a0<\/p>\n<p>\u200bHaberin Al\u0131nt\u0131land\u0131\u011f\u0131 Kaynak: www.iskenderun.org<\/p>","protected":false},"excerpt":{"rendered":"<p>13 medeniyetin be\u015fi\u011fi, T\u00fcrkiye\u2019nin en \u00f6nemli k\u00fclt\u00fcr ve turizm destinasyonlar\u0131ndan Hatay y\u00fczy\u0131l\u0131n felaketine neden olan 6 \u015eubat 2023 depremlerinden en fazla etkilenerek b\u00fcy\u00fck bir y\u0131k\u0131mla kar\u015f\u0131 kar\u015f\u0131ya kald\u0131. B\u00fcy\u00fck can kay\u0131plar\u0131na neden olan deprem felaketi, ge\u00e7mi\u015ften bug\u00fcne ayakta durmaya \u00e7al\u0131\u015fan medeniyetlerin simgesi eserlerin de b\u00fcy\u00fck b\u00f6l\u00fcm\u00fc, di\u011fer yap\u0131larla birlikte enkaza d\u00f6nen Hatay\u2019da Devletin t\u00fcm birimleriyle her alanda 8\u2019inci kez aya\u011fa kald\u0131rma \u00e7al\u0131\u015fmalar\u0131 aral\u0131ks\u0131z s\u00fcr\u00fcyor. Y\u0131k\u0131lan \u015fehirlerin yerine TOK\u0130 marifetiyle depremzedelere kal\u0131c\u0131 konutlar, enkaza d\u00f6nen kadim kentte zarar g\u00f6ren ge\u00e7mi\u015fin miras\u0131 yap\u0131lar\u0131n yeniden in\u015fas\u0131yla Hatay\u2019\u0131n aya\u011fa kald\u0131r\u0131lmas\u0131 operasyonuna katk\u0131 amac\u0131yla olu\u015fturulan heyet Ba\u015fkentte K\u00fclt\u00fcr ve Turizm Bakan Mehmet Nuri Ersoy\u2019la bir araya geldi. \u00a0\u00a0\u00a0 Bakanl\u0131kta ger\u00e7ekle\u015ftirilen toplant\u0131ya Vali Mustafa Masatl\u0131, AK Parti Genel Ba\u015fkan Yard\u0131mc\u0131s\u0131 ve Hatay Milletvekili H\u00fcseyin Yayman, Hatay B\u00fcy\u00fck\u015fehir Belediye Ba\u015fkan\u0131 Mehmet \u00d6nt\u00fcrk ve ilgili kurum temsilcileri kat\u0131ld\u0131. Vali Mustafa Masatl\u0131, kadim \u015eehir Hatay\u2019\u0131n k\u00fclt\u00fcr varl\u0131klar\u0131n\u0131n yeniden ihya, in\u015fa ve imar s\u00fcrecinde gelinen son durumun de\u011ferlendirildi\u011fi toplant\u0131da; \u015fehrin turizm potansiyelini art\u0131rmak i\u00e7in hayata ge\u00e7irilecek projeler ve yat\u0131r\u0131mlar\u0131 g\u00f6r\u00fc\u015ft\u00fcklerini payla\u015ft\u0131. Hatay B\u00fcy\u00fck\u015fehir Belediye Ba\u015fkan\u0131 Mehmet \u00d6nt\u00fcrk ise, g\u00fcndemlerinde \u015fehirde s\u00fcren restorasyon \u00e7al\u0131\u015fmalar\u0131 ve ileriki d\u00f6nemde ba\u015flayacak projelerin yer ald\u0131\u011f\u0131n\u0131 belirterek, nazik ev sahipli\u011fi ve destekleri i\u00e7in Bakan Ersoy\u2019a te\u015fekk\u00fcr etti. AK Parti Genel Ba\u015fkan Yard\u0131mc\u0131s\u0131 ve Hatay Milletvekili H\u00fcseyin &hellip;<\/p>","protected":false},"author":1,"featured_media":0,"comment_status":"","ping_status":"open","sticky":false,"template":"","format":"standard","meta":{"_acf_changed":false,"footnotes":""},"categories":[24],"tags":[],"class_list":["post-98263","post","type-post","status-publish","format-standard","has-post-thumbnail","hentry","category-gundem"],"acf":[],"yoast_head":"<!-- This site is optimized with the Yoast SEO Premium plugin v26.6 (Yoast SEO v27.1.1) - https:\/\/yoast.com\/product\/yoast-seo-premium-wordpress\/ -->\n<title>Hatay Heyeti Bakan Ersoy\u2019la Turizmi konu\u015ftu\u2026 - Av. Deniz Can K\u0131z\u0131l<\/title>\n<meta name=\"robots\" content=\"index, follow, max-snippet:-1, max-image-preview:large, max-video-preview:-1\" \/>\n<link rel=\"canonical\" href=\"https:\/\/denizcankizil.tr\/ru\/haberler\/gundem\/hatay-heyeti-bakan-ersoyla-turizmi-konustu\/\" \/>\n<meta property=\"og:locale\" content=\"ru_RU\" \/>\n<meta property=\"og:type\" content=\"article\" \/>\n<meta property=\"og:title\" content=\"Hatay Heyeti Bakan Ersoy\u2019la Turizmi konu\u015ftu\u2026\" \/>\n<meta property=\"og:description\" content=\"13 medeniyetin be\u015fi\u011fi, T\u00fcrkiye\u2019nin en \u00f6nemli k\u00fclt\u00fcr ve turizm destinasyonlar\u0131ndan Hatay y\u00fczy\u0131l\u0131n felaketine neden olan 6 \u015eubat 2023 depremlerinden en fazla etkilenerek b\u00fcy\u00fck bir y\u0131k\u0131mla kar\u015f\u0131 kar\u015f\u0131ya kald\u0131. B\u00fcy\u00fck can kay\u0131plar\u0131na neden olan deprem felaketi, ge\u00e7mi\u015ften bug\u00fcne ayakta durmaya \u00e7al\u0131\u015fan medeniyetlerin simgesi eserlerin de b\u00fcy\u00fck b\u00f6l\u00fcm\u00fc, di\u011fer yap\u0131larla birlikte enkaza d\u00f6nen Hatay\u2019da Devletin t\u00fcm birimleriyle her alanda 8\u2019inci kez aya\u011fa kald\u0131rma \u00e7al\u0131\u015fmalar\u0131 aral\u0131ks\u0131z s\u00fcr\u00fcyor. Y\u0131k\u0131lan \u015fehirlerin yerine TOK\u0130 marifetiyle depremzedelere kal\u0131c\u0131 konutlar, enkaza d\u00f6nen kadim kentte zarar g\u00f6ren ge\u00e7mi\u015fin miras\u0131 yap\u0131lar\u0131n yeniden in\u015fas\u0131yla Hatay\u2019\u0131n aya\u011fa kald\u0131r\u0131lmas\u0131 operasyonuna katk\u0131 amac\u0131yla olu\u015fturulan heyet Ba\u015fkentte K\u00fclt\u00fcr ve Turizm Bakan Mehmet Nuri Ersoy\u2019la bir araya geldi. \u00a0\u00a0\u00a0 Bakanl\u0131kta ger\u00e7ekle\u015ftirilen toplant\u0131ya Vali Mustafa Masatl\u0131, AK Parti Genel Ba\u015fkan Yard\u0131mc\u0131s\u0131 ve Hatay Milletvekili H\u00fcseyin Yayman, Hatay B\u00fcy\u00fck\u015fehir Belediye Ba\u015fkan\u0131 Mehmet \u00d6nt\u00fcrk ve ilgili kurum temsilcileri kat\u0131ld\u0131. Vali Mustafa Masatl\u0131, kadim \u015eehir Hatay\u2019\u0131n k\u00fclt\u00fcr varl\u0131klar\u0131n\u0131n yeniden ihya, in\u015fa ve imar s\u00fcrecinde gelinen son durumun de\u011ferlendirildi\u011fi toplant\u0131da; \u015fehrin turizm potansiyelini art\u0131rmak i\u00e7in hayata ge\u00e7irilecek projeler ve yat\u0131r\u0131mlar\u0131 g\u00f6r\u00fc\u015ft\u00fcklerini payla\u015ft\u0131. Hatay B\u00fcy\u00fck\u015fehir Belediye Ba\u015fkan\u0131 Mehmet \u00d6nt\u00fcrk ise, g\u00fcndemlerinde \u015fehirde s\u00fcren restorasyon \u00e7al\u0131\u015fmalar\u0131 ve ileriki d\u00f6nemde ba\u015flayacak projelerin yer ald\u0131\u011f\u0131n\u0131 belirterek, nazik ev sahipli\u011fi ve destekleri i\u00e7in Bakan Ersoy\u2019a te\u015fekk\u00fcr etti. AK Parti Genel Ba\u015fkan Yard\u0131mc\u0131s\u0131 ve Hatay Milletvekili H\u00fcseyin &hellip;\" \/>\n<meta property=\"og:url\" content=\"https:\/\/denizcankizil.tr\/ru\/haberler\/gundem\/hatay-heyeti-bakan-ersoyla-turizmi-konustu\/\" \/>\n<meta property=\"og:site_name\" content=\"Av. Deniz Can K\u0131z\u0131l\" \/>\n<meta property=\"article:published_time\" content=\"2025-05-27T07:42:23+00:00\" \/>\n<meta name=\"author\" content=\"admin\" \/>\n<meta name=\"twitter:card\" content=\"summary_large_image\" \/>\n<meta name=\"twitter:label1\" content=\"\u041d\u0430\u043f\u0438\u0441\u0430\u043d\u043e \u0430\u0432\u0442\u043e\u0440\u043e\u043c\" \/>\n\t<meta name=\"twitter:data1\" content=\"admin\" \/>\n\t<meta name=\"twitter:label2\" content=\"\u041f\u0440\u0438\u043c\u0435\u0440\u043d\u043e\u0435 \u0432\u0440\u0435\u043c\u044f \u0434\u043b\u044f \u0447\u0442\u0435\u043d\u0438\u044f\" \/>\n\t<meta name=\"twitter:data2\" content=\"3 \u043c\u0438\u043d\u0443\u0442\u044b\" \/>\n<script type=\"application\/ld+json\" class=\"yoast-schema-graph\">{\"@context\":\"https:\/\/schema.org\",\"@graph\":[{\"@type\":\"Article\",\"@id\":\"https:\/\/denizcankizil.tr\/ru\/haberler\/gundem\/hatay-heyeti-bakan-ersoyla-turizmi-konustu\/#article\",\"isPartOf\":{\"@id\":\"https:\/\/denizcankizil.tr\/ru\/haberler\/gundem\/hatay-heyeti-bakan-ersoyla-turizmi-konustu\/\"},\"author\":{\"name\":\"admin\",\"@id\":\"https:\/\/denizcankizil.tr\/#\/schema\/person\/be3c05fe6a12686905512445d8185489\"},\"headline\":\"Hatay Heyeti Bakan Ersoy\u2019la Turizmi konu\u015ftu\u2026\",\"datePublished\":\"2025-05-27T07:42:23+00:00\",\"mainEntityOfPage\":{\"@id\":\"https:\/\/denizcankizil.tr\/ru\/haberler\/gundem\/hatay-heyeti-bakan-ersoyla-turizmi-konustu\/\"},\"wordCount\":630,\"publisher\":{\"@id\":\"https:\/\/denizcankizil.tr\/#organization\"},\"articleSection\":[\"G\u00fcndem\"],\"inLanguage\":\"ru-RU\"},{\"@type\":\"WebPage\",\"@id\":\"https:\/\/denizcankizil.tr\/ru\/haberler\/gundem\/hatay-heyeti-bakan-ersoyla-turizmi-konustu\/\",\"url\":\"https:\/\/denizcankizil.tr\/ru\/haberler\/gundem\/hatay-heyeti-bakan-ersoyla-turizmi-konustu\/\",\"name\":\"Hatay Heyeti Bakan Ersoy\u2019la Turizmi konu\u015ftu\u2026 - Av. Deniz Can K\u0131z\u0131l\",\"isPartOf\":{\"@id\":\"https:\/\/denizcankizil.tr\/#website\"},\"datePublished\":\"2025-05-27T07:42:23+00:00\",\"breadcrumb\":{\"@id\":\"https:\/\/denizcankizil.tr\/ru\/haberler\/gundem\/hatay-heyeti-bakan-ersoyla-turizmi-konustu\/#breadcrumb\"},\"inLanguage\":\"ru-RU\",\"potentialAction\":[{\"@type\":\"ReadAction\",\"target\":[\"https:\/\/denizcankizil.tr\/ru\/haberler\/gundem\/hatay-heyeti-bakan-ersoyla-turizmi-konustu\/\"]}]},{\"@type\":\"BreadcrumbList\",\"@id\":\"https:\/\/denizcankizil.tr\/ru\/haberler\/gundem\/hatay-heyeti-bakan-ersoyla-turizmi-konustu\/#breadcrumb\",\"itemListElement\":[{\"@type\":\"ListItem\",\"position\":1,\"name\":\"Home\",\"item\":\"https:\/\/denizcankizil.tr\/de\/\"},{\"@type\":\"ListItem\",\"position\":2,\"name\":\"Hatay Heyeti Bakan Ersoy\u2019la Turizmi konu\u015ftu\u2026\"}]},{\"@type\":\"WebSite\",\"@id\":\"https:\/\/denizcankizil.tr\/#website\",\"url\":\"https:\/\/denizcankizil.tr\/\",\"name\":\"Av. Deniz Can K\u0131z\u0131l\",\"description\":\"Avukat Deniz Can K\u0131z\u0131l Antalya Barosu\",\"publisher\":{\"@id\":\"https:\/\/denizcankizil.tr\/#organization\"},\"potentialAction\":[{\"@type\":\"SearchAction\",\"target\":{\"@type\":\"EntryPoint\",\"urlTemplate\":\"https:\/\/denizcankizil.tr\/?s={search_term_string}\"},\"query-input\":{\"@type\":\"PropertyValueSpecification\",\"valueRequired\":true,\"valueName\":\"search_term_string\"}}],\"inLanguage\":\"ru-RU\"},{\"@type\":\"Organization\",\"@id\":\"https:\/\/denizcankizil.tr\/#organization\",\"name\":\"Av. Deniz Can K\u0131z\u0131l\",\"url\":\"https:\/\/denizcankizil.tr\/\",\"logo\":{\"@type\":\"ImageObject\",\"inLanguage\":\"ru-RU\",\"@id\":\"https:\/\/denizcankizil.tr\/#\/schema\/logo\/image\/\",\"url\":\"https:\/\/denizcankizil.tr\/wp-content\/uploads\/2024\/10\/siyah-logo-svg.svg\",\"contentUrl\":\"https:\/\/denizcankizil.tr\/wp-content\/uploads\/2024\/10\/siyah-logo-svg.svg\",\"width\":1080,\"height\":1080,\"caption\":\"Av. Deniz Can K\u0131z\u0131l\"},\"image\":{\"@id\":\"https:\/\/denizcankizil.tr\/#\/schema\/logo\/image\/\"}},{\"@type\":\"Person\",\"@id\":\"https:\/\/denizcankizil.tr\/#\/schema\/person\/be3c05fe6a12686905512445d8185489\",\"name\":\"admin\",\"image\":{\"@type\":\"ImageObject\",\"inLanguage\":\"ru-RU\",\"@id\":\"https:\/\/denizcankizil.tr\/#\/schema\/person\/image\/\",\"url\":\"https:\/\/secure.gravatar.com\/avatar\/c1fce94c830dc79107e174f890d7210541c4a63e8e5d816341794a2151c9d58c?s=96&d=mm&r=g\",\"contentUrl\":\"https:\/\/secure.gravatar.com\/avatar\/c1fce94c830dc79107e174f890d7210541c4a63e8e5d816341794a2151c9d58c?s=96&d=mm&r=g\",\"caption\":\"admin\"},\"sameAs\":[\"http:\/\/denizcankizil.tr\"],\"url\":\"https:\/\/www.iskenderun.org\/hatay-heyeti-bakan-ersoyla-turizmi-konustu\"}]}<\/script>\n<!-- \/ Yoast SEO Premium plugin. -->","yoast_head_json":{"title":"Hatay Heyeti Bakan Ersoy\u2019la Turizmi konu\u015ftu\u2026 - Av. Deniz Can K\u0131z\u0131l","robots":{"index":"index","follow":"follow","max-snippet":"max-snippet:-1","max-image-preview":"max-image-preview:large","max-video-preview":"max-video-preview:-1"},"canonical":"https:\/\/denizcankizil.tr\/ru\/haberler\/gundem\/hatay-heyeti-bakan-ersoyla-turizmi-konustu\/","og_locale":"ru_RU","og_type":"article","og_title":"Hatay Heyeti Bakan Ersoy\u2019la Turizmi konu\u015ftu\u2026","og_description":"13 medeniyetin be\u015fi\u011fi, T\u00fcrkiye\u2019nin en \u00f6nemli k\u00fclt\u00fcr ve turizm destinasyonlar\u0131ndan Hatay y\u00fczy\u0131l\u0131n felaketine neden olan 6 \u015eubat 2023 depremlerinden en fazla etkilenerek b\u00fcy\u00fck bir y\u0131k\u0131mla kar\u015f\u0131 kar\u015f\u0131ya kald\u0131. B\u00fcy\u00fck can kay\u0131plar\u0131na neden olan deprem felaketi, ge\u00e7mi\u015ften bug\u00fcne ayakta durmaya \u00e7al\u0131\u015fan medeniyetlerin simgesi eserlerin de b\u00fcy\u00fck b\u00f6l\u00fcm\u00fc, di\u011fer yap\u0131larla birlikte enkaza d\u00f6nen Hatay\u2019da Devletin t\u00fcm birimleriyle her alanda 8\u2019inci kez aya\u011fa kald\u0131rma \u00e7al\u0131\u015fmalar\u0131 aral\u0131ks\u0131z s\u00fcr\u00fcyor. Y\u0131k\u0131lan \u015fehirlerin yerine TOK\u0130 marifetiyle depremzedelere kal\u0131c\u0131 konutlar, enkaza d\u00f6nen kadim kentte zarar g\u00f6ren ge\u00e7mi\u015fin miras\u0131 yap\u0131lar\u0131n yeniden in\u015fas\u0131yla Hatay\u2019\u0131n aya\u011fa kald\u0131r\u0131lmas\u0131 operasyonuna katk\u0131 amac\u0131yla olu\u015fturulan heyet Ba\u015fkentte K\u00fclt\u00fcr ve Turizm Bakan Mehmet Nuri Ersoy\u2019la bir araya geldi. \u00a0\u00a0\u00a0 Bakanl\u0131kta ger\u00e7ekle\u015ftirilen toplant\u0131ya Vali Mustafa Masatl\u0131, AK Parti Genel Ba\u015fkan Yard\u0131mc\u0131s\u0131 ve Hatay Milletvekili H\u00fcseyin Yayman, Hatay B\u00fcy\u00fck\u015fehir Belediye Ba\u015fkan\u0131 Mehmet \u00d6nt\u00fcrk ve ilgili kurum temsilcileri kat\u0131ld\u0131. Vali Mustafa Masatl\u0131, kadim \u015eehir Hatay\u2019\u0131n k\u00fclt\u00fcr varl\u0131klar\u0131n\u0131n yeniden ihya, in\u015fa ve imar s\u00fcrecinde gelinen son durumun de\u011ferlendirildi\u011fi toplant\u0131da; \u015fehrin turizm potansiyelini art\u0131rmak i\u00e7in hayata ge\u00e7irilecek projeler ve yat\u0131r\u0131mlar\u0131 g\u00f6r\u00fc\u015ft\u00fcklerini payla\u015ft\u0131. Hatay B\u00fcy\u00fck\u015fehir Belediye Ba\u015fkan\u0131 Mehmet \u00d6nt\u00fcrk ise, g\u00fcndemlerinde \u015fehirde s\u00fcren restorasyon \u00e7al\u0131\u015fmalar\u0131 ve ileriki d\u00f6nemde ba\u015flayacak projelerin yer ald\u0131\u011f\u0131n\u0131 belirterek, nazik ev sahipli\u011fi ve destekleri i\u00e7in Bakan Ersoy\u2019a te\u015fekk\u00fcr etti. AK Parti Genel Ba\u015fkan Yard\u0131mc\u0131s\u0131 ve Hatay Milletvekili H\u00fcseyin &hellip;","og_url":"https:\/\/denizcankizil.tr\/ru\/haberler\/gundem\/hatay-heyeti-bakan-ersoyla-turizmi-konustu\/","og_site_name":"Av. Deniz Can K\u0131z\u0131l","article_published_time":"2025-05-27T07:42:23+00:00","author":"admin","twitter_card":"summary_large_image","twitter_misc":{"\u041d\u0430\u043f\u0438\u0441\u0430\u043d\u043e \u0430\u0432\u0442\u043e\u0440\u043e\u043c":"admin","\u041f\u0440\u0438\u043c\u0435\u0440\u043d\u043e\u0435 \u0432\u0440\u0435\u043c\u044f \u0434\u043b\u044f \u0447\u0442\u0435\u043d\u0438\u044f":"3 \u043c\u0438\u043d\u0443\u0442\u044b"},"schema":{"@context":"https:\/\/schema.org","@graph":[{"@type":"Article","@id":"https:\/\/denizcankizil.tr\/ru\/haberler\/gundem\/hatay-heyeti-bakan-ersoyla-turizmi-konustu\/#article","isPartOf":{"@id":"https:\/\/denizcankizil.tr\/ru\/haberler\/gundem\/hatay-heyeti-bakan-ersoyla-turizmi-konustu\/"},"author":{"name":"admin","@id":"https:\/\/denizcankizil.tr\/#\/schema\/person\/be3c05fe6a12686905512445d8185489"},"headline":"Hatay Heyeti Bakan Ersoy\u2019la Turizmi konu\u015ftu\u2026","datePublished":"2025-05-27T07:42:23+00:00","mainEntityOfPage":{"@id":"https:\/\/denizcankizil.tr\/ru\/haberler\/gundem\/hatay-heyeti-bakan-ersoyla-turizmi-konustu\/"},"wordCount":630,"publisher":{"@id":"https:\/\/denizcankizil.tr\/#organization"},"articleSection":["G\u00fcndem"],"inLanguage":"ru-RU"},{"@type":"WebPage","@id":"https:\/\/denizcankizil.tr\/ru\/haberler\/gundem\/hatay-heyeti-bakan-ersoyla-turizmi-konustu\/","url":"https:\/\/denizcankizil.tr\/ru\/haberler\/gundem\/hatay-heyeti-bakan-ersoyla-turizmi-konustu\/","name":"Hatay Heyeti Bakan Ersoy\u2019la Turizmi konu\u015ftu\u2026 - Av. Deniz Can K\u0131z\u0131l","isPartOf":{"@id":"https:\/\/denizcankizil.tr\/#website"},"datePublished":"2025-05-27T07:42:23+00:00","breadcrumb":{"@id":"https:\/\/denizcankizil.tr\/ru\/haberler\/gundem\/hatay-heyeti-bakan-ersoyla-turizmi-konustu\/#breadcrumb"},"inLanguage":"ru-RU","potentialAction":[{"@type":"ReadAction","target":["https:\/\/denizcankizil.tr\/ru\/haberler\/gundem\/hatay-heyeti-bakan-ersoyla-turizmi-konustu\/"]}]},{"@type":"BreadcrumbList","@id":"https:\/\/denizcankizil.tr\/ru\/haberler\/gundem\/hatay-heyeti-bakan-ersoyla-turizmi-konustu\/#breadcrumb","itemListElement":[{"@type":"ListItem","position":1,"name":"Home","item":"https:\/\/denizcankizil.tr\/de\/"},{"@type":"ListItem","position":2,"name":"Hatay Heyeti Bakan Ersoy\u2019la Turizmi konu\u015ftu\u2026"}]},{"@type":"WebSite","@id":"https:\/\/denizcankizil.tr\/#website","url":"https:\/\/denizcankizil.tr\/","name":"Av. Deniz Can K\u0131z\u0131l","description":"Avukat Deniz Can K\u0131z\u0131l Antalya Barosu","publisher":{"@id":"https:\/\/denizcankizil.tr\/#organization"},"potentialAction":[{"@type":"SearchAction","target":{"@type":"EntryPoint","urlTemplate":"https:\/\/denizcankizil.tr\/?s={search_term_string}"},"query-input":{"@type":"PropertyValueSpecification","valueRequired":true,"valueName":"search_term_string"}}],"inLanguage":"ru-RU"},{"@type":"Organization","@id":"https:\/\/denizcankizil.tr\/#organization","name":"Av. Deniz Can K\u0131z\u0131l","url":"https:\/\/denizcankizil.tr\/","logo":{"@type":"ImageObject","inLanguage":"ru-RU","@id":"https:\/\/denizcankizil.tr\/#\/schema\/logo\/image\/","url":"https:\/\/denizcankizil.tr\/wp-content\/uploads\/2024\/10\/siyah-logo-svg.svg","contentUrl":"https:\/\/denizcankizil.tr\/wp-content\/uploads\/2024\/10\/siyah-logo-svg.svg","width":1080,"height":1080,"caption":"Av. Deniz Can K\u0131z\u0131l"},"image":{"@id":"https:\/\/denizcankizil.tr\/#\/schema\/logo\/image\/"}},{"@type":"Person","@id":"https:\/\/denizcankizil.tr\/#\/schema\/person\/be3c05fe6a12686905512445d8185489","name":"\u0430\u0434\u043c\u0438\u043d","image":{"@type":"ImageObject","inLanguage":"ru-RU","@id":"https:\/\/denizcankizil.tr\/#\/schema\/person\/image\/","url":"https:\/\/secure.gravatar.com\/avatar\/c1fce94c830dc79107e174f890d7210541c4a63e8e5d816341794a2151c9d58c?s=96&d=mm&r=g","contentUrl":"https:\/\/secure.gravatar.com\/avatar\/c1fce94c830dc79107e174f890d7210541c4a63e8e5d816341794a2151c9d58c?s=96&d=mm&r=g","caption":"admin"},"sameAs":["http:\/\/denizcankizil.tr"],"url":"https:\/\/www.iskenderun.org\/hatay-heyeti-bakan-ersoyla-turizmi-konustu"}]}},"_links":{"self":[{"href":"https:\/\/denizcankizil.tr\/ru\/wp-json\/wp\/v2\/posts\/98263","targetHints":{"allow":["GET"]}}],"collection":[{"href":"https:\/\/denizcankizil.tr\/ru\/wp-json\/wp\/v2\/posts"}],"about":[{"href":"https:\/\/denizcankizil.tr\/ru\/wp-json\/wp\/v2\/types\/post"}],"author":[{"embeddable":true,"href":"https:\/\/denizcankizil.tr\/ru\/wp-json\/wp\/v2\/users\/1"}],"replies":[{"embeddable":true,"href":"https:\/\/denizcankizil.tr\/ru\/wp-json\/wp\/v2\/comments?post=98263"}],"version-history":[{"count":0,"href":"https:\/\/denizcankizil.tr\/ru\/wp-json\/wp\/v2\/posts\/98263\/revisions"}],"wp:attachment":[{"href":"https:\/\/denizcankizil.tr\/ru\/wp-json\/wp\/v2\/media?parent=98263"}],"wp:term":[{"taxonomy":"category","embeddable":true,"href":"https:\/\/denizcankizil.tr\/ru\/wp-json\/wp\/v2\/categories?post=98263"},{"taxonomy":"post_tag","embeddable":true,"href":"https:\/\/denizcankizil.tr\/ru\/wp-json\/wp\/v2\/tags?post=98263"}],"curies":[{"name":"wp","href":"https:\/\/api.w.org\/{rel}","templated":true}]}}