{"id":97204,"date":"2025-05-26T12:41:15","date_gmt":"2025-05-26T09:41:15","guid":{"rendered":"https:\/\/denizcankizil.tr\/uncategorized-tr\/meslektasini-olduren-zabitaya-agirlastirilmis-muebbet\/"},"modified":"2025-05-26T12:41:15","modified_gmt":"2025-05-26T09:41:15","slug":"meslektasini-olduren-zabitaya-agirlastirilmis-muebbet","status":"publish","type":"post","link":"https:\/\/denizcankizil.tr\/ru\/haberler\/antalya\/meslektasini-olduren-zabitaya-agirlastirilmis-muebbet\/","title":{"rendered":"Meslekta\u015f\u0131n\u0131 \u00f6ld\u00fcren zab\u0131taya a\u011f\u0131rla\u015ft\u0131r\u0131lm\u0131\u015f m\u00fcebbet"},"content":{"rendered":"<p>Olay, 27 \u015eubat 2024&#8217;te, saat 13.30 s\u0131ralar\u0131nda Muratpa\u015fa il\u00e7esi Meydankava\u011f\u0131 Mahallesi \u015eehitler Caddesi&#8217;nde meydana geldi. Mahallede tahliye edilen bir binada h\u0131rs\u0131zl\u0131k ya\u015fanmamas\u0131 i\u00e7in g\u00f6revli bulunan Muratpa\u015fa Belediyesi zab\u0131ta memurlar\u0131 \u0130smail Kanmaz ve Erdal Vuran aras\u0131nda, mobbing iddias\u0131yla tart\u0131\u015fma \u00e7\u0131kt\u0131. Tart\u0131\u015fman\u0131n kavgaya d\u00f6n\u00fc\u015fmesi ile Erdal Vuran, ekmek b\u0131\u00e7a\u011f\u0131yla \u0130smail Kanmaz&#8217;\u0131 s\u0131rt ve boyun b\u00f6lgesinden 7 b\u0131\u00e7ak darbesiyle yaralad\u0131. \u00c7evredekiler taraflar\u0131 ay\u0131rmaya \u00e7al\u0131\u015f\u0131rken, ihbar \u00fczerine b\u00f6lgeye sa\u011fl\u0131k ve polis ekipleri sevk edildi. Gelen ambulansla hastaneye kald\u0131r\u0131lan Kanmaz, hayat\u0131n\u0131 kaybetti. Erdal Vuran ise g\u00f6zalt\u0131na al\u0131nd\u0131. Polis ekipleri, olayda kullan\u0131lan b\u0131\u00e7a\u011f\u0131 \u00e7\u00f6p kutusunda bulup, el koydu. Olay an\u0131, cep telefonu kameras\u0131yla g\u00f6r\u00fcnt\u00fclendi. Emniyetteki i\u015flemlerinin ard\u0131ndan sevk edildi\u011fi adliyede sulh ceza hakimli\u011fine \u00e7\u0131kar\u0131lan Vuran, tutukland\u0131. Vuran ifadesinde, Kanmaz&#8217;\u0131n y\u00fcz\u00fcndeki alayc\u0131 g\u00fcl\u00fc\u015f\u00fc g\u00f6r\u00fcnce beyninin kendisine \u00f6ld\u00fcrmesi y\u00f6n\u00fcnde komut verdi\u011fini iddia etti.<\/p>\n<p>KARAR DURU\u015eMASI G\u00d6R\u00dcLD\u00dc<\/p>\n<p>&#8216;Tasarlayarak kasten \u00f6ld\u00fcrme&#8217; su\u00e7lamas\u0131yla a\u011f\u0131rla\u015ft\u0131r\u0131lm\u0131\u015f \u00f6m\u00fcr boyu hapsi istenen Erdal Vuran, Antalya 4&#8217;\u00fcnc\u00fc A\u011f\u0131r Ceza Mahkemesi&#8217;nde hakim kar\u015f\u0131s\u0131na \u00e7\u0131kt\u0131. Duru\u015fmaya taraf avukatlar\u0131 ve maktul\u00fcn ailesi kat\u0131ld\u0131. 10 y\u0131ld\u0131r psikolojik tedavi g\u00f6rd\u00fc\u011f\u00fcn\u00fc ileri s\u00fcren Vuran, olay g\u00fcn\u00fc kasaptan b\u0131\u00e7ak ald\u0131\u011f\u0131n\u0131, ard\u0131ndan maktulle telefonda konu\u015fup yan\u0131na gitti\u011fini, kendisine &#8216;Hastanede ne yapt\u0131n deli&#8217; \u015feklinde hitap edildi\u011fini belirtti.<\/p>\n<p>ADL\u0130 TIP, &#8216;AKL\u0130 DENGES\u0130 YER\u0130NDE&#8217; DED\u0130<\/p>\n<p>\u00d6nceki duru\u015fmalarda akli dengesinin yerinde olmad\u0131\u011f\u0131n\u0131, beyninin kendisine \u00f6ld\u00fcrmesi y\u00f6n\u00fcnde komut verdi\u011fi y\u00f6n\u00fcndeki beyan\u0131n\u0131 tekrar eden san\u0131k Erdal Vuran, pi\u015fman olu\u011funu s\u00f6yleyerek beraatini istedi. Adli t\u0131p raporunda ise san\u0131\u011f\u0131n akli dengesinin yerinde oldu\u011fu kaydedildi. Mahkeme heyeti, san\u0131\u011f\u0131n a\u011f\u0131rla\u015ft\u0131r\u0131lm\u0131\u015f \u00f6m\u00fcr boyu hapisle cezaland\u0131r\u0131lmas\u0131na karar verdi.<\/p>\n<p>&#8216;CEZA, TOPLUM V\u0130CDANINI B\u0130R NEBZE RAHATLATTI&#8217;<\/p>\n<p>Mahkemeden yerinde bir karar \u00e7\u0131kt\u0131\u011f\u0131n\u0131 kaydeden maktul\u00fcn aile avukat\u0131 Pirireis Hami Bann\u0131o\u011flu, \u201cSay\u0131n mahkeme, kamuoyunun vicdan\u0131n\u0131 s\u0131zlatan, ge\u00e7ti\u011fimiz y\u0131llarda Muratpa\u015fa il\u00e7esinde i\u015flenen zab\u0131ta cinayetini karara ba\u011flad\u0131. M\u00fctalaa ve iddianame do\u011frultusunda san\u0131\u011f\u0131n a\u011f\u0131rla\u015ft\u0131r\u0131lm\u0131\u015f m\u00fcebbet hapis ile cezaland\u0131r\u0131lmas\u0131na h\u00fckmedildi. Verilen cezan\u0131n, toplum vicdan\u0131n\u0131 bir nebze olsun rahatlatt\u0131\u011f\u0131n\u0131 d\u00fc\u015f\u00fcnmekteyiz. San\u0131k, ilk beyanlar\u0131nda daha \u00f6nce adliyeye geldi\u011fini, savc\u0131larla g\u00f6r\u00fc\u015ft\u00fc\u011f\u00fcn\u00fc, hatta oda numaralar\u0131na kadar bildi\u011fini, koridorlar\u0131 ayr\u0131nt\u0131l\u0131 \u015fekilde tarif edebildi\u011fini s\u00f6yledi. Ayr\u0131ca cinayetten \u00f6nce bir hastaneye giderek psikologdan kendisine ila\u00e7 yazd\u0131rmak istedi\u011fini belirtti. Ancak biz bu ki\u015finin ak\u0131l sa\u011fl\u0131\u011f\u0131n\u0131n yerinde olmad\u0131\u011f\u0131 iddias\u0131n\u0131n ger\u00e7ek\u00e7i olmad\u0131\u011f\u0131n\u0131, hayat\u0131n ola\u011fan ak\u0131\u015f\u0131na ayk\u0131r\u0131 oldu\u011funu ifade ettik. Bu kadar ayr\u0131nt\u0131y\u0131 ezberleyebilen bir ki\u015finin ak\u0131l sa\u011fl\u0131\u011f\u0131n\u0131n yerinde oldu\u011funu d\u00fc\u015f\u00fcn\u00fcyoruz. Adli T\u0131p da ayn\u0131 kanaate vard\u0131 ve san\u0131\u011f\u0131n ak\u0131l sa\u011fl\u0131\u011f\u0131n\u0131n yerinde oldu\u011funa karar verdi. Mahkeme ise san\u0131\u011f\u0131n ifadelerini inand\u0131r\u0131c\u0131 bulmad\u0131&#8221; dedi.<\/p>\n<p>Kaynak: www.kanalv.com.tr Haber Sitesinden Al\u0131nm\u0131\u015ft\u0131r.<\/p>","protected":false},"excerpt":{"rendered":"<p>Olay, 27 \u015eubat 2024&#8217;te, saat 13.30 s\u0131ralar\u0131nda Muratpa\u015fa il\u00e7esi Meydankava\u011f\u0131 Mahallesi \u015eehitler Caddesi&#8217;nde meydana geldi. Mahallede tahliye edilen bir binada h\u0131rs\u0131zl\u0131k ya\u015fanmamas\u0131 i\u00e7in g\u00f6revli bulunan Muratpa\u015fa Belediyesi zab\u0131ta memurlar\u0131 \u0130smail Kanmaz ve Erdal Vuran aras\u0131nda, mobbing iddias\u0131yla tart\u0131\u015fma \u00e7\u0131kt\u0131. Tart\u0131\u015fman\u0131n kavgaya d\u00f6n\u00fc\u015fmesi ile Erdal Vuran, ekmek b\u0131\u00e7a\u011f\u0131yla \u0130smail Kanmaz&#8217;\u0131 s\u0131rt ve boyun b\u00f6lgesinden 7 b\u0131\u00e7ak darbesiyle yaralad\u0131. \u00c7evredekiler taraflar\u0131 ay\u0131rmaya \u00e7al\u0131\u015f\u0131rken, ihbar \u00fczerine b\u00f6lgeye sa\u011fl\u0131k ve polis ekipleri sevk edildi. Gelen ambulansla hastaneye kald\u0131r\u0131lan Kanmaz, hayat\u0131n\u0131 kaybetti. Erdal Vuran ise g\u00f6zalt\u0131na al\u0131nd\u0131. Polis ekipleri, olayda kullan\u0131lan b\u0131\u00e7a\u011f\u0131 \u00e7\u00f6p kutusunda bulup, el koydu. Olay an\u0131, cep telefonu kameras\u0131yla g\u00f6r\u00fcnt\u00fclendi. Emniyetteki i\u015flemlerinin ard\u0131ndan sevk edildi\u011fi adliyede sulh ceza hakimli\u011fine \u00e7\u0131kar\u0131lan Vuran, tutukland\u0131. Vuran ifadesinde, Kanmaz&#8217;\u0131n y\u00fcz\u00fcndeki alayc\u0131 g\u00fcl\u00fc\u015f\u00fc g\u00f6r\u00fcnce beyninin kendisine \u00f6ld\u00fcrmesi y\u00f6n\u00fcnde komut verdi\u011fini iddia etti. KARAR DURU\u015eMASI G\u00d6R\u00dcLD\u00dc &#8216;Tasarlayarak kasten \u00f6ld\u00fcrme&#8217; su\u00e7lamas\u0131yla a\u011f\u0131rla\u015ft\u0131r\u0131lm\u0131\u015f \u00f6m\u00fcr boyu hapsi istenen Erdal Vuran, Antalya 4&#8217;\u00fcnc\u00fc A\u011f\u0131r Ceza Mahkemesi&#8217;nde hakim kar\u015f\u0131s\u0131na \u00e7\u0131kt\u0131. Duru\u015fmaya taraf avukatlar\u0131 ve maktul\u00fcn ailesi kat\u0131ld\u0131. 10 y\u0131ld\u0131r psikolojik tedavi g\u00f6rd\u00fc\u011f\u00fcn\u00fc ileri s\u00fcren Vuran, olay g\u00fcn\u00fc kasaptan b\u0131\u00e7ak ald\u0131\u011f\u0131n\u0131, ard\u0131ndan maktulle telefonda konu\u015fup yan\u0131na gitti\u011fini, kendisine &#8216;Hastanede ne yapt\u0131n deli&#8217; \u015feklinde hitap edildi\u011fini belirtti. ADL\u0130 TIP, &#8216;AKL\u0130 DENGES\u0130 YER\u0130NDE&#8217; DED\u0130 \u00d6nceki duru\u015fmalarda akli dengesinin yerinde olmad\u0131\u011f\u0131n\u0131, beyninin kendisine \u00f6ld\u00fcrmesi y\u00f6n\u00fcnde komut verdi\u011fi &hellip;<\/p>","protected":false},"author":4,"featured_media":0,"comment_status":"","ping_status":"open","sticky":false,"template":"","format":"standard","meta":{"_acf_changed":false,"footnotes":""},"categories":[26],"tags":[],"class_list":["post-97204","post","type-post","status-publish","format-standard","hentry","category-antalya"],"acf":[],"yoast_head":"<!-- This site is optimized with the Yoast SEO Premium plugin v26.6 (Yoast SEO v27.1.1) - https:\/\/yoast.com\/product\/yoast-seo-premium-wordpress\/ -->\n<title>Meslekta\u015f\u0131n\u0131 \u00f6ld\u00fcren zab\u0131taya a\u011f\u0131rla\u015ft\u0131r\u0131lm\u0131\u015f m\u00fcebbet - Av. Deniz Can K\u0131z\u0131l<\/title>\n<meta name=\"robots\" content=\"index, follow, max-snippet:-1, max-image-preview:large, max-video-preview:-1\" \/>\n<link rel=\"canonical\" href=\"https:\/\/denizcankizil.tr\/ru\/haberler\/antalya\/meslektasini-olduren-zabitaya-agirlastirilmis-muebbet\/\" \/>\n<meta property=\"og:locale\" content=\"ru_RU\" \/>\n<meta property=\"og:type\" content=\"article\" \/>\n<meta property=\"og:title\" content=\"Meslekta\u015f\u0131n\u0131 \u00f6ld\u00fcren zab\u0131taya a\u011f\u0131rla\u015ft\u0131r\u0131lm\u0131\u015f m\u00fcebbet\" \/>\n<meta property=\"og:description\" content=\"Olay, 27 \u015eubat 2024&#8217;te, saat 13.30 s\u0131ralar\u0131nda Muratpa\u015fa il\u00e7esi Meydankava\u011f\u0131 Mahallesi \u015eehitler Caddesi&#8217;nde meydana geldi. Mahallede tahliye edilen bir binada h\u0131rs\u0131zl\u0131k ya\u015fanmamas\u0131 i\u00e7in g\u00f6revli bulunan Muratpa\u015fa Belediyesi zab\u0131ta memurlar\u0131 \u0130smail Kanmaz ve Erdal Vuran aras\u0131nda, mobbing iddias\u0131yla tart\u0131\u015fma \u00e7\u0131kt\u0131. Tart\u0131\u015fman\u0131n kavgaya d\u00f6n\u00fc\u015fmesi ile Erdal Vuran, ekmek b\u0131\u00e7a\u011f\u0131yla \u0130smail Kanmaz&#8217;\u0131 s\u0131rt ve boyun b\u00f6lgesinden 7 b\u0131\u00e7ak darbesiyle yaralad\u0131. \u00c7evredekiler taraflar\u0131 ay\u0131rmaya \u00e7al\u0131\u015f\u0131rken, ihbar \u00fczerine b\u00f6lgeye sa\u011fl\u0131k ve polis ekipleri sevk edildi. Gelen ambulansla hastaneye kald\u0131r\u0131lan Kanmaz, hayat\u0131n\u0131 kaybetti. Erdal Vuran ise g\u00f6zalt\u0131na al\u0131nd\u0131. Polis ekipleri, olayda kullan\u0131lan b\u0131\u00e7a\u011f\u0131 \u00e7\u00f6p kutusunda bulup, el koydu. Olay an\u0131, cep telefonu kameras\u0131yla g\u00f6r\u00fcnt\u00fclendi. Emniyetteki i\u015flemlerinin ard\u0131ndan sevk edildi\u011fi adliyede sulh ceza hakimli\u011fine \u00e7\u0131kar\u0131lan Vuran, tutukland\u0131. Vuran ifadesinde, Kanmaz&#8217;\u0131n y\u00fcz\u00fcndeki alayc\u0131 g\u00fcl\u00fc\u015f\u00fc g\u00f6r\u00fcnce beyninin kendisine \u00f6ld\u00fcrmesi y\u00f6n\u00fcnde komut verdi\u011fini iddia etti. KARAR DURU\u015eMASI G\u00d6R\u00dcLD\u00dc &#8216;Tasarlayarak kasten \u00f6ld\u00fcrme&#8217; su\u00e7lamas\u0131yla a\u011f\u0131rla\u015ft\u0131r\u0131lm\u0131\u015f \u00f6m\u00fcr boyu hapsi istenen Erdal Vuran, Antalya 4&#8217;\u00fcnc\u00fc A\u011f\u0131r Ceza Mahkemesi&#8217;nde hakim kar\u015f\u0131s\u0131na \u00e7\u0131kt\u0131. Duru\u015fmaya taraf avukatlar\u0131 ve maktul\u00fcn ailesi kat\u0131ld\u0131. 10 y\u0131ld\u0131r psikolojik tedavi g\u00f6rd\u00fc\u011f\u00fcn\u00fc ileri s\u00fcren Vuran, olay g\u00fcn\u00fc kasaptan b\u0131\u00e7ak ald\u0131\u011f\u0131n\u0131, ard\u0131ndan maktulle telefonda konu\u015fup yan\u0131na gitti\u011fini, kendisine &#8216;Hastanede ne yapt\u0131n deli&#8217; \u015feklinde hitap edildi\u011fini belirtti. ADL\u0130 TIP, &#8216;AKL\u0130 DENGES\u0130 YER\u0130NDE&#8217; DED\u0130 \u00d6nceki duru\u015fmalarda akli dengesinin yerinde olmad\u0131\u011f\u0131n\u0131, beyninin kendisine \u00f6ld\u00fcrmesi y\u00f6n\u00fcnde komut verdi\u011fi &hellip;\" \/>\n<meta property=\"og:url\" content=\"https:\/\/denizcankizil.tr\/ru\/haberler\/antalya\/meslektasini-olduren-zabitaya-agirlastirilmis-muebbet\/\" \/>\n<meta property=\"og:site_name\" content=\"Av. Deniz Can K\u0131z\u0131l\" \/>\n<meta property=\"article:published_time\" content=\"2025-05-26T09:41:15+00:00\" \/>\n<meta name=\"author\" content=\"Av. Deniz Can K\u0131z\u0131l\" \/>\n<meta name=\"twitter:card\" content=\"summary_large_image\" \/>\n<meta name=\"twitter:label1\" content=\"\u041d\u0430\u043f\u0438\u0441\u0430\u043d\u043e \u0430\u0432\u0442\u043e\u0440\u043e\u043c\" \/>\n\t<meta name=\"twitter:data1\" content=\"Av. Deniz Can K\u0131z\u0131l\" \/>\n\t<meta name=\"twitter:label2\" content=\"\u041f\u0440\u0438\u043c\u0435\u0440\u043d\u043e\u0435 \u0432\u0440\u0435\u043c\u044f \u0434\u043b\u044f \u0447\u0442\u0435\u043d\u0438\u044f\" \/>\n\t<meta name=\"twitter:data2\" content=\"3 \u043c\u0438\u043d\u0443\u0442\u044b\" \/>\n<script type=\"application\/ld+json\" class=\"yoast-schema-graph\">{\"@context\":\"https:\/\/schema.org\",\"@graph\":[{\"@type\":\"Article\",\"@id\":\"https:\/\/denizcankizil.tr\/ru\/haberler\/antalya\/meslektasini-olduren-zabitaya-agirlastirilmis-muebbet\/#article\",\"isPartOf\":{\"@id\":\"https:\/\/denizcankizil.tr\/ru\/haberler\/antalya\/meslektasini-olduren-zabitaya-agirlastirilmis-muebbet\/\"},\"author\":{\"name\":\"Av. Deniz Can K\u0131z\u0131l\",\"@id\":\"https:\/\/denizcankizil.tr\/de\/#\/schema\/person\/5dc1b22991bd7ac833867c10afc9b0ff\"},\"headline\":\"Meslekta\u015f\u0131n\u0131 \u00f6ld\u00fcren zab\u0131taya a\u011f\u0131rla\u015ft\u0131r\u0131lm\u0131\u015f m\u00fcebbet\",\"datePublished\":\"2025-05-26T09:41:15+00:00\",\"mainEntityOfPage\":{\"@id\":\"https:\/\/denizcankizil.tr\/ru\/haberler\/antalya\/meslektasini-olduren-zabitaya-agirlastirilmis-muebbet\/\"},\"wordCount\":585,\"publisher\":{\"@id\":\"https:\/\/denizcankizil.tr\/de\/#organization\"},\"articleSection\":[\"Antalya\"],\"inLanguage\":\"ru-RU\"},{\"@type\":\"WebPage\",\"@id\":\"https:\/\/denizcankizil.tr\/ru\/haberler\/antalya\/meslektasini-olduren-zabitaya-agirlastirilmis-muebbet\/\",\"url\":\"https:\/\/denizcankizil.tr\/ru\/haberler\/antalya\/meslektasini-olduren-zabitaya-agirlastirilmis-muebbet\/\",\"name\":\"Meslekta\u015f\u0131n\u0131 \u00f6ld\u00fcren zab\u0131taya a\u011f\u0131rla\u015ft\u0131r\u0131lm\u0131\u015f m\u00fcebbet - Av. Deniz Can K\u0131z\u0131l\",\"isPartOf\":{\"@id\":\"https:\/\/denizcankizil.tr\/de\/#website\"},\"datePublished\":\"2025-05-26T09:41:15+00:00\",\"breadcrumb\":{\"@id\":\"https:\/\/denizcankizil.tr\/ru\/haberler\/antalya\/meslektasini-olduren-zabitaya-agirlastirilmis-muebbet\/#breadcrumb\"},\"inLanguage\":\"ru-RU\",\"potentialAction\":[{\"@type\":\"ReadAction\",\"target\":[\"https:\/\/denizcankizil.tr\/ru\/haberler\/antalya\/meslektasini-olduren-zabitaya-agirlastirilmis-muebbet\/\"]}]},{\"@type\":\"BreadcrumbList\",\"@id\":\"https:\/\/denizcankizil.tr\/ru\/haberler\/antalya\/meslektasini-olduren-zabitaya-agirlastirilmis-muebbet\/#breadcrumb\",\"itemListElement\":[{\"@type\":\"ListItem\",\"position\":1,\"name\":\"Home\",\"item\":\"https:\/\/denizcankizil.tr\/de\/\"},{\"@type\":\"ListItem\",\"position\":2,\"name\":\"Meslekta\u015f\u0131n\u0131 \u00f6ld\u00fcren zab\u0131taya a\u011f\u0131rla\u015ft\u0131r\u0131lm\u0131\u015f m\u00fcebbet\"}]},{\"@type\":\"WebSite\",\"@id\":\"https:\/\/denizcankizil.tr\/de\/#website\",\"url\":\"https:\/\/denizcankizil.tr\/de\/\",\"name\":\"Av. Deniz Can K\u0131z\u0131l\",\"description\":\"Avukat Deniz Can K\u0131z\u0131l Antalya Barosu\",\"publisher\":{\"@id\":\"https:\/\/denizcankizil.tr\/de\/#organization\"},\"potentialAction\":[{\"@type\":\"SearchAction\",\"target\":{\"@type\":\"EntryPoint\",\"urlTemplate\":\"https:\/\/denizcankizil.tr\/de\/?s={search_term_string}\"},\"query-input\":{\"@type\":\"PropertyValueSpecification\",\"valueRequired\":true,\"valueName\":\"search_term_string\"}}],\"inLanguage\":\"ru-RU\"},{\"@type\":\"Organization\",\"@id\":\"https:\/\/denizcankizil.tr\/de\/#organization\",\"name\":\"Av. Deniz Can K\u0131z\u0131l\",\"url\":\"https:\/\/denizcankizil.tr\/de\/\",\"logo\":{\"@type\":\"ImageObject\",\"inLanguage\":\"ru-RU\",\"@id\":\"https:\/\/denizcankizil.tr\/de\/#\/schema\/logo\/image\/\",\"url\":\"https:\/\/denizcankizil.tr\/wp-content\/uploads\/2024\/10\/siyah-logo-svg.svg\",\"contentUrl\":\"https:\/\/denizcankizil.tr\/wp-content\/uploads\/2024\/10\/siyah-logo-svg.svg\",\"width\":1080,\"height\":1080,\"caption\":\"Av. Deniz Can K\u0131z\u0131l\"},\"image\":{\"@id\":\"https:\/\/denizcankizil.tr\/de\/#\/schema\/logo\/image\/\"}},{\"@type\":\"Person\",\"@id\":\"https:\/\/denizcankizil.tr\/de\/#\/schema\/person\/5dc1b22991bd7ac833867c10afc9b0ff\",\"name\":\"Av. Deniz Can K\u0131z\u0131l\",\"image\":{\"@type\":\"ImageObject\",\"inLanguage\":\"ru-RU\",\"@id\":\"https:\/\/denizcankizil.tr\/de\/#\/schema\/person\/image\/\",\"url\":\"https:\/\/secure.gravatar.com\/avatar\/a0b128fb9855c79efc976d5640eedb31dc35ec297594d6016d2cf7c60e975bb6?s=96&d=mm&r=g\",\"contentUrl\":\"https:\/\/secure.gravatar.com\/avatar\/a0b128fb9855c79efc976d5640eedb31dc35ec297594d6016d2cf7c60e975bb6?s=96&d=mm&r=g\",\"caption\":\"Av. Deniz Can K\u0131z\u0131l\"},\"sameAs\":[\"http:\/\/www.denizcankizil.tr\"],\"url\":\"https:\/\/denizcankizil.tr\/ru\/author\/denizcankizil\/\"}]}<\/script>\n<!-- \/ Yoast SEO Premium plugin. -->","yoast_head_json":{"title":"Meslekta\u015f\u0131n\u0131 \u00f6ld\u00fcren zab\u0131taya a\u011f\u0131rla\u015ft\u0131r\u0131lm\u0131\u015f m\u00fcebbet - Av. Deniz Can K\u0131z\u0131l","robots":{"index":"index","follow":"follow","max-snippet":"max-snippet:-1","max-image-preview":"max-image-preview:large","max-video-preview":"max-video-preview:-1"},"canonical":"https:\/\/denizcankizil.tr\/ru\/haberler\/antalya\/meslektasini-olduren-zabitaya-agirlastirilmis-muebbet\/","og_locale":"ru_RU","og_type":"article","og_title":"Meslekta\u015f\u0131n\u0131 \u00f6ld\u00fcren zab\u0131taya a\u011f\u0131rla\u015ft\u0131r\u0131lm\u0131\u015f m\u00fcebbet","og_description":"Olay, 27 \u015eubat 2024&#8217;te, saat 13.30 s\u0131ralar\u0131nda Muratpa\u015fa il\u00e7esi Meydankava\u011f\u0131 Mahallesi \u015eehitler Caddesi&#8217;nde meydana geldi. Mahallede tahliye edilen bir binada h\u0131rs\u0131zl\u0131k ya\u015fanmamas\u0131 i\u00e7in g\u00f6revli bulunan Muratpa\u015fa Belediyesi zab\u0131ta memurlar\u0131 \u0130smail Kanmaz ve Erdal Vuran aras\u0131nda, mobbing iddias\u0131yla tart\u0131\u015fma \u00e7\u0131kt\u0131. Tart\u0131\u015fman\u0131n kavgaya d\u00f6n\u00fc\u015fmesi ile Erdal Vuran, ekmek b\u0131\u00e7a\u011f\u0131yla \u0130smail Kanmaz&#8217;\u0131 s\u0131rt ve boyun b\u00f6lgesinden 7 b\u0131\u00e7ak darbesiyle yaralad\u0131. \u00c7evredekiler taraflar\u0131 ay\u0131rmaya \u00e7al\u0131\u015f\u0131rken, ihbar \u00fczerine b\u00f6lgeye sa\u011fl\u0131k ve polis ekipleri sevk edildi. Gelen ambulansla hastaneye kald\u0131r\u0131lan Kanmaz, hayat\u0131n\u0131 kaybetti. Erdal Vuran ise g\u00f6zalt\u0131na al\u0131nd\u0131. Polis ekipleri, olayda kullan\u0131lan b\u0131\u00e7a\u011f\u0131 \u00e7\u00f6p kutusunda bulup, el koydu. Olay an\u0131, cep telefonu kameras\u0131yla g\u00f6r\u00fcnt\u00fclendi. Emniyetteki i\u015flemlerinin ard\u0131ndan sevk edildi\u011fi adliyede sulh ceza hakimli\u011fine \u00e7\u0131kar\u0131lan Vuran, tutukland\u0131. Vuran ifadesinde, Kanmaz&#8217;\u0131n y\u00fcz\u00fcndeki alayc\u0131 g\u00fcl\u00fc\u015f\u00fc g\u00f6r\u00fcnce beyninin kendisine \u00f6ld\u00fcrmesi y\u00f6n\u00fcnde komut verdi\u011fini iddia etti. KARAR DURU\u015eMASI G\u00d6R\u00dcLD\u00dc &#8216;Tasarlayarak kasten \u00f6ld\u00fcrme&#8217; su\u00e7lamas\u0131yla a\u011f\u0131rla\u015ft\u0131r\u0131lm\u0131\u015f \u00f6m\u00fcr boyu hapsi istenen Erdal Vuran, Antalya 4&#8217;\u00fcnc\u00fc A\u011f\u0131r Ceza Mahkemesi&#8217;nde hakim kar\u015f\u0131s\u0131na \u00e7\u0131kt\u0131. Duru\u015fmaya taraf avukatlar\u0131 ve maktul\u00fcn ailesi kat\u0131ld\u0131. 10 y\u0131ld\u0131r psikolojik tedavi g\u00f6rd\u00fc\u011f\u00fcn\u00fc ileri s\u00fcren Vuran, olay g\u00fcn\u00fc kasaptan b\u0131\u00e7ak ald\u0131\u011f\u0131n\u0131, ard\u0131ndan maktulle telefonda konu\u015fup yan\u0131na gitti\u011fini, kendisine &#8216;Hastanede ne yapt\u0131n deli&#8217; \u015feklinde hitap edildi\u011fini belirtti. ADL\u0130 TIP, &#8216;AKL\u0130 DENGES\u0130 YER\u0130NDE&#8217; DED\u0130 \u00d6nceki duru\u015fmalarda akli dengesinin yerinde olmad\u0131\u011f\u0131n\u0131, beyninin kendisine \u00f6ld\u00fcrmesi y\u00f6n\u00fcnde komut verdi\u011fi &hellip;","og_url":"https:\/\/denizcankizil.tr\/ru\/haberler\/antalya\/meslektasini-olduren-zabitaya-agirlastirilmis-muebbet\/","og_site_name":"Av. Deniz Can K\u0131z\u0131l","article_published_time":"2025-05-26T09:41:15+00:00","author":"Av. Deniz Can K\u0131z\u0131l","twitter_card":"summary_large_image","twitter_misc":{"\u041d\u0430\u043f\u0438\u0441\u0430\u043d\u043e \u0430\u0432\u0442\u043e\u0440\u043e\u043c":"Av. Deniz Can K\u0131z\u0131l","\u041f\u0440\u0438\u043c\u0435\u0440\u043d\u043e\u0435 \u0432\u0440\u0435\u043c\u044f \u0434\u043b\u044f \u0447\u0442\u0435\u043d\u0438\u044f":"3 \u043c\u0438\u043d\u0443\u0442\u044b"},"schema":{"@context":"https:\/\/schema.org","@graph":[{"@type":"Article","@id":"https:\/\/denizcankizil.tr\/ru\/haberler\/antalya\/meslektasini-olduren-zabitaya-agirlastirilmis-muebbet\/#article","isPartOf":{"@id":"https:\/\/denizcankizil.tr\/ru\/haberler\/antalya\/meslektasini-olduren-zabitaya-agirlastirilmis-muebbet\/"},"author":{"name":"Av. Deniz Can K\u0131z\u0131l","@id":"https:\/\/denizcankizil.tr\/de\/#\/schema\/person\/5dc1b22991bd7ac833867c10afc9b0ff"},"headline":"Meslekta\u015f\u0131n\u0131 \u00f6ld\u00fcren zab\u0131taya a\u011f\u0131rla\u015ft\u0131r\u0131lm\u0131\u015f m\u00fcebbet","datePublished":"2025-05-26T09:41:15+00:00","mainEntityOfPage":{"@id":"https:\/\/denizcankizil.tr\/ru\/haberler\/antalya\/meslektasini-olduren-zabitaya-agirlastirilmis-muebbet\/"},"wordCount":585,"publisher":{"@id":"https:\/\/denizcankizil.tr\/de\/#organization"},"articleSection":["Antalya"],"inLanguage":"ru-RU"},{"@type":"WebPage","@id":"https:\/\/denizcankizil.tr\/ru\/haberler\/antalya\/meslektasini-olduren-zabitaya-agirlastirilmis-muebbet\/","url":"https:\/\/denizcankizil.tr\/ru\/haberler\/antalya\/meslektasini-olduren-zabitaya-agirlastirilmis-muebbet\/","name":"Meslekta\u015f\u0131n\u0131 \u00f6ld\u00fcren zab\u0131taya a\u011f\u0131rla\u015ft\u0131r\u0131lm\u0131\u015f m\u00fcebbet - Av. Deniz Can K\u0131z\u0131l","isPartOf":{"@id":"https:\/\/denizcankizil.tr\/de\/#website"},"datePublished":"2025-05-26T09:41:15+00:00","breadcrumb":{"@id":"https:\/\/denizcankizil.tr\/ru\/haberler\/antalya\/meslektasini-olduren-zabitaya-agirlastirilmis-muebbet\/#breadcrumb"},"inLanguage":"ru-RU","potentialAction":[{"@type":"ReadAction","target":["https:\/\/denizcankizil.tr\/ru\/haberler\/antalya\/meslektasini-olduren-zabitaya-agirlastirilmis-muebbet\/"]}]},{"@type":"BreadcrumbList","@id":"https:\/\/denizcankizil.tr\/ru\/haberler\/antalya\/meslektasini-olduren-zabitaya-agirlastirilmis-muebbet\/#breadcrumb","itemListElement":[{"@type":"ListItem","position":1,"name":"Home","item":"https:\/\/denizcankizil.tr\/de\/"},{"@type":"ListItem","position":2,"name":"Meslekta\u015f\u0131n\u0131 \u00f6ld\u00fcren zab\u0131taya a\u011f\u0131rla\u015ft\u0131r\u0131lm\u0131\u015f m\u00fcebbet"}]},{"@type":"WebSite","@id":"https:\/\/denizcankizil.tr\/de\/#website","url":"https:\/\/denizcankizil.tr\/de\/","name":"Av. Deniz Can K\u0131z\u0131l","description":"Avukat Deniz Can K\u0131z\u0131l Antalya Barosu","publisher":{"@id":"https:\/\/denizcankizil.tr\/de\/#organization"},"potentialAction":[{"@type":"SearchAction","target":{"@type":"EntryPoint","urlTemplate":"https:\/\/denizcankizil.tr\/de\/?s={search_term_string}"},"query-input":{"@type":"PropertyValueSpecification","valueRequired":true,"valueName":"search_term_string"}}],"inLanguage":"ru-RU"},{"@type":"Organization","@id":"https:\/\/denizcankizil.tr\/de\/#organization","name":"Av. Deniz Can K\u0131z\u0131l","url":"https:\/\/denizcankizil.tr\/de\/","logo":{"@type":"ImageObject","inLanguage":"ru-RU","@id":"https:\/\/denizcankizil.tr\/de\/#\/schema\/logo\/image\/","url":"https:\/\/denizcankizil.tr\/wp-content\/uploads\/2024\/10\/siyah-logo-svg.svg","contentUrl":"https:\/\/denizcankizil.tr\/wp-content\/uploads\/2024\/10\/siyah-logo-svg.svg","width":1080,"height":1080,"caption":"Av. Deniz Can K\u0131z\u0131l"},"image":{"@id":"https:\/\/denizcankizil.tr\/de\/#\/schema\/logo\/image\/"}},{"@type":"Person","@id":"https:\/\/denizcankizil.tr\/de\/#\/schema\/person\/5dc1b22991bd7ac833867c10afc9b0ff","name":"Av. Deniz Can K\u0131z\u0131l","image":{"@type":"ImageObject","inLanguage":"ru-RU","@id":"https:\/\/denizcankizil.tr\/de\/#\/schema\/person\/image\/","url":"https:\/\/secure.gravatar.com\/avatar\/a0b128fb9855c79efc976d5640eedb31dc35ec297594d6016d2cf7c60e975bb6?s=96&d=mm&r=g","contentUrl":"https:\/\/secure.gravatar.com\/avatar\/a0b128fb9855c79efc976d5640eedb31dc35ec297594d6016d2cf7c60e975bb6?s=96&d=mm&r=g","caption":"Av. Deniz Can K\u0131z\u0131l"},"sameAs":["http:\/\/www.denizcankizil.tr"],"url":"https:\/\/denizcankizil.tr\/ru\/author\/denizcankizil\/"}]}},"_links":{"self":[{"href":"https:\/\/denizcankizil.tr\/ru\/wp-json\/wp\/v2\/posts\/97204","targetHints":{"allow":["GET"]}}],"collection":[{"href":"https:\/\/denizcankizil.tr\/ru\/wp-json\/wp\/v2\/posts"}],"about":[{"href":"https:\/\/denizcankizil.tr\/ru\/wp-json\/wp\/v2\/types\/post"}],"author":[{"embeddable":true,"href":"https:\/\/denizcankizil.tr\/ru\/wp-json\/wp\/v2\/users\/4"}],"replies":[{"embeddable":true,"href":"https:\/\/denizcankizil.tr\/ru\/wp-json\/wp\/v2\/comments?post=97204"}],"version-history":[{"count":0,"href":"https:\/\/denizcankizil.tr\/ru\/wp-json\/wp\/v2\/posts\/97204\/revisions"}],"wp:attachment":[{"href":"https:\/\/denizcankizil.tr\/ru\/wp-json\/wp\/v2\/media?parent=97204"}],"wp:term":[{"taxonomy":"category","embeddable":true,"href":"https:\/\/denizcankizil.tr\/ru\/wp-json\/wp\/v2\/categories?post=97204"},{"taxonomy":"post_tag","embeddable":true,"href":"https:\/\/denizcankizil.tr\/ru\/wp-json\/wp\/v2\/tags?post=97204"}],"curies":[{"name":"wp","href":"https:\/\/api.w.org\/{rel}","templated":true}]}}