{"id":97143,"date":"2025-05-26T11:41:21","date_gmt":"2025-05-26T08:41:21","guid":{"rendered":"https:\/\/denizcankizil.tr\/uncategorized-tr\/antalyada-isten-cikarilan-67-belediye-iscisine-sendikadan-destek\/"},"modified":"2025-05-26T11:41:21","modified_gmt":"2025-05-26T08:41:21","slug":"antalyada-isten-cikarilan-67-belediye-iscisine-sendikadan-destek","status":"publish","type":"post","link":"https:\/\/denizcankizil.tr\/ru\/haberler\/gundem\/antalyada-isten-cikarilan-67-belediye-iscisine-sendikadan-destek\/","title":{"rendered":"Antalya\u2019da i\u015ften \u00e7\u0131kar\u0131lan 67 belediye i\u015f\u00e7isine sendikadan destek"},"content":{"rendered":"<p>Antalya\u2019da ge\u00e7ti\u011fimiz hafta Konyaalt\u0131 Belediyesi\u2019nde \u00e7al\u0131\u015fan 67 i\u015f\u00e7inin i\u015f akdi feshedildi. \u0130\u015ften \u00e7\u0131kar\u0131lan 67 i\u015f\u00e7i belediyenin kar\u015f\u0131s\u0131nda \u00e7ad\u0131rl\u0131 eylem yapmaya ba\u015flad\u0131. Antalya Konyaalt\u0131 Belediyesi\u2019nde i\u015ften \u00e7\u0131kart\u0131lan 67 \u00e7al\u0131\u015fan\u0131n hukuki m\u00fccadelelerinde t\u00fcm yarg\u0131 giderleri Belediye-\u0130\u015f Sendikas\u0131 taraf\u0131ndan kar\u015f\u0131lanacak. Belediye \u0130\u015f Sendikas\u0131 Antalya \u015eube Ba\u015fkan\u0131 Mehmet Mercan, i\u015f\u00e7ilerin m\u00fccadelesine tam destek verdiklerini a\u00e7\u0131klad\u0131.<\/p>\n<p>\u201cHUKUK\u0130 S\u00dcRE\u00c7TE \u0130\u015e\u00c7\u0130 ARKADA\u015eLARIMIZI YALNIZ BIRAKMAYACA\u011eIZ\u201d<\/p>\n<p>Belediye \u0130\u015f Sendikas\u0131 Antalya \u015eube Ba\u015fkan\u0131 Mehmet Mercan, Konyaalt\u0131 Belediyesi\u2019nde usuls\u00fcz \u015fekilde kadroya al\u0131nd\u0131klar\u0131 \u00f6ne s\u00fcr\u00fclen ve bu nedenle i\u015f akitleri feshedilen 67 i\u015f\u00e7inin yan\u0131nda olduklar\u0131n\u0131 a\u00e7\u0131klad\u0131. Mercan, \u201c\u0130\u015f akitleri feshedilen i\u015f\u00e7i arkada\u015flar\u0131m\u0131zla g\u00f6r\u00fc\u015ft\u00fck. Ba\u015flat\u0131lan hukuki m\u00fccadelelerinde sendikam\u0131z\u0131n t\u00fcm avukatlar\u0131yla yanlar\u0131nda olaca\u011f\u0131z. \u0130\u015f\u00e7i arkada\u015flar\u0131m\u0131z haklar\u0131n\u0131 alana kadar m\u00fccadelemiz s\u00fcrecek\u201d diye konu\u015ftu.<\/p>\n<p>BAYRAM \u00d6NCES\u0130 \u0130\u015eTEN \u00c7IKARTMA<\/p>\n<p>Kurban Bayram\u0131 \u00f6ncesinde i\u015f akitleri feshedilen 67 i\u015f\u00e7inin ekonomik ve sosyal sorunlar\u0131yla ilgili Belediye-\u0130\u015f Sendikas\u0131 Genel Merkeziyle g\u00f6r\u00fc\u015fmelerin devam etti\u011fini ifade eden Mehmet Mercan, \u201c\u0130\u015f\u00e7i arkada\u015flar\u0131m\u0131z\u0131n bayramda ma\u011fduriyet ya\u015famalar\u0131n\u0131 istemiyoruz. Bu nedenle sendika genel merkezimizle g\u00f6r\u00fc\u015fmelerimiz devam ediyor. \u0130\u015f\u00e7i arkada\u015flar\u0131m\u0131z\u0131n eylem m\u00fccadelelerinde sonuna kadar onlarla birlikte olaca\u011f\u0131m\u0131z\u0131n bilinmesini istiyoruz\u201d dedi.<\/p>\n<p>[related-posts id=&#8221;18102491&#8243; color=&#8221;bg-dark&#8221;][\/related-posts]<\/p>\n<p>NE OLMU\u015eTU?<\/p>\n<p>Antalya Konyaalt\u0131 Belediyesi\u2019nde beklenen oldu ve 67 i\u015f\u00e7i, i\u015ften \u00e7\u0131kar\u0131ld\u0131. Konyaalt\u0131 Belediye Ba\u015fkan\u0131 Cem Kotan, konuya ili\u015fkin a\u00e7\u0131klamas\u0131nda, \u201cSay\u0131\u015ftay\u0131n karar\u0131n\u0131 uygulamak zorunday\u0131m. Bu nedenle kadroya usuls\u00fcz \u015fekilde al\u0131nan i\u015f\u00e7i arkada\u015flar\u0131m\u0131z\u0131n i\u015f akdini feshettik\u201d dedi. G\u00f6reve gelmeden \u00f6nce eski Belediye Ba\u015fkan\u0131 Semih Esen d\u00f6neminde kadroya ge\u00e7irilen 67 i\u015f\u00e7inin i\u015ften \u00e7\u0131kart\u0131lmas\u0131n\u0131 \u0130\u00e7i\u015fleri Bakanl\u0131\u011f\u0131 ve Say\u0131\u015ftay denet\u00e7ilerinin yapt\u0131\u011f\u0131 incelemeden sonra bizzat \u0130\u00e7i\u015fleri Bakanl\u0131\u011f\u0131&#8217;n\u0131n istedi\u011fini belirten Konyaalt\u0131 Belediye Ba\u015fkan\u0131 Cem Kotan, ya\u015fanan s\u00fcre\u00e7te belediye y\u00f6netiminin her hangi bir sorumlulu\u011funun bulunmad\u0131\u011f\u0131n\u0131 ifade etti.<\/p>\n<p>\u200bAntalya\u2019da yerel se\u00e7imlerden \u00f6nce Konyaalt\u0131 Belediyesi\u2019nde usuls\u00fcz \u015fekilde kadroya al\u0131nd\u0131klar\u0131 iddia edilen 67 i\u015f\u00e7i, i\u015ften \u00e7\u0131kar\u0131ld\u0131. \u00c7ad\u0131rl\u0131 eyleme ba\u015flayan i\u015f\u00e7ilere Belediye-\u0130\u015f Sendikas\u0131\u2019ndan destek geldi\u00a0<\/p>\n<p>\u200bHaberin Al\u0131nt\u0131land\u0131\u011f\u0131 Kaynak: www.antalyakorfez.com<\/p>","protected":false},"excerpt":{"rendered":"<p>Antalya\u2019da ge\u00e7ti\u011fimiz hafta Konyaalt\u0131 Belediyesi\u2019nde \u00e7al\u0131\u015fan 67 i\u015f\u00e7inin i\u015f akdi feshedildi. \u0130\u015ften \u00e7\u0131kar\u0131lan 67 i\u015f\u00e7i belediyenin kar\u015f\u0131s\u0131nda \u00e7ad\u0131rl\u0131 eylem yapmaya ba\u015flad\u0131. Antalya Konyaalt\u0131 Belediyesi\u2019nde i\u015ften \u00e7\u0131kart\u0131lan 67 \u00e7al\u0131\u015fan\u0131n hukuki m\u00fccadelelerinde t\u00fcm yarg\u0131 giderleri Belediye-\u0130\u015f Sendikas\u0131 taraf\u0131ndan kar\u015f\u0131lanacak. Belediye \u0130\u015f Sendikas\u0131 Antalya \u015eube Ba\u015fkan\u0131 Mehmet Mercan, i\u015f\u00e7ilerin m\u00fccadelesine tam destek verdiklerini a\u00e7\u0131klad\u0131. \u201cHUKUK\u0130 S\u00dcRE\u00c7TE \u0130\u015e\u00c7\u0130 ARKADA\u015eLARIMIZI YALNIZ BIRAKMAYACA\u011eIZ\u201d Belediye \u0130\u015f Sendikas\u0131 Antalya \u015eube Ba\u015fkan\u0131 Mehmet Mercan, Konyaalt\u0131 Belediyesi\u2019nde usuls\u00fcz \u015fekilde kadroya al\u0131nd\u0131klar\u0131 \u00f6ne s\u00fcr\u00fclen ve bu nedenle i\u015f akitleri feshedilen 67 i\u015f\u00e7inin yan\u0131nda olduklar\u0131n\u0131 a\u00e7\u0131klad\u0131. Mercan, \u201c\u0130\u015f akitleri feshedilen i\u015f\u00e7i arkada\u015flar\u0131m\u0131zla g\u00f6r\u00fc\u015ft\u00fck. Ba\u015flat\u0131lan hukuki m\u00fccadelelerinde sendikam\u0131z\u0131n t\u00fcm avukatlar\u0131yla yanlar\u0131nda olaca\u011f\u0131z. \u0130\u015f\u00e7i arkada\u015flar\u0131m\u0131z haklar\u0131n\u0131 alana kadar m\u00fccadelemiz s\u00fcrecek\u201d diye konu\u015ftu. BAYRAM \u00d6NCES\u0130 \u0130\u015eTEN \u00c7IKARTMA Kurban Bayram\u0131 \u00f6ncesinde i\u015f akitleri feshedilen 67 i\u015f\u00e7inin ekonomik ve sosyal sorunlar\u0131yla ilgili Belediye-\u0130\u015f Sendikas\u0131 Genel Merkeziyle g\u00f6r\u00fc\u015fmelerin devam etti\u011fini ifade eden Mehmet Mercan, \u201c\u0130\u015f\u00e7i arkada\u015flar\u0131m\u0131z\u0131n bayramda ma\u011fduriyet ya\u015famalar\u0131n\u0131 istemiyoruz. Bu nedenle sendika genel merkezimizle g\u00f6r\u00fc\u015fmelerimiz devam ediyor. \u0130\u015f\u00e7i arkada\u015flar\u0131m\u0131z\u0131n eylem m\u00fccadelelerinde sonuna kadar onlarla birlikte olaca\u011f\u0131m\u0131z\u0131n bilinmesini istiyoruz\u201d dedi. [related-posts id=&#8221;18102491&#8243; color=&#8221;bg-dark&#8221;][\/related-posts] NE OLMU\u015eTU? Antalya Konyaalt\u0131 Belediyesi\u2019nde beklenen oldu ve 67 i\u015f\u00e7i, i\u015ften \u00e7\u0131kar\u0131ld\u0131. Konyaalt\u0131 Belediye Ba\u015fkan\u0131 Cem Kotan, konuya ili\u015fkin a\u00e7\u0131klamas\u0131nda, \u201cSay\u0131\u015ftay\u0131n karar\u0131n\u0131 uygulamak zorunday\u0131m. Bu nedenle kadroya usuls\u00fcz \u015fekilde al\u0131nan i\u015f\u00e7i arkada\u015flar\u0131m\u0131z\u0131n i\u015f akdini feshettik\u201d &hellip;<\/p>\n","protected":false},"author":5,"featured_media":0,"comment_status":"","ping_status":"open","sticky":false,"template":"","format":"standard","meta":{"_acf_changed":false,"footnotes":""},"categories":[24],"tags":[],"class_list":["post-97143","post","type-post","status-publish","format-standard","has-post-thumbnail","hentry","category-gundem"],"acf":[],"yoast_head":"<!-- This site is optimized with the Yoast SEO Premium plugin v26.6 (Yoast SEO v27.1.1) - https:\/\/yoast.com\/product\/yoast-seo-premium-wordpress\/ -->\n<title>Antalya\u2019da i\u015ften \u00e7\u0131kar\u0131lan 67 belediye i\u015f\u00e7isine sendikadan destek - Av. Deniz Can K\u0131z\u0131l<\/title>\n<meta name=\"robots\" content=\"index, follow, max-snippet:-1, max-image-preview:large, max-video-preview:-1\" \/>\n<link rel=\"canonical\" href=\"https:\/\/denizcankizil.tr\/ru\/haberler\/gundem\/antalyada-isten-cikarilan-67-belediye-iscisine-sendikadan-destek\/\" \/>\n<meta property=\"og:locale\" content=\"ru_RU\" \/>\n<meta property=\"og:type\" content=\"article\" \/>\n<meta property=\"og:title\" content=\"Antalya\u2019da i\u015ften \u00e7\u0131kar\u0131lan 67 belediye i\u015f\u00e7isine sendikadan destek\" \/>\n<meta property=\"og:description\" content=\"Antalya\u2019da ge\u00e7ti\u011fimiz hafta Konyaalt\u0131 Belediyesi\u2019nde \u00e7al\u0131\u015fan 67 i\u015f\u00e7inin i\u015f akdi feshedildi. \u0130\u015ften \u00e7\u0131kar\u0131lan 67 i\u015f\u00e7i belediyenin kar\u015f\u0131s\u0131nda \u00e7ad\u0131rl\u0131 eylem yapmaya ba\u015flad\u0131. Antalya Konyaalt\u0131 Belediyesi\u2019nde i\u015ften \u00e7\u0131kart\u0131lan 67 \u00e7al\u0131\u015fan\u0131n hukuki m\u00fccadelelerinde t\u00fcm yarg\u0131 giderleri Belediye-\u0130\u015f Sendikas\u0131 taraf\u0131ndan kar\u015f\u0131lanacak. Belediye \u0130\u015f Sendikas\u0131 Antalya \u015eube Ba\u015fkan\u0131 Mehmet Mercan, i\u015f\u00e7ilerin m\u00fccadelesine tam destek verdiklerini a\u00e7\u0131klad\u0131. \u201cHUKUK\u0130 S\u00dcRE\u00c7TE \u0130\u015e\u00c7\u0130 ARKADA\u015eLARIMIZI YALNIZ BIRAKMAYACA\u011eIZ\u201d Belediye \u0130\u015f Sendikas\u0131 Antalya \u015eube Ba\u015fkan\u0131 Mehmet Mercan, Konyaalt\u0131 Belediyesi\u2019nde usuls\u00fcz \u015fekilde kadroya al\u0131nd\u0131klar\u0131 \u00f6ne s\u00fcr\u00fclen ve bu nedenle i\u015f akitleri feshedilen 67 i\u015f\u00e7inin yan\u0131nda olduklar\u0131n\u0131 a\u00e7\u0131klad\u0131. Mercan, \u201c\u0130\u015f akitleri feshedilen i\u015f\u00e7i arkada\u015flar\u0131m\u0131zla g\u00f6r\u00fc\u015ft\u00fck. Ba\u015flat\u0131lan hukuki m\u00fccadelelerinde sendikam\u0131z\u0131n t\u00fcm avukatlar\u0131yla yanlar\u0131nda olaca\u011f\u0131z. \u0130\u015f\u00e7i arkada\u015flar\u0131m\u0131z haklar\u0131n\u0131 alana kadar m\u00fccadelemiz s\u00fcrecek\u201d diye konu\u015ftu. BAYRAM \u00d6NCES\u0130 \u0130\u015eTEN \u00c7IKARTMA Kurban Bayram\u0131 \u00f6ncesinde i\u015f akitleri feshedilen 67 i\u015f\u00e7inin ekonomik ve sosyal sorunlar\u0131yla ilgili Belediye-\u0130\u015f Sendikas\u0131 Genel Merkeziyle g\u00f6r\u00fc\u015fmelerin devam etti\u011fini ifade eden Mehmet Mercan, \u201c\u0130\u015f\u00e7i arkada\u015flar\u0131m\u0131z\u0131n bayramda ma\u011fduriyet ya\u015famalar\u0131n\u0131 istemiyoruz. Bu nedenle sendika genel merkezimizle g\u00f6r\u00fc\u015fmelerimiz devam ediyor. \u0130\u015f\u00e7i arkada\u015flar\u0131m\u0131z\u0131n eylem m\u00fccadelelerinde sonuna kadar onlarla birlikte olaca\u011f\u0131m\u0131z\u0131n bilinmesini istiyoruz\u201d dedi. [related-posts id=&#8221;18102491&#8243; color=&#8221;bg-dark&#8221;][\/related-posts] NE OLMU\u015eTU? Antalya Konyaalt\u0131 Belediyesi\u2019nde beklenen oldu ve 67 i\u015f\u00e7i, i\u015ften \u00e7\u0131kar\u0131ld\u0131. Konyaalt\u0131 Belediye Ba\u015fkan\u0131 Cem Kotan, konuya ili\u015fkin a\u00e7\u0131klamas\u0131nda, \u201cSay\u0131\u015ftay\u0131n karar\u0131n\u0131 uygulamak zorunday\u0131m. Bu nedenle kadroya usuls\u00fcz \u015fekilde al\u0131nan i\u015f\u00e7i arkada\u015flar\u0131m\u0131z\u0131n i\u015f akdini feshettik\u201d &hellip;\" \/>\n<meta property=\"og:url\" content=\"https:\/\/denizcankizil.tr\/ru\/haberler\/gundem\/antalyada-isten-cikarilan-67-belediye-iscisine-sendikadan-destek\/\" \/>\n<meta property=\"og:site_name\" content=\"Av. Deniz Can K\u0131z\u0131l\" \/>\n<meta property=\"article:published_time\" content=\"2025-05-26T08:41:21+00:00\" \/>\n<meta name=\"author\" content=\"Antalya K\u00f6rfez\" \/>\n<meta name=\"twitter:card\" content=\"summary_large_image\" \/>\n<meta name=\"twitter:label1\" content=\"\u041d\u0430\u043f\u0438\u0441\u0430\u043d\u043e \u0430\u0432\u0442\u043e\u0440\u043e\u043c\" \/>\n\t<meta name=\"twitter:data1\" content=\"Antalya K\u00f6rfez\" \/>\n\t<meta name=\"twitter:label2\" content=\"\u041f\u0440\u0438\u043c\u0435\u0440\u043d\u043e\u0435 \u0432\u0440\u0435\u043c\u044f \u0434\u043b\u044f \u0447\u0442\u0435\u043d\u0438\u044f\" \/>\n\t<meta name=\"twitter:data2\" content=\"2 \u043c\u0438\u043d\u0443\u0442\u044b\" \/>\n<script type=\"application\/ld+json\" class=\"yoast-schema-graph\">{\"@context\":\"https:\/\/schema.org\",\"@graph\":[{\"@type\":\"Article\",\"@id\":\"https:\/\/denizcankizil.tr\/ru\/haberler\/gundem\/antalyada-isten-cikarilan-67-belediye-iscisine-sendikadan-destek\/#article\",\"isPartOf\":{\"@id\":\"https:\/\/denizcankizil.tr\/ru\/haberler\/gundem\/antalyada-isten-cikarilan-67-belediye-iscisine-sendikadan-destek\/\"},\"author\":{\"name\":\"Antalya K\u00f6rfez\",\"@id\":\"https:\/\/denizcankizil.tr\/de\/#\/schema\/person\/e1eb71bb4dd684d46563f0af307e1234\"},\"headline\":\"Antalya\u2019da i\u015ften \u00e7\u0131kar\u0131lan 67 belediye i\u015f\u00e7isine sendikadan destek\",\"datePublished\":\"2025-05-26T08:41:21+00:00\",\"mainEntityOfPage\":{\"@id\":\"https:\/\/denizcankizil.tr\/ru\/haberler\/gundem\/antalyada-isten-cikarilan-67-belediye-iscisine-sendikadan-destek\/\"},\"wordCount\":418,\"publisher\":{\"@id\":\"https:\/\/denizcankizil.tr\/de\/#organization\"},\"articleSection\":[\"G\u00fcndem\"],\"inLanguage\":\"ru-RU\"},{\"@type\":\"WebPage\",\"@id\":\"https:\/\/denizcankizil.tr\/ru\/haberler\/gundem\/antalyada-isten-cikarilan-67-belediye-iscisine-sendikadan-destek\/\",\"url\":\"https:\/\/denizcankizil.tr\/ru\/haberler\/gundem\/antalyada-isten-cikarilan-67-belediye-iscisine-sendikadan-destek\/\",\"name\":\"Antalya\u2019da i\u015ften \u00e7\u0131kar\u0131lan 67 belediye i\u015f\u00e7isine sendikadan destek - Av. Deniz Can K\u0131z\u0131l\",\"isPartOf\":{\"@id\":\"https:\/\/denizcankizil.tr\/de\/#website\"},\"datePublished\":\"2025-05-26T08:41:21+00:00\",\"breadcrumb\":{\"@id\":\"https:\/\/denizcankizil.tr\/ru\/haberler\/gundem\/antalyada-isten-cikarilan-67-belediye-iscisine-sendikadan-destek\/#breadcrumb\"},\"inLanguage\":\"ru-RU\",\"potentialAction\":[{\"@type\":\"ReadAction\",\"target\":[\"https:\/\/denizcankizil.tr\/ru\/haberler\/gundem\/antalyada-isten-cikarilan-67-belediye-iscisine-sendikadan-destek\/\"]}]},{\"@type\":\"BreadcrumbList\",\"@id\":\"https:\/\/denizcankizil.tr\/ru\/haberler\/gundem\/antalyada-isten-cikarilan-67-belediye-iscisine-sendikadan-destek\/#breadcrumb\",\"itemListElement\":[{\"@type\":\"ListItem\",\"position\":1,\"name\":\"Home\",\"item\":\"https:\/\/denizcankizil.tr\/de\/\"},{\"@type\":\"ListItem\",\"position\":2,\"name\":\"Antalya\u2019da i\u015ften \u00e7\u0131kar\u0131lan 67 belediye i\u015f\u00e7isine sendikadan destek\"}]},{\"@type\":\"WebSite\",\"@id\":\"https:\/\/denizcankizil.tr\/de\/#website\",\"url\":\"https:\/\/denizcankizil.tr\/de\/\",\"name\":\"Av. Deniz Can K\u0131z\u0131l\",\"description\":\"Avukat Deniz Can K\u0131z\u0131l Antalya Barosu\",\"publisher\":{\"@id\":\"https:\/\/denizcankizil.tr\/de\/#organization\"},\"potentialAction\":[{\"@type\":\"SearchAction\",\"target\":{\"@type\":\"EntryPoint\",\"urlTemplate\":\"https:\/\/denizcankizil.tr\/de\/?s={search_term_string}\"},\"query-input\":{\"@type\":\"PropertyValueSpecification\",\"valueRequired\":true,\"valueName\":\"search_term_string\"}}],\"inLanguage\":\"ru-RU\"},{\"@type\":\"Organization\",\"@id\":\"https:\/\/denizcankizil.tr\/de\/#organization\",\"name\":\"Av. Deniz Can K\u0131z\u0131l\",\"url\":\"https:\/\/denizcankizil.tr\/de\/\",\"logo\":{\"@type\":\"ImageObject\",\"inLanguage\":\"ru-RU\",\"@id\":\"https:\/\/denizcankizil.tr\/de\/#\/schema\/logo\/image\/\",\"url\":\"https:\/\/denizcankizil.tr\/wp-content\/uploads\/2024\/10\/siyah-logo-svg.svg\",\"contentUrl\":\"https:\/\/denizcankizil.tr\/wp-content\/uploads\/2024\/10\/siyah-logo-svg.svg\",\"width\":1080,\"height\":1080,\"caption\":\"Av. Deniz Can K\u0131z\u0131l\"},\"image\":{\"@id\":\"https:\/\/denizcankizil.tr\/de\/#\/schema\/logo\/image\/\"}},{\"@type\":\"Person\",\"@id\":\"https:\/\/denizcankizil.tr\/de\/#\/schema\/person\/e1eb71bb4dd684d46563f0af307e1234\",\"name\":\"Antalya K\u00f6rfez\",\"image\":{\"@type\":\"ImageObject\",\"inLanguage\":\"ru-RU\",\"@id\":\"https:\/\/denizcankizil.tr\/de\/#\/schema\/person\/image\/\",\"url\":\"https:\/\/secure.gravatar.com\/avatar\/42b01982558a48a0b501fdcab6a408d3717ea5919095ee2e67b0e521799c5905?s=96&d=mm&r=g\",\"contentUrl\":\"https:\/\/secure.gravatar.com\/avatar\/42b01982558a48a0b501fdcab6a408d3717ea5919095ee2e67b0e521799c5905?s=96&d=mm&r=g\",\"caption\":\"Antalya K\u00f6rfez\"},\"sameAs\":[\"http:\/\/www.antalyakorfez.com\"],\"url\":\"https:\/\/www.antalyakorfez.com\/antalyada-isten-cikarilan-67-belediye-iscisine-sendikadan-destek\"}]}<\/script>\n<!-- \/ Yoast SEO Premium plugin. -->","yoast_head_json":{"title":"Antalya\u2019da i\u015ften \u00e7\u0131kar\u0131lan 67 belediye i\u015f\u00e7isine sendikadan destek - Av. Deniz Can K\u0131z\u0131l","robots":{"index":"index","follow":"follow","max-snippet":"max-snippet:-1","max-image-preview":"max-image-preview:large","max-video-preview":"max-video-preview:-1"},"canonical":"https:\/\/denizcankizil.tr\/ru\/haberler\/gundem\/antalyada-isten-cikarilan-67-belediye-iscisine-sendikadan-destek\/","og_locale":"ru_RU","og_type":"article","og_title":"Antalya\u2019da i\u015ften \u00e7\u0131kar\u0131lan 67 belediye i\u015f\u00e7isine sendikadan destek","og_description":"Antalya\u2019da ge\u00e7ti\u011fimiz hafta Konyaalt\u0131 Belediyesi\u2019nde \u00e7al\u0131\u015fan 67 i\u015f\u00e7inin i\u015f akdi feshedildi. \u0130\u015ften \u00e7\u0131kar\u0131lan 67 i\u015f\u00e7i belediyenin kar\u015f\u0131s\u0131nda \u00e7ad\u0131rl\u0131 eylem yapmaya ba\u015flad\u0131. Antalya Konyaalt\u0131 Belediyesi\u2019nde i\u015ften \u00e7\u0131kart\u0131lan 67 \u00e7al\u0131\u015fan\u0131n hukuki m\u00fccadelelerinde t\u00fcm yarg\u0131 giderleri Belediye-\u0130\u015f Sendikas\u0131 taraf\u0131ndan kar\u015f\u0131lanacak. Belediye \u0130\u015f Sendikas\u0131 Antalya \u015eube Ba\u015fkan\u0131 Mehmet Mercan, i\u015f\u00e7ilerin m\u00fccadelesine tam destek verdiklerini a\u00e7\u0131klad\u0131. \u201cHUKUK\u0130 S\u00dcRE\u00c7TE \u0130\u015e\u00c7\u0130 ARKADA\u015eLARIMIZI YALNIZ BIRAKMAYACA\u011eIZ\u201d Belediye \u0130\u015f Sendikas\u0131 Antalya \u015eube Ba\u015fkan\u0131 Mehmet Mercan, Konyaalt\u0131 Belediyesi\u2019nde usuls\u00fcz \u015fekilde kadroya al\u0131nd\u0131klar\u0131 \u00f6ne s\u00fcr\u00fclen ve bu nedenle i\u015f akitleri feshedilen 67 i\u015f\u00e7inin yan\u0131nda olduklar\u0131n\u0131 a\u00e7\u0131klad\u0131. Mercan, \u201c\u0130\u015f akitleri feshedilen i\u015f\u00e7i arkada\u015flar\u0131m\u0131zla g\u00f6r\u00fc\u015ft\u00fck. Ba\u015flat\u0131lan hukuki m\u00fccadelelerinde sendikam\u0131z\u0131n t\u00fcm avukatlar\u0131yla yanlar\u0131nda olaca\u011f\u0131z. \u0130\u015f\u00e7i arkada\u015flar\u0131m\u0131z haklar\u0131n\u0131 alana kadar m\u00fccadelemiz s\u00fcrecek\u201d diye konu\u015ftu. BAYRAM \u00d6NCES\u0130 \u0130\u015eTEN \u00c7IKARTMA Kurban Bayram\u0131 \u00f6ncesinde i\u015f akitleri feshedilen 67 i\u015f\u00e7inin ekonomik ve sosyal sorunlar\u0131yla ilgili Belediye-\u0130\u015f Sendikas\u0131 Genel Merkeziyle g\u00f6r\u00fc\u015fmelerin devam etti\u011fini ifade eden Mehmet Mercan, \u201c\u0130\u015f\u00e7i arkada\u015flar\u0131m\u0131z\u0131n bayramda ma\u011fduriyet ya\u015famalar\u0131n\u0131 istemiyoruz. Bu nedenle sendika genel merkezimizle g\u00f6r\u00fc\u015fmelerimiz devam ediyor. \u0130\u015f\u00e7i arkada\u015flar\u0131m\u0131z\u0131n eylem m\u00fccadelelerinde sonuna kadar onlarla birlikte olaca\u011f\u0131m\u0131z\u0131n bilinmesini istiyoruz\u201d dedi. [related-posts id=&#8221;18102491&#8243; color=&#8221;bg-dark&#8221;][\/related-posts] NE OLMU\u015eTU? Antalya Konyaalt\u0131 Belediyesi\u2019nde beklenen oldu ve 67 i\u015f\u00e7i, i\u015ften \u00e7\u0131kar\u0131ld\u0131. Konyaalt\u0131 Belediye Ba\u015fkan\u0131 Cem Kotan, konuya ili\u015fkin a\u00e7\u0131klamas\u0131nda, \u201cSay\u0131\u015ftay\u0131n karar\u0131n\u0131 uygulamak zorunday\u0131m. Bu nedenle kadroya usuls\u00fcz \u015fekilde al\u0131nan i\u015f\u00e7i arkada\u015flar\u0131m\u0131z\u0131n i\u015f akdini feshettik\u201d &hellip;","og_url":"https:\/\/denizcankizil.tr\/ru\/haberler\/gundem\/antalyada-isten-cikarilan-67-belediye-iscisine-sendikadan-destek\/","og_site_name":"Av. Deniz Can K\u0131z\u0131l","article_published_time":"2025-05-26T08:41:21+00:00","author":"Antalya K\u00f6rfez","twitter_card":"summary_large_image","twitter_misc":{"\u041d\u0430\u043f\u0438\u0441\u0430\u043d\u043e \u0430\u0432\u0442\u043e\u0440\u043e\u043c":"Antalya K\u00f6rfez","\u041f\u0440\u0438\u043c\u0435\u0440\u043d\u043e\u0435 \u0432\u0440\u0435\u043c\u044f \u0434\u043b\u044f \u0447\u0442\u0435\u043d\u0438\u044f":"2 \u043c\u0438\u043d\u0443\u0442\u044b"},"schema":{"@context":"https:\/\/schema.org","@graph":[{"@type":"Article","@id":"https:\/\/denizcankizil.tr\/ru\/haberler\/gundem\/antalyada-isten-cikarilan-67-belediye-iscisine-sendikadan-destek\/#article","isPartOf":{"@id":"https:\/\/denizcankizil.tr\/ru\/haberler\/gundem\/antalyada-isten-cikarilan-67-belediye-iscisine-sendikadan-destek\/"},"author":{"name":"Antalya K\u00f6rfez","@id":"https:\/\/denizcankizil.tr\/de\/#\/schema\/person\/e1eb71bb4dd684d46563f0af307e1234"},"headline":"Antalya\u2019da i\u015ften \u00e7\u0131kar\u0131lan 67 belediye i\u015f\u00e7isine sendikadan destek","datePublished":"2025-05-26T08:41:21+00:00","mainEntityOfPage":{"@id":"https:\/\/denizcankizil.tr\/ru\/haberler\/gundem\/antalyada-isten-cikarilan-67-belediye-iscisine-sendikadan-destek\/"},"wordCount":418,"publisher":{"@id":"https:\/\/denizcankizil.tr\/de\/#organization"},"articleSection":["G\u00fcndem"],"inLanguage":"ru-RU"},{"@type":"WebPage","@id":"https:\/\/denizcankizil.tr\/ru\/haberler\/gundem\/antalyada-isten-cikarilan-67-belediye-iscisine-sendikadan-destek\/","url":"https:\/\/denizcankizil.tr\/ru\/haberler\/gundem\/antalyada-isten-cikarilan-67-belediye-iscisine-sendikadan-destek\/","name":"Antalya\u2019da i\u015ften \u00e7\u0131kar\u0131lan 67 belediye i\u015f\u00e7isine sendikadan destek - Av. Deniz Can K\u0131z\u0131l","isPartOf":{"@id":"https:\/\/denizcankizil.tr\/de\/#website"},"datePublished":"2025-05-26T08:41:21+00:00","breadcrumb":{"@id":"https:\/\/denizcankizil.tr\/ru\/haberler\/gundem\/antalyada-isten-cikarilan-67-belediye-iscisine-sendikadan-destek\/#breadcrumb"},"inLanguage":"ru-RU","potentialAction":[{"@type":"ReadAction","target":["https:\/\/denizcankizil.tr\/ru\/haberler\/gundem\/antalyada-isten-cikarilan-67-belediye-iscisine-sendikadan-destek\/"]}]},{"@type":"BreadcrumbList","@id":"https:\/\/denizcankizil.tr\/ru\/haberler\/gundem\/antalyada-isten-cikarilan-67-belediye-iscisine-sendikadan-destek\/#breadcrumb","itemListElement":[{"@type":"ListItem","position":1,"name":"Home","item":"https:\/\/denizcankizil.tr\/de\/"},{"@type":"ListItem","position":2,"name":"Antalya\u2019da i\u015ften \u00e7\u0131kar\u0131lan 67 belediye i\u015f\u00e7isine sendikadan destek"}]},{"@type":"WebSite","@id":"https:\/\/denizcankizil.tr\/de\/#website","url":"https:\/\/denizcankizil.tr\/de\/","name":"Av. Deniz Can K\u0131z\u0131l","description":"Avukat Deniz Can K\u0131z\u0131l Antalya Barosu","publisher":{"@id":"https:\/\/denizcankizil.tr\/de\/#organization"},"potentialAction":[{"@type":"SearchAction","target":{"@type":"EntryPoint","urlTemplate":"https:\/\/denizcankizil.tr\/de\/?s={search_term_string}"},"query-input":{"@type":"PropertyValueSpecification","valueRequired":true,"valueName":"search_term_string"}}],"inLanguage":"ru-RU"},{"@type":"Organization","@id":"https:\/\/denizcankizil.tr\/de\/#organization","name":"Av. Deniz Can K\u0131z\u0131l","url":"https:\/\/denizcankizil.tr\/de\/","logo":{"@type":"ImageObject","inLanguage":"ru-RU","@id":"https:\/\/denizcankizil.tr\/de\/#\/schema\/logo\/image\/","url":"https:\/\/denizcankizil.tr\/wp-content\/uploads\/2024\/10\/siyah-logo-svg.svg","contentUrl":"https:\/\/denizcankizil.tr\/wp-content\/uploads\/2024\/10\/siyah-logo-svg.svg","width":1080,"height":1080,"caption":"Av. Deniz Can K\u0131z\u0131l"},"image":{"@id":"https:\/\/denizcankizil.tr\/de\/#\/schema\/logo\/image\/"}},{"@type":"Person","@id":"https:\/\/denizcankizil.tr\/de\/#\/schema\/person\/e1eb71bb4dd684d46563f0af307e1234","name":"Antalya K\u00f6rfez","image":{"@type":"ImageObject","inLanguage":"ru-RU","@id":"https:\/\/denizcankizil.tr\/de\/#\/schema\/person\/image\/","url":"https:\/\/secure.gravatar.com\/avatar\/42b01982558a48a0b501fdcab6a408d3717ea5919095ee2e67b0e521799c5905?s=96&d=mm&r=g","contentUrl":"https:\/\/secure.gravatar.com\/avatar\/42b01982558a48a0b501fdcab6a408d3717ea5919095ee2e67b0e521799c5905?s=96&d=mm&r=g","caption":"Antalya K\u00f6rfez"},"sameAs":["http:\/\/www.antalyakorfez.com"],"url":"https:\/\/www.antalyakorfez.com\/antalyada-isten-cikarilan-67-belediye-iscisine-sendikadan-destek"}]}},"_links":{"self":[{"href":"https:\/\/denizcankizil.tr\/ru\/wp-json\/wp\/v2\/posts\/97143","targetHints":{"allow":["GET"]}}],"collection":[{"href":"https:\/\/denizcankizil.tr\/ru\/wp-json\/wp\/v2\/posts"}],"about":[{"href":"https:\/\/denizcankizil.tr\/ru\/wp-json\/wp\/v2\/types\/post"}],"author":[{"embeddable":true,"href":"https:\/\/denizcankizil.tr\/ru\/wp-json\/wp\/v2\/users\/5"}],"replies":[{"embeddable":true,"href":"https:\/\/denizcankizil.tr\/ru\/wp-json\/wp\/v2\/comments?post=97143"}],"version-history":[{"count":0,"href":"https:\/\/denizcankizil.tr\/ru\/wp-json\/wp\/v2\/posts\/97143\/revisions"}],"wp:attachment":[{"href":"https:\/\/denizcankizil.tr\/ru\/wp-json\/wp\/v2\/media?parent=97143"}],"wp:term":[{"taxonomy":"category","embeddable":true,"href":"https:\/\/denizcankizil.tr\/ru\/wp-json\/wp\/v2\/categories?post=97143"},{"taxonomy":"post_tag","embeddable":true,"href":"https:\/\/denizcankizil.tr\/ru\/wp-json\/wp\/v2\/tags?post=97143"}],"curies":[{"name":"wp","href":"https:\/\/api.w.org\/{rel}","templated":true}]}}