{"id":96358,"date":"2025-05-25T14:42:17","date_gmt":"2025-05-25T11:42:17","guid":{"rendered":"https:\/\/denizcankizil.tr\/uncategorized-tr\/bakan-kuruma-adiyaman-zey-koyunden-tesekkur\/"},"modified":"2025-05-25T14:42:17","modified_gmt":"2025-05-25T11:42:17","slug":"bakan-kuruma-adiyaman-zey-koyunden-tesekkur","status":"publish","type":"post","link":"https:\/\/denizcankizil.tr\/ru\/haberler\/gundem\/bakan-kuruma-adiyaman-zey-koyunden-tesekkur\/","title":{"rendered":"Bakan Kurum&#8217;a Ad\u0131yaman Zey K\u00f6y\u00fc&#8217;nden te\u015fekk\u00fcr"},"content":{"rendered":"<p>\u00c7evre, \u015eehircilik ve \u0130klim De\u011fi\u015fikli\u011fi Bakan\u0131 Murat Kurum, 6 \u015eubat depremlerinde hasar g\u00f6ren Ad\u0131yaman Zey K\u00f6y\u00fc\u2019nde tamamlanan 107 k\u00f6y evini inceledi. &#8220;Devlet ve millet el ele verdi, vatanda\u015flar\u0131m\u0131z g\u00fcven i\u00e7inde ya\u015f\u0131yor&#8221; diyen Bakan Kurum&#8217;a k\u00f6y sakinlerinden de te\u015fekk\u00fcr geldi.ADIYAMAN (\u0130GFA) &#8211;  \u00c7evre, \u015eehircilik ve \u0130klim De\u011fi\u015fikli\u011fi Bakan\u0131 Murat Kurum, Ad\u0131yaman\u2019\u0131n Merkez il\u00e7esine ba\u011fl\u0131 Zey K\u00f6y\u00fc\u2019nde, 6 \u015eubat depremlerinde a\u011f\u0131r hasar g\u00f6ren ve yeniden in\u015fa edilen alanda incelemelerde bulundu.<br \/>\nBakanl\u0131k Yap\u0131 \u0130\u015fleri Genel M\u00fcd\u00fcrl\u00fc\u011f\u00fc taraf\u0131ndan 135 d\u00f6n\u00fcml\u00fck alanda tamamlanan 107 k\u00f6y evi, modern bir k\u00f6y olu\u015fturdu. K\u00f6y sakinleri, Bakan Kurum\u2019u co\u015fkuyla kar\u015f\u0131lad\u0131.<br \/>\nBir vatanda\u015f, \u201cBuray\u0131 hi\u00e7bir \u00fclke yapamazd\u0131. Allah sizlerden raz\u0131 olsun, bize bebek gibi bakt\u0131n\u0131z\u201d diyerek duygular\u0131n\u0131 ifade etti. Bakan Kurum, Er ailesinin evine konuk oldu ve \u201cDevletimiz ve milletimiz el ele verdi, bug\u00fcn vatanda\u015flar\u0131m\u0131z bu evlerde huzur i\u00e7inde oturuyor\u201d dedi.<br \/>\nBiz deprem b\u00f6lgesinde sadece evler yapm\u0131yoruz, milletimizle el ele umudu, yeni bir ba\u015flang\u0131c\u0131 da hep birlikte in\u015fa ediyoruz.????Ad\u0131yaman pic.twitter.com\/tpTuQ75qfp\u2014 Murat KURUM (@murat_kurum) May 24, 2025<br \/>\n\u201cEVLER M\u00dcKEMMEL, K\u00d6Y MODERNLE\u015eT\u0130\u201d<br \/>\nEv sahibi Abdullah Er, \u201cEvlerimiz m\u00fckemmel yap\u0131lm\u0131\u015f\u201d derken, e\u015fi Zehra Er, \u201cKoskoca da\u011f delindi, \u015fehir merkezi a\u00e7\u0131ld\u0131\u201d s\u00f6zleriyle \u00e7al\u0131\u015fmalara \u00f6vg\u00fcde bulundu. K\u00f6y muhtar\u0131 \u0130srafil Ay, \u201cB\u00f6yle modern bir k\u00f6y olaca\u011f\u0131 kimsenin akl\u0131ndan ge\u00e7mezdi. Bir odunla evler \u0131s\u0131n\u0131yor\u201d dedi. Ortaokul \u00f6\u011frencisi Medine Er deprem temal\u0131 \u015fiir, 7 ya\u015f\u0131ndaki Ahmet Er ise \u0130stiklal Mar\u015f\u0131 okuyarak ziyarete renk katt\u0131.<\/p>\n<p>Bakan Kurum, tezah\u00fcratlarla saha isteyen \u00e7ocuklara hal\u0131 saha yap\u0131lmas\u0131 talimat\u0131 verdi.<\/p>\n<p>\u200b\u00c7evre, \u015eehircilik ve \u0130klim De\u011fi\u015fikli\u011fi Bakan\u0131 Murat Kurum, 6 \u015eubat depremlerinde hasar g\u00f6ren Ad\u0131yaman Zey K\u00f6y\u00fc\u2019nde tamamlanan 107 k\u00f6y evini inceledi. &#8220;Devlet ve millet el ele verdi, vatanda\u015flar\u0131m\u0131z g\u00fcven i\u00e7inde ya\u015f\u0131yor&#8221; diyen Bakan Kurum&#8217;a k\u00f6y sakinlerinden de te\u015fekk\u00fcr geldi.ADIYAMAN (\u0130GFA) &#8211;  \u00c7evre, \u015eehircilik ve \u0130klim De\u011fi\u015fikli\u011fi Bakan\u0131 Murat Kurum, Ad\u0131yaman\u2019\u0131n Merkez il\u00e7esine ba\u011fl\u0131 Zey K\u00f6y\u00fc\u2019nde, 6 \u015eubat depremlerinde a\u011f\u0131r hasar g\u00f6ren ve yeniden in\u015fa edilen alanda incelemelerde bulundu.<br \/>\nBakanl\u0131k Yap\u0131 \u0130\u015fleri Genel M\u00fcd\u00fcrl\u00fc\u011f\u00fc taraf\u0131ndan 135 d\u00f6n\u00fcml\u00fck alanda tamamlanan 107 k\u00f6y evi, modern bir k\u00f6y olu\u015fturdu. K\u00f6y sakinleri, Bakan Kurum\u2019u co\u015fkuyla kar\u015f\u0131lad\u0131.<br \/>\nBir vatanda\u015f, \u201cBuray\u0131 hi\u00e7bir \u00fclke yapamazd\u0131. Allah sizlerden raz\u0131 olsun, bize bebek gibi bakt\u0131n\u0131z\u201d diyerek duygular\u0131n\u0131 ifade etti. Bakan Kurum, Er ailesinin evine konuk oldu ve \u201cDevletimiz ve milletimiz el ele verdi, bug\u00fcn vatanda\u015flar\u0131m\u0131z bu evlerde huzur i\u00e7inde oturuyor\u201d dedi.<br \/>\nBiz deprem b\u00f6lgesinde sadece evler yapm\u0131yoruz, milletimizle el ele umudu, yeni bir ba\u015flang\u0131c\u0131 da hep birlikte in\u015fa ediyoruz.????Ad\u0131yaman pic.twitter.com\/tpTuQ75qfp\u2014 Murat KURUM (@murat_kurum) May 24, 2025<br \/>\n\u201cEVLER M\u00dcKEMMEL, K\u00d6Y MODERNLE\u015eT\u0130\u201d<br \/>\nEv sahibi Abdullah Er, \u201cEvlerimiz m\u00fckemmel yap\u0131lm\u0131\u015f\u201d derken, e\u015fi Zehra Er, \u201cKoskoca da\u011f delindi, \u015fehir merkezi a\u00e7\u0131ld\u0131\u201d s\u00f6zleriyle \u00e7al\u0131\u015fmalara \u00f6vg\u00fcde bulundu. K\u00f6y muhtar\u0131 \u0130srafil Ay, \u201cB\u00f6yle modern bir k\u00f6y olaca\u011f\u0131 kimsenin akl\u0131ndan ge\u00e7mezdi. Bir odunla evler \u0131s\u0131n\u0131yor\u201d dedi. Ortaokul \u00f6\u011frencisi Medine Er deprem temal\u0131 \u015fiir, 7 ya\u015f\u0131ndaki Ahmet Er ise \u0130stiklal Mar\u015f\u0131 okuyarak ziyarete renk katt\u0131.<\/p>\n<p>Bakan Kurum, tezah\u00fcratlarla saha isteyen \u00e7ocuklara hal\u0131 saha yap\u0131lmas\u0131 talimat\u0131 verdi.\u00a0<\/p>\n<p>\u200bHaberin Al\u0131nt\u0131land\u0131\u011f\u0131 Kaynak: www.iskenderun.org<\/p>","protected":false},"excerpt":{"rendered":"<p>\u00c7evre, \u015eehircilik ve \u0130klim De\u011fi\u015fikli\u011fi Bakan\u0131 Murat Kurum, 6 \u015eubat depremlerinde hasar g\u00f6ren Ad\u0131yaman Zey K\u00f6y\u00fc\u2019nde tamamlanan 107 k\u00f6y evini inceledi. &#8220;Devlet ve millet el ele verdi, vatanda\u015flar\u0131m\u0131z g\u00fcven i\u00e7inde ya\u015f\u0131yor&#8221; diyen Bakan Kurum&#8217;a k\u00f6y sakinlerinden de te\u015fekk\u00fcr geldi.ADIYAMAN (\u0130GFA) &#8211; \u00c7evre, \u015eehircilik ve \u0130klim De\u011fi\u015fikli\u011fi Bakan\u0131 Murat Kurum, Ad\u0131yaman\u2019\u0131n Merkez il\u00e7esine ba\u011fl\u0131 Zey K\u00f6y\u00fc\u2019nde, 6 \u015eubat depremlerinde a\u011f\u0131r hasar g\u00f6ren ve yeniden in\u015fa edilen alanda incelemelerde bulundu. Bakanl\u0131k Yap\u0131 \u0130\u015fleri Genel M\u00fcd\u00fcrl\u00fc\u011f\u00fc taraf\u0131ndan 135 d\u00f6n\u00fcml\u00fck alanda tamamlanan 107 k\u00f6y evi, modern bir k\u00f6y olu\u015fturdu. K\u00f6y sakinleri, Bakan Kurum\u2019u co\u015fkuyla kar\u015f\u0131lad\u0131. Bir vatanda\u015f, \u201cBuray\u0131 hi\u00e7bir \u00fclke yapamazd\u0131. Allah sizlerden raz\u0131 olsun, bize bebek gibi bakt\u0131n\u0131z\u201d diyerek duygular\u0131n\u0131 ifade etti. Bakan Kurum, Er ailesinin evine konuk oldu ve \u201cDevletimiz ve milletimiz el ele verdi, bug\u00fcn vatanda\u015flar\u0131m\u0131z bu evlerde huzur i\u00e7inde oturuyor\u201d dedi. Biz deprem b\u00f6lgesinde sadece evler yapm\u0131yoruz, milletimizle el ele umudu, yeni bir ba\u015flang\u0131c\u0131 da hep birlikte in\u015fa ediyoruz.????Ad\u0131yaman pic.twitter.com\/tpTuQ75qfp\u2014 Murat KURUM (@murat_kurum) May 24, 2025 \u201cEVLER M\u00dcKEMMEL, K\u00d6Y MODERNLE\u015eT\u0130\u201d Ev sahibi Abdullah Er, \u201cEvlerimiz m\u00fckemmel yap\u0131lm\u0131\u015f\u201d derken, e\u015fi Zehra Er, \u201cKoskoca da\u011f delindi, \u015fehir merkezi a\u00e7\u0131ld\u0131\u201d s\u00f6zleriyle \u00e7al\u0131\u015fmalara \u00f6vg\u00fcde bulundu. K\u00f6y muhtar\u0131 \u0130srafil Ay, \u201cB\u00f6yle modern bir k\u00f6y olaca\u011f\u0131 kimsenin akl\u0131ndan ge\u00e7mezdi. Bir odunla evler \u0131s\u0131n\u0131yor\u201d dedi. Ortaokul \u00f6\u011frencisi &hellip;<\/p>","protected":false},"author":1,"featured_media":0,"comment_status":"","ping_status":"open","sticky":false,"template":"","format":"standard","meta":{"_acf_changed":false,"footnotes":""},"categories":[24],"tags":[],"class_list":["post-96358","post","type-post","status-publish","format-standard","has-post-thumbnail","hentry","category-gundem"],"acf":[],"yoast_head":"<!-- This site is optimized with the Yoast SEO Premium plugin v26.6 (Yoast SEO v27.1.1) - https:\/\/yoast.com\/product\/yoast-seo-premium-wordpress\/ -->\n<title>Bakan Kurum&#039;a Ad\u0131yaman Zey K\u00f6y\u00fc&#039;nden te\u015fekk\u00fcr - Av. Deniz Can K\u0131z\u0131l<\/title>\n<meta name=\"robots\" content=\"index, follow, max-snippet:-1, max-image-preview:large, max-video-preview:-1\" \/>\n<link rel=\"canonical\" href=\"https:\/\/denizcankizil.tr\/ru\/haberler\/gundem\/bakan-kuruma-adiyaman-zey-koyunden-tesekkur\/\" \/>\n<meta property=\"og:locale\" content=\"ru_RU\" \/>\n<meta property=\"og:type\" content=\"article\" \/>\n<meta property=\"og:title\" content=\"Bakan Kurum&#039;a Ad\u0131yaman Zey K\u00f6y\u00fc&#039;nden te\u015fekk\u00fcr\" \/>\n<meta property=\"og:description\" content=\"\u00c7evre, \u015eehircilik ve \u0130klim De\u011fi\u015fikli\u011fi Bakan\u0131 Murat Kurum, 6 \u015eubat depremlerinde hasar g\u00f6ren Ad\u0131yaman Zey K\u00f6y\u00fc\u2019nde tamamlanan 107 k\u00f6y evini inceledi. &#8220;Devlet ve millet el ele verdi, vatanda\u015flar\u0131m\u0131z g\u00fcven i\u00e7inde ya\u015f\u0131yor&#8221; diyen Bakan Kurum&#8217;a k\u00f6y sakinlerinden de te\u015fekk\u00fcr geldi.ADIYAMAN (\u0130GFA) &#8211; \u00c7evre, \u015eehircilik ve \u0130klim De\u011fi\u015fikli\u011fi Bakan\u0131 Murat Kurum, Ad\u0131yaman\u2019\u0131n Merkez il\u00e7esine ba\u011fl\u0131 Zey K\u00f6y\u00fc\u2019nde, 6 \u015eubat depremlerinde a\u011f\u0131r hasar g\u00f6ren ve yeniden in\u015fa edilen alanda incelemelerde bulundu. Bakanl\u0131k Yap\u0131 \u0130\u015fleri Genel M\u00fcd\u00fcrl\u00fc\u011f\u00fc taraf\u0131ndan 135 d\u00f6n\u00fcml\u00fck alanda tamamlanan 107 k\u00f6y evi, modern bir k\u00f6y olu\u015fturdu. K\u00f6y sakinleri, Bakan Kurum\u2019u co\u015fkuyla kar\u015f\u0131lad\u0131. Bir vatanda\u015f, \u201cBuray\u0131 hi\u00e7bir \u00fclke yapamazd\u0131. Allah sizlerden raz\u0131 olsun, bize bebek gibi bakt\u0131n\u0131z\u201d diyerek duygular\u0131n\u0131 ifade etti. Bakan Kurum, Er ailesinin evine konuk oldu ve \u201cDevletimiz ve milletimiz el ele verdi, bug\u00fcn vatanda\u015flar\u0131m\u0131z bu evlerde huzur i\u00e7inde oturuyor\u201d dedi. Biz deprem b\u00f6lgesinde sadece evler yapm\u0131yoruz, milletimizle el ele umudu, yeni bir ba\u015flang\u0131c\u0131 da hep birlikte in\u015fa ediyoruz.????Ad\u0131yaman pic.twitter.com\/tpTuQ75qfp\u2014 Murat KURUM (@murat_kurum) May 24, 2025 \u201cEVLER M\u00dcKEMMEL, K\u00d6Y MODERNLE\u015eT\u0130\u201d Ev sahibi Abdullah Er, \u201cEvlerimiz m\u00fckemmel yap\u0131lm\u0131\u015f\u201d derken, e\u015fi Zehra Er, \u201cKoskoca da\u011f delindi, \u015fehir merkezi a\u00e7\u0131ld\u0131\u201d s\u00f6zleriyle \u00e7al\u0131\u015fmalara \u00f6vg\u00fcde bulundu. K\u00f6y muhtar\u0131 \u0130srafil Ay, \u201cB\u00f6yle modern bir k\u00f6y olaca\u011f\u0131 kimsenin akl\u0131ndan ge\u00e7mezdi. Bir odunla evler \u0131s\u0131n\u0131yor\u201d dedi. Ortaokul \u00f6\u011frencisi &hellip;\" \/>\n<meta property=\"og:url\" content=\"https:\/\/denizcankizil.tr\/ru\/haberler\/gundem\/bakan-kuruma-adiyaman-zey-koyunden-tesekkur\/\" \/>\n<meta property=\"og:site_name\" content=\"Av. Deniz Can K\u0131z\u0131l\" \/>\n<meta property=\"article:published_time\" content=\"2025-05-25T11:42:17+00:00\" \/>\n<meta name=\"author\" content=\"admin\" \/>\n<meta name=\"twitter:card\" content=\"summary_large_image\" \/>\n<meta name=\"twitter:label1\" content=\"\u041d\u0430\u043f\u0438\u0441\u0430\u043d\u043e \u0430\u0432\u0442\u043e\u0440\u043e\u043c\" \/>\n\t<meta name=\"twitter:data1\" content=\"admin\" \/>\n\t<meta name=\"twitter:label2\" content=\"\u041f\u0440\u0438\u043c\u0435\u0440\u043d\u043e\u0435 \u0432\u0440\u0435\u043c\u044f \u0434\u043b\u044f \u0447\u0442\u0435\u043d\u0438\u044f\" \/>\n\t<meta name=\"twitter:data2\" content=\"3 \u043c\u0438\u043d\u0443\u0442\u044b\" \/>\n<script type=\"application\/ld+json\" class=\"yoast-schema-graph\">{\"@context\":\"https:\/\/schema.org\",\"@graph\":[{\"@type\":\"Article\",\"@id\":\"https:\/\/denizcankizil.tr\/ru\/haberler\/gundem\/bakan-kuruma-adiyaman-zey-koyunden-tesekkur\/#article\",\"isPartOf\":{\"@id\":\"https:\/\/denizcankizil.tr\/ru\/haberler\/gundem\/bakan-kuruma-adiyaman-zey-koyunden-tesekkur\/\"},\"author\":{\"name\":\"admin\",\"@id\":\"https:\/\/denizcankizil.tr\/de\/#\/schema\/person\/be3c05fe6a12686905512445d8185489\"},\"headline\":\"Bakan Kurum&#8217;a Ad\u0131yaman Zey K\u00f6y\u00fc&#8217;nden te\u015fekk\u00fcr\",\"datePublished\":\"2025-05-25T11:42:17+00:00\",\"mainEntityOfPage\":{\"@id\":\"https:\/\/denizcankizil.tr\/ru\/haberler\/gundem\/bakan-kuruma-adiyaman-zey-koyunden-tesekkur\/\"},\"wordCount\":630,\"publisher\":{\"@id\":\"https:\/\/denizcankizil.tr\/de\/#organization\"},\"articleSection\":[\"G\u00fcndem\"],\"inLanguage\":\"ru-RU\"},{\"@type\":\"WebPage\",\"@id\":\"https:\/\/denizcankizil.tr\/ru\/haberler\/gundem\/bakan-kuruma-adiyaman-zey-koyunden-tesekkur\/\",\"url\":\"https:\/\/denizcankizil.tr\/ru\/haberler\/gundem\/bakan-kuruma-adiyaman-zey-koyunden-tesekkur\/\",\"name\":\"Bakan Kurum'a Ad\u0131yaman Zey K\u00f6y\u00fc'nden te\u015fekk\u00fcr - Av. Deniz Can K\u0131z\u0131l\",\"isPartOf\":{\"@id\":\"https:\/\/denizcankizil.tr\/de\/#website\"},\"datePublished\":\"2025-05-25T11:42:17+00:00\",\"breadcrumb\":{\"@id\":\"https:\/\/denizcankizil.tr\/ru\/haberler\/gundem\/bakan-kuruma-adiyaman-zey-koyunden-tesekkur\/#breadcrumb\"},\"inLanguage\":\"ru-RU\",\"potentialAction\":[{\"@type\":\"ReadAction\",\"target\":[\"https:\/\/denizcankizil.tr\/ru\/haberler\/gundem\/bakan-kuruma-adiyaman-zey-koyunden-tesekkur\/\"]}]},{\"@type\":\"BreadcrumbList\",\"@id\":\"https:\/\/denizcankizil.tr\/ru\/haberler\/gundem\/bakan-kuruma-adiyaman-zey-koyunden-tesekkur\/#breadcrumb\",\"itemListElement\":[{\"@type\":\"ListItem\",\"position\":1,\"name\":\"Home\",\"item\":\"https:\/\/denizcankizil.tr\/de\/\"},{\"@type\":\"ListItem\",\"position\":2,\"name\":\"Bakan Kurum&#8217;a Ad\u0131yaman Zey K\u00f6y\u00fc&#8217;nden te\u015fekk\u00fcr\"}]},{\"@type\":\"WebSite\",\"@id\":\"https:\/\/denizcankizil.tr\/de\/#website\",\"url\":\"https:\/\/denizcankizil.tr\/de\/\",\"name\":\"Av. Deniz Can K\u0131z\u0131l\",\"description\":\"Avukat Deniz Can K\u0131z\u0131l Antalya Barosu\",\"publisher\":{\"@id\":\"https:\/\/denizcankizil.tr\/de\/#organization\"},\"potentialAction\":[{\"@type\":\"SearchAction\",\"target\":{\"@type\":\"EntryPoint\",\"urlTemplate\":\"https:\/\/denizcankizil.tr\/de\/?s={search_term_string}\"},\"query-input\":{\"@type\":\"PropertyValueSpecification\",\"valueRequired\":true,\"valueName\":\"search_term_string\"}}],\"inLanguage\":\"ru-RU\"},{\"@type\":\"Organization\",\"@id\":\"https:\/\/denizcankizil.tr\/de\/#organization\",\"name\":\"Av. Deniz Can K\u0131z\u0131l\",\"url\":\"https:\/\/denizcankizil.tr\/de\/\",\"logo\":{\"@type\":\"ImageObject\",\"inLanguage\":\"ru-RU\",\"@id\":\"https:\/\/denizcankizil.tr\/de\/#\/schema\/logo\/image\/\",\"url\":\"https:\/\/denizcankizil.tr\/wp-content\/uploads\/2024\/10\/siyah-logo-svg.svg\",\"contentUrl\":\"https:\/\/denizcankizil.tr\/wp-content\/uploads\/2024\/10\/siyah-logo-svg.svg\",\"width\":1080,\"height\":1080,\"caption\":\"Av. Deniz Can K\u0131z\u0131l\"},\"image\":{\"@id\":\"https:\/\/denizcankizil.tr\/de\/#\/schema\/logo\/image\/\"}},{\"@type\":\"Person\",\"@id\":\"https:\/\/denizcankizil.tr\/de\/#\/schema\/person\/be3c05fe6a12686905512445d8185489\",\"name\":\"admin\",\"image\":{\"@type\":\"ImageObject\",\"inLanguage\":\"ru-RU\",\"@id\":\"https:\/\/denizcankizil.tr\/de\/#\/schema\/person\/image\/\",\"url\":\"https:\/\/secure.gravatar.com\/avatar\/c1fce94c830dc79107e174f890d7210541c4a63e8e5d816341794a2151c9d58c?s=96&d=mm&r=g\",\"contentUrl\":\"https:\/\/secure.gravatar.com\/avatar\/c1fce94c830dc79107e174f890d7210541c4a63e8e5d816341794a2151c9d58c?s=96&d=mm&r=g\",\"caption\":\"admin\"},\"sameAs\":[\"http:\/\/denizcankizil.tr\"],\"url\":\"https:\/\/www.iskenderun.org\/bakan-kuruma-adiyaman-zey-koyunden-tesekkur\"}]}<\/script>\n<!-- \/ Yoast SEO Premium plugin. -->","yoast_head_json":{"title":"Bakan Kurum'a Ad\u0131yaman Zey K\u00f6y\u00fc'nden te\u015fekk\u00fcr - Av. Deniz Can K\u0131z\u0131l","robots":{"index":"index","follow":"follow","max-snippet":"max-snippet:-1","max-image-preview":"max-image-preview:large","max-video-preview":"max-video-preview:-1"},"canonical":"https:\/\/denizcankizil.tr\/ru\/haberler\/gundem\/bakan-kuruma-adiyaman-zey-koyunden-tesekkur\/","og_locale":"ru_RU","og_type":"article","og_title":"Bakan Kurum'a Ad\u0131yaman Zey K\u00f6y\u00fc'nden te\u015fekk\u00fcr","og_description":"\u00c7evre, \u015eehircilik ve \u0130klim De\u011fi\u015fikli\u011fi Bakan\u0131 Murat Kurum, 6 \u015eubat depremlerinde hasar g\u00f6ren Ad\u0131yaman Zey K\u00f6y\u00fc\u2019nde tamamlanan 107 k\u00f6y evini inceledi. &#8220;Devlet ve millet el ele verdi, vatanda\u015flar\u0131m\u0131z g\u00fcven i\u00e7inde ya\u015f\u0131yor&#8221; diyen Bakan Kurum&#8217;a k\u00f6y sakinlerinden de te\u015fekk\u00fcr geldi.ADIYAMAN (\u0130GFA) &#8211; \u00c7evre, \u015eehircilik ve \u0130klim De\u011fi\u015fikli\u011fi Bakan\u0131 Murat Kurum, Ad\u0131yaman\u2019\u0131n Merkez il\u00e7esine ba\u011fl\u0131 Zey K\u00f6y\u00fc\u2019nde, 6 \u015eubat depremlerinde a\u011f\u0131r hasar g\u00f6ren ve yeniden in\u015fa edilen alanda incelemelerde bulundu. Bakanl\u0131k Yap\u0131 \u0130\u015fleri Genel M\u00fcd\u00fcrl\u00fc\u011f\u00fc taraf\u0131ndan 135 d\u00f6n\u00fcml\u00fck alanda tamamlanan 107 k\u00f6y evi, modern bir k\u00f6y olu\u015fturdu. K\u00f6y sakinleri, Bakan Kurum\u2019u co\u015fkuyla kar\u015f\u0131lad\u0131. Bir vatanda\u015f, \u201cBuray\u0131 hi\u00e7bir \u00fclke yapamazd\u0131. Allah sizlerden raz\u0131 olsun, bize bebek gibi bakt\u0131n\u0131z\u201d diyerek duygular\u0131n\u0131 ifade etti. Bakan Kurum, Er ailesinin evine konuk oldu ve \u201cDevletimiz ve milletimiz el ele verdi, bug\u00fcn vatanda\u015flar\u0131m\u0131z bu evlerde huzur i\u00e7inde oturuyor\u201d dedi. Biz deprem b\u00f6lgesinde sadece evler yapm\u0131yoruz, milletimizle el ele umudu, yeni bir ba\u015flang\u0131c\u0131 da hep birlikte in\u015fa ediyoruz.????Ad\u0131yaman pic.twitter.com\/tpTuQ75qfp\u2014 Murat KURUM (@murat_kurum) May 24, 2025 \u201cEVLER M\u00dcKEMMEL, K\u00d6Y MODERNLE\u015eT\u0130\u201d Ev sahibi Abdullah Er, \u201cEvlerimiz m\u00fckemmel yap\u0131lm\u0131\u015f\u201d derken, e\u015fi Zehra Er, \u201cKoskoca da\u011f delindi, \u015fehir merkezi a\u00e7\u0131ld\u0131\u201d s\u00f6zleriyle \u00e7al\u0131\u015fmalara \u00f6vg\u00fcde bulundu. K\u00f6y muhtar\u0131 \u0130srafil Ay, \u201cB\u00f6yle modern bir k\u00f6y olaca\u011f\u0131 kimsenin akl\u0131ndan ge\u00e7mezdi. Bir odunla evler \u0131s\u0131n\u0131yor\u201d dedi. Ortaokul \u00f6\u011frencisi &hellip;","og_url":"https:\/\/denizcankizil.tr\/ru\/haberler\/gundem\/bakan-kuruma-adiyaman-zey-koyunden-tesekkur\/","og_site_name":"Av. Deniz Can K\u0131z\u0131l","article_published_time":"2025-05-25T11:42:17+00:00","author":"admin","twitter_card":"summary_large_image","twitter_misc":{"\u041d\u0430\u043f\u0438\u0441\u0430\u043d\u043e \u0430\u0432\u0442\u043e\u0440\u043e\u043c":"admin","\u041f\u0440\u0438\u043c\u0435\u0440\u043d\u043e\u0435 \u0432\u0440\u0435\u043c\u044f \u0434\u043b\u044f \u0447\u0442\u0435\u043d\u0438\u044f":"3 \u043c\u0438\u043d\u0443\u0442\u044b"},"schema":{"@context":"https:\/\/schema.org","@graph":[{"@type":"Article","@id":"https:\/\/denizcankizil.tr\/ru\/haberler\/gundem\/bakan-kuruma-adiyaman-zey-koyunden-tesekkur\/#article","isPartOf":{"@id":"https:\/\/denizcankizil.tr\/ru\/haberler\/gundem\/bakan-kuruma-adiyaman-zey-koyunden-tesekkur\/"},"author":{"name":"admin","@id":"https:\/\/denizcankizil.tr\/de\/#\/schema\/person\/be3c05fe6a12686905512445d8185489"},"headline":"Bakan Kurum&#8217;a Ad\u0131yaman Zey K\u00f6y\u00fc&#8217;nden te\u015fekk\u00fcr","datePublished":"2025-05-25T11:42:17+00:00","mainEntityOfPage":{"@id":"https:\/\/denizcankizil.tr\/ru\/haberler\/gundem\/bakan-kuruma-adiyaman-zey-koyunden-tesekkur\/"},"wordCount":630,"publisher":{"@id":"https:\/\/denizcankizil.tr\/de\/#organization"},"articleSection":["G\u00fcndem"],"inLanguage":"ru-RU"},{"@type":"WebPage","@id":"https:\/\/denizcankizil.tr\/ru\/haberler\/gundem\/bakan-kuruma-adiyaman-zey-koyunden-tesekkur\/","url":"https:\/\/denizcankizil.tr\/ru\/haberler\/gundem\/bakan-kuruma-adiyaman-zey-koyunden-tesekkur\/","name":"Bakan Kurum'a Ad\u0131yaman Zey K\u00f6y\u00fc'nden te\u015fekk\u00fcr - Av. Deniz Can K\u0131z\u0131l","isPartOf":{"@id":"https:\/\/denizcankizil.tr\/de\/#website"},"datePublished":"2025-05-25T11:42:17+00:00","breadcrumb":{"@id":"https:\/\/denizcankizil.tr\/ru\/haberler\/gundem\/bakan-kuruma-adiyaman-zey-koyunden-tesekkur\/#breadcrumb"},"inLanguage":"ru-RU","potentialAction":[{"@type":"ReadAction","target":["https:\/\/denizcankizil.tr\/ru\/haberler\/gundem\/bakan-kuruma-adiyaman-zey-koyunden-tesekkur\/"]}]},{"@type":"BreadcrumbList","@id":"https:\/\/denizcankizil.tr\/ru\/haberler\/gundem\/bakan-kuruma-adiyaman-zey-koyunden-tesekkur\/#breadcrumb","itemListElement":[{"@type":"ListItem","position":1,"name":"Home","item":"https:\/\/denizcankizil.tr\/de\/"},{"@type":"ListItem","position":2,"name":"Bakan Kurum&#8217;a Ad\u0131yaman Zey K\u00f6y\u00fc&#8217;nden te\u015fekk\u00fcr"}]},{"@type":"WebSite","@id":"https:\/\/denizcankizil.tr\/de\/#website","url":"https:\/\/denizcankizil.tr\/de\/","name":"Av. Deniz Can K\u0131z\u0131l","description":"Avukat Deniz Can K\u0131z\u0131l Antalya Barosu","publisher":{"@id":"https:\/\/denizcankizil.tr\/de\/#organization"},"potentialAction":[{"@type":"SearchAction","target":{"@type":"EntryPoint","urlTemplate":"https:\/\/denizcankizil.tr\/de\/?s={search_term_string}"},"query-input":{"@type":"PropertyValueSpecification","valueRequired":true,"valueName":"search_term_string"}}],"inLanguage":"ru-RU"},{"@type":"Organization","@id":"https:\/\/denizcankizil.tr\/de\/#organization","name":"Av. Deniz Can K\u0131z\u0131l","url":"https:\/\/denizcankizil.tr\/de\/","logo":{"@type":"ImageObject","inLanguage":"ru-RU","@id":"https:\/\/denizcankizil.tr\/de\/#\/schema\/logo\/image\/","url":"https:\/\/denizcankizil.tr\/wp-content\/uploads\/2024\/10\/siyah-logo-svg.svg","contentUrl":"https:\/\/denizcankizil.tr\/wp-content\/uploads\/2024\/10\/siyah-logo-svg.svg","width":1080,"height":1080,"caption":"Av. Deniz Can K\u0131z\u0131l"},"image":{"@id":"https:\/\/denizcankizil.tr\/de\/#\/schema\/logo\/image\/"}},{"@type":"Person","@id":"https:\/\/denizcankizil.tr\/de\/#\/schema\/person\/be3c05fe6a12686905512445d8185489","name":"\u0430\u0434\u043c\u0438\u043d","image":{"@type":"ImageObject","inLanguage":"ru-RU","@id":"https:\/\/denizcankizil.tr\/de\/#\/schema\/person\/image\/","url":"https:\/\/secure.gravatar.com\/avatar\/c1fce94c830dc79107e174f890d7210541c4a63e8e5d816341794a2151c9d58c?s=96&d=mm&r=g","contentUrl":"https:\/\/secure.gravatar.com\/avatar\/c1fce94c830dc79107e174f890d7210541c4a63e8e5d816341794a2151c9d58c?s=96&d=mm&r=g","caption":"admin"},"sameAs":["http:\/\/denizcankizil.tr"],"url":"https:\/\/www.iskenderun.org\/bakan-kuruma-adiyaman-zey-koyunden-tesekkur"}]}},"_links":{"self":[{"href":"https:\/\/denizcankizil.tr\/ru\/wp-json\/wp\/v2\/posts\/96358","targetHints":{"allow":["GET"]}}],"collection":[{"href":"https:\/\/denizcankizil.tr\/ru\/wp-json\/wp\/v2\/posts"}],"about":[{"href":"https:\/\/denizcankizil.tr\/ru\/wp-json\/wp\/v2\/types\/post"}],"author":[{"embeddable":true,"href":"https:\/\/denizcankizil.tr\/ru\/wp-json\/wp\/v2\/users\/1"}],"replies":[{"embeddable":true,"href":"https:\/\/denizcankizil.tr\/ru\/wp-json\/wp\/v2\/comments?post=96358"}],"version-history":[{"count":0,"href":"https:\/\/denizcankizil.tr\/ru\/wp-json\/wp\/v2\/posts\/96358\/revisions"}],"wp:attachment":[{"href":"https:\/\/denizcankizil.tr\/ru\/wp-json\/wp\/v2\/media?parent=96358"}],"wp:term":[{"taxonomy":"category","embeddable":true,"href":"https:\/\/denizcankizil.tr\/ru\/wp-json\/wp\/v2\/categories?post=96358"},{"taxonomy":"post_tag","embeddable":true,"href":"https:\/\/denizcankizil.tr\/ru\/wp-json\/wp\/v2\/tags?post=96358"}],"curies":[{"name":"wp","href":"https:\/\/api.w.org\/{rel}","templated":true}]}}