{"id":96176,"date":"2025-05-25T10:41:18","date_gmt":"2025-05-25T07:41:18","guid":{"rendered":"https:\/\/denizcankizil.tr\/uncategorized-tr\/yine-konyaalti\/"},"modified":"2025-05-25T10:41:18","modified_gmt":"2025-05-25T07:41:18","slug":"yine-konyaalti","status":"publish","type":"post","link":"https:\/\/denizcankizil.tr\/ru\/haberler\/gundem\/yine-konyaalti\/","title":{"rendered":"Yine Konyaalt\u0131!"},"content":{"rendered":"<p>Sonunda beklenen oldu ve Konyaalti Belediyesi\u2019nde, ge\u00e7mi\u015f d\u00f6nemin sonunda i\u015fe ba\u015flayan 67 ki\u015finin i\u015fine son verildi.<\/p>\n<p>Konu ile ilgili olarak, tart\u0131\u015fmalar ilk ba\u015flad\u0131\u011f\u0131nda Ba\u015fkan Cem Kotan olduk\u00e7a ele\u015ftirilmi\u015fti. Bu ele\u015ftiriler de \u00f6nemli \u00f6l\u00e7\u00fcde hakl\u0131yd\u0131. Zira Cem Kotan, sadece i\u015ften \u00e7\u0131karmalar de\u011fil, genel olarak belediyenin \u00e7al\u0131\u015fma bar\u0131\u015f\u0131 konusunda \u00e7ok da ba\u015far\u0131l\u0131 bir s\u0131nav verememi\u015fti.  Son olarak da, d\u00fcn g\u00f6revlerine son verilen 67 ki\u015fi tuzu biberi oldu.<\/p>\n<p>Cem Kotan bu konuda savunmas\u0131n\u0131 da d\u00fcn yapt\u0131 ve \u2018hukuki zorunluluk\u2019 oldu\u011funu s\u00f6yleyerek, Say\u0131\u015ftay raporlar\u0131na g\u00f6nderme yapt\u0131. E\u011fer bu eylemi yerine getirmezse hem belediyenin hem de kendisinin zor duruma d\u00fc\u015fece\u011fini savundu.<\/p>\n<p>Fakat bu uygulamada ba\u015fka bir sorun var.<\/p>\n<p>Bug\u00fcn usuls\u00fcz oldu\u011fu iddia edilen y\u00f6ntem, sadece Konyaalt\u0131 Belediyesi\u2019nin tasarrufu de\u011fil. Parti fark\u0131 g\u00f6zetmeksizin b\u00fct\u00fcn belediyelerde uygulanan bir y\u00f6ntem. Do\u011frusu, yanl\u0131\u015f\u0131 farkl\u0131 bir tart\u0131\u015fma. Benzer uygulama, Konyaalt\u0131 Belediyesi ile e\u015f zamanl\u0131 di\u011fer belediyelerde de yap\u0131ld\u0131. Bu durumda oralarda ise ba\u015flayanlar\u0131n durumu ne olacak?<\/p>\n<p>Bu olay\u0131n \u015fu anda dikkat \u00e7ekmeyen taraf\u0131. Ama ya Konyaalt\u0131 Belediyesi emsal olursa?<\/p>\n<p>Konyaalt\u0131 Belediyesi Ba\u015fkan\u0131 Cem Kotan konu ile ilgili yeterince ele\u015ftirildi. Hala ayn\u0131 c\u00fcmlelerin \u00fczerinde tepinmenin bir anlam\u0131 yok. Bu nedenle di\u011fer akt\u00f6rler bakal\u0131m.<\/p>\n<p>\u00d6rne\u011fin Semih Esen.<\/p>\n<p>D\u00fcn, belediye \u00f6n\u00fcnde eylem yapan ve \u00e7ad\u0131r kuran i\u015f\u00e7ilere destek ziyaretine gitti. Semih Esen\u2019e sormak laz\u0131m. \u201cG\u00f6rev d\u00f6neminin sonunda bu kadar kadro \u015fi\u015fkinli\u011fi gerekli miydi?\u201d<\/p>\n<p>O d\u00f6nem g\u00f6revde olan \u00fcst d\u00fczey bir yetkili, bu durumu \u201cbizim en b\u00fcy\u00fck hatam\u0131zd\u0131 ve adalet duygusu zedelendi\u201d diye tan\u0131ml\u0131yor.<\/p>\n<p>Ya da Semih Esen\u2019in bu kadar insan\u0131 i\u015fe almas\u0131na neden olan siyasiler bu konu ile ilgili ne d\u00fc\u015f\u00fcn\u00fcyor. Onlar bu konudaki sorumluluklar\u0131n\u0131 y\u00fckleniyor mu?<\/p>\n<p>Son olarak, \u015funu da tarihe not d\u00fc\u015felim.<\/p>\n<p>Bug\u00fcn \u2018i\u015f\u00e7i haklar\u0131\u2019 i\u00e7in m\u00fccadele edenlerin, daha bir ay \u00f6nce ellerinde be\u015f, alt\u0131 ki\u015filik isim listesi ile Cem Kotan\u2019a gidip de, \u201cBa\u015fkan, sen bu isimlere dokunma, biz de ses \u00e7\u0131karmayal\u0131m\u2019 dediklerini unutmayal\u0131m.<\/p>\n<p>\u200bSonunda beklenen oldu ve Konyaalti Belediyesi\u2019nde, ge\u00e7mi\u015f d\u00f6nemin sonunda i\u015fe ba\u015flayan 67 ki\u015finin i\u015fine son verildi.<\/p>\n<p>Konu ile ilgili olarak, tart\u0131\u015fmalar ilk ba\u015flad\u0131\u011f\u0131nda Ba\u015fkan Cem Kotan olduk\u00e7a ele\u015ftirilmi\u015fti. Bu ele\u015ftiriler de \u00f6nemli \u00f6l\u00e7\u00fcde hakl\u0131yd\u0131. Zira Cem Kotan, sadece i\u015ften \u00e7\u0131karmalar de\u011fil, genel olarak belediyenin \u00e7al\u0131\u015fma bar\u0131\u015f\u0131 konusunda \u00e7ok da ba\u015far\u0131l\u0131 bir s\u0131nav verememi\u015fti.  Son olarak da, d\u00fcn g\u00f6revlerine son verilen 67 ki\u015fi tuzu biberi oldu.<\/p>\n<p>Cem Kotan bu konuda savunmas\u0131n\u0131 da d\u00fcn yapt\u0131 ve \u2018hukuki zorunluluk\u2019 oldu\u011funu s\u00f6yleyerek, Say\u0131\u015ftay raporlar\u0131na g\u00f6nderme yapt\u0131. E\u011fer bu eylemi yerine getirmezse hem belediyenin hem de kendisinin zor duruma d\u00fc\u015fece\u011fini savundu.<\/p>\n<p>Fakat bu uygulamada ba\u015fka bir sorun var.<\/p>\n<p>Bug\u00fcn usuls\u00fcz oldu\u011fu iddia edilen y\u00f6ntem, sadece Konyaalt\u0131 Belediyesi\u2019nin tasarrufu de\u011fil. Parti fark\u0131 g\u00f6zetmeksizin b\u00fct\u00fcn belediyelerde uygulanan bir y\u00f6ntem. Do\u011frusu, yanl\u0131\u015f\u0131 farkl\u0131 bir tart\u0131\u015fma. Benzer uygulama, Konyaalt\u0131 Belediyesi ile e\u015f zamanl\u0131 di\u011fer belediyelerde de yap\u0131ld\u0131. Bu durumda oralarda ise ba\u015flayanlar\u0131n durumu ne olacak?<\/p>\n<p>Bu olay\u0131n \u015fu anda dikkat \u00e7ekmeyen taraf\u0131. Ama ya Konyaalt\u0131 Belediyesi emsal olursa?<\/p>\n<p>Konyaalt\u0131 Belediyesi Ba\u015fkan\u0131 Cem Kotan konu ile ilgili yeterince ele\u015ftirildi. Hala ayn\u0131 c\u00fcmlelerin \u00fczerinde tepinmenin bir anlam\u0131 yok. Bu nedenle di\u011fer akt\u00f6rler bakal\u0131m.<\/p>\n<p>\u00d6rne\u011fin Semih Esen.<\/p>\n<p>D\u00fcn, belediye \u00f6n\u00fcnde eylem yapan ve \u00e7ad\u0131r kuran i\u015f\u00e7ilere destek ziyaretine gitti. Semih Esen\u2019e sormak laz\u0131m. \u201cG\u00f6rev d\u00f6neminin sonunda bu kadar kadro \u015fi\u015fkinli\u011fi gerekli miydi?\u201d<\/p>\n<p>O d\u00f6nem g\u00f6revde olan \u00fcst d\u00fczey bir yetkili, bu durumu \u201cbizim en b\u00fcy\u00fck hatam\u0131zd\u0131 ve adalet duygusu zedelendi\u201d diye tan\u0131ml\u0131yor.<\/p>\n<p>Ya da Semih Esen\u2019in bu kadar insan\u0131 i\u015fe almas\u0131na neden olan siyasiler bu konu ile ilgili ne d\u00fc\u015f\u00fcn\u00fcyor. Onlar bu konudaki sorumluluklar\u0131n\u0131 y\u00fckleniyor mu?<\/p>\n<p>Son olarak, \u015funu da tarihe not d\u00fc\u015felim.<\/p>\n<p>Bug\u00fcn \u2018i\u015f\u00e7i haklar\u0131\u2019 i\u00e7in m\u00fccadele edenlerin, daha bir ay \u00f6nce ellerinde be\u015f, alt\u0131 ki\u015filik isim listesi ile Cem Kotan\u2019a gidip de, \u201cBa\u015fkan, sen bu isimlere dokunma, biz de ses \u00e7\u0131karmayal\u0131m\u2019 dediklerini unutmayal\u0131m.\u00a0<\/p>\n<p>\u200bHaberin Al\u0131nt\u0131land\u0131\u011f\u0131 Kaynak: www.antalyakorfez.com<\/p>","protected":false},"excerpt":{"rendered":"<p>Sonunda beklenen oldu ve Konyaalti Belediyesi\u2019nde, ge\u00e7mi\u015f d\u00f6nemin sonunda i\u015fe ba\u015flayan 67 ki\u015finin i\u015fine son verildi. Konu ile ilgili olarak, tart\u0131\u015fmalar ilk ba\u015flad\u0131\u011f\u0131nda Ba\u015fkan Cem Kotan olduk\u00e7a ele\u015ftirilmi\u015fti. Bu ele\u015ftiriler de \u00f6nemli \u00f6l\u00e7\u00fcde hakl\u0131yd\u0131. Zira Cem Kotan, sadece i\u015ften \u00e7\u0131karmalar de\u011fil, genel olarak belediyenin \u00e7al\u0131\u015fma bar\u0131\u015f\u0131 konusunda \u00e7ok da ba\u015far\u0131l\u0131 bir s\u0131nav verememi\u015fti. Son olarak da, d\u00fcn g\u00f6revlerine son verilen 67 ki\u015fi tuzu biberi oldu. Cem Kotan bu konuda savunmas\u0131n\u0131 da d\u00fcn yapt\u0131 ve \u2018hukuki zorunluluk\u2019 oldu\u011funu s\u00f6yleyerek, Say\u0131\u015ftay raporlar\u0131na g\u00f6nderme yapt\u0131. E\u011fer bu eylemi yerine getirmezse hem belediyenin hem de kendisinin zor duruma d\u00fc\u015fece\u011fini savundu. Fakat bu uygulamada ba\u015fka bir sorun var. Bug\u00fcn usuls\u00fcz oldu\u011fu iddia edilen y\u00f6ntem, sadece Konyaalt\u0131 Belediyesi\u2019nin tasarrufu de\u011fil. Parti fark\u0131 g\u00f6zetmeksizin b\u00fct\u00fcn belediyelerde uygulanan bir y\u00f6ntem. Do\u011frusu, yanl\u0131\u015f\u0131 farkl\u0131 bir tart\u0131\u015fma. Benzer uygulama, Konyaalt\u0131 Belediyesi ile e\u015f zamanl\u0131 di\u011fer belediyelerde de yap\u0131ld\u0131. Bu durumda oralarda ise ba\u015flayanlar\u0131n durumu ne olacak? Bu olay\u0131n \u015fu anda dikkat \u00e7ekmeyen taraf\u0131. Ama ya Konyaalt\u0131 Belediyesi emsal olursa? Konyaalt\u0131 Belediyesi Ba\u015fkan\u0131 Cem Kotan konu ile ilgili yeterince ele\u015ftirildi. Hala ayn\u0131 c\u00fcmlelerin \u00fczerinde tepinmenin bir anlam\u0131 yok. Bu nedenle di\u011fer akt\u00f6rler bakal\u0131m. \u00d6rne\u011fin Semih Esen. D\u00fcn, belediye \u00f6n\u00fcnde eylem yapan ve \u00e7ad\u0131r kuran i\u015f\u00e7ilere destek ziyaretine gitti. Semih Esen\u2019e sormak &hellip;<\/p>","protected":false},"author":5,"featured_media":0,"comment_status":"","ping_status":"open","sticky":false,"template":"","format":"standard","meta":{"_acf_changed":false,"footnotes":""},"categories":[24],"tags":[],"class_list":["post-96176","post","type-post","status-publish","format-standard","has-post-thumbnail","hentry","category-gundem"],"acf":[],"yoast_head":"<!-- This site is optimized with the Yoast SEO Premium plugin v26.6 (Yoast SEO v27.1.1) - https:\/\/yoast.com\/product\/yoast-seo-premium-wordpress\/ -->\n<title>Yine Konyaalt\u0131! - Av. Deniz Can K\u0131z\u0131l<\/title>\n<meta name=\"robots\" content=\"index, follow, max-snippet:-1, max-image-preview:large, max-video-preview:-1\" \/>\n<link rel=\"canonical\" href=\"https:\/\/denizcankizil.tr\/ru\/haberler\/gundem\/yine-konyaalti\/\" \/>\n<meta property=\"og:locale\" content=\"ru_RU\" \/>\n<meta property=\"og:type\" content=\"article\" \/>\n<meta property=\"og:title\" content=\"Yine Konyaalt\u0131!\" \/>\n<meta property=\"og:description\" content=\"Sonunda beklenen oldu ve Konyaalti Belediyesi\u2019nde, ge\u00e7mi\u015f d\u00f6nemin sonunda i\u015fe ba\u015flayan 67 ki\u015finin i\u015fine son verildi. Konu ile ilgili olarak, tart\u0131\u015fmalar ilk ba\u015flad\u0131\u011f\u0131nda Ba\u015fkan Cem Kotan olduk\u00e7a ele\u015ftirilmi\u015fti. Bu ele\u015ftiriler de \u00f6nemli \u00f6l\u00e7\u00fcde hakl\u0131yd\u0131. Zira Cem Kotan, sadece i\u015ften \u00e7\u0131karmalar de\u011fil, genel olarak belediyenin \u00e7al\u0131\u015fma bar\u0131\u015f\u0131 konusunda \u00e7ok da ba\u015far\u0131l\u0131 bir s\u0131nav verememi\u015fti. Son olarak da, d\u00fcn g\u00f6revlerine son verilen 67 ki\u015fi tuzu biberi oldu. Cem Kotan bu konuda savunmas\u0131n\u0131 da d\u00fcn yapt\u0131 ve \u2018hukuki zorunluluk\u2019 oldu\u011funu s\u00f6yleyerek, Say\u0131\u015ftay raporlar\u0131na g\u00f6nderme yapt\u0131. E\u011fer bu eylemi yerine getirmezse hem belediyenin hem de kendisinin zor duruma d\u00fc\u015fece\u011fini savundu. Fakat bu uygulamada ba\u015fka bir sorun var. Bug\u00fcn usuls\u00fcz oldu\u011fu iddia edilen y\u00f6ntem, sadece Konyaalt\u0131 Belediyesi\u2019nin tasarrufu de\u011fil. Parti fark\u0131 g\u00f6zetmeksizin b\u00fct\u00fcn belediyelerde uygulanan bir y\u00f6ntem. Do\u011frusu, yanl\u0131\u015f\u0131 farkl\u0131 bir tart\u0131\u015fma. Benzer uygulama, Konyaalt\u0131 Belediyesi ile e\u015f zamanl\u0131 di\u011fer belediyelerde de yap\u0131ld\u0131. Bu durumda oralarda ise ba\u015flayanlar\u0131n durumu ne olacak? Bu olay\u0131n \u015fu anda dikkat \u00e7ekmeyen taraf\u0131. Ama ya Konyaalt\u0131 Belediyesi emsal olursa? Konyaalt\u0131 Belediyesi Ba\u015fkan\u0131 Cem Kotan konu ile ilgili yeterince ele\u015ftirildi. Hala ayn\u0131 c\u00fcmlelerin \u00fczerinde tepinmenin bir anlam\u0131 yok. Bu nedenle di\u011fer akt\u00f6rler bakal\u0131m. \u00d6rne\u011fin Semih Esen. D\u00fcn, belediye \u00f6n\u00fcnde eylem yapan ve \u00e7ad\u0131r kuran i\u015f\u00e7ilere destek ziyaretine gitti. Semih Esen\u2019e sormak &hellip;\" \/>\n<meta property=\"og:url\" content=\"https:\/\/denizcankizil.tr\/ru\/haberler\/gundem\/yine-konyaalti\/\" \/>\n<meta property=\"og:site_name\" content=\"Av. Deniz Can K\u0131z\u0131l\" \/>\n<meta property=\"article:published_time\" content=\"2025-05-25T07:41:18+00:00\" \/>\n<meta name=\"author\" content=\"Antalya K\u00f6rfez\" \/>\n<meta name=\"twitter:card\" content=\"summary_large_image\" \/>\n<meta name=\"twitter:label1\" content=\"\u041d\u0430\u043f\u0438\u0441\u0430\u043d\u043e \u0430\u0432\u0442\u043e\u0440\u043e\u043c\" \/>\n\t<meta name=\"twitter:data1\" content=\"Antalya K\u00f6rfez\" \/>\n\t<meta name=\"twitter:label2\" content=\"\u041f\u0440\u0438\u043c\u0435\u0440\u043d\u043e\u0435 \u0432\u0440\u0435\u043c\u044f \u0434\u043b\u044f \u0447\u0442\u0435\u043d\u0438\u044f\" \/>\n\t<meta name=\"twitter:data2\" content=\"4 \u043c\u0438\u043d\u0443\u0442\u044b\" \/>\n<script type=\"application\/ld+json\" class=\"yoast-schema-graph\">{\"@context\":\"https:\/\/schema.org\",\"@graph\":[{\"@type\":\"Article\",\"@id\":\"https:\/\/denizcankizil.tr\/ru\/haberler\/gundem\/yine-konyaalti\/#article\",\"isPartOf\":{\"@id\":\"https:\/\/denizcankizil.tr\/ru\/haberler\/gundem\/yine-konyaalti\/\"},\"author\":{\"name\":\"Antalya K\u00f6rfez\",\"@id\":\"https:\/\/denizcankizil.tr\/de\/#\/schema\/person\/e1eb71bb4dd684d46563f0af307e1234\"},\"headline\":\"Yine Konyaalt\u0131!\",\"datePublished\":\"2025-05-25T07:41:18+00:00\",\"mainEntityOfPage\":{\"@id\":\"https:\/\/denizcankizil.tr\/ru\/haberler\/gundem\/yine-konyaalti\/\"},\"wordCount\":786,\"publisher\":{\"@id\":\"https:\/\/denizcankizil.tr\/de\/#organization\"},\"articleSection\":[\"G\u00fcndem\"],\"inLanguage\":\"ru-RU\"},{\"@type\":\"WebPage\",\"@id\":\"https:\/\/denizcankizil.tr\/ru\/haberler\/gundem\/yine-konyaalti\/\",\"url\":\"https:\/\/denizcankizil.tr\/ru\/haberler\/gundem\/yine-konyaalti\/\",\"name\":\"Yine Konyaalt\u0131! - Av. Deniz Can K\u0131z\u0131l\",\"isPartOf\":{\"@id\":\"https:\/\/denizcankizil.tr\/de\/#website\"},\"datePublished\":\"2025-05-25T07:41:18+00:00\",\"breadcrumb\":{\"@id\":\"https:\/\/denizcankizil.tr\/ru\/haberler\/gundem\/yine-konyaalti\/#breadcrumb\"},\"inLanguage\":\"ru-RU\",\"potentialAction\":[{\"@type\":\"ReadAction\",\"target\":[\"https:\/\/denizcankizil.tr\/ru\/haberler\/gundem\/yine-konyaalti\/\"]}]},{\"@type\":\"BreadcrumbList\",\"@id\":\"https:\/\/denizcankizil.tr\/ru\/haberler\/gundem\/yine-konyaalti\/#breadcrumb\",\"itemListElement\":[{\"@type\":\"ListItem\",\"position\":1,\"name\":\"Home\",\"item\":\"https:\/\/denizcankizil.tr\/de\/\"},{\"@type\":\"ListItem\",\"position\":2,\"name\":\"Yine Konyaalt\u0131!\"}]},{\"@type\":\"WebSite\",\"@id\":\"https:\/\/denizcankizil.tr\/de\/#website\",\"url\":\"https:\/\/denizcankizil.tr\/de\/\",\"name\":\"Av. Deniz Can K\u0131z\u0131l\",\"description\":\"Avukat Deniz Can K\u0131z\u0131l Antalya Barosu\",\"publisher\":{\"@id\":\"https:\/\/denizcankizil.tr\/de\/#organization\"},\"potentialAction\":[{\"@type\":\"SearchAction\",\"target\":{\"@type\":\"EntryPoint\",\"urlTemplate\":\"https:\/\/denizcankizil.tr\/de\/?s={search_term_string}\"},\"query-input\":{\"@type\":\"PropertyValueSpecification\",\"valueRequired\":true,\"valueName\":\"search_term_string\"}}],\"inLanguage\":\"ru-RU\"},{\"@type\":\"Organization\",\"@id\":\"https:\/\/denizcankizil.tr\/de\/#organization\",\"name\":\"Av. Deniz Can K\u0131z\u0131l\",\"url\":\"https:\/\/denizcankizil.tr\/de\/\",\"logo\":{\"@type\":\"ImageObject\",\"inLanguage\":\"ru-RU\",\"@id\":\"https:\/\/denizcankizil.tr\/de\/#\/schema\/logo\/image\/\",\"url\":\"https:\/\/denizcankizil.tr\/wp-content\/uploads\/2024\/10\/siyah-logo-svg.svg\",\"contentUrl\":\"https:\/\/denizcankizil.tr\/wp-content\/uploads\/2024\/10\/siyah-logo-svg.svg\",\"width\":1080,\"height\":1080,\"caption\":\"Av. Deniz Can K\u0131z\u0131l\"},\"image\":{\"@id\":\"https:\/\/denizcankizil.tr\/de\/#\/schema\/logo\/image\/\"}},{\"@type\":\"Person\",\"@id\":\"https:\/\/denizcankizil.tr\/de\/#\/schema\/person\/e1eb71bb4dd684d46563f0af307e1234\",\"name\":\"Antalya K\u00f6rfez\",\"image\":{\"@type\":\"ImageObject\",\"inLanguage\":\"ru-RU\",\"@id\":\"https:\/\/denizcankizil.tr\/de\/#\/schema\/person\/image\/\",\"url\":\"https:\/\/secure.gravatar.com\/avatar\/42b01982558a48a0b501fdcab6a408d3717ea5919095ee2e67b0e521799c5905?s=96&d=mm&r=g\",\"contentUrl\":\"https:\/\/secure.gravatar.com\/avatar\/42b01982558a48a0b501fdcab6a408d3717ea5919095ee2e67b0e521799c5905?s=96&d=mm&r=g\",\"caption\":\"Antalya K\u00f6rfez\"},\"sameAs\":[\"http:\/\/www.antalyakorfez.com\"],\"url\":\"https:\/\/www.antalyakorfez.com\/yine-konyaalti\"}]}<\/script>\n<!-- \/ Yoast SEO Premium plugin. -->","yoast_head_json":{"title":"Yine Konyaalt\u0131! - Av. Deniz Can K\u0131z\u0131l","robots":{"index":"index","follow":"follow","max-snippet":"max-snippet:-1","max-image-preview":"max-image-preview:large","max-video-preview":"max-video-preview:-1"},"canonical":"https:\/\/denizcankizil.tr\/ru\/haberler\/gundem\/yine-konyaalti\/","og_locale":"ru_RU","og_type":"article","og_title":"Yine Konyaalt\u0131!","og_description":"Sonunda beklenen oldu ve Konyaalti Belediyesi\u2019nde, ge\u00e7mi\u015f d\u00f6nemin sonunda i\u015fe ba\u015flayan 67 ki\u015finin i\u015fine son verildi. Konu ile ilgili olarak, tart\u0131\u015fmalar ilk ba\u015flad\u0131\u011f\u0131nda Ba\u015fkan Cem Kotan olduk\u00e7a ele\u015ftirilmi\u015fti. Bu ele\u015ftiriler de \u00f6nemli \u00f6l\u00e7\u00fcde hakl\u0131yd\u0131. Zira Cem Kotan, sadece i\u015ften \u00e7\u0131karmalar de\u011fil, genel olarak belediyenin \u00e7al\u0131\u015fma bar\u0131\u015f\u0131 konusunda \u00e7ok da ba\u015far\u0131l\u0131 bir s\u0131nav verememi\u015fti. Son olarak da, d\u00fcn g\u00f6revlerine son verilen 67 ki\u015fi tuzu biberi oldu. Cem Kotan bu konuda savunmas\u0131n\u0131 da d\u00fcn yapt\u0131 ve \u2018hukuki zorunluluk\u2019 oldu\u011funu s\u00f6yleyerek, Say\u0131\u015ftay raporlar\u0131na g\u00f6nderme yapt\u0131. E\u011fer bu eylemi yerine getirmezse hem belediyenin hem de kendisinin zor duruma d\u00fc\u015fece\u011fini savundu. Fakat bu uygulamada ba\u015fka bir sorun var. Bug\u00fcn usuls\u00fcz oldu\u011fu iddia edilen y\u00f6ntem, sadece Konyaalt\u0131 Belediyesi\u2019nin tasarrufu de\u011fil. Parti fark\u0131 g\u00f6zetmeksizin b\u00fct\u00fcn belediyelerde uygulanan bir y\u00f6ntem. Do\u011frusu, yanl\u0131\u015f\u0131 farkl\u0131 bir tart\u0131\u015fma. Benzer uygulama, Konyaalt\u0131 Belediyesi ile e\u015f zamanl\u0131 di\u011fer belediyelerde de yap\u0131ld\u0131. Bu durumda oralarda ise ba\u015flayanlar\u0131n durumu ne olacak? Bu olay\u0131n \u015fu anda dikkat \u00e7ekmeyen taraf\u0131. Ama ya Konyaalt\u0131 Belediyesi emsal olursa? Konyaalt\u0131 Belediyesi Ba\u015fkan\u0131 Cem Kotan konu ile ilgili yeterince ele\u015ftirildi. Hala ayn\u0131 c\u00fcmlelerin \u00fczerinde tepinmenin bir anlam\u0131 yok. Bu nedenle di\u011fer akt\u00f6rler bakal\u0131m. \u00d6rne\u011fin Semih Esen. D\u00fcn, belediye \u00f6n\u00fcnde eylem yapan ve \u00e7ad\u0131r kuran i\u015f\u00e7ilere destek ziyaretine gitti. Semih Esen\u2019e sormak &hellip;","og_url":"https:\/\/denizcankizil.tr\/ru\/haberler\/gundem\/yine-konyaalti\/","og_site_name":"Av. Deniz Can K\u0131z\u0131l","article_published_time":"2025-05-25T07:41:18+00:00","author":"Antalya K\u00f6rfez","twitter_card":"summary_large_image","twitter_misc":{"\u041d\u0430\u043f\u0438\u0441\u0430\u043d\u043e \u0430\u0432\u0442\u043e\u0440\u043e\u043c":"Antalya K\u00f6rfez","\u041f\u0440\u0438\u043c\u0435\u0440\u043d\u043e\u0435 \u0432\u0440\u0435\u043c\u044f \u0434\u043b\u044f \u0447\u0442\u0435\u043d\u0438\u044f":"4 \u043c\u0438\u043d\u0443\u0442\u044b"},"schema":{"@context":"https:\/\/schema.org","@graph":[{"@type":"Article","@id":"https:\/\/denizcankizil.tr\/ru\/haberler\/gundem\/yine-konyaalti\/#article","isPartOf":{"@id":"https:\/\/denizcankizil.tr\/ru\/haberler\/gundem\/yine-konyaalti\/"},"author":{"name":"Antalya K\u00f6rfez","@id":"https:\/\/denizcankizil.tr\/de\/#\/schema\/person\/e1eb71bb4dd684d46563f0af307e1234"},"headline":"Yine Konyaalt\u0131!","datePublished":"2025-05-25T07:41:18+00:00","mainEntityOfPage":{"@id":"https:\/\/denizcankizil.tr\/ru\/haberler\/gundem\/yine-konyaalti\/"},"wordCount":786,"publisher":{"@id":"https:\/\/denizcankizil.tr\/de\/#organization"},"articleSection":["G\u00fcndem"],"inLanguage":"ru-RU"},{"@type":"WebPage","@id":"https:\/\/denizcankizil.tr\/ru\/haberler\/gundem\/yine-konyaalti\/","url":"https:\/\/denizcankizil.tr\/ru\/haberler\/gundem\/yine-konyaalti\/","name":"Yine Konyaalt\u0131! - Av. Deniz Can K\u0131z\u0131l","isPartOf":{"@id":"https:\/\/denizcankizil.tr\/de\/#website"},"datePublished":"2025-05-25T07:41:18+00:00","breadcrumb":{"@id":"https:\/\/denizcankizil.tr\/ru\/haberler\/gundem\/yine-konyaalti\/#breadcrumb"},"inLanguage":"ru-RU","potentialAction":[{"@type":"ReadAction","target":["https:\/\/denizcankizil.tr\/ru\/haberler\/gundem\/yine-konyaalti\/"]}]},{"@type":"BreadcrumbList","@id":"https:\/\/denizcankizil.tr\/ru\/haberler\/gundem\/yine-konyaalti\/#breadcrumb","itemListElement":[{"@type":"ListItem","position":1,"name":"Home","item":"https:\/\/denizcankizil.tr\/de\/"},{"@type":"ListItem","position":2,"name":"Yine Konyaalt\u0131!"}]},{"@type":"WebSite","@id":"https:\/\/denizcankizil.tr\/de\/#website","url":"https:\/\/denizcankizil.tr\/de\/","name":"Av. Deniz Can K\u0131z\u0131l","description":"Avukat Deniz Can K\u0131z\u0131l Antalya Barosu","publisher":{"@id":"https:\/\/denizcankizil.tr\/de\/#organization"},"potentialAction":[{"@type":"SearchAction","target":{"@type":"EntryPoint","urlTemplate":"https:\/\/denizcankizil.tr\/de\/?s={search_term_string}"},"query-input":{"@type":"PropertyValueSpecification","valueRequired":true,"valueName":"search_term_string"}}],"inLanguage":"ru-RU"},{"@type":"Organization","@id":"https:\/\/denizcankizil.tr\/de\/#organization","name":"Av. Deniz Can K\u0131z\u0131l","url":"https:\/\/denizcankizil.tr\/de\/","logo":{"@type":"ImageObject","inLanguage":"ru-RU","@id":"https:\/\/denizcankizil.tr\/de\/#\/schema\/logo\/image\/","url":"https:\/\/denizcankizil.tr\/wp-content\/uploads\/2024\/10\/siyah-logo-svg.svg","contentUrl":"https:\/\/denizcankizil.tr\/wp-content\/uploads\/2024\/10\/siyah-logo-svg.svg","width":1080,"height":1080,"caption":"Av. Deniz Can K\u0131z\u0131l"},"image":{"@id":"https:\/\/denizcankizil.tr\/de\/#\/schema\/logo\/image\/"}},{"@type":"Person","@id":"https:\/\/denizcankizil.tr\/de\/#\/schema\/person\/e1eb71bb4dd684d46563f0af307e1234","name":"Antalya K\u00f6rfez","image":{"@type":"ImageObject","inLanguage":"ru-RU","@id":"https:\/\/denizcankizil.tr\/de\/#\/schema\/person\/image\/","url":"https:\/\/secure.gravatar.com\/avatar\/42b01982558a48a0b501fdcab6a408d3717ea5919095ee2e67b0e521799c5905?s=96&d=mm&r=g","contentUrl":"https:\/\/secure.gravatar.com\/avatar\/42b01982558a48a0b501fdcab6a408d3717ea5919095ee2e67b0e521799c5905?s=96&d=mm&r=g","caption":"Antalya K\u00f6rfez"},"sameAs":["http:\/\/www.antalyakorfez.com"],"url":"https:\/\/www.antalyakorfez.com\/yine-konyaalti"}]}},"_links":{"self":[{"href":"https:\/\/denizcankizil.tr\/ru\/wp-json\/wp\/v2\/posts\/96176","targetHints":{"allow":["GET"]}}],"collection":[{"href":"https:\/\/denizcankizil.tr\/ru\/wp-json\/wp\/v2\/posts"}],"about":[{"href":"https:\/\/denizcankizil.tr\/ru\/wp-json\/wp\/v2\/types\/post"}],"author":[{"embeddable":true,"href":"https:\/\/denizcankizil.tr\/ru\/wp-json\/wp\/v2\/users\/5"}],"replies":[{"embeddable":true,"href":"https:\/\/denizcankizil.tr\/ru\/wp-json\/wp\/v2\/comments?post=96176"}],"version-history":[{"count":0,"href":"https:\/\/denizcankizil.tr\/ru\/wp-json\/wp\/v2\/posts\/96176\/revisions"}],"wp:attachment":[{"href":"https:\/\/denizcankizil.tr\/ru\/wp-json\/wp\/v2\/media?parent=96176"}],"wp:term":[{"taxonomy":"category","embeddable":true,"href":"https:\/\/denizcankizil.tr\/ru\/wp-json\/wp\/v2\/categories?post=96176"},{"taxonomy":"post_tag","embeddable":true,"href":"https:\/\/denizcankizil.tr\/ru\/wp-json\/wp\/v2\/tags?post=96176"}],"curies":[{"name":"wp","href":"https:\/\/api.w.org\/{rel}","templated":true}]}}