{"id":95822,"date":"2025-05-24T23:33:30","date_gmt":"2025-05-24T20:33:30","guid":{"rendered":"https:\/\/denizcankizil.tr\/uncategorized-tr\/hatay-da-3-3-siddetinde-deprem\/"},"modified":"2025-05-24T23:33:30","modified_gmt":"2025-05-24T20:33:30","slug":"hatay-da-3-3-siddetinde-deprem","status":"publish","type":"post","link":"https:\/\/denizcankizil.tr\/ru\/haberler\/gundem\/hatay-da-3-3-siddetinde-deprem\/","title":{"rendered":"Hatay da 3.3 \u015fiddetinde deprem"},"content":{"rendered":"<p>Hatay\u2019\u0131n Antakya il\u00e7esine ba\u011fl\u0131 Karl\u0131su Mahallesi merkezli\u00a0 saat 22.21 de 3.3 \u015fiddetinde deprem meydana geldi.<br \/>\nDeprem merkez Antakya il\u00e7esinin yan\u0131 s\u0131ra \u00e7evre il\u00e7elerde de hissedildi. Yerin 4 km derinli\u011finde meydana gelen depremde can veya mal kayb\u0131 ya\u015fanmazken baz\u0131 vatanda\u015flar kendilerini soka\u011fa att\u0131.<br \/>\nIKI DEPREMDE RAYHANLI DA<\/p>\n<p>Reyhanl\u0131 il\u00e7esinin Konuk ve Ku\u015fakli merkezlerinde bi dakika aral\u0131klarla 22.23 de 2.0 \u015fiddetine yak\u0131n salland\u0131\u00a0<\/p>\n<p>\u200bHatay\u2019\u0131n Antakya il\u00e7esine ba\u011fl\u0131 Karl\u0131su Mahallesi merkezli\u00a0 saat 22.21 de 3.3 \u015fiddetinde deprem meydana geldi.<br \/>\nDeprem merkez Antakya il\u00e7esinin yan\u0131 s\u0131ra \u00e7evre il\u00e7elerde de hissedildi. Yerin 4 km derinli\u011finde meydana gelen depremde can veya mal kayb\u0131 ya\u015fanmazken baz\u0131 vatanda\u015flar kendilerini soka\u011fa att\u0131.<br \/>\nIKI DEPREMDE RAYHANLI DA<\/p>\n<p>Reyhanl\u0131 il\u00e7esinin Konuk ve Ku\u015fakli merkezlerinde bi dakika aral\u0131klarla 22.23 de 2.0 \u015fiddetine yak\u0131n salland\u0131\u00a0\u00a0<\/p>\n<p>\u200bHaberin Al\u0131nt\u0131land\u0131\u011f\u0131 Kaynak: www.iskenderun.org<\/p>","protected":false},"excerpt":{"rendered":"<p>Hatay\u2019\u0131n Antakya il\u00e7esine ba\u011fl\u0131 Karl\u0131su Mahallesi merkezli\u00a0 saat 22.21 de 3.3 \u015fiddetinde deprem meydana geldi. Deprem merkez Antakya il\u00e7esinin yan\u0131 s\u0131ra \u00e7evre il\u00e7elerde de hissedildi. Yerin 4 km derinli\u011finde meydana gelen depremde can veya mal kayb\u0131 ya\u015fanmazken baz\u0131 vatanda\u015flar kendilerini soka\u011fa att\u0131. IKI DEPREMDE RAYHANLI DA Reyhanl\u0131 il\u00e7esinin Konuk ve Ku\u015fakli merkezlerinde bi dakika aral\u0131klarla 22.23 de 2.0 \u015fiddetine yak\u0131n salland\u0131\u00a0 \u200bHatay\u2019\u0131n Antakya il\u00e7esine ba\u011fl\u0131 Karl\u0131su Mahallesi merkezli\u00a0 saat 22.21 de 3.3 \u015fiddetinde deprem meydana geldi. Deprem merkez Antakya il\u00e7esinin yan\u0131 s\u0131ra \u00e7evre il\u00e7elerde de hissedildi. Yerin 4 km derinli\u011finde meydana gelen depremde can veya mal kayb\u0131 ya\u015fanmazken baz\u0131 vatanda\u015flar kendilerini soka\u011fa att\u0131. IKI DEPREMDE RAYHANLI DA Reyhanl\u0131 il\u00e7esinin Konuk ve Ku\u015fakli merkezlerinde bi dakika aral\u0131klarla 22.23 de 2.0 \u015fiddetine yak\u0131n salland\u0131\u00a0\u00a0 \u200bHaberin Al\u0131nt\u0131land\u0131\u011f\u0131 Kaynak: www.iskenderun.org<\/p>","protected":false},"author":1,"featured_media":0,"comment_status":"","ping_status":"open","sticky":false,"template":"","format":"standard","meta":{"_acf_changed":false,"footnotes":""},"categories":[24],"tags":[],"class_list":["post-95822","post","type-post","status-publish","format-standard","has-post-thumbnail","hentry","category-gundem"],"acf":[],"yoast_head":"<!-- This site is optimized with the Yoast SEO Premium plugin v26.6 (Yoast SEO v27.1.1) - https:\/\/yoast.com\/product\/yoast-seo-premium-wordpress\/ -->\n<title>Hatay da 3.3 \u015fiddetinde deprem - Av. Deniz Can K\u0131z\u0131l<\/title>\n<meta name=\"robots\" content=\"index, follow, max-snippet:-1, max-image-preview:large, max-video-preview:-1\" \/>\n<link rel=\"canonical\" href=\"http:\/\/denizcankizil.tr\/ru\/haberler\/gundem\/hatay-da-3-3-siddetinde-deprem\/\" \/>\n<meta property=\"og:locale\" content=\"ru_RU\" \/>\n<meta property=\"og:type\" content=\"article\" \/>\n<meta property=\"og:title\" content=\"Hatay da 3.3 \u015fiddetinde deprem\" \/>\n<meta property=\"og:description\" content=\"Hatay\u2019\u0131n Antakya il\u00e7esine ba\u011fl\u0131 Karl\u0131su Mahallesi merkezli\u00a0 saat 22.21 de 3.3 \u015fiddetinde deprem meydana geldi. Deprem merkez Antakya il\u00e7esinin yan\u0131 s\u0131ra \u00e7evre il\u00e7elerde de hissedildi. Yerin 4 km derinli\u011finde meydana gelen depremde can veya mal kayb\u0131 ya\u015fanmazken baz\u0131 vatanda\u015flar kendilerini soka\u011fa att\u0131. IKI DEPREMDE RAYHANLI DA Reyhanl\u0131 il\u00e7esinin Konuk ve Ku\u015fakli merkezlerinde bi dakika aral\u0131klarla 22.23 de 2.0 \u015fiddetine yak\u0131n salland\u0131\u00a0 \u200bHatay\u2019\u0131n Antakya il\u00e7esine ba\u011fl\u0131 Karl\u0131su Mahallesi merkezli\u00a0 saat 22.21 de 3.3 \u015fiddetinde deprem meydana geldi. Deprem merkez Antakya il\u00e7esinin yan\u0131 s\u0131ra \u00e7evre il\u00e7elerde de hissedildi. Yerin 4 km derinli\u011finde meydana gelen depremde can veya mal kayb\u0131 ya\u015fanmazken baz\u0131 vatanda\u015flar kendilerini soka\u011fa att\u0131. IKI DEPREMDE RAYHANLI DA Reyhanl\u0131 il\u00e7esinin Konuk ve Ku\u015fakli merkezlerinde bi dakika aral\u0131klarla 22.23 de 2.0 \u015fiddetine yak\u0131n salland\u0131\u00a0\u00a0 \u200bHaberin Al\u0131nt\u0131land\u0131\u011f\u0131 Kaynak: www.iskenderun.org\" \/>\n<meta property=\"og:url\" content=\"http:\/\/denizcankizil.tr\/ru\/haberler\/gundem\/hatay-da-3-3-siddetinde-deprem\/\" \/>\n<meta property=\"og:site_name\" content=\"Av. Deniz Can K\u0131z\u0131l\" \/>\n<meta property=\"article:published_time\" content=\"2025-05-24T20:33:30+00:00\" \/>\n<meta name=\"author\" content=\"admin\" \/>\n<meta name=\"twitter:card\" content=\"summary_large_image\" \/>\n<meta name=\"twitter:label1\" content=\"\u041d\u0430\u043f\u0438\u0441\u0430\u043d\u043e \u0430\u0432\u0442\u043e\u0440\u043e\u043c\" \/>\n\t<meta name=\"twitter:data1\" content=\"admin\" \/>\n\t<meta name=\"twitter:label2\" content=\"\u041f\u0440\u0438\u043c\u0435\u0440\u043d\u043e\u0435 \u0432\u0440\u0435\u043c\u044f \u0434\u043b\u044f \u0447\u0442\u0435\u043d\u0438\u044f\" \/>\n\t<meta name=\"twitter:data2\" content=\"1 \u043c\u0438\u043d\u0443\u0442\u0430\" \/>\n<script type=\"application\/ld+json\" class=\"yoast-schema-graph\">{\"@context\":\"https:\/\/schema.org\",\"@graph\":[{\"@type\":\"Article\",\"@id\":\"http:\/\/denizcankizil.tr\/en\/haberler\/gundem\/hatay-da-3-3-siddetinde-deprem\/#article\",\"isPartOf\":{\"@id\":\"http:\/\/denizcankizil.tr\/en\/haberler\/gundem\/hatay-da-3-3-siddetinde-deprem\/\"},\"author\":{\"name\":\"admin\",\"@id\":\"https:\/\/denizcankizil.tr\/de\/#\/schema\/person\/be3c05fe6a12686905512445d8185489\"},\"headline\":\"Hatay da 3.3 \u015fiddetinde deprem\",\"datePublished\":\"2025-05-24T20:33:30+00:00\",\"mainEntityOfPage\":{\"@id\":\"http:\/\/denizcankizil.tr\/en\/haberler\/gundem\/hatay-da-3-3-siddetinde-deprem\/\"},\"wordCount\":154,\"publisher\":{\"@id\":\"https:\/\/denizcankizil.tr\/de\/#organization\"},\"articleSection\":[\"G\u00fcndem\"],\"inLanguage\":\"ru-RU\"},{\"@type\":\"WebPage\",\"@id\":\"http:\/\/denizcankizil.tr\/en\/haberler\/gundem\/hatay-da-3-3-siddetinde-deprem\/\",\"url\":\"http:\/\/denizcankizil.tr\/en\/haberler\/gundem\/hatay-da-3-3-siddetinde-deprem\/\",\"name\":\"Hatay da 3.3 \u015fiddetinde deprem - Av. Deniz Can K\u0131z\u0131l\",\"isPartOf\":{\"@id\":\"https:\/\/denizcankizil.tr\/de\/#website\"},\"datePublished\":\"2025-05-24T20:33:30+00:00\",\"breadcrumb\":{\"@id\":\"http:\/\/denizcankizil.tr\/en\/haberler\/gundem\/hatay-da-3-3-siddetinde-deprem\/#breadcrumb\"},\"inLanguage\":\"ru-RU\",\"potentialAction\":[{\"@type\":\"ReadAction\",\"target\":[\"http:\/\/denizcankizil.tr\/en\/haberler\/gundem\/hatay-da-3-3-siddetinde-deprem\/\"]}]},{\"@type\":\"BreadcrumbList\",\"@id\":\"http:\/\/denizcankizil.tr\/en\/haberler\/gundem\/hatay-da-3-3-siddetinde-deprem\/#breadcrumb\",\"itemListElement\":[{\"@type\":\"ListItem\",\"position\":1,\"name\":\"Home\",\"item\":\"https:\/\/denizcankizil.tr\/de\/\"},{\"@type\":\"ListItem\",\"position\":2,\"name\":\"Hatay da 3.3 \u015fiddetinde deprem\"}]},{\"@type\":\"WebSite\",\"@id\":\"https:\/\/denizcankizil.tr\/de\/#website\",\"url\":\"https:\/\/denizcankizil.tr\/de\/\",\"name\":\"Av. Deniz Can K\u0131z\u0131l\",\"description\":\"Avukat Deniz Can K\u0131z\u0131l Antalya Barosu\",\"publisher\":{\"@id\":\"https:\/\/denizcankizil.tr\/de\/#organization\"},\"potentialAction\":[{\"@type\":\"SearchAction\",\"target\":{\"@type\":\"EntryPoint\",\"urlTemplate\":\"https:\/\/denizcankizil.tr\/de\/?s={search_term_string}\"},\"query-input\":{\"@type\":\"PropertyValueSpecification\",\"valueRequired\":true,\"valueName\":\"search_term_string\"}}],\"inLanguage\":\"ru-RU\"},{\"@type\":\"Organization\",\"@id\":\"https:\/\/denizcankizil.tr\/de\/#organization\",\"name\":\"Av. Deniz Can K\u0131z\u0131l\",\"url\":\"https:\/\/denizcankizil.tr\/de\/\",\"logo\":{\"@type\":\"ImageObject\",\"inLanguage\":\"ru-RU\",\"@id\":\"https:\/\/denizcankizil.tr\/de\/#\/schema\/logo\/image\/\",\"url\":\"https:\/\/denizcankizil.tr\/wp-content\/uploads\/2024\/10\/siyah-logo-svg.svg\",\"contentUrl\":\"https:\/\/denizcankizil.tr\/wp-content\/uploads\/2024\/10\/siyah-logo-svg.svg\",\"width\":1080,\"height\":1080,\"caption\":\"Av. Deniz Can K\u0131z\u0131l\"},\"image\":{\"@id\":\"https:\/\/denizcankizil.tr\/de\/#\/schema\/logo\/image\/\"}},{\"@type\":\"Person\",\"@id\":\"https:\/\/denizcankizil.tr\/de\/#\/schema\/person\/be3c05fe6a12686905512445d8185489\",\"name\":\"admin\",\"image\":{\"@type\":\"ImageObject\",\"inLanguage\":\"ru-RU\",\"@id\":\"https:\/\/denizcankizil.tr\/de\/#\/schema\/person\/image\/\",\"url\":\"https:\/\/secure.gravatar.com\/avatar\/c1fce94c830dc79107e174f890d7210541c4a63e8e5d816341794a2151c9d58c?s=96&d=mm&r=g\",\"contentUrl\":\"https:\/\/secure.gravatar.com\/avatar\/c1fce94c830dc79107e174f890d7210541c4a63e8e5d816341794a2151c9d58c?s=96&d=mm&r=g\",\"caption\":\"admin\"},\"sameAs\":[\"http:\/\/denizcankizil.tr\"],\"url\":\"https:\/\/www.iskenderun.org\/hatay-da-33-siddetinde-deprem\"}]}<\/script>\n<!-- \/ Yoast SEO Premium plugin. -->","yoast_head_json":{"title":"Hatay da 3.3 \u015fiddetinde deprem - Av. Deniz Can K\u0131z\u0131l","robots":{"index":"index","follow":"follow","max-snippet":"max-snippet:-1","max-image-preview":"max-image-preview:large","max-video-preview":"max-video-preview:-1"},"canonical":"http:\/\/denizcankizil.tr\/ru\/haberler\/gundem\/hatay-da-3-3-siddetinde-deprem\/","og_locale":"ru_RU","og_type":"article","og_title":"Hatay da 3.3 \u015fiddetinde deprem","og_description":"Hatay\u2019\u0131n Antakya il\u00e7esine ba\u011fl\u0131 Karl\u0131su Mahallesi merkezli\u00a0 saat 22.21 de 3.3 \u015fiddetinde deprem meydana geldi. Deprem merkez Antakya il\u00e7esinin yan\u0131 s\u0131ra \u00e7evre il\u00e7elerde de hissedildi. Yerin 4 km derinli\u011finde meydana gelen depremde can veya mal kayb\u0131 ya\u015fanmazken baz\u0131 vatanda\u015flar kendilerini soka\u011fa att\u0131. IKI DEPREMDE RAYHANLI DA Reyhanl\u0131 il\u00e7esinin Konuk ve Ku\u015fakli merkezlerinde bi dakika aral\u0131klarla 22.23 de 2.0 \u015fiddetine yak\u0131n salland\u0131\u00a0 \u200bHatay\u2019\u0131n Antakya il\u00e7esine ba\u011fl\u0131 Karl\u0131su Mahallesi merkezli\u00a0 saat 22.21 de 3.3 \u015fiddetinde deprem meydana geldi. Deprem merkez Antakya il\u00e7esinin yan\u0131 s\u0131ra \u00e7evre il\u00e7elerde de hissedildi. Yerin 4 km derinli\u011finde meydana gelen depremde can veya mal kayb\u0131 ya\u015fanmazken baz\u0131 vatanda\u015flar kendilerini soka\u011fa att\u0131. IKI DEPREMDE RAYHANLI DA Reyhanl\u0131 il\u00e7esinin Konuk ve Ku\u015fakli merkezlerinde bi dakika aral\u0131klarla 22.23 de 2.0 \u015fiddetine yak\u0131n salland\u0131\u00a0\u00a0 \u200bHaberin Al\u0131nt\u0131land\u0131\u011f\u0131 Kaynak: www.iskenderun.org","og_url":"http:\/\/denizcankizil.tr\/ru\/haberler\/gundem\/hatay-da-3-3-siddetinde-deprem\/","og_site_name":"Av. Deniz Can K\u0131z\u0131l","article_published_time":"2025-05-24T20:33:30+00:00","author":"admin","twitter_card":"summary_large_image","twitter_misc":{"\u041d\u0430\u043f\u0438\u0441\u0430\u043d\u043e \u0430\u0432\u0442\u043e\u0440\u043e\u043c":"admin","\u041f\u0440\u0438\u043c\u0435\u0440\u043d\u043e\u0435 \u0432\u0440\u0435\u043c\u044f \u0434\u043b\u044f \u0447\u0442\u0435\u043d\u0438\u044f":"1 \u043c\u0438\u043d\u0443\u0442\u0430"},"schema":{"@context":"https:\/\/schema.org","@graph":[{"@type":"Article","@id":"http:\/\/denizcankizil.tr\/en\/haberler\/gundem\/hatay-da-3-3-siddetinde-deprem\/#article","isPartOf":{"@id":"http:\/\/denizcankizil.tr\/en\/haberler\/gundem\/hatay-da-3-3-siddetinde-deprem\/"},"author":{"name":"admin","@id":"https:\/\/denizcankizil.tr\/de\/#\/schema\/person\/be3c05fe6a12686905512445d8185489"},"headline":"Hatay da 3.3 \u015fiddetinde deprem","datePublished":"2025-05-24T20:33:30+00:00","mainEntityOfPage":{"@id":"http:\/\/denizcankizil.tr\/en\/haberler\/gundem\/hatay-da-3-3-siddetinde-deprem\/"},"wordCount":154,"publisher":{"@id":"https:\/\/denizcankizil.tr\/de\/#organization"},"articleSection":["G\u00fcndem"],"inLanguage":"ru-RU"},{"@type":"WebPage","@id":"http:\/\/denizcankizil.tr\/en\/haberler\/gundem\/hatay-da-3-3-siddetinde-deprem\/","url":"http:\/\/denizcankizil.tr\/en\/haberler\/gundem\/hatay-da-3-3-siddetinde-deprem\/","name":"Hatay da 3.3 \u015fiddetinde deprem - Av. Deniz Can K\u0131z\u0131l","isPartOf":{"@id":"https:\/\/denizcankizil.tr\/de\/#website"},"datePublished":"2025-05-24T20:33:30+00:00","breadcrumb":{"@id":"http:\/\/denizcankizil.tr\/en\/haberler\/gundem\/hatay-da-3-3-siddetinde-deprem\/#breadcrumb"},"inLanguage":"ru-RU","potentialAction":[{"@type":"ReadAction","target":["http:\/\/denizcankizil.tr\/en\/haberler\/gundem\/hatay-da-3-3-siddetinde-deprem\/"]}]},{"@type":"BreadcrumbList","@id":"http:\/\/denizcankizil.tr\/en\/haberler\/gundem\/hatay-da-3-3-siddetinde-deprem\/#breadcrumb","itemListElement":[{"@type":"ListItem","position":1,"name":"Home","item":"https:\/\/denizcankizil.tr\/de\/"},{"@type":"ListItem","position":2,"name":"Hatay da 3.3 \u015fiddetinde deprem"}]},{"@type":"WebSite","@id":"https:\/\/denizcankizil.tr\/de\/#website","url":"https:\/\/denizcankizil.tr\/de\/","name":"Av. Deniz Can K\u0131z\u0131l","description":"Avukat Deniz Can K\u0131z\u0131l Antalya Barosu","publisher":{"@id":"https:\/\/denizcankizil.tr\/de\/#organization"},"potentialAction":[{"@type":"SearchAction","target":{"@type":"EntryPoint","urlTemplate":"https:\/\/denizcankizil.tr\/de\/?s={search_term_string}"},"query-input":{"@type":"PropertyValueSpecification","valueRequired":true,"valueName":"search_term_string"}}],"inLanguage":"ru-RU"},{"@type":"Organization","@id":"https:\/\/denizcankizil.tr\/de\/#organization","name":"Av. Deniz Can K\u0131z\u0131l","url":"https:\/\/denizcankizil.tr\/de\/","logo":{"@type":"ImageObject","inLanguage":"ru-RU","@id":"https:\/\/denizcankizil.tr\/de\/#\/schema\/logo\/image\/","url":"https:\/\/denizcankizil.tr\/wp-content\/uploads\/2024\/10\/siyah-logo-svg.svg","contentUrl":"https:\/\/denizcankizil.tr\/wp-content\/uploads\/2024\/10\/siyah-logo-svg.svg","width":1080,"height":1080,"caption":"Av. Deniz Can K\u0131z\u0131l"},"image":{"@id":"https:\/\/denizcankizil.tr\/de\/#\/schema\/logo\/image\/"}},{"@type":"Person","@id":"https:\/\/denizcankizil.tr\/de\/#\/schema\/person\/be3c05fe6a12686905512445d8185489","name":"\u0430\u0434\u043c\u0438\u043d","image":{"@type":"ImageObject","inLanguage":"ru-RU","@id":"https:\/\/denizcankizil.tr\/de\/#\/schema\/person\/image\/","url":"https:\/\/secure.gravatar.com\/avatar\/c1fce94c830dc79107e174f890d7210541c4a63e8e5d816341794a2151c9d58c?s=96&d=mm&r=g","contentUrl":"https:\/\/secure.gravatar.com\/avatar\/c1fce94c830dc79107e174f890d7210541c4a63e8e5d816341794a2151c9d58c?s=96&d=mm&r=g","caption":"admin"},"sameAs":["http:\/\/denizcankizil.tr"],"url":"https:\/\/www.iskenderun.org\/hatay-da-33-siddetinde-deprem"}]}},"_links":{"self":[{"href":"https:\/\/denizcankizil.tr\/ru\/wp-json\/wp\/v2\/posts\/95822","targetHints":{"allow":["GET"]}}],"collection":[{"href":"https:\/\/denizcankizil.tr\/ru\/wp-json\/wp\/v2\/posts"}],"about":[{"href":"https:\/\/denizcankizil.tr\/ru\/wp-json\/wp\/v2\/types\/post"}],"author":[{"embeddable":true,"href":"https:\/\/denizcankizil.tr\/ru\/wp-json\/wp\/v2\/users\/1"}],"replies":[{"embeddable":true,"href":"https:\/\/denizcankizil.tr\/ru\/wp-json\/wp\/v2\/comments?post=95822"}],"version-history":[{"count":0,"href":"https:\/\/denizcankizil.tr\/ru\/wp-json\/wp\/v2\/posts\/95822\/revisions"}],"wp:attachment":[{"href":"https:\/\/denizcankizil.tr\/ru\/wp-json\/wp\/v2\/media?parent=95822"}],"wp:term":[{"taxonomy":"category","embeddable":true,"href":"https:\/\/denizcankizil.tr\/ru\/wp-json\/wp\/v2\/categories?post=95822"},{"taxonomy":"post_tag","embeddable":true,"href":"https:\/\/denizcankizil.tr\/ru\/wp-json\/wp\/v2\/tags?post=95822"}],"curies":[{"name":"wp","href":"https:\/\/api.w.org\/{rel}","templated":true}]}}